{"id":378,"date":"2005-03-15T16:09:59","date_gmt":"2005-03-15T15:09:59","guid":{"rendered":""},"modified":"2025-07-09T12:37:59","modified_gmt":"2025-07-09T10:37:59","slug":"la-sfida-culturale","status":"publish","type":"post","link":"https:\/\/www.rassegnastampa-totustuus.it\/cattolica\/la-sfida-culturale\/","title":{"rendered":"La Sfida Culturale"},"content":{"rendered":"\n<p class=\"has-text-align-center\">Articolo pubblicato su <strong><a href=\"https:\/\/www.secoloditalia.it\/\" target=\"_blank\" rel=\"noreferrer noopener\">Il Secolo d\u2019Italia<\/a><\/strong> del 31 gennaio 1999<\/p>\n\n\n\n<p class=\"has-text-align-center\"><em>Intervista con il Cardinale Poupard<\/em><\/p>\n\n\n\n<p class=\"has-text-align-center\">di <strong>Cristina Mandosi<\/strong><\/p>\n\n\n<div class=\"wp-block-image\">\n<figure class=\"aligncenter size-full is-resized\"><a href=\"https:\/\/www.rassegnastampa-totustuus.it\/cattolica\/wp-content\/uploads\/2005\/03\/Poupard.jpg\"><img loading=\"lazy\" decoding=\"async\" width=\"202\" height=\"250\" src=\"https:\/\/www.rassegnastampa-totustuus.it\/cattolica\/wp-content\/uploads\/2005\/03\/Poupard.jpg\" alt=\"\" class=\"wp-image-35663\" style=\"width:230px;height:auto\"\/><\/a><\/figure><\/div>\n\n\n<p>&nbsp;<\/p>\n\n\n\n<!--more-->\n\n\n\n<p>Il dialogo fede-cultura costituisce un importante impegno per la Chiesa, che, nel constatare come la \u201cnon credenza\u201d si diffonda attraverso la cultura, ha compreso come il grande problema da affrontare alla fine di questo secolo sia proprio di natura culturale. Ed \u00e8 alla luce di questa constatazione, gi\u00e0 ben individuata da Paolo VI quando affermava che la rottura \u201ctra Vangelo e cultura \u00e8 senza dubbio il dramma della nostra epoca\u201d, che Giovanni Paolo II volle costituire, poco dopo la sua elezione a pontefice, il Pontificio Consiglio per la Cultura e che, affidato alla sapiente guida del cardinale Poupard, sta svolgendo una interessante\u00a0 attivit\u00e0 di dialogo con la pluralit\u00e0 delle culture.<\/p>\n\n\n\n<p>E il cardinale Poupard, autore di pregevoli pubblicazioni e del quale \u00e8 imminente l\u2019uscita della nuova edizione del \u201cGrande dizionario delle Religioni\u201d, in questa intervista ci aiuta a comprendere il profondo rapporto tra la cultura e la fede e soprattutto le nuove problematiche alle quali la cristianit\u00e0 \u00e8 chiamata a rispondere.<\/p>\n\n\n\n<h4 class=\"wp-block-heading\"><strong>Eminenza, qual \u00e8 il rapporto tra fede e cultura?<\/strong><\/h4>\n\n\n\n<p>Il rapporto tra fede e cultura \u00e8 fondamentale e vitale. Se, infatti, la cultura \u00e8 ci\u00f2 per cui l\u2019uomo, in quanto tale, diventa maggiormente e pienamente uomo, ci\u00f2 che gli consente di vivere una esistenza pienamente umana, allora la fede, cio\u00e8 il riferimento e l\u2019apertura al Trascendente, al Dio che si rivela, non pu\u00f2 che essere parte essenziale della stessa cultura umana. Essa costituisce, infatti, una dimensione fondamentale dell\u2019essere umano, senza la quale l\u2019uomo sarebbe \u201cridotto\u201d ad un essere meno umano, meno completo.<\/p>\n\n\n\n<p>Una cultura umana in cui fosse cancellata o dimenticata l\u2019apertura fondamentale alla trascendenza diventerebbe una cultura poco umana, se non addirittura disumana. Il riferimento della cultura alla rivelazione di Dio sull\u2019uomo fonda e garantisce la dignit\u00e0 ed il valore assoluto della persona umana, creata a immagine e somiglianza dello stesso Creatore.<\/p>\n\n\n\n<p>Il mistero di Dio ed il mistero dell\u2019uomo sono strettamente e reciprocamente collegati. Il Papa Giovanni Paolo II, istituendo il Pontificio Consiglio della Cultura, che mi onoro di presiedere, ha scritto: \u201cla sintesi tra cultura e fede non \u00e8 solo una esigenza&nbsp; della cultura, ma anche della fede\u2026 Una fede che non diventa cultura \u00e8 una fede non pienamente accolta, non interamente pensata, non fedelmente vissuta\u201d.<\/p>\n\n\n\n<h4 class=\"wp-block-heading\"><strong>Quali sono a suo avviso gli ostacoli che incontrano i cattolici italiani per raggiungere una fede pi\u00f9 matura?<\/strong><\/h4>\n\n\n\n<p>Forse il retaggio di una tradizione millenaria che si \u00e8 continuamente intrecciata con la storia sociale e politica del Paese continua a pesare negativamente. La fede, poi, \u00e8 non poche volte vissuta pi\u00f9 come tradizione familiare e costume sociale che come scelta personale motivata e pensata. Anche le posizioni di indifferenza e di lontananza dalla fede sono motivate da ragioni, o pregiudizi, di natura storico-sociale che da valutazioni approfondite a livello personale.<\/p>\n\n\n\n<p>Sarebbe dunque necessario scrollarsi di dosso abitudini e pregiudizi per maturare convinzioni e motivazioni a partire da un impegno personale di ricerca e di attenta valutazione del messaggio evangelico. In questo senso diventa importante una crescita culturale perch\u00e9 ci sia un\u2019opera adeguata di informazione e di formazione sia dei singoli che delle comunit\u00e0. Sarebbe dunque auspicabile il moltiplicarsi di punti di incontro e di dialogo per superare queste antiche difficolt\u00e0 e confrontarsi a partire da una sincera volont\u00e0 di crescita e di comprensione. Anche la scuola potrebbe contribuire con i suoi specifici mezzi, a sviluppare questa capacit\u00e0 di dialogo e di confronto serio e sereno.<\/p>\n\n\n\n<h4 class=\"wp-block-heading\"><strong>Lei ritiene che il relativismo sia diventato il problema fondamentale della fede dei nostri tempi?<\/strong><\/h4>\n\n\n\n<p>E\u2019 certamente uno dei problemi, o delle sfide, con le quali confrontarsi. Dal relativismo, affermato in vari campi del sapere e dell\u2019esistenza, scaturiscono non pochi problemi, il primo tra tutti, ricordato dal Santo Padre nell\u2019ultima Enciclica, la <em>Fides et Ratio<\/em>, quello della mancanza di senso che sfocia nel nichilismo, cio\u00e8 nella fine della ricerca umana&nbsp; per la verit\u00e0.<\/p>\n\n\n\n<p>Se non c\u2019\u00e8 una verit\u00e0, o se ce ne sono tante quanti gli esseri umani&nbsp; qualsiasi ricerca, qualsiasi progetti umano, viene vanificato e reso senza senso, e l\u2019uomo si scopre assolutamente solo e isolato, rinchiuso nella sua inutile e insignificante verit\u00e0. L\u2019illusione di essere centro del mondo, artefici assoluti della vita e della verit\u00e0, non pu\u00f2 che rivelarsi fasulla e pericolosa per gli esiti a cui conduce l\u2019uomo stesso, i cui legami fondamentali sono cos\u00ec destinati ad essere recisi&nbsp; o trasformati in continuo terreno di scontro.<\/p>\n\n\n\n<p>Il relativismo, infatti, pu\u00f2 spingere in due direzioni opposte: o la solitudine delle persone, rese insignificanti ed inutili, o lo scontro che nasce dall\u2019intolleranza per le tante proposte, per le troppe pretese verit\u00e0 che si fronteggiano.<\/p>\n\n\n\n<h4 class=\"wp-block-heading\"><strong>Il processo di secolarizzazione ha logorato la radice cattolica dell\u2019Italia e pertanto come potr\u00e0 questa Nazione far fronte all\u2019invito fatto dal Santo Padre di \u201cDifendere per tutta l\u2019Europa il patrimonio religioso e culturale innestato a Roma dagli apostoli Pietro e Paolo\u201d?<\/strong><\/h4>\n\n\n\n<p>Se \u00e8 vero che no si pu\u00f2 pi\u00f9 parlare di \u201ccristianit\u00e0\u201d, in Italia come in Europa, \u00e8 pur vero che la maggioranza rimane cristiana, e che molte comunit\u00e0 cristiane, spesso quasi in minoranza culturale, stanno riscoprendo in maniera consapevole le grandi ricchezze della Tradizione religiosa&nbsp; e culturale italiana. Una Tradizione che viene ripensata per diventare nuova linfa vitale per l\u2019oggi, nuova creativit\u00e0 in tutti i campi.<\/p>\n\n\n\n<p>Penso ad esempio al Progetto Culturale proposto dalla Chiesa italiana, all\u2019impegno dei tanti Centri Culturali cattolici che operano in tutti i Paesi d\u2019Europa, alle organizzazioni di solidariet\u00e0 e di volontariato che fanno rivivere nel presente le grandi azioni caritative svolte, in passato, da ordini monastici o da confraternite, all\u2019affermazione di promettenti movimenti che hanno gremito Piazza San Pietro nella Pentecoste 1998 o di tanti giovani che invadono Milano per il capodanno 1999, ospitati da moltissime famiglie che si sono rese disponibili.<\/p>\n\n\n\n<p>Giovani la cui fiducia e speranza in Cristo, dice Fr\u00e9re Roger Schultz di Taiz\u00e9, pu\u00f2 rendere bella la vita degli altri. Insomma c\u2019\u00e8 una Tradizione che si rinnova, che ringiovanisce, e non secondo la logica del marketing ma secondo quella dell\u2019evangelico granello di senape che poi cresce sino a diventare albero, del pizzico di lievito che fa fermentare la massa, del pugnetto di sale che d\u00e0 sapore e gusto a tutto, sotto l\u2019impulso dello Spirito Santo.<\/p>\n\n\n\n<h4 class=\"wp-block-heading\"><strong>Eminenza, stiamo per varcare la soglia del terzo millennio, a quale ruolo sono chiamati i cattolici, non solo in Italia, ma in tutta Europa?<\/strong><\/h4>\n\n\n\n<p>Credo che la vocazione dei cattolici dinanzi alle sfide del terzo millennio sia quella di essere testimoni di fiducia e di speranza, annunciatori convinti della cultura della vita, della pace, del dialogo tra le culture. L\u2019annuncio per il nuovo millennio non pu\u00f2 che essere Cristo, luce per l\u2019uomo e le sue culture, rivelatore della verit\u00e0 e del senso dell\u2019esistenza, vero uomo che indica all\u2019uomo, ad ogni uomo, la sua meta: la comunione piena col Creatore, Padre misericordioso e Madre premurosa per i suoi figli, che chiama tutti alla pienezza di vita nell\u2019amore.<\/p>\n\n\n\n<p>Con questo rinnovato annuncio del Vangelo agli uomini e alle donne del nostro tempo i cristiani potranno, cos\u00ec, rinnovare e far maturare le loro culture, renderle ancora pi\u00f9 umane, farle davvero progredire per essere all\u2019altezza dei tempi. L\u2019annuncio del Vangelo \u00e8, dunque, l\u2019impegno essenziale per tutti i cristiani che, fedeli a Cristo, saranno fedeli all\u2019uomo esercitando il loro spirito critico e profetico nei confronti delle ingiustizie e delle violenze, vivendo la carit\u00e0 nella comunione coi fratelli pi\u00f9 poveri e bisognosi, comunicando la speranza e la fiducia agli uomini disorientati e delusi, privi di un senso e di un progetto di vita.<\/p>\n\n\n\n<p>Ruolo fondamentale \u00e8 dunque questo: condividere con gioia la nostra esperienza di Dio, e con speranza e fiducia suscitare la civilt\u00e0 dell\u2019Amore <em>tertio millennio adveniente.<\/em><\/p>\n","protected":false},"excerpt":{"rendered":"<p>Articolo pubblicato su Il Secolo d\u2019Italia del 31 gennaio 1999 Intervista con il Cardinale Poupard di Cristina Mandosi &nbsp;<\/p><p><a class=\"more-link btn\" href=\"https:\/\/www.rassegnastampa-totustuus.it\/cattolica\/la-sfida-culturale\/\">Continua a leggere<\/a><\/p>\n","protected":false},"author":6,"featured_media":35663,"comment_status":"closed","ping_status":"open","sticky":false,"template":"","format":"standard","meta":{"footnotes":""},"categories":[5],"tags":[563],"class_list":["post-378","post","type-post","status-publish","format-standard","has-post-thumbnail","hentry","category-chiesa","tag-cultura","item-wrap"],"yoast_head":"<!-- This site is optimized with the Yoast SEO plugin v27.4 - https:\/\/yoast.com\/product\/yoast-seo-wordpress\/ -->\n<title>La Sfida Culturale - Rassegna Stampa Cattolica<\/title>\n<meta name=\"description\" content=\"La Sfida Culturale. Il dialogo fede-cultura costituisce un importante impegno per la ChiesaIntervista con il Cardinale Poupard\" \/>\n<meta name=\"robots\" content=\"index, follow, max-snippet:-1, max-image-preview:large, max-video-preview:-1\" \/>\n<link rel=\"canonical\" href=\"https:\/\/www.rassegnastampa-totustuus.it\/cattolica\/la-sfida-culturale\/\" \/>\n<meta property=\"og:locale\" content=\"it_IT\" \/>\n<meta property=\"og:type\" content=\"article\" \/>\n<meta property=\"og:title\" content=\"La Sfida Culturale - Rassegna Stampa Cattolica\" \/>\n<meta property=\"og:description\" content=\"La Sfida Culturale. Il dialogo fede-cultura costituisce un importante impegno per la ChiesaIntervista con il Cardinale Poupard\" \/>\n<meta property=\"og:url\" content=\"https:\/\/www.rassegnastampa-totustuus.it\/cattolica\/la-sfida-culturale\/\" \/>\n<meta property=\"og:site_name\" content=\"Rassegna Stampa Cattolica\" \/>\n<meta property=\"article:publisher\" content=\"https:\/\/www.facebook.com\/rassegnastampacattolica\" \/>\n<meta property=\"article:published_time\" content=\"2005-03-15T15:09:59+00:00\" \/>\n<meta property=\"article:modified_time\" content=\"2025-07-09T10:37:59+00:00\" \/>\n<meta property=\"og:image\" content=\"https:\/\/www.rassegnastampa-totustuus.it\/cattolica\/wp-content\/uploads\/2005\/03\/Poupard.jpg\" \/>\n\t<meta property=\"og:image:width\" content=\"202\" \/>\n\t<meta property=\"og:image:height\" content=\"250\" \/>\n\t<meta property=\"og:image:type\" content=\"image\/jpeg\" \/>\n<meta name=\"author\" content=\"Redazione\" \/>\n<meta name=\"twitter:card\" content=\"summary_large_image\" \/>\n<meta name=\"twitter:creator\" content=\"@rassegnastampa9\" \/>\n<meta name=\"twitter:site\" content=\"@rassegnastampa9\" \/>\n<meta name=\"twitter:label1\" content=\"Scritto da\" \/>\n\t<meta name=\"twitter:data1\" content=\"Redazione\" \/>\n\t<meta name=\"twitter:label2\" content=\"Tempo di lettura stimato\" \/>\n\t<meta name=\"twitter:data2\" content=\"8 minuti\" \/>\n<script type=\"application\/ld+json\" class=\"yoast-schema-graph\">{\"@context\":\"https:\\\/\\\/schema.org\",\"@graph\":[{\"@type\":\"Article\",\"@id\":\"https:\\\/\\\/www.rassegnastampa-totustuus.it\\\/cattolica\\\/la-sfida-culturale\\\/#article\",\"isPartOf\":{\"@id\":\"https:\\\/\\\/www.rassegnastampa-totustuus.it\\\/cattolica\\\/la-sfida-culturale\\\/\"},\"author\":{\"name\":\"Redazione\",\"@id\":\"https:\\\/\\\/www.rassegnastampa-totustuus.it\\\/cattolica\\\/#\\\/schema\\\/person\\\/08f319d2bd1a0904ad9e2bfb7b15e5c3\"},\"headline\":\"La Sfida Culturale\",\"datePublished\":\"2005-03-15T15:09:59+00:00\",\"dateModified\":\"2025-07-09T10:37:59+00:00\",\"mainEntityOfPage\":{\"@id\":\"https:\\\/\\\/www.rassegnastampa-totustuus.it\\\/cattolica\\\/la-sfida-culturale\\\/\"},\"wordCount\":1310,\"publisher\":{\"@id\":\"https:\\\/\\\/www.rassegnastampa-totustuus.it\\\/cattolica\\\/#organization\"},\"image\":{\"@id\":\"https:\\\/\\\/www.rassegnastampa-totustuus.it\\\/cattolica\\\/la-sfida-culturale\\\/#primaryimage\"},\"thumbnailUrl\":\"https:\\\/\\\/www.rassegnastampa-totustuus.it\\\/cattolica\\\/wp-content\\\/uploads\\\/2005\\\/03\\\/Poupard.jpg\",\"keywords\":[\"cultura\"],\"articleSection\":[\"Chiesa\"],\"inLanguage\":\"it-IT\"},{\"@type\":\"WebPage\",\"@id\":\"https:\\\/\\\/www.rassegnastampa-totustuus.it\\\/cattolica\\\/la-sfida-culturale\\\/\",\"url\":\"https:\\\/\\\/www.rassegnastampa-totustuus.it\\\/cattolica\\\/la-sfida-culturale\\\/\",\"name\":\"La Sfida Culturale - Rassegna Stampa Cattolica\",\"isPartOf\":{\"@id\":\"https:\\\/\\\/www.rassegnastampa-totustuus.it\\\/cattolica\\\/#website\"},\"primaryImageOfPage\":{\"@id\":\"https:\\\/\\\/www.rassegnastampa-totustuus.it\\\/cattolica\\\/la-sfida-culturale\\\/#primaryimage\"},\"image\":{\"@id\":\"https:\\\/\\\/www.rassegnastampa-totustuus.it\\\/cattolica\\\/la-sfida-culturale\\\/#primaryimage\"},\"thumbnailUrl\":\"https:\\\/\\\/www.rassegnastampa-totustuus.it\\\/cattolica\\\/wp-content\\\/uploads\\\/2005\\\/03\\\/Poupard.jpg\",\"datePublished\":\"2005-03-15T15:09:59+00:00\",\"dateModified\":\"2025-07-09T10:37:59+00:00\",\"description\":\"La Sfida Culturale. Il dialogo fede-cultura costituisce un importante impegno per la ChiesaIntervista con il Cardinale Poupard\",\"breadcrumb\":{\"@id\":\"https:\\\/\\\/www.rassegnastampa-totustuus.it\\\/cattolica\\\/la-sfida-culturale\\\/#breadcrumb\"},\"inLanguage\":\"it-IT\",\"potentialAction\":[{\"@type\":\"ReadAction\",\"target\":[\"https:\\\/\\\/www.rassegnastampa-totustuus.it\\\/cattolica\\\/la-sfida-culturale\\\/\"]}]},{\"@type\":\"ImageObject\",\"inLanguage\":\"it-IT\",\"@id\":\"https:\\\/\\\/www.rassegnastampa-totustuus.it\\\/cattolica\\\/la-sfida-culturale\\\/#primaryimage\",\"url\":\"https:\\\/\\\/www.rassegnastampa-totustuus.it\\\/cattolica\\\/wp-content\\\/uploads\\\/2005\\\/03\\\/Poupard.jpg\",\"contentUrl\":\"https:\\\/\\\/www.rassegnastampa-totustuus.it\\\/cattolica\\\/wp-content\\\/uploads\\\/2005\\\/03\\\/Poupard.jpg\",\"width\":202,\"height\":250},{\"@type\":\"BreadcrumbList\",\"@id\":\"https:\\\/\\\/www.rassegnastampa-totustuus.it\\\/cattolica\\\/la-sfida-culturale\\\/#breadcrumb\",\"itemListElement\":[{\"@type\":\"ListItem\",\"position\":1,\"name\":\"Home\",\"item\":\"https:\\\/\\\/www.rassegnastampa-totustuus.it\\\/cattolica\\\/\"},{\"@type\":\"ListItem\",\"position\":2,\"name\":\"La Sfida Culturale\"}]},{\"@type\":\"WebSite\",\"@id\":\"https:\\\/\\\/www.rassegnastampa-totustuus.it\\\/cattolica\\\/#website\",\"url\":\"https:\\\/\\\/www.rassegnastampa-totustuus.it\\\/cattolica\\\/\",\"name\":\"Rassegna Stampa Cattolica\",\"description\":\"Per una cultura che nasce dalla Rivelazione cristiana in conformit\u00e0 alla tradizione e al Magistero della Chiesa in opposizione ad ogni relativismo e totalitarismo\",\"publisher\":{\"@id\":\"https:\\\/\\\/www.rassegnastampa-totustuus.it\\\/cattolica\\\/#organization\"},\"alternateName\":\"Rass. Cattolica\",\"potentialAction\":[{\"@type\":\"SearchAction\",\"target\":{\"@type\":\"EntryPoint\",\"urlTemplate\":\"https:\\\/\\\/www.rassegnastampa-totustuus.it\\\/cattolica\\\/?s={search_term_string}\"},\"query-input\":{\"@type\":\"PropertyValueSpecification\",\"valueRequired\":true,\"valueName\":\"search_term_string\"}}],\"inLanguage\":\"it-IT\"},{\"@type\":\"Organization\",\"@id\":\"https:\\\/\\\/www.rassegnastampa-totustuus.it\\\/cattolica\\\/#organization\",\"name\":\"Rassegna Stampa Cattolica\",\"url\":\"https:\\\/\\\/www.rassegnastampa-totustuus.it\\\/cattolica\\\/\",\"logo\":{\"@type\":\"ImageObject\",\"inLanguage\":\"it-IT\",\"@id\":\"https:\\\/\\\/www.rassegnastampa-totustuus.it\\\/cattolica\\\/#\\\/schema\\\/logo\\\/image\\\/\",\"url\":\"https:\\\/\\\/www.rassegnastampa-totustuus.it\\\/cattolica\\\/wp-content\\\/uploads\\\/2014\\\/04\\\/logo-rassegna1.gif\",\"contentUrl\":\"https:\\\/\\\/www.rassegnastampa-totustuus.it\\\/cattolica\\\/wp-content\\\/uploads\\\/2014\\\/04\\\/logo-rassegna1.gif\",\"width\":600,\"height\":163,\"caption\":\"Rassegna Stampa Cattolica\"},\"image\":{\"@id\":\"https:\\\/\\\/www.rassegnastampa-totustuus.it\\\/cattolica\\\/#\\\/schema\\\/logo\\\/image\\\/\"},\"sameAs\":[\"https:\\\/\\\/www.facebook.com\\\/rassegnastampacattolica\",\"https:\\\/\\\/x.com\\\/rassegnastampa9\"]},{\"@type\":\"Person\",\"@id\":\"https:\\\/\\\/www.rassegnastampa-totustuus.it\\\/cattolica\\\/#\\\/schema\\\/person\\\/08f319d2bd1a0904ad9e2bfb7b15e5c3\",\"name\":\"Redazione\",\"image\":{\"@type\":\"ImageObject\",\"inLanguage\":\"it-IT\",\"@id\":\"https:\\\/\\\/secure.gravatar.com\\\/avatar\\\/2fcdf27c78ea025fbdb44e914cc63c72249ffec9dc8aafd5c82b26240ef3f346?s=96&d=mm&r=g\",\"url\":\"https:\\\/\\\/secure.gravatar.com\\\/avatar\\\/2fcdf27c78ea025fbdb44e914cc63c72249ffec9dc8aafd5c82b26240ef3f346?s=96&d=mm&r=g\",\"contentUrl\":\"https:\\\/\\\/secure.gravatar.com\\\/avatar\\\/2fcdf27c78ea025fbdb44e914cc63c72249ffec9dc8aafd5c82b26240ef3f346?s=96&d=mm&r=g\",\"caption\":\"Redazione\"},\"url\":\"https:\\\/\\\/www.rassegnastampa-totustuus.it\\\/cattolica\\\/author\\\/pietroelle\\\/\"}]}<\/script>\n<!-- \/ Yoast SEO plugin. -->","yoast_head_json":{"title":"La Sfida Culturale - Rassegna Stampa Cattolica","description":"La Sfida Culturale. Il dialogo fede-cultura costituisce un importante impegno per la ChiesaIntervista con il Cardinale Poupard","robots":{"index":"index","follow":"follow","max-snippet":"max-snippet:-1","max-image-preview":"max-image-preview:large","max-video-preview":"max-video-preview:-1"},"canonical":"https:\/\/www.rassegnastampa-totustuus.it\/cattolica\/la-sfida-culturale\/","og_locale":"it_IT","og_type":"article","og_title":"La Sfida Culturale - Rassegna Stampa Cattolica","og_description":"La Sfida Culturale. Il dialogo fede-cultura costituisce un importante impegno per la ChiesaIntervista con il Cardinale Poupard","og_url":"https:\/\/www.rassegnastampa-totustuus.it\/cattolica\/la-sfida-culturale\/","og_site_name":"Rassegna Stampa Cattolica","article_publisher":"https:\/\/www.facebook.com\/rassegnastampacattolica","article_published_time":"2005-03-15T15:09:59+00:00","article_modified_time":"2025-07-09T10:37:59+00:00","og_image":[{"width":202,"height":250,"url":"https:\/\/www.rassegnastampa-totustuus.it\/cattolica\/wp-content\/uploads\/2005\/03\/Poupard.jpg","type":"image\/jpeg"}],"author":"Redazione","twitter_card":"summary_large_image","twitter_creator":"@rassegnastampa9","twitter_site":"@rassegnastampa9","twitter_misc":{"Scritto da":"Redazione","Tempo di lettura stimato":"8 minuti"},"schema":{"@context":"https:\/\/schema.org","@graph":[{"@type":"Article","@id":"https:\/\/www.rassegnastampa-totustuus.it\/cattolica\/la-sfida-culturale\/#article","isPartOf":{"@id":"https:\/\/www.rassegnastampa-totustuus.it\/cattolica\/la-sfida-culturale\/"},"author":{"name":"Redazione","@id":"https:\/\/www.rassegnastampa-totustuus.it\/cattolica\/#\/schema\/person\/08f319d2bd1a0904ad9e2bfb7b15e5c3"},"headline":"La Sfida Culturale","datePublished":"2005-03-15T15:09:59+00:00","dateModified":"2025-07-09T10:37:59+00:00","mainEntityOfPage":{"@id":"https:\/\/www.rassegnastampa-totustuus.it\/cattolica\/la-sfida-culturale\/"},"wordCount":1310,"publisher":{"@id":"https:\/\/www.rassegnastampa-totustuus.it\/cattolica\/#organization"},"image":{"@id":"https:\/\/www.rassegnastampa-totustuus.it\/cattolica\/la-sfida-culturale\/#primaryimage"},"thumbnailUrl":"https:\/\/www.rassegnastampa-totustuus.it\/cattolica\/wp-content\/uploads\/2005\/03\/Poupard.jpg","keywords":["cultura"],"articleSection":["Chiesa"],"inLanguage":"it-IT"},{"@type":"WebPage","@id":"https:\/\/www.rassegnastampa-totustuus.it\/cattolica\/la-sfida-culturale\/","url":"https:\/\/www.rassegnastampa-totustuus.it\/cattolica\/la-sfida-culturale\/","name":"La Sfida Culturale - Rassegna Stampa Cattolica","isPartOf":{"@id":"https:\/\/www.rassegnastampa-totustuus.it\/cattolica\/#website"},"primaryImageOfPage":{"@id":"https:\/\/www.rassegnastampa-totustuus.it\/cattolica\/la-sfida-culturale\/#primaryimage"},"image":{"@id":"https:\/\/www.rassegnastampa-totustuus.it\/cattolica\/la-sfida-culturale\/#primaryimage"},"thumbnailUrl":"https:\/\/www.rassegnastampa-totustuus.it\/cattolica\/wp-content\/uploads\/2005\/03\/Poupard.jpg","datePublished":"2005-03-15T15:09:59+00:00","dateModified":"2025-07-09T10:37:59+00:00","description":"La Sfida Culturale. Il dialogo fede-cultura costituisce un importante impegno per la ChiesaIntervista con il Cardinale Poupard","breadcrumb":{"@id":"https:\/\/www.rassegnastampa-totustuus.it\/cattolica\/la-sfida-culturale\/#breadcrumb"},"inLanguage":"it-IT","potentialAction":[{"@type":"ReadAction","target":["https:\/\/www.rassegnastampa-totustuus.it\/cattolica\/la-sfida-culturale\/"]}]},{"@type":"ImageObject","inLanguage":"it-IT","@id":"https:\/\/www.rassegnastampa-totustuus.it\/cattolica\/la-sfida-culturale\/#primaryimage","url":"https:\/\/www.rassegnastampa-totustuus.it\/cattolica\/wp-content\/uploads\/2005\/03\/Poupard.jpg","contentUrl":"https:\/\/www.rassegnastampa-totustuus.it\/cattolica\/wp-content\/uploads\/2005\/03\/Poupard.jpg","width":202,"height":250},{"@type":"BreadcrumbList","@id":"https:\/\/www.rassegnastampa-totustuus.it\/cattolica\/la-sfida-culturale\/#breadcrumb","itemListElement":[{"@type":"ListItem","position":1,"name":"Home","item":"https:\/\/www.rassegnastampa-totustuus.it\/cattolica\/"},{"@type":"ListItem","position":2,"name":"La Sfida Culturale"}]},{"@type":"WebSite","@id":"https:\/\/www.rassegnastampa-totustuus.it\/cattolica\/#website","url":"https:\/\/www.rassegnastampa-totustuus.it\/cattolica\/","name":"Rassegna Stampa Cattolica","description":"Per una cultura che nasce dalla Rivelazione cristiana in conformit\u00e0 alla tradizione e al Magistero della Chiesa in opposizione ad ogni relativismo e totalitarismo","publisher":{"@id":"https:\/\/www.rassegnastampa-totustuus.it\/cattolica\/#organization"},"alternateName":"Rass. Cattolica","potentialAction":[{"@type":"SearchAction","target":{"@type":"EntryPoint","urlTemplate":"https:\/\/www.rassegnastampa-totustuus.it\/cattolica\/?s={search_term_string}"},"query-input":{"@type":"PropertyValueSpecification","valueRequired":true,"valueName":"search_term_string"}}],"inLanguage":"it-IT"},{"@type":"Organization","@id":"https:\/\/www.rassegnastampa-totustuus.it\/cattolica\/#organization","name":"Rassegna Stampa Cattolica","url":"https:\/\/www.rassegnastampa-totustuus.it\/cattolica\/","logo":{"@type":"ImageObject","inLanguage":"it-IT","@id":"https:\/\/www.rassegnastampa-totustuus.it\/cattolica\/#\/schema\/logo\/image\/","url":"https:\/\/www.rassegnastampa-totustuus.it\/cattolica\/wp-content\/uploads\/2014\/04\/logo-rassegna1.gif","contentUrl":"https:\/\/www.rassegnastampa-totustuus.it\/cattolica\/wp-content\/uploads\/2014\/04\/logo-rassegna1.gif","width":600,"height":163,"caption":"Rassegna Stampa Cattolica"},"image":{"@id":"https:\/\/www.rassegnastampa-totustuus.it\/cattolica\/#\/schema\/logo\/image\/"},"sameAs":["https:\/\/www.facebook.com\/rassegnastampacattolica","https:\/\/x.com\/rassegnastampa9"]},{"@type":"Person","@id":"https:\/\/www.rassegnastampa-totustuus.it\/cattolica\/#\/schema\/person\/08f319d2bd1a0904ad9e2bfb7b15e5c3","name":"Redazione","image":{"@type":"ImageObject","inLanguage":"it-IT","@id":"https:\/\/secure.gravatar.com\/avatar\/2fcdf27c78ea025fbdb44e914cc63c72249ffec9dc8aafd5c82b26240ef3f346?s=96&d=mm&r=g","url":"https:\/\/secure.gravatar.com\/avatar\/2fcdf27c78ea025fbdb44e914cc63c72249ffec9dc8aafd5c82b26240ef3f346?s=96&d=mm&r=g","contentUrl":"https:\/\/secure.gravatar.com\/avatar\/2fcdf27c78ea025fbdb44e914cc63c72249ffec9dc8aafd5c82b26240ef3f346?s=96&d=mm&r=g","caption":"Redazione"},"url":"https:\/\/www.rassegnastampa-totustuus.it\/cattolica\/author\/pietroelle\/"}]}},"_links":{"self":[{"href":"https:\/\/www.rassegnastampa-totustuus.it\/cattolica\/wp-json\/wp\/v2\/posts\/378","targetHints":{"allow":["GET"]}}],"collection":[{"href":"https:\/\/www.rassegnastampa-totustuus.it\/cattolica\/wp-json\/wp\/v2\/posts"}],"about":[{"href":"https:\/\/www.rassegnastampa-totustuus.it\/cattolica\/wp-json\/wp\/v2\/types\/post"}],"author":[{"embeddable":true,"href":"https:\/\/www.rassegnastampa-totustuus.it\/cattolica\/wp-json\/wp\/v2\/users\/6"}],"replies":[{"embeddable":true,"href":"https:\/\/www.rassegnastampa-totustuus.it\/cattolica\/wp-json\/wp\/v2\/comments?post=378"}],"version-history":[{"count":5,"href":"https:\/\/www.rassegnastampa-totustuus.it\/cattolica\/wp-json\/wp\/v2\/posts\/378\/revisions"}],"predecessor-version":[{"id":63116,"href":"https:\/\/www.rassegnastampa-totustuus.it\/cattolica\/wp-json\/wp\/v2\/posts\/378\/revisions\/63116"}],"wp:featuredmedia":[{"embeddable":true,"href":"https:\/\/www.rassegnastampa-totustuus.it\/cattolica\/wp-json\/wp\/v2\/media\/35663"}],"wp:attachment":[{"href":"https:\/\/www.rassegnastampa-totustuus.it\/cattolica\/wp-json\/wp\/v2\/media?parent=378"}],"wp:term":[{"taxonomy":"category","embeddable":true,"href":"https:\/\/www.rassegnastampa-totustuus.it\/cattolica\/wp-json\/wp\/v2\/categories?post=378"},{"taxonomy":"post_tag","embeddable":true,"href":"https:\/\/www.rassegnastampa-totustuus.it\/cattolica\/wp-json\/wp\/v2\/tags?post=378"}],"curies":[{"name":"wp","href":"https:\/\/api.w.org\/{rel}","templated":true}]}}