{"id":3779,"date":"2010-04-06T17:13:48","date_gmt":"2010-04-06T15:13:48","guid":{"rendered":""},"modified":"2016-03-10T16:10:26","modified_gmt":"2016-03-10T15:10:26","slug":"figli-di-dio-non-si-nasce-si-diventa","status":"publish","type":"post","link":"https:\/\/www.rassegnastampa-totustuus.it\/cattolica\/figli-di-dio-non-si-nasce-si-diventa\/","title":{"rendered":"Figli di Dio non si nasce Si diventa"},"content":{"rendered":"<div style=\"text-align: center;\"><strong><img loading=\"lazy\" decoding=\"async\" class=\"alignleft wp-image-31594\" src=\"https:\/\/www.rassegnastampa-totustuus.it\/cattolica\/wp-content\/uploads\/2010\/04\/figli_di_Dio.jpg\" alt=\"figli_di_Dio\" width=\"222\" height=\"200\" \/>30Giorni<\/strong> n.1 Gennaio 1997<\/div>\n<p style=\"text-align: center;\"><em>La figliolanza divina secondo San Giovanni<\/em><\/p>\n<p style=\"text-align: center;\">di<strong> Ignace de la Potterie<\/strong><\/p>\n<p><!--more--><\/p>\n<div style=\"text-align: justify;\">La Chiesa ha da poco celebrato col santo Natale la nascita nel tempo dell&#8217;Unigenito eterno Figlio di Dio. Secondo una teologia sempre pi\u00f9 diffusa, con l&#8217;Incarnazione del Figlio deriverebbe in maniera automatica l&#8217;attribuzione immediata a ogni uomo della figliolanza divina. Nel senso che ogni uomo, che lo sappia o no, che lo accetti o no, vive gi\u00e0 radicalmente in Cristo.Secondo tale teologia, Cristo, prima ancora di essere il capo della Chiesa, \u00e8 il capo di tutto il creato. Ogni uomo gli appartiene prima ancora di essere raggiunto e trasformato dal suo Spirito.<\/div>\n<p style=\"text-align: justify;\">Questa concezione pretende trovare un avallo nella affermazione di san Tommaso d&#8217;Aquino secondo cui \u00abconsiderando la generalit\u00e0 degli uomini, per tutto il tempo del mondo, Cristo \u00e8 il capo di tutti gli uomini, ma secondo gradi diversi\u00bb (<em>Summa theologica<\/em> III, 8, 3) ripresa dalla costituzione pastorale <em>Gaudium et spes<\/em> dell&#8217;ultimo Concilio: \u00abCon l&#8217;Incarnazione il Figlio di Dio si \u00e8 unito in certo modo ad ogni uomo\u00bb (n. 22).<\/p>\n<p style=\"text-align: justify;\">Ma se si togliessero dalla frase della <em>Summa theologica<\/em> e dalla frase della <em>Gaudium et spes<\/em> gli incisi \u00absecondo gradi diversi\u00bb e \u00abin un certo modo\u00bb non si rispetterebbero tutti i dati della fede cattolica. E infatti lo stesso Concilio, nella costituzione dogmatica <em>Lumen gentium<\/em> (n. 13), seguendo fedelmente la Tradizione, distingue chiaramente tra la chiamata di tutti gli uomini alla salvezza e <em>l&#8217;appartenenza in atto<\/em> dei credenti alla comunione di Ges\u00f9 Cristo. Secondo il metodo proprio di tutta la rivelazione biblica.<\/p>\n<p style=\"text-align: justify;\">Se, con l&#8217;Incarnazione del Verbo, la figliolanza divina fosse attribuita immediatamente ad ogni uomo, il mistero della <em>scelta <\/em>o <em>elezione<\/em> e quindi la fede, il battesimo e la Chiesa non avrebbero pi\u00f9 alcun ruolo costitutivo per la salvezza: la missione della Chiesa nel mondo sarebbe solo quella di far prendere coscienza a tutti gli uomini di questa salvezza gi\u00e0 presente nella profondit\u00e0 di ognuno.<\/p>\n<p style=\"text-align: justify;\">Insomma, ogni uomo, in virt\u00f9 dell&#8217;Incarnazione del Verbo, acquisirebbe automaticamente, anche se inconsapevolmente, &#8220;l&#8217;esistenza in Cristo&#8221; ricevendo cos\u00ec, in virt\u00f9 della sua trascendenza come persona umana, gli effetti salvifici della redenzione operata da Ges\u00f9 Cristo. Sarebbe un &#8220;cristiano anonimo&#8221;.<\/p>\n<p style=\"text-align: justify;\">Gi\u00e0 Erik Peterson, il famoso esegeta tedesco convertitosi alla Chiesa cattolica dal luteranesimo, nel suo saggio del 1933 <em>Die Kirke aus Juden und Heiden<\/em> (La Chiesa composta da giudei e da gentili), commentando i capitoli 9-11 della lettera di san Paolo ai Romani, spiegava che non pu\u00f2 esserci un cristianesimo ridotto all&#8217;ordine meramente naturale, in cui gli effetti della redenzione operata da Ges\u00f9 Cristo verrebbero trasmessi geneticamente, per via ereditaria, ad ogni uomo, per il solo criterio di condividere con il Verbo incarnato la natura umana. La figliolanza divina non \u00e8 l&#8217;esito automatico garantito dalla appartenenza al genere umano.<\/p>\n<p style=\"text-align: justify;\">La figliolanza divina \u00e8 sempre un dono gratuito della grazia, non pu\u00f2 prescindere dalla grazia donata gratuitamente nel battesimo e riconosciuta e accolta nella fede. Un brano di san Leone Magno, letto nella liturgia dell&#8217;Avvento, chiarisce con precisione il rapporto tra l&#8217;Incarnazione e il battesimo: \u00abSe Colui, che \u00e8 il solo libero dal peccato, non avesse unito a s\u00e9 la nostra natura umana, tutta quanta la natura umana sarebbe rimasta prigioniera sotto il giogo del diavolo. Noi non avremmo potuto aver parte alla vittoria gloriosa di lui se la vittoria fosse stata riportata fuori della nostra natura.<\/p>\n<p style=\"text-align: justify;\">A causa di questa mirabile partecipazione alla nostra natura rifulse per noi il sacramento della rigenerazione, perch\u00e9, in virt\u00f9 dello stesso Spirito per opera del quale fu generato e nacque Cristo, anche noi, che siamo nati dalla concupiscenza della carne, nascessimo di nuovo di nascita spirituale\u00bb.<\/p>\n<p style=\"text-align: justify;\">E sant&#8217;Agostino nel <em>De civitate<\/em> <em>Dei<\/em> scrive: \u00abLa natura corrotta dal peccato genera perci\u00f2 i cittadini della citt\u00e0 terrena, mentre la grazia che libera la natura dal peccato genera i cittadini della citt\u00e0 celeste. Perci\u00f2 i primi sono chiamati <em>vasi d&#8217;ira<\/em>; gli altri sono chiamati <em>vasi di misericordia<\/em>.<\/p>\n<p style=\"text-align: justify;\">Se ne ha un simbolo anche nei due figli di Abramo. L&#8217;uno, Ismaele, nacque secondo la carne dalla schiava Agar, l&#8217;altro, Isacco, nacque secondo la promessa da Sara, che era libera. Entrambi sono stirpe di Abramo, ma un rapporto puramente naturale ha fatto nascere il primo, invece la promessa che \u00e8 segno della grazia ha donato il secondo. Nel primo caso si rivela un comportamento umano, nel secondo caso si rivela la grazia di Dio\u00bb.<\/p>\n<p style=\"text-align: justify;\">Basta tornare al Nuovo Testamento e al modo in cui san Giovanni, il discepolo prediletto, descrive la figliolanza divina, per mostrare come tale figliolanza non \u00e8 un immediato possesso naturale ma sempre un dono gratuito che il Signore elargisce a chi sceglie, e che si accoglie nella fede (\u00abNon voi avete scelto me, ma io ho scelto voi\u00bb, Gv 15,16).<\/p>\n<p style=\"text-align: justify;\">Sono soprattutto tre i testi di Giovanni che trattano della figliolanza divina promessa da Ges\u00f9 e sperimentata dal cristiano: un versetto del Prologo (Gv I, 12), che parla del nostro potere di diventare figli di Dio; la prima parte del dialogo con Nicodemo (Gv 3, 1-8), che descrive tutto ci\u00f2 che compie lo Spirito Santo in noi per realizzare la nostra generazione e la nostra nascita come figli di Dio; infine due passi della prima lettera (1 Gv 3, 6-9; 5, 18-19) dove vengono descritti gli effetti spirituali e morali nella vita concreta del cristiano, quando egli vive la sua divina figliolanza e diventa cos\u00ec &#8220;impeccabile&#8221;. Per l&#8217;argomento che stiamo trattando, sono significativi soprattutto i primi due passi sopra citati.<\/p>\n<p style=\"text-align: justify;\">Nel Prologo (Gv 1, 12-14), Giovanni scrive: \u00abA quanti lo accolsero, diede il potere di divenire figli di Dio, a coloro [cio\u00e8] che credono nel suo nome: [il nome di colui che] da Dio \u00e8 stato generato (\u03ad\u03b3\u03b5\u03bd\u03bd\u03ae\u03b8\u03b7). S\u00ec, la Parola si fece carne e venne ad abitare in mezzo a noi, e noi abbiamo contemplato la sua gloria, la gloria dell&#8217;Unigenito (\u03bc\u03bf\u03bd\u03bf\u03b3\u03b5\u03bd\u03bf\u03b0\u03c2) venuto da presso il Padre (\u03c0\u03b1\u03c1\u03ac \u03c0\u03b1\u03c4\u03c1\u03cc\u03c2) pieno della grazia della verit\u00e0\u00bb.<\/p>\n<p style=\"text-align: justify;\">\u00c8 importante notare in questo brano del Prologo innanzitutto l&#8217;uso del verbo divenire (\u03b3\u03af\u03bd\u03b5\u03b4\u03b8\u03b1\u03b9), sul quale i commentari non dicono quasi niente. Proprio questa scelta linguistica testimonia come intende Giovanni la figliolanza divina: figli di Dio si diventa, non si \u00e8 <em>ab initio<\/em> solo in virt\u00f9 della propria natura umana.<\/p>\n<p style=\"text-align: justify;\">La figliolanza divina non \u00e8 un dato acquisito a priori, un possesso statico, implicito nella propria nascita naturale. Si diventa figli di Dio &#8211; come Ges\u00f9 dice nel dialogo con Nicodemo &#8211; quando si \u00e8 \u00abgenerati dall&#8217;alto\u00bb, cio\u00e8 quando si \u00e8 \u00abgenerati dall&#8217;acqua e dallo Spirito\u00bb. E ci\u00f2 accade quando un avvenimento, il battesimo, ci introduce in una <em>nuova<\/em> dinamica dell&#8217;essere, mette un dinamismo <em>nuovo<\/em> nella nostra esistenza.<\/p>\n<p style=\"text-align: justify;\">Questo tesoro, riconosciuto e accolto nella fede, fa di tutta la vita un cammino, un progredire, <em>sempre <\/em>preceduti e accompagnati da quei fatti di grazia operati dal Signore che tornano a sorprendere il cuore nutrendo cos\u00ec la fede. Insomma la figliolanza divina non \u00e8 un marchio metafisico impresso nel destino di ognuno, lo sappia o non lo sappia, lo voglia o non lo voglia. \u00c8 piuttosto un dono che si riconosce e si accoglie nella fede. Che interpella la nostra libert\u00e0, tanto che Dio stesso, secondo l&#8217;immagine stupenda di san Bernardo, ha atteso con trepidazione il s\u00ec di Maria.<\/p>\n<p style=\"text-align: justify;\">L&#8217;altro termine chiave del brano del Prologo \u00e8 la parola <em>potere<\/em> (\u03ad\u03be\u03bf\u03bd\u03b4\u03af\u03b1\u03bd), che indica anch&#8217;essa non un possesso, ma un dinamismo. Non si diventa figli di Dio in maniera automatica, per legge di natura, ma per la fede. \u00c8 la fede il <em>potere<\/em> dato per diventare figli di Dio: non una fede vaga e anonima, mero anelito religioso, comune almeno in alcune occasioni della vita a tutti gli uomini, ma la fede di chi \u00abcrede nel Suo nome\u00bb.<\/p>\n<p style=\"text-align: justify;\">Un&#8217;espressione che troviamo pi\u00f9 volte in Giovanni: la vera fede consiste nel \u00abcredere nel nome del Figlio unigenito di Dio\u00bb (3, 18). Ne segue che la nostra figliolanza non pu\u00f2 che essere una partecipazione alla figliolanza di Colui che si \u00e8 manifestato tra noi come \u00abil Figlio unigenito venuto da presso il Padre\u00bb. Questo potere di diventare figli di Dio, questa fede sorge, rimane e cresce come accadde alla fede dei primi discepoli.<\/p>\n<p style=\"text-align: justify;\">Proprio ci\u00f2 che \u00e8 accaduto ai primi discepoli resta per sempre l&#8217;esperienza paradigmatica di come si diventa figli di Dio. Perch\u00e9 la stessa Presenza, che ha suscitato la fede nei primi che ha scelto, continua ad operare nel presente, cos\u00ec da stupire e destare la fede anche oggi nel cuore degli uomini che il Padre gli da (cfr. Gv 17, 2).<\/p>\n<p style=\"text-align: justify;\">Il dialogo con Nicodemo costituisce il brano pi\u00f9 lungo ed esplicito per il tema della figliolanza divina. Dei vari aspetti qui toccati, occorre sottolineare soprattutto l&#8217;insistenza sull&#8217;azione dello Spirito Santo nella esperienza della figliolanza divina. Ges\u00f9 spiega a Nicodemo: \u00abSe uno non \u00e8 stato generato dall&#8217;acqua e dallo Spinto non pu\u00f2 entrare nel regno di Dio\u00bb (Gv 3, 5). Quindi la via d&#8217;accesso al diventare \u00abfigli nel Figlio\u00bb \u00e8 possibile solo a chi viene generato dallo Spirito nella fede e nel battesimo (indicato da Ges\u00f9 in questo passo col segno dell&#8217;acqua).<\/p>\n<p style=\"text-align: justify;\">Anche le teorie che riducono la figliolanza divina a un automatismo, quasi fosse un marchio di dominio acquisito impresso da Dio su ogni uomo, indicano spesso lo Spirito quale artefice di questa operazione. Secondo queste teorie gli uomini sarebbero per natura titolari della figliolanza divina, a prescindere dalla fede, dal battesimo e dal proprio libero acconsentire, proprio perch\u00e9 lo Spirito, nella sua illimitata libert\u00e0, applica ad ognuno, lo sappia o no, lo voglia o no, i frutti della redenzione.<\/p>\n<p style=\"text-align: justify;\">Proprio il Vangelo di Giovanni testimonia che lo Spirito Santo non \u00e8 un&#8217;entit\u00e0 separata e indipendente, che opera nell&#8217;intimo segreto delle coscienze con un&#8217;azione parallela all&#8217;azione di Ges\u00f9 Cristo Figlio di Dio.<\/p>\n<p style=\"text-align: justify;\">Tutta la missione dello Spirito Santo nella storia della salvezza pu\u00f2 essere espressa con le parole di san Basilio, lette nella liturgia del tempo di Natale: \u00abCome il Padre si rende visibile nel Figlio, cos\u00ec il Figlio si rende presente nello Spirito\u00bb. E Basilio aggiunge che ci\u00f2 lo si apprende da quanto Ges\u00f9 ha detto alla samaritana: \u00ab&#8221;Bisogna adorare nello Spirito e nella Verit\u00e0&#8221; (Gv 4,23) chiaramente definendo se stesso &#8220;la Verit\u00e0&#8221;\u00bb.<\/p>\n<p style=\"text-align: justify;\">Basta leggere le promesse che Ges\u00f9 stesso fa ai discepoli riguardo al Paraclito nel Vangelo di Giovanni. Lo Spirito \u00abinsegner\u00e0\u00bb, facendo ricordare quello che ha detto Ges\u00f9 (14, 26); \u00abrender\u00e0 testimonianza\u00bb a Ges\u00f9 (15, 26); \u00abnon parler\u00e0 da se stesso, ma dir\u00e0 quello che ascolta\u00bb (16, 13).<\/p>\n<p style=\"text-align: justify;\">Lo Spirito Santo non \u00e8 dunque un&#8217;entit\u00e0 arbitraria: egli possiede una chiara bench\u00e9 misteriosa intenzionalit\u00e0 (\u00abLo Spirito ispira dove vuole\u00bb, Gv 3, 8), opera certe cose, che sono sempre in relazione con la missione e l&#8217;insegnamento di Ges\u00f9. Siccome lo Spirito \u00e8 \u00ablo Spirito della verit\u00e0\u00bb (15, 26; 16, 13), quale altra verit\u00e0 potrebbe farci conoscere lo Spirito se non la verit\u00e0 di colui che ha detto: \u00abio sono la verit\u00e0\u00bb (14, 6)? Lo Spirito guida il cristiano verso Ges\u00f9 Cristo, verso la verit\u00e0 intera (16, 13); lo aiuta a scoprire sempre meglio il mistero di Ges\u00f9 Cristo e a rimanere nella sua memoria.<\/p>\n<p style=\"text-align: justify;\">C&#8217;\u00e8 un brano della costituzione dogmatica <em>Lumen gentium<\/em> che pu\u00f2 riassumere quanto abbiamo detto: \u00abCristo, infatti, innalzato da terra, attir\u00f2 tutti a s\u00e9; risorto dai morti, invi\u00f2 sui discepoli il suo Spirito vivificante e per mezzo di lui costitu\u00ec il suo corpo, la Chiesa, quale universale sacramento di salvezza; assiso alla destra del Padre, opera incessantemente nel mondo per condurre gli uomini alla Chiesa e per mezzo di essa unirli pi\u00f9 intimamente a s\u00e9 e renderli partecipi della sua vita gloriosa nutrendoli con il suo Corpo e il suo Sangue\u00bb (n. 48).<\/p>\n<p style=\"text-align: justify;\">Se figli di Dio non si nasce, ma si diventa, va da s\u00e9 che ci\u00f2 non \u00e8 mai spunto di presunzione e di condanna per gli altri. Come ha ricordato Giovanni Paolo II nell&#8217;enciclica <em>Redemptoris missio<\/em> \u00abla fede che abbiamo ricevuto\u00bb \u00e8 un \u00abdono dall&#8217;Alto senza nostro merito\u00bb.<\/p>\n<p style=\"text-align: justify;\">L&#8217;esperienza della figliolanza \u00e8 invece tutta piena solo di gratitudine, per il dono immeritato, e di speranza nei confronti di tutti. Per cui non si tratta di giudicare i miscredenti, i lontani, o addirittura quelli che possono sembrare avversari. Anche perch\u00e9 ognuno di loro pu\u00f2, quando meno se lo aspetta, incontrare il fatto cristiano.<\/p>\n<p style=\"text-align: justify;\">Come scriveva Charles P\u00e9guy, commentando un verso di Corneille, \u00abDio tocca i cuori quando meno ce lo si aspetta. \u00c8 la formula stessa del morso, \u00e8 la formula dell&#8217;attacco, del colpo, della penetrazione della grazia. Ma essa implica anche che colui che vi pensa, che ha l&#8217;abitudine di pensarci, che \u00e8 ricoperto dallo strato dell&#8217;abitudine \u00e8 anche colui che si espone di meno e per cos\u00ec dire da meno possibilit\u00e0 alla presa\u00bb.<\/p>\n<p style=\"text-align: justify;\">Questa gratitudine non giudica nessuno, ma \u00e8 magnanima e misericordiosa anche davanti all&#8217;errore e al peccato. Come accadde a san Francesco Saverio, il discepolo prediletto che Ignazio di Loyola aveva mandato ad evangelizzare il lontano Oriente. Davanti ai peccati anche turpi dei pagani, Francesco Saverio si stupiva che senza la fede, i sacramenti e la preghiera filiale non ne facessero di pi\u00f9 gravi.<\/p>\n<p style=\"text-align: justify;\">Come scrive in una lettera inviata ai suoi compagni da Cochin, nel 1552: \u00abIo non mi meraviglio per i peccati che esistono fra bonzi e bonze, quantunque ve ne siano in grande quantit\u00e0. Anzi, mi meraviglio che non ne facciano pi\u00f9 di quelli che fanno&#8230; \u00bb.<\/p>\n","protected":false},"excerpt":{"rendered":"<p>30Giorni n.1 Gennaio 1997 La figliolanza divina secondo San Giovanni di Ignace de la Potterie<\/p><p><a class=\"more-link btn\" href=\"https:\/\/www.rassegnastampa-totustuus.it\/cattolica\/figli-di-dio-non-si-nasce-si-diventa\/\">Continua a leggere<\/a><\/p>\n","protected":false},"author":6,"featured_media":31594,"comment_status":"closed","ping_status":"open","sticky":false,"template":"","format":"standard","meta":{"footnotes":""},"categories":[5,42],"tags":[1747],"class_list":["post-3779","post","type-post","status-publish","format-standard","has-post-thumbnail","hentry","category-chiesa","category-dottrina-e-morale","tag-figli-di-dio","item-wrap"],"yoast_head":"<!-- This site is optimized with the Yoast SEO plugin v27.5 - https:\/\/yoast.com\/product\/yoast-seo-wordpress\/ -->\n<title>Figli di Dio non si nasce Si diventa - Rassegna Stampa Cattolica<\/title>\n<meta name=\"description\" content=\"Rassegna Stampa Cattolica - Per una cultura che nasce dalla Rivelazione cristiana in conformit\u00e0 alla tradizione e al Magistero della Chiesa in opposizione ad ogni relativismo e totalitarismo\" \/>\n<meta name=\"robots\" content=\"index, follow, max-snippet:-1, max-image-preview:large, max-video-preview:-1\" \/>\n<link rel=\"canonical\" href=\"https:\/\/www.rassegnastampa-totustuus.it\/cattolica\/figli-di-dio-non-si-nasce-si-diventa\/\" \/>\n<meta property=\"og:locale\" content=\"it_IT\" \/>\n<meta property=\"og:type\" content=\"article\" \/>\n<meta property=\"og:title\" content=\"Figli di Dio non si nasce Si diventa - Rassegna Stampa Cattolica\" \/>\n<meta property=\"og:description\" content=\"Rassegna Stampa Cattolica - Per una cultura che nasce dalla Rivelazione cristiana in conformit\u00e0 alla tradizione e al Magistero della Chiesa in opposizione ad ogni relativismo e totalitarismo\" \/>\n<meta property=\"og:url\" content=\"https:\/\/www.rassegnastampa-totustuus.it\/cattolica\/figli-di-dio-non-si-nasce-si-diventa\/\" \/>\n<meta property=\"og:site_name\" content=\"Rassegna Stampa Cattolica\" \/>\n<meta property=\"article:publisher\" content=\"https:\/\/www.facebook.com\/rassegnastampacattolica\" \/>\n<meta property=\"article:published_time\" content=\"2010-04-06T15:13:48+00:00\" \/>\n<meta property=\"article:modified_time\" content=\"2016-03-10T15:10:26+00:00\" \/>\n<meta property=\"og:image\" content=\"https:\/\/www.rassegnastampa-totustuus.it\/cattolica\/wp-content\/uploads\/2010\/04\/figli_di_Dio.jpg\" \/>\n\t<meta property=\"og:image:width\" content=\"236\" \/>\n\t<meta property=\"og:image:height\" content=\"213\" \/>\n\t<meta property=\"og:image:type\" content=\"image\/jpeg\" \/>\n<meta name=\"author\" content=\"Redazione\" \/>\n<meta name=\"twitter:card\" content=\"summary_large_image\" \/>\n<meta name=\"twitter:creator\" content=\"@rassegnastampa9\" \/>\n<meta name=\"twitter:site\" content=\"@rassegnastampa9\" \/>\n<meta name=\"twitter:label1\" content=\"Scritto da\" \/>\n\t<meta name=\"twitter:data1\" content=\"Redazione\" \/>\n\t<meta name=\"twitter:label2\" content=\"Tempo di lettura stimato\" \/>\n\t<meta name=\"twitter:data2\" content=\"11 minuti\" \/>\n<script type=\"application\/ld+json\" class=\"yoast-schema-graph\">{\"@context\":\"https:\\\/\\\/schema.org\",\"@graph\":[{\"@type\":\"Article\",\"@id\":\"https:\\\/\\\/www.rassegnastampa-totustuus.it\\\/cattolica\\\/figli-di-dio-non-si-nasce-si-diventa\\\/#article\",\"isPartOf\":{\"@id\":\"https:\\\/\\\/www.rassegnastampa-totustuus.it\\\/cattolica\\\/figli-di-dio-non-si-nasce-si-diventa\\\/\"},\"author\":{\"name\":\"Redazione\",\"@id\":\"https:\\\/\\\/www.rassegnastampa-totustuus.it\\\/cattolica\\\/#\\\/schema\\\/person\\\/08f319d2bd1a0904ad9e2bfb7b15e5c3\"},\"headline\":\"Figli di Dio non si nasce Si diventa\",\"datePublished\":\"2010-04-06T15:13:48+00:00\",\"dateModified\":\"2016-03-10T15:10:26+00:00\",\"mainEntityOfPage\":{\"@id\":\"https:\\\/\\\/www.rassegnastampa-totustuus.it\\\/cattolica\\\/figli-di-dio-non-si-nasce-si-diventa\\\/\"},\"wordCount\":2188,\"publisher\":{\"@id\":\"https:\\\/\\\/www.rassegnastampa-totustuus.it\\\/cattolica\\\/#organization\"},\"image\":{\"@id\":\"https:\\\/\\\/www.rassegnastampa-totustuus.it\\\/cattolica\\\/figli-di-dio-non-si-nasce-si-diventa\\\/#primaryimage\"},\"thumbnailUrl\":\"https:\\\/\\\/www.rassegnastampa-totustuus.it\\\/cattolica\\\/wp-content\\\/uploads\\\/2010\\\/04\\\/figli_di_Dio.jpg\",\"keywords\":[\"figli di Dio\"],\"articleSection\":[\"Chiesa\",\"Dottrina e morale\"],\"inLanguage\":\"it-IT\"},{\"@type\":\"WebPage\",\"@id\":\"https:\\\/\\\/www.rassegnastampa-totustuus.it\\\/cattolica\\\/figli-di-dio-non-si-nasce-si-diventa\\\/\",\"url\":\"https:\\\/\\\/www.rassegnastampa-totustuus.it\\\/cattolica\\\/figli-di-dio-non-si-nasce-si-diventa\\\/\",\"name\":\"Figli di Dio non si nasce Si diventa - Rassegna Stampa Cattolica\",\"isPartOf\":{\"@id\":\"https:\\\/\\\/www.rassegnastampa-totustuus.it\\\/cattolica\\\/#website\"},\"primaryImageOfPage\":{\"@id\":\"https:\\\/\\\/www.rassegnastampa-totustuus.it\\\/cattolica\\\/figli-di-dio-non-si-nasce-si-diventa\\\/#primaryimage\"},\"image\":{\"@id\":\"https:\\\/\\\/www.rassegnastampa-totustuus.it\\\/cattolica\\\/figli-di-dio-non-si-nasce-si-diventa\\\/#primaryimage\"},\"thumbnailUrl\":\"https:\\\/\\\/www.rassegnastampa-totustuus.it\\\/cattolica\\\/wp-content\\\/uploads\\\/2010\\\/04\\\/figli_di_Dio.jpg\",\"datePublished\":\"2010-04-06T15:13:48+00:00\",\"dateModified\":\"2016-03-10T15:10:26+00:00\",\"description\":\"Rassegna Stampa Cattolica - Per una cultura che nasce dalla Rivelazione cristiana in conformit\u00e0 alla tradizione e al Magistero della Chiesa in opposizione ad ogni relativismo e totalitarismo\",\"breadcrumb\":{\"@id\":\"https:\\\/\\\/www.rassegnastampa-totustuus.it\\\/cattolica\\\/figli-di-dio-non-si-nasce-si-diventa\\\/#breadcrumb\"},\"inLanguage\":\"it-IT\",\"potentialAction\":[{\"@type\":\"ReadAction\",\"target\":[\"https:\\\/\\\/www.rassegnastampa-totustuus.it\\\/cattolica\\\/figli-di-dio-non-si-nasce-si-diventa\\\/\"]}]},{\"@type\":\"ImageObject\",\"inLanguage\":\"it-IT\",\"@id\":\"https:\\\/\\\/www.rassegnastampa-totustuus.it\\\/cattolica\\\/figli-di-dio-non-si-nasce-si-diventa\\\/#primaryimage\",\"url\":\"https:\\\/\\\/www.rassegnastampa-totustuus.it\\\/cattolica\\\/wp-content\\\/uploads\\\/2010\\\/04\\\/figli_di_Dio.jpg\",\"contentUrl\":\"https:\\\/\\\/www.rassegnastampa-totustuus.it\\\/cattolica\\\/wp-content\\\/uploads\\\/2010\\\/04\\\/figli_di_Dio.jpg\",\"width\":236,\"height\":213},{\"@type\":\"BreadcrumbList\",\"@id\":\"https:\\\/\\\/www.rassegnastampa-totustuus.it\\\/cattolica\\\/figli-di-dio-non-si-nasce-si-diventa\\\/#breadcrumb\",\"itemListElement\":[{\"@type\":\"ListItem\",\"position\":1,\"name\":\"Home\",\"item\":\"https:\\\/\\\/www.rassegnastampa-totustuus.it\\\/cattolica\\\/\"},{\"@type\":\"ListItem\",\"position\":2,\"name\":\"Figli di Dio non si nasce Si diventa\"}]},{\"@type\":\"WebSite\",\"@id\":\"https:\\\/\\\/www.rassegnastampa-totustuus.it\\\/cattolica\\\/#website\",\"url\":\"https:\\\/\\\/www.rassegnastampa-totustuus.it\\\/cattolica\\\/\",\"name\":\"Rassegna Stampa Cattolica\",\"description\":\"Per una cultura che nasce dalla Rivelazione cristiana in conformit\u00e0 alla tradizione e al Magistero della Chiesa in opposizione ad ogni relativismo e totalitarismo\",\"publisher\":{\"@id\":\"https:\\\/\\\/www.rassegnastampa-totustuus.it\\\/cattolica\\\/#organization\"},\"alternateName\":\"Rass. Cattolica\",\"potentialAction\":[{\"@type\":\"SearchAction\",\"target\":{\"@type\":\"EntryPoint\",\"urlTemplate\":\"https:\\\/\\\/www.rassegnastampa-totustuus.it\\\/cattolica\\\/?s={search_term_string}\"},\"query-input\":{\"@type\":\"PropertyValueSpecification\",\"valueRequired\":true,\"valueName\":\"search_term_string\"}}],\"inLanguage\":\"it-IT\"},{\"@type\":\"Organization\",\"@id\":\"https:\\\/\\\/www.rassegnastampa-totustuus.it\\\/cattolica\\\/#organization\",\"name\":\"Rassegna Stampa Cattolica\",\"url\":\"https:\\\/\\\/www.rassegnastampa-totustuus.it\\\/cattolica\\\/\",\"logo\":{\"@type\":\"ImageObject\",\"inLanguage\":\"it-IT\",\"@id\":\"https:\\\/\\\/www.rassegnastampa-totustuus.it\\\/cattolica\\\/#\\\/schema\\\/logo\\\/image\\\/\",\"url\":\"https:\\\/\\\/www.rassegnastampa-totustuus.it\\\/cattolica\\\/wp-content\\\/uploads\\\/2014\\\/04\\\/logo-rassegna1.gif\",\"contentUrl\":\"https:\\\/\\\/www.rassegnastampa-totustuus.it\\\/cattolica\\\/wp-content\\\/uploads\\\/2014\\\/04\\\/logo-rassegna1.gif\",\"width\":600,\"height\":163,\"caption\":\"Rassegna Stampa Cattolica\"},\"image\":{\"@id\":\"https:\\\/\\\/www.rassegnastampa-totustuus.it\\\/cattolica\\\/#\\\/schema\\\/logo\\\/image\\\/\"},\"sameAs\":[\"https:\\\/\\\/www.facebook.com\\\/rassegnastampacattolica\",\"https:\\\/\\\/x.com\\\/rassegnastampa9\"]},{\"@type\":\"Person\",\"@id\":\"https:\\\/\\\/www.rassegnastampa-totustuus.it\\\/cattolica\\\/#\\\/schema\\\/person\\\/08f319d2bd1a0904ad9e2bfb7b15e5c3\",\"name\":\"Redazione\",\"image\":{\"@type\":\"ImageObject\",\"inLanguage\":\"it-IT\",\"@id\":\"https:\\\/\\\/secure.gravatar.com\\\/avatar\\\/2fcdf27c78ea025fbdb44e914cc63c72249ffec9dc8aafd5c82b26240ef3f346?s=96&d=mm&r=g\",\"url\":\"https:\\\/\\\/secure.gravatar.com\\\/avatar\\\/2fcdf27c78ea025fbdb44e914cc63c72249ffec9dc8aafd5c82b26240ef3f346?s=96&d=mm&r=g\",\"contentUrl\":\"https:\\\/\\\/secure.gravatar.com\\\/avatar\\\/2fcdf27c78ea025fbdb44e914cc63c72249ffec9dc8aafd5c82b26240ef3f346?s=96&d=mm&r=g\",\"caption\":\"Redazione\"},\"url\":\"https:\\\/\\\/www.rassegnastampa-totustuus.it\\\/cattolica\\\/author\\\/pietroelle\\\/\"}]}<\/script>\n<!-- \/ Yoast SEO plugin. -->","yoast_head_json":{"title":"Figli di Dio non si nasce Si diventa - Rassegna Stampa Cattolica","description":"Rassegna Stampa Cattolica - Per una cultura che nasce dalla Rivelazione cristiana in conformit\u00e0 alla tradizione e al Magistero della Chiesa in opposizione ad ogni relativismo e totalitarismo","robots":{"index":"index","follow":"follow","max-snippet":"max-snippet:-1","max-image-preview":"max-image-preview:large","max-video-preview":"max-video-preview:-1"},"canonical":"https:\/\/www.rassegnastampa-totustuus.it\/cattolica\/figli-di-dio-non-si-nasce-si-diventa\/","og_locale":"it_IT","og_type":"article","og_title":"Figli di Dio non si nasce Si diventa - Rassegna Stampa Cattolica","og_description":"Rassegna Stampa Cattolica - Per una cultura che nasce dalla Rivelazione cristiana in conformit\u00e0 alla tradizione e al Magistero della Chiesa in opposizione ad ogni relativismo e totalitarismo","og_url":"https:\/\/www.rassegnastampa-totustuus.it\/cattolica\/figli-di-dio-non-si-nasce-si-diventa\/","og_site_name":"Rassegna Stampa Cattolica","article_publisher":"https:\/\/www.facebook.com\/rassegnastampacattolica","article_published_time":"2010-04-06T15:13:48+00:00","article_modified_time":"2016-03-10T15:10:26+00:00","og_image":[{"width":236,"height":213,"url":"https:\/\/www.rassegnastampa-totustuus.it\/cattolica\/wp-content\/uploads\/2010\/04\/figli_di_Dio.jpg","type":"image\/jpeg"}],"author":"Redazione","twitter_card":"summary_large_image","twitter_creator":"@rassegnastampa9","twitter_site":"@rassegnastampa9","twitter_misc":{"Scritto da":"Redazione","Tempo di lettura stimato":"11 minuti"},"schema":{"@context":"https:\/\/schema.org","@graph":[{"@type":"Article","@id":"https:\/\/www.rassegnastampa-totustuus.it\/cattolica\/figli-di-dio-non-si-nasce-si-diventa\/#article","isPartOf":{"@id":"https:\/\/www.rassegnastampa-totustuus.it\/cattolica\/figli-di-dio-non-si-nasce-si-diventa\/"},"author":{"name":"Redazione","@id":"https:\/\/www.rassegnastampa-totustuus.it\/cattolica\/#\/schema\/person\/08f319d2bd1a0904ad9e2bfb7b15e5c3"},"headline":"Figli di Dio non si nasce Si diventa","datePublished":"2010-04-06T15:13:48+00:00","dateModified":"2016-03-10T15:10:26+00:00","mainEntityOfPage":{"@id":"https:\/\/www.rassegnastampa-totustuus.it\/cattolica\/figli-di-dio-non-si-nasce-si-diventa\/"},"wordCount":2188,"publisher":{"@id":"https:\/\/www.rassegnastampa-totustuus.it\/cattolica\/#organization"},"image":{"@id":"https:\/\/www.rassegnastampa-totustuus.it\/cattolica\/figli-di-dio-non-si-nasce-si-diventa\/#primaryimage"},"thumbnailUrl":"https:\/\/www.rassegnastampa-totustuus.it\/cattolica\/wp-content\/uploads\/2010\/04\/figli_di_Dio.jpg","keywords":["figli di Dio"],"articleSection":["Chiesa","Dottrina e morale"],"inLanguage":"it-IT"},{"@type":"WebPage","@id":"https:\/\/www.rassegnastampa-totustuus.it\/cattolica\/figli-di-dio-non-si-nasce-si-diventa\/","url":"https:\/\/www.rassegnastampa-totustuus.it\/cattolica\/figli-di-dio-non-si-nasce-si-diventa\/","name":"Figli di Dio non si nasce Si diventa - Rassegna Stampa Cattolica","isPartOf":{"@id":"https:\/\/www.rassegnastampa-totustuus.it\/cattolica\/#website"},"primaryImageOfPage":{"@id":"https:\/\/www.rassegnastampa-totustuus.it\/cattolica\/figli-di-dio-non-si-nasce-si-diventa\/#primaryimage"},"image":{"@id":"https:\/\/www.rassegnastampa-totustuus.it\/cattolica\/figli-di-dio-non-si-nasce-si-diventa\/#primaryimage"},"thumbnailUrl":"https:\/\/www.rassegnastampa-totustuus.it\/cattolica\/wp-content\/uploads\/2010\/04\/figli_di_Dio.jpg","datePublished":"2010-04-06T15:13:48+00:00","dateModified":"2016-03-10T15:10:26+00:00","description":"Rassegna Stampa Cattolica - Per una cultura che nasce dalla Rivelazione cristiana in conformit\u00e0 alla tradizione e al Magistero della Chiesa in opposizione ad ogni relativismo e totalitarismo","breadcrumb":{"@id":"https:\/\/www.rassegnastampa-totustuus.it\/cattolica\/figli-di-dio-non-si-nasce-si-diventa\/#breadcrumb"},"inLanguage":"it-IT","potentialAction":[{"@type":"ReadAction","target":["https:\/\/www.rassegnastampa-totustuus.it\/cattolica\/figli-di-dio-non-si-nasce-si-diventa\/"]}]},{"@type":"ImageObject","inLanguage":"it-IT","@id":"https:\/\/www.rassegnastampa-totustuus.it\/cattolica\/figli-di-dio-non-si-nasce-si-diventa\/#primaryimage","url":"https:\/\/www.rassegnastampa-totustuus.it\/cattolica\/wp-content\/uploads\/2010\/04\/figli_di_Dio.jpg","contentUrl":"https:\/\/www.rassegnastampa-totustuus.it\/cattolica\/wp-content\/uploads\/2010\/04\/figli_di_Dio.jpg","width":236,"height":213},{"@type":"BreadcrumbList","@id":"https:\/\/www.rassegnastampa-totustuus.it\/cattolica\/figli-di-dio-non-si-nasce-si-diventa\/#breadcrumb","itemListElement":[{"@type":"ListItem","position":1,"name":"Home","item":"https:\/\/www.rassegnastampa-totustuus.it\/cattolica\/"},{"@type":"ListItem","position":2,"name":"Figli di Dio non si nasce Si diventa"}]},{"@type":"WebSite","@id":"https:\/\/www.rassegnastampa-totustuus.it\/cattolica\/#website","url":"https:\/\/www.rassegnastampa-totustuus.it\/cattolica\/","name":"Rassegna Stampa Cattolica","description":"Per una cultura che nasce dalla Rivelazione cristiana in conformit\u00e0 alla tradizione e al Magistero della Chiesa in opposizione ad ogni relativismo e totalitarismo","publisher":{"@id":"https:\/\/www.rassegnastampa-totustuus.it\/cattolica\/#organization"},"alternateName":"Rass. Cattolica","potentialAction":[{"@type":"SearchAction","target":{"@type":"EntryPoint","urlTemplate":"https:\/\/www.rassegnastampa-totustuus.it\/cattolica\/?s={search_term_string}"},"query-input":{"@type":"PropertyValueSpecification","valueRequired":true,"valueName":"search_term_string"}}],"inLanguage":"it-IT"},{"@type":"Organization","@id":"https:\/\/www.rassegnastampa-totustuus.it\/cattolica\/#organization","name":"Rassegna Stampa Cattolica","url":"https:\/\/www.rassegnastampa-totustuus.it\/cattolica\/","logo":{"@type":"ImageObject","inLanguage":"it-IT","@id":"https:\/\/www.rassegnastampa-totustuus.it\/cattolica\/#\/schema\/logo\/image\/","url":"https:\/\/www.rassegnastampa-totustuus.it\/cattolica\/wp-content\/uploads\/2014\/04\/logo-rassegna1.gif","contentUrl":"https:\/\/www.rassegnastampa-totustuus.it\/cattolica\/wp-content\/uploads\/2014\/04\/logo-rassegna1.gif","width":600,"height":163,"caption":"Rassegna Stampa Cattolica"},"image":{"@id":"https:\/\/www.rassegnastampa-totustuus.it\/cattolica\/#\/schema\/logo\/image\/"},"sameAs":["https:\/\/www.facebook.com\/rassegnastampacattolica","https:\/\/x.com\/rassegnastampa9"]},{"@type":"Person","@id":"https:\/\/www.rassegnastampa-totustuus.it\/cattolica\/#\/schema\/person\/08f319d2bd1a0904ad9e2bfb7b15e5c3","name":"Redazione","image":{"@type":"ImageObject","inLanguage":"it-IT","@id":"https:\/\/secure.gravatar.com\/avatar\/2fcdf27c78ea025fbdb44e914cc63c72249ffec9dc8aafd5c82b26240ef3f346?s=96&d=mm&r=g","url":"https:\/\/secure.gravatar.com\/avatar\/2fcdf27c78ea025fbdb44e914cc63c72249ffec9dc8aafd5c82b26240ef3f346?s=96&d=mm&r=g","contentUrl":"https:\/\/secure.gravatar.com\/avatar\/2fcdf27c78ea025fbdb44e914cc63c72249ffec9dc8aafd5c82b26240ef3f346?s=96&d=mm&r=g","caption":"Redazione"},"url":"https:\/\/www.rassegnastampa-totustuus.it\/cattolica\/author\/pietroelle\/"}]}},"_links":{"self":[{"href":"https:\/\/www.rassegnastampa-totustuus.it\/cattolica\/wp-json\/wp\/v2\/posts\/3779","targetHints":{"allow":["GET"]}}],"collection":[{"href":"https:\/\/www.rassegnastampa-totustuus.it\/cattolica\/wp-json\/wp\/v2\/posts"}],"about":[{"href":"https:\/\/www.rassegnastampa-totustuus.it\/cattolica\/wp-json\/wp\/v2\/types\/post"}],"author":[{"embeddable":true,"href":"https:\/\/www.rassegnastampa-totustuus.it\/cattolica\/wp-json\/wp\/v2\/users\/6"}],"replies":[{"embeddable":true,"href":"https:\/\/www.rassegnastampa-totustuus.it\/cattolica\/wp-json\/wp\/v2\/comments?post=3779"}],"version-history":[{"count":4,"href":"https:\/\/www.rassegnastampa-totustuus.it\/cattolica\/wp-json\/wp\/v2\/posts\/3779\/revisions"}],"predecessor-version":[{"id":31595,"href":"https:\/\/www.rassegnastampa-totustuus.it\/cattolica\/wp-json\/wp\/v2\/posts\/3779\/revisions\/31595"}],"wp:featuredmedia":[{"embeddable":true,"href":"https:\/\/www.rassegnastampa-totustuus.it\/cattolica\/wp-json\/wp\/v2\/media\/31594"}],"wp:attachment":[{"href":"https:\/\/www.rassegnastampa-totustuus.it\/cattolica\/wp-json\/wp\/v2\/media?parent=3779"}],"wp:term":[{"taxonomy":"category","embeddable":true,"href":"https:\/\/www.rassegnastampa-totustuus.it\/cattolica\/wp-json\/wp\/v2\/categories?post=3779"},{"taxonomy":"post_tag","embeddable":true,"href":"https:\/\/www.rassegnastampa-totustuus.it\/cattolica\/wp-json\/wp\/v2\/tags?post=3779"}],"curies":[{"name":"wp","href":"https:\/\/api.w.org\/{rel}","templated":true}]}}