{"id":37761,"date":"2017-05-25T00:00:28","date_gmt":"2017-05-24T22:00:28","guid":{"rendered":"http:\/\/www.rassegnastampa-totustuus.it\/cattolica\/?p=37761"},"modified":"2017-05-18T09:36:13","modified_gmt":"2017-05-18T07:36:13","slug":"il-coraggio-di-amare-le-persone-omosessuali","status":"publish","type":"post","link":"https:\/\/www.rassegnastampa-totustuus.it\/cattolica\/il-coraggio-di-amare-le-persone-omosessuali\/","title":{"rendered":"Il coraggio di amare le persone omosessuali"},"content":{"rendered":"<p style=\"text-align: center;\"><img loading=\"lazy\" decoding=\"async\" class=\"alignright wp-image-37762 size-full\" src=\"https:\/\/www.rassegnastampa-totustuus.it\/cattolica\/wp-content\/uploads\/2017\/05\/Courage.png\" alt=\"Courage\" width=\"240\" height=\"132\" \/>Dal blog di<strong> Costanza Miriano <\/strong><\/p>\n<p style=\"text-align: center;\">17 Maggio 2017<\/p>\n<p style=\"text-align: center;\"><strong>\u00a0<\/strong>di <strong>Costanza Miriano<\/strong><\/p>\n<p style=\"text-align: justify;\">Ci sarebbero tante tantissime cose da dire sulla giornata antiomofobia. Per esempio che picchiare minacciare denigrare calunniare qualcuno \u00e8 gi\u00e0 adesso reato nel nostro codice, per qualsiasi motivo lo si faccia. Per esempio che gi\u00e0 oggi la legge prevede le aggravanti per motivi abietti, come sarebbe se qualcuno venisse picchiato per il suo orientamento sessuale.<\/p>\n<p style=\"text-align: justify;\"><!--more--><\/p>\n<p style=\"text-align: justify;\">Per esempio che i bambini ciccioni vengono discriminati senza nessuna giornata mondiale contro la cicciofobia, o la sfigatofobia. Per esempio che l\u2019Italia secondo l\u2019Oscad e il Pew Institute \u00e8 uno dei paesi in cui si registra minore ostilit\u00e0 al mondo verso le persone omosessuali, perch\u00e9 noi siamo un paese di grande cultura, grazie a Dio, e non siamo bifolchi come quelli dell\u2019Onu che vengono a farci le prediche.<\/p>\n<p style=\"text-align: justify;\">Per esempio che mentre gi\u00e0 oggi ci sono psichiatri che considerano la fede religiosa un fatto patologico, d\u2019altra parte se uno psichiatra si offre di curare una persona che non viva serenamente il proprio orientamento sessuale viene messo sotto procedimento disciplinare. Per esempio che invece c\u2019\u00e8 un\u2019epidemia di eterofobia tanto che un terapeuta titolato e stimato come Ricci viene messo sotto procedimento disciplinare se dice che i bambini hanno bisogno di un padre e una madre (idem la De Mari se osa parlare delle conseguenze fisiche della penetrazione anale).<\/p>\n<p style=\"text-align: justify;\">Ci sarebbero tante cose da dire ma non ho avuto tempo di scriverle, oggi. E allora ne vorrei dire una che mi sta molto a cuore, prima che finisca la giornata.<\/p>\n<p style=\"text-align: justify;\">Io credo che l\u2019omofobia non esista: \u00e8 una parola inventata per dire una cosa che non c\u2019\u00e8. Nessuno ha paura degli omosessuali. Probabilmente ci sono molte persone che non li capiscono, questo s\u00ec. Ma chi vuole veramente il loro bene? Chi cerca di capirli davvero, di amarli, di accompagnare le persone che provano attrazione verso lo stesso sesso, e si rifiuta invece di \u201caccompagnare\u201d la loro attrazione, come fa chi organizza dark rooms e glory holes e robe simili? Chi li guarda come persone e basta?<\/p>\n<p class=\"alignright\" style=\"text-align: justify;\"><img loading=\"lazy\" decoding=\"async\" class=\"size-full wp-image-23535 alignleft\" src=\"https:\/\/www.rassegnastampa-totustuus.it\/cattolica\/wp-content\/uploads\/2012\/03\/confessionale.jpg\" alt=\"confessionale\" width=\"266\" height=\"189\" \/>Di certo non chi li ha usati e li sta usando per cercare di innescare un cambiamento culturale, un tana libera tutti in cui la sessualit\u00e0 diventa una palude al servizio dell\u2019istinto e dell\u2019emotivit\u00e0, senza un giudizio, senza una ragione, senza un discernimento che aiuti a capire le ferite che hanno segnato una persona. Di certo non chi li ha usati, chi li sta usando per farli diventare bandiere di una liberazione sessuale i cui frutti di solitudine infecondit\u00e0 sofferenza stanno sotto gli occhi di tutti.<\/p>\n<p style=\"text-align: justify;\">Io penso che voglia il loro bene prima di tutto chi non li riduce alla loro inclinazione o alle loro azioni, ma chi guarda loro come persone. Amare una persona \u00e8 non giudicarla mai, ma aiutarla a guardare la sua sofferenza, se c\u2019\u00e8. Giudicare dunque le sue azioni, non la persona. Ricordare che, come scrive Harvey nel suo meraviglioso, delicatissimo libro, <em><a href=\"http:\/\/www.edizionistudiodomenicano.it\/Libro.php?id=923\">Accompagnare la persona<\/a><\/em>, Edizioni Studio domenicano, \u201cgli atti omosessuali sono per loro natura fonte di frustrazione e molti di coloro che li praticano sentono che non li porteranno da nessuna parte.<\/p>\n<p style=\"text-align: justify;\">Vi \u00e8 di solito la sensazione che si cerchi nell\u2019altro quello che manca a se stessi. La relazione fra due persone con la stessa ferita non \u00e8 duratura, proprio perch\u00e9 ognuno cerca nell\u2019altro una caratteristica di cui manca, ma che l\u2019altro non potr\u00e0 mai dargli. Tale mancanza consiste nella non identificazione con il proprio sesso, derivante dalla famiglia di origine\u201d.<\/p>\n<p style=\"text-align: justify;\">Se un tuo amico vive questa frustrazione, questa mancanza, tu fai il suo bene se gli dici che \u00e8 fantastico vivere cos\u00ec, o se gli dici che lui \u00e8 pi\u00f9 grande della sua ferita, e che \u00e8 possibile vivere diversamente? \u201cLa cura pastorale, dice Sean Kilkawley, esperto nella pastorale delle persone con dipendenza sessuale, non comincia con il giudizio morale degli atti commessi ma con il discernimento delle ferite presenti nella storia personale di ciascuno.<\/p>\n<p style=\"text-align: justify;\">Questo non significa che respingiamo la verit\u00e0 dell\u2019insegnamento della Chiesa sulla persona umana e sulla sessualit\u00e0 umana. Come dice Amoris Laetitia 293 \u00abnel discernimento pastorale conviene identificare elementi che possono favorire l\u2019evangelizzazione e la crescita umana e spirituale\u00bb. Questo spesso significa discernere le bugie che derivano dalle ferite subite nell\u2019infanzia. Come ad esempio \u201cnon sono amabile\u201d, \u201cse le persone sapessero chi sono in realt\u00e0 mi rifiuterebbero\u201d, \u201cDio ha commesso un errore quando mi ha creato\u201d.<\/p>\n<p style=\"text-align: justify;\"><img loading=\"lazy\" decoding=\"async\" class=\"alignright wp-image-26780\" src=\"https:\/\/www.rassegnastampa-totustuus.it\/cattolica\/wp-content\/uploads\/2015\/09\/misericordia.jpg\" alt=\"misericordia\" width=\"200\" height=\"190\" \/>Queste sono bugie sull\u2019identit\u00e0 che sono antiche come il peccato originale. L\u2019accompagnamento pastorale prevede di dire la verit\u00e0 dell\u2019amore di Ges\u00f9 difronte a queste menzogne \u2013 l\u2019accompagnamento pastorale deve essere accompagnamento kerygmatico a partire dalla prima proclamazione dell\u2019amore salvifico di Cristo e dalla chiamata alla conversione\u201d.<\/p>\n<p style=\"text-align: justify;\">Ecco, a me sembra che la vera omofobia, o meglio, la vera cattiveria verso le persone con attrazione verso lo stesso sesso sia tacere loro la possibilit\u00e0 di guardare a s\u00e9 in un modo diverso, e di cercare un modo diverso di vivere. Questa \u00e8 la vera cattiveria: inchiodare qualcuno alla sua sessualit\u00e0.<\/p>\n<p style=\"text-align: justify;\">Dentro la Chiesa, praticamente l\u2019unica a non essere caduta nella trappola della propaganda omosessualista, ci sono tante realt\u00e0 in cui si accompagna la persona con carit\u00e0 e verit\u00e0, come <strong>Courage<\/strong>, una proposta di vita spirituale e di santit\u00e0 che tanti vescovi, come monsignor Marciante a Roma, appoggiano e promuovono. Nessuno \u00e8 escluso dalla chiamata alla santit\u00e0, nessuno. Il Cardinale Ratzinger scriveva nel 1986 che \u201cun programma pastorale autentico aiuter\u00e0 le persone omosessuali a tutti i livelli della loro vita spirituale, mediante i sacramenti e in particolare la frequente e sincera confessione sacramentale, mediante la preghiera, la testimonianza, il consiglio e l\u2019aiuto individuale. In tal modo, l\u2019intera comunit\u00e0 cristiana pu\u00f2 giungere a riconoscere la sua vocazione ad assistere questi suoi fratelli e queste sue sorelle, evitando loro sia la delusione sia l\u2019isolamento\u201d. Certo, non a tutte le persone interessa la proposta cristiana, ma non si pu\u00f2 proprio dire che queste siano parole omofobe.<\/p>\n<p style=\"text-align: justify;\">Quindi, per favore, cari colleghi, basta titolare \u201cla Chiesa di Francesco apre ai gay\u201d. Tre errori in sette parole \u00e8 un bel record. Uno. Gay \u00e8 una parola propagandistica che la Chiesa rifiuta. Due. La Chiesa non \u00e8 di Francesco ma ha una tradizione bimillenaria, e il suo giudizio sugli atti omosessuali non \u00e8 cambiato da san Paolo a oggi. Tre. La Chiesa non ha aperto, \u00e8 aperta da duemila anni, da quando Cristo \u00e8 morto in croce, non per dirci che peccare \u00e8 figo e poi alla fine si va tutti in paradiso, ma per dirci che una vita molto pi\u00f9 bella, quella eterna, \u00e8 possibile per tutti.<\/p>\n<p>&nbsp;<\/p>\n","protected":false},"excerpt":{"rendered":"<p>Dal blog di Costanza Miriano 17 Maggio 2017 \u00a0di Costanza Miriano Ci sarebbero tante tantissime cose da dire sulla giornata antiomofobia. Per esempio che picchiare minacciare denigrare calunniare qualcuno \u00e8 gi\u00e0 adesso reato nel nostro codice, per qualsiasi motivo lo si faccia. Per esempio che gi\u00e0 oggi la legge prevede le aggravanti per motivi abietti, &hellip; <\/p>\n<p><a class=\"more-link btn\" href=\"https:\/\/www.rassegnastampa-totustuus.it\/cattolica\/il-coraggio-di-amare-le-persone-omosessuali\/\">Continua a leggere<\/a><\/p>\n","protected":false},"author":6,"featured_media":37762,"comment_status":"closed","ping_status":"closed","sticky":false,"template":"","format":"standard","meta":{"footnotes":""},"categories":[5,48],"tags":[322],"class_list":["post-37761","post","type-post","status-publish","format-standard","has-post-thumbnail","hentry","category-chiesa","category-omosessualit","tag-omosessualita","item-wrap"],"yoast_head":"<!-- This site is optimized with the Yoast SEO plugin v27.5 - https:\/\/yoast.com\/product\/yoast-seo-wordpress\/ -->\n<title>Il coraggio di amare le persone omosessuali - Rassegna Stampa Cattolica<\/title>\n<meta name=\"description\" content=\"Rassegna Stampa Cattolica - Per una cultura che nasce dalla Rivelazione cristiana in conformit\u00e0 alla tradizione e al Magistero della Chiesa in opposizione ad ogni relativismo e totalitarismo\" \/>\n<meta name=\"robots\" content=\"index, follow, max-snippet:-1, max-image-preview:large, max-video-preview:-1\" \/>\n<link rel=\"canonical\" href=\"https:\/\/www.rassegnastampa-totustuus.it\/cattolica\/il-coraggio-di-amare-le-persone-omosessuali\/\" \/>\n<meta property=\"og:locale\" content=\"it_IT\" \/>\n<meta property=\"og:type\" content=\"article\" \/>\n<meta property=\"og:title\" content=\"Il coraggio di amare le persone omosessuali - Rassegna Stampa Cattolica\" \/>\n<meta property=\"og:description\" content=\"Rassegna Stampa Cattolica - Per una cultura che nasce dalla Rivelazione cristiana in conformit\u00e0 alla tradizione e al Magistero della Chiesa in opposizione ad ogni relativismo e totalitarismo\" \/>\n<meta property=\"og:url\" content=\"https:\/\/www.rassegnastampa-totustuus.it\/cattolica\/il-coraggio-di-amare-le-persone-omosessuali\/\" \/>\n<meta property=\"og:site_name\" content=\"Rassegna Stampa Cattolica\" \/>\n<meta property=\"article:publisher\" content=\"https:\/\/www.facebook.com\/rassegnastampacattolica\" \/>\n<meta property=\"article:published_time\" content=\"2017-05-24T22:00:28+00:00\" \/>\n<meta property=\"og:image\" content=\"https:\/\/www.rassegnastampa-totustuus.it\/cattolica\/wp-content\/uploads\/2017\/05\/Courage.png\" \/>\n\t<meta property=\"og:image:width\" content=\"240\" \/>\n\t<meta property=\"og:image:height\" content=\"132\" \/>\n\t<meta property=\"og:image:type\" content=\"image\/png\" \/>\n<meta name=\"author\" content=\"Redazione\" \/>\n<meta name=\"twitter:card\" content=\"summary_large_image\" \/>\n<meta name=\"twitter:creator\" content=\"@rassegnastampa9\" \/>\n<meta name=\"twitter:site\" content=\"@rassegnastampa9\" \/>\n<meta name=\"twitter:label1\" content=\"Scritto da\" \/>\n\t<meta name=\"twitter:data1\" content=\"Redazione\" \/>\n\t<meta name=\"twitter:label2\" content=\"Tempo di lettura stimato\" \/>\n\t<meta name=\"twitter:data2\" content=\"5 minuti\" \/>\n<script type=\"application\/ld+json\" class=\"yoast-schema-graph\">{\"@context\":\"https:\\\/\\\/schema.org\",\"@graph\":[{\"@type\":\"Article\",\"@id\":\"https:\\\/\\\/www.rassegnastampa-totustuus.it\\\/cattolica\\\/il-coraggio-di-amare-le-persone-omosessuali\\\/#article\",\"isPartOf\":{\"@id\":\"https:\\\/\\\/www.rassegnastampa-totustuus.it\\\/cattolica\\\/il-coraggio-di-amare-le-persone-omosessuali\\\/\"},\"author\":{\"name\":\"Redazione\",\"@id\":\"https:\\\/\\\/www.rassegnastampa-totustuus.it\\\/cattolica\\\/#\\\/schema\\\/person\\\/08f319d2bd1a0904ad9e2bfb7b15e5c3\"},\"headline\":\"Il coraggio di amare le persone omosessuali\",\"datePublished\":\"2017-05-24T22:00:28+00:00\",\"mainEntityOfPage\":{\"@id\":\"https:\\\/\\\/www.rassegnastampa-totustuus.it\\\/cattolica\\\/il-coraggio-di-amare-le-persone-omosessuali\\\/\"},\"wordCount\":1095,\"publisher\":{\"@id\":\"https:\\\/\\\/www.rassegnastampa-totustuus.it\\\/cattolica\\\/#organization\"},\"image\":{\"@id\":\"https:\\\/\\\/www.rassegnastampa-totustuus.it\\\/cattolica\\\/il-coraggio-di-amare-le-persone-omosessuali\\\/#primaryimage\"},\"thumbnailUrl\":\"https:\\\/\\\/www.rassegnastampa-totustuus.it\\\/cattolica\\\/wp-content\\\/uploads\\\/2017\\\/05\\\/Courage.png\",\"keywords\":[\"omosessualit\u00e0\"],\"articleSection\":[\"Chiesa\",\"Omosessualit&agrave;\"],\"inLanguage\":\"it-IT\"},{\"@type\":\"WebPage\",\"@id\":\"https:\\\/\\\/www.rassegnastampa-totustuus.it\\\/cattolica\\\/il-coraggio-di-amare-le-persone-omosessuali\\\/\",\"url\":\"https:\\\/\\\/www.rassegnastampa-totustuus.it\\\/cattolica\\\/il-coraggio-di-amare-le-persone-omosessuali\\\/\",\"name\":\"Il coraggio di amare le persone omosessuali - Rassegna Stampa Cattolica\",\"isPartOf\":{\"@id\":\"https:\\\/\\\/www.rassegnastampa-totustuus.it\\\/cattolica\\\/#website\"},\"primaryImageOfPage\":{\"@id\":\"https:\\\/\\\/www.rassegnastampa-totustuus.it\\\/cattolica\\\/il-coraggio-di-amare-le-persone-omosessuali\\\/#primaryimage\"},\"image\":{\"@id\":\"https:\\\/\\\/www.rassegnastampa-totustuus.it\\\/cattolica\\\/il-coraggio-di-amare-le-persone-omosessuali\\\/#primaryimage\"},\"thumbnailUrl\":\"https:\\\/\\\/www.rassegnastampa-totustuus.it\\\/cattolica\\\/wp-content\\\/uploads\\\/2017\\\/05\\\/Courage.png\",\"datePublished\":\"2017-05-24T22:00:28+00:00\",\"description\":\"Rassegna Stampa Cattolica - Per una cultura che nasce dalla Rivelazione cristiana in conformit\u00e0 alla tradizione e al Magistero della Chiesa in opposizione ad ogni relativismo e totalitarismo\",\"breadcrumb\":{\"@id\":\"https:\\\/\\\/www.rassegnastampa-totustuus.it\\\/cattolica\\\/il-coraggio-di-amare-le-persone-omosessuali\\\/#breadcrumb\"},\"inLanguage\":\"it-IT\",\"potentialAction\":[{\"@type\":\"ReadAction\",\"target\":[\"https:\\\/\\\/www.rassegnastampa-totustuus.it\\\/cattolica\\\/il-coraggio-di-amare-le-persone-omosessuali\\\/\"]}]},{\"@type\":\"ImageObject\",\"inLanguage\":\"it-IT\",\"@id\":\"https:\\\/\\\/www.rassegnastampa-totustuus.it\\\/cattolica\\\/il-coraggio-di-amare-le-persone-omosessuali\\\/#primaryimage\",\"url\":\"https:\\\/\\\/www.rassegnastampa-totustuus.it\\\/cattolica\\\/wp-content\\\/uploads\\\/2017\\\/05\\\/Courage.png\",\"contentUrl\":\"https:\\\/\\\/www.rassegnastampa-totustuus.it\\\/cattolica\\\/wp-content\\\/uploads\\\/2017\\\/05\\\/Courage.png\",\"width\":240,\"height\":132},{\"@type\":\"BreadcrumbList\",\"@id\":\"https:\\\/\\\/www.rassegnastampa-totustuus.it\\\/cattolica\\\/il-coraggio-di-amare-le-persone-omosessuali\\\/#breadcrumb\",\"itemListElement\":[{\"@type\":\"ListItem\",\"position\":1,\"name\":\"Home\",\"item\":\"https:\\\/\\\/www.rassegnastampa-totustuus.it\\\/cattolica\\\/\"},{\"@type\":\"ListItem\",\"position\":2,\"name\":\"Il coraggio di amare le persone omosessuali\"}]},{\"@type\":\"WebSite\",\"@id\":\"https:\\\/\\\/www.rassegnastampa-totustuus.it\\\/cattolica\\\/#website\",\"url\":\"https:\\\/\\\/www.rassegnastampa-totustuus.it\\\/cattolica\\\/\",\"name\":\"Rassegna Stampa Cattolica\",\"description\":\"Per una cultura che nasce dalla Rivelazione cristiana in conformit\u00e0 alla tradizione e al Magistero della Chiesa in opposizione ad ogni relativismo e totalitarismo\",\"publisher\":{\"@id\":\"https:\\\/\\\/www.rassegnastampa-totustuus.it\\\/cattolica\\\/#organization\"},\"alternateName\":\"Rass. Cattolica\",\"potentialAction\":[{\"@type\":\"SearchAction\",\"target\":{\"@type\":\"EntryPoint\",\"urlTemplate\":\"https:\\\/\\\/www.rassegnastampa-totustuus.it\\\/cattolica\\\/?s={search_term_string}\"},\"query-input\":{\"@type\":\"PropertyValueSpecification\",\"valueRequired\":true,\"valueName\":\"search_term_string\"}}],\"inLanguage\":\"it-IT\"},{\"@type\":\"Organization\",\"@id\":\"https:\\\/\\\/www.rassegnastampa-totustuus.it\\\/cattolica\\\/#organization\",\"name\":\"Rassegna Stampa Cattolica\",\"url\":\"https:\\\/\\\/www.rassegnastampa-totustuus.it\\\/cattolica\\\/\",\"logo\":{\"@type\":\"ImageObject\",\"inLanguage\":\"it-IT\",\"@id\":\"https:\\\/\\\/www.rassegnastampa-totustuus.it\\\/cattolica\\\/#\\\/schema\\\/logo\\\/image\\\/\",\"url\":\"https:\\\/\\\/www.rassegnastampa-totustuus.it\\\/cattolica\\\/wp-content\\\/uploads\\\/2014\\\/04\\\/logo-rassegna1.gif\",\"contentUrl\":\"https:\\\/\\\/www.rassegnastampa-totustuus.it\\\/cattolica\\\/wp-content\\\/uploads\\\/2014\\\/04\\\/logo-rassegna1.gif\",\"width\":600,\"height\":163,\"caption\":\"Rassegna Stampa Cattolica\"},\"image\":{\"@id\":\"https:\\\/\\\/www.rassegnastampa-totustuus.it\\\/cattolica\\\/#\\\/schema\\\/logo\\\/image\\\/\"},\"sameAs\":[\"https:\\\/\\\/www.facebook.com\\\/rassegnastampacattolica\",\"https:\\\/\\\/x.com\\\/rassegnastampa9\"]},{\"@type\":\"Person\",\"@id\":\"https:\\\/\\\/www.rassegnastampa-totustuus.it\\\/cattolica\\\/#\\\/schema\\\/person\\\/08f319d2bd1a0904ad9e2bfb7b15e5c3\",\"name\":\"Redazione\",\"image\":{\"@type\":\"ImageObject\",\"inLanguage\":\"it-IT\",\"@id\":\"https:\\\/\\\/secure.gravatar.com\\\/avatar\\\/2fcdf27c78ea025fbdb44e914cc63c72249ffec9dc8aafd5c82b26240ef3f346?s=96&d=mm&r=g\",\"url\":\"https:\\\/\\\/secure.gravatar.com\\\/avatar\\\/2fcdf27c78ea025fbdb44e914cc63c72249ffec9dc8aafd5c82b26240ef3f346?s=96&d=mm&r=g\",\"contentUrl\":\"https:\\\/\\\/secure.gravatar.com\\\/avatar\\\/2fcdf27c78ea025fbdb44e914cc63c72249ffec9dc8aafd5c82b26240ef3f346?s=96&d=mm&r=g\",\"caption\":\"Redazione\"},\"url\":\"https:\\\/\\\/www.rassegnastampa-totustuus.it\\\/cattolica\\\/author\\\/pietroelle\\\/\"}]}<\/script>\n<!-- \/ Yoast SEO plugin. -->","yoast_head_json":{"title":"Il coraggio di amare le persone omosessuali - Rassegna Stampa Cattolica","description":"Rassegna Stampa Cattolica - Per una cultura che nasce dalla Rivelazione cristiana in conformit\u00e0 alla tradizione e al Magistero della Chiesa in opposizione ad ogni relativismo e totalitarismo","robots":{"index":"index","follow":"follow","max-snippet":"max-snippet:-1","max-image-preview":"max-image-preview:large","max-video-preview":"max-video-preview:-1"},"canonical":"https:\/\/www.rassegnastampa-totustuus.it\/cattolica\/il-coraggio-di-amare-le-persone-omosessuali\/","og_locale":"it_IT","og_type":"article","og_title":"Il coraggio di amare le persone omosessuali - Rassegna Stampa Cattolica","og_description":"Rassegna Stampa Cattolica - Per una cultura che nasce dalla Rivelazione cristiana in conformit\u00e0 alla tradizione e al Magistero della Chiesa in opposizione ad ogni relativismo e totalitarismo","og_url":"https:\/\/www.rassegnastampa-totustuus.it\/cattolica\/il-coraggio-di-amare-le-persone-omosessuali\/","og_site_name":"Rassegna Stampa Cattolica","article_publisher":"https:\/\/www.facebook.com\/rassegnastampacattolica","article_published_time":"2017-05-24T22:00:28+00:00","og_image":[{"width":240,"height":132,"url":"https:\/\/www.rassegnastampa-totustuus.it\/cattolica\/wp-content\/uploads\/2017\/05\/Courage.png","type":"image\/png"}],"author":"Redazione","twitter_card":"summary_large_image","twitter_creator":"@rassegnastampa9","twitter_site":"@rassegnastampa9","twitter_misc":{"Scritto da":"Redazione","Tempo di lettura stimato":"5 minuti"},"schema":{"@context":"https:\/\/schema.org","@graph":[{"@type":"Article","@id":"https:\/\/www.rassegnastampa-totustuus.it\/cattolica\/il-coraggio-di-amare-le-persone-omosessuali\/#article","isPartOf":{"@id":"https:\/\/www.rassegnastampa-totustuus.it\/cattolica\/il-coraggio-di-amare-le-persone-omosessuali\/"},"author":{"name":"Redazione","@id":"https:\/\/www.rassegnastampa-totustuus.it\/cattolica\/#\/schema\/person\/08f319d2bd1a0904ad9e2bfb7b15e5c3"},"headline":"Il coraggio di amare le persone omosessuali","datePublished":"2017-05-24T22:00:28+00:00","mainEntityOfPage":{"@id":"https:\/\/www.rassegnastampa-totustuus.it\/cattolica\/il-coraggio-di-amare-le-persone-omosessuali\/"},"wordCount":1095,"publisher":{"@id":"https:\/\/www.rassegnastampa-totustuus.it\/cattolica\/#organization"},"image":{"@id":"https:\/\/www.rassegnastampa-totustuus.it\/cattolica\/il-coraggio-di-amare-le-persone-omosessuali\/#primaryimage"},"thumbnailUrl":"https:\/\/www.rassegnastampa-totustuus.it\/cattolica\/wp-content\/uploads\/2017\/05\/Courage.png","keywords":["omosessualit\u00e0"],"articleSection":["Chiesa","Omosessualit&agrave;"],"inLanguage":"it-IT"},{"@type":"WebPage","@id":"https:\/\/www.rassegnastampa-totustuus.it\/cattolica\/il-coraggio-di-amare-le-persone-omosessuali\/","url":"https:\/\/www.rassegnastampa-totustuus.it\/cattolica\/il-coraggio-di-amare-le-persone-omosessuali\/","name":"Il coraggio di amare le persone omosessuali - Rassegna Stampa Cattolica","isPartOf":{"@id":"https:\/\/www.rassegnastampa-totustuus.it\/cattolica\/#website"},"primaryImageOfPage":{"@id":"https:\/\/www.rassegnastampa-totustuus.it\/cattolica\/il-coraggio-di-amare-le-persone-omosessuali\/#primaryimage"},"image":{"@id":"https:\/\/www.rassegnastampa-totustuus.it\/cattolica\/il-coraggio-di-amare-le-persone-omosessuali\/#primaryimage"},"thumbnailUrl":"https:\/\/www.rassegnastampa-totustuus.it\/cattolica\/wp-content\/uploads\/2017\/05\/Courage.png","datePublished":"2017-05-24T22:00:28+00:00","description":"Rassegna Stampa Cattolica - Per una cultura che nasce dalla Rivelazione cristiana in conformit\u00e0 alla tradizione e al Magistero della Chiesa in opposizione ad ogni relativismo e totalitarismo","breadcrumb":{"@id":"https:\/\/www.rassegnastampa-totustuus.it\/cattolica\/il-coraggio-di-amare-le-persone-omosessuali\/#breadcrumb"},"inLanguage":"it-IT","potentialAction":[{"@type":"ReadAction","target":["https:\/\/www.rassegnastampa-totustuus.it\/cattolica\/il-coraggio-di-amare-le-persone-omosessuali\/"]}]},{"@type":"ImageObject","inLanguage":"it-IT","@id":"https:\/\/www.rassegnastampa-totustuus.it\/cattolica\/il-coraggio-di-amare-le-persone-omosessuali\/#primaryimage","url":"https:\/\/www.rassegnastampa-totustuus.it\/cattolica\/wp-content\/uploads\/2017\/05\/Courage.png","contentUrl":"https:\/\/www.rassegnastampa-totustuus.it\/cattolica\/wp-content\/uploads\/2017\/05\/Courage.png","width":240,"height":132},{"@type":"BreadcrumbList","@id":"https:\/\/www.rassegnastampa-totustuus.it\/cattolica\/il-coraggio-di-amare-le-persone-omosessuali\/#breadcrumb","itemListElement":[{"@type":"ListItem","position":1,"name":"Home","item":"https:\/\/www.rassegnastampa-totustuus.it\/cattolica\/"},{"@type":"ListItem","position":2,"name":"Il coraggio di amare le persone omosessuali"}]},{"@type":"WebSite","@id":"https:\/\/www.rassegnastampa-totustuus.it\/cattolica\/#website","url":"https:\/\/www.rassegnastampa-totustuus.it\/cattolica\/","name":"Rassegna Stampa Cattolica","description":"Per una cultura che nasce dalla Rivelazione cristiana in conformit\u00e0 alla tradizione e al Magistero della Chiesa in opposizione ad ogni relativismo e totalitarismo","publisher":{"@id":"https:\/\/www.rassegnastampa-totustuus.it\/cattolica\/#organization"},"alternateName":"Rass. Cattolica","potentialAction":[{"@type":"SearchAction","target":{"@type":"EntryPoint","urlTemplate":"https:\/\/www.rassegnastampa-totustuus.it\/cattolica\/?s={search_term_string}"},"query-input":{"@type":"PropertyValueSpecification","valueRequired":true,"valueName":"search_term_string"}}],"inLanguage":"it-IT"},{"@type":"Organization","@id":"https:\/\/www.rassegnastampa-totustuus.it\/cattolica\/#organization","name":"Rassegna Stampa Cattolica","url":"https:\/\/www.rassegnastampa-totustuus.it\/cattolica\/","logo":{"@type":"ImageObject","inLanguage":"it-IT","@id":"https:\/\/www.rassegnastampa-totustuus.it\/cattolica\/#\/schema\/logo\/image\/","url":"https:\/\/www.rassegnastampa-totustuus.it\/cattolica\/wp-content\/uploads\/2014\/04\/logo-rassegna1.gif","contentUrl":"https:\/\/www.rassegnastampa-totustuus.it\/cattolica\/wp-content\/uploads\/2014\/04\/logo-rassegna1.gif","width":600,"height":163,"caption":"Rassegna Stampa Cattolica"},"image":{"@id":"https:\/\/www.rassegnastampa-totustuus.it\/cattolica\/#\/schema\/logo\/image\/"},"sameAs":["https:\/\/www.facebook.com\/rassegnastampacattolica","https:\/\/x.com\/rassegnastampa9"]},{"@type":"Person","@id":"https:\/\/www.rassegnastampa-totustuus.it\/cattolica\/#\/schema\/person\/08f319d2bd1a0904ad9e2bfb7b15e5c3","name":"Redazione","image":{"@type":"ImageObject","inLanguage":"it-IT","@id":"https:\/\/secure.gravatar.com\/avatar\/2fcdf27c78ea025fbdb44e914cc63c72249ffec9dc8aafd5c82b26240ef3f346?s=96&d=mm&r=g","url":"https:\/\/secure.gravatar.com\/avatar\/2fcdf27c78ea025fbdb44e914cc63c72249ffec9dc8aafd5c82b26240ef3f346?s=96&d=mm&r=g","contentUrl":"https:\/\/secure.gravatar.com\/avatar\/2fcdf27c78ea025fbdb44e914cc63c72249ffec9dc8aafd5c82b26240ef3f346?s=96&d=mm&r=g","caption":"Redazione"},"url":"https:\/\/www.rassegnastampa-totustuus.it\/cattolica\/author\/pietroelle\/"}]}},"_links":{"self":[{"href":"https:\/\/www.rassegnastampa-totustuus.it\/cattolica\/wp-json\/wp\/v2\/posts\/37761","targetHints":{"allow":["GET"]}}],"collection":[{"href":"https:\/\/www.rassegnastampa-totustuus.it\/cattolica\/wp-json\/wp\/v2\/posts"}],"about":[{"href":"https:\/\/www.rassegnastampa-totustuus.it\/cattolica\/wp-json\/wp\/v2\/types\/post"}],"author":[{"embeddable":true,"href":"https:\/\/www.rassegnastampa-totustuus.it\/cattolica\/wp-json\/wp\/v2\/users\/6"}],"replies":[{"embeddable":true,"href":"https:\/\/www.rassegnastampa-totustuus.it\/cattolica\/wp-json\/wp\/v2\/comments?post=37761"}],"version-history":[{"count":1,"href":"https:\/\/www.rassegnastampa-totustuus.it\/cattolica\/wp-json\/wp\/v2\/posts\/37761\/revisions"}],"predecessor-version":[{"id":37763,"href":"https:\/\/www.rassegnastampa-totustuus.it\/cattolica\/wp-json\/wp\/v2\/posts\/37761\/revisions\/37763"}],"wp:featuredmedia":[{"embeddable":true,"href":"https:\/\/www.rassegnastampa-totustuus.it\/cattolica\/wp-json\/wp\/v2\/media\/37762"}],"wp:attachment":[{"href":"https:\/\/www.rassegnastampa-totustuus.it\/cattolica\/wp-json\/wp\/v2\/media?parent=37761"}],"wp:term":[{"taxonomy":"category","embeddable":true,"href":"https:\/\/www.rassegnastampa-totustuus.it\/cattolica\/wp-json\/wp\/v2\/categories?post=37761"},{"taxonomy":"post_tag","embeddable":true,"href":"https:\/\/www.rassegnastampa-totustuus.it\/cattolica\/wp-json\/wp\/v2\/tags?post=37761"}],"curies":[{"name":"wp","href":"https:\/\/api.w.org\/{rel}","templated":true}]}}