{"id":37751,"date":"2017-05-25T00:00:19","date_gmt":"2017-05-24T22:00:19","guid":{"rendered":"http:\/\/www.rassegnastampa-totustuus.it\/cattolica\/?p=37751"},"modified":"2017-05-17T16:44:53","modified_gmt":"2017-05-17T14:44:53","slug":"il-messaggio-di-fatima-una-prospettiva-dallest","status":"publish","type":"post","link":"https:\/\/www.rassegnastampa-totustuus.it\/cattolica\/il-messaggio-di-fatima-una-prospettiva-dallest\/","title":{"rendered":"Il messaggio di Fatima: una prospettiva dall&#8217;Est"},"content":{"rendered":"<p style=\"text-align: center;\"><img loading=\"lazy\" decoding=\"async\" class=\"alignleft wp-image-37752\" src=\"https:\/\/www.rassegnastampa-totustuus.it\/cattolica\/wp-content\/uploads\/2017\/05\/Madonna_Fatima.jpg\" alt=\"Madonna_Fatima\" width=\"250\" height=\"189\" \/>Newsletter dell&#8217;<strong>Associazione Tradizione Famiglia Propriet\u00e0 <\/strong>\u2014 Maggio 2017<\/p>\n<p style=\"text-align: justify;\"><em>Per commemorare il centenario della prima apparizione della Madonna, offriamo ai nostri cari lettori il testo dell\u2019intervento della dott.ssa Anca Maria Cernea, vice-presidente dei Medici Cattolici di Bucarest, Romania, intitolato: <\/em><em>Il messaggio di Fatima, una prospettiva dall\u2019Est<\/em><em> svolto nel corso dell\u2019importante convegno, promosso dall\u2019Associazione Luci sull\u2019Est, e tenutosi la scorsa settimana a Roma nel Pontificio Istituto Agustinianum.<\/em><\/p>\n<p style=\"text-align: justify;\"><!--more--><\/p>\n<p style=\"text-align: center;\"><strong>Il messaggio di Fatima: una prospettiva dall\u2019Est<\/strong><\/p>\n<p style=\"text-align: center;\">di <strong>Anca Maria Cernea<\/strong><\/p>\n<p style=\"text-align: justify;\">Eccellenza Reverendissima, Reverendi Padri, Reverende Suore, Signore e Signori,<\/p>\n<p style=\"text-align: justify;\">Sono molto onorata e molto grata di essere stata invitata a parlarvi oggi, per tentare di presentarvi una prospettiva dall&#8217;Europa orientale del messagio di Fatima e della sua urgenza per il mondo di oggi.<\/p>\n<p style=\"text-align: justify;\">Tra maggio e ottobre del 1917, La Madonna apparve a tre pastorelli a Fatima, in Portogallo. Chiese loro di pregare e di offrire sacrifici per la conversione dei peccatori e per la pace, avvertendo che \u201cgli errori della Russia\u201d si sarebbero diffusi in tutto il mondo, causando guerre e persecuzioni alla Chiesa.<\/p>\n<p style=\"text-align: justify;\"><img loading=\"lazy\" decoding=\"async\" class=\"alignright wp-image-30250\" src=\"https:\/\/www.rassegnastampa-totustuus.it\/cattolica\/wp-content\/uploads\/2005\/06\/Lenin.jpg\" alt=\"Lenin\" width=\"148\" height=\"200\" \/>Tra febbraio e ottobre del 1917 (secondo il calendario giuliano), ci furono due rivoluzioni in Russia. Quando la famiglia Romanov perse il trono, Lenin era in Svizzera e i bolscevichi litigavano tra di loro. Ma alcune settimane dopo, Lenin torn\u00f2 in Russia. Lasci\u00f2 Berna il 3 aprile, Lunedi di Pasqua, secondo il calendario cattolico. Attravers\u00f2 la Germania in un vagone sigillato, poi la Svezia e la Finlandia.<\/p>\n<p style=\"text-align: justify;\">Il viaggio di Lenin ebbe luogo nella Settimana Santa ortodossa del 1917. Lenin arriv\u00f2 a Stoccolma il 13 aprile, Venerd\u00ec Santo. Nella Notte della Resurrezione attravers\u00f2 il confine della Russia e raggiunse San Pietroburgo il Lunedi di Pasqua. In quell\u2019anno, la Pasqua ebraica fu celebrata dal 7 al 14 aprile. I bolscevichi presero il potere nell&#8217;ottobre del 1917.<\/p>\n<p style=\"text-align: justify;\">Un secolo dopo, il cristianesimo si trova ancora di fronte alla rivoluzione leninista, questa volta non solo in Russia, ma in tutto il mondo. \u201cLa rivoluzione satanica mondiale di Lenin\u201d come \u00e9 stata chiamata. (1)<\/p>\n<p style=\"text-align: justify;\">La Russia ha diffuso i suoi errori in tutto il mondo, causando guerre e persecuzioni contro i cristiani. La Madonna parl\u00f2 di \u201cerrori della Russia\u201d, non perch\u00e9 altri errori non esistessero, ma perch\u00e9 gli errori della Russia li incorporavano tutti e li portavano ad un nuovo livello, il sistema di errori pi\u00f9 omicida e pi\u00f9 ingannevole nella storia dell&#8217;umanit\u00e0.<\/p>\n<p style=\"text-align: justify;\">L&#8217;ideologia marxista \u00e8 un errore di natura religiosa, affermando di avere una spiegazione completa della realt\u00e0 e di offrire la \u201csalvezza\u201d qui, in questo mondo, attraverso mezzi umani, senza Dio.<\/p>\n<p style=\"text-align: justify;\"><img loading=\"lazy\" decoding=\"async\" class=\"alignleft wp-image-33642\" src=\"https:\/\/www.rassegnastampa-totustuus.it\/cattolica\/wp-content\/uploads\/2009\/03\/Rivoluzione_1917.jpg\" alt=\"Rivoluzione_1917\" width=\"250\" height=\"151\" \/>Non c&#8217;\u00e8 niente di nuovo n\u00e9 \u201cprogressista\u201d. \u00c8 l&#8217;antico errore gnostico, in forma contemporanea. \u00c8 un tentativo dell&#8217;uomo di assumere il controllo &#8211; con gli strumenti della conoscenza, per consentirgli di occupare il posto di Dio e di correggere la Sua creazione.<\/p>\n<p style=\"text-align: justify;\">Eric Voegelin scrisse gi\u00e0 all\u2019inizio del secolo XX, che il nazismo e il bolscevismo erano religioni sostitutive, \u201creligioni politiche\u201d, con i propri simboli, profeti, scritture, gerarchie, cerimonie liturgiche, calendari, etc. (2) In realt\u00e0, erano religioni false, come spieg\u00f2 pi\u00f9 tardi Voegelin; perch\u00e9 non costruivano nessuna cultura, soltanto distruggevano culture esistenti.<\/p>\n<p style=\"text-align: justify;\">L&#8217;idea di base \u00e8 la stessa cosa proposta dal serpente ad Adamo ed Eva, di mangiare il frutto proibito ed ignorare il comandamento di Dio: \u201cnel giorno che ne mangerete, gli occhi vostri si apriranno, e sarete come Dio\u201d.<\/p>\n<p style=\"text-align: justify;\">Il libro di Pastor Wurmbrand \u201c<a href=\"https:\/\/www.rassegnastampa-totustuus.it\/cattolica\/?p=1145\" target=\"_blank\">Il vero volto di Karl Marx<\/a>\u201d (3), \u00e8 il risultato della sua ricerca sui testi e sulle pratiche sataniche di Karl Marx, attraverso testimoni diretti. Wurmbrand era stato comunista nell\u2019adolescenza, ma si era convertito al cristianesimo ed era diventato pastore evangelico. Pass\u00f2 quattordici anni nelle prigioni comuniste in Romania e rimase famoso per il suo comportamento eroico. Mio padre lo incontr\u00f2 in prigione e parlava molto bene di lui.<\/p>\n<p style=\"text-align: justify;\"><img loading=\"lazy\" decoding=\"async\" class=\"alignright wp-image-33546\" src=\"https:\/\/www.rassegnastampa-totustuus.it\/cattolica\/wp-content\/uploads\/2004\/11\/marxismo.jpg\" alt=\"marxismo\" width=\"240\" height=\"206\" \/>Il libro di Wurmbrand mostra che Marx nei suoi versi esprime un profondo odio per Dio e per l&#8217;intera razza umana. Marx non nega l&#8217;esistenza di Dio, \u00e8 geloso di Dio; Lo odia e vuole prendere il Suo posto. Wurmbrand cita anche lettere indirizzate a Marx da suo figlio Edgar con le parole \u201cMio caro diavolo\u201d e testimonianze sulle strane cerimonie che Marx praticava in casa, che indicano che era senza dubbio un adoratore del diavolo.<\/p>\n<p style=\"text-align: justify;\">Questa \u00e8 la chiave per capire cosa \u00e8 l&#8217;ideologia marxista.<\/p>\n<p style=\"text-align: justify;\">Non fu per caso che il giovane Iosif Vissarionovich Dzhugashvili, futuro dittatore comunista, assassino di massa, conosciuto come Stalin, public\u00f2 articoli che firmava come \u201cDemonoschwili\u201d, \u201cfiglio del demonio\u201d. (4) Non fu per caso che, pi\u00f9 tardi, Saul Alinski dedico\u2019 il suo manuale di sovversione, \u201cRegole per i Radicali\u201d, a Lucifero, \u201cil primo radicale conosciuto dall&#8217;uomo\u201d.<\/p>\n<p style=\"text-align: justify;\">Perch\u00e9 il comunismo \u00e8 stato diffuso in questi due modi:<\/p>\n<p style=\"text-align: justify;\">Uno \u00e8 stato attraverso brutali invasioni militari, campi di concentramento, prigioni, polizia politica e terrore. Cento milioni di persone sono state uccise dai loro governi in tempi di \u201cpace\u201d. Questo \u00e8 successo prima in Russia, poi nel resto di quello che viene chiamato \u201cil blocco orientale\u201d.<\/p>\n<p style=\"text-align: justify;\">L&#8217;altro modo \u00e8 stato attraverso una sovversione culturale insidiosa, volta a distruggere la resistenza morale del Mondo Libero, rendendolo incapace di difendersi dal comunismo. Questo \u00e8 ci\u00f2 che \u00e8 stato fatto in Occidente, soprattutto attraverso il \u201cmarxismo culturale\u201d.<\/p>\n<p style=\"text-align: justify;\">Infatti, entrambe queste forme di marxismo erano finalizzate all&#8217;installazione di una societ\u00e0 comunista mondiale. La differenza di dottrina tra queste due forme di marxismo \u00e9 meno importante di quello che hanno in comune: condividono lo stesso odio per l&#8217;ordine della realt\u00e0 e la stessa volont\u00e0 di distruggerlo.<\/p>\n<p style=\"text-align: justify;\">Oggi il marxismo culturale sembra essere ancora pi\u00f9 rivoluzionario del marxismo classico &#8211; pretende di reinventare la famiglia, l&#8217;identit\u00e0 sessuale e la natura umana, mentre il marxismo classico pretendeva di reinventare la societ\u00e0 sulla base di una violenta espropiazione della propriet\u00e0.<\/p>\n<p style=\"text-align: justify;\">Lenin, Georg Luk\u00e1cs e Willi M\u00fcnzenberg, il capo del Komintern, fondarono la scuola di Francoforte &#8211; conosciuta anche come \u201cLa scuola critica\u201d o la \u201cteoria critica\u201d, che combina Marx con Freud, per sconvolgere la fondazione morale e le istituzioni della societ\u00e0 occidentale, partendo dalla famiglia.<\/p>\n<p style=\"text-align: justify;\">Il suo compito \u00e8 quello di criticare, \u201csmascherare\u201d, screditare, decostruire la Civilt\u00e0 Occidentale. C&#8217;\u00e8 una continuit\u00e0 da Luk\u00e1cs attraverso Wilhelm Reich, Herbert Marcuse e molti altri, all\u2019ideologia di genere di oggi, formulata da Judith Butler.<\/p>\n<p style=\"text-align: justify;\"><img loading=\"lazy\" decoding=\"async\" class=\"alignleft wp-image-34541\" src=\"https:\/\/www.rassegnastampa-totustuus.it\/cattolica\/wp-content\/uploads\/2005\/11\/Gramsci-1.jpg\" alt=\"Gramsci\" width=\"149\" height=\"200\" \/>Un\u2019altra versione del marxismo culturale \u00e8 rappresentata da Antonio Gramsci, che consiglia ai comunisti di conquistare prima \u201cl\u2019egemonia culturale\u201d &#8211; attraverso graduali, impercettibili mutazioni nei modelli linguistici e sociali, introdotte con l&#8217;aiuto dei compagni di viaggio, come attori o altre celebrit\u00e0, cos\u00ec come attraverso la creazione di false maggioranze, infiltrazioni e presa delle istituzioni, media, industria cinematografica, l&#8217;educazione, e, soprattutto, della Chiesa Cattolica &#8211; in modo che, un giorno, tutti si sveglino in una societ\u00e0 comunista, senza rendersi conto di come sono arrivati l\u00ec. (5)<\/p>\n<p style=\"text-align: justify;\">La prima rivoluzione sessuale nella storia umana non \u00e8 stata fatta dal \u201cOccidente liberale e consumista\u201d, ma dalla Russia di Lenin, in quanto legalizz\u00f2 l&#8217;aborto, l&#8217;omosessualit\u00e0 e facilit\u00f2 il divorzio.<\/p>\n<p style=\"text-align: justify;\">La prima organizzazione dei diritti gay nella storia \u00e8 stata creata negli Stati Uniti nel 1950, ma tutti i suoi membri appartenevano al Partito Comunista Americano. Gli attivisti della rivoluzione sessuale degli anni \u201860 in Occidente si sono ispirati al marxismo. Tutti odiavano il capitalismo e il consumismo. Molti di loro sono ora importanti leader del mondo occidentale.<\/p>\n<p style=\"text-align: justify;\">Spesso sentiamo prediche e discorsi cristiani che incolpano il \u201cconsumismo\u201d e \u201cl&#8217;edonismo\u201d, peccati tipicamente attribuiti all&#8217;Occidente liberale, per la rivoluzione anti-cristiana di oggi. Ma San Paolo insegna che \u201cla nostra battaglia infatti non \u00e8 contro la carne e il sangue, ma contro i Principati e le Potenze, contro i dominatori di questo mondo tenebroso, contro gli spiriti del male che abitano nelle regioni celesti\u201d (Ef 6, 12).<\/p>\n<p style=\"text-align: justify;\">Il consumismo e l&#8217;edonismo, la carne e il sangue, sono soltanto fattori predisponenti, che indeboliscono la resistenza morale delle persone e delle societ\u00e0. Non ne sono la causa. La causa di questi attacchi contro il cristianesimo \u00e8 una rivolta satanica contro Dio, contro la Sua legge e l&#8217;ordine della Sua creazione, in un tentativo gnostico-rivoluzionario di ridisegnare la societ\u00e0 umana e la natura umana.<\/p>\n<p style=\"text-align: justify;\">Questa \u00e8 la natura degli errori della Russia.<\/p>\n<p style=\"text-align: justify;\"><img loading=\"lazy\" decoding=\"async\" class=\"alignright wp-image-32505\" src=\"https:\/\/www.rassegnastampa-totustuus.it\/cattolica\/wp-content\/uploads\/2009\/09\/Pio-XII.jpg\" alt=\"Pio XII\" width=\"203\" height=\"200\" \/>Papa Leone XIII, nel secolo IX, vide che l&#8217;ideologia comunista era un errore di natura religiosa. La chiam\u00f2 la \u201csetta\u201d dei \u201csocialisti, comunisti o nichilisti\u201d e la condann\u00f2.<\/p>\n<p style=\"text-align: justify;\">Pio XI in <em>Divini Redemptoris<\/em>, nel 1937, disse che il comunismo nascondeva \u201cuna falsa idea messianica\u201d e un \u201cmisticismo ingannevole\u201d. Ma in seguito, dal Concilio Vaticano II, fino alla <em>Centesimus Annus<\/em>, i Papi non insistettero pi\u00f9 sulla natura religiosa di questo errore.<\/p>\n<p style=\"text-align: justify;\">Pio IX, Leone XIII, Pio XI e Pio XII hanno tutti radicalmente respinto il comunismo.<\/p>\n<p style=\"text-align: justify;\">Durante la Seconda Guerra Mondiale e negli anni \u201850, questo anticomunismo intransigente, espresso dal Papa e dalla Chiesa, ha ispirato la resistenza al comunismo di milioni di cattolici in Europa.<\/p>\n<p style=\"text-align: justify;\">Nell&#8217;Europa Orientale, un&#8217;intera generazione di cristiani si oppose al comunismo, sub\u00ec una terribile persecuzione e il martirio. La Chiesa offriva ai suoi figli fede, guida morale, coraggio e forza. E i fedeli seguivano la Chiesa e si fidavano di lei fino alla fine.<\/p>\n<p style=\"text-align: justify;\">Uno di loro fu mio padre, Ioan B\u0103rbu\u015f, giovane leader che faceva parte di un partito politico cristiano, anti-comunista, pro-occidentale, molto popolare in Romania. Mio padre \u00e8 stato imprigionato dal regime comunista. I miei genitori erano fidanzati. Mia madre attese diciassette anni il suo fidanzato, pregando per lui. Egli sopravvisse per miracolo. Si sposarono dopo che mio padre venne rilasciato.<\/p>\n<p style=\"text-align: justify;\">Nel grande dossier che la Securitate (la polizia segreta comunista) raccolse su di lui, mia sorella ed io abbiamo trovato informazioni sul suo comportamento in prigione. Ad esempio, nella prigione di Aiud, negli anni \u201850, la polizia annotava che mio padre non aveva in nessun modo mutato le sue credenze. Lo descrivevano come un \u201celemento ostile\u201d per il regime.<\/p>\n<p style=\"text-align: justify;\"><img loading=\"lazy\" decoding=\"async\" class=\"size-full wp-image-27879 alignleft\" src=\"https:\/\/www.rassegnastampa-totustuus.it\/cattolica\/wp-content\/uploads\/2005\/01\/gulag-Romania.jpg\" alt=\"gulag-Romania\" width=\"316\" height=\"159\" srcset=\"https:\/\/www.rassegnastampa-totustuus.it\/cattolica\/wp-content\/uploads\/2005\/01\/gulag-Romania.jpg 316w, https:\/\/www.rassegnastampa-totustuus.it\/cattolica\/wp-content\/uploads\/2005\/01\/gulag-Romania-300x150.jpg 300w\" sizes=\"auto, (max-width: 316px) 100vw, 316px\" \/>Gli altri prigionieri sapevano che era greco-cattolico, lo rispettavano e lo ascoltavano. E lui stava dicendo loro che la Chiesa Cattolica era la pi\u00f9 importante forza spirituale nel mondo che combatteva il comunismo, e che non avrebbe mai smesso di combatterlo. Ci\u00f2 dimostra che la sua fede nella Chiesa gli dava coraggio, ed era in grado di incoraggiare i suoi colleghi, la maggior parte dei quali non erano nemmeno cattolici.<\/p>\n<p style=\"text-align: justify;\">La nostra Chiesa Greco-Cattolica della Romania fu soppressa dall&#8217;occupazione sovietica. I nostri vescovi rifiutarono infatti qualsiasi compromesso con i comunisti. Cos\u00ec la nostra Chiesa \u00e9 sopravvissuta alla persecuzione.<\/p>\n<p style=\"text-align: justify;\">Nelle loro prediche, i vescovi avvertivano il gregge contro l&#8217;ideologia comunista e preparavano i fedeli per il martirio. Furono i primi a dare un esempio di resistenza al terrore, alla prigione e alla tortura. Nessuno dei dodici ha accettato di rinunciare alla sua fedelt\u00e0 al Santo Padre. Sette di loro sono morti in prigione. Papa Pio XII disse che egli era stato pi\u00f9 fortunato di Nostro Signore; perch\u00e9 tra i dodici apostoli, ci fu un traditore, ma nessuno dei dodici vescovi greco-cattolici rumeni trad\u00ec il Papa.<\/p>\n<p style=\"text-align: justify;\">Ma a Pio XII segu\u00ec Giovanni XXIII. E il Concilio Vaticano II non pronunci\u00f2 la condanna del comunismo &#8211; nonostante molti Padri del Concilio avessero insistito per questo. Durante i 2000 anni di storia della Chiesa, lo scopo di tutti i Concili (eccetto il Vaticano II) fu di reagire all&#8217;errore e di mettere in guardia contro di esso. I Concili condannavano gli errori. \u00c8 cos\u00ec che la teologia cattolica si \u00e9 strutturata.<\/p>\n<p style=\"text-align: justify;\"><img loading=\"lazy\" decoding=\"async\" class=\"size-full wp-image-29627 alignright\" src=\"https:\/\/www.rassegnastampa-totustuus.it\/cattolica\/wp-content\/uploads\/2016\/01\/Concilio.jpg\" alt=\"Concilio\" width=\"307\" height=\"164\" srcset=\"https:\/\/www.rassegnastampa-totustuus.it\/cattolica\/wp-content\/uploads\/2016\/01\/Concilio.jpg 307w, https:\/\/www.rassegnastampa-totustuus.it\/cattolica\/wp-content\/uploads\/2016\/01\/Concilio-300x160.jpg 300w\" sizes=\"auto, (max-width: 307px) 100vw, 307px\" \/>Ma il Papa Giovanni XXIII disse che la Chiesa nel suo tempo preferiva la misericordia e non avrebbe pronunciato condanne.<\/p>\n<p style=\"text-align: justify;\">Cos\u00ec, il pi\u00f9 grande evento della Chiesa del XX secolo ha ignorato l&#8217;errore pi\u00f9 terribile, pi\u00f9 omicida dell&#8217;intera storia umana, un errore che si stava sviluppando in quel momento, gettando in schiavit\u00f9 met\u00e0 dell&#8217;umanit\u00e0 e insidiosamente erodendo le basi morali dell&#8217;altra met\u00e0.<\/p>\n<p style=\"text-align: justify;\">A partire da quel punto, la Chiesa ancora non era favorevole al comunismo, ma smise di trattare la lotta contro di esso come una priorit\u00e0. Alcuni vescovi cattolici continuarono a combattere il comunismo &#8211; l&#8217;esempio pi\u00f9 importante \u00e8 la Chiesa polacca sotto la guida del cardinale Wyszynski. Ma non tutti i vescovi cattolici del mondo hanno fatto la stessa cosa.<\/p>\n<p style=\"text-align: justify;\">Alcuni persino promossero attivamente il comunismo all&#8217;interno della Chiesa &#8211; per esempio, sotto la forma della teologia della liberazione in America Latina, un&#8217;operazione di grande successo del KGB.<\/p>\n<p style=\"text-align: justify;\">A partire dagli anni \u201860, quando decine di milioni di persone erano gi\u00e0 state uccise in nome del comunismo e altre decine di milioni di anime e di menti erano gi\u00e0 state infettate dal virus del marxismo culturale, il problema del comunismo cominci\u00f2 a scomparire dal campo visivo della Chiesa. La predicazione contro il comunismo cess\u00f2 di essere sistematica, come era prima del Vaticano II, e molti cattolici pensarono che le condanne precedenti del comunismo non erano pi\u00f9 vincolanti.<\/p>\n<p style=\"text-align: justify;\">Il linguaggio delle encicliche sociali dopo il Vaticano II \u00e8 diverso da quello dei papi anteriori per quanto riguarda il comunismo. Pio XI aveva dedicato un&#8217;intera enciclica, la <em>Divini Redemptoris<\/em>, nel 1937, alla lotta al comunismo. Non esitava a nominare l&#8217;Unione Sovietica e a parlare delle atrocit\u00e0 che i comunisti stavano commettendo contro i cristiani nell&#8217;URSS e nella guerra civile spagnola. E sottolineava che non erano solo eccessi isolati, ma il frutto naturale del sistema comunista.<\/p>\n<p style=\"text-align: justify;\">Pio XII affermava che la Chiesa avrebbe protetto l&#8217;individuo e la famiglia dal comunismo. Egli disse: \u201cLa Chiesa combatter\u00e0 la battaglia fino alla fine, perch\u00e9 \u00e8 una questione di valori supremi: la dignit\u00e0 dell&#8217;uomo e la salvezza delle anime\u201d. Prima di Giovanni XXIII i Papi non idealizzavano il capitalismo, ma chiarivano che il comunismo doveva essere totalmente rifiutato, mentre il capitalismo aveva bisogno di certe correzioni.<\/p>\n<p style=\"text-align: justify;\"><img loading=\"lazy\" decoding=\"async\" class=\"alignleft wp-image-24328\" src=\"https:\/\/www.rassegnastampa-totustuus.it\/cattolica\/wp-content\/uploads\/2012\/10\/teologia-liberazione.png\" alt=\"teologia liberazione\" width=\"165\" height=\"200\" \/>A partire da Giovanni XXIII, i documenti ufficiali della Chiesa si sono spostati dall\u2019 anticomunismo esplicito a una posizione di neutralit\u00e0 tra i \u201cdue blocchi\u201d, comunista e capitalista, ugualmente accusandoli di essere materialisti, di mettere in pericolo la pace, attraverso la corsa agli armamenti della Guerra Fredda e per la loro concorrenza reciproca sul Terzo Mondo, nei loro piani di espansione ugualmente imperialistici.<\/p>\n<p style=\"text-align: justify;\">Questa neutralit\u00e0 della Chiesa, i suoi appelli simmetrici ai due blocchi affinch\u00e9 si disarmassero, non ebbero ovviamente nessun effetto reale sul blocco sovietico, ma in Occidente indebolirono la posizione e l&#8217;autorit\u00e0 morale dei politici anticomunisti.<\/p>\n<p style=\"text-align: justify;\">Chiedendo ai governi e alle organizzazioni internazionali di assumere nuovi ruoli e nuovi compiti, la Chiesa ha contribuito allo sviluppo del welfare state e anche delle strutture di potere sovranazionali, come l&#8217;ONU e l&#8217;attuale Unione Europea, che sono ora le principali entit\u00e0 che svolgono gli attacchi contro la vita, la famiglia e la presenza cristiana nella vita pubblica.<\/p>\n<p style=\"text-align: justify;\">Cos\u00ec la Chiesa ha contribuito alla secolarizzazione lamentata da Papa Benedetto Sedicesimo.<\/p>\n<p style=\"text-align: justify;\">La carit\u00e0, l&#8217;aiuto ai poveri e agli ammalati, gli ospedali, le scuole e le universit\u00e0 che erano state inventate dalla Chiesa e facevano parte della sua missione nel mondo, sono state quasi tutte prese in carico e secolarizzate da governi e istituzioni internazionali dopo la seconda guerra mondiale.<\/p>\n<p style=\"text-align: justify;\">Nella Dottrina Sociale Cattolica dopo il Vaticano II, il rifiuto del marxismo \u00e8 diventato meno radicale nella stessa misura in cui aumentava l&#8217;ostilit\u00e0 alla libert\u00e0 economica. Il linguaggio delle encicliche sociali si \u00e8 spostato dalla normale lingua cristiana al linguaggio mediatico, ideologicamente contaminato.<\/p>\n<p style=\"text-align: justify;\">Pio XI, in <em>Divini Redemptoris<\/em>, ancora raccomandava la carit\u00e0 cristiana come principale rimedio alla povert\u00e0. Giovanni XXIII, in <em>Pacem in Terris<\/em>, definisce i servizi sociali in termini di \u201cdiritti umani\u201d. Chiede all\u2019amministrazione pubblica di prendersi cura del progresso sociale e di fornire tutti gli aspetti del benessere.<\/p>\n<p style=\"text-align: justify;\">Mentre nel 1963, anno di <em>Pacem in Terris<\/em>, met\u00e0 del pianeta era gi\u00e0 caduto sotto dittature marxiste dipendenti dai sovietici, il Papa era felice che quasi \u201cin tutto il mondo gli uomini siano cittadini di uno stato indipendente \u201c.<\/p>\n<p style=\"text-align: justify;\"><img loading=\"lazy\" decoding=\"async\" class=\"size-full wp-image-30317 alignright\" src=\"https:\/\/www.rassegnastampa-totustuus.it\/cattolica\/wp-content\/uploads\/2009\/04\/colonialismo.jpg\" alt=\"colonialismo\" width=\"279\" height=\"169\" \/>Egli celebrava la fine del colonialismo, ma non sembrava notare che la maggior parte dei nuovi paesi \u201cindipendenti\u201d erano in realt\u00e0 caduti sotto una dominazione coloniale peggiore, quella sovietica. E il Papa esaltava le Nazioni Unite.<\/p>\n<p style=\"text-align: justify;\">In <em>Populorum Progressio<\/em>, nel 1967, Paolo VI incolpava per la povert\u00e0 del Terzo Mondo esclusivamente gli effetti del colonialismo \u2013 quello storico, dell\u2019Occidente, naturalmente, non il nuovo, quello sovietico. Non menzionava il fatto che la maggior parte dei regimi di questi paesi erano delle dittature profondamente corrotte, incompetenti e crudeli.<\/p>\n<p style=\"text-align: justify;\"><em>Populorum Progressio<\/em> criticava il \u201cliberalismo sfrenato\u201d, \u201cla libera concorrenza, come norma guida dell&#8217;economia e la propriet\u00e0 privata dei mezzi di produzione come un diritto assoluto\u201d, ma non si soffermava sulle calamit\u00e0 economiche e morali causate dall&#8217;economia marxista in ogni paese in cui era stata applicata. Il Papa elogiava il ruolo dell\u2019economia pianificata, nel promuovere il progresso economico e sociale, e usava argomenti tratti dalla teoria neo-marxista dello scambio ineguale, affermando che \u201cil principio del libero scambio di per s\u00e9 non \u00e8 pi\u00f9 adeguato alla regolamentazione degli accordi internazionali\u201d.<\/p>\n<p style=\"text-align: justify;\">Anche lui chiedeva un&#8217;autorit\u00e0 mondiale efficace.<\/p>\n<p style=\"text-align: justify;\">Questo \u00e8 pi\u00f9 o meno l&#8217;approccio al comunismo che la Dottrina Sociale della Chiesa post-concilio ebbe, fino a quando Papa Giovanni Paolo II pubblic\u00f2 l\u2019enciclica <em>Centesimus Annus.<\/em><\/p>\n<p style=\"text-align: justify;\">In <em>Centesimus Annus<\/em>, Giovanni Paolo II ricordava nuovamente ci\u00f2 che i papi prima del Vaticano II avevano notato \u2013 e cio\u00e9 che queste ideologie sono errori di natura religiosa.<\/p>\n<p style=\"text-align: justify;\">Avvertiva contro le \u201creligioni politiche\u201d, quelle teorie utopiche che pretendevano di creare una societ\u00e0 perfetta qui sulla terra.<\/p>\n<p style=\"text-align: justify;\"><img loading=\"lazy\" decoding=\"async\" class=\"alignleft wp-image-21326\" src=\"https:\/\/www.rassegnastampa-totustuus.it\/cattolica\/wp-content\/uploads\/2010\/09\/solidarnosc_2.jpg\" alt=\"solidarnosc_2\" width=\"151\" height=\"200\" srcset=\"https:\/\/www.rassegnastampa-totustuus.it\/cattolica\/wp-content\/uploads\/2010\/09\/solidarnosc_2.jpg 303w, https:\/\/www.rassegnastampa-totustuus.it\/cattolica\/wp-content\/uploads\/2010\/09\/solidarnosc_2-226x300.jpg 226w\" sizes=\"auto, (max-width: 151px) 100vw, 151px\" \/>Grazie a Papa Giovanni Paolo II, al sindacato polacco di Solidarnosc e al presidente Reagan, il comunismo classico fu sconfitto nella maggior parte dei paesi, nel 1989.<\/p>\n<p style=\"text-align: justify;\">Ma gli errori della Russia menzionati nella profezia di Fatima continuarono a diffondersi. La sconfitta del comunismo classico si \u00e8 rivelata piuttosto una mutazione verso il marxismo culturale.<\/p>\n<p style=\"text-align: justify;\">Il fatto che, durante decenni, la lotta contro il marxismo classico non sia stata trattata come priorit\u00e0 da parte della Dottrina Sociale della Chiesa ha indebolito la capacit\u00e0 dei fedeli, specialmente dei politici cattolici, di riconoscere e combattere il marxismo culturale.<\/p>\n<p style=\"text-align: justify;\">L&#8217;ostilit\u00e0 verso la libert\u00e0 economica e la richiesta di centralizzare il potere, sia a livello nazionale che mondiale, stanno ora tornando nei documenti della Chiesa Cattolica, in un linguaggio ancora pi\u00f9 suggestivo, nell\u2019 <em>Evangelii Gaudium<\/em> e nella <em>Laudato Si<\/em>, di Papa Francesco. Sono frequenti i termini come \u201cinclusione\u201d, \u201cesclusione\u201d, \u201cmarginalizzazione\u201d, \u201cdisuguaglianza\u201d e \u201csviluppo sostenibile\u201d.<\/p>\n<p style=\"text-align: justify;\">La critica alla libert\u00e0 economica che troviamo in Papa Francesco \u00e8 di una fermezza senza precedenti: \u201cquesta economia uccide\u201d.<\/p>\n<p style=\"text-align: justify;\">Avendo vissuto sotto un regime comunista, posso testimoniare che il controllo del governo sull&#8217;economia non solo non vivifica, ma rovina inevitabilmente anche i paesi una volta prosperi, causando immense ingiustizie, sofferenze e umiliazioni. Nei paesi socialisti, la rapina e la violenza sono la politica statale; la corruzione diventa l&#8217;unica possibilit\u00e0 per ottenere beni di prima necessit\u00e0.<\/p>\n<p style=\"text-align: justify;\">E un enorme divario, molto pi\u00f9 profondo di qualsiasi precedente, emerge tra la nuova classe privilegiata e i cittadini ridotti a schiavi. \u00c8 preoccupante vedere il Vaticano scendere in questo attivismo mondano, che incoraggia alcuni gruppi \u201cprogressisti\u201d, di quelli che hanno un piano perfetto su come costruire un mondo perfetto (dopo aver distrutto questo qui) &#8211; come i \u201cmovimenti popolari\u201d, ambientalisti, pacifisti, indigenisti, attivisti \u201canti-discriminazione\u201d ed \u201cesperti della popolazione\u201d.<\/p>\n<p style=\"text-align: justify;\"><img loading=\"lazy\" decoding=\"async\" class=\"alignright wp-image-35213\" src=\"https:\/\/www.rassegnastampa-totustuus.it\/cattolica\/wp-content\/uploads\/2011\/06\/Caritas.png\" alt=\"Caritas\" width=\"130\" height=\"150\" \/>Purtroppo, i rappresentanti di questi gruppi sembrano oggi essere considerati dal Vaticano dei degni partner con cui dialogare, insieme a personaggi come i fratelli Castro e Evo Morales. La Caritas Internazionale collabora con loro nel World Social Forum, un&#8217;organizzazione che promuove l&#8217;aborto, l&#8217;omosessualit\u00e0 e il comunismo in tutto il mondo.<\/p>\n<p style=\"text-align: justify;\">Come ha detto una volta, il leader comunista spagnolo, Santiago Carrillo, come risultato del dialogo tra cattolici e comunisti, nessun comunista si \u00e8 mai convertito al cattolicesimo, ma tutti i cattolici coinvolti sono diventati comunisti. La cooperazione con i comunisti su questioni pratiche, ma senza mettere in discussione la ideologia del marxismo, trasforma i cattolici in compagni di viaggio della rivoluzione. Invece di predicare il vero Dio ai pagani e convertirli, vengono usati dai pagani contro il vero Dio.<\/p>\n<p style=\"text-align: justify;\">Ges\u00f9 fu molto serio per quanto riguarda le priorit\u00e0, quando disse a Pietro: \u201cV\u00e0 via, Satana! Tu sei un ostacolo per me, perch\u00e9 tu ragioni come gli uomini, ma non pensi come Dio.\u201d (Mt 16, 21-27) L&#8217;uso di un linguaggio confuso, politicamente corretto, da parte dei dirigenti della Chiesa, invece della Parola di Dio, porta molte societ\u00e0 cattoliche in confusione morale e politica, e sconfitte nella guerra culturale.<\/p>\n<p style=\"text-align: justify;\">I fedeli diventano incapaci di identificare la fonte degli attacchi contro il cristianesimo per combattere con successo. Questo linguaggio, usato dai dirigenti della Chiesa, funziona come un segnale di \u201csvolta obbligatoria a sinistra\u201d per i laici che si impegnano in politica. Rende praticamente impossibile per i politici cattolici sostenere il libero mercato, opporsi allo stato baby-sitter, o all\u2019immigrazione musulmana, essere scettici sul \u201ccambiamento climatico\u201d e sul ruolo delle Nazioni Unite. Perch\u00e9 se lo fanno, diranno delle cose che sono diverse o contrarie a ci\u00f2 che dice la Chiesa. Cos\u00ec sono screditati come politici cattolici. Altrimenti sono costretti a sostenere le posizioni di sinistra.<\/p>\n<p style=\"text-align: justify;\">Questo \u00e8 uno dei motivi per cui in tanti paesi cattolici non c&#8217;\u00e8 una rappresentanza politica dei cattolici. Questo \u00e8 anche il motivo per cui tanti paesi cattolici sono ora governati da marxisti culturali, nonostante la situazione reale sul campo di battaglia &#8211; che \u00e8 lo spazio pubblico, conteso dalle ideologie rivoluzionarie al cristianesimo &#8211; \u00e8 ben lungi dall&#8217;essere cos\u00ec male come vorrebbero i media.<\/p>\n<p style=\"text-align: justify;\">C&#8217;\u00e8 ancora una maggioranza silenziosa di persone normali, ancora attaccate alla Civilt\u00e0 Giudaico-Cristiana. Essi potrebbero rappresentare una forte resistenza contro i progetti di dominazione rivoluzionaria, ma non hanno una leadership religiosa, politica e intellettuale come in Polonia.<\/p>\n<p style=\"text-align: justify;\">Esasperati dalle sconfitte nella guerra culturale, molti cristiani in Occidente ora mettono le loro speranze in Vladimir Putin, come \u201cprotettore della cristianit\u00e0\u201d. Ma questo \u00e8 come se la Germania, dopo la seconda guerra, fosse ancora gestita dagli uomini della vecchia Gestapo, che pretendessero di essere investiti della santa missione di combattere l&#8217;antisemitismo.<\/p>\n<p style=\"text-align: justify;\">La Russia non si \u00e8 convertita.<\/p>\n<p style=\"text-align: justify;\"><img loading=\"lazy\" decoding=\"async\" class=\"alignleft wp-image-19153\" src=\"https:\/\/www.rassegnastampa-totustuus.it\/cattolica\/wp-content\/uploads\/2015\/02\/Putin_Papa.jpg\" alt=\"Putin_Papa\" width=\"240\" height=\"160\" \/>Gli errori della Russia non hanno semplicemente cessato di esistere una volta che l&#8217;Unione Sovietica \u00e8 stata ufficialmente dichiarata morta. Non c&#8217;\u00e8 stato alcun pentimento, nessun esame di coscienza, nessuna giustizia in Russia per la distruzione morale e fisica ispirata dal marxismo. Questo \u00e8 stato ben espresso dallo stesso Putin: \u201cIl collasso dell&#8217;Unione Sovietica \u00e8 stato il principale disastro geopolitico del secolo\u201d. (6)<\/p>\n<p style=\"text-align: justify;\">Dal punto di vista della dialettica marxista, la storia dell&#8217;Unione Sovietica \u00e8 una sequenza di totalitarismo duro con fasi in cui il regime finge degli ammorbidimenti, ma quello che succede in realt\u00e0 \u00e8 che in questi momenti l\u2019inganno prevale sulla violenza. (7)<\/p>\n<p style=\"text-align: justify;\">C&#8217;\u00e8 la prima fase della rivoluzione di Lenin, di terrore e omicidi di massa. Successivamente, a causa del crollo dell&#8217;economia, Lenin inizia la \u201cNuova Politica Economica\u201d, e permette qualche iniziativa privata. Poi Stalin arriva al potere, e l&#8217;accento si sposta di nuovo sulla violenza del governo, il genocidio, invasioni militari, campi di concentramento. Dopo la morte di Stalin, il compagno Krusciov arriva al potere e denuncia gli abusi del suo predecessore (abusi in cui egli aveva avuto un ruolo di primo piano) e annuncia un disgelo. Poi viene sostituito dal compagno Breznev e c\u2019\u00e8 ancora uno stato totalitario, d\u2019inspirazione stalinista.<\/p>\n<p style=\"text-align: justify;\">Poi c&#8217;\u00e8 Andropov; e, infine, Gorbaciov, che inizia la perestroika e apparentemente abbandona i dogmi marxisti e permette all&#8217;Europa Orientale e alla Russia di liberarsi.<\/p>\n<p style=\"text-align: justify;\">La perestroika \u00e8 stata fondamentalmente un inganno, come aveva avvertito il famoso disertore del KGB, Anatoliy Golitsyn, fin dall&#8217;inizio degli anni \u201880, quando disse che i sovietici avrebbero avviato una cosiddetta \u201cliberalizzazione\u201d, affinch\u00e9 l&#8217;Occidente abbassasse la guardia. (8)<\/p>\n<p style=\"text-align: justify;\">Non era altro che la continuazione del perseguimento di una rivoluzione mondiale leninista. (9) Una trasformazione \u201cdialettica\u201d, imposta dalle circostanze. In realt\u00e0, un aggiornamento.<\/p>\n<p style=\"text-align: justify;\"><img loading=\"lazy\" decoding=\"async\" class=\"size-full wp-image-28802 alignright\" src=\"https:\/\/www.rassegnastampa-totustuus.it\/cattolica\/wp-content\/uploads\/2009\/11\/propaganda_Urss.jpg\" alt=\"propaganda_Urss\" width=\"184\" height=\"180\" \/>E ora la Russia \u00e8 di nuovo la URSS. Il suo governo finge attacchi terroristici per giustificare guerre (10), uccide e imprigiona gli oppositori politici (11) e giornalisti (12) (13), \u00e8 una costante fonte di instabilit\u00e0 (14), attaccando paesi confinanti come la Georgia e l&#8217;Ucraina (15), minacciandone altri, come gli Stati Baltici (16) (17), la Repubblica Moldava (18), Romania e Polonia (19), e minacciando il mondo intero con una guerra nucleare (20).<\/p>\n<p style=\"text-align: justify;\">Putin paragona il cadavere di Lenin alle sante reliquie cristiane (21). La Russia di Putin costruisce monumenti a Stalin (22) e protesta furiosamente contro la demolizione delle statue di Lenin in Ucraina (23). E organizza grandi parate sotto il segno della falce e martello. (24)<\/p>\n<p style=\"text-align: justify;\">La Russia mantiene le sue alleanze con partiti e organizzazioni radicali di sinistra in tutto il mondo: con il Foro di San Paolo, che \u00e9 l\u2019Internazionale Comunista della America Latina (25) (26) (27) (28) (29) (30) (31) (32), con i movimenti tipo Occupy Wall Street (33) (34) (35) (36), con partiti di sinistra, socialisti e postcomunisti del Parlamento Europeo.<\/p>\n<p style=\"text-align: justify;\">Questi alleati di sinistra della \u201cRussia Ortodossa\u201d di Putin sono allo stesso tempo le principali forze politiche che promuovono la rivoluzione sessuale, i diritti LGBT e l&#8217;ideologia di genere.<\/p>\n<p style=\"text-align: justify;\">La guerra di disinformazione della Russia \u00e8 stata aggiornata agli ultimi livelli del cinismo postmoderno (37): a differenza dei tempi dell&#8217;Unione Sovietica, non \u00e8 pi\u00f9 un sistema ideologico unico, rigido e riconoscibile.<\/p>\n<p style=\"text-align: justify;\">La nuova propaganda non cerca di convincere che la dottrina marxista \u00e9 vera, ma piuttosto che non c\u2019\u00e9 modo di conoscere la verit\u00e0. Che non esiste alcuna verit\u00e0. (38)<\/p>\n<p style=\"text-align: justify;\">Ormai la Russia trova alleati tra i cristiani conservatori, ma anche tra i militanti di sinistra, tra i libertari, ma anche tra i socialisti, tra i fascisti, ma anche tra i comunisti, tra i militanti anti-immigrazione, ma anche tra gli Jiadisti.<\/p>\n<p style=\"text-align: justify;\"><img loading=\"lazy\" decoding=\"async\" class=\"size-full wp-image-30805 alignleft\" src=\"https:\/\/www.rassegnastampa-totustuus.it\/cattolica\/wp-content\/uploads\/2016\/02\/Isis.jpg\" alt=\"Isis\" width=\"288\" height=\"175\" \/>Le reti che collegavano i servizi segreti russi ai terroristi islamici durante la Guerra Fredda non sono state smantellate dopo la morte ufficiale della Unione Sovietica. (39) (40) (41) L&#8217;Islam \u00e8 un progetto globalista per definizione. Ma il terrorismo islamico nella sua versione contemporanea \u00e8 una combinazione tra le pratiche violente ispirate dall\u2019Islam e gli errori della Russia. \u00c8 stato inventato dal KGB, come rivelato dal generale rumeno della Securitate, Mihai Pacepa. (42)<\/p>\n<p style=\"text-align: justify;\">Alla fine degli anni Sessanta,Yuri Andropov, capo del KGB, aveva detto a Pacepa che il nuovo compito dei servizi segreti comunisti era quello di istigare i musulmani e di usarli come una potente arma contro gli Stati Uniti, Israele e l&#8217;Occidente.<\/p>\n<p style=\"text-align: justify;\">Nell\u2019era post-Sovietica, importanti connessioni tra la Russia e Al Qaeda sono state rivelate dal ex-colonnello della FSB Alexander Litvinenko (43) (44) (45) (46), che \u00e8 stato successivamente assassinato dalla lunga mano di Mosca in Gran Bretagna (47) (48). E ci sono anche collegamenti tra la Russia e lo Stato Islamico. (49) (50) (51) (52) (53) (54) (55)<\/p>\n<p style=\"text-align: justify;\">L&#8217;intellettuale pi\u00f9 influente del regime di Putin \u00e8 Aleksander Dugin. Costui ha prodotto una nuova ideologia, da sostituire al marxismo screditato della vecchia Unione Sovietica e da utilizzare come pretesto per le aspirazioni imperiali dell\u2019 attuale regime russo, per fornire alla sua propaganda nuovi motivi per promuovere l&#8217;odio contro la Civilt\u00e0 Occidentale.<\/p>\n<p style=\"text-align: justify;\">\u00c9 un mix di bolscevismo, nazi-fascismo, con gnosticismo islamico, neo-paganesimo, occultismo massonico e satanismo. Dugin e un ammiratore di Aleister Crowley, noto autore satanista. (56) Dugin lavora per sedurre i conservatori occidentali e renderli la \u201cquinta colonna\u201d della Russia in Europa. (57) (58)<\/p>\n<p style=\"text-align: justify;\">I piani di Dugin per l&#8217;Europa sono i seguenti: \u201cL&#8217;annessione dell&#8217;Europa \u00e8 la grande missione. (&#8230;) Se ci piacciono le tecnologie europee, prendiamole. (&#8230;) Conquisteremo l&#8217;Europa e avremo tutta la loro tecnologia \u201c. (59) Ma i progetti di Dugin sono globali: virgolette \u201cLa battaglia per la dominazione mondiale dei russi non \u00e8 finita\u201d. (60) \u201cL&#8217;impero americano deve essere distrutto\u201d. (61) \u201cL&#8217;Occidente \u00e8 il Satana geografico, l&#8217;Anticristo geografico. (&#8230;) \u201cSarebbe meglio installare l\u00ec i cinesi, i tartari, i musulmani, tutto questo nomadismo eurasiatico\u201d. (62)<\/p>\n<p style=\"text-align: justify;\">Il piano di Dugin \u00e8 quello di unire l&#8217;Europa e l&#8217;Asia in una grande Unione eurasiatica, da Lisbona a Vladivostok. Includere l&#8217;Islam, in una crociata globale contro gli Stati Uniti.<\/p>\n<p style=\"text-align: justify;\">Ma c&#8217;\u00e8 di pi\u00f9. Quello che Dugin sembra disposto a realizzare \u00e8 la fine del mondo :(63) (64) \u201cAttraverso il popolo russo si realizzer\u00e0 l&#8217;ultimo pensiero di Dio, il pensiero della fine del mondo &#8230; La morte \u00e8 la via dell&#8217;immortalit\u00e0. L&#8217;amore comincer\u00e0 quando finir\u00e0 il mondo.\u201d (65) \u201cIl logos \u00e8 morto e tutti saremo sepolti sotto le sue rovine, a meno che non faremo un appello al caos\u201d. (66)<\/p>\n<p style=\"text-align: justify;\"><img loading=\"lazy\" decoding=\"async\" class=\"size-full wp-image-36735 alignright\" src=\"https:\/\/www.rassegnastampa-totustuus.it\/cattolica\/wp-content\/uploads\/2016\/11\/Fatima.jpg\" alt=\"fatima\" width=\"259\" height=\"194\" \/>Quindi possiamo vedere che la natura satanica degli errori della Russia non \u00e8 cambiata molto dai tempi di Lenin e Stalin.<\/p>\n<p style=\"text-align: justify;\">Ora che siamo cos\u00ec vicini al centesimo anniversario dell&#8217;avvertimento di Fatima, \u00e8 davvero giunto il momento di prestare l&#8217;attenzione appropriata al messaggio che \u00e8 stato dato. La principale fonte della attuale guerra mondiale contro il cristianesimo \u00e8 ancora da trovare negli errori della Russia.<\/p>\n<p style=\"text-align: justify;\">La Russia e il mondo intero, che sono colpiti da questi errori, hanno urgente bisogno di essere consacrati alla Madonna.\u00a0 E di convertirsi.<\/p>\n<p style=\"text-align: justify;\">Sappiamo per\u00f2 che alla fine, il Cuore Immacolato di Maria vincer\u00e0.<\/p>\n<p>___________________<\/p>\n<p style=\"text-align: justify;\"><strong>[1]<\/strong> Christopher Story: <em>Lenin&#8217;s Satanic World Revolution<\/em>, <a href=\"https:\/\/www.youtube.com\/watch?v=X1a4wYwq3D8\" target=\"_blank\">https:\/\/www.youtube.com\/watch?v=X1a4wYwq3D8<\/a><\/p>\n<p style=\"text-align: justify;\"><strong>[2]<\/strong> Voegelin Eric, <em>Modernity without Restraint &#8211; Political Religions; The New Science of Politics; Science, Politics and Gnosticism<\/em> (Collected Works of Eric Voegelin, Volume 5), University of Missouri Press<\/p>\n<p style=\"text-align: justify;\"><strong>[3]<\/strong> Wurmbrand Richard <em>Il vero volto di Karl Marx<\/em>, <a href=\"http:\/\/www.centrosangiorgio.com\/occultismo\/articoli\/vero_volto_karl_marx.htm\" target=\"_blank\">http:\/\/www.centrosangiorgio.com\/occultismo\/articoli\/vero_volto_karl_marx.htm<\/a><\/p>\n<p style=\"text-align: justify;\"><strong>[4]<\/strong> Ibid.<\/p>\n<p style=\"text-align: justify;\"><strong>[5]<\/strong> Olavo de Carvalho <em>A Nova Era e a Revolu\u00e7\u00e3o Cultural<\/em>, <a href=\"http:\/\/www.olavodecarvalho.org\/livros\/neindex.htm\" target=\"_blank\">http:\/\/www.olavodecarvalho.org\/livros\/neindex.htm<\/a><\/p>\n<p style=\"text-align: justify;\"><strong>[6]<\/strong> Putin: &#8220;the collapse of the Soviet Union was a major geopolitical disaster of the century&#8221; (English subs 2005) <a href=\"https:\/\/www.youtube.com\/watch?v=nTvswwU5Eco\" target=\"_blank\">https:\/\/www.youtube.com\/watch?v=nTvswwU5Eco<\/a><\/p>\n<p style=\"text-align: justify;\"><strong>[7]<\/strong> Huyn Hans Graf <em>La d\u00e9sinformation communiste \u00e0 l&#8217;Ouest et ses consequences<\/em> in <em>La v\u00e9rit\u00e9 vous rendra libres !<\/em>: colloque de Prague, 6-11 sept. 1993, Mame Association des Colloques Culturels Europ\u00e9ens 1994, Collection: Une culture pour l&#8217;Europe<\/p>\n<p style=\"text-align: justify;\"><strong>[8] <\/strong>Golitsyn Anatole, <em>The New Lies For Old Ones <\/em><a href=\"https:\/\/archive.org\/details\/GolitsynAnatoleTheNewLiesForOldOnes\" target=\"_blank\">https:\/\/archive.org\/details\/GolitsynAnatoleTheNewLiesForOldOnes<\/a><\/p>\n<p style=\"text-align: justify;\"><strong>[9]<\/strong> Golitsyn Anatole <em>The Perestroika Deception: The World&#8217;s Slide Towards the &#8220;Second October Revolution&#8221; [Weltoktober]\u00a0<\/em><a href=\"https:\/\/archive.org\/stream\/AnatoliyGolitsyn\/Golitsyn-ThePerestroikaDeception-TheWorldsSlideTowardsTheSecondOctoberRevolution1995_djvu.txt\" target=\"_blank\">https:\/\/archive.org\/stream\/AnatoliyGolitsyn\/Golitsyn-ThePerestroikaDeception-TheWorldsSlideTowardsTheSecondOctoberRevolution1995_djvu.txt<\/a><\/p>\n<p style=\"text-align: justify;\"><strong>[10]<\/strong> Satter David\u00a0<em>The Unsolved Mystery Behind the Act of Terror That Brought Putin to Power<\/em>, National Review August 17, 2016 <a href=\"http:\/\/www.nationalreview.com\/article\/439060\/vladimir-putin-1999-russian-apartment-house-bombings-was-putin-responsible\" target=\"_blank\">http:\/\/www.nationalreview.com\/article\/439060\/vladimir-putin-1999-russian-apartment-house-bombings-was-putin-responsible<\/a><\/p>\n<p style=\"text-align: justify;\"><strong>[12]<\/strong> Filipov David\u00a0<em>Here are 10 critics of Vladimir Putin who died violently or in suspicious ways<\/em> Washington Post March 23 2017 <a href=\"https:\/\/www.washingtonpost.com\/news\/worldviews\/wp\/2017\/03\/23\/here-are-ten-critics-of-vladimir-putin-who-died-violently-or-in-suspicious-ways\/?utm_term=.f02ff26901cb\" target=\"_blank\">https:\/\/www.washingtonpost.com\/news\/worldviews\/wp\/2017\/03\/23\/here-are-ten-critics-of-vladimir-putin-who-died-violently-or-in-suspicious-ways\/?utm_term=.f02ff26901cb<\/a><\/p>\n<p style=\"text-align: justify;\"><strong>[12]<\/strong> Satter David <em>Who Is Murdering Russian Journalists? <\/em>National Review December 22, 2015 <a href=\"http:\/\/www.nationalreview.com\/article\/428916\/donald-trump-vladimir-putin-their-mutual-admiration-unjustified\">http:\/\/www.nationalreview.com\/article\/428916\/donald-trump-vladimir-putin-their-mutual-admiration-unjustified<\/a><\/p>\n<p style=\"text-align: justify;\"><strong>[13]<\/strong> <em>Journalists Killed in Russia<\/em> &#8211; Committee to Protect Journalists <a href=\"https:\/\/cpj.org\/killed\/europe\/russia\/\" target=\"_blank\">https:\/\/cpj.org\/killed\/europe\/russia\/<\/a><\/p>\n<p style=\"text-align: justify;\"><strong>[14]<\/strong> \u017burawski vel Grajewski Przemys\u0142aw <em>Russia as an Exporter of Instability, <\/em>in NATO Warsaw Summit. Time to Act, Spring\/Summer 2016, p. 48-52 <a href=\"http:\/\/europeanreform.org\/files\/ND-Magazine_NATO.pdf\" target=\"_blank\">http:\/\/europeanreform.org\/files\/ND-Magazine_NATO.pdf<\/a><\/p>\n<p style=\"text-align: justify;\"><strong>[15]<\/strong> <em>Russian War Crimes in Eastern Ukraine in 2014\u00a0<\/em><a href=\"http:\/\/ji-magazine.lviv.ua\/engl-vers\/2015\/Russian_War_Crimes_in_Eastern_Ukraine_in_2014.pdf\" target=\"_blank\">http:\/\/ji-magazine.lviv.ua\/engl-vers\/2015\/Russian_War_Crimes_in_Eastern_Ukraine_in_2014.pdf<\/a><\/p>\n<p style=\"text-align: justify;\"><strong>[16]<\/strong> Paul Wood <em>Putin&#8217;s dangerous games in the Baltic<\/em> Spectator 22 October 2016 <a href=\"https:\/\/www.spectator.co.uk\/2016\/10\/putins-dangerous-games-in-the-baltic\/\" target=\"_blank\">https:\/\/www.spectator.co.uk\/2016\/10\/putins-dangerous-games-in-the-baltic\/#<\/a><\/p>\n<p style=\"text-align: justify;\"><strong>[17]<\/strong> Satter David \u201c<em>Russia\u2019s Violation of Borders, Treaties and Human Rights<\/em>\u201d Testimony for the U.S. Senate Committee on Foreign Relations, June 7, 2016, <a href=\"https:\/\/www.foreign.senate.gov\/imo\/media\/doc\/060716_Satter_Testimony.pdf\" target=\"_blank\">https:\/\/www.foreign.senate.gov\/imo\/media\/doc\/060716_Satter_Testimony.pdf<\/a><\/p>\n<p style=\"text-align: justify;\"><strong>[18]<\/strong> Franklin Holcomb, Kathleen Weinberger and Greg Steinhelper <em>Moldova Warning: The Next Target for Russian Destabilization<\/em> Institute for the Study of War <a href=\"http:\/\/iswresearch.blogspot.ro\/2016\/07\/moldova-warning-next-target-for-russian.html\" target=\"_blank\">http:\/\/iswresearch.blogspot.ro\/2016\/07\/moldova-warning-next-target-for-russian.html<\/a><\/p>\n<p style=\"text-align: justify;\"><strong>[19]<\/strong> <em>Putin says Romania, Poland may now be in Russia&#8217;s cross-hairs\u00a0<\/em><a href=\"http:\/\/www.reuters.com\/article\/us-russia-europe-shield-idUSKCN0YI2ER\" target=\"_blank\">http:\/\/www.reuters.com\/article\/us-russia-europe-shield-idUSKCN0YI2ER<\/a><\/p>\n<p style=\"text-align: justify;\"><strong>[20]<\/strong> Paul Roderick Gregory, <em>Putin Already Playing Nuclear Poker With Trump<\/em>, Forbes Dec 2016 <a href=\"https:\/\/www.forbes.com\/sites\/paulroderickgregory\/2016\/12\/26\/putin-already-playing-nuclear-poker-with-trump\/#36fd714e16de\">https:\/\/www.forbes.com\/sites\/paulroderickgregory\/2016\/12\/26\/putin-already-playing-nuclear-poker-with-trump\/#36fd714e16de<\/a><\/p>\n<p style=\"text-align: justify;\"><strong>[21] <\/strong><em>Vladimir Putin compares Lenin to holy Christian relics\u00a0<\/em><a href=\"http:\/\/www.telegraph.co.uk\/news\/worldnews\/europe\/russia\/9737569\/Vladimir-Putin-compares-Lenin-to-holy-Christian-relics.html\" target=\"_blank\">http:\/\/www.telegraph.co.uk\/news\/worldnews\/europe\/russia\/9737569\/Vladimir-Putin-compares-Lenin-to-holy-Christian-relics.html<\/a><\/p>\n<p style=\"text-align: justify;\"><strong>[22]<\/strong><em> Russian Monuments to Stalin Highlight Controversy Over His Legacy<\/em>\u00a0The Moscow Times 2015 <a href=\"https:\/\/themoscowtimes.com\/news\/russian-monuments-to-stalin-highlight-controversy-over-his-legacy-49472\" target=\"_blank\">https:\/\/themoscowtimes.com\/news\/russian-monuments-to-stalin-highlight-controversy-over-his-legacy-49472<\/a><\/p>\n<p style=\"text-align: justify;\"><strong>[23]<\/strong> <em>Ukraine&#8217;s Vandals destroy 3 monuments to Soviet leader Lenin<\/em> Tass Russian News Agency <a href=\"http:\/\/tass.com\/world\/714114\" target=\"_blank\">http:\/\/tass.com\/world\/714114<\/a><\/p>\n<p style=\"text-align: justify;\"><strong>[24]<\/strong> 7 <em>Inconvenient Facts For Putin\u2019s 70th Victory Day Celebration<\/em> May 2015 <a href=\"http:\/\/blog.victimsofcommunism.org\/7-inconvenient-facts-for-putins-70th-victory-day-celebration\/\" target=\"_blank\">http:\/\/blog.victimsofcommunism.org\/7-inconvenient-facts-for-putins-70th-victory-day-celebration\/<\/a><\/p>\n<p style=\"text-align: justify;\"><strong>[25]<\/strong> Informaci\u00f3n &#8211; El Pa\u00eds <em>Dieron su apoyo al plan para regular mercado de la droga. Marihuana: Mujica vuelve con la bendici\u00f3n de Soros y Rockefeller<\/em> <a href=\"http:\/\/www.elpais.com.uy\/informacion\/marihuana-mujica-vuelve-bendicion-soros-rockefeller.html\" target=\"_blank\">http:\/\/www.elpais.com.uy\/informacion\/marihuana-mujica-vuelve-bendicion-soros-rockefeller.html<\/a><\/p>\n<p><strong>[26]<\/strong> Newman Alex <em>In Latin America, Russia and China Push New World Order<\/em> The New American July 2014 <a href=\"https:\/\/www.thenewamerican.com\/world-news\/south-america\/item\/18804-in-latin-america-russia-and-china-push-new-world-order\">https:\/\/www.thenewamerican.com\/world-news\/south-america\/item\/18804-in-latin-america-russia-and-china-push-new-world-order<\/a><\/p>\n<p style=\"text-align: justify;\"><strong>[27]<\/strong> <em>Colombia: Gobierno y FARC promueven \u201cideolog\u00eda de g\u00e9nero\u201d<\/em>\u00a0Destaque Internacional, 20 de agosto de 2016 <a href=\"http:\/\/www.cubdest.org\/1606\/c1608farcgenero.htm\" target=\"_blank\">http:\/\/www.cubdest.org\/1606\/c1608farcgenero.htm<\/a><\/p>\n<p style=\"text-align: justify;\"><strong>[28]<\/strong> <em>Mujeres y LGTB son punto crucial en acuerdos Colombia y FARC<\/em> El Comercio 24 de julio de 2016 <a href=\"http:\/\/elcomercio.pe\/mundo\/latinoamerica\/mujeres-y-lgtb-son-%20punto-crucial-acuerdos-colombi%20a-y-farc-noticia-1919248\" target=\"_blank\">http:\/\/elcomercio.pe\/mundo\/latinoamerica\/mujeres-y-lgtb-son- punto-crucial-acuerdos-colombi a-y-farc-noticia-1919248<\/a><\/p>\n<p style=\"text-align: justify;\"><strong>[29]<\/strong> <em>Las FARC agradecen el respaldo ruso al proceso de paz expresado por Lavrov en Bogot\u00e1<\/em> EFE La Habana 25 mar. 2015 <a href=\"http:\/\/www.efe.com\/efe\/america\/politica\/las-farc-agradecen-el-respaldo-ruso-al-proceso-de-paz-expresado-por-lavrov-en-bogota\/20000035-2570769\" target=\"_blank\">http:\/\/www.efe.com\/efe\/america\/politica\/las-farc-agradecen-el-respaldo-ruso-al-proceso-de-paz-expresado-por-lavrov-en-bogota\/20000035-2570769<\/a><\/p>\n<p style=\"text-align: justify;\"><strong>[30]<\/strong> <em>Lavrov Congratulates People of Colombia on FARC Peace Deal Signing<\/em> Sputnik News 27.09.2016 <a href=\"https:\/\/sputniknews.com\/politics\/201609271045740722-lavrov-colombia-farc-peace\/\" target=\"_blank\">https:\/\/sputniknews.com\/politics\/201609271045740722-lavrov-colombia-farc-peace\/<\/a><\/p>\n<p style=\"text-align: justify;\"><strong>[31]<\/strong> Puentes Melo Ricardo, <em>Los intereses de George Soros y las FARC en el Catatumbo<\/em>, Periodismo sin fronteras Abril 13 de 2017, <a href=\"http:\/\/www.periodismosinfronteras.org\/los-intereses-de-george-soros-y-las-farc-en-el-catatumbo.html\" target=\"_blank\">http:\/\/www.periodismosinfronteras.org\/los-intereses-de-george-soros-y-las-farc-en-el-catatumbo.html<\/a><\/p>\n<p style=\"text-align: justify;\"><strong>[32]<\/strong> Fowler Lia, <em>After decades of covert support for terrorists, Soros reveals himself in Colombia<\/em>, Periodismo sin fronteras Jan 13\/2017 <a href=\"http:\/\/www.periodismosinfronteras.org\/after-decades-of-covert-support-for-terrorists-soros-reveals-himself-in-colombia.html\" target=\"_blank\">http:\/\/www.periodismosinfronteras.org\/after-decades-of-covert-support-for-terrorists-soros-reveals-himself-in-colombia.html<\/a><\/p>\n<p style=\"text-align: justify;\"><strong>[33]<\/strong> Trent Tina <em>Soros Fingerprints on \u201cOccupy Wall Street\u201d<\/em>\u00a0The Soros Files 25 Jan 2012 <a href=\"http:\/\/sorosfiles.com\/soros\/2012\/01\/soros-fingerprints-on-occupy-wall-street.html#ixzz4f6IwzA1y\" target=\"_blank\">http:\/\/sorosfiles.com\/soros\/2012\/01\/soros-fingerprints-on-occupy-wall-street.html#ixzz4f6IwzA1y<\/a><\/p>\n<p style=\"text-align: justify;\"><strong>[34]<\/strong> Vadum Matthew <em>George Soros Funds Occupy Wall Street Human Events<\/em> Oct 21, 2011 <a href=\"http:\/\/humanevents.com\/2011\/10\/21\/george-soros-funds-occupy-wall-street\/\" target=\"_blank\">http:\/\/humanevents.com\/2011\/10\/21\/george-soros-funds-occupy-wall-street\/<\/a><\/p>\n<p style=\"text-align: justify;\"><strong>[35]<\/strong> Loudon Trevor, <em>Russians and George Soros Support Wall Street Protesters<\/em> New Zeal October 9, 2011 <a href=\"http:\/\/www.trevorloudon.com\/2011\/10\/russians-and-george-soro%20s-support-wall-street-proteste%20rs\/\" target=\"_blank\">http:\/\/www.trevorloudon.com\/2011\/10\/russians-and-george-soro s-support-wall-street-proteste rs\/<\/a><\/p>\n<p style=\"text-align: justify;\"><strong>[36]<\/strong> Kincaid Cliff <em>Russian Propagandists Exploit Wall Street Protests<\/em> Accuracy in Media October 31, 2011 <a href=\"http:\/\/www.aim.org\/aim-column\/russian-propagandists-exploit-wall-street-protests\/\" target=\"_blank\">http:\/\/www.aim.org\/aim-column\/russian-propagandists-exploit-wall-street-protests\/<\/a><\/p>\n<p style=\"text-align: justify;\"><strong>[37]<\/strong> Pomerantsev Peter <em>The Hidden Author of Putinism. How Vladislav Surkov invented the new Russia<\/em> The Atlantic, Nov 7, 2014 <a href=\"https:\/\/www.theatlantic.com\/international\/archive\/2014\/11\/hidden-author-putinism-russia-vladislav-surkov\/382489\/\" target=\"_blank\">https:\/\/www.theatlantic.com\/international\/archive\/2014\/11\/hidden-author-putinism-russia-vladislav-surkov\/382489\/<\/a><\/p>\n<p style=\"text-align: justify;\"><strong>[38]<\/strong> Pomerantsev Peter <em>Russia\u2019s Ideology: There Is No Truth<\/em> New York Times <a href=\"https:\/\/www.nytimes.com\/2014\/12\/12\/opinion\/russias-ideology-there-is-no-truth.html?_r=0\">https:\/\/www.nytimes.com\/2014\/12\/12\/opinion\/russias-ideology-there-is-no-truth.html?_r=0<\/a><\/p>\n<p style=\"text-align: justify;\"><strong>[39]<\/strong> Jasper William F.\u00a0<em>The Real Terror Paymasters<\/em>\u00a0The New American 03 September 2007 <a href=\"https:\/\/www.thenewamerican.com\/world-news\/item\/15208-the-real-terror-paymasters\" target=\"_blank\">https:\/\/www.thenewamerican.com\/world-news\/item\/15208-the-real-terror-paymasters<\/a><\/p>\n<p style=\"text-align: justify;\"><strong>[40]<\/strong> Pacepa Ion Mihai <em>What does Moscow have to do with the recent war in Lebanon?<\/em> National Revue August 2006, <a href=\"http:\/\/www.nationalreview.com\/article\/218533\/russianfootprints-ion-mihai-pacepa\" target=\"_blank\">http:\/\/www.nationalreview.com\/article\/218533\/russianfootprints-ion-mihai-pacepa<\/a><\/p>\n<p style=\"text-align: justify;\"><strong>[41]<\/strong> Preobrazhensky Konstantin <em>How the Russian Communists run Islamic Terrorism <\/em><a href=\"https:\/\/www.youtube.com\/watch?v=0AqMCLqTRFo\" target=\"_blank\">https:\/\/www.youtube.com\/watch?v=0AqMCLqTRFo<\/a><\/p>\n<p style=\"text-align: justify;\"><strong>[42]<\/strong> Lt. Gen. Ion Mihai Pacepa, Prof. Ronald J Rychlak, <em>Disinformation: Former Spy Chief Reveals Secret Strategies for Undermining Freedom, Attacking Religion, and Promoting Terrorism<\/em> WND Books June 25, 2013<\/p>\n<p style=\"text-align: justify;\"><strong>[43]<\/strong> The New American, <em>Defector: Putin&#8217;s KGB Trained Top al-Qaeda Terrorists<\/em> 8 August 2005 <a href=\"https:\/\/www.thenewamerican.com\/world-news\/europe\/item\/15162-defector-putin-s-kgb-trained-top-al-qaeda-terrorists\" target=\"_blank\">https:\/\/www.thenewamerican.com\/world-news\/europe\/item\/15162-defector-putin-s-kgb-trained-top-al-qaeda-terrorists<\/a><\/p>\n<p style=\"text-align: justify;\"><strong>[44]<\/strong> <em>Przetarte szlaki terroru \u2013 sk\u0105d si\u0119 bior\u0105 terrory\u015bci<\/em>\u00a0 <a href=\"https:\/\/7dni.wordpress.com\/2005\/07\/19\/przetarte-szlaki-terroru-skad-sie-bioraterrorysci\/\" target=\"_blank\">https:\/\/7dni.wordpress.com\/2005\/07\/19\/przetarte-szlaki-terroru-skad-sie-bioraterrorysci\/<\/a><\/p>\n<p style=\"text-align: justify;\"><strong>[45]<\/strong> Nyquist J. R. <em>Is Al Qaeda a Kremlin Proxy?<\/em> 13 August 2005 <a href=\"http:\/\/www.jrnyquist.com\/nyquist_2005_0813.htm\" target=\"_blank\">http:\/\/www.jrnyquist.com\/nyquist_2005_0813.htm<\/a><\/p>\n<p style=\"text-align: justify;\"><strong>[46]<\/strong> de Varona Frank Russia, <em>The Center Of Global Terrorism, Uses Radical Islam As A Weapon Against The West<\/em> Bare Witness Central May 22, 2016 <a href=\"http:\/\/bwcentral.org\/2016\/05\/russia-the-center-of-global-terrorism-uses-radical-islam-as-a-weapon-against-the-west\/\" target=\"_blank\">http:\/\/bwcentral.org\/2016\/05\/russia-the-center-of-global-terrorism-uses-radical-islam-as-a-weapon-against-the-west\/<\/a><\/p>\n<p style=\"text-align: justify;\"><strong>[47]<\/strong> <em>The Litvinenko Inquiry Report into the death of Alexander Litvinenko<\/em> Chairman: Sir Robert Owen Presented to Parliament pursuant to Section 26 of the Inquiries Act 2005 Ordered by the House of Commons to be printed on 21 January 2016 <a href=\"https:\/\/www.litvinenkoinquiry.org\/files\/Litvinenko-Inquiry-Report-web-version.pdf\" target=\"_blank\">https:\/\/www.litvinenkoinquiry.org\/files\/Litvinenko-Inquiry-Report-web-version.pdf<\/a><\/p>\n<p style=\"text-align: justify;\"><strong>[48]<\/strong> <em>Litvinenko killers left trail of radiation after visit to British embassy to plead innocence<\/em> The Telegraph Jan 2016 <a href=\"http:\/\/www.telegraph.co.uk\/news\/worldnews\/vladimir-putin\/12117729\/Litvinenko-killers-left-trail-of-radiation-after-visit-to-British-embassy-to-plead-innocence.html\" target=\"_blank\">http:\/\/www.telegraph.co.uk\/news\/worldnews\/vladimir-putin\/12117729\/Litvinenko-killers-left-trail-of-radiation-after-visit-to-British-embassy-to-plead-innocence.html<\/a><\/p>\n<p style=\"text-align: justify;\"><strong>[49]<\/strong> Laurinavi\u010dius Marius, <em>Putin\u2019s Russia. Do traces of KGB, FSB and GRU lead to Islamic State? (2)<\/em> Delfi.lt January 9, 2015. Read more: <a href=\"http:\/\/en.delfi.lt\/central-eastern-europe\/putins-russia-do-traces-of-kgb-fsb-and-gru-lead-to-islamic-state.d?id=66856642\" target=\"_blank\">http:\/\/en.delfi.lt\/central-eastern-europe\/putins-russia-do-traces-of-kgb-fsb-and-gru-lead-to-islamic-state.d?id=66856642<\/a><\/p>\n<p style=\"text-align: justify;\"><strong>[50]<\/strong> Macintyre Ben <em>Isis owes more to the Kremlin than the Koran<\/em> The Times April 24 2015, <a href=\"https:\/\/www.thetimes.co.uk\/article\/isis-owes-more-to-the-kremlin-than-the-koran-pqm08lhpdcl\" target=\"_blank\">https:\/\/www.thetimes.co.uk\/article\/isis-owes-more-to-the-kremlin-than-the-koran-pqm08lhpdcl<\/a><\/p>\n<p style=\"text-align: justify;\"><strong>[51]<\/strong> Gadowski Witold, <em>Syryjski genera\u0142 oskar\u017ca: W Rosji szkoleni s\u0105 fanatycy, kt\u00f3rzy potem zasilaj\u0105 szeregi Pa\u0144stwa Islamskiego<\/em> 22 lipca 2015 <a href=\"http:\/\/wpolityce.pl\/swiat\/260088-syryjski-general-oskarza-w-rosji-szkoleni-sa-fanatycy-ktorzy-potem-zasilaja-szeregi-panstwa-islamskiego\" target=\"_blank\">http:\/\/wpolityce.pl\/swiat\/260088-syryjski-general-oskarza-w-rosji-szkoleni-sa-fanatycy-ktorzy-potem-zasilaja-szeregi-panstwa-islamskiego<\/a><\/p>\n<p style=\"text-align: justify;\"><strong>[52]<\/strong> Beauchamp Zack <em>Russia says it\u2019s bombing ISIS in Syria. It\u2019s actually bombing their enemies.<\/em> Vox Sep 30, 2015\u00a0<a href=\"http:\/\/www.vox.com\/2015\/9\/30\/9423229\/russia-bombing-isis-syria\" target=\"_blank\">http:\/\/www.vox.com\/2015\/9\/30\/9423229\/russia-bombing-isis-syria<\/a><\/p>\n<p><strong>[53]<\/strong> Allen West <em>Folks, here\u2019s what the media WON\u2019T tell you about Russia bombing Syria<\/em>, Oct 2015 <a href=\"http:\/\/www.allenbwest.com\/allen\/folks-heres-what-the-media-wont-tell-you-about-russia-bombing-syria\">http:\/\/www.allenbwest.com\/allen\/folks-heres-what-the-media-wont-tell-you-about-russia-bombing-syria<\/a><\/p>\n<p style=\"text-align: justify;\"><strong>[54]<\/strong> Gilsinan Kathy <em>Just Who Is Russia Targeting in Syria? Putin\u2019s terrorists aren\u2019t the same as Obama\u2019s.<\/em> The Atlantic, Oct 2015 <a href=\"https:\/\/www.theatlantic.com\/international\/archive\/2015\/10\/russia-syria-putin-isis\/408406\/\" target=\"_blank\">https:\/\/www.theatlantic.com\/international\/archive\/2015\/10\/russia-syria-putin-isis\/408406\/<\/a><\/p>\n<p style=\"text-align: justify;\"><strong>[55]<\/strong> Mora Edwin, <em>Analysis: Nearly 80 Percent of Russian Airstrikes In Syria Don\u2019t Target ISIS<\/em>\u00a0Breitbart Oct 2015 <a href=\"http:\/\/www.breitbart.com\/national-security\/2015\/10\/22\/analysis-nearly-80-percent-russian-airstrikes-syria-dont-target-isis\/\" target=\"_blank\">http:\/\/www.breitbart.com\/national-security\/2015\/10\/22\/analysis-nearly-80-percent-russian-airstrikes-syria-dont-target-isis\/<\/a><\/p>\n<p style=\"text-align: justify;\"><strong>[56]<\/strong> \u041c\u0438\u0441\u0441\u0438\u043e\u043d\u0435\u0440\u0441\u043a\u0438\u0439 \u041e\u0442\u0434\u0435\u043b \u041c\u043e\u0441\u043a\u043e\u0432\u0441\u043a\u043e\u0433\u043e \u041f\u0430\u0442\u0440\u0438\u0430\u0440\u0445\u0430\u0442\u0430 \u0420\u0443\u0441\u0441\u043a\u043e\u0439 \u041f\u0440\u0430\u0432\u043e\u0441\u043b\u0430\u0432\u043d\u043e\u0439 \u0426\u0435\u0440\u043a\u0432\u0438. <em>\u041d\u043e\u0432\u044b\u0435<\/em> <em>\u0440\u0435\u043b\u0438\u0433\u0438\u043e\u0437\u043d\u044b\u0435<\/em> <em>\u043e\u0440\u0433\u0430\u043d\u0438\u0437\u0430\u0446\u0438\u0438<\/em> <em>\u0420\u043e\u0441\u0441\u0438\u0438<\/em> <em>\u0434\u0435\u0441\u0442\u0440\u0443\u043a\u0442\u0438\u0432\u043d\u043e\u0433\u043e<\/em> <em>\u0438<\/em> <em>\u043e\u043a\u043a\u0443\u043b\u044c\u0442\u043d\u043e\u0433\u043e<\/em> <em>\u0445\u0430\u0440\u0430\u043a\u0442\u0435\u0440\u0430<\/em><em>. <\/em><em>\u0421\u043f\u0440\u0430\u0432\u043e\u0447\u043d\u0438\u043a<\/em><em>.<\/em>\u0411\u0435\u043b\u0433\u043e\u0440\u043e\u0434, 2002, <em>\u0423\u0447\u0435\u043d\u0438\u0435<\/em> <em>\u0410\u043b\u0435\u043a\u0441\u0430\u043d\u0434\u0440\u0430<\/em> <em>\u0414\u0443\u0433\u0438\u043d\u0430<\/em>. \u0441\u0442\u0440. 164-172 traduzione portoghese: Departamento Mission\u00e1rio do Patriarcado de Moscou da Igreja Ortodoxa Russa.<em>\u201cNovas associa\u00e7\u00f5es religiosas da R\u00fassia de car\u00e1ter destrutivo e oculto: um guia&#8221;\u00a0<\/em>Belgorod, 2002 \u201c<em>A doutrina de Aleksandr Dugin\u201d <\/em><a href=\"http:\/\/www.midiasemmascara.org\/artigos\/globalismo\/15283-a-doutrina-de-aleksandr-dugin.html\" target=\"_blank\">http:\/\/www.midiasemmascara.org\/artigos\/globalismo\/15283-a-doutrina-de-aleksandr-dugin.html<\/a><\/p>\n<p style=\"text-align: justify;\"><strong>[57]<\/strong> <em>Gipfeltreffen mit Putins f\u00fcnfter Kolonne<\/em> Tagesanzeiger 03.06.2014 <a href=\"http:\/\/www.tagesanzeiger.ch\/ausland\/europa\/Gipfeltreffen-mit-Putins-fuenfter-Kolonne\/story\/30542701\" target=\"_blank\">http:\/\/www.tagesanzeiger.ch\/ausland\/europa\/Gipfeltreffen-mit-Putins-fuenfter-Kolonne\/story\/30542701<\/a><\/p>\n<p style=\"text-align: justify;\"><strong>[58]<\/strong> Zubrin Robert <em>The Wrong Right<\/em> National Review June 2014 <a href=\"http:\/\/www.nationalreview.com\/article\/381037\/wrong-right-robert-zubrin\" target=\"_blank\">http:\/\/www.nationalreview.com\/article\/381037\/wrong-right-robert-zubrin<\/a><\/p>\n<p style=\"text-align: justify;\"><strong>[59]<\/strong> \u0414\u0443\u0433\u0438\u043d: \u043d\u0443\u0436\u0435\u043d \u0440\u0443\u0441\u0441\u043a\u0438\u0439 \u0446\u0430\u0440\u044c \u0434\u043b\u044f \u0432\u0441\u0435\u0439 \u0415\u0432\u0440\u043e\u043f\u044b (video with English subs)\u00a0<a href=\"https:\/\/www.youtube.com\/watch?time_continue=13&amp;v=TCPBCrNjZvE\" target=\"_blank\">https:\/\/www.youtube.com\/watch?time_continue=13&amp;v=TCPBCrNjZvE<\/a><\/p>\n<p style=\"text-align: justify;\"><strong>[60]<\/strong> Dunlop John B. <em>Aleksandr Dugin\u2019s Foundations of Geopolitics<\/em> The Fourth Political Theory beyond left and right but against the center <a href=\"http:\/\/www.4pt.su\/en\/content\/aleksandr-dugin%E2%80%99s-foundations-geopolitics\" target=\"_blank\">http:\/\/www.4pt.su\/en\/content\/aleksandr-dugin%E2%80%99s-foundations-geopolitics<\/a><\/p>\n<p style=\"text-align: justify;\"><strong>[61]<\/strong> Zubrin Robert Dugin\u2019s Evil Theology National ReviewJune 2014 <a href=\"http:\/\/www.nationalreview.com\/article\/380614\/dugins-evil-theology-robert-zubrin\" target=\"_blank\">http:\/\/www.nationalreview.com\/article\/380614\/dugins-evil-theology-robert-zubrin<\/a><\/p>\n<p>More in:- Heiser James <em>&#8220;The American Empire Should Be Destroyed&#8221;: Alexander Dugin and the Perils of Immanentized Eschatology<\/em>\u00a0Repristination Press (11 Jun. 2014)<\/p>\n<p style=\"text-align: justify;\"><strong>[62]<\/strong> G\u00f3rny Grzegorz <em>Aleksander Dugin: Czekam na Iwana Gro\u017anego<\/em> (I am waiting for Ivan the Terrible) kwartalnik Fronda nr. 11-12\/1998 r. <a href=\"http:\/\/www.fronda.pl\/a\/rosja-nie-jest-zainteresowana-istnieniem-niepodleglego-panstwa-polskiego,38493.html\" target=\"_blank\">http:\/\/www.fronda.pl\/a\/rosja-nie-jest-zainteresowana-istnieniem-niepodleglego-panstwa-polskiego,38493.html<\/a><\/p>\n<p style=\"text-align: justify;\"><strong>[63]<\/strong> Zubrin Robert <em>Dugin\u2019s Evil Theology<\/em> National Review June 2014 <a href=\"http:\/\/www.nationalreview.com\/article\/380614\/dugins-evil-theology-robert-zubrin\" target=\"_blank\">http:\/\/www.nationalreview.com\/article\/380614\/dugins-evil-theology-robert-zubrin<\/a>. More in:- Heiser James <em>&#8220;The American Empire Should Be Destroyed&#8221;<\/em>: Alexander Dugin and the Perils of Immanentized Eschatology Repristination Press (11 Jun. 2014)<\/p>\n<p><strong>[64]<\/strong> Ibid.<\/p>\n<p><strong>[65]<\/strong> Ibid.<\/p>\n<p><strong>[66]<\/strong> Ibid.<\/p>\n<p>&nbsp;<\/p>\n","protected":false},"excerpt":{"rendered":"<p>Newsletter dell&#8217;Associazione Tradizione Famiglia Propriet\u00e0 \u2014 Maggio 2017 Per commemorare il centenario della prima apparizione della Madonna, offriamo ai nostri cari lettori il testo dell\u2019intervento della dott.ssa Anca Maria Cernea, vice-presidente dei Medici Cattolici di Bucarest, Romania, intitolato: Il messaggio di Fatima, una prospettiva dall\u2019Est svolto nel corso dell\u2019importante convegno, promosso dall\u2019Associazione Luci sull\u2019Est, e &hellip; <\/p>\n<p><a class=\"more-link btn\" href=\"https:\/\/www.rassegnastampa-totustuus.it\/cattolica\/il-messaggio-di-fatima-una-prospettiva-dallest\/\">Continua a leggere<\/a><\/p>\n","protected":false},"author":6,"featured_media":37752,"comment_status":"closed","ping_status":"closed","sticky":false,"template":"","format":"standard","meta":{"footnotes":""},"categories":[19,83,116,27],"tags":[962,298],"class_list":["post-37751","post","type-post","status-publish","format-standard","has-post-thumbnail","hentry","category-politica-internazionale","category-post-comunismo","category-russia","category-socialismo-e-comunismo","tag-fatima","tag-post-comunismo-2","item-wrap"],"yoast_head":"<!-- This site is optimized with the Yoast SEO plugin v27.5 - https:\/\/yoast.com\/product\/yoast-seo-wordpress\/ -->\n<title>Il messaggio di Fatima: una prospettiva dall&#039;Est - Rassegna Stampa Cattolica<\/title>\n<meta name=\"description\" content=\"Rassegna Stampa Cattolica - Per una cultura che nasce dalla Rivelazione cristiana in conformit\u00e0 alla tradizione e al Magistero della Chiesa in opposizione ad ogni relativismo e totalitarismo\" \/>\n<meta name=\"robots\" content=\"index, follow, max-snippet:-1, max-image-preview:large, max-video-preview:-1\" \/>\n<link rel=\"canonical\" href=\"https:\/\/www.rassegnastampa-totustuus.it\/cattolica\/il-messaggio-di-fatima-una-prospettiva-dallest\/\" \/>\n<meta property=\"og:locale\" content=\"it_IT\" \/>\n<meta property=\"og:type\" content=\"article\" \/>\n<meta property=\"og:title\" content=\"Il messaggio di Fatima: una prospettiva dall&#039;Est - Rassegna Stampa Cattolica\" \/>\n<meta property=\"og:description\" content=\"Rassegna Stampa Cattolica - Per una cultura che nasce dalla Rivelazione cristiana in conformit\u00e0 alla tradizione e al Magistero della Chiesa in opposizione ad ogni relativismo e totalitarismo\" \/>\n<meta property=\"og:url\" content=\"https:\/\/www.rassegnastampa-totustuus.it\/cattolica\/il-messaggio-di-fatima-una-prospettiva-dallest\/\" \/>\n<meta property=\"og:site_name\" content=\"Rassegna Stampa Cattolica\" \/>\n<meta property=\"article:publisher\" content=\"https:\/\/www.facebook.com\/rassegnastampacattolica\" \/>\n<meta property=\"article:published_time\" content=\"2017-05-24T22:00:19+00:00\" \/>\n<meta property=\"og:image\" content=\"https:\/\/www.rassegnastampa-totustuus.it\/cattolica\/wp-content\/uploads\/2017\/05\/Madonna_Fatima.jpg\" \/>\n\t<meta property=\"og:image:width\" content=\"258\" \/>\n\t<meta property=\"og:image:height\" content=\"195\" \/>\n\t<meta property=\"og:image:type\" content=\"image\/jpeg\" \/>\n<meta name=\"author\" content=\"Redazione\" \/>\n<meta name=\"twitter:card\" content=\"summary_large_image\" \/>\n<meta name=\"twitter:creator\" content=\"@rassegnastampa9\" \/>\n<meta name=\"twitter:site\" content=\"@rassegnastampa9\" \/>\n<meta name=\"twitter:label1\" content=\"Scritto da\" \/>\n\t<meta name=\"twitter:data1\" content=\"Redazione\" \/>\n\t<meta name=\"twitter:label2\" content=\"Tempo di lettura stimato\" \/>\n\t<meta name=\"twitter:data2\" content=\"30 minuti\" \/>\n<script type=\"application\/ld+json\" class=\"yoast-schema-graph\">{\"@context\":\"https:\\\/\\\/schema.org\",\"@graph\":[{\"@type\":\"Article\",\"@id\":\"https:\\\/\\\/www.rassegnastampa-totustuus.it\\\/cattolica\\\/il-messaggio-di-fatima-una-prospettiva-dallest\\\/#article\",\"isPartOf\":{\"@id\":\"https:\\\/\\\/www.rassegnastampa-totustuus.it\\\/cattolica\\\/il-messaggio-di-fatima-una-prospettiva-dallest\\\/\"},\"author\":{\"name\":\"Redazione\",\"@id\":\"https:\\\/\\\/www.rassegnastampa-totustuus.it\\\/cattolica\\\/#\\\/schema\\\/person\\\/08f319d2bd1a0904ad9e2bfb7b15e5c3\"},\"headline\":\"Il messaggio di Fatima: una prospettiva dall&#8217;Est\",\"datePublished\":\"2017-05-24T22:00:19+00:00\",\"mainEntityOfPage\":{\"@id\":\"https:\\\/\\\/www.rassegnastampa-totustuus.it\\\/cattolica\\\/il-messaggio-di-fatima-una-prospettiva-dallest\\\/\"},\"wordCount\":6181,\"publisher\":{\"@id\":\"https:\\\/\\\/www.rassegnastampa-totustuus.it\\\/cattolica\\\/#organization\"},\"image\":{\"@id\":\"https:\\\/\\\/www.rassegnastampa-totustuus.it\\\/cattolica\\\/il-messaggio-di-fatima-una-prospettiva-dallest\\\/#primaryimage\"},\"thumbnailUrl\":\"https:\\\/\\\/www.rassegnastampa-totustuus.it\\\/cattolica\\\/wp-content\\\/uploads\\\/2017\\\/05\\\/Madonna_Fatima.jpg\",\"keywords\":[\"Fatima\",\"post comunismo\"],\"articleSection\":[\"Politica internazionale\",\"Post-comunismo\",\"Russia\",\"Socialcomunismo\"],\"inLanguage\":\"it-IT\"},{\"@type\":\"WebPage\",\"@id\":\"https:\\\/\\\/www.rassegnastampa-totustuus.it\\\/cattolica\\\/il-messaggio-di-fatima-una-prospettiva-dallest\\\/\",\"url\":\"https:\\\/\\\/www.rassegnastampa-totustuus.it\\\/cattolica\\\/il-messaggio-di-fatima-una-prospettiva-dallest\\\/\",\"name\":\"Il messaggio di Fatima: una prospettiva dall'Est - Rassegna Stampa Cattolica\",\"isPartOf\":{\"@id\":\"https:\\\/\\\/www.rassegnastampa-totustuus.it\\\/cattolica\\\/#website\"},\"primaryImageOfPage\":{\"@id\":\"https:\\\/\\\/www.rassegnastampa-totustuus.it\\\/cattolica\\\/il-messaggio-di-fatima-una-prospettiva-dallest\\\/#primaryimage\"},\"image\":{\"@id\":\"https:\\\/\\\/www.rassegnastampa-totustuus.it\\\/cattolica\\\/il-messaggio-di-fatima-una-prospettiva-dallest\\\/#primaryimage\"},\"thumbnailUrl\":\"https:\\\/\\\/www.rassegnastampa-totustuus.it\\\/cattolica\\\/wp-content\\\/uploads\\\/2017\\\/05\\\/Madonna_Fatima.jpg\",\"datePublished\":\"2017-05-24T22:00:19+00:00\",\"description\":\"Rassegna Stampa Cattolica - Per una cultura che nasce dalla Rivelazione cristiana in conformit\u00e0 alla tradizione e al Magistero della Chiesa in opposizione ad ogni relativismo e totalitarismo\",\"breadcrumb\":{\"@id\":\"https:\\\/\\\/www.rassegnastampa-totustuus.it\\\/cattolica\\\/il-messaggio-di-fatima-una-prospettiva-dallest\\\/#breadcrumb\"},\"inLanguage\":\"it-IT\",\"potentialAction\":[{\"@type\":\"ReadAction\",\"target\":[\"https:\\\/\\\/www.rassegnastampa-totustuus.it\\\/cattolica\\\/il-messaggio-di-fatima-una-prospettiva-dallest\\\/\"]}]},{\"@type\":\"ImageObject\",\"inLanguage\":\"it-IT\",\"@id\":\"https:\\\/\\\/www.rassegnastampa-totustuus.it\\\/cattolica\\\/il-messaggio-di-fatima-una-prospettiva-dallest\\\/#primaryimage\",\"url\":\"https:\\\/\\\/www.rassegnastampa-totustuus.it\\\/cattolica\\\/wp-content\\\/uploads\\\/2017\\\/05\\\/Madonna_Fatima.jpg\",\"contentUrl\":\"https:\\\/\\\/www.rassegnastampa-totustuus.it\\\/cattolica\\\/wp-content\\\/uploads\\\/2017\\\/05\\\/Madonna_Fatima.jpg\",\"width\":258,\"height\":195},{\"@type\":\"BreadcrumbList\",\"@id\":\"https:\\\/\\\/www.rassegnastampa-totustuus.it\\\/cattolica\\\/il-messaggio-di-fatima-una-prospettiva-dallest\\\/#breadcrumb\",\"itemListElement\":[{\"@type\":\"ListItem\",\"position\":1,\"name\":\"Home\",\"item\":\"https:\\\/\\\/www.rassegnastampa-totustuus.it\\\/cattolica\\\/\"},{\"@type\":\"ListItem\",\"position\":2,\"name\":\"Il messaggio di Fatima: una prospettiva dall&#8217;Est\"}]},{\"@type\":\"WebSite\",\"@id\":\"https:\\\/\\\/www.rassegnastampa-totustuus.it\\\/cattolica\\\/#website\",\"url\":\"https:\\\/\\\/www.rassegnastampa-totustuus.it\\\/cattolica\\\/\",\"name\":\"Rassegna Stampa Cattolica\",\"description\":\"Per una cultura che nasce dalla Rivelazione cristiana in conformit\u00e0 alla tradizione e al Magistero della Chiesa in opposizione ad ogni relativismo e totalitarismo\",\"publisher\":{\"@id\":\"https:\\\/\\\/www.rassegnastampa-totustuus.it\\\/cattolica\\\/#organization\"},\"alternateName\":\"Rass. Cattolica\",\"potentialAction\":[{\"@type\":\"SearchAction\",\"target\":{\"@type\":\"EntryPoint\",\"urlTemplate\":\"https:\\\/\\\/www.rassegnastampa-totustuus.it\\\/cattolica\\\/?s={search_term_string}\"},\"query-input\":{\"@type\":\"PropertyValueSpecification\",\"valueRequired\":true,\"valueName\":\"search_term_string\"}}],\"inLanguage\":\"it-IT\"},{\"@type\":\"Organization\",\"@id\":\"https:\\\/\\\/www.rassegnastampa-totustuus.it\\\/cattolica\\\/#organization\",\"name\":\"Rassegna Stampa Cattolica\",\"url\":\"https:\\\/\\\/www.rassegnastampa-totustuus.it\\\/cattolica\\\/\",\"logo\":{\"@type\":\"ImageObject\",\"inLanguage\":\"it-IT\",\"@id\":\"https:\\\/\\\/www.rassegnastampa-totustuus.it\\\/cattolica\\\/#\\\/schema\\\/logo\\\/image\\\/\",\"url\":\"https:\\\/\\\/www.rassegnastampa-totustuus.it\\\/cattolica\\\/wp-content\\\/uploads\\\/2014\\\/04\\\/logo-rassegna1.gif\",\"contentUrl\":\"https:\\\/\\\/www.rassegnastampa-totustuus.it\\\/cattolica\\\/wp-content\\\/uploads\\\/2014\\\/04\\\/logo-rassegna1.gif\",\"width\":600,\"height\":163,\"caption\":\"Rassegna Stampa Cattolica\"},\"image\":{\"@id\":\"https:\\\/\\\/www.rassegnastampa-totustuus.it\\\/cattolica\\\/#\\\/schema\\\/logo\\\/image\\\/\"},\"sameAs\":[\"https:\\\/\\\/www.facebook.com\\\/rassegnastampacattolica\",\"https:\\\/\\\/x.com\\\/rassegnastampa9\"]},{\"@type\":\"Person\",\"@id\":\"https:\\\/\\\/www.rassegnastampa-totustuus.it\\\/cattolica\\\/#\\\/schema\\\/person\\\/08f319d2bd1a0904ad9e2bfb7b15e5c3\",\"name\":\"Redazione\",\"image\":{\"@type\":\"ImageObject\",\"inLanguage\":\"it-IT\",\"@id\":\"https:\\\/\\\/secure.gravatar.com\\\/avatar\\\/2fcdf27c78ea025fbdb44e914cc63c72249ffec9dc8aafd5c82b26240ef3f346?s=96&d=mm&r=g\",\"url\":\"https:\\\/\\\/secure.gravatar.com\\\/avatar\\\/2fcdf27c78ea025fbdb44e914cc63c72249ffec9dc8aafd5c82b26240ef3f346?s=96&d=mm&r=g\",\"contentUrl\":\"https:\\\/\\\/secure.gravatar.com\\\/avatar\\\/2fcdf27c78ea025fbdb44e914cc63c72249ffec9dc8aafd5c82b26240ef3f346?s=96&d=mm&r=g\",\"caption\":\"Redazione\"},\"url\":\"https:\\\/\\\/www.rassegnastampa-totustuus.it\\\/cattolica\\\/author\\\/pietroelle\\\/\"}]}<\/script>\n<!-- \/ Yoast SEO plugin. -->","yoast_head_json":{"title":"Il messaggio di Fatima: una prospettiva dall'Est - Rassegna Stampa Cattolica","description":"Rassegna Stampa Cattolica - Per una cultura che nasce dalla Rivelazione cristiana in conformit\u00e0 alla tradizione e al Magistero della Chiesa in opposizione ad ogni relativismo e totalitarismo","robots":{"index":"index","follow":"follow","max-snippet":"max-snippet:-1","max-image-preview":"max-image-preview:large","max-video-preview":"max-video-preview:-1"},"canonical":"https:\/\/www.rassegnastampa-totustuus.it\/cattolica\/il-messaggio-di-fatima-una-prospettiva-dallest\/","og_locale":"it_IT","og_type":"article","og_title":"Il messaggio di Fatima: una prospettiva dall'Est - Rassegna Stampa Cattolica","og_description":"Rassegna Stampa Cattolica - Per una cultura che nasce dalla Rivelazione cristiana in conformit\u00e0 alla tradizione e al Magistero della Chiesa in opposizione ad ogni relativismo e totalitarismo","og_url":"https:\/\/www.rassegnastampa-totustuus.it\/cattolica\/il-messaggio-di-fatima-una-prospettiva-dallest\/","og_site_name":"Rassegna Stampa Cattolica","article_publisher":"https:\/\/www.facebook.com\/rassegnastampacattolica","article_published_time":"2017-05-24T22:00:19+00:00","og_image":[{"width":258,"height":195,"url":"https:\/\/www.rassegnastampa-totustuus.it\/cattolica\/wp-content\/uploads\/2017\/05\/Madonna_Fatima.jpg","type":"image\/jpeg"}],"author":"Redazione","twitter_card":"summary_large_image","twitter_creator":"@rassegnastampa9","twitter_site":"@rassegnastampa9","twitter_misc":{"Scritto da":"Redazione","Tempo di lettura stimato":"30 minuti"},"schema":{"@context":"https:\/\/schema.org","@graph":[{"@type":"Article","@id":"https:\/\/www.rassegnastampa-totustuus.it\/cattolica\/il-messaggio-di-fatima-una-prospettiva-dallest\/#article","isPartOf":{"@id":"https:\/\/www.rassegnastampa-totustuus.it\/cattolica\/il-messaggio-di-fatima-una-prospettiva-dallest\/"},"author":{"name":"Redazione","@id":"https:\/\/www.rassegnastampa-totustuus.it\/cattolica\/#\/schema\/person\/08f319d2bd1a0904ad9e2bfb7b15e5c3"},"headline":"Il messaggio di Fatima: una prospettiva dall&#8217;Est","datePublished":"2017-05-24T22:00:19+00:00","mainEntityOfPage":{"@id":"https:\/\/www.rassegnastampa-totustuus.it\/cattolica\/il-messaggio-di-fatima-una-prospettiva-dallest\/"},"wordCount":6181,"publisher":{"@id":"https:\/\/www.rassegnastampa-totustuus.it\/cattolica\/#organization"},"image":{"@id":"https:\/\/www.rassegnastampa-totustuus.it\/cattolica\/il-messaggio-di-fatima-una-prospettiva-dallest\/#primaryimage"},"thumbnailUrl":"https:\/\/www.rassegnastampa-totustuus.it\/cattolica\/wp-content\/uploads\/2017\/05\/Madonna_Fatima.jpg","keywords":["Fatima","post comunismo"],"articleSection":["Politica internazionale","Post-comunismo","Russia","Socialcomunismo"],"inLanguage":"it-IT"},{"@type":"WebPage","@id":"https:\/\/www.rassegnastampa-totustuus.it\/cattolica\/il-messaggio-di-fatima-una-prospettiva-dallest\/","url":"https:\/\/www.rassegnastampa-totustuus.it\/cattolica\/il-messaggio-di-fatima-una-prospettiva-dallest\/","name":"Il messaggio di Fatima: una prospettiva dall'Est - Rassegna Stampa Cattolica","isPartOf":{"@id":"https:\/\/www.rassegnastampa-totustuus.it\/cattolica\/#website"},"primaryImageOfPage":{"@id":"https:\/\/www.rassegnastampa-totustuus.it\/cattolica\/il-messaggio-di-fatima-una-prospettiva-dallest\/#primaryimage"},"image":{"@id":"https:\/\/www.rassegnastampa-totustuus.it\/cattolica\/il-messaggio-di-fatima-una-prospettiva-dallest\/#primaryimage"},"thumbnailUrl":"https:\/\/www.rassegnastampa-totustuus.it\/cattolica\/wp-content\/uploads\/2017\/05\/Madonna_Fatima.jpg","datePublished":"2017-05-24T22:00:19+00:00","description":"Rassegna Stampa Cattolica - Per una cultura che nasce dalla Rivelazione cristiana in conformit\u00e0 alla tradizione e al Magistero della Chiesa in opposizione ad ogni relativismo e totalitarismo","breadcrumb":{"@id":"https:\/\/www.rassegnastampa-totustuus.it\/cattolica\/il-messaggio-di-fatima-una-prospettiva-dallest\/#breadcrumb"},"inLanguage":"it-IT","potentialAction":[{"@type":"ReadAction","target":["https:\/\/www.rassegnastampa-totustuus.it\/cattolica\/il-messaggio-di-fatima-una-prospettiva-dallest\/"]}]},{"@type":"ImageObject","inLanguage":"it-IT","@id":"https:\/\/www.rassegnastampa-totustuus.it\/cattolica\/il-messaggio-di-fatima-una-prospettiva-dallest\/#primaryimage","url":"https:\/\/www.rassegnastampa-totustuus.it\/cattolica\/wp-content\/uploads\/2017\/05\/Madonna_Fatima.jpg","contentUrl":"https:\/\/www.rassegnastampa-totustuus.it\/cattolica\/wp-content\/uploads\/2017\/05\/Madonna_Fatima.jpg","width":258,"height":195},{"@type":"BreadcrumbList","@id":"https:\/\/www.rassegnastampa-totustuus.it\/cattolica\/il-messaggio-di-fatima-una-prospettiva-dallest\/#breadcrumb","itemListElement":[{"@type":"ListItem","position":1,"name":"Home","item":"https:\/\/www.rassegnastampa-totustuus.it\/cattolica\/"},{"@type":"ListItem","position":2,"name":"Il messaggio di Fatima: una prospettiva dall&#8217;Est"}]},{"@type":"WebSite","@id":"https:\/\/www.rassegnastampa-totustuus.it\/cattolica\/#website","url":"https:\/\/www.rassegnastampa-totustuus.it\/cattolica\/","name":"Rassegna Stampa Cattolica","description":"Per una cultura che nasce dalla Rivelazione cristiana in conformit\u00e0 alla tradizione e al Magistero della Chiesa in opposizione ad ogni relativismo e totalitarismo","publisher":{"@id":"https:\/\/www.rassegnastampa-totustuus.it\/cattolica\/#organization"},"alternateName":"Rass. Cattolica","potentialAction":[{"@type":"SearchAction","target":{"@type":"EntryPoint","urlTemplate":"https:\/\/www.rassegnastampa-totustuus.it\/cattolica\/?s={search_term_string}"},"query-input":{"@type":"PropertyValueSpecification","valueRequired":true,"valueName":"search_term_string"}}],"inLanguage":"it-IT"},{"@type":"Organization","@id":"https:\/\/www.rassegnastampa-totustuus.it\/cattolica\/#organization","name":"Rassegna Stampa Cattolica","url":"https:\/\/www.rassegnastampa-totustuus.it\/cattolica\/","logo":{"@type":"ImageObject","inLanguage":"it-IT","@id":"https:\/\/www.rassegnastampa-totustuus.it\/cattolica\/#\/schema\/logo\/image\/","url":"https:\/\/www.rassegnastampa-totustuus.it\/cattolica\/wp-content\/uploads\/2014\/04\/logo-rassegna1.gif","contentUrl":"https:\/\/www.rassegnastampa-totustuus.it\/cattolica\/wp-content\/uploads\/2014\/04\/logo-rassegna1.gif","width":600,"height":163,"caption":"Rassegna Stampa Cattolica"},"image":{"@id":"https:\/\/www.rassegnastampa-totustuus.it\/cattolica\/#\/schema\/logo\/image\/"},"sameAs":["https:\/\/www.facebook.com\/rassegnastampacattolica","https:\/\/x.com\/rassegnastampa9"]},{"@type":"Person","@id":"https:\/\/www.rassegnastampa-totustuus.it\/cattolica\/#\/schema\/person\/08f319d2bd1a0904ad9e2bfb7b15e5c3","name":"Redazione","image":{"@type":"ImageObject","inLanguage":"it-IT","@id":"https:\/\/secure.gravatar.com\/avatar\/2fcdf27c78ea025fbdb44e914cc63c72249ffec9dc8aafd5c82b26240ef3f346?s=96&d=mm&r=g","url":"https:\/\/secure.gravatar.com\/avatar\/2fcdf27c78ea025fbdb44e914cc63c72249ffec9dc8aafd5c82b26240ef3f346?s=96&d=mm&r=g","contentUrl":"https:\/\/secure.gravatar.com\/avatar\/2fcdf27c78ea025fbdb44e914cc63c72249ffec9dc8aafd5c82b26240ef3f346?s=96&d=mm&r=g","caption":"Redazione"},"url":"https:\/\/www.rassegnastampa-totustuus.it\/cattolica\/author\/pietroelle\/"}]}},"_links":{"self":[{"href":"https:\/\/www.rassegnastampa-totustuus.it\/cattolica\/wp-json\/wp\/v2\/posts\/37751","targetHints":{"allow":["GET"]}}],"collection":[{"href":"https:\/\/www.rassegnastampa-totustuus.it\/cattolica\/wp-json\/wp\/v2\/posts"}],"about":[{"href":"https:\/\/www.rassegnastampa-totustuus.it\/cattolica\/wp-json\/wp\/v2\/types\/post"}],"author":[{"embeddable":true,"href":"https:\/\/www.rassegnastampa-totustuus.it\/cattolica\/wp-json\/wp\/v2\/users\/6"}],"replies":[{"embeddable":true,"href":"https:\/\/www.rassegnastampa-totustuus.it\/cattolica\/wp-json\/wp\/v2\/comments?post=37751"}],"version-history":[{"count":1,"href":"https:\/\/www.rassegnastampa-totustuus.it\/cattolica\/wp-json\/wp\/v2\/posts\/37751\/revisions"}],"predecessor-version":[{"id":37753,"href":"https:\/\/www.rassegnastampa-totustuus.it\/cattolica\/wp-json\/wp\/v2\/posts\/37751\/revisions\/37753"}],"wp:featuredmedia":[{"embeddable":true,"href":"https:\/\/www.rassegnastampa-totustuus.it\/cattolica\/wp-json\/wp\/v2\/media\/37752"}],"wp:attachment":[{"href":"https:\/\/www.rassegnastampa-totustuus.it\/cattolica\/wp-json\/wp\/v2\/media?parent=37751"}],"wp:term":[{"taxonomy":"category","embeddable":true,"href":"https:\/\/www.rassegnastampa-totustuus.it\/cattolica\/wp-json\/wp\/v2\/categories?post=37751"},{"taxonomy":"post_tag","embeddable":true,"href":"https:\/\/www.rassegnastampa-totustuus.it\/cattolica\/wp-json\/wp\/v2\/tags?post=37751"}],"curies":[{"name":"wp","href":"https:\/\/api.w.org\/{rel}","templated":true}]}}