{"id":37741,"date":"2017-05-25T00:00:48","date_gmt":"2017-05-24T22:00:48","guid":{"rendered":"http:\/\/www.rassegnastampa-totustuus.it\/cattolica\/?p=37741"},"modified":"2017-05-17T08:43:35","modified_gmt":"2017-05-17T06:43:35","slug":"la-filosofia-dellilluminismo","status":"publish","type":"post","link":"https:\/\/www.rassegnastampa-totustuus.it\/cattolica\/la-filosofia-dellilluminismo\/","title":{"rendered":"La filosofia dell\u2019Illuminismo"},"content":{"rendered":"<p style=\"text-align: center;\"><img loading=\"lazy\" decoding=\"async\" class=\"alignleft wp-image-37742\" src=\"https:\/\/www.rassegnastampa-totustuus.it\/cattolica\/wp-content\/uploads\/2017\/05\/illuministi.jpg\" alt=\"illuministi\" width=\"250\" height=\"188\" \/>I.D.I.S. &#8211; Istituto per la Dottrina e l&#8217;Informazione Sociale<\/p>\n<p style=\"text-align: center;\"><strong>Voci per un dizionario del pensiero forte<\/strong><\/p>\n<p style=\"text-align: center;\">di <strong>Ignazio Cantoni<\/strong><\/p>\n<p><strong>1. I presupposti storici<\/strong><\/p>\n<p style=\"text-align: justify;\">Il conte savoiardo Joseph de Maistre (1753-1821) parla degl\u2019inizi dell\u2019Illuminismo in questi termini:<em> \u00abAl principio del secolo <\/em>[XVIII] [\u2026]<em>, coloro che il protestantesimo aveva abbastanza <\/em>dirozzato<em>, erano tutti apparecchiati all\u2019empiet\u00e0. Bayle <\/em>[Pierre, 1647-1706]<em> aveva alzato la bandiera, e da ogni parte si avvertiva un sordo fermento, una rivolta dell\u2019orgoglio contro tutte le verit\u00e0 tradizionali, e una generale inclinazione a distinguersi per indipendenza e novit\u00e0 di opinioni\u00bb<\/em>.<\/p>\n<p style=\"text-align: justify;\"><!--more--><\/p>\n<p style=\"text-align: justify;\">Tale processo \u00e8 il frutto dell\u2019opera preparata da certa parte dell\u2019Umanesimo, dal Rinascimento e dalla Riforma protestante nei secoli XV e XVI, e svolta dal libertinismo e dalla letteratura clandestina sulle <em>\u00e9lite<\/em> culturali e politiche dell\u2019Europa nel secolo XVII. Molti temi che caratterizzano l\u2019Illuminismo \u2014 ateismo teorico e pratico, anticattolicesimo, autonomia etica \u2014 sono gi\u00e0 materia diffusa e condivisa: l\u2019Illuminismo \u00e8 in gran parte solo la socializzazione di tale cultura. Lo storico della filosofia e filosofo Nicola Abbagnano (1901-1990) completa idealmente i pensieri dello scrittore savoiardo: <em>\u00abAttraverso l\u2019opera di Fontenelle <\/em>[Bernard Le Bovier de (1657-1757)]<em> e di Bayle, il libertinismo si continuer\u00e0 nell\u2019illuminismo <\/em>[\u2026]<em>. Ma affinch\u00e9 l\u2019illuminismo raggiungesse <\/em>[\u2026]<em> il possesso di mezzi concettuali adeguati, esso doveva <\/em>[\u2026]<em> far sua l\u2019opera di Locke <\/em>[John (1632-1704)]<em>, nella quale molti temi rinascimentali e libertini trovarono la loro chiarezza razionale\u00bb<\/em>.<\/p>\n<p><img loading=\"lazy\" decoding=\"async\" class=\"alignright wp-image-32387\" src=\"https:\/\/www.rassegnastampa-totustuus.it\/cattolica\/wp-content\/uploads\/2005\/06\/Immanuel-Kant.jpg\" alt=\"Immanuel Kant\" width=\"240\" height=\"180\" \/><\/p>\n<p style=\"text-align: justify;\"><strong>2. La ragione e la conoscenza<\/strong><\/p>\n<p style=\"text-align: justify;\">L\u2019Illuminismo ha una visione ottimistica della ragione: a essa \u00e8 certamente preclusa ogni possibilit\u00e0 metafisica, ma le sue capacit\u00e0 nei campi delle scienze naturali e umane sono enormi: essa \u00e8 l\u2019unico giudice di ogni conoscenza, principio e azione. Come scriver\u00e0 Kant, <em>\u00ab<\/em>L\u2019illuminismo \u00e8 l\u2019uscita dell\u2019uomo da uno stato di minorit\u00e0 [\u2026]<em>. Minorit\u00e0 \u00e8 l\u2019incapacit\u00e0 di servirsi del proprio intelletto senza la guida di un altro\u00bb<\/em>. Niente pi\u00f9 autorit\u00e0: il protestante <em>sola fide<\/em> \u00e8 rovesciato nel suo opposto, <em>sola ratione<\/em>.<\/p>\n<p style=\"text-align: justify;\">Addirittura sempre Kant arriver\u00e0, in uno scritto del 1786 intitolato <em>Inizio congetturale della storia degli uomini<\/em>, a interpretare la caduta dei progenitori narrata nel <em>Genesi<\/em> come una liberazione, grazie al \u00abpeccato\u00bb costituito dell\u2019uso della propria ragione, dall\u2019istinto, che sarebbe la \u00abvoce di Dio\u00bb. In tale interpretazione egli si pone sulle orme del pensatore svizzero Jean-Jacques Rousseau (1712-1778), che nel suo <em>Discorso sull\u2019origine e i fondamenti della disuguaglianza fra gli uomini<\/em>, pubblicato nel 1755, aveva dato una valutazione simile, seppure di segno opposto, della nascita della ragione e della societ\u00e0 come fonte di tutti i mali dell\u2019umanit\u00e0.<\/p>\n<p style=\"text-align: justify;\">Per l\u2019impostazione sensista, che trover\u00e0 nel filosofo e storico scozzese David Hume (1711-1776) la sua espressione massima, l\u2019idea \u00e8 frutto, pi\u00f9 o meno rielaborato, delle sensazioni. In esso non vi \u00e8 nulla che evada dalla pura materialit\u00e0 del conoscente e dell\u2019oggetto conosciuto. Anche per Kant, che si trover\u00e0 a dover fare i conti con le inevitabili derive scettiche di Hume, tale lezione non passer\u00e0 invano: pur non essendo il suo pensiero qualificabile propriamente come scettico, in esso rimane tuttavia un \u00abpossesso per sempre\u00bb il fatto che non si d\u00e0 alcuna conoscenza al di fuori delle sensazioni. Proprio per questo tutte le idee come Dio, anima e mondo avranno per esso una funzione \u00abregolatrice\u00bb, morale, ma non conoscitiva.<\/p>\n<p style=\"text-align: justify;\">\u00c8 evidente, a questo punto, che concetti come sostanza, causa, effetto, principio non abbiano pi\u00f9 legittimit\u00e0: infatti, se si possono avere solo conoscenze particolari, le cosiddette verit\u00e0 universali saranno solo verit\u00e0 generali, e quindi non si potranno studiare le cause, se non empiricamente <em>questa<\/em> causa per <em>questo<\/em> effetto.<\/p>\n<p style=\"text-align: justify;\">Non \u00e8 pertanto possibile parlare di unit\u00e0 delle scienze, dotate di una gerarchia\u00a0<em>ad intra<\/em>\u00a0e\u00a0<em>ad extra<\/em>, e di una loro intrinseca correlazione, cio\u00e8 basata sul contenuto: l\u2019esito inevitabile \u00e8 il semplice accostamento alfabetico delle varie nozioni. Realizzazione di questa prospettiva \u00e8 l\u2019<em>Enciclopedia o Dizionario ragionato di scienze, arti e mestieri<\/em>, apparsa tra il 1751 e il 1772, opera promossa dallo scrittore francese Denis Diderot (1713-1784) e dallo scienziato pure francese Jean-Baptiste Le Rond d\u2019Alembert (1717-1783).<\/p>\n<p style=\"text-align: justify;\"><strong>3. Il mondo<\/strong><\/p>\n<div id=\"attachment_33379\" style=\"width: 250px\" class=\"wp-caption alignleft\"><img loading=\"lazy\" decoding=\"async\" aria-describedby=\"caption-attachment-33379\" class=\"wp-image-33379\" src=\"https:\/\/www.rassegnastampa-totustuus.it\/cattolica\/wp-content\/uploads\/2005\/06\/De-Maistre-1.jpg\" alt=\"De Maistre\" width=\"250\" height=\"134\" srcset=\"https:\/\/www.rassegnastampa-totustuus.it\/cattolica\/wp-content\/uploads\/2005\/06\/De-Maistre-1.jpg 307w, https:\/\/www.rassegnastampa-totustuus.it\/cattolica\/wp-content\/uploads\/2005\/06\/De-Maistre-1-300x160.jpg 300w\" sizes=\"auto, (max-width: 250px) 100vw, 250px\" \/><p id=\"caption-attachment-33379\" class=\"wp-caption-text\">Joseph De Maistre<\/p><\/div>\n<p style=\"text-align: justify;\">Il mondo rimane per i pi\u00f9 una realt\u00e0 priva di valore epistemico forte, ma campo destinato all\u2019indagine scientifica intesa cartesianamente e galileianamente come conoscenza tramite modelli matematici. Proprio la rivoluzione scientifica aveva \u2014 inconsapevolmente e in modo per nulla necessario \u2014 sortito l\u2019effetto di \u00abdisincantare\u00bb il creato, togliendogli la propriet\u00e0, cos\u00ec importante nella speculazione classico-cristiana, di rimando a una realt\u00e0 metafisica. Essendo pura <em>res extensa<\/em>, esso \u00e8 solo un meccanismo che, come un orologio, rimanda s\u00ec all\u2019orologiaio, ma che, una volta caricato, ha una sua esistenza autonoma. Tale passo era stato compiuto anche grazie all\u2019enorme entusiasmo suscitato dalle vastissime indagini dello scienziato, filosofo e teologo inglese Isaac Newton (1642-1727).<\/p>\n<p style=\"text-align: justify;\"><strong>4. La politica<\/strong><\/p>\n<p style=\"text-align: justify;\">Antropologicamente, il concetto di persona \u2014 che ha in s\u00e9 il riferimento non solo al singolo, ma anche al suo rapporto con Dio, con il mondo e con gli altri,<em> in primis<\/em> la famiglia \u2014 difeso dalla cultura cristiana viene soppiantato da quello d\u2019\u00abindividuo\u00bb: si ha cos\u00ec la trasposizione del principio protestante in ambito politico, radice dell\u2019esternazione dell\u2019<em>abb\u00e9<\/em> francese Emmanuel-Joseph Siey\u00e8s (1748-1836), contenuto nello scritto <em>Che cos\u2019\u00e8 il Terzo Stato?<\/em> pubblicato nel 1789, secondo cui la societ\u00e0 \u00e8 l\u2019<em>\u00abinsieme degli individui\u00bb<\/em>.<\/p>\n<p style=\"text-align: justify;\">La disomogeneit\u00e0 culturale messa in moto sempre dal protestantesimo aveva sollecitato vari tentativi di risposta: la Riforma cattolica, tesa a riconquistare <em>in interiore homine<\/em> tale omogeneit\u00e0; la confessionalizzazione dello Stato, di origine protestante, espressa dalla formula <em>cuius regio eius religio<\/em>; e la risposta massonica, tesa a cercare un accordo fra tanti microcosmi, evitando di porre problemi di principio e favorendo in tal modo la privatizzazione del fatto religioso. Quest\u2019ultima prospettiva \u00e8 quella storicamente vincente dall\u2019Illuminismo in avanti. Corollario di essa \u00e8 che, quando proprio non ci si pu\u00f2 esimere dal trattare di principi, essi siano validi solo in base alla ratifica della \u00abvolont\u00e0 generale\u00bb.<\/p>\n<p style=\"text-align: justify;\"><img loading=\"lazy\" decoding=\"async\" class=\"size-full wp-image-30878 alignright\" src=\"https:\/\/www.rassegnastampa-totustuus.it\/cattolica\/wp-content\/uploads\/2006\/01\/Rivoluzione_francese.jpg\" alt=\"Rivoluzione_francese\" width=\"264\" height=\"191\" \/>Quest\u2019ultima viene teorizzata da Rousseau nel suo <em>Il contratto sociale<\/em>, pubblicato nel 1762. \u00c8 molto importante sottolineare come essa non coincida per nulla con la maggioranza. Egli scrive infatti: <em>\u00abDa s\u00e9 il popolo vuole sempre il bene, ma non sempre lo vede da s\u00e9. La volont\u00e0 generale \u00e8 sempre retta, ma il giudizio che la guida non sempre \u00e8 illuminato. Bisogna farle vedere gli oggetti come sono, e talvolta come le debbono apparire <\/em>[\u2026].<em> I singoli privati veggono il bene che respingono; il pubblico vuole il bene che non vede. Tutti ugualmente han bisogno di guida. Bisogna obbligare gli uni a conformare le loro volont\u00e0 alla loro ragione; bisogna insegnare all\u2019altro a conoscere ci\u00f2 che vuole. Allora dall\u2019illuminata coscienza pubblica risulta l\u2019unione dell\u2019intelletto e della volont\u00e0 nel corpo sociale; da ci\u00f2 l\u2019esatto concorso delle parti, e infine la maggior forza del tutto\u00bb<\/em>.<\/p>\n<p style=\"text-align: justify;\"><strong>5. La storia<\/strong><\/p>\n<p style=\"text-align: justify;\">La prospettiva della filosofia illuministica sulla storia \u00e8 ambigua. Da un lato, data la fiducia nella ragione e nelle sue capacit\u00e0, la storia diviene oggetto di considerazioni ottimistiche: essa \u00e8 lo sviluppo, il campo di manifestazione del \u00abprogresso\u00bb delle facolt\u00e0 umane. D\u2019altra parte, per\u00f2, l\u2019uomo \u00e8 solo in questa marcia: non ha pi\u00f9 senso infatti parlare di provvidenza e di pedagogia divina ma solo di caso, contro il quale in definitiva le forze umane possono ben poco.<\/p>\n<p style=\"text-align: justify;\">Lo scoglio maggiore e non aggirabile \u00e8 costituito come sempre dal male. Lo scrittore francese Fran\u00e7ois-Marie Arouet detto \u00abVoltaire\u00bb (1694-1778) espresse in modo emblematico tale disagio esistenziale in occasione del terremoto di Lisbona nel 1755, e poi in <em>Candido o dell\u2019Ottimismo<\/em>, del 1759. La sua conclusione, non sempre coerente nella lettera, invita in definitiva il lettore all\u2019ateismo pratico. A sua volta Kant ridimensioner\u00e0 molto l\u2019ottimismo settecentesco \u2014 date le sue premesse antropologiche contenute nel saggio <em>La religione nei limiti della sola ragione<\/em>, del 1793 \u2014 nello scritto, del 1795, <em>Per la pace perpetua<\/em>, ove si dice ultimamente scettico sulle capacit\u00e0 umane non solo di sconfiggere il male, ma semplicemente di arginarlo.<\/p>\n<p style=\"text-align: justify;\"><strong>6. La religione: la \u00abteofobia\u00bb come cifra dell\u2019Illuminismo<\/strong><\/p>\n<p style=\"text-align: justify;\">Dio \u2014 se c\u2019\u00e8 \u2014 perde qualsiasi tratto di confessionalit\u00e0: ebraismo, islam, cattolicesimo, protestantesimo non hanno pi\u00f9 alcun valore in quanto tali, ma esclusivamente come mezzi, tutti sostanzialmente validi, di elevazione. A una sola condizione: che badino all\u2019universalit\u00e0 che \u00e8 in loro, e non agli elementi teologici, fantastici, superstiziosi in definitiva, che li corredano. Tale universalit\u00e0 \u00e8 costituita dalle leggi morali. Il grande propugnatore di tali tesi \u00e8 il filosofo e scrittore sassone, nonch\u00e9 massone, Gotthold Ephraim Lessing (1729-1781).<\/p>\n<p style=\"text-align: justify;\"><img loading=\"lazy\" decoding=\"async\" class=\"size-full wp-image-30782 alignleft\" src=\"https:\/\/www.rassegnastampa-totustuus.it\/cattolica\/wp-content\/uploads\/2009\/05\/Rivol_Fr_preti.jpg\" alt=\"Rivol_Fr_preti\" width=\"176\" height=\"173\" \/>De Maistre ha scritto, parlando della preghiera, un\u2019efficace sintesi dell\u2019essenza illuministica: <em>\u00abLa filosofia dell\u2019ultimo secolo <\/em>[\u2026] <em>non<\/em> <em>ha tralasciato nulla per distoglierci dalla preghiera in considerazione di <\/em>leggi eterne e immutabili<em>. Essa aveva come scopo preferito, direi quasi <\/em>unico<em>, di distaccare l\u2019uomo da Dio <\/em>\u00a0[\u2026]<em> Tutta questa filosofia altro non fu di fatto che un vero sistema di ateismo pratico: ho dato un nome a questa strana malattia, la chiamo <\/em>teofobia<em>; guardate bene, voi la vedrete in tutti i libri filosofici del XVIII secolo. Non si diceva con franchezza: <\/em>Non c\u2019\u00e8 Dio<em>, asserzione che avrebbe potuto comportare qualche inconveniente fisico; ma si diceva: <\/em>Dio non \u00e8 qui<em>. Non \u00e8 nelle vostre idee, che vengono dai sensi; non \u00e8 nei vostri pensieri, che sono solo <\/em>sensazioni trasformate<em>; non \u00e8 nei flagelli che vi affliggono, questi sono fenomeni fisici, come altri che si spiegano con le leggi conosciute. Egli non pensa a voi; non ha fatto nulla per voi di particolare; il mondo \u00e8 fatto per l\u2019insetto come per voi; non si vendica di voi, perch\u00e9 siete troppo piccoli, ecc\u2026 Infine, non si poteva nominare Dio a questa filosofia senza farla prendere dalle convulsioni. Scrittori anch\u2019essi di quell\u2019epoca, infinitamente al di sopra della massa, e considerevoli per eccellenti punti di vista parziali, hanno decisamente negato la creazione. In che modo parlare a queste persone di castighi celesti senza farle infuriare? <\/em>Nessun avvenimento fisico pu\u00f2 avere causa superiore relativa all\u2019uomo:<em> ecco il suo dogma. A volte forse essa non oser\u00e0 articolarlo in generale; ma nella pratica, negher\u00e0 costantemente il particolare, il che \u00e8 lo stesso\u00bb<\/em>.<\/p>\n<p>___________________<\/p>\n<p style=\"text-align: justify;\"><strong><em>Per approfondire<\/em><\/strong><strong>:<\/strong> cfr. Ernst Cassirer (1874-1945),\u00a0<em>La filosofia dell\u2019illuminismo<\/em>, trad. it., La Nuova Italia, Scandicci (Firenze) 1964; e una raccolta di testi dell\u2019epoca sull\u2019Illuminismo, in Immanuel Kant, <em>Che cos\u2019\u00e8 l\u2019illuminismo?<\/em>, trad. it., a cura di Nicolao Merker (1931-2016), Editori Riuniti, Roma 1997.<\/p>\n<p>&nbsp;<\/p>\n","protected":false},"excerpt":{"rendered":"<p>I.D.I.S. &#8211; Istituto per la Dottrina e l&#8217;Informazione Sociale Voci per un dizionario del pensiero forte di Ignazio Cantoni 1. I presupposti storici Il conte savoiardo Joseph de Maistre (1753-1821) parla degl\u2019inizi dell\u2019Illuminismo in questi termini: \u00abAl principio del secolo [XVIII] [\u2026], coloro che il protestantesimo aveva abbastanza dirozzato, erano tutti apparecchiati all\u2019empiet\u00e0. Bayle [Pierre, &hellip; <\/p>\n<p><a class=\"more-link btn\" href=\"https:\/\/www.rassegnastampa-totustuus.it\/cattolica\/la-filosofia-dellilluminismo\/\">Continua a leggere<\/a><\/p>\n","protected":false},"author":6,"featured_media":37742,"comment_status":"closed","ping_status":"closed","sticky":false,"template":"","format":"standard","meta":{"footnotes":""},"categories":[57,37,24],"tags":[945,386],"class_list":["post-37741","post","type-post","status-publish","format-standard","has-post-thumbnail","hentry","category-filosofia","category-rivoluzione-francese","category-storia","tag-illuminismo","tag-rivoluzione","item-wrap"],"yoast_head":"<!-- This site is optimized with the Yoast SEO plugin v27.5 - https:\/\/yoast.com\/product\/yoast-seo-wordpress\/ -->\n<title>La filosofia dell\u2019Illuminismo - Rassegna Stampa Cattolica<\/title>\n<meta name=\"description\" content=\"Rassegna Stampa Cattolica - Per una cultura che nasce dalla Rivelazione cristiana in conformit\u00e0 alla tradizione e al Magistero della Chiesa in opposizione ad ogni relativismo e totalitarismo\" \/>\n<meta name=\"robots\" content=\"index, follow, max-snippet:-1, max-image-preview:large, max-video-preview:-1\" \/>\n<link rel=\"canonical\" href=\"https:\/\/www.rassegnastampa-totustuus.it\/cattolica\/la-filosofia-dellilluminismo\/\" \/>\n<meta property=\"og:locale\" content=\"it_IT\" \/>\n<meta property=\"og:type\" content=\"article\" \/>\n<meta property=\"og:title\" content=\"La filosofia dell\u2019Illuminismo - Rassegna Stampa Cattolica\" \/>\n<meta property=\"og:description\" content=\"Rassegna Stampa Cattolica - Per una cultura che nasce dalla Rivelazione cristiana in conformit\u00e0 alla tradizione e al Magistero della Chiesa in opposizione ad ogni relativismo e totalitarismo\" \/>\n<meta property=\"og:url\" content=\"https:\/\/www.rassegnastampa-totustuus.it\/cattolica\/la-filosofia-dellilluminismo\/\" \/>\n<meta property=\"og:site_name\" content=\"Rassegna Stampa Cattolica\" \/>\n<meta property=\"article:publisher\" content=\"https:\/\/www.facebook.com\/rassegnastampacattolica\" \/>\n<meta property=\"article:published_time\" content=\"2017-05-24T22:00:48+00:00\" \/>\n<meta property=\"og:image\" content=\"https:\/\/www.rassegnastampa-totustuus.it\/cattolica\/wp-content\/uploads\/2017\/05\/illuministi.jpg\" \/>\n\t<meta property=\"og:image:width\" content=\"259\" \/>\n\t<meta property=\"og:image:height\" content=\"195\" \/>\n\t<meta property=\"og:image:type\" content=\"image\/jpeg\" \/>\n<meta name=\"author\" content=\"Redazione\" \/>\n<meta name=\"twitter:card\" content=\"summary_large_image\" \/>\n<meta name=\"twitter:creator\" content=\"@rassegnastampa9\" \/>\n<meta name=\"twitter:site\" content=\"@rassegnastampa9\" \/>\n<meta name=\"twitter:label1\" content=\"Scritto da\" \/>\n\t<meta name=\"twitter:data1\" content=\"Redazione\" \/>\n\t<meta name=\"twitter:label2\" content=\"Tempo di lettura stimato\" \/>\n\t<meta name=\"twitter:data2\" content=\"8 minuti\" \/>\n<script type=\"application\/ld+json\" class=\"yoast-schema-graph\">{\"@context\":\"https:\\\/\\\/schema.org\",\"@graph\":[{\"@type\":\"Article\",\"@id\":\"https:\\\/\\\/www.rassegnastampa-totustuus.it\\\/cattolica\\\/la-filosofia-dellilluminismo\\\/#article\",\"isPartOf\":{\"@id\":\"https:\\\/\\\/www.rassegnastampa-totustuus.it\\\/cattolica\\\/la-filosofia-dellilluminismo\\\/\"},\"author\":{\"name\":\"Redazione\",\"@id\":\"https:\\\/\\\/www.rassegnastampa-totustuus.it\\\/cattolica\\\/#\\\/schema\\\/person\\\/08f319d2bd1a0904ad9e2bfb7b15e5c3\"},\"headline\":\"La filosofia dell\u2019Illuminismo\",\"datePublished\":\"2017-05-24T22:00:48+00:00\",\"mainEntityOfPage\":{\"@id\":\"https:\\\/\\\/www.rassegnastampa-totustuus.it\\\/cattolica\\\/la-filosofia-dellilluminismo\\\/\"},\"wordCount\":1689,\"publisher\":{\"@id\":\"https:\\\/\\\/www.rassegnastampa-totustuus.it\\\/cattolica\\\/#organization\"},\"image\":{\"@id\":\"https:\\\/\\\/www.rassegnastampa-totustuus.it\\\/cattolica\\\/la-filosofia-dellilluminismo\\\/#primaryimage\"},\"thumbnailUrl\":\"https:\\\/\\\/www.rassegnastampa-totustuus.it\\\/cattolica\\\/wp-content\\\/uploads\\\/2017\\\/05\\\/illuministi.jpg\",\"keywords\":[\"illuminismo\",\"Rivoluzione\"],\"articleSection\":[\"Filosofia\",\"Rivoluzione francese\",\"Storia\"],\"inLanguage\":\"it-IT\"},{\"@type\":\"WebPage\",\"@id\":\"https:\\\/\\\/www.rassegnastampa-totustuus.it\\\/cattolica\\\/la-filosofia-dellilluminismo\\\/\",\"url\":\"https:\\\/\\\/www.rassegnastampa-totustuus.it\\\/cattolica\\\/la-filosofia-dellilluminismo\\\/\",\"name\":\"La filosofia dell\u2019Illuminismo - Rassegna Stampa Cattolica\",\"isPartOf\":{\"@id\":\"https:\\\/\\\/www.rassegnastampa-totustuus.it\\\/cattolica\\\/#website\"},\"primaryImageOfPage\":{\"@id\":\"https:\\\/\\\/www.rassegnastampa-totustuus.it\\\/cattolica\\\/la-filosofia-dellilluminismo\\\/#primaryimage\"},\"image\":{\"@id\":\"https:\\\/\\\/www.rassegnastampa-totustuus.it\\\/cattolica\\\/la-filosofia-dellilluminismo\\\/#primaryimage\"},\"thumbnailUrl\":\"https:\\\/\\\/www.rassegnastampa-totustuus.it\\\/cattolica\\\/wp-content\\\/uploads\\\/2017\\\/05\\\/illuministi.jpg\",\"datePublished\":\"2017-05-24T22:00:48+00:00\",\"description\":\"Rassegna Stampa Cattolica - Per una cultura che nasce dalla Rivelazione cristiana in conformit\u00e0 alla tradizione e al Magistero della Chiesa in opposizione ad ogni relativismo e totalitarismo\",\"breadcrumb\":{\"@id\":\"https:\\\/\\\/www.rassegnastampa-totustuus.it\\\/cattolica\\\/la-filosofia-dellilluminismo\\\/#breadcrumb\"},\"inLanguage\":\"it-IT\",\"potentialAction\":[{\"@type\":\"ReadAction\",\"target\":[\"https:\\\/\\\/www.rassegnastampa-totustuus.it\\\/cattolica\\\/la-filosofia-dellilluminismo\\\/\"]}]},{\"@type\":\"ImageObject\",\"inLanguage\":\"it-IT\",\"@id\":\"https:\\\/\\\/www.rassegnastampa-totustuus.it\\\/cattolica\\\/la-filosofia-dellilluminismo\\\/#primaryimage\",\"url\":\"https:\\\/\\\/www.rassegnastampa-totustuus.it\\\/cattolica\\\/wp-content\\\/uploads\\\/2017\\\/05\\\/illuministi.jpg\",\"contentUrl\":\"https:\\\/\\\/www.rassegnastampa-totustuus.it\\\/cattolica\\\/wp-content\\\/uploads\\\/2017\\\/05\\\/illuministi.jpg\",\"width\":259,\"height\":195},{\"@type\":\"BreadcrumbList\",\"@id\":\"https:\\\/\\\/www.rassegnastampa-totustuus.it\\\/cattolica\\\/la-filosofia-dellilluminismo\\\/#breadcrumb\",\"itemListElement\":[{\"@type\":\"ListItem\",\"position\":1,\"name\":\"Home\",\"item\":\"https:\\\/\\\/www.rassegnastampa-totustuus.it\\\/cattolica\\\/\"},{\"@type\":\"ListItem\",\"position\":2,\"name\":\"La filosofia dell\u2019Illuminismo\"}]},{\"@type\":\"WebSite\",\"@id\":\"https:\\\/\\\/www.rassegnastampa-totustuus.it\\\/cattolica\\\/#website\",\"url\":\"https:\\\/\\\/www.rassegnastampa-totustuus.it\\\/cattolica\\\/\",\"name\":\"Rassegna Stampa Cattolica\",\"description\":\"Per una cultura che nasce dalla Rivelazione cristiana in conformit\u00e0 alla tradizione e al Magistero della Chiesa in opposizione ad ogni relativismo e totalitarismo\",\"publisher\":{\"@id\":\"https:\\\/\\\/www.rassegnastampa-totustuus.it\\\/cattolica\\\/#organization\"},\"alternateName\":\"Rass. Cattolica\",\"potentialAction\":[{\"@type\":\"SearchAction\",\"target\":{\"@type\":\"EntryPoint\",\"urlTemplate\":\"https:\\\/\\\/www.rassegnastampa-totustuus.it\\\/cattolica\\\/?s={search_term_string}\"},\"query-input\":{\"@type\":\"PropertyValueSpecification\",\"valueRequired\":true,\"valueName\":\"search_term_string\"}}],\"inLanguage\":\"it-IT\"},{\"@type\":\"Organization\",\"@id\":\"https:\\\/\\\/www.rassegnastampa-totustuus.it\\\/cattolica\\\/#organization\",\"name\":\"Rassegna Stampa Cattolica\",\"url\":\"https:\\\/\\\/www.rassegnastampa-totustuus.it\\\/cattolica\\\/\",\"logo\":{\"@type\":\"ImageObject\",\"inLanguage\":\"it-IT\",\"@id\":\"https:\\\/\\\/www.rassegnastampa-totustuus.it\\\/cattolica\\\/#\\\/schema\\\/logo\\\/image\\\/\",\"url\":\"https:\\\/\\\/www.rassegnastampa-totustuus.it\\\/cattolica\\\/wp-content\\\/uploads\\\/2014\\\/04\\\/logo-rassegna1.gif\",\"contentUrl\":\"https:\\\/\\\/www.rassegnastampa-totustuus.it\\\/cattolica\\\/wp-content\\\/uploads\\\/2014\\\/04\\\/logo-rassegna1.gif\",\"width\":600,\"height\":163,\"caption\":\"Rassegna Stampa Cattolica\"},\"image\":{\"@id\":\"https:\\\/\\\/www.rassegnastampa-totustuus.it\\\/cattolica\\\/#\\\/schema\\\/logo\\\/image\\\/\"},\"sameAs\":[\"https:\\\/\\\/www.facebook.com\\\/rassegnastampacattolica\",\"https:\\\/\\\/x.com\\\/rassegnastampa9\"]},{\"@type\":\"Person\",\"@id\":\"https:\\\/\\\/www.rassegnastampa-totustuus.it\\\/cattolica\\\/#\\\/schema\\\/person\\\/08f319d2bd1a0904ad9e2bfb7b15e5c3\",\"name\":\"Redazione\",\"image\":{\"@type\":\"ImageObject\",\"inLanguage\":\"it-IT\",\"@id\":\"https:\\\/\\\/secure.gravatar.com\\\/avatar\\\/2fcdf27c78ea025fbdb44e914cc63c72249ffec9dc8aafd5c82b26240ef3f346?s=96&d=mm&r=g\",\"url\":\"https:\\\/\\\/secure.gravatar.com\\\/avatar\\\/2fcdf27c78ea025fbdb44e914cc63c72249ffec9dc8aafd5c82b26240ef3f346?s=96&d=mm&r=g\",\"contentUrl\":\"https:\\\/\\\/secure.gravatar.com\\\/avatar\\\/2fcdf27c78ea025fbdb44e914cc63c72249ffec9dc8aafd5c82b26240ef3f346?s=96&d=mm&r=g\",\"caption\":\"Redazione\"},\"url\":\"https:\\\/\\\/www.rassegnastampa-totustuus.it\\\/cattolica\\\/author\\\/pietroelle\\\/\"}]}<\/script>\n<!-- \/ Yoast SEO plugin. -->","yoast_head_json":{"title":"La filosofia dell\u2019Illuminismo - Rassegna Stampa Cattolica","description":"Rassegna Stampa Cattolica - Per una cultura che nasce dalla Rivelazione cristiana in conformit\u00e0 alla tradizione e al Magistero della Chiesa in opposizione ad ogni relativismo e totalitarismo","robots":{"index":"index","follow":"follow","max-snippet":"max-snippet:-1","max-image-preview":"max-image-preview:large","max-video-preview":"max-video-preview:-1"},"canonical":"https:\/\/www.rassegnastampa-totustuus.it\/cattolica\/la-filosofia-dellilluminismo\/","og_locale":"it_IT","og_type":"article","og_title":"La filosofia dell\u2019Illuminismo - Rassegna Stampa Cattolica","og_description":"Rassegna Stampa Cattolica - Per una cultura che nasce dalla Rivelazione cristiana in conformit\u00e0 alla tradizione e al Magistero della Chiesa in opposizione ad ogni relativismo e totalitarismo","og_url":"https:\/\/www.rassegnastampa-totustuus.it\/cattolica\/la-filosofia-dellilluminismo\/","og_site_name":"Rassegna Stampa Cattolica","article_publisher":"https:\/\/www.facebook.com\/rassegnastampacattolica","article_published_time":"2017-05-24T22:00:48+00:00","og_image":[{"width":259,"height":195,"url":"https:\/\/www.rassegnastampa-totustuus.it\/cattolica\/wp-content\/uploads\/2017\/05\/illuministi.jpg","type":"image\/jpeg"}],"author":"Redazione","twitter_card":"summary_large_image","twitter_creator":"@rassegnastampa9","twitter_site":"@rassegnastampa9","twitter_misc":{"Scritto da":"Redazione","Tempo di lettura stimato":"8 minuti"},"schema":{"@context":"https:\/\/schema.org","@graph":[{"@type":"Article","@id":"https:\/\/www.rassegnastampa-totustuus.it\/cattolica\/la-filosofia-dellilluminismo\/#article","isPartOf":{"@id":"https:\/\/www.rassegnastampa-totustuus.it\/cattolica\/la-filosofia-dellilluminismo\/"},"author":{"name":"Redazione","@id":"https:\/\/www.rassegnastampa-totustuus.it\/cattolica\/#\/schema\/person\/08f319d2bd1a0904ad9e2bfb7b15e5c3"},"headline":"La filosofia dell\u2019Illuminismo","datePublished":"2017-05-24T22:00:48+00:00","mainEntityOfPage":{"@id":"https:\/\/www.rassegnastampa-totustuus.it\/cattolica\/la-filosofia-dellilluminismo\/"},"wordCount":1689,"publisher":{"@id":"https:\/\/www.rassegnastampa-totustuus.it\/cattolica\/#organization"},"image":{"@id":"https:\/\/www.rassegnastampa-totustuus.it\/cattolica\/la-filosofia-dellilluminismo\/#primaryimage"},"thumbnailUrl":"https:\/\/www.rassegnastampa-totustuus.it\/cattolica\/wp-content\/uploads\/2017\/05\/illuministi.jpg","keywords":["illuminismo","Rivoluzione"],"articleSection":["Filosofia","Rivoluzione francese","Storia"],"inLanguage":"it-IT"},{"@type":"WebPage","@id":"https:\/\/www.rassegnastampa-totustuus.it\/cattolica\/la-filosofia-dellilluminismo\/","url":"https:\/\/www.rassegnastampa-totustuus.it\/cattolica\/la-filosofia-dellilluminismo\/","name":"La filosofia dell\u2019Illuminismo - Rassegna Stampa Cattolica","isPartOf":{"@id":"https:\/\/www.rassegnastampa-totustuus.it\/cattolica\/#website"},"primaryImageOfPage":{"@id":"https:\/\/www.rassegnastampa-totustuus.it\/cattolica\/la-filosofia-dellilluminismo\/#primaryimage"},"image":{"@id":"https:\/\/www.rassegnastampa-totustuus.it\/cattolica\/la-filosofia-dellilluminismo\/#primaryimage"},"thumbnailUrl":"https:\/\/www.rassegnastampa-totustuus.it\/cattolica\/wp-content\/uploads\/2017\/05\/illuministi.jpg","datePublished":"2017-05-24T22:00:48+00:00","description":"Rassegna Stampa Cattolica - Per una cultura che nasce dalla Rivelazione cristiana in conformit\u00e0 alla tradizione e al Magistero della Chiesa in opposizione ad ogni relativismo e totalitarismo","breadcrumb":{"@id":"https:\/\/www.rassegnastampa-totustuus.it\/cattolica\/la-filosofia-dellilluminismo\/#breadcrumb"},"inLanguage":"it-IT","potentialAction":[{"@type":"ReadAction","target":["https:\/\/www.rassegnastampa-totustuus.it\/cattolica\/la-filosofia-dellilluminismo\/"]}]},{"@type":"ImageObject","inLanguage":"it-IT","@id":"https:\/\/www.rassegnastampa-totustuus.it\/cattolica\/la-filosofia-dellilluminismo\/#primaryimage","url":"https:\/\/www.rassegnastampa-totustuus.it\/cattolica\/wp-content\/uploads\/2017\/05\/illuministi.jpg","contentUrl":"https:\/\/www.rassegnastampa-totustuus.it\/cattolica\/wp-content\/uploads\/2017\/05\/illuministi.jpg","width":259,"height":195},{"@type":"BreadcrumbList","@id":"https:\/\/www.rassegnastampa-totustuus.it\/cattolica\/la-filosofia-dellilluminismo\/#breadcrumb","itemListElement":[{"@type":"ListItem","position":1,"name":"Home","item":"https:\/\/www.rassegnastampa-totustuus.it\/cattolica\/"},{"@type":"ListItem","position":2,"name":"La filosofia dell\u2019Illuminismo"}]},{"@type":"WebSite","@id":"https:\/\/www.rassegnastampa-totustuus.it\/cattolica\/#website","url":"https:\/\/www.rassegnastampa-totustuus.it\/cattolica\/","name":"Rassegna Stampa Cattolica","description":"Per una cultura che nasce dalla Rivelazione cristiana in conformit\u00e0 alla tradizione e al Magistero della Chiesa in opposizione ad ogni relativismo e totalitarismo","publisher":{"@id":"https:\/\/www.rassegnastampa-totustuus.it\/cattolica\/#organization"},"alternateName":"Rass. Cattolica","potentialAction":[{"@type":"SearchAction","target":{"@type":"EntryPoint","urlTemplate":"https:\/\/www.rassegnastampa-totustuus.it\/cattolica\/?s={search_term_string}"},"query-input":{"@type":"PropertyValueSpecification","valueRequired":true,"valueName":"search_term_string"}}],"inLanguage":"it-IT"},{"@type":"Organization","@id":"https:\/\/www.rassegnastampa-totustuus.it\/cattolica\/#organization","name":"Rassegna Stampa Cattolica","url":"https:\/\/www.rassegnastampa-totustuus.it\/cattolica\/","logo":{"@type":"ImageObject","inLanguage":"it-IT","@id":"https:\/\/www.rassegnastampa-totustuus.it\/cattolica\/#\/schema\/logo\/image\/","url":"https:\/\/www.rassegnastampa-totustuus.it\/cattolica\/wp-content\/uploads\/2014\/04\/logo-rassegna1.gif","contentUrl":"https:\/\/www.rassegnastampa-totustuus.it\/cattolica\/wp-content\/uploads\/2014\/04\/logo-rassegna1.gif","width":600,"height":163,"caption":"Rassegna Stampa Cattolica"},"image":{"@id":"https:\/\/www.rassegnastampa-totustuus.it\/cattolica\/#\/schema\/logo\/image\/"},"sameAs":["https:\/\/www.facebook.com\/rassegnastampacattolica","https:\/\/x.com\/rassegnastampa9"]},{"@type":"Person","@id":"https:\/\/www.rassegnastampa-totustuus.it\/cattolica\/#\/schema\/person\/08f319d2bd1a0904ad9e2bfb7b15e5c3","name":"Redazione","image":{"@type":"ImageObject","inLanguage":"it-IT","@id":"https:\/\/secure.gravatar.com\/avatar\/2fcdf27c78ea025fbdb44e914cc63c72249ffec9dc8aafd5c82b26240ef3f346?s=96&d=mm&r=g","url":"https:\/\/secure.gravatar.com\/avatar\/2fcdf27c78ea025fbdb44e914cc63c72249ffec9dc8aafd5c82b26240ef3f346?s=96&d=mm&r=g","contentUrl":"https:\/\/secure.gravatar.com\/avatar\/2fcdf27c78ea025fbdb44e914cc63c72249ffec9dc8aafd5c82b26240ef3f346?s=96&d=mm&r=g","caption":"Redazione"},"url":"https:\/\/www.rassegnastampa-totustuus.it\/cattolica\/author\/pietroelle\/"}]}},"_links":{"self":[{"href":"https:\/\/www.rassegnastampa-totustuus.it\/cattolica\/wp-json\/wp\/v2\/posts\/37741","targetHints":{"allow":["GET"]}}],"collection":[{"href":"https:\/\/www.rassegnastampa-totustuus.it\/cattolica\/wp-json\/wp\/v2\/posts"}],"about":[{"href":"https:\/\/www.rassegnastampa-totustuus.it\/cattolica\/wp-json\/wp\/v2\/types\/post"}],"author":[{"embeddable":true,"href":"https:\/\/www.rassegnastampa-totustuus.it\/cattolica\/wp-json\/wp\/v2\/users\/6"}],"replies":[{"embeddable":true,"href":"https:\/\/www.rassegnastampa-totustuus.it\/cattolica\/wp-json\/wp\/v2\/comments?post=37741"}],"version-history":[{"count":1,"href":"https:\/\/www.rassegnastampa-totustuus.it\/cattolica\/wp-json\/wp\/v2\/posts\/37741\/revisions"}],"predecessor-version":[{"id":37743,"href":"https:\/\/www.rassegnastampa-totustuus.it\/cattolica\/wp-json\/wp\/v2\/posts\/37741\/revisions\/37743"}],"wp:featuredmedia":[{"embeddable":true,"href":"https:\/\/www.rassegnastampa-totustuus.it\/cattolica\/wp-json\/wp\/v2\/media\/37742"}],"wp:attachment":[{"href":"https:\/\/www.rassegnastampa-totustuus.it\/cattolica\/wp-json\/wp\/v2\/media?parent=37741"}],"wp:term":[{"taxonomy":"category","embeddable":true,"href":"https:\/\/www.rassegnastampa-totustuus.it\/cattolica\/wp-json\/wp\/v2\/categories?post=37741"},{"taxonomy":"post_tag","embeddable":true,"href":"https:\/\/www.rassegnastampa-totustuus.it\/cattolica\/wp-json\/wp\/v2\/tags?post=37741"}],"curies":[{"name":"wp","href":"https:\/\/api.w.org\/{rel}","templated":true}]}}