{"id":37716,"date":"2017-05-18T00:00:14","date_gmt":"2017-05-17T22:00:14","guid":{"rendered":"http:\/\/www.rassegnastampa-totustuus.it\/cattolica\/?p=37716"},"modified":"2017-05-11T16:45:41","modified_gmt":"2017-05-11T14:45:41","slug":"agostino-tommaso-rahner","status":"publish","type":"post","link":"https:\/\/www.rassegnastampa-totustuus.it\/cattolica\/agostino-tommaso-rahner\/","title":{"rendered":"Agostino, Tommaso, Rahner"},"content":{"rendered":"<div id=\"attachment_37717\" style=\"width: 199px\" class=\"wp-caption alignright\"><img loading=\"lazy\" decoding=\"async\" aria-describedby=\"caption-attachment-37717\" class=\"wp-image-37717\" src=\"https:\/\/www.rassegnastampa-totustuus.it\/cattolica\/wp-content\/uploads\/2017\/05\/Karl-Rahner.jpg\" alt=\"Karl Rahner\" width=\"199\" height=\"200\" srcset=\"https:\/\/www.rassegnastampa-totustuus.it\/cattolica\/wp-content\/uploads\/2017\/05\/Karl-Rahner.jpg 224w, https:\/\/www.rassegnastampa-totustuus.it\/cattolica\/wp-content\/uploads\/2017\/05\/Karl-Rahner-150x150.jpg 150w\" sizes=\"auto, (max-width: 199px) 100vw, 199px\" \/><p id=\"caption-attachment-37717\" class=\"wp-caption-text\">Karl Rahner<\/p><\/div>\n<p style=\"text-align: center;\">Osservatorio Internazionale Cardinale Van Thu\u00e2n \u00a0<strong>Newsletter <\/strong>n.796 del 11 Maggio 2017<\/p>\n<p style=\"text-align: justify;\">A seguito della pubblicazione del libro <strong>\u201cLa nuova Chiesa di Karl Rahner. Il teologo che ha insegnato ad arrendersi al mondo\u201d<\/strong> (Fede &amp; Cultura, Verona 2017) il nostro osservatorio ha proposto un dibattito sul tema LA TEOLOGIA DI KARL RAHNER E L\u2019EUTANASIA DELLA DOTTRINA SOCIALE DELLA CHIESA.<\/p>\n<p style=\"text-align: justify;\">Finora sono stati pubblicati i seguenti due interventi:<\/p>\n<p style=\"text-align: justify;\"><strong>Stefano Fontana<\/strong>, <em>La teologia di Karl Rahner e l\u2019eutanasia della Dottrina sociale della Chiesa.<\/em> <em>Apriamo una discussione sulla teologia di Rahner<\/em> <a href=\"https:\/\/www.rassegnastampa-totustuus.it\/cattolica\/?p=37573\" target=\"_blank\">(<\/a><a href=\"http:\/\/vanthuan.invionews.net\/nl\/pdfd0j\/zn075hk\/jbuj3cv\/uf\/3\/aHR0cDovL3d3dy52YW50aHVhbm9ic2VydmF0b3J5Lm9yZy9ub3RpemllLWRzYy9ub3RpemlhLWRzYy5waHA_bGFuZz1pdCZpZD0yNDc5?_d=24A&amp;_c=ebf8af7c\" target=\"_blank\">leggi<\/a><a href=\"https:\/\/www.rassegnastampa-totustuus.it\/cattolica\/?p=37573\" target=\"_blank\">)<\/a>;<\/p>\n<p style=\"text-align: justify;\"><strong>Francesca Pannuti<\/strong>, <em>Karl Rahner, il modernismo e la filosofia moderna<\/em> (<a href=\"https:\/\/www.rassegnastampa-totustuus.it\/cattolica\/?p=37573\" target=\"_blank\">leggi<\/a>)<\/p>\n<p style=\"text-align: justify;\">Pubblichiamo qui di seguito un terzo intervento sul tema a cura del prof. Matteo Candido<\/p>\n<p style=\"text-align: justify;\"><!--more--><\/p>\n<p style=\"text-align: center;\"><strong>AGOSTINO, TOMMASO RAHNER\u00a0<\/strong><\/p>\n<p style=\"text-align: center;\"><strong>Matteo Candido<\/strong><\/p>\n<p style=\"text-align: justify;\">Qualche tempo fa l\u2019esito di un sondaggio in una universit\u00e0 pontificia romana vide al primo posto come maggiore teologo della Chiesa, Karl Rahner, e solo dopo, figuravano S.Agostino e S.Tommaso. Non era che la conferma del dominio che esercitava sull\u2019<em>intellighentia<\/em> ecclesiastica il teologo tedesco, specie nel dopo-Concilio. Le sue opere vennero tradotte in Italia dai suoi confratelli gesuiti di Napoli. Ne uscirono volumi e volumi, nelle edizioni Paoline. Che pure io mi affrettai ad acquistare.<\/p>\n<p style=\"text-align: justify;\">Il suo prestigio si estendeva anche fuori dal campo teologico e poche furono le critiche che lo raggiunsero anche quando il suo comportamento non era tra i pi\u00f9 brillanti. Ad un certo punto per\u00f2 la sua massiccia produzione venne analizzata da personaggi del suo stesso livello. E una ricerca storico-filosofica si ebbe soprattutto da parte di Etienne Gilson, Jean Laporte e Augusto Del Noce, che mostrarono che la teologia del Rahner si risolveva in una filosofia. Quella di Giovanni Gentile, che in Italia aveva appoggiato il fascismo.<\/p>\n<p style=\"text-align: justify;\">Ora la filosofia di Gentile, a giudizio di Del Noce, si risolse in una catastrofe, e trascina con s\u00e9 tutte le \u201cteologie-dopo-la filosofia-moderna\u201d, che trovano nell\u2019idealismo attualistico la loro conclusione, tra cui la \u201cfilosofia trascendentale\u201d del Rahner.<\/p>\n<p style=\"text-align: justify;\">Su queste conclusioni esiste ancora una coltre di silenzio. E le rare voci che si sono alzate per iniziare una accostamento critico alla posizione di Rahner appaiono bloccate. Tanto che a tanti anni della sua scomparsa, il suo influsso si sente pure nelle discussioni sinodali sulla famiglia.<\/p>\n<p style=\"text-align: justify;\">Rahner mirava ad estendere la conciliare \u00abapertura al mondo\u00bb nell\u2019ambito teologico, partendo dal kantismo, ritenendo di fare per il nostro tempo quello che avevano fatto, nel loro, Agostino con il platonismo e Tommaso con l\u2019aristotelismo. Trascurando &#8211; ed \u00e8 sorprendente che lo faccia un teologo &#8211; il \u201csalto mortale\u201d disastroso che si causa al Cristianesimo passando dalla \u00abfilosofia dell\u2019essere\u00bb tradizionale alla \u00abfilosofia del divenire\u00bb dei moderni.<\/p>\n<p style=\"text-align: justify;\">Il \u201cfilosofo attraverso la storia\u201d Gilson, che pass\u00f2 una vita sui testi di S.Tommaso, non esita a parlare di mostruosit\u00e0, a proposito dell\u2019accordo kantismo-tomismo rahneriano. E usa proprio la parola \u201cteratologia\u201d nel presentarne l\u2019esame in <em>R\u00e9alisme thomiste et critique de la connaissance<\/em> del 1947. Del Noce condivise tale giudizio e lo espresse in un lungo saggio su \u201cArchivio di filosofia\u201d nel 1974: \u201cTeologia della secolarizzazione e filosofia\u201d, nonch\u00e9 ne \u201cLa scoperta del tomismo di Etienne Gilson e suo significato presente\u201d, in AA.VV: \u201cStudi di filosofia in onore di Gustavo Bontadini\u201d \u2013 ed. Vita e Pensiero \u2013 1975, ora anche in \u201cPensiero della Chiesa e filosofia contemporanea\u201d (pp.31.57), ed. Studium \u2013 2005.<\/p>\n<p style=\"text-align: justify;\">Nel primo saggio Del Noce esamina la teologia del Rahner attraverso il libro \u201cSulla teologia del mondo\u201d (1962) -tradotto in Italia dalla Queriniana nel 1969- dell\u2019allievo a lui pi\u00f9 vicino, J.B.Metz. Questi sosteneva la necessit\u00e0, per la teologia, di passare ad una nuova forma. Nel secondo mostra nella filosofia di Gentile la forma perfetta di modernismo, dove va a finire ogni moderna \u201cteologia della secolarizzazione\u201d diventando \u201cla dissoluzione della teologia e la teologia della dissoluzione\u201d.(46)<\/p>\n<p style=\"text-align: justify;\">Metz: \u201cLa nuova teologia \u00e8 la ricerca di interpretare la fede in una maniera che corrisponda alla situazione storica del pensiero\u2026 Di qui, il passaggio dalla veduta cosmocentrica alla antropocentrica\u2026 determinatasi grazie al Cristianesimo\u201d anche se \u201costeggiata dal Cristianesimo ufficiale\u201d.(42)<\/p>\n<p style=\"text-align: justify;\">Gentile: \u201cL\u2019irreversibile svolta epocale che medierebbe il passaggio dal \u2018mondo divinizzato al mondo ominizzato\u2019 non \u00e8 rappresentata da altro che dalla rivoluzione marxista, guidata dall\u2019idea del progetto del passaggio dalla contemplazione alla trasformazione del mondo, dalla filosofia speculativa alla filosofia della prassi; a tale rivoluzione deve corrispondere una rivoluzione nella teologia\u201d.(40)<\/p>\n<p style=\"text-align: justify;\">Gentile: \u201cLa teologia dei teologi non ha parlato di Dio, perch\u00e9 i teologi non hanno mai conosciuto Dio, avendolo sempre presupposto, scambiandolo con la sua ombra\u2026 Se per Cristianesimo si deve intendere una religione dell\u2019umanit\u00e0 di Dio e della redenzione divina dell\u2019uomo per mezzo dello spirito, come attivit\u00e0 superatrice e negativa della natura, io ho la presunzione che non si possa oggi essere cristiani profondamente, con l\u2019animo sgombro dalle difficolt\u00e0 che una concezione spiritualistica della vita sono via via sorte in seno alla riflessione filosofica e questa ha via via eliminato, senza battere la via aperta dall\u2019attualismo\u201d. (Introduzione alla filosofia -1933).<\/p>\n<p style=\"text-align: justify;\">Ovviamente i teologi della \u201cteologia-dopo-la filosofia-moderna\u201d negano che la loro finisca nelle ideologie in cui Dio \u201cevapora\u201d nell\u2019io solipsistico trascendentale (Gentile) o nel irraggiungibile futuro lontano oppure nel moloch statale stritolatore (Marx), ma la logica \u00e8 logica &#8211; affermano questi studiosi &#8211; confrontando le affermazioni pronunciate dai nuovi teologi.<\/p>\n<p style=\"text-align: justify;\">Va pure aggiunto che nella catastrofe in cui finisce l\u2019attualismo, e con esso le teologie-dopo-la-filosofia-moderna, con Dio sparisce anche l\u2019individuo: non vi trova infatti una sua spiegazione, n\u00e9 motivabile la difesa, giustificata anzi la soppressione, ritenuta persino necessaria talvolta, non essendoci altro che l\u2019io trascendentale chiuso in se stesso.<\/p>\n<p style=\"text-align: justify;\">L\u2019assurdit\u00e0 cui porta la \u201cfilosofia del divenire\u201d non pu\u00f2 che riportare in campo la \u201cfilosofia dell\u2019essere\u201d, su cui si basa il Cristianesimo e la filosofia cristiana, dove confluiscono -secondo del Noce- il tomismo, l\u2019ontologismo e esistenzialismo religioso. E il magistero dovrebbe farsi sentire di pi\u00f9, perch\u00e9 la crisi nasce a livello teologico. Una carit\u00e0 senza verit\u00e0 dura poco.<\/p>\n<p style=\"text-align: justify;\">Nel campo teologico si lasciano correre troppe opinione discordanti e, se non \u00e8 bene infierire sulle persone dei teologi, come avveniva un tempo, non devono per\u00f2 mancare valutazione di magistero, puntuali e non vaghe e proprio su quello che i teologi dicono e scrivono. La Fede genuina Cristo l\u2019ha affidata al giudizio degli apostoli, e questi hanno il compito di garantirla intatta all\u2019intera comunit\u00e0 dei fedeli.<\/p>\n<p>&nbsp;<\/p>\n","protected":false},"excerpt":{"rendered":"<p>Osservatorio Internazionale Cardinale Van Thu\u00e2n \u00a0Newsletter n.796 del 11 Maggio 2017 A seguito della pubblicazione del libro \u201cLa nuova Chiesa di Karl Rahner. Il teologo che ha insegnato ad arrendersi al mondo\u201d (Fede &amp; Cultura, Verona 2017) il nostro osservatorio ha proposto un dibattito sul tema LA TEOLOGIA DI KARL RAHNER E L\u2019EUTANASIA DELLA DOTTRINA &hellip; <\/p>\n<p><a class=\"more-link btn\" href=\"https:\/\/www.rassegnastampa-totustuus.it\/cattolica\/agostino-tommaso-rahner\/\">Continua a leggere<\/a><\/p>\n","protected":false},"author":6,"featured_media":37717,"comment_status":"closed","ping_status":"closed","sticky":false,"template":"","format":"standard","meta":{"footnotes":""},"categories":[5,11,18],"tags":[1664,1847],"class_list":["post-37716","post","type-post","status-publish","format-standard","has-post-thumbnail","hentry","category-chiesa","category-dottrina-sociale","category-personaggi","tag-karl-rahner","tag-teologia","item-wrap"],"yoast_head":"<!-- This site is optimized with the Yoast SEO plugin v27.5 - https:\/\/yoast.com\/product\/yoast-seo-wordpress\/ -->\n<title>Agostino, Tommaso, Rahner - Rassegna Stampa Cattolica<\/title>\n<meta name=\"description\" content=\"Rassegna Stampa Cattolica - Per una cultura che nasce dalla Rivelazione cristiana in conformit\u00e0 alla tradizione e al Magistero della Chiesa in opposizione ad ogni relativismo e totalitarismo\" \/>\n<meta name=\"robots\" content=\"index, follow, max-snippet:-1, max-image-preview:large, max-video-preview:-1\" \/>\n<link rel=\"canonical\" href=\"https:\/\/www.rassegnastampa-totustuus.it\/cattolica\/agostino-tommaso-rahner\/\" \/>\n<meta property=\"og:locale\" content=\"it_IT\" \/>\n<meta property=\"og:type\" content=\"article\" \/>\n<meta property=\"og:title\" content=\"Agostino, Tommaso, Rahner - Rassegna Stampa Cattolica\" \/>\n<meta property=\"og:description\" content=\"Rassegna Stampa Cattolica - Per una cultura che nasce dalla Rivelazione cristiana in conformit\u00e0 alla tradizione e al Magistero della Chiesa in opposizione ad ogni relativismo e totalitarismo\" \/>\n<meta property=\"og:url\" content=\"https:\/\/www.rassegnastampa-totustuus.it\/cattolica\/agostino-tommaso-rahner\/\" \/>\n<meta property=\"og:site_name\" content=\"Rassegna Stampa Cattolica\" \/>\n<meta property=\"article:publisher\" content=\"https:\/\/www.facebook.com\/rassegnastampacattolica\" \/>\n<meta property=\"article:published_time\" content=\"2017-05-17T22:00:14+00:00\" \/>\n<meta property=\"og:image\" content=\"https:\/\/www.rassegnastampa-totustuus.it\/cattolica\/wp-content\/uploads\/2017\/05\/Karl-Rahner.jpg\" \/>\n\t<meta property=\"og:image:width\" content=\"224\" \/>\n\t<meta property=\"og:image:height\" content=\"225\" \/>\n\t<meta property=\"og:image:type\" content=\"image\/jpeg\" \/>\n<meta name=\"author\" content=\"Redazione\" \/>\n<meta name=\"twitter:card\" content=\"summary_large_image\" \/>\n<meta name=\"twitter:creator\" content=\"@rassegnastampa9\" \/>\n<meta name=\"twitter:site\" content=\"@rassegnastampa9\" \/>\n<meta name=\"twitter:label1\" content=\"Scritto da\" \/>\n\t<meta name=\"twitter:data1\" content=\"Redazione\" \/>\n\t<meta name=\"twitter:label2\" content=\"Tempo di lettura stimato\" \/>\n\t<meta name=\"twitter:data2\" content=\"5 minuti\" \/>\n<script type=\"application\/ld+json\" class=\"yoast-schema-graph\">{\"@context\":\"https:\\\/\\\/schema.org\",\"@graph\":[{\"@type\":\"Article\",\"@id\":\"https:\\\/\\\/www.rassegnastampa-totustuus.it\\\/cattolica\\\/agostino-tommaso-rahner\\\/#article\",\"isPartOf\":{\"@id\":\"https:\\\/\\\/www.rassegnastampa-totustuus.it\\\/cattolica\\\/agostino-tommaso-rahner\\\/\"},\"author\":{\"name\":\"Redazione\",\"@id\":\"https:\\\/\\\/www.rassegnastampa-totustuus.it\\\/cattolica\\\/#\\\/schema\\\/person\\\/08f319d2bd1a0904ad9e2bfb7b15e5c3\"},\"headline\":\"Agostino, Tommaso, Rahner\",\"datePublished\":\"2017-05-17T22:00:14+00:00\",\"mainEntityOfPage\":{\"@id\":\"https:\\\/\\\/www.rassegnastampa-totustuus.it\\\/cattolica\\\/agostino-tommaso-rahner\\\/\"},\"wordCount\":1062,\"publisher\":{\"@id\":\"https:\\\/\\\/www.rassegnastampa-totustuus.it\\\/cattolica\\\/#organization\"},\"image\":{\"@id\":\"https:\\\/\\\/www.rassegnastampa-totustuus.it\\\/cattolica\\\/agostino-tommaso-rahner\\\/#primaryimage\"},\"thumbnailUrl\":\"https:\\\/\\\/www.rassegnastampa-totustuus.it\\\/cattolica\\\/wp-content\\\/uploads\\\/2017\\\/05\\\/Karl-Rahner.jpg\",\"keywords\":[\"Karl Rahner\",\"teologia\"],\"articleSection\":[\"Chiesa\",\"Dottrina sociale\",\"Personaggi\"],\"inLanguage\":\"it-IT\"},{\"@type\":\"WebPage\",\"@id\":\"https:\\\/\\\/www.rassegnastampa-totustuus.it\\\/cattolica\\\/agostino-tommaso-rahner\\\/\",\"url\":\"https:\\\/\\\/www.rassegnastampa-totustuus.it\\\/cattolica\\\/agostino-tommaso-rahner\\\/\",\"name\":\"Agostino, Tommaso, Rahner - Rassegna Stampa Cattolica\",\"isPartOf\":{\"@id\":\"https:\\\/\\\/www.rassegnastampa-totustuus.it\\\/cattolica\\\/#website\"},\"primaryImageOfPage\":{\"@id\":\"https:\\\/\\\/www.rassegnastampa-totustuus.it\\\/cattolica\\\/agostino-tommaso-rahner\\\/#primaryimage\"},\"image\":{\"@id\":\"https:\\\/\\\/www.rassegnastampa-totustuus.it\\\/cattolica\\\/agostino-tommaso-rahner\\\/#primaryimage\"},\"thumbnailUrl\":\"https:\\\/\\\/www.rassegnastampa-totustuus.it\\\/cattolica\\\/wp-content\\\/uploads\\\/2017\\\/05\\\/Karl-Rahner.jpg\",\"datePublished\":\"2017-05-17T22:00:14+00:00\",\"description\":\"Rassegna Stampa Cattolica - Per una cultura che nasce dalla Rivelazione cristiana in conformit\u00e0 alla tradizione e al Magistero della Chiesa in opposizione ad ogni relativismo e totalitarismo\",\"breadcrumb\":{\"@id\":\"https:\\\/\\\/www.rassegnastampa-totustuus.it\\\/cattolica\\\/agostino-tommaso-rahner\\\/#breadcrumb\"},\"inLanguage\":\"it-IT\",\"potentialAction\":[{\"@type\":\"ReadAction\",\"target\":[\"https:\\\/\\\/www.rassegnastampa-totustuus.it\\\/cattolica\\\/agostino-tommaso-rahner\\\/\"]}]},{\"@type\":\"ImageObject\",\"inLanguage\":\"it-IT\",\"@id\":\"https:\\\/\\\/www.rassegnastampa-totustuus.it\\\/cattolica\\\/agostino-tommaso-rahner\\\/#primaryimage\",\"url\":\"https:\\\/\\\/www.rassegnastampa-totustuus.it\\\/cattolica\\\/wp-content\\\/uploads\\\/2017\\\/05\\\/Karl-Rahner.jpg\",\"contentUrl\":\"https:\\\/\\\/www.rassegnastampa-totustuus.it\\\/cattolica\\\/wp-content\\\/uploads\\\/2017\\\/05\\\/Karl-Rahner.jpg\",\"width\":224,\"height\":225},{\"@type\":\"BreadcrumbList\",\"@id\":\"https:\\\/\\\/www.rassegnastampa-totustuus.it\\\/cattolica\\\/agostino-tommaso-rahner\\\/#breadcrumb\",\"itemListElement\":[{\"@type\":\"ListItem\",\"position\":1,\"name\":\"Home\",\"item\":\"https:\\\/\\\/www.rassegnastampa-totustuus.it\\\/cattolica\\\/\"},{\"@type\":\"ListItem\",\"position\":2,\"name\":\"Agostino, Tommaso, Rahner\"}]},{\"@type\":\"WebSite\",\"@id\":\"https:\\\/\\\/www.rassegnastampa-totustuus.it\\\/cattolica\\\/#website\",\"url\":\"https:\\\/\\\/www.rassegnastampa-totustuus.it\\\/cattolica\\\/\",\"name\":\"Rassegna Stampa Cattolica\",\"description\":\"Per una cultura che nasce dalla Rivelazione cristiana in conformit\u00e0 alla tradizione e al Magistero della Chiesa in opposizione ad ogni relativismo e totalitarismo\",\"publisher\":{\"@id\":\"https:\\\/\\\/www.rassegnastampa-totustuus.it\\\/cattolica\\\/#organization\"},\"alternateName\":\"Rass. Cattolica\",\"potentialAction\":[{\"@type\":\"SearchAction\",\"target\":{\"@type\":\"EntryPoint\",\"urlTemplate\":\"https:\\\/\\\/www.rassegnastampa-totustuus.it\\\/cattolica\\\/?s={search_term_string}\"},\"query-input\":{\"@type\":\"PropertyValueSpecification\",\"valueRequired\":true,\"valueName\":\"search_term_string\"}}],\"inLanguage\":\"it-IT\"},{\"@type\":\"Organization\",\"@id\":\"https:\\\/\\\/www.rassegnastampa-totustuus.it\\\/cattolica\\\/#organization\",\"name\":\"Rassegna Stampa Cattolica\",\"url\":\"https:\\\/\\\/www.rassegnastampa-totustuus.it\\\/cattolica\\\/\",\"logo\":{\"@type\":\"ImageObject\",\"inLanguage\":\"it-IT\",\"@id\":\"https:\\\/\\\/www.rassegnastampa-totustuus.it\\\/cattolica\\\/#\\\/schema\\\/logo\\\/image\\\/\",\"url\":\"https:\\\/\\\/www.rassegnastampa-totustuus.it\\\/cattolica\\\/wp-content\\\/uploads\\\/2014\\\/04\\\/logo-rassegna1.gif\",\"contentUrl\":\"https:\\\/\\\/www.rassegnastampa-totustuus.it\\\/cattolica\\\/wp-content\\\/uploads\\\/2014\\\/04\\\/logo-rassegna1.gif\",\"width\":600,\"height\":163,\"caption\":\"Rassegna Stampa Cattolica\"},\"image\":{\"@id\":\"https:\\\/\\\/www.rassegnastampa-totustuus.it\\\/cattolica\\\/#\\\/schema\\\/logo\\\/image\\\/\"},\"sameAs\":[\"https:\\\/\\\/www.facebook.com\\\/rassegnastampacattolica\",\"https:\\\/\\\/x.com\\\/rassegnastampa9\"]},{\"@type\":\"Person\",\"@id\":\"https:\\\/\\\/www.rassegnastampa-totustuus.it\\\/cattolica\\\/#\\\/schema\\\/person\\\/08f319d2bd1a0904ad9e2bfb7b15e5c3\",\"name\":\"Redazione\",\"image\":{\"@type\":\"ImageObject\",\"inLanguage\":\"it-IT\",\"@id\":\"https:\\\/\\\/secure.gravatar.com\\\/avatar\\\/2fcdf27c78ea025fbdb44e914cc63c72249ffec9dc8aafd5c82b26240ef3f346?s=96&d=mm&r=g\",\"url\":\"https:\\\/\\\/secure.gravatar.com\\\/avatar\\\/2fcdf27c78ea025fbdb44e914cc63c72249ffec9dc8aafd5c82b26240ef3f346?s=96&d=mm&r=g\",\"contentUrl\":\"https:\\\/\\\/secure.gravatar.com\\\/avatar\\\/2fcdf27c78ea025fbdb44e914cc63c72249ffec9dc8aafd5c82b26240ef3f346?s=96&d=mm&r=g\",\"caption\":\"Redazione\"},\"url\":\"https:\\\/\\\/www.rassegnastampa-totustuus.it\\\/cattolica\\\/author\\\/pietroelle\\\/\"}]}<\/script>\n<!-- \/ Yoast SEO plugin. -->","yoast_head_json":{"title":"Agostino, Tommaso, Rahner - Rassegna Stampa Cattolica","description":"Rassegna Stampa Cattolica - Per una cultura che nasce dalla Rivelazione cristiana in conformit\u00e0 alla tradizione e al Magistero della Chiesa in opposizione ad ogni relativismo e totalitarismo","robots":{"index":"index","follow":"follow","max-snippet":"max-snippet:-1","max-image-preview":"max-image-preview:large","max-video-preview":"max-video-preview:-1"},"canonical":"https:\/\/www.rassegnastampa-totustuus.it\/cattolica\/agostino-tommaso-rahner\/","og_locale":"it_IT","og_type":"article","og_title":"Agostino, Tommaso, Rahner - Rassegna Stampa Cattolica","og_description":"Rassegna Stampa Cattolica - Per una cultura che nasce dalla Rivelazione cristiana in conformit\u00e0 alla tradizione e al Magistero della Chiesa in opposizione ad ogni relativismo e totalitarismo","og_url":"https:\/\/www.rassegnastampa-totustuus.it\/cattolica\/agostino-tommaso-rahner\/","og_site_name":"Rassegna Stampa Cattolica","article_publisher":"https:\/\/www.facebook.com\/rassegnastampacattolica","article_published_time":"2017-05-17T22:00:14+00:00","og_image":[{"width":224,"height":225,"url":"https:\/\/www.rassegnastampa-totustuus.it\/cattolica\/wp-content\/uploads\/2017\/05\/Karl-Rahner.jpg","type":"image\/jpeg"}],"author":"Redazione","twitter_card":"summary_large_image","twitter_creator":"@rassegnastampa9","twitter_site":"@rassegnastampa9","twitter_misc":{"Scritto da":"Redazione","Tempo di lettura stimato":"5 minuti"},"schema":{"@context":"https:\/\/schema.org","@graph":[{"@type":"Article","@id":"https:\/\/www.rassegnastampa-totustuus.it\/cattolica\/agostino-tommaso-rahner\/#article","isPartOf":{"@id":"https:\/\/www.rassegnastampa-totustuus.it\/cattolica\/agostino-tommaso-rahner\/"},"author":{"name":"Redazione","@id":"https:\/\/www.rassegnastampa-totustuus.it\/cattolica\/#\/schema\/person\/08f319d2bd1a0904ad9e2bfb7b15e5c3"},"headline":"Agostino, Tommaso, Rahner","datePublished":"2017-05-17T22:00:14+00:00","mainEntityOfPage":{"@id":"https:\/\/www.rassegnastampa-totustuus.it\/cattolica\/agostino-tommaso-rahner\/"},"wordCount":1062,"publisher":{"@id":"https:\/\/www.rassegnastampa-totustuus.it\/cattolica\/#organization"},"image":{"@id":"https:\/\/www.rassegnastampa-totustuus.it\/cattolica\/agostino-tommaso-rahner\/#primaryimage"},"thumbnailUrl":"https:\/\/www.rassegnastampa-totustuus.it\/cattolica\/wp-content\/uploads\/2017\/05\/Karl-Rahner.jpg","keywords":["Karl Rahner","teologia"],"articleSection":["Chiesa","Dottrina sociale","Personaggi"],"inLanguage":"it-IT"},{"@type":"WebPage","@id":"https:\/\/www.rassegnastampa-totustuus.it\/cattolica\/agostino-tommaso-rahner\/","url":"https:\/\/www.rassegnastampa-totustuus.it\/cattolica\/agostino-tommaso-rahner\/","name":"Agostino, Tommaso, Rahner - Rassegna Stampa Cattolica","isPartOf":{"@id":"https:\/\/www.rassegnastampa-totustuus.it\/cattolica\/#website"},"primaryImageOfPage":{"@id":"https:\/\/www.rassegnastampa-totustuus.it\/cattolica\/agostino-tommaso-rahner\/#primaryimage"},"image":{"@id":"https:\/\/www.rassegnastampa-totustuus.it\/cattolica\/agostino-tommaso-rahner\/#primaryimage"},"thumbnailUrl":"https:\/\/www.rassegnastampa-totustuus.it\/cattolica\/wp-content\/uploads\/2017\/05\/Karl-Rahner.jpg","datePublished":"2017-05-17T22:00:14+00:00","description":"Rassegna Stampa Cattolica - Per una cultura che nasce dalla Rivelazione cristiana in conformit\u00e0 alla tradizione e al Magistero della Chiesa in opposizione ad ogni relativismo e totalitarismo","breadcrumb":{"@id":"https:\/\/www.rassegnastampa-totustuus.it\/cattolica\/agostino-tommaso-rahner\/#breadcrumb"},"inLanguage":"it-IT","potentialAction":[{"@type":"ReadAction","target":["https:\/\/www.rassegnastampa-totustuus.it\/cattolica\/agostino-tommaso-rahner\/"]}]},{"@type":"ImageObject","inLanguage":"it-IT","@id":"https:\/\/www.rassegnastampa-totustuus.it\/cattolica\/agostino-tommaso-rahner\/#primaryimage","url":"https:\/\/www.rassegnastampa-totustuus.it\/cattolica\/wp-content\/uploads\/2017\/05\/Karl-Rahner.jpg","contentUrl":"https:\/\/www.rassegnastampa-totustuus.it\/cattolica\/wp-content\/uploads\/2017\/05\/Karl-Rahner.jpg","width":224,"height":225},{"@type":"BreadcrumbList","@id":"https:\/\/www.rassegnastampa-totustuus.it\/cattolica\/agostino-tommaso-rahner\/#breadcrumb","itemListElement":[{"@type":"ListItem","position":1,"name":"Home","item":"https:\/\/www.rassegnastampa-totustuus.it\/cattolica\/"},{"@type":"ListItem","position":2,"name":"Agostino, Tommaso, Rahner"}]},{"@type":"WebSite","@id":"https:\/\/www.rassegnastampa-totustuus.it\/cattolica\/#website","url":"https:\/\/www.rassegnastampa-totustuus.it\/cattolica\/","name":"Rassegna Stampa Cattolica","description":"Per una cultura che nasce dalla Rivelazione cristiana in conformit\u00e0 alla tradizione e al Magistero della Chiesa in opposizione ad ogni relativismo e totalitarismo","publisher":{"@id":"https:\/\/www.rassegnastampa-totustuus.it\/cattolica\/#organization"},"alternateName":"Rass. Cattolica","potentialAction":[{"@type":"SearchAction","target":{"@type":"EntryPoint","urlTemplate":"https:\/\/www.rassegnastampa-totustuus.it\/cattolica\/?s={search_term_string}"},"query-input":{"@type":"PropertyValueSpecification","valueRequired":true,"valueName":"search_term_string"}}],"inLanguage":"it-IT"},{"@type":"Organization","@id":"https:\/\/www.rassegnastampa-totustuus.it\/cattolica\/#organization","name":"Rassegna Stampa Cattolica","url":"https:\/\/www.rassegnastampa-totustuus.it\/cattolica\/","logo":{"@type":"ImageObject","inLanguage":"it-IT","@id":"https:\/\/www.rassegnastampa-totustuus.it\/cattolica\/#\/schema\/logo\/image\/","url":"https:\/\/www.rassegnastampa-totustuus.it\/cattolica\/wp-content\/uploads\/2014\/04\/logo-rassegna1.gif","contentUrl":"https:\/\/www.rassegnastampa-totustuus.it\/cattolica\/wp-content\/uploads\/2014\/04\/logo-rassegna1.gif","width":600,"height":163,"caption":"Rassegna Stampa Cattolica"},"image":{"@id":"https:\/\/www.rassegnastampa-totustuus.it\/cattolica\/#\/schema\/logo\/image\/"},"sameAs":["https:\/\/www.facebook.com\/rassegnastampacattolica","https:\/\/x.com\/rassegnastampa9"]},{"@type":"Person","@id":"https:\/\/www.rassegnastampa-totustuus.it\/cattolica\/#\/schema\/person\/08f319d2bd1a0904ad9e2bfb7b15e5c3","name":"Redazione","image":{"@type":"ImageObject","inLanguage":"it-IT","@id":"https:\/\/secure.gravatar.com\/avatar\/2fcdf27c78ea025fbdb44e914cc63c72249ffec9dc8aafd5c82b26240ef3f346?s=96&d=mm&r=g","url":"https:\/\/secure.gravatar.com\/avatar\/2fcdf27c78ea025fbdb44e914cc63c72249ffec9dc8aafd5c82b26240ef3f346?s=96&d=mm&r=g","contentUrl":"https:\/\/secure.gravatar.com\/avatar\/2fcdf27c78ea025fbdb44e914cc63c72249ffec9dc8aafd5c82b26240ef3f346?s=96&d=mm&r=g","caption":"Redazione"},"url":"https:\/\/www.rassegnastampa-totustuus.it\/cattolica\/author\/pietroelle\/"}]}},"_links":{"self":[{"href":"https:\/\/www.rassegnastampa-totustuus.it\/cattolica\/wp-json\/wp\/v2\/posts\/37716","targetHints":{"allow":["GET"]}}],"collection":[{"href":"https:\/\/www.rassegnastampa-totustuus.it\/cattolica\/wp-json\/wp\/v2\/posts"}],"about":[{"href":"https:\/\/www.rassegnastampa-totustuus.it\/cattolica\/wp-json\/wp\/v2\/types\/post"}],"author":[{"embeddable":true,"href":"https:\/\/www.rassegnastampa-totustuus.it\/cattolica\/wp-json\/wp\/v2\/users\/6"}],"replies":[{"embeddable":true,"href":"https:\/\/www.rassegnastampa-totustuus.it\/cattolica\/wp-json\/wp\/v2\/comments?post=37716"}],"version-history":[{"count":2,"href":"https:\/\/www.rassegnastampa-totustuus.it\/cattolica\/wp-json\/wp\/v2\/posts\/37716\/revisions"}],"predecessor-version":[{"id":37719,"href":"https:\/\/www.rassegnastampa-totustuus.it\/cattolica\/wp-json\/wp\/v2\/posts\/37716\/revisions\/37719"}],"wp:featuredmedia":[{"embeddable":true,"href":"https:\/\/www.rassegnastampa-totustuus.it\/cattolica\/wp-json\/wp\/v2\/media\/37717"}],"wp:attachment":[{"href":"https:\/\/www.rassegnastampa-totustuus.it\/cattolica\/wp-json\/wp\/v2\/media?parent=37716"}],"wp:term":[{"taxonomy":"category","embeddable":true,"href":"https:\/\/www.rassegnastampa-totustuus.it\/cattolica\/wp-json\/wp\/v2\/categories?post=37716"},{"taxonomy":"post_tag","embeddable":true,"href":"https:\/\/www.rassegnastampa-totustuus.it\/cattolica\/wp-json\/wp\/v2\/tags?post=37716"}],"curies":[{"name":"wp","href":"https:\/\/api.w.org\/{rel}","templated":true}]}}