{"id":37684,"date":"2017-05-11T00:00:06","date_gmt":"2017-05-10T22:00:06","guid":{"rendered":"http:\/\/www.rassegnastampa-totustuus.it\/cattolica\/?p=37684"},"modified":"2017-05-09T11:52:05","modified_gmt":"2017-05-09T09:52:05","slug":"lo-squilibrio-dei-sessi-alla-nascita-nel-contesto-migratorio-anche-in-italia","status":"publish","type":"post","link":"https:\/\/www.rassegnastampa-totustuus.it\/cattolica\/lo-squilibrio-dei-sessi-alla-nascita-nel-contesto-migratorio-anche-in-italia\/","title":{"rendered":"Lo squilibrio dei sessi alla nascita nel contesto migratorio. Anche in Italia"},"content":{"rendered":"<p style=\"text-align: center;\"><img loading=\"lazy\" decoding=\"async\" class=\"alignright wp-image-37685\" src=\"https:\/\/www.rassegnastampa-totustuus.it\/cattolica\/wp-content\/uploads\/2017\/05\/bambini.jpg\" alt=\"bambini\" width=\"240\" height=\"240\" srcset=\"https:\/\/www.rassegnastampa-totustuus.it\/cattolica\/wp-content\/uploads\/2017\/05\/bambini.jpg 300w, https:\/\/www.rassegnastampa-totustuus.it\/cattolica\/wp-content\/uploads\/2017\/05\/bambini-150x150.jpg 150w\" sizes=\"auto, (max-width: 240px) 100vw, 240px\" \/>Dal sito<strong><a href=\"http:\/\/www.neodemos.info\/\" target=\"_blank\"> Neodemos<\/a><\/strong> 9 maggio 2017<\/p>\n<p style=\"text-align: center;\">di<strong> Elena Ambrosetti, Livia Ortensi, Cinzia Castagnaro, Marina Attili<\/strong><\/p>\n<p style=\"text-align: justify;\">A partire dagli anni \u201980, il rapporto di mascolinit\u00e0 alla nascita \u00e8 cresciuto notevolmente in alcuni paesi, soprattutto asiatici, e ci si aspetta che rimanga significativamente pi\u00f9 alto di quello teoricamente atteso almeno per i prossimi 30 anni, distanziandosi in maniera evidente da quella \u201ccostante demografica\u201d per cui, in condizioni non perturbate, nascono mediamente circa 106 maschi ogni 100 femmine.<\/p>\n<p style=\"text-align: justify;\"><!--more--><\/p>\n<p style=\"text-align: justify;\">E\u2019, ad esempio, il caso di Cina (115,9 nel 2014), Azerbaijan (115,6 nel 2013), Vietnam (112,2 media 2013\/2014), India (110,0 media 2011\/2013) e Albania (109,0 media 2012\/2013 \u2013 Figura 1). Valori cos\u00ec elevati si spiegano solo con pratiche di selezione prenatale, dovute alla preferenza delle coppie per il figlio maschio. La preferenza per il figlio maschio \u00e8 molto diffusa nei sistemi sociali patrilineari, in particolare nei paesi del Sud Est asiatico. Le bambine che mancano all\u2019appello, al momento della nascita, conseguenza diretta di tale pratica, secondo stime recenti (Bongaarts e Guilmoto, 2015) sarebbero state quasi 1,7 milioni in tutto il mondo.<\/p>\n<p style=\"text-align: justify;\"><strong>Cosa succede quando si emigra<\/strong><\/p>\n<p style=\"text-align: justify;\"><img loading=\"lazy\" decoding=\"async\" class=\"alignleft wp-image-37686\" src=\"https:\/\/www.rassegnastampa-totustuus.it\/cattolica\/wp-content\/uploads\/2017\/05\/Fig-1.png\" alt=\"Fig 1\" width=\"250\" height=\"225\" \/>Il crescente numero di migranti internazionali in tutto il mondo, e soprattutto di coloro che provengono dall\u2019est e dal sud-est asiatico, sembra condurre a una esportazione della pratica della selezione del sesso del nascituro nei paesi di accoglienza. E in effetti il rapporto di mascolinit\u00e0 alla nascita \u00e8 superiore alla costante biologica nelle popolazioni immigrate provenienti dal sud-est asiatico e, recentemente, anche dall\u2019Albania: lo si \u00e8 osservato negli Stati Uniti, nel Regno Unito, in Canada, in Spagna, in Norvegia, in Grecia, in Australia e in Italia.<\/p>\n<p style=\"text-align: justify;\">Negli anni dal 2005 al 2015, mentre il rapporto di mascolinit\u00e0 alla nascita per le nascite da coppie italiane si \u00e8 mantenuto tra 105,7 e 106,1, esso \u00e8 un po\u2019 pi\u00f9 alto per le coppie straniere: tra 106 e 107, ma molto di pi\u00f9 per alcune di esse come ad esempio indiani e cinesi (Figura 2 e Tabella 1). A partire dal 2008, anche i nati da coppie albanesi mostrano uno squilibrio del rapporto di mascolinit\u00e0, e questo tenendo conto della variabilit\u00e0 casuale insita in questo indicatore, legata alla numerosit\u00e0 degli eventi (nascite). Invece, non si rilevano squilibri nei dati riferiti alla <a href=\"http:\/\/www.neodemos.info\/glossary\/popolazione\/\">popolazione<\/a> proveniente da Pakistan, Bangladesh e Sri Lanka nonostante la preferenza culturale per i maschi rispetto alle femmine sia fortemente radicata anche in questi paesi.<\/p>\n<p style=\"text-align: justify;\"><img loading=\"lazy\" decoding=\"async\" class=\"size-full wp-image-37687 alignright\" src=\"https:\/\/www.rassegnastampa-totustuus.it\/cattolica\/wp-content\/uploads\/2017\/05\/Fig-2.png\" alt=\"Fig 2\" width=\"300\" height=\"242\" \/>Di particolare interesse infine il caso della Tunisia: alla stregua di quanto accade nel paese di origine (Guilmoto, 2015) il rapporto di mascolinit\u00e0 alla nascita per le nascite da coppie tunisine \u00e8 stato in media di 108,4 per il periodo 2005-2015. Tuttavia, a causa del ridotto numero di nascite, se consideriamo l\u2019intervallo di confidenza, tale valore in media non \u00e8 statisticamente diverso da 105 (fatta eccezione per il 2013). Sar\u00e0 quindi importante monitorare l\u2019evoluzione futura di tale indicatore per le coppie tunisine residenti in Italia.<\/p>\n<p style=\"text-align: justify;\"><img loading=\"lazy\" decoding=\"async\" class=\"size-full wp-image-37688 alignleft\" src=\"https:\/\/www.rassegnastampa-totustuus.it\/cattolica\/wp-content\/uploads\/2017\/05\/Tab-1.png\" alt=\"Tab 1\" width=\"300\" height=\"228\" \/>La selezione prenatale in base al sesso aumenta con l\u2019ordine di nascita (Guilmoto, 2009 e 2015; Park e Cho, 1995). Per le prime nascite, infatti, si lascia spesso agire il caso, ma si selezionano le nascite successive al fine di avere il numero desiderato di maschi. Per analizzare il rapporto di mascolinit\u00e0 alla nascita per ordine di nascita abbiamo stato condotto uno studio preliminare per i figli nati da coppie straniere. I risultati preliminari dell\u2019analisi del rapporto per sessi alla nascita stratificata per ordine di nascita mostrano che il rapporto di mascolinit\u00e0 alla nascita \u00e8 al di sopra della costante biologica per il periodo 2005-2015 per i nati da coppie albanesi, cinesi e tunisine a partire dal terzo figlio e da coppie indiane a partire gi\u00e0 dal secondo figlio.<\/p>\n<p style=\"text-align: justify;\">Il fenomeno della selezione dei sessi prima della nascita risulta rilevante anche nel contesto migratorio italiano. Nonostante l\u2019effetto selettivo della <a href=\"http:\/\/www.neodemos.info\/glossary\/migrazione\/\">migrazione<\/a> persistono anche in coloro che lasciano il paese d\u2019origine comportamenti discriminatori nei confronti delle figlie femmine. Nel futuro sar\u00e0 importante monitorare questo fenomeno che solleva indubbiamente questioni di etica, ad esempio rispetto all\u2019opportunit\u00e0 di comunicare il sesso del nascituro contestualmente all\u2019esito di esami pre-natali effettuati in un\u2019et\u00e0 gestazionale in cui \u00e8 ancora possibile abortire legalmente.<\/p>\n<p style=\"text-align: justify;\"><strong>Per saperne di pi\u00f9<\/strong><\/p>\n<p style=\"text-align: justify;\">Ambrosetti, E., Ortensi, L., Castagnaro, C., &amp; Attili, M. (2016). \u201c<em><a href=\"http:\/\/scistat.cilea.it\/index.php\/genus\/article\/view\/677.\">Sex imbalances at birth in migratory context: evidence from Italy<\/a><\/em>\u201d. Genus, 71(2-3): 29-51.<\/p>\n<p>Bongaarts, J., and Guilmoto C. Z. (2015) \u201c<em>How many more missing women? Excess female mortality and prenatal sex selection, 1970\u20132050<\/em>\u201d. Population and Development Review 41(2):241-269.<\/p>\n<p>Guilmoto, C. Z. (2009). \u201c<em>The sex ratio transition in Asia<\/em>\u201d. Population and Development Review, 35(3), 519-549.<\/p>\n<p>Guilmoto C.Z. (2015) <a href=\"http:\/\/www.ined.fr\/fichier\/rte\/General\/Publications\/Population\/articles\/2015\/N2\/199-PopF2-2015-Guilmoto-Article.pdf.\">\u201c<em>The Masculinization of Births. Overview and Current Knowledge<\/em>\u201d<\/a>, Population, 70(2): 183-244.<\/p>\n<p>Park, C. B. and N.-H. Cho. (1995). \u201c<em>Consequences of son preference in a low-fertility society: Imbalance of the sex ratio at birth in Korea<\/em>\u201d . Population and Development Review,<\/p>\n<p>21(1): 59\u201384.<\/p>\n","protected":false},"excerpt":{"rendered":"<p>Dal sito Neodemos 9 maggio 2017 di Elena Ambrosetti, Livia Ortensi, Cinzia Castagnaro, Marina Attili A partire dagli anni \u201980, il rapporto di mascolinit\u00e0 alla nascita \u00e8 cresciuto notevolmente in alcuni paesi, soprattutto asiatici, e ci si aspetta che rimanga significativamente pi\u00f9 alto di quello teoricamente atteso almeno per i prossimi 30 anni, distanziandosi in &hellip; <\/p>\n<p><a class=\"more-link btn\" href=\"https:\/\/www.rassegnastampa-totustuus.it\/cattolica\/lo-squilibrio-dei-sessi-alla-nascita-nel-contesto-migratorio-anche-in-italia\/\">Continua a leggere<\/a><\/p>\n","protected":false},"author":6,"featured_media":37685,"comment_status":"closed","ping_status":"closed","sticky":false,"template":"","format":"standard","meta":{"footnotes":""},"categories":[9,38],"tags":[2386,1578,340],"class_list":["post-37684","post","type-post","status-publish","format-standard","has-post-thumbnail","hentry","category-demografia","category-immigrazione","tag-aborto","tag-diagnosi-prenatale","tag-femminicidio","item-wrap"],"yoast_head":"<!-- This site is optimized with the Yoast SEO plugin v27.5 - https:\/\/yoast.com\/product\/yoast-seo-wordpress\/ -->\n<title>Lo squilibrio dei sessi alla nascita nel contesto migratorio. Anche in Italia - Rassegna Stampa Cattolica<\/title>\n<meta name=\"description\" content=\"Rassegna Stampa Cattolica - Per una cultura che nasce dalla Rivelazione cristiana in conformit\u00e0 alla tradizione e al Magistero della Chiesa in opposizione ad ogni relativismo e totalitarismo\" \/>\n<meta name=\"robots\" content=\"index, follow, max-snippet:-1, max-image-preview:large, max-video-preview:-1\" \/>\n<link rel=\"canonical\" href=\"https:\/\/www.rassegnastampa-totustuus.it\/cattolica\/lo-squilibrio-dei-sessi-alla-nascita-nel-contesto-migratorio-anche-in-italia\/\" \/>\n<meta property=\"og:locale\" content=\"it_IT\" \/>\n<meta property=\"og:type\" content=\"article\" \/>\n<meta property=\"og:title\" content=\"Lo squilibrio dei sessi alla nascita nel contesto migratorio. Anche in Italia - Rassegna Stampa Cattolica\" \/>\n<meta property=\"og:description\" content=\"Rassegna Stampa Cattolica - Per una cultura che nasce dalla Rivelazione cristiana in conformit\u00e0 alla tradizione e al Magistero della Chiesa in opposizione ad ogni relativismo e totalitarismo\" \/>\n<meta property=\"og:url\" content=\"https:\/\/www.rassegnastampa-totustuus.it\/cattolica\/lo-squilibrio-dei-sessi-alla-nascita-nel-contesto-migratorio-anche-in-italia\/\" \/>\n<meta property=\"og:site_name\" content=\"Rassegna Stampa Cattolica\" \/>\n<meta property=\"article:publisher\" content=\"https:\/\/www.facebook.com\/rassegnastampacattolica\" \/>\n<meta property=\"article:published_time\" content=\"2017-05-10T22:00:06+00:00\" \/>\n<meta property=\"og:image\" content=\"https:\/\/www.rassegnastampa-totustuus.it\/cattolica\/wp-content\/uploads\/2017\/05\/bambini.jpg\" \/>\n\t<meta property=\"og:image:width\" content=\"300\" \/>\n\t<meta property=\"og:image:height\" content=\"300\" \/>\n\t<meta property=\"og:image:type\" content=\"image\/jpeg\" \/>\n<meta name=\"author\" content=\"Redazione\" \/>\n<meta name=\"twitter:card\" content=\"summary_large_image\" \/>\n<meta name=\"twitter:creator\" content=\"@rassegnastampa9\" \/>\n<meta name=\"twitter:site\" content=\"@rassegnastampa9\" \/>\n<meta name=\"twitter:label1\" content=\"Scritto da\" \/>\n\t<meta name=\"twitter:data1\" content=\"Redazione\" \/>\n\t<meta name=\"twitter:label2\" content=\"Tempo di lettura stimato\" \/>\n\t<meta name=\"twitter:data2\" content=\"4 minuti\" \/>\n<script type=\"application\/ld+json\" class=\"yoast-schema-graph\">{\"@context\":\"https:\\\/\\\/schema.org\",\"@graph\":[{\"@type\":\"Article\",\"@id\":\"https:\\\/\\\/www.rassegnastampa-totustuus.it\\\/cattolica\\\/lo-squilibrio-dei-sessi-alla-nascita-nel-contesto-migratorio-anche-in-italia\\\/#article\",\"isPartOf\":{\"@id\":\"https:\\\/\\\/www.rassegnastampa-totustuus.it\\\/cattolica\\\/lo-squilibrio-dei-sessi-alla-nascita-nel-contesto-migratorio-anche-in-italia\\\/\"},\"author\":{\"name\":\"Redazione\",\"@id\":\"https:\\\/\\\/www.rassegnastampa-totustuus.it\\\/cattolica\\\/#\\\/schema\\\/person\\\/08f319d2bd1a0904ad9e2bfb7b15e5c3\"},\"headline\":\"Lo squilibrio dei sessi alla nascita nel contesto migratorio. Anche in Italia\",\"datePublished\":\"2017-05-10T22:00:06+00:00\",\"mainEntityOfPage\":{\"@id\":\"https:\\\/\\\/www.rassegnastampa-totustuus.it\\\/cattolica\\\/lo-squilibrio-dei-sessi-alla-nascita-nel-contesto-migratorio-anche-in-italia\\\/\"},\"wordCount\":766,\"publisher\":{\"@id\":\"https:\\\/\\\/www.rassegnastampa-totustuus.it\\\/cattolica\\\/#organization\"},\"image\":{\"@id\":\"https:\\\/\\\/www.rassegnastampa-totustuus.it\\\/cattolica\\\/lo-squilibrio-dei-sessi-alla-nascita-nel-contesto-migratorio-anche-in-italia\\\/#primaryimage\"},\"thumbnailUrl\":\"https:\\\/\\\/www.rassegnastampa-totustuus.it\\\/cattolica\\\/wp-content\\\/uploads\\\/2017\\\/05\\\/bambini.jpg\",\"keywords\":[\"Aborto\",\"diagnosi prenatale\",\"femminicidio\"],\"articleSection\":[\"Demografia\",\"Immigrazione\"],\"inLanguage\":\"it-IT\"},{\"@type\":\"WebPage\",\"@id\":\"https:\\\/\\\/www.rassegnastampa-totustuus.it\\\/cattolica\\\/lo-squilibrio-dei-sessi-alla-nascita-nel-contesto-migratorio-anche-in-italia\\\/\",\"url\":\"https:\\\/\\\/www.rassegnastampa-totustuus.it\\\/cattolica\\\/lo-squilibrio-dei-sessi-alla-nascita-nel-contesto-migratorio-anche-in-italia\\\/\",\"name\":\"Lo squilibrio dei sessi alla nascita nel contesto migratorio. Anche in Italia - Rassegna Stampa Cattolica\",\"isPartOf\":{\"@id\":\"https:\\\/\\\/www.rassegnastampa-totustuus.it\\\/cattolica\\\/#website\"},\"primaryImageOfPage\":{\"@id\":\"https:\\\/\\\/www.rassegnastampa-totustuus.it\\\/cattolica\\\/lo-squilibrio-dei-sessi-alla-nascita-nel-contesto-migratorio-anche-in-italia\\\/#primaryimage\"},\"image\":{\"@id\":\"https:\\\/\\\/www.rassegnastampa-totustuus.it\\\/cattolica\\\/lo-squilibrio-dei-sessi-alla-nascita-nel-contesto-migratorio-anche-in-italia\\\/#primaryimage\"},\"thumbnailUrl\":\"https:\\\/\\\/www.rassegnastampa-totustuus.it\\\/cattolica\\\/wp-content\\\/uploads\\\/2017\\\/05\\\/bambini.jpg\",\"datePublished\":\"2017-05-10T22:00:06+00:00\",\"description\":\"Rassegna Stampa Cattolica - Per una cultura che nasce dalla Rivelazione cristiana in conformit\u00e0 alla tradizione e al Magistero della Chiesa in opposizione ad ogni relativismo e totalitarismo\",\"breadcrumb\":{\"@id\":\"https:\\\/\\\/www.rassegnastampa-totustuus.it\\\/cattolica\\\/lo-squilibrio-dei-sessi-alla-nascita-nel-contesto-migratorio-anche-in-italia\\\/#breadcrumb\"},\"inLanguage\":\"it-IT\",\"potentialAction\":[{\"@type\":\"ReadAction\",\"target\":[\"https:\\\/\\\/www.rassegnastampa-totustuus.it\\\/cattolica\\\/lo-squilibrio-dei-sessi-alla-nascita-nel-contesto-migratorio-anche-in-italia\\\/\"]}]},{\"@type\":\"ImageObject\",\"inLanguage\":\"it-IT\",\"@id\":\"https:\\\/\\\/www.rassegnastampa-totustuus.it\\\/cattolica\\\/lo-squilibrio-dei-sessi-alla-nascita-nel-contesto-migratorio-anche-in-italia\\\/#primaryimage\",\"url\":\"https:\\\/\\\/www.rassegnastampa-totustuus.it\\\/cattolica\\\/wp-content\\\/uploads\\\/2017\\\/05\\\/bambini.jpg\",\"contentUrl\":\"https:\\\/\\\/www.rassegnastampa-totustuus.it\\\/cattolica\\\/wp-content\\\/uploads\\\/2017\\\/05\\\/bambini.jpg\",\"width\":300,\"height\":300},{\"@type\":\"BreadcrumbList\",\"@id\":\"https:\\\/\\\/www.rassegnastampa-totustuus.it\\\/cattolica\\\/lo-squilibrio-dei-sessi-alla-nascita-nel-contesto-migratorio-anche-in-italia\\\/#breadcrumb\",\"itemListElement\":[{\"@type\":\"ListItem\",\"position\":1,\"name\":\"Home\",\"item\":\"https:\\\/\\\/www.rassegnastampa-totustuus.it\\\/cattolica\\\/\"},{\"@type\":\"ListItem\",\"position\":2,\"name\":\"Lo squilibrio dei sessi alla nascita nel contesto migratorio. Anche in Italia\"}]},{\"@type\":\"WebSite\",\"@id\":\"https:\\\/\\\/www.rassegnastampa-totustuus.it\\\/cattolica\\\/#website\",\"url\":\"https:\\\/\\\/www.rassegnastampa-totustuus.it\\\/cattolica\\\/\",\"name\":\"Rassegna Stampa Cattolica\",\"description\":\"Per una cultura che nasce dalla Rivelazione cristiana in conformit\u00e0 alla tradizione e al Magistero della Chiesa in opposizione ad ogni relativismo e totalitarismo\",\"publisher\":{\"@id\":\"https:\\\/\\\/www.rassegnastampa-totustuus.it\\\/cattolica\\\/#organization\"},\"alternateName\":\"Rass. Cattolica\",\"potentialAction\":[{\"@type\":\"SearchAction\",\"target\":{\"@type\":\"EntryPoint\",\"urlTemplate\":\"https:\\\/\\\/www.rassegnastampa-totustuus.it\\\/cattolica\\\/?s={search_term_string}\"},\"query-input\":{\"@type\":\"PropertyValueSpecification\",\"valueRequired\":true,\"valueName\":\"search_term_string\"}}],\"inLanguage\":\"it-IT\"},{\"@type\":\"Organization\",\"@id\":\"https:\\\/\\\/www.rassegnastampa-totustuus.it\\\/cattolica\\\/#organization\",\"name\":\"Rassegna Stampa Cattolica\",\"url\":\"https:\\\/\\\/www.rassegnastampa-totustuus.it\\\/cattolica\\\/\",\"logo\":{\"@type\":\"ImageObject\",\"inLanguage\":\"it-IT\",\"@id\":\"https:\\\/\\\/www.rassegnastampa-totustuus.it\\\/cattolica\\\/#\\\/schema\\\/logo\\\/image\\\/\",\"url\":\"https:\\\/\\\/www.rassegnastampa-totustuus.it\\\/cattolica\\\/wp-content\\\/uploads\\\/2014\\\/04\\\/logo-rassegna1.gif\",\"contentUrl\":\"https:\\\/\\\/www.rassegnastampa-totustuus.it\\\/cattolica\\\/wp-content\\\/uploads\\\/2014\\\/04\\\/logo-rassegna1.gif\",\"width\":600,\"height\":163,\"caption\":\"Rassegna Stampa Cattolica\"},\"image\":{\"@id\":\"https:\\\/\\\/www.rassegnastampa-totustuus.it\\\/cattolica\\\/#\\\/schema\\\/logo\\\/image\\\/\"},\"sameAs\":[\"https:\\\/\\\/www.facebook.com\\\/rassegnastampacattolica\",\"https:\\\/\\\/x.com\\\/rassegnastampa9\"]},{\"@type\":\"Person\",\"@id\":\"https:\\\/\\\/www.rassegnastampa-totustuus.it\\\/cattolica\\\/#\\\/schema\\\/person\\\/08f319d2bd1a0904ad9e2bfb7b15e5c3\",\"name\":\"Redazione\",\"image\":{\"@type\":\"ImageObject\",\"inLanguage\":\"it-IT\",\"@id\":\"https:\\\/\\\/secure.gravatar.com\\\/avatar\\\/2fcdf27c78ea025fbdb44e914cc63c72249ffec9dc8aafd5c82b26240ef3f346?s=96&d=mm&r=g\",\"url\":\"https:\\\/\\\/secure.gravatar.com\\\/avatar\\\/2fcdf27c78ea025fbdb44e914cc63c72249ffec9dc8aafd5c82b26240ef3f346?s=96&d=mm&r=g\",\"contentUrl\":\"https:\\\/\\\/secure.gravatar.com\\\/avatar\\\/2fcdf27c78ea025fbdb44e914cc63c72249ffec9dc8aafd5c82b26240ef3f346?s=96&d=mm&r=g\",\"caption\":\"Redazione\"},\"url\":\"https:\\\/\\\/www.rassegnastampa-totustuus.it\\\/cattolica\\\/author\\\/pietroelle\\\/\"}]}<\/script>\n<!-- \/ Yoast SEO plugin. -->","yoast_head_json":{"title":"Lo squilibrio dei sessi alla nascita nel contesto migratorio. Anche in Italia - Rassegna Stampa Cattolica","description":"Rassegna Stampa Cattolica - Per una cultura che nasce dalla Rivelazione cristiana in conformit\u00e0 alla tradizione e al Magistero della Chiesa in opposizione ad ogni relativismo e totalitarismo","robots":{"index":"index","follow":"follow","max-snippet":"max-snippet:-1","max-image-preview":"max-image-preview:large","max-video-preview":"max-video-preview:-1"},"canonical":"https:\/\/www.rassegnastampa-totustuus.it\/cattolica\/lo-squilibrio-dei-sessi-alla-nascita-nel-contesto-migratorio-anche-in-italia\/","og_locale":"it_IT","og_type":"article","og_title":"Lo squilibrio dei sessi alla nascita nel contesto migratorio. Anche in Italia - Rassegna Stampa Cattolica","og_description":"Rassegna Stampa Cattolica - Per una cultura che nasce dalla Rivelazione cristiana in conformit\u00e0 alla tradizione e al Magistero della Chiesa in opposizione ad ogni relativismo e totalitarismo","og_url":"https:\/\/www.rassegnastampa-totustuus.it\/cattolica\/lo-squilibrio-dei-sessi-alla-nascita-nel-contesto-migratorio-anche-in-italia\/","og_site_name":"Rassegna Stampa Cattolica","article_publisher":"https:\/\/www.facebook.com\/rassegnastampacattolica","article_published_time":"2017-05-10T22:00:06+00:00","og_image":[{"width":300,"height":300,"url":"https:\/\/www.rassegnastampa-totustuus.it\/cattolica\/wp-content\/uploads\/2017\/05\/bambini.jpg","type":"image\/jpeg"}],"author":"Redazione","twitter_card":"summary_large_image","twitter_creator":"@rassegnastampa9","twitter_site":"@rassegnastampa9","twitter_misc":{"Scritto da":"Redazione","Tempo di lettura stimato":"4 minuti"},"schema":{"@context":"https:\/\/schema.org","@graph":[{"@type":"Article","@id":"https:\/\/www.rassegnastampa-totustuus.it\/cattolica\/lo-squilibrio-dei-sessi-alla-nascita-nel-contesto-migratorio-anche-in-italia\/#article","isPartOf":{"@id":"https:\/\/www.rassegnastampa-totustuus.it\/cattolica\/lo-squilibrio-dei-sessi-alla-nascita-nel-contesto-migratorio-anche-in-italia\/"},"author":{"name":"Redazione","@id":"https:\/\/www.rassegnastampa-totustuus.it\/cattolica\/#\/schema\/person\/08f319d2bd1a0904ad9e2bfb7b15e5c3"},"headline":"Lo squilibrio dei sessi alla nascita nel contesto migratorio. Anche in Italia","datePublished":"2017-05-10T22:00:06+00:00","mainEntityOfPage":{"@id":"https:\/\/www.rassegnastampa-totustuus.it\/cattolica\/lo-squilibrio-dei-sessi-alla-nascita-nel-contesto-migratorio-anche-in-italia\/"},"wordCount":766,"publisher":{"@id":"https:\/\/www.rassegnastampa-totustuus.it\/cattolica\/#organization"},"image":{"@id":"https:\/\/www.rassegnastampa-totustuus.it\/cattolica\/lo-squilibrio-dei-sessi-alla-nascita-nel-contesto-migratorio-anche-in-italia\/#primaryimage"},"thumbnailUrl":"https:\/\/www.rassegnastampa-totustuus.it\/cattolica\/wp-content\/uploads\/2017\/05\/bambini.jpg","keywords":["Aborto","diagnosi prenatale","femminicidio"],"articleSection":["Demografia","Immigrazione"],"inLanguage":"it-IT"},{"@type":"WebPage","@id":"https:\/\/www.rassegnastampa-totustuus.it\/cattolica\/lo-squilibrio-dei-sessi-alla-nascita-nel-contesto-migratorio-anche-in-italia\/","url":"https:\/\/www.rassegnastampa-totustuus.it\/cattolica\/lo-squilibrio-dei-sessi-alla-nascita-nel-contesto-migratorio-anche-in-italia\/","name":"Lo squilibrio dei sessi alla nascita nel contesto migratorio. Anche in Italia - Rassegna Stampa Cattolica","isPartOf":{"@id":"https:\/\/www.rassegnastampa-totustuus.it\/cattolica\/#website"},"primaryImageOfPage":{"@id":"https:\/\/www.rassegnastampa-totustuus.it\/cattolica\/lo-squilibrio-dei-sessi-alla-nascita-nel-contesto-migratorio-anche-in-italia\/#primaryimage"},"image":{"@id":"https:\/\/www.rassegnastampa-totustuus.it\/cattolica\/lo-squilibrio-dei-sessi-alla-nascita-nel-contesto-migratorio-anche-in-italia\/#primaryimage"},"thumbnailUrl":"https:\/\/www.rassegnastampa-totustuus.it\/cattolica\/wp-content\/uploads\/2017\/05\/bambini.jpg","datePublished":"2017-05-10T22:00:06+00:00","description":"Rassegna Stampa Cattolica - Per una cultura che nasce dalla Rivelazione cristiana in conformit\u00e0 alla tradizione e al Magistero della Chiesa in opposizione ad ogni relativismo e totalitarismo","breadcrumb":{"@id":"https:\/\/www.rassegnastampa-totustuus.it\/cattolica\/lo-squilibrio-dei-sessi-alla-nascita-nel-contesto-migratorio-anche-in-italia\/#breadcrumb"},"inLanguage":"it-IT","potentialAction":[{"@type":"ReadAction","target":["https:\/\/www.rassegnastampa-totustuus.it\/cattolica\/lo-squilibrio-dei-sessi-alla-nascita-nel-contesto-migratorio-anche-in-italia\/"]}]},{"@type":"ImageObject","inLanguage":"it-IT","@id":"https:\/\/www.rassegnastampa-totustuus.it\/cattolica\/lo-squilibrio-dei-sessi-alla-nascita-nel-contesto-migratorio-anche-in-italia\/#primaryimage","url":"https:\/\/www.rassegnastampa-totustuus.it\/cattolica\/wp-content\/uploads\/2017\/05\/bambini.jpg","contentUrl":"https:\/\/www.rassegnastampa-totustuus.it\/cattolica\/wp-content\/uploads\/2017\/05\/bambini.jpg","width":300,"height":300},{"@type":"BreadcrumbList","@id":"https:\/\/www.rassegnastampa-totustuus.it\/cattolica\/lo-squilibrio-dei-sessi-alla-nascita-nel-contesto-migratorio-anche-in-italia\/#breadcrumb","itemListElement":[{"@type":"ListItem","position":1,"name":"Home","item":"https:\/\/www.rassegnastampa-totustuus.it\/cattolica\/"},{"@type":"ListItem","position":2,"name":"Lo squilibrio dei sessi alla nascita nel contesto migratorio. Anche in Italia"}]},{"@type":"WebSite","@id":"https:\/\/www.rassegnastampa-totustuus.it\/cattolica\/#website","url":"https:\/\/www.rassegnastampa-totustuus.it\/cattolica\/","name":"Rassegna Stampa Cattolica","description":"Per una cultura che nasce dalla Rivelazione cristiana in conformit\u00e0 alla tradizione e al Magistero della Chiesa in opposizione ad ogni relativismo e totalitarismo","publisher":{"@id":"https:\/\/www.rassegnastampa-totustuus.it\/cattolica\/#organization"},"alternateName":"Rass. Cattolica","potentialAction":[{"@type":"SearchAction","target":{"@type":"EntryPoint","urlTemplate":"https:\/\/www.rassegnastampa-totustuus.it\/cattolica\/?s={search_term_string}"},"query-input":{"@type":"PropertyValueSpecification","valueRequired":true,"valueName":"search_term_string"}}],"inLanguage":"it-IT"},{"@type":"Organization","@id":"https:\/\/www.rassegnastampa-totustuus.it\/cattolica\/#organization","name":"Rassegna Stampa Cattolica","url":"https:\/\/www.rassegnastampa-totustuus.it\/cattolica\/","logo":{"@type":"ImageObject","inLanguage":"it-IT","@id":"https:\/\/www.rassegnastampa-totustuus.it\/cattolica\/#\/schema\/logo\/image\/","url":"https:\/\/www.rassegnastampa-totustuus.it\/cattolica\/wp-content\/uploads\/2014\/04\/logo-rassegna1.gif","contentUrl":"https:\/\/www.rassegnastampa-totustuus.it\/cattolica\/wp-content\/uploads\/2014\/04\/logo-rassegna1.gif","width":600,"height":163,"caption":"Rassegna Stampa Cattolica"},"image":{"@id":"https:\/\/www.rassegnastampa-totustuus.it\/cattolica\/#\/schema\/logo\/image\/"},"sameAs":["https:\/\/www.facebook.com\/rassegnastampacattolica","https:\/\/x.com\/rassegnastampa9"]},{"@type":"Person","@id":"https:\/\/www.rassegnastampa-totustuus.it\/cattolica\/#\/schema\/person\/08f319d2bd1a0904ad9e2bfb7b15e5c3","name":"Redazione","image":{"@type":"ImageObject","inLanguage":"it-IT","@id":"https:\/\/secure.gravatar.com\/avatar\/2fcdf27c78ea025fbdb44e914cc63c72249ffec9dc8aafd5c82b26240ef3f346?s=96&d=mm&r=g","url":"https:\/\/secure.gravatar.com\/avatar\/2fcdf27c78ea025fbdb44e914cc63c72249ffec9dc8aafd5c82b26240ef3f346?s=96&d=mm&r=g","contentUrl":"https:\/\/secure.gravatar.com\/avatar\/2fcdf27c78ea025fbdb44e914cc63c72249ffec9dc8aafd5c82b26240ef3f346?s=96&d=mm&r=g","caption":"Redazione"},"url":"https:\/\/www.rassegnastampa-totustuus.it\/cattolica\/author\/pietroelle\/"}]}},"_links":{"self":[{"href":"https:\/\/www.rassegnastampa-totustuus.it\/cattolica\/wp-json\/wp\/v2\/posts\/37684","targetHints":{"allow":["GET"]}}],"collection":[{"href":"https:\/\/www.rassegnastampa-totustuus.it\/cattolica\/wp-json\/wp\/v2\/posts"}],"about":[{"href":"https:\/\/www.rassegnastampa-totustuus.it\/cattolica\/wp-json\/wp\/v2\/types\/post"}],"author":[{"embeddable":true,"href":"https:\/\/www.rassegnastampa-totustuus.it\/cattolica\/wp-json\/wp\/v2\/users\/6"}],"replies":[{"embeddable":true,"href":"https:\/\/www.rassegnastampa-totustuus.it\/cattolica\/wp-json\/wp\/v2\/comments?post=37684"}],"version-history":[{"count":1,"href":"https:\/\/www.rassegnastampa-totustuus.it\/cattolica\/wp-json\/wp\/v2\/posts\/37684\/revisions"}],"predecessor-version":[{"id":37689,"href":"https:\/\/www.rassegnastampa-totustuus.it\/cattolica\/wp-json\/wp\/v2\/posts\/37684\/revisions\/37689"}],"wp:featuredmedia":[{"embeddable":true,"href":"https:\/\/www.rassegnastampa-totustuus.it\/cattolica\/wp-json\/wp\/v2\/media\/37685"}],"wp:attachment":[{"href":"https:\/\/www.rassegnastampa-totustuus.it\/cattolica\/wp-json\/wp\/v2\/media?parent=37684"}],"wp:term":[{"taxonomy":"category","embeddable":true,"href":"https:\/\/www.rassegnastampa-totustuus.it\/cattolica\/wp-json\/wp\/v2\/categories?post=37684"},{"taxonomy":"post_tag","embeddable":true,"href":"https:\/\/www.rassegnastampa-totustuus.it\/cattolica\/wp-json\/wp\/v2\/tags?post=37684"}],"curies":[{"name":"wp","href":"https:\/\/api.w.org\/{rel}","templated":true}]}}