{"id":3768,"date":"2010-04-01T09:31:12","date_gmt":"2010-04-01T07:31:12","guid":{"rendered":""},"modified":"2016-06-09T17:33:53","modified_gmt":"2016-06-09T15:33:53","slug":"il-problema-della-pedofilia-nella-chiesa","status":"publish","type":"post","link":"https:\/\/www.rassegnastampa-totustuus.it\/cattolica\/il-problema-della-pedofilia-nella-chiesa\/","title":{"rendered":"Il problema della pedofilia nella Chiesa"},"content":{"rendered":"<div align=\"center\">\n<p>\u201cUniversit\u00e0 di Casa Famiglia\u201d &#8211; Carnago (Varese)<br \/>\na.a. 2009-2010<\/p>\n<p>Questioni di attualit\u00e0 storico-religiosa<\/p>\n<p>di <strong>Andrea Menegotto\u00a0<\/strong><\/p>\n<p><strong><img loading=\"lazy\" decoding=\"async\" class=\"aligncenter wp-image-34495\" src=\"https:\/\/www.rassegnastampa-totustuus.it\/cattolica\/wp-content\/uploads\/2010\/04\/preti_pedofili.jpg\" alt=\"preti_pedofili\" width=\"250\" height=\"185\" \/><\/strong><br \/>\nIl \u00abpanico morale\u00bb riguardante i preti pedofili\u00a0\u00a0e la <em>\u00abLettera ai cattolici dell\u2019Irlanda\u00bb <\/em><\/p>\n<p>di Papa Benedetto XVI<\/p>\n<div align=\"center\">(26 marzo 2010)<\/div>\n<\/div>\n<p><!--more--><\/p>\n<div align=\"center\"><strong>1. IL PROBLEMA DELLA PEDOFILIA NELLA CHIESA<br \/>\n<\/strong><\/div>\n<div align=\"justify\">\n<ul>\n<li>Un problema che <em>\u00abnon \u00e8 specifico n\u00e9 dell\u2019Irlanda n\u00e9 della Chiesa\u00bb <\/em>(<em>\u00abLettera ai cattolici dell\u2019Irlanda\u00bb<\/em>)<\/li>\n<li>Chiesa ferita e disorientata, <em>\u00abcrimini abnormi\u00bb<\/em>, <em>\u00abvergogna e disonore\u00bb<\/em>, violazione della dignit\u00e0 delle vittime, colpo inferto alla Chiesa <em>\u00aba un punto tale cui non erano giunti neppure secoli di persecuzione<\/em><\/li>\n<li>Mancata applicazione del Diritto Canonico, al contrario di quanto vorrebbe la stampa laicista che attribuisce grossolanamente ad alcune norme del Diritto Canonico una leggerezza nel condannare gli abusi (la scomunica nell\u2019Istruzione <em>Crimen sollicitationis<\/em> del 1962 [riedizione del 1922] era per chi non denunciava gli abusi, non per chi li denunciava).<\/li>\n<li>Trascuratezza della vita spirituale dei sacerdoti<\/li>\n<\/ul>\n<\/div>\n<div align=\"center\"><strong>2. PRETI PEDOFILI: UN PANICO MORALE <\/strong><\/div>\n<div align=\"justify\">\n<p><strong>(a) Il concetto di \u00abpanico morale\u00bb<\/strong> [Philip Jenkins]<\/p>\n<p>Il concetto \u00e8 nato negli anni 1970 per spiegare come alcuni problemi siano oggetto di una \u00abipercostruzione sociale\u00bb. Caratteristiche principali:<\/p>\n<p>&#8211; problemi socialmente costruiti, caratterizzati da una amplificazione sistematica dei dati reali, sia nella rappresentazione mediatica sia nella discussione politica<br \/>\n&#8211; problemi sociali che esistono da decenni sono ricostruiti nelle narrative mediatiche e politiche come \u00abnuovi\u00bb, o come oggetto di una presunta e drammatica crescita recente<br \/>\n&#8211; la loro incidenza \u00e8 esagerata da statistiche folkloriche che, bench\u00e9 non confermate da studi accademici, sono ripetute da un mezzo di comunicazione all&#8217;altro e possono ispirare campagne mediatiche persistenti<br \/>\n&#8211; \u00a0fondamentale il ruolo nella creazione e gestione dei panici di \u00abimprenditori morali\u00bb le cui agende non sono sempre dichiarate.<\/p>\n<p><strong>(b) Un problema comunque reale<br \/>\n<\/strong><\/p>\n<\/div>\n<div align=\"center\"><\/div>\n<div align=\"center\">\n<div align=\"justify\">\n<ul>\n<li>\n<div>Intediamoci: <strong>i panici morali hanno ai loro inizi condizioni obiettive e pericoli reali. Non inventano l\u2019esistenza di un problema, ma ne esagerano le dimensioni statistiche<\/strong><\/div>\n<\/li>\n<li>\n<div>\u00a0Infatti, esistono preti pedofili e se anche ci fossero soltanto due casi, sarebbero due casi di troppo. Alcuni casi sono insieme sconvolgenti e disgustosi, hanno portato a condanne definitive e gli stessi accusati non si sono mai proclamati innocenti. Questi casi \u2013 negli Stati Uniti, in Irlanda, in Australia \u2013 spiegano le severe parole del Papa e la sua richiesta di perdono alle vittime<\/div>\n<\/li>\n<\/ul>\n<\/div>\n<\/div>\n<div align=\"justify\"><strong>(c) Le dimensioni reali del problema<\/strong><\/div>\n<div align=\"justify\">\n<ul>\n<li>\n<div align=\"justify\">USA &#8211; Il 4% dei sacerdoti americani sono \u00abpedofili\u00bb, come spesso affermano i mass-media? Niente affatto: il 78,2% delle <u>accuse<\/u> si riferisce a minorenni che hanno superato la pubert\u00e0. Avere rapporti sessuali con una diciassettenne non \u00e8 certamente una bella cosa, tanto meno per un prete, ma non si tratta di pedofilia.<br \/>\n1950-2002 (studio Jay College)<br \/>\n&#8211; totale preti cattolici: oltre 109.000 &#8211;\u00a0preti accusati: 958 (media: 18\/anno)<\/div>\n<\/li>\n<li>\n<div align=\"justify\">&#8211; preti condannati: 54 (media: 1\/anno)<\/div>\n<\/li>\n<li>\n<div align=\"justify\">IRLANDA (Rapporto Ryan, 2009)<br \/>\n&#8211; totale allievi di collegi: 25.000<br \/>\n&#8211; accuse di abusi sessuali da parte di ragazzi: 253<br \/>\n&#8211; accuse di abusi sessuali da parte di ragazze: 128<br \/>\nnon tutte da parte di sacerdoti o religiosi e poche condanne<\/div>\n<\/li>\n<\/ul>\n<\/div>\n<div><strong>(d) Celibato sacerdotale e pedofilia<\/strong><\/div>\n<div align=\"justify\">\n<ul>\n<li>\n<div align=\"justify\">\u00a0USA &#8211; la presenza di pedofili \u00e8 \u2013 a seconda delle denominazioni \u2013 <u>da due a dieci volte<\/u> pi\u00f9 alta tra i pastori protestanti rispetto ai preti cattolici<\/div>\n<\/li>\n<li>\n<div align=\"justify\">numero professori di ginnastica e allenatori di squadre sportive giovanili\u00a0 giudicato colpevole per il reato di abusi su minori dai tribunali statunitensi sfiora i 6.000 in un periodo in cui si contano circa 100 condanne per lo stesso reato a carico di sacerdoti cattolici<\/div>\n<\/li>\n<\/ul>\n<\/div>\n<div align=\"center\"><strong>Il problema non \u00e8 il celibato,<\/strong><\/div>\n<div>\n<p>la maggior parte dei pastori protestanti \u00e8 sposata, cos\u00ec come professori di ginnastica e allenatori<\/p>\n<p><strong>(e) Omosessualit\u00e0 e pedofilia<\/strong><\/p>\n<p>Per oltre l\u201980% i pedofili sono omosessuali, maschi che abusano di altri maschi<\/p>\n<p>Oltre il 90% dei sacerdoti cattolici condannati per abusi sessuali su minori e pedofilia \u00e8 omosessuale.<\/p>\n<div align=\"justify\"><strong>Se nella Chiesa Cattolica c\u2019\u00e8 stato effettivamente un problema, questo non \u00e8 stato il celibato, ma una certa tolleranza dell\u2019omosessualit\u00e0 nei seminari particolarmente negli anni 1970, quando \u00e8 stata ordinata la grande maggioranza di sacerdoti poi condannati per gli abusi.<br \/>\n<\/strong><\/div>\n<div>\n<p><strong>(f) Gli \u00abimprenditori morali\u00bb<\/strong><\/p>\n<p>Perch\u00e9 riesumare nel 2010 casi vecchi o molto spesso gi\u00e0 noti, al ritmo di uno al giorno, attaccando sempre pi\u00f9 direttamente il Papa?<\/p>\n<div align=\"justify\">Qualche manovra per mettere a tacere la voce della Chiesa, che \u00e8 una voce scomoda, quando si leva a difesa della vita, della famiglia, dei diritti delle persone, in effetti, appare innegabile.<\/div>\n<\/div>\n<\/div>\n<div align=\"justify\">Giovanni Paolo II: <em>\u00abdisegni nascosti\u00bb<\/em>, accanto ad altri <em>\u00abapertamente propagandati\u00bb<\/em>, <em>\u00abmiranti a soggiogare tutti i popoli a regimi in cui Dio non conta\u00bb<\/em> (<em>Messaggio per la Giornata Mondiale della Pace del 1985<\/em> dell\u2019 8-12-1984)<\/div>\n<div><\/div>\n<div align=\"justify\"><strong>3. LE CAUSE DEL PROBLEMA <\/strong><\/div>\n<div align=\"justify\"><strong>(a) Scristianizzazione <\/strong><\/div>\n<div align=\"justify\">\n<ul>\n<li>\n<div align=\"justify\"><em>\u00abindebolimento della fede\u00bb<\/em><\/div>\n<\/li>\n<li>\n<div align=\"justify\"><em>\u00abtendenza, anche da parte di sacerdoti e religiosi, di adottare modi di pensiero e di giudizio delle realt\u00e0 secolari senza sufficiente riferimento al Vangelo\u00bb<\/em><\/div>\n<\/li>\n<li>\n<div align=\"justify\"><em>\u00abMolto sovente le pratiche sacramentali e devozionali che sostengono la fede e la rendono capace di crescere, come ad esempio la frequente confessione, la preghiera quotidiana e i ritiri annuali <\/em>[furono] <em>disattese\u00bb <\/em><\/div>\n<\/li>\n<li>\n<div align=\"justify\"><em>\u00abperdita del rispetto per la Chiesa e per i suoi insegnamenti\u00bb<\/em><strong>\u00a0<\/strong><\/div>\n<\/li>\n<\/ul>\n<\/div>\n<div align=\"justify\"><strong>(b) Fraintendimento del Concilio Vaticano II<\/strong><\/div>\n<div align=\"justify\">\n<ul>\n<li>\n<div align=\"justify\"><em>\u00abIl programma di rinnovamento proposto dal Concilio Vaticano Secondo fu a volte frainteso\u00bb<\/em><\/div>\n<\/li>\n<li>\n<div align=\"justify\">Ermeneutica della discontinuit\u00e0 e della rottura<\/div>\n<\/li>\n<\/ul>\n<\/div>\n<div><strong>(c) Secolarizzazione dei comportamenti<\/strong><\/div>\n<div align=\"justify\">\n<ul>\n<li>\n<div align=\"justify\">La grande maggioranza delle persone si dichiara ancora credente, ma in alcuni Paesi il numero di praticanti cattolici e protestanti \u00e8 sceso in modo particolarmente drastico negli ultimi cinquant\u2019anni<\/div>\n<\/li>\n<li>\n<div align=\"justify\">Dal divorzio all\u2019aborto e all\u2019omosessualit\u00e0 la societ\u00e0 e le leggi tengono sempre meno conto dei precetti delle Chiese<\/div>\n<\/li>\n<\/ul>\n<div align=\"center\"><strong>Inizio del dissenso: 1968<\/strong><\/div>\n<p>C\u2019\u00e8 stato del resto un Sessantotto nella societ\u00e0 e anche un Sessantotto nella Chiesa: proprio il 1968 \u00e8 l\u2019anno del dissenso pubblico contro l\u2019enciclica <em>Humanae Vitae <\/em>di Paolo VI<\/p>\n<p>Punto di non ritorno nella crisi del principio di autorit\u00e0 nella Chiesa Cattolica<\/p>\n<p>Negli anni 1960 ci fu un\u2019autentica rivoluzione, che assest\u00f2 un colpo durissimo alla <em>\u00abtradizionale adesione del popolo all\u2019insegnamento e ai valori cattolici\u00bb <\/em>(Plinio Corr\u00eaa de Oliveira: <strong>Quarta Rivoluzione<\/strong>, <em>in interiore homine<\/em>)<\/p>\n<p>Essa contagi\u00f2 <em>\u00abanche sacerdoti e religiosi\u00bb<\/em>, determin\u00f2 fraintendimenti nell\u2019interpretazione del Concilio, caus\u00f2 <em>\u00abinsufficiente formazione, umana, morale e spirituale nei seminari e nei noviziati\u00bb<br \/>\n<\/em><strong><br \/>\n<\/strong><\/p>\n<div align=\"center\"><strong>4. I RIMEDI <\/strong><\/p>\n<div>\n<div align=\"justify\">Massimo Introvigne: <em>\u00abIn questo clima certamente non tutti i sacerdoti insufficientemente formati o contagiati dal clima successivo agli anni Sessanta, e nemmeno una loro percentuale significativa, divennero pedofili: sappiamo dalle statistiche che il numero reale dei preti pedofili \u00e8 molto inferiore a quello proposto da certi media. E tuttavia questo numero non \u00e8 uguale \u2013 come tutti vorremmo \u2013 a zero, e giustifica le severissime parole del Papa. Ma lo studio della \u201cQuarta Rivoluzione\u201d degli anni 1960, e del 1968, \u00e8 cruciale per capire quanto \u00e8 successo dopo, pedofilia compresa. E per trovare rimedi reali. Se questa rivoluzione, a differenza delle precedenti, \u00e8 morale e spirituale e tocca l\u2019interiorit\u00e0 dell\u2019uomo, <strong>solo dalla restaurazione della moralit\u00e0, della vita spirituale e di una verit\u00e0 integrale sulla persona umana potranno ultimamente venire i rimedi.<\/strong> <\/em><em>Ma per questo i sociologi, come sempre, non bastano: <strong>occorrono i padri e i maestri, gli educatori e i santi. E abbiamo tutti molto bisogno del Papa: di questo Papa<\/strong>, che ancora una volta \u2013 per riprendere il titolo della sua ultima enciclica \u2013 dice la verit\u00e0 nella carit\u00e0 e pratica la carit\u00e0 nella verit\u00e0\u00bb<\/em> <em>(La \u00abLettera ai cattolici dell\u2019Irlanda\u00bb. Il Papa e la rivoluzione culturale degli anni 1960<\/em>, disponibile all\u2019URL <u><u><a href=\"http:\/\/www.cesnur.org\/2010\/mi_papa_irlanda.html\" target=\"_blank\">http:\/\/www.cesnur.org\/2010\/mi_papa_irlanda.html<\/a><\/u><\/u><\/div>\n<\/div>\n<\/div>\n<\/div>\n","protected":false},"excerpt":{"rendered":"<p>\u201cUniversit\u00e0 di Casa Famiglia\u201d &#8211; Carnago (Varese) a.a. 2009-2010 Questioni di attualit\u00e0 storico-religiosa di Andrea Menegotto\u00a0 Il \u00abpanico morale\u00bb riguardante i preti pedofili\u00a0\u00a0e la \u00abLettera ai cattolici dell\u2019Irlanda\u00bb di Papa Benedetto XVI (26 marzo 2010)<\/p><p><a class=\"more-link btn\" href=\"https:\/\/www.rassegnastampa-totustuus.it\/cattolica\/il-problema-della-pedofilia-nella-chiesa\/\">Continua a leggere<\/a><\/p>\n","protected":false},"author":6,"featured_media":34495,"comment_status":"closed","ping_status":"open","sticky":false,"template":"","format":"standard","meta":{"footnotes":""},"categories":[5],"tags":[454,597],"class_list":["post-3768","post","type-post","status-publish","format-standard","has-post-thumbnail","hentry","category-chiesa","tag-pedofilia","tag-preti-pedofili","item-wrap"],"yoast_head":"<!-- This site is optimized with the Yoast SEO plugin v27.5 - https:\/\/yoast.com\/product\/yoast-seo-wordpress\/ -->\n<title>Il problema della pedofilia nella Chiesa - Rassegna Stampa Cattolica<\/title>\n<meta name=\"description\" content=\"Rassegna Stampa Cattolica - Per una cultura che nasce dalla Rivelazione cristiana in conformit\u00e0 alla tradizione e al Magistero della Chiesa in opposizione ad ogni relativismo e totalitarismo\" \/>\n<meta name=\"robots\" content=\"index, follow, max-snippet:-1, max-image-preview:large, max-video-preview:-1\" \/>\n<link rel=\"canonical\" href=\"https:\/\/www.rassegnastampa-totustuus.it\/cattolica\/il-problema-della-pedofilia-nella-chiesa\/\" \/>\n<meta property=\"og:locale\" content=\"it_IT\" \/>\n<meta property=\"og:type\" content=\"article\" \/>\n<meta property=\"og:title\" content=\"Il problema della pedofilia nella Chiesa - Rassegna Stampa Cattolica\" \/>\n<meta property=\"og:description\" content=\"Rassegna Stampa Cattolica - Per una cultura che nasce dalla Rivelazione cristiana in conformit\u00e0 alla tradizione e al Magistero della Chiesa in opposizione ad ogni relativismo e totalitarismo\" \/>\n<meta property=\"og:url\" content=\"https:\/\/www.rassegnastampa-totustuus.it\/cattolica\/il-problema-della-pedofilia-nella-chiesa\/\" \/>\n<meta property=\"og:site_name\" content=\"Rassegna Stampa Cattolica\" \/>\n<meta property=\"article:publisher\" content=\"https:\/\/www.facebook.com\/rassegnastampacattolica\" \/>\n<meta property=\"article:published_time\" content=\"2010-04-01T07:31:12+00:00\" \/>\n<meta property=\"article:modified_time\" content=\"2016-06-09T15:33:53+00:00\" \/>\n<meta property=\"og:image\" content=\"https:\/\/www.rassegnastampa-totustuus.it\/cattolica\/wp-content\/uploads\/2010\/04\/preti_pedofili.jpg\" \/>\n\t<meta property=\"og:image:width\" content=\"261\" \/>\n\t<meta property=\"og:image:height\" content=\"193\" \/>\n\t<meta property=\"og:image:type\" content=\"image\/jpeg\" \/>\n<meta name=\"author\" content=\"Redazione\" \/>\n<meta name=\"twitter:card\" content=\"summary_large_image\" \/>\n<meta name=\"twitter:creator\" content=\"@rassegnastampa9\" \/>\n<meta name=\"twitter:site\" content=\"@rassegnastampa9\" \/>\n<meta name=\"twitter:label1\" content=\"Scritto da\" \/>\n\t<meta name=\"twitter:data1\" content=\"Redazione\" \/>\n\t<meta name=\"twitter:label2\" content=\"Tempo di lettura stimato\" \/>\n\t<meta name=\"twitter:data2\" content=\"6 minuti\" \/>\n<script type=\"application\/ld+json\" class=\"yoast-schema-graph\">{\"@context\":\"https:\\\/\\\/schema.org\",\"@graph\":[{\"@type\":\"Article\",\"@id\":\"https:\\\/\\\/www.rassegnastampa-totustuus.it\\\/cattolica\\\/il-problema-della-pedofilia-nella-chiesa\\\/#article\",\"isPartOf\":{\"@id\":\"https:\\\/\\\/www.rassegnastampa-totustuus.it\\\/cattolica\\\/il-problema-della-pedofilia-nella-chiesa\\\/\"},\"author\":{\"name\":\"Redazione\",\"@id\":\"https:\\\/\\\/www.rassegnastampa-totustuus.it\\\/cattolica\\\/#\\\/schema\\\/person\\\/08f319d2bd1a0904ad9e2bfb7b15e5c3\"},\"headline\":\"Il problema della pedofilia nella Chiesa\",\"datePublished\":\"2010-04-01T07:31:12+00:00\",\"dateModified\":\"2016-06-09T15:33:53+00:00\",\"mainEntityOfPage\":{\"@id\":\"https:\\\/\\\/www.rassegnastampa-totustuus.it\\\/cattolica\\\/il-problema-della-pedofilia-nella-chiesa\\\/\"},\"wordCount\":1191,\"publisher\":{\"@id\":\"https:\\\/\\\/www.rassegnastampa-totustuus.it\\\/cattolica\\\/#organization\"},\"image\":{\"@id\":\"https:\\\/\\\/www.rassegnastampa-totustuus.it\\\/cattolica\\\/il-problema-della-pedofilia-nella-chiesa\\\/#primaryimage\"},\"thumbnailUrl\":\"https:\\\/\\\/www.rassegnastampa-totustuus.it\\\/cattolica\\\/wp-content\\\/uploads\\\/2010\\\/04\\\/preti_pedofili.jpg\",\"keywords\":[\"pedofilia\",\"preti pedofili\"],\"articleSection\":[\"Chiesa\"],\"inLanguage\":\"it-IT\"},{\"@type\":\"WebPage\",\"@id\":\"https:\\\/\\\/www.rassegnastampa-totustuus.it\\\/cattolica\\\/il-problema-della-pedofilia-nella-chiesa\\\/\",\"url\":\"https:\\\/\\\/www.rassegnastampa-totustuus.it\\\/cattolica\\\/il-problema-della-pedofilia-nella-chiesa\\\/\",\"name\":\"Il problema della pedofilia nella Chiesa - Rassegna Stampa Cattolica\",\"isPartOf\":{\"@id\":\"https:\\\/\\\/www.rassegnastampa-totustuus.it\\\/cattolica\\\/#website\"},\"primaryImageOfPage\":{\"@id\":\"https:\\\/\\\/www.rassegnastampa-totustuus.it\\\/cattolica\\\/il-problema-della-pedofilia-nella-chiesa\\\/#primaryimage\"},\"image\":{\"@id\":\"https:\\\/\\\/www.rassegnastampa-totustuus.it\\\/cattolica\\\/il-problema-della-pedofilia-nella-chiesa\\\/#primaryimage\"},\"thumbnailUrl\":\"https:\\\/\\\/www.rassegnastampa-totustuus.it\\\/cattolica\\\/wp-content\\\/uploads\\\/2010\\\/04\\\/preti_pedofili.jpg\",\"datePublished\":\"2010-04-01T07:31:12+00:00\",\"dateModified\":\"2016-06-09T15:33:53+00:00\",\"description\":\"Rassegna Stampa Cattolica - Per una cultura che nasce dalla Rivelazione cristiana in conformit\u00e0 alla tradizione e al Magistero della Chiesa in opposizione ad ogni relativismo e totalitarismo\",\"breadcrumb\":{\"@id\":\"https:\\\/\\\/www.rassegnastampa-totustuus.it\\\/cattolica\\\/il-problema-della-pedofilia-nella-chiesa\\\/#breadcrumb\"},\"inLanguage\":\"it-IT\",\"potentialAction\":[{\"@type\":\"ReadAction\",\"target\":[\"https:\\\/\\\/www.rassegnastampa-totustuus.it\\\/cattolica\\\/il-problema-della-pedofilia-nella-chiesa\\\/\"]}]},{\"@type\":\"ImageObject\",\"inLanguage\":\"it-IT\",\"@id\":\"https:\\\/\\\/www.rassegnastampa-totustuus.it\\\/cattolica\\\/il-problema-della-pedofilia-nella-chiesa\\\/#primaryimage\",\"url\":\"https:\\\/\\\/www.rassegnastampa-totustuus.it\\\/cattolica\\\/wp-content\\\/uploads\\\/2010\\\/04\\\/preti_pedofili.jpg\",\"contentUrl\":\"https:\\\/\\\/www.rassegnastampa-totustuus.it\\\/cattolica\\\/wp-content\\\/uploads\\\/2010\\\/04\\\/preti_pedofili.jpg\",\"width\":261,\"height\":193},{\"@type\":\"BreadcrumbList\",\"@id\":\"https:\\\/\\\/www.rassegnastampa-totustuus.it\\\/cattolica\\\/il-problema-della-pedofilia-nella-chiesa\\\/#breadcrumb\",\"itemListElement\":[{\"@type\":\"ListItem\",\"position\":1,\"name\":\"Home\",\"item\":\"https:\\\/\\\/www.rassegnastampa-totustuus.it\\\/cattolica\\\/\"},{\"@type\":\"ListItem\",\"position\":2,\"name\":\"Il problema della pedofilia nella Chiesa\"}]},{\"@type\":\"WebSite\",\"@id\":\"https:\\\/\\\/www.rassegnastampa-totustuus.it\\\/cattolica\\\/#website\",\"url\":\"https:\\\/\\\/www.rassegnastampa-totustuus.it\\\/cattolica\\\/\",\"name\":\"Rassegna Stampa Cattolica\",\"description\":\"Per una cultura che nasce dalla Rivelazione cristiana in conformit\u00e0 alla tradizione e al Magistero della Chiesa in opposizione ad ogni relativismo e totalitarismo\",\"publisher\":{\"@id\":\"https:\\\/\\\/www.rassegnastampa-totustuus.it\\\/cattolica\\\/#organization\"},\"alternateName\":\"Rass. Cattolica\",\"potentialAction\":[{\"@type\":\"SearchAction\",\"target\":{\"@type\":\"EntryPoint\",\"urlTemplate\":\"https:\\\/\\\/www.rassegnastampa-totustuus.it\\\/cattolica\\\/?s={search_term_string}\"},\"query-input\":{\"@type\":\"PropertyValueSpecification\",\"valueRequired\":true,\"valueName\":\"search_term_string\"}}],\"inLanguage\":\"it-IT\"},{\"@type\":\"Organization\",\"@id\":\"https:\\\/\\\/www.rassegnastampa-totustuus.it\\\/cattolica\\\/#organization\",\"name\":\"Rassegna Stampa Cattolica\",\"url\":\"https:\\\/\\\/www.rassegnastampa-totustuus.it\\\/cattolica\\\/\",\"logo\":{\"@type\":\"ImageObject\",\"inLanguage\":\"it-IT\",\"@id\":\"https:\\\/\\\/www.rassegnastampa-totustuus.it\\\/cattolica\\\/#\\\/schema\\\/logo\\\/image\\\/\",\"url\":\"https:\\\/\\\/www.rassegnastampa-totustuus.it\\\/cattolica\\\/wp-content\\\/uploads\\\/2014\\\/04\\\/logo-rassegna1.gif\",\"contentUrl\":\"https:\\\/\\\/www.rassegnastampa-totustuus.it\\\/cattolica\\\/wp-content\\\/uploads\\\/2014\\\/04\\\/logo-rassegna1.gif\",\"width\":600,\"height\":163,\"caption\":\"Rassegna Stampa Cattolica\"},\"image\":{\"@id\":\"https:\\\/\\\/www.rassegnastampa-totustuus.it\\\/cattolica\\\/#\\\/schema\\\/logo\\\/image\\\/\"},\"sameAs\":[\"https:\\\/\\\/www.facebook.com\\\/rassegnastampacattolica\",\"https:\\\/\\\/x.com\\\/rassegnastampa9\"]},{\"@type\":\"Person\",\"@id\":\"https:\\\/\\\/www.rassegnastampa-totustuus.it\\\/cattolica\\\/#\\\/schema\\\/person\\\/08f319d2bd1a0904ad9e2bfb7b15e5c3\",\"name\":\"Redazione\",\"image\":{\"@type\":\"ImageObject\",\"inLanguage\":\"it-IT\",\"@id\":\"https:\\\/\\\/secure.gravatar.com\\\/avatar\\\/2fcdf27c78ea025fbdb44e914cc63c72249ffec9dc8aafd5c82b26240ef3f346?s=96&d=mm&r=g\",\"url\":\"https:\\\/\\\/secure.gravatar.com\\\/avatar\\\/2fcdf27c78ea025fbdb44e914cc63c72249ffec9dc8aafd5c82b26240ef3f346?s=96&d=mm&r=g\",\"contentUrl\":\"https:\\\/\\\/secure.gravatar.com\\\/avatar\\\/2fcdf27c78ea025fbdb44e914cc63c72249ffec9dc8aafd5c82b26240ef3f346?s=96&d=mm&r=g\",\"caption\":\"Redazione\"},\"url\":\"https:\\\/\\\/www.rassegnastampa-totustuus.it\\\/cattolica\\\/author\\\/pietroelle\\\/\"}]}<\/script>\n<!-- \/ Yoast SEO plugin. -->","yoast_head_json":{"title":"Il problema della pedofilia nella Chiesa - Rassegna Stampa Cattolica","description":"Rassegna Stampa Cattolica - Per una cultura che nasce dalla Rivelazione cristiana in conformit\u00e0 alla tradizione e al Magistero della Chiesa in opposizione ad ogni relativismo e totalitarismo","robots":{"index":"index","follow":"follow","max-snippet":"max-snippet:-1","max-image-preview":"max-image-preview:large","max-video-preview":"max-video-preview:-1"},"canonical":"https:\/\/www.rassegnastampa-totustuus.it\/cattolica\/il-problema-della-pedofilia-nella-chiesa\/","og_locale":"it_IT","og_type":"article","og_title":"Il problema della pedofilia nella Chiesa - Rassegna Stampa Cattolica","og_description":"Rassegna Stampa Cattolica - Per una cultura che nasce dalla Rivelazione cristiana in conformit\u00e0 alla tradizione e al Magistero della Chiesa in opposizione ad ogni relativismo e totalitarismo","og_url":"https:\/\/www.rassegnastampa-totustuus.it\/cattolica\/il-problema-della-pedofilia-nella-chiesa\/","og_site_name":"Rassegna Stampa Cattolica","article_publisher":"https:\/\/www.facebook.com\/rassegnastampacattolica","article_published_time":"2010-04-01T07:31:12+00:00","article_modified_time":"2016-06-09T15:33:53+00:00","og_image":[{"width":261,"height":193,"url":"https:\/\/www.rassegnastampa-totustuus.it\/cattolica\/wp-content\/uploads\/2010\/04\/preti_pedofili.jpg","type":"image\/jpeg"}],"author":"Redazione","twitter_card":"summary_large_image","twitter_creator":"@rassegnastampa9","twitter_site":"@rassegnastampa9","twitter_misc":{"Scritto da":"Redazione","Tempo di lettura stimato":"6 minuti"},"schema":{"@context":"https:\/\/schema.org","@graph":[{"@type":"Article","@id":"https:\/\/www.rassegnastampa-totustuus.it\/cattolica\/il-problema-della-pedofilia-nella-chiesa\/#article","isPartOf":{"@id":"https:\/\/www.rassegnastampa-totustuus.it\/cattolica\/il-problema-della-pedofilia-nella-chiesa\/"},"author":{"name":"Redazione","@id":"https:\/\/www.rassegnastampa-totustuus.it\/cattolica\/#\/schema\/person\/08f319d2bd1a0904ad9e2bfb7b15e5c3"},"headline":"Il problema della pedofilia nella Chiesa","datePublished":"2010-04-01T07:31:12+00:00","dateModified":"2016-06-09T15:33:53+00:00","mainEntityOfPage":{"@id":"https:\/\/www.rassegnastampa-totustuus.it\/cattolica\/il-problema-della-pedofilia-nella-chiesa\/"},"wordCount":1191,"publisher":{"@id":"https:\/\/www.rassegnastampa-totustuus.it\/cattolica\/#organization"},"image":{"@id":"https:\/\/www.rassegnastampa-totustuus.it\/cattolica\/il-problema-della-pedofilia-nella-chiesa\/#primaryimage"},"thumbnailUrl":"https:\/\/www.rassegnastampa-totustuus.it\/cattolica\/wp-content\/uploads\/2010\/04\/preti_pedofili.jpg","keywords":["pedofilia","preti pedofili"],"articleSection":["Chiesa"],"inLanguage":"it-IT"},{"@type":"WebPage","@id":"https:\/\/www.rassegnastampa-totustuus.it\/cattolica\/il-problema-della-pedofilia-nella-chiesa\/","url":"https:\/\/www.rassegnastampa-totustuus.it\/cattolica\/il-problema-della-pedofilia-nella-chiesa\/","name":"Il problema della pedofilia nella Chiesa - Rassegna Stampa Cattolica","isPartOf":{"@id":"https:\/\/www.rassegnastampa-totustuus.it\/cattolica\/#website"},"primaryImageOfPage":{"@id":"https:\/\/www.rassegnastampa-totustuus.it\/cattolica\/il-problema-della-pedofilia-nella-chiesa\/#primaryimage"},"image":{"@id":"https:\/\/www.rassegnastampa-totustuus.it\/cattolica\/il-problema-della-pedofilia-nella-chiesa\/#primaryimage"},"thumbnailUrl":"https:\/\/www.rassegnastampa-totustuus.it\/cattolica\/wp-content\/uploads\/2010\/04\/preti_pedofili.jpg","datePublished":"2010-04-01T07:31:12+00:00","dateModified":"2016-06-09T15:33:53+00:00","description":"Rassegna Stampa Cattolica - Per una cultura che nasce dalla Rivelazione cristiana in conformit\u00e0 alla tradizione e al Magistero della Chiesa in opposizione ad ogni relativismo e totalitarismo","breadcrumb":{"@id":"https:\/\/www.rassegnastampa-totustuus.it\/cattolica\/il-problema-della-pedofilia-nella-chiesa\/#breadcrumb"},"inLanguage":"it-IT","potentialAction":[{"@type":"ReadAction","target":["https:\/\/www.rassegnastampa-totustuus.it\/cattolica\/il-problema-della-pedofilia-nella-chiesa\/"]}]},{"@type":"ImageObject","inLanguage":"it-IT","@id":"https:\/\/www.rassegnastampa-totustuus.it\/cattolica\/il-problema-della-pedofilia-nella-chiesa\/#primaryimage","url":"https:\/\/www.rassegnastampa-totustuus.it\/cattolica\/wp-content\/uploads\/2010\/04\/preti_pedofili.jpg","contentUrl":"https:\/\/www.rassegnastampa-totustuus.it\/cattolica\/wp-content\/uploads\/2010\/04\/preti_pedofili.jpg","width":261,"height":193},{"@type":"BreadcrumbList","@id":"https:\/\/www.rassegnastampa-totustuus.it\/cattolica\/il-problema-della-pedofilia-nella-chiesa\/#breadcrumb","itemListElement":[{"@type":"ListItem","position":1,"name":"Home","item":"https:\/\/www.rassegnastampa-totustuus.it\/cattolica\/"},{"@type":"ListItem","position":2,"name":"Il problema della pedofilia nella Chiesa"}]},{"@type":"WebSite","@id":"https:\/\/www.rassegnastampa-totustuus.it\/cattolica\/#website","url":"https:\/\/www.rassegnastampa-totustuus.it\/cattolica\/","name":"Rassegna Stampa Cattolica","description":"Per una cultura che nasce dalla Rivelazione cristiana in conformit\u00e0 alla tradizione e al Magistero della Chiesa in opposizione ad ogni relativismo e totalitarismo","publisher":{"@id":"https:\/\/www.rassegnastampa-totustuus.it\/cattolica\/#organization"},"alternateName":"Rass. Cattolica","potentialAction":[{"@type":"SearchAction","target":{"@type":"EntryPoint","urlTemplate":"https:\/\/www.rassegnastampa-totustuus.it\/cattolica\/?s={search_term_string}"},"query-input":{"@type":"PropertyValueSpecification","valueRequired":true,"valueName":"search_term_string"}}],"inLanguage":"it-IT"},{"@type":"Organization","@id":"https:\/\/www.rassegnastampa-totustuus.it\/cattolica\/#organization","name":"Rassegna Stampa Cattolica","url":"https:\/\/www.rassegnastampa-totustuus.it\/cattolica\/","logo":{"@type":"ImageObject","inLanguage":"it-IT","@id":"https:\/\/www.rassegnastampa-totustuus.it\/cattolica\/#\/schema\/logo\/image\/","url":"https:\/\/www.rassegnastampa-totustuus.it\/cattolica\/wp-content\/uploads\/2014\/04\/logo-rassegna1.gif","contentUrl":"https:\/\/www.rassegnastampa-totustuus.it\/cattolica\/wp-content\/uploads\/2014\/04\/logo-rassegna1.gif","width":600,"height":163,"caption":"Rassegna Stampa Cattolica"},"image":{"@id":"https:\/\/www.rassegnastampa-totustuus.it\/cattolica\/#\/schema\/logo\/image\/"},"sameAs":["https:\/\/www.facebook.com\/rassegnastampacattolica","https:\/\/x.com\/rassegnastampa9"]},{"@type":"Person","@id":"https:\/\/www.rassegnastampa-totustuus.it\/cattolica\/#\/schema\/person\/08f319d2bd1a0904ad9e2bfb7b15e5c3","name":"Redazione","image":{"@type":"ImageObject","inLanguage":"it-IT","@id":"https:\/\/secure.gravatar.com\/avatar\/2fcdf27c78ea025fbdb44e914cc63c72249ffec9dc8aafd5c82b26240ef3f346?s=96&d=mm&r=g","url":"https:\/\/secure.gravatar.com\/avatar\/2fcdf27c78ea025fbdb44e914cc63c72249ffec9dc8aafd5c82b26240ef3f346?s=96&d=mm&r=g","contentUrl":"https:\/\/secure.gravatar.com\/avatar\/2fcdf27c78ea025fbdb44e914cc63c72249ffec9dc8aafd5c82b26240ef3f346?s=96&d=mm&r=g","caption":"Redazione"},"url":"https:\/\/www.rassegnastampa-totustuus.it\/cattolica\/author\/pietroelle\/"}]}},"_links":{"self":[{"href":"https:\/\/www.rassegnastampa-totustuus.it\/cattolica\/wp-json\/wp\/v2\/posts\/3768","targetHints":{"allow":["GET"]}}],"collection":[{"href":"https:\/\/www.rassegnastampa-totustuus.it\/cattolica\/wp-json\/wp\/v2\/posts"}],"about":[{"href":"https:\/\/www.rassegnastampa-totustuus.it\/cattolica\/wp-json\/wp\/v2\/types\/post"}],"author":[{"embeddable":true,"href":"https:\/\/www.rassegnastampa-totustuus.it\/cattolica\/wp-json\/wp\/v2\/users\/6"}],"replies":[{"embeddable":true,"href":"https:\/\/www.rassegnastampa-totustuus.it\/cattolica\/wp-json\/wp\/v2\/comments?post=3768"}],"version-history":[{"count":3,"href":"https:\/\/www.rassegnastampa-totustuus.it\/cattolica\/wp-json\/wp\/v2\/posts\/3768\/revisions"}],"predecessor-version":[{"id":34496,"href":"https:\/\/www.rassegnastampa-totustuus.it\/cattolica\/wp-json\/wp\/v2\/posts\/3768\/revisions\/34496"}],"wp:featuredmedia":[{"embeddable":true,"href":"https:\/\/www.rassegnastampa-totustuus.it\/cattolica\/wp-json\/wp\/v2\/media\/34495"}],"wp:attachment":[{"href":"https:\/\/www.rassegnastampa-totustuus.it\/cattolica\/wp-json\/wp\/v2\/media?parent=3768"}],"wp:term":[{"taxonomy":"category","embeddable":true,"href":"https:\/\/www.rassegnastampa-totustuus.it\/cattolica\/wp-json\/wp\/v2\/categories?post=3768"},{"taxonomy":"post_tag","embeddable":true,"href":"https:\/\/www.rassegnastampa-totustuus.it\/cattolica\/wp-json\/wp\/v2\/tags?post=3768"}],"curies":[{"name":"wp","href":"https:\/\/api.w.org\/{rel}","templated":true}]}}