{"id":37663,"date":"2017-05-11T00:00:17","date_gmt":"2017-05-10T22:00:17","guid":{"rendered":"http:\/\/www.rassegnastampa-totustuus.it\/cattolica\/?p=37663"},"modified":"2023-11-13T17:03:05","modified_gmt":"2023-11-13T16:03:05","slug":"clausola-di-coscienza-e-diritto-positivo","status":"publish","type":"post","link":"https:\/\/www.rassegnastampa-totustuus.it\/cattolica\/clausola-di-coscienza-e-diritto-positivo\/","title":{"rendered":"Clausola di coscienza , diritto positivo, obiezione di coscienza. Sintesi del convegno"},"content":{"rendered":"<p style=\"text-align: center;\"><img loading=\"lazy\" decoding=\"async\" class=\"alignright wp-image-37664\" src=\"https:\/\/www.rassegnastampa-totustuus.it\/cattolica\/wp-content\/uploads\/2017\/05\/manifesto_Livatino.jpg\" alt=\"manifesto_Livatino\" width=\"142\" height=\"200\" \/>Per<strong> Rassegna Stampa <\/strong>4 maggio 2917<\/p>\n<p style=\"text-align: center;\"><strong>\u00a0<\/strong><strong>Aldo Ciappi<\/strong><\/p>\n<p style=\"text-align: center;\">(<em><span style=\"color: #0000ff;\"><a style=\"color: #0000ff;\" href=\"https:\/\/www.centrostudilivatino.it\/\" target=\"_blank\" rel=\"noopener\">Centro Studi \u201cRosario Livatino\u201d<\/a><\/span>)<\/em><\/p>\n<p style=\"text-align: justify;\"><span style=\"color: #000000;\">Clausola di coscienza , diritto positivo, obiezione di coscienza sono stati al centro del convegno\u00a0 \u201cClausola di coscienza e diritto positivo\u201d organizzato, in collaborazione da \u201cScienza e Vita di Pisa e Livorno\u201d, Centro Studi \u201cR. Livatino\u201d e \u201c<span style=\"color: #0000ff;\"><a style=\"color: #0000ff;\" href=\"https:\/\/unionegiuristicattolici.it\/\" target=\"_blank\" rel=\"noopener\">Unione Giuristi Cattolici<\/a><\/span>\u201d locali, tenutosi a Pisa il 28 aprile nell\u2019auditorium \u201cG. Toniolo\u201d dell\u2019Opera della Primaziale e moderato da Patrizia Paoletti Tangheroni.<\/span><\/p>\n<p style=\"text-align: justify;\"><!--more--><\/p>\n<p style=\"text-align: justify;\"><span style=\"color: #000000;\">L\u2019 avvocato<strong> Andrea Gasperini,<\/strong> richiamando la tragedia greca dell\u2019 \u201c<span style=\"color: #0000ff;\"><a style=\"color: #0000ff;\" href=\"https:\/\/www.studenti.it\/trama-breve-antigone-sofocle.html\" target=\"_blank\" rel=\"noopener\">Antigone<\/a><\/span>\u201d di Sofocle, che disobbedisce al comando del re Creonte dando sepoltura al fratello, e per questo verr\u00e0 condannata a morte, ha ricordato che, nel corso della storia, in molti hanno affrontato la persecuzione e la morte piuttosto che disobbedire alla legge superiore della propria coscienza: i primi cristiani che rifiutarono di rendere culto all\u2019imperatore (famoso il caso di S. Giustino); S. Tommaso Moro che si rifiut\u00f2 di firmare l\u2019Atto di Supremazia per sciogliersi dalla moglie di re Enrico VIII e per questo fu decapitato; pi\u00f9 di recente, la vicenda dei cristiani messicani che si ribellarono alle leggi antireligiose del Presidente Calles per difendere la loro libert\u00e0 di fede e trovarono la morte (si ricordi, tra tanti, il piccolo martire S. Jos\u00e8 Sanchez Del Rio).<\/span><\/p>\n<p style=\"text-align: justify;\"><span style=\"color: #000000;\">Sono quattro \u2013 ha ricordato Gasperini &#8211; le condizioni in presenza delle quali \u00e8 legittimo per un cristiano resistere all\u2019autorit\u00e0 tirannica anche con l\u2019uso della forza: gravit\u00e0 e durevolezza della tirannia; impossibilit\u00e0 di vie alternative; miglioramento della situazione e concrete possibilit\u00e0 di successo (cfr. S. Tommaso d\u2019Aquino e C.C.C. n. 2309 sulla \u201c<em>guerra giusta<\/em>\u201d).<\/span><\/p>\n<p style=\"text-align: justify;\"><span style=\"color: #000000;\">Il dottor<strong> Giacomo Rocchi<\/strong>, magistrato, ha ricordato come il diritto all\u2019obiezione di coscienza attenga alla sfera pi\u00f9 intima ed inviolabile di ogni uomo, in quanto essere dotato di ragione e libert\u00e0, di fronte alla quale le leggi positive si devono arrestare. Durante il nazismo furono commessi atroci crimini da parte delle autorit\u00e0 civili e militari in base a leggi approvate dal Parlamento tedesco; crimini di cui gli autori dovettero tuttavia rispondere dinanzi al Tribunale di Norimberga che li condann\u00f2 in base ai superiori principi universali (ci\u00f2 che chiamiamo \u201c<span style=\"color: #0000ff;\"><a style=\"color: #0000ff;\" href=\"https:\/\/www.rassegnastampa-totustuus.it\/cattolica\/vico-e-la-nozione-storica-di-diritto-naturale\/\" target=\"_blank\" rel=\"noopener\"><em>diritto naturale<\/em><\/a><\/span>\u201d) poi sanciti anche dalla Dichiarazione Universali dei Diritti Umani (New York, 1948).<\/span><\/p>\n<p style=\"text-align: justify;\"><span style=\"color: #000000;\">Da qui la necessit\u00e0 che gli ordinamenti prevedano il diritto a non collaborare all\u2019 applicazione di leggi in contrasto con le profonde convinzioni morali o religiose di taluni.<\/span><\/p>\n<p style=\"text-align: justify;\"><span style=\"color: #000000;\">In Italia, l\u2019obiezione di coscienza \u00e8 prevista espressamente in materia di obbligo (oggi eliminato) a prestare il servizio militare (L. 772\/1972); di aborto (L. 194\/1978) per medici e operatori sanitari (diritto attualmente che oggi si cerca oggi di comprimere o aggirare con bandi di assunzione per soli non obiettori); di sperimentazione sugli animali (L. 413\/1993) e sulla fecondazione artificiale (L. 40\/2004).<\/span><\/p>\n<p style=\"text-align: justify;\"><span style=\"color: #000000;\">E\u2019 tuttavia indubbio \u2013 ha ricordato il magistrato \u2013 che, anche se non espressamente prevista, la clausola di coscienza sia sempre invocabile in quanto \u201c<em>la sfera intima della coscienza individuale \u2026 <\/em>(\u00e8)<em> il riflesso giuridico pi\u00f9 profondo dell\u2019idea universale della dignit\u00e0 della persona umana che circonda quei diritti<\/em>\u2026 (ed) <em>esige \u2026 una tutela proporzionata alla priorit\u00e0 assoluta ed al carattere fondante ad essi riconosciuti nella scala dei valori espressa dalla Costituzione italiana<\/em>\u201d (<a href=\"https:\/\/giurcost.org\/decisioni\/1991\/0467s-91.html\" target=\"_blank\" rel=\"noopener\">Corte Cost. sent. n. 467\/1991<\/a>).<\/span><\/p>\n<p style=\"text-align: justify;\"><span style=\"color: #000000;\">Pertanto \u2013 ha concluso &#8211; l\u2019obiezione di coscienza dovrebbe valere anche per la legge sulle unioni civili omosessuali (L. 76\/2016) nei confronti di quei sindaci che ritenessero tali unioni, equiparate al matrimonio, contrarie alla loro coscienza e alle loro pi\u00f9 intime convinzioni etiche o religiose.<\/span><\/p>\n<p style=\"text-align: justify;\"><span style=\"color: #000000;\">Il professor <strong>Renzo Puccetti<\/strong>, medico, ha illustrato le problematiche legate all\u2019esercizio della professione medica che si vorrebbe non pi\u00f9 vincolata al giuramento di Ippocrate (IV sec a.C.: \u201c\u2026 <em>non somministrer\u00f2 ad alcuno, neppure se richiesto, un farmaco mortale\u2026 a nessuna donna io dar\u00f2 un medicinale abortivo<\/em>\u2026\u201d) e, viceversa, tenuta ad acconsentire ogni richiesta del paziente (cd. \u201c<em>medicina del desiderio<\/em>\u201d) anche in materie come aborto, eutanasia, attiva o passiva, fecondazione artificiale, interventi di \u201crettificazione del sesso, ecc., in nome del diritto all\u2019 <em>autodeterminazione.<\/em><\/span><\/p>\n<p style=\"text-align: justify;\"><span style=\"color: #000000;\">Puccetti ha citato, al riguardo, la dott. Alessandra Kustermann, ginecologa al Mangiagalli, secondo cui al medico dovrebbe essere impedita, con opportuna sanzione, qualsiasi obiezione di coscienza, dovendo egli avere riguardo soltanto alla \u201csalute\u201d della donna tutelata solo dal pi\u00f9 esteso diritto di abortire il bambino (\u201cnon persona\u201d in quanto privo di coscienza).<\/span><\/p>\n<p style=\"text-align: justify;\"><span style=\"color: #000000;\">Demolito con dati statistici questo falso teorema (aborto=salute della donna) secondo Puccetti tale ribaltamento di prospettiva riguarder\u00e0 anche educatori, catechisti, insegnanti, cos\u00ec come fotografi, pasticceri, albergatori, ecc., ovvero tutti coloro che, ritenendo, ad esmpio, il matrimonio soltanto quello tra un uomo e una donna, dovrebbero tuttavia adeguarsi all\u2019occorrenza, pur trovandosi in conflitto con le proprie convinzioni etiche o religiose, per non rispondere del reato di discriminazione per motivi sessuali<\/span>.<\/p>\n<p style=\"text-align: justify;\"><span style=\"color: #000000;\">Infine, il dottor <strong>Domenico Airoma<\/strong>, magistrato e vice-Presidente del Centro Studi \u201cLivatino\u201d, si \u00e8 riferito alla legge in discussione in Parlamento sul cd. \u00a0\u201c<em>testamento biologico<\/em>\u201d, il cui testo approvato alla Camera non prevede alcuna obiezione di coscienza per i medici, obbligati dunque ad astenersi da ogni trattamento (comprese alimentazione, idratazione, ventilazione, rianimazione\u2026) in base alle disposizioni del paziente, anche se contenute in una dichiarazione resa molto prima dell\u2019evento che ha generato lo stato di incoscienza.<\/span><\/p>\n<p style=\"text-align: justify;\"><span style=\"color: #000000;\">Una tale \u201c<em>disposizione<\/em>\u201d priva del carattere dell\u2019<em>attualit\u00e0<\/em>, elemento centrale del \u201c<em>consenso informato<\/em>\u201d\u201d nell\u2019 <em>alleanza terapeutica<\/em> tra medico e paziente, potrebbe non corrispondere all\u2019effettiva volont\u00e0 del secondo (non pi\u00f9 in grado di esprimersi) e per questo, per il principio generale di <em>precauzione<\/em>, \u00e8 viziata sul piano giuridico<\/span>.<\/p>\n<p style=\"text-align: justify;\"><span style=\"color: #000000;\">Situazioni come queste \u2013 secondo Airoma &#8211; creeranno enormi problemi interpretativi per ricostruire l\u2019effettiva volont\u00e0 del paziente tra i vari soggetti coinvolti<\/span>.<\/p>\n<p style=\"text-align: justify;\"><span style=\"color: #000000;\">Al medico, inoltre, spetter\u00e0 l\u2019arduo compito di valutare se, dopo le d.a.t., vi siano stati progressi scientifici \u201c<em>capaci di assicurare possibilit\u00e0 di miglioramento delle condizioni di vita\u201d<\/em>(!?).<\/span><\/p>\n<p style=\"text-align: justify;\"><span style=\"color: #000000;\">Infine, nel testo di legge approvato dalla Camera vi \u00e8 l\u2019obbligo incondizionato anche per gli ospedali cattolici di assicurare al loro interno ogni \u201cservizio\u201d anche di tipo <em>eutanasico<\/em> previsto dalla normativa.<\/span><\/p>\n<p style=\"text-align: justify;\"><span style=\"color: #000000;\">La sfida dell\u2019ora presente \u2013 ha concluso Airoma \u2013 chiama tutti, cattolici e non, a confrontarsi con l\u2019obiezione di coscienza come atto di valore \u201c<em>profetico<\/em>\u201d per le future generazioni (una piccola \u201c<em>finestra aperta<\/em>\u201d da cui proviene una luce che potr\u00e0 fare da guida ai posteri per riedificare una <em>societ\u00e0 a misura d\u2019uomo e secondo il piano di Dio<\/em>.<\/span><\/p>\n<p style=\"text-align: justify;\">________________________________<\/p>\n<p><span style=\"color: #000000;\">Clausola di coscienza , diritto positivo, obiezione di coscienza, su questi argomenti consigliamo\u00a0 per approfondire :<\/span><\/p>\n<p><span style=\"color: #0000ff;\"><a href=\"https:\/\/www.rassegnastampa-totustuus.it\/cattolica\/diritto-naturale-e-diritto-positivo-nellenciclica-veritatis-splendor-2\/\" target=\"_blank\" rel=\"noopener\">Diritto naturale e diritto positivo nell\u2019enciclica &#8220;Veritatis splendor<\/a>&#8220;<\/span><\/p>\n<p><a href=\"https:\/\/www.rassegnastampa-totustuus.it\/cattolica\/lobiezione-di-coscienza-e-i-suoi-fondamenti\/\" target=\"_blank\" rel=\"noopener\"><span style=\"color: #0000ff;\">L\u2019obiezione di coscienza e i suoi fondamenti.<\/span><\/a><\/p>\n","protected":false},"excerpt":{"rendered":"<p>Per Rassegna Stampa 4 maggio 2917 \u00a0Aldo Ciappi (Centro Studi \u201cRosario Livatino\u201d) Clausola di coscienza , diritto positivo, obiezione di coscienza sono stati al centro del convegno\u00a0 \u201cClausola di coscienza e diritto positivo\u201d organizzato, in collaborazione da \u201cScienza e Vita di Pisa e Livorno\u201d, Centro Studi \u201cR. Livatino\u201d e \u201cUnione Giuristi Cattolici\u201d locali, tenutosi a &hellip; <\/p>\n<p><a class=\"more-link btn\" href=\"https:\/\/www.rassegnastampa-totustuus.it\/cattolica\/clausola-di-coscienza-e-diritto-positivo\/\">Continua a leggere<\/a><\/p>\n","protected":false},"author":6,"featured_media":37664,"comment_status":"closed","ping_status":"closed","sticky":false,"template":"","format":"standard","meta":{"footnotes":""},"categories":[10],"tags":[2385],"class_list":["post-37663","post","type-post","status-publish","format-standard","has-post-thumbnail","hentry","category-diritto","tag-obiezione-di-coscienza","item-wrap"],"yoast_head":"<!-- This site is optimized with the Yoast SEO plugin v27.5 - https:\/\/yoast.com\/product\/yoast-seo-wordpress\/ -->\n<title>Clausola di coscienza , diritto positivo, obiezione di coscienza. Sintesi del convegno - Rassegna Stampa Cattolica<\/title>\n<meta name=\"description\" content=\"Clausola di coscienza , diritto positivo, obiezione di coscienza. Sintesi del convegno del Centro studi Livatino\" \/>\n<meta name=\"robots\" content=\"index, follow, max-snippet:-1, max-image-preview:large, max-video-preview:-1\" \/>\n<link rel=\"canonical\" href=\"https:\/\/www.rassegnastampa-totustuus.it\/cattolica\/clausola-di-coscienza-e-diritto-positivo\/\" \/>\n<meta property=\"og:locale\" content=\"it_IT\" \/>\n<meta property=\"og:type\" content=\"article\" \/>\n<meta property=\"og:title\" content=\"Clausola di coscienza , diritto positivo, obiezione di coscienza. Sintesi del convegno - Rassegna Stampa Cattolica\" \/>\n<meta property=\"og:description\" content=\"Clausola di coscienza , diritto positivo, obiezione di coscienza. Sintesi del convegno del Centro studi Livatino\" \/>\n<meta property=\"og:url\" content=\"https:\/\/www.rassegnastampa-totustuus.it\/cattolica\/clausola-di-coscienza-e-diritto-positivo\/\" \/>\n<meta property=\"og:site_name\" content=\"Rassegna Stampa Cattolica\" \/>\n<meta property=\"article:publisher\" content=\"https:\/\/www.facebook.com\/rassegnastampacattolica\" \/>\n<meta property=\"article:published_time\" content=\"2017-05-10T22:00:17+00:00\" \/>\n<meta property=\"article:modified_time\" content=\"2023-11-13T16:03:05+00:00\" \/>\n<meta property=\"og:image\" content=\"https:\/\/www.rassegnastampa-totustuus.it\/cattolica\/wp-content\/uploads\/2017\/05\/manifesto_Livatino.jpg\" \/>\n\t<meta property=\"og:image:width\" content=\"189\" \/>\n\t<meta property=\"og:image:height\" content=\"267\" \/>\n\t<meta property=\"og:image:type\" content=\"image\/jpeg\" \/>\n<meta name=\"author\" content=\"Redazione\" \/>\n<meta name=\"twitter:card\" content=\"summary_large_image\" \/>\n<meta name=\"twitter:creator\" content=\"@rassegnastampa9\" \/>\n<meta name=\"twitter:site\" content=\"@rassegnastampa9\" \/>\n<meta name=\"twitter:label1\" content=\"Scritto da\" \/>\n\t<meta name=\"twitter:data1\" content=\"Redazione\" \/>\n\t<meta name=\"twitter:label2\" content=\"Tempo di lettura stimato\" \/>\n\t<meta name=\"twitter:data2\" content=\"6 minuti\" \/>\n<script type=\"application\/ld+json\" class=\"yoast-schema-graph\">{\"@context\":\"https:\\\/\\\/schema.org\",\"@graph\":[{\"@type\":\"Article\",\"@id\":\"https:\\\/\\\/www.rassegnastampa-totustuus.it\\\/cattolica\\\/clausola-di-coscienza-e-diritto-positivo\\\/#article\",\"isPartOf\":{\"@id\":\"https:\\\/\\\/www.rassegnastampa-totustuus.it\\\/cattolica\\\/clausola-di-coscienza-e-diritto-positivo\\\/\"},\"author\":{\"name\":\"Redazione\",\"@id\":\"https:\\\/\\\/www.rassegnastampa-totustuus.it\\\/cattolica\\\/#\\\/schema\\\/person\\\/08f319d2bd1a0904ad9e2bfb7b15e5c3\"},\"headline\":\"Clausola di coscienza , diritto positivo, obiezione di coscienza. Sintesi del convegno\",\"datePublished\":\"2017-05-10T22:00:17+00:00\",\"dateModified\":\"2023-11-13T16:03:05+00:00\",\"mainEntityOfPage\":{\"@id\":\"https:\\\/\\\/www.rassegnastampa-totustuus.it\\\/cattolica\\\/clausola-di-coscienza-e-diritto-positivo\\\/\"},\"wordCount\":1076,\"publisher\":{\"@id\":\"https:\\\/\\\/www.rassegnastampa-totustuus.it\\\/cattolica\\\/#organization\"},\"image\":{\"@id\":\"https:\\\/\\\/www.rassegnastampa-totustuus.it\\\/cattolica\\\/clausola-di-coscienza-e-diritto-positivo\\\/#primaryimage\"},\"thumbnailUrl\":\"https:\\\/\\\/www.rassegnastampa-totustuus.it\\\/cattolica\\\/wp-content\\\/uploads\\\/2017\\\/05\\\/manifesto_Livatino.jpg\",\"keywords\":[\"obiezione di coscienza\"],\"articleSection\":[\"Diritto\"],\"inLanguage\":\"it-IT\"},{\"@type\":\"WebPage\",\"@id\":\"https:\\\/\\\/www.rassegnastampa-totustuus.it\\\/cattolica\\\/clausola-di-coscienza-e-diritto-positivo\\\/\",\"url\":\"https:\\\/\\\/www.rassegnastampa-totustuus.it\\\/cattolica\\\/clausola-di-coscienza-e-diritto-positivo\\\/\",\"name\":\"Clausola di coscienza , diritto positivo, obiezione di coscienza. Sintesi del convegno - Rassegna Stampa Cattolica\",\"isPartOf\":{\"@id\":\"https:\\\/\\\/www.rassegnastampa-totustuus.it\\\/cattolica\\\/#website\"},\"primaryImageOfPage\":{\"@id\":\"https:\\\/\\\/www.rassegnastampa-totustuus.it\\\/cattolica\\\/clausola-di-coscienza-e-diritto-positivo\\\/#primaryimage\"},\"image\":{\"@id\":\"https:\\\/\\\/www.rassegnastampa-totustuus.it\\\/cattolica\\\/clausola-di-coscienza-e-diritto-positivo\\\/#primaryimage\"},\"thumbnailUrl\":\"https:\\\/\\\/www.rassegnastampa-totustuus.it\\\/cattolica\\\/wp-content\\\/uploads\\\/2017\\\/05\\\/manifesto_Livatino.jpg\",\"datePublished\":\"2017-05-10T22:00:17+00:00\",\"dateModified\":\"2023-11-13T16:03:05+00:00\",\"description\":\"Clausola di coscienza , diritto positivo, obiezione di coscienza. Sintesi del convegno del Centro studi Livatino\",\"breadcrumb\":{\"@id\":\"https:\\\/\\\/www.rassegnastampa-totustuus.it\\\/cattolica\\\/clausola-di-coscienza-e-diritto-positivo\\\/#breadcrumb\"},\"inLanguage\":\"it-IT\",\"potentialAction\":[{\"@type\":\"ReadAction\",\"target\":[\"https:\\\/\\\/www.rassegnastampa-totustuus.it\\\/cattolica\\\/clausola-di-coscienza-e-diritto-positivo\\\/\"]}]},{\"@type\":\"ImageObject\",\"inLanguage\":\"it-IT\",\"@id\":\"https:\\\/\\\/www.rassegnastampa-totustuus.it\\\/cattolica\\\/clausola-di-coscienza-e-diritto-positivo\\\/#primaryimage\",\"url\":\"https:\\\/\\\/www.rassegnastampa-totustuus.it\\\/cattolica\\\/wp-content\\\/uploads\\\/2017\\\/05\\\/manifesto_Livatino.jpg\",\"contentUrl\":\"https:\\\/\\\/www.rassegnastampa-totustuus.it\\\/cattolica\\\/wp-content\\\/uploads\\\/2017\\\/05\\\/manifesto_Livatino.jpg\",\"width\":189,\"height\":267},{\"@type\":\"BreadcrumbList\",\"@id\":\"https:\\\/\\\/www.rassegnastampa-totustuus.it\\\/cattolica\\\/clausola-di-coscienza-e-diritto-positivo\\\/#breadcrumb\",\"itemListElement\":[{\"@type\":\"ListItem\",\"position\":1,\"name\":\"Home\",\"item\":\"https:\\\/\\\/www.rassegnastampa-totustuus.it\\\/cattolica\\\/\"},{\"@type\":\"ListItem\",\"position\":2,\"name\":\"Clausola di coscienza , diritto positivo, obiezione di coscienza. Sintesi del convegno\"}]},{\"@type\":\"WebSite\",\"@id\":\"https:\\\/\\\/www.rassegnastampa-totustuus.it\\\/cattolica\\\/#website\",\"url\":\"https:\\\/\\\/www.rassegnastampa-totustuus.it\\\/cattolica\\\/\",\"name\":\"Rassegna Stampa Cattolica\",\"description\":\"Per una cultura che nasce dalla Rivelazione cristiana in conformit\u00e0 alla tradizione e al Magistero della Chiesa in opposizione ad ogni relativismo e totalitarismo\",\"publisher\":{\"@id\":\"https:\\\/\\\/www.rassegnastampa-totustuus.it\\\/cattolica\\\/#organization\"},\"alternateName\":\"Rass. Cattolica\",\"potentialAction\":[{\"@type\":\"SearchAction\",\"target\":{\"@type\":\"EntryPoint\",\"urlTemplate\":\"https:\\\/\\\/www.rassegnastampa-totustuus.it\\\/cattolica\\\/?s={search_term_string}\"},\"query-input\":{\"@type\":\"PropertyValueSpecification\",\"valueRequired\":true,\"valueName\":\"search_term_string\"}}],\"inLanguage\":\"it-IT\"},{\"@type\":\"Organization\",\"@id\":\"https:\\\/\\\/www.rassegnastampa-totustuus.it\\\/cattolica\\\/#organization\",\"name\":\"Rassegna Stampa Cattolica\",\"url\":\"https:\\\/\\\/www.rassegnastampa-totustuus.it\\\/cattolica\\\/\",\"logo\":{\"@type\":\"ImageObject\",\"inLanguage\":\"it-IT\",\"@id\":\"https:\\\/\\\/www.rassegnastampa-totustuus.it\\\/cattolica\\\/#\\\/schema\\\/logo\\\/image\\\/\",\"url\":\"https:\\\/\\\/www.rassegnastampa-totustuus.it\\\/cattolica\\\/wp-content\\\/uploads\\\/2014\\\/04\\\/logo-rassegna1.gif\",\"contentUrl\":\"https:\\\/\\\/www.rassegnastampa-totustuus.it\\\/cattolica\\\/wp-content\\\/uploads\\\/2014\\\/04\\\/logo-rassegna1.gif\",\"width\":600,\"height\":163,\"caption\":\"Rassegna Stampa Cattolica\"},\"image\":{\"@id\":\"https:\\\/\\\/www.rassegnastampa-totustuus.it\\\/cattolica\\\/#\\\/schema\\\/logo\\\/image\\\/\"},\"sameAs\":[\"https:\\\/\\\/www.facebook.com\\\/rassegnastampacattolica\",\"https:\\\/\\\/x.com\\\/rassegnastampa9\"]},{\"@type\":\"Person\",\"@id\":\"https:\\\/\\\/www.rassegnastampa-totustuus.it\\\/cattolica\\\/#\\\/schema\\\/person\\\/08f319d2bd1a0904ad9e2bfb7b15e5c3\",\"name\":\"Redazione\",\"image\":{\"@type\":\"ImageObject\",\"inLanguage\":\"it-IT\",\"@id\":\"https:\\\/\\\/secure.gravatar.com\\\/avatar\\\/2fcdf27c78ea025fbdb44e914cc63c72249ffec9dc8aafd5c82b26240ef3f346?s=96&d=mm&r=g\",\"url\":\"https:\\\/\\\/secure.gravatar.com\\\/avatar\\\/2fcdf27c78ea025fbdb44e914cc63c72249ffec9dc8aafd5c82b26240ef3f346?s=96&d=mm&r=g\",\"contentUrl\":\"https:\\\/\\\/secure.gravatar.com\\\/avatar\\\/2fcdf27c78ea025fbdb44e914cc63c72249ffec9dc8aafd5c82b26240ef3f346?s=96&d=mm&r=g\",\"caption\":\"Redazione\"},\"url\":\"https:\\\/\\\/www.rassegnastampa-totustuus.it\\\/cattolica\\\/author\\\/pietroelle\\\/\"}]}<\/script>\n<!-- \/ Yoast SEO plugin. -->","yoast_head_json":{"title":"Clausola di coscienza , diritto positivo, obiezione di coscienza. Sintesi del convegno - Rassegna Stampa Cattolica","description":"Clausola di coscienza , diritto positivo, obiezione di coscienza. Sintesi del convegno del Centro studi Livatino","robots":{"index":"index","follow":"follow","max-snippet":"max-snippet:-1","max-image-preview":"max-image-preview:large","max-video-preview":"max-video-preview:-1"},"canonical":"https:\/\/www.rassegnastampa-totustuus.it\/cattolica\/clausola-di-coscienza-e-diritto-positivo\/","og_locale":"it_IT","og_type":"article","og_title":"Clausola di coscienza , diritto positivo, obiezione di coscienza. Sintesi del convegno - Rassegna Stampa Cattolica","og_description":"Clausola di coscienza , diritto positivo, obiezione di coscienza. Sintesi del convegno del Centro studi Livatino","og_url":"https:\/\/www.rassegnastampa-totustuus.it\/cattolica\/clausola-di-coscienza-e-diritto-positivo\/","og_site_name":"Rassegna Stampa Cattolica","article_publisher":"https:\/\/www.facebook.com\/rassegnastampacattolica","article_published_time":"2017-05-10T22:00:17+00:00","article_modified_time":"2023-11-13T16:03:05+00:00","og_image":[{"width":189,"height":267,"url":"https:\/\/www.rassegnastampa-totustuus.it\/cattolica\/wp-content\/uploads\/2017\/05\/manifesto_Livatino.jpg","type":"image\/jpeg"}],"author":"Redazione","twitter_card":"summary_large_image","twitter_creator":"@rassegnastampa9","twitter_site":"@rassegnastampa9","twitter_misc":{"Scritto da":"Redazione","Tempo di lettura stimato":"6 minuti"},"schema":{"@context":"https:\/\/schema.org","@graph":[{"@type":"Article","@id":"https:\/\/www.rassegnastampa-totustuus.it\/cattolica\/clausola-di-coscienza-e-diritto-positivo\/#article","isPartOf":{"@id":"https:\/\/www.rassegnastampa-totustuus.it\/cattolica\/clausola-di-coscienza-e-diritto-positivo\/"},"author":{"name":"Redazione","@id":"https:\/\/www.rassegnastampa-totustuus.it\/cattolica\/#\/schema\/person\/08f319d2bd1a0904ad9e2bfb7b15e5c3"},"headline":"Clausola di coscienza , diritto positivo, obiezione di coscienza. Sintesi del convegno","datePublished":"2017-05-10T22:00:17+00:00","dateModified":"2023-11-13T16:03:05+00:00","mainEntityOfPage":{"@id":"https:\/\/www.rassegnastampa-totustuus.it\/cattolica\/clausola-di-coscienza-e-diritto-positivo\/"},"wordCount":1076,"publisher":{"@id":"https:\/\/www.rassegnastampa-totustuus.it\/cattolica\/#organization"},"image":{"@id":"https:\/\/www.rassegnastampa-totustuus.it\/cattolica\/clausola-di-coscienza-e-diritto-positivo\/#primaryimage"},"thumbnailUrl":"https:\/\/www.rassegnastampa-totustuus.it\/cattolica\/wp-content\/uploads\/2017\/05\/manifesto_Livatino.jpg","keywords":["obiezione di coscienza"],"articleSection":["Diritto"],"inLanguage":"it-IT"},{"@type":"WebPage","@id":"https:\/\/www.rassegnastampa-totustuus.it\/cattolica\/clausola-di-coscienza-e-diritto-positivo\/","url":"https:\/\/www.rassegnastampa-totustuus.it\/cattolica\/clausola-di-coscienza-e-diritto-positivo\/","name":"Clausola di coscienza , diritto positivo, obiezione di coscienza. Sintesi del convegno - Rassegna Stampa Cattolica","isPartOf":{"@id":"https:\/\/www.rassegnastampa-totustuus.it\/cattolica\/#website"},"primaryImageOfPage":{"@id":"https:\/\/www.rassegnastampa-totustuus.it\/cattolica\/clausola-di-coscienza-e-diritto-positivo\/#primaryimage"},"image":{"@id":"https:\/\/www.rassegnastampa-totustuus.it\/cattolica\/clausola-di-coscienza-e-diritto-positivo\/#primaryimage"},"thumbnailUrl":"https:\/\/www.rassegnastampa-totustuus.it\/cattolica\/wp-content\/uploads\/2017\/05\/manifesto_Livatino.jpg","datePublished":"2017-05-10T22:00:17+00:00","dateModified":"2023-11-13T16:03:05+00:00","description":"Clausola di coscienza , diritto positivo, obiezione di coscienza. Sintesi del convegno del Centro studi Livatino","breadcrumb":{"@id":"https:\/\/www.rassegnastampa-totustuus.it\/cattolica\/clausola-di-coscienza-e-diritto-positivo\/#breadcrumb"},"inLanguage":"it-IT","potentialAction":[{"@type":"ReadAction","target":["https:\/\/www.rassegnastampa-totustuus.it\/cattolica\/clausola-di-coscienza-e-diritto-positivo\/"]}]},{"@type":"ImageObject","inLanguage":"it-IT","@id":"https:\/\/www.rassegnastampa-totustuus.it\/cattolica\/clausola-di-coscienza-e-diritto-positivo\/#primaryimage","url":"https:\/\/www.rassegnastampa-totustuus.it\/cattolica\/wp-content\/uploads\/2017\/05\/manifesto_Livatino.jpg","contentUrl":"https:\/\/www.rassegnastampa-totustuus.it\/cattolica\/wp-content\/uploads\/2017\/05\/manifesto_Livatino.jpg","width":189,"height":267},{"@type":"BreadcrumbList","@id":"https:\/\/www.rassegnastampa-totustuus.it\/cattolica\/clausola-di-coscienza-e-diritto-positivo\/#breadcrumb","itemListElement":[{"@type":"ListItem","position":1,"name":"Home","item":"https:\/\/www.rassegnastampa-totustuus.it\/cattolica\/"},{"@type":"ListItem","position":2,"name":"Clausola di coscienza , diritto positivo, obiezione di coscienza. Sintesi del convegno"}]},{"@type":"WebSite","@id":"https:\/\/www.rassegnastampa-totustuus.it\/cattolica\/#website","url":"https:\/\/www.rassegnastampa-totustuus.it\/cattolica\/","name":"Rassegna Stampa Cattolica","description":"Per una cultura che nasce dalla Rivelazione cristiana in conformit\u00e0 alla tradizione e al Magistero della Chiesa in opposizione ad ogni relativismo e totalitarismo","publisher":{"@id":"https:\/\/www.rassegnastampa-totustuus.it\/cattolica\/#organization"},"alternateName":"Rass. Cattolica","potentialAction":[{"@type":"SearchAction","target":{"@type":"EntryPoint","urlTemplate":"https:\/\/www.rassegnastampa-totustuus.it\/cattolica\/?s={search_term_string}"},"query-input":{"@type":"PropertyValueSpecification","valueRequired":true,"valueName":"search_term_string"}}],"inLanguage":"it-IT"},{"@type":"Organization","@id":"https:\/\/www.rassegnastampa-totustuus.it\/cattolica\/#organization","name":"Rassegna Stampa Cattolica","url":"https:\/\/www.rassegnastampa-totustuus.it\/cattolica\/","logo":{"@type":"ImageObject","inLanguage":"it-IT","@id":"https:\/\/www.rassegnastampa-totustuus.it\/cattolica\/#\/schema\/logo\/image\/","url":"https:\/\/www.rassegnastampa-totustuus.it\/cattolica\/wp-content\/uploads\/2014\/04\/logo-rassegna1.gif","contentUrl":"https:\/\/www.rassegnastampa-totustuus.it\/cattolica\/wp-content\/uploads\/2014\/04\/logo-rassegna1.gif","width":600,"height":163,"caption":"Rassegna Stampa Cattolica"},"image":{"@id":"https:\/\/www.rassegnastampa-totustuus.it\/cattolica\/#\/schema\/logo\/image\/"},"sameAs":["https:\/\/www.facebook.com\/rassegnastampacattolica","https:\/\/x.com\/rassegnastampa9"]},{"@type":"Person","@id":"https:\/\/www.rassegnastampa-totustuus.it\/cattolica\/#\/schema\/person\/08f319d2bd1a0904ad9e2bfb7b15e5c3","name":"Redazione","image":{"@type":"ImageObject","inLanguage":"it-IT","@id":"https:\/\/secure.gravatar.com\/avatar\/2fcdf27c78ea025fbdb44e914cc63c72249ffec9dc8aafd5c82b26240ef3f346?s=96&d=mm&r=g","url":"https:\/\/secure.gravatar.com\/avatar\/2fcdf27c78ea025fbdb44e914cc63c72249ffec9dc8aafd5c82b26240ef3f346?s=96&d=mm&r=g","contentUrl":"https:\/\/secure.gravatar.com\/avatar\/2fcdf27c78ea025fbdb44e914cc63c72249ffec9dc8aafd5c82b26240ef3f346?s=96&d=mm&r=g","caption":"Redazione"},"url":"https:\/\/www.rassegnastampa-totustuus.it\/cattolica\/author\/pietroelle\/"}]}},"_links":{"self":[{"href":"https:\/\/www.rassegnastampa-totustuus.it\/cattolica\/wp-json\/wp\/v2\/posts\/37663","targetHints":{"allow":["GET"]}}],"collection":[{"href":"https:\/\/www.rassegnastampa-totustuus.it\/cattolica\/wp-json\/wp\/v2\/posts"}],"about":[{"href":"https:\/\/www.rassegnastampa-totustuus.it\/cattolica\/wp-json\/wp\/v2\/types\/post"}],"author":[{"embeddable":true,"href":"https:\/\/www.rassegnastampa-totustuus.it\/cattolica\/wp-json\/wp\/v2\/users\/6"}],"replies":[{"embeddable":true,"href":"https:\/\/www.rassegnastampa-totustuus.it\/cattolica\/wp-json\/wp\/v2\/comments?post=37663"}],"version-history":[{"count":5,"href":"https:\/\/www.rassegnastampa-totustuus.it\/cattolica\/wp-json\/wp\/v2\/posts\/37663\/revisions"}],"predecessor-version":[{"id":57346,"href":"https:\/\/www.rassegnastampa-totustuus.it\/cattolica\/wp-json\/wp\/v2\/posts\/37663\/revisions\/57346"}],"wp:featuredmedia":[{"embeddable":true,"href":"https:\/\/www.rassegnastampa-totustuus.it\/cattolica\/wp-json\/wp\/v2\/media\/37664"}],"wp:attachment":[{"href":"https:\/\/www.rassegnastampa-totustuus.it\/cattolica\/wp-json\/wp\/v2\/media?parent=37663"}],"wp:term":[{"taxonomy":"category","embeddable":true,"href":"https:\/\/www.rassegnastampa-totustuus.it\/cattolica\/wp-json\/wp\/v2\/categories?post=37663"},{"taxonomy":"post_tag","embeddable":true,"href":"https:\/\/www.rassegnastampa-totustuus.it\/cattolica\/wp-json\/wp\/v2\/tags?post=37663"}],"curies":[{"name":"wp","href":"https:\/\/api.w.org\/{rel}","templated":true}]}}