{"id":37600,"date":"2017-04-27T00:00:47","date_gmt":"2017-04-26T22:00:47","guid":{"rendered":"http:\/\/www.rassegnastampa-totustuus.it\/cattolica\/?p=37600"},"modified":"2017-04-27T08:22:54","modified_gmt":"2017-04-27T06:22:54","slug":"il-mito-del-bravo-geniotore","status":"publish","type":"post","link":"https:\/\/www.rassegnastampa-totustuus.it\/cattolica\/il-mito-del-bravo-geniotore\/","title":{"rendered":"Il mito del bravo genitore"},"content":{"rendered":"<p style=\"text-align: center;\"><img loading=\"lazy\" decoding=\"async\" class=\"alignleft wp-image-37601\" src=\"https:\/\/www.rassegnastampa-totustuus.it\/cattolica\/wp-content\/uploads\/2017\/04\/genitori_scuola.jpg\" alt=\"genitori_scuola\" width=\"250\" height=\"191\" \/>Articolo pubblicato sulla <strong>rivista ufficiale dell&#8217;UNUCI<\/strong> n. 112 di Gennaio \/ Mazo 2017<\/p>\n<p style=\"text-align: center;\"><strong>Francesca Spadaccia<\/strong><\/p>\n<p style=\"text-align: center;\">(<em>Socia della Sezione UNUCI di Roma<\/em>)<\/p>\n<p style=\"text-align: justify;\">Oggi il genitore vive con grande apprensione il suo ruolo. Cos\u00cc, per non lasciarsi sfuggire niente, diventa onnipresente, preoccupato non tanto per il figlio quanto di essere, per quel figlio, un genitore perfetto. Un&#8217;ansia da prestazione che spesso degenera in una vera e propria intrusione nella vita di bambini e adolescenti, incaricati di dimostrare il valore dei propri genitori.<\/p>\n<p style=\"text-align: justify;\"><!--more--><\/p>\n<p style=\"text-align: justify;\">Essendo bravi, madri e padri moderni chiedono continuamente al proprio figlio come sta e, simmetricamente, provano ansie crescenti qualora il fanciullo stia attraversando un momento critico, come spesso accade durante I&#8217;adolescenza. Il genitore onnipresente desidera infatti sommamente la felicit\u00e0 dei figli e considera il conflitto un&#8217; esperienza da evitare perch\u00e9 lui, che \u00e8 cos\u00ec bravo, non sopporterebbe di essere &#8220;odiato&#8221;.<\/p>\n<p style=\"text-align: justify;\">Al figlio del bravo genitore non resta quindi che scappare nel silenzio: comprende bene infatti che tutte quelle domande sono volte pi\u00f9 a rassicurare I&#8217;adulto fragile che a trovare risposte. A volte bisognerebbe ignorarli un po&#8217; i figli, spostare I&#8217;attenzione e non farli sentire costantemente sotto osservazione. Lasciarli nel loro giardino segreto e accettare che siano arrabbiati con noi, senza cercare la pace ad ogni costo: per loro \u00e8 importante sapere che gli adulti sono in grado di sostenere il conflitto.<\/p>\n<p style=\"text-align: justify;\">Questa intrusione appare evidente nel fenomeno delle chat di classe. Molti genitori fanno parte di gruppi whatsapp, con i quali si tengono informati su tutto quello che riguarda la vita della scuola: gite, compiti, materiale scolastico, riunioni.<\/p>\n<p style=\"text-align: justify;\">Purtroppo, sempre pi\u00f9 spesso, questi gruppi diventano un focolaio di pettegolezzi, un tribunale per processare I docenti, un luogo per reperire informazioni sui ragazzi. ogni dettaglio pu\u00f2 scatenare litigi e polemiche. I genitori sembrano preoccupati soprattutto per i compiti da eseguire a casa, valutati con attenzione in qualit\u00e0 e quantit\u00e0. Grande apprensione, \u00a0anche la possibilit\u00e0 che il prezioso pargolo possa dimenticare squadre e matite, cosicch\u00e9, mamme e pap\u00e0 sull\u2019orlo di una crisi di nervi, si consultano per sapere che cosa prevede I&#8217;orario del giorno.<\/p>\n<p style=\"text-align: justify;\">Queste chat sono, evidentemente,la versione aggiornata dell&#8217;ansia genitoriale e della smania di controllo. Ci\u00f2 che dovrebbe essere lasciato alla responsabilit\u00e0 dello studente, viene preso indebitamente in carico da mamme apprensive e pap\u00e0 incapaci di accettare che il proprio figlio venga sgridato dall&#8217; insegnante.<\/p>\n<p style=\"text-align: justify;\">Se infatti \u00e8 auspicabile che i genitori conoscano i docenti e frequentino i colloqui previsti, questa continua e inopportuna ingerenza nelle faccende scolastiche agisce come un freno sulla autonomia dei ragazzi. Continuamente controllati e giustificati, i bambini e gli adolescenti delle nostre scuole sono schiacciati dall&#8217; ansia da prestazione dei loro genitori&#8217; crescendo spesso come piccoli tiranni a cui tutto \u00e8 dovuto.<\/p>\n<p style=\"text-align: justify;\">I compiti, il materiale da portare cos\u00ec come gli avvisi da riferire fanno parte dell&#8217; impegno scolastico e non devono essere gestiti dai genitori. Del resto, da qualche anno i compiti non sono pi\u00f9 solamente un &#8220;dovere&#8221; degli alunni ma un problema che investe I&#8217; intero gruppo familiare.<\/p>\n<p style=\"text-align: justify;\">I genitori sono sempre pi\u00f9 preoccupati del tempo che i loro figli trascorrono sui libri, sentendosi in obbligo di aiutarli \u00f3 addirittura di eseguire i compiti al posto loro, allo scopo di accelerare e semplificare un&#8217;attivit\u00e0 percepita sempre di pi\u00f9 come inutile e controproducente. Sembra in effetti che molti genitori abbiano il timore che i propri &#8220;cuccioli&#8221; non ce la facciano ad affrontare lo studio da soli, che si affatichino troppo e perdano del tempo prezioso per giocare.<\/p>\n<p style=\"text-align: justify;\">Dobbiamo per\u00f2 ricordare che lo studio casalingo \u00e8 fondamentale per stabilizzare le conoscenze, elaborare in autonomia i concetti proposti a scuola, confrontarsi con le proprie difficolt\u00e0. Lo studio pomeridiano inoltre permette di imparare ad essere responsabili, acquisendo quella capacit\u00e0 di impegnarsi e sacrificarsi che sar\u00e0 fondamentale pi\u00f9 avanti nella vita adulta.<\/p>\n<p style=\"text-align: justify;\">Proteggere i nostri figli da qualunque fatica e frustrazione, compresa quella di non poter dedicare tutto il proprio tempo al gioco, non li aiuta a diventare grandi. Piuttosto incoraggiamoli senza sostituirci a loro, aiutiamoli ad organizzare il tempo di studio e interveniamo solo se \u00e8 necessario chiarire un passaggio particolarmente complicato cercando, per\u00f2, di non offrire una soluzione pronta ma soltanto indicazioni che il bambino utilizzer\u00e0 poi in autonomia. Fare meno domande, ascoltare di pi\u00f9, uscire dalle chat e lasciare che la scuola sia un problema loro. \u00a0Ce la possiamo fare.<\/p>\n","protected":false},"excerpt":{"rendered":"<p>Articolo pubblicato sulla rivista ufficiale dell&#8217;UNUCI n. 112 di Gennaio \/ Mazo 2017 Francesca Spadaccia (Socia della Sezione UNUCI di Roma) Oggi il genitore vive con grande apprensione il suo ruolo. Cos\u00cc, per non lasciarsi sfuggire niente, diventa onnipresente, preoccupato non tanto per il figlio quanto di essere, per quel figlio, un genitore perfetto. Un&#8217;ansia &hellip; <\/p>\n<p><a class=\"more-link btn\" href=\"https:\/\/www.rassegnastampa-totustuus.it\/cattolica\/il-mito-del-bravo-geniotore\/\">Continua a leggere<\/a><\/p>\n","protected":false},"author":6,"featured_media":37601,"comment_status":"closed","ping_status":"closed","sticky":false,"template":"","format":"standard","meta":{"footnotes":""},"categories":[23],"tags":[234,2600],"class_list":["post-37600","post","type-post","status-publish","format-standard","has-post-thumbnail","hentry","category-scuola-ed-educazione","tag-educazione","tag-genitori","item-wrap"],"yoast_head":"<!-- This site is optimized with the Yoast SEO plugin v27.5 - https:\/\/yoast.com\/product\/yoast-seo-wordpress\/ -->\n<title>Il mito del bravo genitore - Rassegna Stampa Cattolica<\/title>\n<meta name=\"description\" content=\"Rassegna Stampa Cattolica - Per una cultura che nasce dalla Rivelazione cristiana in conformit\u00e0 alla tradizione e al Magistero della Chiesa in opposizione ad ogni relativismo e totalitarismo\" \/>\n<meta name=\"robots\" content=\"index, follow, max-snippet:-1, max-image-preview:large, max-video-preview:-1\" \/>\n<link rel=\"canonical\" href=\"https:\/\/www.rassegnastampa-totustuus.it\/cattolica\/il-mito-del-bravo-geniotore\/\" \/>\n<meta property=\"og:locale\" content=\"it_IT\" \/>\n<meta property=\"og:type\" content=\"article\" \/>\n<meta property=\"og:title\" content=\"Il mito del bravo genitore - Rassegna Stampa Cattolica\" \/>\n<meta property=\"og:description\" content=\"Rassegna Stampa Cattolica - Per una cultura che nasce dalla Rivelazione cristiana in conformit\u00e0 alla tradizione e al Magistero della Chiesa in opposizione ad ogni relativismo e totalitarismo\" \/>\n<meta property=\"og:url\" content=\"https:\/\/www.rassegnastampa-totustuus.it\/cattolica\/il-mito-del-bravo-geniotore\/\" \/>\n<meta property=\"og:site_name\" content=\"Rassegna Stampa Cattolica\" \/>\n<meta property=\"article:publisher\" content=\"https:\/\/www.facebook.com\/rassegnastampacattolica\" \/>\n<meta property=\"article:published_time\" content=\"2017-04-26T22:00:47+00:00\" \/>\n<meta property=\"article:modified_time\" content=\"2017-04-27T06:22:54+00:00\" \/>\n<meta property=\"og:image\" content=\"https:\/\/www.rassegnastampa-totustuus.it\/cattolica\/wp-content\/uploads\/2017\/04\/genitori_scuola.jpg\" \/>\n\t<meta property=\"og:image:width\" content=\"257\" \/>\n\t<meta property=\"og:image:height\" content=\"196\" \/>\n\t<meta property=\"og:image:type\" content=\"image\/jpeg\" \/>\n<meta name=\"author\" content=\"Redazione\" \/>\n<meta name=\"twitter:card\" content=\"summary_large_image\" \/>\n<meta name=\"twitter:creator\" content=\"@rassegnastampa9\" \/>\n<meta name=\"twitter:site\" content=\"@rassegnastampa9\" \/>\n<meta name=\"twitter:label1\" content=\"Scritto da\" \/>\n\t<meta name=\"twitter:data1\" content=\"Redazione\" \/>\n\t<meta name=\"twitter:label2\" content=\"Tempo di lettura stimato\" \/>\n\t<meta name=\"twitter:data2\" content=\"4 minuti\" \/>\n<script type=\"application\/ld+json\" class=\"yoast-schema-graph\">{\"@context\":\"https:\\\/\\\/schema.org\",\"@graph\":[{\"@type\":\"Article\",\"@id\":\"https:\\\/\\\/www.rassegnastampa-totustuus.it\\\/cattolica\\\/il-mito-del-bravo-geniotore\\\/#article\",\"isPartOf\":{\"@id\":\"https:\\\/\\\/www.rassegnastampa-totustuus.it\\\/cattolica\\\/il-mito-del-bravo-geniotore\\\/\"},\"author\":{\"name\":\"Redazione\",\"@id\":\"https:\\\/\\\/www.rassegnastampa-totustuus.it\\\/cattolica\\\/#\\\/schema\\\/person\\\/08f319d2bd1a0904ad9e2bfb7b15e5c3\"},\"headline\":\"Il mito del bravo genitore\",\"datePublished\":\"2017-04-26T22:00:47+00:00\",\"dateModified\":\"2017-04-27T06:22:54+00:00\",\"mainEntityOfPage\":{\"@id\":\"https:\\\/\\\/www.rassegnastampa-totustuus.it\\\/cattolica\\\/il-mito-del-bravo-geniotore\\\/\"},\"wordCount\":720,\"publisher\":{\"@id\":\"https:\\\/\\\/www.rassegnastampa-totustuus.it\\\/cattolica\\\/#organization\"},\"image\":{\"@id\":\"https:\\\/\\\/www.rassegnastampa-totustuus.it\\\/cattolica\\\/il-mito-del-bravo-geniotore\\\/#primaryimage\"},\"thumbnailUrl\":\"https:\\\/\\\/www.rassegnastampa-totustuus.it\\\/cattolica\\\/wp-content\\\/uploads\\\/2017\\\/04\\\/genitori_scuola.jpg\",\"keywords\":[\"educazione\",\"genitori\"],\"articleSection\":[\"Scuola ed educazione\"],\"inLanguage\":\"it-IT\"},{\"@type\":\"WebPage\",\"@id\":\"https:\\\/\\\/www.rassegnastampa-totustuus.it\\\/cattolica\\\/il-mito-del-bravo-geniotore\\\/\",\"url\":\"https:\\\/\\\/www.rassegnastampa-totustuus.it\\\/cattolica\\\/il-mito-del-bravo-geniotore\\\/\",\"name\":\"Il mito del bravo genitore - Rassegna Stampa Cattolica\",\"isPartOf\":{\"@id\":\"https:\\\/\\\/www.rassegnastampa-totustuus.it\\\/cattolica\\\/#website\"},\"primaryImageOfPage\":{\"@id\":\"https:\\\/\\\/www.rassegnastampa-totustuus.it\\\/cattolica\\\/il-mito-del-bravo-geniotore\\\/#primaryimage\"},\"image\":{\"@id\":\"https:\\\/\\\/www.rassegnastampa-totustuus.it\\\/cattolica\\\/il-mito-del-bravo-geniotore\\\/#primaryimage\"},\"thumbnailUrl\":\"https:\\\/\\\/www.rassegnastampa-totustuus.it\\\/cattolica\\\/wp-content\\\/uploads\\\/2017\\\/04\\\/genitori_scuola.jpg\",\"datePublished\":\"2017-04-26T22:00:47+00:00\",\"dateModified\":\"2017-04-27T06:22:54+00:00\",\"description\":\"Rassegna Stampa Cattolica - Per una cultura che nasce dalla Rivelazione cristiana in conformit\u00e0 alla tradizione e al Magistero della Chiesa in opposizione ad ogni relativismo e totalitarismo\",\"breadcrumb\":{\"@id\":\"https:\\\/\\\/www.rassegnastampa-totustuus.it\\\/cattolica\\\/il-mito-del-bravo-geniotore\\\/#breadcrumb\"},\"inLanguage\":\"it-IT\",\"potentialAction\":[{\"@type\":\"ReadAction\",\"target\":[\"https:\\\/\\\/www.rassegnastampa-totustuus.it\\\/cattolica\\\/il-mito-del-bravo-geniotore\\\/\"]}]},{\"@type\":\"ImageObject\",\"inLanguage\":\"it-IT\",\"@id\":\"https:\\\/\\\/www.rassegnastampa-totustuus.it\\\/cattolica\\\/il-mito-del-bravo-geniotore\\\/#primaryimage\",\"url\":\"https:\\\/\\\/www.rassegnastampa-totustuus.it\\\/cattolica\\\/wp-content\\\/uploads\\\/2017\\\/04\\\/genitori_scuola.jpg\",\"contentUrl\":\"https:\\\/\\\/www.rassegnastampa-totustuus.it\\\/cattolica\\\/wp-content\\\/uploads\\\/2017\\\/04\\\/genitori_scuola.jpg\",\"width\":257,\"height\":196},{\"@type\":\"BreadcrumbList\",\"@id\":\"https:\\\/\\\/www.rassegnastampa-totustuus.it\\\/cattolica\\\/il-mito-del-bravo-geniotore\\\/#breadcrumb\",\"itemListElement\":[{\"@type\":\"ListItem\",\"position\":1,\"name\":\"Home\",\"item\":\"https:\\\/\\\/www.rassegnastampa-totustuus.it\\\/cattolica\\\/\"},{\"@type\":\"ListItem\",\"position\":2,\"name\":\"Il mito del bravo genitore\"}]},{\"@type\":\"WebSite\",\"@id\":\"https:\\\/\\\/www.rassegnastampa-totustuus.it\\\/cattolica\\\/#website\",\"url\":\"https:\\\/\\\/www.rassegnastampa-totustuus.it\\\/cattolica\\\/\",\"name\":\"Rassegna Stampa Cattolica\",\"description\":\"Per una cultura che nasce dalla Rivelazione cristiana in conformit\u00e0 alla tradizione e al Magistero della Chiesa in opposizione ad ogni relativismo e totalitarismo\",\"publisher\":{\"@id\":\"https:\\\/\\\/www.rassegnastampa-totustuus.it\\\/cattolica\\\/#organization\"},\"alternateName\":\"Rass. Cattolica\",\"potentialAction\":[{\"@type\":\"SearchAction\",\"target\":{\"@type\":\"EntryPoint\",\"urlTemplate\":\"https:\\\/\\\/www.rassegnastampa-totustuus.it\\\/cattolica\\\/?s={search_term_string}\"},\"query-input\":{\"@type\":\"PropertyValueSpecification\",\"valueRequired\":true,\"valueName\":\"search_term_string\"}}],\"inLanguage\":\"it-IT\"},{\"@type\":\"Organization\",\"@id\":\"https:\\\/\\\/www.rassegnastampa-totustuus.it\\\/cattolica\\\/#organization\",\"name\":\"Rassegna Stampa Cattolica\",\"url\":\"https:\\\/\\\/www.rassegnastampa-totustuus.it\\\/cattolica\\\/\",\"logo\":{\"@type\":\"ImageObject\",\"inLanguage\":\"it-IT\",\"@id\":\"https:\\\/\\\/www.rassegnastampa-totustuus.it\\\/cattolica\\\/#\\\/schema\\\/logo\\\/image\\\/\",\"url\":\"https:\\\/\\\/www.rassegnastampa-totustuus.it\\\/cattolica\\\/wp-content\\\/uploads\\\/2014\\\/04\\\/logo-rassegna1.gif\",\"contentUrl\":\"https:\\\/\\\/www.rassegnastampa-totustuus.it\\\/cattolica\\\/wp-content\\\/uploads\\\/2014\\\/04\\\/logo-rassegna1.gif\",\"width\":600,\"height\":163,\"caption\":\"Rassegna Stampa Cattolica\"},\"image\":{\"@id\":\"https:\\\/\\\/www.rassegnastampa-totustuus.it\\\/cattolica\\\/#\\\/schema\\\/logo\\\/image\\\/\"},\"sameAs\":[\"https:\\\/\\\/www.facebook.com\\\/rassegnastampacattolica\",\"https:\\\/\\\/x.com\\\/rassegnastampa9\"]},{\"@type\":\"Person\",\"@id\":\"https:\\\/\\\/www.rassegnastampa-totustuus.it\\\/cattolica\\\/#\\\/schema\\\/person\\\/08f319d2bd1a0904ad9e2bfb7b15e5c3\",\"name\":\"Redazione\",\"image\":{\"@type\":\"ImageObject\",\"inLanguage\":\"it-IT\",\"@id\":\"https:\\\/\\\/secure.gravatar.com\\\/avatar\\\/2fcdf27c78ea025fbdb44e914cc63c72249ffec9dc8aafd5c82b26240ef3f346?s=96&d=mm&r=g\",\"url\":\"https:\\\/\\\/secure.gravatar.com\\\/avatar\\\/2fcdf27c78ea025fbdb44e914cc63c72249ffec9dc8aafd5c82b26240ef3f346?s=96&d=mm&r=g\",\"contentUrl\":\"https:\\\/\\\/secure.gravatar.com\\\/avatar\\\/2fcdf27c78ea025fbdb44e914cc63c72249ffec9dc8aafd5c82b26240ef3f346?s=96&d=mm&r=g\",\"caption\":\"Redazione\"},\"url\":\"https:\\\/\\\/www.rassegnastampa-totustuus.it\\\/cattolica\\\/author\\\/pietroelle\\\/\"}]}<\/script>\n<!-- \/ Yoast SEO plugin. -->","yoast_head_json":{"title":"Il mito del bravo genitore - Rassegna Stampa Cattolica","description":"Rassegna Stampa Cattolica - Per una cultura che nasce dalla Rivelazione cristiana in conformit\u00e0 alla tradizione e al Magistero della Chiesa in opposizione ad ogni relativismo e totalitarismo","robots":{"index":"index","follow":"follow","max-snippet":"max-snippet:-1","max-image-preview":"max-image-preview:large","max-video-preview":"max-video-preview:-1"},"canonical":"https:\/\/www.rassegnastampa-totustuus.it\/cattolica\/il-mito-del-bravo-geniotore\/","og_locale":"it_IT","og_type":"article","og_title":"Il mito del bravo genitore - Rassegna Stampa Cattolica","og_description":"Rassegna Stampa Cattolica - Per una cultura che nasce dalla Rivelazione cristiana in conformit\u00e0 alla tradizione e al Magistero della Chiesa in opposizione ad ogni relativismo e totalitarismo","og_url":"https:\/\/www.rassegnastampa-totustuus.it\/cattolica\/il-mito-del-bravo-geniotore\/","og_site_name":"Rassegna Stampa Cattolica","article_publisher":"https:\/\/www.facebook.com\/rassegnastampacattolica","article_published_time":"2017-04-26T22:00:47+00:00","article_modified_time":"2017-04-27T06:22:54+00:00","og_image":[{"width":257,"height":196,"url":"https:\/\/www.rassegnastampa-totustuus.it\/cattolica\/wp-content\/uploads\/2017\/04\/genitori_scuola.jpg","type":"image\/jpeg"}],"author":"Redazione","twitter_card":"summary_large_image","twitter_creator":"@rassegnastampa9","twitter_site":"@rassegnastampa9","twitter_misc":{"Scritto da":"Redazione","Tempo di lettura stimato":"4 minuti"},"schema":{"@context":"https:\/\/schema.org","@graph":[{"@type":"Article","@id":"https:\/\/www.rassegnastampa-totustuus.it\/cattolica\/il-mito-del-bravo-geniotore\/#article","isPartOf":{"@id":"https:\/\/www.rassegnastampa-totustuus.it\/cattolica\/il-mito-del-bravo-geniotore\/"},"author":{"name":"Redazione","@id":"https:\/\/www.rassegnastampa-totustuus.it\/cattolica\/#\/schema\/person\/08f319d2bd1a0904ad9e2bfb7b15e5c3"},"headline":"Il mito del bravo genitore","datePublished":"2017-04-26T22:00:47+00:00","dateModified":"2017-04-27T06:22:54+00:00","mainEntityOfPage":{"@id":"https:\/\/www.rassegnastampa-totustuus.it\/cattolica\/il-mito-del-bravo-geniotore\/"},"wordCount":720,"publisher":{"@id":"https:\/\/www.rassegnastampa-totustuus.it\/cattolica\/#organization"},"image":{"@id":"https:\/\/www.rassegnastampa-totustuus.it\/cattolica\/il-mito-del-bravo-geniotore\/#primaryimage"},"thumbnailUrl":"https:\/\/www.rassegnastampa-totustuus.it\/cattolica\/wp-content\/uploads\/2017\/04\/genitori_scuola.jpg","keywords":["educazione","genitori"],"articleSection":["Scuola ed educazione"],"inLanguage":"it-IT"},{"@type":"WebPage","@id":"https:\/\/www.rassegnastampa-totustuus.it\/cattolica\/il-mito-del-bravo-geniotore\/","url":"https:\/\/www.rassegnastampa-totustuus.it\/cattolica\/il-mito-del-bravo-geniotore\/","name":"Il mito del bravo genitore - Rassegna Stampa Cattolica","isPartOf":{"@id":"https:\/\/www.rassegnastampa-totustuus.it\/cattolica\/#website"},"primaryImageOfPage":{"@id":"https:\/\/www.rassegnastampa-totustuus.it\/cattolica\/il-mito-del-bravo-geniotore\/#primaryimage"},"image":{"@id":"https:\/\/www.rassegnastampa-totustuus.it\/cattolica\/il-mito-del-bravo-geniotore\/#primaryimage"},"thumbnailUrl":"https:\/\/www.rassegnastampa-totustuus.it\/cattolica\/wp-content\/uploads\/2017\/04\/genitori_scuola.jpg","datePublished":"2017-04-26T22:00:47+00:00","dateModified":"2017-04-27T06:22:54+00:00","description":"Rassegna Stampa Cattolica - Per una cultura che nasce dalla Rivelazione cristiana in conformit\u00e0 alla tradizione e al Magistero della Chiesa in opposizione ad ogni relativismo e totalitarismo","breadcrumb":{"@id":"https:\/\/www.rassegnastampa-totustuus.it\/cattolica\/il-mito-del-bravo-geniotore\/#breadcrumb"},"inLanguage":"it-IT","potentialAction":[{"@type":"ReadAction","target":["https:\/\/www.rassegnastampa-totustuus.it\/cattolica\/il-mito-del-bravo-geniotore\/"]}]},{"@type":"ImageObject","inLanguage":"it-IT","@id":"https:\/\/www.rassegnastampa-totustuus.it\/cattolica\/il-mito-del-bravo-geniotore\/#primaryimage","url":"https:\/\/www.rassegnastampa-totustuus.it\/cattolica\/wp-content\/uploads\/2017\/04\/genitori_scuola.jpg","contentUrl":"https:\/\/www.rassegnastampa-totustuus.it\/cattolica\/wp-content\/uploads\/2017\/04\/genitori_scuola.jpg","width":257,"height":196},{"@type":"BreadcrumbList","@id":"https:\/\/www.rassegnastampa-totustuus.it\/cattolica\/il-mito-del-bravo-geniotore\/#breadcrumb","itemListElement":[{"@type":"ListItem","position":1,"name":"Home","item":"https:\/\/www.rassegnastampa-totustuus.it\/cattolica\/"},{"@type":"ListItem","position":2,"name":"Il mito del bravo genitore"}]},{"@type":"WebSite","@id":"https:\/\/www.rassegnastampa-totustuus.it\/cattolica\/#website","url":"https:\/\/www.rassegnastampa-totustuus.it\/cattolica\/","name":"Rassegna Stampa Cattolica","description":"Per una cultura che nasce dalla Rivelazione cristiana in conformit\u00e0 alla tradizione e al Magistero della Chiesa in opposizione ad ogni relativismo e totalitarismo","publisher":{"@id":"https:\/\/www.rassegnastampa-totustuus.it\/cattolica\/#organization"},"alternateName":"Rass. Cattolica","potentialAction":[{"@type":"SearchAction","target":{"@type":"EntryPoint","urlTemplate":"https:\/\/www.rassegnastampa-totustuus.it\/cattolica\/?s={search_term_string}"},"query-input":{"@type":"PropertyValueSpecification","valueRequired":true,"valueName":"search_term_string"}}],"inLanguage":"it-IT"},{"@type":"Organization","@id":"https:\/\/www.rassegnastampa-totustuus.it\/cattolica\/#organization","name":"Rassegna Stampa Cattolica","url":"https:\/\/www.rassegnastampa-totustuus.it\/cattolica\/","logo":{"@type":"ImageObject","inLanguage":"it-IT","@id":"https:\/\/www.rassegnastampa-totustuus.it\/cattolica\/#\/schema\/logo\/image\/","url":"https:\/\/www.rassegnastampa-totustuus.it\/cattolica\/wp-content\/uploads\/2014\/04\/logo-rassegna1.gif","contentUrl":"https:\/\/www.rassegnastampa-totustuus.it\/cattolica\/wp-content\/uploads\/2014\/04\/logo-rassegna1.gif","width":600,"height":163,"caption":"Rassegna Stampa Cattolica"},"image":{"@id":"https:\/\/www.rassegnastampa-totustuus.it\/cattolica\/#\/schema\/logo\/image\/"},"sameAs":["https:\/\/www.facebook.com\/rassegnastampacattolica","https:\/\/x.com\/rassegnastampa9"]},{"@type":"Person","@id":"https:\/\/www.rassegnastampa-totustuus.it\/cattolica\/#\/schema\/person\/08f319d2bd1a0904ad9e2bfb7b15e5c3","name":"Redazione","image":{"@type":"ImageObject","inLanguage":"it-IT","@id":"https:\/\/secure.gravatar.com\/avatar\/2fcdf27c78ea025fbdb44e914cc63c72249ffec9dc8aafd5c82b26240ef3f346?s=96&d=mm&r=g","url":"https:\/\/secure.gravatar.com\/avatar\/2fcdf27c78ea025fbdb44e914cc63c72249ffec9dc8aafd5c82b26240ef3f346?s=96&d=mm&r=g","contentUrl":"https:\/\/secure.gravatar.com\/avatar\/2fcdf27c78ea025fbdb44e914cc63c72249ffec9dc8aafd5c82b26240ef3f346?s=96&d=mm&r=g","caption":"Redazione"},"url":"https:\/\/www.rassegnastampa-totustuus.it\/cattolica\/author\/pietroelle\/"}]}},"_links":{"self":[{"href":"https:\/\/www.rassegnastampa-totustuus.it\/cattolica\/wp-json\/wp\/v2\/posts\/37600","targetHints":{"allow":["GET"]}}],"collection":[{"href":"https:\/\/www.rassegnastampa-totustuus.it\/cattolica\/wp-json\/wp\/v2\/posts"}],"about":[{"href":"https:\/\/www.rassegnastampa-totustuus.it\/cattolica\/wp-json\/wp\/v2\/types\/post"}],"author":[{"embeddable":true,"href":"https:\/\/www.rassegnastampa-totustuus.it\/cattolica\/wp-json\/wp\/v2\/users\/6"}],"replies":[{"embeddable":true,"href":"https:\/\/www.rassegnastampa-totustuus.it\/cattolica\/wp-json\/wp\/v2\/comments?post=37600"}],"version-history":[{"count":2,"href":"https:\/\/www.rassegnastampa-totustuus.it\/cattolica\/wp-json\/wp\/v2\/posts\/37600\/revisions"}],"predecessor-version":[{"id":37616,"href":"https:\/\/www.rassegnastampa-totustuus.it\/cattolica\/wp-json\/wp\/v2\/posts\/37600\/revisions\/37616"}],"wp:featuredmedia":[{"embeddable":true,"href":"https:\/\/www.rassegnastampa-totustuus.it\/cattolica\/wp-json\/wp\/v2\/media\/37601"}],"wp:attachment":[{"href":"https:\/\/www.rassegnastampa-totustuus.it\/cattolica\/wp-json\/wp\/v2\/media?parent=37600"}],"wp:term":[{"taxonomy":"category","embeddable":true,"href":"https:\/\/www.rassegnastampa-totustuus.it\/cattolica\/wp-json\/wp\/v2\/categories?post=37600"},{"taxonomy":"post_tag","embeddable":true,"href":"https:\/\/www.rassegnastampa-totustuus.it\/cattolica\/wp-json\/wp\/v2\/tags?post=37600"}],"curies":[{"name":"wp","href":"https:\/\/api.w.org\/{rel}","templated":true}]}}