{"id":37522,"date":"2017-04-13T00:00:49","date_gmt":"2017-04-12T22:00:49","guid":{"rendered":"http:\/\/www.rassegnastampa-totustuus.it\/cattolica\/?p=37522"},"modified":"2017-04-05T15:13:47","modified_gmt":"2017-04-05T13:13:47","slug":"la-speranza-del-cambiamento-in-romania","status":"publish","type":"post","link":"https:\/\/www.rassegnastampa-totustuus.it\/cattolica\/la-speranza-del-cambiamento-in-romania\/","title":{"rendered":"La speranza del cambiamento in Romania"},"content":{"rendered":"<div id=\"attachment_37523\" style=\"width: 250px\" class=\"wp-caption alignright\"><img loading=\"lazy\" decoding=\"async\" aria-describedby=\"caption-attachment-37523\" class=\"wp-image-37523\" src=\"https:\/\/www.rassegnastampa-totustuus.it\/cattolica\/wp-content\/uploads\/2017\/04\/Clotilde_Armand.jpg\" alt=\"Clotilde_Armand\" width=\"250\" height=\"154\" \/><p id=\"caption-attachment-37523\" class=\"wp-caption-text\">Clotilde Armand<\/p><\/div>\n<p style=\"text-align: center;\"><strong>La Croce quotidiano<\/strong> 5 aprile 2017<\/p>\n<p style=\"text-align: justify;\"><em>Abbiamo intervistato Clotilde Armand, co-fondatrice e vice presidente dell\u2019Unione per la salvezza della Romania (USR), il nuovo partito che ha raccolto al suo debutto alle urne il consenso di un rumeno su dieci al grido di \u201cOnest\u00e0 e competenza\u201d. \u00abLa famiglia per me \u00e8 sacra ed \u00e8 il pi\u00f9 importante tra i valori\u00bb. E afferma di conoscere il profilo del Popolo della Famiglia in Italia<\/em><\/p>\n<p style=\"text-align: center;\">di <strong>Giuseppe Brienza<\/strong><\/p>\n<p style=\"text-align: center;\">(<em>traduzione dal romeno a cura di Cristina Zaccanti<\/em>)<\/p>\n<p><!--more--><\/p>\n<p style=\"text-align: justify;\">Clotilde Armand, franco-romena, 43 anni, madre di 4 bambini, ha contribuito a fondare l\u2019anno scorso, assieme al 46enne Nicusor Dan, un partito che si direbbe \u201canti-sistema\u201d, l\u2019Unione per la Salvezza della Romania (USR). Al suo debutto alle elezioni politiche del dicembre scorso, l\u2019USR \u00e8 stato premiato dai cittadini romeni ottenendo un sonante 9,3% dei voti. Abbiamo intervistato, in esclusiva per \u201cLa Croce quotidiano\u201d, questa giovane promessa della politica romena.<\/p>\n<p style=\"text-align: justify;\"><strong>D. Dottoressa Armand, cosa sta succedendo in Romania?<\/strong><\/p>\n<p style=\"text-align: justify;\"><strong>R.<\/strong> Posso dirvi in modo assolutamente diretto e in una parola che in Romania accade un&#8230; miracolo! Dopo 27 anni dalla rivoluzione del 1989, sono molto felice di dirvi che oggi ha luogo una vera rivoluzione del coinvolgimento e della solidariet\u00e0: un movimento di cittadini che hanno manifestato pacificamente nelle strade e nelle piazze delle citt\u00e0 in Romania. Centinaia di migliaia di romeni, alla fine del loro orario di lavoro sono scesi in strada ogni giorno e ogni sera per protestare in modo civile contro le illegalit\u00e0 commesse da rappresentanti del partito al governo, vale a dire il Partito Socialdemocratico (PSD).<\/p>\n<p style=\"text-align: justify;\">I cittadini hanno espresso la loro indignazione per il tentativo abusivo del governo di cambiare, nel bel mezzo della notte, le leggi-privilegio in favore dei politici. Siamo stati tutti testimoni dell\u2019azione profondamente illegale dei ministri del PSD, che hanno tentato di depenalizzare reati gravi tramite un\u2019Ordinanza d\u2019urgenza. Il governo ha cercato di proteggere i politici accusati di innumerevoli reati di corruzione e abuso d&#8217;ufficio. Ma i romeni sono stati pi\u00f9 forti dei politici! Il governo corrotto si \u00e8 ritirato di fronte alla rabbia del popolo ed ha abrogato la fatidica Ordinanza d\u2019urgenza numero 13.<\/p>\n<p style=\"text-align: justify;\">Sono rimasta impressionata dal coraggio e dalla determinazione dei romeni nel resistere all&#8217;ingiustizia. Ho assistito a momenti impressionanti quando la gente comune, genitori, singole madri e padri etc. sono venuti a protestare accompagnati da tutto ci\u00f2 che abbiamo di pi\u00f9 prezioso: i nostri figli! Per loro, per noi e per la democrazia abbiamo deciso di scendere in strada. Non abbiamo chiesto l&#8217;aumento dei salari o delle pensioni, abbiamo chiesto qualcosa di molto pi\u00f9 importante del denaro. Urlando con tutto il cuore abbiamo chiesto giustizia, rispetto e un Paese libero dalla corruzione.<\/p>\n<p style=\"text-align: justify;\"><strong>D. Come si \u00e8 sentita da protagonista diretta di questa rivoluzione?<\/strong><\/p>\n<p style=\"text-align: justify;\"><strong>R.<\/strong> Mi sono sentita romena, un semplice cittadino come tutti gli altri e, credo, che nulla accada per caso, dal momento che mi trovo in Romania accanto alla mia famiglia. Qui c\u2019\u00e8 bisogno di me.<\/p>\n<p style=\"text-align: justify;\"><strong>D. C\u2019\u00e8 il pericolo oggi di una dittatura in Romania?<\/strong><\/p>\n<p style=\"text-align: justify;\"><strong>R.<\/strong> Come si suol dire: \u00abmai dire mai\u00bb. Questo perch\u00e9 nulla \u00e8 vinto per sempre e, talvolta, il passato rischia di ritornare. La lotta per la libert\u00e0 e la democrazia non hanno data di scadenza! Tuttavia, in fondo sono convinta che una dittatura non sia pi\u00f9 possibile in Romania. Gli ultimi avvenimenti, i pi\u00f9 recenti, ci hanno dimostrato che i romeni non accettano la violazione della legge e il ritorno al passato comunista. Vi assicuro che il nostro cammino verso la democrazia \u00e8 irreversibile. La Romania fra l\u2019altro \u00e8 uno Stato membro della NATO e dell&#8217;Unione Europea a pieno titolo e avanza verso il futuro.<\/p>\n<p style=\"text-align: justify;\"><strong>D. Ci spieghi perch\u00e9, dopo tutti questi scandali, Lei crede ancora in una Romania \u201cpulita\u201d.<\/strong><\/p>\n<p style=\"text-align: justify;\"><strong>R.<\/strong> Non ho mai perso la mia fiducia nelle persone e nella Romania, nemmeno per un istante. La rinuncia non fa parte del mio vocabolario e del mio comportamento in nessuna circostanza. Vi confesso che i romeni non vogliono pi\u00f9 aspettare che i politici mantengano le loro inutili promesse fatte durante le campagne elettorali. I cittadini partecipano concretamente alle vicende politiche delle citt\u00e0 e si coinvolgono nelle decisioni prese dalle autorit\u00e0 locali. Ho imparato sulla mia pelle una verit\u00e0 che ripeto spesso: il sistema non si cambia senza il coinvolgimento delle persone. In questo modo crescer\u00e0 la trasparenza della qualit\u00e0 degli atti amministrativi e quella dei servizi pubblici.<\/p>\n<p style=\"text-align: justify;\"><strong>D. Quali incarichi politichi ricopre attualmente?<\/strong><\/p>\n<p style=\"text-align: justify;\"><strong>R.<\/strong> Sono un consigliere comunale in dialogo permanente con i residenti del \u201cSettore 1\u201d di Bucarest nel quale sono stata eletta. Con i cittadini che rappresento discutiamo i problemi della comunit\u00e0 e troviamo insieme soluzioni. Il mio programma per il Settore 1 parte dalle esigenze reali della gente. Gli scandali sono ancora presenti, ma una Romania pulita, libera e democratica con un&#8217;economia di mercato funzionante \u00e8 un obiettivo pi\u00f9 vicino che mai. Dipende da noi e da quanto impegno e lavoro vogliamo e possiamo investire per innalzare gli standard di vita e cambiarne gli stili.<\/p>\n<p style=\"text-align: justify;\"><strong>D. Perch\u00e9 il suo partito, l\u2019USR, ha imperniato, fin dalla sua fondazione, campagne ed iniziative politiche sul fronte della lotta alla corruzione?<\/strong><\/p>\n<p style=\"text-align: justify;\"><strong>R.<\/strong> L\u2019USR \u00e8 un nuovo partito, formato da persone che non sono mai state impegnate in politica. Ho investito fiducia, tempo ed energia per creare un\u2019organizzazione politica che \u00e8 nata da una necessit\u00e0 indiscutibile della societ\u00e0 romena: l\u2019eliminazione della corruzione! Non ho inventato bisogni e programmi artificiali che non hanno alcuna relazione con la realt\u00e0. In larga misura, il male in questo paese \u00e8 la corruzione dei politici, che hanno rovinato per anni la possibilit\u00e0 per le persone di una vita migliore. Che cosa pu\u00f2 essere pi\u00f9 importante della lotta contro la corruzione? Sono convinta che tutto inizi da qui. La riduzione della corruzione \u201cpandemica\u201d contribuisce all\u2019eliminazione della povert\u00e0, al miglioramento del tenore di vita ed al conseguimento di obiettivi di rilevanza pubblica.<\/p>\n<p style=\"text-align: justify;\"><strong>D. Cosa volete significare, in positivo, con il vostro slogan \u201cOnest\u00e0 e competenza\u201d?<\/strong><\/p>\n<p style=\"text-align: justify;\"><strong>R.<\/strong> In Romania incontriamo molte persone afidabili, oneste e competenti che per vari motivi hanno scelto di non occuparsi di politica. Ora \u00e8 venuto il momento di cambiare questo comportamento e che queste persone facciano un passo avanti. Sono convinta che, nella misura in cui aumenter\u00e0 il numero di professionisti dell\u2019amministrazione pubblica e del governo centrale, la Romania cambier\u00e0. L\u2019onest\u00e0 e la competenza sono gli attributi di base di un politico che decida di dedicare il proprio tempo a risolvere i problemi della comunit\u00e0.<\/p>\n<p style=\"text-align: justify;\"><strong>D. Ci sono dei \u201cpadri nobili\u201d dell\u2019USR, ovvero personaggi politici rumeni o europei che vede come vostri antesignani?<\/strong><\/p>\n<p style=\"text-align: justify;\"><strong>R.<\/strong> Trattandosi di un nuovo partito l\u2019USR non ha avuto precursori. Come ho detto prima, non siamo mai stati impegnati in politica prima d\u2019ora. Possiamo scherzare e dire che saremo precursori per coloro che verranno dopo di noi. Scherzi a parte, io vi dico molto seriamente che abbiamo una responsabilit\u00e0 enorme per dimostrare che siamo i politici di cui la Romania ha bisogno. Il fallimento dell\u2019USR significherebbe il fallimento dei progetti politici nuovi in questo Paese e il dissolversi delle speranze delle persone che credono in noi. Sono pienamente consapevole di questo. I cittadini hanno bisogno di fatti concreti da parte nostra, anche se siamo all\u2019opposizione. I vecchi partiti stanno attraversando una crisi di identit\u00e0 in tutta Europa, dal momento che gli elettori non hanno pi\u00f9 fiducia nei politici e non si sentono pi\u00f9 rappresentati da essi.<\/p>\n<p style=\"text-align: justify;\"><strong>D. Cosa pensa della Dottrina sociale della Chiesa, andrebbe riscoperta e ritiene sia attuabile nell\u2019azione politico-economica attuale?<\/strong><\/p>\n<p style=\"text-align: justify;\"><strong>R.<\/strong> La Dottrina sociale della Chiesa si manifesta in tutto il lavoro che svolge per il bene del genere umano. La Chiesa Cattolica ha una responsabilit\u00e0 sociale e penso che sia uno dei pilastri della societ\u00e0. Tutti noi abbiamo la responsabilit\u00e0 di come si manifesta il mondo di oggi.<\/p>\n<p style=\"text-align: justify;\"><strong>D. Come mai un libro dal titolo \u201cHo scelto la Romania. La mia storia\u201d?<\/strong><\/p>\n<p style=\"text-align: justify;\"><strong>R.<\/strong> Io appartengo alla categoria di coloro che pubblicano le proprie memorie in vita. Sono una persona aperta, non ho nulla da nascondere e mi sembra naturale parlare delle esperienze attraverso le quali sono passata finora nella mia vita. Voglio che i romeni mi conoscano e condividano le gioie, le amarezze, i sogni e le speranze degli anni che ho vissuto. \u201cHo scelto la Romania\u201d \u00e8 la mia convinzione, ma in realt\u00e0 credo che, in larga misura, la Romania abbia scelto me! Ho solo avuto fiducia nei segni che si sono manifestati nel mio cammino verso la Romania. \u201c<em>Rien n&#8217;est hasard<\/em>\u201d, nulla \u00e8 per caso, credo sia per i francesi che per i romeni.<\/p>\n<p style=\"text-align: justify;\"><strong>D. Cosa pensa riguardo al ruolo, spesso contrario all\u2019integrit\u00e0 della famiglia e alla sacralit\u00e0 della vita, di alcune Istituzioni e rappresentanti dell\u2019Unione europea?<\/strong><\/p>\n<p style=\"text-align: justify;\"><strong>R.<\/strong> Penso che il mondo sia in costante cambiamento e che abbiamo bisogno di adattarci continuamente a nuove idee e a tutto ci\u00f2 che ci aiuta a progredire. Ma con tutto il rispetto per coloro che hanno opinioni diverse sulla famiglia, posso dire che i miei principi, i valori in cui credo, non li cambio n\u00e9 sono disposta a negoziarli come si fa in Borsa per diventare pi\u00f9 popolare. La famiglia per me \u00e8 sacra e la vita \u00e8 il pi\u00f9 importante tra i valori. Ogni individuo ha diritto di dire quello che pensa su qualsiasi argomento. Tuttavia penso che le persone abbiano bisogno di parlare di pi\u00f9 l\u2019uno con l&#8217;altro, perch\u00e9 molto spesso si creano lotte sterili e scontri che non portano ad alcun risultato concreto. Me ne rammarico e credo che l\u2019Unione europea abbia bisogno di rafforzare i valori fondamentali, i valori tradizionali dell\u2019Europa. La situazione esplosiva sul piano internazionale ha a che fare con tutte le deroghe che sono state fatte in nome del cosiddetto &#8220;politicamente corretto&#8221;. In realt\u00e0, abbiamo bisogno di essere onesti e penso anche di poter dire coraggiosi di fronte alle persone e non per una questione di immagine che ci consenta di ottenere guadagni politici effimeri.<\/p>\n<p style=\"text-align: justify;\"><strong>D. Ha mai sentito parlare del \u201cPopolo della Famiglia\u201d italiano e di Mario Adinolfi?<\/strong><\/p>\n<p style=\"text-align: justify;\"><strong>R.<\/strong> Tenga presente che ogni giorno imparo nuove cose e mi do da fare per essere al corrente di tutte le novit\u00e0. \u201cIl Popolo della Famiglia\u201d \u00e8 un nuovo partito fondato nel 2016 in Italia ed ha organizzato numerose conferenze ed eventi circa la resistenza della famiglia e la promozione dei suoi valori. Il signor Mario Adinolfi \u00e8 il presidente del partito \u201cIl Popolo della Famiglia\u201d.<\/p>\n","protected":false},"excerpt":{"rendered":"<p>La Croce quotidiano 5 aprile 2017 Abbiamo intervistato Clotilde Armand, co-fondatrice e vice presidente dell\u2019Unione per la salvezza della Romania (USR), il nuovo partito che ha raccolto al suo debutto alle urne il consenso di un rumeno su dieci al grido di \u201cOnest\u00e0 e competenza\u201d. \u00abLa famiglia per me \u00e8 sacra ed \u00e8 il pi\u00f9 &hellip; <\/p>\n<p><a class=\"more-link btn\" href=\"https:\/\/www.rassegnastampa-totustuus.it\/cattolica\/la-speranza-del-cambiamento-in-romania\/\">Continua a leggere<\/a><\/p>\n","protected":false},"author":6,"featured_media":37523,"comment_status":"closed","ping_status":"closed","sticky":false,"template":"","format":"standard","meta":{"footnotes":""},"categories":[108],"tags":[547],"class_list":["post-37522","post","type-post","status-publish","format-standard","has-post-thumbnail","hentry","category-paesi-e-continenti","tag-romania","item-wrap"],"yoast_head":"<!-- This site is optimized with the Yoast SEO plugin v27.5 - https:\/\/yoast.com\/product\/yoast-seo-wordpress\/ -->\n<title>La speranza del cambiamento in Romania - Rassegna Stampa Cattolica<\/title>\n<meta name=\"description\" content=\"Rassegna Stampa Cattolica - Per una cultura che nasce dalla Rivelazione cristiana in conformit\u00e0 alla tradizione e al Magistero della Chiesa in opposizione ad ogni relativismo e totalitarismo\" \/>\n<meta name=\"robots\" content=\"index, follow, max-snippet:-1, max-image-preview:large, max-video-preview:-1\" \/>\n<link rel=\"canonical\" href=\"https:\/\/www.rassegnastampa-totustuus.it\/cattolica\/la-speranza-del-cambiamento-in-romania\/\" \/>\n<meta property=\"og:locale\" content=\"it_IT\" \/>\n<meta property=\"og:type\" content=\"article\" \/>\n<meta property=\"og:title\" content=\"La speranza del cambiamento in Romania - Rassegna Stampa Cattolica\" \/>\n<meta property=\"og:description\" content=\"Rassegna Stampa Cattolica - Per una cultura che nasce dalla Rivelazione cristiana in conformit\u00e0 alla tradizione e al Magistero della Chiesa in opposizione ad ogni relativismo e totalitarismo\" \/>\n<meta property=\"og:url\" content=\"https:\/\/www.rassegnastampa-totustuus.it\/cattolica\/la-speranza-del-cambiamento-in-romania\/\" \/>\n<meta property=\"og:site_name\" content=\"Rassegna Stampa Cattolica\" \/>\n<meta property=\"article:publisher\" content=\"https:\/\/www.facebook.com\/rassegnastampacattolica\" \/>\n<meta property=\"article:published_time\" content=\"2017-04-12T22:00:49+00:00\" \/>\n<meta property=\"og:image\" content=\"https:\/\/www.rassegnastampa-totustuus.it\/cattolica\/wp-content\/uploads\/2017\/04\/Clotilde_Armand.jpg\" \/>\n\t<meta property=\"og:image:width\" content=\"286\" \/>\n\t<meta property=\"og:image:height\" content=\"176\" \/>\n\t<meta property=\"og:image:type\" content=\"image\/jpeg\" \/>\n<meta name=\"author\" content=\"Redazione\" \/>\n<meta name=\"twitter:card\" content=\"summary_large_image\" \/>\n<meta name=\"twitter:creator\" content=\"@rassegnastampa9\" \/>\n<meta name=\"twitter:site\" content=\"@rassegnastampa9\" \/>\n<meta name=\"twitter:label1\" content=\"Scritto da\" \/>\n\t<meta name=\"twitter:data1\" content=\"Redazione\" \/>\n\t<meta name=\"twitter:label2\" content=\"Tempo di lettura stimato\" \/>\n\t<meta name=\"twitter:data2\" content=\"9 minuti\" \/>\n<script type=\"application\/ld+json\" class=\"yoast-schema-graph\">{\"@context\":\"https:\\\/\\\/schema.org\",\"@graph\":[{\"@type\":\"Article\",\"@id\":\"https:\\\/\\\/www.rassegnastampa-totustuus.it\\\/cattolica\\\/la-speranza-del-cambiamento-in-romania\\\/#article\",\"isPartOf\":{\"@id\":\"https:\\\/\\\/www.rassegnastampa-totustuus.it\\\/cattolica\\\/la-speranza-del-cambiamento-in-romania\\\/\"},\"author\":{\"name\":\"Redazione\",\"@id\":\"https:\\\/\\\/www.rassegnastampa-totustuus.it\\\/cattolica\\\/#\\\/schema\\\/person\\\/08f319d2bd1a0904ad9e2bfb7b15e5c3\"},\"headline\":\"La speranza del cambiamento in Romania\",\"datePublished\":\"2017-04-12T22:00:49+00:00\",\"mainEntityOfPage\":{\"@id\":\"https:\\\/\\\/www.rassegnastampa-totustuus.it\\\/cattolica\\\/la-speranza-del-cambiamento-in-romania\\\/\"},\"wordCount\":1746,\"publisher\":{\"@id\":\"https:\\\/\\\/www.rassegnastampa-totustuus.it\\\/cattolica\\\/#organization\"},\"image\":{\"@id\":\"https:\\\/\\\/www.rassegnastampa-totustuus.it\\\/cattolica\\\/la-speranza-del-cambiamento-in-romania\\\/#primaryimage\"},\"thumbnailUrl\":\"https:\\\/\\\/www.rassegnastampa-totustuus.it\\\/cattolica\\\/wp-content\\\/uploads\\\/2017\\\/04\\\/Clotilde_Armand.jpg\",\"keywords\":[\"Romania\"],\"articleSection\":[\"Paesi e continenti\"],\"inLanguage\":\"it-IT\"},{\"@type\":\"WebPage\",\"@id\":\"https:\\\/\\\/www.rassegnastampa-totustuus.it\\\/cattolica\\\/la-speranza-del-cambiamento-in-romania\\\/\",\"url\":\"https:\\\/\\\/www.rassegnastampa-totustuus.it\\\/cattolica\\\/la-speranza-del-cambiamento-in-romania\\\/\",\"name\":\"La speranza del cambiamento in Romania - Rassegna Stampa Cattolica\",\"isPartOf\":{\"@id\":\"https:\\\/\\\/www.rassegnastampa-totustuus.it\\\/cattolica\\\/#website\"},\"primaryImageOfPage\":{\"@id\":\"https:\\\/\\\/www.rassegnastampa-totustuus.it\\\/cattolica\\\/la-speranza-del-cambiamento-in-romania\\\/#primaryimage\"},\"image\":{\"@id\":\"https:\\\/\\\/www.rassegnastampa-totustuus.it\\\/cattolica\\\/la-speranza-del-cambiamento-in-romania\\\/#primaryimage\"},\"thumbnailUrl\":\"https:\\\/\\\/www.rassegnastampa-totustuus.it\\\/cattolica\\\/wp-content\\\/uploads\\\/2017\\\/04\\\/Clotilde_Armand.jpg\",\"datePublished\":\"2017-04-12T22:00:49+00:00\",\"description\":\"Rassegna Stampa Cattolica - Per una cultura che nasce dalla Rivelazione cristiana in conformit\u00e0 alla tradizione e al Magistero della Chiesa in opposizione ad ogni relativismo e totalitarismo\",\"breadcrumb\":{\"@id\":\"https:\\\/\\\/www.rassegnastampa-totustuus.it\\\/cattolica\\\/la-speranza-del-cambiamento-in-romania\\\/#breadcrumb\"},\"inLanguage\":\"it-IT\",\"potentialAction\":[{\"@type\":\"ReadAction\",\"target\":[\"https:\\\/\\\/www.rassegnastampa-totustuus.it\\\/cattolica\\\/la-speranza-del-cambiamento-in-romania\\\/\"]}]},{\"@type\":\"ImageObject\",\"inLanguage\":\"it-IT\",\"@id\":\"https:\\\/\\\/www.rassegnastampa-totustuus.it\\\/cattolica\\\/la-speranza-del-cambiamento-in-romania\\\/#primaryimage\",\"url\":\"https:\\\/\\\/www.rassegnastampa-totustuus.it\\\/cattolica\\\/wp-content\\\/uploads\\\/2017\\\/04\\\/Clotilde_Armand.jpg\",\"contentUrl\":\"https:\\\/\\\/www.rassegnastampa-totustuus.it\\\/cattolica\\\/wp-content\\\/uploads\\\/2017\\\/04\\\/Clotilde_Armand.jpg\",\"width\":286,\"height\":176},{\"@type\":\"BreadcrumbList\",\"@id\":\"https:\\\/\\\/www.rassegnastampa-totustuus.it\\\/cattolica\\\/la-speranza-del-cambiamento-in-romania\\\/#breadcrumb\",\"itemListElement\":[{\"@type\":\"ListItem\",\"position\":1,\"name\":\"Home\",\"item\":\"https:\\\/\\\/www.rassegnastampa-totustuus.it\\\/cattolica\\\/\"},{\"@type\":\"ListItem\",\"position\":2,\"name\":\"La speranza del cambiamento in Romania\"}]},{\"@type\":\"WebSite\",\"@id\":\"https:\\\/\\\/www.rassegnastampa-totustuus.it\\\/cattolica\\\/#website\",\"url\":\"https:\\\/\\\/www.rassegnastampa-totustuus.it\\\/cattolica\\\/\",\"name\":\"Rassegna Stampa Cattolica\",\"description\":\"Per una cultura che nasce dalla Rivelazione cristiana in conformit\u00e0 alla tradizione e al Magistero della Chiesa in opposizione ad ogni relativismo e totalitarismo\",\"publisher\":{\"@id\":\"https:\\\/\\\/www.rassegnastampa-totustuus.it\\\/cattolica\\\/#organization\"},\"alternateName\":\"Rass. Cattolica\",\"potentialAction\":[{\"@type\":\"SearchAction\",\"target\":{\"@type\":\"EntryPoint\",\"urlTemplate\":\"https:\\\/\\\/www.rassegnastampa-totustuus.it\\\/cattolica\\\/?s={search_term_string}\"},\"query-input\":{\"@type\":\"PropertyValueSpecification\",\"valueRequired\":true,\"valueName\":\"search_term_string\"}}],\"inLanguage\":\"it-IT\"},{\"@type\":\"Organization\",\"@id\":\"https:\\\/\\\/www.rassegnastampa-totustuus.it\\\/cattolica\\\/#organization\",\"name\":\"Rassegna Stampa Cattolica\",\"url\":\"https:\\\/\\\/www.rassegnastampa-totustuus.it\\\/cattolica\\\/\",\"logo\":{\"@type\":\"ImageObject\",\"inLanguage\":\"it-IT\",\"@id\":\"https:\\\/\\\/www.rassegnastampa-totustuus.it\\\/cattolica\\\/#\\\/schema\\\/logo\\\/image\\\/\",\"url\":\"https:\\\/\\\/www.rassegnastampa-totustuus.it\\\/cattolica\\\/wp-content\\\/uploads\\\/2014\\\/04\\\/logo-rassegna1.gif\",\"contentUrl\":\"https:\\\/\\\/www.rassegnastampa-totustuus.it\\\/cattolica\\\/wp-content\\\/uploads\\\/2014\\\/04\\\/logo-rassegna1.gif\",\"width\":600,\"height\":163,\"caption\":\"Rassegna Stampa Cattolica\"},\"image\":{\"@id\":\"https:\\\/\\\/www.rassegnastampa-totustuus.it\\\/cattolica\\\/#\\\/schema\\\/logo\\\/image\\\/\"},\"sameAs\":[\"https:\\\/\\\/www.facebook.com\\\/rassegnastampacattolica\",\"https:\\\/\\\/x.com\\\/rassegnastampa9\"]},{\"@type\":\"Person\",\"@id\":\"https:\\\/\\\/www.rassegnastampa-totustuus.it\\\/cattolica\\\/#\\\/schema\\\/person\\\/08f319d2bd1a0904ad9e2bfb7b15e5c3\",\"name\":\"Redazione\",\"image\":{\"@type\":\"ImageObject\",\"inLanguage\":\"it-IT\",\"@id\":\"https:\\\/\\\/secure.gravatar.com\\\/avatar\\\/2fcdf27c78ea025fbdb44e914cc63c72249ffec9dc8aafd5c82b26240ef3f346?s=96&d=mm&r=g\",\"url\":\"https:\\\/\\\/secure.gravatar.com\\\/avatar\\\/2fcdf27c78ea025fbdb44e914cc63c72249ffec9dc8aafd5c82b26240ef3f346?s=96&d=mm&r=g\",\"contentUrl\":\"https:\\\/\\\/secure.gravatar.com\\\/avatar\\\/2fcdf27c78ea025fbdb44e914cc63c72249ffec9dc8aafd5c82b26240ef3f346?s=96&d=mm&r=g\",\"caption\":\"Redazione\"},\"url\":\"https:\\\/\\\/www.rassegnastampa-totustuus.it\\\/cattolica\\\/author\\\/pietroelle\\\/\"}]}<\/script>\n<!-- \/ Yoast SEO plugin. -->","yoast_head_json":{"title":"La speranza del cambiamento in Romania - Rassegna Stampa Cattolica","description":"Rassegna Stampa Cattolica - Per una cultura che nasce dalla Rivelazione cristiana in conformit\u00e0 alla tradizione e al Magistero della Chiesa in opposizione ad ogni relativismo e totalitarismo","robots":{"index":"index","follow":"follow","max-snippet":"max-snippet:-1","max-image-preview":"max-image-preview:large","max-video-preview":"max-video-preview:-1"},"canonical":"https:\/\/www.rassegnastampa-totustuus.it\/cattolica\/la-speranza-del-cambiamento-in-romania\/","og_locale":"it_IT","og_type":"article","og_title":"La speranza del cambiamento in Romania - Rassegna Stampa Cattolica","og_description":"Rassegna Stampa Cattolica - Per una cultura che nasce dalla Rivelazione cristiana in conformit\u00e0 alla tradizione e al Magistero della Chiesa in opposizione ad ogni relativismo e totalitarismo","og_url":"https:\/\/www.rassegnastampa-totustuus.it\/cattolica\/la-speranza-del-cambiamento-in-romania\/","og_site_name":"Rassegna Stampa Cattolica","article_publisher":"https:\/\/www.facebook.com\/rassegnastampacattolica","article_published_time":"2017-04-12T22:00:49+00:00","og_image":[{"width":286,"height":176,"url":"https:\/\/www.rassegnastampa-totustuus.it\/cattolica\/wp-content\/uploads\/2017\/04\/Clotilde_Armand.jpg","type":"image\/jpeg"}],"author":"Redazione","twitter_card":"summary_large_image","twitter_creator":"@rassegnastampa9","twitter_site":"@rassegnastampa9","twitter_misc":{"Scritto da":"Redazione","Tempo di lettura stimato":"9 minuti"},"schema":{"@context":"https:\/\/schema.org","@graph":[{"@type":"Article","@id":"https:\/\/www.rassegnastampa-totustuus.it\/cattolica\/la-speranza-del-cambiamento-in-romania\/#article","isPartOf":{"@id":"https:\/\/www.rassegnastampa-totustuus.it\/cattolica\/la-speranza-del-cambiamento-in-romania\/"},"author":{"name":"Redazione","@id":"https:\/\/www.rassegnastampa-totustuus.it\/cattolica\/#\/schema\/person\/08f319d2bd1a0904ad9e2bfb7b15e5c3"},"headline":"La speranza del cambiamento in Romania","datePublished":"2017-04-12T22:00:49+00:00","mainEntityOfPage":{"@id":"https:\/\/www.rassegnastampa-totustuus.it\/cattolica\/la-speranza-del-cambiamento-in-romania\/"},"wordCount":1746,"publisher":{"@id":"https:\/\/www.rassegnastampa-totustuus.it\/cattolica\/#organization"},"image":{"@id":"https:\/\/www.rassegnastampa-totustuus.it\/cattolica\/la-speranza-del-cambiamento-in-romania\/#primaryimage"},"thumbnailUrl":"https:\/\/www.rassegnastampa-totustuus.it\/cattolica\/wp-content\/uploads\/2017\/04\/Clotilde_Armand.jpg","keywords":["Romania"],"articleSection":["Paesi e continenti"],"inLanguage":"it-IT"},{"@type":"WebPage","@id":"https:\/\/www.rassegnastampa-totustuus.it\/cattolica\/la-speranza-del-cambiamento-in-romania\/","url":"https:\/\/www.rassegnastampa-totustuus.it\/cattolica\/la-speranza-del-cambiamento-in-romania\/","name":"La speranza del cambiamento in Romania - Rassegna Stampa Cattolica","isPartOf":{"@id":"https:\/\/www.rassegnastampa-totustuus.it\/cattolica\/#website"},"primaryImageOfPage":{"@id":"https:\/\/www.rassegnastampa-totustuus.it\/cattolica\/la-speranza-del-cambiamento-in-romania\/#primaryimage"},"image":{"@id":"https:\/\/www.rassegnastampa-totustuus.it\/cattolica\/la-speranza-del-cambiamento-in-romania\/#primaryimage"},"thumbnailUrl":"https:\/\/www.rassegnastampa-totustuus.it\/cattolica\/wp-content\/uploads\/2017\/04\/Clotilde_Armand.jpg","datePublished":"2017-04-12T22:00:49+00:00","description":"Rassegna Stampa Cattolica - Per una cultura che nasce dalla Rivelazione cristiana in conformit\u00e0 alla tradizione e al Magistero della Chiesa in opposizione ad ogni relativismo e totalitarismo","breadcrumb":{"@id":"https:\/\/www.rassegnastampa-totustuus.it\/cattolica\/la-speranza-del-cambiamento-in-romania\/#breadcrumb"},"inLanguage":"it-IT","potentialAction":[{"@type":"ReadAction","target":["https:\/\/www.rassegnastampa-totustuus.it\/cattolica\/la-speranza-del-cambiamento-in-romania\/"]}]},{"@type":"ImageObject","inLanguage":"it-IT","@id":"https:\/\/www.rassegnastampa-totustuus.it\/cattolica\/la-speranza-del-cambiamento-in-romania\/#primaryimage","url":"https:\/\/www.rassegnastampa-totustuus.it\/cattolica\/wp-content\/uploads\/2017\/04\/Clotilde_Armand.jpg","contentUrl":"https:\/\/www.rassegnastampa-totustuus.it\/cattolica\/wp-content\/uploads\/2017\/04\/Clotilde_Armand.jpg","width":286,"height":176},{"@type":"BreadcrumbList","@id":"https:\/\/www.rassegnastampa-totustuus.it\/cattolica\/la-speranza-del-cambiamento-in-romania\/#breadcrumb","itemListElement":[{"@type":"ListItem","position":1,"name":"Home","item":"https:\/\/www.rassegnastampa-totustuus.it\/cattolica\/"},{"@type":"ListItem","position":2,"name":"La speranza del cambiamento in Romania"}]},{"@type":"WebSite","@id":"https:\/\/www.rassegnastampa-totustuus.it\/cattolica\/#website","url":"https:\/\/www.rassegnastampa-totustuus.it\/cattolica\/","name":"Rassegna Stampa Cattolica","description":"Per una cultura che nasce dalla Rivelazione cristiana in conformit\u00e0 alla tradizione e al Magistero della Chiesa in opposizione ad ogni relativismo e totalitarismo","publisher":{"@id":"https:\/\/www.rassegnastampa-totustuus.it\/cattolica\/#organization"},"alternateName":"Rass. Cattolica","potentialAction":[{"@type":"SearchAction","target":{"@type":"EntryPoint","urlTemplate":"https:\/\/www.rassegnastampa-totustuus.it\/cattolica\/?s={search_term_string}"},"query-input":{"@type":"PropertyValueSpecification","valueRequired":true,"valueName":"search_term_string"}}],"inLanguage":"it-IT"},{"@type":"Organization","@id":"https:\/\/www.rassegnastampa-totustuus.it\/cattolica\/#organization","name":"Rassegna Stampa Cattolica","url":"https:\/\/www.rassegnastampa-totustuus.it\/cattolica\/","logo":{"@type":"ImageObject","inLanguage":"it-IT","@id":"https:\/\/www.rassegnastampa-totustuus.it\/cattolica\/#\/schema\/logo\/image\/","url":"https:\/\/www.rassegnastampa-totustuus.it\/cattolica\/wp-content\/uploads\/2014\/04\/logo-rassegna1.gif","contentUrl":"https:\/\/www.rassegnastampa-totustuus.it\/cattolica\/wp-content\/uploads\/2014\/04\/logo-rassegna1.gif","width":600,"height":163,"caption":"Rassegna Stampa Cattolica"},"image":{"@id":"https:\/\/www.rassegnastampa-totustuus.it\/cattolica\/#\/schema\/logo\/image\/"},"sameAs":["https:\/\/www.facebook.com\/rassegnastampacattolica","https:\/\/x.com\/rassegnastampa9"]},{"@type":"Person","@id":"https:\/\/www.rassegnastampa-totustuus.it\/cattolica\/#\/schema\/person\/08f319d2bd1a0904ad9e2bfb7b15e5c3","name":"Redazione","image":{"@type":"ImageObject","inLanguage":"it-IT","@id":"https:\/\/secure.gravatar.com\/avatar\/2fcdf27c78ea025fbdb44e914cc63c72249ffec9dc8aafd5c82b26240ef3f346?s=96&d=mm&r=g","url":"https:\/\/secure.gravatar.com\/avatar\/2fcdf27c78ea025fbdb44e914cc63c72249ffec9dc8aafd5c82b26240ef3f346?s=96&d=mm&r=g","contentUrl":"https:\/\/secure.gravatar.com\/avatar\/2fcdf27c78ea025fbdb44e914cc63c72249ffec9dc8aafd5c82b26240ef3f346?s=96&d=mm&r=g","caption":"Redazione"},"url":"https:\/\/www.rassegnastampa-totustuus.it\/cattolica\/author\/pietroelle\/"}]}},"_links":{"self":[{"href":"https:\/\/www.rassegnastampa-totustuus.it\/cattolica\/wp-json\/wp\/v2\/posts\/37522","targetHints":{"allow":["GET"]}}],"collection":[{"href":"https:\/\/www.rassegnastampa-totustuus.it\/cattolica\/wp-json\/wp\/v2\/posts"}],"about":[{"href":"https:\/\/www.rassegnastampa-totustuus.it\/cattolica\/wp-json\/wp\/v2\/types\/post"}],"author":[{"embeddable":true,"href":"https:\/\/www.rassegnastampa-totustuus.it\/cattolica\/wp-json\/wp\/v2\/users\/6"}],"replies":[{"embeddable":true,"href":"https:\/\/www.rassegnastampa-totustuus.it\/cattolica\/wp-json\/wp\/v2\/comments?post=37522"}],"version-history":[{"count":1,"href":"https:\/\/www.rassegnastampa-totustuus.it\/cattolica\/wp-json\/wp\/v2\/posts\/37522\/revisions"}],"predecessor-version":[{"id":37524,"href":"https:\/\/www.rassegnastampa-totustuus.it\/cattolica\/wp-json\/wp\/v2\/posts\/37522\/revisions\/37524"}],"wp:featuredmedia":[{"embeddable":true,"href":"https:\/\/www.rassegnastampa-totustuus.it\/cattolica\/wp-json\/wp\/v2\/media\/37523"}],"wp:attachment":[{"href":"https:\/\/www.rassegnastampa-totustuus.it\/cattolica\/wp-json\/wp\/v2\/media?parent=37522"}],"wp:term":[{"taxonomy":"category","embeddable":true,"href":"https:\/\/www.rassegnastampa-totustuus.it\/cattolica\/wp-json\/wp\/v2\/categories?post=37522"},{"taxonomy":"post_tag","embeddable":true,"href":"https:\/\/www.rassegnastampa-totustuus.it\/cattolica\/wp-json\/wp\/v2\/tags?post=37522"}],"curies":[{"name":"wp","href":"https:\/\/api.w.org\/{rel}","templated":true}]}}