{"id":37486,"date":"2017-04-06T00:00:56","date_gmt":"2017-04-05T22:00:56","guid":{"rendered":"http:\/\/www.rassegnastampa-totustuus.it\/cattolica\/?p=37486"},"modified":"2017-04-03T11:31:32","modified_gmt":"2017-04-03T09:31:32","slug":"ora-per-avvenire-va-bene-la-morte-di-eluana-englaro","status":"publish","type":"post","link":"https:\/\/www.rassegnastampa-totustuus.it\/cattolica\/ora-per-avvenire-va-bene-la-morte-di-eluana-englaro\/","title":{"rendered":"Ora per Avvenire va bene la morte di Eluana Englaro"},"content":{"rendered":"<p style=\"text-align: center;\"><strong><img loading=\"lazy\" decoding=\"async\" class=\"alignleft wp-image-37487 size-full\" src=\"https:\/\/www.rassegnastampa-totustuus.it\/cattolica\/wp-content\/uploads\/2017\/04\/eutanasia.jpg\" alt=\"eutanasia\" width=\"239\" height=\"211\" \/>La Nuova Bussola quotidiana<\/strong><\/p>\n<p style=\"text-align: center;\">1 Aprile 2017<\/p>\n<p style=\"text-align: center;\">di <strong>Giacomo Rocchi<\/strong><\/p>\n<p style=\"text-align: center;\">(<em>Consigliere della Corte di Cassazione<\/em>)<\/p>\n<p style=\"text-align: justify;\">L&#8217;articolo del professor Francesco D&#8217;Agostino apparso su Avvenire del 30 marzo e gi\u00e0 commentato dalla Bussola ieri, contiene un passaggio &#8220;pesante&#8221;: \u00abIl disegno di legge non \u00e8 in alcun modo finalizzato a introdurre in Italia una normativa che legalizzi l\u2019eutanasia. Questo \u00e8 ci\u00f2 che invece sostengono alcuni tra i suoi avversari, ma per farlo devono interpretarlo in modo forzato. Onest\u00e0 vuole che una legge vada valutata per ci\u00f2 che dice e non per ci\u00f2 che potrebbe farle dire un interprete subdolo o malevolo\u00bb.<\/p>\n<p style=\"text-align: justify;\"><!--more--><\/p>\n<p style=\"text-align: justify;\">Visto che il mio lavoro \u00e8 di interpretare ed applicare le leggi (non di fare il filosofo), propongo al prof. D&#8217;Agostino (e ai nostri lettori) una &#8220;prova sul campo&#8221; del progetto di legge in discussione: vediamo come funzionerebbe. Prima, per\u00f2, faccio una domanda: cosa \u00e8 avvenuto con l&#8217;uccisione di Eluana Englaro? Rispondo: una disabile in stato di incoscienza, dopo essere stata interdetta, \u00e8 stata fatta morire interrompendo nutrizione e idratazione per decisione del padre\/tutore cui hanno dato attuazione medici e paramedici. La disabile non era malata n\u00e9, tanto meno, prossima alla morte.<\/p>\n<p style=\"text-align: justify;\">Io questa la definisco eutanasia: l&#8217;uccisione di una disabile decisa da chi riteneva che ella fosse \u00abmorta il giorno dell&#8217;incidente stradale\u00bb, resa possibile da un ordine dei giudici e da sanitari che eseguivano la decisione del tutore. Non so come la definisca il prof. D&#8217;Agostino. E allora, vediamo cosa dice l&#8217;articolo 2 del progetto di legge: \u00abIl consenso informato della persona interdetta ai sensi dell&#8217;articolo 414 del codice civile \u00e8 espresso o rifiutato dal tutore, sentito l&#8217;interdetto ove possibile, avendo come scopo la tutela della salute psicofisica e della vita della persona\u00bb.<\/p>\n<p style=\"text-align: justify;\"><img loading=\"lazy\" decoding=\"async\" class=\"size-full wp-image-32161 alignright\" src=\"https:\/\/www.rassegnastampa-totustuus.it\/cattolica\/wp-content\/uploads\/2009\/04\/eutanasia.jpg\" alt=\"eutanasia\" width=\"240\" height=\"172\" \/>Quindi abbiamo un tutore (come era Beppino Englaro) che pu\u00f2 rifiutare le terapie erogate all&#8217;interdetta (come era Eluana Englaro). Pu\u00f2 rifiutare anche la prosecuzione di nutrizione e idratazione? Certamente s\u00ec: lo dice l&#8217;art. 1, menzionando \u00abil diritto di revocare in qualsiasi momento (\u2026) il consenso prestato, anche quando la revoca comporti l&#8217;interruzione del trattamento, incluse la nutrizione e l&#8217;idratazione artificiali\u00bb.<\/p>\n<p style=\"text-align: justify;\">E i medici, di fronte a questo rifiuto di proseguire nella nutrizione e idratazione, cosa faranno? Il principio generale \u00e8 che \u00abil medico \u00e8 tenuto a rispettare la volont\u00e0 espressa dal paziente (e quindi del tutore) di rifiutare il trattamento sanitario o di rinunciare al medesimo\u00bb; tuttavia, nel caso degli incapaci, se il tutore \u00abrifiuti le cure proposte e il medico ritenga invece che queste siano appropriate e necessarie, la decisione \u00e8 rimessa al giudice tutelare su ricorso del rappresentante legale della persona interessata o del medico o del rappresentante legale della struttura sanitaria\u00bb.<\/p>\n<p style=\"text-align: justify;\">Come funziona questa norma? \u00c8 semplice: il medico non \u00e8 obbligato a ricorrere al giudice tutelare se \u00e8 d&#8217;accordo con la decisione del tutore e, quindi, pu\u00f2 semplicemente interrompere la nutrizione e idratazione all&#8217;incapace, cio\u00e8 ucciderlo. Per uccidere Eluana Englaro furono necessari la volont\u00e0 del tutore di farla morire, diverse pronunce della magistratura (l&#8217;ultima quella della Corte d&#8217;appello di Milano che diede il via libera finale) e un gruppo di medici e paramedici che concordavano con la decisione di Beppino Englaro e la eseguirono.<\/p>\n<p style=\"text-align: justify;\">Con questa legge, per ottenere lo stesso risultato nei confronti di altri disabili, non sar\u00e0 necessaria una sentenza dei giudici: baster\u00e0 un tutore (o il genitore di un minore o di un neonato) e un medico che \u00e8 d&#8217;accordo con lui e che non far\u00e0 alcuna opposizione; un medico che il tutore potr\u00e0 scegliere (la scelta del medico curante, come \u00e8 noto, \u00e8 libera).<\/p>\n<p style=\"text-align: justify;\"><img loading=\"lazy\" decoding=\"async\" class=\"size-full wp-image-27558 alignleft\" src=\"https:\/\/www.rassegnastampa-totustuus.it\/cattolica\/wp-content\/uploads\/2006\/04\/eutanasia.jpg\" alt=\"eutanasia\" width=\"285\" height=\"177\" \/>Ci saranno almeno conseguenze penali, verrebbe da dire. La legge, premurosamente, garantisce ai medici che eseguiranno la volont\u00e0 dei tutori l&#8217;esenzione \u00abda responsabilit\u00e0 civile o penale\u00bb; esattamente come \u00e8 avvenuto per la morte procurata di Eluana Englaro. Il prof. D&#8217;Agostino pu\u00f2 smentire questa interpretazione? A me non pare \u00absubdola o malevola\u00bb e nemmeno forzata: \u00e8 una piana applicazione del testo di legge. Ci sarebbero molte altre cose da dire su quell&#8217;articolo e soprattutto sulla proposta di legge in discussione: l&#8217;appello promosso dal Centro Studi Livatino espone chiaramente i motivi per cui si tratta di un disegno che ha un contenuto nella sostanza eutanasico.<\/p>\n<p style=\"text-align: justify;\">Vorrei soltanto sottolineare un aspetto, che il prof. D&#8217;Agostino finge di non comprendere: egli ritiene che la legge in discussione riguardi davvero soltanto i problemi di terapia, i malati gravi e, magari, morenti; quasi che si stia approvando una &#8220;normativa di settore&#8221;, che riguarda poche situazione-limite. Al contrario, l&#8217;eutanasia che si vuole legalizzare (ovviamente senza dirlo) \u00e8 quella dei disabili, degli anziani (soprattutto se poveri o in stato di demenza), dei neonati &#8220;imperfetti&#8221; che, forse, &#8220;non vale la pena&#8221; rianimare per non farli gravare sulla famiglia e sulla societ\u00e0.<\/p>\n<p style=\"text-align: justify;\">In definitiva, il Parlamento ha in mente ciascuno di noi: cosicch\u00e9, se non saremo stati cos\u00ec sciocchi da firmare una disposizione anticipata di trattamento \u2013 il nulla osta ad una rapida liberazione di un posto letto in ospedale o nella casa di riposo \u2026 &#8211; rischieremo ugualmente di doverci difendere da tentativi di farci morire in anticipo, con il timbro dello Stato. \u00abLa storia ci impone di avere coraggio\u00bb, conclude il prof. D&#8217;Agostino. \u00c8 vero: occorre il coraggio della verit\u00e0 integrale (e forse anche il coraggio di dimettersi quando \u00e8 il momento).<\/p>\n","protected":false},"excerpt":{"rendered":"<p>La Nuova Bussola quotidiana 1 Aprile 2017 di Giacomo Rocchi (Consigliere della Corte di Cassazione) L&#8217;articolo del professor Francesco D&#8217;Agostino apparso su Avvenire del 30 marzo e gi\u00e0 commentato dalla Bussola ieri, contiene un passaggio &#8220;pesante&#8221;: \u00abIl disegno di legge non \u00e8 in alcun modo finalizzato a introdurre in Italia una normativa che legalizzi l\u2019eutanasia. &hellip; <\/p>\n<p><a class=\"more-link btn\" href=\"https:\/\/www.rassegnastampa-totustuus.it\/cattolica\/ora-per-avvenire-va-bene-la-morte-di-eluana-englaro\/\">Continua a leggere<\/a><\/p>\n","protected":false},"author":6,"featured_media":37487,"comment_status":"closed","ping_status":"closed","sticky":false,"template":"","format":"standard","meta":{"footnotes":""},"categories":[55],"tags":[142,1581],"class_list":["post-37486","post","type-post","status-publish","format-standard","has-post-thumbnail","hentry","category-eutanasia","tag-dat","tag-fine-vita","item-wrap"],"yoast_head":"<!-- This site is optimized with the Yoast SEO plugin v27.5 - https:\/\/yoast.com\/product\/yoast-seo-wordpress\/ -->\n<title>Ora per Avvenire va bene la morte di Eluana Englaro - Rassegna Stampa Cattolica<\/title>\n<meta name=\"description\" content=\"Rassegna Stampa Cattolica - Per una cultura che nasce dalla Rivelazione cristiana in conformit\u00e0 alla tradizione e al Magistero della Chiesa in opposizione ad ogni relativismo e totalitarismo\" \/>\n<meta name=\"robots\" content=\"index, follow, max-snippet:-1, max-image-preview:large, max-video-preview:-1\" \/>\n<link rel=\"canonical\" href=\"https:\/\/www.rassegnastampa-totustuus.it\/cattolica\/ora-per-avvenire-va-bene-la-morte-di-eluana-englaro\/\" \/>\n<meta property=\"og:locale\" content=\"it_IT\" \/>\n<meta property=\"og:type\" content=\"article\" \/>\n<meta property=\"og:title\" content=\"Ora per Avvenire va bene la morte di Eluana Englaro - Rassegna Stampa Cattolica\" \/>\n<meta property=\"og:description\" content=\"Rassegna Stampa Cattolica - Per una cultura che nasce dalla Rivelazione cristiana in conformit\u00e0 alla tradizione e al Magistero della Chiesa in opposizione ad ogni relativismo e totalitarismo\" \/>\n<meta property=\"og:url\" content=\"https:\/\/www.rassegnastampa-totustuus.it\/cattolica\/ora-per-avvenire-va-bene-la-morte-di-eluana-englaro\/\" \/>\n<meta property=\"og:site_name\" content=\"Rassegna Stampa Cattolica\" \/>\n<meta property=\"article:publisher\" content=\"https:\/\/www.facebook.com\/rassegnastampacattolica\" \/>\n<meta property=\"article:published_time\" content=\"2017-04-05T22:00:56+00:00\" \/>\n<meta property=\"og:image\" content=\"https:\/\/www.rassegnastampa-totustuus.it\/cattolica\/wp-content\/uploads\/2017\/04\/eutanasia.jpg\" \/>\n\t<meta property=\"og:image:width\" content=\"239\" \/>\n\t<meta property=\"og:image:height\" content=\"211\" \/>\n\t<meta property=\"og:image:type\" content=\"image\/jpeg\" \/>\n<meta name=\"author\" content=\"Redazione\" \/>\n<meta name=\"twitter:card\" content=\"summary_large_image\" \/>\n<meta name=\"twitter:creator\" content=\"@rassegnastampa9\" \/>\n<meta name=\"twitter:site\" content=\"@rassegnastampa9\" \/>\n<meta name=\"twitter:label1\" content=\"Scritto da\" \/>\n\t<meta name=\"twitter:data1\" content=\"Redazione\" \/>\n\t<meta name=\"twitter:label2\" content=\"Tempo di lettura stimato\" \/>\n\t<meta name=\"twitter:data2\" content=\"4 minuti\" \/>\n<script type=\"application\/ld+json\" class=\"yoast-schema-graph\">{\"@context\":\"https:\\\/\\\/schema.org\",\"@graph\":[{\"@type\":\"Article\",\"@id\":\"https:\\\/\\\/www.rassegnastampa-totustuus.it\\\/cattolica\\\/ora-per-avvenire-va-bene-la-morte-di-eluana-englaro\\\/#article\",\"isPartOf\":{\"@id\":\"https:\\\/\\\/www.rassegnastampa-totustuus.it\\\/cattolica\\\/ora-per-avvenire-va-bene-la-morte-di-eluana-englaro\\\/\"},\"author\":{\"name\":\"Redazione\",\"@id\":\"https:\\\/\\\/www.rassegnastampa-totustuus.it\\\/cattolica\\\/#\\\/schema\\\/person\\\/08f319d2bd1a0904ad9e2bfb7b15e5c3\"},\"headline\":\"Ora per Avvenire va bene la morte di Eluana Englaro\",\"datePublished\":\"2017-04-05T22:00:56+00:00\",\"mainEntityOfPage\":{\"@id\":\"https:\\\/\\\/www.rassegnastampa-totustuus.it\\\/cattolica\\\/ora-per-avvenire-va-bene-la-morte-di-eluana-englaro\\\/\"},\"wordCount\":877,\"publisher\":{\"@id\":\"https:\\\/\\\/www.rassegnastampa-totustuus.it\\\/cattolica\\\/#organization\"},\"image\":{\"@id\":\"https:\\\/\\\/www.rassegnastampa-totustuus.it\\\/cattolica\\\/ora-per-avvenire-va-bene-la-morte-di-eluana-englaro\\\/#primaryimage\"},\"thumbnailUrl\":\"https:\\\/\\\/www.rassegnastampa-totustuus.it\\\/cattolica\\\/wp-content\\\/uploads\\\/2017\\\/04\\\/eutanasia.jpg\",\"keywords\":[\"dat\",\"fine vita\"],\"articleSection\":[\"Eutanasia\"],\"inLanguage\":\"it-IT\"},{\"@type\":\"WebPage\",\"@id\":\"https:\\\/\\\/www.rassegnastampa-totustuus.it\\\/cattolica\\\/ora-per-avvenire-va-bene-la-morte-di-eluana-englaro\\\/\",\"url\":\"https:\\\/\\\/www.rassegnastampa-totustuus.it\\\/cattolica\\\/ora-per-avvenire-va-bene-la-morte-di-eluana-englaro\\\/\",\"name\":\"Ora per Avvenire va bene la morte di Eluana Englaro - Rassegna Stampa Cattolica\",\"isPartOf\":{\"@id\":\"https:\\\/\\\/www.rassegnastampa-totustuus.it\\\/cattolica\\\/#website\"},\"primaryImageOfPage\":{\"@id\":\"https:\\\/\\\/www.rassegnastampa-totustuus.it\\\/cattolica\\\/ora-per-avvenire-va-bene-la-morte-di-eluana-englaro\\\/#primaryimage\"},\"image\":{\"@id\":\"https:\\\/\\\/www.rassegnastampa-totustuus.it\\\/cattolica\\\/ora-per-avvenire-va-bene-la-morte-di-eluana-englaro\\\/#primaryimage\"},\"thumbnailUrl\":\"https:\\\/\\\/www.rassegnastampa-totustuus.it\\\/cattolica\\\/wp-content\\\/uploads\\\/2017\\\/04\\\/eutanasia.jpg\",\"datePublished\":\"2017-04-05T22:00:56+00:00\",\"description\":\"Rassegna Stampa Cattolica - Per una cultura che nasce dalla Rivelazione cristiana in conformit\u00e0 alla tradizione e al Magistero della Chiesa in opposizione ad ogni relativismo e totalitarismo\",\"breadcrumb\":{\"@id\":\"https:\\\/\\\/www.rassegnastampa-totustuus.it\\\/cattolica\\\/ora-per-avvenire-va-bene-la-morte-di-eluana-englaro\\\/#breadcrumb\"},\"inLanguage\":\"it-IT\",\"potentialAction\":[{\"@type\":\"ReadAction\",\"target\":[\"https:\\\/\\\/www.rassegnastampa-totustuus.it\\\/cattolica\\\/ora-per-avvenire-va-bene-la-morte-di-eluana-englaro\\\/\"]}]},{\"@type\":\"ImageObject\",\"inLanguage\":\"it-IT\",\"@id\":\"https:\\\/\\\/www.rassegnastampa-totustuus.it\\\/cattolica\\\/ora-per-avvenire-va-bene-la-morte-di-eluana-englaro\\\/#primaryimage\",\"url\":\"https:\\\/\\\/www.rassegnastampa-totustuus.it\\\/cattolica\\\/wp-content\\\/uploads\\\/2017\\\/04\\\/eutanasia.jpg\",\"contentUrl\":\"https:\\\/\\\/www.rassegnastampa-totustuus.it\\\/cattolica\\\/wp-content\\\/uploads\\\/2017\\\/04\\\/eutanasia.jpg\",\"width\":239,\"height\":211},{\"@type\":\"BreadcrumbList\",\"@id\":\"https:\\\/\\\/www.rassegnastampa-totustuus.it\\\/cattolica\\\/ora-per-avvenire-va-bene-la-morte-di-eluana-englaro\\\/#breadcrumb\",\"itemListElement\":[{\"@type\":\"ListItem\",\"position\":1,\"name\":\"Home\",\"item\":\"https:\\\/\\\/www.rassegnastampa-totustuus.it\\\/cattolica\\\/\"},{\"@type\":\"ListItem\",\"position\":2,\"name\":\"Ora per Avvenire va bene la morte di Eluana Englaro\"}]},{\"@type\":\"WebSite\",\"@id\":\"https:\\\/\\\/www.rassegnastampa-totustuus.it\\\/cattolica\\\/#website\",\"url\":\"https:\\\/\\\/www.rassegnastampa-totustuus.it\\\/cattolica\\\/\",\"name\":\"Rassegna Stampa Cattolica\",\"description\":\"Per una cultura che nasce dalla Rivelazione cristiana in conformit\u00e0 alla tradizione e al Magistero della Chiesa in opposizione ad ogni relativismo e totalitarismo\",\"publisher\":{\"@id\":\"https:\\\/\\\/www.rassegnastampa-totustuus.it\\\/cattolica\\\/#organization\"},\"alternateName\":\"Rass. Cattolica\",\"potentialAction\":[{\"@type\":\"SearchAction\",\"target\":{\"@type\":\"EntryPoint\",\"urlTemplate\":\"https:\\\/\\\/www.rassegnastampa-totustuus.it\\\/cattolica\\\/?s={search_term_string}\"},\"query-input\":{\"@type\":\"PropertyValueSpecification\",\"valueRequired\":true,\"valueName\":\"search_term_string\"}}],\"inLanguage\":\"it-IT\"},{\"@type\":\"Organization\",\"@id\":\"https:\\\/\\\/www.rassegnastampa-totustuus.it\\\/cattolica\\\/#organization\",\"name\":\"Rassegna Stampa Cattolica\",\"url\":\"https:\\\/\\\/www.rassegnastampa-totustuus.it\\\/cattolica\\\/\",\"logo\":{\"@type\":\"ImageObject\",\"inLanguage\":\"it-IT\",\"@id\":\"https:\\\/\\\/www.rassegnastampa-totustuus.it\\\/cattolica\\\/#\\\/schema\\\/logo\\\/image\\\/\",\"url\":\"https:\\\/\\\/www.rassegnastampa-totustuus.it\\\/cattolica\\\/wp-content\\\/uploads\\\/2014\\\/04\\\/logo-rassegna1.gif\",\"contentUrl\":\"https:\\\/\\\/www.rassegnastampa-totustuus.it\\\/cattolica\\\/wp-content\\\/uploads\\\/2014\\\/04\\\/logo-rassegna1.gif\",\"width\":600,\"height\":163,\"caption\":\"Rassegna Stampa Cattolica\"},\"image\":{\"@id\":\"https:\\\/\\\/www.rassegnastampa-totustuus.it\\\/cattolica\\\/#\\\/schema\\\/logo\\\/image\\\/\"},\"sameAs\":[\"https:\\\/\\\/www.facebook.com\\\/rassegnastampacattolica\",\"https:\\\/\\\/x.com\\\/rassegnastampa9\"]},{\"@type\":\"Person\",\"@id\":\"https:\\\/\\\/www.rassegnastampa-totustuus.it\\\/cattolica\\\/#\\\/schema\\\/person\\\/08f319d2bd1a0904ad9e2bfb7b15e5c3\",\"name\":\"Redazione\",\"image\":{\"@type\":\"ImageObject\",\"inLanguage\":\"it-IT\",\"@id\":\"https:\\\/\\\/secure.gravatar.com\\\/avatar\\\/2fcdf27c78ea025fbdb44e914cc63c72249ffec9dc8aafd5c82b26240ef3f346?s=96&d=mm&r=g\",\"url\":\"https:\\\/\\\/secure.gravatar.com\\\/avatar\\\/2fcdf27c78ea025fbdb44e914cc63c72249ffec9dc8aafd5c82b26240ef3f346?s=96&d=mm&r=g\",\"contentUrl\":\"https:\\\/\\\/secure.gravatar.com\\\/avatar\\\/2fcdf27c78ea025fbdb44e914cc63c72249ffec9dc8aafd5c82b26240ef3f346?s=96&d=mm&r=g\",\"caption\":\"Redazione\"},\"url\":\"https:\\\/\\\/www.rassegnastampa-totustuus.it\\\/cattolica\\\/author\\\/pietroelle\\\/\"}]}<\/script>\n<!-- \/ Yoast SEO plugin. -->","yoast_head_json":{"title":"Ora per Avvenire va bene la morte di Eluana Englaro - Rassegna Stampa Cattolica","description":"Rassegna Stampa Cattolica - Per una cultura che nasce dalla Rivelazione cristiana in conformit\u00e0 alla tradizione e al Magistero della Chiesa in opposizione ad ogni relativismo e totalitarismo","robots":{"index":"index","follow":"follow","max-snippet":"max-snippet:-1","max-image-preview":"max-image-preview:large","max-video-preview":"max-video-preview:-1"},"canonical":"https:\/\/www.rassegnastampa-totustuus.it\/cattolica\/ora-per-avvenire-va-bene-la-morte-di-eluana-englaro\/","og_locale":"it_IT","og_type":"article","og_title":"Ora per Avvenire va bene la morte di Eluana Englaro - Rassegna Stampa Cattolica","og_description":"Rassegna Stampa Cattolica - Per una cultura che nasce dalla Rivelazione cristiana in conformit\u00e0 alla tradizione e al Magistero della Chiesa in opposizione ad ogni relativismo e totalitarismo","og_url":"https:\/\/www.rassegnastampa-totustuus.it\/cattolica\/ora-per-avvenire-va-bene-la-morte-di-eluana-englaro\/","og_site_name":"Rassegna Stampa Cattolica","article_publisher":"https:\/\/www.facebook.com\/rassegnastampacattolica","article_published_time":"2017-04-05T22:00:56+00:00","og_image":[{"width":239,"height":211,"url":"https:\/\/www.rassegnastampa-totustuus.it\/cattolica\/wp-content\/uploads\/2017\/04\/eutanasia.jpg","type":"image\/jpeg"}],"author":"Redazione","twitter_card":"summary_large_image","twitter_creator":"@rassegnastampa9","twitter_site":"@rassegnastampa9","twitter_misc":{"Scritto da":"Redazione","Tempo di lettura stimato":"4 minuti"},"schema":{"@context":"https:\/\/schema.org","@graph":[{"@type":"Article","@id":"https:\/\/www.rassegnastampa-totustuus.it\/cattolica\/ora-per-avvenire-va-bene-la-morte-di-eluana-englaro\/#article","isPartOf":{"@id":"https:\/\/www.rassegnastampa-totustuus.it\/cattolica\/ora-per-avvenire-va-bene-la-morte-di-eluana-englaro\/"},"author":{"name":"Redazione","@id":"https:\/\/www.rassegnastampa-totustuus.it\/cattolica\/#\/schema\/person\/08f319d2bd1a0904ad9e2bfb7b15e5c3"},"headline":"Ora per Avvenire va bene la morte di Eluana Englaro","datePublished":"2017-04-05T22:00:56+00:00","mainEntityOfPage":{"@id":"https:\/\/www.rassegnastampa-totustuus.it\/cattolica\/ora-per-avvenire-va-bene-la-morte-di-eluana-englaro\/"},"wordCount":877,"publisher":{"@id":"https:\/\/www.rassegnastampa-totustuus.it\/cattolica\/#organization"},"image":{"@id":"https:\/\/www.rassegnastampa-totustuus.it\/cattolica\/ora-per-avvenire-va-bene-la-morte-di-eluana-englaro\/#primaryimage"},"thumbnailUrl":"https:\/\/www.rassegnastampa-totustuus.it\/cattolica\/wp-content\/uploads\/2017\/04\/eutanasia.jpg","keywords":["dat","fine vita"],"articleSection":["Eutanasia"],"inLanguage":"it-IT"},{"@type":"WebPage","@id":"https:\/\/www.rassegnastampa-totustuus.it\/cattolica\/ora-per-avvenire-va-bene-la-morte-di-eluana-englaro\/","url":"https:\/\/www.rassegnastampa-totustuus.it\/cattolica\/ora-per-avvenire-va-bene-la-morte-di-eluana-englaro\/","name":"Ora per Avvenire va bene la morte di Eluana Englaro - Rassegna Stampa Cattolica","isPartOf":{"@id":"https:\/\/www.rassegnastampa-totustuus.it\/cattolica\/#website"},"primaryImageOfPage":{"@id":"https:\/\/www.rassegnastampa-totustuus.it\/cattolica\/ora-per-avvenire-va-bene-la-morte-di-eluana-englaro\/#primaryimage"},"image":{"@id":"https:\/\/www.rassegnastampa-totustuus.it\/cattolica\/ora-per-avvenire-va-bene-la-morte-di-eluana-englaro\/#primaryimage"},"thumbnailUrl":"https:\/\/www.rassegnastampa-totustuus.it\/cattolica\/wp-content\/uploads\/2017\/04\/eutanasia.jpg","datePublished":"2017-04-05T22:00:56+00:00","description":"Rassegna Stampa Cattolica - Per una cultura che nasce dalla Rivelazione cristiana in conformit\u00e0 alla tradizione e al Magistero della Chiesa in opposizione ad ogni relativismo e totalitarismo","breadcrumb":{"@id":"https:\/\/www.rassegnastampa-totustuus.it\/cattolica\/ora-per-avvenire-va-bene-la-morte-di-eluana-englaro\/#breadcrumb"},"inLanguage":"it-IT","potentialAction":[{"@type":"ReadAction","target":["https:\/\/www.rassegnastampa-totustuus.it\/cattolica\/ora-per-avvenire-va-bene-la-morte-di-eluana-englaro\/"]}]},{"@type":"ImageObject","inLanguage":"it-IT","@id":"https:\/\/www.rassegnastampa-totustuus.it\/cattolica\/ora-per-avvenire-va-bene-la-morte-di-eluana-englaro\/#primaryimage","url":"https:\/\/www.rassegnastampa-totustuus.it\/cattolica\/wp-content\/uploads\/2017\/04\/eutanasia.jpg","contentUrl":"https:\/\/www.rassegnastampa-totustuus.it\/cattolica\/wp-content\/uploads\/2017\/04\/eutanasia.jpg","width":239,"height":211},{"@type":"BreadcrumbList","@id":"https:\/\/www.rassegnastampa-totustuus.it\/cattolica\/ora-per-avvenire-va-bene-la-morte-di-eluana-englaro\/#breadcrumb","itemListElement":[{"@type":"ListItem","position":1,"name":"Home","item":"https:\/\/www.rassegnastampa-totustuus.it\/cattolica\/"},{"@type":"ListItem","position":2,"name":"Ora per Avvenire va bene la morte di Eluana Englaro"}]},{"@type":"WebSite","@id":"https:\/\/www.rassegnastampa-totustuus.it\/cattolica\/#website","url":"https:\/\/www.rassegnastampa-totustuus.it\/cattolica\/","name":"Rassegna Stampa Cattolica","description":"Per una cultura che nasce dalla Rivelazione cristiana in conformit\u00e0 alla tradizione e al Magistero della Chiesa in opposizione ad ogni relativismo e totalitarismo","publisher":{"@id":"https:\/\/www.rassegnastampa-totustuus.it\/cattolica\/#organization"},"alternateName":"Rass. Cattolica","potentialAction":[{"@type":"SearchAction","target":{"@type":"EntryPoint","urlTemplate":"https:\/\/www.rassegnastampa-totustuus.it\/cattolica\/?s={search_term_string}"},"query-input":{"@type":"PropertyValueSpecification","valueRequired":true,"valueName":"search_term_string"}}],"inLanguage":"it-IT"},{"@type":"Organization","@id":"https:\/\/www.rassegnastampa-totustuus.it\/cattolica\/#organization","name":"Rassegna Stampa Cattolica","url":"https:\/\/www.rassegnastampa-totustuus.it\/cattolica\/","logo":{"@type":"ImageObject","inLanguage":"it-IT","@id":"https:\/\/www.rassegnastampa-totustuus.it\/cattolica\/#\/schema\/logo\/image\/","url":"https:\/\/www.rassegnastampa-totustuus.it\/cattolica\/wp-content\/uploads\/2014\/04\/logo-rassegna1.gif","contentUrl":"https:\/\/www.rassegnastampa-totustuus.it\/cattolica\/wp-content\/uploads\/2014\/04\/logo-rassegna1.gif","width":600,"height":163,"caption":"Rassegna Stampa Cattolica"},"image":{"@id":"https:\/\/www.rassegnastampa-totustuus.it\/cattolica\/#\/schema\/logo\/image\/"},"sameAs":["https:\/\/www.facebook.com\/rassegnastampacattolica","https:\/\/x.com\/rassegnastampa9"]},{"@type":"Person","@id":"https:\/\/www.rassegnastampa-totustuus.it\/cattolica\/#\/schema\/person\/08f319d2bd1a0904ad9e2bfb7b15e5c3","name":"Redazione","image":{"@type":"ImageObject","inLanguage":"it-IT","@id":"https:\/\/secure.gravatar.com\/avatar\/2fcdf27c78ea025fbdb44e914cc63c72249ffec9dc8aafd5c82b26240ef3f346?s=96&d=mm&r=g","url":"https:\/\/secure.gravatar.com\/avatar\/2fcdf27c78ea025fbdb44e914cc63c72249ffec9dc8aafd5c82b26240ef3f346?s=96&d=mm&r=g","contentUrl":"https:\/\/secure.gravatar.com\/avatar\/2fcdf27c78ea025fbdb44e914cc63c72249ffec9dc8aafd5c82b26240ef3f346?s=96&d=mm&r=g","caption":"Redazione"},"url":"https:\/\/www.rassegnastampa-totustuus.it\/cattolica\/author\/pietroelle\/"}]}},"_links":{"self":[{"href":"https:\/\/www.rassegnastampa-totustuus.it\/cattolica\/wp-json\/wp\/v2\/posts\/37486","targetHints":{"allow":["GET"]}}],"collection":[{"href":"https:\/\/www.rassegnastampa-totustuus.it\/cattolica\/wp-json\/wp\/v2\/posts"}],"about":[{"href":"https:\/\/www.rassegnastampa-totustuus.it\/cattolica\/wp-json\/wp\/v2\/types\/post"}],"author":[{"embeddable":true,"href":"https:\/\/www.rassegnastampa-totustuus.it\/cattolica\/wp-json\/wp\/v2\/users\/6"}],"replies":[{"embeddable":true,"href":"https:\/\/www.rassegnastampa-totustuus.it\/cattolica\/wp-json\/wp\/v2\/comments?post=37486"}],"version-history":[{"count":1,"href":"https:\/\/www.rassegnastampa-totustuus.it\/cattolica\/wp-json\/wp\/v2\/posts\/37486\/revisions"}],"predecessor-version":[{"id":37488,"href":"https:\/\/www.rassegnastampa-totustuus.it\/cattolica\/wp-json\/wp\/v2\/posts\/37486\/revisions\/37488"}],"wp:featuredmedia":[{"embeddable":true,"href":"https:\/\/www.rassegnastampa-totustuus.it\/cattolica\/wp-json\/wp\/v2\/media\/37487"}],"wp:attachment":[{"href":"https:\/\/www.rassegnastampa-totustuus.it\/cattolica\/wp-json\/wp\/v2\/media?parent=37486"}],"wp:term":[{"taxonomy":"category","embeddable":true,"href":"https:\/\/www.rassegnastampa-totustuus.it\/cattolica\/wp-json\/wp\/v2\/categories?post=37486"},{"taxonomy":"post_tag","embeddable":true,"href":"https:\/\/www.rassegnastampa-totustuus.it\/cattolica\/wp-json\/wp\/v2\/tags?post=37486"}],"curies":[{"name":"wp","href":"https:\/\/api.w.org\/{rel}","templated":true}]}}