{"id":37448,"date":"2017-03-30T00:00:37","date_gmt":"2017-03-29T22:00:37","guid":{"rendered":"http:\/\/www.rassegnastampa-totustuus.it\/cattolica\/?p=37448"},"modified":"2017-03-24T11:17:16","modified_gmt":"2017-03-24T10:17:16","slug":"alliter-di-legge-sulle-dat-manca-solo-una-cosa-la-protesta-dei-medici","status":"publish","type":"post","link":"https:\/\/www.rassegnastampa-totustuus.it\/cattolica\/alliter-di-legge-sulle-dat-manca-solo-una-cosa-la-protesta-dei-medici\/","title":{"rendered":"All&#8217;iter di legge sulle Dat manca solo una cosa: la protesta dei medici"},"content":{"rendered":"<p style=\"text-align: center;\"><strong><img loading=\"lazy\" decoding=\"async\" class=\"alignright wp-image-37449\" src=\"https:\/\/www.rassegnastampa-totustuus.it\/cattolica\/wp-content\/uploads\/2017\/03\/medico_paziente.jpg\" alt=\"medico_paziente\" width=\"250\" height=\"166\" \/>Tempi <\/strong>23 Marzo 2017<\/p>\n<p style=\"text-align: center;\">di <strong>Alfredo Mantovano<\/strong><\/p>\n<p style=\"text-align: justify;\">\u00a0Immaginiamola cos\u00ec: aula della Camera, all&#8217;ordine del giorno una norma che riduce sensibilmente gli emolumenti per i medici, e magari ne contrae pure il numero in servizio negli ospedali. Facile prevedere le reazioni da parte degli interessati scioperi, proteste, sit in davanti alle sedi istituzionali, pressioni sui parlamentari perch\u00e9 riflettano prima di votare.<\/p>\n<p style=\"text-align: justify;\"><!--more--><\/p>\n<p style=\"text-align: justify;\">Non \u00e8 immaginazione, ma realt\u00e0: aula della Camera, all&#8217;ordine del giorno una norma che costringe il medico ad applicare le disposizioni sul trattamento sanitario del paziente, redatte in tempi e in contesti diversi da quello nel quale \u00e8 richiesto l&#8217;intervento sanitario, lo costringe, in altri termini, a praticare l&#8217;eutanasia, certamente per omissione. E\u2019 cio\u00e8 all&#8217;ordine del giorno una legge che demolisce millenni di deontologia professionale, in linea con disposizioni emanate negli ultimi anni in alcuni Stati europei, che hanno portato all&#8217;uccisione pure i minori solo perch\u00e9 disabili. I medici restano in silenzio. Perch\u00e9?<\/p>\n<p style=\"text-align: justify;\">Fra le ragioni vi sono: una pressione mediatica che. Secondo un copione consueto, esalta &#8220;casi pietosi&#8221;, li mette insieme, pur essendo profondamente diversi l&#8217;uno dall&#8217;altro, ne manipola i contorni pur di conseguire il risuItato: una &#8220;cultura dello scarto\u201d, per riprendere l&#8217;espressione di papa Francesco, che si \u00e8 insediata da tempo nel sistema sanitano e considera uno spreco di energie e di risorse occuparsi di chi rappresenta un costo pesante, ritenendo pi\u00f9 semplice sbarazzarsene, una crescente scarsa attenzione a temi etici, considerati marginali, al punto che quasi sfugge l&#8217;aggressione all&#8217;essenza della professione. Articolo 1 comma 7 della proposta in discussione: \u00abIl medico \u00e8 tenuto a rispettare la volont\u00e0 espressa dal paziente di rifiutare il trattamento sanitario o di rinunciare al medesimo\u00bb, e per questo \u00e8 esente da responsabilit\u00e0 civile e penale<\/p>\n<p style=\"text-align: justify;\">Significa che al medico viene chiesto di commettere un reato \u00abquanto meno un illecito civile, altrimenti non avrebbe senso stabilire l&#8217;esenzione da responsabilit\u00e0. Qualche rigo pi\u00f9 avanti t&#8217;articolo 3 comma 4 dice che le Dat \u00abpossono essere disattese (\u2026) qualora sussistano terapie non prevedibili all&#8217;atto della sottoscrizione, capaci di assicurare possibilit\u00e0 di miglioramento delle condizioni di vita\u00bb<\/p>\n<p style=\"text-align: justify;\"><img loading=\"lazy\" decoding=\"async\" class=\"size-full wp-image-35965 alignleft\" src=\"https:\/\/www.rassegnastampa-totustuus.it\/cattolica\/wp-content\/uploads\/2006\/02\/eutanasia.jpg\" alt=\"eutanasia\" width=\"257\" height=\"196\" \/>Diamo queste norme per gi\u00e0 operative; il medico si trova di fronte un paziente non cosciente che ha lasciato anni prima disposizioni precise di sospensione della terapia, da cui deriver\u00e0 un esito letale: nel frattempo per\u00f2 quella patologia \u00e8 diventata aggredibile con previsione di maggior successo. Come si regola? Se rispetta la volont\u00e0 del paziente e lo lascia morire rischia denunce penali e azioni civili da familiari che gli contestano di non aver praticato le nuove terapie. Se disattende le Dat rischia analoghe denunce perch\u00e9 la guarigione non \u00e8 cos\u00ec certa &#8211; e quando mai lo \u00e8? &#8211; e comunque il malato aveva stabilito diversamente.<\/p>\n<p style=\"text-align: justify;\">Ogni medico avr\u00e0 bisogno dell&#8217;avvocato pi\u00f9 che dell\u2019infermiere. Ma non \u00e8 detto che l&#8217;intervento dell&#8217;avvocato &#8211; che non \u00e8 un volontario e costa &#8211; sia risolutivo.<\/p>\n<p style=\"text-align: justify;\"><strong>T<\/strong><strong>utti coinvolti, pubblici e privati<\/strong><\/p>\n<p style=\"text-align: justify;\">Abbiamo presente che cosa accade quando un commerciante reagisce all&#8217;intrusione di un rapinatore? Magari dopo qualche anno gli si riconosce la legittima difesa nel frattempo \u00e8 indagato, magari processato, con prezzo elevatissimo in termini di stress e spese legali. Vogliamo rendere tale la condizione quotidiana di ogni medico? Il medico far\u00e0 un&#8217;assicurazione? E pensiamo che rassicurazione non faccia penare il professionista scaricando su di lui il mancalo rispetto della previsione pi\u00f9 facile?<\/p>\n<p style=\"text-align: justify;\">Ultimo dettaglio. La legge si applicher\u00e0 a danno degli oltre 100 ospedali e case di cura presenti in Italia, senza eccezioni rispetto alla sanit\u00e0 pubblica. L&#8217;articolo 1 comma 10 ne impone infatti l\u2019attuazione a \u00abogni azienda sanitaria pubblica e privata\u00bb e non prevede l&#8217;obiezione di coscienza per medici e personale ausiliario.<\/p>\n<p style=\"text-align: justify;\">E\u2019 qualcosa su cui non devono aver riflettuto a sufficienza quei cattolici &#8211; compreso qualche autorevole pastore &#8211; che si sono espressi per l\u2019approvazione delle nuove norme. Vuol dire che perfino al Gemelli o a Casa sollievo della sofferenza i medici si troveranno costretti a uccidere il paziente invece che a curarlo.<\/p>\n<p style=\"text-align: justify;\">Non ce ne sarebbe per protestare finch\u00e9 si \u00e8 in tempo?<\/p>\n<p style=\"text-align: justify;\">\n","protected":false},"excerpt":{"rendered":"<p>Tempi 23 Marzo 2017 di Alfredo Mantovano \u00a0Immaginiamola cos\u00ec: aula della Camera, all&#8217;ordine del giorno una norma che riduce sensibilmente gli emolumenti per i medici, e magari ne contrae pure il numero in servizio negli ospedali. Facile prevedere le reazioni da parte degli interessati scioperi, proteste, sit in davanti alle sedi istituzionali, pressioni sui parlamentari &hellip; <\/p>\n<p><a class=\"more-link btn\" href=\"https:\/\/www.rassegnastampa-totustuus.it\/cattolica\/alliter-di-legge-sulle-dat-manca-solo-una-cosa-la-protesta-dei-medici\/\">Continua a leggere<\/a><\/p>\n","protected":false},"author":6,"featured_media":37449,"comment_status":"closed","ping_status":"closed","sticky":false,"template":"","format":"standard","meta":{"footnotes":""},"categories":[55],"tags":[142,1581],"class_list":["post-37448","post","type-post","status-publish","format-standard","has-post-thumbnail","hentry","category-eutanasia","tag-dat","tag-fine-vita","item-wrap"],"yoast_head":"<!-- This site is optimized with the Yoast SEO plugin v27.5 - https:\/\/yoast.com\/product\/yoast-seo-wordpress\/ -->\n<title>All&#039;iter di legge sulle Dat manca solo una cosa: la protesta dei medici - Rassegna Stampa Cattolica<\/title>\n<meta name=\"description\" content=\"Rassegna Stampa Cattolica - Per una cultura che nasce dalla Rivelazione cristiana in conformit\u00e0 alla tradizione e al Magistero della Chiesa in opposizione ad ogni relativismo e totalitarismo\" \/>\n<meta name=\"robots\" content=\"index, follow, max-snippet:-1, max-image-preview:large, max-video-preview:-1\" \/>\n<link rel=\"canonical\" href=\"https:\/\/www.rassegnastampa-totustuus.it\/cattolica\/alliter-di-legge-sulle-dat-manca-solo-una-cosa-la-protesta-dei-medici\/\" \/>\n<meta property=\"og:locale\" content=\"it_IT\" \/>\n<meta property=\"og:type\" content=\"article\" \/>\n<meta property=\"og:title\" content=\"All&#039;iter di legge sulle Dat manca solo una cosa: la protesta dei medici - Rassegna Stampa Cattolica\" \/>\n<meta property=\"og:description\" content=\"Rassegna Stampa Cattolica - Per una cultura che nasce dalla Rivelazione cristiana in conformit\u00e0 alla tradizione e al Magistero della Chiesa in opposizione ad ogni relativismo e totalitarismo\" \/>\n<meta property=\"og:url\" content=\"https:\/\/www.rassegnastampa-totustuus.it\/cattolica\/alliter-di-legge-sulle-dat-manca-solo-una-cosa-la-protesta-dei-medici\/\" \/>\n<meta property=\"og:site_name\" content=\"Rassegna Stampa Cattolica\" \/>\n<meta property=\"article:publisher\" content=\"https:\/\/www.facebook.com\/rassegnastampacattolica\" \/>\n<meta property=\"article:published_time\" content=\"2017-03-29T22:00:37+00:00\" \/>\n<meta property=\"og:image\" content=\"https:\/\/www.rassegnastampa-totustuus.it\/cattolica\/wp-content\/uploads\/2017\/03\/medico_paziente.jpg\" \/>\n\t<meta property=\"og:image:width\" content=\"275\" \/>\n\t<meta property=\"og:image:height\" content=\"183\" \/>\n\t<meta property=\"og:image:type\" content=\"image\/jpeg\" \/>\n<meta name=\"author\" content=\"Redazione\" \/>\n<meta name=\"twitter:card\" content=\"summary_large_image\" \/>\n<meta name=\"twitter:creator\" content=\"@rassegnastampa9\" \/>\n<meta name=\"twitter:site\" content=\"@rassegnastampa9\" \/>\n<meta name=\"twitter:label1\" content=\"Scritto da\" \/>\n\t<meta name=\"twitter:data1\" content=\"Redazione\" \/>\n\t<meta name=\"twitter:label2\" content=\"Tempo di lettura stimato\" \/>\n\t<meta name=\"twitter:data2\" content=\"3 minuti\" \/>\n<script type=\"application\/ld+json\" class=\"yoast-schema-graph\">{\"@context\":\"https:\\\/\\\/schema.org\",\"@graph\":[{\"@type\":\"Article\",\"@id\":\"https:\\\/\\\/www.rassegnastampa-totustuus.it\\\/cattolica\\\/alliter-di-legge-sulle-dat-manca-solo-una-cosa-la-protesta-dei-medici\\\/#article\",\"isPartOf\":{\"@id\":\"https:\\\/\\\/www.rassegnastampa-totustuus.it\\\/cattolica\\\/alliter-di-legge-sulle-dat-manca-solo-una-cosa-la-protesta-dei-medici\\\/\"},\"author\":{\"name\":\"Redazione\",\"@id\":\"https:\\\/\\\/www.rassegnastampa-totustuus.it\\\/cattolica\\\/#\\\/schema\\\/person\\\/08f319d2bd1a0904ad9e2bfb7b15e5c3\"},\"headline\":\"All&#8217;iter di legge sulle Dat manca solo una cosa: la protesta dei medici\",\"datePublished\":\"2017-03-29T22:00:37+00:00\",\"mainEntityOfPage\":{\"@id\":\"https:\\\/\\\/www.rassegnastampa-totustuus.it\\\/cattolica\\\/alliter-di-legge-sulle-dat-manca-solo-una-cosa-la-protesta-dei-medici\\\/\"},\"wordCount\":679,\"publisher\":{\"@id\":\"https:\\\/\\\/www.rassegnastampa-totustuus.it\\\/cattolica\\\/#organization\"},\"image\":{\"@id\":\"https:\\\/\\\/www.rassegnastampa-totustuus.it\\\/cattolica\\\/alliter-di-legge-sulle-dat-manca-solo-una-cosa-la-protesta-dei-medici\\\/#primaryimage\"},\"thumbnailUrl\":\"https:\\\/\\\/www.rassegnastampa-totustuus.it\\\/cattolica\\\/wp-content\\\/uploads\\\/2017\\\/03\\\/medico_paziente.jpg\",\"keywords\":[\"dat\",\"fine vita\"],\"articleSection\":[\"Eutanasia\"],\"inLanguage\":\"it-IT\"},{\"@type\":\"WebPage\",\"@id\":\"https:\\\/\\\/www.rassegnastampa-totustuus.it\\\/cattolica\\\/alliter-di-legge-sulle-dat-manca-solo-una-cosa-la-protesta-dei-medici\\\/\",\"url\":\"https:\\\/\\\/www.rassegnastampa-totustuus.it\\\/cattolica\\\/alliter-di-legge-sulle-dat-manca-solo-una-cosa-la-protesta-dei-medici\\\/\",\"name\":\"All'iter di legge sulle Dat manca solo una cosa: la protesta dei medici - Rassegna Stampa Cattolica\",\"isPartOf\":{\"@id\":\"https:\\\/\\\/www.rassegnastampa-totustuus.it\\\/cattolica\\\/#website\"},\"primaryImageOfPage\":{\"@id\":\"https:\\\/\\\/www.rassegnastampa-totustuus.it\\\/cattolica\\\/alliter-di-legge-sulle-dat-manca-solo-una-cosa-la-protesta-dei-medici\\\/#primaryimage\"},\"image\":{\"@id\":\"https:\\\/\\\/www.rassegnastampa-totustuus.it\\\/cattolica\\\/alliter-di-legge-sulle-dat-manca-solo-una-cosa-la-protesta-dei-medici\\\/#primaryimage\"},\"thumbnailUrl\":\"https:\\\/\\\/www.rassegnastampa-totustuus.it\\\/cattolica\\\/wp-content\\\/uploads\\\/2017\\\/03\\\/medico_paziente.jpg\",\"datePublished\":\"2017-03-29T22:00:37+00:00\",\"description\":\"Rassegna Stampa Cattolica - Per una cultura che nasce dalla Rivelazione cristiana in conformit\u00e0 alla tradizione e al Magistero della Chiesa in opposizione ad ogni relativismo e totalitarismo\",\"breadcrumb\":{\"@id\":\"https:\\\/\\\/www.rassegnastampa-totustuus.it\\\/cattolica\\\/alliter-di-legge-sulle-dat-manca-solo-una-cosa-la-protesta-dei-medici\\\/#breadcrumb\"},\"inLanguage\":\"it-IT\",\"potentialAction\":[{\"@type\":\"ReadAction\",\"target\":[\"https:\\\/\\\/www.rassegnastampa-totustuus.it\\\/cattolica\\\/alliter-di-legge-sulle-dat-manca-solo-una-cosa-la-protesta-dei-medici\\\/\"]}]},{\"@type\":\"ImageObject\",\"inLanguage\":\"it-IT\",\"@id\":\"https:\\\/\\\/www.rassegnastampa-totustuus.it\\\/cattolica\\\/alliter-di-legge-sulle-dat-manca-solo-una-cosa-la-protesta-dei-medici\\\/#primaryimage\",\"url\":\"https:\\\/\\\/www.rassegnastampa-totustuus.it\\\/cattolica\\\/wp-content\\\/uploads\\\/2017\\\/03\\\/medico_paziente.jpg\",\"contentUrl\":\"https:\\\/\\\/www.rassegnastampa-totustuus.it\\\/cattolica\\\/wp-content\\\/uploads\\\/2017\\\/03\\\/medico_paziente.jpg\",\"width\":275,\"height\":183},{\"@type\":\"BreadcrumbList\",\"@id\":\"https:\\\/\\\/www.rassegnastampa-totustuus.it\\\/cattolica\\\/alliter-di-legge-sulle-dat-manca-solo-una-cosa-la-protesta-dei-medici\\\/#breadcrumb\",\"itemListElement\":[{\"@type\":\"ListItem\",\"position\":1,\"name\":\"Home\",\"item\":\"https:\\\/\\\/www.rassegnastampa-totustuus.it\\\/cattolica\\\/\"},{\"@type\":\"ListItem\",\"position\":2,\"name\":\"All&#8217;iter di legge sulle Dat manca solo una cosa: la protesta dei medici\"}]},{\"@type\":\"WebSite\",\"@id\":\"https:\\\/\\\/www.rassegnastampa-totustuus.it\\\/cattolica\\\/#website\",\"url\":\"https:\\\/\\\/www.rassegnastampa-totustuus.it\\\/cattolica\\\/\",\"name\":\"Rassegna Stampa Cattolica\",\"description\":\"Per una cultura che nasce dalla Rivelazione cristiana in conformit\u00e0 alla tradizione e al Magistero della Chiesa in opposizione ad ogni relativismo e totalitarismo\",\"publisher\":{\"@id\":\"https:\\\/\\\/www.rassegnastampa-totustuus.it\\\/cattolica\\\/#organization\"},\"alternateName\":\"Rass. Cattolica\",\"potentialAction\":[{\"@type\":\"SearchAction\",\"target\":{\"@type\":\"EntryPoint\",\"urlTemplate\":\"https:\\\/\\\/www.rassegnastampa-totustuus.it\\\/cattolica\\\/?s={search_term_string}\"},\"query-input\":{\"@type\":\"PropertyValueSpecification\",\"valueRequired\":true,\"valueName\":\"search_term_string\"}}],\"inLanguage\":\"it-IT\"},{\"@type\":\"Organization\",\"@id\":\"https:\\\/\\\/www.rassegnastampa-totustuus.it\\\/cattolica\\\/#organization\",\"name\":\"Rassegna Stampa Cattolica\",\"url\":\"https:\\\/\\\/www.rassegnastampa-totustuus.it\\\/cattolica\\\/\",\"logo\":{\"@type\":\"ImageObject\",\"inLanguage\":\"it-IT\",\"@id\":\"https:\\\/\\\/www.rassegnastampa-totustuus.it\\\/cattolica\\\/#\\\/schema\\\/logo\\\/image\\\/\",\"url\":\"https:\\\/\\\/www.rassegnastampa-totustuus.it\\\/cattolica\\\/wp-content\\\/uploads\\\/2014\\\/04\\\/logo-rassegna1.gif\",\"contentUrl\":\"https:\\\/\\\/www.rassegnastampa-totustuus.it\\\/cattolica\\\/wp-content\\\/uploads\\\/2014\\\/04\\\/logo-rassegna1.gif\",\"width\":600,\"height\":163,\"caption\":\"Rassegna Stampa Cattolica\"},\"image\":{\"@id\":\"https:\\\/\\\/www.rassegnastampa-totustuus.it\\\/cattolica\\\/#\\\/schema\\\/logo\\\/image\\\/\"},\"sameAs\":[\"https:\\\/\\\/www.facebook.com\\\/rassegnastampacattolica\",\"https:\\\/\\\/x.com\\\/rassegnastampa9\"]},{\"@type\":\"Person\",\"@id\":\"https:\\\/\\\/www.rassegnastampa-totustuus.it\\\/cattolica\\\/#\\\/schema\\\/person\\\/08f319d2bd1a0904ad9e2bfb7b15e5c3\",\"name\":\"Redazione\",\"image\":{\"@type\":\"ImageObject\",\"inLanguage\":\"it-IT\",\"@id\":\"https:\\\/\\\/secure.gravatar.com\\\/avatar\\\/2fcdf27c78ea025fbdb44e914cc63c72249ffec9dc8aafd5c82b26240ef3f346?s=96&d=mm&r=g\",\"url\":\"https:\\\/\\\/secure.gravatar.com\\\/avatar\\\/2fcdf27c78ea025fbdb44e914cc63c72249ffec9dc8aafd5c82b26240ef3f346?s=96&d=mm&r=g\",\"contentUrl\":\"https:\\\/\\\/secure.gravatar.com\\\/avatar\\\/2fcdf27c78ea025fbdb44e914cc63c72249ffec9dc8aafd5c82b26240ef3f346?s=96&d=mm&r=g\",\"caption\":\"Redazione\"},\"url\":\"https:\\\/\\\/www.rassegnastampa-totustuus.it\\\/cattolica\\\/author\\\/pietroelle\\\/\"}]}<\/script>\n<!-- \/ Yoast SEO plugin. -->","yoast_head_json":{"title":"All'iter di legge sulle Dat manca solo una cosa: la protesta dei medici - Rassegna Stampa Cattolica","description":"Rassegna Stampa Cattolica - Per una cultura che nasce dalla Rivelazione cristiana in conformit\u00e0 alla tradizione e al Magistero della Chiesa in opposizione ad ogni relativismo e totalitarismo","robots":{"index":"index","follow":"follow","max-snippet":"max-snippet:-1","max-image-preview":"max-image-preview:large","max-video-preview":"max-video-preview:-1"},"canonical":"https:\/\/www.rassegnastampa-totustuus.it\/cattolica\/alliter-di-legge-sulle-dat-manca-solo-una-cosa-la-protesta-dei-medici\/","og_locale":"it_IT","og_type":"article","og_title":"All'iter di legge sulle Dat manca solo una cosa: la protesta dei medici - Rassegna Stampa Cattolica","og_description":"Rassegna Stampa Cattolica - Per una cultura che nasce dalla Rivelazione cristiana in conformit\u00e0 alla tradizione e al Magistero della Chiesa in opposizione ad ogni relativismo e totalitarismo","og_url":"https:\/\/www.rassegnastampa-totustuus.it\/cattolica\/alliter-di-legge-sulle-dat-manca-solo-una-cosa-la-protesta-dei-medici\/","og_site_name":"Rassegna Stampa Cattolica","article_publisher":"https:\/\/www.facebook.com\/rassegnastampacattolica","article_published_time":"2017-03-29T22:00:37+00:00","og_image":[{"width":275,"height":183,"url":"https:\/\/www.rassegnastampa-totustuus.it\/cattolica\/wp-content\/uploads\/2017\/03\/medico_paziente.jpg","type":"image\/jpeg"}],"author":"Redazione","twitter_card":"summary_large_image","twitter_creator":"@rassegnastampa9","twitter_site":"@rassegnastampa9","twitter_misc":{"Scritto da":"Redazione","Tempo di lettura stimato":"3 minuti"},"schema":{"@context":"https:\/\/schema.org","@graph":[{"@type":"Article","@id":"https:\/\/www.rassegnastampa-totustuus.it\/cattolica\/alliter-di-legge-sulle-dat-manca-solo-una-cosa-la-protesta-dei-medici\/#article","isPartOf":{"@id":"https:\/\/www.rassegnastampa-totustuus.it\/cattolica\/alliter-di-legge-sulle-dat-manca-solo-una-cosa-la-protesta-dei-medici\/"},"author":{"name":"Redazione","@id":"https:\/\/www.rassegnastampa-totustuus.it\/cattolica\/#\/schema\/person\/08f319d2bd1a0904ad9e2bfb7b15e5c3"},"headline":"All&#8217;iter di legge sulle Dat manca solo una cosa: la protesta dei medici","datePublished":"2017-03-29T22:00:37+00:00","mainEntityOfPage":{"@id":"https:\/\/www.rassegnastampa-totustuus.it\/cattolica\/alliter-di-legge-sulle-dat-manca-solo-una-cosa-la-protesta-dei-medici\/"},"wordCount":679,"publisher":{"@id":"https:\/\/www.rassegnastampa-totustuus.it\/cattolica\/#organization"},"image":{"@id":"https:\/\/www.rassegnastampa-totustuus.it\/cattolica\/alliter-di-legge-sulle-dat-manca-solo-una-cosa-la-protesta-dei-medici\/#primaryimage"},"thumbnailUrl":"https:\/\/www.rassegnastampa-totustuus.it\/cattolica\/wp-content\/uploads\/2017\/03\/medico_paziente.jpg","keywords":["dat","fine vita"],"articleSection":["Eutanasia"],"inLanguage":"it-IT"},{"@type":"WebPage","@id":"https:\/\/www.rassegnastampa-totustuus.it\/cattolica\/alliter-di-legge-sulle-dat-manca-solo-una-cosa-la-protesta-dei-medici\/","url":"https:\/\/www.rassegnastampa-totustuus.it\/cattolica\/alliter-di-legge-sulle-dat-manca-solo-una-cosa-la-protesta-dei-medici\/","name":"All'iter di legge sulle Dat manca solo una cosa: la protesta dei medici - Rassegna Stampa Cattolica","isPartOf":{"@id":"https:\/\/www.rassegnastampa-totustuus.it\/cattolica\/#website"},"primaryImageOfPage":{"@id":"https:\/\/www.rassegnastampa-totustuus.it\/cattolica\/alliter-di-legge-sulle-dat-manca-solo-una-cosa-la-protesta-dei-medici\/#primaryimage"},"image":{"@id":"https:\/\/www.rassegnastampa-totustuus.it\/cattolica\/alliter-di-legge-sulle-dat-manca-solo-una-cosa-la-protesta-dei-medici\/#primaryimage"},"thumbnailUrl":"https:\/\/www.rassegnastampa-totustuus.it\/cattolica\/wp-content\/uploads\/2017\/03\/medico_paziente.jpg","datePublished":"2017-03-29T22:00:37+00:00","description":"Rassegna Stampa Cattolica - Per una cultura che nasce dalla Rivelazione cristiana in conformit\u00e0 alla tradizione e al Magistero della Chiesa in opposizione ad ogni relativismo e totalitarismo","breadcrumb":{"@id":"https:\/\/www.rassegnastampa-totustuus.it\/cattolica\/alliter-di-legge-sulle-dat-manca-solo-una-cosa-la-protesta-dei-medici\/#breadcrumb"},"inLanguage":"it-IT","potentialAction":[{"@type":"ReadAction","target":["https:\/\/www.rassegnastampa-totustuus.it\/cattolica\/alliter-di-legge-sulle-dat-manca-solo-una-cosa-la-protesta-dei-medici\/"]}]},{"@type":"ImageObject","inLanguage":"it-IT","@id":"https:\/\/www.rassegnastampa-totustuus.it\/cattolica\/alliter-di-legge-sulle-dat-manca-solo-una-cosa-la-protesta-dei-medici\/#primaryimage","url":"https:\/\/www.rassegnastampa-totustuus.it\/cattolica\/wp-content\/uploads\/2017\/03\/medico_paziente.jpg","contentUrl":"https:\/\/www.rassegnastampa-totustuus.it\/cattolica\/wp-content\/uploads\/2017\/03\/medico_paziente.jpg","width":275,"height":183},{"@type":"BreadcrumbList","@id":"https:\/\/www.rassegnastampa-totustuus.it\/cattolica\/alliter-di-legge-sulle-dat-manca-solo-una-cosa-la-protesta-dei-medici\/#breadcrumb","itemListElement":[{"@type":"ListItem","position":1,"name":"Home","item":"https:\/\/www.rassegnastampa-totustuus.it\/cattolica\/"},{"@type":"ListItem","position":2,"name":"All&#8217;iter di legge sulle Dat manca solo una cosa: la protesta dei medici"}]},{"@type":"WebSite","@id":"https:\/\/www.rassegnastampa-totustuus.it\/cattolica\/#website","url":"https:\/\/www.rassegnastampa-totustuus.it\/cattolica\/","name":"Rassegna Stampa Cattolica","description":"Per una cultura che nasce dalla Rivelazione cristiana in conformit\u00e0 alla tradizione e al Magistero della Chiesa in opposizione ad ogni relativismo e totalitarismo","publisher":{"@id":"https:\/\/www.rassegnastampa-totustuus.it\/cattolica\/#organization"},"alternateName":"Rass. Cattolica","potentialAction":[{"@type":"SearchAction","target":{"@type":"EntryPoint","urlTemplate":"https:\/\/www.rassegnastampa-totustuus.it\/cattolica\/?s={search_term_string}"},"query-input":{"@type":"PropertyValueSpecification","valueRequired":true,"valueName":"search_term_string"}}],"inLanguage":"it-IT"},{"@type":"Organization","@id":"https:\/\/www.rassegnastampa-totustuus.it\/cattolica\/#organization","name":"Rassegna Stampa Cattolica","url":"https:\/\/www.rassegnastampa-totustuus.it\/cattolica\/","logo":{"@type":"ImageObject","inLanguage":"it-IT","@id":"https:\/\/www.rassegnastampa-totustuus.it\/cattolica\/#\/schema\/logo\/image\/","url":"https:\/\/www.rassegnastampa-totustuus.it\/cattolica\/wp-content\/uploads\/2014\/04\/logo-rassegna1.gif","contentUrl":"https:\/\/www.rassegnastampa-totustuus.it\/cattolica\/wp-content\/uploads\/2014\/04\/logo-rassegna1.gif","width":600,"height":163,"caption":"Rassegna Stampa Cattolica"},"image":{"@id":"https:\/\/www.rassegnastampa-totustuus.it\/cattolica\/#\/schema\/logo\/image\/"},"sameAs":["https:\/\/www.facebook.com\/rassegnastampacattolica","https:\/\/x.com\/rassegnastampa9"]},{"@type":"Person","@id":"https:\/\/www.rassegnastampa-totustuus.it\/cattolica\/#\/schema\/person\/08f319d2bd1a0904ad9e2bfb7b15e5c3","name":"Redazione","image":{"@type":"ImageObject","inLanguage":"it-IT","@id":"https:\/\/secure.gravatar.com\/avatar\/2fcdf27c78ea025fbdb44e914cc63c72249ffec9dc8aafd5c82b26240ef3f346?s=96&d=mm&r=g","url":"https:\/\/secure.gravatar.com\/avatar\/2fcdf27c78ea025fbdb44e914cc63c72249ffec9dc8aafd5c82b26240ef3f346?s=96&d=mm&r=g","contentUrl":"https:\/\/secure.gravatar.com\/avatar\/2fcdf27c78ea025fbdb44e914cc63c72249ffec9dc8aafd5c82b26240ef3f346?s=96&d=mm&r=g","caption":"Redazione"},"url":"https:\/\/www.rassegnastampa-totustuus.it\/cattolica\/author\/pietroelle\/"}]}},"_links":{"self":[{"href":"https:\/\/www.rassegnastampa-totustuus.it\/cattolica\/wp-json\/wp\/v2\/posts\/37448","targetHints":{"allow":["GET"]}}],"collection":[{"href":"https:\/\/www.rassegnastampa-totustuus.it\/cattolica\/wp-json\/wp\/v2\/posts"}],"about":[{"href":"https:\/\/www.rassegnastampa-totustuus.it\/cattolica\/wp-json\/wp\/v2\/types\/post"}],"author":[{"embeddable":true,"href":"https:\/\/www.rassegnastampa-totustuus.it\/cattolica\/wp-json\/wp\/v2\/users\/6"}],"replies":[{"embeddable":true,"href":"https:\/\/www.rassegnastampa-totustuus.it\/cattolica\/wp-json\/wp\/v2\/comments?post=37448"}],"version-history":[{"count":1,"href":"https:\/\/www.rassegnastampa-totustuus.it\/cattolica\/wp-json\/wp\/v2\/posts\/37448\/revisions"}],"predecessor-version":[{"id":37450,"href":"https:\/\/www.rassegnastampa-totustuus.it\/cattolica\/wp-json\/wp\/v2\/posts\/37448\/revisions\/37450"}],"wp:featuredmedia":[{"embeddable":true,"href":"https:\/\/www.rassegnastampa-totustuus.it\/cattolica\/wp-json\/wp\/v2\/media\/37449"}],"wp:attachment":[{"href":"https:\/\/www.rassegnastampa-totustuus.it\/cattolica\/wp-json\/wp\/v2\/media?parent=37448"}],"wp:term":[{"taxonomy":"category","embeddable":true,"href":"https:\/\/www.rassegnastampa-totustuus.it\/cattolica\/wp-json\/wp\/v2\/categories?post=37448"},{"taxonomy":"post_tag","embeddable":true,"href":"https:\/\/www.rassegnastampa-totustuus.it\/cattolica\/wp-json\/wp\/v2\/tags?post=37448"}],"curies":[{"name":"wp","href":"https:\/\/api.w.org\/{rel}","templated":true}]}}