{"id":37354,"date":"2017-03-16T00:00:15","date_gmt":"2017-03-15T23:00:15","guid":{"rendered":"http:\/\/www.rassegnastampa-totustuus.it\/cattolica\/?p=37354"},"modified":"2020-11-11T16:36:13","modified_gmt":"2020-11-11T15:36:13","slug":"obbligo-di-fare-il-male-nuovo-totalitarismo-e-cattolici-distratti","status":"publish","type":"post","link":"https:\/\/www.rassegnastampa-totustuus.it\/cattolica\/obbligo-di-fare-il-male-nuovo-totalitarismo-e-cattolici-distratti\/","title":{"rendered":"Obbligo di fare il male. Nuovo totalitarismo e cattolici distratti"},"content":{"rendered":"<p style=\"text-align: center;\"><img loading=\"lazy\" decoding=\"async\" class=\"alignleft wp-image-37355\" src=\"https:\/\/www.rassegnastampa-totustuus.it\/cattolica\/wp-content\/uploads\/2017\/03\/pro_life.jpg\" alt=\"pro_life\" width=\"250\" height=\"163\" \/><span style=\"color: #000000;\">Osservatorio Cardinale Van Thu\u00e2n <strong>Newletter <\/strong>n.780 del 10 Marzo 2017<\/span><\/p>\n<p style=\"text-align: center;\"><span style=\"color: #000000;\"><strong>\u00a0<\/strong><strong>Stefano Fontana<\/strong><\/span><\/p>\n<p style=\"text-align: center;\"><span style=\"color: #000000;\"><em>Direttore dell\u2019Osservatorio Cardinale Van Thu\u00e2n<\/em><\/span><\/p>\n<p style=\"text-align: center;\"><span style=\"color: #000000;\"><!--more--><\/span><\/p>\n<p style=\"text-align: justify;\"><span style=\"color: #000000;\">La definitiva approvazione in Francia della legge che punir\u00e0 chi cercher\u00e0 di distogliere le donne dall\u2019aborto \u00e8 un nuovo segno che la soglia del totalitarismo \u00e8 stata superata. Questa soglia viene superata quando lo Stato non solo permette il male ma anche obbliga a farlo e considera reato fare il bene. Quando lo Stato non solo ammette per legge deviazioni dal diritto naturale ma le impone, obbligando ad un diritto innaturale o contro-naturale. Quando diventano non negoziabili i principi contrari a quelli non negoziabili.<\/span><\/p>\n<p style=\"text-align: justify;\"><span style=\"color: #000000;\"><a href=\"https:\/\/www.rassegnastampa-totustuus.it\/cattolica\/wp-content\/uploads\/2020\/09\/totalitarismo_dittatura.jpg\"><img loading=\"lazy\" decoding=\"async\" class=\" wp-image-48439 alignright\" src=\"https:\/\/www.rassegnastampa-totustuus.it\/cattolica\/wp-content\/uploads\/2020\/09\/totalitarismo_dittatura-300x169.jpg\" alt=\"\" width=\"383\" height=\"216\" srcset=\"https:\/\/www.rassegnastampa-totustuus.it\/cattolica\/wp-content\/uploads\/2020\/09\/totalitarismo_dittatura-300x169.jpg 300w, https:\/\/www.rassegnastampa-totustuus.it\/cattolica\/wp-content\/uploads\/2020\/09\/totalitarismo_dittatura-768x432.jpg 768w, https:\/\/www.rassegnastampa-totustuus.it\/cattolica\/wp-content\/uploads\/2020\/09\/totalitarismo_dittatura-1024x576.jpg 1024w, https:\/\/www.rassegnastampa-totustuus.it\/cattolica\/wp-content\/uploads\/2020\/09\/totalitarismo_dittatura.jpg 1920w\" sizes=\"auto, (max-width: 383px) 100vw, 383px\" \/><\/a>Tutti vedono che questa soglia \u00e8 stata superata ormai in molti casi. Lo era stata, per esempio, quando la Corte suprema americana aveva obbligato tutti gli Stati federati a contemplare per legge il matrimonio tra persone omosessuali. <\/span><\/p>\n<p style=\"text-align: justify;\"><span style=\"color: #000000;\">Lo era stata quando il Parlamento francese aveva approvato la legge Taubira sul \u201cmatrimonio per tutti\u201d senza concedere l\u2019obiezione di coscienza ai sindaci. Lo abbiamo anche visto quando in Italia \u00e8 stata approvata la legge Cirinn\u00e0 sulle unioni civili. Da quel momento, infatti, qualsiasi politica familiare sarebbe andata anche a vantaggio delle unioni civili. Nessuna amministrazione pubblica, da allora, pu\u00f2 esimersi dal fare il male: tutte vi erano obbligate. <\/span><\/p>\n<p style=\"text-align: justify;\"><span style=\"color: #000000;\">Lo \u00e8 stata, di recente in Italia, quando l\u2019Ospedale San Camillo di Roma ha indetto un concorso per soli medici abortisti e quando una Asl di Treviso ha indetto un concorso per due posti di biologo che non facciano obiezione alla fecondazione artificiale.<\/span><\/p>\n<p style=\"text-align: justify;\"><span style=\"color: #000000;\"><a href=\"https:\/\/www.rassegnastampa-totustuus.it\/cattolica\/wp-content\/uploads\/2014\/12\/dittatori.jpg\"><img loading=\"lazy\" decoding=\"async\" class=\" wp-image-15061 alignleft\" src=\"https:\/\/www.rassegnastampa-totustuus.it\/cattolica\/wp-content\/uploads\/2014\/12\/dittatori.jpg\" alt=\"\" width=\"201\" height=\"278\" \/><\/a>E\u2019 da tempo che ci si \u00e8 messi su questa strada. Nella storia le cose possono cambiare. Ma questo non ci esime da valutare le tendenze in atto che, da questo punto di vista, sono molto preoccupanti. Ammettiamo che vadano in porto le leggi attualmente giacenti al Parlamento italiano. Ne uscirebbe uno Stato che impone di fare il male: ai giornalisti, agli insegnanti, ai dipendenti pubblici, ai medici, ai farmacisti, agli infermieri&#8230;<\/span><\/p>\n<p style=\"text-align: justify;\"><span style=\"color: #000000;\">Pensiamo, per esempio, al disegno di legge sull\u2019eutanasia attualmente in discussione alla Camera. Il medico sarebbe costretto a rispettare le Disposizioni anticipate di trattamento del paziente anche se il paziente stesso avesse cambiato nel frattempo idea, dimenticandosi di revocare la DAT, e se lui stesso, il medico, fosse eticamente contrario. Saremo obbligati ad uccidere, a diseducare i nostri ragazzi nelle scuole, a presentare l\u2019omosessualit\u00e0 come cosa normale.<\/span><\/p>\n<p style=\"text-align: justify;\"><span style=\"color: #000000;\">Saremo obbligati. Lo saremo dal nostro Stato ed anche dall\u2019Unione europea e dagli organismi internazionali. Nei giorni scorsi il Parlamento europeo ha chiesto di aumentare il finanziamento dell\u2019aborto nel mondo per compensare i tagli della nuova amministrazione americana.<\/span><\/p>\n<p style=\"text-align: justify;\"><span style=\"color: #000000;\"><a href=\"https:\/\/www.rassegnastampa-totustuus.it\/cattolica\/wp-content\/uploads\/2013\/11\/NOobiezione.jpg\"><img loading=\"lazy\" decoding=\"async\" class=\"size-full wp-image-7120 alignright\" src=\"https:\/\/www.rassegnastampa-totustuus.it\/cattolica\/wp-content\/uploads\/2013\/11\/NOobiezione.jpg\" alt=\"\" width=\"226\" height=\"223\" \/><\/a>Volgiamo lo sguardo attorno ma non vediamo una grande presa di coscienza della situazione. Veramente si crede di far fronte a questa situazione con il dialogo? Non ci \u00e8 dato di sapere se ci sar\u00e0 e quale sar\u00e0 il livello oltre il quale i cattolici diranno di no e si tireranno fuori. Quale soglia dovr\u00e0 essere superata perch\u00e9 si dica no allo Stato oppure no all\u2019Europa?<\/span><\/p>\n<p style=\"text-align: justify;\"><span style=\"color: #000000;\">Molti si chiedono cosa fare. Certamente la prima cosa da fare \u00e8 tornare a fare quello che si sarebbe dovuto fare; impegnarsi e battersi per i principi non negoziabili. A seguito del \u201ccaso San Camillo\u201d ricordato sopra, il generale atteggiamento dei cattolici \u00e8 stato di protestare perch\u00e9 cos\u00ec \u201cviene snaturata la legge 194\u201d. In questo modo i cattolici si sono atteggiati a difensori della legge che permette l\u2019aborto.<\/span><\/p>\n<p style=\"text-align: justify;\"><span style=\"color: #000000;\"><a href=\"https:\/\/www.rassegnastampa-totustuus.it\/cattolica\/wp-content\/uploads\/2014\/03\/scuolalibera.jpg\"><img loading=\"lazy\" decoding=\"async\" class=\" wp-image-6857 alignleft\" src=\"https:\/\/www.rassegnastampa-totustuus.it\/cattolica\/wp-content\/uploads\/2014\/03\/scuolalibera.jpg\" alt=\"\" width=\"194\" height=\"257\" \/><\/a>I cattolici hanno smesso da molto tempo di combattere contro quella legge ed ora se ne fanno paladini. E\u2019 la logica del male minore che presenta il conto. I cattolici hanno anche ormai cessato di lottare contro lo stravolgimento delle legge 40 sulla fecondazione assistita. Lo stesso dicasi per la Cirinn\u00e0. Ora, la prima cosa da fare \u00e8 ricominciare a combattere.<\/span><\/p>\n<p style=\"text-align: justify;\"><span style=\"color: #000000;\">Oltre a stare \u201cdentro\u201d combattendo, i cattolici dovrebbero per\u00f2 cominciare a pensare anche a costruire scialuppe di salvataggio e arche di No\u00e8. Iniziative ed opere \u2013 scuole prima di tutto \u2013 libere perch\u00e9 viventi al di fuori dello Stato. Come fecero dopo l\u2019Unit\u00e0 d\u2019Italia, ma in forme nuove. Se l\u2019obbligo a fare il male diventa istituzionale, bisogna tirarsi fuori il pi\u00f9 possibile dalle istituzioni.<\/span><\/p>\n<p style=\"text-align: justify;\">______________________________<\/p>\n<p style=\"text-align: justify;\"><span style=\"color: #000000;\">sulle caratteristiche del totalitarismo <strong>leggi sanche:<\/strong><\/span><\/p>\n<p><span style=\"color: #0000ff;\"><strong><a style=\"color: #0000ff;\" href=\"https:\/\/www.rassegnastampa-totustuus.it\/cattolica\/?p=1222\" target=\"_blank\" rel=\"noopener noreferrer\">Vera e falsa simmetria tra Est e Ovest<\/a><\/strong><\/span><br \/>\n<span style=\"color: #0000ff;\"><strong><a style=\"color: #0000ff;\" title=\"PermaLink a Michail Geller: II totalitarismo\" href=\"https:\/\/www.rassegnastampa-totustuus.it\/cattolica\/?p=5061\" target=\"_blank\" rel=\"bookmark noopener noreferrer\">Michail Geller: II totalitarismo<\/a><\/strong><\/span><\/p>\n","protected":false},"excerpt":{"rendered":"<p>Osservatorio Cardinale Van Thu\u00e2n Newletter n.780 del 10 Marzo 2017 \u00a0Stefano Fontana Direttore dell\u2019Osservatorio Cardinale Van Thu\u00e2n<\/p><p><a class=\"more-link btn\" href=\"https:\/\/www.rassegnastampa-totustuus.it\/cattolica\/obbligo-di-fare-il-male-nuovo-totalitarismo-e-cattolici-distratti\/\">Continua a leggere<\/a><\/p>\n","protected":false},"author":6,"featured_media":37355,"comment_status":"closed","ping_status":"closed","sticky":false,"template":"","format":"standard","meta":{"footnotes":""},"categories":[2,4,42,80],"tags":[372],"class_list":["post-37354","post","type-post","status-publish","format-standard","has-post-thumbnail","hentry","category-aborto","category-bioetica","category-dottrina-e-morale","category-totalitarismo","tag-principi-non-negoziabili","item-wrap"],"yoast_head":"<!-- This site is optimized with the Yoast SEO plugin v27.5 - https:\/\/yoast.com\/product\/yoast-seo-wordpress\/ -->\n<title>Obbligo di fare il male. Nuovo totalitarismo e cattolici distratti - Rassegna Stampa Cattolica<\/title>\n<meta name=\"description\" content=\"Rassegna Stampa Cattolica - Per una cultura che nasce dalla Rivelazione cristiana in conformit\u00e0 alla tradizione e al Magistero della Chiesa in opposizione ad ogni relativismo e totalitarismo\" \/>\n<meta name=\"robots\" content=\"index, follow, max-snippet:-1, max-image-preview:large, max-video-preview:-1\" \/>\n<link rel=\"canonical\" href=\"https:\/\/www.rassegnastampa-totustuus.it\/cattolica\/obbligo-di-fare-il-male-nuovo-totalitarismo-e-cattolici-distratti\/\" \/>\n<meta property=\"og:locale\" content=\"it_IT\" \/>\n<meta property=\"og:type\" content=\"article\" \/>\n<meta property=\"og:title\" content=\"Obbligo di fare il male. Nuovo totalitarismo e cattolici distratti - Rassegna Stampa Cattolica\" \/>\n<meta property=\"og:description\" content=\"Rassegna Stampa Cattolica - Per una cultura che nasce dalla Rivelazione cristiana in conformit\u00e0 alla tradizione e al Magistero della Chiesa in opposizione ad ogni relativismo e totalitarismo\" \/>\n<meta property=\"og:url\" content=\"https:\/\/www.rassegnastampa-totustuus.it\/cattolica\/obbligo-di-fare-il-male-nuovo-totalitarismo-e-cattolici-distratti\/\" \/>\n<meta property=\"og:site_name\" content=\"Rassegna Stampa Cattolica\" \/>\n<meta property=\"article:publisher\" content=\"https:\/\/www.facebook.com\/rassegnastampacattolica\" \/>\n<meta property=\"article:published_time\" content=\"2017-03-15T23:00:15+00:00\" \/>\n<meta property=\"article:modified_time\" content=\"2020-11-11T15:36:13+00:00\" \/>\n<meta property=\"og:image\" content=\"https:\/\/www.rassegnastampa-totustuus.it\/cattolica\/wp-content\/uploads\/2017\/03\/pro_life.jpg\" \/>\n\t<meta property=\"og:image:width\" content=\"278\" \/>\n\t<meta property=\"og:image:height\" content=\"181\" \/>\n\t<meta property=\"og:image:type\" content=\"image\/jpeg\" \/>\n<meta name=\"author\" content=\"Redazione\" \/>\n<meta name=\"twitter:card\" content=\"summary_large_image\" \/>\n<meta name=\"twitter:creator\" content=\"@rassegnastampa9\" \/>\n<meta name=\"twitter:site\" content=\"@rassegnastampa9\" \/>\n<meta name=\"twitter:label1\" content=\"Scritto da\" \/>\n\t<meta name=\"twitter:data1\" content=\"Redazione\" \/>\n\t<meta name=\"twitter:label2\" content=\"Tempo di lettura stimato\" \/>\n\t<meta name=\"twitter:data2\" content=\"4 minuti\" \/>\n<script type=\"application\/ld+json\" class=\"yoast-schema-graph\">{\"@context\":\"https:\\\/\\\/schema.org\",\"@graph\":[{\"@type\":\"Article\",\"@id\":\"https:\\\/\\\/www.rassegnastampa-totustuus.it\\\/cattolica\\\/obbligo-di-fare-il-male-nuovo-totalitarismo-e-cattolici-distratti\\\/#article\",\"isPartOf\":{\"@id\":\"https:\\\/\\\/www.rassegnastampa-totustuus.it\\\/cattolica\\\/obbligo-di-fare-il-male-nuovo-totalitarismo-e-cattolici-distratti\\\/\"},\"author\":{\"name\":\"Redazione\",\"@id\":\"https:\\\/\\\/www.rassegnastampa-totustuus.it\\\/cattolica\\\/#\\\/schema\\\/person\\\/08f319d2bd1a0904ad9e2bfb7b15e5c3\"},\"headline\":\"Obbligo di fare il male. Nuovo totalitarismo e cattolici distratti\",\"datePublished\":\"2017-03-15T23:00:15+00:00\",\"dateModified\":\"2020-11-11T15:36:13+00:00\",\"mainEntityOfPage\":{\"@id\":\"https:\\\/\\\/www.rassegnastampa-totustuus.it\\\/cattolica\\\/obbligo-di-fare-il-male-nuovo-totalitarismo-e-cattolici-distratti\\\/\"},\"wordCount\":713,\"publisher\":{\"@id\":\"https:\\\/\\\/www.rassegnastampa-totustuus.it\\\/cattolica\\\/#organization\"},\"image\":{\"@id\":\"https:\\\/\\\/www.rassegnastampa-totustuus.it\\\/cattolica\\\/obbligo-di-fare-il-male-nuovo-totalitarismo-e-cattolici-distratti\\\/#primaryimage\"},\"thumbnailUrl\":\"https:\\\/\\\/www.rassegnastampa-totustuus.it\\\/cattolica\\\/wp-content\\\/uploads\\\/2017\\\/03\\\/pro_life.jpg\",\"keywords\":[\"principi non negoziabili\"],\"articleSection\":[\"Aborto\",\"Bioetica\",\"Dottrina e morale\",\"Totalitarismo\"],\"inLanguage\":\"it-IT\"},{\"@type\":\"WebPage\",\"@id\":\"https:\\\/\\\/www.rassegnastampa-totustuus.it\\\/cattolica\\\/obbligo-di-fare-il-male-nuovo-totalitarismo-e-cattolici-distratti\\\/\",\"url\":\"https:\\\/\\\/www.rassegnastampa-totustuus.it\\\/cattolica\\\/obbligo-di-fare-il-male-nuovo-totalitarismo-e-cattolici-distratti\\\/\",\"name\":\"Obbligo di fare il male. Nuovo totalitarismo e cattolici distratti - Rassegna Stampa Cattolica\",\"isPartOf\":{\"@id\":\"https:\\\/\\\/www.rassegnastampa-totustuus.it\\\/cattolica\\\/#website\"},\"primaryImageOfPage\":{\"@id\":\"https:\\\/\\\/www.rassegnastampa-totustuus.it\\\/cattolica\\\/obbligo-di-fare-il-male-nuovo-totalitarismo-e-cattolici-distratti\\\/#primaryimage\"},\"image\":{\"@id\":\"https:\\\/\\\/www.rassegnastampa-totustuus.it\\\/cattolica\\\/obbligo-di-fare-il-male-nuovo-totalitarismo-e-cattolici-distratti\\\/#primaryimage\"},\"thumbnailUrl\":\"https:\\\/\\\/www.rassegnastampa-totustuus.it\\\/cattolica\\\/wp-content\\\/uploads\\\/2017\\\/03\\\/pro_life.jpg\",\"datePublished\":\"2017-03-15T23:00:15+00:00\",\"dateModified\":\"2020-11-11T15:36:13+00:00\",\"description\":\"Rassegna Stampa Cattolica - Per una cultura che nasce dalla Rivelazione cristiana in conformit\u00e0 alla tradizione e al Magistero della Chiesa in opposizione ad ogni relativismo e totalitarismo\",\"breadcrumb\":{\"@id\":\"https:\\\/\\\/www.rassegnastampa-totustuus.it\\\/cattolica\\\/obbligo-di-fare-il-male-nuovo-totalitarismo-e-cattolici-distratti\\\/#breadcrumb\"},\"inLanguage\":\"it-IT\",\"potentialAction\":[{\"@type\":\"ReadAction\",\"target\":[\"https:\\\/\\\/www.rassegnastampa-totustuus.it\\\/cattolica\\\/obbligo-di-fare-il-male-nuovo-totalitarismo-e-cattolici-distratti\\\/\"]}]},{\"@type\":\"ImageObject\",\"inLanguage\":\"it-IT\",\"@id\":\"https:\\\/\\\/www.rassegnastampa-totustuus.it\\\/cattolica\\\/obbligo-di-fare-il-male-nuovo-totalitarismo-e-cattolici-distratti\\\/#primaryimage\",\"url\":\"https:\\\/\\\/www.rassegnastampa-totustuus.it\\\/cattolica\\\/wp-content\\\/uploads\\\/2017\\\/03\\\/pro_life.jpg\",\"contentUrl\":\"https:\\\/\\\/www.rassegnastampa-totustuus.it\\\/cattolica\\\/wp-content\\\/uploads\\\/2017\\\/03\\\/pro_life.jpg\",\"width\":278,\"height\":181},{\"@type\":\"BreadcrumbList\",\"@id\":\"https:\\\/\\\/www.rassegnastampa-totustuus.it\\\/cattolica\\\/obbligo-di-fare-il-male-nuovo-totalitarismo-e-cattolici-distratti\\\/#breadcrumb\",\"itemListElement\":[{\"@type\":\"ListItem\",\"position\":1,\"name\":\"Home\",\"item\":\"https:\\\/\\\/www.rassegnastampa-totustuus.it\\\/cattolica\\\/\"},{\"@type\":\"ListItem\",\"position\":2,\"name\":\"Obbligo di fare il male. Nuovo totalitarismo e cattolici distratti\"}]},{\"@type\":\"WebSite\",\"@id\":\"https:\\\/\\\/www.rassegnastampa-totustuus.it\\\/cattolica\\\/#website\",\"url\":\"https:\\\/\\\/www.rassegnastampa-totustuus.it\\\/cattolica\\\/\",\"name\":\"Rassegna Stampa Cattolica\",\"description\":\"Per una cultura che nasce dalla Rivelazione cristiana in conformit\u00e0 alla tradizione e al Magistero della Chiesa in opposizione ad ogni relativismo e totalitarismo\",\"publisher\":{\"@id\":\"https:\\\/\\\/www.rassegnastampa-totustuus.it\\\/cattolica\\\/#organization\"},\"alternateName\":\"Rass. Cattolica\",\"potentialAction\":[{\"@type\":\"SearchAction\",\"target\":{\"@type\":\"EntryPoint\",\"urlTemplate\":\"https:\\\/\\\/www.rassegnastampa-totustuus.it\\\/cattolica\\\/?s={search_term_string}\"},\"query-input\":{\"@type\":\"PropertyValueSpecification\",\"valueRequired\":true,\"valueName\":\"search_term_string\"}}],\"inLanguage\":\"it-IT\"},{\"@type\":\"Organization\",\"@id\":\"https:\\\/\\\/www.rassegnastampa-totustuus.it\\\/cattolica\\\/#organization\",\"name\":\"Rassegna Stampa Cattolica\",\"url\":\"https:\\\/\\\/www.rassegnastampa-totustuus.it\\\/cattolica\\\/\",\"logo\":{\"@type\":\"ImageObject\",\"inLanguage\":\"it-IT\",\"@id\":\"https:\\\/\\\/www.rassegnastampa-totustuus.it\\\/cattolica\\\/#\\\/schema\\\/logo\\\/image\\\/\",\"url\":\"https:\\\/\\\/www.rassegnastampa-totustuus.it\\\/cattolica\\\/wp-content\\\/uploads\\\/2014\\\/04\\\/logo-rassegna1.gif\",\"contentUrl\":\"https:\\\/\\\/www.rassegnastampa-totustuus.it\\\/cattolica\\\/wp-content\\\/uploads\\\/2014\\\/04\\\/logo-rassegna1.gif\",\"width\":600,\"height\":163,\"caption\":\"Rassegna Stampa Cattolica\"},\"image\":{\"@id\":\"https:\\\/\\\/www.rassegnastampa-totustuus.it\\\/cattolica\\\/#\\\/schema\\\/logo\\\/image\\\/\"},\"sameAs\":[\"https:\\\/\\\/www.facebook.com\\\/rassegnastampacattolica\",\"https:\\\/\\\/x.com\\\/rassegnastampa9\"]},{\"@type\":\"Person\",\"@id\":\"https:\\\/\\\/www.rassegnastampa-totustuus.it\\\/cattolica\\\/#\\\/schema\\\/person\\\/08f319d2bd1a0904ad9e2bfb7b15e5c3\",\"name\":\"Redazione\",\"image\":{\"@type\":\"ImageObject\",\"inLanguage\":\"it-IT\",\"@id\":\"https:\\\/\\\/secure.gravatar.com\\\/avatar\\\/2fcdf27c78ea025fbdb44e914cc63c72249ffec9dc8aafd5c82b26240ef3f346?s=96&d=mm&r=g\",\"url\":\"https:\\\/\\\/secure.gravatar.com\\\/avatar\\\/2fcdf27c78ea025fbdb44e914cc63c72249ffec9dc8aafd5c82b26240ef3f346?s=96&d=mm&r=g\",\"contentUrl\":\"https:\\\/\\\/secure.gravatar.com\\\/avatar\\\/2fcdf27c78ea025fbdb44e914cc63c72249ffec9dc8aafd5c82b26240ef3f346?s=96&d=mm&r=g\",\"caption\":\"Redazione\"},\"url\":\"https:\\\/\\\/www.rassegnastampa-totustuus.it\\\/cattolica\\\/author\\\/pietroelle\\\/\"}]}<\/script>\n<!-- \/ Yoast SEO plugin. -->","yoast_head_json":{"title":"Obbligo di fare il male. Nuovo totalitarismo e cattolici distratti - Rassegna Stampa Cattolica","description":"Rassegna Stampa Cattolica - Per una cultura che nasce dalla Rivelazione cristiana in conformit\u00e0 alla tradizione e al Magistero della Chiesa in opposizione ad ogni relativismo e totalitarismo","robots":{"index":"index","follow":"follow","max-snippet":"max-snippet:-1","max-image-preview":"max-image-preview:large","max-video-preview":"max-video-preview:-1"},"canonical":"https:\/\/www.rassegnastampa-totustuus.it\/cattolica\/obbligo-di-fare-il-male-nuovo-totalitarismo-e-cattolici-distratti\/","og_locale":"it_IT","og_type":"article","og_title":"Obbligo di fare il male. Nuovo totalitarismo e cattolici distratti - Rassegna Stampa Cattolica","og_description":"Rassegna Stampa Cattolica - Per una cultura che nasce dalla Rivelazione cristiana in conformit\u00e0 alla tradizione e al Magistero della Chiesa in opposizione ad ogni relativismo e totalitarismo","og_url":"https:\/\/www.rassegnastampa-totustuus.it\/cattolica\/obbligo-di-fare-il-male-nuovo-totalitarismo-e-cattolici-distratti\/","og_site_name":"Rassegna Stampa Cattolica","article_publisher":"https:\/\/www.facebook.com\/rassegnastampacattolica","article_published_time":"2017-03-15T23:00:15+00:00","article_modified_time":"2020-11-11T15:36:13+00:00","og_image":[{"width":278,"height":181,"url":"https:\/\/www.rassegnastampa-totustuus.it\/cattolica\/wp-content\/uploads\/2017\/03\/pro_life.jpg","type":"image\/jpeg"}],"author":"Redazione","twitter_card":"summary_large_image","twitter_creator":"@rassegnastampa9","twitter_site":"@rassegnastampa9","twitter_misc":{"Scritto da":"Redazione","Tempo di lettura stimato":"4 minuti"},"schema":{"@context":"https:\/\/schema.org","@graph":[{"@type":"Article","@id":"https:\/\/www.rassegnastampa-totustuus.it\/cattolica\/obbligo-di-fare-il-male-nuovo-totalitarismo-e-cattolici-distratti\/#article","isPartOf":{"@id":"https:\/\/www.rassegnastampa-totustuus.it\/cattolica\/obbligo-di-fare-il-male-nuovo-totalitarismo-e-cattolici-distratti\/"},"author":{"name":"Redazione","@id":"https:\/\/www.rassegnastampa-totustuus.it\/cattolica\/#\/schema\/person\/08f319d2bd1a0904ad9e2bfb7b15e5c3"},"headline":"Obbligo di fare il male. Nuovo totalitarismo e cattolici distratti","datePublished":"2017-03-15T23:00:15+00:00","dateModified":"2020-11-11T15:36:13+00:00","mainEntityOfPage":{"@id":"https:\/\/www.rassegnastampa-totustuus.it\/cattolica\/obbligo-di-fare-il-male-nuovo-totalitarismo-e-cattolici-distratti\/"},"wordCount":713,"publisher":{"@id":"https:\/\/www.rassegnastampa-totustuus.it\/cattolica\/#organization"},"image":{"@id":"https:\/\/www.rassegnastampa-totustuus.it\/cattolica\/obbligo-di-fare-il-male-nuovo-totalitarismo-e-cattolici-distratti\/#primaryimage"},"thumbnailUrl":"https:\/\/www.rassegnastampa-totustuus.it\/cattolica\/wp-content\/uploads\/2017\/03\/pro_life.jpg","keywords":["principi non negoziabili"],"articleSection":["Aborto","Bioetica","Dottrina e morale","Totalitarismo"],"inLanguage":"it-IT"},{"@type":"WebPage","@id":"https:\/\/www.rassegnastampa-totustuus.it\/cattolica\/obbligo-di-fare-il-male-nuovo-totalitarismo-e-cattolici-distratti\/","url":"https:\/\/www.rassegnastampa-totustuus.it\/cattolica\/obbligo-di-fare-il-male-nuovo-totalitarismo-e-cattolici-distratti\/","name":"Obbligo di fare il male. Nuovo totalitarismo e cattolici distratti - Rassegna Stampa Cattolica","isPartOf":{"@id":"https:\/\/www.rassegnastampa-totustuus.it\/cattolica\/#website"},"primaryImageOfPage":{"@id":"https:\/\/www.rassegnastampa-totustuus.it\/cattolica\/obbligo-di-fare-il-male-nuovo-totalitarismo-e-cattolici-distratti\/#primaryimage"},"image":{"@id":"https:\/\/www.rassegnastampa-totustuus.it\/cattolica\/obbligo-di-fare-il-male-nuovo-totalitarismo-e-cattolici-distratti\/#primaryimage"},"thumbnailUrl":"https:\/\/www.rassegnastampa-totustuus.it\/cattolica\/wp-content\/uploads\/2017\/03\/pro_life.jpg","datePublished":"2017-03-15T23:00:15+00:00","dateModified":"2020-11-11T15:36:13+00:00","description":"Rassegna Stampa Cattolica - Per una cultura che nasce dalla Rivelazione cristiana in conformit\u00e0 alla tradizione e al Magistero della Chiesa in opposizione ad ogni relativismo e totalitarismo","breadcrumb":{"@id":"https:\/\/www.rassegnastampa-totustuus.it\/cattolica\/obbligo-di-fare-il-male-nuovo-totalitarismo-e-cattolici-distratti\/#breadcrumb"},"inLanguage":"it-IT","potentialAction":[{"@type":"ReadAction","target":["https:\/\/www.rassegnastampa-totustuus.it\/cattolica\/obbligo-di-fare-il-male-nuovo-totalitarismo-e-cattolici-distratti\/"]}]},{"@type":"ImageObject","inLanguage":"it-IT","@id":"https:\/\/www.rassegnastampa-totustuus.it\/cattolica\/obbligo-di-fare-il-male-nuovo-totalitarismo-e-cattolici-distratti\/#primaryimage","url":"https:\/\/www.rassegnastampa-totustuus.it\/cattolica\/wp-content\/uploads\/2017\/03\/pro_life.jpg","contentUrl":"https:\/\/www.rassegnastampa-totustuus.it\/cattolica\/wp-content\/uploads\/2017\/03\/pro_life.jpg","width":278,"height":181},{"@type":"BreadcrumbList","@id":"https:\/\/www.rassegnastampa-totustuus.it\/cattolica\/obbligo-di-fare-il-male-nuovo-totalitarismo-e-cattolici-distratti\/#breadcrumb","itemListElement":[{"@type":"ListItem","position":1,"name":"Home","item":"https:\/\/www.rassegnastampa-totustuus.it\/cattolica\/"},{"@type":"ListItem","position":2,"name":"Obbligo di fare il male. Nuovo totalitarismo e cattolici distratti"}]},{"@type":"WebSite","@id":"https:\/\/www.rassegnastampa-totustuus.it\/cattolica\/#website","url":"https:\/\/www.rassegnastampa-totustuus.it\/cattolica\/","name":"Rassegna Stampa Cattolica","description":"Per una cultura che nasce dalla Rivelazione cristiana in conformit\u00e0 alla tradizione e al Magistero della Chiesa in opposizione ad ogni relativismo e totalitarismo","publisher":{"@id":"https:\/\/www.rassegnastampa-totustuus.it\/cattolica\/#organization"},"alternateName":"Rass. Cattolica","potentialAction":[{"@type":"SearchAction","target":{"@type":"EntryPoint","urlTemplate":"https:\/\/www.rassegnastampa-totustuus.it\/cattolica\/?s={search_term_string}"},"query-input":{"@type":"PropertyValueSpecification","valueRequired":true,"valueName":"search_term_string"}}],"inLanguage":"it-IT"},{"@type":"Organization","@id":"https:\/\/www.rassegnastampa-totustuus.it\/cattolica\/#organization","name":"Rassegna Stampa Cattolica","url":"https:\/\/www.rassegnastampa-totustuus.it\/cattolica\/","logo":{"@type":"ImageObject","inLanguage":"it-IT","@id":"https:\/\/www.rassegnastampa-totustuus.it\/cattolica\/#\/schema\/logo\/image\/","url":"https:\/\/www.rassegnastampa-totustuus.it\/cattolica\/wp-content\/uploads\/2014\/04\/logo-rassegna1.gif","contentUrl":"https:\/\/www.rassegnastampa-totustuus.it\/cattolica\/wp-content\/uploads\/2014\/04\/logo-rassegna1.gif","width":600,"height":163,"caption":"Rassegna Stampa Cattolica"},"image":{"@id":"https:\/\/www.rassegnastampa-totustuus.it\/cattolica\/#\/schema\/logo\/image\/"},"sameAs":["https:\/\/www.facebook.com\/rassegnastampacattolica","https:\/\/x.com\/rassegnastampa9"]},{"@type":"Person","@id":"https:\/\/www.rassegnastampa-totustuus.it\/cattolica\/#\/schema\/person\/08f319d2bd1a0904ad9e2bfb7b15e5c3","name":"Redazione","image":{"@type":"ImageObject","inLanguage":"it-IT","@id":"https:\/\/secure.gravatar.com\/avatar\/2fcdf27c78ea025fbdb44e914cc63c72249ffec9dc8aafd5c82b26240ef3f346?s=96&d=mm&r=g","url":"https:\/\/secure.gravatar.com\/avatar\/2fcdf27c78ea025fbdb44e914cc63c72249ffec9dc8aafd5c82b26240ef3f346?s=96&d=mm&r=g","contentUrl":"https:\/\/secure.gravatar.com\/avatar\/2fcdf27c78ea025fbdb44e914cc63c72249ffec9dc8aafd5c82b26240ef3f346?s=96&d=mm&r=g","caption":"Redazione"},"url":"https:\/\/www.rassegnastampa-totustuus.it\/cattolica\/author\/pietroelle\/"}]}},"_links":{"self":[{"href":"https:\/\/www.rassegnastampa-totustuus.it\/cattolica\/wp-json\/wp\/v2\/posts\/37354","targetHints":{"allow":["GET"]}}],"collection":[{"href":"https:\/\/www.rassegnastampa-totustuus.it\/cattolica\/wp-json\/wp\/v2\/posts"}],"about":[{"href":"https:\/\/www.rassegnastampa-totustuus.it\/cattolica\/wp-json\/wp\/v2\/types\/post"}],"author":[{"embeddable":true,"href":"https:\/\/www.rassegnastampa-totustuus.it\/cattolica\/wp-json\/wp\/v2\/users\/6"}],"replies":[{"embeddable":true,"href":"https:\/\/www.rassegnastampa-totustuus.it\/cattolica\/wp-json\/wp\/v2\/comments?post=37354"}],"version-history":[{"count":2,"href":"https:\/\/www.rassegnastampa-totustuus.it\/cattolica\/wp-json\/wp\/v2\/posts\/37354\/revisions"}],"predecessor-version":[{"id":49120,"href":"https:\/\/www.rassegnastampa-totustuus.it\/cattolica\/wp-json\/wp\/v2\/posts\/37354\/revisions\/49120"}],"wp:featuredmedia":[{"embeddable":true,"href":"https:\/\/www.rassegnastampa-totustuus.it\/cattolica\/wp-json\/wp\/v2\/media\/37355"}],"wp:attachment":[{"href":"https:\/\/www.rassegnastampa-totustuus.it\/cattolica\/wp-json\/wp\/v2\/media?parent=37354"}],"wp:term":[{"taxonomy":"category","embeddable":true,"href":"https:\/\/www.rassegnastampa-totustuus.it\/cattolica\/wp-json\/wp\/v2\/categories?post=37354"},{"taxonomy":"post_tag","embeddable":true,"href":"https:\/\/www.rassegnastampa-totustuus.it\/cattolica\/wp-json\/wp\/v2\/tags?post=37354"}],"curies":[{"name":"wp","href":"https:\/\/api.w.org\/{rel}","templated":true}]}}