{"id":37307,"date":"2017-03-09T00:00:44","date_gmt":"2017-03-08T23:00:44","guid":{"rendered":"http:\/\/www.rassegnastampa-totustuus.it\/cattolica\/?p=37307"},"modified":"2017-03-02T16:06:54","modified_gmt":"2017-03-02T15:06:54","slug":"il-ritorno-dei-nuovi-schiavisti","status":"publish","type":"post","link":"https:\/\/www.rassegnastampa-totustuus.it\/cattolica\/il-ritorno-dei-nuovi-schiavisti\/","title":{"rendered":"Il ritorno dei nuovi schiavisti"},"content":{"rendered":"<p style=\"text-align: center;\"><strong><img loading=\"lazy\" decoding=\"async\" class=\"alignleft wp-image-37308 size-full\" src=\"https:\/\/www.rassegnastampa-totustuus.it\/cattolica\/wp-content\/uploads\/2017\/03\/bambini_oggetto.jpg\" alt=\"bambini_oggetto\" width=\"248\" height=\"164\" \/>Il Timone<\/strong> n.161 Marzo 2017<\/p>\n<p style=\"text-align: justify;\"><em>Eutanasia, aborto, fecondazione artificiale,pedofilia. \u00a0Che cosa sono se non nuove forme con le quali si pretende di disporre della persona umana? L\u2019uomo \u00e8 ridotto a cosa E\u2019 tornata la schiavit\u00f9.<\/em><\/p>\n<p style=\"text-align: center;\">di <strong>Tommaso Scandroglio<\/strong><br \/>\n<!--more--><\/p>\n<p style=\"text-align: justify;\">La schiavit\u00f9 \u00ab\u00e8 lo stato o la condizione di un individuo sul quale si esercitano gli attributi del diritto di propriet\u00e0 o taluni di essi, e lo \u201cschiavo\u201d \u00e8 l&#8217;individuo che ha tale stato o condizione\u00bb (Nazioni Unite, Convenzione supplementare sull&#8217;abolizione della schiavit\u00f9, del commercio di schiavi e delle istituzioni e pratiche analoghe alla schiavit\u00f9, 1956).<\/p>\n<p style=\"text-align: justify;\">Semplificando, potremmo affermare che il diritto di propriet\u00e0 \u00e8 predicabile solo sulle cose e le cose possono essere vendute, comprate, modificate, distrutte proprio perch\u00e9 il diritto di propriet\u00e0 \u00e8 un dominio assoluto sul bene, sulla cosa, Se puoi predicare un diritto di propriet\u00e0 sugli esseri umani li tratti da schiavi, cio\u00e8 da cose.<\/p>\n<p style=\"text-align: justify;\">Ora, la filosofia classica e insieme a questa la Chiesa ci hanno insegnato che l&#8217;uomo non \u00e8 solo il suo corpo ma un essere corporeo spirituale. Carne ed anima, materia e forma, dove quest&#8217;ultimo principio appunto informa la materia, la vivifica. La dignit\u00e0 della persona, cio\u00e8 la sua intrinseca preziosit\u00e0, riposa prima di tutto nella sua anima, preziosit\u00e0 che viene comunicata anche al corpo.<\/p>\n<p style=\"text-align: justify;\">Dall&#8217;umanesimo ha preso piede invece una visione dell&#8217;uomo che sempre pi\u00f9 ha marginalizzato la componente metafisica (al di l\u00e0 del dato fisico) per privilegiare l&#8217;aspetto empirico, fisico. Ma se l&#8217;uomo \u00e8 solo il suo corpo, il suo valore sar\u00e0 solo materiale e si rischier\u00e0 di trattare la persona umana come una cosa. E se l&#8217;uomo \u00e8 solo un essere materiale senz&#8217;anima ci sar\u00e0 materia umana di prima qualit\u00e0 e materia umana di qualit\u00e0 scadente, un po&#8217; come avviene per il pellame.<\/p>\n<p style=\"text-align: justify;\">Da qui i criteri di qualit\u00e0 per decidere se un tal essere umano \u00e8 solo un essere biologico oppure presenta alcune caratteristiche empiriche che lo elevano a rango di persona, cio\u00e8 un essere biologico evoluto, di qualit\u00e0 appunto.<\/p>\n<p style=\"text-align: justify;\">I criteri sono tanto vari quanto arbitrari: la cessazione della totipotenzialit\u00e0 delle cellule dell&#8217;embrione, la comparsa in questo della stria primitiva dell&#8217;encefalo, l&#8217;attecchimento in utero, la perfettibilit\u00e0 fisica, il taglio del cordone ombelicale, la capacit\u00e0 di svolgere funzioni elevate quali la comunicazione coi terze persone, l&#8217;autocoscienza, il porsi fini intellegibili, l&#8217;assegnare valore alle proprie e altrui azioni, etc.<\/p>\n<p style=\"text-align: justify;\">A seconda di quale criterio scegliamo, ne consegue che non ottengono un punteggio minimo per vedersi riconosciuta la qualifica di persone a volte tutti i nascituri, a volte solo quelli con handicap, quelli non ancora completamente formati, oppure i neonati, le persone affette da patologie eurodegenerative, gli anziani non pi\u00f9 lucidi, i pazienti in coma o affetti da veglia non responsiva (quella che un tempo si chiamava &#8220;stato vegetativo&#8221;) e molti altri.<\/p>\n<p style=\"text-align: justify;\"><strong>Lo schiavismo 2.0<\/strong><\/p>\n<p style=\"text-align: justify;\"><img loading=\"lazy\" decoding=\"async\" class=\"size-full wp-image-29219 alignright\" src=\"https:\/\/www.rassegnastampa-totustuus.it\/cattolica\/wp-content\/uploads\/2005\/08\/schiavitu.jpg\" alt=\"schiavitu\" width=\"240\" height=\"180\" \/>E dunque se l&#8217;uomo manca di uno o pi\u00f9 di questi attributi non \u00e8 persona, ma \u00e8 cosa. \u00c8 il famigerato processo di reificazione della persona umana. Ma se gli schiavi sono considerati come cose su cui \u00e8 legittimo predicare un diritto di propriet\u00e0 possiamo concludere che oggi la schiavit\u00f9 \u00e8 tornata d\u00ec moda, proprio perch\u00e9 vi sono esseri umani che difettando di alcuni requisiti sono qualificati meramente come beni materiali oggetto di propriet\u00e0 di genitori, parenti e scienziati. Veri e propri schiavi che possono essere venduti, uccisi, usati per la ricerca.<\/p>\n<p style=\"text-align: justify;\">Molti oggi sono gli ambiti dove la persona umana \u00e8 trattata come uno schiavo, come un oggetto. Pensiamo all&#8217;aborto. Per rimanere all&#8217;Italia, dal 1978 ad oggi gli aborti legali &#8211; senza tener conto delle pillole abortive e delle metodiche contraccettive che possono avere anche effetti abortivi come un virus da sterminare a suon di pillole.<\/p>\n<p style=\"text-align: justify;\">Le cose su cui si esercita un diritto di propriet\u00e0 non solo si possono distruggere ma anche usare.<\/p>\n<p style=\"text-align: justify;\">I ricercatori dell&#8217;Universit\u00e0 di Losanna avevano scoperto tempo fa che le cicatrici su feti operati quasi scomparivano. Da qui la produzione della crema antirughe dei laboratori Neocutis ottenuta dalla pelle dei feti abortiti. Questi vengono usati anche per la commercializzazione di alcuni vaccini.<\/p>\n<p style=\"text-align: justify;\">Uno schiavo pu\u00f2 essere ucciso, usato ma anche venduto. \u00c8 noto lo scandalo che ha coinvolto la <em>P<\/em><em>lan<\/em><em>ned<\/em> Parenthood, forse la pi\u00f9 grande organizzazione al mondo dedita all&#8217;aborto di massa. Vendevano cervello, muscoli, polmoni, fegato di feti adulti guadagnando dai 30 ai 100 dollari per ogni organo. Finch\u00e9 alla presidenza c&#8217;era Barack Obama, la <em>Planned Parenthood<\/em> incassava dal governo americano 1,3 miliardi di dollari. Ora Donald Trump ha chiuso i rubinetti.<\/p>\n<p style=\"text-align: justify;\"><strong>Un prodotto difettoso<\/strong><\/p>\n<p style=\"text-align: justify;\"><img loading=\"lazy\" decoding=\"async\" class=\"alignleft wp-image-27229\" src=\"https:\/\/www.rassegnastampa-totustuus.it\/cattolica\/wp-content\/uploads\/2011\/10\/fivet.jpg\" alt=\"fivet\" width=\"250\" height=\"150\" \/>Passiamo alla fecondazione artificiale. Qui raggiungiamo un particolare grado di cosificazione della persona. La tecnica infatti proviene dalla zootecnia e l&#8217;uomo viene concepito, rectius, prodotto in vitro, crioconservato, esposto a rischio di morte elevata e, se nasce (siamo intorno al 7% di possibilit\u00e0), i pericoli per la sua salute saranno molto seri. Il bambino schiavo con la diagnosi pre-impianto viene selezionato, cio\u00e8 scartato, se il prodotto \u00e8 difettoso, come se fosse un pomodoro guasto.<\/p>\n<p style=\"text-align: justify;\">Il processo ricorda quello industriale ed infatti non possiamo pi\u00f9 parlare di bambini che crescono nelle pance delle mamme, bens\u00ec di prodotti del concepimento. Con l&#8217;eterologa inoltre si svilisce ancor di pi\u00f9 la sua dignit\u00e0, perch\u00e9 lo si rende volutamente orfano dalla nascita almeno di un genitore biologico, ledendolo nel suo diritto nativo a crescere con i propri genitori naturali.<\/p>\n<p style=\"text-align: justify;\">Anche in questo caso la persona viene usata per fini sperimentali, letteralmente come se fosse una cavia da laboratorio.<\/p>\n<p style=\"text-align: justify;\">Infatti, le tecniche di fecondazione artificiale sono alla base delle ricerche su clonazione, creazione di embrioni cibridi generazione di bambini con tre o un solo genitore biologico, fecondazione post-mortem (il bambino nasce quando ad esempio il padre \u00e8 morto da anni o da decenni.<\/p>\n<p style=\"text-align: justify;\">Anche nella fecondazione artificiale si fa commercio di esseri umani, come se fosse la nuova tratta degli schiavi, perch\u00e9 per avere un bambino in braccio bisogna pagare e non poco. Il neoschiavismo si accentua con la pratica della maternit\u00e0 surrogata.<\/p>\n<p style=\"text-align: justify;\">Come \u00e8 noto, la tecnica prevede che la gestazione sia portata avanti da una donna che non crescer\u00e0 il bambino. Questa donna pu\u00f2 anche mettere a disposizione l&#8217;ovocita. Il bambino cos\u00ec potr\u00e0 avere sino a tre &#8220;mamme&#8221;: quella che ha fornito l\u2019ovocita, quella che ha portato avanti la gravidanza e quella che lo crescer\u00e0.<\/p>\n<p style=\"text-align: justify;\">Questa pratica nasce dalle tecniche di fecondazione artificiale e quindi si possono ripetere qui le stesse riserve prima evidenziate, soprattutto quelle che si riferiscono all&#8217;eterologa. Ma altre se ne aggiungono. \u00c8 la stessa donna a venire ridotta ad incubatrice di carne a pagamento e il bambino a prodotto da comprare.<\/p>\n<p style=\"text-align: justify;\"><img loading=\"lazy\" decoding=\"async\" class=\"alignright wp-image-28628\" src=\"https:\/\/www.rassegnastampa-totustuus.it\/cattolica\/wp-content\/uploads\/2015\/12\/utero-in-affitto.jpg\" alt=\"utero in affitto\" width=\"240\" height=\"163\" \/>Il vulnus alla dignit\u00e0 di quest&#8217;ultimo viene inferto non solo quando si paga la donna perch\u00e9 si assuma l\u2019onere delle gravidanza, ma anche quando &#8211; per mera ipotesi d\u00ec scuola &#8211; si affitta l&#8217;utero gratuitamente. Infatti, anche in questo caso il bimbo \u00e8 comunque alienato seppur in forma gratuita: non affitto d&#8217;utero ma comunque comodato d&#8217;uso, non compravendita ma gesto di liberalit\u00e0.<\/p>\n<p style=\"text-align: justify;\">T\u00eczio pu\u00f2 donare la propria vita in senso metaforico &#8211; come gesto oblativo &#8211; ma non ci pu\u00f2 essere donazione della propria persona in senso materiale &#8211; \u00e8 questo che avviene nella maternit\u00e0 surrogata &#8211; perch\u00e9 ci\u00f2 presupporrebbe un diritto di propriet\u00e0 su se stessi. Peggio ancora quando s\u00ec vuole &#8220;donare&#8221; una terza persona. Ma il diritto di propriet\u00e0 \u00e8 predicabile solo sulle cose, non sulla propria vita o corpo.<\/p>\n<p style=\"text-align: justify;\"><strong>Appagare i desideri<\/strong><\/p>\n<p style=\"text-align: justify;\"><img loading=\"lazy\" decoding=\"async\" class=\"size-full wp-image-27530 alignleft\" src=\"https:\/\/www.rassegnastampa-totustuus.it\/cattolica\/wp-content\/uploads\/2013\/07\/omogenitori.jpg\" alt=\"omogenitori\" width=\"208\" height=\"154\" \/>Con aborto, fecondazione artificiale e utero in affitto il bambino \u00e8 schiavo anche perch\u00e9 servo, cio\u00e8 serve, \u00e8 utile ai miei scopi. Perde la qualifica di soggetto per diventare oggetto: dei miei desideri di diventare madre e padre con la fecondazione in vitro o di non diventarli con l\u2019aborto e la contraccezione.<\/p>\n<p style=\"text-align: justify;\">Pensiamo alla pedofilia: tale devianza nasce dal portare all&#8217;estremo l&#8217;idea che il bimbo \u00e8 oggetto di mia soddisfazione, di un mio desiderio, in questo caso non di carattere genitoriale, come accade nella fecondazione in vitro, ma sessuale.<\/p>\n<p style=\"text-align: justify;\">Oppure poniamo mente a quei genitori che non crescono un bambino, ma un bambolotto: rimane oggetto solo di loro gratificazione, di loro realizzazione, di completamento e arredo della propria vita. Il figlio deve essere desiderato per s\u00e9 stesso, non in funzione di se stessi. Chiamaisi gratuit\u00e0.<\/p>\n<p style=\"text-align: justify;\">Tale reificazione del bambino diviene assai evidente nei casi cosiddetti di omogenitorialit\u00e0: la coppia omosessuale, tramite fecondazione eterologa, utero in affitto o adozione, pretende un figlio per propria soddisfazione personale, dimentichi che il vero interesse del minore esigerebbe l&#8217;inserimento di questi in un nucleo familiare composto da mamma e pap\u00e0.<\/p>\n<p style=\"text-align: justify;\"><img loading=\"lazy\" decoding=\"async\" class=\"alignright wp-image-27528\" src=\"https:\/\/www.rassegnastampa-totustuus.it\/cattolica\/wp-content\/uploads\/2009\/03\/eutanasia.jpg\" alt=\"eutanasia\" width=\"250\" height=\"139\" srcset=\"https:\/\/www.rassegnastampa-totustuus.it\/cattolica\/wp-content\/uploads\/2009\/03\/eutanasia.jpg 301w, https:\/\/www.rassegnastampa-totustuus.it\/cattolica\/wp-content\/uploads\/2009\/03\/eutanasia-300x166.jpg 300w\" sizes=\"auto, (max-width: 250px) 100vw, 250px\" \/>Infine chiudiamo con l\u2019eutanasia. In Belgio anche i bambini possono essere uccisi legalmente. In Olanda i ministri della Salute e della Giustizia hanno scritto una lettera al Parlamento in cui si annuncia la proposta di un disegno di legge che potrebbe vedere la luce nel 2017 e che permetterebbe anche agli anziani &#8211; seppur non malati terminali n\u00e9 affetti da dolori insopportabili, n\u00e9 disabili &#8211; di accedere all&#8217;eutanasia se riterranno che la loro vita non abbia pi\u00f9 valore.<\/p>\n<p style=\"text-align: justify;\">Nel 2015, nei Paesi Bassi sono morte 5.516 persone per eutanasia, il 3,9% di tutti i decessi, Sul <em>Journal of Medical <\/em><em>Ethics<\/em> del marzo 2016, il dott. Jan Bollen, membro del V Dipartimento di terapia intensiva del Maastricht University Medical Center (Olanda), ha proposto che chi vuole ricevere l&#8217;eutanasia muoia, non a casa o sul letto d&#8217;ospedale, bens\u00ec sul tavolo operatorio, cos\u00ec da espiantare gli organi a fresco per i trapianti. Tale pratica viene pelosamente definita &#8220;eutanasia altruistica&#8221;. Uomo come il maiale: non si butta via niente.<\/p>\n<p style=\"text-align: justify;\">____________________<\/p>\n<p style=\"text-align: justify;\"><strong>QUANTO MI COSTI<\/strong> <em>Il Piano nazionale per la<\/em> <em>fertilit\u00e0 <\/em>varato dal Ministero detta Salute ci informa che &#8220;il calcolo dei costo per bambino nato [\u2026] risulta essere di Euro 12234 sotto i 35 anni [delia donna], Euro 15106 fra i 35 e i 38 ed Euro 32916 tra i 39 e i 42 anni&#8221; (anno 2015). Per l&#8217;eterologa il listino prezzi umano si fa ancor pi\u00f9 caro.<\/p>\n","protected":false},"excerpt":{"rendered":"<p>Il Timone n.161 Marzo 2017 Eutanasia, aborto, fecondazione artificiale,pedofilia. \u00a0Che cosa sono se non nuove forme con le quali si pretende di disporre della persona umana? L\u2019uomo \u00e8 ridotto a cosa E\u2019 tornata la schiavit\u00f9. di Tommaso Scandroglio<\/p><p><a class=\"more-link btn\" href=\"https:\/\/www.rassegnastampa-totustuus.it\/cattolica\/il-ritorno-dei-nuovi-schiavisti\/\">Continua a leggere<\/a><\/p>\n","protected":false},"author":6,"featured_media":37308,"comment_status":"closed","ping_status":"closed","sticky":false,"template":"","format":"standard","meta":{"footnotes":""},"categories":[2,4,55],"tags":[360,212,1403],"class_list":["post-37307","post","type-post","status-publish","format-standard","has-post-thumbnail","hentry","category-aborto","category-bioetica","category-eutanasia","tag-fecondazione-artificiale","tag-fivet","tag-schiavitu","item-wrap"],"yoast_head":"<!-- This site is optimized with the Yoast SEO plugin v27.5 - https:\/\/yoast.com\/product\/yoast-seo-wordpress\/ -->\n<title>Il ritorno dei nuovi schiavisti - Rassegna Stampa Cattolica<\/title>\n<meta name=\"description\" content=\"Rassegna Stampa Cattolica - Per una cultura che nasce dalla Rivelazione cristiana in conformit\u00e0 alla tradizione e al Magistero della Chiesa in opposizione ad ogni relativismo e totalitarismo\" \/>\n<meta name=\"robots\" content=\"index, follow, max-snippet:-1, max-image-preview:large, max-video-preview:-1\" \/>\n<link rel=\"canonical\" href=\"https:\/\/www.rassegnastampa-totustuus.it\/cattolica\/il-ritorno-dei-nuovi-schiavisti\/\" \/>\n<meta property=\"og:locale\" content=\"it_IT\" \/>\n<meta property=\"og:type\" content=\"article\" \/>\n<meta property=\"og:title\" content=\"Il ritorno dei nuovi schiavisti - Rassegna Stampa Cattolica\" \/>\n<meta property=\"og:description\" content=\"Rassegna Stampa Cattolica - Per una cultura che nasce dalla Rivelazione cristiana in conformit\u00e0 alla tradizione e al Magistero della Chiesa in opposizione ad ogni relativismo e totalitarismo\" \/>\n<meta property=\"og:url\" content=\"https:\/\/www.rassegnastampa-totustuus.it\/cattolica\/il-ritorno-dei-nuovi-schiavisti\/\" \/>\n<meta property=\"og:site_name\" content=\"Rassegna Stampa Cattolica\" \/>\n<meta property=\"article:publisher\" content=\"https:\/\/www.facebook.com\/rassegnastampacattolica\" \/>\n<meta property=\"article:published_time\" content=\"2017-03-08T23:00:44+00:00\" \/>\n<meta property=\"og:image\" content=\"https:\/\/www.rassegnastampa-totustuus.it\/cattolica\/wp-content\/uploads\/2017\/03\/bambini_oggetto.jpg\" \/>\n\t<meta property=\"og:image:width\" content=\"248\" \/>\n\t<meta property=\"og:image:height\" content=\"164\" \/>\n\t<meta property=\"og:image:type\" content=\"image\/jpeg\" \/>\n<meta name=\"author\" content=\"Redazione\" \/>\n<meta name=\"twitter:card\" content=\"summary_large_image\" \/>\n<meta name=\"twitter:creator\" content=\"@rassegnastampa9\" \/>\n<meta name=\"twitter:site\" content=\"@rassegnastampa9\" \/>\n<meta name=\"twitter:label1\" content=\"Scritto da\" \/>\n\t<meta name=\"twitter:data1\" content=\"Redazione\" \/>\n\t<meta name=\"twitter:label2\" content=\"Tempo di lettura stimato\" \/>\n\t<meta name=\"twitter:data2\" content=\"8 minuti\" \/>\n<script type=\"application\/ld+json\" class=\"yoast-schema-graph\">{\"@context\":\"https:\\\/\\\/schema.org\",\"@graph\":[{\"@type\":\"Article\",\"@id\":\"https:\\\/\\\/www.rassegnastampa-totustuus.it\\\/cattolica\\\/il-ritorno-dei-nuovi-schiavisti\\\/#article\",\"isPartOf\":{\"@id\":\"https:\\\/\\\/www.rassegnastampa-totustuus.it\\\/cattolica\\\/il-ritorno-dei-nuovi-schiavisti\\\/\"},\"author\":{\"name\":\"Redazione\",\"@id\":\"https:\\\/\\\/www.rassegnastampa-totustuus.it\\\/cattolica\\\/#\\\/schema\\\/person\\\/08f319d2bd1a0904ad9e2bfb7b15e5c3\"},\"headline\":\"Il ritorno dei nuovi schiavisti\",\"datePublished\":\"2017-03-08T23:00:44+00:00\",\"mainEntityOfPage\":{\"@id\":\"https:\\\/\\\/www.rassegnastampa-totustuus.it\\\/cattolica\\\/il-ritorno-dei-nuovi-schiavisti\\\/\"},\"wordCount\":1639,\"publisher\":{\"@id\":\"https:\\\/\\\/www.rassegnastampa-totustuus.it\\\/cattolica\\\/#organization\"},\"image\":{\"@id\":\"https:\\\/\\\/www.rassegnastampa-totustuus.it\\\/cattolica\\\/il-ritorno-dei-nuovi-schiavisti\\\/#primaryimage\"},\"thumbnailUrl\":\"https:\\\/\\\/www.rassegnastampa-totustuus.it\\\/cattolica\\\/wp-content\\\/uploads\\\/2017\\\/03\\\/bambini_oggetto.jpg\",\"keywords\":[\"fecondazione artificiale\",\"fivet\",\"schiavit\u00f9\"],\"articleSection\":[\"Aborto\",\"Bioetica\",\"Eutanasia\"],\"inLanguage\":\"it-IT\"},{\"@type\":\"WebPage\",\"@id\":\"https:\\\/\\\/www.rassegnastampa-totustuus.it\\\/cattolica\\\/il-ritorno-dei-nuovi-schiavisti\\\/\",\"url\":\"https:\\\/\\\/www.rassegnastampa-totustuus.it\\\/cattolica\\\/il-ritorno-dei-nuovi-schiavisti\\\/\",\"name\":\"Il ritorno dei nuovi schiavisti - Rassegna Stampa Cattolica\",\"isPartOf\":{\"@id\":\"https:\\\/\\\/www.rassegnastampa-totustuus.it\\\/cattolica\\\/#website\"},\"primaryImageOfPage\":{\"@id\":\"https:\\\/\\\/www.rassegnastampa-totustuus.it\\\/cattolica\\\/il-ritorno-dei-nuovi-schiavisti\\\/#primaryimage\"},\"image\":{\"@id\":\"https:\\\/\\\/www.rassegnastampa-totustuus.it\\\/cattolica\\\/il-ritorno-dei-nuovi-schiavisti\\\/#primaryimage\"},\"thumbnailUrl\":\"https:\\\/\\\/www.rassegnastampa-totustuus.it\\\/cattolica\\\/wp-content\\\/uploads\\\/2017\\\/03\\\/bambini_oggetto.jpg\",\"datePublished\":\"2017-03-08T23:00:44+00:00\",\"description\":\"Rassegna Stampa Cattolica - Per una cultura che nasce dalla Rivelazione cristiana in conformit\u00e0 alla tradizione e al Magistero della Chiesa in opposizione ad ogni relativismo e totalitarismo\",\"breadcrumb\":{\"@id\":\"https:\\\/\\\/www.rassegnastampa-totustuus.it\\\/cattolica\\\/il-ritorno-dei-nuovi-schiavisti\\\/#breadcrumb\"},\"inLanguage\":\"it-IT\",\"potentialAction\":[{\"@type\":\"ReadAction\",\"target\":[\"https:\\\/\\\/www.rassegnastampa-totustuus.it\\\/cattolica\\\/il-ritorno-dei-nuovi-schiavisti\\\/\"]}]},{\"@type\":\"ImageObject\",\"inLanguage\":\"it-IT\",\"@id\":\"https:\\\/\\\/www.rassegnastampa-totustuus.it\\\/cattolica\\\/il-ritorno-dei-nuovi-schiavisti\\\/#primaryimage\",\"url\":\"https:\\\/\\\/www.rassegnastampa-totustuus.it\\\/cattolica\\\/wp-content\\\/uploads\\\/2017\\\/03\\\/bambini_oggetto.jpg\",\"contentUrl\":\"https:\\\/\\\/www.rassegnastampa-totustuus.it\\\/cattolica\\\/wp-content\\\/uploads\\\/2017\\\/03\\\/bambini_oggetto.jpg\",\"width\":248,\"height\":164},{\"@type\":\"BreadcrumbList\",\"@id\":\"https:\\\/\\\/www.rassegnastampa-totustuus.it\\\/cattolica\\\/il-ritorno-dei-nuovi-schiavisti\\\/#breadcrumb\",\"itemListElement\":[{\"@type\":\"ListItem\",\"position\":1,\"name\":\"Home\",\"item\":\"https:\\\/\\\/www.rassegnastampa-totustuus.it\\\/cattolica\\\/\"},{\"@type\":\"ListItem\",\"position\":2,\"name\":\"Il ritorno dei nuovi schiavisti\"}]},{\"@type\":\"WebSite\",\"@id\":\"https:\\\/\\\/www.rassegnastampa-totustuus.it\\\/cattolica\\\/#website\",\"url\":\"https:\\\/\\\/www.rassegnastampa-totustuus.it\\\/cattolica\\\/\",\"name\":\"Rassegna Stampa Cattolica\",\"description\":\"Per una cultura che nasce dalla Rivelazione cristiana in conformit\u00e0 alla tradizione e al Magistero della Chiesa in opposizione ad ogni relativismo e totalitarismo\",\"publisher\":{\"@id\":\"https:\\\/\\\/www.rassegnastampa-totustuus.it\\\/cattolica\\\/#organization\"},\"alternateName\":\"Rass. Cattolica\",\"potentialAction\":[{\"@type\":\"SearchAction\",\"target\":{\"@type\":\"EntryPoint\",\"urlTemplate\":\"https:\\\/\\\/www.rassegnastampa-totustuus.it\\\/cattolica\\\/?s={search_term_string}\"},\"query-input\":{\"@type\":\"PropertyValueSpecification\",\"valueRequired\":true,\"valueName\":\"search_term_string\"}}],\"inLanguage\":\"it-IT\"},{\"@type\":\"Organization\",\"@id\":\"https:\\\/\\\/www.rassegnastampa-totustuus.it\\\/cattolica\\\/#organization\",\"name\":\"Rassegna Stampa Cattolica\",\"url\":\"https:\\\/\\\/www.rassegnastampa-totustuus.it\\\/cattolica\\\/\",\"logo\":{\"@type\":\"ImageObject\",\"inLanguage\":\"it-IT\",\"@id\":\"https:\\\/\\\/www.rassegnastampa-totustuus.it\\\/cattolica\\\/#\\\/schema\\\/logo\\\/image\\\/\",\"url\":\"https:\\\/\\\/www.rassegnastampa-totustuus.it\\\/cattolica\\\/wp-content\\\/uploads\\\/2014\\\/04\\\/logo-rassegna1.gif\",\"contentUrl\":\"https:\\\/\\\/www.rassegnastampa-totustuus.it\\\/cattolica\\\/wp-content\\\/uploads\\\/2014\\\/04\\\/logo-rassegna1.gif\",\"width\":600,\"height\":163,\"caption\":\"Rassegna Stampa Cattolica\"},\"image\":{\"@id\":\"https:\\\/\\\/www.rassegnastampa-totustuus.it\\\/cattolica\\\/#\\\/schema\\\/logo\\\/image\\\/\"},\"sameAs\":[\"https:\\\/\\\/www.facebook.com\\\/rassegnastampacattolica\",\"https:\\\/\\\/x.com\\\/rassegnastampa9\"]},{\"@type\":\"Person\",\"@id\":\"https:\\\/\\\/www.rassegnastampa-totustuus.it\\\/cattolica\\\/#\\\/schema\\\/person\\\/08f319d2bd1a0904ad9e2bfb7b15e5c3\",\"name\":\"Redazione\",\"image\":{\"@type\":\"ImageObject\",\"inLanguage\":\"it-IT\",\"@id\":\"https:\\\/\\\/secure.gravatar.com\\\/avatar\\\/2fcdf27c78ea025fbdb44e914cc63c72249ffec9dc8aafd5c82b26240ef3f346?s=96&d=mm&r=g\",\"url\":\"https:\\\/\\\/secure.gravatar.com\\\/avatar\\\/2fcdf27c78ea025fbdb44e914cc63c72249ffec9dc8aafd5c82b26240ef3f346?s=96&d=mm&r=g\",\"contentUrl\":\"https:\\\/\\\/secure.gravatar.com\\\/avatar\\\/2fcdf27c78ea025fbdb44e914cc63c72249ffec9dc8aafd5c82b26240ef3f346?s=96&d=mm&r=g\",\"caption\":\"Redazione\"},\"url\":\"https:\\\/\\\/www.rassegnastampa-totustuus.it\\\/cattolica\\\/author\\\/pietroelle\\\/\"}]}<\/script>\n<!-- \/ Yoast SEO plugin. -->","yoast_head_json":{"title":"Il ritorno dei nuovi schiavisti - Rassegna Stampa Cattolica","description":"Rassegna Stampa Cattolica - Per una cultura che nasce dalla Rivelazione cristiana in conformit\u00e0 alla tradizione e al Magistero della Chiesa in opposizione ad ogni relativismo e totalitarismo","robots":{"index":"index","follow":"follow","max-snippet":"max-snippet:-1","max-image-preview":"max-image-preview:large","max-video-preview":"max-video-preview:-1"},"canonical":"https:\/\/www.rassegnastampa-totustuus.it\/cattolica\/il-ritorno-dei-nuovi-schiavisti\/","og_locale":"it_IT","og_type":"article","og_title":"Il ritorno dei nuovi schiavisti - Rassegna Stampa Cattolica","og_description":"Rassegna Stampa Cattolica - Per una cultura che nasce dalla Rivelazione cristiana in conformit\u00e0 alla tradizione e al Magistero della Chiesa in opposizione ad ogni relativismo e totalitarismo","og_url":"https:\/\/www.rassegnastampa-totustuus.it\/cattolica\/il-ritorno-dei-nuovi-schiavisti\/","og_site_name":"Rassegna Stampa Cattolica","article_publisher":"https:\/\/www.facebook.com\/rassegnastampacattolica","article_published_time":"2017-03-08T23:00:44+00:00","og_image":[{"width":248,"height":164,"url":"https:\/\/www.rassegnastampa-totustuus.it\/cattolica\/wp-content\/uploads\/2017\/03\/bambini_oggetto.jpg","type":"image\/jpeg"}],"author":"Redazione","twitter_card":"summary_large_image","twitter_creator":"@rassegnastampa9","twitter_site":"@rassegnastampa9","twitter_misc":{"Scritto da":"Redazione","Tempo di lettura stimato":"8 minuti"},"schema":{"@context":"https:\/\/schema.org","@graph":[{"@type":"Article","@id":"https:\/\/www.rassegnastampa-totustuus.it\/cattolica\/il-ritorno-dei-nuovi-schiavisti\/#article","isPartOf":{"@id":"https:\/\/www.rassegnastampa-totustuus.it\/cattolica\/il-ritorno-dei-nuovi-schiavisti\/"},"author":{"name":"Redazione","@id":"https:\/\/www.rassegnastampa-totustuus.it\/cattolica\/#\/schema\/person\/08f319d2bd1a0904ad9e2bfb7b15e5c3"},"headline":"Il ritorno dei nuovi schiavisti","datePublished":"2017-03-08T23:00:44+00:00","mainEntityOfPage":{"@id":"https:\/\/www.rassegnastampa-totustuus.it\/cattolica\/il-ritorno-dei-nuovi-schiavisti\/"},"wordCount":1639,"publisher":{"@id":"https:\/\/www.rassegnastampa-totustuus.it\/cattolica\/#organization"},"image":{"@id":"https:\/\/www.rassegnastampa-totustuus.it\/cattolica\/il-ritorno-dei-nuovi-schiavisti\/#primaryimage"},"thumbnailUrl":"https:\/\/www.rassegnastampa-totustuus.it\/cattolica\/wp-content\/uploads\/2017\/03\/bambini_oggetto.jpg","keywords":["fecondazione artificiale","fivet","schiavit\u00f9"],"articleSection":["Aborto","Bioetica","Eutanasia"],"inLanguage":"it-IT"},{"@type":"WebPage","@id":"https:\/\/www.rassegnastampa-totustuus.it\/cattolica\/il-ritorno-dei-nuovi-schiavisti\/","url":"https:\/\/www.rassegnastampa-totustuus.it\/cattolica\/il-ritorno-dei-nuovi-schiavisti\/","name":"Il ritorno dei nuovi schiavisti - Rassegna Stampa Cattolica","isPartOf":{"@id":"https:\/\/www.rassegnastampa-totustuus.it\/cattolica\/#website"},"primaryImageOfPage":{"@id":"https:\/\/www.rassegnastampa-totustuus.it\/cattolica\/il-ritorno-dei-nuovi-schiavisti\/#primaryimage"},"image":{"@id":"https:\/\/www.rassegnastampa-totustuus.it\/cattolica\/il-ritorno-dei-nuovi-schiavisti\/#primaryimage"},"thumbnailUrl":"https:\/\/www.rassegnastampa-totustuus.it\/cattolica\/wp-content\/uploads\/2017\/03\/bambini_oggetto.jpg","datePublished":"2017-03-08T23:00:44+00:00","description":"Rassegna Stampa Cattolica - Per una cultura che nasce dalla Rivelazione cristiana in conformit\u00e0 alla tradizione e al Magistero della Chiesa in opposizione ad ogni relativismo e totalitarismo","breadcrumb":{"@id":"https:\/\/www.rassegnastampa-totustuus.it\/cattolica\/il-ritorno-dei-nuovi-schiavisti\/#breadcrumb"},"inLanguage":"it-IT","potentialAction":[{"@type":"ReadAction","target":["https:\/\/www.rassegnastampa-totustuus.it\/cattolica\/il-ritorno-dei-nuovi-schiavisti\/"]}]},{"@type":"ImageObject","inLanguage":"it-IT","@id":"https:\/\/www.rassegnastampa-totustuus.it\/cattolica\/il-ritorno-dei-nuovi-schiavisti\/#primaryimage","url":"https:\/\/www.rassegnastampa-totustuus.it\/cattolica\/wp-content\/uploads\/2017\/03\/bambini_oggetto.jpg","contentUrl":"https:\/\/www.rassegnastampa-totustuus.it\/cattolica\/wp-content\/uploads\/2017\/03\/bambini_oggetto.jpg","width":248,"height":164},{"@type":"BreadcrumbList","@id":"https:\/\/www.rassegnastampa-totustuus.it\/cattolica\/il-ritorno-dei-nuovi-schiavisti\/#breadcrumb","itemListElement":[{"@type":"ListItem","position":1,"name":"Home","item":"https:\/\/www.rassegnastampa-totustuus.it\/cattolica\/"},{"@type":"ListItem","position":2,"name":"Il ritorno dei nuovi schiavisti"}]},{"@type":"WebSite","@id":"https:\/\/www.rassegnastampa-totustuus.it\/cattolica\/#website","url":"https:\/\/www.rassegnastampa-totustuus.it\/cattolica\/","name":"Rassegna Stampa Cattolica","description":"Per una cultura che nasce dalla Rivelazione cristiana in conformit\u00e0 alla tradizione e al Magistero della Chiesa in opposizione ad ogni relativismo e totalitarismo","publisher":{"@id":"https:\/\/www.rassegnastampa-totustuus.it\/cattolica\/#organization"},"alternateName":"Rass. Cattolica","potentialAction":[{"@type":"SearchAction","target":{"@type":"EntryPoint","urlTemplate":"https:\/\/www.rassegnastampa-totustuus.it\/cattolica\/?s={search_term_string}"},"query-input":{"@type":"PropertyValueSpecification","valueRequired":true,"valueName":"search_term_string"}}],"inLanguage":"it-IT"},{"@type":"Organization","@id":"https:\/\/www.rassegnastampa-totustuus.it\/cattolica\/#organization","name":"Rassegna Stampa Cattolica","url":"https:\/\/www.rassegnastampa-totustuus.it\/cattolica\/","logo":{"@type":"ImageObject","inLanguage":"it-IT","@id":"https:\/\/www.rassegnastampa-totustuus.it\/cattolica\/#\/schema\/logo\/image\/","url":"https:\/\/www.rassegnastampa-totustuus.it\/cattolica\/wp-content\/uploads\/2014\/04\/logo-rassegna1.gif","contentUrl":"https:\/\/www.rassegnastampa-totustuus.it\/cattolica\/wp-content\/uploads\/2014\/04\/logo-rassegna1.gif","width":600,"height":163,"caption":"Rassegna Stampa Cattolica"},"image":{"@id":"https:\/\/www.rassegnastampa-totustuus.it\/cattolica\/#\/schema\/logo\/image\/"},"sameAs":["https:\/\/www.facebook.com\/rassegnastampacattolica","https:\/\/x.com\/rassegnastampa9"]},{"@type":"Person","@id":"https:\/\/www.rassegnastampa-totustuus.it\/cattolica\/#\/schema\/person\/08f319d2bd1a0904ad9e2bfb7b15e5c3","name":"Redazione","image":{"@type":"ImageObject","inLanguage":"it-IT","@id":"https:\/\/secure.gravatar.com\/avatar\/2fcdf27c78ea025fbdb44e914cc63c72249ffec9dc8aafd5c82b26240ef3f346?s=96&d=mm&r=g","url":"https:\/\/secure.gravatar.com\/avatar\/2fcdf27c78ea025fbdb44e914cc63c72249ffec9dc8aafd5c82b26240ef3f346?s=96&d=mm&r=g","contentUrl":"https:\/\/secure.gravatar.com\/avatar\/2fcdf27c78ea025fbdb44e914cc63c72249ffec9dc8aafd5c82b26240ef3f346?s=96&d=mm&r=g","caption":"Redazione"},"url":"https:\/\/www.rassegnastampa-totustuus.it\/cattolica\/author\/pietroelle\/"}]}},"_links":{"self":[{"href":"https:\/\/www.rassegnastampa-totustuus.it\/cattolica\/wp-json\/wp\/v2\/posts\/37307","targetHints":{"allow":["GET"]}}],"collection":[{"href":"https:\/\/www.rassegnastampa-totustuus.it\/cattolica\/wp-json\/wp\/v2\/posts"}],"about":[{"href":"https:\/\/www.rassegnastampa-totustuus.it\/cattolica\/wp-json\/wp\/v2\/types\/post"}],"author":[{"embeddable":true,"href":"https:\/\/www.rassegnastampa-totustuus.it\/cattolica\/wp-json\/wp\/v2\/users\/6"}],"replies":[{"embeddable":true,"href":"https:\/\/www.rassegnastampa-totustuus.it\/cattolica\/wp-json\/wp\/v2\/comments?post=37307"}],"version-history":[{"count":1,"href":"https:\/\/www.rassegnastampa-totustuus.it\/cattolica\/wp-json\/wp\/v2\/posts\/37307\/revisions"}],"predecessor-version":[{"id":37309,"href":"https:\/\/www.rassegnastampa-totustuus.it\/cattolica\/wp-json\/wp\/v2\/posts\/37307\/revisions\/37309"}],"wp:featuredmedia":[{"embeddable":true,"href":"https:\/\/www.rassegnastampa-totustuus.it\/cattolica\/wp-json\/wp\/v2\/media\/37308"}],"wp:attachment":[{"href":"https:\/\/www.rassegnastampa-totustuus.it\/cattolica\/wp-json\/wp\/v2\/media?parent=37307"}],"wp:term":[{"taxonomy":"category","embeddable":true,"href":"https:\/\/www.rassegnastampa-totustuus.it\/cattolica\/wp-json\/wp\/v2\/categories?post=37307"},{"taxonomy":"post_tag","embeddable":true,"href":"https:\/\/www.rassegnastampa-totustuus.it\/cattolica\/wp-json\/wp\/v2\/tags?post=37307"}],"curies":[{"name":"wp","href":"https:\/\/api.w.org\/{rel}","templated":true}]}}