{"id":3725,"date":"2010-03-04T00:00:00","date_gmt":"2010-03-03T23:00:00","guid":{"rendered":""},"modified":"2015-04-21T09:36:16","modified_gmt":"2015-04-21T07:36:16","slug":"sindone-barbara-frale-archivio-vaticano-una-nuova-prova-dellautenticita","status":"publish","type":"post","link":"https:\/\/www.rassegnastampa-totustuus.it\/cattolica\/sindone-barbara-frale-archivio-vaticano-una-nuova-prova-dellautenticita\/","title":{"rendered":"Sindone &#8211; Barbara Frale (Archivio Vaticano): una nuova prova dell\u2019autenticita"},"content":{"rendered":"<div style=\"text-align: center;\"><strong><a href=\"https:\/\/www.rassegnastampa-totustuus.it\/cattolica\/wp-content\/uploads\/2010\/03\/Sindone-3.jpg\"><img loading=\"lazy\" decoding=\"async\" class=\"alignleft wp-image-23468\" src=\"https:\/\/www.rassegnastampa-totustuus.it\/cattolica\/wp-content\/uploads\/2010\/03\/Sindone-3.jpg\" alt=\"Sindone 3\" width=\"150\" height=\"200\" \/><\/a>ilsussidiario.net<\/strong> luned\u00ec 30 novembre 2009<\/div>\n<p style=\"text-align: center;\">\u00a0di <strong>Raffaele Castagna<\/strong><\/p>\n<p style=\"text-align: justify;\">Sulla Sindone, \u00e8 certo, non si finir\u00e0 mai di discutere. Dopo la pesante affermazione di qualche settimana fa da parte del CICAP e dell\u2019UAAR relativa alla presunta scoperta del metodo per realizzare lenzuola in tutto e per tutto simili al lino sacro, puntualmente smentite da pi\u00f9 esperti su queste pagine, oltre che su altri giornali, ecco adesso una prova a favore dell\u2019autenticit\u00e0 della reliquia pi\u00f9 famosa al mondo.<\/p>\n<p><!--more--><\/p>\n<div style=\"text-align: justify;\">Si tratta questa volta della decifrazione di alcune scritte presenti sul tessuto del sudario. Una grafia che, a detta degli esperti, risale inconfutabilmente al I secolo, ossia in quel periodo di tempo che va dallo 0 d.C al 100 d.C. A decifrare l\u2019arcano, la dottoressa Barbara Frale, gi\u00e0 nota per alcune pubblicazioni di rilievo sui templari, che abbiamo intervistato<\/div>\n<p style=\"text-align: justify;\"><strong>Dottoressa Frale, dai Templari alla Sindone, qual \u00e8 stata la causa di questo \u201csalto\u201d?<\/strong><\/p>\n<p style=\"text-align: justify;\">Per quanto riguarda la mia formazione nessuna, nel senso che io sono un\u2019archeologa specializzata nelle ricerche sul mondo antico e medievale. Ho passato diversi anni a studiare i documenti risalenti al Medioevo e le mie pubblicazioni pi\u00f9 famose sono quelle relative ai templari. Ma questo non significa che in realt\u00e0 mi sia messa a studiare da poco il mondo antico, anzi. Sono anni che mi occupo di archeologia grecoromana.<\/p>\n<p style=\"text-align: justify;\">Diciamo che noi storici siamo piuttosto noti per gli argomenti che piacciono al pubblico. Per fare un esempio: sono anni che i miei studi si concentrano su documenti relativi ai papi del Medioevo. Non abbiamo idea della miniera di risvolti interessantissimi che toccano la storia della Chiesa. Ho provato pi\u00f9 volte a proporre alcune indagini all\u2019attenzione di diversi editori. La risposta \u00e8 sempre stata: \u00abnon ha qualcosa sui templari?\u00bb. Piuttosto avvilente, ma \u00e8 quello che piace al pubblico, \u00e8 una \u201cmoda\u201d. Quindi mi sono rassegnata a pubblicare solo le mie ricerche sui templari.<\/p>\n<p style=\"text-align: justify;\"><strong>Adesso per\u00f2 \u00e8 arrivata alla Sacra Sindone, in un certo senso di \u201cmoda\u201d anche questa<\/strong><\/p>\n<p style=\"text-align: justify;\">In realt\u00e0 tutto il materiale, sia i templari sia la Sindone, fa parte di una ricerca che ho svolto per il dottorato in storia all\u2019Universit\u00e0 di Venezia. Sono gi\u00e0 dieci anni che contemplo entrambi gli argomenti. In effetti occorre lungo tempo per realizzare studi di confronto fra i diversi papiri con i quali ho a che fare.<\/p>\n<p style=\"text-align: justify;\"><strong>Anni spesi bene a quanto pare. Lei \u00e8 infatti giunta a una scoperta eccezionale, ce ne vuole parlare?<\/strong><\/p>\n<p style=\"text-align: justify;\">Bisogna essere precisi. Io non ho \u201cscoperto\u201d niente nel senso stretto della parola. Capisco che si possa fare confusione su questioni come la Sindone perch\u00e9 si sono ammassati in molti anni argomenti su argomenti. Ma qui occorre risalire a trent\u2019anni fa. Era infatti il 1978 quando il professor Aldo Marastoni, insigne latinista dell\u2019Universit\u00e0 Cattolica di Milano, scopr\u00ec sul lenzuolo, a occhio nudo, tracce di scrittura in latino reputando che fossero risalenti al primo secolo. Un occhio esperto di scritture antiche come quello di Marastoni non ci mise molto a tirare le somme. Il tutto pass\u00f2 per\u00f2 quasi totalmente sotto silenzio.<\/p>\n<p style=\"text-align: justify;\">Poi la questione venne riaffrontata nel 1994 dal punto di vista tecnologico. Un\u2019equipe di studiosi francesi, capeggiata dal professor Andr\u00e9 Marion del CNRS (<em>Centre National de la Recherche Scientifique<\/em>) ha messo in \u201cchiaro\u201d tutte le scritte presenti. Io arrivo \u201ctardi\u201d, in realt\u00e0 il mio lavoro \u00e8 stato quello di spiegare che cosa significassero le parole contenute in questi segni.<\/p>\n<p style=\"text-align: justify;\"><strong>Nel senso che fino al suo arrivo nessuno se ne \u00e8 mai occupato?<\/strong><\/p>\n<p style=\"text-align: justify;\">Il fatto \u00e8 che le avevano scoperte, ma non spiegate. Ovvio che gente del calibro di Marastoni avesse inteso il significato letterale, ma non quello \u201ccircostanziale\u201d. Per capire che cosa significhino quei segni bisogna fare migliaia e migliaia di confronti con le epigrafi. Marastoni abbandon\u00f2 il lavoro. Probabilmente si era un po\u2019 scoraggiato a seguito degli esiti del famoso esame del Carbonio 14. Anche se aveva visto bene: le scritture risalgono a tutti gli effetti al primo secolo.<\/p>\n<p style=\"text-align: justify;\"><strong>E gli esperti francesi?<\/strong><\/p>\n<p style=\"text-align: justify;\">Si sono resi conto che finch\u00e9 si trattava di visualizzare con l\u2019aiuto informatico le scritte tutto andava bene per\u00f2 ci voleva un esperto di scritture antiche. Loro sono matematici e fisici. Le fecero esaminare ad alcuni esperti della Sorbona che individuarono il periodo storico delle scritte fra il primo e il terzo secolo dopo Cristo. La loro analisi si ferm\u00f2 per\u00f2 soltanto alla collocazione storica. Credo che il motivo fosse lo stesso di Marastoni. Siccome occorre una lunghissima e molto faticosa ricerca per questo tipo di indagini perch\u00e9 doversi impelagare su un documento che all\u2019epoca era considerato, con un assurdo pregiudizio, di dubbia autenticit\u00e0?<\/p>\n<p style=\"text-align: justify;\"><strong>Poi \u00e8 arrivata lei, ci dica in che cosa dunque consistono queste scritte?<\/strong><\/p>\n<p style=\"text-align: justify;\">In un certificato di sepoltura. Quello che noi possiamo vedere ha tutte le caratteristiche di un certificato di sepoltura. Anche se pu\u00f2 sembrare strano che ai tempi dell\u2019impero romano si facessero certificati di sepoltura. E invece \u00e8 tutto il contrario, ci sono numerosissime testimonianze di questi certificati in antichit\u00e0. E non solo dei Romani. Anche per quel che riguarda l\u2019Antico Egitto, per esempio, disponiamo di una notevole mole di simili documenti. I sacerdoti curavano la mummificazione e stilavano il certificato di morte. Praticamente svolgevano l\u2019esercizio delle odierne pompe funebri.<\/p>\n<p style=\"text-align: justify;\"><strong>Questa scritta insomma rafforzerebbe l\u2019idea che la Sindone appartenga al primo secolo?<\/strong><\/p>\n<p style=\"text-align: justify;\">Molto pi\u00f9 che \u201crafforzarla\u201d. Si pu\u00f2 dire con certezza scientifica che l\u2019autore di queste scritte, che ha lasciato queste tracce, \u00e8 senz\u2019altro un uomo vissuto nel primo secolo dopo Cristo. Il che rende molto\u00a0difficile che l\u2019intero oggetto archeologico in esame sia pi\u00f9 tardo.<\/p>\n<p style=\"text-align: justify;\"><strong>Quindi nessun fantomatico realizzatore? Leonardo da Vinci? Un anonimo medievale?<\/strong><\/p>\n<p style=\"text-align: justify;\">Queste scritte recano con s\u00e9 dei dettagli che sarebbe impossibile dedurre perfino dagli stessi Vangeli. Sono documenti del tutto \u201cinediti\u201d. Noi oggi siamo in grado di riconoscerli perch\u00e9 a partire dai primi anni del \u2019900 un mare di papiri scoperti ci ha aiutato a capire come andavano le pratiche di sepoltura nell\u2019epoca presa in considerazione. Nemmeno un genio come Leonardo avrebbe potuto inventarsi una simile falsificazione. Faccio un esempio: nel Rinascimento non si aveva idea di quanto tempo il cadavere di un condannato a morte dovesse restare lontano dalle altre tombe. E via dicendo. Un falsificatore avrebbe usato parole di tutt\u2019altro avviso. Mentre queste scritte sono paragonabili a nuovissime ricerche su questo terreno. Da dove diamine poteva trarre ispirazione il fantomatico anonimo medievale o Leonardo per inventarsele?<\/p>\n<p style=\"text-align: justify;\"><strong>Come giudica, le chiediamo un parere da scienziata e archeologa, il fatto che le pubblicazioni \u201cpiccanti\u201d sulla Sacra Sindone siano in cos\u00ec grande abbondanza?<\/strong><\/p>\n<p style=\"text-align: justify;\">Io credo che sia una pura speculazione commerciale volta a far parlare di s\u00e9. Oppure per sponsorizzare le proprie posizioni. Prendiamo il ridicolo esperimento del CICAP. In primo luogo la ricerca era pagata dall\u2019UAAR il che non sorprende visti i risultati. Poi la modalit\u00e0 con la quale si \u00e8 preteso di ricavare una copia della Sindone \u00e8 davvero risibile. Per intenderci la pu\u00f2 fare chiunque abbia un lino e della tempera. Le cose per\u00f2, analizzando la colorazione autentica del lino, sono un po\u2019 pi\u00f9 complesse. Non ci riescono i fisici nucleari figuriamoci gli \u201cesperti\u201d del CICAP. Credo francamente che per loro sia stato un autogol perch\u00e9 se \u00e8 questa la seriet\u00e0 scientifica con la quale affrontano le questioni misteriose di questo mondo stiamo freschi.<\/p>\n<p style=\"text-align: justify;\"><strong>Le sue ricerche sulla Sindone proseguiranno o il mistero del lenzuolo \u00e8 stato svelato del tutto?<\/strong><\/p>\n<p style=\"text-align: justify;\">Sicuramente proseguiranno. Non ho pubblicato tutto quello su cui ho raccolto materiale perch\u00e9 mi piace avere moltissimi documenti e prove a disposizione prima di uscire con pubblicazioni scientifiche. C\u2019\u00e8 ancora tanto da fare e da studiare sulla Sindone e sulla storia in generale. Mi piace considerare il mio studio solo come il passaggio di un testimone in una grande staffetta. Se non fosse stato per gli studiosi che mi hanno preceduto io non avrei scoperto proprio un bel niente. Quindi spero che la mole di materiale da me raccolto possa servire anche per i ricercatori in futuro.<\/p>\n<p style=\"text-align: justify;\">Quando si sente dire che qualcuno ha scoperto qualcosa da \u201csolo\u201d il mio personale consiglio \u00e8 quello di diffidare. Certo pu\u00f2 capitare, come \u00e8 successo per la penicillina, ma si tratta di momenti di \u201cgrazia\u201d rarissimi e isolati nella storia della ricerca scientifica. Per lo pi\u00f9 tutti noi dipendiamo da chi ci ha preceduto nel tempo.<\/p>\n","protected":false},"excerpt":{"rendered":"<p>ilsussidiario.net luned\u00ec 30 novembre 2009 \u00a0di Raffaele Castagna Sulla Sindone, \u00e8 certo, non si finir\u00e0 mai di discutere. Dopo la pesante affermazione di qualche settimana fa da parte del CICAP e dell\u2019UAAR relativa alla presunta scoperta del metodo per realizzare lenzuola in tutto e per tutto simili al lino sacro, puntualmente smentite da pi\u00f9 esperti &hellip; <\/p>\n<p><a class=\"more-link btn\" href=\"https:\/\/www.rassegnastampa-totustuus.it\/cattolica\/sindone-barbara-frale-archivio-vaticano-una-nuova-prova-dellautenticita\/\">Continua a leggere<\/a><\/p>\n","protected":false},"author":6,"featured_media":23468,"comment_status":"closed","ping_status":"open","sticky":false,"template":"","format":"standard","meta":{"footnotes":""},"categories":[5],"tags":[565,1735],"class_list":["post-3725","post","type-post","status-publish","format-standard","has-post-thumbnail","hentry","category-chiesa","tag-reliquie","tag-sindone","item-wrap"],"yoast_head":"<!-- This site is optimized with the Yoast SEO plugin v27.5 - https:\/\/yoast.com\/product\/yoast-seo-wordpress\/ -->\n<title>Sindone - Barbara Frale (Archivio Vaticano): una nuova prova dell\u2019autenticita - Rassegna Stampa Cattolica<\/title>\n<meta name=\"description\" content=\"Rassegna Stampa Cattolica - Per una cultura che nasce dalla Rivelazione cristiana in conformit\u00e0 alla tradizione e al Magistero della Chiesa in opposizione ad ogni relativismo e totalitarismo\" \/>\n<meta name=\"robots\" content=\"index, follow, max-snippet:-1, max-image-preview:large, max-video-preview:-1\" \/>\n<link rel=\"canonical\" href=\"https:\/\/www.rassegnastampa-totustuus.it\/cattolica\/sindone-barbara-frale-archivio-vaticano-una-nuova-prova-dellautenticita\/\" \/>\n<meta property=\"og:locale\" content=\"it_IT\" \/>\n<meta property=\"og:type\" content=\"article\" \/>\n<meta property=\"og:title\" content=\"Sindone - Barbara Frale (Archivio Vaticano): una nuova prova dell\u2019autenticita - Rassegna Stampa Cattolica\" \/>\n<meta property=\"og:description\" content=\"Rassegna Stampa Cattolica - Per una cultura che nasce dalla Rivelazione cristiana in conformit\u00e0 alla tradizione e al Magistero della Chiesa in opposizione ad ogni relativismo e totalitarismo\" \/>\n<meta property=\"og:url\" content=\"https:\/\/www.rassegnastampa-totustuus.it\/cattolica\/sindone-barbara-frale-archivio-vaticano-una-nuova-prova-dellautenticita\/\" \/>\n<meta property=\"og:site_name\" content=\"Rassegna Stampa Cattolica\" \/>\n<meta property=\"article:publisher\" content=\"https:\/\/www.facebook.com\/rassegnastampacattolica\" \/>\n<meta property=\"article:published_time\" content=\"2010-03-03T23:00:00+00:00\" \/>\n<meta property=\"article:modified_time\" content=\"2015-04-21T07:36:16+00:00\" \/>\n<meta property=\"og:image\" content=\"https:\/\/www.rassegnastampa-totustuus.it\/cattolica\/wp-content\/uploads\/2010\/03\/Sindone-3.jpg\" \/>\n\t<meta property=\"og:image:width\" content=\"194\" \/>\n\t<meta property=\"og:image:height\" content=\"259\" \/>\n\t<meta property=\"og:image:type\" content=\"image\/jpeg\" \/>\n<meta name=\"author\" content=\"Redazione\" \/>\n<meta name=\"twitter:card\" content=\"summary_large_image\" \/>\n<meta name=\"twitter:creator\" content=\"@rassegnastampa9\" \/>\n<meta name=\"twitter:site\" content=\"@rassegnastampa9\" \/>\n<meta name=\"twitter:label1\" content=\"Scritto da\" \/>\n\t<meta name=\"twitter:data1\" content=\"Redazione\" \/>\n\t<meta name=\"twitter:label2\" content=\"Tempo di lettura stimato\" \/>\n\t<meta name=\"twitter:data2\" content=\"7 minuti\" \/>\n<script type=\"application\/ld+json\" class=\"yoast-schema-graph\">{\"@context\":\"https:\\\/\\\/schema.org\",\"@graph\":[{\"@type\":\"Article\",\"@id\":\"https:\\\/\\\/www.rassegnastampa-totustuus.it\\\/cattolica\\\/sindone-barbara-frale-archivio-vaticano-una-nuova-prova-dellautenticita\\\/#article\",\"isPartOf\":{\"@id\":\"https:\\\/\\\/www.rassegnastampa-totustuus.it\\\/cattolica\\\/sindone-barbara-frale-archivio-vaticano-una-nuova-prova-dellautenticita\\\/\"},\"author\":{\"name\":\"Redazione\",\"@id\":\"https:\\\/\\\/www.rassegnastampa-totustuus.it\\\/cattolica\\\/#\\\/schema\\\/person\\\/08f319d2bd1a0904ad9e2bfb7b15e5c3\"},\"headline\":\"Sindone &#8211; Barbara Frale (Archivio Vaticano): una nuova prova dell\u2019autenticita\",\"datePublished\":\"2010-03-03T23:00:00+00:00\",\"dateModified\":\"2015-04-21T07:36:16+00:00\",\"mainEntityOfPage\":{\"@id\":\"https:\\\/\\\/www.rassegnastampa-totustuus.it\\\/cattolica\\\/sindone-barbara-frale-archivio-vaticano-una-nuova-prova-dellautenticita\\\/\"},\"wordCount\":1379,\"publisher\":{\"@id\":\"https:\\\/\\\/www.rassegnastampa-totustuus.it\\\/cattolica\\\/#organization\"},\"image\":{\"@id\":\"https:\\\/\\\/www.rassegnastampa-totustuus.it\\\/cattolica\\\/sindone-barbara-frale-archivio-vaticano-una-nuova-prova-dellautenticita\\\/#primaryimage\"},\"thumbnailUrl\":\"https:\\\/\\\/www.rassegnastampa-totustuus.it\\\/cattolica\\\/wp-content\\\/uploads\\\/2010\\\/03\\\/Sindone-3.jpg\",\"keywords\":[\"reliquie\",\"Sindone\"],\"articleSection\":[\"Chiesa\"],\"inLanguage\":\"it-IT\"},{\"@type\":\"WebPage\",\"@id\":\"https:\\\/\\\/www.rassegnastampa-totustuus.it\\\/cattolica\\\/sindone-barbara-frale-archivio-vaticano-una-nuova-prova-dellautenticita\\\/\",\"url\":\"https:\\\/\\\/www.rassegnastampa-totustuus.it\\\/cattolica\\\/sindone-barbara-frale-archivio-vaticano-una-nuova-prova-dellautenticita\\\/\",\"name\":\"Sindone - Barbara Frale (Archivio Vaticano): una nuova prova dell\u2019autenticita - Rassegna Stampa Cattolica\",\"isPartOf\":{\"@id\":\"https:\\\/\\\/www.rassegnastampa-totustuus.it\\\/cattolica\\\/#website\"},\"primaryImageOfPage\":{\"@id\":\"https:\\\/\\\/www.rassegnastampa-totustuus.it\\\/cattolica\\\/sindone-barbara-frale-archivio-vaticano-una-nuova-prova-dellautenticita\\\/#primaryimage\"},\"image\":{\"@id\":\"https:\\\/\\\/www.rassegnastampa-totustuus.it\\\/cattolica\\\/sindone-barbara-frale-archivio-vaticano-una-nuova-prova-dellautenticita\\\/#primaryimage\"},\"thumbnailUrl\":\"https:\\\/\\\/www.rassegnastampa-totustuus.it\\\/cattolica\\\/wp-content\\\/uploads\\\/2010\\\/03\\\/Sindone-3.jpg\",\"datePublished\":\"2010-03-03T23:00:00+00:00\",\"dateModified\":\"2015-04-21T07:36:16+00:00\",\"description\":\"Rassegna Stampa Cattolica - Per una cultura che nasce dalla Rivelazione cristiana in conformit\u00e0 alla tradizione e al Magistero della Chiesa in opposizione ad ogni relativismo e totalitarismo\",\"breadcrumb\":{\"@id\":\"https:\\\/\\\/www.rassegnastampa-totustuus.it\\\/cattolica\\\/sindone-barbara-frale-archivio-vaticano-una-nuova-prova-dellautenticita\\\/#breadcrumb\"},\"inLanguage\":\"it-IT\",\"potentialAction\":[{\"@type\":\"ReadAction\",\"target\":[\"https:\\\/\\\/www.rassegnastampa-totustuus.it\\\/cattolica\\\/sindone-barbara-frale-archivio-vaticano-una-nuova-prova-dellautenticita\\\/\"]}]},{\"@type\":\"ImageObject\",\"inLanguage\":\"it-IT\",\"@id\":\"https:\\\/\\\/www.rassegnastampa-totustuus.it\\\/cattolica\\\/sindone-barbara-frale-archivio-vaticano-una-nuova-prova-dellautenticita\\\/#primaryimage\",\"url\":\"https:\\\/\\\/www.rassegnastampa-totustuus.it\\\/cattolica\\\/wp-content\\\/uploads\\\/2010\\\/03\\\/Sindone-3.jpg\",\"contentUrl\":\"https:\\\/\\\/www.rassegnastampa-totustuus.it\\\/cattolica\\\/wp-content\\\/uploads\\\/2010\\\/03\\\/Sindone-3.jpg\",\"width\":194,\"height\":259},{\"@type\":\"BreadcrumbList\",\"@id\":\"https:\\\/\\\/www.rassegnastampa-totustuus.it\\\/cattolica\\\/sindone-barbara-frale-archivio-vaticano-una-nuova-prova-dellautenticita\\\/#breadcrumb\",\"itemListElement\":[{\"@type\":\"ListItem\",\"position\":1,\"name\":\"Home\",\"item\":\"https:\\\/\\\/www.rassegnastampa-totustuus.it\\\/cattolica\\\/\"},{\"@type\":\"ListItem\",\"position\":2,\"name\":\"Sindone &#8211; Barbara Frale (Archivio Vaticano): una nuova prova dell\u2019autenticita\"}]},{\"@type\":\"WebSite\",\"@id\":\"https:\\\/\\\/www.rassegnastampa-totustuus.it\\\/cattolica\\\/#website\",\"url\":\"https:\\\/\\\/www.rassegnastampa-totustuus.it\\\/cattolica\\\/\",\"name\":\"Rassegna Stampa Cattolica\",\"description\":\"Per una cultura che nasce dalla Rivelazione cristiana in conformit\u00e0 alla tradizione e al Magistero della Chiesa in opposizione ad ogni relativismo e totalitarismo\",\"publisher\":{\"@id\":\"https:\\\/\\\/www.rassegnastampa-totustuus.it\\\/cattolica\\\/#organization\"},\"alternateName\":\"Rass. Cattolica\",\"potentialAction\":[{\"@type\":\"SearchAction\",\"target\":{\"@type\":\"EntryPoint\",\"urlTemplate\":\"https:\\\/\\\/www.rassegnastampa-totustuus.it\\\/cattolica\\\/?s={search_term_string}\"},\"query-input\":{\"@type\":\"PropertyValueSpecification\",\"valueRequired\":true,\"valueName\":\"search_term_string\"}}],\"inLanguage\":\"it-IT\"},{\"@type\":\"Organization\",\"@id\":\"https:\\\/\\\/www.rassegnastampa-totustuus.it\\\/cattolica\\\/#organization\",\"name\":\"Rassegna Stampa Cattolica\",\"url\":\"https:\\\/\\\/www.rassegnastampa-totustuus.it\\\/cattolica\\\/\",\"logo\":{\"@type\":\"ImageObject\",\"inLanguage\":\"it-IT\",\"@id\":\"https:\\\/\\\/www.rassegnastampa-totustuus.it\\\/cattolica\\\/#\\\/schema\\\/logo\\\/image\\\/\",\"url\":\"https:\\\/\\\/www.rassegnastampa-totustuus.it\\\/cattolica\\\/wp-content\\\/uploads\\\/2014\\\/04\\\/logo-rassegna1.gif\",\"contentUrl\":\"https:\\\/\\\/www.rassegnastampa-totustuus.it\\\/cattolica\\\/wp-content\\\/uploads\\\/2014\\\/04\\\/logo-rassegna1.gif\",\"width\":600,\"height\":163,\"caption\":\"Rassegna Stampa Cattolica\"},\"image\":{\"@id\":\"https:\\\/\\\/www.rassegnastampa-totustuus.it\\\/cattolica\\\/#\\\/schema\\\/logo\\\/image\\\/\"},\"sameAs\":[\"https:\\\/\\\/www.facebook.com\\\/rassegnastampacattolica\",\"https:\\\/\\\/x.com\\\/rassegnastampa9\"]},{\"@type\":\"Person\",\"@id\":\"https:\\\/\\\/www.rassegnastampa-totustuus.it\\\/cattolica\\\/#\\\/schema\\\/person\\\/08f319d2bd1a0904ad9e2bfb7b15e5c3\",\"name\":\"Redazione\",\"image\":{\"@type\":\"ImageObject\",\"inLanguage\":\"it-IT\",\"@id\":\"https:\\\/\\\/secure.gravatar.com\\\/avatar\\\/2fcdf27c78ea025fbdb44e914cc63c72249ffec9dc8aafd5c82b26240ef3f346?s=96&d=mm&r=g\",\"url\":\"https:\\\/\\\/secure.gravatar.com\\\/avatar\\\/2fcdf27c78ea025fbdb44e914cc63c72249ffec9dc8aafd5c82b26240ef3f346?s=96&d=mm&r=g\",\"contentUrl\":\"https:\\\/\\\/secure.gravatar.com\\\/avatar\\\/2fcdf27c78ea025fbdb44e914cc63c72249ffec9dc8aafd5c82b26240ef3f346?s=96&d=mm&r=g\",\"caption\":\"Redazione\"},\"url\":\"https:\\\/\\\/www.rassegnastampa-totustuus.it\\\/cattolica\\\/author\\\/pietroelle\\\/\"}]}<\/script>\n<!-- \/ Yoast SEO plugin. -->","yoast_head_json":{"title":"Sindone - Barbara Frale (Archivio Vaticano): una nuova prova dell\u2019autenticita - Rassegna Stampa Cattolica","description":"Rassegna Stampa Cattolica - Per una cultura che nasce dalla Rivelazione cristiana in conformit\u00e0 alla tradizione e al Magistero della Chiesa in opposizione ad ogni relativismo e totalitarismo","robots":{"index":"index","follow":"follow","max-snippet":"max-snippet:-1","max-image-preview":"max-image-preview:large","max-video-preview":"max-video-preview:-1"},"canonical":"https:\/\/www.rassegnastampa-totustuus.it\/cattolica\/sindone-barbara-frale-archivio-vaticano-una-nuova-prova-dellautenticita\/","og_locale":"it_IT","og_type":"article","og_title":"Sindone - Barbara Frale (Archivio Vaticano): una nuova prova dell\u2019autenticita - Rassegna Stampa Cattolica","og_description":"Rassegna Stampa Cattolica - Per una cultura che nasce dalla Rivelazione cristiana in conformit\u00e0 alla tradizione e al Magistero della Chiesa in opposizione ad ogni relativismo e totalitarismo","og_url":"https:\/\/www.rassegnastampa-totustuus.it\/cattolica\/sindone-barbara-frale-archivio-vaticano-una-nuova-prova-dellautenticita\/","og_site_name":"Rassegna Stampa Cattolica","article_publisher":"https:\/\/www.facebook.com\/rassegnastampacattolica","article_published_time":"2010-03-03T23:00:00+00:00","article_modified_time":"2015-04-21T07:36:16+00:00","og_image":[{"width":194,"height":259,"url":"https:\/\/www.rassegnastampa-totustuus.it\/cattolica\/wp-content\/uploads\/2010\/03\/Sindone-3.jpg","type":"image\/jpeg"}],"author":"Redazione","twitter_card":"summary_large_image","twitter_creator":"@rassegnastampa9","twitter_site":"@rassegnastampa9","twitter_misc":{"Scritto da":"Redazione","Tempo di lettura stimato":"7 minuti"},"schema":{"@context":"https:\/\/schema.org","@graph":[{"@type":"Article","@id":"https:\/\/www.rassegnastampa-totustuus.it\/cattolica\/sindone-barbara-frale-archivio-vaticano-una-nuova-prova-dellautenticita\/#article","isPartOf":{"@id":"https:\/\/www.rassegnastampa-totustuus.it\/cattolica\/sindone-barbara-frale-archivio-vaticano-una-nuova-prova-dellautenticita\/"},"author":{"name":"Redazione","@id":"https:\/\/www.rassegnastampa-totustuus.it\/cattolica\/#\/schema\/person\/08f319d2bd1a0904ad9e2bfb7b15e5c3"},"headline":"Sindone &#8211; Barbara Frale (Archivio Vaticano): una nuova prova dell\u2019autenticita","datePublished":"2010-03-03T23:00:00+00:00","dateModified":"2015-04-21T07:36:16+00:00","mainEntityOfPage":{"@id":"https:\/\/www.rassegnastampa-totustuus.it\/cattolica\/sindone-barbara-frale-archivio-vaticano-una-nuova-prova-dellautenticita\/"},"wordCount":1379,"publisher":{"@id":"https:\/\/www.rassegnastampa-totustuus.it\/cattolica\/#organization"},"image":{"@id":"https:\/\/www.rassegnastampa-totustuus.it\/cattolica\/sindone-barbara-frale-archivio-vaticano-una-nuova-prova-dellautenticita\/#primaryimage"},"thumbnailUrl":"https:\/\/www.rassegnastampa-totustuus.it\/cattolica\/wp-content\/uploads\/2010\/03\/Sindone-3.jpg","keywords":["reliquie","Sindone"],"articleSection":["Chiesa"],"inLanguage":"it-IT"},{"@type":"WebPage","@id":"https:\/\/www.rassegnastampa-totustuus.it\/cattolica\/sindone-barbara-frale-archivio-vaticano-una-nuova-prova-dellautenticita\/","url":"https:\/\/www.rassegnastampa-totustuus.it\/cattolica\/sindone-barbara-frale-archivio-vaticano-una-nuova-prova-dellautenticita\/","name":"Sindone - Barbara Frale (Archivio Vaticano): una nuova prova dell\u2019autenticita - Rassegna Stampa Cattolica","isPartOf":{"@id":"https:\/\/www.rassegnastampa-totustuus.it\/cattolica\/#website"},"primaryImageOfPage":{"@id":"https:\/\/www.rassegnastampa-totustuus.it\/cattolica\/sindone-barbara-frale-archivio-vaticano-una-nuova-prova-dellautenticita\/#primaryimage"},"image":{"@id":"https:\/\/www.rassegnastampa-totustuus.it\/cattolica\/sindone-barbara-frale-archivio-vaticano-una-nuova-prova-dellautenticita\/#primaryimage"},"thumbnailUrl":"https:\/\/www.rassegnastampa-totustuus.it\/cattolica\/wp-content\/uploads\/2010\/03\/Sindone-3.jpg","datePublished":"2010-03-03T23:00:00+00:00","dateModified":"2015-04-21T07:36:16+00:00","description":"Rassegna Stampa Cattolica - Per una cultura che nasce dalla Rivelazione cristiana in conformit\u00e0 alla tradizione e al Magistero della Chiesa in opposizione ad ogni relativismo e totalitarismo","breadcrumb":{"@id":"https:\/\/www.rassegnastampa-totustuus.it\/cattolica\/sindone-barbara-frale-archivio-vaticano-una-nuova-prova-dellautenticita\/#breadcrumb"},"inLanguage":"it-IT","potentialAction":[{"@type":"ReadAction","target":["https:\/\/www.rassegnastampa-totustuus.it\/cattolica\/sindone-barbara-frale-archivio-vaticano-una-nuova-prova-dellautenticita\/"]}]},{"@type":"ImageObject","inLanguage":"it-IT","@id":"https:\/\/www.rassegnastampa-totustuus.it\/cattolica\/sindone-barbara-frale-archivio-vaticano-una-nuova-prova-dellautenticita\/#primaryimage","url":"https:\/\/www.rassegnastampa-totustuus.it\/cattolica\/wp-content\/uploads\/2010\/03\/Sindone-3.jpg","contentUrl":"https:\/\/www.rassegnastampa-totustuus.it\/cattolica\/wp-content\/uploads\/2010\/03\/Sindone-3.jpg","width":194,"height":259},{"@type":"BreadcrumbList","@id":"https:\/\/www.rassegnastampa-totustuus.it\/cattolica\/sindone-barbara-frale-archivio-vaticano-una-nuova-prova-dellautenticita\/#breadcrumb","itemListElement":[{"@type":"ListItem","position":1,"name":"Home","item":"https:\/\/www.rassegnastampa-totustuus.it\/cattolica\/"},{"@type":"ListItem","position":2,"name":"Sindone &#8211; Barbara Frale (Archivio Vaticano): una nuova prova dell\u2019autenticita"}]},{"@type":"WebSite","@id":"https:\/\/www.rassegnastampa-totustuus.it\/cattolica\/#website","url":"https:\/\/www.rassegnastampa-totustuus.it\/cattolica\/","name":"Rassegna Stampa Cattolica","description":"Per una cultura che nasce dalla Rivelazione cristiana in conformit\u00e0 alla tradizione e al Magistero della Chiesa in opposizione ad ogni relativismo e totalitarismo","publisher":{"@id":"https:\/\/www.rassegnastampa-totustuus.it\/cattolica\/#organization"},"alternateName":"Rass. Cattolica","potentialAction":[{"@type":"SearchAction","target":{"@type":"EntryPoint","urlTemplate":"https:\/\/www.rassegnastampa-totustuus.it\/cattolica\/?s={search_term_string}"},"query-input":{"@type":"PropertyValueSpecification","valueRequired":true,"valueName":"search_term_string"}}],"inLanguage":"it-IT"},{"@type":"Organization","@id":"https:\/\/www.rassegnastampa-totustuus.it\/cattolica\/#organization","name":"Rassegna Stampa Cattolica","url":"https:\/\/www.rassegnastampa-totustuus.it\/cattolica\/","logo":{"@type":"ImageObject","inLanguage":"it-IT","@id":"https:\/\/www.rassegnastampa-totustuus.it\/cattolica\/#\/schema\/logo\/image\/","url":"https:\/\/www.rassegnastampa-totustuus.it\/cattolica\/wp-content\/uploads\/2014\/04\/logo-rassegna1.gif","contentUrl":"https:\/\/www.rassegnastampa-totustuus.it\/cattolica\/wp-content\/uploads\/2014\/04\/logo-rassegna1.gif","width":600,"height":163,"caption":"Rassegna Stampa Cattolica"},"image":{"@id":"https:\/\/www.rassegnastampa-totustuus.it\/cattolica\/#\/schema\/logo\/image\/"},"sameAs":["https:\/\/www.facebook.com\/rassegnastampacattolica","https:\/\/x.com\/rassegnastampa9"]},{"@type":"Person","@id":"https:\/\/www.rassegnastampa-totustuus.it\/cattolica\/#\/schema\/person\/08f319d2bd1a0904ad9e2bfb7b15e5c3","name":"Redazione","image":{"@type":"ImageObject","inLanguage":"it-IT","@id":"https:\/\/secure.gravatar.com\/avatar\/2fcdf27c78ea025fbdb44e914cc63c72249ffec9dc8aafd5c82b26240ef3f346?s=96&d=mm&r=g","url":"https:\/\/secure.gravatar.com\/avatar\/2fcdf27c78ea025fbdb44e914cc63c72249ffec9dc8aafd5c82b26240ef3f346?s=96&d=mm&r=g","contentUrl":"https:\/\/secure.gravatar.com\/avatar\/2fcdf27c78ea025fbdb44e914cc63c72249ffec9dc8aafd5c82b26240ef3f346?s=96&d=mm&r=g","caption":"Redazione"},"url":"https:\/\/www.rassegnastampa-totustuus.it\/cattolica\/author\/pietroelle\/"}]}},"_links":{"self":[{"href":"https:\/\/www.rassegnastampa-totustuus.it\/cattolica\/wp-json\/wp\/v2\/posts\/3725","targetHints":{"allow":["GET"]}}],"collection":[{"href":"https:\/\/www.rassegnastampa-totustuus.it\/cattolica\/wp-json\/wp\/v2\/posts"}],"about":[{"href":"https:\/\/www.rassegnastampa-totustuus.it\/cattolica\/wp-json\/wp\/v2\/types\/post"}],"author":[{"embeddable":true,"href":"https:\/\/www.rassegnastampa-totustuus.it\/cattolica\/wp-json\/wp\/v2\/users\/6"}],"replies":[{"embeddable":true,"href":"https:\/\/www.rassegnastampa-totustuus.it\/cattolica\/wp-json\/wp\/v2\/comments?post=3725"}],"version-history":[{"count":5,"href":"https:\/\/www.rassegnastampa-totustuus.it\/cattolica\/wp-json\/wp\/v2\/posts\/3725\/revisions"}],"predecessor-version":[{"id":23469,"href":"https:\/\/www.rassegnastampa-totustuus.it\/cattolica\/wp-json\/wp\/v2\/posts\/3725\/revisions\/23469"}],"wp:featuredmedia":[{"embeddable":true,"href":"https:\/\/www.rassegnastampa-totustuus.it\/cattolica\/wp-json\/wp\/v2\/media\/23468"}],"wp:attachment":[{"href":"https:\/\/www.rassegnastampa-totustuus.it\/cattolica\/wp-json\/wp\/v2\/media?parent=3725"}],"wp:term":[{"taxonomy":"category","embeddable":true,"href":"https:\/\/www.rassegnastampa-totustuus.it\/cattolica\/wp-json\/wp\/v2\/categories?post=3725"},{"taxonomy":"post_tag","embeddable":true,"href":"https:\/\/www.rassegnastampa-totustuus.it\/cattolica\/wp-json\/wp\/v2\/tags?post=3725"}],"curies":[{"name":"wp","href":"https:\/\/api.w.org\/{rel}","templated":true}]}}