{"id":37249,"date":"2017-02-23T00:00:09","date_gmt":"2017-02-22T23:00:09","guid":{"rendered":"http:\/\/www.rassegnastampa-totustuus.it\/cattolica\/?p=37249"},"modified":"2017-02-21T15:51:29","modified_gmt":"2017-02-21T14:51:29","slug":"in-ricordo-di-michael-novak","status":"publish","type":"post","link":"https:\/\/www.rassegnastampa-totustuus.it\/cattolica\/in-ricordo-di-michael-novak\/","title":{"rendered":"In ricordo di Michael Novak"},"content":{"rendered":"<p style=\"text-align: center;\"><strong><img loading=\"lazy\" decoding=\"async\" class=\"alignleft wp-image-37250\" src=\"https:\/\/www.rassegnastampa-totustuus.it\/cattolica\/wp-content\/uploads\/2017\/02\/Michael-Novak.jpg\" alt=\"Michael Novak\" width=\"250\" height=\"179\" \/>La Croce<\/strong> quotidiano 21 febbraio 2017<\/p>\n<p style=\"text-align: justify;\"><em>\u00a0<\/em><em>Economia \u201clibera\u201d da che? Innanzitutto dai monopoli, \u201cpubblici\u201d o privati che siano. Teologo, economista e politologo, lo studioso statunitense era considerato uno dei maggiori pensatori cattolici contemporanei. L\u2019opera di questo economista cristiano \u00e8 stata caratterizzata dal tentativo costante di un\u2019armonizzazione tra l\u2019economia di libero mercato e il Vangelo. \u00c8 morto a Washington venerd\u00ec, raggiungendo la moglie Karen che tanto lo aveva amato e gli aveva dato tre figli<\/em><\/p>\n<p style=\"text-align: center;\">di <strong>Giuseppe Brienza<\/strong><\/p>\n<p><!--more--><\/p>\n<p style=\"text-align: justify;\">\u00c8 morto il 17 febbraio a Washington il teologo, economista e politologo statunitense di origine slovacca Michael Novak, fondatore dell\u2019American Enterprise Institute (AEI). Considerato uno dei maggiori pensatori cattolici contemporanei, \u00e8 stato spesso liquidato da noi come teorico della \u201creaganomics\u201d o, semplicisticamente, come attardato fautore del capitalismo liberista.<\/p>\n<p style=\"text-align: justify;\">Com\u2019\u00e8 stato giustamente ricordato, Novak trasse invece \u00ab<em>dall\u2019opera di Jacques Maritain, di cui era grande ammiratore, la propria concezione della persona umana<\/em>\u00bb (Sol\u00e8ne Tadi\u00e9, <em>Dal concilio alla filosofia<\/em>, in \u201cL\u2019Osservatore Romano\u201d, 19 febbraio 2017, p. 4). Ancorando come il filosofo francese la propria visione della societ\u00e0 e della politica alla ricostruzione tomista della legge naturale, Novak ebbe addirittura a definire Maritain, in un lungo articolo pubblicato nel 1990 sulla rivista \u201cFirst Things\u201d, \u00abil vero architetto della tradizione cattolica moderna sia in Europa che in America latina\u00bb.<\/p>\n<p style=\"text-align: justify;\">All\u2019Autore di \u201cUmanesimo integrale\u201d (prima ed. italiana: Studium, Roma 1946), del resto, lo studioso americano ha sempre riconosciuto in saggi e pubblici discorsi il grande merito di aver elaborato le fondamenta della democrazia liberale con un linguaggio aristotelico.<\/p>\n<p style=\"text-align: justify;\">D\u2019indole profondamente patriottica, la vita personale e di studioso del prof. Novak \u00e8 stata contraddistinta dall\u2019aver tanto \u00ab<em>amato la Chiesa quanto l\u2019America, convinto che questi due amori fossero perfettamente compatibili l\u2019uno con l\u2019altro e anzi che la Chiesa avesse bisogno dell\u2019America e che l\u2019America avesse bisogno della Chiesa<\/em>\u00bb (Rocco Buttiglione, <em>Tra la libert\u00e0 e l\u2019America<\/em>, in \u201cL\u2019Osservatore Romano\u201d, 19 febbraio 2017, p. 4). Nel senso che il professore statunitense era convinto che la libera iniziativa fosse il motore dell\u2019economia e della societ\u00e0, diffidando dello Stato e, naturalmente, di ogni forma di collettivismo o monopolio, \u201cpubblico\u201d o privato che fosse.<\/p>\n<p style=\"text-align: justify;\">Profondamente segnato dall\u2019enciclica \u201cCentesimus annus\u201d (1991) di Giovanni Paolo II, Novak si \u00e8 dato molto da fare per diffonderla negli Stati Uniti e anche nei paesi dell\u2019Europa dell\u2019Est ai quali era legato, convinto \u00ab<em>che il Papa aveva capito sino in fondo il cuore dell\u2019America, ma che proprio per questo le poneva anche una sfida etica a cui essa non si poteva sottrarre: quella di costruire una societ\u00e0 pi\u00f9 giusta. Giovanni Paolo II lo volle conoscere e da allora il suo orgoglio pi\u00f9 grande fu quello di essere un amico del Papa<\/em>\u00bb (R. Buttiglione, art. cit.).<\/p>\n<p style=\"text-align: justify;\">Meno facile da approcciare Benedetto XVI, Novak \u00e8 entrato invece in sintonia con il magistero di Papa Francesco, uniti nella denuncia della degenerazione capitalistica che \u00e8 all\u2019origine dell\u2019attuale crisi dell\u2019Occidente.<\/p>\n<p style=\"text-align: justify;\">Chiariamoci subito sulla parola \u201ccapitalismo\u201d che, negli scritti di Novak e negli Stati Uniti in generale non ha lo stesso significato che per noi in Europa continentale o in America latina. Se nel mondo anglosassone, sostanzialmente, per \u201ccapitalismo\u201d s\u2019intende libert\u00e0 di impresa, altrove in Occidente l\u2019influenza marxista e pauperista ha identificato questa parola con il monopolio di \u00e9lite ristrette, il dominio della finanza, il mercantilismo che sono tutti cortocircuiti all\u2019origine della povert\u00e0 delle grandi masse umane in condizioni di indigenza e di semischiavit\u00f9.<\/p>\n<p style=\"text-align: justify;\">In sempre maggiori settori della cultura economica e imprenditoriale anche dei paesi pi\u00f9 avanzati, per\u00f2, si sta affermando \u00ab<em>in questi ultimi decenni un altro tipo di capitalismo che vuole fare denaro con il denaro, senza investire e senza creare occupazione, lavoro e benessere per tutti<\/em>\u00bb (R. Buttiglione, art. cit.). Questo non vuol dire che abbia vinto in Occidente la sfida etica lanciata da Giovanni Paolo II, tutt\u2019altro, ma da qui a \u201cgettare il bambino assieme all\u2019acqua sporca\u201d ce ne vuole!<\/p>\n<p style=\"text-align: justify;\">Da questo punto di vista \u00e8 particolarmente significativo riportare una delle tante battute che il professor Novak era solito lanciare nel bel mezzo delle sue conferenze o discussioni, ricordata da uno dei suoi maggiori \u201cdiscepoli\u201d in Italia, il prof. Felice: \u00ab<em>Sai qual \u00e8 la differenza tra un ottimista e un pessimista? Il pessimista dice: \u201cche disgrazia, abbiamo toccato il fondo\u201d, l\u2019ottimista gli risponde: \u201cno, si pu\u00f2 andare ancora pi\u00f9 a fondo!\u201d<\/em>\u00bb (cit. in F. Felice, <em>Il mio ricordo di Michael Novak, teologo dell\u2019economia libera<\/em>, in \u201cAvvenire\u201d, 18 febbraio 2017).<\/p>\n<p style=\"text-align: justify;\">Condividiamo quello che, secondo Flavio Felice, \u00e8 stato il quadro di riferimento generale all\u2019interno del quale si \u00e8 sviluppato il pensiero di Novak, vale a dire \u00ab<em>la possibilit\u00e0 di instaurare un rinnovato rapporto tra democrazia liberale, spirito d\u2019imprenditorialit\u00e0 o d\u2019iniziativa economica e moderna Dottrina sociale della Chiesa, inaugurata dalle encicliche sociali di Giovanni Paolo II \u201c<\/em>Laborem exercens\u201d, \u201cSollicitudo rei socialis<em>\u201d e \u201c<\/em>Centesimus annus\u201d\u00bb (F. Felice, art. cit.).<\/p>\n<p style=\"text-align: justify;\">La Dottrina sociale della Chiesa, infatti, non va vista come un sistema chiuso, una ideologia e men che meno una \u201cterza via\u201d anti-capitalistica. La Dsc, come l\u2019ha vista lo stesso Novak e come \u00e8, costituisce una riflessione teologica e, insieme, un metodo di elaborazione dei dati sociali ed economico-politici secondo ottiche che possono essere anche diversificate, rimanendo per\u00f2 necessariamente unitarie su quelli che Benedetto XVI ha identificato in maniera insuperabile come \u201cprincipi non negoziabili\u201d.<\/p>\n<p style=\"text-align: justify;\">L\u2019opera di Novak \u00e8 orientata alla ricerca del profondo legame che unisce il cosiddetto \u201ccapitalismo democratico\u201d e l\u2019antropologia cristiana e, \u00ab<em>in tale contesto, egli ci mostra l\u2019evoluzione del concetto di giustizia sociale ed il processo in virt\u00f9 del quale la tradizione cattolica ha accolto una visione pi\u00f9 matura e ricca del libero mercato<\/em>\u00bb (F. Felice, art. cit.).<\/p>\n<p style=\"text-align: justify;\">Insomma l\u2019opera di Michael Novak cattolico statunitense e profondo studioso di etica dell&#8217;economia, rimane viva nel tentativo di sostenere la possibilit\u00e0 di un incontro tra Vangelo e libero mercato. Pu\u00f2 essere la sua una provocazione, oppure vogliamo chiamarla \u201ceconomia sociale d\u2019impresa\u201d?<\/p>\n<p style=\"text-align: justify;\">Come ebbe a testimoniare direttamente Novak nel corso di un\u2019intervista rilasciata durante il Grande Giubileo del 2000: \u00ab<em>Il fatto che siamo tutti amministratori \u00e8 un punto cruciale. John Stuart Mill lo ha usato come un argomento di base negli studi sulla propriet\u00e0 privata e la sua &#8220;sacralit\u00e0&#8221;. Egli ha scritto che l&#8217;esperienza dimostra come i proprietari privati considerino se stessi come amministratori temporanei nell&#8217;interesse delle successive generazioni. Questo porta al maggior beneficio possibile per la terra. Max Weber \u00e8 andato oltre spiegando che la ragione principale della preminenza inglese nello sviluppo economico del XIX secolo \u00e8 stata il fatto che l&#8217;Inghilterra ha sub\u00ecto molte meno invasioni del resto d&#8217;Europa. In Inghilterra, quindi, i diritti della propriet\u00e0 privata sono stati di maggiore durata. E questa \u00e8 stata la chiave per il precoce successo dell&#8217;Inghilterra nella formazione del capitale, e quindi negli investimenti, nell&#8217;industrializzazione e nel commercio. Amministrazione \u00e8 un termine assolutamente cruciale nel pensiero economico. Nel suo senso pieno non riguarda unicamente la propria famiglia, ma l&#8217;intera umanit\u00e0<\/em>\u00bb.<\/p>\n<p style=\"text-align: center;\"><strong>\u00a0<\/strong><strong>VITA E OPERE DI UN ECONOMISTA-FILOSOFO<\/strong><\/p>\n<p style=\"text-align: center;\"><em>a cura di G.B.<\/em><\/p>\n<p style=\"text-align: justify;\">Nato a Johnstown, in Pennsylvania, il 9 settembre 1933, Michael Novak deve la sua formazione essenziale all\u2019esperienza vissuta da corrispondente per il \u00abNational Catholic Reporter\u00bb al Concilio Vaticano II. Da questa indimenticabile vicenda giovanile, infatti, egli ha maturato l\u2019imprinting della sua visione della societ\u00e0 e dell\u2019economia. Subito dopo la permanenza a Roma, nacque cos\u00ec libro libro, \u201cThe Open Church\u201d (1964), che lo avvier\u00e0 a studi pi\u00f9 approfonditi di filosofia e teologia.<\/p>\n<p style=\"text-align: justify;\">Successivamente Novak \u00e8 stato autore di una ventina di saggi, tradotti in molte lingue, tra i quali \u201cThe Spirit of Democratic Capitalism\u201d (1982), che ebbe un notevole impatto sui dibattiti politici degli anni Ottanta, e \u201cThe Catholic Ethic and the Spirit of Capitalism\u201d (1993), nel quale riafferma la centralit\u00e0 dell\u2019uomo e il potenziale dell\u2019economia di mercato. Nel 1981-1982, in qualit\u00e0 di ambasciatore, Novak ha prestato servizio diplomatico come Capo della Delegazione degli Stati Uniti nella Commissione delle Nazioni Unite per i Diritti Umani a Ginevra.<\/p>\n<p>Sposato con Karen Laub-Novak dalla quale ha avuto tre figli, Richard, Tanya e Jana, il 4 maggio 1994 Novak \u00e8 stato insignito del 24\u00b0 Premio Templeton per il progresso nella religione. Tra i suoi libri attualmente disponibili in Italia citiamo \u201cVerso una teologia dell\u2019impresa\u201d (1981) e \u201cQuesto emisfero della libert\u00e0 (1990), entrambi tradotti da \u201cLiberilibri\u201d nel 1997, \u201cSpezzare le catene della povert\u00e0.<\/p>\n<p>Saggi sul personalismo economico\u201d, uscito dalla medesima casa editrice nel 2000 a cura di Flavio Felice e, per \u201cRubettino\u201d, sempre grazie al prof. Felice, \u201cL\u2019impresa come vocazione\u201d (1996), pubblicato nel 2000, \u201cIl fuoco dell\u2019invenzione\u201d (1997) e \u201cColtivare la libert\u00e0\u201d (1999), entrambi editi nel 2005. Nel 2004 Novak ha pubblicato un libro che, secondo molti, conserva ancora oggi una estrema rilevanza e attualit\u00e0. Parliamo di \u201cNoi, voi e l\u2019Islam\u201d (tr. It. a cura di F. Felice, Edizioni Liberal Roma 2005), nel quale il teologo, economista e filosofo americano contraddiceva la tesi del suo collega Samuel Huntington secondo cui Cristianesimo e Islam erano entrati in un conflitto difficile da superare, se non irreversibile.<\/p>\n","protected":false},"excerpt":{"rendered":"<p>La Croce quotidiano 21 febbraio 2017 \u00a0Economia \u201clibera\u201d da che? Innanzitutto dai monopoli, \u201cpubblici\u201d o privati che siano. Teologo, economista e politologo, lo studioso statunitense era considerato uno dei maggiori pensatori cattolici contemporanei. L\u2019opera di questo economista cristiano \u00e8 stata caratterizzata dal tentativo costante di un\u2019armonizzazione tra l\u2019economia di libero mercato e il Vangelo. \u00c8 &hellip; <\/p>\n<p><a class=\"more-link btn\" href=\"https:\/\/www.rassegnastampa-totustuus.it\/cattolica\/in-ricordo-di-michael-novak\/\">Continua a leggere<\/a><\/p>\n","protected":false},"author":6,"featured_media":37250,"comment_status":"closed","ping_status":"closed","sticky":false,"template":"","format":"standard","meta":{"footnotes":""},"categories":[11,13,18],"tags":[2570],"class_list":["post-37249","post","type-post","status-publish","format-standard","has-post-thumbnail","hentry","category-dottrina-sociale","category-economia","category-personaggi","tag-michael-novak","item-wrap"],"yoast_head":"<!-- This site is optimized with the Yoast SEO plugin v27.5 - https:\/\/yoast.com\/product\/yoast-seo-wordpress\/ -->\n<title>In ricordo di Michael Novak - Rassegna Stampa Cattolica<\/title>\n<meta name=\"description\" content=\"Rassegna Stampa Cattolica - Per una cultura che nasce dalla Rivelazione cristiana in conformit\u00e0 alla tradizione e al Magistero della Chiesa in opposizione ad ogni relativismo e totalitarismo\" \/>\n<meta name=\"robots\" content=\"index, follow, max-snippet:-1, max-image-preview:large, max-video-preview:-1\" \/>\n<link rel=\"canonical\" href=\"https:\/\/www.rassegnastampa-totustuus.it\/cattolica\/in-ricordo-di-michael-novak\/\" \/>\n<meta property=\"og:locale\" content=\"it_IT\" \/>\n<meta property=\"og:type\" content=\"article\" \/>\n<meta property=\"og:title\" content=\"In ricordo di Michael Novak - Rassegna Stampa Cattolica\" \/>\n<meta property=\"og:description\" content=\"Rassegna Stampa Cattolica - Per una cultura che nasce dalla Rivelazione cristiana in conformit\u00e0 alla tradizione e al Magistero della Chiesa in opposizione ad ogni relativismo e totalitarismo\" \/>\n<meta property=\"og:url\" content=\"https:\/\/www.rassegnastampa-totustuus.it\/cattolica\/in-ricordo-di-michael-novak\/\" \/>\n<meta property=\"og:site_name\" content=\"Rassegna Stampa Cattolica\" \/>\n<meta property=\"article:publisher\" content=\"https:\/\/www.facebook.com\/rassegnastampacattolica\" \/>\n<meta property=\"article:published_time\" content=\"2017-02-22T23:00:09+00:00\" \/>\n<meta property=\"og:image\" content=\"https:\/\/www.rassegnastampa-totustuus.it\/cattolica\/wp-content\/uploads\/2017\/02\/Michael-Novak.jpg\" \/>\n\t<meta property=\"og:image:width\" content=\"266\" \/>\n\t<meta property=\"og:image:height\" content=\"190\" \/>\n\t<meta property=\"og:image:type\" content=\"image\/jpeg\" \/>\n<meta name=\"author\" content=\"Redazione\" \/>\n<meta name=\"twitter:card\" content=\"summary_large_image\" \/>\n<meta name=\"twitter:creator\" content=\"@rassegnastampa9\" \/>\n<meta name=\"twitter:site\" content=\"@rassegnastampa9\" \/>\n<meta name=\"twitter:label1\" content=\"Scritto da\" \/>\n\t<meta name=\"twitter:data1\" content=\"Redazione\" \/>\n\t<meta name=\"twitter:label2\" content=\"Tempo di lettura stimato\" \/>\n\t<meta name=\"twitter:data2\" content=\"7 minuti\" \/>\n<script type=\"application\/ld+json\" class=\"yoast-schema-graph\">{\"@context\":\"https:\\\/\\\/schema.org\",\"@graph\":[{\"@type\":\"Article\",\"@id\":\"https:\\\/\\\/www.rassegnastampa-totustuus.it\\\/cattolica\\\/in-ricordo-di-michael-novak\\\/#article\",\"isPartOf\":{\"@id\":\"https:\\\/\\\/www.rassegnastampa-totustuus.it\\\/cattolica\\\/in-ricordo-di-michael-novak\\\/\"},\"author\":{\"name\":\"Redazione\",\"@id\":\"https:\\\/\\\/www.rassegnastampa-totustuus.it\\\/cattolica\\\/#\\\/schema\\\/person\\\/08f319d2bd1a0904ad9e2bfb7b15e5c3\"},\"headline\":\"In ricordo di Michael Novak\",\"datePublished\":\"2017-02-22T23:00:09+00:00\",\"mainEntityOfPage\":{\"@id\":\"https:\\\/\\\/www.rassegnastampa-totustuus.it\\\/cattolica\\\/in-ricordo-di-michael-novak\\\/\"},\"wordCount\":1481,\"publisher\":{\"@id\":\"https:\\\/\\\/www.rassegnastampa-totustuus.it\\\/cattolica\\\/#organization\"},\"image\":{\"@id\":\"https:\\\/\\\/www.rassegnastampa-totustuus.it\\\/cattolica\\\/in-ricordo-di-michael-novak\\\/#primaryimage\"},\"thumbnailUrl\":\"https:\\\/\\\/www.rassegnastampa-totustuus.it\\\/cattolica\\\/wp-content\\\/uploads\\\/2017\\\/02\\\/Michael-Novak.jpg\",\"keywords\":[\"Michael Novak\"],\"articleSection\":[\"Dottrina sociale\",\"Economia\",\"Personaggi\"],\"inLanguage\":\"it-IT\"},{\"@type\":\"WebPage\",\"@id\":\"https:\\\/\\\/www.rassegnastampa-totustuus.it\\\/cattolica\\\/in-ricordo-di-michael-novak\\\/\",\"url\":\"https:\\\/\\\/www.rassegnastampa-totustuus.it\\\/cattolica\\\/in-ricordo-di-michael-novak\\\/\",\"name\":\"In ricordo di Michael Novak - Rassegna Stampa Cattolica\",\"isPartOf\":{\"@id\":\"https:\\\/\\\/www.rassegnastampa-totustuus.it\\\/cattolica\\\/#website\"},\"primaryImageOfPage\":{\"@id\":\"https:\\\/\\\/www.rassegnastampa-totustuus.it\\\/cattolica\\\/in-ricordo-di-michael-novak\\\/#primaryimage\"},\"image\":{\"@id\":\"https:\\\/\\\/www.rassegnastampa-totustuus.it\\\/cattolica\\\/in-ricordo-di-michael-novak\\\/#primaryimage\"},\"thumbnailUrl\":\"https:\\\/\\\/www.rassegnastampa-totustuus.it\\\/cattolica\\\/wp-content\\\/uploads\\\/2017\\\/02\\\/Michael-Novak.jpg\",\"datePublished\":\"2017-02-22T23:00:09+00:00\",\"description\":\"Rassegna Stampa Cattolica - Per una cultura che nasce dalla Rivelazione cristiana in conformit\u00e0 alla tradizione e al Magistero della Chiesa in opposizione ad ogni relativismo e totalitarismo\",\"breadcrumb\":{\"@id\":\"https:\\\/\\\/www.rassegnastampa-totustuus.it\\\/cattolica\\\/in-ricordo-di-michael-novak\\\/#breadcrumb\"},\"inLanguage\":\"it-IT\",\"potentialAction\":[{\"@type\":\"ReadAction\",\"target\":[\"https:\\\/\\\/www.rassegnastampa-totustuus.it\\\/cattolica\\\/in-ricordo-di-michael-novak\\\/\"]}]},{\"@type\":\"ImageObject\",\"inLanguage\":\"it-IT\",\"@id\":\"https:\\\/\\\/www.rassegnastampa-totustuus.it\\\/cattolica\\\/in-ricordo-di-michael-novak\\\/#primaryimage\",\"url\":\"https:\\\/\\\/www.rassegnastampa-totustuus.it\\\/cattolica\\\/wp-content\\\/uploads\\\/2017\\\/02\\\/Michael-Novak.jpg\",\"contentUrl\":\"https:\\\/\\\/www.rassegnastampa-totustuus.it\\\/cattolica\\\/wp-content\\\/uploads\\\/2017\\\/02\\\/Michael-Novak.jpg\",\"width\":266,\"height\":190},{\"@type\":\"BreadcrumbList\",\"@id\":\"https:\\\/\\\/www.rassegnastampa-totustuus.it\\\/cattolica\\\/in-ricordo-di-michael-novak\\\/#breadcrumb\",\"itemListElement\":[{\"@type\":\"ListItem\",\"position\":1,\"name\":\"Home\",\"item\":\"https:\\\/\\\/www.rassegnastampa-totustuus.it\\\/cattolica\\\/\"},{\"@type\":\"ListItem\",\"position\":2,\"name\":\"In ricordo di Michael Novak\"}]},{\"@type\":\"WebSite\",\"@id\":\"https:\\\/\\\/www.rassegnastampa-totustuus.it\\\/cattolica\\\/#website\",\"url\":\"https:\\\/\\\/www.rassegnastampa-totustuus.it\\\/cattolica\\\/\",\"name\":\"Rassegna Stampa Cattolica\",\"description\":\"Per una cultura che nasce dalla Rivelazione cristiana in conformit\u00e0 alla tradizione e al Magistero della Chiesa in opposizione ad ogni relativismo e totalitarismo\",\"publisher\":{\"@id\":\"https:\\\/\\\/www.rassegnastampa-totustuus.it\\\/cattolica\\\/#organization\"},\"alternateName\":\"Rass. Cattolica\",\"potentialAction\":[{\"@type\":\"SearchAction\",\"target\":{\"@type\":\"EntryPoint\",\"urlTemplate\":\"https:\\\/\\\/www.rassegnastampa-totustuus.it\\\/cattolica\\\/?s={search_term_string}\"},\"query-input\":{\"@type\":\"PropertyValueSpecification\",\"valueRequired\":true,\"valueName\":\"search_term_string\"}}],\"inLanguage\":\"it-IT\"},{\"@type\":\"Organization\",\"@id\":\"https:\\\/\\\/www.rassegnastampa-totustuus.it\\\/cattolica\\\/#organization\",\"name\":\"Rassegna Stampa Cattolica\",\"url\":\"https:\\\/\\\/www.rassegnastampa-totustuus.it\\\/cattolica\\\/\",\"logo\":{\"@type\":\"ImageObject\",\"inLanguage\":\"it-IT\",\"@id\":\"https:\\\/\\\/www.rassegnastampa-totustuus.it\\\/cattolica\\\/#\\\/schema\\\/logo\\\/image\\\/\",\"url\":\"https:\\\/\\\/www.rassegnastampa-totustuus.it\\\/cattolica\\\/wp-content\\\/uploads\\\/2014\\\/04\\\/logo-rassegna1.gif\",\"contentUrl\":\"https:\\\/\\\/www.rassegnastampa-totustuus.it\\\/cattolica\\\/wp-content\\\/uploads\\\/2014\\\/04\\\/logo-rassegna1.gif\",\"width\":600,\"height\":163,\"caption\":\"Rassegna Stampa Cattolica\"},\"image\":{\"@id\":\"https:\\\/\\\/www.rassegnastampa-totustuus.it\\\/cattolica\\\/#\\\/schema\\\/logo\\\/image\\\/\"},\"sameAs\":[\"https:\\\/\\\/www.facebook.com\\\/rassegnastampacattolica\",\"https:\\\/\\\/x.com\\\/rassegnastampa9\"]},{\"@type\":\"Person\",\"@id\":\"https:\\\/\\\/www.rassegnastampa-totustuus.it\\\/cattolica\\\/#\\\/schema\\\/person\\\/08f319d2bd1a0904ad9e2bfb7b15e5c3\",\"name\":\"Redazione\",\"image\":{\"@type\":\"ImageObject\",\"inLanguage\":\"it-IT\",\"@id\":\"https:\\\/\\\/secure.gravatar.com\\\/avatar\\\/2fcdf27c78ea025fbdb44e914cc63c72249ffec9dc8aafd5c82b26240ef3f346?s=96&d=mm&r=g\",\"url\":\"https:\\\/\\\/secure.gravatar.com\\\/avatar\\\/2fcdf27c78ea025fbdb44e914cc63c72249ffec9dc8aafd5c82b26240ef3f346?s=96&d=mm&r=g\",\"contentUrl\":\"https:\\\/\\\/secure.gravatar.com\\\/avatar\\\/2fcdf27c78ea025fbdb44e914cc63c72249ffec9dc8aafd5c82b26240ef3f346?s=96&d=mm&r=g\",\"caption\":\"Redazione\"},\"url\":\"https:\\\/\\\/www.rassegnastampa-totustuus.it\\\/cattolica\\\/author\\\/pietroelle\\\/\"}]}<\/script>\n<!-- \/ Yoast SEO plugin. -->","yoast_head_json":{"title":"In ricordo di Michael Novak - Rassegna Stampa Cattolica","description":"Rassegna Stampa Cattolica - Per una cultura che nasce dalla Rivelazione cristiana in conformit\u00e0 alla tradizione e al Magistero della Chiesa in opposizione ad ogni relativismo e totalitarismo","robots":{"index":"index","follow":"follow","max-snippet":"max-snippet:-1","max-image-preview":"max-image-preview:large","max-video-preview":"max-video-preview:-1"},"canonical":"https:\/\/www.rassegnastampa-totustuus.it\/cattolica\/in-ricordo-di-michael-novak\/","og_locale":"it_IT","og_type":"article","og_title":"In ricordo di Michael Novak - Rassegna Stampa Cattolica","og_description":"Rassegna Stampa Cattolica - Per una cultura che nasce dalla Rivelazione cristiana in conformit\u00e0 alla tradizione e al Magistero della Chiesa in opposizione ad ogni relativismo e totalitarismo","og_url":"https:\/\/www.rassegnastampa-totustuus.it\/cattolica\/in-ricordo-di-michael-novak\/","og_site_name":"Rassegna Stampa Cattolica","article_publisher":"https:\/\/www.facebook.com\/rassegnastampacattolica","article_published_time":"2017-02-22T23:00:09+00:00","og_image":[{"width":266,"height":190,"url":"https:\/\/www.rassegnastampa-totustuus.it\/cattolica\/wp-content\/uploads\/2017\/02\/Michael-Novak.jpg","type":"image\/jpeg"}],"author":"Redazione","twitter_card":"summary_large_image","twitter_creator":"@rassegnastampa9","twitter_site":"@rassegnastampa9","twitter_misc":{"Scritto da":"Redazione","Tempo di lettura stimato":"7 minuti"},"schema":{"@context":"https:\/\/schema.org","@graph":[{"@type":"Article","@id":"https:\/\/www.rassegnastampa-totustuus.it\/cattolica\/in-ricordo-di-michael-novak\/#article","isPartOf":{"@id":"https:\/\/www.rassegnastampa-totustuus.it\/cattolica\/in-ricordo-di-michael-novak\/"},"author":{"name":"Redazione","@id":"https:\/\/www.rassegnastampa-totustuus.it\/cattolica\/#\/schema\/person\/08f319d2bd1a0904ad9e2bfb7b15e5c3"},"headline":"In ricordo di Michael Novak","datePublished":"2017-02-22T23:00:09+00:00","mainEntityOfPage":{"@id":"https:\/\/www.rassegnastampa-totustuus.it\/cattolica\/in-ricordo-di-michael-novak\/"},"wordCount":1481,"publisher":{"@id":"https:\/\/www.rassegnastampa-totustuus.it\/cattolica\/#organization"},"image":{"@id":"https:\/\/www.rassegnastampa-totustuus.it\/cattolica\/in-ricordo-di-michael-novak\/#primaryimage"},"thumbnailUrl":"https:\/\/www.rassegnastampa-totustuus.it\/cattolica\/wp-content\/uploads\/2017\/02\/Michael-Novak.jpg","keywords":["Michael Novak"],"articleSection":["Dottrina sociale","Economia","Personaggi"],"inLanguage":"it-IT"},{"@type":"WebPage","@id":"https:\/\/www.rassegnastampa-totustuus.it\/cattolica\/in-ricordo-di-michael-novak\/","url":"https:\/\/www.rassegnastampa-totustuus.it\/cattolica\/in-ricordo-di-michael-novak\/","name":"In ricordo di Michael Novak - Rassegna Stampa Cattolica","isPartOf":{"@id":"https:\/\/www.rassegnastampa-totustuus.it\/cattolica\/#website"},"primaryImageOfPage":{"@id":"https:\/\/www.rassegnastampa-totustuus.it\/cattolica\/in-ricordo-di-michael-novak\/#primaryimage"},"image":{"@id":"https:\/\/www.rassegnastampa-totustuus.it\/cattolica\/in-ricordo-di-michael-novak\/#primaryimage"},"thumbnailUrl":"https:\/\/www.rassegnastampa-totustuus.it\/cattolica\/wp-content\/uploads\/2017\/02\/Michael-Novak.jpg","datePublished":"2017-02-22T23:00:09+00:00","description":"Rassegna Stampa Cattolica - Per una cultura che nasce dalla Rivelazione cristiana in conformit\u00e0 alla tradizione e al Magistero della Chiesa in opposizione ad ogni relativismo e totalitarismo","breadcrumb":{"@id":"https:\/\/www.rassegnastampa-totustuus.it\/cattolica\/in-ricordo-di-michael-novak\/#breadcrumb"},"inLanguage":"it-IT","potentialAction":[{"@type":"ReadAction","target":["https:\/\/www.rassegnastampa-totustuus.it\/cattolica\/in-ricordo-di-michael-novak\/"]}]},{"@type":"ImageObject","inLanguage":"it-IT","@id":"https:\/\/www.rassegnastampa-totustuus.it\/cattolica\/in-ricordo-di-michael-novak\/#primaryimage","url":"https:\/\/www.rassegnastampa-totustuus.it\/cattolica\/wp-content\/uploads\/2017\/02\/Michael-Novak.jpg","contentUrl":"https:\/\/www.rassegnastampa-totustuus.it\/cattolica\/wp-content\/uploads\/2017\/02\/Michael-Novak.jpg","width":266,"height":190},{"@type":"BreadcrumbList","@id":"https:\/\/www.rassegnastampa-totustuus.it\/cattolica\/in-ricordo-di-michael-novak\/#breadcrumb","itemListElement":[{"@type":"ListItem","position":1,"name":"Home","item":"https:\/\/www.rassegnastampa-totustuus.it\/cattolica\/"},{"@type":"ListItem","position":2,"name":"In ricordo di Michael Novak"}]},{"@type":"WebSite","@id":"https:\/\/www.rassegnastampa-totustuus.it\/cattolica\/#website","url":"https:\/\/www.rassegnastampa-totustuus.it\/cattolica\/","name":"Rassegna Stampa Cattolica","description":"Per una cultura che nasce dalla Rivelazione cristiana in conformit\u00e0 alla tradizione e al Magistero della Chiesa in opposizione ad ogni relativismo e totalitarismo","publisher":{"@id":"https:\/\/www.rassegnastampa-totustuus.it\/cattolica\/#organization"},"alternateName":"Rass. Cattolica","potentialAction":[{"@type":"SearchAction","target":{"@type":"EntryPoint","urlTemplate":"https:\/\/www.rassegnastampa-totustuus.it\/cattolica\/?s={search_term_string}"},"query-input":{"@type":"PropertyValueSpecification","valueRequired":true,"valueName":"search_term_string"}}],"inLanguage":"it-IT"},{"@type":"Organization","@id":"https:\/\/www.rassegnastampa-totustuus.it\/cattolica\/#organization","name":"Rassegna Stampa Cattolica","url":"https:\/\/www.rassegnastampa-totustuus.it\/cattolica\/","logo":{"@type":"ImageObject","inLanguage":"it-IT","@id":"https:\/\/www.rassegnastampa-totustuus.it\/cattolica\/#\/schema\/logo\/image\/","url":"https:\/\/www.rassegnastampa-totustuus.it\/cattolica\/wp-content\/uploads\/2014\/04\/logo-rassegna1.gif","contentUrl":"https:\/\/www.rassegnastampa-totustuus.it\/cattolica\/wp-content\/uploads\/2014\/04\/logo-rassegna1.gif","width":600,"height":163,"caption":"Rassegna Stampa Cattolica"},"image":{"@id":"https:\/\/www.rassegnastampa-totustuus.it\/cattolica\/#\/schema\/logo\/image\/"},"sameAs":["https:\/\/www.facebook.com\/rassegnastampacattolica","https:\/\/x.com\/rassegnastampa9"]},{"@type":"Person","@id":"https:\/\/www.rassegnastampa-totustuus.it\/cattolica\/#\/schema\/person\/08f319d2bd1a0904ad9e2bfb7b15e5c3","name":"Redazione","image":{"@type":"ImageObject","inLanguage":"it-IT","@id":"https:\/\/secure.gravatar.com\/avatar\/2fcdf27c78ea025fbdb44e914cc63c72249ffec9dc8aafd5c82b26240ef3f346?s=96&d=mm&r=g","url":"https:\/\/secure.gravatar.com\/avatar\/2fcdf27c78ea025fbdb44e914cc63c72249ffec9dc8aafd5c82b26240ef3f346?s=96&d=mm&r=g","contentUrl":"https:\/\/secure.gravatar.com\/avatar\/2fcdf27c78ea025fbdb44e914cc63c72249ffec9dc8aafd5c82b26240ef3f346?s=96&d=mm&r=g","caption":"Redazione"},"url":"https:\/\/www.rassegnastampa-totustuus.it\/cattolica\/author\/pietroelle\/"}]}},"_links":{"self":[{"href":"https:\/\/www.rassegnastampa-totustuus.it\/cattolica\/wp-json\/wp\/v2\/posts\/37249","targetHints":{"allow":["GET"]}}],"collection":[{"href":"https:\/\/www.rassegnastampa-totustuus.it\/cattolica\/wp-json\/wp\/v2\/posts"}],"about":[{"href":"https:\/\/www.rassegnastampa-totustuus.it\/cattolica\/wp-json\/wp\/v2\/types\/post"}],"author":[{"embeddable":true,"href":"https:\/\/www.rassegnastampa-totustuus.it\/cattolica\/wp-json\/wp\/v2\/users\/6"}],"replies":[{"embeddable":true,"href":"https:\/\/www.rassegnastampa-totustuus.it\/cattolica\/wp-json\/wp\/v2\/comments?post=37249"}],"version-history":[{"count":1,"href":"https:\/\/www.rassegnastampa-totustuus.it\/cattolica\/wp-json\/wp\/v2\/posts\/37249\/revisions"}],"predecessor-version":[{"id":37251,"href":"https:\/\/www.rassegnastampa-totustuus.it\/cattolica\/wp-json\/wp\/v2\/posts\/37249\/revisions\/37251"}],"wp:featuredmedia":[{"embeddable":true,"href":"https:\/\/www.rassegnastampa-totustuus.it\/cattolica\/wp-json\/wp\/v2\/media\/37250"}],"wp:attachment":[{"href":"https:\/\/www.rassegnastampa-totustuus.it\/cattolica\/wp-json\/wp\/v2\/media?parent=37249"}],"wp:term":[{"taxonomy":"category","embeddable":true,"href":"https:\/\/www.rassegnastampa-totustuus.it\/cattolica\/wp-json\/wp\/v2\/categories?post=37249"},{"taxonomy":"post_tag","embeddable":true,"href":"https:\/\/www.rassegnastampa-totustuus.it\/cattolica\/wp-json\/wp\/v2\/tags?post=37249"}],"curies":[{"name":"wp","href":"https:\/\/api.w.org\/{rel}","templated":true}]}}