{"id":3723,"date":"2010-03-04T00:00:00","date_gmt":"2010-03-03T23:00:00","guid":{"rendered":""},"modified":"2015-11-10T14:43:58","modified_gmt":"2015-11-10T13:43:58","slug":"storia-di-shazia-novit-per-aiutare","status":"publish","type":"post","link":"https:\/\/www.rassegnastampa-totustuus.it\/cattolica\/storia-di-shazia-novit-per-aiutare\/","title":{"rendered":"Storia di Shazia. Novit&agrave; per aiutare\u2026"},"content":{"rendered":"<div style=\"text-align: center;\"><a href=\"https:\/\/www.rassegnastampa-totustuus.it\/cattolica\/wp-content\/uploads\/2010\/03\/Shazia_Bashir.jpg\"><img loading=\"lazy\" decoding=\"async\" class=\"alignleft wp-image-27343\" src=\"https:\/\/www.rassegnastampa-totustuus.it\/cattolica\/wp-content\/uploads\/2010\/03\/Shazia_Bashir.jpg\" alt=\"Shazia_Bashir\" width=\"250\" height=\"164\" \/><\/a>\u00a0<strong>Libero <\/strong>28 febbraio 2010<\/div>\n<p style=\"text-align: justify;\"><em>La storia\u00a0di Shazia mobilita una associazione di cattolici del Nord Italia, che sollecita l&#8217;aiuto\u00a0di tutti noi<\/em><\/p>\n<p style=\"text-align: center;\">di <strong>Antonio Socci<\/strong><\/p>\n<p><!--more--><\/p>\n<div style=\"text-align: justify;\">Che il Pakistan sia uno dei peggiori \u201cbuchi neri\u201d del mondo sembra dimostrarlo anche l\u2019uccisione del nostro eroico agente Pietro Colazzo, vicecapo dell\u2019intelligence in Afghanistan (vedremo dopo perch\u00e9). Ne avevo parlato il 31 gennaio scorso su queste colonne, raccontando la storia di <strong><a href=\"https:\/\/www.rassegnastampa-totustuus.it\/cattolica\/?p=3706\" target=\"_blank\">Shazia Bashir<\/a><\/strong>, la ragazzina cristiana entrata come serva in una casa di ricchi e potenti musulmani e uscita da l\u00ec morta.<\/div>\n<p style=\"text-align: justify;\">La sua tragica vita \u00e8 emblematica della situazione della minoranza cristiana di quel Paese, le cui figlie femmine sono costrette nelle condizioni di Shazia per poter guadagnare la miseria di 12 dollari al mese (8 euro) e far sopravvivere le loro famiglie. Mi chiedevo perch\u00e9 nessun organismo umanitario o nessun ente cristiano o cattolico avesse lanciato un programma di adozioni a distanza per salvare queste povere bambine dall\u2019orrore di una servit\u00f9 che comporta spesso ogni tipo di violenza.<\/p>\n<p style=\"text-align: justify;\">Tanti lettori di <em>Libero<\/em> mi hanno scritto desiderosi di far qualcosa. Oggi finalmente sono in grado di informare che qualcuno \u2013 dopo aver conosciuto la tragedia di Shazia \u2013 ha trovato il modo di lanciare un primo salvagente. Non si tratta di organizzazioni femministe inorridite per la condizione delle giovani donne cristiane. E non si tratta neanche dei tanti \u201cprogressisti\u201d, no global o robe simili che amano sciacquarsi la bocca con il Terzo mondo, gli immigrati, la solidariet\u00e0 e via dicendo. Nossignori.<\/p>\n<p style=\"text-align: justify;\">A rimboccarsi le maniche per aiutare queste sventurate ragazzine e le loro famiglie cristiane, che sono i pi\u00f9 poveri dei poveri, \u00e8 l\u2019 \u201cUmanitaria padana onlus\u201d (per avere notizie su internet si veda <a href=\"http:\/\/www.umanitariapadanaonlus.net\/\" target=\"_blank\">www.umanitariapadanaonlus.net<\/a>). S\u00ec, avete capito bene, un\u2019organizzazione umanitaria nata dal popolo della Lega Nord (precisamente dall\u2019 \u201cAssociazione donne padane\u201d).<\/p>\n<p style=\"text-align: justify;\">Del resto non c\u2019\u00e8 troppo da stupirsi se si pensa che il Nord Italia e specialmente la Lombardia hanno letteralmente riempito il mondo di missionari.<\/p>\n<p style=\"text-align: justify;\">L\u2019anima e il motore dell\u2019Umanitaria padana \u00e8 Sara Fumagalli, una donna straordinaria, ardente di fede cristiana, piena di dinamismo, di coraggio e di umilt\u00e0, che ha portato aiuto \u2013 anche rischiando fisicamente \u2013 negli angoli pi\u00f9 disperati del mondo, dal Darfur (in Sudan), all\u2019Etiopia, da Haiti all\u2019Iraq, quindi in Kosovo, in Kenia, Libano, Sri Lanka, in Terra Santa e appunto in Afghanistan.<\/p>\n<p style=\"text-align: justify;\">Ieri Sara mi ha scritto: \u201cDa anni la mia Associazione \u00e8 venuta in contatto col problema della discriminazione o persecuzione dei Cristiani nel mondo (non solo quello islamico). Noi abbiamo deciso di muoverci sul piano pratico\u201d. Mi racconta di contatti con il Vescovo di Faisalabad, Monsignor Joseph Coutts, per aiutare i Cristiani perseguitati del Punjab e di borse di studio per alcuni seminaristi pakistani. \u201cDopo di allora\u201d, mi racconta Sara \u201cho mantenuto contatti stabili con il Pakistan attraverso un giovane docente pakistano della Pontificia Universit\u00e0 Lateranense, professor Mobeen Shadid, che mi aveva informato anche del caso di Shazia.<\/p>\n<p style=\"text-align: justify;\">Mi diceva che capita spesso, anche senza arrivare alla tragedia della piccola, che le famiglie musulmane non restituiscano le bimbe alle famiglie cristiane d\u2019origine e impongano loro conversioni e matrimoni forzati\u201d. Si pensava \u2013 dice Sara \u2013 a iniziative di sensibilizzazione sul piano culturale, politico e diplomatico: \u201cLa grande idea, bella pratica come piace a me, \u00e8 arrivata leggendo il tuo articolo.<\/p>\n<p style=\"text-align: justify;\">Mi sono subito attivata. Ho chiamato Mobeen e attraverso di lui ho saputo che un suo direttore spirituale, padre Edward Thuraisingham, Oblato di Maria Immacolata, si occupava gi\u00e0 di un progetto per garantire un\u2019istruzione e un futuro a bambini cattolici in condizioni a vario titolo disagiate\u201d.<\/p>\n<p style=\"text-align: justify;\">\u201cL\u2019ho subito contattato\u201d prosegue Sara \u201ce cos\u00ec, in una serie di messe a punto successive, \u00e8 nato il progetto: \u2018Borse di studio Shazia Bashir -adotta una bambina con la sua famiglia\u2019. Si tratta di un progetto di sostegno a distanza che consente di far studiare bambine o ragazze di famiglie cristiane povere\u201d.<\/p>\n<p style=\"text-align: justify;\">Ma \u2013 attenzione \u2013 \u201cl\u2019obiettivo non \u00e8 solo quello di mandare a scuola le bambine, magari togliendole alla famiglia per mandarle in collegio \u2013 cosa che risolverebbe s\u00ec il problema della ragazzina, ma non della famiglia \u2013 bens\u00ec quello di mandarle a scuola facendole continuare a vivere, ogni qualvolta sia possibile, nella loro famiglia\u201d.<\/p>\n<p style=\"text-align: justify;\">Come \u00e8 possibile? Tramite i missionari. \u201cLa gestione di un progetto cos\u00ec \u00e8 pi\u00f9 difficile per il missionario che se ne occupa, ma ha una ricaduta sociale a favore della comunit\u00e0 Cristiana, molto superiore. Il costo per ogni ragazzina adottata \u00e8 di 500 euro l\u2019anno e comprende la retta scolastica, l\u2019uniforme (fondamentale per evitare differenze), i libri di testo, il materiale didattico e di consumo e un piccolo sostegno alla famiglia (coprendo di fatto il sostentamento della figlia e il mancato guadagno avendola mandata a scuola invece che a lavoro)\u201d.<\/p>\n<p style=\"text-align: justify;\">L\u2019operazione (a cui partecipano anche le \u201cDonne padane\u201d) inizia con 10 borse di studio, ma \u2013 aggiunge Sara \u2013 \u201cse vediamo che il progetto va bene e se la gente ci aiuta, pi\u00f9 avanti si potr\u00e0 pensare di aumentare il numero delle borse di studio, per riscattare sempre pi\u00f9 bambine all\u2019amara condizione di Shazia\u201d. A giudicare dalle mail che mi sono arrivate saranno certamente tanti a contribuire.<\/p>\n<p style=\"text-align: justify;\">A tutti costoro giro un ulteriore chiarimento della Fumagalli: \u201cMi preme dirti che, com\u2019\u00e8 nostro costume, l\u2019intera quota di 500 euro andr\u00e0 a Padre Thuraisingham per le bambine e le loro famiglie, senza perder neppure un centesimo in costi di struttura o propaganda, grazie al fatto che l\u2019associazione vive di solo volontariato e ama fare le cose in piccolo, ma concreto e verace (come piace alla Madonna)\u201d.<\/p>\n<p style=\"text-align: justify;\">Naturalmente sar\u00e0 difficile vedere e ascoltare in televisione persone straordinarie come Sara Fumagalli (gli eroi del nostro tempo sono altri: Morgan, per esempio, alle cui gesta sono stati dedicati addirittura due talk show di informazione). Ma sono queste eroiche formichine quelle che cambiano la storia. E da cambiare in Pakistan c\u2019\u00e8 moltissimo, cominciando dai diritti umani e dalla libert\u00e0 religiosa come accadde con i Paese dell\u2019Est.<\/p>\n<p style=\"text-align: justify;\">Proprio ieri i vescovi pakistani hanno lanciato un appello: \u201cnessuno ci protegge\u201d. I cristiani sono le prime vittime del fondamentalismo islamico che infierisce su di loro \u2013 scrive Avvenire \u2013 con \u201crapimenti, violenze e uccisioni nelle aree sotto l\u2019influenza taleban\u201d. I vescovi accusano il governo pakistano di lasciare \u201cmano libera ai taleban\u201d, che opprimono i cristiani con la \u201cjazija\u201d (imposta richiesta ai non musulmani sottomessi) e con ogni sorta di violenza.<\/p>\n<p style=\"text-align: justify;\">Inoltre i vescovi chiedono al governo pakistano di abolire le leggi pi\u00f9 odiosamente discriminatorie, come quella orrenda sulla blasfemia, e promuovere tolleranza e uguaglianza davanti alla legge. Un sogno per ora remotissimo. Gli stessi sviluppi giudiziari del \u201ccaso Shazia\u201d, per esempio, fanno temere che non sar\u00e0 fatta giustizia. Non si creda che il Pakistan sia solo un remoto e insignificante paese del Terzo Mondo.<\/p>\n<p style=\"text-align: justify;\">E\u2019 anzitutto una potenza nucleare di 180 milioni di abitanti e ha un ruolo strategicamente decisivo per gli equilibri mondiali. Nel mio articolo del 31 gennaio scrivevo che un Paese come quello non poteva essere il credibile pilastro dell\u2019Occidente nella lotta al terrorismo islamista. E\u2019 un inquietante buco nero atomico. Lo fa pensare anche \u2013 come dicevo \u2013 l\u2019assassinio del nostro agente Pietro Colazzo.<\/p>\n<p style=\"text-align: justify;\">Ieri Lucia Annunziata, con un editoriale sulla Stampa intitolato \u201cSacrificato dai servizi pachistani\u201d, rivelava proprio l\u2019inquietante retroscena che sembra emergere: \u201cl\u2019attacco sarebbe stato ideato e portato a termine non dai taleban, ma dai servizi segreti del Pakistan con lo scopo di inviare un pesante avvertimento all\u2019India\u201d. Vedremo se ci saranno conferme. Ma intanto aiutiamo le ragazzine come Shazia, giovane martire cristiana. Sar\u00e0 una piccola luce accesa nelle tenebre. Ma la luce prima o poi vince le tenebre. Sempre.<\/p>\n","protected":false},"excerpt":{"rendered":"<p>\u00a0Libero 28 febbraio 2010 La storia\u00a0di Shazia mobilita una associazione di cattolici del Nord Italia, che sollecita l&#8217;aiuto\u00a0di tutti noi di Antonio Socci<\/p><p><a class=\"more-link btn\" href=\"https:\/\/www.rassegnastampa-totustuus.it\/cattolica\/storia-di-shazia-novit-per-aiutare\/\">Continua a leggere<\/a><\/p>\n","protected":false},"author":6,"featured_media":27343,"comment_status":"closed","ping_status":"open","sticky":false,"template":"","format":"standard","meta":{"footnotes":""},"categories":[33,44],"tags":[470,1728],"class_list":["post-3723","post","type-post","status-publish","format-standard","has-post-thumbnail","hentry","category-cristiani-nell-islam","category-cristiani-perseguitati","tag-cristiani-perseguitati-2","tag-shazia","item-wrap"],"yoast_head":"<!-- This site is optimized with the Yoast SEO plugin v27.5 - https:\/\/yoast.com\/product\/yoast-seo-wordpress\/ -->\n<title>Storia di Shazia. Novit&agrave; per aiutare\u2026 - Rassegna Stampa Cattolica<\/title>\n<meta name=\"description\" content=\"Rassegna Stampa Cattolica - Per una cultura che nasce dalla Rivelazione cristiana in conformit\u00e0 alla tradizione e al Magistero della Chiesa in opposizione ad ogni relativismo e totalitarismo\" \/>\n<meta name=\"robots\" content=\"index, follow, max-snippet:-1, max-image-preview:large, max-video-preview:-1\" \/>\n<link rel=\"canonical\" href=\"https:\/\/www.rassegnastampa-totustuus.it\/cattolica\/storia-di-shazia-novit-per-aiutare\/\" \/>\n<meta property=\"og:locale\" content=\"it_IT\" \/>\n<meta property=\"og:type\" content=\"article\" \/>\n<meta property=\"og:title\" content=\"Storia di Shazia. Novit&agrave; per aiutare\u2026 - Rassegna Stampa Cattolica\" \/>\n<meta property=\"og:description\" content=\"Rassegna Stampa Cattolica - Per una cultura che nasce dalla Rivelazione cristiana in conformit\u00e0 alla tradizione e al Magistero della Chiesa in opposizione ad ogni relativismo e totalitarismo\" \/>\n<meta property=\"og:url\" content=\"https:\/\/www.rassegnastampa-totustuus.it\/cattolica\/storia-di-shazia-novit-per-aiutare\/\" \/>\n<meta property=\"og:site_name\" content=\"Rassegna Stampa Cattolica\" \/>\n<meta property=\"article:publisher\" content=\"https:\/\/www.facebook.com\/rassegnastampacattolica\" \/>\n<meta property=\"article:published_time\" content=\"2010-03-03T23:00:00+00:00\" \/>\n<meta property=\"article:modified_time\" content=\"2015-11-10T13:43:58+00:00\" \/>\n<meta property=\"og:image\" content=\"https:\/\/www.rassegnastampa-totustuus.it\/cattolica\/wp-content\/uploads\/2010\/03\/Shazia_Bashir.jpg\" \/>\n\t<meta property=\"og:image:width\" content=\"277\" \/>\n\t<meta property=\"og:image:height\" content=\"182\" \/>\n\t<meta property=\"og:image:type\" content=\"image\/jpeg\" \/>\n<meta name=\"author\" content=\"Redazione\" \/>\n<meta name=\"twitter:card\" content=\"summary_large_image\" \/>\n<meta name=\"twitter:creator\" content=\"@rassegnastampa9\" \/>\n<meta name=\"twitter:site\" content=\"@rassegnastampa9\" \/>\n<meta name=\"twitter:label1\" content=\"Scritto da\" \/>\n\t<meta name=\"twitter:data1\" content=\"Redazione\" \/>\n\t<meta name=\"twitter:label2\" content=\"Tempo di lettura stimato\" \/>\n\t<meta name=\"twitter:data2\" content=\"6 minuti\" \/>\n<script type=\"application\/ld+json\" class=\"yoast-schema-graph\">{\"@context\":\"https:\\\/\\\/schema.org\",\"@graph\":[{\"@type\":\"Article\",\"@id\":\"https:\\\/\\\/www.rassegnastampa-totustuus.it\\\/cattolica\\\/storia-di-shazia-novit-per-aiutare\\\/#article\",\"isPartOf\":{\"@id\":\"https:\\\/\\\/www.rassegnastampa-totustuus.it\\\/cattolica\\\/storia-di-shazia-novit-per-aiutare\\\/\"},\"author\":{\"name\":\"Redazione\",\"@id\":\"https:\\\/\\\/www.rassegnastampa-totustuus.it\\\/cattolica\\\/#\\\/schema\\\/person\\\/08f319d2bd1a0904ad9e2bfb7b15e5c3\"},\"headline\":\"Storia di Shazia. Novit&agrave; per aiutare\u2026\",\"datePublished\":\"2010-03-03T23:00:00+00:00\",\"dateModified\":\"2015-11-10T13:43:58+00:00\",\"mainEntityOfPage\":{\"@id\":\"https:\\\/\\\/www.rassegnastampa-totustuus.it\\\/cattolica\\\/storia-di-shazia-novit-per-aiutare\\\/\"},\"wordCount\":1264,\"publisher\":{\"@id\":\"https:\\\/\\\/www.rassegnastampa-totustuus.it\\\/cattolica\\\/#organization\"},\"image\":{\"@id\":\"https:\\\/\\\/www.rassegnastampa-totustuus.it\\\/cattolica\\\/storia-di-shazia-novit-per-aiutare\\\/#primaryimage\"},\"thumbnailUrl\":\"https:\\\/\\\/www.rassegnastampa-totustuus.it\\\/cattolica\\\/wp-content\\\/uploads\\\/2010\\\/03\\\/Shazia_Bashir.jpg\",\"keywords\":[\"cristiani perseguitati\",\"Shazia\"],\"articleSection\":[\"Cristiani nell'islam\",\"Cristiani perseguitati\"],\"inLanguage\":\"it-IT\"},{\"@type\":\"WebPage\",\"@id\":\"https:\\\/\\\/www.rassegnastampa-totustuus.it\\\/cattolica\\\/storia-di-shazia-novit-per-aiutare\\\/\",\"url\":\"https:\\\/\\\/www.rassegnastampa-totustuus.it\\\/cattolica\\\/storia-di-shazia-novit-per-aiutare\\\/\",\"name\":\"Storia di Shazia. Novit&agrave; per aiutare\u2026 - Rassegna Stampa Cattolica\",\"isPartOf\":{\"@id\":\"https:\\\/\\\/www.rassegnastampa-totustuus.it\\\/cattolica\\\/#website\"},\"primaryImageOfPage\":{\"@id\":\"https:\\\/\\\/www.rassegnastampa-totustuus.it\\\/cattolica\\\/storia-di-shazia-novit-per-aiutare\\\/#primaryimage\"},\"image\":{\"@id\":\"https:\\\/\\\/www.rassegnastampa-totustuus.it\\\/cattolica\\\/storia-di-shazia-novit-per-aiutare\\\/#primaryimage\"},\"thumbnailUrl\":\"https:\\\/\\\/www.rassegnastampa-totustuus.it\\\/cattolica\\\/wp-content\\\/uploads\\\/2010\\\/03\\\/Shazia_Bashir.jpg\",\"datePublished\":\"2010-03-03T23:00:00+00:00\",\"dateModified\":\"2015-11-10T13:43:58+00:00\",\"description\":\"Rassegna Stampa Cattolica - Per una cultura che nasce dalla Rivelazione cristiana in conformit\u00e0 alla tradizione e al Magistero della Chiesa in opposizione ad ogni relativismo e totalitarismo\",\"breadcrumb\":{\"@id\":\"https:\\\/\\\/www.rassegnastampa-totustuus.it\\\/cattolica\\\/storia-di-shazia-novit-per-aiutare\\\/#breadcrumb\"},\"inLanguage\":\"it-IT\",\"potentialAction\":[{\"@type\":\"ReadAction\",\"target\":[\"https:\\\/\\\/www.rassegnastampa-totustuus.it\\\/cattolica\\\/storia-di-shazia-novit-per-aiutare\\\/\"]}]},{\"@type\":\"ImageObject\",\"inLanguage\":\"it-IT\",\"@id\":\"https:\\\/\\\/www.rassegnastampa-totustuus.it\\\/cattolica\\\/storia-di-shazia-novit-per-aiutare\\\/#primaryimage\",\"url\":\"https:\\\/\\\/www.rassegnastampa-totustuus.it\\\/cattolica\\\/wp-content\\\/uploads\\\/2010\\\/03\\\/Shazia_Bashir.jpg\",\"contentUrl\":\"https:\\\/\\\/www.rassegnastampa-totustuus.it\\\/cattolica\\\/wp-content\\\/uploads\\\/2010\\\/03\\\/Shazia_Bashir.jpg\",\"width\":277,\"height\":182},{\"@type\":\"BreadcrumbList\",\"@id\":\"https:\\\/\\\/www.rassegnastampa-totustuus.it\\\/cattolica\\\/storia-di-shazia-novit-per-aiutare\\\/#breadcrumb\",\"itemListElement\":[{\"@type\":\"ListItem\",\"position\":1,\"name\":\"Home\",\"item\":\"https:\\\/\\\/www.rassegnastampa-totustuus.it\\\/cattolica\\\/\"},{\"@type\":\"ListItem\",\"position\":2,\"name\":\"Storia di Shazia. Novit&agrave; per aiutare\u2026\"}]},{\"@type\":\"WebSite\",\"@id\":\"https:\\\/\\\/www.rassegnastampa-totustuus.it\\\/cattolica\\\/#website\",\"url\":\"https:\\\/\\\/www.rassegnastampa-totustuus.it\\\/cattolica\\\/\",\"name\":\"Rassegna Stampa Cattolica\",\"description\":\"Per una cultura che nasce dalla Rivelazione cristiana in conformit\u00e0 alla tradizione e al Magistero della Chiesa in opposizione ad ogni relativismo e totalitarismo\",\"publisher\":{\"@id\":\"https:\\\/\\\/www.rassegnastampa-totustuus.it\\\/cattolica\\\/#organization\"},\"alternateName\":\"Rass. Cattolica\",\"potentialAction\":[{\"@type\":\"SearchAction\",\"target\":{\"@type\":\"EntryPoint\",\"urlTemplate\":\"https:\\\/\\\/www.rassegnastampa-totustuus.it\\\/cattolica\\\/?s={search_term_string}\"},\"query-input\":{\"@type\":\"PropertyValueSpecification\",\"valueRequired\":true,\"valueName\":\"search_term_string\"}}],\"inLanguage\":\"it-IT\"},{\"@type\":\"Organization\",\"@id\":\"https:\\\/\\\/www.rassegnastampa-totustuus.it\\\/cattolica\\\/#organization\",\"name\":\"Rassegna Stampa Cattolica\",\"url\":\"https:\\\/\\\/www.rassegnastampa-totustuus.it\\\/cattolica\\\/\",\"logo\":{\"@type\":\"ImageObject\",\"inLanguage\":\"it-IT\",\"@id\":\"https:\\\/\\\/www.rassegnastampa-totustuus.it\\\/cattolica\\\/#\\\/schema\\\/logo\\\/image\\\/\",\"url\":\"https:\\\/\\\/www.rassegnastampa-totustuus.it\\\/cattolica\\\/wp-content\\\/uploads\\\/2014\\\/04\\\/logo-rassegna1.gif\",\"contentUrl\":\"https:\\\/\\\/www.rassegnastampa-totustuus.it\\\/cattolica\\\/wp-content\\\/uploads\\\/2014\\\/04\\\/logo-rassegna1.gif\",\"width\":600,\"height\":163,\"caption\":\"Rassegna Stampa Cattolica\"},\"image\":{\"@id\":\"https:\\\/\\\/www.rassegnastampa-totustuus.it\\\/cattolica\\\/#\\\/schema\\\/logo\\\/image\\\/\"},\"sameAs\":[\"https:\\\/\\\/www.facebook.com\\\/rassegnastampacattolica\",\"https:\\\/\\\/x.com\\\/rassegnastampa9\"]},{\"@type\":\"Person\",\"@id\":\"https:\\\/\\\/www.rassegnastampa-totustuus.it\\\/cattolica\\\/#\\\/schema\\\/person\\\/08f319d2bd1a0904ad9e2bfb7b15e5c3\",\"name\":\"Redazione\",\"image\":{\"@type\":\"ImageObject\",\"inLanguage\":\"it-IT\",\"@id\":\"https:\\\/\\\/secure.gravatar.com\\\/avatar\\\/2fcdf27c78ea025fbdb44e914cc63c72249ffec9dc8aafd5c82b26240ef3f346?s=96&d=mm&r=g\",\"url\":\"https:\\\/\\\/secure.gravatar.com\\\/avatar\\\/2fcdf27c78ea025fbdb44e914cc63c72249ffec9dc8aafd5c82b26240ef3f346?s=96&d=mm&r=g\",\"contentUrl\":\"https:\\\/\\\/secure.gravatar.com\\\/avatar\\\/2fcdf27c78ea025fbdb44e914cc63c72249ffec9dc8aafd5c82b26240ef3f346?s=96&d=mm&r=g\",\"caption\":\"Redazione\"},\"url\":\"https:\\\/\\\/www.rassegnastampa-totustuus.it\\\/cattolica\\\/author\\\/pietroelle\\\/\"}]}<\/script>\n<!-- \/ Yoast SEO plugin. -->","yoast_head_json":{"title":"Storia di Shazia. Novit&agrave; per aiutare\u2026 - Rassegna Stampa Cattolica","description":"Rassegna Stampa Cattolica - Per una cultura che nasce dalla Rivelazione cristiana in conformit\u00e0 alla tradizione e al Magistero della Chiesa in opposizione ad ogni relativismo e totalitarismo","robots":{"index":"index","follow":"follow","max-snippet":"max-snippet:-1","max-image-preview":"max-image-preview:large","max-video-preview":"max-video-preview:-1"},"canonical":"https:\/\/www.rassegnastampa-totustuus.it\/cattolica\/storia-di-shazia-novit-per-aiutare\/","og_locale":"it_IT","og_type":"article","og_title":"Storia di Shazia. Novit&agrave; per aiutare\u2026 - Rassegna Stampa Cattolica","og_description":"Rassegna Stampa Cattolica - Per una cultura che nasce dalla Rivelazione cristiana in conformit\u00e0 alla tradizione e al Magistero della Chiesa in opposizione ad ogni relativismo e totalitarismo","og_url":"https:\/\/www.rassegnastampa-totustuus.it\/cattolica\/storia-di-shazia-novit-per-aiutare\/","og_site_name":"Rassegna Stampa Cattolica","article_publisher":"https:\/\/www.facebook.com\/rassegnastampacattolica","article_published_time":"2010-03-03T23:00:00+00:00","article_modified_time":"2015-11-10T13:43:58+00:00","og_image":[{"width":277,"height":182,"url":"https:\/\/www.rassegnastampa-totustuus.it\/cattolica\/wp-content\/uploads\/2010\/03\/Shazia_Bashir.jpg","type":"image\/jpeg"}],"author":"Redazione","twitter_card":"summary_large_image","twitter_creator":"@rassegnastampa9","twitter_site":"@rassegnastampa9","twitter_misc":{"Scritto da":"Redazione","Tempo di lettura stimato":"6 minuti"},"schema":{"@context":"https:\/\/schema.org","@graph":[{"@type":"Article","@id":"https:\/\/www.rassegnastampa-totustuus.it\/cattolica\/storia-di-shazia-novit-per-aiutare\/#article","isPartOf":{"@id":"https:\/\/www.rassegnastampa-totustuus.it\/cattolica\/storia-di-shazia-novit-per-aiutare\/"},"author":{"name":"Redazione","@id":"https:\/\/www.rassegnastampa-totustuus.it\/cattolica\/#\/schema\/person\/08f319d2bd1a0904ad9e2bfb7b15e5c3"},"headline":"Storia di Shazia. Novit&agrave; per aiutare\u2026","datePublished":"2010-03-03T23:00:00+00:00","dateModified":"2015-11-10T13:43:58+00:00","mainEntityOfPage":{"@id":"https:\/\/www.rassegnastampa-totustuus.it\/cattolica\/storia-di-shazia-novit-per-aiutare\/"},"wordCount":1264,"publisher":{"@id":"https:\/\/www.rassegnastampa-totustuus.it\/cattolica\/#organization"},"image":{"@id":"https:\/\/www.rassegnastampa-totustuus.it\/cattolica\/storia-di-shazia-novit-per-aiutare\/#primaryimage"},"thumbnailUrl":"https:\/\/www.rassegnastampa-totustuus.it\/cattolica\/wp-content\/uploads\/2010\/03\/Shazia_Bashir.jpg","keywords":["cristiani perseguitati","Shazia"],"articleSection":["Cristiani nell'islam","Cristiani perseguitati"],"inLanguage":"it-IT"},{"@type":"WebPage","@id":"https:\/\/www.rassegnastampa-totustuus.it\/cattolica\/storia-di-shazia-novit-per-aiutare\/","url":"https:\/\/www.rassegnastampa-totustuus.it\/cattolica\/storia-di-shazia-novit-per-aiutare\/","name":"Storia di Shazia. Novit&agrave; per aiutare\u2026 - Rassegna Stampa Cattolica","isPartOf":{"@id":"https:\/\/www.rassegnastampa-totustuus.it\/cattolica\/#website"},"primaryImageOfPage":{"@id":"https:\/\/www.rassegnastampa-totustuus.it\/cattolica\/storia-di-shazia-novit-per-aiutare\/#primaryimage"},"image":{"@id":"https:\/\/www.rassegnastampa-totustuus.it\/cattolica\/storia-di-shazia-novit-per-aiutare\/#primaryimage"},"thumbnailUrl":"https:\/\/www.rassegnastampa-totustuus.it\/cattolica\/wp-content\/uploads\/2010\/03\/Shazia_Bashir.jpg","datePublished":"2010-03-03T23:00:00+00:00","dateModified":"2015-11-10T13:43:58+00:00","description":"Rassegna Stampa Cattolica - Per una cultura che nasce dalla Rivelazione cristiana in conformit\u00e0 alla tradizione e al Magistero della Chiesa in opposizione ad ogni relativismo e totalitarismo","breadcrumb":{"@id":"https:\/\/www.rassegnastampa-totustuus.it\/cattolica\/storia-di-shazia-novit-per-aiutare\/#breadcrumb"},"inLanguage":"it-IT","potentialAction":[{"@type":"ReadAction","target":["https:\/\/www.rassegnastampa-totustuus.it\/cattolica\/storia-di-shazia-novit-per-aiutare\/"]}]},{"@type":"ImageObject","inLanguage":"it-IT","@id":"https:\/\/www.rassegnastampa-totustuus.it\/cattolica\/storia-di-shazia-novit-per-aiutare\/#primaryimage","url":"https:\/\/www.rassegnastampa-totustuus.it\/cattolica\/wp-content\/uploads\/2010\/03\/Shazia_Bashir.jpg","contentUrl":"https:\/\/www.rassegnastampa-totustuus.it\/cattolica\/wp-content\/uploads\/2010\/03\/Shazia_Bashir.jpg","width":277,"height":182},{"@type":"BreadcrumbList","@id":"https:\/\/www.rassegnastampa-totustuus.it\/cattolica\/storia-di-shazia-novit-per-aiutare\/#breadcrumb","itemListElement":[{"@type":"ListItem","position":1,"name":"Home","item":"https:\/\/www.rassegnastampa-totustuus.it\/cattolica\/"},{"@type":"ListItem","position":2,"name":"Storia di Shazia. Novit&agrave; per aiutare\u2026"}]},{"@type":"WebSite","@id":"https:\/\/www.rassegnastampa-totustuus.it\/cattolica\/#website","url":"https:\/\/www.rassegnastampa-totustuus.it\/cattolica\/","name":"Rassegna Stampa Cattolica","description":"Per una cultura che nasce dalla Rivelazione cristiana in conformit\u00e0 alla tradizione e al Magistero della Chiesa in opposizione ad ogni relativismo e totalitarismo","publisher":{"@id":"https:\/\/www.rassegnastampa-totustuus.it\/cattolica\/#organization"},"alternateName":"Rass. Cattolica","potentialAction":[{"@type":"SearchAction","target":{"@type":"EntryPoint","urlTemplate":"https:\/\/www.rassegnastampa-totustuus.it\/cattolica\/?s={search_term_string}"},"query-input":{"@type":"PropertyValueSpecification","valueRequired":true,"valueName":"search_term_string"}}],"inLanguage":"it-IT"},{"@type":"Organization","@id":"https:\/\/www.rassegnastampa-totustuus.it\/cattolica\/#organization","name":"Rassegna Stampa Cattolica","url":"https:\/\/www.rassegnastampa-totustuus.it\/cattolica\/","logo":{"@type":"ImageObject","inLanguage":"it-IT","@id":"https:\/\/www.rassegnastampa-totustuus.it\/cattolica\/#\/schema\/logo\/image\/","url":"https:\/\/www.rassegnastampa-totustuus.it\/cattolica\/wp-content\/uploads\/2014\/04\/logo-rassegna1.gif","contentUrl":"https:\/\/www.rassegnastampa-totustuus.it\/cattolica\/wp-content\/uploads\/2014\/04\/logo-rassegna1.gif","width":600,"height":163,"caption":"Rassegna Stampa Cattolica"},"image":{"@id":"https:\/\/www.rassegnastampa-totustuus.it\/cattolica\/#\/schema\/logo\/image\/"},"sameAs":["https:\/\/www.facebook.com\/rassegnastampacattolica","https:\/\/x.com\/rassegnastampa9"]},{"@type":"Person","@id":"https:\/\/www.rassegnastampa-totustuus.it\/cattolica\/#\/schema\/person\/08f319d2bd1a0904ad9e2bfb7b15e5c3","name":"Redazione","image":{"@type":"ImageObject","inLanguage":"it-IT","@id":"https:\/\/secure.gravatar.com\/avatar\/2fcdf27c78ea025fbdb44e914cc63c72249ffec9dc8aafd5c82b26240ef3f346?s=96&d=mm&r=g","url":"https:\/\/secure.gravatar.com\/avatar\/2fcdf27c78ea025fbdb44e914cc63c72249ffec9dc8aafd5c82b26240ef3f346?s=96&d=mm&r=g","contentUrl":"https:\/\/secure.gravatar.com\/avatar\/2fcdf27c78ea025fbdb44e914cc63c72249ffec9dc8aafd5c82b26240ef3f346?s=96&d=mm&r=g","caption":"Redazione"},"url":"https:\/\/www.rassegnastampa-totustuus.it\/cattolica\/author\/pietroelle\/"}]}},"_links":{"self":[{"href":"https:\/\/www.rassegnastampa-totustuus.it\/cattolica\/wp-json\/wp\/v2\/posts\/3723","targetHints":{"allow":["GET"]}}],"collection":[{"href":"https:\/\/www.rassegnastampa-totustuus.it\/cattolica\/wp-json\/wp\/v2\/posts"}],"about":[{"href":"https:\/\/www.rassegnastampa-totustuus.it\/cattolica\/wp-json\/wp\/v2\/types\/post"}],"author":[{"embeddable":true,"href":"https:\/\/www.rassegnastampa-totustuus.it\/cattolica\/wp-json\/wp\/v2\/users\/6"}],"replies":[{"embeddable":true,"href":"https:\/\/www.rassegnastampa-totustuus.it\/cattolica\/wp-json\/wp\/v2\/comments?post=3723"}],"version-history":[{"count":6,"href":"https:\/\/www.rassegnastampa-totustuus.it\/cattolica\/wp-json\/wp\/v2\/posts\/3723\/revisions"}],"predecessor-version":[{"id":27344,"href":"https:\/\/www.rassegnastampa-totustuus.it\/cattolica\/wp-json\/wp\/v2\/posts\/3723\/revisions\/27344"}],"wp:featuredmedia":[{"embeddable":true,"href":"https:\/\/www.rassegnastampa-totustuus.it\/cattolica\/wp-json\/wp\/v2\/media\/27343"}],"wp:attachment":[{"href":"https:\/\/www.rassegnastampa-totustuus.it\/cattolica\/wp-json\/wp\/v2\/media?parent=3723"}],"wp:term":[{"taxonomy":"category","embeddable":true,"href":"https:\/\/www.rassegnastampa-totustuus.it\/cattolica\/wp-json\/wp\/v2\/categories?post=3723"},{"taxonomy":"post_tag","embeddable":true,"href":"https:\/\/www.rassegnastampa-totustuus.it\/cattolica\/wp-json\/wp\/v2\/tags?post=3723"}],"curies":[{"name":"wp","href":"https:\/\/api.w.org\/{rel}","templated":true}]}}