{"id":37228,"date":"2017-02-23T00:00:27","date_gmt":"2017-02-22T23:00:27","guid":{"rendered":"http:\/\/www.rassegnastampa-totustuus.it\/cattolica\/?p=37228"},"modified":"2017-02-16T10:54:21","modified_gmt":"2017-02-16T09:54:21","slug":"tra-declino-mondialista-e-risveglio-sovranista-ce-ancora-spazio-per-la-civilta-occidentale","status":"publish","type":"post","link":"https:\/\/www.rassegnastampa-totustuus.it\/cattolica\/tra-declino-mondialista-e-risveglio-sovranista-ce-ancora-spazio-per-la-civilta-occidentale\/","title":{"rendered":"Tra declino mondialista e risveglio sovranista c&#8217;\u00e8 ancora spazio per la Civilt\u00e0 occidentale"},"content":{"rendered":"<p style=\"text-align: center;\"><strong><img loading=\"lazy\" decoding=\"async\" class=\"alignright wp-image-37229\" src=\"https:\/\/www.rassegnastampa-totustuus.it\/cattolica\/wp-content\/uploads\/2017\/02\/no_globalism.jpg\" alt=\"no_globalism\" width=\"250\" height=\"140\" \/>L\u2019Occidentale<\/strong> 15 Febbraio 2017<\/p>\n<p style=\"text-align: justify;\"><em>L&#8217;unica sintesi possibile, realistica ed auspicabile tra globalizzazione e neo-nazionalizzazione \u00e8 quella della ricostruzione di uno spazio sovranazionale fondato non sul relativismo, ma sulla comunanza tra tradizioni, princ\u00ecpi, culture, concezione dell&#8217;uomo e della comunit\u00e0 tra loro compatibili.\u00a0<\/em><\/p>\n<p style=\"text-align: center;\">di <strong>Eugenio Capozzi<\/strong><\/p>\n<p style=\"text-align: center;\"><!--more--><\/p>\n<p style=\"text-align: justify;\">Per anni i molti movimenti di ribellione sorti contro le \u00e9lites politiche occidentali sono stati genericamente catalogati come &#8220;<strong>antipolitici<\/strong>&#8221; o &#8220;<strong>populisti<\/strong>&#8220;. Una serie di avvenimenti tra il 2016 e queste ultime settimane \u2013 su tutti, la <strong>Brexit<\/strong> e l&#8217;avvento di <strong>Donald Trump<\/strong> alla Casa Bianca \u2013 ha per\u00f2 contribuito in misura decisiva a fare chiarezza sull&#8217;effettiva natura del conflitto in corso e delle forze coinvolte.<\/p>\n<p style=\"text-align: justify;\">I fenomeni politici contrapposti alle classi politiche e alle istituzioni inserite nel &#8220;sistema&#8221; del mondo transnazionale\/globalizzato condividono, infatti, un comune fondamento comunitarista e lato sensu &#8220;<strong>protezionista<\/strong>&#8220;, declinato volta a volta in due modi diversi: o come difesa della societ\u00e0 di un paese dalle incertezze del mercato globale e dalle regole di finanza pubblica\u00a0imposte da istanze sovranazionali; ovvero, pi\u00f9 ampiamente, come rivendicazione della sovranit\u00e0 nazionale contro ogni tipo di &#8220;invasione&#8221; dall&#8217;esterno, cio\u00e8 in senso propriamente nazionalista \u2013 o, come oggi usa dire, &#8220;sovranista&#8221;.<\/p>\n<p style=\"text-align: justify;\"><img loading=\"lazy\" decoding=\"async\" class=\"size-full wp-image-33052 alignleft\" src=\"https:\/\/www.rassegnastampa-totustuus.it\/cattolica\/wp-content\/uploads\/2005\/06\/No_global.jpg\" alt=\"No_global\" width=\"184\" height=\"180\" \/>\u00c8 proprio il <strong>sovranismo<\/strong>, che sempre pi\u00f9 si presenta come cultura politica emergente tra le destre occidentali, a prevalere di gran lunga tra i &#8220;populismi&#8221; contemporanei. Tanto da far pensare (come ha sostenuto recentemente in un <a href=\"http:\/\/ilmattino.it\/primopiano\/esteri\/i_falsi_patrioti_all_assalto_dell_europa-2241581.html%5d\" target=\"_blank\">commento sul &#8220;Messagero&#8221;<\/a> lo storico Alessandro Campi) che il termine &#8220;populismo&#8221; sia sostanzialmente inutile, e che la vera sfida davanti alla quale si trova la nostra epoca sia quella tra &#8220;mondialismo&#8221; e nuovi nazionalismi.<\/p>\n<p style=\"text-align: justify;\">D&#8217;altra parte, la tendenza a limitare o addirittura abolire i vincoli sovranazionali (sia economici che istituzionali) per salvaguardare il tenore di vita di una popolazione all&#8217;interno dei propri confini finisce per confluire inevitabilmente, in qualsiasi senso la si declini, nel sovranismo. Se movimenti populisti &#8220;di sinistra&#8221; (per quanto tale categoria si possa applicare ad essi solo con molti distinguo) come Podemos, Syriza o i 5 Stelle invocano per i loro paesi l&#8217;uscita da Euro, Ue, Nato e la totale autonomia della politica economica, non fanno altro che proporre una soluzione <strong>nazionalista<\/strong>.<\/p>\n<p style=\"text-align: justify;\">Essi si differenziano dalle forze nazionaliste di destra semplicemente perch\u00e9 non applicano lo stesso principio alla questione dell&#8217;ordine pubblico, della difesa militare, della lotta al terrorismo e soprattutto dell&#8217;immigrazione.<\/p>\n<p style=\"text-align: justify;\">In realt\u00e0 l&#8217;avvento al potere di movimenti nazionalisti nel nucleo centrale dell&#8217;<strong>Occidente<\/strong> \u2013 di cui l&#8217;elezione di Trump \u00e8 stato il segnale pi\u00f9 macroscopico &#8211; segna inequivocabilmente (come ha scritto Antonio Pilati nell&#8217;articolo \u201c<a href=\"http:\/\/www.ilfoglio.it\/economia\/2017\/02\/10\/news\/una-globalizzazione-e-finita-119773\/\" target=\"_blank\">Una globalizzazione \u00e8 finita<\/a>\u201d sul &#8220;Foglio&#8221; dell&#8217;8 febbraio) la conclusione di una prima fase dell'&#8221;<strong>era globale<\/strong>&#8220;. Si \u00e8 esaurito, cio\u00e8, lo slancio rivoluzionario dell&#8217;economia e della politica mondiale che ha prodotto una straordinaria crescita in aree del mondo precedentemente povere ed arretrate, ma ha anche prodotto enormi squilibri nel campo euro-occidentale.<\/p>\n<p style=\"text-align: justify;\">Quella rivoluzione ha infatti disgregato l&#8217;apparato produttivo di molti tra i paesi pi\u00f9 industrializzati; ha drammaticamente impoverito la loro classe media, e gran parte di quella operaia; ha generato l&#8217;<strong>integralismo islamico antioccidentale<\/strong>; ha provocato enormi ondate migratorie che hanno a loro volta alterato gli equilibri culturali e identitari in Europa, America, Australia. Il tutto nel quadro di un Occidente ridotto sempre pi\u00f9 ad una grande massa di consumatori a debito privato e pubblico, devoti a un edonismo sempre pi\u00f9 iper-individualista e privo di ideali condivisi, sempre pi\u00f9 vuoto di famiglie e di giovani, sempre pi\u00f9 anziano ed impaurito dal futuro.<\/p>\n<p style=\"text-align: justify;\">Nonostante tali gravi scompensi, l&#8217;<strong>establishment politico<\/strong>, economico, intellettuale, mediatico occidentale ha continuato imperterrito a predicare un universalismo astratto, slegato dalla realt\u00e0, fondato sull&#8217;idea di infinite opportunit\u00e0 di realizzazione individuale, di infiniti ampliamenti dei desideri di ciascuno, di un&#8217;automatico progresso verso la convivenza pacifica e l&#8217;integrazione tra le culture, e anzi addirittura di un ineluttabile e benvenuto dissolvimento delle culture e delle tradizioni in un unico, indistinto milieu assolutamente relativista (del quale un segno macroscopico \u00e8 proprio il rifiuto ostinato di riconoscere nella sua effettiva realt\u00e0 la guerra senza quartiere dichiarata all&#8217;Occidente dall&#8217;integralismo islamico).<\/p>\n<p style=\"text-align: justify;\"><img loading=\"lazy\" decoding=\"async\" class=\"wp-image-31726 alignright\" src=\"https:\/\/www.rassegnastampa-totustuus.it\/cattolica\/wp-content\/uploads\/2009\/04\/crisi_mondiale.jpg\" alt=\"crisi_mondiale\" width=\"240\" height=\"145\" \/>\u00c8 in questo contesto che va collocato il brusco risveglio sovranista degli ultimi anni: si tratta della rivolta sempre pi\u00f9 generalizzata contro una ormai soffocante ortodossia che le popolazioni occidentali colgono come un inganno manifesto, in palese contrasto con le loro crescenti paure di impoverimento, di invasione, di declino. Da qui, da un lato all&#8217;altro dell&#8217;Atlantico, la riscoperta dei confini come elementi di sicurezza, identit\u00e0 e libert\u00e0, e come difesa dei livelli di vita percepiti come irrimediabilmente corrosi dalla tempesta mondialista.<\/p>\n<p style=\"text-align: justify;\">In qualsiasi modo si giudichino le <em>issues <\/em>sovraniste, \u00e8 comunque ormai certo che un colossale processo di riassestamento del moto espansivo della globalizzazione si \u00e8 messo in moto, e non sar\u00e0 con anatemi moralisteggianti o demonizzazioni contro le forze neo-nazionaliste che le residue \u00e9lites transnazionaliste riusciranno a governarlo.<\/p>\n<p style=\"text-align: justify;\">La nuova fase storica che stiamo attraversando pone in realt\u00e0 tutti gli occidentali di fronte ad un&#8217;alternativa secca e drammatica: salvare gli essenziali progressi compiuti grazie alla <strong>globalizzazione<\/strong>, assicurandone il consolidamento nel tempo, o lasciare che il riflusso anti-globalista e comunitarista oggi in corso si traduca in una involuzione complessiva dei rapporti planetari, produttrice di impoverimento generalizzato e di aumento incontrollabile dei conflitti.<\/p>\n<p style=\"text-align: justify;\"><img loading=\"lazy\" decoding=\"async\" class=\"wp-image-36610 alignleft\" src=\"https:\/\/www.rassegnastampa-totustuus.it\/cattolica\/wp-content\/uploads\/2016\/11\/Donald_Trump.jpg\" alt=\"donald_trump\" width=\"135\" height=\"200\" \/>Il mondialismo &#8220;ingenuo&#8221; non ha futuro. L&#8217;unica sintesi possibile, realistica ed auspicabile tra globalizzazione e neo-nazionalizzazione \u00e8 quella della ricostruzione di uno spazio sovranazionale fondato non sul relativismo, ma su una aggregazione di tipo &#8220;<strong>civilizzazionista<\/strong>&#8220;, cio\u00e8 sulla comunanza tra tradizioni, princ\u00ecpi, culture, concezione dell&#8217;uomo e della comunit\u00e0 tra loro compatibili.<\/p>\n<p style=\"text-align: justify;\">La storia mondiale degli ultimi 20 anni ha confermato sostanzialmente gli scenari che erano stati tratteggiati, poco dopo la fine della guerra fredda, da <strong>Samuel Huntington<\/strong> nel suo &#8220;Scontro tra le civilt\u00e0&#8221;. Le grandi linee di frattura che si sono aperte nel mondo globalizzato non sono tanto economiche e sociali, quanto culturali e spirituali. Alla luce di questa consapevolezza, occorre ripensare al rapporto tra nazioni e dimensione sovranazionale: superando il pessimismo totale di Huntington, che riteneva impossibile per ciascuna &#8220;faglia&#8221; di civilt\u00e0 integrarsi realmente con le altre.<\/p>\n<p style=\"text-align: justify;\">Questo significa essenzialmente pensare ad una grande area politica ed economica comune incentrata sul nucleo della civilt\u00e0 di origine europea, tra America del Nord, America Latina, Commonwealth britannico, Europa continentale, Russia. Un&#8217;area culturalmente coesa che permetta la effettiva convergenza tra politiche economiche, stili di vita, difesa della dignit\u00e0 e della qualit\u00e0 della vita, strutturazione pluralista della societ\u00e0 e delle istituzioni.<\/p>\n<p style=\"text-align: justify;\">Una <strong>confederazione euro-cristiana<\/strong> che riparta dalle nazioni e dai popoli, con la minor quantit\u00e0 di confini possibili al proprio interno, e la possibilit\u00e0 di aprirsi all&#8217;integrazione con altre aree se e quando le condizioni della politica mondiale lo permetteranno. L&#8217;alternativa ad un simile progetto non \u00e8 una governance transnazionale o un tessuto universalistico che non esistono pi\u00f9 (se mai sono esistiti), ma il ritorno all&#8217;anarchia del <em>bellum omnium contra omnes<\/em> tra Stati e imperi.<\/p>\n","protected":false},"excerpt":{"rendered":"<p>L\u2019Occidentale 15 Febbraio 2017 L&#8217;unica sintesi possibile, realistica ed auspicabile tra globalizzazione e neo-nazionalizzazione \u00e8 quella della ricostruzione di uno spazio sovranazionale fondato non sul relativismo, ma sulla comunanza tra tradizioni, princ\u00ecpi, culture, concezione dell&#8217;uomo e della comunit\u00e0 tra loro compatibili.\u00a0 di Eugenio Capozzi<\/p><p><a class=\"more-link btn\" href=\"https:\/\/www.rassegnastampa-totustuus.it\/cattolica\/tra-declino-mondialista-e-risveglio-sovranista-ce-ancora-spazio-per-la-civilta-occidentale\/\">Continua a leggere<\/a><\/p>\n","protected":false},"author":6,"featured_media":37229,"comment_status":"closed","ping_status":"closed","sticky":false,"template":"","format":"standard","meta":{"footnotes":""},"categories":[61,19,25],"tags":[648],"class_list":["post-37228","post","type-post","status-publish","format-standard","has-post-thumbnail","hentry","category-mondialismo-e-globalizzazione","category-politica-internazionale","category-sguardo-sul-nostro-tempo","tag-globalizzazione","item-wrap"],"yoast_head":"<!-- This site is optimized with the Yoast SEO plugin v27.5 - https:\/\/yoast.com\/product\/yoast-seo-wordpress\/ -->\n<title>Tra declino mondialista e risveglio sovranista c&#039;\u00e8 ancora spazio per la Civilt\u00e0 occidentale - Rassegna Stampa Cattolica<\/title>\n<meta name=\"description\" content=\"Rassegna Stampa Cattolica - Per una cultura che nasce dalla Rivelazione cristiana in conformit\u00e0 alla tradizione e al Magistero della Chiesa in opposizione ad ogni relativismo e totalitarismo\" \/>\n<meta name=\"robots\" content=\"index, follow, max-snippet:-1, max-image-preview:large, max-video-preview:-1\" \/>\n<link rel=\"canonical\" href=\"https:\/\/www.rassegnastampa-totustuus.it\/cattolica\/tra-declino-mondialista-e-risveglio-sovranista-ce-ancora-spazio-per-la-civilta-occidentale\/\" \/>\n<meta property=\"og:locale\" content=\"it_IT\" \/>\n<meta property=\"og:type\" content=\"article\" \/>\n<meta property=\"og:title\" content=\"Tra declino mondialista e risveglio sovranista c&#039;\u00e8 ancora spazio per la Civilt\u00e0 occidentale - Rassegna Stampa Cattolica\" \/>\n<meta property=\"og:description\" content=\"Rassegna Stampa Cattolica - Per una cultura che nasce dalla Rivelazione cristiana in conformit\u00e0 alla tradizione e al Magistero della Chiesa in opposizione ad ogni relativismo e totalitarismo\" \/>\n<meta property=\"og:url\" content=\"https:\/\/www.rassegnastampa-totustuus.it\/cattolica\/tra-declino-mondialista-e-risveglio-sovranista-ce-ancora-spazio-per-la-civilta-occidentale\/\" \/>\n<meta property=\"og:site_name\" content=\"Rassegna Stampa Cattolica\" \/>\n<meta property=\"article:publisher\" content=\"https:\/\/www.facebook.com\/rassegnastampacattolica\" \/>\n<meta property=\"article:published_time\" content=\"2017-02-22T23:00:27+00:00\" \/>\n<meta property=\"og:image\" content=\"https:\/\/www.rassegnastampa-totustuus.it\/cattolica\/wp-content\/uploads\/2017\/02\/no_globalism.jpg\" \/>\n\t<meta property=\"og:image:width\" content=\"299\" \/>\n\t<meta property=\"og:image:height\" content=\"168\" \/>\n\t<meta property=\"og:image:type\" content=\"image\/jpeg\" \/>\n<meta name=\"author\" content=\"Redazione\" \/>\n<meta name=\"twitter:card\" content=\"summary_large_image\" \/>\n<meta name=\"twitter:creator\" content=\"@rassegnastampa9\" \/>\n<meta name=\"twitter:site\" content=\"@rassegnastampa9\" \/>\n<meta name=\"twitter:label1\" content=\"Scritto da\" \/>\n\t<meta name=\"twitter:data1\" content=\"Redazione\" \/>\n\t<meta name=\"twitter:label2\" content=\"Tempo di lettura stimato\" \/>\n\t<meta name=\"twitter:data2\" content=\"6 minuti\" \/>\n<script type=\"application\/ld+json\" class=\"yoast-schema-graph\">{\"@context\":\"https:\\\/\\\/schema.org\",\"@graph\":[{\"@type\":\"Article\",\"@id\":\"https:\\\/\\\/www.rassegnastampa-totustuus.it\\\/cattolica\\\/tra-declino-mondialista-e-risveglio-sovranista-ce-ancora-spazio-per-la-civilta-occidentale\\\/#article\",\"isPartOf\":{\"@id\":\"https:\\\/\\\/www.rassegnastampa-totustuus.it\\\/cattolica\\\/tra-declino-mondialista-e-risveglio-sovranista-ce-ancora-spazio-per-la-civilta-occidentale\\\/\"},\"author\":{\"name\":\"Redazione\",\"@id\":\"https:\\\/\\\/www.rassegnastampa-totustuus.it\\\/cattolica\\\/#\\\/schema\\\/person\\\/08f319d2bd1a0904ad9e2bfb7b15e5c3\"},\"headline\":\"Tra declino mondialista e risveglio sovranista c&#8217;\u00e8 ancora spazio per la Civilt\u00e0 occidentale\",\"datePublished\":\"2017-02-22T23:00:27+00:00\",\"mainEntityOfPage\":{\"@id\":\"https:\\\/\\\/www.rassegnastampa-totustuus.it\\\/cattolica\\\/tra-declino-mondialista-e-risveglio-sovranista-ce-ancora-spazio-per-la-civilta-occidentale\\\/\"},\"wordCount\":1152,\"publisher\":{\"@id\":\"https:\\\/\\\/www.rassegnastampa-totustuus.it\\\/cattolica\\\/#organization\"},\"image\":{\"@id\":\"https:\\\/\\\/www.rassegnastampa-totustuus.it\\\/cattolica\\\/tra-declino-mondialista-e-risveglio-sovranista-ce-ancora-spazio-per-la-civilta-occidentale\\\/#primaryimage\"},\"thumbnailUrl\":\"https:\\\/\\\/www.rassegnastampa-totustuus.it\\\/cattolica\\\/wp-content\\\/uploads\\\/2017\\\/02\\\/no_globalism.jpg\",\"keywords\":[\"globalizzazione\"],\"articleSection\":[\"Mondialismo\",\"Politica internazionale\",\"Sguardo sul nostro tempo\"],\"inLanguage\":\"it-IT\"},{\"@type\":\"WebPage\",\"@id\":\"https:\\\/\\\/www.rassegnastampa-totustuus.it\\\/cattolica\\\/tra-declino-mondialista-e-risveglio-sovranista-ce-ancora-spazio-per-la-civilta-occidentale\\\/\",\"url\":\"https:\\\/\\\/www.rassegnastampa-totustuus.it\\\/cattolica\\\/tra-declino-mondialista-e-risveglio-sovranista-ce-ancora-spazio-per-la-civilta-occidentale\\\/\",\"name\":\"Tra declino mondialista e risveglio sovranista c'\u00e8 ancora spazio per la Civilt\u00e0 occidentale - Rassegna Stampa Cattolica\",\"isPartOf\":{\"@id\":\"https:\\\/\\\/www.rassegnastampa-totustuus.it\\\/cattolica\\\/#website\"},\"primaryImageOfPage\":{\"@id\":\"https:\\\/\\\/www.rassegnastampa-totustuus.it\\\/cattolica\\\/tra-declino-mondialista-e-risveglio-sovranista-ce-ancora-spazio-per-la-civilta-occidentale\\\/#primaryimage\"},\"image\":{\"@id\":\"https:\\\/\\\/www.rassegnastampa-totustuus.it\\\/cattolica\\\/tra-declino-mondialista-e-risveglio-sovranista-ce-ancora-spazio-per-la-civilta-occidentale\\\/#primaryimage\"},\"thumbnailUrl\":\"https:\\\/\\\/www.rassegnastampa-totustuus.it\\\/cattolica\\\/wp-content\\\/uploads\\\/2017\\\/02\\\/no_globalism.jpg\",\"datePublished\":\"2017-02-22T23:00:27+00:00\",\"description\":\"Rassegna Stampa Cattolica - Per una cultura che nasce dalla Rivelazione cristiana in conformit\u00e0 alla tradizione e al Magistero della Chiesa in opposizione ad ogni relativismo e totalitarismo\",\"breadcrumb\":{\"@id\":\"https:\\\/\\\/www.rassegnastampa-totustuus.it\\\/cattolica\\\/tra-declino-mondialista-e-risveglio-sovranista-ce-ancora-spazio-per-la-civilta-occidentale\\\/#breadcrumb\"},\"inLanguage\":\"it-IT\",\"potentialAction\":[{\"@type\":\"ReadAction\",\"target\":[\"https:\\\/\\\/www.rassegnastampa-totustuus.it\\\/cattolica\\\/tra-declino-mondialista-e-risveglio-sovranista-ce-ancora-spazio-per-la-civilta-occidentale\\\/\"]}]},{\"@type\":\"ImageObject\",\"inLanguage\":\"it-IT\",\"@id\":\"https:\\\/\\\/www.rassegnastampa-totustuus.it\\\/cattolica\\\/tra-declino-mondialista-e-risveglio-sovranista-ce-ancora-spazio-per-la-civilta-occidentale\\\/#primaryimage\",\"url\":\"https:\\\/\\\/www.rassegnastampa-totustuus.it\\\/cattolica\\\/wp-content\\\/uploads\\\/2017\\\/02\\\/no_globalism.jpg\",\"contentUrl\":\"https:\\\/\\\/www.rassegnastampa-totustuus.it\\\/cattolica\\\/wp-content\\\/uploads\\\/2017\\\/02\\\/no_globalism.jpg\",\"width\":299,\"height\":168},{\"@type\":\"BreadcrumbList\",\"@id\":\"https:\\\/\\\/www.rassegnastampa-totustuus.it\\\/cattolica\\\/tra-declino-mondialista-e-risveglio-sovranista-ce-ancora-spazio-per-la-civilta-occidentale\\\/#breadcrumb\",\"itemListElement\":[{\"@type\":\"ListItem\",\"position\":1,\"name\":\"Home\",\"item\":\"https:\\\/\\\/www.rassegnastampa-totustuus.it\\\/cattolica\\\/\"},{\"@type\":\"ListItem\",\"position\":2,\"name\":\"Tra declino mondialista e risveglio sovranista c&#8217;\u00e8 ancora spazio per la Civilt\u00e0 occidentale\"}]},{\"@type\":\"WebSite\",\"@id\":\"https:\\\/\\\/www.rassegnastampa-totustuus.it\\\/cattolica\\\/#website\",\"url\":\"https:\\\/\\\/www.rassegnastampa-totustuus.it\\\/cattolica\\\/\",\"name\":\"Rassegna Stampa Cattolica\",\"description\":\"Per una cultura che nasce dalla Rivelazione cristiana in conformit\u00e0 alla tradizione e al Magistero della Chiesa in opposizione ad ogni relativismo e totalitarismo\",\"publisher\":{\"@id\":\"https:\\\/\\\/www.rassegnastampa-totustuus.it\\\/cattolica\\\/#organization\"},\"alternateName\":\"Rass. Cattolica\",\"potentialAction\":[{\"@type\":\"SearchAction\",\"target\":{\"@type\":\"EntryPoint\",\"urlTemplate\":\"https:\\\/\\\/www.rassegnastampa-totustuus.it\\\/cattolica\\\/?s={search_term_string}\"},\"query-input\":{\"@type\":\"PropertyValueSpecification\",\"valueRequired\":true,\"valueName\":\"search_term_string\"}}],\"inLanguage\":\"it-IT\"},{\"@type\":\"Organization\",\"@id\":\"https:\\\/\\\/www.rassegnastampa-totustuus.it\\\/cattolica\\\/#organization\",\"name\":\"Rassegna Stampa Cattolica\",\"url\":\"https:\\\/\\\/www.rassegnastampa-totustuus.it\\\/cattolica\\\/\",\"logo\":{\"@type\":\"ImageObject\",\"inLanguage\":\"it-IT\",\"@id\":\"https:\\\/\\\/www.rassegnastampa-totustuus.it\\\/cattolica\\\/#\\\/schema\\\/logo\\\/image\\\/\",\"url\":\"https:\\\/\\\/www.rassegnastampa-totustuus.it\\\/cattolica\\\/wp-content\\\/uploads\\\/2014\\\/04\\\/logo-rassegna1.gif\",\"contentUrl\":\"https:\\\/\\\/www.rassegnastampa-totustuus.it\\\/cattolica\\\/wp-content\\\/uploads\\\/2014\\\/04\\\/logo-rassegna1.gif\",\"width\":600,\"height\":163,\"caption\":\"Rassegna Stampa Cattolica\"},\"image\":{\"@id\":\"https:\\\/\\\/www.rassegnastampa-totustuus.it\\\/cattolica\\\/#\\\/schema\\\/logo\\\/image\\\/\"},\"sameAs\":[\"https:\\\/\\\/www.facebook.com\\\/rassegnastampacattolica\",\"https:\\\/\\\/x.com\\\/rassegnastampa9\"]},{\"@type\":\"Person\",\"@id\":\"https:\\\/\\\/www.rassegnastampa-totustuus.it\\\/cattolica\\\/#\\\/schema\\\/person\\\/08f319d2bd1a0904ad9e2bfb7b15e5c3\",\"name\":\"Redazione\",\"image\":{\"@type\":\"ImageObject\",\"inLanguage\":\"it-IT\",\"@id\":\"https:\\\/\\\/secure.gravatar.com\\\/avatar\\\/2fcdf27c78ea025fbdb44e914cc63c72249ffec9dc8aafd5c82b26240ef3f346?s=96&d=mm&r=g\",\"url\":\"https:\\\/\\\/secure.gravatar.com\\\/avatar\\\/2fcdf27c78ea025fbdb44e914cc63c72249ffec9dc8aafd5c82b26240ef3f346?s=96&d=mm&r=g\",\"contentUrl\":\"https:\\\/\\\/secure.gravatar.com\\\/avatar\\\/2fcdf27c78ea025fbdb44e914cc63c72249ffec9dc8aafd5c82b26240ef3f346?s=96&d=mm&r=g\",\"caption\":\"Redazione\"},\"url\":\"https:\\\/\\\/www.rassegnastampa-totustuus.it\\\/cattolica\\\/author\\\/pietroelle\\\/\"}]}<\/script>\n<!-- \/ Yoast SEO plugin. -->","yoast_head_json":{"title":"Tra declino mondialista e risveglio sovranista c'\u00e8 ancora spazio per la Civilt\u00e0 occidentale - Rassegna Stampa Cattolica","description":"Rassegna Stampa Cattolica - Per una cultura che nasce dalla Rivelazione cristiana in conformit\u00e0 alla tradizione e al Magistero della Chiesa in opposizione ad ogni relativismo e totalitarismo","robots":{"index":"index","follow":"follow","max-snippet":"max-snippet:-1","max-image-preview":"max-image-preview:large","max-video-preview":"max-video-preview:-1"},"canonical":"https:\/\/www.rassegnastampa-totustuus.it\/cattolica\/tra-declino-mondialista-e-risveglio-sovranista-ce-ancora-spazio-per-la-civilta-occidentale\/","og_locale":"it_IT","og_type":"article","og_title":"Tra declino mondialista e risveglio sovranista c'\u00e8 ancora spazio per la Civilt\u00e0 occidentale - Rassegna Stampa Cattolica","og_description":"Rassegna Stampa Cattolica - Per una cultura che nasce dalla Rivelazione cristiana in conformit\u00e0 alla tradizione e al Magistero della Chiesa in opposizione ad ogni relativismo e totalitarismo","og_url":"https:\/\/www.rassegnastampa-totustuus.it\/cattolica\/tra-declino-mondialista-e-risveglio-sovranista-ce-ancora-spazio-per-la-civilta-occidentale\/","og_site_name":"Rassegna Stampa Cattolica","article_publisher":"https:\/\/www.facebook.com\/rassegnastampacattolica","article_published_time":"2017-02-22T23:00:27+00:00","og_image":[{"width":299,"height":168,"url":"https:\/\/www.rassegnastampa-totustuus.it\/cattolica\/wp-content\/uploads\/2017\/02\/no_globalism.jpg","type":"image\/jpeg"}],"author":"Redazione","twitter_card":"summary_large_image","twitter_creator":"@rassegnastampa9","twitter_site":"@rassegnastampa9","twitter_misc":{"Scritto da":"Redazione","Tempo di lettura stimato":"6 minuti"},"schema":{"@context":"https:\/\/schema.org","@graph":[{"@type":"Article","@id":"https:\/\/www.rassegnastampa-totustuus.it\/cattolica\/tra-declino-mondialista-e-risveglio-sovranista-ce-ancora-spazio-per-la-civilta-occidentale\/#article","isPartOf":{"@id":"https:\/\/www.rassegnastampa-totustuus.it\/cattolica\/tra-declino-mondialista-e-risveglio-sovranista-ce-ancora-spazio-per-la-civilta-occidentale\/"},"author":{"name":"Redazione","@id":"https:\/\/www.rassegnastampa-totustuus.it\/cattolica\/#\/schema\/person\/08f319d2bd1a0904ad9e2bfb7b15e5c3"},"headline":"Tra declino mondialista e risveglio sovranista c&#8217;\u00e8 ancora spazio per la Civilt\u00e0 occidentale","datePublished":"2017-02-22T23:00:27+00:00","mainEntityOfPage":{"@id":"https:\/\/www.rassegnastampa-totustuus.it\/cattolica\/tra-declino-mondialista-e-risveglio-sovranista-ce-ancora-spazio-per-la-civilta-occidentale\/"},"wordCount":1152,"publisher":{"@id":"https:\/\/www.rassegnastampa-totustuus.it\/cattolica\/#organization"},"image":{"@id":"https:\/\/www.rassegnastampa-totustuus.it\/cattolica\/tra-declino-mondialista-e-risveglio-sovranista-ce-ancora-spazio-per-la-civilta-occidentale\/#primaryimage"},"thumbnailUrl":"https:\/\/www.rassegnastampa-totustuus.it\/cattolica\/wp-content\/uploads\/2017\/02\/no_globalism.jpg","keywords":["globalizzazione"],"articleSection":["Mondialismo","Politica internazionale","Sguardo sul nostro tempo"],"inLanguage":"it-IT"},{"@type":"WebPage","@id":"https:\/\/www.rassegnastampa-totustuus.it\/cattolica\/tra-declino-mondialista-e-risveglio-sovranista-ce-ancora-spazio-per-la-civilta-occidentale\/","url":"https:\/\/www.rassegnastampa-totustuus.it\/cattolica\/tra-declino-mondialista-e-risveglio-sovranista-ce-ancora-spazio-per-la-civilta-occidentale\/","name":"Tra declino mondialista e risveglio sovranista c'\u00e8 ancora spazio per la Civilt\u00e0 occidentale - Rassegna Stampa Cattolica","isPartOf":{"@id":"https:\/\/www.rassegnastampa-totustuus.it\/cattolica\/#website"},"primaryImageOfPage":{"@id":"https:\/\/www.rassegnastampa-totustuus.it\/cattolica\/tra-declino-mondialista-e-risveglio-sovranista-ce-ancora-spazio-per-la-civilta-occidentale\/#primaryimage"},"image":{"@id":"https:\/\/www.rassegnastampa-totustuus.it\/cattolica\/tra-declino-mondialista-e-risveglio-sovranista-ce-ancora-spazio-per-la-civilta-occidentale\/#primaryimage"},"thumbnailUrl":"https:\/\/www.rassegnastampa-totustuus.it\/cattolica\/wp-content\/uploads\/2017\/02\/no_globalism.jpg","datePublished":"2017-02-22T23:00:27+00:00","description":"Rassegna Stampa Cattolica - Per una cultura che nasce dalla Rivelazione cristiana in conformit\u00e0 alla tradizione e al Magistero della Chiesa in opposizione ad ogni relativismo e totalitarismo","breadcrumb":{"@id":"https:\/\/www.rassegnastampa-totustuus.it\/cattolica\/tra-declino-mondialista-e-risveglio-sovranista-ce-ancora-spazio-per-la-civilta-occidentale\/#breadcrumb"},"inLanguage":"it-IT","potentialAction":[{"@type":"ReadAction","target":["https:\/\/www.rassegnastampa-totustuus.it\/cattolica\/tra-declino-mondialista-e-risveglio-sovranista-ce-ancora-spazio-per-la-civilta-occidentale\/"]}]},{"@type":"ImageObject","inLanguage":"it-IT","@id":"https:\/\/www.rassegnastampa-totustuus.it\/cattolica\/tra-declino-mondialista-e-risveglio-sovranista-ce-ancora-spazio-per-la-civilta-occidentale\/#primaryimage","url":"https:\/\/www.rassegnastampa-totustuus.it\/cattolica\/wp-content\/uploads\/2017\/02\/no_globalism.jpg","contentUrl":"https:\/\/www.rassegnastampa-totustuus.it\/cattolica\/wp-content\/uploads\/2017\/02\/no_globalism.jpg","width":299,"height":168},{"@type":"BreadcrumbList","@id":"https:\/\/www.rassegnastampa-totustuus.it\/cattolica\/tra-declino-mondialista-e-risveglio-sovranista-ce-ancora-spazio-per-la-civilta-occidentale\/#breadcrumb","itemListElement":[{"@type":"ListItem","position":1,"name":"Home","item":"https:\/\/www.rassegnastampa-totustuus.it\/cattolica\/"},{"@type":"ListItem","position":2,"name":"Tra declino mondialista e risveglio sovranista c&#8217;\u00e8 ancora spazio per la Civilt\u00e0 occidentale"}]},{"@type":"WebSite","@id":"https:\/\/www.rassegnastampa-totustuus.it\/cattolica\/#website","url":"https:\/\/www.rassegnastampa-totustuus.it\/cattolica\/","name":"Rassegna Stampa Cattolica","description":"Per una cultura che nasce dalla Rivelazione cristiana in conformit\u00e0 alla tradizione e al Magistero della Chiesa in opposizione ad ogni relativismo e totalitarismo","publisher":{"@id":"https:\/\/www.rassegnastampa-totustuus.it\/cattolica\/#organization"},"alternateName":"Rass. Cattolica","potentialAction":[{"@type":"SearchAction","target":{"@type":"EntryPoint","urlTemplate":"https:\/\/www.rassegnastampa-totustuus.it\/cattolica\/?s={search_term_string}"},"query-input":{"@type":"PropertyValueSpecification","valueRequired":true,"valueName":"search_term_string"}}],"inLanguage":"it-IT"},{"@type":"Organization","@id":"https:\/\/www.rassegnastampa-totustuus.it\/cattolica\/#organization","name":"Rassegna Stampa Cattolica","url":"https:\/\/www.rassegnastampa-totustuus.it\/cattolica\/","logo":{"@type":"ImageObject","inLanguage":"it-IT","@id":"https:\/\/www.rassegnastampa-totustuus.it\/cattolica\/#\/schema\/logo\/image\/","url":"https:\/\/www.rassegnastampa-totustuus.it\/cattolica\/wp-content\/uploads\/2014\/04\/logo-rassegna1.gif","contentUrl":"https:\/\/www.rassegnastampa-totustuus.it\/cattolica\/wp-content\/uploads\/2014\/04\/logo-rassegna1.gif","width":600,"height":163,"caption":"Rassegna Stampa Cattolica"},"image":{"@id":"https:\/\/www.rassegnastampa-totustuus.it\/cattolica\/#\/schema\/logo\/image\/"},"sameAs":["https:\/\/www.facebook.com\/rassegnastampacattolica","https:\/\/x.com\/rassegnastampa9"]},{"@type":"Person","@id":"https:\/\/www.rassegnastampa-totustuus.it\/cattolica\/#\/schema\/person\/08f319d2bd1a0904ad9e2bfb7b15e5c3","name":"Redazione","image":{"@type":"ImageObject","inLanguage":"it-IT","@id":"https:\/\/secure.gravatar.com\/avatar\/2fcdf27c78ea025fbdb44e914cc63c72249ffec9dc8aafd5c82b26240ef3f346?s=96&d=mm&r=g","url":"https:\/\/secure.gravatar.com\/avatar\/2fcdf27c78ea025fbdb44e914cc63c72249ffec9dc8aafd5c82b26240ef3f346?s=96&d=mm&r=g","contentUrl":"https:\/\/secure.gravatar.com\/avatar\/2fcdf27c78ea025fbdb44e914cc63c72249ffec9dc8aafd5c82b26240ef3f346?s=96&d=mm&r=g","caption":"Redazione"},"url":"https:\/\/www.rassegnastampa-totustuus.it\/cattolica\/author\/pietroelle\/"}]}},"_links":{"self":[{"href":"https:\/\/www.rassegnastampa-totustuus.it\/cattolica\/wp-json\/wp\/v2\/posts\/37228","targetHints":{"allow":["GET"]}}],"collection":[{"href":"https:\/\/www.rassegnastampa-totustuus.it\/cattolica\/wp-json\/wp\/v2\/posts"}],"about":[{"href":"https:\/\/www.rassegnastampa-totustuus.it\/cattolica\/wp-json\/wp\/v2\/types\/post"}],"author":[{"embeddable":true,"href":"https:\/\/www.rassegnastampa-totustuus.it\/cattolica\/wp-json\/wp\/v2\/users\/6"}],"replies":[{"embeddable":true,"href":"https:\/\/www.rassegnastampa-totustuus.it\/cattolica\/wp-json\/wp\/v2\/comments?post=37228"}],"version-history":[{"count":1,"href":"https:\/\/www.rassegnastampa-totustuus.it\/cattolica\/wp-json\/wp\/v2\/posts\/37228\/revisions"}],"predecessor-version":[{"id":37230,"href":"https:\/\/www.rassegnastampa-totustuus.it\/cattolica\/wp-json\/wp\/v2\/posts\/37228\/revisions\/37230"}],"wp:featuredmedia":[{"embeddable":true,"href":"https:\/\/www.rassegnastampa-totustuus.it\/cattolica\/wp-json\/wp\/v2\/media\/37229"}],"wp:attachment":[{"href":"https:\/\/www.rassegnastampa-totustuus.it\/cattolica\/wp-json\/wp\/v2\/media?parent=37228"}],"wp:term":[{"taxonomy":"category","embeddable":true,"href":"https:\/\/www.rassegnastampa-totustuus.it\/cattolica\/wp-json\/wp\/v2\/categories?post=37228"},{"taxonomy":"post_tag","embeddable":true,"href":"https:\/\/www.rassegnastampa-totustuus.it\/cattolica\/wp-json\/wp\/v2\/tags?post=37228"}],"curies":[{"name":"wp","href":"https:\/\/api.w.org\/{rel}","templated":true}]}}