{"id":3718,"date":"2010-02-25T00:00:00","date_gmt":"2010-02-24T23:00:00","guid":{"rendered":""},"modified":"2015-12-01T11:32:30","modified_gmt":"2015-12-01T10:32:30","slug":"italia-nazione-spontanea-gi-prima-del-1861","status":"publish","type":"post","link":"https:\/\/www.rassegnastampa-totustuus.it\/cattolica\/italia-nazione-spontanea-gi-prima-del-1861\/","title":{"rendered":"Italia, nazione spontanea gi&agrave; prima del 1861"},"content":{"rendered":"<div style=\"text-align: center;\"><strong><a href=\"https:\/\/www.rassegnastampa-totustuus.it\/cattolica\/wp-content\/uploads\/2010\/02\/Italia.jpg\"><img loading=\"lazy\" decoding=\"async\" class=\"alignleft wp-image-28342\" src=\"https:\/\/www.rassegnastampa-totustuus.it\/cattolica\/wp-content\/uploads\/2010\/02\/Italia.jpg\" alt=\"Italia\" width=\"172\" height=\"200\" \/><\/a>Corriere della Sera<\/strong> 16 febbraio 2010<\/div>\n<p style=\"text-align: center;\">(Lettere al direttore)<\/p>\n<p style=\"text-align: justify;\">Caro Direttore,<\/p>\n<p style=\"text-align: justify;\">l&#8217; avvicinarsi del 150\u00b0 dell&#8217; unificazione rende concreto il rischio di trasformare la memoria di quanto accaduto nei dintorni del 1861 nell&#8217; ennesima serie di polemiche radicalizzate su una doppia retorica: da un lato quella dell&#8217; acritica apologia dell&#8217; evento unitario, dall&#8217; altro quella del vittimismo e del rivendicazionismo.<\/p>\n<p><!--more--><\/p>\n<div style=\"text-align: justify;\">Il secondo fronte si articola poi in una versione nordista, all&#8217;insegna del \u00abchi ce l&#8217;ha fatto fare di caricarci il Sud\u00bb, e in una versione pseudomeridionalista, all&#8217; insegna del \u00abmaledetto il giorno che siete scesi\u00bb. Se si ha voglia di abbandonare qualsiasi retorica, la ricerca di elementi realmente unificanti deve partire da pochi dati di realt\u00e0.Il primo \u00e8 l&#8217;esistenza in Italia di una unit\u00e0 culturale antecedente di svariati secoli rispetto al momento dell&#8217;unit\u00e0 statale; una unit\u00e0 culturale che comprende una molteplicit\u00e0 di articolazioni, ma che \u00e8 tale perch\u00e9 si riconosce nel ceppo comune dell&#8217; eredit\u00e0 filosofica ellenica e del legato giuridico romanistico, entrambi inverati dal Cristianesimo.<\/div>\n<p style=\"text-align: justify;\">Poi c&#8217;\u00e8 tanto altro: ci sono le <em>enclaves<\/em> di origine greca e albanese, ci sono i ladini e i valdesi e c&#8217; \u00e8 la ricchezza di espressione artistica di ogni epoca della nostra storia e di ogni luogo della nostra geografia. Ma, se ancora oggi usciamo di casa al mattino e ci guardiamo intorno, cogliamo nelle nostre piazze e per le nostre vie i simboli o quanto meno i residui, di quel ceppo culturale che \u00e8 stata la nostra dominante, e che \u00e8 la sintesi di tre colli: l&#8217; Acropoli, il Campidoglio e il Golgota.<\/p>\n<p style=\"text-align: justify;\">Il secondo elemento di realt\u00e0 \u00e8 che prima dell&#8217; Unit\u00e0 la consapevolezza del comune destino dell&#8217; Italia era viva e diffusa &#8211; pur se attraversava i confini di Stati differenti &#8211; forse anche pi\u00f9 di quanto non lo sia stata dopo il 1861. Ne sono riprova la risposta comune che nel corso dei secoli \u00e8 stata data, superando le differenze fra ducati, principati e regni, alle aggressioni esterne (dapprima il pericolo saraceno, poi quello ottomano), e i forti legami fra le universit\u00e0 sorte sul territorio italiano, e fra gli artisti che hanno lasciato le loro opere lungo la Penisola: legami in certi casi di maggiore sostanza rispetto a quelli oggi rintracciabili, nonostante internet, fra le attuali universit\u00e0 e fra gli artisti contemporanei.<\/p>\n<p style=\"text-align: justify;\">Mi permetto &#8211; avendo dapprima ascoltato e poi letto sul <em>Corriere <\/em>la relazione del prof. Guido Rossi al seminario \u00abQuali le radici culturali dell&#8217; Italia\u00bb, organizzato da Aspen &#8211; di dubitare della opportunit\u00e0 di cercare un fondamento alternativo, o quanto meno radicalmente alternativo, a quello che emerge con tanta evidenza dalla nostra storia. E magari di cercarlo partendo dalla rassegna delle condanne a morte o delle condanne <em>tout court<\/em> (da Giordano Bruno a Campanella), di cui il \u00abbieco oscurantismo clericale\u00bb avrebbe costellato un cammino di ostacoli posti al libero dispiegarsi del pensiero, della scienza e delle arti.<\/p>\n<p style=\"text-align: justify;\">Non solo perch\u00e9 certe rassegne rischiano di essere incomplete; non solo perch\u00e9, completandole, tanta mitologia riguardante l&#8217;unificazione \u00e8 destinata a frantumarsi; ma soprattutto perch\u00e9 riproducono le medesime contrapposizioni che hanno incrinato fin dall&#8217; inizio la fondazione dello Stato unitario.<\/p>\n<p style=\"text-align: justify;\">\u00abFare i conti con la storia\u00bb &#8211; espressione usata e abusata &#8211; vuole dire, per riprendere quanto sosteneva Luciano Violante quando era presidente della Camera, \u00abagevolare la costruzione di una storia unica della nostra Repubblica, senza omissis e senza vendette, nella quale tutti possano riconoscersi\u00bb.<\/p>\n<p style=\"text-align: justify;\">Intendiamoci. Se per \u00abstoria unica\u00bb e quindi per radici culturali unificanti da riscoprire si intende la riscrittura dei manuali e delle monografie, magari su impulso del ministero dell&#8217;Universit\u00e0 o di assessori regionali all&#8217; Istruzione, e quindi una sorta di \u00abstoria di Stato\u00bb o di \u00abregione\u00bb, questa prospettiva non va neanche presa in considerazione.<\/p>\n<p style=\"text-align: justify;\">La sfida sottesa in quella espressione \u00e8 un&#8217; altra: \u00e8 intendere \u00abstoria unica\u00bb secondo il significato di \u00abstoria oggettiva\u00bb, cio\u00e8 storia come descrizione fattuale di ci\u00f2 che \u00e8 realmente accaduto, lasciando da parte le lenti dell&#8217; ideologia. \u00c8 paradossale &#8211; lo dico all&#8217; indomani del ricordo delle foibe &#8211; che ci\u00f2 finora sia avvenuto con minore difficolt\u00e0 per la Resistenza rispetto al Risorgimento.<\/p>\n<p style=\"text-align: justify;\">Quali potrebbero essere le conseguenze, anche politiche, della constatazione che l&#8217;Italia non nasce nel 1861, che nei secoli antecedenti il Risorgimento vi era una \u00abnazione spontanea\u00bb (per riprendere la felice espressione di Mario Albertini), che aveva una comune identit\u00e0, fondata su una comune religione, su principi e cultura, anche politica, sostanzialmente omogenei, e su una articolazione sociale ricca e variegata, in citt\u00e0 dall&#8217; antica tradizione, pi\u00f9 che in regioni? E che di quel mondo \u00e8 rimasto tanto, se \u00e8 vero che il mito di fondazione dello Stato unitario oggi \u00e8 in crisi, perch\u00e9 non \u00e8 riuscito a far breccia come avrebbe voluto nella memoria collettiva degli italiani?<\/p>\n<p style=\"text-align: justify;\">Sostenere questo non vuole dire promuovere \u00aboperazioni nostalgia\u00bb, n\u00e9 attentare all&#8217; Unit\u00e0 nazionale: il rispetto e la lealt\u00e0 per la nazione, per come si \u00e8 formata e consolidata, per i suoi simboli, per i doveri ai quali chiama, per i sacrifici che esige, sarebbero traditi dal rifiuto di conoscere o di far conoscere le modalit\u00e0 di formazione dello Stato unitario.<\/p>\n<p style=\"text-align: justify;\">Non \u00e8, per esempio, \u00aboperazione nostalgia\u00bb quanto, al di fuori di etichettature politiche, da circa dieci anni, avviene nel Parco della Grancia, nelle vicinanze di Potenza: un grande affresco delle insorgenze antigiacobine e dell&#8217; invasione piemontese, raccontato all&#8217; aperto, nei fine settimana estivi, realizzato con professionalit\u00e0, coniugando rigore nella ricostruzione storica, efficacia nel messaggio visivo e diffusione ampia e non settoriale; sar\u00e0 un caso che, mentre i musei si spopolano, questi spettacoli di ripresa della memoria storica incontrano grande successo?<\/p>\n<p style=\"text-align: justify;\"><strong>Alfredo Mantovano<\/strong><\/p>\n<p style=\"text-align: justify;\"><em>sottosegretario al ministero dell&#8217; Interno<\/em><\/p>\n","protected":false},"excerpt":{"rendered":"<p>Corriere della Sera 16 febbraio 2010 (Lettere al direttore) Caro Direttore, l&#8217; avvicinarsi del 150\u00b0 dell&#8217; unificazione rende concreto il rischio di trasformare la memoria di quanto accaduto nei dintorni del 1861 nell&#8217; ennesima serie di polemiche radicalizzate su una doppia retorica: da un lato quella dell&#8217; acritica apologia dell&#8217; evento unitario, dall&#8217; altro quella &hellip; <\/p>\n<p><a class=\"more-link btn\" href=\"https:\/\/www.rassegnastampa-totustuus.it\/cattolica\/italia-nazione-spontanea-gi-prima-del-1861\/\">Continua a leggere<\/a><\/p>\n","protected":false},"author":6,"featured_media":28342,"comment_status":"closed","ping_status":"open","sticky":false,"template":"","format":"standard","meta":{"footnotes":""},"categories":[101,96],"tags":[1287],"class_list":["post-3718","post","type-post","status-publish","format-standard","has-post-thumbnail","hentry","category-risorgimento","category-storia-italiana","tag-150-unita","item-wrap"],"yoast_head":"<!-- This site is optimized with the Yoast SEO plugin v27.5 - https:\/\/yoast.com\/product\/yoast-seo-wordpress\/ -->\n<title>Italia, nazione spontanea gi&agrave; prima del 1861 - Rassegna Stampa Cattolica<\/title>\n<meta name=\"description\" content=\"Rassegna Stampa Cattolica - Per una cultura che nasce dalla Rivelazione cristiana in conformit\u00e0 alla tradizione e al Magistero della Chiesa in opposizione ad ogni relativismo e totalitarismo\" \/>\n<meta name=\"robots\" content=\"index, follow, max-snippet:-1, max-image-preview:large, max-video-preview:-1\" \/>\n<link rel=\"canonical\" href=\"https:\/\/www.rassegnastampa-totustuus.it\/cattolica\/italia-nazione-spontanea-gi-prima-del-1861\/\" \/>\n<meta property=\"og:locale\" content=\"it_IT\" \/>\n<meta property=\"og:type\" content=\"article\" \/>\n<meta property=\"og:title\" content=\"Italia, nazione spontanea gi&agrave; prima del 1861 - Rassegna Stampa Cattolica\" \/>\n<meta property=\"og:description\" content=\"Rassegna Stampa Cattolica - Per una cultura che nasce dalla Rivelazione cristiana in conformit\u00e0 alla tradizione e al Magistero della Chiesa in opposizione ad ogni relativismo e totalitarismo\" \/>\n<meta property=\"og:url\" content=\"https:\/\/www.rassegnastampa-totustuus.it\/cattolica\/italia-nazione-spontanea-gi-prima-del-1861\/\" \/>\n<meta property=\"og:site_name\" content=\"Rassegna Stampa Cattolica\" \/>\n<meta property=\"article:publisher\" content=\"https:\/\/www.facebook.com\/rassegnastampacattolica\" \/>\n<meta property=\"article:published_time\" content=\"2010-02-24T23:00:00+00:00\" \/>\n<meta property=\"article:modified_time\" content=\"2015-12-01T10:32:30+00:00\" \/>\n<meta property=\"og:image\" content=\"https:\/\/www.rassegnastampa-totustuus.it\/cattolica\/wp-content\/uploads\/2010\/02\/Italia.jpg\" \/>\n\t<meta property=\"og:image:width\" content=\"151\" \/>\n\t<meta property=\"og:image:height\" content=\"176\" \/>\n\t<meta property=\"og:image:type\" content=\"image\/jpeg\" \/>\n<meta name=\"author\" content=\"Redazione\" \/>\n<meta name=\"twitter:card\" content=\"summary_large_image\" \/>\n<meta name=\"twitter:creator\" content=\"@rassegnastampa9\" \/>\n<meta name=\"twitter:site\" content=\"@rassegnastampa9\" \/>\n<meta name=\"twitter:label1\" content=\"Scritto da\" \/>\n\t<meta name=\"twitter:data1\" content=\"Redazione\" \/>\n\t<meta name=\"twitter:label2\" content=\"Tempo di lettura stimato\" \/>\n\t<meta name=\"twitter:data2\" content=\"5 minuti\" \/>\n<script type=\"application\/ld+json\" class=\"yoast-schema-graph\">{\"@context\":\"https:\\\/\\\/schema.org\",\"@graph\":[{\"@type\":\"Article\",\"@id\":\"https:\\\/\\\/www.rassegnastampa-totustuus.it\\\/cattolica\\\/italia-nazione-spontanea-gi-prima-del-1861\\\/#article\",\"isPartOf\":{\"@id\":\"https:\\\/\\\/www.rassegnastampa-totustuus.it\\\/cattolica\\\/italia-nazione-spontanea-gi-prima-del-1861\\\/\"},\"author\":{\"name\":\"Redazione\",\"@id\":\"https:\\\/\\\/www.rassegnastampa-totustuus.it\\\/cattolica\\\/#\\\/schema\\\/person\\\/08f319d2bd1a0904ad9e2bfb7b15e5c3\"},\"headline\":\"Italia, nazione spontanea gi&agrave; prima del 1861\",\"datePublished\":\"2010-02-24T23:00:00+00:00\",\"dateModified\":\"2015-12-01T10:32:30+00:00\",\"mainEntityOfPage\":{\"@id\":\"https:\\\/\\\/www.rassegnastampa-totustuus.it\\\/cattolica\\\/italia-nazione-spontanea-gi-prima-del-1861\\\/\"},\"wordCount\":925,\"publisher\":{\"@id\":\"https:\\\/\\\/www.rassegnastampa-totustuus.it\\\/cattolica\\\/#organization\"},\"image\":{\"@id\":\"https:\\\/\\\/www.rassegnastampa-totustuus.it\\\/cattolica\\\/italia-nazione-spontanea-gi-prima-del-1861\\\/#primaryimage\"},\"thumbnailUrl\":\"https:\\\/\\\/www.rassegnastampa-totustuus.it\\\/cattolica\\\/wp-content\\\/uploads\\\/2010\\\/02\\\/Italia.jpg\",\"keywords\":[\"150 Unit\u00e0\"],\"articleSection\":[\"Risorgimento\",\"Storia italiana\"],\"inLanguage\":\"it-IT\"},{\"@type\":\"WebPage\",\"@id\":\"https:\\\/\\\/www.rassegnastampa-totustuus.it\\\/cattolica\\\/italia-nazione-spontanea-gi-prima-del-1861\\\/\",\"url\":\"https:\\\/\\\/www.rassegnastampa-totustuus.it\\\/cattolica\\\/italia-nazione-spontanea-gi-prima-del-1861\\\/\",\"name\":\"Italia, nazione spontanea gi&agrave; prima del 1861 - Rassegna Stampa Cattolica\",\"isPartOf\":{\"@id\":\"https:\\\/\\\/www.rassegnastampa-totustuus.it\\\/cattolica\\\/#website\"},\"primaryImageOfPage\":{\"@id\":\"https:\\\/\\\/www.rassegnastampa-totustuus.it\\\/cattolica\\\/italia-nazione-spontanea-gi-prima-del-1861\\\/#primaryimage\"},\"image\":{\"@id\":\"https:\\\/\\\/www.rassegnastampa-totustuus.it\\\/cattolica\\\/italia-nazione-spontanea-gi-prima-del-1861\\\/#primaryimage\"},\"thumbnailUrl\":\"https:\\\/\\\/www.rassegnastampa-totustuus.it\\\/cattolica\\\/wp-content\\\/uploads\\\/2010\\\/02\\\/Italia.jpg\",\"datePublished\":\"2010-02-24T23:00:00+00:00\",\"dateModified\":\"2015-12-01T10:32:30+00:00\",\"description\":\"Rassegna Stampa Cattolica - Per una cultura che nasce dalla Rivelazione cristiana in conformit\u00e0 alla tradizione e al Magistero della Chiesa in opposizione ad ogni relativismo e totalitarismo\",\"breadcrumb\":{\"@id\":\"https:\\\/\\\/www.rassegnastampa-totustuus.it\\\/cattolica\\\/italia-nazione-spontanea-gi-prima-del-1861\\\/#breadcrumb\"},\"inLanguage\":\"it-IT\",\"potentialAction\":[{\"@type\":\"ReadAction\",\"target\":[\"https:\\\/\\\/www.rassegnastampa-totustuus.it\\\/cattolica\\\/italia-nazione-spontanea-gi-prima-del-1861\\\/\"]}]},{\"@type\":\"ImageObject\",\"inLanguage\":\"it-IT\",\"@id\":\"https:\\\/\\\/www.rassegnastampa-totustuus.it\\\/cattolica\\\/italia-nazione-spontanea-gi-prima-del-1861\\\/#primaryimage\",\"url\":\"https:\\\/\\\/www.rassegnastampa-totustuus.it\\\/cattolica\\\/wp-content\\\/uploads\\\/2010\\\/02\\\/Italia.jpg\",\"contentUrl\":\"https:\\\/\\\/www.rassegnastampa-totustuus.it\\\/cattolica\\\/wp-content\\\/uploads\\\/2010\\\/02\\\/Italia.jpg\",\"width\":151,\"height\":176},{\"@type\":\"BreadcrumbList\",\"@id\":\"https:\\\/\\\/www.rassegnastampa-totustuus.it\\\/cattolica\\\/italia-nazione-spontanea-gi-prima-del-1861\\\/#breadcrumb\",\"itemListElement\":[{\"@type\":\"ListItem\",\"position\":1,\"name\":\"Home\",\"item\":\"https:\\\/\\\/www.rassegnastampa-totustuus.it\\\/cattolica\\\/\"},{\"@type\":\"ListItem\",\"position\":2,\"name\":\"Italia, nazione spontanea gi&agrave; prima del 1861\"}]},{\"@type\":\"WebSite\",\"@id\":\"https:\\\/\\\/www.rassegnastampa-totustuus.it\\\/cattolica\\\/#website\",\"url\":\"https:\\\/\\\/www.rassegnastampa-totustuus.it\\\/cattolica\\\/\",\"name\":\"Rassegna Stampa Cattolica\",\"description\":\"Per una cultura che nasce dalla Rivelazione cristiana in conformit\u00e0 alla tradizione e al Magistero della Chiesa in opposizione ad ogni relativismo e totalitarismo\",\"publisher\":{\"@id\":\"https:\\\/\\\/www.rassegnastampa-totustuus.it\\\/cattolica\\\/#organization\"},\"alternateName\":\"Rass. Cattolica\",\"potentialAction\":[{\"@type\":\"SearchAction\",\"target\":{\"@type\":\"EntryPoint\",\"urlTemplate\":\"https:\\\/\\\/www.rassegnastampa-totustuus.it\\\/cattolica\\\/?s={search_term_string}\"},\"query-input\":{\"@type\":\"PropertyValueSpecification\",\"valueRequired\":true,\"valueName\":\"search_term_string\"}}],\"inLanguage\":\"it-IT\"},{\"@type\":\"Organization\",\"@id\":\"https:\\\/\\\/www.rassegnastampa-totustuus.it\\\/cattolica\\\/#organization\",\"name\":\"Rassegna Stampa Cattolica\",\"url\":\"https:\\\/\\\/www.rassegnastampa-totustuus.it\\\/cattolica\\\/\",\"logo\":{\"@type\":\"ImageObject\",\"inLanguage\":\"it-IT\",\"@id\":\"https:\\\/\\\/www.rassegnastampa-totustuus.it\\\/cattolica\\\/#\\\/schema\\\/logo\\\/image\\\/\",\"url\":\"https:\\\/\\\/www.rassegnastampa-totustuus.it\\\/cattolica\\\/wp-content\\\/uploads\\\/2014\\\/04\\\/logo-rassegna1.gif\",\"contentUrl\":\"https:\\\/\\\/www.rassegnastampa-totustuus.it\\\/cattolica\\\/wp-content\\\/uploads\\\/2014\\\/04\\\/logo-rassegna1.gif\",\"width\":600,\"height\":163,\"caption\":\"Rassegna Stampa Cattolica\"},\"image\":{\"@id\":\"https:\\\/\\\/www.rassegnastampa-totustuus.it\\\/cattolica\\\/#\\\/schema\\\/logo\\\/image\\\/\"},\"sameAs\":[\"https:\\\/\\\/www.facebook.com\\\/rassegnastampacattolica\",\"https:\\\/\\\/x.com\\\/rassegnastampa9\"]},{\"@type\":\"Person\",\"@id\":\"https:\\\/\\\/www.rassegnastampa-totustuus.it\\\/cattolica\\\/#\\\/schema\\\/person\\\/08f319d2bd1a0904ad9e2bfb7b15e5c3\",\"name\":\"Redazione\",\"image\":{\"@type\":\"ImageObject\",\"inLanguage\":\"it-IT\",\"@id\":\"https:\\\/\\\/secure.gravatar.com\\\/avatar\\\/2fcdf27c78ea025fbdb44e914cc63c72249ffec9dc8aafd5c82b26240ef3f346?s=96&d=mm&r=g\",\"url\":\"https:\\\/\\\/secure.gravatar.com\\\/avatar\\\/2fcdf27c78ea025fbdb44e914cc63c72249ffec9dc8aafd5c82b26240ef3f346?s=96&d=mm&r=g\",\"contentUrl\":\"https:\\\/\\\/secure.gravatar.com\\\/avatar\\\/2fcdf27c78ea025fbdb44e914cc63c72249ffec9dc8aafd5c82b26240ef3f346?s=96&d=mm&r=g\",\"caption\":\"Redazione\"},\"url\":\"https:\\\/\\\/www.rassegnastampa-totustuus.it\\\/cattolica\\\/author\\\/pietroelle\\\/\"}]}<\/script>\n<!-- \/ Yoast SEO plugin. -->","yoast_head_json":{"title":"Italia, nazione spontanea gi&agrave; prima del 1861 - Rassegna Stampa Cattolica","description":"Rassegna Stampa Cattolica - Per una cultura che nasce dalla Rivelazione cristiana in conformit\u00e0 alla tradizione e al Magistero della Chiesa in opposizione ad ogni relativismo e totalitarismo","robots":{"index":"index","follow":"follow","max-snippet":"max-snippet:-1","max-image-preview":"max-image-preview:large","max-video-preview":"max-video-preview:-1"},"canonical":"https:\/\/www.rassegnastampa-totustuus.it\/cattolica\/italia-nazione-spontanea-gi-prima-del-1861\/","og_locale":"it_IT","og_type":"article","og_title":"Italia, nazione spontanea gi&agrave; prima del 1861 - Rassegna Stampa Cattolica","og_description":"Rassegna Stampa Cattolica - Per una cultura che nasce dalla Rivelazione cristiana in conformit\u00e0 alla tradizione e al Magistero della Chiesa in opposizione ad ogni relativismo e totalitarismo","og_url":"https:\/\/www.rassegnastampa-totustuus.it\/cattolica\/italia-nazione-spontanea-gi-prima-del-1861\/","og_site_name":"Rassegna Stampa Cattolica","article_publisher":"https:\/\/www.facebook.com\/rassegnastampacattolica","article_published_time":"2010-02-24T23:00:00+00:00","article_modified_time":"2015-12-01T10:32:30+00:00","og_image":[{"width":151,"height":176,"url":"https:\/\/www.rassegnastampa-totustuus.it\/cattolica\/wp-content\/uploads\/2010\/02\/Italia.jpg","type":"image\/jpeg"}],"author":"Redazione","twitter_card":"summary_large_image","twitter_creator":"@rassegnastampa9","twitter_site":"@rassegnastampa9","twitter_misc":{"Scritto da":"Redazione","Tempo di lettura stimato":"5 minuti"},"schema":{"@context":"https:\/\/schema.org","@graph":[{"@type":"Article","@id":"https:\/\/www.rassegnastampa-totustuus.it\/cattolica\/italia-nazione-spontanea-gi-prima-del-1861\/#article","isPartOf":{"@id":"https:\/\/www.rassegnastampa-totustuus.it\/cattolica\/italia-nazione-spontanea-gi-prima-del-1861\/"},"author":{"name":"Redazione","@id":"https:\/\/www.rassegnastampa-totustuus.it\/cattolica\/#\/schema\/person\/08f319d2bd1a0904ad9e2bfb7b15e5c3"},"headline":"Italia, nazione spontanea gi&agrave; prima del 1861","datePublished":"2010-02-24T23:00:00+00:00","dateModified":"2015-12-01T10:32:30+00:00","mainEntityOfPage":{"@id":"https:\/\/www.rassegnastampa-totustuus.it\/cattolica\/italia-nazione-spontanea-gi-prima-del-1861\/"},"wordCount":925,"publisher":{"@id":"https:\/\/www.rassegnastampa-totustuus.it\/cattolica\/#organization"},"image":{"@id":"https:\/\/www.rassegnastampa-totustuus.it\/cattolica\/italia-nazione-spontanea-gi-prima-del-1861\/#primaryimage"},"thumbnailUrl":"https:\/\/www.rassegnastampa-totustuus.it\/cattolica\/wp-content\/uploads\/2010\/02\/Italia.jpg","keywords":["150 Unit\u00e0"],"articleSection":["Risorgimento","Storia italiana"],"inLanguage":"it-IT"},{"@type":"WebPage","@id":"https:\/\/www.rassegnastampa-totustuus.it\/cattolica\/italia-nazione-spontanea-gi-prima-del-1861\/","url":"https:\/\/www.rassegnastampa-totustuus.it\/cattolica\/italia-nazione-spontanea-gi-prima-del-1861\/","name":"Italia, nazione spontanea gi&agrave; prima del 1861 - Rassegna Stampa Cattolica","isPartOf":{"@id":"https:\/\/www.rassegnastampa-totustuus.it\/cattolica\/#website"},"primaryImageOfPage":{"@id":"https:\/\/www.rassegnastampa-totustuus.it\/cattolica\/italia-nazione-spontanea-gi-prima-del-1861\/#primaryimage"},"image":{"@id":"https:\/\/www.rassegnastampa-totustuus.it\/cattolica\/italia-nazione-spontanea-gi-prima-del-1861\/#primaryimage"},"thumbnailUrl":"https:\/\/www.rassegnastampa-totustuus.it\/cattolica\/wp-content\/uploads\/2010\/02\/Italia.jpg","datePublished":"2010-02-24T23:00:00+00:00","dateModified":"2015-12-01T10:32:30+00:00","description":"Rassegna Stampa Cattolica - Per una cultura che nasce dalla Rivelazione cristiana in conformit\u00e0 alla tradizione e al Magistero della Chiesa in opposizione ad ogni relativismo e totalitarismo","breadcrumb":{"@id":"https:\/\/www.rassegnastampa-totustuus.it\/cattolica\/italia-nazione-spontanea-gi-prima-del-1861\/#breadcrumb"},"inLanguage":"it-IT","potentialAction":[{"@type":"ReadAction","target":["https:\/\/www.rassegnastampa-totustuus.it\/cattolica\/italia-nazione-spontanea-gi-prima-del-1861\/"]}]},{"@type":"ImageObject","inLanguage":"it-IT","@id":"https:\/\/www.rassegnastampa-totustuus.it\/cattolica\/italia-nazione-spontanea-gi-prima-del-1861\/#primaryimage","url":"https:\/\/www.rassegnastampa-totustuus.it\/cattolica\/wp-content\/uploads\/2010\/02\/Italia.jpg","contentUrl":"https:\/\/www.rassegnastampa-totustuus.it\/cattolica\/wp-content\/uploads\/2010\/02\/Italia.jpg","width":151,"height":176},{"@type":"BreadcrumbList","@id":"https:\/\/www.rassegnastampa-totustuus.it\/cattolica\/italia-nazione-spontanea-gi-prima-del-1861\/#breadcrumb","itemListElement":[{"@type":"ListItem","position":1,"name":"Home","item":"https:\/\/www.rassegnastampa-totustuus.it\/cattolica\/"},{"@type":"ListItem","position":2,"name":"Italia, nazione spontanea gi&agrave; prima del 1861"}]},{"@type":"WebSite","@id":"https:\/\/www.rassegnastampa-totustuus.it\/cattolica\/#website","url":"https:\/\/www.rassegnastampa-totustuus.it\/cattolica\/","name":"Rassegna Stampa Cattolica","description":"Per una cultura che nasce dalla Rivelazione cristiana in conformit\u00e0 alla tradizione e al Magistero della Chiesa in opposizione ad ogni relativismo e totalitarismo","publisher":{"@id":"https:\/\/www.rassegnastampa-totustuus.it\/cattolica\/#organization"},"alternateName":"Rass. Cattolica","potentialAction":[{"@type":"SearchAction","target":{"@type":"EntryPoint","urlTemplate":"https:\/\/www.rassegnastampa-totustuus.it\/cattolica\/?s={search_term_string}"},"query-input":{"@type":"PropertyValueSpecification","valueRequired":true,"valueName":"search_term_string"}}],"inLanguage":"it-IT"},{"@type":"Organization","@id":"https:\/\/www.rassegnastampa-totustuus.it\/cattolica\/#organization","name":"Rassegna Stampa Cattolica","url":"https:\/\/www.rassegnastampa-totustuus.it\/cattolica\/","logo":{"@type":"ImageObject","inLanguage":"it-IT","@id":"https:\/\/www.rassegnastampa-totustuus.it\/cattolica\/#\/schema\/logo\/image\/","url":"https:\/\/www.rassegnastampa-totustuus.it\/cattolica\/wp-content\/uploads\/2014\/04\/logo-rassegna1.gif","contentUrl":"https:\/\/www.rassegnastampa-totustuus.it\/cattolica\/wp-content\/uploads\/2014\/04\/logo-rassegna1.gif","width":600,"height":163,"caption":"Rassegna Stampa Cattolica"},"image":{"@id":"https:\/\/www.rassegnastampa-totustuus.it\/cattolica\/#\/schema\/logo\/image\/"},"sameAs":["https:\/\/www.facebook.com\/rassegnastampacattolica","https:\/\/x.com\/rassegnastampa9"]},{"@type":"Person","@id":"https:\/\/www.rassegnastampa-totustuus.it\/cattolica\/#\/schema\/person\/08f319d2bd1a0904ad9e2bfb7b15e5c3","name":"Redazione","image":{"@type":"ImageObject","inLanguage":"it-IT","@id":"https:\/\/secure.gravatar.com\/avatar\/2fcdf27c78ea025fbdb44e914cc63c72249ffec9dc8aafd5c82b26240ef3f346?s=96&d=mm&r=g","url":"https:\/\/secure.gravatar.com\/avatar\/2fcdf27c78ea025fbdb44e914cc63c72249ffec9dc8aafd5c82b26240ef3f346?s=96&d=mm&r=g","contentUrl":"https:\/\/secure.gravatar.com\/avatar\/2fcdf27c78ea025fbdb44e914cc63c72249ffec9dc8aafd5c82b26240ef3f346?s=96&d=mm&r=g","caption":"Redazione"},"url":"https:\/\/www.rassegnastampa-totustuus.it\/cattolica\/author\/pietroelle\/"}]}},"_links":{"self":[{"href":"https:\/\/www.rassegnastampa-totustuus.it\/cattolica\/wp-json\/wp\/v2\/posts\/3718","targetHints":{"allow":["GET"]}}],"collection":[{"href":"https:\/\/www.rassegnastampa-totustuus.it\/cattolica\/wp-json\/wp\/v2\/posts"}],"about":[{"href":"https:\/\/www.rassegnastampa-totustuus.it\/cattolica\/wp-json\/wp\/v2\/types\/post"}],"author":[{"embeddable":true,"href":"https:\/\/www.rassegnastampa-totustuus.it\/cattolica\/wp-json\/wp\/v2\/users\/6"}],"replies":[{"embeddable":true,"href":"https:\/\/www.rassegnastampa-totustuus.it\/cattolica\/wp-json\/wp\/v2\/comments?post=3718"}],"version-history":[{"count":4,"href":"https:\/\/www.rassegnastampa-totustuus.it\/cattolica\/wp-json\/wp\/v2\/posts\/3718\/revisions"}],"predecessor-version":[{"id":28343,"href":"https:\/\/www.rassegnastampa-totustuus.it\/cattolica\/wp-json\/wp\/v2\/posts\/3718\/revisions\/28343"}],"wp:featuredmedia":[{"embeddable":true,"href":"https:\/\/www.rassegnastampa-totustuus.it\/cattolica\/wp-json\/wp\/v2\/media\/28342"}],"wp:attachment":[{"href":"https:\/\/www.rassegnastampa-totustuus.it\/cattolica\/wp-json\/wp\/v2\/media?parent=3718"}],"wp:term":[{"taxonomy":"category","embeddable":true,"href":"https:\/\/www.rassegnastampa-totustuus.it\/cattolica\/wp-json\/wp\/v2\/categories?post=3718"},{"taxonomy":"post_tag","embeddable":true,"href":"https:\/\/www.rassegnastampa-totustuus.it\/cattolica\/wp-json\/wp\/v2\/tags?post=3718"}],"curies":[{"name":"wp","href":"https:\/\/api.w.org\/{rel}","templated":true}]}}