{"id":37166,"date":"2017-02-09T00:00:48","date_gmt":"2017-02-08T23:00:48","guid":{"rendered":"http:\/\/www.rassegnastampa-totustuus.it\/cattolica\/?p=37166"},"modified":"2017-02-07T16:10:47","modified_gmt":"2017-02-07T15:10:47","slug":"superuomo-quel-filo-da-napoleone-a-hitler","status":"publish","type":"post","link":"https:\/\/www.rassegnastampa-totustuus.it\/cattolica\/superuomo-quel-filo-da-napoleone-a-hitler\/","title":{"rendered":"Superuomo: quel filo da Napoleone a Hitler"},"content":{"rendered":"<p style=\"text-align: center;\"><strong><img loading=\"lazy\" decoding=\"async\" class=\"alignright wp-image-37167\" src=\"https:\/\/www.rassegnastampa-totustuus.it\/cattolica\/wp-content\/uploads\/2017\/02\/Hitler_Napoleone.jpg\" alt=\"Hitler_Napoleone\" width=\"300\" height=\"139\" srcset=\"https:\/\/www.rassegnastampa-totustuus.it\/cattolica\/wp-content\/uploads\/2017\/02\/Hitler_Napoleone.jpg 330w, https:\/\/www.rassegnastampa-totustuus.it\/cattolica\/wp-content\/uploads\/2017\/02\/Hitler_Napoleone-300x139.jpg 300w\" sizes=\"auto, (max-width: 300px) 100vw, 300px\" \/>Il Timone<\/strong> n.160 Febbraio 2017<\/p>\n<p style=\"text-align: justify;\"><em>Le conferenze di Hegel e molti aforismi di Nietzsche hanno influito su Hitler. Cos\u00ec come l&#8217;epopea di Napoleone, sdoganatore di tutti i superuomini<\/em><\/p>\n<p style=\"text-align: center;\">di <strong>Francesco Agnoli<\/strong><\/p>\n<p style=\"text-align: center;\"><!--more--><\/p>\n<p style=\"text-align: justify;\">Secondo lo storico del nazismo W. Shirer, per quanto riguarda i riferimenti culturali di Hitler, \u00e8 certo che \u00able famose conferenze di Hegel [autore che Hitler conosceva indirettamente, attraverso suoi primi maestri; per es. Rosenberg] pronunciate all&#8217;Universit\u00e0 di Berlino avevano attratto la sua [di Hitler] attenzione, proprio come molti aforismi di Nietzsche.<\/p>\n<p style=\"text-align: justify;\">Abbiamo gi\u00e0 accennato alla teoria hegeliana degli &#8220;eroi&#8221; e alla grande influenza che essa aveva esercitato sullo spirito tedesco. In una delle conferenze da lui [Hegel] tenute a Berlino egli spiega come la &#8220;volont\u00e0 dello spirito universale&#8221; possa realizzarsi grazie a &#8220;individui di incomparabile grandezza nella storia del mondo&#8221;\u00bb (W. L. Shirer, <em>Storia del Terzo Reich<\/em>, Einaudi 1974, vol. I, p. 122). Tra questi individui Hegel cita Alessandro Magno, Cesare e Napoleone, uomini in possesso della verit\u00e0 vera, di quella valida per la loro epoca\u00bb, \u00abveri veggenti\u00bb al di sopra di tutti, \u00abindividui cosmico-storici\u00bb cui \u00abtutti debbono obbedire\u00bb<\/p>\n<p style=\"text-align: justify;\"><strong>Napoleone messia di se stesso<\/strong><\/p>\n<p style=\"text-align: justify;\">Hegel vede per la prima volta Napoleone a Jena, nel 1806, e lo descrive cos\u00ec: \u00abL&#8217;imperatore &#8211; quest&#8217;anima del mondo &#8211; l&#8217;ho visto uscire a cavallo dalla citt\u00e0 [&#8230;] \u00e8 davvero una sensazione singolare vedere un tale individuo che qui, concentrato in un punto, spazia sul mondo e lo domina\u00bb. Siamo all&#8217;inizio dell&#8217;Ottocento e gi\u00e0 la negazione pi\u00f9 o meno esplicita di un Dio trascendente (cio\u00e8 distinto dal mondo e dall&#8217;uomo), Creatore e Giudice, genera la tesi della manifestazione nel mondo dell&#8217;Assoluto divino, specialmente in alcuni esseri umani &#8220;superiori&#8221;.<\/p>\n<p style=\"text-align: justify;\">L&#8217;uomo, almeno quello di grande successo storico, \u00e8 il nuovo dio. Mentre Hegel scrive, Napoleone \u00e8, tra i candidati alla divinizzazione, il pi\u00f9 &#8220;credibile&#8221;: si tratta di un uomo che si \u00e8 fatto da s\u00e9, sparando senza scrupoli sulla folla nel 1795, invadendo e saccheggiando paesi liberi, senza altro motivo che la rapina; che si \u00e8 incoronato da solo, davanti ad uno dei due pontefici da lui fatti prigionieri e ridotti, nel loro essere rappresentanti d\u00ec Dio, a spettatori di un potere autarchico e dittatoriale&#8230; Insomma, un uomo che agisce in tutto e per tutto come fosse Dio.<\/p>\n<p style=\"text-align: justify;\">Cos\u00ec, dopo che nel mondo antico i grandi uomini erano stati gli eroi che vivevano e morivano per la loro patria, dopo che nel mondo ristiano gli eroi umili erano stati i santi, esseri umani giganti dell&#8217;amore e del sacrificio, \u00e8 l&#8217;ora dei rivoluzionari; gli uomini che devono dare da s\u00e9 un senso alla propria esistenza, che vogliono diventare messia di se stessi. Saranno, nel tempo, generali senza scrupoli, filosofi che vogliono rovesciare la realt\u00e0, esteti e dandy, star della politica o del cinema, scienziati stregoni che si fanno padroni della natura e dell&#8217;uomo&#8230;<\/p>\n<p style=\"text-align: justify;\">Napoleone \u00e8 l&#8217;archetipo, lo sdoganatore di tutti questi superuomini.<\/p>\n<p style=\"text-align: justify;\">Un grande romanziere italiano, Alessandro Manzoni, vorr\u00e0 dare credito, dopo la morte di Napoleone nel 1821, alla sua conversione, e lo descriver\u00e0 come un semidio che si \u00e8 posto \u00absull&#8217;altare\u00bb, e che, nella sconfitta e \u00abnella polvere\u00bb, si \u00e8 riconosciuto fragile e mortale, e s\u00ec \u00e8 chinato, finalmente, davanti al Dio che \u00abatterra e suscita, che affanna e che consola\u00bb.<\/p>\n<p style=\"text-align: justify;\">Un altro romanziere, Dostoevskij, che come tutti i russi ricorda le centinaia di migliaia di morti della folle campagna in Russia, far\u00e0 di Napoleone il modello di chi (come Raskolnikov in <em>Delitto e castigo<\/em>), vuole imparare anche ad uccidere, per affermare S\u00e9 al posto di Dio (\u00abse Dio non esiste, tutto \u00e8 permesso\u00bb).<\/p>\n<p style=\"text-align: justify;\"><strong>L&#8217;ammirazione nietzscheana per Napoleone<\/strong><\/p>\n<p style=\"text-align: justify;\">Il 10 marzo 1889 (pochi anni dopo la morte di Dostoevskij), a Jena, la citt\u00e0 in cui Hegel ha visto Napoleone a cavallo il giorno prima della sua vittoria sui prussiani, il prussiano Nietzsche \u00e8 ricoverato in manicomio. \u00abMolto affamato\u00bb, scrivono i medici, \u00abdice di essere a volte il duca di Cumberland, a volte l&#8217;imperatore\u00bb.<\/p>\n<p style=\"text-align: justify;\">Nulla di strano, in questa smania di grandezza: per tutta la vita il filosofo ha rifiutato i suoi limiti, i suoi insuccessi, la sua creaturalit\u00e0, e ha sperato di diventare famoso, milionario, acclamato; arrivando a presentare il suo Zarathustra come \u00abil libro di tutti i millenni\u00bb, in cui \u00ab\u00e8 rinchiuso il destino dell&#8217;umanit\u00e0\u00bb.<\/p>\n<p style=\"text-align: justify;\">Tutta la vita ha giocato a fare il Napoleone della penna, uccidendo con essa non eserciti di nemici, ma, consapevolmente ed esplicitamente, molto di pi\u00f9: nientemeno che Dio, esistendo il quale, non pu\u00f2 nascere il superuomo. Nietzsche, come si \u00e8 ricordato, \u00e8 un prussiano, figlio di un pastore luterano: nella sua terra Martin Lutero ha trovato, secoli prima, un principe pronto allo scisma, pur di rafforzare il suo potere, ai danni della Chiesa; sempre in Prussia, l&#8217;assolutismo del feroce Federico Guglielmo I ha ingrandito l&#8217;esercito prussiano, da 30 mila a 80 mila uomini, mentre suo figlio, Federico il Grande, ha condotto una aggressiva politica di guerre espansioniste e ha accolto alla sua corte Voltaire, a cui Nietzsche dedicher\u00e0 una delle sue opere, ammirandone la blasfemia la miscredenza.<\/p>\n<p style=\"text-align: justify;\">Qui, in Prussia, Adolf Hitler otterr\u00e0 una valanga di voti, oltre il 55%, &#8216; nelle decisive elezioni del 1933 (dove arriver\u00e0, in totale, al 43%). Ebbene, anche in Nietzsche, che da giovane aveva sperato d\u00ec sfondare nella carriera militare, arruolandosi come volontario nel 1867, vi \u00e8 l&#8217;elogio hegeliano di Cesare e, soprattutto, di Napoleone.<\/p>\n<p style=\"text-align: justify;\">Nei frammenti intitolati Volont\u00e0 di potenza, Nietzsche, al punto 34, scrive: \u00abManca la specie superiore, cio\u00e8 quella cui inesauribile fecondit\u00e0 e potenza tiene viva la fede dell&#8217;uomo (Si pensi quel che si deve a Napoleone: quasi tutte le speranze pi\u00f9 alte di questo secolo)\u00bb (G. Brianese, a cura di, <em>La Volont\u00e0 di potenza di Nietzsche e il problema<\/em> filosofico del superuomo, Paravia 1992, p. 63).<\/p>\n<p style=\"text-align: justify;\">Ne <em>La gaia<\/em> scienza, al punto 362, Nietzsche scrive: \u00abSi deve a Napoleone (e niente affatto alla Rivoluzione francese, che ha avuto di mira la fraternit\u00e0 tra i popoli, nonch\u00e9 universali, fioriti scambi di universali, fioriti scambi di sentimenti) il fatto che ora possono succedersi un paio di secoli bellicosi di cui non esiste l&#8217;uguale nella storia, insomma il nostro avvenuto ingresso nell&#8217;et\u00e0 classica della guerra, della guerra dotta e al tempo stesso polare nella pi\u00f9 vasta scala (di mezzi, di attitudini, di disciplina), verso la quale tutti i secoli venturi i volgeranno a guardare invidiosi e veneranti, quasi fosse un frammento di perfezione [&#8230;]. A costui dunque si potr\u00e0 attribuire un giorno il fatto che in Europa l&#8217;uomo \u00e8 divenuto ancora una volta signore del mercante e del filisteo; forse perfino della donna, che \u00e8 stata blandita dal cristianesimo, dallo spirito stravagante del secolo XVIII e ancor pi\u00f9 dalle idee moderne\u00bb.<\/p>\n<p style=\"text-align: justify;\">Per Nietzsche promotore non soltanto di una idea di superuomo mitica, ma anche di un superomismo politico, assai concreto, Napoleone \u00e8: \u00abl&#8217;evento supremo dell&#8217;ultimo millennio\u00bb; \u00abil primo e il pi\u00f9 eminente uomo dell&#8217;epoca moderna\u00bb; la storia del suo operato \u00e8 \u00abla storia della felicit\u00e0 suprema che questo secolo ha prodotto con i suoi pi\u00f9 valenti uomini e momenti\u00bb; \u00e8 \u00abuomo singolarissimo\u00bb, \u00abincarnazione dell&#8217;ideale aristocratico in s\u00e9\u00bb, \u00absintesi di disumano e superumano\u00bb.<\/p>\n<p style=\"text-align: justify;\">La personalit\u00e0 di Napoleone, scrive ancora Nietzsche in Umano troppo umano (\u00a7164), \u00abcrebbe certo proprio grazie alla sua fede in se stesso e nella sua stella e al disprezzo degli uomini da essa derivante, fino alla possente unit\u00e0 che lo innalza al di sopra di tutti gli uomini moderni\u00bb. Cos\u00ec il filosofo tedesco, che ha letto e apprezzato Dostoevskij, giunge a considerazioni opposte a quelle del romanziere russo, per il quale il male di Napoleone stava proprio l\u00e0 dove,-per Nietzsche, era il pregio: l&#8217;aver creduto a tal punto in se stesso, nella sua essenza di &#8220;Signore&#8221;, da trascinare l&#8217;Europa in 20 anni di guerra, scatenando dovunque il ricorso alla leva militare obbligatoria e quindi alla nascita degli immensi eserciti di massa contemporanei senza i quali non sarebbero comprensibili n\u00e9 il crescere veemente dei nazionalismi nell&#8217;et\u00e0 post napoleonica n\u00e9 le guerre mondiali).<\/p>\n<p style=\"text-align: justify;\"><strong>Infine il F\u00fchrer<\/strong><\/p>\n<p style=\"text-align: justify;\">Quanto a Hitler, si proclamer\u00e0 discepolo di Nietzsche (dell&#8217;influsso nietzscheano sul nazismo ho gi\u00e0 parlato in F. Agnoli, <em>Nietzsche e il nazismo: un<\/em> approdo <em>obbligato<\/em>, \u00abil Timone\u00bb, 153 [2016], pp. 44-46) e si considerer\u00e0 un novello Napoleone, capace per\u00f2, a differenza del generale corso, di unificare l&#8217;Europa e di sconfiggere la Russia. Ma ammirer\u00e0 ancor pi\u00f9 Federico il Grande, \u00abl&#8217;uomo pi\u00f9 eminente del XVIII secolo\u00bb, come scrive nei <em>Discorsi a tavola<\/em>.<\/p>\n<p style=\"text-align: justify;\">Singolare, per l&#8217;uomo di fede, un fatto: che Napoleone, che si comport\u00f2 come fosse dio, senza mai arrivare a teorizzarlo completamente, ebbe forse in dote la possibilit\u00e0 di sperimentare la sconfitta e la conversione.<\/p>\n<p style=\"text-align: justify;\">Pi\u00f9 difficile immaginare alcun mutamento interiore in Nietzsche, diventato folle e autore di alcuni tentati suicidi, e di Hitler, sconfitto e, nel contempo, suicida nel 1945<\/p>\n<p>___________________<\/p>\n<p><strong>Per saperne di pi\u00f9:<\/strong><\/p>\n<p><strong>Losurdo<\/strong> <em>Nietzsche, il ribelle aristocratico Biografia intellettuale e bilancio critico.<\/em> Bollati Boringhier\u00ec 2002.<\/p>\n<p><strong>W.L. Shi<\/strong><strong>rer<\/strong> <em>Storia del Terzo Reich<\/em> tr. it Einaudi 1974, vol. I, pp. 108-125<\/p>\n","protected":false},"excerpt":{"rendered":"<p>Il Timone n.160 Febbraio 2017 Le conferenze di Hegel e molti aforismi di Nietzsche hanno influito su Hitler. Cos\u00ec come l&#8217;epopea di Napoleone, sdoganatore di tutti i superuomini di Francesco Agnoli<\/p><p><a class=\"more-link btn\" href=\"https:\/\/www.rassegnastampa-totustuus.it\/cattolica\/superuomo-quel-filo-da-napoleone-a-hitler\/\">Continua a leggere<\/a><\/p>\n","protected":false},"author":6,"featured_media":37167,"comment_status":"closed","ping_status":"closed","sticky":false,"template":"","format":"standard","meta":{"footnotes":""},"categories":[57],"tags":[957,2562,2561],"class_list":["post-37166","post","type-post","status-publish","format-standard","has-post-thumbnail","hentry","category-filosofia","tag-napoleone","tag-nietzsche","tag-superomismo","item-wrap"],"yoast_head":"<!-- This site is optimized with the Yoast SEO plugin v27.5 - https:\/\/yoast.com\/product\/yoast-seo-wordpress\/ -->\n<title>Superuomo: quel filo da Napoleone a Hitler - Rassegna Stampa Cattolica<\/title>\n<meta name=\"description\" content=\"Rassegna Stampa Cattolica - Per una cultura che nasce dalla Rivelazione cristiana in conformit\u00e0 alla tradizione e al Magistero della Chiesa in opposizione ad ogni relativismo e totalitarismo\" \/>\n<meta name=\"robots\" content=\"index, follow, max-snippet:-1, max-image-preview:large, max-video-preview:-1\" \/>\n<link rel=\"canonical\" href=\"https:\/\/www.rassegnastampa-totustuus.it\/cattolica\/superuomo-quel-filo-da-napoleone-a-hitler\/\" \/>\n<meta property=\"og:locale\" content=\"it_IT\" \/>\n<meta property=\"og:type\" content=\"article\" \/>\n<meta property=\"og:title\" content=\"Superuomo: quel filo da Napoleone a Hitler - Rassegna Stampa Cattolica\" \/>\n<meta property=\"og:description\" content=\"Rassegna Stampa Cattolica - Per una cultura che nasce dalla Rivelazione cristiana in conformit\u00e0 alla tradizione e al Magistero della Chiesa in opposizione ad ogni relativismo e totalitarismo\" \/>\n<meta property=\"og:url\" content=\"https:\/\/www.rassegnastampa-totustuus.it\/cattolica\/superuomo-quel-filo-da-napoleone-a-hitler\/\" \/>\n<meta property=\"og:site_name\" content=\"Rassegna Stampa Cattolica\" \/>\n<meta property=\"article:publisher\" content=\"https:\/\/www.facebook.com\/rassegnastampacattolica\" \/>\n<meta property=\"article:published_time\" content=\"2017-02-08T23:00:48+00:00\" \/>\n<meta property=\"og:image\" content=\"https:\/\/www.rassegnastampa-totustuus.it\/cattolica\/wp-content\/uploads\/2017\/02\/Hitler_Napoleone.jpg\" \/>\n\t<meta property=\"og:image:width\" content=\"330\" \/>\n\t<meta property=\"og:image:height\" content=\"153\" \/>\n\t<meta property=\"og:image:type\" content=\"image\/jpeg\" \/>\n<meta name=\"author\" content=\"Redazione\" \/>\n<meta name=\"twitter:card\" content=\"summary_large_image\" \/>\n<meta name=\"twitter:creator\" content=\"@rassegnastampa9\" \/>\n<meta name=\"twitter:site\" content=\"@rassegnastampa9\" \/>\n<meta name=\"twitter:label1\" content=\"Scritto da\" \/>\n\t<meta name=\"twitter:data1\" content=\"Redazione\" \/>\n\t<meta name=\"twitter:label2\" content=\"Tempo di lettura stimato\" \/>\n\t<meta name=\"twitter:data2\" content=\"7 minuti\" \/>\n<script type=\"application\/ld+json\" class=\"yoast-schema-graph\">{\"@context\":\"https:\\\/\\\/schema.org\",\"@graph\":[{\"@type\":\"Article\",\"@id\":\"https:\\\/\\\/www.rassegnastampa-totustuus.it\\\/cattolica\\\/superuomo-quel-filo-da-napoleone-a-hitler\\\/#article\",\"isPartOf\":{\"@id\":\"https:\\\/\\\/www.rassegnastampa-totustuus.it\\\/cattolica\\\/superuomo-quel-filo-da-napoleone-a-hitler\\\/\"},\"author\":{\"name\":\"Redazione\",\"@id\":\"https:\\\/\\\/www.rassegnastampa-totustuus.it\\\/cattolica\\\/#\\\/schema\\\/person\\\/08f319d2bd1a0904ad9e2bfb7b15e5c3\"},\"headline\":\"Superuomo: quel filo da Napoleone a Hitler\",\"datePublished\":\"2017-02-08T23:00:48+00:00\",\"mainEntityOfPage\":{\"@id\":\"https:\\\/\\\/www.rassegnastampa-totustuus.it\\\/cattolica\\\/superuomo-quel-filo-da-napoleone-a-hitler\\\/\"},\"wordCount\":1473,\"publisher\":{\"@id\":\"https:\\\/\\\/www.rassegnastampa-totustuus.it\\\/cattolica\\\/#organization\"},\"image\":{\"@id\":\"https:\\\/\\\/www.rassegnastampa-totustuus.it\\\/cattolica\\\/superuomo-quel-filo-da-napoleone-a-hitler\\\/#primaryimage\"},\"thumbnailUrl\":\"https:\\\/\\\/www.rassegnastampa-totustuus.it\\\/cattolica\\\/wp-content\\\/uploads\\\/2017\\\/02\\\/Hitler_Napoleone.jpg\",\"keywords\":[\"Napoleone\",\"Nietzsche\",\"superomismo\"],\"articleSection\":[\"Filosofia\"],\"inLanguage\":\"it-IT\"},{\"@type\":\"WebPage\",\"@id\":\"https:\\\/\\\/www.rassegnastampa-totustuus.it\\\/cattolica\\\/superuomo-quel-filo-da-napoleone-a-hitler\\\/\",\"url\":\"https:\\\/\\\/www.rassegnastampa-totustuus.it\\\/cattolica\\\/superuomo-quel-filo-da-napoleone-a-hitler\\\/\",\"name\":\"Superuomo: quel filo da Napoleone a Hitler - Rassegna Stampa Cattolica\",\"isPartOf\":{\"@id\":\"https:\\\/\\\/www.rassegnastampa-totustuus.it\\\/cattolica\\\/#website\"},\"primaryImageOfPage\":{\"@id\":\"https:\\\/\\\/www.rassegnastampa-totustuus.it\\\/cattolica\\\/superuomo-quel-filo-da-napoleone-a-hitler\\\/#primaryimage\"},\"image\":{\"@id\":\"https:\\\/\\\/www.rassegnastampa-totustuus.it\\\/cattolica\\\/superuomo-quel-filo-da-napoleone-a-hitler\\\/#primaryimage\"},\"thumbnailUrl\":\"https:\\\/\\\/www.rassegnastampa-totustuus.it\\\/cattolica\\\/wp-content\\\/uploads\\\/2017\\\/02\\\/Hitler_Napoleone.jpg\",\"datePublished\":\"2017-02-08T23:00:48+00:00\",\"description\":\"Rassegna Stampa Cattolica - Per una cultura che nasce dalla Rivelazione cristiana in conformit\u00e0 alla tradizione e al Magistero della Chiesa in opposizione ad ogni relativismo e totalitarismo\",\"breadcrumb\":{\"@id\":\"https:\\\/\\\/www.rassegnastampa-totustuus.it\\\/cattolica\\\/superuomo-quel-filo-da-napoleone-a-hitler\\\/#breadcrumb\"},\"inLanguage\":\"it-IT\",\"potentialAction\":[{\"@type\":\"ReadAction\",\"target\":[\"https:\\\/\\\/www.rassegnastampa-totustuus.it\\\/cattolica\\\/superuomo-quel-filo-da-napoleone-a-hitler\\\/\"]}]},{\"@type\":\"ImageObject\",\"inLanguage\":\"it-IT\",\"@id\":\"https:\\\/\\\/www.rassegnastampa-totustuus.it\\\/cattolica\\\/superuomo-quel-filo-da-napoleone-a-hitler\\\/#primaryimage\",\"url\":\"https:\\\/\\\/www.rassegnastampa-totustuus.it\\\/cattolica\\\/wp-content\\\/uploads\\\/2017\\\/02\\\/Hitler_Napoleone.jpg\",\"contentUrl\":\"https:\\\/\\\/www.rassegnastampa-totustuus.it\\\/cattolica\\\/wp-content\\\/uploads\\\/2017\\\/02\\\/Hitler_Napoleone.jpg\",\"width\":330,\"height\":153},{\"@type\":\"BreadcrumbList\",\"@id\":\"https:\\\/\\\/www.rassegnastampa-totustuus.it\\\/cattolica\\\/superuomo-quel-filo-da-napoleone-a-hitler\\\/#breadcrumb\",\"itemListElement\":[{\"@type\":\"ListItem\",\"position\":1,\"name\":\"Home\",\"item\":\"https:\\\/\\\/www.rassegnastampa-totustuus.it\\\/cattolica\\\/\"},{\"@type\":\"ListItem\",\"position\":2,\"name\":\"Superuomo: quel filo da Napoleone a Hitler\"}]},{\"@type\":\"WebSite\",\"@id\":\"https:\\\/\\\/www.rassegnastampa-totustuus.it\\\/cattolica\\\/#website\",\"url\":\"https:\\\/\\\/www.rassegnastampa-totustuus.it\\\/cattolica\\\/\",\"name\":\"Rassegna Stampa Cattolica\",\"description\":\"Per una cultura che nasce dalla Rivelazione cristiana in conformit\u00e0 alla tradizione e al Magistero della Chiesa in opposizione ad ogni relativismo e totalitarismo\",\"publisher\":{\"@id\":\"https:\\\/\\\/www.rassegnastampa-totustuus.it\\\/cattolica\\\/#organization\"},\"alternateName\":\"Rass. Cattolica\",\"potentialAction\":[{\"@type\":\"SearchAction\",\"target\":{\"@type\":\"EntryPoint\",\"urlTemplate\":\"https:\\\/\\\/www.rassegnastampa-totustuus.it\\\/cattolica\\\/?s={search_term_string}\"},\"query-input\":{\"@type\":\"PropertyValueSpecification\",\"valueRequired\":true,\"valueName\":\"search_term_string\"}}],\"inLanguage\":\"it-IT\"},{\"@type\":\"Organization\",\"@id\":\"https:\\\/\\\/www.rassegnastampa-totustuus.it\\\/cattolica\\\/#organization\",\"name\":\"Rassegna Stampa Cattolica\",\"url\":\"https:\\\/\\\/www.rassegnastampa-totustuus.it\\\/cattolica\\\/\",\"logo\":{\"@type\":\"ImageObject\",\"inLanguage\":\"it-IT\",\"@id\":\"https:\\\/\\\/www.rassegnastampa-totustuus.it\\\/cattolica\\\/#\\\/schema\\\/logo\\\/image\\\/\",\"url\":\"https:\\\/\\\/www.rassegnastampa-totustuus.it\\\/cattolica\\\/wp-content\\\/uploads\\\/2014\\\/04\\\/logo-rassegna1.gif\",\"contentUrl\":\"https:\\\/\\\/www.rassegnastampa-totustuus.it\\\/cattolica\\\/wp-content\\\/uploads\\\/2014\\\/04\\\/logo-rassegna1.gif\",\"width\":600,\"height\":163,\"caption\":\"Rassegna Stampa Cattolica\"},\"image\":{\"@id\":\"https:\\\/\\\/www.rassegnastampa-totustuus.it\\\/cattolica\\\/#\\\/schema\\\/logo\\\/image\\\/\"},\"sameAs\":[\"https:\\\/\\\/www.facebook.com\\\/rassegnastampacattolica\",\"https:\\\/\\\/x.com\\\/rassegnastampa9\"]},{\"@type\":\"Person\",\"@id\":\"https:\\\/\\\/www.rassegnastampa-totustuus.it\\\/cattolica\\\/#\\\/schema\\\/person\\\/08f319d2bd1a0904ad9e2bfb7b15e5c3\",\"name\":\"Redazione\",\"image\":{\"@type\":\"ImageObject\",\"inLanguage\":\"it-IT\",\"@id\":\"https:\\\/\\\/secure.gravatar.com\\\/avatar\\\/2fcdf27c78ea025fbdb44e914cc63c72249ffec9dc8aafd5c82b26240ef3f346?s=96&d=mm&r=g\",\"url\":\"https:\\\/\\\/secure.gravatar.com\\\/avatar\\\/2fcdf27c78ea025fbdb44e914cc63c72249ffec9dc8aafd5c82b26240ef3f346?s=96&d=mm&r=g\",\"contentUrl\":\"https:\\\/\\\/secure.gravatar.com\\\/avatar\\\/2fcdf27c78ea025fbdb44e914cc63c72249ffec9dc8aafd5c82b26240ef3f346?s=96&d=mm&r=g\",\"caption\":\"Redazione\"},\"url\":\"https:\\\/\\\/www.rassegnastampa-totustuus.it\\\/cattolica\\\/author\\\/pietroelle\\\/\"}]}<\/script>\n<!-- \/ Yoast SEO plugin. -->","yoast_head_json":{"title":"Superuomo: quel filo da Napoleone a Hitler - Rassegna Stampa Cattolica","description":"Rassegna Stampa Cattolica - Per una cultura che nasce dalla Rivelazione cristiana in conformit\u00e0 alla tradizione e al Magistero della Chiesa in opposizione ad ogni relativismo e totalitarismo","robots":{"index":"index","follow":"follow","max-snippet":"max-snippet:-1","max-image-preview":"max-image-preview:large","max-video-preview":"max-video-preview:-1"},"canonical":"https:\/\/www.rassegnastampa-totustuus.it\/cattolica\/superuomo-quel-filo-da-napoleone-a-hitler\/","og_locale":"it_IT","og_type":"article","og_title":"Superuomo: quel filo da Napoleone a Hitler - Rassegna Stampa Cattolica","og_description":"Rassegna Stampa Cattolica - Per una cultura che nasce dalla Rivelazione cristiana in conformit\u00e0 alla tradizione e al Magistero della Chiesa in opposizione ad ogni relativismo e totalitarismo","og_url":"https:\/\/www.rassegnastampa-totustuus.it\/cattolica\/superuomo-quel-filo-da-napoleone-a-hitler\/","og_site_name":"Rassegna Stampa Cattolica","article_publisher":"https:\/\/www.facebook.com\/rassegnastampacattolica","article_published_time":"2017-02-08T23:00:48+00:00","og_image":[{"width":330,"height":153,"url":"https:\/\/www.rassegnastampa-totustuus.it\/cattolica\/wp-content\/uploads\/2017\/02\/Hitler_Napoleone.jpg","type":"image\/jpeg"}],"author":"Redazione","twitter_card":"summary_large_image","twitter_creator":"@rassegnastampa9","twitter_site":"@rassegnastampa9","twitter_misc":{"Scritto da":"Redazione","Tempo di lettura stimato":"7 minuti"},"schema":{"@context":"https:\/\/schema.org","@graph":[{"@type":"Article","@id":"https:\/\/www.rassegnastampa-totustuus.it\/cattolica\/superuomo-quel-filo-da-napoleone-a-hitler\/#article","isPartOf":{"@id":"https:\/\/www.rassegnastampa-totustuus.it\/cattolica\/superuomo-quel-filo-da-napoleone-a-hitler\/"},"author":{"name":"Redazione","@id":"https:\/\/www.rassegnastampa-totustuus.it\/cattolica\/#\/schema\/person\/08f319d2bd1a0904ad9e2bfb7b15e5c3"},"headline":"Superuomo: quel filo da Napoleone a Hitler","datePublished":"2017-02-08T23:00:48+00:00","mainEntityOfPage":{"@id":"https:\/\/www.rassegnastampa-totustuus.it\/cattolica\/superuomo-quel-filo-da-napoleone-a-hitler\/"},"wordCount":1473,"publisher":{"@id":"https:\/\/www.rassegnastampa-totustuus.it\/cattolica\/#organization"},"image":{"@id":"https:\/\/www.rassegnastampa-totustuus.it\/cattolica\/superuomo-quel-filo-da-napoleone-a-hitler\/#primaryimage"},"thumbnailUrl":"https:\/\/www.rassegnastampa-totustuus.it\/cattolica\/wp-content\/uploads\/2017\/02\/Hitler_Napoleone.jpg","keywords":["Napoleone","Nietzsche","superomismo"],"articleSection":["Filosofia"],"inLanguage":"it-IT"},{"@type":"WebPage","@id":"https:\/\/www.rassegnastampa-totustuus.it\/cattolica\/superuomo-quel-filo-da-napoleone-a-hitler\/","url":"https:\/\/www.rassegnastampa-totustuus.it\/cattolica\/superuomo-quel-filo-da-napoleone-a-hitler\/","name":"Superuomo: quel filo da Napoleone a Hitler - Rassegna Stampa Cattolica","isPartOf":{"@id":"https:\/\/www.rassegnastampa-totustuus.it\/cattolica\/#website"},"primaryImageOfPage":{"@id":"https:\/\/www.rassegnastampa-totustuus.it\/cattolica\/superuomo-quel-filo-da-napoleone-a-hitler\/#primaryimage"},"image":{"@id":"https:\/\/www.rassegnastampa-totustuus.it\/cattolica\/superuomo-quel-filo-da-napoleone-a-hitler\/#primaryimage"},"thumbnailUrl":"https:\/\/www.rassegnastampa-totustuus.it\/cattolica\/wp-content\/uploads\/2017\/02\/Hitler_Napoleone.jpg","datePublished":"2017-02-08T23:00:48+00:00","description":"Rassegna Stampa Cattolica - Per una cultura che nasce dalla Rivelazione cristiana in conformit\u00e0 alla tradizione e al Magistero della Chiesa in opposizione ad ogni relativismo e totalitarismo","breadcrumb":{"@id":"https:\/\/www.rassegnastampa-totustuus.it\/cattolica\/superuomo-quel-filo-da-napoleone-a-hitler\/#breadcrumb"},"inLanguage":"it-IT","potentialAction":[{"@type":"ReadAction","target":["https:\/\/www.rassegnastampa-totustuus.it\/cattolica\/superuomo-quel-filo-da-napoleone-a-hitler\/"]}]},{"@type":"ImageObject","inLanguage":"it-IT","@id":"https:\/\/www.rassegnastampa-totustuus.it\/cattolica\/superuomo-quel-filo-da-napoleone-a-hitler\/#primaryimage","url":"https:\/\/www.rassegnastampa-totustuus.it\/cattolica\/wp-content\/uploads\/2017\/02\/Hitler_Napoleone.jpg","contentUrl":"https:\/\/www.rassegnastampa-totustuus.it\/cattolica\/wp-content\/uploads\/2017\/02\/Hitler_Napoleone.jpg","width":330,"height":153},{"@type":"BreadcrumbList","@id":"https:\/\/www.rassegnastampa-totustuus.it\/cattolica\/superuomo-quel-filo-da-napoleone-a-hitler\/#breadcrumb","itemListElement":[{"@type":"ListItem","position":1,"name":"Home","item":"https:\/\/www.rassegnastampa-totustuus.it\/cattolica\/"},{"@type":"ListItem","position":2,"name":"Superuomo: quel filo da Napoleone a Hitler"}]},{"@type":"WebSite","@id":"https:\/\/www.rassegnastampa-totustuus.it\/cattolica\/#website","url":"https:\/\/www.rassegnastampa-totustuus.it\/cattolica\/","name":"Rassegna Stampa Cattolica","description":"Per una cultura che nasce dalla Rivelazione cristiana in conformit\u00e0 alla tradizione e al Magistero della Chiesa in opposizione ad ogni relativismo e totalitarismo","publisher":{"@id":"https:\/\/www.rassegnastampa-totustuus.it\/cattolica\/#organization"},"alternateName":"Rass. Cattolica","potentialAction":[{"@type":"SearchAction","target":{"@type":"EntryPoint","urlTemplate":"https:\/\/www.rassegnastampa-totustuus.it\/cattolica\/?s={search_term_string}"},"query-input":{"@type":"PropertyValueSpecification","valueRequired":true,"valueName":"search_term_string"}}],"inLanguage":"it-IT"},{"@type":"Organization","@id":"https:\/\/www.rassegnastampa-totustuus.it\/cattolica\/#organization","name":"Rassegna Stampa Cattolica","url":"https:\/\/www.rassegnastampa-totustuus.it\/cattolica\/","logo":{"@type":"ImageObject","inLanguage":"it-IT","@id":"https:\/\/www.rassegnastampa-totustuus.it\/cattolica\/#\/schema\/logo\/image\/","url":"https:\/\/www.rassegnastampa-totustuus.it\/cattolica\/wp-content\/uploads\/2014\/04\/logo-rassegna1.gif","contentUrl":"https:\/\/www.rassegnastampa-totustuus.it\/cattolica\/wp-content\/uploads\/2014\/04\/logo-rassegna1.gif","width":600,"height":163,"caption":"Rassegna Stampa Cattolica"},"image":{"@id":"https:\/\/www.rassegnastampa-totustuus.it\/cattolica\/#\/schema\/logo\/image\/"},"sameAs":["https:\/\/www.facebook.com\/rassegnastampacattolica","https:\/\/x.com\/rassegnastampa9"]},{"@type":"Person","@id":"https:\/\/www.rassegnastampa-totustuus.it\/cattolica\/#\/schema\/person\/08f319d2bd1a0904ad9e2bfb7b15e5c3","name":"Redazione","image":{"@type":"ImageObject","inLanguage":"it-IT","@id":"https:\/\/secure.gravatar.com\/avatar\/2fcdf27c78ea025fbdb44e914cc63c72249ffec9dc8aafd5c82b26240ef3f346?s=96&d=mm&r=g","url":"https:\/\/secure.gravatar.com\/avatar\/2fcdf27c78ea025fbdb44e914cc63c72249ffec9dc8aafd5c82b26240ef3f346?s=96&d=mm&r=g","contentUrl":"https:\/\/secure.gravatar.com\/avatar\/2fcdf27c78ea025fbdb44e914cc63c72249ffec9dc8aafd5c82b26240ef3f346?s=96&d=mm&r=g","caption":"Redazione"},"url":"https:\/\/www.rassegnastampa-totustuus.it\/cattolica\/author\/pietroelle\/"}]}},"_links":{"self":[{"href":"https:\/\/www.rassegnastampa-totustuus.it\/cattolica\/wp-json\/wp\/v2\/posts\/37166","targetHints":{"allow":["GET"]}}],"collection":[{"href":"https:\/\/www.rassegnastampa-totustuus.it\/cattolica\/wp-json\/wp\/v2\/posts"}],"about":[{"href":"https:\/\/www.rassegnastampa-totustuus.it\/cattolica\/wp-json\/wp\/v2\/types\/post"}],"author":[{"embeddable":true,"href":"https:\/\/www.rassegnastampa-totustuus.it\/cattolica\/wp-json\/wp\/v2\/users\/6"}],"replies":[{"embeddable":true,"href":"https:\/\/www.rassegnastampa-totustuus.it\/cattolica\/wp-json\/wp\/v2\/comments?post=37166"}],"version-history":[{"count":1,"href":"https:\/\/www.rassegnastampa-totustuus.it\/cattolica\/wp-json\/wp\/v2\/posts\/37166\/revisions"}],"predecessor-version":[{"id":37168,"href":"https:\/\/www.rassegnastampa-totustuus.it\/cattolica\/wp-json\/wp\/v2\/posts\/37166\/revisions\/37168"}],"wp:featuredmedia":[{"embeddable":true,"href":"https:\/\/www.rassegnastampa-totustuus.it\/cattolica\/wp-json\/wp\/v2\/media\/37167"}],"wp:attachment":[{"href":"https:\/\/www.rassegnastampa-totustuus.it\/cattolica\/wp-json\/wp\/v2\/media?parent=37166"}],"wp:term":[{"taxonomy":"category","embeddable":true,"href":"https:\/\/www.rassegnastampa-totustuus.it\/cattolica\/wp-json\/wp\/v2\/categories?post=37166"},{"taxonomy":"post_tag","embeddable":true,"href":"https:\/\/www.rassegnastampa-totustuus.it\/cattolica\/wp-json\/wp\/v2\/tags?post=37166"}],"curies":[{"name":"wp","href":"https:\/\/api.w.org\/{rel}","templated":true}]}}