{"id":37072,"date":"2017-02-02T00:00:42","date_gmt":"2017-02-01T23:00:42","guid":{"rendered":"http:\/\/www.rassegnastampa-totustuus.it\/cattolica\/?p=37072"},"modified":"2017-01-26T10:34:59","modified_gmt":"2017-01-26T09:34:59","slug":"ocariz-e-stato-nominato-nuovo-prelato-dellopus-dei","status":"publish","type":"post","link":"https:\/\/www.rassegnastampa-totustuus.it\/cattolica\/ocariz-e-stato-nominato-nuovo-prelato-dellopus-dei\/","title":{"rendered":"Oc\u00e1riz \u00e8 stato nominato nuovo prelato dell\u2019Opus Dei"},"content":{"rendered":"<p style=\"text-align: center;\"><strong><img loading=\"lazy\" decoding=\"async\" class=\"alignleft wp-image-37073\" src=\"https:\/\/www.rassegnastampa-totustuus.it\/cattolica\/wp-content\/uploads\/2017\/01\/Fernando-Oc\u00e1riz.jpg\" alt=\"Fernando Oc\u00e1riz\" width=\"133\" height=\"200\" \/>La Croce <\/strong>quotidiano 25 gennaio 2017<\/p>\n<p style=\"text-align: justify;\"><strong>\u00a0<\/strong><em>Mons. Fernando Oc\u00e1riz, spagnolo nato a Parigi nel 1944, ha studiato fisico e poi teologia, vivendo a Roma e frequentando San Josemar\u00eda Escriv\u00e1. \u00c8 stato consultore della Congregazione per la Dottrina della Fede e docente-fondatore della PUSC<\/em><\/p>\n<p style=\"text-align: center;\">di <strong>Giuseppe Brienza<\/strong><\/p>\n<p style=\"text-align: center;\"><!--more--><\/p>\n<p style=\"text-align: justify;\">Dopo la morte improvvisa, avvenuta il 12 dicembre 2016, di mons. Javier Echevarr\u00eda, che \u00e8 stato prelato dell\u2019Opus Dei dal 1994 al 2016, al primo giorno di convocazione i \u201cgrandi elettori\u201d dell\u2019Opera hanno gi\u00e0 designato la loro nuova guida. Nella tarda serata di luned\u00ec, infatti, Papa Francesco ha potuto nominare nuovo prelato dell&#8217;Opus Dei mons. Fernando Oc\u00e1riz, finora Ausiliario e Vicario generale della Prelatura, confermando l&#8217;elezione avvenuta nello stesso giorno da parte del Congresso generale elettivo. Il Santo Padre ha confermato senza indugio l&#8217;elezione avvenuta durante il terzo Congresso elettorale della prelatura, nello stesso giorno del 23 gennaio.<\/p>\n<p style=\"text-align: justify;\">Al momento della morte del suo predecessore Mons. Javier Echevarr\u00eda, Oc\u00e1riz che gli aveva anche amministrato gli ultimi sacramenti, ha dichiarato: \u00abIl dolore per la perdita di un padre si unisce al ringraziamento per l\u2019affetto e il buon esempio che ci ha dato in questi 22 anni come prelato\u00bb.<\/p>\n<p style=\"text-align: justify;\">Mons. Oc\u00e1riz proviene da una famiglia numerosa spagnola, nato per\u00f2 a Parigi il 27 ottobre 1944 poich\u00e9 i suoi genitori erano stati l\u00ec esiliati a causa della persecuzione della Chiesa in Spagna e della conseguente Guerra civile (1936-1939). Ultimo di 8 figli, una volta ritornato in patria Oc\u00e1riz si laurea in Fisica presso l&#8217;Universit\u00e0 di Barcellona nel 1966, conseguendo alcuni anni dopo la licenza in Teologia presso la Pontificia Universit\u00e0 Lateranense nel 1969. Negli anni \u201860, mentre studia teologia, vive a Roma per diverso tempo con san Josemar\u00eda Escriv\u00e1.<\/p>\n<p style=\"text-align: justify;\">Nel 1971, anno della sua ordinazione sacerdotale, ottiene il dottorato in teologia nell&#8217;Universit\u00e0 di Navarra (Spagna). Nei suoi primi anni di servizio sacerdotale si dedica specialmente alla pastorale dei giovani e degli universitari. Membro della Pontificia Accademia Teologica dal 1989, \u00e8 stato consultore nella Congregazione per la Dottrina della Fede dal 1986, nonch\u00e9 di altri importanti dicasteri della Curia Romana quali la Congregazione per il Clero (dal 2003) e il Pontificio Consiglio per la Promozione della Nuova Evangelizzazione (dal 2011). Negli anni \u201980 \u00e8 stato uno dei principali docenti che hanno dato vita a Roma alla Pontificia Universit\u00e0 della Santa Croce (PUSC), nella quale Mons. Oc\u00e1riz \u00e8 stato Ordinario di Teologia Fondamentale e dove ora \u00e8 professore emerito.<\/p>\n<p style=\"text-align: justify;\">Tra le sue pubblicazioni si segnalano testi internazionali di cristologia come \u201cThe mystery of Jesus Christ: a Christology and Soteriology textbook\u201d e \u201cHijos de Dios en Cristo. Introducci\u00f3n a una teolog\u00eda de la participaci\u00f3n sobrenatural\u201d, oppure saggi di natura teologico-filosofica ispirati al pensiero di Tommaso d&#8217;Aquino come \u201cAmar con obras: a Dios y a los hombres\u201d. Nel 2003 ha pubblicato un importante volume, tradotto in italiano con il titolo \u201cNatura, grazia e gloria\u201d che, arricchito da una prefazione dell\u2019allora cardinale Joseph Ratzinger, affronta il problema della Trinit\u00e0 con singolare profondit\u00e0 e con una peculiare attenzione per l&#8217;orizzonte metafisico (Ed. Universit\u00e0 della Santa Croce, Roma 2003, pp. 352).<\/p>\n<p style=\"text-align: justify;\">Tra le opere di carattere specificamente filosofico ci sono due studi di notevole rilievo anche politico-sociale quali \u201cIl marxismo: teoria e pratica di una rivoluzione\u201d e \u201cVoltaire: Tratado sobre la tolerancia\u201d. Tra le sue principali opere pubblicate in Italia, si possono citare soprattutto quelle recentemente edite dalle Edizioni Ares di Milano: \u201cLa Chiesa, mondo riconciliato\u201d (con Rafael Serrano) e \u201cCarit\u00e0 senza Dio? Il cammino cristiano dell&#8217;Amore\u201d (Milano 2016, pp. 120). Mons. Oc\u00e1riz \u00e8 infine co-autore di numerose monografie e autore di molti articoli e saggi di contenuto teologico e filosofico.<\/p>\n<p style=\"text-align: justify;\">Il sacerdote franco-spagnolo, nominato vicario generale della Prelatura dell&#8217;Opus Dei nell\u2019aprile 1994 e vicario ausiliare nel dicembre 2014, raccoglie dal 23 gennaio la grande eredit\u00e0 del vescovo spagnolo Echevarr\u00eda, che dai primi anni Cinquanta \u00e8 stato, assieme al Beato \u00c1lvaro del Portillo (1914-1994), il pi\u00f9 stretto collaboratore di san Josemar\u00eda Escriv\u00e0 (1902-1975). Mons. Echevarr\u00eda ha guidato per ben ventidue anni l\u2019Opus Dei, di cui dal 1975 era stato Segretario generale per poi divenire nel 1982, con l\u2019erezione della Prelatura personale, Vicario generale. Con tutta probabilit\u00e0 Mons. Oc\u00e1riz continuer\u00e0 nelle priorit\u00e0 perseguite dal suo predecessore, ovvero l\u2019evangelizzazione della famiglia, della giovent\u00f9 e della cultura. Durante gli ultimi 22 anni Mons. Oc\u00e1riz ha accompagnato il precedente prelato, mons. Javier Echevarr\u00eda, nelle visite pastorali in pi\u00f9 di 70 nazioni.<\/p>\n<p style=\"text-align: justify;\">\u00abLa relazione della Chiesa con il mondo pu\u00f2 essere riassunta nella celebre affermazione di sant\u2019Agostino: \u201cMundus reconciliatus, Ecclesia\u201d; la Chiesa, nella sua dimensione di Popolo di Dio, \u00e8 il mondo stesso in quanto riconciliato con Dio e, pertanto, si rapporta al mondo come forza, come sacramento, mediante il quale Cristo continua nella storia la sua missione di salvezza, vincendo la resistenza che il mondo stesso contrappone alla propria riconciliazione con Dio\u00bb.<\/p>\n<p style=\"text-align: justify;\">Con questa citazione, che leggiamo a p.69 del libro-intervista \u201cLa Chiesa, mondo riconciliato\u201d, possiamo sintetizzare l\u2019orizzonte entro cui il nuovo Prelato dell\u2019Opus Dei analizza la situazione della Chiesa nella contemporaneit\u00e0, con particolare riguardo al ruolo dei laici cristiani. In risposta agli incalzanti problemi teologici e morali del mondo moderno, a Mons. Oc\u00e1riz spetta riproporre, soprattutto a quella \u201cpiccola frazione della Chiesa\u201d che \u00e8 l\u2019Opus Dei, il messaggio del fondatore che \u00e8 perfettamente conforme a quello del Concilio Vaticano II. Una sfida rinnovata, quindi, a tutti i fedeli dell\u2019Opera e alle persone che ne vivono la spiritualit\u00e0, per vivere con seriet\u00e0 e serenit\u00e0 la non facile realt\u00e0 nella quale siamo chiamati a vivere, perseguendo a livello individuale e collettivo il cammino della santificazione del lavoro e della riscoperta della felicit\u00e0 e responsabilit\u00e0 di essere cristiani.<\/p>\n<p style=\"text-align: justify;\">Secondo i dati ufficiali presenti sul sito <a href=\"http:\/\/www.opusdei.org\" target=\"_blank\">www.opusdei.org<\/a>, i membri che attualmente fanno parte dell\u2019Opera fondata da mons. Escriv\u00e0 a Madrid il 2 ottobre 1928, sono circa 91.000, in costante e progressivo aumento, la stragrande maggioranza dei quali laici, cio\u00e8 uomini e donne impegnati nelle pi\u00f9 varie attivit\u00e0 professionali e temporali (2.080 sono i sacerdoti appartenenti alla Prelatura dell\u2019Opus Dei). Nei prossimi giorni il nuovo prelato proporr\u00e0 ai congressisti i nomi dei suoi vicari e dei membri dei nuovi consigli che lo assisteranno durante i prossimi 8 anni.<\/p>\n","protected":false},"excerpt":{"rendered":"<p>La Croce quotidiano 25 gennaio 2017 \u00a0Mons. Fernando Oc\u00e1riz, spagnolo nato a Parigi nel 1944, ha studiato fisico e poi teologia, vivendo a Roma e frequentando San Josemar\u00eda Escriv\u00e1. \u00c8 stato consultore della Congregazione per la Dottrina della Fede e docente-fondatore della PUSC di Giuseppe Brienza<\/p><p><a class=\"more-link btn\" href=\"https:\/\/www.rassegnastampa-totustuus.it\/cattolica\/ocariz-e-stato-nominato-nuovo-prelato-dellopus-dei\/\">Continua a leggere<\/a><\/p>\n","protected":false},"author":6,"featured_media":37073,"comment_status":"closed","ping_status":"closed","sticky":false,"template":"","format":"standard","meta":{"footnotes":""},"categories":[5,18],"tags":[2553,202],"class_list":["post-37072","post","type-post","status-publish","format-standard","has-post-thumbnail","hentry","category-chiesa","category-personaggi","tag-mons-fernando-ocariz","tag-opus-dei","item-wrap"],"yoast_head":"<!-- This site is optimized with the Yoast SEO plugin v27.5 - https:\/\/yoast.com\/product\/yoast-seo-wordpress\/ -->\n<title>Oc\u00e1riz \u00e8 stato nominato nuovo prelato dell\u2019Opus Dei - Rassegna Stampa Cattolica<\/title>\n<meta name=\"description\" content=\"Rassegna Stampa Cattolica - Per una cultura che nasce dalla Rivelazione cristiana in conformit\u00e0 alla tradizione e al Magistero della Chiesa in opposizione ad ogni relativismo e totalitarismo\" \/>\n<meta name=\"robots\" content=\"index, follow, max-snippet:-1, max-image-preview:large, max-video-preview:-1\" \/>\n<link rel=\"canonical\" href=\"https:\/\/www.rassegnastampa-totustuus.it\/cattolica\/ocariz-e-stato-nominato-nuovo-prelato-dellopus-dei\/\" \/>\n<meta property=\"og:locale\" content=\"it_IT\" \/>\n<meta property=\"og:type\" content=\"article\" \/>\n<meta property=\"og:title\" content=\"Oc\u00e1riz \u00e8 stato nominato nuovo prelato dell\u2019Opus Dei - Rassegna Stampa Cattolica\" \/>\n<meta property=\"og:description\" content=\"Rassegna Stampa Cattolica - Per una cultura che nasce dalla Rivelazione cristiana in conformit\u00e0 alla tradizione e al Magistero della Chiesa in opposizione ad ogni relativismo e totalitarismo\" \/>\n<meta property=\"og:url\" content=\"https:\/\/www.rassegnastampa-totustuus.it\/cattolica\/ocariz-e-stato-nominato-nuovo-prelato-dellopus-dei\/\" \/>\n<meta property=\"og:site_name\" content=\"Rassegna Stampa Cattolica\" \/>\n<meta property=\"article:publisher\" content=\"https:\/\/www.facebook.com\/rassegnastampacattolica\" \/>\n<meta property=\"article:published_time\" content=\"2017-02-01T23:00:42+00:00\" \/>\n<meta property=\"og:image\" content=\"https:\/\/www.rassegnastampa-totustuus.it\/cattolica\/wp-content\/uploads\/2017\/01\/Fernando-Oc\u00e1riz.jpg\" \/>\n\t<meta property=\"og:image:width\" content=\"183\" \/>\n\t<meta property=\"og:image:height\" content=\"275\" \/>\n\t<meta property=\"og:image:type\" content=\"image\/jpeg\" \/>\n<meta name=\"author\" content=\"Redazione\" \/>\n<meta name=\"twitter:card\" content=\"summary_large_image\" \/>\n<meta name=\"twitter:creator\" content=\"@rassegnastampa9\" \/>\n<meta name=\"twitter:site\" content=\"@rassegnastampa9\" \/>\n<meta name=\"twitter:label1\" content=\"Scritto da\" \/>\n\t<meta name=\"twitter:data1\" content=\"Redazione\" \/>\n\t<meta name=\"twitter:label2\" content=\"Tempo di lettura stimato\" \/>\n\t<meta name=\"twitter:data2\" content=\"5 minuti\" \/>\n<script type=\"application\/ld+json\" class=\"yoast-schema-graph\">{\"@context\":\"https:\\\/\\\/schema.org\",\"@graph\":[{\"@type\":\"Article\",\"@id\":\"https:\\\/\\\/www.rassegnastampa-totustuus.it\\\/cattolica\\\/ocariz-e-stato-nominato-nuovo-prelato-dellopus-dei\\\/#article\",\"isPartOf\":{\"@id\":\"https:\\\/\\\/www.rassegnastampa-totustuus.it\\\/cattolica\\\/ocariz-e-stato-nominato-nuovo-prelato-dellopus-dei\\\/\"},\"author\":{\"name\":\"Redazione\",\"@id\":\"https:\\\/\\\/www.rassegnastampa-totustuus.it\\\/cattolica\\\/#\\\/schema\\\/person\\\/08f319d2bd1a0904ad9e2bfb7b15e5c3\"},\"headline\":\"Oc\u00e1riz \u00e8 stato nominato nuovo prelato dell\u2019Opus Dei\",\"datePublished\":\"2017-02-01T23:00:42+00:00\",\"mainEntityOfPage\":{\"@id\":\"https:\\\/\\\/www.rassegnastampa-totustuus.it\\\/cattolica\\\/ocariz-e-stato-nominato-nuovo-prelato-dellopus-dei\\\/\"},\"wordCount\":1023,\"publisher\":{\"@id\":\"https:\\\/\\\/www.rassegnastampa-totustuus.it\\\/cattolica\\\/#organization\"},\"image\":{\"@id\":\"https:\\\/\\\/www.rassegnastampa-totustuus.it\\\/cattolica\\\/ocariz-e-stato-nominato-nuovo-prelato-dellopus-dei\\\/#primaryimage\"},\"thumbnailUrl\":\"https:\\\/\\\/www.rassegnastampa-totustuus.it\\\/cattolica\\\/wp-content\\\/uploads\\\/2017\\\/01\\\/Fernando-Oc\u00e1riz.jpg\",\"keywords\":[\"Mons. Fernando Oc\u00e1riz\",\"Opus dei\"],\"articleSection\":[\"Chiesa\",\"Personaggi\"],\"inLanguage\":\"it-IT\"},{\"@type\":\"WebPage\",\"@id\":\"https:\\\/\\\/www.rassegnastampa-totustuus.it\\\/cattolica\\\/ocariz-e-stato-nominato-nuovo-prelato-dellopus-dei\\\/\",\"url\":\"https:\\\/\\\/www.rassegnastampa-totustuus.it\\\/cattolica\\\/ocariz-e-stato-nominato-nuovo-prelato-dellopus-dei\\\/\",\"name\":\"Oc\u00e1riz \u00e8 stato nominato nuovo prelato dell\u2019Opus Dei - Rassegna Stampa Cattolica\",\"isPartOf\":{\"@id\":\"https:\\\/\\\/www.rassegnastampa-totustuus.it\\\/cattolica\\\/#website\"},\"primaryImageOfPage\":{\"@id\":\"https:\\\/\\\/www.rassegnastampa-totustuus.it\\\/cattolica\\\/ocariz-e-stato-nominato-nuovo-prelato-dellopus-dei\\\/#primaryimage\"},\"image\":{\"@id\":\"https:\\\/\\\/www.rassegnastampa-totustuus.it\\\/cattolica\\\/ocariz-e-stato-nominato-nuovo-prelato-dellopus-dei\\\/#primaryimage\"},\"thumbnailUrl\":\"https:\\\/\\\/www.rassegnastampa-totustuus.it\\\/cattolica\\\/wp-content\\\/uploads\\\/2017\\\/01\\\/Fernando-Oc\u00e1riz.jpg\",\"datePublished\":\"2017-02-01T23:00:42+00:00\",\"description\":\"Rassegna Stampa Cattolica - Per una cultura che nasce dalla Rivelazione cristiana in conformit\u00e0 alla tradizione e al Magistero della Chiesa in opposizione ad ogni relativismo e totalitarismo\",\"breadcrumb\":{\"@id\":\"https:\\\/\\\/www.rassegnastampa-totustuus.it\\\/cattolica\\\/ocariz-e-stato-nominato-nuovo-prelato-dellopus-dei\\\/#breadcrumb\"},\"inLanguage\":\"it-IT\",\"potentialAction\":[{\"@type\":\"ReadAction\",\"target\":[\"https:\\\/\\\/www.rassegnastampa-totustuus.it\\\/cattolica\\\/ocariz-e-stato-nominato-nuovo-prelato-dellopus-dei\\\/\"]}]},{\"@type\":\"ImageObject\",\"inLanguage\":\"it-IT\",\"@id\":\"https:\\\/\\\/www.rassegnastampa-totustuus.it\\\/cattolica\\\/ocariz-e-stato-nominato-nuovo-prelato-dellopus-dei\\\/#primaryimage\",\"url\":\"https:\\\/\\\/www.rassegnastampa-totustuus.it\\\/cattolica\\\/wp-content\\\/uploads\\\/2017\\\/01\\\/Fernando-Oc\u00e1riz.jpg\",\"contentUrl\":\"https:\\\/\\\/www.rassegnastampa-totustuus.it\\\/cattolica\\\/wp-content\\\/uploads\\\/2017\\\/01\\\/Fernando-Oc\u00e1riz.jpg\",\"width\":183,\"height\":275},{\"@type\":\"BreadcrumbList\",\"@id\":\"https:\\\/\\\/www.rassegnastampa-totustuus.it\\\/cattolica\\\/ocariz-e-stato-nominato-nuovo-prelato-dellopus-dei\\\/#breadcrumb\",\"itemListElement\":[{\"@type\":\"ListItem\",\"position\":1,\"name\":\"Home\",\"item\":\"https:\\\/\\\/www.rassegnastampa-totustuus.it\\\/cattolica\\\/\"},{\"@type\":\"ListItem\",\"position\":2,\"name\":\"Oc\u00e1riz \u00e8 stato nominato nuovo prelato dell\u2019Opus Dei\"}]},{\"@type\":\"WebSite\",\"@id\":\"https:\\\/\\\/www.rassegnastampa-totustuus.it\\\/cattolica\\\/#website\",\"url\":\"https:\\\/\\\/www.rassegnastampa-totustuus.it\\\/cattolica\\\/\",\"name\":\"Rassegna Stampa Cattolica\",\"description\":\"Per una cultura che nasce dalla Rivelazione cristiana in conformit\u00e0 alla tradizione e al Magistero della Chiesa in opposizione ad ogni relativismo e totalitarismo\",\"publisher\":{\"@id\":\"https:\\\/\\\/www.rassegnastampa-totustuus.it\\\/cattolica\\\/#organization\"},\"alternateName\":\"Rass. Cattolica\",\"potentialAction\":[{\"@type\":\"SearchAction\",\"target\":{\"@type\":\"EntryPoint\",\"urlTemplate\":\"https:\\\/\\\/www.rassegnastampa-totustuus.it\\\/cattolica\\\/?s={search_term_string}\"},\"query-input\":{\"@type\":\"PropertyValueSpecification\",\"valueRequired\":true,\"valueName\":\"search_term_string\"}}],\"inLanguage\":\"it-IT\"},{\"@type\":\"Organization\",\"@id\":\"https:\\\/\\\/www.rassegnastampa-totustuus.it\\\/cattolica\\\/#organization\",\"name\":\"Rassegna Stampa Cattolica\",\"url\":\"https:\\\/\\\/www.rassegnastampa-totustuus.it\\\/cattolica\\\/\",\"logo\":{\"@type\":\"ImageObject\",\"inLanguage\":\"it-IT\",\"@id\":\"https:\\\/\\\/www.rassegnastampa-totustuus.it\\\/cattolica\\\/#\\\/schema\\\/logo\\\/image\\\/\",\"url\":\"https:\\\/\\\/www.rassegnastampa-totustuus.it\\\/cattolica\\\/wp-content\\\/uploads\\\/2014\\\/04\\\/logo-rassegna1.gif\",\"contentUrl\":\"https:\\\/\\\/www.rassegnastampa-totustuus.it\\\/cattolica\\\/wp-content\\\/uploads\\\/2014\\\/04\\\/logo-rassegna1.gif\",\"width\":600,\"height\":163,\"caption\":\"Rassegna Stampa Cattolica\"},\"image\":{\"@id\":\"https:\\\/\\\/www.rassegnastampa-totustuus.it\\\/cattolica\\\/#\\\/schema\\\/logo\\\/image\\\/\"},\"sameAs\":[\"https:\\\/\\\/www.facebook.com\\\/rassegnastampacattolica\",\"https:\\\/\\\/x.com\\\/rassegnastampa9\"]},{\"@type\":\"Person\",\"@id\":\"https:\\\/\\\/www.rassegnastampa-totustuus.it\\\/cattolica\\\/#\\\/schema\\\/person\\\/08f319d2bd1a0904ad9e2bfb7b15e5c3\",\"name\":\"Redazione\",\"image\":{\"@type\":\"ImageObject\",\"inLanguage\":\"it-IT\",\"@id\":\"https:\\\/\\\/secure.gravatar.com\\\/avatar\\\/2fcdf27c78ea025fbdb44e914cc63c72249ffec9dc8aafd5c82b26240ef3f346?s=96&d=mm&r=g\",\"url\":\"https:\\\/\\\/secure.gravatar.com\\\/avatar\\\/2fcdf27c78ea025fbdb44e914cc63c72249ffec9dc8aafd5c82b26240ef3f346?s=96&d=mm&r=g\",\"contentUrl\":\"https:\\\/\\\/secure.gravatar.com\\\/avatar\\\/2fcdf27c78ea025fbdb44e914cc63c72249ffec9dc8aafd5c82b26240ef3f346?s=96&d=mm&r=g\",\"caption\":\"Redazione\"},\"url\":\"https:\\\/\\\/www.rassegnastampa-totustuus.it\\\/cattolica\\\/author\\\/pietroelle\\\/\"}]}<\/script>\n<!-- \/ Yoast SEO plugin. -->","yoast_head_json":{"title":"Oc\u00e1riz \u00e8 stato nominato nuovo prelato dell\u2019Opus Dei - Rassegna Stampa Cattolica","description":"Rassegna Stampa Cattolica - Per una cultura che nasce dalla Rivelazione cristiana in conformit\u00e0 alla tradizione e al Magistero della Chiesa in opposizione ad ogni relativismo e totalitarismo","robots":{"index":"index","follow":"follow","max-snippet":"max-snippet:-1","max-image-preview":"max-image-preview:large","max-video-preview":"max-video-preview:-1"},"canonical":"https:\/\/www.rassegnastampa-totustuus.it\/cattolica\/ocariz-e-stato-nominato-nuovo-prelato-dellopus-dei\/","og_locale":"it_IT","og_type":"article","og_title":"Oc\u00e1riz \u00e8 stato nominato nuovo prelato dell\u2019Opus Dei - Rassegna Stampa Cattolica","og_description":"Rassegna Stampa Cattolica - Per una cultura che nasce dalla Rivelazione cristiana in conformit\u00e0 alla tradizione e al Magistero della Chiesa in opposizione ad ogni relativismo e totalitarismo","og_url":"https:\/\/www.rassegnastampa-totustuus.it\/cattolica\/ocariz-e-stato-nominato-nuovo-prelato-dellopus-dei\/","og_site_name":"Rassegna Stampa Cattolica","article_publisher":"https:\/\/www.facebook.com\/rassegnastampacattolica","article_published_time":"2017-02-01T23:00:42+00:00","og_image":[{"width":183,"height":275,"url":"https:\/\/www.rassegnastampa-totustuus.it\/cattolica\/wp-content\/uploads\/2017\/01\/Fernando-Oc\u00e1riz.jpg","type":"image\/jpeg"}],"author":"Redazione","twitter_card":"summary_large_image","twitter_creator":"@rassegnastampa9","twitter_site":"@rassegnastampa9","twitter_misc":{"Scritto da":"Redazione","Tempo di lettura stimato":"5 minuti"},"schema":{"@context":"https:\/\/schema.org","@graph":[{"@type":"Article","@id":"https:\/\/www.rassegnastampa-totustuus.it\/cattolica\/ocariz-e-stato-nominato-nuovo-prelato-dellopus-dei\/#article","isPartOf":{"@id":"https:\/\/www.rassegnastampa-totustuus.it\/cattolica\/ocariz-e-stato-nominato-nuovo-prelato-dellopus-dei\/"},"author":{"name":"Redazione","@id":"https:\/\/www.rassegnastampa-totustuus.it\/cattolica\/#\/schema\/person\/08f319d2bd1a0904ad9e2bfb7b15e5c3"},"headline":"Oc\u00e1riz \u00e8 stato nominato nuovo prelato dell\u2019Opus Dei","datePublished":"2017-02-01T23:00:42+00:00","mainEntityOfPage":{"@id":"https:\/\/www.rassegnastampa-totustuus.it\/cattolica\/ocariz-e-stato-nominato-nuovo-prelato-dellopus-dei\/"},"wordCount":1023,"publisher":{"@id":"https:\/\/www.rassegnastampa-totustuus.it\/cattolica\/#organization"},"image":{"@id":"https:\/\/www.rassegnastampa-totustuus.it\/cattolica\/ocariz-e-stato-nominato-nuovo-prelato-dellopus-dei\/#primaryimage"},"thumbnailUrl":"https:\/\/www.rassegnastampa-totustuus.it\/cattolica\/wp-content\/uploads\/2017\/01\/Fernando-Oc\u00e1riz.jpg","keywords":["Mons. Fernando Oc\u00e1riz","Opus dei"],"articleSection":["Chiesa","Personaggi"],"inLanguage":"it-IT"},{"@type":"WebPage","@id":"https:\/\/www.rassegnastampa-totustuus.it\/cattolica\/ocariz-e-stato-nominato-nuovo-prelato-dellopus-dei\/","url":"https:\/\/www.rassegnastampa-totustuus.it\/cattolica\/ocariz-e-stato-nominato-nuovo-prelato-dellopus-dei\/","name":"Oc\u00e1riz \u00e8 stato nominato nuovo prelato dell\u2019Opus Dei - Rassegna Stampa Cattolica","isPartOf":{"@id":"https:\/\/www.rassegnastampa-totustuus.it\/cattolica\/#website"},"primaryImageOfPage":{"@id":"https:\/\/www.rassegnastampa-totustuus.it\/cattolica\/ocariz-e-stato-nominato-nuovo-prelato-dellopus-dei\/#primaryimage"},"image":{"@id":"https:\/\/www.rassegnastampa-totustuus.it\/cattolica\/ocariz-e-stato-nominato-nuovo-prelato-dellopus-dei\/#primaryimage"},"thumbnailUrl":"https:\/\/www.rassegnastampa-totustuus.it\/cattolica\/wp-content\/uploads\/2017\/01\/Fernando-Oc\u00e1riz.jpg","datePublished":"2017-02-01T23:00:42+00:00","description":"Rassegna Stampa Cattolica - Per una cultura che nasce dalla Rivelazione cristiana in conformit\u00e0 alla tradizione e al Magistero della Chiesa in opposizione ad ogni relativismo e totalitarismo","breadcrumb":{"@id":"https:\/\/www.rassegnastampa-totustuus.it\/cattolica\/ocariz-e-stato-nominato-nuovo-prelato-dellopus-dei\/#breadcrumb"},"inLanguage":"it-IT","potentialAction":[{"@type":"ReadAction","target":["https:\/\/www.rassegnastampa-totustuus.it\/cattolica\/ocariz-e-stato-nominato-nuovo-prelato-dellopus-dei\/"]}]},{"@type":"ImageObject","inLanguage":"it-IT","@id":"https:\/\/www.rassegnastampa-totustuus.it\/cattolica\/ocariz-e-stato-nominato-nuovo-prelato-dellopus-dei\/#primaryimage","url":"https:\/\/www.rassegnastampa-totustuus.it\/cattolica\/wp-content\/uploads\/2017\/01\/Fernando-Oc\u00e1riz.jpg","contentUrl":"https:\/\/www.rassegnastampa-totustuus.it\/cattolica\/wp-content\/uploads\/2017\/01\/Fernando-Oc\u00e1riz.jpg","width":183,"height":275},{"@type":"BreadcrumbList","@id":"https:\/\/www.rassegnastampa-totustuus.it\/cattolica\/ocariz-e-stato-nominato-nuovo-prelato-dellopus-dei\/#breadcrumb","itemListElement":[{"@type":"ListItem","position":1,"name":"Home","item":"https:\/\/www.rassegnastampa-totustuus.it\/cattolica\/"},{"@type":"ListItem","position":2,"name":"Oc\u00e1riz \u00e8 stato nominato nuovo prelato dell\u2019Opus Dei"}]},{"@type":"WebSite","@id":"https:\/\/www.rassegnastampa-totustuus.it\/cattolica\/#website","url":"https:\/\/www.rassegnastampa-totustuus.it\/cattolica\/","name":"Rassegna Stampa Cattolica","description":"Per una cultura che nasce dalla Rivelazione cristiana in conformit\u00e0 alla tradizione e al Magistero della Chiesa in opposizione ad ogni relativismo e totalitarismo","publisher":{"@id":"https:\/\/www.rassegnastampa-totustuus.it\/cattolica\/#organization"},"alternateName":"Rass. Cattolica","potentialAction":[{"@type":"SearchAction","target":{"@type":"EntryPoint","urlTemplate":"https:\/\/www.rassegnastampa-totustuus.it\/cattolica\/?s={search_term_string}"},"query-input":{"@type":"PropertyValueSpecification","valueRequired":true,"valueName":"search_term_string"}}],"inLanguage":"it-IT"},{"@type":"Organization","@id":"https:\/\/www.rassegnastampa-totustuus.it\/cattolica\/#organization","name":"Rassegna Stampa Cattolica","url":"https:\/\/www.rassegnastampa-totustuus.it\/cattolica\/","logo":{"@type":"ImageObject","inLanguage":"it-IT","@id":"https:\/\/www.rassegnastampa-totustuus.it\/cattolica\/#\/schema\/logo\/image\/","url":"https:\/\/www.rassegnastampa-totustuus.it\/cattolica\/wp-content\/uploads\/2014\/04\/logo-rassegna1.gif","contentUrl":"https:\/\/www.rassegnastampa-totustuus.it\/cattolica\/wp-content\/uploads\/2014\/04\/logo-rassegna1.gif","width":600,"height":163,"caption":"Rassegna Stampa Cattolica"},"image":{"@id":"https:\/\/www.rassegnastampa-totustuus.it\/cattolica\/#\/schema\/logo\/image\/"},"sameAs":["https:\/\/www.facebook.com\/rassegnastampacattolica","https:\/\/x.com\/rassegnastampa9"]},{"@type":"Person","@id":"https:\/\/www.rassegnastampa-totustuus.it\/cattolica\/#\/schema\/person\/08f319d2bd1a0904ad9e2bfb7b15e5c3","name":"Redazione","image":{"@type":"ImageObject","inLanguage":"it-IT","@id":"https:\/\/secure.gravatar.com\/avatar\/2fcdf27c78ea025fbdb44e914cc63c72249ffec9dc8aafd5c82b26240ef3f346?s=96&d=mm&r=g","url":"https:\/\/secure.gravatar.com\/avatar\/2fcdf27c78ea025fbdb44e914cc63c72249ffec9dc8aafd5c82b26240ef3f346?s=96&d=mm&r=g","contentUrl":"https:\/\/secure.gravatar.com\/avatar\/2fcdf27c78ea025fbdb44e914cc63c72249ffec9dc8aafd5c82b26240ef3f346?s=96&d=mm&r=g","caption":"Redazione"},"url":"https:\/\/www.rassegnastampa-totustuus.it\/cattolica\/author\/pietroelle\/"}]}},"_links":{"self":[{"href":"https:\/\/www.rassegnastampa-totustuus.it\/cattolica\/wp-json\/wp\/v2\/posts\/37072","targetHints":{"allow":["GET"]}}],"collection":[{"href":"https:\/\/www.rassegnastampa-totustuus.it\/cattolica\/wp-json\/wp\/v2\/posts"}],"about":[{"href":"https:\/\/www.rassegnastampa-totustuus.it\/cattolica\/wp-json\/wp\/v2\/types\/post"}],"author":[{"embeddable":true,"href":"https:\/\/www.rassegnastampa-totustuus.it\/cattolica\/wp-json\/wp\/v2\/users\/6"}],"replies":[{"embeddable":true,"href":"https:\/\/www.rassegnastampa-totustuus.it\/cattolica\/wp-json\/wp\/v2\/comments?post=37072"}],"version-history":[{"count":3,"href":"https:\/\/www.rassegnastampa-totustuus.it\/cattolica\/wp-json\/wp\/v2\/posts\/37072\/revisions"}],"predecessor-version":[{"id":37076,"href":"https:\/\/www.rassegnastampa-totustuus.it\/cattolica\/wp-json\/wp\/v2\/posts\/37072\/revisions\/37076"}],"wp:featuredmedia":[{"embeddable":true,"href":"https:\/\/www.rassegnastampa-totustuus.it\/cattolica\/wp-json\/wp\/v2\/media\/37073"}],"wp:attachment":[{"href":"https:\/\/www.rassegnastampa-totustuus.it\/cattolica\/wp-json\/wp\/v2\/media?parent=37072"}],"wp:term":[{"taxonomy":"category","embeddable":true,"href":"https:\/\/www.rassegnastampa-totustuus.it\/cattolica\/wp-json\/wp\/v2\/categories?post=37072"},{"taxonomy":"post_tag","embeddable":true,"href":"https:\/\/www.rassegnastampa-totustuus.it\/cattolica\/wp-json\/wp\/v2\/tags?post=37072"}],"curies":[{"name":"wp","href":"https:\/\/api.w.org\/{rel}","templated":true}]}}