{"id":36996,"date":"2017-01-19T00:00:06","date_gmt":"2017-01-18T23:00:06","guid":{"rendered":"http:\/\/www.rassegnastampa-totustuus.it\/cattolica\/?p=36996"},"modified":"2017-01-12T11:11:42","modified_gmt":"2017-01-12T10:11:42","slug":"migranti-richiedenti-asilo-e-una-burocratizzazione-che-ci-mette-in-pericolo","status":"publish","type":"post","link":"https:\/\/www.rassegnastampa-totustuus.it\/cattolica\/migranti-richiedenti-asilo-e-una-burocratizzazione-che-ci-mette-in-pericolo\/","title":{"rendered":"Migranti, richiedenti asilo, e una burocratizzazione che ci mette in pericolo"},"content":{"rendered":"<p style=\"text-align: center;\"><img loading=\"lazy\" decoding=\"async\" class=\"alignleft wp-image-36997\" src=\"https:\/\/www.rassegnastampa-totustuus.it\/cattolica\/wp-content\/uploads\/2017\/01\/centri-accoglienza-immigrati.jpg\" alt=\"centri accoglienza immigrati\" width=\"250\" height=\"166\" \/>Da \u201c<strong>Il Foglio<\/strong>\u201d del 6 gennaio 20<em>17. <\/em><\/p>\n<p style=\"text-align: center;\"><strong>Alfredo Mantovano<\/strong><\/p>\n<p style=\"text-align: justify;\">La confusione \u00e8 grande. Il ministro dell\u2019Interno prospetta l\u2019ampliamento dei posti disponibili nell\u2019ambito dei Cie-centri di identificazione e di espulsione per rendere effettivi gli allontanamenti dei migranti irregolari dal territorio nazionale, e ipotizza un Cie per ciascuna regione. Dopo tre giorni una giovane ivoriana muore a Cona, vicino Chioggia, in un Centro di prima accoglienza sovraffollato. Alcuni governatori di Regioni a maggioranza di centrosinistra rifiutano l\u2019apertura di un Cie sul proprio territorio e chiedono \u2013 insieme col presidente dell\u2019Anci \u2013 la piena attuazione all\u2019accordo raggiunto da qualche settimana fra il Governo e lo stesso Anci per ripartire i migranti per ciascun Comune italiano, in proporzione alla popolazione residente. Sono realt\u00e0 diverse, che vengono\u00a0 sovrapposte.<\/p>\n<p style=\"text-align: justify;\"><!--more--><\/p>\n<p style=\"text-align: justify;\">I Cie hanno la funzione di impedire che il migrante entrato senza titolo in Italia, che non abbia presentato domanda di asilo o l\u2019abbia avuta respinta \u2013 soprattutto il migrante che si \u00e8 mostrato socialmente pericoloso \u2013 si dilegui, e quindi impedisca l\u2019espulsione. La permanenza nel Centro, che deve avvenir in condizioni di sicurezza, serve anche ad avere il tempo di identificare con certezza la persona da espellere e a ottenere il consenso al rientro da parte dello Stato di appartenenza. E\u2019 fuor di dubbio che il potenziamento del circuito dei Cie vada in parallelo con la garanzia di standard di vivibilit\u00e0 al proprio interno e con una consultazione sulla localizzazione con le autorit\u00e0 del territorio.<\/p>\n<p style=\"text-align: justify;\">Ma se governatori di importanti Regioni italiane confermano la decisa opposizione a tale estensione conviene che completino il ragionamento. Conviene che affermino con chiarezza quel che ne consegue logicamente, e cio\u00e8 che a loro avviso: a) nessuno dei soggetti che giunge in Italia in modo irregolare pu\u00f2 essere espulso, b) al pi\u00f9 pu\u00f2 essere invitato ad allontanarsi volontariamente; c) se intende restare gli \u00e8 consentito di farlo, pur se la sua identit\u00e0 \u00e8 ignota.<\/p>\n<p style=\"text-align: justify;\">Conviene che lo dicano in modo onesto e aperto, pur se la loro posizione \u00e8 contraria alle norme Ue e italiane, confermate da commissioni, governi e maggioranze di diverso orientamento. Sapendo che questa posizione abolisce la nozione di irregolarit\u00e0, conferma l\u2019incremento dell\u2019effetto richiamo in Italia, concorda in modo esplicito con l\u2019incremento annuale di 100.000 clandestini registrato negli ultimi 4 anni, al lordo di coloro che hanno utilizzato il nostro territorio solo come area di transito.<\/p>\n<p style=\"text-align: justify;\"><img loading=\"lazy\" decoding=\"async\" class=\"alignright wp-image-26752\" src=\"https:\/\/www.rassegnastampa-totustuus.it\/cattolica\/wp-content\/uploads\/2005\/06\/immigrati.jpg\" alt=\"immigrati\" width=\"250\" height=\"130\" srcset=\"https:\/\/www.rassegnastampa-totustuus.it\/cattolica\/wp-content\/uploads\/2005\/06\/immigrati.jpg 311w, https:\/\/www.rassegnastampa-totustuus.it\/cattolica\/wp-content\/uploads\/2005\/06\/immigrati-300x156.jpg 300w\" sizes=\"auto, (max-width: 250px) 100vw, 250px\" \/>Sostenere \u2013 come qualcuno continua a fare \u2013 che la soluzione va trovata a monte, nei Paesi di origine, lavorando per la cooperazione e per creare condizioni differenti rispetto a quelle che determinano le migrazioni, significa dire qualcosa che in s\u00e9 non \u00e8 sbagliato, ma che ha un doppio limite: non spiega in concreto come si esplica la cooperazione in Eritrea o nelle aree della Nigeria controllate da Boko Haram; non spiega come regolarsi, in attesa che la cooperazione funzioni a pieno regime, nei confronti di chi \u00e8 gi\u00e0 arrivato e di chi continua ad arrivare<\/p>\n<p style=\"text-align: justify;\">Diversa dai Cie \u00e8 la funzione dei Centri di prima accoglienza e della rete di accoglienza diffusa sparsa sul territorio nazionale: l\u00ec ci vanno migranti che si fanno identificare e che presentano una domanda di asilo. Se i Centri sono sovraffollati e la rete fa fatica ad assorbire chi arriva ogni giorno \u00e8 perch\u00e9 \u2013 al netto di ruberie, di abusi e di scarsa attenzione, che sarebbe ingiusto ritenere caratteristiche dell\u2019intero sistema \u2013 ci sono tempi troppo lunghi per l\u2019esame delle richieste di protezione.<\/p>\n<p style=\"text-align: justify;\"><img loading=\"lazy\" decoding=\"async\" class=\"alignleft wp-image-22546\" src=\"https:\/\/www.rassegnastampa-totustuus.it\/cattolica\/wp-content\/uploads\/2011\/05\/immigrati.jpg\" alt=\"immigrati\" width=\"250\" height=\"166\" \/>Nel 2016 sono sbarcati in Italia un numero di migranti pari a 50 volte quelli che sono arrivati via mare nel 2010: e per\u00f2 le Commissioni cui \u00e8 demandato l\u2019esame delle richieste non sono aumentate in modo proporzionale; sono poco pi\u00f9 del doppio di sei anni fa. Ci\u00f2 comporta che una decisione, di accoglimento o di rigetto, che sei anni fa interveniva dopo uno\/due mesi, oggi giunge dopo non meno di sei mesi, ma spesso dopo un anno o anche di pi\u00f9. Nel frattempo il numero dei richiedenti asilo da alloggiare cresce e i posti diminuiscono; crescono in parallelo i costi del mantenimento di tante persone per tempi molto pi\u00f9 dilatati e i disagi, che talora possono determinare condizioni incivili come a Cona.<\/p>\n<p style=\"text-align: justify;\">Si vuole evitare il ripetersi di tragedie come questa? Una soluzione \u00e8 l\u2019attuazione dell\u2019accordo con Anci, nella consapevolezza che non sar\u00e0 n\u00e9 rapida n\u00e9 indolore. L\u2019altra strada, non alternativa, \u00e8 moltiplicare le Commissioni asilo sul territorio, e nel contempo individuare corsie preferenziali in entrata \u2013 non \u00e8 necessaria una istruttoria approfondita per riconoscere lo status di rifugiata a una nigeriana seviziata perch\u00e9 cristiana \u2013 e in uscita: che necessit\u00e0 c\u2019\u00e8 di istruire la richiesta di asilo proveniente da un giovane marocchino? Quale persecuzione c\u2019\u00e8 in Marocco? L\u2019abbattimento dei tempi \u00e8 condizione essenziale per evitare che decine di migliaia di persone restino per mesi, se non per anni, senza far nulla, in attesa di una decisione che potrebbe anche essere negativa, con tutti i problemi connessi.<\/p>\n<p style=\"text-align: justify;\">Il fenomeno \u00e8 complesso: sovrapporre espulsioni e accoglienza, Cie e centri per asilanti ne rende la gestione quasi impossibile. Sono certo che nessuno lo desidera, ma \u00e8 il risultato dell\u2019assenza di indispensabili distinzioni e della reiterazione di schemi ideologici che non reggono pi\u00f9.<\/p>\n","protected":false},"excerpt":{"rendered":"<p>Da \u201cIl Foglio\u201d del 6 gennaio 2017. Alfredo Mantovano La confusione \u00e8 grande. Il ministro dell\u2019Interno prospetta l\u2019ampliamento dei posti disponibili nell\u2019ambito dei Cie-centri di identificazione e di espulsione per rendere effettivi gli allontanamenti dei migranti irregolari dal territorio nazionale, e ipotizza un Cie per ciascuna regione. Dopo tre giorni una giovane ivoriana muore a &hellip; <\/p>\n<p><a class=\"more-link btn\" href=\"https:\/\/www.rassegnastampa-totustuus.it\/cattolica\/migranti-richiedenti-asilo-e-una-burocratizzazione-che-ci-mette-in-pericolo\/\">Continua a leggere<\/a><\/p>\n","protected":false},"author":6,"featured_media":36997,"comment_status":"closed","ping_status":"closed","sticky":false,"template":"","format":"standard","meta":{"footnotes":""},"categories":[38],"tags":[2543],"class_list":["post-36996","post","type-post","status-publish","format-standard","has-post-thumbnail","hentry","category-immigrazione","tag-cie-centri-identificazione","item-wrap"],"yoast_head":"<!-- This site is optimized with the Yoast SEO plugin v27.5 - https:\/\/yoast.com\/product\/yoast-seo-wordpress\/ -->\n<title>Migranti, richiedenti asilo, e una burocratizzazione che ci mette in pericolo - Rassegna Stampa Cattolica<\/title>\n<meta name=\"description\" content=\"Rassegna Stampa Cattolica - Per una cultura che nasce dalla Rivelazione cristiana in conformit\u00e0 alla tradizione e al Magistero della Chiesa in opposizione ad ogni relativismo e totalitarismo\" \/>\n<meta name=\"robots\" content=\"index, follow, max-snippet:-1, max-image-preview:large, max-video-preview:-1\" \/>\n<link rel=\"canonical\" href=\"https:\/\/www.rassegnastampa-totustuus.it\/cattolica\/migranti-richiedenti-asilo-e-una-burocratizzazione-che-ci-mette-in-pericolo\/\" \/>\n<meta property=\"og:locale\" content=\"it_IT\" \/>\n<meta property=\"og:type\" content=\"article\" \/>\n<meta property=\"og:title\" content=\"Migranti, richiedenti asilo, e una burocratizzazione che ci mette in pericolo - Rassegna Stampa Cattolica\" \/>\n<meta property=\"og:description\" content=\"Rassegna Stampa Cattolica - Per una cultura che nasce dalla Rivelazione cristiana in conformit\u00e0 alla tradizione e al Magistero della Chiesa in opposizione ad ogni relativismo e totalitarismo\" \/>\n<meta property=\"og:url\" content=\"https:\/\/www.rassegnastampa-totustuus.it\/cattolica\/migranti-richiedenti-asilo-e-una-burocratizzazione-che-ci-mette-in-pericolo\/\" \/>\n<meta property=\"og:site_name\" content=\"Rassegna Stampa Cattolica\" \/>\n<meta property=\"article:publisher\" content=\"https:\/\/www.facebook.com\/rassegnastampacattolica\" \/>\n<meta property=\"article:published_time\" content=\"2017-01-18T23:00:06+00:00\" \/>\n<meta property=\"og:image\" content=\"https:\/\/www.rassegnastampa-totustuus.it\/cattolica\/wp-content\/uploads\/2017\/01\/centri-accoglienza-immigrati.jpg\" \/>\n\t<meta property=\"og:image:width\" content=\"276\" \/>\n\t<meta property=\"og:image:height\" content=\"183\" \/>\n\t<meta property=\"og:image:type\" content=\"image\/jpeg\" \/>\n<meta name=\"author\" content=\"Redazione\" \/>\n<meta name=\"twitter:card\" content=\"summary_large_image\" \/>\n<meta name=\"twitter:creator\" content=\"@rassegnastampa9\" \/>\n<meta name=\"twitter:site\" content=\"@rassegnastampa9\" \/>\n<meta name=\"twitter:label1\" content=\"Scritto da\" \/>\n\t<meta name=\"twitter:data1\" content=\"Redazione\" \/>\n\t<meta name=\"twitter:label2\" content=\"Tempo di lettura stimato\" \/>\n\t<meta name=\"twitter:data2\" content=\"4 minuti\" \/>\n<script type=\"application\/ld+json\" class=\"yoast-schema-graph\">{\"@context\":\"https:\\\/\\\/schema.org\",\"@graph\":[{\"@type\":\"Article\",\"@id\":\"https:\\\/\\\/www.rassegnastampa-totustuus.it\\\/cattolica\\\/migranti-richiedenti-asilo-e-una-burocratizzazione-che-ci-mette-in-pericolo\\\/#article\",\"isPartOf\":{\"@id\":\"https:\\\/\\\/www.rassegnastampa-totustuus.it\\\/cattolica\\\/migranti-richiedenti-asilo-e-una-burocratizzazione-che-ci-mette-in-pericolo\\\/\"},\"author\":{\"name\":\"Redazione\",\"@id\":\"https:\\\/\\\/www.rassegnastampa-totustuus.it\\\/cattolica\\\/#\\\/schema\\\/person\\\/08f319d2bd1a0904ad9e2bfb7b15e5c3\"},\"headline\":\"Migranti, richiedenti asilo, e una burocratizzazione che ci mette in pericolo\",\"datePublished\":\"2017-01-18T23:00:06+00:00\",\"mainEntityOfPage\":{\"@id\":\"https:\\\/\\\/www.rassegnastampa-totustuus.it\\\/cattolica\\\/migranti-richiedenti-asilo-e-una-burocratizzazione-che-ci-mette-in-pericolo\\\/\"},\"wordCount\":857,\"publisher\":{\"@id\":\"https:\\\/\\\/www.rassegnastampa-totustuus.it\\\/cattolica\\\/#organization\"},\"image\":{\"@id\":\"https:\\\/\\\/www.rassegnastampa-totustuus.it\\\/cattolica\\\/migranti-richiedenti-asilo-e-una-burocratizzazione-che-ci-mette-in-pericolo\\\/#primaryimage\"},\"thumbnailUrl\":\"https:\\\/\\\/www.rassegnastampa-totustuus.it\\\/cattolica\\\/wp-content\\\/uploads\\\/2017\\\/01\\\/centri-accoglienza-immigrati.jpg\",\"keywords\":[\"Cie - centri identificazione\"],\"articleSection\":[\"Immigrazione\"],\"inLanguage\":\"it-IT\"},{\"@type\":\"WebPage\",\"@id\":\"https:\\\/\\\/www.rassegnastampa-totustuus.it\\\/cattolica\\\/migranti-richiedenti-asilo-e-una-burocratizzazione-che-ci-mette-in-pericolo\\\/\",\"url\":\"https:\\\/\\\/www.rassegnastampa-totustuus.it\\\/cattolica\\\/migranti-richiedenti-asilo-e-una-burocratizzazione-che-ci-mette-in-pericolo\\\/\",\"name\":\"Migranti, richiedenti asilo, e una burocratizzazione che ci mette in pericolo - Rassegna Stampa Cattolica\",\"isPartOf\":{\"@id\":\"https:\\\/\\\/www.rassegnastampa-totustuus.it\\\/cattolica\\\/#website\"},\"primaryImageOfPage\":{\"@id\":\"https:\\\/\\\/www.rassegnastampa-totustuus.it\\\/cattolica\\\/migranti-richiedenti-asilo-e-una-burocratizzazione-che-ci-mette-in-pericolo\\\/#primaryimage\"},\"image\":{\"@id\":\"https:\\\/\\\/www.rassegnastampa-totustuus.it\\\/cattolica\\\/migranti-richiedenti-asilo-e-una-burocratizzazione-che-ci-mette-in-pericolo\\\/#primaryimage\"},\"thumbnailUrl\":\"https:\\\/\\\/www.rassegnastampa-totustuus.it\\\/cattolica\\\/wp-content\\\/uploads\\\/2017\\\/01\\\/centri-accoglienza-immigrati.jpg\",\"datePublished\":\"2017-01-18T23:00:06+00:00\",\"description\":\"Rassegna Stampa Cattolica - Per una cultura che nasce dalla Rivelazione cristiana in conformit\u00e0 alla tradizione e al Magistero della Chiesa in opposizione ad ogni relativismo e totalitarismo\",\"breadcrumb\":{\"@id\":\"https:\\\/\\\/www.rassegnastampa-totustuus.it\\\/cattolica\\\/migranti-richiedenti-asilo-e-una-burocratizzazione-che-ci-mette-in-pericolo\\\/#breadcrumb\"},\"inLanguage\":\"it-IT\",\"potentialAction\":[{\"@type\":\"ReadAction\",\"target\":[\"https:\\\/\\\/www.rassegnastampa-totustuus.it\\\/cattolica\\\/migranti-richiedenti-asilo-e-una-burocratizzazione-che-ci-mette-in-pericolo\\\/\"]}]},{\"@type\":\"ImageObject\",\"inLanguage\":\"it-IT\",\"@id\":\"https:\\\/\\\/www.rassegnastampa-totustuus.it\\\/cattolica\\\/migranti-richiedenti-asilo-e-una-burocratizzazione-che-ci-mette-in-pericolo\\\/#primaryimage\",\"url\":\"https:\\\/\\\/www.rassegnastampa-totustuus.it\\\/cattolica\\\/wp-content\\\/uploads\\\/2017\\\/01\\\/centri-accoglienza-immigrati.jpg\",\"contentUrl\":\"https:\\\/\\\/www.rassegnastampa-totustuus.it\\\/cattolica\\\/wp-content\\\/uploads\\\/2017\\\/01\\\/centri-accoglienza-immigrati.jpg\",\"width\":276,\"height\":183},{\"@type\":\"BreadcrumbList\",\"@id\":\"https:\\\/\\\/www.rassegnastampa-totustuus.it\\\/cattolica\\\/migranti-richiedenti-asilo-e-una-burocratizzazione-che-ci-mette-in-pericolo\\\/#breadcrumb\",\"itemListElement\":[{\"@type\":\"ListItem\",\"position\":1,\"name\":\"Home\",\"item\":\"https:\\\/\\\/www.rassegnastampa-totustuus.it\\\/cattolica\\\/\"},{\"@type\":\"ListItem\",\"position\":2,\"name\":\"Migranti, richiedenti asilo, e una burocratizzazione che ci mette in pericolo\"}]},{\"@type\":\"WebSite\",\"@id\":\"https:\\\/\\\/www.rassegnastampa-totustuus.it\\\/cattolica\\\/#website\",\"url\":\"https:\\\/\\\/www.rassegnastampa-totustuus.it\\\/cattolica\\\/\",\"name\":\"Rassegna Stampa Cattolica\",\"description\":\"Per una cultura che nasce dalla Rivelazione cristiana in conformit\u00e0 alla tradizione e al Magistero della Chiesa in opposizione ad ogni relativismo e totalitarismo\",\"publisher\":{\"@id\":\"https:\\\/\\\/www.rassegnastampa-totustuus.it\\\/cattolica\\\/#organization\"},\"alternateName\":\"Rass. Cattolica\",\"potentialAction\":[{\"@type\":\"SearchAction\",\"target\":{\"@type\":\"EntryPoint\",\"urlTemplate\":\"https:\\\/\\\/www.rassegnastampa-totustuus.it\\\/cattolica\\\/?s={search_term_string}\"},\"query-input\":{\"@type\":\"PropertyValueSpecification\",\"valueRequired\":true,\"valueName\":\"search_term_string\"}}],\"inLanguage\":\"it-IT\"},{\"@type\":\"Organization\",\"@id\":\"https:\\\/\\\/www.rassegnastampa-totustuus.it\\\/cattolica\\\/#organization\",\"name\":\"Rassegna Stampa Cattolica\",\"url\":\"https:\\\/\\\/www.rassegnastampa-totustuus.it\\\/cattolica\\\/\",\"logo\":{\"@type\":\"ImageObject\",\"inLanguage\":\"it-IT\",\"@id\":\"https:\\\/\\\/www.rassegnastampa-totustuus.it\\\/cattolica\\\/#\\\/schema\\\/logo\\\/image\\\/\",\"url\":\"https:\\\/\\\/www.rassegnastampa-totustuus.it\\\/cattolica\\\/wp-content\\\/uploads\\\/2014\\\/04\\\/logo-rassegna1.gif\",\"contentUrl\":\"https:\\\/\\\/www.rassegnastampa-totustuus.it\\\/cattolica\\\/wp-content\\\/uploads\\\/2014\\\/04\\\/logo-rassegna1.gif\",\"width\":600,\"height\":163,\"caption\":\"Rassegna Stampa Cattolica\"},\"image\":{\"@id\":\"https:\\\/\\\/www.rassegnastampa-totustuus.it\\\/cattolica\\\/#\\\/schema\\\/logo\\\/image\\\/\"},\"sameAs\":[\"https:\\\/\\\/www.facebook.com\\\/rassegnastampacattolica\",\"https:\\\/\\\/x.com\\\/rassegnastampa9\"]},{\"@type\":\"Person\",\"@id\":\"https:\\\/\\\/www.rassegnastampa-totustuus.it\\\/cattolica\\\/#\\\/schema\\\/person\\\/08f319d2bd1a0904ad9e2bfb7b15e5c3\",\"name\":\"Redazione\",\"image\":{\"@type\":\"ImageObject\",\"inLanguage\":\"it-IT\",\"@id\":\"https:\\\/\\\/secure.gravatar.com\\\/avatar\\\/2fcdf27c78ea025fbdb44e914cc63c72249ffec9dc8aafd5c82b26240ef3f346?s=96&d=mm&r=g\",\"url\":\"https:\\\/\\\/secure.gravatar.com\\\/avatar\\\/2fcdf27c78ea025fbdb44e914cc63c72249ffec9dc8aafd5c82b26240ef3f346?s=96&d=mm&r=g\",\"contentUrl\":\"https:\\\/\\\/secure.gravatar.com\\\/avatar\\\/2fcdf27c78ea025fbdb44e914cc63c72249ffec9dc8aafd5c82b26240ef3f346?s=96&d=mm&r=g\",\"caption\":\"Redazione\"},\"url\":\"https:\\\/\\\/www.rassegnastampa-totustuus.it\\\/cattolica\\\/author\\\/pietroelle\\\/\"}]}<\/script>\n<!-- \/ Yoast SEO plugin. -->","yoast_head_json":{"title":"Migranti, richiedenti asilo, e una burocratizzazione che ci mette in pericolo - Rassegna Stampa Cattolica","description":"Rassegna Stampa Cattolica - Per una cultura che nasce dalla Rivelazione cristiana in conformit\u00e0 alla tradizione e al Magistero della Chiesa in opposizione ad ogni relativismo e totalitarismo","robots":{"index":"index","follow":"follow","max-snippet":"max-snippet:-1","max-image-preview":"max-image-preview:large","max-video-preview":"max-video-preview:-1"},"canonical":"https:\/\/www.rassegnastampa-totustuus.it\/cattolica\/migranti-richiedenti-asilo-e-una-burocratizzazione-che-ci-mette-in-pericolo\/","og_locale":"it_IT","og_type":"article","og_title":"Migranti, richiedenti asilo, e una burocratizzazione che ci mette in pericolo - Rassegna Stampa Cattolica","og_description":"Rassegna Stampa Cattolica - Per una cultura che nasce dalla Rivelazione cristiana in conformit\u00e0 alla tradizione e al Magistero della Chiesa in opposizione ad ogni relativismo e totalitarismo","og_url":"https:\/\/www.rassegnastampa-totustuus.it\/cattolica\/migranti-richiedenti-asilo-e-una-burocratizzazione-che-ci-mette-in-pericolo\/","og_site_name":"Rassegna Stampa Cattolica","article_publisher":"https:\/\/www.facebook.com\/rassegnastampacattolica","article_published_time":"2017-01-18T23:00:06+00:00","og_image":[{"width":276,"height":183,"url":"https:\/\/www.rassegnastampa-totustuus.it\/cattolica\/wp-content\/uploads\/2017\/01\/centri-accoglienza-immigrati.jpg","type":"image\/jpeg"}],"author":"Redazione","twitter_card":"summary_large_image","twitter_creator":"@rassegnastampa9","twitter_site":"@rassegnastampa9","twitter_misc":{"Scritto da":"Redazione","Tempo di lettura stimato":"4 minuti"},"schema":{"@context":"https:\/\/schema.org","@graph":[{"@type":"Article","@id":"https:\/\/www.rassegnastampa-totustuus.it\/cattolica\/migranti-richiedenti-asilo-e-una-burocratizzazione-che-ci-mette-in-pericolo\/#article","isPartOf":{"@id":"https:\/\/www.rassegnastampa-totustuus.it\/cattolica\/migranti-richiedenti-asilo-e-una-burocratizzazione-che-ci-mette-in-pericolo\/"},"author":{"name":"Redazione","@id":"https:\/\/www.rassegnastampa-totustuus.it\/cattolica\/#\/schema\/person\/08f319d2bd1a0904ad9e2bfb7b15e5c3"},"headline":"Migranti, richiedenti asilo, e una burocratizzazione che ci mette in pericolo","datePublished":"2017-01-18T23:00:06+00:00","mainEntityOfPage":{"@id":"https:\/\/www.rassegnastampa-totustuus.it\/cattolica\/migranti-richiedenti-asilo-e-una-burocratizzazione-che-ci-mette-in-pericolo\/"},"wordCount":857,"publisher":{"@id":"https:\/\/www.rassegnastampa-totustuus.it\/cattolica\/#organization"},"image":{"@id":"https:\/\/www.rassegnastampa-totustuus.it\/cattolica\/migranti-richiedenti-asilo-e-una-burocratizzazione-che-ci-mette-in-pericolo\/#primaryimage"},"thumbnailUrl":"https:\/\/www.rassegnastampa-totustuus.it\/cattolica\/wp-content\/uploads\/2017\/01\/centri-accoglienza-immigrati.jpg","keywords":["Cie - centri identificazione"],"articleSection":["Immigrazione"],"inLanguage":"it-IT"},{"@type":"WebPage","@id":"https:\/\/www.rassegnastampa-totustuus.it\/cattolica\/migranti-richiedenti-asilo-e-una-burocratizzazione-che-ci-mette-in-pericolo\/","url":"https:\/\/www.rassegnastampa-totustuus.it\/cattolica\/migranti-richiedenti-asilo-e-una-burocratizzazione-che-ci-mette-in-pericolo\/","name":"Migranti, richiedenti asilo, e una burocratizzazione che ci mette in pericolo - Rassegna Stampa Cattolica","isPartOf":{"@id":"https:\/\/www.rassegnastampa-totustuus.it\/cattolica\/#website"},"primaryImageOfPage":{"@id":"https:\/\/www.rassegnastampa-totustuus.it\/cattolica\/migranti-richiedenti-asilo-e-una-burocratizzazione-che-ci-mette-in-pericolo\/#primaryimage"},"image":{"@id":"https:\/\/www.rassegnastampa-totustuus.it\/cattolica\/migranti-richiedenti-asilo-e-una-burocratizzazione-che-ci-mette-in-pericolo\/#primaryimage"},"thumbnailUrl":"https:\/\/www.rassegnastampa-totustuus.it\/cattolica\/wp-content\/uploads\/2017\/01\/centri-accoglienza-immigrati.jpg","datePublished":"2017-01-18T23:00:06+00:00","description":"Rassegna Stampa Cattolica - Per una cultura che nasce dalla Rivelazione cristiana in conformit\u00e0 alla tradizione e al Magistero della Chiesa in opposizione ad ogni relativismo e totalitarismo","breadcrumb":{"@id":"https:\/\/www.rassegnastampa-totustuus.it\/cattolica\/migranti-richiedenti-asilo-e-una-burocratizzazione-che-ci-mette-in-pericolo\/#breadcrumb"},"inLanguage":"it-IT","potentialAction":[{"@type":"ReadAction","target":["https:\/\/www.rassegnastampa-totustuus.it\/cattolica\/migranti-richiedenti-asilo-e-una-burocratizzazione-che-ci-mette-in-pericolo\/"]}]},{"@type":"ImageObject","inLanguage":"it-IT","@id":"https:\/\/www.rassegnastampa-totustuus.it\/cattolica\/migranti-richiedenti-asilo-e-una-burocratizzazione-che-ci-mette-in-pericolo\/#primaryimage","url":"https:\/\/www.rassegnastampa-totustuus.it\/cattolica\/wp-content\/uploads\/2017\/01\/centri-accoglienza-immigrati.jpg","contentUrl":"https:\/\/www.rassegnastampa-totustuus.it\/cattolica\/wp-content\/uploads\/2017\/01\/centri-accoglienza-immigrati.jpg","width":276,"height":183},{"@type":"BreadcrumbList","@id":"https:\/\/www.rassegnastampa-totustuus.it\/cattolica\/migranti-richiedenti-asilo-e-una-burocratizzazione-che-ci-mette-in-pericolo\/#breadcrumb","itemListElement":[{"@type":"ListItem","position":1,"name":"Home","item":"https:\/\/www.rassegnastampa-totustuus.it\/cattolica\/"},{"@type":"ListItem","position":2,"name":"Migranti, richiedenti asilo, e una burocratizzazione che ci mette in pericolo"}]},{"@type":"WebSite","@id":"https:\/\/www.rassegnastampa-totustuus.it\/cattolica\/#website","url":"https:\/\/www.rassegnastampa-totustuus.it\/cattolica\/","name":"Rassegna Stampa Cattolica","description":"Per una cultura che nasce dalla Rivelazione cristiana in conformit\u00e0 alla tradizione e al Magistero della Chiesa in opposizione ad ogni relativismo e totalitarismo","publisher":{"@id":"https:\/\/www.rassegnastampa-totustuus.it\/cattolica\/#organization"},"alternateName":"Rass. Cattolica","potentialAction":[{"@type":"SearchAction","target":{"@type":"EntryPoint","urlTemplate":"https:\/\/www.rassegnastampa-totustuus.it\/cattolica\/?s={search_term_string}"},"query-input":{"@type":"PropertyValueSpecification","valueRequired":true,"valueName":"search_term_string"}}],"inLanguage":"it-IT"},{"@type":"Organization","@id":"https:\/\/www.rassegnastampa-totustuus.it\/cattolica\/#organization","name":"Rassegna Stampa Cattolica","url":"https:\/\/www.rassegnastampa-totustuus.it\/cattolica\/","logo":{"@type":"ImageObject","inLanguage":"it-IT","@id":"https:\/\/www.rassegnastampa-totustuus.it\/cattolica\/#\/schema\/logo\/image\/","url":"https:\/\/www.rassegnastampa-totustuus.it\/cattolica\/wp-content\/uploads\/2014\/04\/logo-rassegna1.gif","contentUrl":"https:\/\/www.rassegnastampa-totustuus.it\/cattolica\/wp-content\/uploads\/2014\/04\/logo-rassegna1.gif","width":600,"height":163,"caption":"Rassegna Stampa Cattolica"},"image":{"@id":"https:\/\/www.rassegnastampa-totustuus.it\/cattolica\/#\/schema\/logo\/image\/"},"sameAs":["https:\/\/www.facebook.com\/rassegnastampacattolica","https:\/\/x.com\/rassegnastampa9"]},{"@type":"Person","@id":"https:\/\/www.rassegnastampa-totustuus.it\/cattolica\/#\/schema\/person\/08f319d2bd1a0904ad9e2bfb7b15e5c3","name":"Redazione","image":{"@type":"ImageObject","inLanguage":"it-IT","@id":"https:\/\/secure.gravatar.com\/avatar\/2fcdf27c78ea025fbdb44e914cc63c72249ffec9dc8aafd5c82b26240ef3f346?s=96&d=mm&r=g","url":"https:\/\/secure.gravatar.com\/avatar\/2fcdf27c78ea025fbdb44e914cc63c72249ffec9dc8aafd5c82b26240ef3f346?s=96&d=mm&r=g","contentUrl":"https:\/\/secure.gravatar.com\/avatar\/2fcdf27c78ea025fbdb44e914cc63c72249ffec9dc8aafd5c82b26240ef3f346?s=96&d=mm&r=g","caption":"Redazione"},"url":"https:\/\/www.rassegnastampa-totustuus.it\/cattolica\/author\/pietroelle\/"}]}},"_links":{"self":[{"href":"https:\/\/www.rassegnastampa-totustuus.it\/cattolica\/wp-json\/wp\/v2\/posts\/36996","targetHints":{"allow":["GET"]}}],"collection":[{"href":"https:\/\/www.rassegnastampa-totustuus.it\/cattolica\/wp-json\/wp\/v2\/posts"}],"about":[{"href":"https:\/\/www.rassegnastampa-totustuus.it\/cattolica\/wp-json\/wp\/v2\/types\/post"}],"author":[{"embeddable":true,"href":"https:\/\/www.rassegnastampa-totustuus.it\/cattolica\/wp-json\/wp\/v2\/users\/6"}],"replies":[{"embeddable":true,"href":"https:\/\/www.rassegnastampa-totustuus.it\/cattolica\/wp-json\/wp\/v2\/comments?post=36996"}],"version-history":[{"count":1,"href":"https:\/\/www.rassegnastampa-totustuus.it\/cattolica\/wp-json\/wp\/v2\/posts\/36996\/revisions"}],"predecessor-version":[{"id":36998,"href":"https:\/\/www.rassegnastampa-totustuus.it\/cattolica\/wp-json\/wp\/v2\/posts\/36996\/revisions\/36998"}],"wp:featuredmedia":[{"embeddable":true,"href":"https:\/\/www.rassegnastampa-totustuus.it\/cattolica\/wp-json\/wp\/v2\/media\/36997"}],"wp:attachment":[{"href":"https:\/\/www.rassegnastampa-totustuus.it\/cattolica\/wp-json\/wp\/v2\/media?parent=36996"}],"wp:term":[{"taxonomy":"category","embeddable":true,"href":"https:\/\/www.rassegnastampa-totustuus.it\/cattolica\/wp-json\/wp\/v2\/categories?post=36996"},{"taxonomy":"post_tag","embeddable":true,"href":"https:\/\/www.rassegnastampa-totustuus.it\/cattolica\/wp-json\/wp\/v2\/tags?post=36996"}],"curies":[{"name":"wp","href":"https:\/\/api.w.org\/{rel}","templated":true}]}}