{"id":36968,"date":"2017-01-12T00:00:40","date_gmt":"2017-01-11T23:00:40","guid":{"rendered":"http:\/\/www.rassegnastampa-totustuus.it\/cattolica\/?p=36968"},"modified":"2021-02-05T13:32:47","modified_gmt":"2021-02-05T12:32:47","slug":"gorostieta-il-generale-dei-cristeros-cristiano","status":"publish","type":"post","link":"https:\/\/www.rassegnastampa-totustuus.it\/cattolica\/gorostieta-il-generale-dei-cristeros-cristiano\/","title":{"rendered":"Gorostieta, il generale dei cristeros: cristiano!"},"content":{"rendered":"<p style=\"text-align: center;\"><strong><img loading=\"lazy\" decoding=\"async\" class=\"alignleft wp-image-36970\" src=\"https:\/\/www.rassegnastampa-totustuus.it\/cattolica\/wp-content\/uploads\/2016\/12\/gen-Gorostieta-Velarde.jpg\" alt=\"gen-gorostieta-velarde\" width=\"126\" height=\"200\" \/><span style=\"color: #000000;\">CulturaCattolica.it<\/span><\/strong><span style=\"color: #000000;\"> 23 Dicembre 2016<\/span><\/p>\n<p style=\"text-align: center;\"><span style=\"color: #000000;\"><strong>\u00a0<\/strong><strong>Gianfranco Amato<\/strong><\/span><\/p>\n<p style=\"text-align: justify;\"><span style=\"color: #000000;\">Il mio viaggio in Messico mi ha dato l\u2019opportunit\u00e0 di approfondire una scoperta storica interessante su un personaggio che mi \u00e8 particolarmente caro. Si tratta del Generale Enrique Gorostieta Velarde, il comandante dell\u2019Esercito cristero.<\/span><\/p>\n<p style=\"text-align: justify;\"><span style=\"color: #000000;\"><!--more--><\/span><\/p>\n<p style=\"text-align: justify;\"><span style=\"color: #000000;\">La vulgata, fomentata anche dagli avversari, ha sempre voluto presentare il Generale come un ateo mercenario. A me questa immagine, in realt\u00e0, non ha mai convinto. Ora abbiamo le prove che non era cos\u00ec. Sono venuto a conoscenza di alcune lettere inedite inviate da Gorostieta alla moglie Tula, da cui si ricava inequivocabilmente che il Generale era un cristiano, convinto e praticante, e che a muoverlo non era il soldo del militare, ma quella che nelle lettere alla moglie definisce espressamente la sua \u00ab<em>fe\u0301 ciega en Dios<\/em>\u00bb.<\/span><\/p>\n<p style=\"text-align: justify;\"><span style=\"color: #000000;\">L\u2019epitaffio sulla sua tomba al Panteon Espa\u00f1ol di Citt\u00e0 del Messico, che io ho avuto l\u2019onore di visitare, \u00e8 inequivocabile. Nella parte finale recita: \u00ab<em>Fue cristiano, patriota, militar y caballero. Tuvo un ideal en su vida y por \u00e9l supo morir: Dios, Patria y Libertad<\/em>\u00bb. Prima di tutto \u00abcristiano\u00bb, e i suoi soldati lo sapevano bene.<\/span><\/p>\n<p style=\"text-align: justify;\"><span style=\"color: #000000;\">Ho intenzione di pubblicare queste lettere inedite di Gorostieta una volta conclusa la traduzione, perch\u00e9 ritengo sia doveroso togliere definitivamente qualunque ombra sulle motivazioni che spinsero il Generale a combattere, e per mostrare al mondo la sua autentica ed incrollabile fede cattolica.<\/span><\/p>\n<p style=\"text-align: justify;\"><span style=\"color: #000000;\"><img loading=\"lazy\" decoding=\"async\" class=\"alignright wp-image-8019\" src=\"https:\/\/www.rassegnastampa-totustuus.it\/cattolica\/wp-content\/uploads\/2014\/07\/bandiera_cristeros.jpg\" alt=\"bandiera_cristeros\" width=\"156\" height=\"248\" \/>Oggi desidero pubblicare, in assoluta anteprima, come scoop, la prima di queste lettere, scritta esattamente novant\u2019anni fa, il 22 dicembre 1926, quando Gorostieta, lontano da casa, scriveva alla moglie rammaricandosi di non poter trascorrere il Natale in famiglia, avendo scelto il cammino impervio e ostico della lotta per la libert\u00e0 della fede cristiana. E\u2019 la lettera commovente di un uomo davvero innamorato di sua moglie e della sua famiglia. Testo:<\/span><\/p>\n<p style=\"text-align: justify;\"><span style=\"color: #000000;\">\u00ab<em>Mia amata,<\/em><\/span><\/p>\n<p style=\"text-align: justify;\"><span style=\"color: #000000;\"><em>Questa lettera sar\u00e0 il tuo regalo di Natale e quello dei nostri figli. Non potendo trascorrerlo con Voi e non potendo rendermi utile per la tradizionale Festa, non mi resta che ricorrere a questo mezzo per farmi sentire da te e da loro.<\/em><\/span><\/p>\n<p style=\"text-align: justify;\"><span style=\"color: #000000;\"><em>La parola scritta dovrebbe servire ad esprimere ci\u00f2 che pensiamo, ma limita la gioia di poterlo fare davvero. Quanti pensieri si affastellano nella mente che se esternati sarebbero luminosi ma che espressi inadeguatamente risultano solo nebulosi, oscuri e incomprensibili! Che posso fare se non tentare di farti giungere attraverso questa lettera, come meglio mi riesce, qualcosa di quello che serbo nel mio cuore? Ascolta, il tuo regalo di Natale \u00e8 questa confessione che ti faccio: prima di conoscerti per la seconda volta, ossia quando solo e isolato pensavo a te, ti ho sempre riservato un posto speciale nel mio cuore accanto a quel poco di bene del tanto bene che Dio mi ha donato, e che mi restava. Il tuo ricordo palpitava con le mie uniche speranze e i miei unici aneliti, e fui sempre casto per te e solo per te. Pi\u00f9 tardi, ti ho incontrato e ho realizzato i miei sogni, e quando hai accettato il mio affetto, ti ho posta al centro della mia vita.<\/em><\/span><\/p>\n<p style=\"text-align: justify;\"><span style=\"color: #000000;\"><em>Benedetta \u00e8 la nostra unione sulla terra, e al tuo amore mi sono totalmente consacrato al punto che nemmeno una piccola ombra nella mia anima ha mai potuto oscurare la luce dell\u2019affetto che nutro per te, mogliettina mia. Benedetta, poi, \u00e8 la nostra unione dall\u2019Altissimo, con uno, due, tre, quattro angioletti, non solo perch\u00e9 sono stato fedele al tuo amore come unico della mia vita, ma anche perch\u00e9 il mio sentimento si \u00e8 concretizzato nell\u2019elevarti in maniera incommensurabile, rendendomi pieno di orgoglio e facendo di te la mia Regina, per la cui felicit\u00e0 darei tutto me stesso, il mio corpo e la mia anima.<\/em><\/span><\/p>\n<p style=\"text-align: justify;\"><span style=\"color: #000000;\"><em>Affinch\u00e9 questo mio amore, questo mio sentimento, questa mia venerazione non diminuiscano e siano sempre degni del tuo affetto, ho messo in atto tutti i miei sforzi per correggermi e perfezionarmi, e ho intensificato la mia disciplina morale al punto di poterti dichiarare (e questo \u00e8 ci\u00f2 che oggi ti dono come regalo) che il tuo sposo \u00e8 un uomo casto, pi\u00f9 ancora di quando lo era da fidanzato; che il tuo sposo ti ama pi\u00f9 di quanto ti amava da fidanzato, e che oggi tuo marito ti venera, ti adora, ti ama, ti desidera e ti rispetta molto pi\u00f9, molto pi\u00f9 di quando, ieri, tu accettavi il suo amore arrossendo come una fidanzatina di provincia e gli concedevi un \u201cs\u00ec\u201d che prometteva il paradiso.<\/em><\/span><\/p>\n<p style=\"text-align: justify;\"><span style=\"color: #000000;\"><em><img loading=\"lazy\" decoding=\"async\" class=\"alignleft wp-image-16182\" src=\"https:\/\/www.rassegnastampa-totustuus.it\/cattolica\/wp-content\/uploads\/2006\/07\/cristeros2.png\" alt=\"cristeros2\" width=\"329\" height=\"224\" \/>Con questa confessione (il tuo regalo di Natale) abbi la certezza che continuer\u00f2 su questa strada per essere degno delle tue virt\u00f9 e delle tue grazie. Questo \u00e8 per te, vita mia. Ai miei figli, a cui non posso dare un bacio, non posso comprare una palla, che non posso far addormentare tra le mie braccia, come ho fatto molte volte, in un giorno tanto grande per il mondo come \u00e8 il Natale, in un giorno in cui persino le belve si inteneriscono ascoltando il Gloria, mando, attraverso te, come regalo questa considerazione: tutte le privazioni che loro soffrono, tutti i dolori che tu ed io soffriamo hanno uno scopo: insegnare<\/em> <em>loro un cammino, tracciare loro una rotta. Io so bene che ci sono cammini pi\u00f9 facili nel mondo, e Dio sa bene come io conosca anche il modo di percorrerli. Ma non sono questi i cammini che io ho deciso intraprendere. Ai miei figli lascer\u00f2 lo stesso cammino impervio e ostico che ha seguito il loro nonno. L\u2019unico cammino che pu\u00f2 rendere sempre un uomo contento di averlo percorso fino in fondo, e felice per averne alla fine compreso il significato. L\u2019unico cammino che mentre si percorre pu\u00f2 donare una vera pace.<\/em><\/span><\/p>\n<p style=\"text-align: justify;\"><span style=\"color: #000000;\"><em>Io dono ai miei figli come regalo le privazioni e i dolori che sto provando nel cammino che ho intrapreso. D\u00e0 loro un grande bacio da parte mia, e non stancarti mai di evitare \u2013 non dico ora ma in futuro \u2013 che perdano la fede in questo cammino.<\/em><\/span><\/p>\n<p style=\"text-align: justify;\"><span style=\"color: #000000;\"><em>Con tutto il mio amore ti bacio sulla bocca<\/em>\u00bb.<\/span><\/p>\n<p>______________________<\/p>\n<p><strong><span style=\"color: #000000;\">Sullo stesso argomento:<\/span><\/strong><\/p>\n<p><span style=\"color: #0000ff;\"><a style=\"color: #0000ff;\" title=\"PermaLink a Libert\u00e0 religiosa e diritto di resistenza: il caso della guerra cristera\" href=\"https:\/\/www.rassegnastampa-totustuus.it\/cattolica\/?p=50012\" target=\"_blank\" rel=\"bookmark noopener noreferrer\">Libert\u00e0 religiosa e diritto di resistenza: il caso della guerra cristera<\/a><\/span><\/p>\n<p><span style=\"color: #0000ff;\"><a style=\"color: #0000ff;\" title=\"PermaLink a L\u2019epopea dei &quot;cristeros&quot; nel Messico martire\" href=\"https:\/\/www.rassegnastampa-totustuus.it\/cattolica\/?p=4921\" target=\"_blank\" rel=\"bookmark noopener noreferrer\">L\u2019epopea dei &#8220;cristeros&#8221; nel Messico martire<\/a><\/span><\/p>\n<p><span style=\"color: #0000ff;\"><a style=\"color: #0000ff;\" title=\"PermaLink a A ottant\u2019anni dalla fine della \u201cguerra cristera\u201d\" href=\"https:\/\/www.rassegnastampa-totustuus.it\/cattolica\/?p=3519\" target=\"_blank\" rel=\"bookmark noopener noreferrer\">A ottant\u2019anni dalla fine della \u201cguerra cristera\u201d<\/a><\/span><\/p>\n<p><span style=\"color: #0000ff;\"><a style=\"color: #0000ff;\" title=\"PermaLink a \u00abCristeros\u00bb, quell\u2019eccidio dimenticato\" href=\"https:\/\/www.rassegnastampa-totustuus.it\/cattolica\/?p=2159\" target=\"_blank\" rel=\"bookmark noopener noreferrer\">\u00abCristeros\u00bb, quell\u2019eccidio dimenticato<\/a><\/span><\/p>\n<p><span style=\"color: #0000ff;\"><a style=\"color: #0000ff;\" title=\"PermaLink a Parde Pro. Un martire d\u2019oggi (di Karlheinz Riedel)\" href=\"https:\/\/www.rassegnastampa-totustuus.it\/cattolica\/?p=43142\" target=\"_blank\" rel=\"bookmark noopener noreferrer\">Parde Pro. Un martire d\u2019oggi (di Karlheinz Riedel)<\/a><\/span><\/p>\n<p><span style=\"color: #0000ff;\"><a style=\"color: #0000ff;\" title=\"PermaLink a Cristiada. Cos\u00ec un\u2019armata di zotici riusc\u00ec a tenere testa all\u2019esercito del Messico anticattolico. Al grido di \u00abViva Cristo re\u00bb\" href=\"https:\/\/www.rassegnastampa-totustuus.it\/cattolica\/?p=11509\" target=\"_blank\" rel=\"bookmark noopener noreferrer\">Cristiada. Cos\u00ec un\u2019armata di zotici riusc\u00ec a tenere testa all\u2019esercito del Messico anticattolico. Al grido di \u00abViva Cristo re\u00bb<\/a><\/span><\/p>\n<p><span style=\"color: #0000ff;\"><a style=\"color: #0000ff;\" title=\"PermaLink a Cristeros: Messico martire. Storia della persecuzione (di rev. prof. Luigi Ziliani)\" href=\"https:\/\/www.rassegnastampa-totustuus.it\/cattolica\/?p=8419\" rel=\"bookmark\">Cristeros: Messico martire. Storia della persecuzione <\/a><\/span><span style=\"color: #000000;\">(di rev. prof. Luigi Ziliani) libro<\/span><\/p>\n<p style=\"text-align: justify;\">\n","protected":false},"excerpt":{"rendered":"<p>CulturaCattolica.it 23 Dicembre 2016 \u00a0Gianfranco Amato Il mio viaggio in Messico mi ha dato l\u2019opportunit\u00e0 di approfondire una scoperta storica interessante su un personaggio che mi \u00e8 particolarmente caro. Si tratta del Generale Enrique Gorostieta Velarde, il comandante dell\u2019Esercito cristero.<\/p><p><a class=\"more-link btn\" href=\"https:\/\/www.rassegnastampa-totustuus.it\/cattolica\/gorostieta-il-generale-dei-cristeros-cristiano\/\">Continua a leggere<\/a><\/p>\n","protected":false},"author":6,"featured_media":36970,"comment_status":"closed","ping_status":"closed","sticky":false,"template":"","format":"standard","meta":{"footnotes":""},"categories":[5,44,24],"tags":[469],"class_list":["post-36968","post","type-post","status-publish","format-standard","has-post-thumbnail","hentry","category-chiesa","category-cristiani-perseguitati","category-storia","tag-cristeros","item-wrap"],"yoast_head":"<!-- This site is optimized with the Yoast SEO plugin v27.5 - https:\/\/yoast.com\/product\/yoast-seo-wordpress\/ -->\n<title>Gorostieta, il generale dei cristeros: cristiano! - Rassegna Stampa Cattolica<\/title>\n<meta name=\"description\" content=\"Rassegna Stampa Cattolica - Per una cultura che nasce dalla Rivelazione cristiana in conformit\u00e0 alla tradizione e al Magistero della Chiesa in opposizione ad ogni relativismo e totalitarismo\" \/>\n<meta name=\"robots\" content=\"index, follow, max-snippet:-1, max-image-preview:large, max-video-preview:-1\" \/>\n<link rel=\"canonical\" href=\"https:\/\/www.rassegnastampa-totustuus.it\/cattolica\/gorostieta-il-generale-dei-cristeros-cristiano\/\" \/>\n<meta property=\"og:locale\" content=\"it_IT\" \/>\n<meta property=\"og:type\" content=\"article\" \/>\n<meta property=\"og:title\" content=\"Gorostieta, il generale dei cristeros: cristiano! - Rassegna Stampa Cattolica\" \/>\n<meta property=\"og:description\" content=\"Rassegna Stampa Cattolica - Per una cultura che nasce dalla Rivelazione cristiana in conformit\u00e0 alla tradizione e al Magistero della Chiesa in opposizione ad ogni relativismo e totalitarismo\" \/>\n<meta property=\"og:url\" content=\"https:\/\/www.rassegnastampa-totustuus.it\/cattolica\/gorostieta-il-generale-dei-cristeros-cristiano\/\" \/>\n<meta property=\"og:site_name\" content=\"Rassegna Stampa Cattolica\" \/>\n<meta property=\"article:publisher\" content=\"https:\/\/www.facebook.com\/rassegnastampacattolica\" \/>\n<meta property=\"article:published_time\" content=\"2017-01-11T23:00:40+00:00\" \/>\n<meta property=\"article:modified_time\" content=\"2021-02-05T12:32:47+00:00\" \/>\n<meta property=\"og:image\" content=\"https:\/\/www.rassegnastampa-totustuus.it\/cattolica\/wp-content\/uploads\/2016\/12\/gen-Gorostieta-Velarde.jpg\" \/>\n\t<meta property=\"og:image:width\" content=\"178\" \/>\n\t<meta property=\"og:image:height\" content=\"283\" \/>\n\t<meta property=\"og:image:type\" content=\"image\/jpeg\" \/>\n<meta name=\"author\" content=\"Redazione\" \/>\n<meta name=\"twitter:card\" content=\"summary_large_image\" \/>\n<meta name=\"twitter:creator\" content=\"@rassegnastampa9\" \/>\n<meta name=\"twitter:site\" content=\"@rassegnastampa9\" \/>\n<meta name=\"twitter:label1\" content=\"Scritto da\" \/>\n\t<meta name=\"twitter:data1\" content=\"Redazione\" \/>\n\t<meta name=\"twitter:label2\" content=\"Tempo di lettura stimato\" \/>\n\t<meta name=\"twitter:data2\" content=\"5 minuti\" \/>\n<script type=\"application\/ld+json\" class=\"yoast-schema-graph\">{\"@context\":\"https:\\\/\\\/schema.org\",\"@graph\":[{\"@type\":\"Article\",\"@id\":\"https:\\\/\\\/www.rassegnastampa-totustuus.it\\\/cattolica\\\/gorostieta-il-generale-dei-cristeros-cristiano\\\/#article\",\"isPartOf\":{\"@id\":\"https:\\\/\\\/www.rassegnastampa-totustuus.it\\\/cattolica\\\/gorostieta-il-generale-dei-cristeros-cristiano\\\/\"},\"author\":{\"name\":\"Redazione\",\"@id\":\"https:\\\/\\\/www.rassegnastampa-totustuus.it\\\/cattolica\\\/#\\\/schema\\\/person\\\/08f319d2bd1a0904ad9e2bfb7b15e5c3\"},\"headline\":\"Gorostieta, il generale dei cristeros: cristiano!\",\"datePublished\":\"2017-01-11T23:00:40+00:00\",\"dateModified\":\"2021-02-05T12:32:47+00:00\",\"mainEntityOfPage\":{\"@id\":\"https:\\\/\\\/www.rassegnastampa-totustuus.it\\\/cattolica\\\/gorostieta-il-generale-dei-cristeros-cristiano\\\/\"},\"wordCount\":1075,\"publisher\":{\"@id\":\"https:\\\/\\\/www.rassegnastampa-totustuus.it\\\/cattolica\\\/#organization\"},\"image\":{\"@id\":\"https:\\\/\\\/www.rassegnastampa-totustuus.it\\\/cattolica\\\/gorostieta-il-generale-dei-cristeros-cristiano\\\/#primaryimage\"},\"thumbnailUrl\":\"https:\\\/\\\/www.rassegnastampa-totustuus.it\\\/cattolica\\\/wp-content\\\/uploads\\\/2016\\\/12\\\/gen-Gorostieta-Velarde.jpg\",\"keywords\":[\"Cristeros\"],\"articleSection\":[\"Chiesa\",\"Cristiani perseguitati\",\"Storia\"],\"inLanguage\":\"it-IT\"},{\"@type\":\"WebPage\",\"@id\":\"https:\\\/\\\/www.rassegnastampa-totustuus.it\\\/cattolica\\\/gorostieta-il-generale-dei-cristeros-cristiano\\\/\",\"url\":\"https:\\\/\\\/www.rassegnastampa-totustuus.it\\\/cattolica\\\/gorostieta-il-generale-dei-cristeros-cristiano\\\/\",\"name\":\"Gorostieta, il generale dei cristeros: cristiano! - Rassegna Stampa Cattolica\",\"isPartOf\":{\"@id\":\"https:\\\/\\\/www.rassegnastampa-totustuus.it\\\/cattolica\\\/#website\"},\"primaryImageOfPage\":{\"@id\":\"https:\\\/\\\/www.rassegnastampa-totustuus.it\\\/cattolica\\\/gorostieta-il-generale-dei-cristeros-cristiano\\\/#primaryimage\"},\"image\":{\"@id\":\"https:\\\/\\\/www.rassegnastampa-totustuus.it\\\/cattolica\\\/gorostieta-il-generale-dei-cristeros-cristiano\\\/#primaryimage\"},\"thumbnailUrl\":\"https:\\\/\\\/www.rassegnastampa-totustuus.it\\\/cattolica\\\/wp-content\\\/uploads\\\/2016\\\/12\\\/gen-Gorostieta-Velarde.jpg\",\"datePublished\":\"2017-01-11T23:00:40+00:00\",\"dateModified\":\"2021-02-05T12:32:47+00:00\",\"description\":\"Rassegna Stampa Cattolica - Per una cultura che nasce dalla Rivelazione cristiana in conformit\u00e0 alla tradizione e al Magistero della Chiesa in opposizione ad ogni relativismo e totalitarismo\",\"breadcrumb\":{\"@id\":\"https:\\\/\\\/www.rassegnastampa-totustuus.it\\\/cattolica\\\/gorostieta-il-generale-dei-cristeros-cristiano\\\/#breadcrumb\"},\"inLanguage\":\"it-IT\",\"potentialAction\":[{\"@type\":\"ReadAction\",\"target\":[\"https:\\\/\\\/www.rassegnastampa-totustuus.it\\\/cattolica\\\/gorostieta-il-generale-dei-cristeros-cristiano\\\/\"]}]},{\"@type\":\"ImageObject\",\"inLanguage\":\"it-IT\",\"@id\":\"https:\\\/\\\/www.rassegnastampa-totustuus.it\\\/cattolica\\\/gorostieta-il-generale-dei-cristeros-cristiano\\\/#primaryimage\",\"url\":\"https:\\\/\\\/www.rassegnastampa-totustuus.it\\\/cattolica\\\/wp-content\\\/uploads\\\/2016\\\/12\\\/gen-Gorostieta-Velarde.jpg\",\"contentUrl\":\"https:\\\/\\\/www.rassegnastampa-totustuus.it\\\/cattolica\\\/wp-content\\\/uploads\\\/2016\\\/12\\\/gen-Gorostieta-Velarde.jpg\",\"width\":178,\"height\":283},{\"@type\":\"BreadcrumbList\",\"@id\":\"https:\\\/\\\/www.rassegnastampa-totustuus.it\\\/cattolica\\\/gorostieta-il-generale-dei-cristeros-cristiano\\\/#breadcrumb\",\"itemListElement\":[{\"@type\":\"ListItem\",\"position\":1,\"name\":\"Home\",\"item\":\"https:\\\/\\\/www.rassegnastampa-totustuus.it\\\/cattolica\\\/\"},{\"@type\":\"ListItem\",\"position\":2,\"name\":\"Gorostieta, il generale dei cristeros: cristiano!\"}]},{\"@type\":\"WebSite\",\"@id\":\"https:\\\/\\\/www.rassegnastampa-totustuus.it\\\/cattolica\\\/#website\",\"url\":\"https:\\\/\\\/www.rassegnastampa-totustuus.it\\\/cattolica\\\/\",\"name\":\"Rassegna Stampa Cattolica\",\"description\":\"Per una cultura che nasce dalla Rivelazione cristiana in conformit\u00e0 alla tradizione e al Magistero della Chiesa in opposizione ad ogni relativismo e totalitarismo\",\"publisher\":{\"@id\":\"https:\\\/\\\/www.rassegnastampa-totustuus.it\\\/cattolica\\\/#organization\"},\"alternateName\":\"Rass. Cattolica\",\"potentialAction\":[{\"@type\":\"SearchAction\",\"target\":{\"@type\":\"EntryPoint\",\"urlTemplate\":\"https:\\\/\\\/www.rassegnastampa-totustuus.it\\\/cattolica\\\/?s={search_term_string}\"},\"query-input\":{\"@type\":\"PropertyValueSpecification\",\"valueRequired\":true,\"valueName\":\"search_term_string\"}}],\"inLanguage\":\"it-IT\"},{\"@type\":\"Organization\",\"@id\":\"https:\\\/\\\/www.rassegnastampa-totustuus.it\\\/cattolica\\\/#organization\",\"name\":\"Rassegna Stampa Cattolica\",\"url\":\"https:\\\/\\\/www.rassegnastampa-totustuus.it\\\/cattolica\\\/\",\"logo\":{\"@type\":\"ImageObject\",\"inLanguage\":\"it-IT\",\"@id\":\"https:\\\/\\\/www.rassegnastampa-totustuus.it\\\/cattolica\\\/#\\\/schema\\\/logo\\\/image\\\/\",\"url\":\"https:\\\/\\\/www.rassegnastampa-totustuus.it\\\/cattolica\\\/wp-content\\\/uploads\\\/2014\\\/04\\\/logo-rassegna1.gif\",\"contentUrl\":\"https:\\\/\\\/www.rassegnastampa-totustuus.it\\\/cattolica\\\/wp-content\\\/uploads\\\/2014\\\/04\\\/logo-rassegna1.gif\",\"width\":600,\"height\":163,\"caption\":\"Rassegna Stampa Cattolica\"},\"image\":{\"@id\":\"https:\\\/\\\/www.rassegnastampa-totustuus.it\\\/cattolica\\\/#\\\/schema\\\/logo\\\/image\\\/\"},\"sameAs\":[\"https:\\\/\\\/www.facebook.com\\\/rassegnastampacattolica\",\"https:\\\/\\\/x.com\\\/rassegnastampa9\"]},{\"@type\":\"Person\",\"@id\":\"https:\\\/\\\/www.rassegnastampa-totustuus.it\\\/cattolica\\\/#\\\/schema\\\/person\\\/08f319d2bd1a0904ad9e2bfb7b15e5c3\",\"name\":\"Redazione\",\"image\":{\"@type\":\"ImageObject\",\"inLanguage\":\"it-IT\",\"@id\":\"https:\\\/\\\/secure.gravatar.com\\\/avatar\\\/2fcdf27c78ea025fbdb44e914cc63c72249ffec9dc8aafd5c82b26240ef3f346?s=96&d=mm&r=g\",\"url\":\"https:\\\/\\\/secure.gravatar.com\\\/avatar\\\/2fcdf27c78ea025fbdb44e914cc63c72249ffec9dc8aafd5c82b26240ef3f346?s=96&d=mm&r=g\",\"contentUrl\":\"https:\\\/\\\/secure.gravatar.com\\\/avatar\\\/2fcdf27c78ea025fbdb44e914cc63c72249ffec9dc8aafd5c82b26240ef3f346?s=96&d=mm&r=g\",\"caption\":\"Redazione\"},\"url\":\"https:\\\/\\\/www.rassegnastampa-totustuus.it\\\/cattolica\\\/author\\\/pietroelle\\\/\"}]}<\/script>\n<!-- \/ Yoast SEO plugin. -->","yoast_head_json":{"title":"Gorostieta, il generale dei cristeros: cristiano! - Rassegna Stampa Cattolica","description":"Rassegna Stampa Cattolica - Per una cultura che nasce dalla Rivelazione cristiana in conformit\u00e0 alla tradizione e al Magistero della Chiesa in opposizione ad ogni relativismo e totalitarismo","robots":{"index":"index","follow":"follow","max-snippet":"max-snippet:-1","max-image-preview":"max-image-preview:large","max-video-preview":"max-video-preview:-1"},"canonical":"https:\/\/www.rassegnastampa-totustuus.it\/cattolica\/gorostieta-il-generale-dei-cristeros-cristiano\/","og_locale":"it_IT","og_type":"article","og_title":"Gorostieta, il generale dei cristeros: cristiano! - Rassegna Stampa Cattolica","og_description":"Rassegna Stampa Cattolica - Per una cultura che nasce dalla Rivelazione cristiana in conformit\u00e0 alla tradizione e al Magistero della Chiesa in opposizione ad ogni relativismo e totalitarismo","og_url":"https:\/\/www.rassegnastampa-totustuus.it\/cattolica\/gorostieta-il-generale-dei-cristeros-cristiano\/","og_site_name":"Rassegna Stampa Cattolica","article_publisher":"https:\/\/www.facebook.com\/rassegnastampacattolica","article_published_time":"2017-01-11T23:00:40+00:00","article_modified_time":"2021-02-05T12:32:47+00:00","og_image":[{"width":178,"height":283,"url":"https:\/\/www.rassegnastampa-totustuus.it\/cattolica\/wp-content\/uploads\/2016\/12\/gen-Gorostieta-Velarde.jpg","type":"image\/jpeg"}],"author":"Redazione","twitter_card":"summary_large_image","twitter_creator":"@rassegnastampa9","twitter_site":"@rassegnastampa9","twitter_misc":{"Scritto da":"Redazione","Tempo di lettura stimato":"5 minuti"},"schema":{"@context":"https:\/\/schema.org","@graph":[{"@type":"Article","@id":"https:\/\/www.rassegnastampa-totustuus.it\/cattolica\/gorostieta-il-generale-dei-cristeros-cristiano\/#article","isPartOf":{"@id":"https:\/\/www.rassegnastampa-totustuus.it\/cattolica\/gorostieta-il-generale-dei-cristeros-cristiano\/"},"author":{"name":"Redazione","@id":"https:\/\/www.rassegnastampa-totustuus.it\/cattolica\/#\/schema\/person\/08f319d2bd1a0904ad9e2bfb7b15e5c3"},"headline":"Gorostieta, il generale dei cristeros: cristiano!","datePublished":"2017-01-11T23:00:40+00:00","dateModified":"2021-02-05T12:32:47+00:00","mainEntityOfPage":{"@id":"https:\/\/www.rassegnastampa-totustuus.it\/cattolica\/gorostieta-il-generale-dei-cristeros-cristiano\/"},"wordCount":1075,"publisher":{"@id":"https:\/\/www.rassegnastampa-totustuus.it\/cattolica\/#organization"},"image":{"@id":"https:\/\/www.rassegnastampa-totustuus.it\/cattolica\/gorostieta-il-generale-dei-cristeros-cristiano\/#primaryimage"},"thumbnailUrl":"https:\/\/www.rassegnastampa-totustuus.it\/cattolica\/wp-content\/uploads\/2016\/12\/gen-Gorostieta-Velarde.jpg","keywords":["Cristeros"],"articleSection":["Chiesa","Cristiani perseguitati","Storia"],"inLanguage":"it-IT"},{"@type":"WebPage","@id":"https:\/\/www.rassegnastampa-totustuus.it\/cattolica\/gorostieta-il-generale-dei-cristeros-cristiano\/","url":"https:\/\/www.rassegnastampa-totustuus.it\/cattolica\/gorostieta-il-generale-dei-cristeros-cristiano\/","name":"Gorostieta, il generale dei cristeros: cristiano! - Rassegna Stampa Cattolica","isPartOf":{"@id":"https:\/\/www.rassegnastampa-totustuus.it\/cattolica\/#website"},"primaryImageOfPage":{"@id":"https:\/\/www.rassegnastampa-totustuus.it\/cattolica\/gorostieta-il-generale-dei-cristeros-cristiano\/#primaryimage"},"image":{"@id":"https:\/\/www.rassegnastampa-totustuus.it\/cattolica\/gorostieta-il-generale-dei-cristeros-cristiano\/#primaryimage"},"thumbnailUrl":"https:\/\/www.rassegnastampa-totustuus.it\/cattolica\/wp-content\/uploads\/2016\/12\/gen-Gorostieta-Velarde.jpg","datePublished":"2017-01-11T23:00:40+00:00","dateModified":"2021-02-05T12:32:47+00:00","description":"Rassegna Stampa Cattolica - Per una cultura che nasce dalla Rivelazione cristiana in conformit\u00e0 alla tradizione e al Magistero della Chiesa in opposizione ad ogni relativismo e totalitarismo","breadcrumb":{"@id":"https:\/\/www.rassegnastampa-totustuus.it\/cattolica\/gorostieta-il-generale-dei-cristeros-cristiano\/#breadcrumb"},"inLanguage":"it-IT","potentialAction":[{"@type":"ReadAction","target":["https:\/\/www.rassegnastampa-totustuus.it\/cattolica\/gorostieta-il-generale-dei-cristeros-cristiano\/"]}]},{"@type":"ImageObject","inLanguage":"it-IT","@id":"https:\/\/www.rassegnastampa-totustuus.it\/cattolica\/gorostieta-il-generale-dei-cristeros-cristiano\/#primaryimage","url":"https:\/\/www.rassegnastampa-totustuus.it\/cattolica\/wp-content\/uploads\/2016\/12\/gen-Gorostieta-Velarde.jpg","contentUrl":"https:\/\/www.rassegnastampa-totustuus.it\/cattolica\/wp-content\/uploads\/2016\/12\/gen-Gorostieta-Velarde.jpg","width":178,"height":283},{"@type":"BreadcrumbList","@id":"https:\/\/www.rassegnastampa-totustuus.it\/cattolica\/gorostieta-il-generale-dei-cristeros-cristiano\/#breadcrumb","itemListElement":[{"@type":"ListItem","position":1,"name":"Home","item":"https:\/\/www.rassegnastampa-totustuus.it\/cattolica\/"},{"@type":"ListItem","position":2,"name":"Gorostieta, il generale dei cristeros: cristiano!"}]},{"@type":"WebSite","@id":"https:\/\/www.rassegnastampa-totustuus.it\/cattolica\/#website","url":"https:\/\/www.rassegnastampa-totustuus.it\/cattolica\/","name":"Rassegna Stampa Cattolica","description":"Per una cultura che nasce dalla Rivelazione cristiana in conformit\u00e0 alla tradizione e al Magistero della Chiesa in opposizione ad ogni relativismo e totalitarismo","publisher":{"@id":"https:\/\/www.rassegnastampa-totustuus.it\/cattolica\/#organization"},"alternateName":"Rass. Cattolica","potentialAction":[{"@type":"SearchAction","target":{"@type":"EntryPoint","urlTemplate":"https:\/\/www.rassegnastampa-totustuus.it\/cattolica\/?s={search_term_string}"},"query-input":{"@type":"PropertyValueSpecification","valueRequired":true,"valueName":"search_term_string"}}],"inLanguage":"it-IT"},{"@type":"Organization","@id":"https:\/\/www.rassegnastampa-totustuus.it\/cattolica\/#organization","name":"Rassegna Stampa Cattolica","url":"https:\/\/www.rassegnastampa-totustuus.it\/cattolica\/","logo":{"@type":"ImageObject","inLanguage":"it-IT","@id":"https:\/\/www.rassegnastampa-totustuus.it\/cattolica\/#\/schema\/logo\/image\/","url":"https:\/\/www.rassegnastampa-totustuus.it\/cattolica\/wp-content\/uploads\/2014\/04\/logo-rassegna1.gif","contentUrl":"https:\/\/www.rassegnastampa-totustuus.it\/cattolica\/wp-content\/uploads\/2014\/04\/logo-rassegna1.gif","width":600,"height":163,"caption":"Rassegna Stampa Cattolica"},"image":{"@id":"https:\/\/www.rassegnastampa-totustuus.it\/cattolica\/#\/schema\/logo\/image\/"},"sameAs":["https:\/\/www.facebook.com\/rassegnastampacattolica","https:\/\/x.com\/rassegnastampa9"]},{"@type":"Person","@id":"https:\/\/www.rassegnastampa-totustuus.it\/cattolica\/#\/schema\/person\/08f319d2bd1a0904ad9e2bfb7b15e5c3","name":"Redazione","image":{"@type":"ImageObject","inLanguage":"it-IT","@id":"https:\/\/secure.gravatar.com\/avatar\/2fcdf27c78ea025fbdb44e914cc63c72249ffec9dc8aafd5c82b26240ef3f346?s=96&d=mm&r=g","url":"https:\/\/secure.gravatar.com\/avatar\/2fcdf27c78ea025fbdb44e914cc63c72249ffec9dc8aafd5c82b26240ef3f346?s=96&d=mm&r=g","contentUrl":"https:\/\/secure.gravatar.com\/avatar\/2fcdf27c78ea025fbdb44e914cc63c72249ffec9dc8aafd5c82b26240ef3f346?s=96&d=mm&r=g","caption":"Redazione"},"url":"https:\/\/www.rassegnastampa-totustuus.it\/cattolica\/author\/pietroelle\/"}]}},"_links":{"self":[{"href":"https:\/\/www.rassegnastampa-totustuus.it\/cattolica\/wp-json\/wp\/v2\/posts\/36968","targetHints":{"allow":["GET"]}}],"collection":[{"href":"https:\/\/www.rassegnastampa-totustuus.it\/cattolica\/wp-json\/wp\/v2\/posts"}],"about":[{"href":"https:\/\/www.rassegnastampa-totustuus.it\/cattolica\/wp-json\/wp\/v2\/types\/post"}],"author":[{"embeddable":true,"href":"https:\/\/www.rassegnastampa-totustuus.it\/cattolica\/wp-json\/wp\/v2\/users\/6"}],"replies":[{"embeddable":true,"href":"https:\/\/www.rassegnastampa-totustuus.it\/cattolica\/wp-json\/wp\/v2\/comments?post=36968"}],"version-history":[{"count":2,"href":"https:\/\/www.rassegnastampa-totustuus.it\/cattolica\/wp-json\/wp\/v2\/posts\/36968\/revisions"}],"predecessor-version":[{"id":50039,"href":"https:\/\/www.rassegnastampa-totustuus.it\/cattolica\/wp-json\/wp\/v2\/posts\/36968\/revisions\/50039"}],"wp:featuredmedia":[{"embeddable":true,"href":"https:\/\/www.rassegnastampa-totustuus.it\/cattolica\/wp-json\/wp\/v2\/media\/36970"}],"wp:attachment":[{"href":"https:\/\/www.rassegnastampa-totustuus.it\/cattolica\/wp-json\/wp\/v2\/media?parent=36968"}],"wp:term":[{"taxonomy":"category","embeddable":true,"href":"https:\/\/www.rassegnastampa-totustuus.it\/cattolica\/wp-json\/wp\/v2\/categories?post=36968"},{"taxonomy":"post_tag","embeddable":true,"href":"https:\/\/www.rassegnastampa-totustuus.it\/cattolica\/wp-json\/wp\/v2\/tags?post=36968"}],"curies":[{"name":"wp","href":"https:\/\/api.w.org\/{rel}","templated":true}]}}