{"id":36964,"date":"2017-01-12T00:00:34","date_gmt":"2017-01-11T23:00:34","guid":{"rendered":"http:\/\/www.rassegnastampa-totustuus.it\/cattolica\/?p=36964"},"modified":"2016-12-29T13:07:45","modified_gmt":"2016-12-29T12:07:45","slug":"come-un-capo-dei-white-helmets-siriani-si-e-preso-gioco-dei-media-occidentali","status":"publish","type":"post","link":"https:\/\/www.rassegnastampa-totustuus.it\/cattolica\/come-un-capo-dei-white-helmets-siriani-si-e-preso-gioco-dei-media-occidentali\/","title":{"rendered":"Come un capo dei White Helmets siriani si \u00e8 preso gioco dei Media Occidentali"},"content":{"rendered":"<p style=\"text-align: center;\"><img loading=\"lazy\" decoding=\"async\" class=\"alignleft wp-image-36965\" src=\"https:\/\/www.rassegnastampa-totustuus.it\/cattolica\/wp-content\/uploads\/2016\/12\/white-helmets.jpg\" alt=\"white-helmets\" width=\"250\" height=\"140\" \/>da<strong> http:\/\/oraprosiria.blogspot.it\/ <\/strong><\/p>\n<p style=\"text-align: center;\">27 Dicembre 2016<\/p>\n<p style=\"text-align: center;\"><strong>\u00a0<\/strong>di <strong>Gareth Porter<\/strong><\/p>\n<p style=\"text-align: justify;\">I <em>White Helmets<\/em>, nati per salvare le vittime intrappolate sotto le macerie degli edifici distrutti dai bombardamenti siriani e russi, sono diventati una delle fonti preferite dai mass-media occidentali che riferiscono su quei bombardamenti. Ritratti come gli eroi umanitari dell\u2019ultimo anno ed anche candidati al Nobel per la pace nella scorsa estate, i <em>White Helmets<\/em> godono di una indiscussa credibilit\u00e0 presso i giornalisti che si occupano della crisi siriana, eppure il loro non pu\u00f2 essere considerato un gruppo apolitico, dato che \u00e8 copiosamente finanziato dal Dipartimento di Stato degli Stati Uniti e dal Foreign Office inglese.<\/p>\n<p style=\"text-align: justify;\"><!--more--><\/p>\n<p style=\"text-align: justify;\">Esso opera esclusivamente nel nord della Siria, in zone controllate da un affiliato di al-Qa\u00efda e dagli alleati estremisti, a cui i giornalisti occidentali non hanno avuto accesso. Dato che la loro opera si svolge [o, per Aleppo, si svolgeva, essendo stata ormai liberata la parte orientale della citt\u00e0, N.d.T.] sotto l&#8217;autorit\u00e0 di coloro che detengono il potere reale in Aleppo-est e in altre zone controllate dall\u2019opposizione, i media occidentali dipendono da questi gruppi per avere informazioni dirette, col grave rischio di essere manipolati.<\/p>\n<p style=\"text-align: justify;\">Il ruolo altamente politico svolto dai <em>White Helmets<\/em> sulla copertura della stampa estera \u00e8 stato drammaticamente dimostrato dopo l&#8217;attacco al convoglio di camion della Mezzaluna Rossa siriana il 19 settembre a Urum al-Kubra, zona controllata dai ribelli ad ovest di Aleppo. L&#8217;assalto ebbe inizio immediatamente dopo la rottura del cessate il fuoco, concordato tra Russia, Stati Uniti e governo siriano, per un letale attacco aereo USA alle forze dell&#8217;esercito siriano che combattevano l\u2019ISIS intorno alla citt\u00e0 di Deir Ezzor.<\/p>\n<p style=\"text-align: justify;\"><img loading=\"lazy\" decoding=\"async\" class=\"alignright wp-image-33109\" src=\"https:\/\/www.rassegnastampa-totustuus.it\/cattolica\/wp-content\/uploads\/2013\/09\/Siria-bombe.jpg\" alt=\"Siria-bombe\" width=\"250\" height=\"140\" \/>L&#8217;amministrazione Obama ammise che si era trattato di un attacco aereo, incolpandone immediatamente l\u2019aviazione russa e quella siriana. Un funzionario americano non identificato parl\u00f2 al New York Times di &#8220;una probabilit\u00e0 molto alta&#8221; che un aereo russo si fosse trovato vicino a quella zona poco prima dell&#8217;attacco, ma l&#8217;amministrazione non rese pubblica alcuna prova a sostegno di tale affermazione. Nei giorni successivi all&#8217;attacco, gli organi di informazione si basarono ampiamente sui rendiconti trasmessi dai <em>White Helmets<\/em> e il capo dell&#8217;organizzazione ad Aleppo, Ammar Al-Selmo, offr\u00ec un rendiconto personale dal teatro degli avvenimenti.<\/p>\n<p style=\"text-align: justify;\">La versione di Selmo si \u00e8 poi rivelata intessuta di menzogne, ma numerosi giornalisti la presero per oro colato senza alcuna perplessit\u00e0, e continuarono a fargli affidamento per informazioni sulle battaglie in Aleppo e nei dintorni.<\/p>\n<p style=\"text-align: justify;\"><strong>Cambiare versione con la complicit\u00e0 della stampa<\/strong><\/p>\n<p style=\"text-align: justify;\">Il primo particolare che rivela quanto la testimonianza di Selmo fosse falsa \u00e8 la sua affermazione su dove si trovava all\u2019inizio dell\u2019attacco. Il giorno successivo dichiara al <em>Time Magazine <\/em>che stava ad un chilometro o pi\u00f9 dal magazzino in cui erano parcheggiati i camion del convoglio di aiuti umanitari, presumibilmente, presso il centro locale dei <em>White Helmets<\/em> in Urum al-Kubra, ma poi cambia la sua storia in un&#8217;intervista che il <em>Washington Post<\/em> pubblic\u00f2 il 24 settembre, affermando che in quel momento prendeva \u201cil t\u00e8 in un edificio dall&#8217;altra parte della strada&#8221;.<\/p>\n<p style=\"text-align: justify;\"><img loading=\"lazy\" decoding=\"async\" class=\"alignleft wp-image-28602\" src=\"https:\/\/www.rassegnastampa-totustuus.it\/cattolica\/wp-content\/uploads\/2013\/08\/Siria.jpg\" alt=\"Siria\" width=\"250\" height=\"140\" \/>Ancora pi\u00f9 drammaticamente in un primo momento, Selmo quindi sostiene di aver assistito all\u2019inizio dell&#8217;attacco. Secondo la testimonianza pubblicata da Time il 21 settembre, Selmo racconta che beveva un t\u00e8 sul balcone quando erano iniziati i bombardamenti, e che &#8220;poteva vedere le prime barrel bombs cadere da un elicottero del regime siriano&#8221;.\u00a0Ma, a quell\u2019ora, Selmo non avrebbe potuto vedere una barrel bomb cadere da un elicottero n\u00e9 altro. In un video girato presto la mattina successiva, dichiara infatti che il bombardamento era iniziato alle 19,30. In comunicazioni successive, i White Helmets lo spostano alle 19,12. Ma quel giorno, 19 settembre, il sole tramontava alle 18,31, e verso le 19 Aleppo era ormai avvolta nella pi\u00f9 profonda oscurit\u00e0.<\/p>\n<p style=\"text-align: justify;\">Qualcuno, evidentemente, aveva richiamato l&#8217;attenzione di Selmo su quella incongruenza, dopo la pubblicazione della sua testimonianza, e lui cambiava versione per il <em>Washington Post<\/em>: &#8220;Ha detto che, appena uscito sul balcone giusto dopo le 19.00 quando il crepuscolo era gi\u00e0 passato, ha sentito sopraggiungere un elicottero e il lancio di due barrel bombs sul convoglio.&#8221;<\/p>\n<p style=\"text-align: justify;\">Nel video fatti dai <em>White Helmets<\/em> nella notte dell&#8217;attacco, Selmo si spinge oltre, affermando in una parte del video che furono sganciate quattro barrel bombs e in un&#8217;altra parte che le bombe sganciate erano otto. L&#8217;idea che fossero state utilizzate barrel bombs durante l&#8217;attacco fu subito accolta, la mattina seguente, da sedicenti \u201cmediattivisti&#8221; per conto delle autorit\u00e0 di opposizione in Aleppo, come riportato dalla BBC. Questo era conforme con i tentativi fatti dall\u2019opposizione nel 2012 per qualificare le \u201cbarrel bombs\u201d armi straordinariamente distruttive e pi\u00f9 condannabili dei missili convenzionali.<\/p>\n<p style=\"text-align: justify;\"><strong>Prove discutibili provenienti da fonti faziose<\/strong><\/p>\n<p style=\"text-align: justify;\">In un video prodotto dai <em>White Helmets<\/em> la notte dell&#8217;attacco, Selmo si rivolge agli spettatori indicando l\u2019indentazione dell\u2019ipotetica esplosione. &#8220;Vedete il contenitore della barrel bomb?&#8221; Chiede. Ma ci\u00f2 che viene mostrato nel video \u00e8 un incavo rettangolare nella ghiaia o detriti, che sembra essere profonda circa 30 centimetri, larga 60 e lunga quasi un metro. Poi estrae da sottoterra un oggetto simile alla lama danneggiata di una pala. Quella scena dimostra chiaramente che l&#8217;argomentazione di Selmo \u00e8 completamente falsa. Le barrel bombs producono crateri rotondi molto grandi, larghi almeno 8 metri e profondi pi\u00f9 di 3 metri, e l\u2019incavo rettangolare mostrato nel video non assomiglia per niente al cratere di una barrel bomb.<\/p>\n<p style=\"text-align: justify;\"><img loading=\"lazy\" decoding=\"async\" class=\"alignright wp-image-28790\" src=\"https:\/\/www.rassegnastampa-totustuus.it\/cattolica\/wp-content\/uploads\/2015\/12\/Siria.jpg\" alt=\"Siria\" width=\"250\" height=\"174\" \/>Hussein Badawi, direttore locale dei <em>White Helmets<\/em> a Urum al-Kubra, ma nettamente di grado inferiore a Selmo nella gerarchia dell&#8217;organizzazione, \u00e8 apparso accanto a Selmo in un segmento del video fatto quella notte: un\u2019apparizione breve e silenziosa, ma in un altro video dei <em>White Helmets<\/em> tradotto dall&#8217;arabo all\u2019inglese contraddice direttamente l&#8217;affermazione di Selmo che in quella notte le prime esplosioni furono di barrel bombs. Egli le descrive non come attacchi aerei, ma come &#8220;quattro razzi consecutivi&#8221; vicino al centro del complesso della Mezzaluna Rossa a Urum al-Kubra.<\/p>\n<p style=\"text-align: justify;\">Nessun&#8217;altra prova visiva di un cratere generato da una barrel bomb \u00e8 venuta alla luce. A sostegno dell\u2019affermazione di Selmo, l\u2019\u00e9quipe di intelligence russa sul conflitto, destinata alla confutazione delle informazioni governative, potrebbe citare solo il fotogramma in cui lui solleva quell\u2019unico pezzo di metallo.<\/p>\n<p style=\"text-align: justify;\">Il sito Bellingcat, il cui fondatore Eliot Higgins &#8211; membro non residente dell\u2019anti-russo Atlantic Council finanziato dal Dipartimento di Stato USA, che non ha alcuna competenza tecnica sulle munizioni &#8211; indica lo stesso fotogramma. Higgins afferma che il pezzo di metallo proviene da un &#8220;cratere&#8221; citando una seconda fotografia che, secondo lui, mostrerebbe un &#8220;cratere riparato&#8221; nella strada accanto a un camion bruciato. Ma la parte che nella fotografia sembra ricoperta di terra fresca \u00e8 lunga chiaramente circa un metro e larga un po\u2019 pi\u00f9 di sessanta centimetri, quindi di gran lunga troppo piccola per essere la prova dell\u2019esplosione di una barrel bomb.<\/p>\n<p style=\"text-align: justify;\">La squadra dei White Helmets di Selmo ha anche distribuito a Bellingcat e agli organi di stampa qualcosa che ad una prima occhiata sembra la prova visiva di attacchi aerei siriani e russi: la pinna accartocciata di una bomba russa OFAB-250, che si pu\u00f2 vedere in una fotografia scattata all&#8217;interno di un capannone. Secondo Bellingcat, le fotografie proverebbero che i Russi impiegarono quella bomba nell\u2019attacco al convoglio di aiuti umanitari, ma la fotografia della pinna OFAB come prova di un attacco aereo \u00e8 estremamente improbabile.<\/p>\n<p style=\"text-align: justify;\">Se una bomba OFAB-250 fosse realmente esplosa in quel punto avrebbe lasciato un cratere molto pi\u00f9 grande di quello della fotografia. La regola standard generale \u00e8 che un OFAB-250, come qualsiasi altra bomba convenzionale di 250 kg, avrebbe fatto un cratere di 7-11 metri di larghezza e 3-4 metri di profondit\u00e0. La grandezza del suo cratere \u00e8 evidente in un video di una giornalista russa accanto ad uno di essi dopo la battaglia contro l\u2019ISIS a Palmira.<\/p>\n<p style=\"text-align: justify;\"><img loading=\"lazy\" decoding=\"async\" class=\"alignleft wp-image-30597\" src=\"https:\/\/www.rassegnastampa-totustuus.it\/cattolica\/wp-content\/uploads\/2012\/03\/crisi_siriana.jpg\" alt=\"crisi_siriana\" width=\"225\" height=\"225\" srcset=\"https:\/\/www.rassegnastampa-totustuus.it\/cattolica\/wp-content\/uploads\/2012\/03\/crisi_siriana.jpg 225w, https:\/\/www.rassegnastampa-totustuus.it\/cattolica\/wp-content\/uploads\/2012\/03\/crisi_siriana-150x150.jpg 150w\" sizes=\"auto, (max-width: 225px) 100vw, 225px\" \/>Inoltre, nella fotografia la parete a poca distanza dal punto di impatto supposto non fu colpita dalla bomba. Questo indica che nessuna OFAB-250 fu lanciata in quel punto, oppure che si tratta di un falso. La fotografia delle casse che circondano la pinna della OFAB rivela anche altri elementi della prova che ci fu un&#8217;esplosione. Come un osservatore scopr\u00ec dopo un attento esame, le scatole presentano evidenze di schegge di bombe lacrimogene. Un primo piano di un imballaggio mostra una serie di piccole schegge. Solo qualcosa di molto meno potente di una bomba OFAB-250 o di una barrel bomb spiegherebbe le tracce osservate. L\u2019unica arma le cui granate avrebbe potuto causarle \u00e8 il razzo russo S-5, con due varianti capaci di produrre 220-360 piccoli frammenti di schegge.<\/p>\n<p style=\"text-align: justify;\">Nel video fatto la notte dell&#8217;attacco, Selmo afferma che aerei russi spararono degli S-5 presso il sito &#8211; anche se erroneamente li ha definiti &#8220;C-5&#8221; &#8211; e la fotografia di due missili S-5 fu data a Bellingcat ed agli organi di informazione, tra cui il Washington Post. Nell\u2019intervista al Time, Selmo ribadisce che nei raid furono lanciate barrel bombs e missili da aerei russi, ma Badawi, il capo dei <em>White Helmets<\/em> a Urum al Kubra, in un altro video contraddice di nuovo Selmo affermando che la raffica iniziale di missili fu lanciata da terra.<\/p>\n<p style=\"text-align: justify;\">Ammissione molto significativa, perch\u00e9 le forze siriane dell\u2019opposizione avevano ricevuto forniture di S-5 russi gi\u00e0 dal 2012, quando le armi per i ribelli erano state contrabbandate in gran numero dalla Libia. Essi utilizzano gli S-5 come razzi lanciati da terra, come avevano fatto in precedenza i ribelli libici, progettando e realizzando i propri lanciatori. Badawi sostiene che le forze governative siriane lanciarono i primi quattro missili dagli impianti di difesa nel sud del governatorato di Aleppo, ma gli impianti di difesa del governo nel sud del governatorato di Aleppo si trovano ad al-Safira, distante pi\u00f9 di 25 chilometri, e gli S-5 hanno una gittata di soli 3-4 chilometri.<\/p>\n<p style=\"text-align: justify;\">Ancora pi\u00f9 significativo \u00e8 il fatto che, nonostante Selmo insista che i bombardamenti aerei si protrassero per ore con ben 20-25 attacchi differenti, nessuno dei White Helmets riprese anche un solo attacco aereo in un video che avrebbe potuto fornire una chiara prova audiovisiva della sua affermazione.<\/p>\n<p style=\"text-align: justify;\">Il sito Bellingcat del Consiglio Atlantico segnala un video pubblicato on-line da fonti dell&#8217;opposizione ad Aleppo per fornire una prova audio di aerei a reazione poco prima delle esplosioni notturne, ma nonostante una voce nel video asserisca che si trattava di un attacco aereo russo, il suono che si interrompe subito dopo la forte esplosione indica come essa sia stata causata da un missile lanciato da terra e non da un aereo a reazione. Pertanto, gli elementi di prova che avrebbero dovuto confermare l\u2019attacco aereo preteso da Bellingcat in realt\u00e0 non lo confermano affatto.<\/p>\n<p style=\"text-align: justify;\"><strong>Nonostante il record di falsificazioni, Selmo rimane la fonte di riferimento<\/strong>.<\/p>\n<p style=\"text-align: justify;\">Chiunque sia stato responsabile dell\u2019attacco contro il convoglio di aiuti umanitari della Mezzaluna Rossa siriana, \u00e8 chiaro che Ammar al-Selmo, l\u2019alto funzionario dei White Helmets ad Aleppo, mente su dove si trovava quando esso ebbe inizio e, almeno al principio, inganna il pubblico affermando di essere stato testimone oculare delle prime fasi. Inoltre, la sua attestazione che barrel bombs siriane e bombe OFAB-250 russe furono sganciate sul convoglio non sono supportate da alcuna prova credibile.<\/p>\n<p style=\"text-align: justify;\">Alla luce della propensione di Selmo a modificare il suo resoconto e a sostenere la versione di un attacco russo-siriano, i media occidentali avrebbero dovuto essere molto pi\u00f9 prudenti nel farvi affidamento per confermare l\u2019accusa degli Stati Uniti sull\u2019attacco al convoglio di aiuti umanitari. Invece, durante le settimane di pesanti bombardamenti russo-siriani su Aleppo-est, successivi alla rottura del cessate il fuoco, Selmo \u00e8 spesso citato dai media come fonte ed egli sfrutta questa nuova situazione per portare avanti l\u2019agenda politica dei ribelli.<\/p>\n<p style=\"text-align: justify;\">Il 23 settembre, i White Helmets comunicavano ai media che tre dei loro quattro centri operativi in Aleppo-est erano stati colpiti e che due di essi erano fuori uso.<\/p>\n<p style=\"text-align: justify;\"><em>National Public Radio<\/em> [La <em>National Public Radio<\/em>, NPR, \u00e8 un&#8217;organizzazione no-profit comprendente oltre 900 stazioni radio statunitensi. N.d.T.] cita Selmo dicendo che secondo lui il gruppo era stato deliberatamente preso di mira perch\u00e9 \u2018\u2019aveva intercettato comunicazioni dei piloti e li aveva sentiti ricevere l\u2019ordine di bombardare i suoi colleghi.&#8221; Stranamente, NPR non \u00e8 riuscito a individuare Selmo come il capo dei White Helmets in Aleppo-est, ma lo identifica solo come un &#8220;membro dei White Helmets &#8220;.<\/p>\n<p style=\"text-align: justify;\">Cinque giorni dopo, il Washington Post riferisce di una segnalazione analoga da parte di Ismail Abdullah, un altro funzionario dei <em>White Helmets<\/em> che dipende direttamente da Selmo. &#8220;A volte, sentiamo il pilota dire alla sua base, &#8216; Vediamo un mercato dei terroristi, c&#8217;\u00e8 un panificio dei terroristi, \u2019 ha dichiarato Abdullah. \u2018va bene se li colpiamo? \u2019 dicono: &#8216;Va bene, colpiteli\u2019.&#8221; Egli afferma anche che il 21 settembre i <em>White Helmets<\/em> avevano sentito un pilota nemico fare riferimento ai centri \u2018\u2019terroristi\u2019\u2019 di protezione civile. Abdullah aggiunge che l&#8217;organizzazione aveva inviato, ai funzionari degli Stati Uniti a New York, un messaggio diretto all&#8217;Assemblea Generale dell\u2019ONU per informarla di essere stati presi di mira.<\/p>\n<p style=\"text-align: justify;\"><img loading=\"lazy\" decoding=\"async\" class=\"alignright wp-image-36494\" src=\"https:\/\/www.rassegnastampa-totustuus.it\/cattolica\/wp-content\/uploads\/2016\/10\/Obama_Siria.jpg\" alt=\"obama_siria\" width=\"250\" height=\"162\" \/>Queste storie drammatiche avrebbero poi contribuito a lanciare la campagna a favore dei <em>White Helmets<\/em> per il conferimento del premio Nobel per la Pace, annunciata alcuni giorni dopo, ma che alla fine non avrebbero vinto. Secondo Pierre Sprey &#8211; un ex analista del Pentagono su aerei da combattimento, che ha avuto un ruolo centrale nella progettazione del F-16 \u2013 la pretesa di aver udito i piloti chiedere e ricevere il permesso di colpire obiettivi durante il volo \u00e8 una montatura.<\/p>\n<p style=\"text-align: justify;\">&#8220;E inconcepibile che questa possa essere stata una comunicazione autentica tra un pilota d\u2019attacco e un controllore&#8221;, dichiara Sprey ad AlterNet, riferendosi ai racconti di Selmo. &#8220;L&#8217;unico momento in cui un pilota pu\u00f2 chiedere di colpire un bersaglio \u00e8 nel caso in cui vede degli spari. Altrimenti non ha senso. &#8220;<\/p>\n<p style=\"text-align: justify;\">Il giorno dopo la campagna russo-siriana di bombardamenti contro i ribelli di Aleppo-est, iniziata il 22 settembre, la Reuters si rivolge a Selmo per una valutazione complessiva dell&#8217;impatto dei bombardamenti su Aleppo. Senza mezzi termini, egli dichiara: &#8220;Quello che succede ora \u00e8 lo sterminio\u201d. Dopo questa drammatica dichiarazione, i media occidentali continuano a citare Selmo, considerandolo una fonte neutrale. Il 26 settembre, Reuters ricorre ancora ai White Helmets citandoli come anonimi &#8220;lavoratori della protezione civile&#8221; di Aleppo \u2013 e con questo termine possono indicare solo loro \u2013 che fanno una stima di 400 vittime in meno di cinque giorni di bombardamenti nei dintorni e dentro Aleppo. Ma dopo tre intere settimane di bombardamenti, le Nazioni Unite e altre agenzie stimeranno in 360 il numero delle persone uccise.<\/p>\n<p style=\"text-align: justify;\">Ci\u00f2 suggerisce che la stima fatta dai White Helmets era di molto superiore a quella che potrebbero documentare fonti imparziali. \u00c8 ovviamente difficile per i mezzi di informazione coprire eventi come l&#8217;attacco al convoglio di aiuti umanitari della Mezzaluna Rossa siriana e il bombardamento di Aleppo da Istanbul o da Beirut, ma la sete di informazioni dal terreno non deve superare l&#8217;impegno per il controllo delle fonti. Selmo e i suoi <em>White Helmets<\/em> avrebbero dovuto essere riconosciuti per quello che sono: una fonte di parte, con un ordine del giorno che riflette il potere da cui l&#8217;organizzazione dipende: gli estremisti armati che controllano [controllavano] Aleppo-est, Idleb e altre zone del nord della Siria.<\/p>\n<p style=\"text-align: justify;\">La dipendenza acritica dalle informazioni dei White Helmets, senza alcuno sforzo per verificare la loro attendibilit\u00e0 \u00e8 l&#8217;ennesimo esempio eloquente del malcostume dei mezzi di informazione, con una lunga storia di copertura dei conflitti orientata verso una narrazione interventista.<\/p>\n<p>___________________<\/p>\n<p><strong><em>Gareth Porter<\/em><\/strong> \u00e8 uno storico investigativo e giornalista specializzato in politica di sicurezza nazionale degli Stati Uniti. Il suo ultimo libro \u00e8 <em>Manufactured Crisis: The Untold Story of the Iran Nuclear Scare<\/em>\u00a0<em>(Just World Books, 2014)<\/em><\/p>\n<p>(Articolo tradotto da Maria Antonietta Carta)<\/p>\n<p><a href=\"http:\/\/www.alternet.org\/grayzone-project\/how-syrian-white-helmets-played-western-media\" target=\"_blank\">http:\/\/www.alternet.org\/grayzone-project\/how-syrian-white-helmets-played-western-media<\/a><\/p>\n<p>&nbsp;<\/p>\n","protected":false},"excerpt":{"rendered":"<p>da http:\/\/oraprosiria.blogspot.it\/ 27 Dicembre 2016 \u00a0di Gareth Porter I White Helmets, nati per salvare le vittime intrappolate sotto le macerie degli edifici distrutti dai bombardamenti siriani e russi, sono diventati una delle fonti preferite dai mass-media occidentali che riferiscono su quei bombardamenti. Ritratti come gli eroi umanitari dell\u2019ultimo anno ed anche candidati al Nobel per &hellip; <\/p>\n<p><a class=\"more-link btn\" href=\"https:\/\/www.rassegnastampa-totustuus.it\/cattolica\/come-un-capo-dei-white-helmets-siriani-si-e-preso-gioco-dei-media-occidentali\/\">Continua a leggere<\/a><\/p>\n","protected":false},"author":6,"featured_media":36965,"comment_status":"closed","ping_status":"closed","sticky":false,"template":"","format":"standard","meta":{"footnotes":""},"categories":[108,19],"tags":[440],"class_list":["post-36964","post","type-post","status-publish","format-standard","has-post-thumbnail","hentry","category-paesi-e-continenti","category-politica-internazionale","tag-siria","item-wrap"],"yoast_head":"<!-- This site is optimized with the Yoast SEO plugin v27.5 - https:\/\/yoast.com\/product\/yoast-seo-wordpress\/ -->\n<title>Come un capo dei White Helmets siriani si \u00e8 preso gioco dei Media Occidentali - Rassegna Stampa Cattolica<\/title>\n<meta name=\"description\" content=\"Rassegna Stampa Cattolica - Per una cultura che nasce dalla Rivelazione cristiana in conformit\u00e0 alla tradizione e al Magistero della Chiesa in opposizione ad ogni relativismo e totalitarismo\" \/>\n<meta name=\"robots\" content=\"index, follow, max-snippet:-1, max-image-preview:large, max-video-preview:-1\" \/>\n<link rel=\"canonical\" href=\"https:\/\/www.rassegnastampa-totustuus.it\/cattolica\/come-un-capo-dei-white-helmets-siriani-si-e-preso-gioco-dei-media-occidentali\/\" \/>\n<meta property=\"og:locale\" content=\"it_IT\" \/>\n<meta property=\"og:type\" content=\"article\" \/>\n<meta property=\"og:title\" content=\"Come un capo dei White Helmets siriani si \u00e8 preso gioco dei Media Occidentali - Rassegna Stampa Cattolica\" \/>\n<meta property=\"og:description\" content=\"Rassegna Stampa Cattolica - Per una cultura che nasce dalla Rivelazione cristiana in conformit\u00e0 alla tradizione e al Magistero della Chiesa in opposizione ad ogni relativismo e totalitarismo\" \/>\n<meta property=\"og:url\" content=\"https:\/\/www.rassegnastampa-totustuus.it\/cattolica\/come-un-capo-dei-white-helmets-siriani-si-e-preso-gioco-dei-media-occidentali\/\" \/>\n<meta property=\"og:site_name\" content=\"Rassegna Stampa Cattolica\" \/>\n<meta property=\"article:publisher\" content=\"https:\/\/www.facebook.com\/rassegnastampacattolica\" \/>\n<meta property=\"article:published_time\" content=\"2017-01-11T23:00:34+00:00\" \/>\n<meta property=\"og:image\" content=\"https:\/\/www.rassegnastampa-totustuus.it\/cattolica\/wp-content\/uploads\/2016\/12\/white-helmets.jpg\" \/>\n\t<meta property=\"og:image:width\" content=\"300\" \/>\n\t<meta property=\"og:image:height\" content=\"168\" \/>\n\t<meta property=\"og:image:type\" content=\"image\/jpeg\" \/>\n<meta name=\"author\" content=\"Redazione\" \/>\n<meta name=\"twitter:card\" content=\"summary_large_image\" \/>\n<meta name=\"twitter:creator\" content=\"@rassegnastampa9\" \/>\n<meta name=\"twitter:site\" content=\"@rassegnastampa9\" \/>\n<meta name=\"twitter:label1\" content=\"Scritto da\" \/>\n\t<meta name=\"twitter:data1\" content=\"Redazione\" \/>\n\t<meta name=\"twitter:label2\" content=\"Tempo di lettura stimato\" \/>\n\t<meta name=\"twitter:data2\" content=\"13 minuti\" \/>\n<script type=\"application\/ld+json\" class=\"yoast-schema-graph\">{\"@context\":\"https:\\\/\\\/schema.org\",\"@graph\":[{\"@type\":\"Article\",\"@id\":\"https:\\\/\\\/www.rassegnastampa-totustuus.it\\\/cattolica\\\/come-un-capo-dei-white-helmets-siriani-si-e-preso-gioco-dei-media-occidentali\\\/#article\",\"isPartOf\":{\"@id\":\"https:\\\/\\\/www.rassegnastampa-totustuus.it\\\/cattolica\\\/come-un-capo-dei-white-helmets-siriani-si-e-preso-gioco-dei-media-occidentali\\\/\"},\"author\":{\"name\":\"Redazione\",\"@id\":\"https:\\\/\\\/www.rassegnastampa-totustuus.it\\\/cattolica\\\/#\\\/schema\\\/person\\\/08f319d2bd1a0904ad9e2bfb7b15e5c3\"},\"headline\":\"Come un capo dei White Helmets siriani si \u00e8 preso gioco dei Media Occidentali\",\"datePublished\":\"2017-01-11T23:00:34+00:00\",\"mainEntityOfPage\":{\"@id\":\"https:\\\/\\\/www.rassegnastampa-totustuus.it\\\/cattolica\\\/come-un-capo-dei-white-helmets-siriani-si-e-preso-gioco-dei-media-occidentali\\\/\"},\"wordCount\":2615,\"publisher\":{\"@id\":\"https:\\\/\\\/www.rassegnastampa-totustuus.it\\\/cattolica\\\/#organization\"},\"image\":{\"@id\":\"https:\\\/\\\/www.rassegnastampa-totustuus.it\\\/cattolica\\\/come-un-capo-dei-white-helmets-siriani-si-e-preso-gioco-dei-media-occidentali\\\/#primaryimage\"},\"thumbnailUrl\":\"https:\\\/\\\/www.rassegnastampa-totustuus.it\\\/cattolica\\\/wp-content\\\/uploads\\\/2016\\\/12\\\/white-helmets.jpg\",\"keywords\":[\"Siria\"],\"articleSection\":[\"Paesi e continenti\",\"Politica internazionale\"],\"inLanguage\":\"it-IT\"},{\"@type\":\"WebPage\",\"@id\":\"https:\\\/\\\/www.rassegnastampa-totustuus.it\\\/cattolica\\\/come-un-capo-dei-white-helmets-siriani-si-e-preso-gioco-dei-media-occidentali\\\/\",\"url\":\"https:\\\/\\\/www.rassegnastampa-totustuus.it\\\/cattolica\\\/come-un-capo-dei-white-helmets-siriani-si-e-preso-gioco-dei-media-occidentali\\\/\",\"name\":\"Come un capo dei White Helmets siriani si \u00e8 preso gioco dei Media Occidentali - Rassegna Stampa Cattolica\",\"isPartOf\":{\"@id\":\"https:\\\/\\\/www.rassegnastampa-totustuus.it\\\/cattolica\\\/#website\"},\"primaryImageOfPage\":{\"@id\":\"https:\\\/\\\/www.rassegnastampa-totustuus.it\\\/cattolica\\\/come-un-capo-dei-white-helmets-siriani-si-e-preso-gioco-dei-media-occidentali\\\/#primaryimage\"},\"image\":{\"@id\":\"https:\\\/\\\/www.rassegnastampa-totustuus.it\\\/cattolica\\\/come-un-capo-dei-white-helmets-siriani-si-e-preso-gioco-dei-media-occidentali\\\/#primaryimage\"},\"thumbnailUrl\":\"https:\\\/\\\/www.rassegnastampa-totustuus.it\\\/cattolica\\\/wp-content\\\/uploads\\\/2016\\\/12\\\/white-helmets.jpg\",\"datePublished\":\"2017-01-11T23:00:34+00:00\",\"description\":\"Rassegna Stampa Cattolica - Per una cultura che nasce dalla Rivelazione cristiana in conformit\u00e0 alla tradizione e al Magistero della Chiesa in opposizione ad ogni relativismo e totalitarismo\",\"breadcrumb\":{\"@id\":\"https:\\\/\\\/www.rassegnastampa-totustuus.it\\\/cattolica\\\/come-un-capo-dei-white-helmets-siriani-si-e-preso-gioco-dei-media-occidentali\\\/#breadcrumb\"},\"inLanguage\":\"it-IT\",\"potentialAction\":[{\"@type\":\"ReadAction\",\"target\":[\"https:\\\/\\\/www.rassegnastampa-totustuus.it\\\/cattolica\\\/come-un-capo-dei-white-helmets-siriani-si-e-preso-gioco-dei-media-occidentali\\\/\"]}]},{\"@type\":\"ImageObject\",\"inLanguage\":\"it-IT\",\"@id\":\"https:\\\/\\\/www.rassegnastampa-totustuus.it\\\/cattolica\\\/come-un-capo-dei-white-helmets-siriani-si-e-preso-gioco-dei-media-occidentali\\\/#primaryimage\",\"url\":\"https:\\\/\\\/www.rassegnastampa-totustuus.it\\\/cattolica\\\/wp-content\\\/uploads\\\/2016\\\/12\\\/white-helmets.jpg\",\"contentUrl\":\"https:\\\/\\\/www.rassegnastampa-totustuus.it\\\/cattolica\\\/wp-content\\\/uploads\\\/2016\\\/12\\\/white-helmets.jpg\",\"width\":300,\"height\":168},{\"@type\":\"BreadcrumbList\",\"@id\":\"https:\\\/\\\/www.rassegnastampa-totustuus.it\\\/cattolica\\\/come-un-capo-dei-white-helmets-siriani-si-e-preso-gioco-dei-media-occidentali\\\/#breadcrumb\",\"itemListElement\":[{\"@type\":\"ListItem\",\"position\":1,\"name\":\"Home\",\"item\":\"https:\\\/\\\/www.rassegnastampa-totustuus.it\\\/cattolica\\\/\"},{\"@type\":\"ListItem\",\"position\":2,\"name\":\"Come un capo dei White Helmets siriani si \u00e8 preso gioco dei Media Occidentali\"}]},{\"@type\":\"WebSite\",\"@id\":\"https:\\\/\\\/www.rassegnastampa-totustuus.it\\\/cattolica\\\/#website\",\"url\":\"https:\\\/\\\/www.rassegnastampa-totustuus.it\\\/cattolica\\\/\",\"name\":\"Rassegna Stampa Cattolica\",\"description\":\"Per una cultura che nasce dalla Rivelazione cristiana in conformit\u00e0 alla tradizione e al Magistero della Chiesa in opposizione ad ogni relativismo e totalitarismo\",\"publisher\":{\"@id\":\"https:\\\/\\\/www.rassegnastampa-totustuus.it\\\/cattolica\\\/#organization\"},\"alternateName\":\"Rass. Cattolica\",\"potentialAction\":[{\"@type\":\"SearchAction\",\"target\":{\"@type\":\"EntryPoint\",\"urlTemplate\":\"https:\\\/\\\/www.rassegnastampa-totustuus.it\\\/cattolica\\\/?s={search_term_string}\"},\"query-input\":{\"@type\":\"PropertyValueSpecification\",\"valueRequired\":true,\"valueName\":\"search_term_string\"}}],\"inLanguage\":\"it-IT\"},{\"@type\":\"Organization\",\"@id\":\"https:\\\/\\\/www.rassegnastampa-totustuus.it\\\/cattolica\\\/#organization\",\"name\":\"Rassegna Stampa Cattolica\",\"url\":\"https:\\\/\\\/www.rassegnastampa-totustuus.it\\\/cattolica\\\/\",\"logo\":{\"@type\":\"ImageObject\",\"inLanguage\":\"it-IT\",\"@id\":\"https:\\\/\\\/www.rassegnastampa-totustuus.it\\\/cattolica\\\/#\\\/schema\\\/logo\\\/image\\\/\",\"url\":\"https:\\\/\\\/www.rassegnastampa-totustuus.it\\\/cattolica\\\/wp-content\\\/uploads\\\/2014\\\/04\\\/logo-rassegna1.gif\",\"contentUrl\":\"https:\\\/\\\/www.rassegnastampa-totustuus.it\\\/cattolica\\\/wp-content\\\/uploads\\\/2014\\\/04\\\/logo-rassegna1.gif\",\"width\":600,\"height\":163,\"caption\":\"Rassegna Stampa Cattolica\"},\"image\":{\"@id\":\"https:\\\/\\\/www.rassegnastampa-totustuus.it\\\/cattolica\\\/#\\\/schema\\\/logo\\\/image\\\/\"},\"sameAs\":[\"https:\\\/\\\/www.facebook.com\\\/rassegnastampacattolica\",\"https:\\\/\\\/x.com\\\/rassegnastampa9\"]},{\"@type\":\"Person\",\"@id\":\"https:\\\/\\\/www.rassegnastampa-totustuus.it\\\/cattolica\\\/#\\\/schema\\\/person\\\/08f319d2bd1a0904ad9e2bfb7b15e5c3\",\"name\":\"Redazione\",\"image\":{\"@type\":\"ImageObject\",\"inLanguage\":\"it-IT\",\"@id\":\"https:\\\/\\\/secure.gravatar.com\\\/avatar\\\/2fcdf27c78ea025fbdb44e914cc63c72249ffec9dc8aafd5c82b26240ef3f346?s=96&d=mm&r=g\",\"url\":\"https:\\\/\\\/secure.gravatar.com\\\/avatar\\\/2fcdf27c78ea025fbdb44e914cc63c72249ffec9dc8aafd5c82b26240ef3f346?s=96&d=mm&r=g\",\"contentUrl\":\"https:\\\/\\\/secure.gravatar.com\\\/avatar\\\/2fcdf27c78ea025fbdb44e914cc63c72249ffec9dc8aafd5c82b26240ef3f346?s=96&d=mm&r=g\",\"caption\":\"Redazione\"},\"url\":\"https:\\\/\\\/www.rassegnastampa-totustuus.it\\\/cattolica\\\/author\\\/pietroelle\\\/\"}]}<\/script>\n<!-- \/ Yoast SEO plugin. -->","yoast_head_json":{"title":"Come un capo dei White Helmets siriani si \u00e8 preso gioco dei Media Occidentali - Rassegna Stampa Cattolica","description":"Rassegna Stampa Cattolica - Per una cultura che nasce dalla Rivelazione cristiana in conformit\u00e0 alla tradizione e al Magistero della Chiesa in opposizione ad ogni relativismo e totalitarismo","robots":{"index":"index","follow":"follow","max-snippet":"max-snippet:-1","max-image-preview":"max-image-preview:large","max-video-preview":"max-video-preview:-1"},"canonical":"https:\/\/www.rassegnastampa-totustuus.it\/cattolica\/come-un-capo-dei-white-helmets-siriani-si-e-preso-gioco-dei-media-occidentali\/","og_locale":"it_IT","og_type":"article","og_title":"Come un capo dei White Helmets siriani si \u00e8 preso gioco dei Media Occidentali - Rassegna Stampa Cattolica","og_description":"Rassegna Stampa Cattolica - Per una cultura che nasce dalla Rivelazione cristiana in conformit\u00e0 alla tradizione e al Magistero della Chiesa in opposizione ad ogni relativismo e totalitarismo","og_url":"https:\/\/www.rassegnastampa-totustuus.it\/cattolica\/come-un-capo-dei-white-helmets-siriani-si-e-preso-gioco-dei-media-occidentali\/","og_site_name":"Rassegna Stampa Cattolica","article_publisher":"https:\/\/www.facebook.com\/rassegnastampacattolica","article_published_time":"2017-01-11T23:00:34+00:00","og_image":[{"width":300,"height":168,"url":"https:\/\/www.rassegnastampa-totustuus.it\/cattolica\/wp-content\/uploads\/2016\/12\/white-helmets.jpg","type":"image\/jpeg"}],"author":"Redazione","twitter_card":"summary_large_image","twitter_creator":"@rassegnastampa9","twitter_site":"@rassegnastampa9","twitter_misc":{"Scritto da":"Redazione","Tempo di lettura stimato":"13 minuti"},"schema":{"@context":"https:\/\/schema.org","@graph":[{"@type":"Article","@id":"https:\/\/www.rassegnastampa-totustuus.it\/cattolica\/come-un-capo-dei-white-helmets-siriani-si-e-preso-gioco-dei-media-occidentali\/#article","isPartOf":{"@id":"https:\/\/www.rassegnastampa-totustuus.it\/cattolica\/come-un-capo-dei-white-helmets-siriani-si-e-preso-gioco-dei-media-occidentali\/"},"author":{"name":"Redazione","@id":"https:\/\/www.rassegnastampa-totustuus.it\/cattolica\/#\/schema\/person\/08f319d2bd1a0904ad9e2bfb7b15e5c3"},"headline":"Come un capo dei White Helmets siriani si \u00e8 preso gioco dei Media Occidentali","datePublished":"2017-01-11T23:00:34+00:00","mainEntityOfPage":{"@id":"https:\/\/www.rassegnastampa-totustuus.it\/cattolica\/come-un-capo-dei-white-helmets-siriani-si-e-preso-gioco-dei-media-occidentali\/"},"wordCount":2615,"publisher":{"@id":"https:\/\/www.rassegnastampa-totustuus.it\/cattolica\/#organization"},"image":{"@id":"https:\/\/www.rassegnastampa-totustuus.it\/cattolica\/come-un-capo-dei-white-helmets-siriani-si-e-preso-gioco-dei-media-occidentali\/#primaryimage"},"thumbnailUrl":"https:\/\/www.rassegnastampa-totustuus.it\/cattolica\/wp-content\/uploads\/2016\/12\/white-helmets.jpg","keywords":["Siria"],"articleSection":["Paesi e continenti","Politica internazionale"],"inLanguage":"it-IT"},{"@type":"WebPage","@id":"https:\/\/www.rassegnastampa-totustuus.it\/cattolica\/come-un-capo-dei-white-helmets-siriani-si-e-preso-gioco-dei-media-occidentali\/","url":"https:\/\/www.rassegnastampa-totustuus.it\/cattolica\/come-un-capo-dei-white-helmets-siriani-si-e-preso-gioco-dei-media-occidentali\/","name":"Come un capo dei White Helmets siriani si \u00e8 preso gioco dei Media Occidentali - Rassegna Stampa Cattolica","isPartOf":{"@id":"https:\/\/www.rassegnastampa-totustuus.it\/cattolica\/#website"},"primaryImageOfPage":{"@id":"https:\/\/www.rassegnastampa-totustuus.it\/cattolica\/come-un-capo-dei-white-helmets-siriani-si-e-preso-gioco-dei-media-occidentali\/#primaryimage"},"image":{"@id":"https:\/\/www.rassegnastampa-totustuus.it\/cattolica\/come-un-capo-dei-white-helmets-siriani-si-e-preso-gioco-dei-media-occidentali\/#primaryimage"},"thumbnailUrl":"https:\/\/www.rassegnastampa-totustuus.it\/cattolica\/wp-content\/uploads\/2016\/12\/white-helmets.jpg","datePublished":"2017-01-11T23:00:34+00:00","description":"Rassegna Stampa Cattolica - Per una cultura che nasce dalla Rivelazione cristiana in conformit\u00e0 alla tradizione e al Magistero della Chiesa in opposizione ad ogni relativismo e totalitarismo","breadcrumb":{"@id":"https:\/\/www.rassegnastampa-totustuus.it\/cattolica\/come-un-capo-dei-white-helmets-siriani-si-e-preso-gioco-dei-media-occidentali\/#breadcrumb"},"inLanguage":"it-IT","potentialAction":[{"@type":"ReadAction","target":["https:\/\/www.rassegnastampa-totustuus.it\/cattolica\/come-un-capo-dei-white-helmets-siriani-si-e-preso-gioco-dei-media-occidentali\/"]}]},{"@type":"ImageObject","inLanguage":"it-IT","@id":"https:\/\/www.rassegnastampa-totustuus.it\/cattolica\/come-un-capo-dei-white-helmets-siriani-si-e-preso-gioco-dei-media-occidentali\/#primaryimage","url":"https:\/\/www.rassegnastampa-totustuus.it\/cattolica\/wp-content\/uploads\/2016\/12\/white-helmets.jpg","contentUrl":"https:\/\/www.rassegnastampa-totustuus.it\/cattolica\/wp-content\/uploads\/2016\/12\/white-helmets.jpg","width":300,"height":168},{"@type":"BreadcrumbList","@id":"https:\/\/www.rassegnastampa-totustuus.it\/cattolica\/come-un-capo-dei-white-helmets-siriani-si-e-preso-gioco-dei-media-occidentali\/#breadcrumb","itemListElement":[{"@type":"ListItem","position":1,"name":"Home","item":"https:\/\/www.rassegnastampa-totustuus.it\/cattolica\/"},{"@type":"ListItem","position":2,"name":"Come un capo dei White Helmets siriani si \u00e8 preso gioco dei Media Occidentali"}]},{"@type":"WebSite","@id":"https:\/\/www.rassegnastampa-totustuus.it\/cattolica\/#website","url":"https:\/\/www.rassegnastampa-totustuus.it\/cattolica\/","name":"Rassegna Stampa Cattolica","description":"Per una cultura che nasce dalla Rivelazione cristiana in conformit\u00e0 alla tradizione e al Magistero della Chiesa in opposizione ad ogni relativismo e totalitarismo","publisher":{"@id":"https:\/\/www.rassegnastampa-totustuus.it\/cattolica\/#organization"},"alternateName":"Rass. Cattolica","potentialAction":[{"@type":"SearchAction","target":{"@type":"EntryPoint","urlTemplate":"https:\/\/www.rassegnastampa-totustuus.it\/cattolica\/?s={search_term_string}"},"query-input":{"@type":"PropertyValueSpecification","valueRequired":true,"valueName":"search_term_string"}}],"inLanguage":"it-IT"},{"@type":"Organization","@id":"https:\/\/www.rassegnastampa-totustuus.it\/cattolica\/#organization","name":"Rassegna Stampa Cattolica","url":"https:\/\/www.rassegnastampa-totustuus.it\/cattolica\/","logo":{"@type":"ImageObject","inLanguage":"it-IT","@id":"https:\/\/www.rassegnastampa-totustuus.it\/cattolica\/#\/schema\/logo\/image\/","url":"https:\/\/www.rassegnastampa-totustuus.it\/cattolica\/wp-content\/uploads\/2014\/04\/logo-rassegna1.gif","contentUrl":"https:\/\/www.rassegnastampa-totustuus.it\/cattolica\/wp-content\/uploads\/2014\/04\/logo-rassegna1.gif","width":600,"height":163,"caption":"Rassegna Stampa Cattolica"},"image":{"@id":"https:\/\/www.rassegnastampa-totustuus.it\/cattolica\/#\/schema\/logo\/image\/"},"sameAs":["https:\/\/www.facebook.com\/rassegnastampacattolica","https:\/\/x.com\/rassegnastampa9"]},{"@type":"Person","@id":"https:\/\/www.rassegnastampa-totustuus.it\/cattolica\/#\/schema\/person\/08f319d2bd1a0904ad9e2bfb7b15e5c3","name":"Redazione","image":{"@type":"ImageObject","inLanguage":"it-IT","@id":"https:\/\/secure.gravatar.com\/avatar\/2fcdf27c78ea025fbdb44e914cc63c72249ffec9dc8aafd5c82b26240ef3f346?s=96&d=mm&r=g","url":"https:\/\/secure.gravatar.com\/avatar\/2fcdf27c78ea025fbdb44e914cc63c72249ffec9dc8aafd5c82b26240ef3f346?s=96&d=mm&r=g","contentUrl":"https:\/\/secure.gravatar.com\/avatar\/2fcdf27c78ea025fbdb44e914cc63c72249ffec9dc8aafd5c82b26240ef3f346?s=96&d=mm&r=g","caption":"Redazione"},"url":"https:\/\/www.rassegnastampa-totustuus.it\/cattolica\/author\/pietroelle\/"}]}},"_links":{"self":[{"href":"https:\/\/www.rassegnastampa-totustuus.it\/cattolica\/wp-json\/wp\/v2\/posts\/36964","targetHints":{"allow":["GET"]}}],"collection":[{"href":"https:\/\/www.rassegnastampa-totustuus.it\/cattolica\/wp-json\/wp\/v2\/posts"}],"about":[{"href":"https:\/\/www.rassegnastampa-totustuus.it\/cattolica\/wp-json\/wp\/v2\/types\/post"}],"author":[{"embeddable":true,"href":"https:\/\/www.rassegnastampa-totustuus.it\/cattolica\/wp-json\/wp\/v2\/users\/6"}],"replies":[{"embeddable":true,"href":"https:\/\/www.rassegnastampa-totustuus.it\/cattolica\/wp-json\/wp\/v2\/comments?post=36964"}],"version-history":[{"count":1,"href":"https:\/\/www.rassegnastampa-totustuus.it\/cattolica\/wp-json\/wp\/v2\/posts\/36964\/revisions"}],"predecessor-version":[{"id":36966,"href":"https:\/\/www.rassegnastampa-totustuus.it\/cattolica\/wp-json\/wp\/v2\/posts\/36964\/revisions\/36966"}],"wp:featuredmedia":[{"embeddable":true,"href":"https:\/\/www.rassegnastampa-totustuus.it\/cattolica\/wp-json\/wp\/v2\/media\/36965"}],"wp:attachment":[{"href":"https:\/\/www.rassegnastampa-totustuus.it\/cattolica\/wp-json\/wp\/v2\/media?parent=36964"}],"wp:term":[{"taxonomy":"category","embeddable":true,"href":"https:\/\/www.rassegnastampa-totustuus.it\/cattolica\/wp-json\/wp\/v2\/categories?post=36964"},{"taxonomy":"post_tag","embeddable":true,"href":"https:\/\/www.rassegnastampa-totustuus.it\/cattolica\/wp-json\/wp\/v2\/tags?post=36964"}],"curies":[{"name":"wp","href":"https:\/\/api.w.org\/{rel}","templated":true}]}}