{"id":36931,"date":"2016-12-22T00:00:19","date_gmt":"2016-12-21T23:00:19","guid":{"rendered":"http:\/\/www.rassegnastampa-totustuus.it\/cattolica\/?p=36931"},"modified":"2016-12-18T13:40:13","modified_gmt":"2016-12-18T12:40:13","slug":"il-nuovo-ordine-delleuropa-distruggere-ogni-differenza","status":"publish","type":"post","link":"https:\/\/www.rassegnastampa-totustuus.it\/cattolica\/il-nuovo-ordine-delleuropa-distruggere-ogni-differenza\/","title":{"rendered":"Il nuovo ordine dell&#8217;Europa: distruggere ogni differenza"},"content":{"rendered":"<p style=\"text-align: center;\"><strong><img loading=\"lazy\" decoding=\"async\" class=\"alignleft wp-image-36933\" src=\"https:\/\/www.rassegnastampa-totustuus.it\/cattolica\/wp-content\/uploads\/2016\/12\/scuola-superiore.jpg\" alt=\"scuola-superiore\" width=\"250\" height=\"140\" \/>Il Giornale<\/strong> 23 Novembre 2013<\/p>\n<p style=\"text-align: justify;\"><em>Azzerate le scienze umane, cresce l&#8217;analfabetismo, l&#8217;insegnamento \u00e8 a senso unico Risultato? La formazione omologata degli individui, anzi dei &#8220;cittadini del mondo&#8221;<\/em><\/p>\n<p style=\"text-align: center;\"><strong>Ida Magli<\/strong><\/p>\n<p style=\"text-align: center;\"><!--more--><\/p>\n<p style=\"text-align: justify;\">All&#8217;inizio degli anni Novanta le scienze umane sono state fatte sparire dall&#8217;orizzonte dell&#8217;informazione di massa, semplicemente con il silenzio, non parlandone pi\u00f9. Dato l&#8217;enorme entusiasmo che avevano suscitato nel periodo che va dalla fine della Seconda guerra mondiale fino agli anni Novanta, il fatto che nessuno abbia fatto rilevare questa sparizione sarebbe \u00abstrano\u00bb se non rappresentasse la conferma che la sparizione \u00e8 stata voluta.<\/p>\n<p style=\"text-align: justify;\">Le cattedre ovviamente sussistono, ma le loro scienze non fanno pi\u00f9 notizia. Contemporaneamente sono state eliminate dalle scuole, per ordine dell&#8217;Ue, antiche, nobilissime e essenziali discipline come la geografia, la letteratura latina e greca con le lingue corrispondenti, riducendole tutte a fantasmi, innocui brandelli di un sapere inesistente. Perfino la storia, privata di tutti i contributi metodologici di cui l&#8217;epoca moderna l&#8217;aveva arricchita, sembra diventata un residuo d&#8217;altri tempi, impotente a dare agli uomini quella consapevolezza di se stessi che ne \u00e8 il frutto principale, conquista fondamentale della civilt\u00e0 europea. Anche questo \u00e8 stato deciso e messo in atto nel pi\u00f9 completo silenzio.<\/p>\n<p style=\"text-align: justify;\"><img loading=\"lazy\" decoding=\"async\" class=\"alignright wp-image-7461\" src=\"https:\/\/www.rassegnastampa-totustuus.it\/cattolica\/wp-content\/uploads\/2014\/05\/europarlamento.jpg\" alt=\"europarlamento\" width=\"250\" height=\"187\" \/>Sembra di vivere in una societ\u00e0 di analfabeti, dove nessuno \u00e8 in grado di valutare e di esprimere un giudizio su simili provvedimenti. Eppure anche soltanto il corpo insegnanti italiano (ma il decreto riguarda tutte le scuole dell&#8217;Ue) \u00e8 costituito da circa un milione di persone. Come mai non hanno protestato, non hanno espresso il loro parere su una decisione cos\u00ec grave? Di fatto i governanti, provvedendo a educare tutti con le scuole di Stato, hanno dettato anche il tipo di insegnamento cui i sudditi debbono essere sottoposti, tipo d&#8217;insegnamento che possiamo riassumere nel dato che segue: gli studenti debbono studiare in modo da non imparare nulla, o quasi.<\/p>\n<p style=\"text-align: justify;\">Per prima cosa non debbono imparare a \u00abpensare\u00bb, a che cosa serva \u00abpensare\u00bb, a che cosa serva \u00abconoscere\u00bb; di conseguenza, debbono imparare tutto senza imparare nulla su di s\u00e9, sulla propria vita, sul proprio ambiente, sul proprio gruppo, sulla propria storia, sulle istituzioni e sul potere che le regge. Sembra evidente che tutto questo sia stato programmato in vista dell&#8217;ideologia di chi comanda in Europa, o almeno di quello che si suppone sia questa ideologia: l&#8217;omogeneizzazione mondiale, la formazione di persone tutte uguali: i \u00abcittadini del mondo\u00bb.<\/p>\n<p style=\"text-align: justify;\">\u00c8 obbligatorio, pertanto, insegnare ai ragazzi quale sia la verit\u00e0 sul sesso stabilita dal Potere. Non quella che il bambino vede, sente, tocca su di s\u00e9 da quando \u00e8 nato, quella della natura che ha fornito il pene e l&#8217;utero per la prosecuzione della specie, Dna diversi fra maschi e femmine, cos\u00ec come ha fornito gli occhi per vedere, i polmoni per respirare, ma quella del gender (termine che non viene mai tradotto vista la sua ambiguit\u00e0). Che poi \u00e8 ovviamente quella imposta dagli omosessuali \u00abmaschi\u00bb e che l&#8217;Italia ha approvato: si \u00e8 maschi o femmine, o anche trans, se l&#8217;individuo crede o pensa o desidera, o \u00absente\u00bb di esserlo.<\/p>\n<p style=\"text-align: justify;\">Il Consiglio d&#8217;Europa ha fornito la traccia obbligatoria per tutti. Al Policlinico di Bari si effettuano cambiamenti di sesso con 170mila euro a intervento forniti dalla Regione Puglia, stanziamento che naturalmente serve a incrementarli. Perch\u00e9 si vogliono rendere pi\u00f9 frequenti e \u00abnormalizzare\u00bb i cambiamenti di sesso caricandone la spesa sulle spalle della societ\u00e0? La spiegazione va cercata nel loro desiderio di integrazione. Le tecniche chirurgiche odierne facilitano questo scopo, anche se si tratta di operazioni di per s\u00e9 molto complesse, e che lasciano sempre, o quasi sempre, conseguenze negative fisiche e psicologiche.<\/p>\n<p style=\"text-align: justify;\"><img loading=\"lazy\" decoding=\"async\" class=\"alignleft wp-image-35716\" src=\"https:\/\/www.rassegnastampa-totustuus.it\/cattolica\/wp-content\/uploads\/2012\/06\/genderless.jpg\" alt=\"genderless\" width=\"160\" height=\"200\" \/>Una cosa, per\u00f2, la si pu\u00f2 dedurre con sicurezza da questi comportamenti: nella direzione di senso impressa all&#8217;Europa dal Laboratorio per la Distruzione l&#8217;uguaglianza finale non sar\u00e0 soltanto quella delle idee, della lingua, della religione, della Patria, ma anche fisica. L&#8217;uguaglianza che si persegue, per\u00f2, \u00e8 il pi\u00f9 possibile \u00abindistinta\u00bb, di cui il modello \u00e8 il \u00abtrans\u00bb \\. Quello che abbiamo davanti oggi, dunque, in Occidente, \u00e8 il mondo della non-forma che pretende di diventare modello prevalente sulla forma. \u00c8 ci\u00f2 cui tende il Laboratorio per la Distruzione: nulla \u00e8 pi\u00f9 debole della non-forma. Come \u00e8 ovvio, sul grigio cui si sta riducendo l&#8217;Europa, debolissimo di per s\u00e9, vincer\u00e0 il \u00abnero\u00bb.<\/p>\n<p style=\"text-align: justify;\">Si tratta, dunque, di preparare i giovani a non appartenere a nulla, a non identificarsi in nulla, a non sapere orientarsi sessualmente ma anche geograficamente, come \u00e8 stato affermato con semplicit\u00e0 eliminando la geografia dagli insegnamenti scolastici: a che servirebbe visto che il pianeta appartiene a tutti? Perfino della psichiatria e del problema dei malati di mente, di cui si era discusso in Italia con grande passione dal &#8217;68 in poi a causa delle teorie di Franco Basaglia sulla necessit\u00e0 di chiudere i manicomi e di liberare i pazienti da una vita presso a poco carceraria, adesso non si sente pi\u00f9 parlare. Non esistono pi\u00f9 malati di mente? Come si curano? Come se la cavano i parenti nell&#8217;assisterli? Non lo sappiamo. \u00c8 evidente che l&#8217;informazione in proposito \u00e8 stata messa a tacere.<\/p>\n","protected":false},"excerpt":{"rendered":"<p>Il Giornale 23 Novembre 2013 Azzerate le scienze umane, cresce l&#8217;analfabetismo, l&#8217;insegnamento \u00e8 a senso unico Risultato? La formazione omologata degli individui, anzi dei &#8220;cittadini del mondo&#8221; Ida Magli<\/p><p><a class=\"more-link btn\" href=\"https:\/\/www.rassegnastampa-totustuus.it\/cattolica\/il-nuovo-ordine-delleuropa-distruggere-ogni-differenza\/\">Continua a leggere<\/a><\/p>\n","protected":false},"author":6,"featured_media":36933,"comment_status":"closed","ping_status":"closed","sticky":false,"template":"","format":"standard","meta":{"footnotes":""},"categories":[14,23],"tags":[2415,489],"class_list":["post-36931","post","type-post","status-publish","format-standard","has-post-thumbnail","hentry","category-europa-e-ue","category-scuola-ed-educazione","tag-manipolazione-del-pensiero","tag-tecnocrazia-2","item-wrap"],"yoast_head":"<!-- This site is optimized with the Yoast SEO plugin v27.5 - https:\/\/yoast.com\/product\/yoast-seo-wordpress\/ -->\n<title>Il nuovo ordine dell&#039;Europa: distruggere ogni differenza - Rassegna Stampa Cattolica<\/title>\n<meta name=\"description\" content=\"Rassegna Stampa Cattolica - Per una cultura che nasce dalla Rivelazione cristiana in conformit\u00e0 alla tradizione e al Magistero della Chiesa in opposizione ad ogni relativismo e totalitarismo\" \/>\n<meta name=\"robots\" content=\"index, follow, max-snippet:-1, max-image-preview:large, max-video-preview:-1\" \/>\n<link rel=\"canonical\" href=\"https:\/\/www.rassegnastampa-totustuus.it\/cattolica\/il-nuovo-ordine-delleuropa-distruggere-ogni-differenza\/\" \/>\n<meta property=\"og:locale\" content=\"it_IT\" \/>\n<meta property=\"og:type\" content=\"article\" \/>\n<meta property=\"og:title\" content=\"Il nuovo ordine dell&#039;Europa: distruggere ogni differenza - Rassegna Stampa Cattolica\" \/>\n<meta property=\"og:description\" content=\"Rassegna Stampa Cattolica - Per una cultura che nasce dalla Rivelazione cristiana in conformit\u00e0 alla tradizione e al Magistero della Chiesa in opposizione ad ogni relativismo e totalitarismo\" \/>\n<meta property=\"og:url\" content=\"https:\/\/www.rassegnastampa-totustuus.it\/cattolica\/il-nuovo-ordine-delleuropa-distruggere-ogni-differenza\/\" \/>\n<meta property=\"og:site_name\" content=\"Rassegna Stampa Cattolica\" \/>\n<meta property=\"article:publisher\" content=\"https:\/\/www.facebook.com\/rassegnastampacattolica\" \/>\n<meta property=\"article:published_time\" content=\"2016-12-21T23:00:19+00:00\" \/>\n<meta property=\"og:image\" content=\"https:\/\/www.rassegnastampa-totustuus.it\/cattolica\/wp-content\/uploads\/2016\/12\/scuola-superiore.jpg\" \/>\n\t<meta property=\"og:image:width\" content=\"300\" \/>\n\t<meta property=\"og:image:height\" content=\"168\" \/>\n\t<meta property=\"og:image:type\" content=\"image\/jpeg\" \/>\n<meta name=\"author\" content=\"Redazione\" \/>\n<meta name=\"twitter:card\" content=\"summary_large_image\" \/>\n<meta name=\"twitter:creator\" content=\"@rassegnastampa9\" \/>\n<meta name=\"twitter:site\" content=\"@rassegnastampa9\" \/>\n<meta name=\"twitter:label1\" content=\"Scritto da\" \/>\n\t<meta name=\"twitter:data1\" content=\"Redazione\" \/>\n\t<meta name=\"twitter:label2\" content=\"Tempo di lettura stimato\" \/>\n\t<meta name=\"twitter:data2\" content=\"4 minuti\" \/>\n<script type=\"application\/ld+json\" class=\"yoast-schema-graph\">{\"@context\":\"https:\\\/\\\/schema.org\",\"@graph\":[{\"@type\":\"Article\",\"@id\":\"https:\\\/\\\/www.rassegnastampa-totustuus.it\\\/cattolica\\\/il-nuovo-ordine-delleuropa-distruggere-ogni-differenza\\\/#article\",\"isPartOf\":{\"@id\":\"https:\\\/\\\/www.rassegnastampa-totustuus.it\\\/cattolica\\\/il-nuovo-ordine-delleuropa-distruggere-ogni-differenza\\\/\"},\"author\":{\"name\":\"Redazione\",\"@id\":\"https:\\\/\\\/www.rassegnastampa-totustuus.it\\\/cattolica\\\/#\\\/schema\\\/person\\\/08f319d2bd1a0904ad9e2bfb7b15e5c3\"},\"headline\":\"Il nuovo ordine dell&#8217;Europa: distruggere ogni differenza\",\"datePublished\":\"2016-12-21T23:00:19+00:00\",\"mainEntityOfPage\":{\"@id\":\"https:\\\/\\\/www.rassegnastampa-totustuus.it\\\/cattolica\\\/il-nuovo-ordine-delleuropa-distruggere-ogni-differenza\\\/\"},\"wordCount\":846,\"publisher\":{\"@id\":\"https:\\\/\\\/www.rassegnastampa-totustuus.it\\\/cattolica\\\/#organization\"},\"image\":{\"@id\":\"https:\\\/\\\/www.rassegnastampa-totustuus.it\\\/cattolica\\\/il-nuovo-ordine-delleuropa-distruggere-ogni-differenza\\\/#primaryimage\"},\"thumbnailUrl\":\"https:\\\/\\\/www.rassegnastampa-totustuus.it\\\/cattolica\\\/wp-content\\\/uploads\\\/2016\\\/12\\\/scuola-superiore.jpg\",\"keywords\":[\"manipolazione del pensiero\",\"tecnocrazia\"],\"articleSection\":[\"Europa e UE\",\"Scuola ed educazione\"],\"inLanguage\":\"it-IT\"},{\"@type\":\"WebPage\",\"@id\":\"https:\\\/\\\/www.rassegnastampa-totustuus.it\\\/cattolica\\\/il-nuovo-ordine-delleuropa-distruggere-ogni-differenza\\\/\",\"url\":\"https:\\\/\\\/www.rassegnastampa-totustuus.it\\\/cattolica\\\/il-nuovo-ordine-delleuropa-distruggere-ogni-differenza\\\/\",\"name\":\"Il nuovo ordine dell'Europa: distruggere ogni differenza - Rassegna Stampa Cattolica\",\"isPartOf\":{\"@id\":\"https:\\\/\\\/www.rassegnastampa-totustuus.it\\\/cattolica\\\/#website\"},\"primaryImageOfPage\":{\"@id\":\"https:\\\/\\\/www.rassegnastampa-totustuus.it\\\/cattolica\\\/il-nuovo-ordine-delleuropa-distruggere-ogni-differenza\\\/#primaryimage\"},\"image\":{\"@id\":\"https:\\\/\\\/www.rassegnastampa-totustuus.it\\\/cattolica\\\/il-nuovo-ordine-delleuropa-distruggere-ogni-differenza\\\/#primaryimage\"},\"thumbnailUrl\":\"https:\\\/\\\/www.rassegnastampa-totustuus.it\\\/cattolica\\\/wp-content\\\/uploads\\\/2016\\\/12\\\/scuola-superiore.jpg\",\"datePublished\":\"2016-12-21T23:00:19+00:00\",\"description\":\"Rassegna Stampa Cattolica - Per una cultura che nasce dalla Rivelazione cristiana in conformit\u00e0 alla tradizione e al Magistero della Chiesa in opposizione ad ogni relativismo e totalitarismo\",\"breadcrumb\":{\"@id\":\"https:\\\/\\\/www.rassegnastampa-totustuus.it\\\/cattolica\\\/il-nuovo-ordine-delleuropa-distruggere-ogni-differenza\\\/#breadcrumb\"},\"inLanguage\":\"it-IT\",\"potentialAction\":[{\"@type\":\"ReadAction\",\"target\":[\"https:\\\/\\\/www.rassegnastampa-totustuus.it\\\/cattolica\\\/il-nuovo-ordine-delleuropa-distruggere-ogni-differenza\\\/\"]}]},{\"@type\":\"ImageObject\",\"inLanguage\":\"it-IT\",\"@id\":\"https:\\\/\\\/www.rassegnastampa-totustuus.it\\\/cattolica\\\/il-nuovo-ordine-delleuropa-distruggere-ogni-differenza\\\/#primaryimage\",\"url\":\"https:\\\/\\\/www.rassegnastampa-totustuus.it\\\/cattolica\\\/wp-content\\\/uploads\\\/2016\\\/12\\\/scuola-superiore.jpg\",\"contentUrl\":\"https:\\\/\\\/www.rassegnastampa-totustuus.it\\\/cattolica\\\/wp-content\\\/uploads\\\/2016\\\/12\\\/scuola-superiore.jpg\",\"width\":300,\"height\":168},{\"@type\":\"BreadcrumbList\",\"@id\":\"https:\\\/\\\/www.rassegnastampa-totustuus.it\\\/cattolica\\\/il-nuovo-ordine-delleuropa-distruggere-ogni-differenza\\\/#breadcrumb\",\"itemListElement\":[{\"@type\":\"ListItem\",\"position\":1,\"name\":\"Home\",\"item\":\"https:\\\/\\\/www.rassegnastampa-totustuus.it\\\/cattolica\\\/\"},{\"@type\":\"ListItem\",\"position\":2,\"name\":\"Il nuovo ordine dell&#8217;Europa: distruggere ogni differenza\"}]},{\"@type\":\"WebSite\",\"@id\":\"https:\\\/\\\/www.rassegnastampa-totustuus.it\\\/cattolica\\\/#website\",\"url\":\"https:\\\/\\\/www.rassegnastampa-totustuus.it\\\/cattolica\\\/\",\"name\":\"Rassegna Stampa Cattolica\",\"description\":\"Per una cultura che nasce dalla Rivelazione cristiana in conformit\u00e0 alla tradizione e al Magistero della Chiesa in opposizione ad ogni relativismo e totalitarismo\",\"publisher\":{\"@id\":\"https:\\\/\\\/www.rassegnastampa-totustuus.it\\\/cattolica\\\/#organization\"},\"alternateName\":\"Rass. Cattolica\",\"potentialAction\":[{\"@type\":\"SearchAction\",\"target\":{\"@type\":\"EntryPoint\",\"urlTemplate\":\"https:\\\/\\\/www.rassegnastampa-totustuus.it\\\/cattolica\\\/?s={search_term_string}\"},\"query-input\":{\"@type\":\"PropertyValueSpecification\",\"valueRequired\":true,\"valueName\":\"search_term_string\"}}],\"inLanguage\":\"it-IT\"},{\"@type\":\"Organization\",\"@id\":\"https:\\\/\\\/www.rassegnastampa-totustuus.it\\\/cattolica\\\/#organization\",\"name\":\"Rassegna Stampa Cattolica\",\"url\":\"https:\\\/\\\/www.rassegnastampa-totustuus.it\\\/cattolica\\\/\",\"logo\":{\"@type\":\"ImageObject\",\"inLanguage\":\"it-IT\",\"@id\":\"https:\\\/\\\/www.rassegnastampa-totustuus.it\\\/cattolica\\\/#\\\/schema\\\/logo\\\/image\\\/\",\"url\":\"https:\\\/\\\/www.rassegnastampa-totustuus.it\\\/cattolica\\\/wp-content\\\/uploads\\\/2014\\\/04\\\/logo-rassegna1.gif\",\"contentUrl\":\"https:\\\/\\\/www.rassegnastampa-totustuus.it\\\/cattolica\\\/wp-content\\\/uploads\\\/2014\\\/04\\\/logo-rassegna1.gif\",\"width\":600,\"height\":163,\"caption\":\"Rassegna Stampa Cattolica\"},\"image\":{\"@id\":\"https:\\\/\\\/www.rassegnastampa-totustuus.it\\\/cattolica\\\/#\\\/schema\\\/logo\\\/image\\\/\"},\"sameAs\":[\"https:\\\/\\\/www.facebook.com\\\/rassegnastampacattolica\",\"https:\\\/\\\/x.com\\\/rassegnastampa9\"]},{\"@type\":\"Person\",\"@id\":\"https:\\\/\\\/www.rassegnastampa-totustuus.it\\\/cattolica\\\/#\\\/schema\\\/person\\\/08f319d2bd1a0904ad9e2bfb7b15e5c3\",\"name\":\"Redazione\",\"image\":{\"@type\":\"ImageObject\",\"inLanguage\":\"it-IT\",\"@id\":\"https:\\\/\\\/secure.gravatar.com\\\/avatar\\\/2fcdf27c78ea025fbdb44e914cc63c72249ffec9dc8aafd5c82b26240ef3f346?s=96&d=mm&r=g\",\"url\":\"https:\\\/\\\/secure.gravatar.com\\\/avatar\\\/2fcdf27c78ea025fbdb44e914cc63c72249ffec9dc8aafd5c82b26240ef3f346?s=96&d=mm&r=g\",\"contentUrl\":\"https:\\\/\\\/secure.gravatar.com\\\/avatar\\\/2fcdf27c78ea025fbdb44e914cc63c72249ffec9dc8aafd5c82b26240ef3f346?s=96&d=mm&r=g\",\"caption\":\"Redazione\"},\"url\":\"https:\\\/\\\/www.rassegnastampa-totustuus.it\\\/cattolica\\\/author\\\/pietroelle\\\/\"}]}<\/script>\n<!-- \/ Yoast SEO plugin. -->","yoast_head_json":{"title":"Il nuovo ordine dell'Europa: distruggere ogni differenza - Rassegna Stampa Cattolica","description":"Rassegna Stampa Cattolica - Per una cultura che nasce dalla Rivelazione cristiana in conformit\u00e0 alla tradizione e al Magistero della Chiesa in opposizione ad ogni relativismo e totalitarismo","robots":{"index":"index","follow":"follow","max-snippet":"max-snippet:-1","max-image-preview":"max-image-preview:large","max-video-preview":"max-video-preview:-1"},"canonical":"https:\/\/www.rassegnastampa-totustuus.it\/cattolica\/il-nuovo-ordine-delleuropa-distruggere-ogni-differenza\/","og_locale":"it_IT","og_type":"article","og_title":"Il nuovo ordine dell'Europa: distruggere ogni differenza - Rassegna Stampa Cattolica","og_description":"Rassegna Stampa Cattolica - Per una cultura che nasce dalla Rivelazione cristiana in conformit\u00e0 alla tradizione e al Magistero della Chiesa in opposizione ad ogni relativismo e totalitarismo","og_url":"https:\/\/www.rassegnastampa-totustuus.it\/cattolica\/il-nuovo-ordine-delleuropa-distruggere-ogni-differenza\/","og_site_name":"Rassegna Stampa Cattolica","article_publisher":"https:\/\/www.facebook.com\/rassegnastampacattolica","article_published_time":"2016-12-21T23:00:19+00:00","og_image":[{"width":300,"height":168,"url":"https:\/\/www.rassegnastampa-totustuus.it\/cattolica\/wp-content\/uploads\/2016\/12\/scuola-superiore.jpg","type":"image\/jpeg"}],"author":"Redazione","twitter_card":"summary_large_image","twitter_creator":"@rassegnastampa9","twitter_site":"@rassegnastampa9","twitter_misc":{"Scritto da":"Redazione","Tempo di lettura stimato":"4 minuti"},"schema":{"@context":"https:\/\/schema.org","@graph":[{"@type":"Article","@id":"https:\/\/www.rassegnastampa-totustuus.it\/cattolica\/il-nuovo-ordine-delleuropa-distruggere-ogni-differenza\/#article","isPartOf":{"@id":"https:\/\/www.rassegnastampa-totustuus.it\/cattolica\/il-nuovo-ordine-delleuropa-distruggere-ogni-differenza\/"},"author":{"name":"Redazione","@id":"https:\/\/www.rassegnastampa-totustuus.it\/cattolica\/#\/schema\/person\/08f319d2bd1a0904ad9e2bfb7b15e5c3"},"headline":"Il nuovo ordine dell&#8217;Europa: distruggere ogni differenza","datePublished":"2016-12-21T23:00:19+00:00","mainEntityOfPage":{"@id":"https:\/\/www.rassegnastampa-totustuus.it\/cattolica\/il-nuovo-ordine-delleuropa-distruggere-ogni-differenza\/"},"wordCount":846,"publisher":{"@id":"https:\/\/www.rassegnastampa-totustuus.it\/cattolica\/#organization"},"image":{"@id":"https:\/\/www.rassegnastampa-totustuus.it\/cattolica\/il-nuovo-ordine-delleuropa-distruggere-ogni-differenza\/#primaryimage"},"thumbnailUrl":"https:\/\/www.rassegnastampa-totustuus.it\/cattolica\/wp-content\/uploads\/2016\/12\/scuola-superiore.jpg","keywords":["manipolazione del pensiero","tecnocrazia"],"articleSection":["Europa e UE","Scuola ed educazione"],"inLanguage":"it-IT"},{"@type":"WebPage","@id":"https:\/\/www.rassegnastampa-totustuus.it\/cattolica\/il-nuovo-ordine-delleuropa-distruggere-ogni-differenza\/","url":"https:\/\/www.rassegnastampa-totustuus.it\/cattolica\/il-nuovo-ordine-delleuropa-distruggere-ogni-differenza\/","name":"Il nuovo ordine dell'Europa: distruggere ogni differenza - Rassegna Stampa Cattolica","isPartOf":{"@id":"https:\/\/www.rassegnastampa-totustuus.it\/cattolica\/#website"},"primaryImageOfPage":{"@id":"https:\/\/www.rassegnastampa-totustuus.it\/cattolica\/il-nuovo-ordine-delleuropa-distruggere-ogni-differenza\/#primaryimage"},"image":{"@id":"https:\/\/www.rassegnastampa-totustuus.it\/cattolica\/il-nuovo-ordine-delleuropa-distruggere-ogni-differenza\/#primaryimage"},"thumbnailUrl":"https:\/\/www.rassegnastampa-totustuus.it\/cattolica\/wp-content\/uploads\/2016\/12\/scuola-superiore.jpg","datePublished":"2016-12-21T23:00:19+00:00","description":"Rassegna Stampa Cattolica - Per una cultura che nasce dalla Rivelazione cristiana in conformit\u00e0 alla tradizione e al Magistero della Chiesa in opposizione ad ogni relativismo e totalitarismo","breadcrumb":{"@id":"https:\/\/www.rassegnastampa-totustuus.it\/cattolica\/il-nuovo-ordine-delleuropa-distruggere-ogni-differenza\/#breadcrumb"},"inLanguage":"it-IT","potentialAction":[{"@type":"ReadAction","target":["https:\/\/www.rassegnastampa-totustuus.it\/cattolica\/il-nuovo-ordine-delleuropa-distruggere-ogni-differenza\/"]}]},{"@type":"ImageObject","inLanguage":"it-IT","@id":"https:\/\/www.rassegnastampa-totustuus.it\/cattolica\/il-nuovo-ordine-delleuropa-distruggere-ogni-differenza\/#primaryimage","url":"https:\/\/www.rassegnastampa-totustuus.it\/cattolica\/wp-content\/uploads\/2016\/12\/scuola-superiore.jpg","contentUrl":"https:\/\/www.rassegnastampa-totustuus.it\/cattolica\/wp-content\/uploads\/2016\/12\/scuola-superiore.jpg","width":300,"height":168},{"@type":"BreadcrumbList","@id":"https:\/\/www.rassegnastampa-totustuus.it\/cattolica\/il-nuovo-ordine-delleuropa-distruggere-ogni-differenza\/#breadcrumb","itemListElement":[{"@type":"ListItem","position":1,"name":"Home","item":"https:\/\/www.rassegnastampa-totustuus.it\/cattolica\/"},{"@type":"ListItem","position":2,"name":"Il nuovo ordine dell&#8217;Europa: distruggere ogni differenza"}]},{"@type":"WebSite","@id":"https:\/\/www.rassegnastampa-totustuus.it\/cattolica\/#website","url":"https:\/\/www.rassegnastampa-totustuus.it\/cattolica\/","name":"Rassegna Stampa Cattolica","description":"Per una cultura che nasce dalla Rivelazione cristiana in conformit\u00e0 alla tradizione e al Magistero della Chiesa in opposizione ad ogni relativismo e totalitarismo","publisher":{"@id":"https:\/\/www.rassegnastampa-totustuus.it\/cattolica\/#organization"},"alternateName":"Rass. Cattolica","potentialAction":[{"@type":"SearchAction","target":{"@type":"EntryPoint","urlTemplate":"https:\/\/www.rassegnastampa-totustuus.it\/cattolica\/?s={search_term_string}"},"query-input":{"@type":"PropertyValueSpecification","valueRequired":true,"valueName":"search_term_string"}}],"inLanguage":"it-IT"},{"@type":"Organization","@id":"https:\/\/www.rassegnastampa-totustuus.it\/cattolica\/#organization","name":"Rassegna Stampa Cattolica","url":"https:\/\/www.rassegnastampa-totustuus.it\/cattolica\/","logo":{"@type":"ImageObject","inLanguage":"it-IT","@id":"https:\/\/www.rassegnastampa-totustuus.it\/cattolica\/#\/schema\/logo\/image\/","url":"https:\/\/www.rassegnastampa-totustuus.it\/cattolica\/wp-content\/uploads\/2014\/04\/logo-rassegna1.gif","contentUrl":"https:\/\/www.rassegnastampa-totustuus.it\/cattolica\/wp-content\/uploads\/2014\/04\/logo-rassegna1.gif","width":600,"height":163,"caption":"Rassegna Stampa Cattolica"},"image":{"@id":"https:\/\/www.rassegnastampa-totustuus.it\/cattolica\/#\/schema\/logo\/image\/"},"sameAs":["https:\/\/www.facebook.com\/rassegnastampacattolica","https:\/\/x.com\/rassegnastampa9"]},{"@type":"Person","@id":"https:\/\/www.rassegnastampa-totustuus.it\/cattolica\/#\/schema\/person\/08f319d2bd1a0904ad9e2bfb7b15e5c3","name":"Redazione","image":{"@type":"ImageObject","inLanguage":"it-IT","@id":"https:\/\/secure.gravatar.com\/avatar\/2fcdf27c78ea025fbdb44e914cc63c72249ffec9dc8aafd5c82b26240ef3f346?s=96&d=mm&r=g","url":"https:\/\/secure.gravatar.com\/avatar\/2fcdf27c78ea025fbdb44e914cc63c72249ffec9dc8aafd5c82b26240ef3f346?s=96&d=mm&r=g","contentUrl":"https:\/\/secure.gravatar.com\/avatar\/2fcdf27c78ea025fbdb44e914cc63c72249ffec9dc8aafd5c82b26240ef3f346?s=96&d=mm&r=g","caption":"Redazione"},"url":"https:\/\/www.rassegnastampa-totustuus.it\/cattolica\/author\/pietroelle\/"}]}},"_links":{"self":[{"href":"https:\/\/www.rassegnastampa-totustuus.it\/cattolica\/wp-json\/wp\/v2\/posts\/36931","targetHints":{"allow":["GET"]}}],"collection":[{"href":"https:\/\/www.rassegnastampa-totustuus.it\/cattolica\/wp-json\/wp\/v2\/posts"}],"about":[{"href":"https:\/\/www.rassegnastampa-totustuus.it\/cattolica\/wp-json\/wp\/v2\/types\/post"}],"author":[{"embeddable":true,"href":"https:\/\/www.rassegnastampa-totustuus.it\/cattolica\/wp-json\/wp\/v2\/users\/6"}],"replies":[{"embeddable":true,"href":"https:\/\/www.rassegnastampa-totustuus.it\/cattolica\/wp-json\/wp\/v2\/comments?post=36931"}],"version-history":[{"count":1,"href":"https:\/\/www.rassegnastampa-totustuus.it\/cattolica\/wp-json\/wp\/v2\/posts\/36931\/revisions"}],"predecessor-version":[{"id":36934,"href":"https:\/\/www.rassegnastampa-totustuus.it\/cattolica\/wp-json\/wp\/v2\/posts\/36931\/revisions\/36934"}],"wp:featuredmedia":[{"embeddable":true,"href":"https:\/\/www.rassegnastampa-totustuus.it\/cattolica\/wp-json\/wp\/v2\/media\/36933"}],"wp:attachment":[{"href":"https:\/\/www.rassegnastampa-totustuus.it\/cattolica\/wp-json\/wp\/v2\/media?parent=36931"}],"wp:term":[{"taxonomy":"category","embeddable":true,"href":"https:\/\/www.rassegnastampa-totustuus.it\/cattolica\/wp-json\/wp\/v2\/categories?post=36931"},{"taxonomy":"post_tag","embeddable":true,"href":"https:\/\/www.rassegnastampa-totustuus.it\/cattolica\/wp-json\/wp\/v2\/tags?post=36931"}],"curies":[{"name":"wp","href":"https:\/\/api.w.org\/{rel}","templated":true}]}}