{"id":36897,"date":"2016-12-22T00:00:12","date_gmt":"2016-12-21T23:00:12","guid":{"rendered":"http:\/\/www.rassegnastampa-totustuus.it\/cattolica\/?p=36897"},"modified":"2020-02-24T12:22:13","modified_gmt":"2020-02-24T11:22:13","slug":"il-politicamente-corretto-ha-corrotto-leuropa","status":"publish","type":"post","link":"https:\/\/www.rassegnastampa-totustuus.it\/cattolica\/il-politicamente-corretto-ha-corrotto-leuropa\/","title":{"rendered":"Il politicamente corretto ha corrotto l&#8217;Europa"},"content":{"rendered":"<p style=\"text-align: center;\"><strong><img loading=\"lazy\" decoding=\"async\" class=\"alignright wp-image-36898\" src=\"https:\/\/www.rassegnastampa-totustuus.it\/cattolica\/wp-content\/uploads\/2016\/12\/Ferguson_cover.jpg\" alt=\"ferguson_cover\" width=\"221\" height=\"200\" \/>L\u2019Occidentale<\/strong> 13 Dicembre 2016<\/p>\n<p style=\"text-align: center;\"><em>6 motivi per cui eravamo grandi<\/em><\/p>\n<p style=\"text-align: center;\">di <strong>Daniela Coli<\/strong><\/p>\n<p style=\"text-align: justify;\">Il mantra dell\u2019Unione europea \u00e8 che solo la fine delle nazioni, il melting pot e una politica estera non interventista possono dare benessere all\u2019<strong>Europa<\/strong> e salvarla dalle guerre e dai crimini commessi per cinquecento anni. Ma <strong>Niall Ferguson<\/strong>, lo storico pi\u00f9 influente e autorevole dell\u2019Occidente, \u00e8 sconvolto dal <em>politically correct<\/em> delle universit\u00e0 occidentali. Per questo, nel 2011, ha condotto per la tv britannica Civilization. <em>The West and the Rest<\/em>, divenuto poi un libro, e ha risposto alla domanda pi\u00f9 affascinante della storia: come \u00e8 potuto accadere che le piccole nazioni europee siano arrivate a dominare il mondo e perch\u00e9 \u00e8 stata l\u2019Europa e non la Cina, gi\u00e0 politicamente unita nel XV secolo e\u00a0tecnologicamente avanzata, a creare il mondo moderno?<\/p>\n<p style=\"text-align: justify;\"><!--more--><\/p>\n<p style=\"text-align: justify;\">La risposta di Ferguson \u00e8 semplice: proprio perch\u00e9 le &#8220;citt\u00e0-stato&#8221; e i piccoli Stati europei erano divisi da lotte interne\u00a0e da guerre feroci, sono arrivati a conquistare il mondo. Tant&#8217;\u00e8 che all\u2019inizio del Novecento\u00a0gli europei controllavano il 60% del pianeta. Quali sono state le 6 &#8220;killer app&#8221;, i 6 motivi decisivi per i quali i piccoli Stati europei sono arrivati al governo del <strong>mondo<\/strong>? Primo: la competizione.\u00a0Nel XV secolo l\u2019Europa sprofondava nella miseria, la Cina era la civilt\u00e0 pi\u00f9 avanzata. I cinesi avevano gi\u00e0 inventato la stampa e la polvere da sparo. Poi tutto cambia:\u00a0mentre l\u2019impero cinese declina, addormentato dalla dinastia Ching, la rivalit\u00e0 delle piccole nazioni europee e la lotta per la sopravvivenza determinarono grandi progressi tecnologici, in particolare nel trasporto.<\/p>\n<p style=\"text-align: justify;\">Dalla prima &#8220;killer app.&#8221; dipendono le altre: la rivoluzione scientifica da Copernico a Newton, usata per avere nuove armi, caratterizzata dallo scontro con l\u2019aristotelismo\u00a0scolastico, e dal ruolo decisivo della stampa. L\u2019Islam, che aveva avuto grandi matematici, consider\u00f2 una bestemmia la rivelazione dei segreti celesti, mentre i cinesi usarono la stampa solo per edizioni standard di Confucio. Anche le altre &#8220;killer apps&#8221; (il diritto di propriet\u00e0, la medicina,\u00a0il consumo prodotto dalla rivoluzione industriale e l\u2019etica del lavoro) sono connesse alla competizione. Come ricorda Ferguson, il &#8220;modello di Roosevelt&#8221;, che preferiva una politica di sangue e ferro a una di latte\u00a0e acqua, era il cardinale Richelieu, per il quale <strong>\u201dpower is right\u201d<\/strong> e chi \u00e8 sconfitto \u00e8 sempre dalla parte sbagliata.<\/p>\n<p style=\"text-align: justify;\">Ferguson, che insegna anche a Harvard, \u00e8 preoccupato (si veda <em>Colossus<\/em> del 2004) dal declino americano. Non crede a &#8220;Chimerica&#8221;, all\u2019illusione che gli americani faranno sempre nuove scoperte che daranno da assemblare ai cinesi, come con Apple. La guerra in Iraq per Ferguson \u00e8 stata la prova dell\u2019incapacit\u00e0 americana di essere una potenza imperiale: gli <strong>Stati Uniti<\/strong> non hanno abbastanza soldati e soprattutto non sono per tradizione esportatori di gente, coloni e genieri, ma importatori di persone, con un milione e mezzo di arrivi l\u2019anno. L\u2019et\u00e0 dell\u2019<strong>imperialismo<\/strong> fu un periodo in cui la popolazione europea cresceva cos\u00ec velocemente da inondare altri continenti, conquistarli e colonizzarli.\u00a0Oggi gli asiatici e gli africani sono in piena esplosione demografica e per Ferguson saranno loro a colonizzare l\u2019Europa e l\u2019America.<\/p>\n<p style=\"text-align: justify;\">Nel 2050 solo un abitante su due degli States sar\u00e0 bianco. Il problema \u00e8 ancora pi\u00f9 grave in Europa, in piena crisi demografica. Per questo Ferguson sostiene Brexit, la rivolta delle nazioni contro la Ue, e <strong>Trump<\/strong>, che vuole ridimensionare la Cina, riportare il lavoro in America, allearsi con i russi e abbandonare l\u2019Europa. La decisione di ritirare la NATO, oltre a fare risparmiare miliardi agli Stati Uniti, potrebbe risvegliare gli europei dal letargo e costringerli ad affrontare il problema della difesa. Per gli europei la fine dell\u2019ombrello NATO \u00e8 uno shock, ma potrebbe essere positivo e restituire all\u2019Europa il dinamismo di quando era grande.<\/p>\n<p>_____________________<\/p>\n<p style=\"text-align: justify;\"><strong>Leggi anche:<\/strong><\/p>\n<p style=\"text-align: justify;\"><a href=\"https:\/\/www.rassegnastampa-totustuus.it\/cattolica\/?p=41767\" target=\"_blank\" rel=\"noopener noreferrer\">L\u2019ideologia del politicamente corretto e i dogmi del neoprogressismo: intervista a Eugenio Capozzi<\/a><\/p>\n<p style=\"text-align: justify;\"><a href=\"https:\/\/www.rassegnastampa-totustuus.it\/cattolica\/?p=42815\" target=\"_blank\" rel=\"noopener noreferrer\">\u00abPoliticamente corretto, religione che vieta la dialettica e il dissenso\u00bb<\/a><\/p>\n<p style=\"text-align: justify;\"><a href=\"https:\/\/www.rassegnastampa-totustuus.it\/cattolica\/?p=41954\" target=\"_blank\" rel=\"noopener noreferrer\">Politicamente corretto. L\u2019effetto farfalla<\/a><\/p>\n<p><a href=\"https:\/\/www.rassegnastampa-totustuus.it\/cattolica\/?p=46438\" target=\"_blank\" rel=\"noopener noreferrer\">Corso intensivo sul politicamente corretto<\/a><\/p>\n<p><a href=\"https:\/\/www.rassegnastampa-totustuus.it\/cattolica\/?p=44209\" target=\"_blank\" rel=\"noopener noreferrer\">Dietro le distorsioni del politicamente corretto l\u2019attacco alla civilt\u00e0 occidentale<\/a><\/p>\n<p><a href=\"https:\/\/www.rassegnastampa-totustuus.it\/cattolica\/?p=29393\" target=\"_blank\" rel=\"noopener noreferrer\">Politicamente corretto, la nuova religione della \u201csottomissione\u201d al \u201cnon pensiero\u201d del potere<\/a><\/p>\n","protected":false},"excerpt":{"rendered":"<p>L\u2019Occidentale 13 Dicembre 2016 6 motivi per cui eravamo grandi di Daniela Coli Il mantra dell\u2019Unione europea \u00e8 che solo la fine delle nazioni, il melting pot e una politica estera non interventista possono dare benessere all\u2019Europa e salvarla dalle guerre e dai crimini commessi per cinquecento anni. Ma Niall Ferguson, lo storico pi\u00f9 influente &hellip; <\/p>\n<p><a class=\"more-link btn\" href=\"https:\/\/www.rassegnastampa-totustuus.it\/cattolica\/il-politicamente-corretto-ha-corrotto-leuropa\/\">Continua a leggere<\/a><\/p>\n","protected":false},"author":6,"featured_media":36898,"comment_status":"closed","ping_status":"closed","sticky":false,"template":"","format":"standard","meta":{"footnotes":""},"categories":[14],"tags":[1280],"class_list":["post-36897","post","type-post","status-publish","format-standard","has-post-thumbnail","hentry","category-europa-e-ue","tag-declino-europeo","item-wrap"],"yoast_head":"<!-- This site is optimized with the Yoast SEO plugin v27.5 - https:\/\/yoast.com\/product\/yoast-seo-wordpress\/ -->\n<title>Il politicamente corretto ha corrotto l&#039;Europa - Rassegna Stampa Cattolica<\/title>\n<meta name=\"description\" content=\"Rassegna Stampa Cattolica - Per una cultura che nasce dalla Rivelazione cristiana in conformit\u00e0 alla tradizione e al Magistero della Chiesa in opposizione ad ogni relativismo e totalitarismo\" \/>\n<meta name=\"robots\" content=\"index, follow, max-snippet:-1, max-image-preview:large, max-video-preview:-1\" \/>\n<link rel=\"canonical\" href=\"https:\/\/www.rassegnastampa-totustuus.it\/cattolica\/il-politicamente-corretto-ha-corrotto-leuropa\/\" \/>\n<meta property=\"og:locale\" content=\"it_IT\" \/>\n<meta property=\"og:type\" content=\"article\" \/>\n<meta property=\"og:title\" content=\"Il politicamente corretto ha corrotto l&#039;Europa - Rassegna Stampa Cattolica\" \/>\n<meta property=\"og:description\" content=\"Rassegna Stampa Cattolica - Per una cultura che nasce dalla Rivelazione cristiana in conformit\u00e0 alla tradizione e al Magistero della Chiesa in opposizione ad ogni relativismo e totalitarismo\" \/>\n<meta property=\"og:url\" content=\"https:\/\/www.rassegnastampa-totustuus.it\/cattolica\/il-politicamente-corretto-ha-corrotto-leuropa\/\" \/>\n<meta property=\"og:site_name\" content=\"Rassegna Stampa Cattolica\" \/>\n<meta property=\"article:publisher\" content=\"https:\/\/www.facebook.com\/rassegnastampacattolica\" \/>\n<meta property=\"article:published_time\" content=\"2016-12-21T23:00:12+00:00\" \/>\n<meta property=\"article:modified_time\" content=\"2020-02-24T11:22:13+00:00\" \/>\n<meta property=\"og:image\" content=\"https:\/\/www.rassegnastampa-totustuus.it\/cattolica\/wp-content\/uploads\/2016\/12\/Ferguson_cover.jpg\" \/>\n\t<meta property=\"og:image:width\" content=\"236\" \/>\n\t<meta property=\"og:image:height\" content=\"214\" \/>\n\t<meta property=\"og:image:type\" content=\"image\/jpeg\" \/>\n<meta name=\"author\" content=\"Redazione\" \/>\n<meta name=\"twitter:card\" content=\"summary_large_image\" \/>\n<meta name=\"twitter:creator\" content=\"@rassegnastampa9\" \/>\n<meta name=\"twitter:site\" content=\"@rassegnastampa9\" \/>\n<meta name=\"twitter:label1\" content=\"Scritto da\" \/>\n\t<meta name=\"twitter:data1\" content=\"Redazione\" \/>\n\t<meta name=\"twitter:label2\" content=\"Tempo di lettura stimato\" \/>\n\t<meta name=\"twitter:data2\" content=\"3 minuti\" \/>\n<script type=\"application\/ld+json\" class=\"yoast-schema-graph\">{\"@context\":\"https:\\\/\\\/schema.org\",\"@graph\":[{\"@type\":\"Article\",\"@id\":\"https:\\\/\\\/www.rassegnastampa-totustuus.it\\\/cattolica\\\/il-politicamente-corretto-ha-corrotto-leuropa\\\/#article\",\"isPartOf\":{\"@id\":\"https:\\\/\\\/www.rassegnastampa-totustuus.it\\\/cattolica\\\/il-politicamente-corretto-ha-corrotto-leuropa\\\/\"},\"author\":{\"name\":\"Redazione\",\"@id\":\"https:\\\/\\\/www.rassegnastampa-totustuus.it\\\/cattolica\\\/#\\\/schema\\\/person\\\/08f319d2bd1a0904ad9e2bfb7b15e5c3\"},\"headline\":\"Il politicamente corretto ha corrotto l&#8217;Europa\",\"datePublished\":\"2016-12-21T23:00:12+00:00\",\"dateModified\":\"2020-02-24T11:22:13+00:00\",\"mainEntityOfPage\":{\"@id\":\"https:\\\/\\\/www.rassegnastampa-totustuus.it\\\/cattolica\\\/il-politicamente-corretto-ha-corrotto-leuropa\\\/\"},\"wordCount\":680,\"publisher\":{\"@id\":\"https:\\\/\\\/www.rassegnastampa-totustuus.it\\\/cattolica\\\/#organization\"},\"image\":{\"@id\":\"https:\\\/\\\/www.rassegnastampa-totustuus.it\\\/cattolica\\\/il-politicamente-corretto-ha-corrotto-leuropa\\\/#primaryimage\"},\"thumbnailUrl\":\"https:\\\/\\\/www.rassegnastampa-totustuus.it\\\/cattolica\\\/wp-content\\\/uploads\\\/2016\\\/12\\\/Ferguson_cover.jpg\",\"keywords\":[\"declino europeo\"],\"articleSection\":[\"Europa e UE\"],\"inLanguage\":\"it-IT\"},{\"@type\":\"WebPage\",\"@id\":\"https:\\\/\\\/www.rassegnastampa-totustuus.it\\\/cattolica\\\/il-politicamente-corretto-ha-corrotto-leuropa\\\/\",\"url\":\"https:\\\/\\\/www.rassegnastampa-totustuus.it\\\/cattolica\\\/il-politicamente-corretto-ha-corrotto-leuropa\\\/\",\"name\":\"Il politicamente corretto ha corrotto l'Europa - Rassegna Stampa Cattolica\",\"isPartOf\":{\"@id\":\"https:\\\/\\\/www.rassegnastampa-totustuus.it\\\/cattolica\\\/#website\"},\"primaryImageOfPage\":{\"@id\":\"https:\\\/\\\/www.rassegnastampa-totustuus.it\\\/cattolica\\\/il-politicamente-corretto-ha-corrotto-leuropa\\\/#primaryimage\"},\"image\":{\"@id\":\"https:\\\/\\\/www.rassegnastampa-totustuus.it\\\/cattolica\\\/il-politicamente-corretto-ha-corrotto-leuropa\\\/#primaryimage\"},\"thumbnailUrl\":\"https:\\\/\\\/www.rassegnastampa-totustuus.it\\\/cattolica\\\/wp-content\\\/uploads\\\/2016\\\/12\\\/Ferguson_cover.jpg\",\"datePublished\":\"2016-12-21T23:00:12+00:00\",\"dateModified\":\"2020-02-24T11:22:13+00:00\",\"description\":\"Rassegna Stampa Cattolica - Per una cultura che nasce dalla Rivelazione cristiana in conformit\u00e0 alla tradizione e al Magistero della Chiesa in opposizione ad ogni relativismo e totalitarismo\",\"breadcrumb\":{\"@id\":\"https:\\\/\\\/www.rassegnastampa-totustuus.it\\\/cattolica\\\/il-politicamente-corretto-ha-corrotto-leuropa\\\/#breadcrumb\"},\"inLanguage\":\"it-IT\",\"potentialAction\":[{\"@type\":\"ReadAction\",\"target\":[\"https:\\\/\\\/www.rassegnastampa-totustuus.it\\\/cattolica\\\/il-politicamente-corretto-ha-corrotto-leuropa\\\/\"]}]},{\"@type\":\"ImageObject\",\"inLanguage\":\"it-IT\",\"@id\":\"https:\\\/\\\/www.rassegnastampa-totustuus.it\\\/cattolica\\\/il-politicamente-corretto-ha-corrotto-leuropa\\\/#primaryimage\",\"url\":\"https:\\\/\\\/www.rassegnastampa-totustuus.it\\\/cattolica\\\/wp-content\\\/uploads\\\/2016\\\/12\\\/Ferguson_cover.jpg\",\"contentUrl\":\"https:\\\/\\\/www.rassegnastampa-totustuus.it\\\/cattolica\\\/wp-content\\\/uploads\\\/2016\\\/12\\\/Ferguson_cover.jpg\",\"width\":236,\"height\":214},{\"@type\":\"BreadcrumbList\",\"@id\":\"https:\\\/\\\/www.rassegnastampa-totustuus.it\\\/cattolica\\\/il-politicamente-corretto-ha-corrotto-leuropa\\\/#breadcrumb\",\"itemListElement\":[{\"@type\":\"ListItem\",\"position\":1,\"name\":\"Home\",\"item\":\"https:\\\/\\\/www.rassegnastampa-totustuus.it\\\/cattolica\\\/\"},{\"@type\":\"ListItem\",\"position\":2,\"name\":\"Il politicamente corretto ha corrotto l&#8217;Europa\"}]},{\"@type\":\"WebSite\",\"@id\":\"https:\\\/\\\/www.rassegnastampa-totustuus.it\\\/cattolica\\\/#website\",\"url\":\"https:\\\/\\\/www.rassegnastampa-totustuus.it\\\/cattolica\\\/\",\"name\":\"Rassegna Stampa Cattolica\",\"description\":\"Per una cultura che nasce dalla Rivelazione cristiana in conformit\u00e0 alla tradizione e al Magistero della Chiesa in opposizione ad ogni relativismo e totalitarismo\",\"publisher\":{\"@id\":\"https:\\\/\\\/www.rassegnastampa-totustuus.it\\\/cattolica\\\/#organization\"},\"alternateName\":\"Rass. Cattolica\",\"potentialAction\":[{\"@type\":\"SearchAction\",\"target\":{\"@type\":\"EntryPoint\",\"urlTemplate\":\"https:\\\/\\\/www.rassegnastampa-totustuus.it\\\/cattolica\\\/?s={search_term_string}\"},\"query-input\":{\"@type\":\"PropertyValueSpecification\",\"valueRequired\":true,\"valueName\":\"search_term_string\"}}],\"inLanguage\":\"it-IT\"},{\"@type\":\"Organization\",\"@id\":\"https:\\\/\\\/www.rassegnastampa-totustuus.it\\\/cattolica\\\/#organization\",\"name\":\"Rassegna Stampa Cattolica\",\"url\":\"https:\\\/\\\/www.rassegnastampa-totustuus.it\\\/cattolica\\\/\",\"logo\":{\"@type\":\"ImageObject\",\"inLanguage\":\"it-IT\",\"@id\":\"https:\\\/\\\/www.rassegnastampa-totustuus.it\\\/cattolica\\\/#\\\/schema\\\/logo\\\/image\\\/\",\"url\":\"https:\\\/\\\/www.rassegnastampa-totustuus.it\\\/cattolica\\\/wp-content\\\/uploads\\\/2014\\\/04\\\/logo-rassegna1.gif\",\"contentUrl\":\"https:\\\/\\\/www.rassegnastampa-totustuus.it\\\/cattolica\\\/wp-content\\\/uploads\\\/2014\\\/04\\\/logo-rassegna1.gif\",\"width\":600,\"height\":163,\"caption\":\"Rassegna Stampa Cattolica\"},\"image\":{\"@id\":\"https:\\\/\\\/www.rassegnastampa-totustuus.it\\\/cattolica\\\/#\\\/schema\\\/logo\\\/image\\\/\"},\"sameAs\":[\"https:\\\/\\\/www.facebook.com\\\/rassegnastampacattolica\",\"https:\\\/\\\/x.com\\\/rassegnastampa9\"]},{\"@type\":\"Person\",\"@id\":\"https:\\\/\\\/www.rassegnastampa-totustuus.it\\\/cattolica\\\/#\\\/schema\\\/person\\\/08f319d2bd1a0904ad9e2bfb7b15e5c3\",\"name\":\"Redazione\",\"image\":{\"@type\":\"ImageObject\",\"inLanguage\":\"it-IT\",\"@id\":\"https:\\\/\\\/secure.gravatar.com\\\/avatar\\\/2fcdf27c78ea025fbdb44e914cc63c72249ffec9dc8aafd5c82b26240ef3f346?s=96&d=mm&r=g\",\"url\":\"https:\\\/\\\/secure.gravatar.com\\\/avatar\\\/2fcdf27c78ea025fbdb44e914cc63c72249ffec9dc8aafd5c82b26240ef3f346?s=96&d=mm&r=g\",\"contentUrl\":\"https:\\\/\\\/secure.gravatar.com\\\/avatar\\\/2fcdf27c78ea025fbdb44e914cc63c72249ffec9dc8aafd5c82b26240ef3f346?s=96&d=mm&r=g\",\"caption\":\"Redazione\"},\"url\":\"https:\\\/\\\/www.rassegnastampa-totustuus.it\\\/cattolica\\\/author\\\/pietroelle\\\/\"}]}<\/script>\n<!-- \/ Yoast SEO plugin. -->","yoast_head_json":{"title":"Il politicamente corretto ha corrotto l'Europa - Rassegna Stampa Cattolica","description":"Rassegna Stampa Cattolica - Per una cultura che nasce dalla Rivelazione cristiana in conformit\u00e0 alla tradizione e al Magistero della Chiesa in opposizione ad ogni relativismo e totalitarismo","robots":{"index":"index","follow":"follow","max-snippet":"max-snippet:-1","max-image-preview":"max-image-preview:large","max-video-preview":"max-video-preview:-1"},"canonical":"https:\/\/www.rassegnastampa-totustuus.it\/cattolica\/il-politicamente-corretto-ha-corrotto-leuropa\/","og_locale":"it_IT","og_type":"article","og_title":"Il politicamente corretto ha corrotto l'Europa - Rassegna Stampa Cattolica","og_description":"Rassegna Stampa Cattolica - Per una cultura che nasce dalla Rivelazione cristiana in conformit\u00e0 alla tradizione e al Magistero della Chiesa in opposizione ad ogni relativismo e totalitarismo","og_url":"https:\/\/www.rassegnastampa-totustuus.it\/cattolica\/il-politicamente-corretto-ha-corrotto-leuropa\/","og_site_name":"Rassegna Stampa Cattolica","article_publisher":"https:\/\/www.facebook.com\/rassegnastampacattolica","article_published_time":"2016-12-21T23:00:12+00:00","article_modified_time":"2020-02-24T11:22:13+00:00","og_image":[{"width":236,"height":214,"url":"https:\/\/www.rassegnastampa-totustuus.it\/cattolica\/wp-content\/uploads\/2016\/12\/Ferguson_cover.jpg","type":"image\/jpeg"}],"author":"Redazione","twitter_card":"summary_large_image","twitter_creator":"@rassegnastampa9","twitter_site":"@rassegnastampa9","twitter_misc":{"Scritto da":"Redazione","Tempo di lettura stimato":"3 minuti"},"schema":{"@context":"https:\/\/schema.org","@graph":[{"@type":"Article","@id":"https:\/\/www.rassegnastampa-totustuus.it\/cattolica\/il-politicamente-corretto-ha-corrotto-leuropa\/#article","isPartOf":{"@id":"https:\/\/www.rassegnastampa-totustuus.it\/cattolica\/il-politicamente-corretto-ha-corrotto-leuropa\/"},"author":{"name":"Redazione","@id":"https:\/\/www.rassegnastampa-totustuus.it\/cattolica\/#\/schema\/person\/08f319d2bd1a0904ad9e2bfb7b15e5c3"},"headline":"Il politicamente corretto ha corrotto l&#8217;Europa","datePublished":"2016-12-21T23:00:12+00:00","dateModified":"2020-02-24T11:22:13+00:00","mainEntityOfPage":{"@id":"https:\/\/www.rassegnastampa-totustuus.it\/cattolica\/il-politicamente-corretto-ha-corrotto-leuropa\/"},"wordCount":680,"publisher":{"@id":"https:\/\/www.rassegnastampa-totustuus.it\/cattolica\/#organization"},"image":{"@id":"https:\/\/www.rassegnastampa-totustuus.it\/cattolica\/il-politicamente-corretto-ha-corrotto-leuropa\/#primaryimage"},"thumbnailUrl":"https:\/\/www.rassegnastampa-totustuus.it\/cattolica\/wp-content\/uploads\/2016\/12\/Ferguson_cover.jpg","keywords":["declino europeo"],"articleSection":["Europa e UE"],"inLanguage":"it-IT"},{"@type":"WebPage","@id":"https:\/\/www.rassegnastampa-totustuus.it\/cattolica\/il-politicamente-corretto-ha-corrotto-leuropa\/","url":"https:\/\/www.rassegnastampa-totustuus.it\/cattolica\/il-politicamente-corretto-ha-corrotto-leuropa\/","name":"Il politicamente corretto ha corrotto l'Europa - Rassegna Stampa Cattolica","isPartOf":{"@id":"https:\/\/www.rassegnastampa-totustuus.it\/cattolica\/#website"},"primaryImageOfPage":{"@id":"https:\/\/www.rassegnastampa-totustuus.it\/cattolica\/il-politicamente-corretto-ha-corrotto-leuropa\/#primaryimage"},"image":{"@id":"https:\/\/www.rassegnastampa-totustuus.it\/cattolica\/il-politicamente-corretto-ha-corrotto-leuropa\/#primaryimage"},"thumbnailUrl":"https:\/\/www.rassegnastampa-totustuus.it\/cattolica\/wp-content\/uploads\/2016\/12\/Ferguson_cover.jpg","datePublished":"2016-12-21T23:00:12+00:00","dateModified":"2020-02-24T11:22:13+00:00","description":"Rassegna Stampa Cattolica - Per una cultura che nasce dalla Rivelazione cristiana in conformit\u00e0 alla tradizione e al Magistero della Chiesa in opposizione ad ogni relativismo e totalitarismo","breadcrumb":{"@id":"https:\/\/www.rassegnastampa-totustuus.it\/cattolica\/il-politicamente-corretto-ha-corrotto-leuropa\/#breadcrumb"},"inLanguage":"it-IT","potentialAction":[{"@type":"ReadAction","target":["https:\/\/www.rassegnastampa-totustuus.it\/cattolica\/il-politicamente-corretto-ha-corrotto-leuropa\/"]}]},{"@type":"ImageObject","inLanguage":"it-IT","@id":"https:\/\/www.rassegnastampa-totustuus.it\/cattolica\/il-politicamente-corretto-ha-corrotto-leuropa\/#primaryimage","url":"https:\/\/www.rassegnastampa-totustuus.it\/cattolica\/wp-content\/uploads\/2016\/12\/Ferguson_cover.jpg","contentUrl":"https:\/\/www.rassegnastampa-totustuus.it\/cattolica\/wp-content\/uploads\/2016\/12\/Ferguson_cover.jpg","width":236,"height":214},{"@type":"BreadcrumbList","@id":"https:\/\/www.rassegnastampa-totustuus.it\/cattolica\/il-politicamente-corretto-ha-corrotto-leuropa\/#breadcrumb","itemListElement":[{"@type":"ListItem","position":1,"name":"Home","item":"https:\/\/www.rassegnastampa-totustuus.it\/cattolica\/"},{"@type":"ListItem","position":2,"name":"Il politicamente corretto ha corrotto l&#8217;Europa"}]},{"@type":"WebSite","@id":"https:\/\/www.rassegnastampa-totustuus.it\/cattolica\/#website","url":"https:\/\/www.rassegnastampa-totustuus.it\/cattolica\/","name":"Rassegna Stampa Cattolica","description":"Per una cultura che nasce dalla Rivelazione cristiana in conformit\u00e0 alla tradizione e al Magistero della Chiesa in opposizione ad ogni relativismo e totalitarismo","publisher":{"@id":"https:\/\/www.rassegnastampa-totustuus.it\/cattolica\/#organization"},"alternateName":"Rass. Cattolica","potentialAction":[{"@type":"SearchAction","target":{"@type":"EntryPoint","urlTemplate":"https:\/\/www.rassegnastampa-totustuus.it\/cattolica\/?s={search_term_string}"},"query-input":{"@type":"PropertyValueSpecification","valueRequired":true,"valueName":"search_term_string"}}],"inLanguage":"it-IT"},{"@type":"Organization","@id":"https:\/\/www.rassegnastampa-totustuus.it\/cattolica\/#organization","name":"Rassegna Stampa Cattolica","url":"https:\/\/www.rassegnastampa-totustuus.it\/cattolica\/","logo":{"@type":"ImageObject","inLanguage":"it-IT","@id":"https:\/\/www.rassegnastampa-totustuus.it\/cattolica\/#\/schema\/logo\/image\/","url":"https:\/\/www.rassegnastampa-totustuus.it\/cattolica\/wp-content\/uploads\/2014\/04\/logo-rassegna1.gif","contentUrl":"https:\/\/www.rassegnastampa-totustuus.it\/cattolica\/wp-content\/uploads\/2014\/04\/logo-rassegna1.gif","width":600,"height":163,"caption":"Rassegna Stampa Cattolica"},"image":{"@id":"https:\/\/www.rassegnastampa-totustuus.it\/cattolica\/#\/schema\/logo\/image\/"},"sameAs":["https:\/\/www.facebook.com\/rassegnastampacattolica","https:\/\/x.com\/rassegnastampa9"]},{"@type":"Person","@id":"https:\/\/www.rassegnastampa-totustuus.it\/cattolica\/#\/schema\/person\/08f319d2bd1a0904ad9e2bfb7b15e5c3","name":"Redazione","image":{"@type":"ImageObject","inLanguage":"it-IT","@id":"https:\/\/secure.gravatar.com\/avatar\/2fcdf27c78ea025fbdb44e914cc63c72249ffec9dc8aafd5c82b26240ef3f346?s=96&d=mm&r=g","url":"https:\/\/secure.gravatar.com\/avatar\/2fcdf27c78ea025fbdb44e914cc63c72249ffec9dc8aafd5c82b26240ef3f346?s=96&d=mm&r=g","contentUrl":"https:\/\/secure.gravatar.com\/avatar\/2fcdf27c78ea025fbdb44e914cc63c72249ffec9dc8aafd5c82b26240ef3f346?s=96&d=mm&r=g","caption":"Redazione"},"url":"https:\/\/www.rassegnastampa-totustuus.it\/cattolica\/author\/pietroelle\/"}]}},"_links":{"self":[{"href":"https:\/\/www.rassegnastampa-totustuus.it\/cattolica\/wp-json\/wp\/v2\/posts\/36897","targetHints":{"allow":["GET"]}}],"collection":[{"href":"https:\/\/www.rassegnastampa-totustuus.it\/cattolica\/wp-json\/wp\/v2\/posts"}],"about":[{"href":"https:\/\/www.rassegnastampa-totustuus.it\/cattolica\/wp-json\/wp\/v2\/types\/post"}],"author":[{"embeddable":true,"href":"https:\/\/www.rassegnastampa-totustuus.it\/cattolica\/wp-json\/wp\/v2\/users\/6"}],"replies":[{"embeddable":true,"href":"https:\/\/www.rassegnastampa-totustuus.it\/cattolica\/wp-json\/wp\/v2\/comments?post=36897"}],"version-history":[{"count":2,"href":"https:\/\/www.rassegnastampa-totustuus.it\/cattolica\/wp-json\/wp\/v2\/posts\/36897\/revisions"}],"predecessor-version":[{"id":46487,"href":"https:\/\/www.rassegnastampa-totustuus.it\/cattolica\/wp-json\/wp\/v2\/posts\/36897\/revisions\/46487"}],"wp:featuredmedia":[{"embeddable":true,"href":"https:\/\/www.rassegnastampa-totustuus.it\/cattolica\/wp-json\/wp\/v2\/media\/36898"}],"wp:attachment":[{"href":"https:\/\/www.rassegnastampa-totustuus.it\/cattolica\/wp-json\/wp\/v2\/media?parent=36897"}],"wp:term":[{"taxonomy":"category","embeddable":true,"href":"https:\/\/www.rassegnastampa-totustuus.it\/cattolica\/wp-json\/wp\/v2\/categories?post=36897"},{"taxonomy":"post_tag","embeddable":true,"href":"https:\/\/www.rassegnastampa-totustuus.it\/cattolica\/wp-json\/wp\/v2\/tags?post=36897"}],"curies":[{"name":"wp","href":"https:\/\/api.w.org\/{rel}","templated":true}]}}