{"id":3680,"date":"2010-01-28T13:11:57","date_gmt":"2010-01-28T12:11:57","guid":{"rendered":""},"modified":"2015-03-04T15:45:54","modified_gmt":"2015-03-04T14:45:54","slug":"nuovo-sguardo-sulla-legge-naturale-cap-v","status":"publish","type":"post","link":"https:\/\/www.rassegnastampa-totustuus.it\/cattolica\/nuovo-sguardo-sulla-legge-naturale-cap-v\/","title":{"rendered":"Nuovo sguardo sulla legge naturale (cap V)"},"content":{"rendered":"<div style=\"text-align: center;\"><strong>Dal sito della Santa Sede<\/strong><\/div>\n<p style=\"text-align: center;\">COMMISSIONE TEOLOGICA INTERNAZIONALE<\/p>\n<p style=\"text-align: center;\"><strong>ALLA RICERCA DI UN\u2019ETICA UNIVERSALE: <\/strong><\/p>\n<p style=\"text-align: center;\"><strong>NUOVO SGUARDO SULLA LEGGE NATURALE <\/strong><\/p>\n<p style=\"text-align: center;\"><strong>* * *<\/strong><\/p>\n<p style=\"text-align: center;\"><strong>CAPITOLO V: GESU&#8217; CRISTO, COMPIMENTO DELLA LEGGE NATURALE<\/strong><\/p>\n<p style=\"text-align: center;\">e<\/p>\n<p style=\"text-align: center;\"><strong>CONCLUSIONI<\/strong><\/p>\n<p><!--more--><\/p>\n<div style=\"text-align: justify;\"><strong>101.<\/strong> La grazia non distrugge la natura ma la risana, la conforta e la conduce alla sua piena realizzazione. Perci\u00f2, anche se la legge naturale \u00e8 un\u2019espressione della ragione comune a tutti gli uomini e pu\u00f2 essere presentata in modo coerente e vero sul piano filosofico, non \u00e8 estranea all\u2019ordine della grazia. Le sue esigenze sono presenti e operanti nei diversi stati teologici che attraversa una umanit\u00e0 impegnata nella storia della salvezza.<\/div>\n<p style=\"text-align: justify;\"><strong>102.<\/strong> Il disegno di salvezza di cui il Padre eterno ha l\u2019iniziativa si realizza con la missione del Figlio che d\u00e0 agli uomini la nuova Legge, la legge del Vangelo, che consiste principalmente nella grazia dello Spirito Santo operante nel cuore dei credenti per santificarli. La Legge nuova tende anzitutto a procurare agli uomini la partecipazione alla comunione trinitaria delle persone divine, ma, nello stesso tempo, assume e realizza in modo eminente la legge naturale.<\/p>\n<p style=\"text-align: justify;\">Da una parte, essa richiama chiaramente le esigenze che possono essere oscurate dal peccato e dall\u2019ignoranza. D\u2019altra parte, liberandoli dalla legge del peccato, a causa del quale \u00abc\u2019\u00e8 in me il desiderio del bene, ma non la capacit\u00e0 di attuarlo\u00bb (<em>Rm<\/em> 7,18), d\u00e0 agli uomini l\u2019effettiva capacit\u00e0 di superare l\u2019egoismo per attuare pienamente le esigenze umanizzanti della legge naturale.<\/p>\n<p style=\"text-align: justify;\"><strong><em>5.1. Il \u00abLogos\u00bb incarnato, Legge vivente<\/em><\/strong><\/p>\n<p style=\"text-align: justify;\"><strong>103.<\/strong> Grazie alla luce naturale della ragione, che \u00e8 una partecipazione alla Luce divina, gli uomini sono in grado di scrutare l\u2019ordine intelligibile dell\u2019universo per scoprirvi l\u2019espressione della sapienza, della bellezza e della bont\u00e0 del Creatore.<\/p>\n<p style=\"text-align: justify;\">A partire da questa conoscenza, possono inserirsi in tale ordine con il loro agire morale. Ora, grazie a uno sguardo pi\u00f9 profondo sul disegno di Dio di cui l\u2019atto creatore \u00e8 il preludio, la Scrittura insegna ai credenti che questo mondo \u00e8 stato creato nel <em>Logos<\/em>, da lui e per lui, il Verbo di Dio, il Figlio diletto del Padre, la Sapienza increata, e che il mondo ha in lui la vita e la sussistenza. Infatti il Figlio \u00e8 \u00abimmagine del Dio invisibile, primogenito di tutta la creazione, poich\u00e9 in lui (<em>en auto<\/em>) furono create tutte le cose, nei cieli e sulla terra, quelle visibili e quelle invisibili [&#8230;]. Tutte le cose sono state create per mezzo di lui (<em>di\u2019auton<\/em>) e in vista di lui (<em>eis auton<\/em>). Egli \u00e8 prima di tutte le cose e tutte sussistono in lui (<em>en auto<\/em>)\u00bb (<em>Col<\/em> 1,15-17) (89).<\/p>\n<p style=\"text-align: justify;\">Il <em>Logos<\/em> \u00e8 dunque la chiave della creazione. L\u2019uomo, creato a immagine di Dio, porta in s\u00e9 un\u2019impronta speciale di questo <em>Logos<\/em> personale. Perci\u00f2 \u00e8 chiamato ad essere conforme e assimilato al Figlio, \u00abil primogenito tra molti fratelli\u00bb (<em>Rm<\/em> 8,29).<\/p>\n<p style=\"text-align: justify;\"><strong>104.<\/strong> Ma a causa del peccato l\u2019uomo ha fatto un cattivo uso della sua libert\u00e0 e si \u00e8 allontanato dalla fonte della sapienza, Facendo cos\u00ec, ha falsato la conoscenza che poteva avere dell\u2019ordine oggettivo delle cose, anche sul piano naturale. Gli uomini, sapendo che le loro opere sono cattive, odiano la luce ed elaborano false teorie per giustificare i loro peccati (90). Cos\u00ec l\u2019immagine di Dio nell\u2019uomo \u00e8 gravemente oscurata.<\/p>\n<p style=\"text-align: justify;\">Anche se la loro natura li rinvia ancora a una realizzazione in Dio al di l\u00e0 di loro stessi (la creatura non pu\u00f2 pervertirsi al punto di non riconoscere pi\u00f9 le testimonianze che il Creatore offre di s\u00e9 nella creazione), di fatto gli uomini sono cos\u00ec gravemente colpiti dal peccato che non riconoscono il senso profondo del mondo e lo interpretano in termini di piacere, di denaro o di potere.<\/p>\n<p style=\"text-align: justify;\"><strong>105.<\/strong> Con la sua incarnazione salvifica, il <em>Logos<\/em>, assumendo una natura umana, ha restaurato l\u2019immagine di Dio e ha restituito l\u2019uomo a se stesso. Cos\u00ec Ges\u00f9 Cristo, nuovo Adamo, porta a compimento il disegno originario del Padre sull\u2019uomo e quindi rivela l\u2019uomo a lui stesso: \u00abIn realt\u00e0 solamente nel mistero del Verbo incarnato trova vera luce il mistero dell\u2019uomo.<\/p>\n<p style=\"text-align: justify;\">Adamo, infatti, il primo uomo, era figura di quello futuro e cio\u00e8 di Cristo Signore. Cristo, che \u00e8 il nuovo Adamo, proprio rivelando il mistero del Padre e del suo amore svela anche pienamente l\u2019uomo all\u2019uomo e gli fa nota la sua altissima vocazione. [&#8230;] \u201cEgli \u00e8 immagine del Dio invisibile\u201d (<em>Col<\/em> 1,15). \u00c8 l\u2019uomo perfetto che ha restituito ai figli di Adamo la somiglianza con Dio, resa deforme gi\u00e0 subito agli inizi a causa del peccato. Poich\u00e9 in lui la natura umana \u00e8 stata assunta, senza per questo venire annientata, per ci\u00f2 stesso essa \u00e8 stata anche in noi innalzata a una dignit\u00e0 sublime\u00bb (91).<\/p>\n<p style=\"text-align: justify;\">Ges\u00f9 Cristo manifesta dunque nella sua persona una vita umana esemplare, pienamente conforme alla legge naturale. Perci\u00f2 egli \u00e8 il criterio ultimo per decifrare correttamente quali sono i desideri naturali autentici dell\u2019uomo, quando non sono celati dalle distorsioni introdotte dal peccato e dalle passioni disordinate.<\/p>\n<p style=\"text-align: justify;\"><strong>106<\/strong>. L\u2019incarnazione del Figlio \u00e8 stata preparata dall\u2019economia della Legge antica, segno dell\u2019amore di Dio per il suo popolo Israele. Secondo alcuni Padri, uno dei motivi per cui Dio ha dato a Mos\u00e8 una legge scritta fu di ricordare agli uomini le esigenze della legge naturalmente scritte nel loro cuore ma parzialmente oscurate e cancellate dal peccato (92).<\/p>\n<p style=\"text-align: justify;\">Questa Legge, che il giudaismo ha identificato con la Sapienza preesistente che\u00a0 presiede ai destini dell\u2019universo (93), metteva cos\u00ec alla portata degli uomini segnati dal peccato la pratica concreta della vera sapienza, che consiste nell\u2019amore di Dio e del prossimo. Essa conteneva precetti liturgici e giuridici positivi ma anche prescrizioni morali, riassunte nel Decalogo, che corrispondevano alle implicazioni della legge naturale. Cos\u00ec la tradizione cristiana ha visto nel Decalogo un\u2019espressione privilegiata e sempre valida della legge naturale (94).<\/p>\n<p style=\"text-align: justify;\"><strong>107.<\/strong> Ges\u00f9 Cristo non \u00e8 \u00abvenuto per abolire ma per dare pieno compimento\u00bb alla Legge (<em>Mt<\/em> 5,17) (95). Come appare dai testi evangelici, Ges\u00f9 \u00abinsegnava come uno che ha autorit\u00e0 e non come gli scribi\u00bb (<em>Mc<\/em> 1,22) e non esitava a relativizzare, o anche ad abolire, alcune disposizioni particolari e temporanee della Legge.<\/p>\n<p style=\"text-align: justify;\">Ma ne ha pure confermato il contenuto essenziale e, nella sua persona, ha portato a perfezione la pratica della Legge, assumendo per amore i diversi tipi di precetti \u2014 morali, cultuali e giudiziari \u2014 della Legge mosaica, che corrispondono alle tre funzioni di profeta, sacerdote e re. San Paolo afferma che Cristo \u00e8 il fine (<em>telos<\/em>) della Legge (<em>Rm<\/em> 10,4). <em>Telos<\/em> ha qui un doppio senso.<\/p>\n<p style=\"text-align: justify;\">Cristo \u00e8 il \u00abfine\u00bb della Legge, nel senso che la Legge \u00e8 un mezzo pedagogico che doveva condurre gli uomini fino a Cristo, Ma inoltre, per tutti quelli che per la fede vivono in lui dello Spirito di amore, Cristo \u00abmette un termine\u00bb agli obblighi positivi della Legge aggiunti alle esigenze della legge naturale (96).<\/p>\n<p style=\"text-align: justify;\"><strong>108.<\/strong> Infatti Ges\u00f9 ha valorizzato in diversi modi il primato etico della carit\u00e0, che unisce inseparabilmente l\u2019amore di Dio e l\u2019amore del prossimo (97). La carit\u00e0 \u00e8 il \u00abcomandamento nuovo\u00bb (<em>Gv <\/em>13,34) che ricapitola tutta la Legge e ne d\u00e0 la chiave di interpretazione: \u00abDa questi due comandamenti dipendono tutta la Legge e i Profeti\u00bb (<em>Mt<\/em> 22,40). Essa rivela anche il senso profondo della regola d\u2019oro. \u00abNon fare a nessuno ci\u00f2 che non vuoi che sia fatto a te\u00bb (<em>Tb<\/em> 4,15) diventa con Cristo il comandamento dell\u2019amore senza limite.<\/p>\n<p style=\"text-align: justify;\">Il contesto in cui Ges\u00f9 cita la regola d\u2019oro ne determina in profondit\u00e0 la comprensione. Si trova al centro di una sezione che inizia con il comandamento: \u00abAmate i vostri nemici, fate del bene a quelli che vi odiano\u00bb e culmina nell\u2019esortazione: \u00abSiate misericordiosi come \u00e8 misericordioso il vostro Padre celeste\u00bb (98).<\/p>\n<p style=\"text-align: justify;\">Al di l\u00e0 di una regola di giustizia commutativa, essa ha la forma di una sfida: invita a prendere l\u2019iniziativa\u00a0 di un amore che \u00e8 dono di s\u00e9. La parabola del buon samaritano \u00e8 caratteristica di questa applicazione cristiana della regola d\u2019oro: il centro di interesse passa dalla cura di s\u00e9 alla cura dell\u2019altro (99).<\/p>\n<p style=\"text-align: justify;\">Le beatitudini e il discorso della montagna spiegano il modo in cui si deve vivere il comandamento dell\u2019amore, nella gratuit\u00e0 e nel senso dell\u2019altro, elementi propri della nuova prospettiva assunta dall\u2019amore cristiano. Cos\u00ec la pratica dell\u2019amore supera ogni chiusura e ogni limite. Acquista una dimensione universale e una forza ineguagliabile, poich\u00e9 rende la persona capace di fare quello che sarebbe impossibile senza l\u2019amore.<\/p>\n<p style=\"text-align: justify;\"><strong>109.<\/strong> Ma soprattutto nel mistero della sua santa Passione Ges\u00f9 porta a compimento la legge dell\u2019amore. Qui, come Amore incarnato, rivela in modo pienamente umano che cos\u2019\u00e8 l\u2019amore e che cosa esso implica: dare la vita per quelli che si amano (100). \u00abDopo avere amato i suoi che erano nel mondo, li am\u00f2 sino alla fine\u00bb (<em>Gv<\/em> 13,1).<\/p>\n<p style=\"text-align: justify;\">Per l\u2019obbedienza di amore al Padre e per il desiderio della sua gloria che consiste nella salvezza degli uomini, Ges\u00f9 accetta la sofferenza e la morte di croce in favore dei peccatori. La persona stessa di Cristo, <em>Logos<\/em> e Sapienza incarnati, diventano cos\u00ec la legge vivente, la norma suprema per ogni etica cristiana. La <em>sequela Christi<\/em>, l\u2019<em>imitatio<\/em> <em>Christi<\/em> sono le vie concrete per realizzare la Legge in tutte le sue dimensioni.<\/p>\n<p style=\"text-align: justify;\"><strong><em>5.2. Lo Spirito Santo e la nuova Legge di libert\u00e0<\/em><\/strong><\/p>\n<p style=\"text-align: justify;\"><strong>110.<\/strong> Ges\u00f9 Cristo non \u00e8 soltanto un modello etico da imitare, ma con il suo mistero e nel suo mistero pasquale, \u00e8 il Salvatore che d\u00e0 agli uomini la possibilit\u00e0 reale di attuare la legge di amore. Infatti il mistero pasquale culmina nel dono dello Spirito Santo, lo Spirito di amore comune al Padre e al Figlio, che unisce i discepoli tra loro, a Cristo e infine al Padre. \u00abPoich\u00e9 l\u2019amore di Dio \u00e8 stato riversato nei nostri cuori per mezzo dello Spirito Santo\u00bb (<em>Rm <\/em>5,5), lo Spirito Santo diventa il principio interiore e la regola suprema dell\u2019azione dei credenti. Fa loro adempiere spontaneamente e in modo giusto tutte le esigenze dell\u2019amore.<\/p>\n<p style=\"text-align: justify;\">\u00abCamminate secondo lo Spirito e non sarete portati a soddisfare il desiderio della carne\u00bb (<em>Gal<\/em> 5,16). Cos\u00ec si compie la promessa: \u00abVi dar\u00f2 un cuore nuovo, metter\u00f2 dentro di voi uno spirito nuovo, toglier\u00f2 da voi il cuore di pietra e vi dar\u00f2 un cuore di carne. Porr\u00f2 il mio spirito dentro di voi e vi far\u00f2 vivere secondo le mie leggi e vi far\u00f2 osservare e mettere in pratica le mie norme\u00bb (<em>Ez <\/em>36,26-27) (101).<\/p>\n<p style=\"text-align: justify;\"><strong>111.<\/strong> La grazia dello Spirito Santo costituisce l\u2019elemento principale della nuova Legge o Legge del Vangelo (102). La predicazione della Chiesa, la celebrazione dei sacramenti, le disposizioni prese dalla Chiesa per favorire tra i suoi membri lo sviluppo della vita nello Spirito sono totalmente riferite alla crescita personale di ogni credente nella santit\u00e0 dell\u2019amore.<\/p>\n<p style=\"text-align: justify;\">Con la nuova Legge, che \u00e8 una legge essenzialmente interiore, \u00abla legge perfetta, la legge della libert\u00e0\u00bb (<em>Gc<\/em> 1,25), il desiderio di autonomia e di libert\u00e0 nella verit\u00e0 che \u00e8 presente nel cuore dell\u2019uomo raggiunge qui la pi\u00f9 perfetta realizzazione. Dal pi\u00f9 intimo della persona, dove Cristo \u00e8 presente e che lo Spirito trasforma, nasce il suo agire morale (103). Ma questa libert\u00e0 \u00e8 al servizio dell\u2019amore: \u00abVoi fratelli, infatti, siete stati chiamati a libert\u00e0. Che questa libert\u00e0 non divenga per\u00f2 un pretesto per la carne; mediante l\u2019amore siate a servizio gli uni degli altri\u00bb (<em>Gal<\/em> 5,13).<\/p>\n<p style=\"text-align: justify;\"><strong>112.<\/strong> La nuova Legge del Vangelo include, assume e porta a compimento le esigenze della legge naturale. Gli orientamenti della legge naturale non sono dunque istanze normative esterne rispetto alla nuova Legge. Sono una parte costitutiva di questa, anche se seconda e ordinata all\u2019elemento principale, che \u00e8 la grazia di Cristo (104). Perci\u00f2 \u00e8 alla luce della ragione illuminata ormai dalla fede viva che l\u2019uomo riconosce meglio gli orientamenti della legge naturale, che gli indicano la via del pieno sviluppo della sua umanit\u00e0. Cos\u00ec, la legge naturale, da una parte, mantiene \u00abun legame fondamentale con la nuova legge dello Spirito di vita in Cristo Ges\u00f9 e, d\u2019altra parte, offre un\u2019ampia base di dialogo con le persone di altro orientamento o di altra formazione, in vista della ricerca del bene comune\u00bb (105).<\/p>\n<p style=\"text-align: center;\">* * *<\/p>\n<p style=\"text-align: center;\"><strong><strong>CONCLUSIONE<\/strong><\/strong><\/p>\n<p style=\"text-align: justify;\"><strong>113.<\/strong> La Chiesa cattolica, consapevole della necessit\u00e0 per gli uomini di ricercare in comune le regole di un vivere insieme nella giustizia e nella pace, desidera condividere con le religioni, le sapienze e le filosofie del nostro tempo le risorse del concetto di legge naturale. Chiamiamo legge naturale il fondamento di un\u2019etica universale che cerchiamo di ricavare dall\u2019osservazione e dalla riflessione sulla nostra comune natura umana. Essa \u00e8 la legge morale inscritta nel cuore degli uomini e di cui l\u2019umanit\u00e0 prende sempre pi\u00f9 coscienza via via che avanza nella storia. Questa legge naturale non ha niente di statico nella sua espressione; non consiste in una lista di precetti definitivi e immutabili. \u00c8 una fonte di ispirazione che zampilla sempre nella ricerca di un fondamento obiettivo a un\u2019etica universale.<\/p>\n<p style=\"text-align: justify;\"><strong>1<\/strong><strong>14.<\/strong> La nostra convinzione di fede \u00e8 che Cristo rivela la pienezza dell\u2019umano realizzandola nella sua persona. Ma tale rivelazione, per quanto specifica, raggiunge e conferma elementi gi\u00e0 presenti nel pensiero razionale delle sapienze dell\u2019umanit\u00e0. Il concetto di legge naturale \u00e8 dunque anzitutto filosofico e, come tale, consente un dialogo che, nel rispetto delle convinzioni religiose di ciascuno, fa appello a quello che c\u2019\u00e8 di universalmente umano in ogni essere umano.\u00a0 Uno scambio sul piano della ragione \u00e8 possibile quando si tratta di sperimentare e di dire ci\u00f2 che \u00e8 comune a tutti gli uomini dotati di ragione e di stabilire le esigenze della vita in societ\u00e0.<\/p>\n<p style=\"text-align: justify;\"><strong>115.<\/strong> La scoperta della legge naturale risponde alla ricerca di una umanit\u00e0 che da sempre si sforza di darsi regole per la vita morale e per la vita in societ\u00e0. Questa vita in societ\u00e0 riguarda un arco di relazioni che va dalla cellula familiare fino alle relazioni internazionali, passando per la vita economica, la societ\u00e0 civile, la comunit\u00e0 politica. Per poter essere riconosciute da tutti gli uomini e in tutte le culture, le norme del comportamento in societ\u00e0 devono avere la loro fonte nella stessa persona umana, nei suoi bisogni, nelle sue inclinazioni.<\/p>\n<p style=\"text-align: justify;\">Tali norme, elaborate con la riflessione e sostenute dal diritto, possono cos\u00ec essere interiorizzate da tutti. Dopo la seconda guerra mondiale, le nazioni di tutto il mondo hanno saputo darsi una <em>Dichiarazione universale dei diritti dell\u2019uomo<\/em>, la quale suggerisce implicitamente che la fonte dei diritti umani inalienabili si trova nella dignit\u00e0 di ogni persona umana. Il presente contributo non aveva altro fine che aiutare a riflettere su questa fonte della moralit\u00e0 personale e collettiva.<\/p>\n<p style=\"text-align: justify;\"><strong>116.<\/strong> Offrendo il nostro contributo alla ricerca di un\u2019etica universale, e proponendone un fondamento razionalmente giustificabile, desideriamo invitare gli esperti e i portavoce delle grandi tradizioni religiose, sapienziali e filosofiche dell\u2019umanit\u00e0 a procedere a un lavoro analogo a partire dalle loro fonti, per giungere a un riconoscimento comune di norme morali universali fondate su un approccio razionale alla realt\u00e0. Questo lavoro \u00e8 necessario e urgente. Dobbiamo arrivare a dirci, al di l\u00e0 delle nostre convinzioni religiose e della diversit\u00e0 dei nostri presupposti culturali,\u00a0 quali sono i valori fondamentali per la nostra comune umanit\u00e0, in modo da lavorare insieme a promuovere comprensione, riconoscimento reciproco e cooperazione pacifica fra tutte le componenti della famiglia umana.<\/p>\n<p style=\"text-align: center;\"><strong><a href=\"https:\/\/www.rassegnastampa-totustuus.it\/cattolica\/?p=3675\" target=\"_blank\">vai alle note<\/a><\/strong><\/p>\n<p style=\"text-align: center;\"><strong><a href=\"https:\/\/www.rassegnastampa-totustuus.it\/cattolica\/?p=3673\">torna all&#8217;indice<\/a><\/strong><\/p>\n","protected":false},"excerpt":{"rendered":"<p>Dal sito della Santa Sede COMMISSIONE TEOLOGICA INTERNAZIONALE ALLA RICERCA DI UN\u2019ETICA UNIVERSALE: NUOVO SGUARDO SULLA LEGGE NATURALE * * * CAPITOLO V: GESU&#8217; CRISTO, COMPIMENTO DELLA LEGGE NATURALE e CONCLUSIONI<\/p><p><a class=\"more-link btn\" href=\"https:\/\/www.rassegnastampa-totustuus.it\/cattolica\/nuovo-sguardo-sulla-legge-naturale-cap-v\/\">Continua a leggere<\/a><\/p>\n","protected":false},"author":6,"featured_media":20462,"comment_status":"closed","ping_status":"open","sticky":false,"template":"","format":"standard","meta":{"footnotes":""},"categories":[10,42],"tags":[840],"class_list":["post-3680","post","type-post","status-publish","format-standard","has-post-thumbnail","hentry","category-diritto","category-dottrina-e-morale","tag-legge-naturale","item-wrap"],"yoast_head":"<!-- This site is optimized with the Yoast SEO plugin v27.5 - https:\/\/yoast.com\/product\/yoast-seo-wordpress\/ -->\n<title>Nuovo sguardo sulla legge naturale (cap V) - Rassegna Stampa Cattolica<\/title>\n<meta name=\"description\" content=\"Rassegna Stampa Cattolica - Per una cultura che nasce dalla Rivelazione cristiana in conformit\u00e0 alla tradizione e al Magistero della Chiesa in opposizione ad ogni relativismo e totalitarismo\" \/>\n<meta name=\"robots\" content=\"index, follow, max-snippet:-1, max-image-preview:large, max-video-preview:-1\" \/>\n<link rel=\"canonical\" href=\"https:\/\/www.rassegnastampa-totustuus.it\/cattolica\/nuovo-sguardo-sulla-legge-naturale-cap-v\/\" \/>\n<meta property=\"og:locale\" content=\"it_IT\" \/>\n<meta property=\"og:type\" content=\"article\" \/>\n<meta property=\"og:title\" content=\"Nuovo sguardo sulla legge naturale (cap V) - Rassegna Stampa Cattolica\" \/>\n<meta property=\"og:description\" content=\"Rassegna Stampa Cattolica - Per una cultura che nasce dalla Rivelazione cristiana in conformit\u00e0 alla tradizione e al Magistero della Chiesa in opposizione ad ogni relativismo e totalitarismo\" \/>\n<meta property=\"og:url\" content=\"https:\/\/www.rassegnastampa-totustuus.it\/cattolica\/nuovo-sguardo-sulla-legge-naturale-cap-v\/\" \/>\n<meta property=\"og:site_name\" content=\"Rassegna Stampa Cattolica\" \/>\n<meta property=\"article:publisher\" content=\"https:\/\/www.facebook.com\/rassegnastampacattolica\" \/>\n<meta property=\"article:published_time\" content=\"2010-01-28T12:11:57+00:00\" \/>\n<meta property=\"article:modified_time\" content=\"2015-03-04T14:45:54+00:00\" \/>\n<meta property=\"og:image\" content=\"https:\/\/www.rassegnastampa-totustuus.it\/cattolica\/wp-content\/uploads\/2010\/01\/giusnaturalismo.jpg\" \/>\n\t<meta property=\"og:image:width\" content=\"350\" \/>\n\t<meta property=\"og:image:height\" content=\"187\" \/>\n\t<meta property=\"og:image:type\" content=\"image\/jpeg\" \/>\n<meta name=\"author\" content=\"Redazione\" \/>\n<meta name=\"twitter:card\" content=\"summary_large_image\" \/>\n<meta name=\"twitter:creator\" content=\"@rassegnastampa9\" \/>\n<meta name=\"twitter:site\" content=\"@rassegnastampa9\" \/>\n<meta name=\"twitter:label1\" content=\"Scritto da\" \/>\n\t<meta name=\"twitter:data1\" content=\"Redazione\" \/>\n\t<meta name=\"twitter:label2\" content=\"Tempo di lettura stimato\" \/>\n\t<meta name=\"twitter:data2\" content=\"12 minuti\" \/>\n<script type=\"application\/ld+json\" class=\"yoast-schema-graph\">{\"@context\":\"https:\\\/\\\/schema.org\",\"@graph\":[{\"@type\":\"Article\",\"@id\":\"https:\\\/\\\/www.rassegnastampa-totustuus.it\\\/cattolica\\\/nuovo-sguardo-sulla-legge-naturale-cap-v\\\/#article\",\"isPartOf\":{\"@id\":\"https:\\\/\\\/www.rassegnastampa-totustuus.it\\\/cattolica\\\/nuovo-sguardo-sulla-legge-naturale-cap-v\\\/\"},\"author\":{\"name\":\"Redazione\",\"@id\":\"https:\\\/\\\/www.rassegnastampa-totustuus.it\\\/cattolica\\\/#\\\/schema\\\/person\\\/08f319d2bd1a0904ad9e2bfb7b15e5c3\"},\"headline\":\"Nuovo sguardo sulla legge naturale (cap V)\",\"datePublished\":\"2010-01-28T12:11:57+00:00\",\"dateModified\":\"2015-03-04T14:45:54+00:00\",\"mainEntityOfPage\":{\"@id\":\"https:\\\/\\\/www.rassegnastampa-totustuus.it\\\/cattolica\\\/nuovo-sguardo-sulla-legge-naturale-cap-v\\\/\"},\"wordCount\":2495,\"publisher\":{\"@id\":\"https:\\\/\\\/www.rassegnastampa-totustuus.it\\\/cattolica\\\/#organization\"},\"image\":{\"@id\":\"https:\\\/\\\/www.rassegnastampa-totustuus.it\\\/cattolica\\\/nuovo-sguardo-sulla-legge-naturale-cap-v\\\/#primaryimage\"},\"thumbnailUrl\":\"https:\\\/\\\/www.rassegnastampa-totustuus.it\\\/cattolica\\\/wp-content\\\/uploads\\\/2010\\\/01\\\/giusnaturalismo.jpg\",\"keywords\":[\"legge naturale\"],\"articleSection\":[\"Diritto\",\"Dottrina e morale\"],\"inLanguage\":\"it-IT\"},{\"@type\":\"WebPage\",\"@id\":\"https:\\\/\\\/www.rassegnastampa-totustuus.it\\\/cattolica\\\/nuovo-sguardo-sulla-legge-naturale-cap-v\\\/\",\"url\":\"https:\\\/\\\/www.rassegnastampa-totustuus.it\\\/cattolica\\\/nuovo-sguardo-sulla-legge-naturale-cap-v\\\/\",\"name\":\"Nuovo sguardo sulla legge naturale (cap V) - Rassegna Stampa Cattolica\",\"isPartOf\":{\"@id\":\"https:\\\/\\\/www.rassegnastampa-totustuus.it\\\/cattolica\\\/#website\"},\"primaryImageOfPage\":{\"@id\":\"https:\\\/\\\/www.rassegnastampa-totustuus.it\\\/cattolica\\\/nuovo-sguardo-sulla-legge-naturale-cap-v\\\/#primaryimage\"},\"image\":{\"@id\":\"https:\\\/\\\/www.rassegnastampa-totustuus.it\\\/cattolica\\\/nuovo-sguardo-sulla-legge-naturale-cap-v\\\/#primaryimage\"},\"thumbnailUrl\":\"https:\\\/\\\/www.rassegnastampa-totustuus.it\\\/cattolica\\\/wp-content\\\/uploads\\\/2010\\\/01\\\/giusnaturalismo.jpg\",\"datePublished\":\"2010-01-28T12:11:57+00:00\",\"dateModified\":\"2015-03-04T14:45:54+00:00\",\"description\":\"Rassegna Stampa Cattolica - Per una cultura che nasce dalla Rivelazione cristiana in conformit\u00e0 alla tradizione e al Magistero della Chiesa in opposizione ad ogni relativismo e totalitarismo\",\"breadcrumb\":{\"@id\":\"https:\\\/\\\/www.rassegnastampa-totustuus.it\\\/cattolica\\\/nuovo-sguardo-sulla-legge-naturale-cap-v\\\/#breadcrumb\"},\"inLanguage\":\"it-IT\",\"potentialAction\":[{\"@type\":\"ReadAction\",\"target\":[\"https:\\\/\\\/www.rassegnastampa-totustuus.it\\\/cattolica\\\/nuovo-sguardo-sulla-legge-naturale-cap-v\\\/\"]}]},{\"@type\":\"ImageObject\",\"inLanguage\":\"it-IT\",\"@id\":\"https:\\\/\\\/www.rassegnastampa-totustuus.it\\\/cattolica\\\/nuovo-sguardo-sulla-legge-naturale-cap-v\\\/#primaryimage\",\"url\":\"https:\\\/\\\/www.rassegnastampa-totustuus.it\\\/cattolica\\\/wp-content\\\/uploads\\\/2010\\\/01\\\/giusnaturalismo.jpg\",\"contentUrl\":\"https:\\\/\\\/www.rassegnastampa-totustuus.it\\\/cattolica\\\/wp-content\\\/uploads\\\/2010\\\/01\\\/giusnaturalismo.jpg\",\"width\":350,\"height\":187},{\"@type\":\"BreadcrumbList\",\"@id\":\"https:\\\/\\\/www.rassegnastampa-totustuus.it\\\/cattolica\\\/nuovo-sguardo-sulla-legge-naturale-cap-v\\\/#breadcrumb\",\"itemListElement\":[{\"@type\":\"ListItem\",\"position\":1,\"name\":\"Home\",\"item\":\"https:\\\/\\\/www.rassegnastampa-totustuus.it\\\/cattolica\\\/\"},{\"@type\":\"ListItem\",\"position\":2,\"name\":\"Nuovo sguardo sulla legge naturale (cap V)\"}]},{\"@type\":\"WebSite\",\"@id\":\"https:\\\/\\\/www.rassegnastampa-totustuus.it\\\/cattolica\\\/#website\",\"url\":\"https:\\\/\\\/www.rassegnastampa-totustuus.it\\\/cattolica\\\/\",\"name\":\"Rassegna Stampa Cattolica\",\"description\":\"Per una cultura che nasce dalla Rivelazione cristiana in conformit\u00e0 alla tradizione e al Magistero della Chiesa in opposizione ad ogni relativismo e totalitarismo\",\"publisher\":{\"@id\":\"https:\\\/\\\/www.rassegnastampa-totustuus.it\\\/cattolica\\\/#organization\"},\"alternateName\":\"Rass. Cattolica\",\"potentialAction\":[{\"@type\":\"SearchAction\",\"target\":{\"@type\":\"EntryPoint\",\"urlTemplate\":\"https:\\\/\\\/www.rassegnastampa-totustuus.it\\\/cattolica\\\/?s={search_term_string}\"},\"query-input\":{\"@type\":\"PropertyValueSpecification\",\"valueRequired\":true,\"valueName\":\"search_term_string\"}}],\"inLanguage\":\"it-IT\"},{\"@type\":\"Organization\",\"@id\":\"https:\\\/\\\/www.rassegnastampa-totustuus.it\\\/cattolica\\\/#organization\",\"name\":\"Rassegna Stampa Cattolica\",\"url\":\"https:\\\/\\\/www.rassegnastampa-totustuus.it\\\/cattolica\\\/\",\"logo\":{\"@type\":\"ImageObject\",\"inLanguage\":\"it-IT\",\"@id\":\"https:\\\/\\\/www.rassegnastampa-totustuus.it\\\/cattolica\\\/#\\\/schema\\\/logo\\\/image\\\/\",\"url\":\"https:\\\/\\\/www.rassegnastampa-totustuus.it\\\/cattolica\\\/wp-content\\\/uploads\\\/2014\\\/04\\\/logo-rassegna1.gif\",\"contentUrl\":\"https:\\\/\\\/www.rassegnastampa-totustuus.it\\\/cattolica\\\/wp-content\\\/uploads\\\/2014\\\/04\\\/logo-rassegna1.gif\",\"width\":600,\"height\":163,\"caption\":\"Rassegna Stampa Cattolica\"},\"image\":{\"@id\":\"https:\\\/\\\/www.rassegnastampa-totustuus.it\\\/cattolica\\\/#\\\/schema\\\/logo\\\/image\\\/\"},\"sameAs\":[\"https:\\\/\\\/www.facebook.com\\\/rassegnastampacattolica\",\"https:\\\/\\\/x.com\\\/rassegnastampa9\"]},{\"@type\":\"Person\",\"@id\":\"https:\\\/\\\/www.rassegnastampa-totustuus.it\\\/cattolica\\\/#\\\/schema\\\/person\\\/08f319d2bd1a0904ad9e2bfb7b15e5c3\",\"name\":\"Redazione\",\"image\":{\"@type\":\"ImageObject\",\"inLanguage\":\"it-IT\",\"@id\":\"https:\\\/\\\/secure.gravatar.com\\\/avatar\\\/2fcdf27c78ea025fbdb44e914cc63c72249ffec9dc8aafd5c82b26240ef3f346?s=96&d=mm&r=g\",\"url\":\"https:\\\/\\\/secure.gravatar.com\\\/avatar\\\/2fcdf27c78ea025fbdb44e914cc63c72249ffec9dc8aafd5c82b26240ef3f346?s=96&d=mm&r=g\",\"contentUrl\":\"https:\\\/\\\/secure.gravatar.com\\\/avatar\\\/2fcdf27c78ea025fbdb44e914cc63c72249ffec9dc8aafd5c82b26240ef3f346?s=96&d=mm&r=g\",\"caption\":\"Redazione\"},\"url\":\"https:\\\/\\\/www.rassegnastampa-totustuus.it\\\/cattolica\\\/author\\\/pietroelle\\\/\"}]}<\/script>\n<!-- \/ Yoast SEO plugin. -->","yoast_head_json":{"title":"Nuovo sguardo sulla legge naturale (cap V) - Rassegna Stampa Cattolica","description":"Rassegna Stampa Cattolica - Per una cultura che nasce dalla Rivelazione cristiana in conformit\u00e0 alla tradizione e al Magistero della Chiesa in opposizione ad ogni relativismo e totalitarismo","robots":{"index":"index","follow":"follow","max-snippet":"max-snippet:-1","max-image-preview":"max-image-preview:large","max-video-preview":"max-video-preview:-1"},"canonical":"https:\/\/www.rassegnastampa-totustuus.it\/cattolica\/nuovo-sguardo-sulla-legge-naturale-cap-v\/","og_locale":"it_IT","og_type":"article","og_title":"Nuovo sguardo sulla legge naturale (cap V) - Rassegna Stampa Cattolica","og_description":"Rassegna Stampa Cattolica - Per una cultura che nasce dalla Rivelazione cristiana in conformit\u00e0 alla tradizione e al Magistero della Chiesa in opposizione ad ogni relativismo e totalitarismo","og_url":"https:\/\/www.rassegnastampa-totustuus.it\/cattolica\/nuovo-sguardo-sulla-legge-naturale-cap-v\/","og_site_name":"Rassegna Stampa Cattolica","article_publisher":"https:\/\/www.facebook.com\/rassegnastampacattolica","article_published_time":"2010-01-28T12:11:57+00:00","article_modified_time":"2015-03-04T14:45:54+00:00","og_image":[{"width":350,"height":187,"url":"https:\/\/www.rassegnastampa-totustuus.it\/cattolica\/wp-content\/uploads\/2010\/01\/giusnaturalismo.jpg","type":"image\/jpeg"}],"author":"Redazione","twitter_card":"summary_large_image","twitter_creator":"@rassegnastampa9","twitter_site":"@rassegnastampa9","twitter_misc":{"Scritto da":"Redazione","Tempo di lettura stimato":"12 minuti"},"schema":{"@context":"https:\/\/schema.org","@graph":[{"@type":"Article","@id":"https:\/\/www.rassegnastampa-totustuus.it\/cattolica\/nuovo-sguardo-sulla-legge-naturale-cap-v\/#article","isPartOf":{"@id":"https:\/\/www.rassegnastampa-totustuus.it\/cattolica\/nuovo-sguardo-sulla-legge-naturale-cap-v\/"},"author":{"name":"Redazione","@id":"https:\/\/www.rassegnastampa-totustuus.it\/cattolica\/#\/schema\/person\/08f319d2bd1a0904ad9e2bfb7b15e5c3"},"headline":"Nuovo sguardo sulla legge naturale (cap V)","datePublished":"2010-01-28T12:11:57+00:00","dateModified":"2015-03-04T14:45:54+00:00","mainEntityOfPage":{"@id":"https:\/\/www.rassegnastampa-totustuus.it\/cattolica\/nuovo-sguardo-sulla-legge-naturale-cap-v\/"},"wordCount":2495,"publisher":{"@id":"https:\/\/www.rassegnastampa-totustuus.it\/cattolica\/#organization"},"image":{"@id":"https:\/\/www.rassegnastampa-totustuus.it\/cattolica\/nuovo-sguardo-sulla-legge-naturale-cap-v\/#primaryimage"},"thumbnailUrl":"https:\/\/www.rassegnastampa-totustuus.it\/cattolica\/wp-content\/uploads\/2010\/01\/giusnaturalismo.jpg","keywords":["legge naturale"],"articleSection":["Diritto","Dottrina e morale"],"inLanguage":"it-IT"},{"@type":"WebPage","@id":"https:\/\/www.rassegnastampa-totustuus.it\/cattolica\/nuovo-sguardo-sulla-legge-naturale-cap-v\/","url":"https:\/\/www.rassegnastampa-totustuus.it\/cattolica\/nuovo-sguardo-sulla-legge-naturale-cap-v\/","name":"Nuovo sguardo sulla legge naturale (cap V) - Rassegna Stampa Cattolica","isPartOf":{"@id":"https:\/\/www.rassegnastampa-totustuus.it\/cattolica\/#website"},"primaryImageOfPage":{"@id":"https:\/\/www.rassegnastampa-totustuus.it\/cattolica\/nuovo-sguardo-sulla-legge-naturale-cap-v\/#primaryimage"},"image":{"@id":"https:\/\/www.rassegnastampa-totustuus.it\/cattolica\/nuovo-sguardo-sulla-legge-naturale-cap-v\/#primaryimage"},"thumbnailUrl":"https:\/\/www.rassegnastampa-totustuus.it\/cattolica\/wp-content\/uploads\/2010\/01\/giusnaturalismo.jpg","datePublished":"2010-01-28T12:11:57+00:00","dateModified":"2015-03-04T14:45:54+00:00","description":"Rassegna Stampa Cattolica - Per una cultura che nasce dalla Rivelazione cristiana in conformit\u00e0 alla tradizione e al Magistero della Chiesa in opposizione ad ogni relativismo e totalitarismo","breadcrumb":{"@id":"https:\/\/www.rassegnastampa-totustuus.it\/cattolica\/nuovo-sguardo-sulla-legge-naturale-cap-v\/#breadcrumb"},"inLanguage":"it-IT","potentialAction":[{"@type":"ReadAction","target":["https:\/\/www.rassegnastampa-totustuus.it\/cattolica\/nuovo-sguardo-sulla-legge-naturale-cap-v\/"]}]},{"@type":"ImageObject","inLanguage":"it-IT","@id":"https:\/\/www.rassegnastampa-totustuus.it\/cattolica\/nuovo-sguardo-sulla-legge-naturale-cap-v\/#primaryimage","url":"https:\/\/www.rassegnastampa-totustuus.it\/cattolica\/wp-content\/uploads\/2010\/01\/giusnaturalismo.jpg","contentUrl":"https:\/\/www.rassegnastampa-totustuus.it\/cattolica\/wp-content\/uploads\/2010\/01\/giusnaturalismo.jpg","width":350,"height":187},{"@type":"BreadcrumbList","@id":"https:\/\/www.rassegnastampa-totustuus.it\/cattolica\/nuovo-sguardo-sulla-legge-naturale-cap-v\/#breadcrumb","itemListElement":[{"@type":"ListItem","position":1,"name":"Home","item":"https:\/\/www.rassegnastampa-totustuus.it\/cattolica\/"},{"@type":"ListItem","position":2,"name":"Nuovo sguardo sulla legge naturale (cap V)"}]},{"@type":"WebSite","@id":"https:\/\/www.rassegnastampa-totustuus.it\/cattolica\/#website","url":"https:\/\/www.rassegnastampa-totustuus.it\/cattolica\/","name":"Rassegna Stampa Cattolica","description":"Per una cultura che nasce dalla Rivelazione cristiana in conformit\u00e0 alla tradizione e al Magistero della Chiesa in opposizione ad ogni relativismo e totalitarismo","publisher":{"@id":"https:\/\/www.rassegnastampa-totustuus.it\/cattolica\/#organization"},"alternateName":"Rass. Cattolica","potentialAction":[{"@type":"SearchAction","target":{"@type":"EntryPoint","urlTemplate":"https:\/\/www.rassegnastampa-totustuus.it\/cattolica\/?s={search_term_string}"},"query-input":{"@type":"PropertyValueSpecification","valueRequired":true,"valueName":"search_term_string"}}],"inLanguage":"it-IT"},{"@type":"Organization","@id":"https:\/\/www.rassegnastampa-totustuus.it\/cattolica\/#organization","name":"Rassegna Stampa Cattolica","url":"https:\/\/www.rassegnastampa-totustuus.it\/cattolica\/","logo":{"@type":"ImageObject","inLanguage":"it-IT","@id":"https:\/\/www.rassegnastampa-totustuus.it\/cattolica\/#\/schema\/logo\/image\/","url":"https:\/\/www.rassegnastampa-totustuus.it\/cattolica\/wp-content\/uploads\/2014\/04\/logo-rassegna1.gif","contentUrl":"https:\/\/www.rassegnastampa-totustuus.it\/cattolica\/wp-content\/uploads\/2014\/04\/logo-rassegna1.gif","width":600,"height":163,"caption":"Rassegna Stampa Cattolica"},"image":{"@id":"https:\/\/www.rassegnastampa-totustuus.it\/cattolica\/#\/schema\/logo\/image\/"},"sameAs":["https:\/\/www.facebook.com\/rassegnastampacattolica","https:\/\/x.com\/rassegnastampa9"]},{"@type":"Person","@id":"https:\/\/www.rassegnastampa-totustuus.it\/cattolica\/#\/schema\/person\/08f319d2bd1a0904ad9e2bfb7b15e5c3","name":"Redazione","image":{"@type":"ImageObject","inLanguage":"it-IT","@id":"https:\/\/secure.gravatar.com\/avatar\/2fcdf27c78ea025fbdb44e914cc63c72249ffec9dc8aafd5c82b26240ef3f346?s=96&d=mm&r=g","url":"https:\/\/secure.gravatar.com\/avatar\/2fcdf27c78ea025fbdb44e914cc63c72249ffec9dc8aafd5c82b26240ef3f346?s=96&d=mm&r=g","contentUrl":"https:\/\/secure.gravatar.com\/avatar\/2fcdf27c78ea025fbdb44e914cc63c72249ffec9dc8aafd5c82b26240ef3f346?s=96&d=mm&r=g","caption":"Redazione"},"url":"https:\/\/www.rassegnastampa-totustuus.it\/cattolica\/author\/pietroelle\/"}]}},"_links":{"self":[{"href":"https:\/\/www.rassegnastampa-totustuus.it\/cattolica\/wp-json\/wp\/v2\/posts\/3680","targetHints":{"allow":["GET"]}}],"collection":[{"href":"https:\/\/www.rassegnastampa-totustuus.it\/cattolica\/wp-json\/wp\/v2\/posts"}],"about":[{"href":"https:\/\/www.rassegnastampa-totustuus.it\/cattolica\/wp-json\/wp\/v2\/types\/post"}],"author":[{"embeddable":true,"href":"https:\/\/www.rassegnastampa-totustuus.it\/cattolica\/wp-json\/wp\/v2\/users\/6"}],"replies":[{"embeddable":true,"href":"https:\/\/www.rassegnastampa-totustuus.it\/cattolica\/wp-json\/wp\/v2\/comments?post=3680"}],"version-history":[{"count":3,"href":"https:\/\/www.rassegnastampa-totustuus.it\/cattolica\/wp-json\/wp\/v2\/posts\/3680\/revisions"}],"predecessor-version":[{"id":20598,"href":"https:\/\/www.rassegnastampa-totustuus.it\/cattolica\/wp-json\/wp\/v2\/posts\/3680\/revisions\/20598"}],"wp:featuredmedia":[{"embeddable":true,"href":"https:\/\/www.rassegnastampa-totustuus.it\/cattolica\/wp-json\/wp\/v2\/media\/20462"}],"wp:attachment":[{"href":"https:\/\/www.rassegnastampa-totustuus.it\/cattolica\/wp-json\/wp\/v2\/media?parent=3680"}],"wp:term":[{"taxonomy":"category","embeddable":true,"href":"https:\/\/www.rassegnastampa-totustuus.it\/cattolica\/wp-json\/wp\/v2\/categories?post=3680"},{"taxonomy":"post_tag","embeddable":true,"href":"https:\/\/www.rassegnastampa-totustuus.it\/cattolica\/wp-json\/wp\/v2\/tags?post=3680"}],"curies":[{"name":"wp","href":"https:\/\/api.w.org\/{rel}","templated":true}]}}