{"id":36725,"date":"2016-11-17T00:00:01","date_gmt":"2016-11-16T23:00:01","guid":{"rendered":"http:\/\/www.rassegnastampa-totustuus.it\/cattolica\/?p=36725"},"modified":"2016-11-14T09:55:59","modified_gmt":"2016-11-14T08:55:59","slug":"per-poter-sentire-un-suo-discorso-in-rai-trump-e-dovuto-diventare-presidente-degli-usa","status":"publish","type":"post","link":"https:\/\/www.rassegnastampa-totustuus.it\/cattolica\/per-poter-sentire-un-suo-discorso-in-rai-trump-e-dovuto-diventare-presidente-degli-usa\/","title":{"rendered":"Per poter sentire un suo discorso in Rai, Trump \u00e8 dovuto diventare presidente degli Usa"},"content":{"rendered":"<p style=\"text-align: center;\"><strong><img loading=\"lazy\" decoding=\"async\" class=\"alignleft wp-image-36726\" src=\"https:\/\/www.rassegnastampa-totustuus.it\/cattolica\/wp-content\/uploads\/2016\/11\/Trump.jpg\" alt=\"trump\" width=\"200\" height=\"200\" srcset=\"https:\/\/www.rassegnastampa-totustuus.it\/cattolica\/wp-content\/uploads\/2016\/11\/Trump.jpg 225w, https:\/\/www.rassegnastampa-totustuus.it\/cattolica\/wp-content\/uploads\/2016\/11\/Trump-150x150.jpg 150w\" sizes=\"auto, (max-width: 200px) 100vw, 200px\" \/>ItaliaOggi <\/strong>&#8211; Numero 267 del10 Novembre 2016<\/p>\n<p style=\"text-align: justify;\"><em>\u00abProsciugare la palude\u00bb, lo slogan di Trump, andrebbe bene anche in Italia per liberarla dal cilicio del pensiero unico imposto dalla Rai<\/em><\/p>\n<p style=\"text-align: center;\">di <strong>Pierpaolo Albricci<\/strong><\/p>\n<p style=\"text-align: justify;\"><!--more--><\/p>\n<p style=\"text-align: justify;\">\u00abProsciugare la palude\u00bb. \u00c8 lo slogan con il quale Trump \u00e8 diventato presidente degli Stati Uniti, la pi\u00f9 grande democrazia del mondo. Ma \u00e8 uno slogan che andrebbe bene anche per l&#8217;Italia, che va liberata dalla dominazione del pensiero unico indotto dalla Rai e dai giornaloni.Trump ce l&#8217;hanno presentato come hanno voluto.<\/p>\n<p style=\"text-align: justify;\">Ha dovuto diventare presidente degli Stati Uniti perch\u00e9 potessimo finalmente sentire un suo discorso in diretta. E giudicarlo con la nostra testa invece che con quella degli altri. Perfino i suoi discorsi e i suoi scritti, ci hanno negato: solo qualche giornale, in Italia, aveva pubblicato un suo discorso nel suo testo reale ed integrale. Ci hanno negato l&#8217;informazione vera. Dovevamo conoscere il pensiero di Trump come filtrato (e interpretato) da loro.<\/p>\n<p style=\"text-align: justify;\">Perfino sui \u00abcappellini rossi\u00bb hanno giocato (non sembri un paradosso: i funerali di Fo lo dimostrano e questo giornale lo ha gi\u00e0 scritto). Ci hanno fatto vedere solo Trump, con il cappellino rosso. Ci chiedevamo come mai lo portasse, qualcuno (magari qualcuno che ha i capelli tinti, ma che criticava il suo \u00abrisvoltino\u00bb e il \u00abtappetino di Silvio\u00bb) ci ha suggerito che forse lo faceva per nascondere una vasta calvizie. Abbiamo dovuto arrivare alla vittoria elettorale e allora hanno finalmente dovuto farci vedere le platee dei suoi sostenitori all&#8217;Hilton di New York: tutti col cappellino rosso, non era una stravaganza personale del leader, era il simbolo della campagna elettorale per lui. Ma prima, mai una volta che ai comizi di Trump avessero inquadrato gli ascoltatori: solo lui, col cappellino, perch\u00e9 sembrasse \u2013 appunto \u2013 una stravaganza personale.<\/p>\n<p style=\"text-align: justify;\">Anche la nottata dei risultati \u00e8 stata una comica. Visi lunghi, da una certa ora in poi. Solo alle 6,30 del mattino (Mentana lo aveva fatto alle 5,00, pi\u00f9 o meno) hanno ammesso che aveva vinto Trump; poco che aspettassero ancora, lo avrebbe detto direttamente lui in diretta. A proposito di questa diretta. L&#8217;hanno fatta precedere da interventi che dicevano che Trump avrebbe parlato da trionfatore, che avrebbe fatto l&#8217;elogio di se stesso. In realt\u00e0 \u00e8 andata tutta al contrario.<\/p>\n<p style=\"text-align: justify;\">Trump non ha fatto che ringraziamenti (a cominciare dalla Clinton, che gli aveva telefonato ammettendo la vittoria qualche minuto prima), ha parlato col cuore, \u00abper la Patria\u00bb e con un&#8217;invocazione di ringraziamento a Dio per la famiglia, per il popolo (con gli accenti veri che sappiamo tipici degli statunitensi, non rovinati dall&#8217;esperienza della retorica fascista, che fa ritenere falsi \u2013 ed \u00e8 giusto, nella gran parte dei casi \u2013 i nostri politici quando \u2013 strumentalizzando certi valori \u2013 si esprimono negli stessi termini).<\/p>\n<p style=\"text-align: justify;\">Il nuovo presidente ha portato tutta la sua famiglia sul palco, tutti i suoi collaboratori (Giuliani in testa, pi\u00f9 volte invocato), e li ha baciati e ringraziati ad uno ad uno, con la schiettezza della sincerit\u00e0; ha persino dato la parola ad uno di loro, in un discorso non paludato (come sarebbe stato da noi), ma familiare.<\/p>\n<p style=\"text-align: justify;\">Visto che Trump aveva tagliato le gambe ad ogni fuga in avanti speculativa, allora l&#8217;hanno gettata sull&#8217;Italia. E non hanno trovato di meglio che dire che \u2013 d&#8217;ora in poi \u2013 Salvini avrebbe dilagato sulle nostre televisioni Trump ha vinto anche per noi. Dove la protesta deve essere incanalata in precise correnti di pensiero credibili (e non verso movimenti qualunquistici, che si inventano su due piedi, da un momento all&#8217;altro, una soluzione per ogni problema, senza alcun inquadramento di fondo).<\/p>\n<p style=\"text-align: justify;\">Trump ha avuto la meglio sul pensiero unico, sul politicamente corretto, sulle vecchie facce, sulle vecchie promesse parolaie ed inconcludenti. Il popolo (quello vero) ha voltato le spalle alla politica politicante, ha vinto l&#8217;antisistema, \u00e8 la sconfitta definitiva dei sondaggi finti, servizievoli. Con la Brexit \u00e8 avvenuta la stessa cosa \u2013 le popolazioni si riprendono la scena \u2013 e non per niente, anche qua, l&#8217;establishment (giudici e compagnia cantante) cercano di capovolgere in nome del popolo il risultato voluto dal popolo. Dobbiamo convincerci che ci possiamo fidare solo di noi stessi e della nostra testa.<\/p>\n<p style=\"text-align: justify;\">\n","protected":false},"excerpt":{"rendered":"<p>ItaliaOggi &#8211; Numero 267 del10 Novembre 2016 \u00abProsciugare la palude\u00bb, lo slogan di Trump, andrebbe bene anche in Italia per liberarla dal cilicio del pensiero unico imposto dalla Rai di Pierpaolo Albricci<\/p><p><a class=\"more-link btn\" href=\"https:\/\/www.rassegnastampa-totustuus.it\/cattolica\/per-poter-sentire-un-suo-discorso-in-rai-trump-e-dovuto-diventare-presidente-degli-usa\/\">Continua a leggere<\/a><\/p>\n","protected":false},"author":6,"featured_media":36726,"comment_status":"closed","ping_status":"closed","sticky":false,"template":"","format":"standard","meta":{"footnotes":""},"categories":[76],"tags":[2523,1298,150],"class_list":["post-36725","post","type-post","status-publish","format-standard","has-post-thumbnail","hentry","category-stati-uniti","tag-donald-trump","tag-elezioni-presidenziali","tag-usa","item-wrap"],"yoast_head":"<!-- This site is optimized with the Yoast SEO plugin v27.5 - https:\/\/yoast.com\/product\/yoast-seo-wordpress\/ -->\n<title>Per poter sentire un suo discorso in Rai, Trump \u00e8 dovuto diventare presidente degli Usa - Rassegna Stampa Cattolica<\/title>\n<meta name=\"description\" content=\"Rassegna Stampa Cattolica - Per una cultura che nasce dalla Rivelazione cristiana in conformit\u00e0 alla tradizione e al Magistero della Chiesa in opposizione ad ogni relativismo e totalitarismo\" \/>\n<meta name=\"robots\" content=\"index, follow, max-snippet:-1, max-image-preview:large, max-video-preview:-1\" \/>\n<link rel=\"canonical\" href=\"https:\/\/www.rassegnastampa-totustuus.it\/cattolica\/per-poter-sentire-un-suo-discorso-in-rai-trump-e-dovuto-diventare-presidente-degli-usa\/\" \/>\n<meta property=\"og:locale\" content=\"it_IT\" \/>\n<meta property=\"og:type\" content=\"article\" \/>\n<meta property=\"og:title\" content=\"Per poter sentire un suo discorso in Rai, Trump \u00e8 dovuto diventare presidente degli Usa - Rassegna Stampa Cattolica\" \/>\n<meta property=\"og:description\" content=\"Rassegna Stampa Cattolica - Per una cultura che nasce dalla Rivelazione cristiana in conformit\u00e0 alla tradizione e al Magistero della Chiesa in opposizione ad ogni relativismo e totalitarismo\" \/>\n<meta property=\"og:url\" content=\"https:\/\/www.rassegnastampa-totustuus.it\/cattolica\/per-poter-sentire-un-suo-discorso-in-rai-trump-e-dovuto-diventare-presidente-degli-usa\/\" \/>\n<meta property=\"og:site_name\" content=\"Rassegna Stampa Cattolica\" \/>\n<meta property=\"article:publisher\" content=\"https:\/\/www.facebook.com\/rassegnastampacattolica\" \/>\n<meta property=\"article:published_time\" content=\"2016-11-16T23:00:01+00:00\" \/>\n<meta property=\"og:image\" content=\"https:\/\/www.rassegnastampa-totustuus.it\/cattolica\/wp-content\/uploads\/2016\/11\/Trump.jpg\" \/>\n\t<meta property=\"og:image:width\" content=\"225\" \/>\n\t<meta property=\"og:image:height\" content=\"225\" \/>\n\t<meta property=\"og:image:type\" content=\"image\/jpeg\" \/>\n<meta name=\"author\" content=\"Redazione\" \/>\n<meta name=\"twitter:card\" content=\"summary_large_image\" \/>\n<meta name=\"twitter:creator\" content=\"@rassegnastampa9\" \/>\n<meta name=\"twitter:site\" content=\"@rassegnastampa9\" \/>\n<meta name=\"twitter:label1\" content=\"Scritto da\" \/>\n\t<meta name=\"twitter:data1\" content=\"Redazione\" \/>\n\t<meta name=\"twitter:label2\" content=\"Tempo di lettura stimato\" \/>\n\t<meta name=\"twitter:data2\" content=\"3 minuti\" \/>\n<script type=\"application\/ld+json\" class=\"yoast-schema-graph\">{\"@context\":\"https:\\\/\\\/schema.org\",\"@graph\":[{\"@type\":\"Article\",\"@id\":\"https:\\\/\\\/www.rassegnastampa-totustuus.it\\\/cattolica\\\/per-poter-sentire-un-suo-discorso-in-rai-trump-e-dovuto-diventare-presidente-degli-usa\\\/#article\",\"isPartOf\":{\"@id\":\"https:\\\/\\\/www.rassegnastampa-totustuus.it\\\/cattolica\\\/per-poter-sentire-un-suo-discorso-in-rai-trump-e-dovuto-diventare-presidente-degli-usa\\\/\"},\"author\":{\"name\":\"Redazione\",\"@id\":\"https:\\\/\\\/www.rassegnastampa-totustuus.it\\\/cattolica\\\/#\\\/schema\\\/person\\\/08f319d2bd1a0904ad9e2bfb7b15e5c3\"},\"headline\":\"Per poter sentire un suo discorso in Rai, Trump \u00e8 dovuto diventare presidente degli Usa\",\"datePublished\":\"2016-11-16T23:00:01+00:00\",\"mainEntityOfPage\":{\"@id\":\"https:\\\/\\\/www.rassegnastampa-totustuus.it\\\/cattolica\\\/per-poter-sentire-un-suo-discorso-in-rai-trump-e-dovuto-diventare-presidente-degli-usa\\\/\"},\"wordCount\":695,\"publisher\":{\"@id\":\"https:\\\/\\\/www.rassegnastampa-totustuus.it\\\/cattolica\\\/#organization\"},\"image\":{\"@id\":\"https:\\\/\\\/www.rassegnastampa-totustuus.it\\\/cattolica\\\/per-poter-sentire-un-suo-discorso-in-rai-trump-e-dovuto-diventare-presidente-degli-usa\\\/#primaryimage\"},\"thumbnailUrl\":\"https:\\\/\\\/www.rassegnastampa-totustuus.it\\\/cattolica\\\/wp-content\\\/uploads\\\/2016\\\/11\\\/Trump.jpg\",\"keywords\":[\"Donald Trump\",\"elezioni presidenziali\",\"Usa\"],\"articleSection\":[\"Stati Uniti\"],\"inLanguage\":\"it-IT\"},{\"@type\":\"WebPage\",\"@id\":\"https:\\\/\\\/www.rassegnastampa-totustuus.it\\\/cattolica\\\/per-poter-sentire-un-suo-discorso-in-rai-trump-e-dovuto-diventare-presidente-degli-usa\\\/\",\"url\":\"https:\\\/\\\/www.rassegnastampa-totustuus.it\\\/cattolica\\\/per-poter-sentire-un-suo-discorso-in-rai-trump-e-dovuto-diventare-presidente-degli-usa\\\/\",\"name\":\"Per poter sentire un suo discorso in Rai, Trump \u00e8 dovuto diventare presidente degli Usa - Rassegna Stampa Cattolica\",\"isPartOf\":{\"@id\":\"https:\\\/\\\/www.rassegnastampa-totustuus.it\\\/cattolica\\\/#website\"},\"primaryImageOfPage\":{\"@id\":\"https:\\\/\\\/www.rassegnastampa-totustuus.it\\\/cattolica\\\/per-poter-sentire-un-suo-discorso-in-rai-trump-e-dovuto-diventare-presidente-degli-usa\\\/#primaryimage\"},\"image\":{\"@id\":\"https:\\\/\\\/www.rassegnastampa-totustuus.it\\\/cattolica\\\/per-poter-sentire-un-suo-discorso-in-rai-trump-e-dovuto-diventare-presidente-degli-usa\\\/#primaryimage\"},\"thumbnailUrl\":\"https:\\\/\\\/www.rassegnastampa-totustuus.it\\\/cattolica\\\/wp-content\\\/uploads\\\/2016\\\/11\\\/Trump.jpg\",\"datePublished\":\"2016-11-16T23:00:01+00:00\",\"description\":\"Rassegna Stampa Cattolica - Per una cultura che nasce dalla Rivelazione cristiana in conformit\u00e0 alla tradizione e al Magistero della Chiesa in opposizione ad ogni relativismo e totalitarismo\",\"breadcrumb\":{\"@id\":\"https:\\\/\\\/www.rassegnastampa-totustuus.it\\\/cattolica\\\/per-poter-sentire-un-suo-discorso-in-rai-trump-e-dovuto-diventare-presidente-degli-usa\\\/#breadcrumb\"},\"inLanguage\":\"it-IT\",\"potentialAction\":[{\"@type\":\"ReadAction\",\"target\":[\"https:\\\/\\\/www.rassegnastampa-totustuus.it\\\/cattolica\\\/per-poter-sentire-un-suo-discorso-in-rai-trump-e-dovuto-diventare-presidente-degli-usa\\\/\"]}]},{\"@type\":\"ImageObject\",\"inLanguage\":\"it-IT\",\"@id\":\"https:\\\/\\\/www.rassegnastampa-totustuus.it\\\/cattolica\\\/per-poter-sentire-un-suo-discorso-in-rai-trump-e-dovuto-diventare-presidente-degli-usa\\\/#primaryimage\",\"url\":\"https:\\\/\\\/www.rassegnastampa-totustuus.it\\\/cattolica\\\/wp-content\\\/uploads\\\/2016\\\/11\\\/Trump.jpg\",\"contentUrl\":\"https:\\\/\\\/www.rassegnastampa-totustuus.it\\\/cattolica\\\/wp-content\\\/uploads\\\/2016\\\/11\\\/Trump.jpg\",\"width\":225,\"height\":225},{\"@type\":\"BreadcrumbList\",\"@id\":\"https:\\\/\\\/www.rassegnastampa-totustuus.it\\\/cattolica\\\/per-poter-sentire-un-suo-discorso-in-rai-trump-e-dovuto-diventare-presidente-degli-usa\\\/#breadcrumb\",\"itemListElement\":[{\"@type\":\"ListItem\",\"position\":1,\"name\":\"Home\",\"item\":\"https:\\\/\\\/www.rassegnastampa-totustuus.it\\\/cattolica\\\/\"},{\"@type\":\"ListItem\",\"position\":2,\"name\":\"Per poter sentire un suo discorso in Rai, Trump \u00e8 dovuto diventare presidente degli Usa\"}]},{\"@type\":\"WebSite\",\"@id\":\"https:\\\/\\\/www.rassegnastampa-totustuus.it\\\/cattolica\\\/#website\",\"url\":\"https:\\\/\\\/www.rassegnastampa-totustuus.it\\\/cattolica\\\/\",\"name\":\"Rassegna Stampa Cattolica\",\"description\":\"Per una cultura che nasce dalla Rivelazione cristiana in conformit\u00e0 alla tradizione e al Magistero della Chiesa in opposizione ad ogni relativismo e totalitarismo\",\"publisher\":{\"@id\":\"https:\\\/\\\/www.rassegnastampa-totustuus.it\\\/cattolica\\\/#organization\"},\"alternateName\":\"Rass. Cattolica\",\"potentialAction\":[{\"@type\":\"SearchAction\",\"target\":{\"@type\":\"EntryPoint\",\"urlTemplate\":\"https:\\\/\\\/www.rassegnastampa-totustuus.it\\\/cattolica\\\/?s={search_term_string}\"},\"query-input\":{\"@type\":\"PropertyValueSpecification\",\"valueRequired\":true,\"valueName\":\"search_term_string\"}}],\"inLanguage\":\"it-IT\"},{\"@type\":\"Organization\",\"@id\":\"https:\\\/\\\/www.rassegnastampa-totustuus.it\\\/cattolica\\\/#organization\",\"name\":\"Rassegna Stampa Cattolica\",\"url\":\"https:\\\/\\\/www.rassegnastampa-totustuus.it\\\/cattolica\\\/\",\"logo\":{\"@type\":\"ImageObject\",\"inLanguage\":\"it-IT\",\"@id\":\"https:\\\/\\\/www.rassegnastampa-totustuus.it\\\/cattolica\\\/#\\\/schema\\\/logo\\\/image\\\/\",\"url\":\"https:\\\/\\\/www.rassegnastampa-totustuus.it\\\/cattolica\\\/wp-content\\\/uploads\\\/2014\\\/04\\\/logo-rassegna1.gif\",\"contentUrl\":\"https:\\\/\\\/www.rassegnastampa-totustuus.it\\\/cattolica\\\/wp-content\\\/uploads\\\/2014\\\/04\\\/logo-rassegna1.gif\",\"width\":600,\"height\":163,\"caption\":\"Rassegna Stampa Cattolica\"},\"image\":{\"@id\":\"https:\\\/\\\/www.rassegnastampa-totustuus.it\\\/cattolica\\\/#\\\/schema\\\/logo\\\/image\\\/\"},\"sameAs\":[\"https:\\\/\\\/www.facebook.com\\\/rassegnastampacattolica\",\"https:\\\/\\\/x.com\\\/rassegnastampa9\"]},{\"@type\":\"Person\",\"@id\":\"https:\\\/\\\/www.rassegnastampa-totustuus.it\\\/cattolica\\\/#\\\/schema\\\/person\\\/08f319d2bd1a0904ad9e2bfb7b15e5c3\",\"name\":\"Redazione\",\"image\":{\"@type\":\"ImageObject\",\"inLanguage\":\"it-IT\",\"@id\":\"https:\\\/\\\/secure.gravatar.com\\\/avatar\\\/2fcdf27c78ea025fbdb44e914cc63c72249ffec9dc8aafd5c82b26240ef3f346?s=96&d=mm&r=g\",\"url\":\"https:\\\/\\\/secure.gravatar.com\\\/avatar\\\/2fcdf27c78ea025fbdb44e914cc63c72249ffec9dc8aafd5c82b26240ef3f346?s=96&d=mm&r=g\",\"contentUrl\":\"https:\\\/\\\/secure.gravatar.com\\\/avatar\\\/2fcdf27c78ea025fbdb44e914cc63c72249ffec9dc8aafd5c82b26240ef3f346?s=96&d=mm&r=g\",\"caption\":\"Redazione\"},\"url\":\"https:\\\/\\\/www.rassegnastampa-totustuus.it\\\/cattolica\\\/author\\\/pietroelle\\\/\"}]}<\/script>\n<!-- \/ Yoast SEO plugin. -->","yoast_head_json":{"title":"Per poter sentire un suo discorso in Rai, Trump \u00e8 dovuto diventare presidente degli Usa - Rassegna Stampa Cattolica","description":"Rassegna Stampa Cattolica - Per una cultura che nasce dalla Rivelazione cristiana in conformit\u00e0 alla tradizione e al Magistero della Chiesa in opposizione ad ogni relativismo e totalitarismo","robots":{"index":"index","follow":"follow","max-snippet":"max-snippet:-1","max-image-preview":"max-image-preview:large","max-video-preview":"max-video-preview:-1"},"canonical":"https:\/\/www.rassegnastampa-totustuus.it\/cattolica\/per-poter-sentire-un-suo-discorso-in-rai-trump-e-dovuto-diventare-presidente-degli-usa\/","og_locale":"it_IT","og_type":"article","og_title":"Per poter sentire un suo discorso in Rai, Trump \u00e8 dovuto diventare presidente degli Usa - Rassegna Stampa Cattolica","og_description":"Rassegna Stampa Cattolica - Per una cultura che nasce dalla Rivelazione cristiana in conformit\u00e0 alla tradizione e al Magistero della Chiesa in opposizione ad ogni relativismo e totalitarismo","og_url":"https:\/\/www.rassegnastampa-totustuus.it\/cattolica\/per-poter-sentire-un-suo-discorso-in-rai-trump-e-dovuto-diventare-presidente-degli-usa\/","og_site_name":"Rassegna Stampa Cattolica","article_publisher":"https:\/\/www.facebook.com\/rassegnastampacattolica","article_published_time":"2016-11-16T23:00:01+00:00","og_image":[{"width":225,"height":225,"url":"https:\/\/www.rassegnastampa-totustuus.it\/cattolica\/wp-content\/uploads\/2016\/11\/Trump.jpg","type":"image\/jpeg"}],"author":"Redazione","twitter_card":"summary_large_image","twitter_creator":"@rassegnastampa9","twitter_site":"@rassegnastampa9","twitter_misc":{"Scritto da":"Redazione","Tempo di lettura stimato":"3 minuti"},"schema":{"@context":"https:\/\/schema.org","@graph":[{"@type":"Article","@id":"https:\/\/www.rassegnastampa-totustuus.it\/cattolica\/per-poter-sentire-un-suo-discorso-in-rai-trump-e-dovuto-diventare-presidente-degli-usa\/#article","isPartOf":{"@id":"https:\/\/www.rassegnastampa-totustuus.it\/cattolica\/per-poter-sentire-un-suo-discorso-in-rai-trump-e-dovuto-diventare-presidente-degli-usa\/"},"author":{"name":"Redazione","@id":"https:\/\/www.rassegnastampa-totustuus.it\/cattolica\/#\/schema\/person\/08f319d2bd1a0904ad9e2bfb7b15e5c3"},"headline":"Per poter sentire un suo discorso in Rai, Trump \u00e8 dovuto diventare presidente degli Usa","datePublished":"2016-11-16T23:00:01+00:00","mainEntityOfPage":{"@id":"https:\/\/www.rassegnastampa-totustuus.it\/cattolica\/per-poter-sentire-un-suo-discorso-in-rai-trump-e-dovuto-diventare-presidente-degli-usa\/"},"wordCount":695,"publisher":{"@id":"https:\/\/www.rassegnastampa-totustuus.it\/cattolica\/#organization"},"image":{"@id":"https:\/\/www.rassegnastampa-totustuus.it\/cattolica\/per-poter-sentire-un-suo-discorso-in-rai-trump-e-dovuto-diventare-presidente-degli-usa\/#primaryimage"},"thumbnailUrl":"https:\/\/www.rassegnastampa-totustuus.it\/cattolica\/wp-content\/uploads\/2016\/11\/Trump.jpg","keywords":["Donald Trump","elezioni presidenziali","Usa"],"articleSection":["Stati Uniti"],"inLanguage":"it-IT"},{"@type":"WebPage","@id":"https:\/\/www.rassegnastampa-totustuus.it\/cattolica\/per-poter-sentire-un-suo-discorso-in-rai-trump-e-dovuto-diventare-presidente-degli-usa\/","url":"https:\/\/www.rassegnastampa-totustuus.it\/cattolica\/per-poter-sentire-un-suo-discorso-in-rai-trump-e-dovuto-diventare-presidente-degli-usa\/","name":"Per poter sentire un suo discorso in Rai, Trump \u00e8 dovuto diventare presidente degli Usa - Rassegna Stampa Cattolica","isPartOf":{"@id":"https:\/\/www.rassegnastampa-totustuus.it\/cattolica\/#website"},"primaryImageOfPage":{"@id":"https:\/\/www.rassegnastampa-totustuus.it\/cattolica\/per-poter-sentire-un-suo-discorso-in-rai-trump-e-dovuto-diventare-presidente-degli-usa\/#primaryimage"},"image":{"@id":"https:\/\/www.rassegnastampa-totustuus.it\/cattolica\/per-poter-sentire-un-suo-discorso-in-rai-trump-e-dovuto-diventare-presidente-degli-usa\/#primaryimage"},"thumbnailUrl":"https:\/\/www.rassegnastampa-totustuus.it\/cattolica\/wp-content\/uploads\/2016\/11\/Trump.jpg","datePublished":"2016-11-16T23:00:01+00:00","description":"Rassegna Stampa Cattolica - Per una cultura che nasce dalla Rivelazione cristiana in conformit\u00e0 alla tradizione e al Magistero della Chiesa in opposizione ad ogni relativismo e totalitarismo","breadcrumb":{"@id":"https:\/\/www.rassegnastampa-totustuus.it\/cattolica\/per-poter-sentire-un-suo-discorso-in-rai-trump-e-dovuto-diventare-presidente-degli-usa\/#breadcrumb"},"inLanguage":"it-IT","potentialAction":[{"@type":"ReadAction","target":["https:\/\/www.rassegnastampa-totustuus.it\/cattolica\/per-poter-sentire-un-suo-discorso-in-rai-trump-e-dovuto-diventare-presidente-degli-usa\/"]}]},{"@type":"ImageObject","inLanguage":"it-IT","@id":"https:\/\/www.rassegnastampa-totustuus.it\/cattolica\/per-poter-sentire-un-suo-discorso-in-rai-trump-e-dovuto-diventare-presidente-degli-usa\/#primaryimage","url":"https:\/\/www.rassegnastampa-totustuus.it\/cattolica\/wp-content\/uploads\/2016\/11\/Trump.jpg","contentUrl":"https:\/\/www.rassegnastampa-totustuus.it\/cattolica\/wp-content\/uploads\/2016\/11\/Trump.jpg","width":225,"height":225},{"@type":"BreadcrumbList","@id":"https:\/\/www.rassegnastampa-totustuus.it\/cattolica\/per-poter-sentire-un-suo-discorso-in-rai-trump-e-dovuto-diventare-presidente-degli-usa\/#breadcrumb","itemListElement":[{"@type":"ListItem","position":1,"name":"Home","item":"https:\/\/www.rassegnastampa-totustuus.it\/cattolica\/"},{"@type":"ListItem","position":2,"name":"Per poter sentire un suo discorso in Rai, Trump \u00e8 dovuto diventare presidente degli Usa"}]},{"@type":"WebSite","@id":"https:\/\/www.rassegnastampa-totustuus.it\/cattolica\/#website","url":"https:\/\/www.rassegnastampa-totustuus.it\/cattolica\/","name":"Rassegna Stampa Cattolica","description":"Per una cultura che nasce dalla Rivelazione cristiana in conformit\u00e0 alla tradizione e al Magistero della Chiesa in opposizione ad ogni relativismo e totalitarismo","publisher":{"@id":"https:\/\/www.rassegnastampa-totustuus.it\/cattolica\/#organization"},"alternateName":"Rass. Cattolica","potentialAction":[{"@type":"SearchAction","target":{"@type":"EntryPoint","urlTemplate":"https:\/\/www.rassegnastampa-totustuus.it\/cattolica\/?s={search_term_string}"},"query-input":{"@type":"PropertyValueSpecification","valueRequired":true,"valueName":"search_term_string"}}],"inLanguage":"it-IT"},{"@type":"Organization","@id":"https:\/\/www.rassegnastampa-totustuus.it\/cattolica\/#organization","name":"Rassegna Stampa Cattolica","url":"https:\/\/www.rassegnastampa-totustuus.it\/cattolica\/","logo":{"@type":"ImageObject","inLanguage":"it-IT","@id":"https:\/\/www.rassegnastampa-totustuus.it\/cattolica\/#\/schema\/logo\/image\/","url":"https:\/\/www.rassegnastampa-totustuus.it\/cattolica\/wp-content\/uploads\/2014\/04\/logo-rassegna1.gif","contentUrl":"https:\/\/www.rassegnastampa-totustuus.it\/cattolica\/wp-content\/uploads\/2014\/04\/logo-rassegna1.gif","width":600,"height":163,"caption":"Rassegna Stampa Cattolica"},"image":{"@id":"https:\/\/www.rassegnastampa-totustuus.it\/cattolica\/#\/schema\/logo\/image\/"},"sameAs":["https:\/\/www.facebook.com\/rassegnastampacattolica","https:\/\/x.com\/rassegnastampa9"]},{"@type":"Person","@id":"https:\/\/www.rassegnastampa-totustuus.it\/cattolica\/#\/schema\/person\/08f319d2bd1a0904ad9e2bfb7b15e5c3","name":"Redazione","image":{"@type":"ImageObject","inLanguage":"it-IT","@id":"https:\/\/secure.gravatar.com\/avatar\/2fcdf27c78ea025fbdb44e914cc63c72249ffec9dc8aafd5c82b26240ef3f346?s=96&d=mm&r=g","url":"https:\/\/secure.gravatar.com\/avatar\/2fcdf27c78ea025fbdb44e914cc63c72249ffec9dc8aafd5c82b26240ef3f346?s=96&d=mm&r=g","contentUrl":"https:\/\/secure.gravatar.com\/avatar\/2fcdf27c78ea025fbdb44e914cc63c72249ffec9dc8aafd5c82b26240ef3f346?s=96&d=mm&r=g","caption":"Redazione"},"url":"https:\/\/www.rassegnastampa-totustuus.it\/cattolica\/author\/pietroelle\/"}]}},"_links":{"self":[{"href":"https:\/\/www.rassegnastampa-totustuus.it\/cattolica\/wp-json\/wp\/v2\/posts\/36725","targetHints":{"allow":["GET"]}}],"collection":[{"href":"https:\/\/www.rassegnastampa-totustuus.it\/cattolica\/wp-json\/wp\/v2\/posts"}],"about":[{"href":"https:\/\/www.rassegnastampa-totustuus.it\/cattolica\/wp-json\/wp\/v2\/types\/post"}],"author":[{"embeddable":true,"href":"https:\/\/www.rassegnastampa-totustuus.it\/cattolica\/wp-json\/wp\/v2\/users\/6"}],"replies":[{"embeddable":true,"href":"https:\/\/www.rassegnastampa-totustuus.it\/cattolica\/wp-json\/wp\/v2\/comments?post=36725"}],"version-history":[{"count":1,"href":"https:\/\/www.rassegnastampa-totustuus.it\/cattolica\/wp-json\/wp\/v2\/posts\/36725\/revisions"}],"predecessor-version":[{"id":36727,"href":"https:\/\/www.rassegnastampa-totustuus.it\/cattolica\/wp-json\/wp\/v2\/posts\/36725\/revisions\/36727"}],"wp:featuredmedia":[{"embeddable":true,"href":"https:\/\/www.rassegnastampa-totustuus.it\/cattolica\/wp-json\/wp\/v2\/media\/36726"}],"wp:attachment":[{"href":"https:\/\/www.rassegnastampa-totustuus.it\/cattolica\/wp-json\/wp\/v2\/media?parent=36725"}],"wp:term":[{"taxonomy":"category","embeddable":true,"href":"https:\/\/www.rassegnastampa-totustuus.it\/cattolica\/wp-json\/wp\/v2\/categories?post=36725"},{"taxonomy":"post_tag","embeddable":true,"href":"https:\/\/www.rassegnastampa-totustuus.it\/cattolica\/wp-json\/wp\/v2\/tags?post=36725"}],"curies":[{"name":"wp","href":"https:\/\/api.w.org\/{rel}","templated":true}]}}