{"id":3672,"date":"2010-01-28T00:00:00","date_gmt":"2010-01-27T23:00:00","guid":{"rendered":""},"modified":"2016-02-09T12:34:51","modified_gmt":"2016-02-09T11:34:51","slug":"ecco-la-solidariet-islamica-dallarabia-zero-fondi-per-haiti","status":"publish","type":"post","link":"https:\/\/www.rassegnastampa-totustuus.it\/cattolica\/ecco-la-solidariet-islamica-dallarabia-zero-fondi-per-haiti\/","title":{"rendered":"Ecco la solidariet&agrave; islamica: dall\u2019Arabia zero fondi per Haiti."},"content":{"rendered":"<div style=\"text-align: center;\"><strong><a href=\"https:\/\/www.rassegnastampa-totustuus.it\/cattolica\/wp-content\/uploads\/2010\/01\/Haiti_terremoto1.jpg\"><img loading=\"lazy\" decoding=\"async\" class=\"alignright wp-image-30611\" src=\"https:\/\/www.rassegnastampa-totustuus.it\/cattolica\/wp-content\/uploads\/2010\/01\/Haiti_terremoto1.jpg\" alt=\"Haiti_terremoto\" width=\"250\" height=\"174\" \/><\/a>Il Giornale<\/strong> 20 gennaio 2010<\/div>\n<p style=\"text-align: center;\"><em>A parte la Giordania e poche altre nazioni moderate, gli altri hanno chiuso gli occhi.<\/em><\/p>\n<p style=\"text-align: center;\">di <strong>Gian Micalessin<\/strong><\/p>\n<p><!--more--><\/p>\n<div style=\"text-align: justify;\">\u00abEseguite la preghiera, date in elemosina\u00bb. Non siamo noi a dirlo e neppure le Nazioni Unite, ma il profeta Maometto. O meglio la seconda Shura del suo Corano. A Riad stavolta devono essersene dimenticati.<\/div>\n<p style=\"text-align: justify;\">Devono aver perso di vista quel dovere della \u00abzakat\u00bb considerato uno dei cinque pilastri dell\u2019Islam. Per capirlo basta sbirciare la lista dell\u2019 Ufficio Onu di Ginevra per il Coordinamento degli affari Umanitari in cui sono elencati i contributi destinati ad Haiti dalle singole nazioni. Scorretela da cima e fondo e scoprirete che l\u2019Arabia Saudita, il pi\u00f9 grande produttore di petrolio del mondo, non c\u2019\u00e8.<\/p>\n<p style=\"text-align: justify;\">Come mai? Semplice, non hanno cacciato manco un centesimo. Hanno spedito un messaggio di condoglianze firmato da re Abdallah e hanno voltato pagina.<\/p>\n<p style=\"text-align: justify;\">Fermi, non fate un fascio di tutto l\u2019Islam e di tutti gli arabi. Se riguardate la stessa lista scoprirete che la povera Giordania, dove il petrolio \u00e8 pi\u00f9 raro della pioggia, ha inviato un aereo militare con un ospedale da campo, sei tonnellate di cibo e rifornimenti seguito da un altro volo con a bordo una squadra medica.<\/p>\n<p style=\"text-align: justify;\">Persino i disgraziati palestinesi di Gaza di fronte a quel disastro si son messi di buzzo buono e cercando di raccogliere qualcosa da regalare a chi dall\u2019altro capo del mondo si ritrova per una volta a star peggio di loro.<\/p>\n<p style=\"text-align: justify;\">Certo in altri angoli del Medio Oriente il contributo non \u00e8 altrettanto esemplare. Le 50 tonnellate di cibo messe a disposizione dal Qatar, l\u2019emirato con uno dei pi\u00f9 alti redditi pro capite del mondo, non sono proprio un segnale di grande generosit\u00e0. Ma sono pur sempre un gesto.<\/p>\n<p style=\"text-align: justify;\">E anche l\u2019Iran pronto a svenarsi quando si tratta di spedire missili e armi a Hezbollah o Hamas poteva metter insieme qualcosa di pi\u00f9 di 30 risicate tonnellate di aiuti alimentari. Ma se a caval donato non si guarda in bocca i grandi, imperdonabili assenti continuano a essere gli sceicchi sauditi.<\/p>\n<p style=\"text-align: justify;\">E non \u00e8 certo questione di consuetudini. Quando i poveri haitiani cercheranno di capire il motivo di tanta indifferenza scopriranno che in passato il braccino saudita, con loro cos\u00ec corto, ha dispensato un miliardo di dollari, all\u2019Irak appena uscito dalla guerra a Saddam Hussein.<\/p>\n<p style=\"text-align: justify;\">Strabuzzeranno gli occhi quando realizzeranno che persino gli sciiti iraniani, nemici della grande potenza sunnita, ottennero dopo il terremoto di Ban del 2003 circa 200mila dollari. La vera pioggia di petroldollari \u00e8 per\u00f2 riservata ai palestinesi a cui nel 2009 la casa reale saudita ha confermato donazioni per 1 miliardo e 100 milioni, in aggiunta al miliardo gi\u00e0 messo a disposizione per ricostruire Gaza.<\/p>\n<p style=\"text-align: justify;\">Certo il problema, come ben sanno da Ramallah alla Striscia, \u00e8 capire se quei dollari arriveranno a destinazione o resteranno scritti sul libro delle buone intenzioni. Ma la promessa, a differenza di quel che succede per Haiti, almeno c\u2019\u00e8. Come ci fu nel 2004 quando Riad rispose al dramma dello tsunami mettendo a disposizione delle popolazioni colpite 35 milioni di dollari usciti dalle casse del governo.<\/p>\n<p style=\"text-align: justify;\">Quando poi si tratt\u00f2 di aiutare i musulmani pakistani del Kashmir &#8211; colpiti nel 2005 da un altro sisma &#8211; i signori del petrolio non furono secondi a nessuno e misero sul tavolo quasi 4 milioni di verdoni. Volendo andare pi\u00f9 indietro gli haitiani scoprirebbero che in passato gli aiuti sauditi sono arrivati persino nel cuore dell\u2019Europa. Negli anni Novanta 300 milioni di dollari sauditi vennero usati per acquistare armi destinate ai musulmani bosniaci impegnati nella sanguinosa guerra con serbi e croati.<\/p>\n<p style=\"text-align: justify;\">E qualche anno dopo 5 milioni di dollari messi a disposizione dal Comitato Saudita per i soccorsi al Kosovo disseminarono di moschee e minareti la regione della ex Jugoslavia oggi formalmente indipendente. La differenza \u00e8 tutta l\u00ec. Con i dollari sparsi tra le rovine del Kashmir, le spiagge musulmane dell\u2019estremo oriente e le montagne del Kosovo o della Bosnia si pu\u00f2 propagandare la fede.<\/p>\n<p style=\"text-align: justify;\">Con gli aiuti all\u2019infedele Haiti non si conquista neppure mezzo fedele. E questo per la zelante e integralista gerarchia religiosa wahabita, vero pilastro della casa regnante saudita, non \u00e8 assolutamente ammissibile.<\/p>\n<p style=\"text-align: justify;\">Aiutare senza esigere nulla in cambio \u00e8 un abitudine riservata ad Europa e Stati Uniti. A quell\u2019Occidente che nel 2003 non esit\u00f2 a soccorrere i terremotati iraniani. A quell\u2019Occidente pronto ad aprire il portafoglio anche quando guerre, terremoti e calamit\u00e0 naturali colpiscono nazioni dove esibire la croce \u00e8 pi\u00f9 pericoloso che ritrovarsi in mezzo ad uno tsunami.<\/p>\n","protected":false},"excerpt":{"rendered":"<p>Il Giornale 20 gennaio 2010 A parte la Giordania e poche altre nazioni moderate, gli altri hanno chiuso gli occhi. di Gian Micalessin<\/p><p><a class=\"more-link btn\" href=\"https:\/\/www.rassegnastampa-totustuus.it\/cattolica\/ecco-la-solidariet-islamica-dallarabia-zero-fondi-per-haiti\/\">Continua a leggere<\/a><\/p>\n","protected":false},"author":6,"featured_media":30611,"comment_status":"closed","ping_status":"open","sticky":false,"template":"","format":"standard","meta":{"footnotes":""},"categories":[16],"tags":[1712],"class_list":["post-3672","post","type-post","status-publish","format-standard","has-post-thumbnail","hentry","category-islam","tag-solidarieta-internazionale","item-wrap"],"yoast_head":"<!-- This site is optimized with the Yoast SEO plugin v27.4 - https:\/\/yoast.com\/product\/yoast-seo-wordpress\/ -->\n<title>Ecco la solidariet&agrave; islamica: dall\u2019Arabia zero fondi per Haiti. - Rassegna Stampa Cattolica<\/title>\n<meta name=\"description\" content=\"Rassegna Stampa Cattolica - Per una cultura che nasce dalla Rivelazione cristiana in conformit\u00e0 alla tradizione e al Magistero della Chiesa in opposizione ad ogni relativismo e totalitarismo\" \/>\n<meta name=\"robots\" content=\"index, follow, max-snippet:-1, max-image-preview:large, max-video-preview:-1\" \/>\n<link rel=\"canonical\" href=\"https:\/\/www.rassegnastampa-totustuus.it\/cattolica\/ecco-la-solidariet-islamica-dallarabia-zero-fondi-per-haiti\/\" \/>\n<meta property=\"og:locale\" content=\"it_IT\" \/>\n<meta property=\"og:type\" content=\"article\" \/>\n<meta property=\"og:title\" content=\"Ecco la solidariet&agrave; islamica: dall\u2019Arabia zero fondi per Haiti. - Rassegna Stampa Cattolica\" \/>\n<meta property=\"og:description\" content=\"Rassegna Stampa Cattolica - Per una cultura che nasce dalla Rivelazione cristiana in conformit\u00e0 alla tradizione e al Magistero della Chiesa in opposizione ad ogni relativismo e totalitarismo\" \/>\n<meta property=\"og:url\" content=\"https:\/\/www.rassegnastampa-totustuus.it\/cattolica\/ecco-la-solidariet-islamica-dallarabia-zero-fondi-per-haiti\/\" \/>\n<meta property=\"og:site_name\" content=\"Rassegna Stampa Cattolica\" \/>\n<meta property=\"article:publisher\" content=\"https:\/\/www.facebook.com\/rassegnastampacattolica\" \/>\n<meta property=\"article:published_time\" content=\"2010-01-27T23:00:00+00:00\" \/>\n<meta property=\"article:modified_time\" content=\"2016-02-09T11:34:51+00:00\" \/>\n<meta property=\"og:image\" content=\"https:\/\/www.rassegnastampa-totustuus.it\/cattolica\/wp-content\/uploads\/2010\/01\/Haiti_terremoto1.jpg\" \/>\n\t<meta property=\"og:image:width\" content=\"269\" \/>\n\t<meta property=\"og:image:height\" content=\"187\" \/>\n\t<meta property=\"og:image:type\" content=\"image\/jpeg\" \/>\n<meta name=\"author\" content=\"Redazione\" \/>\n<meta name=\"twitter:card\" content=\"summary_large_image\" \/>\n<meta name=\"twitter:creator\" content=\"@rassegnastampa9\" \/>\n<meta name=\"twitter:site\" content=\"@rassegnastampa9\" \/>\n<meta name=\"twitter:label1\" content=\"Scritto da\" \/>\n\t<meta name=\"twitter:data1\" content=\"Redazione\" \/>\n\t<meta name=\"twitter:label2\" content=\"Tempo di lettura stimato\" \/>\n\t<meta name=\"twitter:data2\" content=\"4 minuti\" \/>\n<script type=\"application\/ld+json\" class=\"yoast-schema-graph\">{\"@context\":\"https:\\\/\\\/schema.org\",\"@graph\":[{\"@type\":\"Article\",\"@id\":\"https:\\\/\\\/www.rassegnastampa-totustuus.it\\\/cattolica\\\/ecco-la-solidariet-islamica-dallarabia-zero-fondi-per-haiti\\\/#article\",\"isPartOf\":{\"@id\":\"https:\\\/\\\/www.rassegnastampa-totustuus.it\\\/cattolica\\\/ecco-la-solidariet-islamica-dallarabia-zero-fondi-per-haiti\\\/\"},\"author\":{\"name\":\"Redazione\",\"@id\":\"https:\\\/\\\/www.rassegnastampa-totustuus.it\\\/cattolica\\\/#\\\/schema\\\/person\\\/08f319d2bd1a0904ad9e2bfb7b15e5c3\"},\"headline\":\"Ecco la solidariet&agrave; islamica: dall\u2019Arabia zero fondi per Haiti.\",\"datePublished\":\"2010-01-27T23:00:00+00:00\",\"dateModified\":\"2016-02-09T11:34:51+00:00\",\"mainEntityOfPage\":{\"@id\":\"https:\\\/\\\/www.rassegnastampa-totustuus.it\\\/cattolica\\\/ecco-la-solidariet-islamica-dallarabia-zero-fondi-per-haiti\\\/\"},\"wordCount\":748,\"publisher\":{\"@id\":\"https:\\\/\\\/www.rassegnastampa-totustuus.it\\\/cattolica\\\/#organization\"},\"image\":{\"@id\":\"https:\\\/\\\/www.rassegnastampa-totustuus.it\\\/cattolica\\\/ecco-la-solidariet-islamica-dallarabia-zero-fondi-per-haiti\\\/#primaryimage\"},\"thumbnailUrl\":\"https:\\\/\\\/www.rassegnastampa-totustuus.it\\\/cattolica\\\/wp-content\\\/uploads\\\/2010\\\/01\\\/Haiti_terremoto1.jpg\",\"keywords\":[\"solidariet\u00e0 internazionale\"],\"articleSection\":[\"Islam\"],\"inLanguage\":\"it-IT\"},{\"@type\":\"WebPage\",\"@id\":\"https:\\\/\\\/www.rassegnastampa-totustuus.it\\\/cattolica\\\/ecco-la-solidariet-islamica-dallarabia-zero-fondi-per-haiti\\\/\",\"url\":\"https:\\\/\\\/www.rassegnastampa-totustuus.it\\\/cattolica\\\/ecco-la-solidariet-islamica-dallarabia-zero-fondi-per-haiti\\\/\",\"name\":\"Ecco la solidariet&agrave; islamica: dall\u2019Arabia zero fondi per Haiti. - Rassegna Stampa Cattolica\",\"isPartOf\":{\"@id\":\"https:\\\/\\\/www.rassegnastampa-totustuus.it\\\/cattolica\\\/#website\"},\"primaryImageOfPage\":{\"@id\":\"https:\\\/\\\/www.rassegnastampa-totustuus.it\\\/cattolica\\\/ecco-la-solidariet-islamica-dallarabia-zero-fondi-per-haiti\\\/#primaryimage\"},\"image\":{\"@id\":\"https:\\\/\\\/www.rassegnastampa-totustuus.it\\\/cattolica\\\/ecco-la-solidariet-islamica-dallarabia-zero-fondi-per-haiti\\\/#primaryimage\"},\"thumbnailUrl\":\"https:\\\/\\\/www.rassegnastampa-totustuus.it\\\/cattolica\\\/wp-content\\\/uploads\\\/2010\\\/01\\\/Haiti_terremoto1.jpg\",\"datePublished\":\"2010-01-27T23:00:00+00:00\",\"dateModified\":\"2016-02-09T11:34:51+00:00\",\"description\":\"Rassegna Stampa Cattolica - Per una cultura che nasce dalla Rivelazione cristiana in conformit\u00e0 alla tradizione e al Magistero della Chiesa in opposizione ad ogni relativismo e totalitarismo\",\"breadcrumb\":{\"@id\":\"https:\\\/\\\/www.rassegnastampa-totustuus.it\\\/cattolica\\\/ecco-la-solidariet-islamica-dallarabia-zero-fondi-per-haiti\\\/#breadcrumb\"},\"inLanguage\":\"it-IT\",\"potentialAction\":[{\"@type\":\"ReadAction\",\"target\":[\"https:\\\/\\\/www.rassegnastampa-totustuus.it\\\/cattolica\\\/ecco-la-solidariet-islamica-dallarabia-zero-fondi-per-haiti\\\/\"]}]},{\"@type\":\"ImageObject\",\"inLanguage\":\"it-IT\",\"@id\":\"https:\\\/\\\/www.rassegnastampa-totustuus.it\\\/cattolica\\\/ecco-la-solidariet-islamica-dallarabia-zero-fondi-per-haiti\\\/#primaryimage\",\"url\":\"https:\\\/\\\/www.rassegnastampa-totustuus.it\\\/cattolica\\\/wp-content\\\/uploads\\\/2010\\\/01\\\/Haiti_terremoto1.jpg\",\"contentUrl\":\"https:\\\/\\\/www.rassegnastampa-totustuus.it\\\/cattolica\\\/wp-content\\\/uploads\\\/2010\\\/01\\\/Haiti_terremoto1.jpg\",\"width\":269,\"height\":187},{\"@type\":\"BreadcrumbList\",\"@id\":\"https:\\\/\\\/www.rassegnastampa-totustuus.it\\\/cattolica\\\/ecco-la-solidariet-islamica-dallarabia-zero-fondi-per-haiti\\\/#breadcrumb\",\"itemListElement\":[{\"@type\":\"ListItem\",\"position\":1,\"name\":\"Home\",\"item\":\"https:\\\/\\\/www.rassegnastampa-totustuus.it\\\/cattolica\\\/\"},{\"@type\":\"ListItem\",\"position\":2,\"name\":\"Ecco la solidariet&agrave; islamica: dall\u2019Arabia zero fondi per Haiti.\"}]},{\"@type\":\"WebSite\",\"@id\":\"https:\\\/\\\/www.rassegnastampa-totustuus.it\\\/cattolica\\\/#website\",\"url\":\"https:\\\/\\\/www.rassegnastampa-totustuus.it\\\/cattolica\\\/\",\"name\":\"Rassegna Stampa Cattolica\",\"description\":\"Per una cultura che nasce dalla Rivelazione cristiana in conformit\u00e0 alla tradizione e al Magistero della Chiesa in opposizione ad ogni relativismo e totalitarismo\",\"publisher\":{\"@id\":\"https:\\\/\\\/www.rassegnastampa-totustuus.it\\\/cattolica\\\/#organization\"},\"alternateName\":\"Rass. Cattolica\",\"potentialAction\":[{\"@type\":\"SearchAction\",\"target\":{\"@type\":\"EntryPoint\",\"urlTemplate\":\"https:\\\/\\\/www.rassegnastampa-totustuus.it\\\/cattolica\\\/?s={search_term_string}\"},\"query-input\":{\"@type\":\"PropertyValueSpecification\",\"valueRequired\":true,\"valueName\":\"search_term_string\"}}],\"inLanguage\":\"it-IT\"},{\"@type\":\"Organization\",\"@id\":\"https:\\\/\\\/www.rassegnastampa-totustuus.it\\\/cattolica\\\/#organization\",\"name\":\"Rassegna Stampa Cattolica\",\"url\":\"https:\\\/\\\/www.rassegnastampa-totustuus.it\\\/cattolica\\\/\",\"logo\":{\"@type\":\"ImageObject\",\"inLanguage\":\"it-IT\",\"@id\":\"https:\\\/\\\/www.rassegnastampa-totustuus.it\\\/cattolica\\\/#\\\/schema\\\/logo\\\/image\\\/\",\"url\":\"https:\\\/\\\/www.rassegnastampa-totustuus.it\\\/cattolica\\\/wp-content\\\/uploads\\\/2014\\\/04\\\/logo-rassegna1.gif\",\"contentUrl\":\"https:\\\/\\\/www.rassegnastampa-totustuus.it\\\/cattolica\\\/wp-content\\\/uploads\\\/2014\\\/04\\\/logo-rassegna1.gif\",\"width\":600,\"height\":163,\"caption\":\"Rassegna Stampa Cattolica\"},\"image\":{\"@id\":\"https:\\\/\\\/www.rassegnastampa-totustuus.it\\\/cattolica\\\/#\\\/schema\\\/logo\\\/image\\\/\"},\"sameAs\":[\"https:\\\/\\\/www.facebook.com\\\/rassegnastampacattolica\",\"https:\\\/\\\/x.com\\\/rassegnastampa9\"]},{\"@type\":\"Person\",\"@id\":\"https:\\\/\\\/www.rassegnastampa-totustuus.it\\\/cattolica\\\/#\\\/schema\\\/person\\\/08f319d2bd1a0904ad9e2bfb7b15e5c3\",\"name\":\"Redazione\",\"image\":{\"@type\":\"ImageObject\",\"inLanguage\":\"it-IT\",\"@id\":\"https:\\\/\\\/secure.gravatar.com\\\/avatar\\\/2fcdf27c78ea025fbdb44e914cc63c72249ffec9dc8aafd5c82b26240ef3f346?s=96&d=mm&r=g\",\"url\":\"https:\\\/\\\/secure.gravatar.com\\\/avatar\\\/2fcdf27c78ea025fbdb44e914cc63c72249ffec9dc8aafd5c82b26240ef3f346?s=96&d=mm&r=g\",\"contentUrl\":\"https:\\\/\\\/secure.gravatar.com\\\/avatar\\\/2fcdf27c78ea025fbdb44e914cc63c72249ffec9dc8aafd5c82b26240ef3f346?s=96&d=mm&r=g\",\"caption\":\"Redazione\"},\"url\":\"https:\\\/\\\/www.rassegnastampa-totustuus.it\\\/cattolica\\\/author\\\/pietroelle\\\/\"}]}<\/script>\n<!-- \/ Yoast SEO plugin. -->","yoast_head_json":{"title":"Ecco la solidariet&agrave; islamica: dall\u2019Arabia zero fondi per Haiti. - Rassegna Stampa Cattolica","description":"Rassegna Stampa Cattolica - Per una cultura che nasce dalla Rivelazione cristiana in conformit\u00e0 alla tradizione e al Magistero della Chiesa in opposizione ad ogni relativismo e totalitarismo","robots":{"index":"index","follow":"follow","max-snippet":"max-snippet:-1","max-image-preview":"max-image-preview:large","max-video-preview":"max-video-preview:-1"},"canonical":"https:\/\/www.rassegnastampa-totustuus.it\/cattolica\/ecco-la-solidariet-islamica-dallarabia-zero-fondi-per-haiti\/","og_locale":"it_IT","og_type":"article","og_title":"Ecco la solidariet&agrave; islamica: dall\u2019Arabia zero fondi per Haiti. - Rassegna Stampa Cattolica","og_description":"Rassegna Stampa Cattolica - Per una cultura che nasce dalla Rivelazione cristiana in conformit\u00e0 alla tradizione e al Magistero della Chiesa in opposizione ad ogni relativismo e totalitarismo","og_url":"https:\/\/www.rassegnastampa-totustuus.it\/cattolica\/ecco-la-solidariet-islamica-dallarabia-zero-fondi-per-haiti\/","og_site_name":"Rassegna Stampa Cattolica","article_publisher":"https:\/\/www.facebook.com\/rassegnastampacattolica","article_published_time":"2010-01-27T23:00:00+00:00","article_modified_time":"2016-02-09T11:34:51+00:00","og_image":[{"width":269,"height":187,"url":"https:\/\/www.rassegnastampa-totustuus.it\/cattolica\/wp-content\/uploads\/2010\/01\/Haiti_terremoto1.jpg","type":"image\/jpeg"}],"author":"Redazione","twitter_card":"summary_large_image","twitter_creator":"@rassegnastampa9","twitter_site":"@rassegnastampa9","twitter_misc":{"Scritto da":"Redazione","Tempo di lettura stimato":"4 minuti"},"schema":{"@context":"https:\/\/schema.org","@graph":[{"@type":"Article","@id":"https:\/\/www.rassegnastampa-totustuus.it\/cattolica\/ecco-la-solidariet-islamica-dallarabia-zero-fondi-per-haiti\/#article","isPartOf":{"@id":"https:\/\/www.rassegnastampa-totustuus.it\/cattolica\/ecco-la-solidariet-islamica-dallarabia-zero-fondi-per-haiti\/"},"author":{"name":"Redazione","@id":"https:\/\/www.rassegnastampa-totustuus.it\/cattolica\/#\/schema\/person\/08f319d2bd1a0904ad9e2bfb7b15e5c3"},"headline":"Ecco la solidariet&agrave; islamica: dall\u2019Arabia zero fondi per Haiti.","datePublished":"2010-01-27T23:00:00+00:00","dateModified":"2016-02-09T11:34:51+00:00","mainEntityOfPage":{"@id":"https:\/\/www.rassegnastampa-totustuus.it\/cattolica\/ecco-la-solidariet-islamica-dallarabia-zero-fondi-per-haiti\/"},"wordCount":748,"publisher":{"@id":"https:\/\/www.rassegnastampa-totustuus.it\/cattolica\/#organization"},"image":{"@id":"https:\/\/www.rassegnastampa-totustuus.it\/cattolica\/ecco-la-solidariet-islamica-dallarabia-zero-fondi-per-haiti\/#primaryimage"},"thumbnailUrl":"https:\/\/www.rassegnastampa-totustuus.it\/cattolica\/wp-content\/uploads\/2010\/01\/Haiti_terremoto1.jpg","keywords":["solidariet\u00e0 internazionale"],"articleSection":["Islam"],"inLanguage":"it-IT"},{"@type":"WebPage","@id":"https:\/\/www.rassegnastampa-totustuus.it\/cattolica\/ecco-la-solidariet-islamica-dallarabia-zero-fondi-per-haiti\/","url":"https:\/\/www.rassegnastampa-totustuus.it\/cattolica\/ecco-la-solidariet-islamica-dallarabia-zero-fondi-per-haiti\/","name":"Ecco la solidariet&agrave; islamica: dall\u2019Arabia zero fondi per Haiti. - Rassegna Stampa Cattolica","isPartOf":{"@id":"https:\/\/www.rassegnastampa-totustuus.it\/cattolica\/#website"},"primaryImageOfPage":{"@id":"https:\/\/www.rassegnastampa-totustuus.it\/cattolica\/ecco-la-solidariet-islamica-dallarabia-zero-fondi-per-haiti\/#primaryimage"},"image":{"@id":"https:\/\/www.rassegnastampa-totustuus.it\/cattolica\/ecco-la-solidariet-islamica-dallarabia-zero-fondi-per-haiti\/#primaryimage"},"thumbnailUrl":"https:\/\/www.rassegnastampa-totustuus.it\/cattolica\/wp-content\/uploads\/2010\/01\/Haiti_terremoto1.jpg","datePublished":"2010-01-27T23:00:00+00:00","dateModified":"2016-02-09T11:34:51+00:00","description":"Rassegna Stampa Cattolica - Per una cultura che nasce dalla Rivelazione cristiana in conformit\u00e0 alla tradizione e al Magistero della Chiesa in opposizione ad ogni relativismo e totalitarismo","breadcrumb":{"@id":"https:\/\/www.rassegnastampa-totustuus.it\/cattolica\/ecco-la-solidariet-islamica-dallarabia-zero-fondi-per-haiti\/#breadcrumb"},"inLanguage":"it-IT","potentialAction":[{"@type":"ReadAction","target":["https:\/\/www.rassegnastampa-totustuus.it\/cattolica\/ecco-la-solidariet-islamica-dallarabia-zero-fondi-per-haiti\/"]}]},{"@type":"ImageObject","inLanguage":"it-IT","@id":"https:\/\/www.rassegnastampa-totustuus.it\/cattolica\/ecco-la-solidariet-islamica-dallarabia-zero-fondi-per-haiti\/#primaryimage","url":"https:\/\/www.rassegnastampa-totustuus.it\/cattolica\/wp-content\/uploads\/2010\/01\/Haiti_terremoto1.jpg","contentUrl":"https:\/\/www.rassegnastampa-totustuus.it\/cattolica\/wp-content\/uploads\/2010\/01\/Haiti_terremoto1.jpg","width":269,"height":187},{"@type":"BreadcrumbList","@id":"https:\/\/www.rassegnastampa-totustuus.it\/cattolica\/ecco-la-solidariet-islamica-dallarabia-zero-fondi-per-haiti\/#breadcrumb","itemListElement":[{"@type":"ListItem","position":1,"name":"Home","item":"https:\/\/www.rassegnastampa-totustuus.it\/cattolica\/"},{"@type":"ListItem","position":2,"name":"Ecco la solidariet&agrave; islamica: dall\u2019Arabia zero fondi per Haiti."}]},{"@type":"WebSite","@id":"https:\/\/www.rassegnastampa-totustuus.it\/cattolica\/#website","url":"https:\/\/www.rassegnastampa-totustuus.it\/cattolica\/","name":"Rassegna Stampa Cattolica","description":"Per una cultura che nasce dalla Rivelazione cristiana in conformit\u00e0 alla tradizione e al Magistero della Chiesa in opposizione ad ogni relativismo e totalitarismo","publisher":{"@id":"https:\/\/www.rassegnastampa-totustuus.it\/cattolica\/#organization"},"alternateName":"Rass. Cattolica","potentialAction":[{"@type":"SearchAction","target":{"@type":"EntryPoint","urlTemplate":"https:\/\/www.rassegnastampa-totustuus.it\/cattolica\/?s={search_term_string}"},"query-input":{"@type":"PropertyValueSpecification","valueRequired":true,"valueName":"search_term_string"}}],"inLanguage":"it-IT"},{"@type":"Organization","@id":"https:\/\/www.rassegnastampa-totustuus.it\/cattolica\/#organization","name":"Rassegna Stampa Cattolica","url":"https:\/\/www.rassegnastampa-totustuus.it\/cattolica\/","logo":{"@type":"ImageObject","inLanguage":"it-IT","@id":"https:\/\/www.rassegnastampa-totustuus.it\/cattolica\/#\/schema\/logo\/image\/","url":"https:\/\/www.rassegnastampa-totustuus.it\/cattolica\/wp-content\/uploads\/2014\/04\/logo-rassegna1.gif","contentUrl":"https:\/\/www.rassegnastampa-totustuus.it\/cattolica\/wp-content\/uploads\/2014\/04\/logo-rassegna1.gif","width":600,"height":163,"caption":"Rassegna Stampa Cattolica"},"image":{"@id":"https:\/\/www.rassegnastampa-totustuus.it\/cattolica\/#\/schema\/logo\/image\/"},"sameAs":["https:\/\/www.facebook.com\/rassegnastampacattolica","https:\/\/x.com\/rassegnastampa9"]},{"@type":"Person","@id":"https:\/\/www.rassegnastampa-totustuus.it\/cattolica\/#\/schema\/person\/08f319d2bd1a0904ad9e2bfb7b15e5c3","name":"Redazione","image":{"@type":"ImageObject","inLanguage":"it-IT","@id":"https:\/\/secure.gravatar.com\/avatar\/2fcdf27c78ea025fbdb44e914cc63c72249ffec9dc8aafd5c82b26240ef3f346?s=96&d=mm&r=g","url":"https:\/\/secure.gravatar.com\/avatar\/2fcdf27c78ea025fbdb44e914cc63c72249ffec9dc8aafd5c82b26240ef3f346?s=96&d=mm&r=g","contentUrl":"https:\/\/secure.gravatar.com\/avatar\/2fcdf27c78ea025fbdb44e914cc63c72249ffec9dc8aafd5c82b26240ef3f346?s=96&d=mm&r=g","caption":"Redazione"},"url":"https:\/\/www.rassegnastampa-totustuus.it\/cattolica\/author\/pietroelle\/"}]}},"_links":{"self":[{"href":"https:\/\/www.rassegnastampa-totustuus.it\/cattolica\/wp-json\/wp\/v2\/posts\/3672","targetHints":{"allow":["GET"]}}],"collection":[{"href":"https:\/\/www.rassegnastampa-totustuus.it\/cattolica\/wp-json\/wp\/v2\/posts"}],"about":[{"href":"https:\/\/www.rassegnastampa-totustuus.it\/cattolica\/wp-json\/wp\/v2\/types\/post"}],"author":[{"embeddable":true,"href":"https:\/\/www.rassegnastampa-totustuus.it\/cattolica\/wp-json\/wp\/v2\/users\/6"}],"replies":[{"embeddable":true,"href":"https:\/\/www.rassegnastampa-totustuus.it\/cattolica\/wp-json\/wp\/v2\/comments?post=3672"}],"version-history":[{"count":4,"href":"https:\/\/www.rassegnastampa-totustuus.it\/cattolica\/wp-json\/wp\/v2\/posts\/3672\/revisions"}],"predecessor-version":[{"id":30612,"href":"https:\/\/www.rassegnastampa-totustuus.it\/cattolica\/wp-json\/wp\/v2\/posts\/3672\/revisions\/30612"}],"wp:featuredmedia":[{"embeddable":true,"href":"https:\/\/www.rassegnastampa-totustuus.it\/cattolica\/wp-json\/wp\/v2\/media\/30611"}],"wp:attachment":[{"href":"https:\/\/www.rassegnastampa-totustuus.it\/cattolica\/wp-json\/wp\/v2\/media?parent=3672"}],"wp:term":[{"taxonomy":"category","embeddable":true,"href":"https:\/\/www.rassegnastampa-totustuus.it\/cattolica\/wp-json\/wp\/v2\/categories?post=3672"},{"taxonomy":"post_tag","embeddable":true,"href":"https:\/\/www.rassegnastampa-totustuus.it\/cattolica\/wp-json\/wp\/v2\/tags?post=3672"}],"curies":[{"name":"wp","href":"https:\/\/api.w.org\/{rel}","templated":true}]}}