{"id":36700,"date":"2016-11-17T00:00:19","date_gmt":"2016-11-16T23:00:19","guid":{"rendered":"http:\/\/www.rassegnastampa-totustuus.it\/cattolica\/?p=36700"},"modified":"2016-11-11T09:41:20","modified_gmt":"2016-11-11T08:41:20","slug":"ad-resurgendum-cum-christo","status":"publish","type":"post","link":"https:\/\/www.rassegnastampa-totustuus.it\/cattolica\/ad-resurgendum-cum-christo\/","title":{"rendered":"\u201cAd resurgendum cum Christo\u201d"},"content":{"rendered":"<p style=\"text-align: center;\"><strong>Istruzione<\/strong><strong>\u00a0<\/strong><\/p>\n<p style=\"text-align: center;\"><strong>circa la sepoltura dei defunti e la conservazione delle ceneri <\/strong><\/p>\n<p style=\"text-align: center;\"><strong>in caso di cremazione<\/strong><\/p>\n<p style=\"text-align: center;\"><img loading=\"lazy\" decoding=\"async\" class=\"aligncenter wp-image-36701\" src=\"https:\/\/www.rassegnastampa-totustuus.it\/cattolica\/wp-content\/uploads\/2016\/11\/Vaticano_logo.jpg\" alt=\"vaticano_logo\" width=\"165\" height=\"200\" \/><\/p>\n<p style=\"text-align: justify;\"><!--more--><\/p>\n<p style=\"text-align: justify;\"><strong>1.<\/strong> Per risuscitare con Cristo, bisogna morire con Cristo, bisogna \u00abandare in esilio dal corpo e abitare presso il Signore\u00bb (<em>2 Cor<\/em>5,8). Con l\u2019Istruzione <em>Piam et constantem<\/em> del 5 luglio 1963, l\u2019allora Sant\u2019Uffizio ha stabilito che \u00absia fedelmente mantenuta la consuetudine di seppellire i cadaveri dei fedeli\u00bb, aggiungendo per\u00f2 che la cremazione non \u00e8 \u00abdi per s\u00e9 contraria alla religione cristiana\u00bb e che non siano pi\u00f9 negati i sacramenti e le esequie a coloro che abbiano chiesto di farsi cremare, a condizione che tale scelta non sia voluta \u00abcome negazione dei dogmi cristiani, o con animo settario, o per odio contro la religione cattolica e la Chiesa\u00bb. (1) Questo cambiamento della disciplina ecclesiastica \u00e8 stato poi recepito nel Codice di Diritto Canonico (1983) e nel Codice dei Canoni delle Chiese Orientali (1990).<\/p>\n<p style=\"text-align: justify;\">Nel frattempo la prassi della cremazione si \u00e8 notevolmente diffusa in non poche Nazioni, ma nel contempo si sono diffuse anche nuove idee in contrasto con la fede della Chiesa. Dopo avere opportunamente sentito la Congregazione per il Culto Divino e la Disciplina dei Sacramenti, il Pontificio Consiglio per i Testi Legislativi e numerose Conferenze Episcopali e Sinodi dei Vescovi delle Chiese Orientali, la Congregazione per la Dottrina della Fede ha ritenuto opportuno la pubblicazione di una nuova Istruzione, allo scopo di ribadire le ragioni dottrinali e pastorali per la preferenza della sepoltura dei corpi e di emanare norme per quanto riguarda la conservazione delle ceneri nel caso della cremazione.<\/p>\n<p style=\"text-align: justify;\"><strong>2.<\/strong> La risurrezione di Ges\u00f9 \u00e8 la verit\u00e0 culminante della fede cristiana, predicata come parte essenziale del Mistero pasquale fin dalle origini del cristianesimo: \u00abVi ho trasmesso quello che anch\u2019io ho ricevuto: che cio\u00e8 Cristo mor\u00ec per i nostri peccati secondo le Scritture, fu sepolto ed \u00e8 risuscitato il terzo giorno secondo le Scritture, e che apparve a Cefa e quindi ai Dodici\u00bb (<em>1 Cor<\/em> 15,3\u20135).<\/p>\n<p style=\"text-align: justify;\">Mediante la sua morte e risurrezione, Cristo ci ha liberato dal peccato e ci ha dato accesso a una nuova vita: \u00abCome Cristo fu risuscitato dai morti per mezzo della gloria del Padre, cos\u00ec anche noi possiamo camminare in una vita nuova\u00bb (<em>Rm<\/em> 6,4). Inoltre, il Cristo risorto \u00e8 principio e sorgente della nostra risurrezione futura: \u00abCristo \u00e8 risuscitato dai morti, primizia di coloro che sono morti&#8230;; e come tutti muoiono in Adamo, cos\u00ec tutti riceveranno la vita in Cristo\u00bb (<em>1 Cor<\/em> 15,20\u201322).<\/p>\n<p style=\"text-align: justify;\"><strong>3.<\/strong> Se \u00e8 vero che Cristo ci risusciter\u00e0 nell\u2019ultimo giorno, \u00e8 anche vero che, per un certo aspetto, siamo gi\u00e0 risuscitati con Cristo. Con il Battesimo, infatti, siamo immersi nella morte e risurrezione di Cristo e sacramentalmente assimilati a lui: \u00abCon lui infatti siete stati sepolti insieme nel Battesimo, in lui anche siete stati insieme risuscitati per la fede nella potenza di Dio, che lo ha risuscitato dai morti\u00bb (<em>Col<\/em> 2,12). Uniti a Cristo mediante il Battesimo, partecipiamo gi\u00e0 realmente alla vita di Cristo risorto (cf. <em>Ef<\/em> 2,6).<\/p>\n<p style=\"text-align: justify;\">Grazie a Cristo, la morte cristiana ha un significato positivo. La liturgia della Chiesa prega: \u00abAi tuoi fedeli, Signore, la vita non \u00e8 tolta, ma trasformata; e mentre si distrugge la dimora di questo esilio terreno, viene preparata un\u2019abitazione eterna nel cielo\u00bb. (2) Con la morte, l\u2019anima viene separata dal corpo, ma nella risurrezione Dio torner\u00e0 a dare la vita incorruttibile al nostro corpo trasformato, riunendolo alla nostra anima. Anche ai nostri giorni la Chiesa \u00e8 chiamata ad annunciare la fede nella risurrezione: \u00abLa risurrezione dei morti \u00e8 la fede dei cristiani: credendo in essa siamo tali\u00bb. (3)<\/p>\n<p style=\"text-align: justify;\"><strong>4.<\/strong> Seguendo l\u2019antichissima tradizione cristiana, la Chiesa raccomanda insistentemente che i corpi dei defunti vengano seppelliti nel cimitero o in altro luogo sacro. (4)<\/p>\n<p style=\"text-align: justify;\">Nel ricordo della morte, sepoltura e risurrezione del Signore, mistero alla luce del quale si manifesta il senso cristiano della morte, (5) l\u2019inumazione \u00e8 innanzitutto la forma pi\u00f9 idonea per esprimere la fede e la speranza nella risurrezione corporale (6).<\/p>\n<p style=\"text-align: justify;\">La Chiesa, che come Madre ha accompagnato il cristiano durante il suo pellegrinaggio terreno, offre al Padre, in Cristo, il figlio della sua grazia e ne consegna alla terra le spoglie mortali nella speranza che risusciter\u00e0 nella gloria, (7)<\/p>\n<p style=\"text-align: justify;\">Seppellendo i corpi dei fedeli defunti, la Chiesa conferma la fede nella risurrezione della carne, (8) e intende mettere in rilievo l\u2019alta dignit\u00e0 del corpo umano come parte integrante della persona della quale il corpo condivide la storia (9). Non pu\u00f2 permettere, quindi, atteggiamenti e riti che coinvolgono concezioni errate della morte, ritenuta sia come l\u2019annullamento definitivo della persona, sia come il momento della sua fusione con la Madre natura o con l\u2019universo, sia come una tappa nel processo della re\u2013incarnazione, sia come la liberazione definitiva della \u201cprigione\u201d del corpo.<\/p>\n<p style=\"text-align: justify;\">Inoltre, la sepoltura nei cimiteri o in altri luoghi sacri risponde adeguatamente alla piet\u00e0 e al rispetto dovuti ai corpi dei fedeli defunti, che mediante il Battesimo sono diventati tempio dello Spirito Santo e dei quali, \u00abcome di strumenti e di vasi, si \u00e8 santamente servito lo Spirito per compiere tante opere buone\u00bb. (10)<\/p>\n<p style=\"text-align: justify;\">Il giusto Tobia viene lodato per i meriti acquisiti davanti a Dio per aver seppellito i morti. (11) e la Chiesa considera la sepoltura dei morti come un\u2019opera di misericordia corporale. (12)<\/p>\n<p style=\"text-align: justify;\">Infine, la sepoltura dei corpi dei fedeli defunti nei cimiteri o in altri luoghi sacri favorisce il ricordo e la preghiera per i defunti da parte dei familiari e di tutta la comunit\u00e0 cristiana, nonch\u00e9 la venerazione dei martiri e dei santi.<\/p>\n<p style=\"text-align: justify;\">Mediante la sepoltura dei corpi nei cimiteri, nelle chiese o nelle aree ad esse adibite, la tradizione cristiana ha custodito la comunione tra i vivi e i defunti e si \u00e8 opposta alla tendenza a occultare o privatizzare l\u2019evento della morte e il significato che esso ha per i cristiani.<\/p>\n<p style=\"text-align: justify;\"><strong>5.<\/strong> Laddove ragioni di tipo igienico, economico o sociale portino a scegliere la cremazione, scelta che non deve essere contraria alla volont\u00e0 esplicita o ragionevolmente presunta del fedele defunto, la Chiesa non scorge ragioni dottrinali per impedire tale prassi, poich\u00e9 la cremazione del cadavere non tocca l\u2019anima e non impedisce all\u2019onnipotenza divina di risuscitare il corpo e quindi non contiene l\u2019oggettiva negazione della dottrina cristiana sull\u2019immortalit\u00e0 dell\u2019anima e la risurrezione dei corpi. (13)<\/p>\n<p style=\"text-align: justify;\">La Chiesa continua a preferire la sepoltura dei corpi poich\u00e9 con essa si mostra una maggiore stima verso i defunti; tuttavia la cremazione non \u00e8 vietata, \u00aba meno che questa non sia stata scelta per ragioni contrarie alla dottrina cristiana\u00bb. (14)<\/p>\n<p style=\"text-align: justify;\">In assenza di motivazioni contrarie alla dottrina cristiana, la Chiesa, dopo la celebrazione delle esequie, accompagna la scelta della cremazione con apposite indicazioni liturgiche e pastorali, avendo particolare cura di evitare ogni forma di scandalo o di indifferentismo religioso.<\/p>\n<p style=\"text-align: justify;\"><strong>6.<\/strong>\u00a0Qualora per motivazioni legittime venga fatta la scelta della cremazione del cadavere, le ceneri del defunto devono essere conservate di regola in un luogo sacro, cio\u00e8 nel cimitero o, se \u00e8 il caso, in una chiesa o in un\u2019area appositamente dedicata a tale scopo dalla competente autorit\u00e0 ecclesiastica.<\/p>\n<p style=\"text-align: justify;\">Sin dall\u2019inizio i cristiani hanno desiderato che i loro defunti fossero oggetto delle preghiere e del ricordo della comunit\u00e0 cristiana. Le loro tombe divenivano luoghi di preghiera, della memoria e della riflessione. I fedeli defunti fanno parte della Chiesa, che crede alla comunione \u00abdi coloro che sono pellegrini su questa terra, dei defunti che compiono la loro purificazione e dei beati del cielo; tutti insieme formano una sola Chiesa\u00bb. (15)<\/p>\n<p style=\"text-align: justify;\">La conservazione delle ceneri in un luogo sacro pu\u00f2 contribuire a ridurre il rischio di sottrarre i defunti alla preghiera e al ricordo dei parenti e della comunit\u00e0 cristiana. In tal modo, inoltre, si evita la possibilit\u00e0 di dimenticanze e mancanze di rispetto, che possono avvenire soprattutto una volta passata la prima generazione, nonch\u00e9 pratiche sconvenienti o superstiziose.<\/p>\n<p style=\"text-align: justify;\"><strong>7.<\/strong> Per i motivi sopra elencati, la conservazione delle ceneri nell\u2019abitazione domestica non \u00e8 consentita. Soltanto in caso di circostanze gravi ed eccezionali, dipendenti da condizioni culturali di carattere locale, l\u2019Ordinario, in accordo con la Conferenza Episcopale o il Sinodo dei Vescovi delle Chiese Orientali, pu\u00f2 concedere il permesso per la conservazione delle ceneri nell\u2019abitazione domestica. Le ceneri, tuttavia, non possono essere divise tra i vari nuclei familiari e vanno sempre assicurati il rispetto e le adeguate condizioni di conservazione.<\/p>\n<p style=\"text-align: justify;\"><strong>8.<\/strong> Per evitare ogni tipo di equivoco panteista, naturalista o nichilista, non sia permessa la dispersione delle ceneri nell\u2019aria, in terra o in acqua o in altro modo oppure la conversione delle ceneri cremate in ricordi commemorativi, in pezzi di gioielleria o in altri oggetti, tenendo presente che per tali modi di procedere non possono essere addotte le ragioni igieniche, sociali o economiche che possono motivare la scelta della cremazione.<\/p>\n<p style=\"text-align: justify;\"><strong>9.<\/strong> Nel caso che il defunto avesse notoriamente disposto la cremazione e la dispersione in natura delle proprie ceneri per ragioni contrarie alla fede cristiana, si devono negare le esequie, a norma del diritto. (16)<\/p>\n<p style=\"text-align: justify;\"><em>Il Sommo Pontefice Francesco, nell\u2019Udienza concessa al sottoscritto Cardinale Prefetto in data 18 marzo 2016, ha approvato la presente Istruzione, decisa nella Sessione Ordinaria di questa Congregazione in data 2 marzo 2016, e ne ha ordinato la pubblicazione.<\/em><\/p>\n<p>Roma, dalla Sede della Congregazione per la Dottrina della Fede, 15 agosto 2016, Solennit\u00e0 dell\u2019Assunzione della Beata Vergine Maria.<\/p>\n<p><strong>Gerhard Card. M\u00fcller<\/strong><\/p>\n<p><em>Prefetto<\/em><\/p>\n<p><strong>Luis F. Ladaria, S.I.<\/strong><\/p>\n<p><em>Arcivescovo titolare di Thibica Segretario<\/em><\/p>\n<p>___________________<\/p>\n<p><strong>1)<\/strong> <em>AAS<\/em> 56 (1964), 822-823.<\/p>\n<p><strong>2)<\/strong> Messale Romano, <em>Prefazio dei defunti<\/em>, I.<\/p>\n<p><strong>3)<\/strong> Tertulliano, <em>De resurrectione carnis<\/em>, 1,1: <em>CCL<\/em> 2, 921.<\/p>\n<p><strong>4)<\/strong> Cf. <em>CIC<\/em>, can. 1176, \u00a7 3; can. 1205; <em>CCEO<\/em>, can. 876, \u00a7 3; can. 868.<\/p>\n<p><strong>5)<\/strong> Cf. <em>Catechismo della Chiesa Cattolica<\/em>, n. 1681.<\/p>\n<p><strong>6)<\/strong> Cf. <em>Catechismo della Chiesa Cattolica<\/em>, n. 2300.<\/p>\n<p><strong>7)<\/strong> Cf. <em>1 Cor<\/em> 15,42-44; <em>Catechismo della Chiesa Cattolica<\/em>, n. 1683.<\/p>\n<p><strong>8)<\/strong> Cf. Sant\u2019Agostino, <em>De cura pro mortuis gerenda<\/em>, 3, 5: <em>CSEL<\/em> 41, 628.<\/p>\n<p><strong>9)<\/strong> Cf. Conc. Ecum. Vat. II, Costituzione pastorale <em>Gaudium et spes<\/em>, n. 14.<\/p>\n<p><strong>10)<\/strong> Cf. Sant\u2019Agostino, <em>De cura pro mortuis gerenda<\/em>, 3, 5: <em>CSEL<\/em> 41, 627.<\/p>\n<p><strong>11)<\/strong> Cf. <em>Tb<\/em> 2, 9; 12, 12.<\/p>\n<p><strong>12)<\/strong> Cf. <em>Catechismo della Chiesa Cattolica<\/em>, n. 2300<sup>.<\/sup><\/p>\n<p><strong>13)<\/strong> Cf. Suprema Sacra Congregazione del Sant\u2019Uffizio, Istruzione <em>Piam et constantem<\/em>, 5 luglio 1963: AAS 56 (1964), 822.<\/p>\n<p><strong>14)<\/strong> <em>CIC<\/em>, can. 1176, \u00a7 3; cf. <em>CCEO<\/em>, can. 876, \u00a7 3.<\/p>\n<p><strong>15)<\/strong> <em>Catechismo della Chiesa Cattolica<\/em>, n. 962.<\/p>\n<p><strong>16)<\/strong> <em>CIC<\/em>, can. 1184; <em>CCEO<\/em>, can. 876, \u00a7 3.<\/p>\n<p>&nbsp;<\/p>\n","protected":false},"excerpt":{"rendered":"<p>Istruzione\u00a0 circa la sepoltura dei defunti e la conservazione delle ceneri in caso di cremazione<\/p><p><a class=\"more-link btn\" href=\"https:\/\/www.rassegnastampa-totustuus.it\/cattolica\/ad-resurgendum-cum-christo\/\">Continua a leggere<\/a><\/p>\n","protected":false},"author":6,"featured_media":36701,"comment_status":"closed","ping_status":"closed","sticky":false,"template":"","format":"standard","meta":{"footnotes":""},"categories":[5,7],"tags":[2527,2053],"class_list":["post-36700","post","type-post","status-publish","format-standard","has-post-thumbnail","hentry","category-chiesa","category-costume","tag-cremazione","tag-sepoltura","item-wrap"],"yoast_head":"<!-- This site is optimized with the Yoast SEO plugin v27.5 - https:\/\/yoast.com\/product\/yoast-seo-wordpress\/ -->\n<title>\u201cAd resurgendum cum Christo\u201d - Rassegna Stampa Cattolica<\/title>\n<meta name=\"description\" content=\"Rassegna Stampa Cattolica - Per una cultura che nasce dalla Rivelazione cristiana in conformit\u00e0 alla tradizione e al Magistero della Chiesa in opposizione ad ogni relativismo e totalitarismo\" \/>\n<meta name=\"robots\" content=\"index, follow, max-snippet:-1, max-image-preview:large, max-video-preview:-1\" \/>\n<link rel=\"canonical\" href=\"https:\/\/www.rassegnastampa-totustuus.it\/cattolica\/ad-resurgendum-cum-christo\/\" \/>\n<meta property=\"og:locale\" content=\"it_IT\" \/>\n<meta property=\"og:type\" content=\"article\" \/>\n<meta property=\"og:title\" content=\"\u201cAd resurgendum cum Christo\u201d - Rassegna Stampa Cattolica\" \/>\n<meta property=\"og:description\" content=\"Rassegna Stampa Cattolica - Per una cultura che nasce dalla Rivelazione cristiana in conformit\u00e0 alla tradizione e al Magistero della Chiesa in opposizione ad ogni relativismo e totalitarismo\" \/>\n<meta property=\"og:url\" content=\"https:\/\/www.rassegnastampa-totustuus.it\/cattolica\/ad-resurgendum-cum-christo\/\" \/>\n<meta property=\"og:site_name\" content=\"Rassegna Stampa Cattolica\" \/>\n<meta property=\"article:publisher\" content=\"https:\/\/www.facebook.com\/rassegnastampacattolica\" \/>\n<meta property=\"article:published_time\" content=\"2016-11-16T23:00:19+00:00\" \/>\n<meta property=\"og:image\" content=\"https:\/\/www.rassegnastampa-totustuus.it\/cattolica\/wp-content\/uploads\/2016\/11\/Vaticano_logo.jpg\" \/>\n\t<meta property=\"og:image:width\" content=\"204\" \/>\n\t<meta property=\"og:image:height\" content=\"248\" \/>\n\t<meta property=\"og:image:type\" content=\"image\/jpeg\" \/>\n<meta name=\"author\" content=\"Redazione\" \/>\n<meta name=\"twitter:card\" content=\"summary_large_image\" \/>\n<meta name=\"twitter:creator\" content=\"@rassegnastampa9\" \/>\n<meta name=\"twitter:site\" content=\"@rassegnastampa9\" \/>\n<meta name=\"twitter:label1\" content=\"Scritto da\" \/>\n\t<meta name=\"twitter:data1\" content=\"Redazione\" \/>\n\t<meta name=\"twitter:label2\" content=\"Tempo di lettura stimato\" \/>\n\t<meta name=\"twitter:data2\" content=\"8 minuti\" \/>\n<script type=\"application\/ld+json\" class=\"yoast-schema-graph\">{\"@context\":\"https:\\\/\\\/schema.org\",\"@graph\":[{\"@type\":\"Article\",\"@id\":\"https:\\\/\\\/www.rassegnastampa-totustuus.it\\\/cattolica\\\/ad-resurgendum-cum-christo\\\/#article\",\"isPartOf\":{\"@id\":\"https:\\\/\\\/www.rassegnastampa-totustuus.it\\\/cattolica\\\/ad-resurgendum-cum-christo\\\/\"},\"author\":{\"name\":\"Redazione\",\"@id\":\"https:\\\/\\\/www.rassegnastampa-totustuus.it\\\/cattolica\\\/#\\\/schema\\\/person\\\/08f319d2bd1a0904ad9e2bfb7b15e5c3\"},\"headline\":\"\u201cAd resurgendum cum Christo\u201d\",\"datePublished\":\"2016-11-16T23:00:19+00:00\",\"mainEntityOfPage\":{\"@id\":\"https:\\\/\\\/www.rassegnastampa-totustuus.it\\\/cattolica\\\/ad-resurgendum-cum-christo\\\/\"},\"wordCount\":1626,\"publisher\":{\"@id\":\"https:\\\/\\\/www.rassegnastampa-totustuus.it\\\/cattolica\\\/#organization\"},\"image\":{\"@id\":\"https:\\\/\\\/www.rassegnastampa-totustuus.it\\\/cattolica\\\/ad-resurgendum-cum-christo\\\/#primaryimage\"},\"thumbnailUrl\":\"https:\\\/\\\/www.rassegnastampa-totustuus.it\\\/cattolica\\\/wp-content\\\/uploads\\\/2016\\\/11\\\/Vaticano_logo.jpg\",\"keywords\":[\"cremazione\",\"sepoltura\"],\"articleSection\":[\"Chiesa\",\"Costume\"],\"inLanguage\":\"it-IT\"},{\"@type\":\"WebPage\",\"@id\":\"https:\\\/\\\/www.rassegnastampa-totustuus.it\\\/cattolica\\\/ad-resurgendum-cum-christo\\\/\",\"url\":\"https:\\\/\\\/www.rassegnastampa-totustuus.it\\\/cattolica\\\/ad-resurgendum-cum-christo\\\/\",\"name\":\"\u201cAd resurgendum cum Christo\u201d - Rassegna Stampa Cattolica\",\"isPartOf\":{\"@id\":\"https:\\\/\\\/www.rassegnastampa-totustuus.it\\\/cattolica\\\/#website\"},\"primaryImageOfPage\":{\"@id\":\"https:\\\/\\\/www.rassegnastampa-totustuus.it\\\/cattolica\\\/ad-resurgendum-cum-christo\\\/#primaryimage\"},\"image\":{\"@id\":\"https:\\\/\\\/www.rassegnastampa-totustuus.it\\\/cattolica\\\/ad-resurgendum-cum-christo\\\/#primaryimage\"},\"thumbnailUrl\":\"https:\\\/\\\/www.rassegnastampa-totustuus.it\\\/cattolica\\\/wp-content\\\/uploads\\\/2016\\\/11\\\/Vaticano_logo.jpg\",\"datePublished\":\"2016-11-16T23:00:19+00:00\",\"description\":\"Rassegna Stampa Cattolica - Per una cultura che nasce dalla Rivelazione cristiana in conformit\u00e0 alla tradizione e al Magistero della Chiesa in opposizione ad ogni relativismo e totalitarismo\",\"breadcrumb\":{\"@id\":\"https:\\\/\\\/www.rassegnastampa-totustuus.it\\\/cattolica\\\/ad-resurgendum-cum-christo\\\/#breadcrumb\"},\"inLanguage\":\"it-IT\",\"potentialAction\":[{\"@type\":\"ReadAction\",\"target\":[\"https:\\\/\\\/www.rassegnastampa-totustuus.it\\\/cattolica\\\/ad-resurgendum-cum-christo\\\/\"]}]},{\"@type\":\"ImageObject\",\"inLanguage\":\"it-IT\",\"@id\":\"https:\\\/\\\/www.rassegnastampa-totustuus.it\\\/cattolica\\\/ad-resurgendum-cum-christo\\\/#primaryimage\",\"url\":\"https:\\\/\\\/www.rassegnastampa-totustuus.it\\\/cattolica\\\/wp-content\\\/uploads\\\/2016\\\/11\\\/Vaticano_logo.jpg\",\"contentUrl\":\"https:\\\/\\\/www.rassegnastampa-totustuus.it\\\/cattolica\\\/wp-content\\\/uploads\\\/2016\\\/11\\\/Vaticano_logo.jpg\",\"width\":204,\"height\":248},{\"@type\":\"BreadcrumbList\",\"@id\":\"https:\\\/\\\/www.rassegnastampa-totustuus.it\\\/cattolica\\\/ad-resurgendum-cum-christo\\\/#breadcrumb\",\"itemListElement\":[{\"@type\":\"ListItem\",\"position\":1,\"name\":\"Home\",\"item\":\"https:\\\/\\\/www.rassegnastampa-totustuus.it\\\/cattolica\\\/\"},{\"@type\":\"ListItem\",\"position\":2,\"name\":\"\u201cAd resurgendum cum Christo\u201d\"}]},{\"@type\":\"WebSite\",\"@id\":\"https:\\\/\\\/www.rassegnastampa-totustuus.it\\\/cattolica\\\/#website\",\"url\":\"https:\\\/\\\/www.rassegnastampa-totustuus.it\\\/cattolica\\\/\",\"name\":\"Rassegna Stampa Cattolica\",\"description\":\"Per una cultura che nasce dalla Rivelazione cristiana in conformit\u00e0 alla tradizione e al Magistero della Chiesa in opposizione ad ogni relativismo e totalitarismo\",\"publisher\":{\"@id\":\"https:\\\/\\\/www.rassegnastampa-totustuus.it\\\/cattolica\\\/#organization\"},\"alternateName\":\"Rass. Cattolica\",\"potentialAction\":[{\"@type\":\"SearchAction\",\"target\":{\"@type\":\"EntryPoint\",\"urlTemplate\":\"https:\\\/\\\/www.rassegnastampa-totustuus.it\\\/cattolica\\\/?s={search_term_string}\"},\"query-input\":{\"@type\":\"PropertyValueSpecification\",\"valueRequired\":true,\"valueName\":\"search_term_string\"}}],\"inLanguage\":\"it-IT\"},{\"@type\":\"Organization\",\"@id\":\"https:\\\/\\\/www.rassegnastampa-totustuus.it\\\/cattolica\\\/#organization\",\"name\":\"Rassegna Stampa Cattolica\",\"url\":\"https:\\\/\\\/www.rassegnastampa-totustuus.it\\\/cattolica\\\/\",\"logo\":{\"@type\":\"ImageObject\",\"inLanguage\":\"it-IT\",\"@id\":\"https:\\\/\\\/www.rassegnastampa-totustuus.it\\\/cattolica\\\/#\\\/schema\\\/logo\\\/image\\\/\",\"url\":\"https:\\\/\\\/www.rassegnastampa-totustuus.it\\\/cattolica\\\/wp-content\\\/uploads\\\/2014\\\/04\\\/logo-rassegna1.gif\",\"contentUrl\":\"https:\\\/\\\/www.rassegnastampa-totustuus.it\\\/cattolica\\\/wp-content\\\/uploads\\\/2014\\\/04\\\/logo-rassegna1.gif\",\"width\":600,\"height\":163,\"caption\":\"Rassegna Stampa Cattolica\"},\"image\":{\"@id\":\"https:\\\/\\\/www.rassegnastampa-totustuus.it\\\/cattolica\\\/#\\\/schema\\\/logo\\\/image\\\/\"},\"sameAs\":[\"https:\\\/\\\/www.facebook.com\\\/rassegnastampacattolica\",\"https:\\\/\\\/x.com\\\/rassegnastampa9\"]},{\"@type\":\"Person\",\"@id\":\"https:\\\/\\\/www.rassegnastampa-totustuus.it\\\/cattolica\\\/#\\\/schema\\\/person\\\/08f319d2bd1a0904ad9e2bfb7b15e5c3\",\"name\":\"Redazione\",\"image\":{\"@type\":\"ImageObject\",\"inLanguage\":\"it-IT\",\"@id\":\"https:\\\/\\\/secure.gravatar.com\\\/avatar\\\/2fcdf27c78ea025fbdb44e914cc63c72249ffec9dc8aafd5c82b26240ef3f346?s=96&d=mm&r=g\",\"url\":\"https:\\\/\\\/secure.gravatar.com\\\/avatar\\\/2fcdf27c78ea025fbdb44e914cc63c72249ffec9dc8aafd5c82b26240ef3f346?s=96&d=mm&r=g\",\"contentUrl\":\"https:\\\/\\\/secure.gravatar.com\\\/avatar\\\/2fcdf27c78ea025fbdb44e914cc63c72249ffec9dc8aafd5c82b26240ef3f346?s=96&d=mm&r=g\",\"caption\":\"Redazione\"},\"url\":\"https:\\\/\\\/www.rassegnastampa-totustuus.it\\\/cattolica\\\/author\\\/pietroelle\\\/\"}]}<\/script>\n<!-- \/ Yoast SEO plugin. -->","yoast_head_json":{"title":"\u201cAd resurgendum cum Christo\u201d - Rassegna Stampa Cattolica","description":"Rassegna Stampa Cattolica - Per una cultura che nasce dalla Rivelazione cristiana in conformit\u00e0 alla tradizione e al Magistero della Chiesa in opposizione ad ogni relativismo e totalitarismo","robots":{"index":"index","follow":"follow","max-snippet":"max-snippet:-1","max-image-preview":"max-image-preview:large","max-video-preview":"max-video-preview:-1"},"canonical":"https:\/\/www.rassegnastampa-totustuus.it\/cattolica\/ad-resurgendum-cum-christo\/","og_locale":"it_IT","og_type":"article","og_title":"\u201cAd resurgendum cum Christo\u201d - Rassegna Stampa Cattolica","og_description":"Rassegna Stampa Cattolica - Per una cultura che nasce dalla Rivelazione cristiana in conformit\u00e0 alla tradizione e al Magistero della Chiesa in opposizione ad ogni relativismo e totalitarismo","og_url":"https:\/\/www.rassegnastampa-totustuus.it\/cattolica\/ad-resurgendum-cum-christo\/","og_site_name":"Rassegna Stampa Cattolica","article_publisher":"https:\/\/www.facebook.com\/rassegnastampacattolica","article_published_time":"2016-11-16T23:00:19+00:00","og_image":[{"width":204,"height":248,"url":"https:\/\/www.rassegnastampa-totustuus.it\/cattolica\/wp-content\/uploads\/2016\/11\/Vaticano_logo.jpg","type":"image\/jpeg"}],"author":"Redazione","twitter_card":"summary_large_image","twitter_creator":"@rassegnastampa9","twitter_site":"@rassegnastampa9","twitter_misc":{"Scritto da":"Redazione","Tempo di lettura stimato":"8 minuti"},"schema":{"@context":"https:\/\/schema.org","@graph":[{"@type":"Article","@id":"https:\/\/www.rassegnastampa-totustuus.it\/cattolica\/ad-resurgendum-cum-christo\/#article","isPartOf":{"@id":"https:\/\/www.rassegnastampa-totustuus.it\/cattolica\/ad-resurgendum-cum-christo\/"},"author":{"name":"Redazione","@id":"https:\/\/www.rassegnastampa-totustuus.it\/cattolica\/#\/schema\/person\/08f319d2bd1a0904ad9e2bfb7b15e5c3"},"headline":"\u201cAd resurgendum cum Christo\u201d","datePublished":"2016-11-16T23:00:19+00:00","mainEntityOfPage":{"@id":"https:\/\/www.rassegnastampa-totustuus.it\/cattolica\/ad-resurgendum-cum-christo\/"},"wordCount":1626,"publisher":{"@id":"https:\/\/www.rassegnastampa-totustuus.it\/cattolica\/#organization"},"image":{"@id":"https:\/\/www.rassegnastampa-totustuus.it\/cattolica\/ad-resurgendum-cum-christo\/#primaryimage"},"thumbnailUrl":"https:\/\/www.rassegnastampa-totustuus.it\/cattolica\/wp-content\/uploads\/2016\/11\/Vaticano_logo.jpg","keywords":["cremazione","sepoltura"],"articleSection":["Chiesa","Costume"],"inLanguage":"it-IT"},{"@type":"WebPage","@id":"https:\/\/www.rassegnastampa-totustuus.it\/cattolica\/ad-resurgendum-cum-christo\/","url":"https:\/\/www.rassegnastampa-totustuus.it\/cattolica\/ad-resurgendum-cum-christo\/","name":"\u201cAd resurgendum cum Christo\u201d - Rassegna Stampa Cattolica","isPartOf":{"@id":"https:\/\/www.rassegnastampa-totustuus.it\/cattolica\/#website"},"primaryImageOfPage":{"@id":"https:\/\/www.rassegnastampa-totustuus.it\/cattolica\/ad-resurgendum-cum-christo\/#primaryimage"},"image":{"@id":"https:\/\/www.rassegnastampa-totustuus.it\/cattolica\/ad-resurgendum-cum-christo\/#primaryimage"},"thumbnailUrl":"https:\/\/www.rassegnastampa-totustuus.it\/cattolica\/wp-content\/uploads\/2016\/11\/Vaticano_logo.jpg","datePublished":"2016-11-16T23:00:19+00:00","description":"Rassegna Stampa Cattolica - Per una cultura che nasce dalla Rivelazione cristiana in conformit\u00e0 alla tradizione e al Magistero della Chiesa in opposizione ad ogni relativismo e totalitarismo","breadcrumb":{"@id":"https:\/\/www.rassegnastampa-totustuus.it\/cattolica\/ad-resurgendum-cum-christo\/#breadcrumb"},"inLanguage":"it-IT","potentialAction":[{"@type":"ReadAction","target":["https:\/\/www.rassegnastampa-totustuus.it\/cattolica\/ad-resurgendum-cum-christo\/"]}]},{"@type":"ImageObject","inLanguage":"it-IT","@id":"https:\/\/www.rassegnastampa-totustuus.it\/cattolica\/ad-resurgendum-cum-christo\/#primaryimage","url":"https:\/\/www.rassegnastampa-totustuus.it\/cattolica\/wp-content\/uploads\/2016\/11\/Vaticano_logo.jpg","contentUrl":"https:\/\/www.rassegnastampa-totustuus.it\/cattolica\/wp-content\/uploads\/2016\/11\/Vaticano_logo.jpg","width":204,"height":248},{"@type":"BreadcrumbList","@id":"https:\/\/www.rassegnastampa-totustuus.it\/cattolica\/ad-resurgendum-cum-christo\/#breadcrumb","itemListElement":[{"@type":"ListItem","position":1,"name":"Home","item":"https:\/\/www.rassegnastampa-totustuus.it\/cattolica\/"},{"@type":"ListItem","position":2,"name":"\u201cAd resurgendum cum Christo\u201d"}]},{"@type":"WebSite","@id":"https:\/\/www.rassegnastampa-totustuus.it\/cattolica\/#website","url":"https:\/\/www.rassegnastampa-totustuus.it\/cattolica\/","name":"Rassegna Stampa Cattolica","description":"Per una cultura che nasce dalla Rivelazione cristiana in conformit\u00e0 alla tradizione e al Magistero della Chiesa in opposizione ad ogni relativismo e totalitarismo","publisher":{"@id":"https:\/\/www.rassegnastampa-totustuus.it\/cattolica\/#organization"},"alternateName":"Rass. Cattolica","potentialAction":[{"@type":"SearchAction","target":{"@type":"EntryPoint","urlTemplate":"https:\/\/www.rassegnastampa-totustuus.it\/cattolica\/?s={search_term_string}"},"query-input":{"@type":"PropertyValueSpecification","valueRequired":true,"valueName":"search_term_string"}}],"inLanguage":"it-IT"},{"@type":"Organization","@id":"https:\/\/www.rassegnastampa-totustuus.it\/cattolica\/#organization","name":"Rassegna Stampa Cattolica","url":"https:\/\/www.rassegnastampa-totustuus.it\/cattolica\/","logo":{"@type":"ImageObject","inLanguage":"it-IT","@id":"https:\/\/www.rassegnastampa-totustuus.it\/cattolica\/#\/schema\/logo\/image\/","url":"https:\/\/www.rassegnastampa-totustuus.it\/cattolica\/wp-content\/uploads\/2014\/04\/logo-rassegna1.gif","contentUrl":"https:\/\/www.rassegnastampa-totustuus.it\/cattolica\/wp-content\/uploads\/2014\/04\/logo-rassegna1.gif","width":600,"height":163,"caption":"Rassegna Stampa Cattolica"},"image":{"@id":"https:\/\/www.rassegnastampa-totustuus.it\/cattolica\/#\/schema\/logo\/image\/"},"sameAs":["https:\/\/www.facebook.com\/rassegnastampacattolica","https:\/\/x.com\/rassegnastampa9"]},{"@type":"Person","@id":"https:\/\/www.rassegnastampa-totustuus.it\/cattolica\/#\/schema\/person\/08f319d2bd1a0904ad9e2bfb7b15e5c3","name":"Redazione","image":{"@type":"ImageObject","inLanguage":"it-IT","@id":"https:\/\/secure.gravatar.com\/avatar\/2fcdf27c78ea025fbdb44e914cc63c72249ffec9dc8aafd5c82b26240ef3f346?s=96&d=mm&r=g","url":"https:\/\/secure.gravatar.com\/avatar\/2fcdf27c78ea025fbdb44e914cc63c72249ffec9dc8aafd5c82b26240ef3f346?s=96&d=mm&r=g","contentUrl":"https:\/\/secure.gravatar.com\/avatar\/2fcdf27c78ea025fbdb44e914cc63c72249ffec9dc8aafd5c82b26240ef3f346?s=96&d=mm&r=g","caption":"Redazione"},"url":"https:\/\/www.rassegnastampa-totustuus.it\/cattolica\/author\/pietroelle\/"}]}},"_links":{"self":[{"href":"https:\/\/www.rassegnastampa-totustuus.it\/cattolica\/wp-json\/wp\/v2\/posts\/36700","targetHints":{"allow":["GET"]}}],"collection":[{"href":"https:\/\/www.rassegnastampa-totustuus.it\/cattolica\/wp-json\/wp\/v2\/posts"}],"about":[{"href":"https:\/\/www.rassegnastampa-totustuus.it\/cattolica\/wp-json\/wp\/v2\/types\/post"}],"author":[{"embeddable":true,"href":"https:\/\/www.rassegnastampa-totustuus.it\/cattolica\/wp-json\/wp\/v2\/users\/6"}],"replies":[{"embeddable":true,"href":"https:\/\/www.rassegnastampa-totustuus.it\/cattolica\/wp-json\/wp\/v2\/comments?post=36700"}],"version-history":[{"count":1,"href":"https:\/\/www.rassegnastampa-totustuus.it\/cattolica\/wp-json\/wp\/v2\/posts\/36700\/revisions"}],"predecessor-version":[{"id":36702,"href":"https:\/\/www.rassegnastampa-totustuus.it\/cattolica\/wp-json\/wp\/v2\/posts\/36700\/revisions\/36702"}],"wp:featuredmedia":[{"embeddable":true,"href":"https:\/\/www.rassegnastampa-totustuus.it\/cattolica\/wp-json\/wp\/v2\/media\/36701"}],"wp:attachment":[{"href":"https:\/\/www.rassegnastampa-totustuus.it\/cattolica\/wp-json\/wp\/v2\/media?parent=36700"}],"wp:term":[{"taxonomy":"category","embeddable":true,"href":"https:\/\/www.rassegnastampa-totustuus.it\/cattolica\/wp-json\/wp\/v2\/categories?post=36700"},{"taxonomy":"post_tag","embeddable":true,"href":"https:\/\/www.rassegnastampa-totustuus.it\/cattolica\/wp-json\/wp\/v2\/tags?post=36700"}],"curies":[{"name":"wp","href":"https:\/\/api.w.org\/{rel}","templated":true}]}}