{"id":3665,"date":"2010-01-28T00:00:00","date_gmt":"2010-01-27T23:00:00","guid":{"rendered":""},"modified":"2015-11-12T17:08:35","modified_gmt":"2015-11-12T16:08:35","slug":"ebrei-e-cristiani-una-disputa-e-un-mistero-in-famiglia","status":"publish","type":"post","link":"https:\/\/www.rassegnastampa-totustuus.it\/cattolica\/ebrei-e-cristiani-una-disputa-e-un-mistero-in-famiglia\/","title":{"rendered":"Ebrei e cristiani, una disputa (e un mistero) in famiglia"},"content":{"rendered":"<div style=\"text-align: center;\"><strong><a href=\"https:\/\/www.rassegnastampa-totustuus.it\/cattolica\/wp-content\/uploads\/2010\/01\/Pietro-a-Roma.jpg\"><img loading=\"lazy\" decoding=\"async\" class=\"alignleft wp-image-27635 size-full\" src=\"https:\/\/www.rassegnastampa-totustuus.it\/cattolica\/wp-content\/uploads\/2010\/01\/Pietro-a-Roma.jpg\" alt=\"Pietro a Roma\" width=\"217\" height=\"159\" \/><\/a>Corriere della Sera<\/strong> 19 gennaio 2010<\/div>\n<p style=\"text-align: center;\">di <strong>Vittorio Messori<\/strong><\/p>\n<p style=\"text-align: justify;\">In questi giorni, torrenti di parole per la visita di Benedetto XVI alla Sinagoga romana, eretta l\u00e0 dove sorgeva il ghetto e orientata in modo da fronteggiare, quasi a sfida, la basilica, la pi\u00f9 grande del mondo, che copre il sepolcro di un tal Simone.<\/p>\n<p><!--more--><\/p>\n<div style=\"text-align: justify;\">Un pio giudeo, costui, un oscuro pescatore sul lago di Tiberiade, rinominato Kefas, Pietro, da un certo Ges\u00f9, colui che, storicamente, altro non \u00e8 se non un predicatore ambulante ebraico dell&#8217; epoca del Secondo Tempio, uno dei tanti che si dissero il Messia atteso da Israele.<\/div>\n<p style=\"text-align: justify;\">Il solito esaltato, all&#8217; apparenza (e tale apparve a un burocrate di Benevento, della famiglia dei Ponzi, chiamato controvoglia a giudicarlo), un visionario.<\/p>\n<p style=\"text-align: justify;\">Punita con la pi\u00f9 vergognosa delle morti, quella riservata agli schiavi. Un illuso di cui si sarebbe perso il ricordo se i suoi discepoli &#8211; tutti circoncisi e fedeli alla Torah &#8211; non avessero cominciato a proclamare, con una testardaggine intrepida, che quel rabb\u00ec finito in malo modo era risorto ed era davvero l&#8217; Unto annunciato dai profeti.<\/p>\n<p style=\"text-align: justify;\">Quel gruppetto di ebrei riusc\u00ec a convincere altri ebrei, prima a Gerusalemme e poi nelle sinagoghe dell&#8217;emigrazione, dove si recarono ad annunciare che l&#8217; attesa millenaria di Israele aveva avuto compimento. La messe maggiore tra i correligionari la fece un credente entusiasta, un altro figlio di Abramo, un Saulo detto Paolo che, perch\u00e9 le cose fossero chiare, precisava subito ai correligionari di essere \u00abcirconciso l&#8217; ottavo giorno, della stirpe di Israele, della trib\u00f9 di Beniamino, ebreo, figlio di ebrei\u00bb.<\/p>\n<p style=\"text-align: justify;\">Anch&#8217; egli, come Pietro, fin\u00ec ucciso dai pagani a Roma e anche sul suo sepolcro fu costruita una gigantesca basilica. Se da tutta l&#8217; Europa, per tutto il Medio Evo, folle di pellegrini convennero salmodianti e penitenti sul Tevere, \u00e8 proprio per venerare la sepoltura di quelle due \u00abcolonne della fede\u00bb: entrambe, costituite da giudei sino al midollo.<\/p>\n<p style=\"text-align: justify;\">A lungo, i pagani non si preoccuparono di distinguere, dividendo sbrigativamente gli ebrei in due gruppi, quelli che alla loro fede aggiungevano questo esotico Cristo e quelli che lo rifiutavano: noiose dispute, querelles teologiche viste tante volte all&#8217; interno di ogni religione. Benedetto XVI, leggo in una cronaca, aveva con s\u00e9 una piccola Bibbia che ha posato sul sedile dell&#8217; auto, scendendo davanti alla sinagoga.<\/p>\n<p style=\"text-align: justify;\">Ebbene, tra i 73 libri che compongono quel Testo su cui si fonda la fede della Chiesa solo Luca e, forse, Marco non sono figli di Israele. Tanto che si preferisce oggi sostituire l&#8217; indicazione di \u00abAntico\u00bb e \u00abNuovo\u00bb Testamento con quella di \u00abPrimo\u00bb e \u00abSecondo\u00bb Testamento, per sottolineare la continuit\u00e0 e l&#8217; omogeneit\u00e0 del messaggio.<\/p>\n<p style=\"text-align: justify;\">Perch\u00e9 ricordiamo tutto questo, e molto altro ancora che potremmo allegare? Ma perch\u00e9 numerosi commentatori, anche in questi giorni, sembrano dimenticare che, qui, vi \u00e8 una storia in famiglia e, al contempo, un mistero religioso. \u00c8 una storia di fede, e di fede soltanto: il \u00ablaico\u00bb pu\u00f2 soltanto intravederne, e spesso in modo fuorviante, i contorni esterni.<\/p>\n<p style=\"text-align: justify;\">\u00c8 un confronto tra figli di Abramo, sia per nascita che per adozione. E anche questo aspetto familiare ne spiega le asprezze, non unicamente da una parte: gli Atti degli Apostoli e le lettere di Paolo mostrano quanto dura sia stata la reazione del giudaismo ufficiale nei confronti degli \u00aberetici\u00bb. Ma chi ignora che i contrasti pi\u00f9 aspri sono proprio quelli tra parenti stretti, che le guerre pi\u00f9 temibili sono quelle civili?<\/p>\n<p style=\"text-align: justify;\">Fratelli, coltelli. Il cristianesimo \u00e8 da duemila anni la fede in un Messia di Israele annunciato e atteso nei duemila anni precedenti da quello stesso Israele che poi in parte &#8211; ma solo in parte &#8211; non lo ha riconosciuto. Per l&#8217; ennesima volta, molte delle analisi e opinioni di questi giorni non sembrano consapevoli che qui siamo al di l\u00e0 delle categorie della storia, della politica, della cultura.<\/p>\n<p style=\"text-align: justify;\">I rapporti interni al giudeo-cristianesimo non sono un \u00abproblema\u00bb affrontabile con le consuete categorie: sono, lo dicevamo, un Mistero. Parola di Saulo-Paolo, e proprio ai Romani: \u00abNon voglio, infatti, che ignoriate questo Mistero, perch\u00e9 non siate presuntuosi: l&#8217; indurimento di una parte d&#8217; Israele \u00e8 in atto fino a quando saranno entrate tutte le genti. Allora, tutto Israele sar\u00e0 salvato, come sta scritto\u00bb.<\/p>\n<p style=\"text-align: justify;\">In ogni caso, anche gli \u00abinduriti\u00bb, sono \u00abamati a causa dei padri, perch\u00e9 i doni e la chiamata di Dio sono irrevocabili\u00bb. Del tutto insufficienti, qui, le sapienze di politologi e intellettuali che non siano consapevoli che il confronto tra ebrei e cristiani appartiene non alla storia, ma alla teologia della storia. Solvitur in Excelsis: qui vi \u00e8 un enigma, troppo spesso doloroso, che trova spiegazione solo nei Cieli, per dirla con quel grande filosofo e insieme grande cristiano che fu Jean Guitton.<\/p>\n","protected":false},"excerpt":{"rendered":"<p>Corriere della Sera 19 gennaio 2010 di Vittorio Messori In questi giorni, torrenti di parole per la visita di Benedetto XVI alla Sinagoga romana, eretta l\u00e0 dove sorgeva il ghetto e orientata in modo da fronteggiare, quasi a sfida, la basilica, la pi\u00f9 grande del mondo, che copre il sepolcro di un tal Simone.<\/p><p><a class=\"more-link btn\" href=\"https:\/\/www.rassegnastampa-totustuus.it\/cattolica\/ebrei-e-cristiani-una-disputa-e-un-mistero-in-famiglia\/\">Continua a leggere<\/a><\/p>\n","protected":false},"author":6,"featured_media":27635,"comment_status":"closed","ping_status":"open","sticky":false,"template":"","format":"standard","meta":{"footnotes":""},"categories":[28],"tags":[726,436],"class_list":["post-3665","post","type-post","status-publish","format-standard","has-post-thumbnail","hentry","category-chiesa-ed-ebrei","tag-cristianesimo","tag-ebraismo","item-wrap"],"yoast_head":"<!-- This site is optimized with the Yoast SEO plugin v27.5 - https:\/\/yoast.com\/product\/yoast-seo-wordpress\/ -->\n<title>Ebrei e cristiani, una disputa (e un mistero) in famiglia - Rassegna Stampa Cattolica<\/title>\n<meta name=\"description\" content=\"Rassegna Stampa Cattolica - Per una cultura che nasce dalla Rivelazione cristiana in conformit\u00e0 alla tradizione e al Magistero della Chiesa in opposizione ad ogni relativismo e totalitarismo\" \/>\n<meta name=\"robots\" content=\"index, follow, max-snippet:-1, max-image-preview:large, max-video-preview:-1\" \/>\n<link rel=\"canonical\" href=\"https:\/\/www.rassegnastampa-totustuus.it\/cattolica\/ebrei-e-cristiani-una-disputa-e-un-mistero-in-famiglia\/\" \/>\n<meta property=\"og:locale\" content=\"it_IT\" \/>\n<meta property=\"og:type\" content=\"article\" \/>\n<meta property=\"og:title\" content=\"Ebrei e cristiani, una disputa (e un mistero) in famiglia - Rassegna Stampa Cattolica\" \/>\n<meta property=\"og:description\" content=\"Rassegna Stampa Cattolica - Per una cultura che nasce dalla Rivelazione cristiana in conformit\u00e0 alla tradizione e al Magistero della Chiesa in opposizione ad ogni relativismo e totalitarismo\" \/>\n<meta property=\"og:url\" content=\"https:\/\/www.rassegnastampa-totustuus.it\/cattolica\/ebrei-e-cristiani-una-disputa-e-un-mistero-in-famiglia\/\" \/>\n<meta property=\"og:site_name\" content=\"Rassegna Stampa Cattolica\" \/>\n<meta property=\"article:publisher\" content=\"https:\/\/www.facebook.com\/rassegnastampacattolica\" \/>\n<meta property=\"article:published_time\" content=\"2010-01-27T23:00:00+00:00\" \/>\n<meta property=\"article:modified_time\" content=\"2015-11-12T16:08:35+00:00\" \/>\n<meta property=\"og:image\" content=\"https:\/\/www.rassegnastampa-totustuus.it\/cattolica\/wp-content\/uploads\/2010\/01\/Pietro-a-Roma.jpg\" \/>\n\t<meta property=\"og:image:width\" content=\"217\" \/>\n\t<meta property=\"og:image:height\" content=\"159\" \/>\n\t<meta property=\"og:image:type\" content=\"image\/jpeg\" \/>\n<meta name=\"author\" content=\"Redazione\" \/>\n<meta name=\"twitter:card\" content=\"summary_large_image\" \/>\n<meta name=\"twitter:creator\" content=\"@rassegnastampa9\" \/>\n<meta name=\"twitter:site\" content=\"@rassegnastampa9\" \/>\n<meta name=\"twitter:label1\" content=\"Scritto da\" \/>\n\t<meta name=\"twitter:data1\" content=\"Redazione\" \/>\n\t<meta name=\"twitter:label2\" content=\"Tempo di lettura stimato\" \/>\n\t<meta name=\"twitter:data2\" content=\"4 minuti\" \/>\n<script type=\"application\/ld+json\" class=\"yoast-schema-graph\">{\"@context\":\"https:\\\/\\\/schema.org\",\"@graph\":[{\"@type\":\"Article\",\"@id\":\"https:\\\/\\\/www.rassegnastampa-totustuus.it\\\/cattolica\\\/ebrei-e-cristiani-una-disputa-e-un-mistero-in-famiglia\\\/#article\",\"isPartOf\":{\"@id\":\"https:\\\/\\\/www.rassegnastampa-totustuus.it\\\/cattolica\\\/ebrei-e-cristiani-una-disputa-e-un-mistero-in-famiglia\\\/\"},\"author\":{\"name\":\"Redazione\",\"@id\":\"https:\\\/\\\/www.rassegnastampa-totustuus.it\\\/cattolica\\\/#\\\/schema\\\/person\\\/08f319d2bd1a0904ad9e2bfb7b15e5c3\"},\"headline\":\"Ebrei e cristiani, una disputa (e un mistero) in famiglia\",\"datePublished\":\"2010-01-27T23:00:00+00:00\",\"dateModified\":\"2015-11-12T16:08:35+00:00\",\"mainEntityOfPage\":{\"@id\":\"https:\\\/\\\/www.rassegnastampa-totustuus.it\\\/cattolica\\\/ebrei-e-cristiani-una-disputa-e-un-mistero-in-famiglia\\\/\"},\"wordCount\":783,\"publisher\":{\"@id\":\"https:\\\/\\\/www.rassegnastampa-totustuus.it\\\/cattolica\\\/#organization\"},\"image\":{\"@id\":\"https:\\\/\\\/www.rassegnastampa-totustuus.it\\\/cattolica\\\/ebrei-e-cristiani-una-disputa-e-un-mistero-in-famiglia\\\/#primaryimage\"},\"thumbnailUrl\":\"https:\\\/\\\/www.rassegnastampa-totustuus.it\\\/cattolica\\\/wp-content\\\/uploads\\\/2010\\\/01\\\/Pietro-a-Roma.jpg\",\"keywords\":[\"cristianesimo\",\"ebraismo\"],\"articleSection\":[\"Chiesa ed ebrei\"],\"inLanguage\":\"it-IT\"},{\"@type\":\"WebPage\",\"@id\":\"https:\\\/\\\/www.rassegnastampa-totustuus.it\\\/cattolica\\\/ebrei-e-cristiani-una-disputa-e-un-mistero-in-famiglia\\\/\",\"url\":\"https:\\\/\\\/www.rassegnastampa-totustuus.it\\\/cattolica\\\/ebrei-e-cristiani-una-disputa-e-un-mistero-in-famiglia\\\/\",\"name\":\"Ebrei e cristiani, una disputa (e un mistero) in famiglia - Rassegna Stampa Cattolica\",\"isPartOf\":{\"@id\":\"https:\\\/\\\/www.rassegnastampa-totustuus.it\\\/cattolica\\\/#website\"},\"primaryImageOfPage\":{\"@id\":\"https:\\\/\\\/www.rassegnastampa-totustuus.it\\\/cattolica\\\/ebrei-e-cristiani-una-disputa-e-un-mistero-in-famiglia\\\/#primaryimage\"},\"image\":{\"@id\":\"https:\\\/\\\/www.rassegnastampa-totustuus.it\\\/cattolica\\\/ebrei-e-cristiani-una-disputa-e-un-mistero-in-famiglia\\\/#primaryimage\"},\"thumbnailUrl\":\"https:\\\/\\\/www.rassegnastampa-totustuus.it\\\/cattolica\\\/wp-content\\\/uploads\\\/2010\\\/01\\\/Pietro-a-Roma.jpg\",\"datePublished\":\"2010-01-27T23:00:00+00:00\",\"dateModified\":\"2015-11-12T16:08:35+00:00\",\"description\":\"Rassegna Stampa Cattolica - Per una cultura che nasce dalla Rivelazione cristiana in conformit\u00e0 alla tradizione e al Magistero della Chiesa in opposizione ad ogni relativismo e totalitarismo\",\"breadcrumb\":{\"@id\":\"https:\\\/\\\/www.rassegnastampa-totustuus.it\\\/cattolica\\\/ebrei-e-cristiani-una-disputa-e-un-mistero-in-famiglia\\\/#breadcrumb\"},\"inLanguage\":\"it-IT\",\"potentialAction\":[{\"@type\":\"ReadAction\",\"target\":[\"https:\\\/\\\/www.rassegnastampa-totustuus.it\\\/cattolica\\\/ebrei-e-cristiani-una-disputa-e-un-mistero-in-famiglia\\\/\"]}]},{\"@type\":\"ImageObject\",\"inLanguage\":\"it-IT\",\"@id\":\"https:\\\/\\\/www.rassegnastampa-totustuus.it\\\/cattolica\\\/ebrei-e-cristiani-una-disputa-e-un-mistero-in-famiglia\\\/#primaryimage\",\"url\":\"https:\\\/\\\/www.rassegnastampa-totustuus.it\\\/cattolica\\\/wp-content\\\/uploads\\\/2010\\\/01\\\/Pietro-a-Roma.jpg\",\"contentUrl\":\"https:\\\/\\\/www.rassegnastampa-totustuus.it\\\/cattolica\\\/wp-content\\\/uploads\\\/2010\\\/01\\\/Pietro-a-Roma.jpg\",\"width\":217,\"height\":159},{\"@type\":\"BreadcrumbList\",\"@id\":\"https:\\\/\\\/www.rassegnastampa-totustuus.it\\\/cattolica\\\/ebrei-e-cristiani-una-disputa-e-un-mistero-in-famiglia\\\/#breadcrumb\",\"itemListElement\":[{\"@type\":\"ListItem\",\"position\":1,\"name\":\"Home\",\"item\":\"https:\\\/\\\/www.rassegnastampa-totustuus.it\\\/cattolica\\\/\"},{\"@type\":\"ListItem\",\"position\":2,\"name\":\"Ebrei e cristiani, una disputa (e un mistero) in famiglia\"}]},{\"@type\":\"WebSite\",\"@id\":\"https:\\\/\\\/www.rassegnastampa-totustuus.it\\\/cattolica\\\/#website\",\"url\":\"https:\\\/\\\/www.rassegnastampa-totustuus.it\\\/cattolica\\\/\",\"name\":\"Rassegna Stampa Cattolica\",\"description\":\"Per una cultura che nasce dalla Rivelazione cristiana in conformit\u00e0 alla tradizione e al Magistero della Chiesa in opposizione ad ogni relativismo e totalitarismo\",\"publisher\":{\"@id\":\"https:\\\/\\\/www.rassegnastampa-totustuus.it\\\/cattolica\\\/#organization\"},\"alternateName\":\"Rass. Cattolica\",\"potentialAction\":[{\"@type\":\"SearchAction\",\"target\":{\"@type\":\"EntryPoint\",\"urlTemplate\":\"https:\\\/\\\/www.rassegnastampa-totustuus.it\\\/cattolica\\\/?s={search_term_string}\"},\"query-input\":{\"@type\":\"PropertyValueSpecification\",\"valueRequired\":true,\"valueName\":\"search_term_string\"}}],\"inLanguage\":\"it-IT\"},{\"@type\":\"Organization\",\"@id\":\"https:\\\/\\\/www.rassegnastampa-totustuus.it\\\/cattolica\\\/#organization\",\"name\":\"Rassegna Stampa Cattolica\",\"url\":\"https:\\\/\\\/www.rassegnastampa-totustuus.it\\\/cattolica\\\/\",\"logo\":{\"@type\":\"ImageObject\",\"inLanguage\":\"it-IT\",\"@id\":\"https:\\\/\\\/www.rassegnastampa-totustuus.it\\\/cattolica\\\/#\\\/schema\\\/logo\\\/image\\\/\",\"url\":\"https:\\\/\\\/www.rassegnastampa-totustuus.it\\\/cattolica\\\/wp-content\\\/uploads\\\/2014\\\/04\\\/logo-rassegna1.gif\",\"contentUrl\":\"https:\\\/\\\/www.rassegnastampa-totustuus.it\\\/cattolica\\\/wp-content\\\/uploads\\\/2014\\\/04\\\/logo-rassegna1.gif\",\"width\":600,\"height\":163,\"caption\":\"Rassegna Stampa Cattolica\"},\"image\":{\"@id\":\"https:\\\/\\\/www.rassegnastampa-totustuus.it\\\/cattolica\\\/#\\\/schema\\\/logo\\\/image\\\/\"},\"sameAs\":[\"https:\\\/\\\/www.facebook.com\\\/rassegnastampacattolica\",\"https:\\\/\\\/x.com\\\/rassegnastampa9\"]},{\"@type\":\"Person\",\"@id\":\"https:\\\/\\\/www.rassegnastampa-totustuus.it\\\/cattolica\\\/#\\\/schema\\\/person\\\/08f319d2bd1a0904ad9e2bfb7b15e5c3\",\"name\":\"Redazione\",\"image\":{\"@type\":\"ImageObject\",\"inLanguage\":\"it-IT\",\"@id\":\"https:\\\/\\\/secure.gravatar.com\\\/avatar\\\/2fcdf27c78ea025fbdb44e914cc63c72249ffec9dc8aafd5c82b26240ef3f346?s=96&d=mm&r=g\",\"url\":\"https:\\\/\\\/secure.gravatar.com\\\/avatar\\\/2fcdf27c78ea025fbdb44e914cc63c72249ffec9dc8aafd5c82b26240ef3f346?s=96&d=mm&r=g\",\"contentUrl\":\"https:\\\/\\\/secure.gravatar.com\\\/avatar\\\/2fcdf27c78ea025fbdb44e914cc63c72249ffec9dc8aafd5c82b26240ef3f346?s=96&d=mm&r=g\",\"caption\":\"Redazione\"},\"url\":\"https:\\\/\\\/www.rassegnastampa-totustuus.it\\\/cattolica\\\/author\\\/pietroelle\\\/\"}]}<\/script>\n<!-- \/ Yoast SEO plugin. -->","yoast_head_json":{"title":"Ebrei e cristiani, una disputa (e un mistero) in famiglia - Rassegna Stampa Cattolica","description":"Rassegna Stampa Cattolica - Per una cultura che nasce dalla Rivelazione cristiana in conformit\u00e0 alla tradizione e al Magistero della Chiesa in opposizione ad ogni relativismo e totalitarismo","robots":{"index":"index","follow":"follow","max-snippet":"max-snippet:-1","max-image-preview":"max-image-preview:large","max-video-preview":"max-video-preview:-1"},"canonical":"https:\/\/www.rassegnastampa-totustuus.it\/cattolica\/ebrei-e-cristiani-una-disputa-e-un-mistero-in-famiglia\/","og_locale":"it_IT","og_type":"article","og_title":"Ebrei e cristiani, una disputa (e un mistero) in famiglia - Rassegna Stampa Cattolica","og_description":"Rassegna Stampa Cattolica - Per una cultura che nasce dalla Rivelazione cristiana in conformit\u00e0 alla tradizione e al Magistero della Chiesa in opposizione ad ogni relativismo e totalitarismo","og_url":"https:\/\/www.rassegnastampa-totustuus.it\/cattolica\/ebrei-e-cristiani-una-disputa-e-un-mistero-in-famiglia\/","og_site_name":"Rassegna Stampa Cattolica","article_publisher":"https:\/\/www.facebook.com\/rassegnastampacattolica","article_published_time":"2010-01-27T23:00:00+00:00","article_modified_time":"2015-11-12T16:08:35+00:00","og_image":[{"width":217,"height":159,"url":"https:\/\/www.rassegnastampa-totustuus.it\/cattolica\/wp-content\/uploads\/2010\/01\/Pietro-a-Roma.jpg","type":"image\/jpeg"}],"author":"Redazione","twitter_card":"summary_large_image","twitter_creator":"@rassegnastampa9","twitter_site":"@rassegnastampa9","twitter_misc":{"Scritto da":"Redazione","Tempo di lettura stimato":"4 minuti"},"schema":{"@context":"https:\/\/schema.org","@graph":[{"@type":"Article","@id":"https:\/\/www.rassegnastampa-totustuus.it\/cattolica\/ebrei-e-cristiani-una-disputa-e-un-mistero-in-famiglia\/#article","isPartOf":{"@id":"https:\/\/www.rassegnastampa-totustuus.it\/cattolica\/ebrei-e-cristiani-una-disputa-e-un-mistero-in-famiglia\/"},"author":{"name":"Redazione","@id":"https:\/\/www.rassegnastampa-totustuus.it\/cattolica\/#\/schema\/person\/08f319d2bd1a0904ad9e2bfb7b15e5c3"},"headline":"Ebrei e cristiani, una disputa (e un mistero) in famiglia","datePublished":"2010-01-27T23:00:00+00:00","dateModified":"2015-11-12T16:08:35+00:00","mainEntityOfPage":{"@id":"https:\/\/www.rassegnastampa-totustuus.it\/cattolica\/ebrei-e-cristiani-una-disputa-e-un-mistero-in-famiglia\/"},"wordCount":783,"publisher":{"@id":"https:\/\/www.rassegnastampa-totustuus.it\/cattolica\/#organization"},"image":{"@id":"https:\/\/www.rassegnastampa-totustuus.it\/cattolica\/ebrei-e-cristiani-una-disputa-e-un-mistero-in-famiglia\/#primaryimage"},"thumbnailUrl":"https:\/\/www.rassegnastampa-totustuus.it\/cattolica\/wp-content\/uploads\/2010\/01\/Pietro-a-Roma.jpg","keywords":["cristianesimo","ebraismo"],"articleSection":["Chiesa ed ebrei"],"inLanguage":"it-IT"},{"@type":"WebPage","@id":"https:\/\/www.rassegnastampa-totustuus.it\/cattolica\/ebrei-e-cristiani-una-disputa-e-un-mistero-in-famiglia\/","url":"https:\/\/www.rassegnastampa-totustuus.it\/cattolica\/ebrei-e-cristiani-una-disputa-e-un-mistero-in-famiglia\/","name":"Ebrei e cristiani, una disputa (e un mistero) in famiglia - Rassegna Stampa Cattolica","isPartOf":{"@id":"https:\/\/www.rassegnastampa-totustuus.it\/cattolica\/#website"},"primaryImageOfPage":{"@id":"https:\/\/www.rassegnastampa-totustuus.it\/cattolica\/ebrei-e-cristiani-una-disputa-e-un-mistero-in-famiglia\/#primaryimage"},"image":{"@id":"https:\/\/www.rassegnastampa-totustuus.it\/cattolica\/ebrei-e-cristiani-una-disputa-e-un-mistero-in-famiglia\/#primaryimage"},"thumbnailUrl":"https:\/\/www.rassegnastampa-totustuus.it\/cattolica\/wp-content\/uploads\/2010\/01\/Pietro-a-Roma.jpg","datePublished":"2010-01-27T23:00:00+00:00","dateModified":"2015-11-12T16:08:35+00:00","description":"Rassegna Stampa Cattolica - Per una cultura che nasce dalla Rivelazione cristiana in conformit\u00e0 alla tradizione e al Magistero della Chiesa in opposizione ad ogni relativismo e totalitarismo","breadcrumb":{"@id":"https:\/\/www.rassegnastampa-totustuus.it\/cattolica\/ebrei-e-cristiani-una-disputa-e-un-mistero-in-famiglia\/#breadcrumb"},"inLanguage":"it-IT","potentialAction":[{"@type":"ReadAction","target":["https:\/\/www.rassegnastampa-totustuus.it\/cattolica\/ebrei-e-cristiani-una-disputa-e-un-mistero-in-famiglia\/"]}]},{"@type":"ImageObject","inLanguage":"it-IT","@id":"https:\/\/www.rassegnastampa-totustuus.it\/cattolica\/ebrei-e-cristiani-una-disputa-e-un-mistero-in-famiglia\/#primaryimage","url":"https:\/\/www.rassegnastampa-totustuus.it\/cattolica\/wp-content\/uploads\/2010\/01\/Pietro-a-Roma.jpg","contentUrl":"https:\/\/www.rassegnastampa-totustuus.it\/cattolica\/wp-content\/uploads\/2010\/01\/Pietro-a-Roma.jpg","width":217,"height":159},{"@type":"BreadcrumbList","@id":"https:\/\/www.rassegnastampa-totustuus.it\/cattolica\/ebrei-e-cristiani-una-disputa-e-un-mistero-in-famiglia\/#breadcrumb","itemListElement":[{"@type":"ListItem","position":1,"name":"Home","item":"https:\/\/www.rassegnastampa-totustuus.it\/cattolica\/"},{"@type":"ListItem","position":2,"name":"Ebrei e cristiani, una disputa (e un mistero) in famiglia"}]},{"@type":"WebSite","@id":"https:\/\/www.rassegnastampa-totustuus.it\/cattolica\/#website","url":"https:\/\/www.rassegnastampa-totustuus.it\/cattolica\/","name":"Rassegna Stampa Cattolica","description":"Per una cultura che nasce dalla Rivelazione cristiana in conformit\u00e0 alla tradizione e al Magistero della Chiesa in opposizione ad ogni relativismo e totalitarismo","publisher":{"@id":"https:\/\/www.rassegnastampa-totustuus.it\/cattolica\/#organization"},"alternateName":"Rass. Cattolica","potentialAction":[{"@type":"SearchAction","target":{"@type":"EntryPoint","urlTemplate":"https:\/\/www.rassegnastampa-totustuus.it\/cattolica\/?s={search_term_string}"},"query-input":{"@type":"PropertyValueSpecification","valueRequired":true,"valueName":"search_term_string"}}],"inLanguage":"it-IT"},{"@type":"Organization","@id":"https:\/\/www.rassegnastampa-totustuus.it\/cattolica\/#organization","name":"Rassegna Stampa Cattolica","url":"https:\/\/www.rassegnastampa-totustuus.it\/cattolica\/","logo":{"@type":"ImageObject","inLanguage":"it-IT","@id":"https:\/\/www.rassegnastampa-totustuus.it\/cattolica\/#\/schema\/logo\/image\/","url":"https:\/\/www.rassegnastampa-totustuus.it\/cattolica\/wp-content\/uploads\/2014\/04\/logo-rassegna1.gif","contentUrl":"https:\/\/www.rassegnastampa-totustuus.it\/cattolica\/wp-content\/uploads\/2014\/04\/logo-rassegna1.gif","width":600,"height":163,"caption":"Rassegna Stampa Cattolica"},"image":{"@id":"https:\/\/www.rassegnastampa-totustuus.it\/cattolica\/#\/schema\/logo\/image\/"},"sameAs":["https:\/\/www.facebook.com\/rassegnastampacattolica","https:\/\/x.com\/rassegnastampa9"]},{"@type":"Person","@id":"https:\/\/www.rassegnastampa-totustuus.it\/cattolica\/#\/schema\/person\/08f319d2bd1a0904ad9e2bfb7b15e5c3","name":"Redazione","image":{"@type":"ImageObject","inLanguage":"it-IT","@id":"https:\/\/secure.gravatar.com\/avatar\/2fcdf27c78ea025fbdb44e914cc63c72249ffec9dc8aafd5c82b26240ef3f346?s=96&d=mm&r=g","url":"https:\/\/secure.gravatar.com\/avatar\/2fcdf27c78ea025fbdb44e914cc63c72249ffec9dc8aafd5c82b26240ef3f346?s=96&d=mm&r=g","contentUrl":"https:\/\/secure.gravatar.com\/avatar\/2fcdf27c78ea025fbdb44e914cc63c72249ffec9dc8aafd5c82b26240ef3f346?s=96&d=mm&r=g","caption":"Redazione"},"url":"https:\/\/www.rassegnastampa-totustuus.it\/cattolica\/author\/pietroelle\/"}]}},"_links":{"self":[{"href":"https:\/\/www.rassegnastampa-totustuus.it\/cattolica\/wp-json\/wp\/v2\/posts\/3665","targetHints":{"allow":["GET"]}}],"collection":[{"href":"https:\/\/www.rassegnastampa-totustuus.it\/cattolica\/wp-json\/wp\/v2\/posts"}],"about":[{"href":"https:\/\/www.rassegnastampa-totustuus.it\/cattolica\/wp-json\/wp\/v2\/types\/post"}],"author":[{"embeddable":true,"href":"https:\/\/www.rassegnastampa-totustuus.it\/cattolica\/wp-json\/wp\/v2\/users\/6"}],"replies":[{"embeddable":true,"href":"https:\/\/www.rassegnastampa-totustuus.it\/cattolica\/wp-json\/wp\/v2\/comments?post=3665"}],"version-history":[{"count":4,"href":"https:\/\/www.rassegnastampa-totustuus.it\/cattolica\/wp-json\/wp\/v2\/posts\/3665\/revisions"}],"predecessor-version":[{"id":27636,"href":"https:\/\/www.rassegnastampa-totustuus.it\/cattolica\/wp-json\/wp\/v2\/posts\/3665\/revisions\/27636"}],"wp:featuredmedia":[{"embeddable":true,"href":"https:\/\/www.rassegnastampa-totustuus.it\/cattolica\/wp-json\/wp\/v2\/media\/27635"}],"wp:attachment":[{"href":"https:\/\/www.rassegnastampa-totustuus.it\/cattolica\/wp-json\/wp\/v2\/media?parent=3665"}],"wp:term":[{"taxonomy":"category","embeddable":true,"href":"https:\/\/www.rassegnastampa-totustuus.it\/cattolica\/wp-json\/wp\/v2\/categories?post=3665"},{"taxonomy":"post_tag","embeddable":true,"href":"https:\/\/www.rassegnastampa-totustuus.it\/cattolica\/wp-json\/wp\/v2\/tags?post=3665"}],"curies":[{"name":"wp","href":"https:\/\/api.w.org\/{rel}","templated":true}]}}