{"id":36613,"date":"2016-11-03T00:00:15","date_gmt":"2016-11-02T23:00:15","guid":{"rendered":"http:\/\/www.rassegnastampa-totustuus.it\/cattolica\/?p=36613"},"modified":"2016-11-02T10:06:40","modified_gmt":"2016-11-02T09:06:40","slug":"la-via-culinaria-per-lunione-europea","status":"publish","type":"post","link":"https:\/\/www.rassegnastampa-totustuus.it\/cattolica\/la-via-culinaria-per-lunione-europea\/","title":{"rendered":"La via culinaria per l\u2019Unione europea"},"content":{"rendered":"<p style=\"text-align: center;\"><strong><img loading=\"lazy\" decoding=\"async\" class=\"alignleft wp-image-36615\" src=\"https:\/\/www.rassegnastampa-totustuus.it\/cattolica\/wp-content\/uploads\/2016\/11\/pranzo_famiglia.jpg\" alt=\"pranzo_famiglia\" width=\"240\" height=\"150\" \/>La Croce quotidiano <\/strong>29 ottobre 2016<\/p>\n<p style=\"text-align: justify;\"><em>L\u00e9o Moulin ha indagato le origini e le peculiarit\u00e0 dei piatti pi\u00f9 tipici delle cucine del Vecchio Continente<\/em><\/p>\n<p style=\"text-align: center;\">di <strong>Sara Deodati<\/strong><\/p>\n<p><!--more--><\/p>\n<p style=\"text-align: justify;\">Nel libro \u201cL\u2019Europa a tavola. Introduzione a una psicopatologia alimentare\u201d (\u201cL&#8217;Europe \u00e0 table: dis-moi ce que tu manges\u201d, Sequoia, 1975; trad. It. Francesca Barsi, Mondadori, Milano 1993), lo storico, politologo e sociologo belga L\u00e9o Moulin (1906-1996) ha spiegato le origini e le principali caratteristiche dei piatti, e dei relativi riflessi culturali, preparati per secoli nei Paesi del Vecchio Continente. Ora che dell\u2019Antico Regime non sono rimasti che i ricordi (per chi ha l\u2019intelligenza di studiare ancora la storia\u2026), vale forse la pena di tentare un punto di situazione su cosa abbiamo perso e cambiato nella vita sociale europea, anche a tavola.<\/p>\n<p style=\"text-align: justify;\">Partiamo dalla grave frattura che, nella cultura del cibo come su molti altri piani naturalmente, ha generato la \u201cRiforma\u201d protestante, iniziata nel XVI secolo dal monaco apostata tedesco Martin Lutero. D\u2019allora, la differenza che era gi\u00e0 presente tra la cucina del nord Europa, conforme allo stile puritano cupo e disincarnato di questi popoli, e quella dei Paesi latini, molto pi\u00f9 varia e saporita, trova un sottofondo anche religioso e \u201cteologico\u201d.<\/p>\n<p style=\"text-align: justify;\">Si tratta di un argomento che \u00e8 stato pi\u00f9 volte trattato da L\u00e9o Moulin e che si pu\u00f2 sintetizzare cos\u00ec: i protestanti mangiano solo per nutrirsi, in quanto la natura umana \u00e8 per loro negativa e irrimediabilmente \u201ccorrotta\u201d, mentre per i cattolici la tavola \u00e8 occasione di convivialit\u00e0 e una lode a Dio per i beni del Creato che Egli elargisce. Il modo \u201ccaldo\u201d e comunitario di vivere il legame familiare da parte dei popoli mediterranei, inoltre, non pu\u00f2 non trovare riscontro anche nel cibo.<\/p>\n<p style=\"text-align: justify;\">Moulin, a questo proposito, ha rilevato che ogni uomo ama tendenzialmente mangiare ci\u00f2 che sua madre gli ha insegnato. Ci\u00f2 che ci piace, insomma, \u00e8 in genere quello che \u00e8 piaciuto e ci ha raccomandato colei che ha nutrito il nostro corpicino per 9 mesi nel suo grembo e ci ha accompagnati nel difficile passaggio della nascita. Se rimaniamo davvero legati a lei e, naturalmente, alla nostra famiglia d\u2019origine, questa consuetudine ci seguir\u00e0 nella vita. \u00abNon solo mangiamo ci\u00f2 che nostra madre ci ha insegnato a mangiare &#8211; ha osservato in proposito Moulin -, ma tale cibo ci piace e continuer\u00e0 a piacerci per tutta la vita, proprio perch\u00e9 mangiamo con i nostri ricordi&#8230; Anzi, noi mangiamo i nostri ricordi, perch\u00e9 ci danno sicurezza, cos\u00ec conditi di quell\u2019affetto e di quella ritualit\u00e0 che hanno caratterizzato i nostri primi anni di vita\u00bb (L. Moulin, L\u2019Europa a tavola, op. cit., pp. 12-13).<\/p>\n<p style=\"text-align: justify;\">L\u2019importanza della gastronomia come profumo e sapore dell\u2019identit\u00e0 cristiana lo potemmo approfondire grazie alla spiegazione che, lo studioso belga, diede del famoso film \u201cLa cena di Babette\u201d (1987), sceneggiato e diretto da Gabriel Axel, tratto dall\u2019omonimo racconto di Karen Blixen, vincitore dell\u2019Oscar al miglior film straniero. In questa semplice ma significativa storia si scontrano infatti due mentalit\u00e0 profondamente diverse, quella rigida di matrice protestante e quella cattolica della protagonista che, grazie alla cucina e ad un fantastico pranzo salva una difficile situazione.<\/p>\n<p style=\"text-align: justify;\">Mangiare, insomma, \u00e8 uno stile di vita e insieme un\u2019arte. Sa mangiare chi \u00e8 all\u2019altezza della propria tradizione e della propria umanit\u00e0. In tempo di assimilazione ideologica fra uomo e animale, vale la pena riportare quanto ha scritto al proposito il politico e gastronomo francese Anthelme Brillat-Savarin (1755-1826): \u00abGli animali si pascono, l\u2019uomo mangia; solo l\u2019uomo intelligente sa mangiare\u00bb (A. Brillat-Savarin, Fisiologia del gusto, Sellerio editore, Palermo 1998, p. 23).<\/p>\n<p style=\"text-align: justify;\">Altro passaggio demolitore dell\u2019Antico Regime del mangiare \u00e8 stata l\u2019importazione forzata dell\u2019American Way of Life, nel XX secolo. Mangiare, infatti, richiede tempo, insieme a capacit\u00e0 di relazione e comunione. La cultura del fast-food, invece, esige che si mangi in fretta e da soli, in anonime mense, in piedi in uno snack bar, e utilizzando pasti preconfezionati e cibi surgelati. Ci si \u00e8 messa poi anche l\u2019informatizzazione incontrollata della vita sociale e individuale, che ha portato non solo a mangiare in fretta, ma a farlo mentre si controllano le mail, o le notifiche su uno dei vari social networks che, anche da questo punto di vista, stanno impoverendo la nostra umanit\u00e0.<\/p>\n<p style=\"text-align: justify;\">Oggi il cibo non \u00e8 pi\u00f9 \u201cricevuto\u201d, dalla mamma, o da una persona che si prende cura, ma \u00e8 preso, consumato e scisso da una relazione con chi lo prepara e lo serve. Tutto ci\u00f2 conduce ad ulteriore impersonalit\u00e0 delle nostre giornate, individualismo, fretta, e anche perdita del gusto che, insieme ad altri fattori, stanno uccidendo l\u2019arte del mangiare e del fare\/dare da mangiare.<\/p>\n<p style=\"text-align: justify;\">Effetti inevitabili di queste scissioni e disfunzioni del mangiare sono le dipendenze, le disarmonie e le patologie in rapida crescita in tutti i Paesi occidentali: obesit\u00e0, anoressia, bulimia, disturbi alimentari di vario tipo.<\/p>\n<p style=\"text-align: justify;\">Anche se Moulin si \u00e8 sempre definito un \u201cagnostico\u201d, \u00e8 stato indubbiamente uno dei maggiori \u201capologeti\u201d del cristianesimo e della civilt\u00e0 europea del XX secolo. Segnalo, in tal senso, il suo libro-capolavoro \u201cLa vita quotidiana secondo San Benedetto\u201d (trad. It. di Giuliana Aldi Pompili, Jaca Book, Milano 2008). Ai monaci dobbiamo in effetti molto del nostro modo di vivere e di mangiare. Sono loro che hanno inventato lo champagne, la birra e la maggior parte dei formaggi. Forse anche per il suo studio del monachesimo europeo lo studioso belga divenne un profondo conoscitore della cucina europea.<\/p>\n<p style=\"text-align: justify;\">Cresciuto nel pi\u00f9 assoluto laicismo, Moulin riteneva di essere uno storico oggettivo e, a partire da questa oggettivit\u00e0, non riusciva a comprendere come i cristiani si fossero ridotti cos\u00ec male da vergognarsi della loro storia gloriosa. \u00abDate retta a me, vecchio incredulo che se ne intende: il capolavoro della propaganda anti-cristiana \u00e8 l&#8217;essere riusciti a creare nei cristiani, nei cattolici soprattutto, una cattiva coscienza; a instillargli l&#8217;imbarazzo, quando non la vergogna, per la loro storia &#8211; declam\u00f2 durante una celebre conferenza -. A furia di insistere, dalla riforma sino ad oggi, ce l&#8217;hanno fatta a convincervi di essere i responsabili di tutti o quasi i mali del mondo. Vi hanno paralizzato nell&#8217;autocritica masochista, per neutralizzare la critica di ci\u00f2 che ha preso il vostro posto\u00bb.<\/p>\n<p style=\"text-align: justify;\">Moulin aveva avuto modo di conoscere l\u2019Italia fin da giovane e, forse per questo, da storico si \u00e8 occupato della cultura del \u201cbene-vivere\u201d e, quindi, anche della tavola (\u00e8 stato fra l\u2019altro vicepresidente dell\u2019Association belge des chroniqueurs de la gastronomie et du vin). Dobbiamo a lui la scoperta della gastronomia come importante fattore culturale. \u00ab<em>Non mangiamo con i denti<\/em> &#8211; ha scritto &#8211; <em>e non digeriamo con lo stomaco; mangiamo con la mente e assaporiamo i cibi secondo norme culturali legate al sistema di scambi reciproci che \u00e8 alla base della vita sociale<\/em>\u00bb.<\/p>\n<p style=\"text-align: center;\">* * *<\/p>\n<p style=\"text-align: justify;\"><strong><em><img loading=\"lazy\" decoding=\"async\" class=\"alignleft wp-image-36614\" src=\"https:\/\/www.rassegnastampa-totustuus.it\/cattolica\/wp-content\/uploads\/2016\/11\/Leo_Moulin.jpg\" alt=\"leo_moulin\" width=\"82\" height=\"100\" \/>L\u00c9O MOULIN &#8211;\u00a0<\/em><\/strong><em>Nato a Bruxelles nel 1906, ha studiato lettere all&#8217;Universit\u00e0 di Bologna, filosofia, lettere e scienze politiche a Bruxelles. Ha insegnato al Coll\u00e8ge d&#8217;Europe a Bruges, alla Facult\u00e9 Notre-Dame de la Paix a Namur e all&#8217;Universit\u00e0 cattolica di Lovanio. Membro dell&#8217;Acad\u00e9mie Luxembourgeoise e del comitato esecutivo dell&#8217;Institut International de Philosophie Politique, \u00e8 stato visiting professor in varie universit\u00e0, dal Canada (Sudbury, Laval) al Brasile (Rio de Janeiro), dalla Polonia (Lublino) all&#8217;Italia (Torino, Bologna, Padova, Roma). \u00c8 morto a Bruxelles l\u20198 agosto del 1996.<\/em><\/p>\n","protected":false},"excerpt":{"rendered":"<p>La Croce quotidiano 29 ottobre 2016 L\u00e9o Moulin ha indagato le origini e le peculiarit\u00e0 dei piatti pi\u00f9 tipici delle cucine del Vecchio Continente di Sara Deodati<\/p><p><a class=\"more-link btn\" href=\"https:\/\/www.rassegnastampa-totustuus.it\/cattolica\/la-via-culinaria-per-lunione-europea\/\">Continua a leggere<\/a><\/p>\n","protected":false},"author":6,"featured_media":36615,"comment_status":"closed","ping_status":"closed","sticky":false,"template":"","format":"standard","meta":{"footnotes":""},"categories":[7],"tags":[2147],"class_list":["post-36613","post","type-post","status-publish","format-standard","has-post-thumbnail","hentry","category-costume","tag-cibo","item-wrap"],"yoast_head":"<!-- This site is optimized with the Yoast SEO plugin v27.4 - https:\/\/yoast.com\/product\/yoast-seo-wordpress\/ -->\n<title>La via culinaria per l\u2019Unione europea - Rassegna Stampa Cattolica<\/title>\n<meta name=\"description\" content=\"Rassegna Stampa Cattolica - Per una cultura che nasce dalla Rivelazione cristiana in conformit\u00e0 alla tradizione e al Magistero della Chiesa in opposizione ad ogni relativismo e totalitarismo\" \/>\n<meta name=\"robots\" content=\"index, follow, max-snippet:-1, max-image-preview:large, max-video-preview:-1\" \/>\n<link rel=\"canonical\" href=\"https:\/\/www.rassegnastampa-totustuus.it\/cattolica\/la-via-culinaria-per-lunione-europea\/\" \/>\n<meta property=\"og:locale\" content=\"it_IT\" \/>\n<meta property=\"og:type\" content=\"article\" \/>\n<meta property=\"og:title\" content=\"La via culinaria per l\u2019Unione europea - Rassegna Stampa Cattolica\" \/>\n<meta property=\"og:description\" content=\"Rassegna Stampa Cattolica - Per una cultura che nasce dalla Rivelazione cristiana in conformit\u00e0 alla tradizione e al Magistero della Chiesa in opposizione ad ogni relativismo e totalitarismo\" \/>\n<meta property=\"og:url\" content=\"https:\/\/www.rassegnastampa-totustuus.it\/cattolica\/la-via-culinaria-per-lunione-europea\/\" \/>\n<meta property=\"og:site_name\" content=\"Rassegna Stampa Cattolica\" \/>\n<meta property=\"article:publisher\" content=\"https:\/\/www.facebook.com\/rassegnastampacattolica\" \/>\n<meta property=\"article:published_time\" content=\"2016-11-02T23:00:15+00:00\" \/>\n<meta property=\"og:image\" content=\"https:\/\/www.rassegnastampa-totustuus.it\/cattolica\/wp-content\/uploads\/2016\/11\/pranzo_famiglia.jpg\" \/>\n\t<meta property=\"og:image:width\" content=\"284\" \/>\n\t<meta property=\"og:image:height\" content=\"177\" \/>\n\t<meta property=\"og:image:type\" content=\"image\/jpeg\" \/>\n<meta name=\"author\" content=\"Redazione\" \/>\n<meta name=\"twitter:card\" content=\"summary_large_image\" \/>\n<meta name=\"twitter:creator\" content=\"@rassegnastampa9\" \/>\n<meta name=\"twitter:site\" content=\"@rassegnastampa9\" \/>\n<meta name=\"twitter:label1\" content=\"Scritto da\" \/>\n\t<meta name=\"twitter:data1\" content=\"Redazione\" \/>\n\t<meta name=\"twitter:label2\" content=\"Tempo di lettura stimato\" \/>\n\t<meta name=\"twitter:data2\" content=\"6 minuti\" \/>\n<script type=\"application\/ld+json\" class=\"yoast-schema-graph\">{\"@context\":\"https:\\\/\\\/schema.org\",\"@graph\":[{\"@type\":\"Article\",\"@id\":\"https:\\\/\\\/www.rassegnastampa-totustuus.it\\\/cattolica\\\/la-via-culinaria-per-lunione-europea\\\/#article\",\"isPartOf\":{\"@id\":\"https:\\\/\\\/www.rassegnastampa-totustuus.it\\\/cattolica\\\/la-via-culinaria-per-lunione-europea\\\/\"},\"author\":{\"name\":\"Redazione\",\"@id\":\"https:\\\/\\\/www.rassegnastampa-totustuus.it\\\/cattolica\\\/#\\\/schema\\\/person\\\/08f319d2bd1a0904ad9e2bfb7b15e5c3\"},\"headline\":\"La via culinaria per l\u2019Unione europea\",\"datePublished\":\"2016-11-02T23:00:15+00:00\",\"mainEntityOfPage\":{\"@id\":\"https:\\\/\\\/www.rassegnastampa-totustuus.it\\\/cattolica\\\/la-via-culinaria-per-lunione-europea\\\/\"},\"wordCount\":1208,\"publisher\":{\"@id\":\"https:\\\/\\\/www.rassegnastampa-totustuus.it\\\/cattolica\\\/#organization\"},\"image\":{\"@id\":\"https:\\\/\\\/www.rassegnastampa-totustuus.it\\\/cattolica\\\/la-via-culinaria-per-lunione-europea\\\/#primaryimage\"},\"thumbnailUrl\":\"https:\\\/\\\/www.rassegnastampa-totustuus.it\\\/cattolica\\\/wp-content\\\/uploads\\\/2016\\\/11\\\/pranzo_famiglia.jpg\",\"keywords\":[\"cibo\"],\"articleSection\":[\"Costume\"],\"inLanguage\":\"it-IT\"},{\"@type\":\"WebPage\",\"@id\":\"https:\\\/\\\/www.rassegnastampa-totustuus.it\\\/cattolica\\\/la-via-culinaria-per-lunione-europea\\\/\",\"url\":\"https:\\\/\\\/www.rassegnastampa-totustuus.it\\\/cattolica\\\/la-via-culinaria-per-lunione-europea\\\/\",\"name\":\"La via culinaria per l\u2019Unione europea - Rassegna Stampa Cattolica\",\"isPartOf\":{\"@id\":\"https:\\\/\\\/www.rassegnastampa-totustuus.it\\\/cattolica\\\/#website\"},\"primaryImageOfPage\":{\"@id\":\"https:\\\/\\\/www.rassegnastampa-totustuus.it\\\/cattolica\\\/la-via-culinaria-per-lunione-europea\\\/#primaryimage\"},\"image\":{\"@id\":\"https:\\\/\\\/www.rassegnastampa-totustuus.it\\\/cattolica\\\/la-via-culinaria-per-lunione-europea\\\/#primaryimage\"},\"thumbnailUrl\":\"https:\\\/\\\/www.rassegnastampa-totustuus.it\\\/cattolica\\\/wp-content\\\/uploads\\\/2016\\\/11\\\/pranzo_famiglia.jpg\",\"datePublished\":\"2016-11-02T23:00:15+00:00\",\"description\":\"Rassegna Stampa Cattolica - Per una cultura che nasce dalla Rivelazione cristiana in conformit\u00e0 alla tradizione e al Magistero della Chiesa in opposizione ad ogni relativismo e totalitarismo\",\"breadcrumb\":{\"@id\":\"https:\\\/\\\/www.rassegnastampa-totustuus.it\\\/cattolica\\\/la-via-culinaria-per-lunione-europea\\\/#breadcrumb\"},\"inLanguage\":\"it-IT\",\"potentialAction\":[{\"@type\":\"ReadAction\",\"target\":[\"https:\\\/\\\/www.rassegnastampa-totustuus.it\\\/cattolica\\\/la-via-culinaria-per-lunione-europea\\\/\"]}]},{\"@type\":\"ImageObject\",\"inLanguage\":\"it-IT\",\"@id\":\"https:\\\/\\\/www.rassegnastampa-totustuus.it\\\/cattolica\\\/la-via-culinaria-per-lunione-europea\\\/#primaryimage\",\"url\":\"https:\\\/\\\/www.rassegnastampa-totustuus.it\\\/cattolica\\\/wp-content\\\/uploads\\\/2016\\\/11\\\/pranzo_famiglia.jpg\",\"contentUrl\":\"https:\\\/\\\/www.rassegnastampa-totustuus.it\\\/cattolica\\\/wp-content\\\/uploads\\\/2016\\\/11\\\/pranzo_famiglia.jpg\",\"width\":284,\"height\":177},{\"@type\":\"BreadcrumbList\",\"@id\":\"https:\\\/\\\/www.rassegnastampa-totustuus.it\\\/cattolica\\\/la-via-culinaria-per-lunione-europea\\\/#breadcrumb\",\"itemListElement\":[{\"@type\":\"ListItem\",\"position\":1,\"name\":\"Home\",\"item\":\"https:\\\/\\\/www.rassegnastampa-totustuus.it\\\/cattolica\\\/\"},{\"@type\":\"ListItem\",\"position\":2,\"name\":\"La via culinaria per l\u2019Unione europea\"}]},{\"@type\":\"WebSite\",\"@id\":\"https:\\\/\\\/www.rassegnastampa-totustuus.it\\\/cattolica\\\/#website\",\"url\":\"https:\\\/\\\/www.rassegnastampa-totustuus.it\\\/cattolica\\\/\",\"name\":\"Rassegna Stampa Cattolica\",\"description\":\"Per una cultura che nasce dalla Rivelazione cristiana in conformit\u00e0 alla tradizione e al Magistero della Chiesa in opposizione ad ogni relativismo e totalitarismo\",\"publisher\":{\"@id\":\"https:\\\/\\\/www.rassegnastampa-totustuus.it\\\/cattolica\\\/#organization\"},\"alternateName\":\"Rass. Cattolica\",\"potentialAction\":[{\"@type\":\"SearchAction\",\"target\":{\"@type\":\"EntryPoint\",\"urlTemplate\":\"https:\\\/\\\/www.rassegnastampa-totustuus.it\\\/cattolica\\\/?s={search_term_string}\"},\"query-input\":{\"@type\":\"PropertyValueSpecification\",\"valueRequired\":true,\"valueName\":\"search_term_string\"}}],\"inLanguage\":\"it-IT\"},{\"@type\":\"Organization\",\"@id\":\"https:\\\/\\\/www.rassegnastampa-totustuus.it\\\/cattolica\\\/#organization\",\"name\":\"Rassegna Stampa Cattolica\",\"url\":\"https:\\\/\\\/www.rassegnastampa-totustuus.it\\\/cattolica\\\/\",\"logo\":{\"@type\":\"ImageObject\",\"inLanguage\":\"it-IT\",\"@id\":\"https:\\\/\\\/www.rassegnastampa-totustuus.it\\\/cattolica\\\/#\\\/schema\\\/logo\\\/image\\\/\",\"url\":\"https:\\\/\\\/www.rassegnastampa-totustuus.it\\\/cattolica\\\/wp-content\\\/uploads\\\/2014\\\/04\\\/logo-rassegna1.gif\",\"contentUrl\":\"https:\\\/\\\/www.rassegnastampa-totustuus.it\\\/cattolica\\\/wp-content\\\/uploads\\\/2014\\\/04\\\/logo-rassegna1.gif\",\"width\":600,\"height\":163,\"caption\":\"Rassegna Stampa Cattolica\"},\"image\":{\"@id\":\"https:\\\/\\\/www.rassegnastampa-totustuus.it\\\/cattolica\\\/#\\\/schema\\\/logo\\\/image\\\/\"},\"sameAs\":[\"https:\\\/\\\/www.facebook.com\\\/rassegnastampacattolica\",\"https:\\\/\\\/x.com\\\/rassegnastampa9\"]},{\"@type\":\"Person\",\"@id\":\"https:\\\/\\\/www.rassegnastampa-totustuus.it\\\/cattolica\\\/#\\\/schema\\\/person\\\/08f319d2bd1a0904ad9e2bfb7b15e5c3\",\"name\":\"Redazione\",\"image\":{\"@type\":\"ImageObject\",\"inLanguage\":\"it-IT\",\"@id\":\"https:\\\/\\\/secure.gravatar.com\\\/avatar\\\/2fcdf27c78ea025fbdb44e914cc63c72249ffec9dc8aafd5c82b26240ef3f346?s=96&d=mm&r=g\",\"url\":\"https:\\\/\\\/secure.gravatar.com\\\/avatar\\\/2fcdf27c78ea025fbdb44e914cc63c72249ffec9dc8aafd5c82b26240ef3f346?s=96&d=mm&r=g\",\"contentUrl\":\"https:\\\/\\\/secure.gravatar.com\\\/avatar\\\/2fcdf27c78ea025fbdb44e914cc63c72249ffec9dc8aafd5c82b26240ef3f346?s=96&d=mm&r=g\",\"caption\":\"Redazione\"},\"url\":\"https:\\\/\\\/www.rassegnastampa-totustuus.it\\\/cattolica\\\/author\\\/pietroelle\\\/\"}]}<\/script>\n<!-- \/ Yoast SEO plugin. -->","yoast_head_json":{"title":"La via culinaria per l\u2019Unione europea - Rassegna Stampa Cattolica","description":"Rassegna Stampa Cattolica - Per una cultura che nasce dalla Rivelazione cristiana in conformit\u00e0 alla tradizione e al Magistero della Chiesa in opposizione ad ogni relativismo e totalitarismo","robots":{"index":"index","follow":"follow","max-snippet":"max-snippet:-1","max-image-preview":"max-image-preview:large","max-video-preview":"max-video-preview:-1"},"canonical":"https:\/\/www.rassegnastampa-totustuus.it\/cattolica\/la-via-culinaria-per-lunione-europea\/","og_locale":"it_IT","og_type":"article","og_title":"La via culinaria per l\u2019Unione europea - Rassegna Stampa Cattolica","og_description":"Rassegna Stampa Cattolica - Per una cultura che nasce dalla Rivelazione cristiana in conformit\u00e0 alla tradizione e al Magistero della Chiesa in opposizione ad ogni relativismo e totalitarismo","og_url":"https:\/\/www.rassegnastampa-totustuus.it\/cattolica\/la-via-culinaria-per-lunione-europea\/","og_site_name":"Rassegna Stampa Cattolica","article_publisher":"https:\/\/www.facebook.com\/rassegnastampacattolica","article_published_time":"2016-11-02T23:00:15+00:00","og_image":[{"width":284,"height":177,"url":"https:\/\/www.rassegnastampa-totustuus.it\/cattolica\/wp-content\/uploads\/2016\/11\/pranzo_famiglia.jpg","type":"image\/jpeg"}],"author":"Redazione","twitter_card":"summary_large_image","twitter_creator":"@rassegnastampa9","twitter_site":"@rassegnastampa9","twitter_misc":{"Scritto da":"Redazione","Tempo di lettura stimato":"6 minuti"},"schema":{"@context":"https:\/\/schema.org","@graph":[{"@type":"Article","@id":"https:\/\/www.rassegnastampa-totustuus.it\/cattolica\/la-via-culinaria-per-lunione-europea\/#article","isPartOf":{"@id":"https:\/\/www.rassegnastampa-totustuus.it\/cattolica\/la-via-culinaria-per-lunione-europea\/"},"author":{"name":"Redazione","@id":"https:\/\/www.rassegnastampa-totustuus.it\/cattolica\/#\/schema\/person\/08f319d2bd1a0904ad9e2bfb7b15e5c3"},"headline":"La via culinaria per l\u2019Unione europea","datePublished":"2016-11-02T23:00:15+00:00","mainEntityOfPage":{"@id":"https:\/\/www.rassegnastampa-totustuus.it\/cattolica\/la-via-culinaria-per-lunione-europea\/"},"wordCount":1208,"publisher":{"@id":"https:\/\/www.rassegnastampa-totustuus.it\/cattolica\/#organization"},"image":{"@id":"https:\/\/www.rassegnastampa-totustuus.it\/cattolica\/la-via-culinaria-per-lunione-europea\/#primaryimage"},"thumbnailUrl":"https:\/\/www.rassegnastampa-totustuus.it\/cattolica\/wp-content\/uploads\/2016\/11\/pranzo_famiglia.jpg","keywords":["cibo"],"articleSection":["Costume"],"inLanguage":"it-IT"},{"@type":"WebPage","@id":"https:\/\/www.rassegnastampa-totustuus.it\/cattolica\/la-via-culinaria-per-lunione-europea\/","url":"https:\/\/www.rassegnastampa-totustuus.it\/cattolica\/la-via-culinaria-per-lunione-europea\/","name":"La via culinaria per l\u2019Unione europea - Rassegna Stampa Cattolica","isPartOf":{"@id":"https:\/\/www.rassegnastampa-totustuus.it\/cattolica\/#website"},"primaryImageOfPage":{"@id":"https:\/\/www.rassegnastampa-totustuus.it\/cattolica\/la-via-culinaria-per-lunione-europea\/#primaryimage"},"image":{"@id":"https:\/\/www.rassegnastampa-totustuus.it\/cattolica\/la-via-culinaria-per-lunione-europea\/#primaryimage"},"thumbnailUrl":"https:\/\/www.rassegnastampa-totustuus.it\/cattolica\/wp-content\/uploads\/2016\/11\/pranzo_famiglia.jpg","datePublished":"2016-11-02T23:00:15+00:00","description":"Rassegna Stampa Cattolica - Per una cultura che nasce dalla Rivelazione cristiana in conformit\u00e0 alla tradizione e al Magistero della Chiesa in opposizione ad ogni relativismo e totalitarismo","breadcrumb":{"@id":"https:\/\/www.rassegnastampa-totustuus.it\/cattolica\/la-via-culinaria-per-lunione-europea\/#breadcrumb"},"inLanguage":"it-IT","potentialAction":[{"@type":"ReadAction","target":["https:\/\/www.rassegnastampa-totustuus.it\/cattolica\/la-via-culinaria-per-lunione-europea\/"]}]},{"@type":"ImageObject","inLanguage":"it-IT","@id":"https:\/\/www.rassegnastampa-totustuus.it\/cattolica\/la-via-culinaria-per-lunione-europea\/#primaryimage","url":"https:\/\/www.rassegnastampa-totustuus.it\/cattolica\/wp-content\/uploads\/2016\/11\/pranzo_famiglia.jpg","contentUrl":"https:\/\/www.rassegnastampa-totustuus.it\/cattolica\/wp-content\/uploads\/2016\/11\/pranzo_famiglia.jpg","width":284,"height":177},{"@type":"BreadcrumbList","@id":"https:\/\/www.rassegnastampa-totustuus.it\/cattolica\/la-via-culinaria-per-lunione-europea\/#breadcrumb","itemListElement":[{"@type":"ListItem","position":1,"name":"Home","item":"https:\/\/www.rassegnastampa-totustuus.it\/cattolica\/"},{"@type":"ListItem","position":2,"name":"La via culinaria per l\u2019Unione europea"}]},{"@type":"WebSite","@id":"https:\/\/www.rassegnastampa-totustuus.it\/cattolica\/#website","url":"https:\/\/www.rassegnastampa-totustuus.it\/cattolica\/","name":"Rassegna Stampa Cattolica","description":"Per una cultura che nasce dalla Rivelazione cristiana in conformit\u00e0 alla tradizione e al Magistero della Chiesa in opposizione ad ogni relativismo e totalitarismo","publisher":{"@id":"https:\/\/www.rassegnastampa-totustuus.it\/cattolica\/#organization"},"alternateName":"Rass. Cattolica","potentialAction":[{"@type":"SearchAction","target":{"@type":"EntryPoint","urlTemplate":"https:\/\/www.rassegnastampa-totustuus.it\/cattolica\/?s={search_term_string}"},"query-input":{"@type":"PropertyValueSpecification","valueRequired":true,"valueName":"search_term_string"}}],"inLanguage":"it-IT"},{"@type":"Organization","@id":"https:\/\/www.rassegnastampa-totustuus.it\/cattolica\/#organization","name":"Rassegna Stampa Cattolica","url":"https:\/\/www.rassegnastampa-totustuus.it\/cattolica\/","logo":{"@type":"ImageObject","inLanguage":"it-IT","@id":"https:\/\/www.rassegnastampa-totustuus.it\/cattolica\/#\/schema\/logo\/image\/","url":"https:\/\/www.rassegnastampa-totustuus.it\/cattolica\/wp-content\/uploads\/2014\/04\/logo-rassegna1.gif","contentUrl":"https:\/\/www.rassegnastampa-totustuus.it\/cattolica\/wp-content\/uploads\/2014\/04\/logo-rassegna1.gif","width":600,"height":163,"caption":"Rassegna Stampa Cattolica"},"image":{"@id":"https:\/\/www.rassegnastampa-totustuus.it\/cattolica\/#\/schema\/logo\/image\/"},"sameAs":["https:\/\/www.facebook.com\/rassegnastampacattolica","https:\/\/x.com\/rassegnastampa9"]},{"@type":"Person","@id":"https:\/\/www.rassegnastampa-totustuus.it\/cattolica\/#\/schema\/person\/08f319d2bd1a0904ad9e2bfb7b15e5c3","name":"Redazione","image":{"@type":"ImageObject","inLanguage":"it-IT","@id":"https:\/\/secure.gravatar.com\/avatar\/2fcdf27c78ea025fbdb44e914cc63c72249ffec9dc8aafd5c82b26240ef3f346?s=96&d=mm&r=g","url":"https:\/\/secure.gravatar.com\/avatar\/2fcdf27c78ea025fbdb44e914cc63c72249ffec9dc8aafd5c82b26240ef3f346?s=96&d=mm&r=g","contentUrl":"https:\/\/secure.gravatar.com\/avatar\/2fcdf27c78ea025fbdb44e914cc63c72249ffec9dc8aafd5c82b26240ef3f346?s=96&d=mm&r=g","caption":"Redazione"},"url":"https:\/\/www.rassegnastampa-totustuus.it\/cattolica\/author\/pietroelle\/"}]}},"_links":{"self":[{"href":"https:\/\/www.rassegnastampa-totustuus.it\/cattolica\/wp-json\/wp\/v2\/posts\/36613","targetHints":{"allow":["GET"]}}],"collection":[{"href":"https:\/\/www.rassegnastampa-totustuus.it\/cattolica\/wp-json\/wp\/v2\/posts"}],"about":[{"href":"https:\/\/www.rassegnastampa-totustuus.it\/cattolica\/wp-json\/wp\/v2\/types\/post"}],"author":[{"embeddable":true,"href":"https:\/\/www.rassegnastampa-totustuus.it\/cattolica\/wp-json\/wp\/v2\/users\/6"}],"replies":[{"embeddable":true,"href":"https:\/\/www.rassegnastampa-totustuus.it\/cattolica\/wp-json\/wp\/v2\/comments?post=36613"}],"version-history":[{"count":1,"href":"https:\/\/www.rassegnastampa-totustuus.it\/cattolica\/wp-json\/wp\/v2\/posts\/36613\/revisions"}],"predecessor-version":[{"id":36616,"href":"https:\/\/www.rassegnastampa-totustuus.it\/cattolica\/wp-json\/wp\/v2\/posts\/36613\/revisions\/36616"}],"wp:featuredmedia":[{"embeddable":true,"href":"https:\/\/www.rassegnastampa-totustuus.it\/cattolica\/wp-json\/wp\/v2\/media\/36615"}],"wp:attachment":[{"href":"https:\/\/www.rassegnastampa-totustuus.it\/cattolica\/wp-json\/wp\/v2\/media?parent=36613"}],"wp:term":[{"taxonomy":"category","embeddable":true,"href":"https:\/\/www.rassegnastampa-totustuus.it\/cattolica\/wp-json\/wp\/v2\/categories?post=36613"},{"taxonomy":"post_tag","embeddable":true,"href":"https:\/\/www.rassegnastampa-totustuus.it\/cattolica\/wp-json\/wp\/v2\/tags?post=36613"}],"curies":[{"name":"wp","href":"https:\/\/api.w.org\/{rel}","templated":true}]}}