{"id":3656,"date":"2010-01-14T00:00:00","date_gmt":"2010-01-13T23:00:00","guid":{"rendered":""},"modified":"2015-03-03T13:01:58","modified_gmt":"2015-03-03T12:01:58","slug":"leccidio-dei-militari-polacchi-a-katyn","status":"publish","type":"post","link":"https:\/\/www.rassegnastampa-totustuus.it\/cattolica\/leccidio-dei-militari-polacchi-a-katyn\/","title":{"rendered":"L&#8217;eccidio dei militari polacchi a Katyn"},"content":{"rendered":"<div>\n<div style=\"text-align: center;\">Proiezione privata del film di Andrzej Wajda \u201cKatyn\u201dRoma \u2013 marzo 2009<\/div>\n<\/div>\n<p style=\"text-align: center;\">Introduzione a cura del prof. <strong><a href=\"https:\/\/www.rassegnastampa-totustuus.it\/cattolica\/?p=3642\" target=\"_blank\">Victor Zaslavsky<\/a><\/strong><\/p>\n<p style=\"text-align: center;\"><em>(trascrizione della registrazione digitale, non rivista dall\u2019autore)<\/em><\/p>\n<p style=\"text-align: center;\"><a href=\"https:\/\/www.rassegnastampa-totustuus.it\/cattolica\/wp-content\/uploads\/2010\/01\/Katyn.jpg\"><img loading=\"lazy\" decoding=\"async\" class=\"aligncenter wp-image-20422\" src=\"https:\/\/www.rassegnastampa-totustuus.it\/cattolica\/wp-content\/uploads\/2010\/01\/Katyn.jpg\" alt=\"Katyn\" width=\"250\" height=\"163\" \/><\/a><\/p>\n<p style=\"text-align: center;\">note a cura della redazione di Rassegna Stampa<\/p>\n<p><!--more--><\/p>\n<div style=\"text-align: justify;\">Il massacro di Katyn \u00e8 rimasto fino ad ora alla periferia della conoscenza storica europea. Addirittura gli storici che si occupano del caso, come il giornalista che qualche giorno fa ha scritto su <em>Il Corriere della Sera<\/em> una recensione al film di Waida, hanno affermato che si tratta dell\u2019eccidio di 4.500 ufficiali e civili polacchi ma il numero reale \u00e8 molto pi\u00f9 altro.<\/div>\n<p style=\"text-align: justify;\">In realt\u00e0 settant\u2019anni fa, nell\u2019aprile \u2013 maggio 1940 la Nkvd (1) fucil\u00f2 circa 22 mila ufficiali polacchi. Cito una lettera del capo dei servizi segreti, Nikita Krushchev del 1959: \u00ab(\u2026) <em>furono fucilati 22 mila uomini, di cui nelle fosse di Katyn 4.400, nel campo di <\/em><em>Kozielsk<\/em><em> 3.800; nel campo di <\/em><em>Ostaszkow<\/em><em> 6.300 mentre 7.400 uomini furono fucilati in altri campi di prigionia dell\u2019Ucraina e della Russia. L\u2019intera operazione \u00e8 stata condotta su delibera del Comitato centrale del Pcus\u00a0 del 5 maggio 1940<\/em>\u00bb. (2)<\/p>\n<p style=\"text-align: justify;\">I fucilati erano in maggioranza ufficiali dell\u2019esercito ma anche intellettuali, imprenditori, alti funzionari, proprietari terrieri, poliziotti, intellettuali, preti, finiti prigionieri durante l\u2019occupazione sovietica della Polonia orientale.<\/p>\n<p style=\"text-align: justify;\">In seguito al patto von Ribbentrop-Molotov la Polonia orientale era caduta sotto il dominio dell\u2019Unione sovietica e questo eccidio \u00e8 noto come il massacro di Katyn, dal nome della localit\u00e0 dove i tedeschi trovarono fossi comuni con i corpi di ufficiali polacchi.<\/p>\n<p style=\"text-align: justify;\">Per spiegare cosa \u00e8 successo nella foresta di Katyn si devono ripercorrere alcuni episodi alla vigilia della Seconda guerra mondiale, cominciando dal rapido avvicinamento tra Hitler e Stalin che port\u00f2 alla firma del famigerato Patto Ribbentrop-Molotov che fece da detonatore allo scoppio della guerra.La guerra inizi\u00f2 il primo settembre 1939 e i sovietici, in accordo con i nazisti, rimandarono l\u2019attacco alla Polonia fino al 17 settembre; il tempo necessario per mobilitare le truppe e per organizzare il sostegno del movimento comunista internazionale.<\/p>\n<p style=\"text-align: justify;\">La scena iniziale del film di Wajda, quando sul ponte si incontrano due folle di fuggiaschi: una che corre da est verso ovest, scappando dai tedeschi e l\u2019altra che corre nella direzione opposta scappando dalle truppe sovietiche, rimane un simbolo indimenticabile dell\u2019alleanza dei due regimi totalitari di Hitler e Stalin.<\/p>\n<p style=\"text-align: justify;\">La superiorit\u00e0 delle forze armate germaniche e sovietiche sull\u2019esercito polacco fu schiacciante e dopo dodici giorni di operazioni belliche le truppe sovietiche avevano occupato il 52% del territorio polacco assegnato all\u2019Urss secondo il Patto Ribbentrop-Molotov.<\/p>\n<p style=\"text-align: justify;\">Le truppe sovietiche presero come prigionieri di una guerra non dichiarata circa 200 mila soldati e ufficiali dell\u2019esercito polacco. Una parte dei soldati fu mandata a casa, un\u2019altra fu trattenuta per lavori di ricostruzione di strade e tutti gli ufficiali furono messi nei campi di concentramento, dove rimasero per circa sei mesi. Ogni detenuto era sottoposto a lunghi e ripetuti interrogatori. Gli inquirenti erano particolarmente interessati alla estrazione sociale ed economica del detenuto, al suo orientamento politico, alla sua affiliazione partitica, ai legami con paesi occidentali e alla conoscenza delle lingue straniere.<\/p>\n<p style=\"text-align: justify;\">La decisione sulla loro sorte fu presa dai sette membri del Politburo del Pcus il 5 marzo 1940. Quel giorno Stalin, Molotov, Beriya, Kaganovich, Khrushchev Kalinin e Kaian dettero ordine al Nkvd \u2013 cito il decreto \u2013 di \u00ab<em>esaminare il caso di 25.700 prigionieri di guerra polacchi secondo una procedura speciale, cio\u00e8 senza citare in giudizio i detenuti, senza presentare imputazioni, senza documentare la conclusione dell\u2019istruttoria nell\u2019atto di accusa, applicando nei loro confronti la pi\u00f9 alta misura punitiva: la fucilazione<\/em>\u00bb.<\/p>\n<p style=\"text-align: justify;\">Questo documento fu conservato nel supersegreto archivio del Comitato centrale comunista e fu reso noto soltanto dopo il crollo dell\u2019Unione sovietica.<\/p>\n<p style=\"text-align: justify;\">Perch\u00e9 questa decisione agghiacciante? Questo \u00e8 stato un perfetto esempio di politica di pulizia di classe, gemella di quella pi\u00f9 nota di pulizia etnica.Questa politica accomunava i regimi totalitari di Hitler e di Stalin.<\/p>\n<p style=\"text-align: justify;\">La pulizia di classe \u00e8 una politica di eliminazione pianificata e sistematica di una intera classe sociale condotta da quei regimi totalitari che adottavano il marxismo-leninismo come loro ideologia dominante e l\u2019esecuzione decretata dal Politburo degli ufficiali polacchi pu\u00f2 essere pienamente capita soltanto se la si considera come un elemento del generale processo di pulizia di classe.<\/p>\n<p style=\"text-align: justify;\">Ricordiamo che in maggioranza gli ufficiali polacchi non erano di carriera ma riservisti, cio\u00e8 esponenti della classe media colta, dell\u2019intellighenzia polacca odiata da entrambi i regimi totalitari come potenziali capi della resistenza. Verso di essa entrambi i regimi: nazista e staliniano, nutrivano un profondo odio e conducevano una identica politica di annientamento.<\/p>\n<p style=\"text-align: justify;\">Nel film vedremo la scena dell\u2019arresto e della deportazione nel campo di concentramento dei professori della Universit\u00e0 di Cracovia da parte delle SS naziste e anche qui Wajda, in conformit\u00e0 alla verit\u00e0 storica, sottolinea la somiglianza tra i due totalitarismi.<\/p>\n<p style=\"text-align: justify;\">Ma la fucilazione degli ufficiali polacchi fu soltanto la cima dell\u2019iceberg della pulizia di classe cui fu sottoposta la Polonia militare; infatti il 2 marzo 1940 il Politburo approv\u00f2 la proposta presentata dal capo della polizia politica Lavrentij Beriya e dal primo segretario del partito comunista di Ucraina Nikita Khrushev di effettuare una deportazione nella regione sovietica del Kazakistan per un periodo di dieci anni di tutte le famiglie degli ufficiali dell\u2019esercito polacco. Si trattava delle mogli, dei figli, degli anziani genitori, dei fratelli dei prigionieri di guerra. 61 mila in tutto.<\/p>\n<p style=\"text-align: justify;\">Nel 1940 i territori della Polonia occupata dai sovietici subirono tre ondate successive di deportazioni di massa. Il 10 febbraio furono deportati diversi contadini agiati, i cosiddetti kulaki nella terminologia sovietica, assieme alle loro famiglie. In tutto circa 110 mila persone. Il 13 aprile stessa sorte tocc\u00f2 ai familiari di ufficiali polacchi e il 29 giugno furono deportati 75 mila rifugiati, in maggioranza ebrei che erano fuggiti dalla parte della Polonia occupata dai nazisti o in qualche caso dalla Germania stessa.<\/p>\n<p style=\"text-align: justify;\">Le condizioni dei deportati erano indecenti; cito il rapporto di un funzionario della Nkvd ai superiori: \u00ab<em>Tra i morti la maggioranza sono vecchi e invalidi ma anche persone di et\u00e0 media e bambini. L\u2019alta mortalit\u00e0 si spiega col fatto che i deportati non sono abituati al clima della Siberia. La maggioranza non ha vestiti e scarpe pesanti e perci\u00f2 in seguito al freddo sono apparse malattie con esito mortale. L\u2019alta mortalit\u00e0 \u00e8 stata favorita anche dagli approvvigionamenti alimentari inadeguati<\/em>\u00bb.<\/p>\n<p style=\"text-align: justify;\">Dopo l\u2019attacco tedesco all\u2019Unione Sovietica il 22 giugno 1941 i detenuti polacchi sopravvissuti nei campi sovietici furono liberati. Tra la fine di settembre e il primo ottobre 1941 erano stati liberati circa 350 mila dei 400 mila cittadini polacchi detenuti nelle prigioni, nei campi e nei luoghi di deportazione. Se a questa cifra aggiungiamo quelli fucilati in seguito si arriva ad una cifra totale compresa tra 450 e 500 mila persone che per ordine di Stalin sono state fucilate, deportate, morte e disperse.<\/p>\n<p style=\"text-align: justify;\">I dirigenti staliniani davano l\u2019ordine di uccidere decine di migliaia di ufficiali e di deportare centinaia di migliaia di abitanti della Polonia sapendo dell\u2019esistenza di norme e procedure giuridiche e sapendo di violare la propria Costituzione e le proprie leggi ma non si sentivano criminali, bens\u00ec benefattori al servizio dell\u2019umanit\u00e0. Stavano semplicemente accelerando il corso della storia nel suo progresso verso la societ\u00e0 perfetta. Secondo l\u2019ideologia marxista la storia aveva gi\u00e0 condannato queste categorie alla morte sociale e lo Stato sovietico doveva solamente aiutare il processo storico per arrivare alla meta in maniera razionale.<\/p>\n<p style=\"text-align: justify;\">Intorno al massacro di Katyn la propaganda staliniana realizz\u00f2 con la complicit\u00e0 dei governi e degli storici occidentali una gigantesca operazione di falsificazione, occultamento e rimozione della verit\u00e0 che non ha paragone nella storia contemporanea. I sovietici cercarono di addossare la colpa dell\u2019eccidio sulle truppe tedesche creando una propria versione ufficiale, che diffusero grazie ad una potente macchina di propaganda, mobilitando tutti i sostenitori e simpatizzanti dell\u2019Europa occidentale. Fino al crollo dell\u2019Unione Sovietica lo storico che rifiutava questa versione era sospettato e spesso addirittura accusato di sminuire o negare i crimini nazisti.<\/p>\n<p style=\"text-align: justify;\">Nascondere il massacro di Katyn e addossare la colpa ai tedeschi per Stalin fu una vera ossessione. Il primo agosto 1944 la resistenza polacca cominci\u00f2 la rivolta contro gli occupanti tedeschi sperando di riprendere il controllo di Varsavia e quando il leader del governo polacco in esilio, ad inizio di agosto, si mosse per chiedere l\u2019aiuto di Stalin questi present\u00f2 la sua obiezione: le truppe sovietiche, che stavano a qualche chilometro fuori Varsavia sarebbero entrate in azione solo se la leadership polacca avesse pubblicamente riconosciuto che il massacro degli ufficiali polacchi a Katyn era stato effettuato non da sovietici ma da nazisti.<\/p>\n<p style=\"text-align: justify;\">Gli alleati occidentali durante la guerra non potevano rompere l\u2019alleanza con Stalin ma la situazione cambi\u00f2 dopo la guerra, con l\u2019inizio della Guerra Fredda. L\u2019amministrazione americana, usc\u00ec dalla complicit\u00e0 nel 1950, quando fu autorizzata una commissione di inchiesta del Congresso che indic\u00f2 nell\u2019Unione Sovietica il colpevole. Il governo britannico invece aveva secretato la documentazione su Katyn che dimostrava la responsabilit\u00e0 sovietica fino al crollo del Muro di Berlino.<\/p>\n<p style=\"text-align: justify;\">Nel film Wajda fa vedere i metodi con i quali il governo della Polonia comunista mantenne le menzogne sull\u2019eccidio; ad esempio l\u2019episodio che mostra la sorte della giovane donna che vende i suoi bellissimi capelli per comprare una lapide su cui scrive che il fratello \u00e8 stato trucidato a Katyn.<\/p>\n<p style=\"text-align: justify;\">Che cosa si sapeva dell\u2019eccidio di Katyn in Italia? L\u2019eccidio era noto e fu utilizzato ad esempio dalla Democrazia Cristiana nella propaganda elettorale per le elezioni dell\u2019aprile 1948, pi\u00f9 tardi per\u00f2 la vicenda fu insabbiata e quasi dimenticata. Si pu\u00f2 dimostrare questo fatto seguendo la storia del professor Vincenzo Palmieri, la quale illustra il clima politico dell\u2019Italia e ci permette uno squarcio sul ruolo del Partito Comunista nel sopprimere la verit\u00e0 su Katin.<\/p>\n<p style=\"text-align: justify;\">Palmieri, fondatore della cattedra di medicina legale all\u2019Universit\u00e0 di Napoli fu uno dei principali membri della Commissione medica internazionale organizzata dai tedeschi nel 1943 dopo la scoperta dei corpi dei militari polacchi nelle fosse. La Commissione stabil\u00ec che gli ufficiali furono fucilati nel 1940, dando cos\u00ec la colpa ai sovietici. Dopo la guerra i sovietici chiesero ai comunisti italiani di seguire e se possibile neutralizzare le attivit\u00e0 di Palmieri. Una campagna denigratoria fu cos\u00ec orchestrata contro il docente napoletano.<\/p>\n<p style=\"text-align: justify;\">Il professor Ernesto Quagliarello, uno degli allievi di Palmieri, nelle sue memorie ha descritto l\u2019atmosfera di ostruzionismo, di urla e di minacce al professore chiamato da un gruppo di studenti \u201ccollaborazionista\u201d, \u201cmenzognero\u201d, \u201cfalsificatore della verit\u00e0 storica\u201d. Il corpo docente della Universit\u00e0 di Napoli propose addirittura che il professor Palmieri fosse licenziato dall\u2019insegnamento.<\/p>\n<p style=\"text-align: justify;\">La sorte dell\u2019archivio di Palmieri sul massacro di Katyn d\u00e0 un\u2019idea dell\u2019atmosfera politica che per decenni circond\u00f2 la sua vita. Secondo la testimonianza del nipote, il professore all\u2019avvicinarsi delle elezioni del 18 aprile 1948, date le previsioni sul loro esito, sotterr\u00f2 le foto in una scatola di scarpe impermeabilizzata; le tir\u00f2 fuori subito dopo e le riseppell\u00ec dopo le elezioni del 1953. Nel 1968 Palmieri, che agli inizi degli anni Sessanta divenne sindaco di Napoli, per contrastare la minaccia al suo archivio diffuse la voce che la sua casa aveva subito un incendio che aveva distrutto tutti i suoi materiali su carta.<\/p>\n<p style=\"text-align: justify;\">La decisione di Boris Eltsin di rompere nettamente con il passato si espresse anche nel rendere pubblici molti documenti segreti che testimoniavano i crimini del regime sovietico. La pubblicazione dei documenti conservati nell\u2019archivio ufficiale del Comitato centrale svel\u00f2 una volta per tutte la montagna di menzogne e di disinformazione accumulata nel periodo intercorso tra la tragedia di Katin e il crollo del sistema zarista. Oggi conosciamo il nome sia di quelli che hanno ordinato l\u2019eccidio, sia di quelli che lo hanno materialmente eseguito. Sappiamo quando, come e perch\u00e9.<\/p>\n<p style=\"text-align: justify;\">In conclusione faccio un appello, approfittando della presenza del ministro Bondi, sia alla societ\u00e0 di distribuzione che al ministero della cultura perch\u00e9 trovino i soldi necessari, e non sono tanti, per rendere accessibile il film di Wajda ad un vasto pubblico di spettatori.<\/p>\n<p style=\"text-align: justify;\">Vorrei finire dicendo che nel continuo dibattito sui totalitarismi il massacro di Katin rappresenta un caso emblematico della pulizia di classe, come Auschwitz lo \u00e8 per la pulizia etnica.<\/p>\n<p style=\"text-align: justify;\"><strong>Note<\/strong><\/p>\n<p style=\"text-align: justify;\"><strong>1)<\/strong> Acronimo di <em><em>Narodnyj Komissariat Vnutrennich<\/em><\/em> (Commissariato del Popolo degli Affari Interni), commissariato che gestiva un\u2019ampia gamma di affari nello Stato il principale dei quali era la protezione della sicurezza dello stato dell&#8217;Unione Sovietica.<\/p>\n<p style=\"text-align: justify;\"><strong>2)<\/strong> A questo proposito si legga anche: <em><a href=\"https:\/\/www.rassegnastampa-totustuus.it\/cattolica\/?p=1167\" target=\"_blank\">La verit\u00e0 su Katyn alla luce di un documento<\/a><\/em> in <em>Cristianit\u00e0 <\/em>n.175<\/p>\n","protected":false},"excerpt":{"rendered":"<p>Proiezione privata del film di Andrzej Wajda \u201cKatyn\u201dRoma \u2013 marzo 2009 Introduzione a cura del prof. Victor Zaslavsky (trascrizione della registrazione digitale, non rivista dall\u2019autore) note a cura della redazione di Rassegna Stampa<\/p><p><a class=\"more-link btn\" href=\"https:\/\/www.rassegnastampa-totustuus.it\/cattolica\/leccidio-dei-militari-polacchi-a-katyn\/\">Continua a leggere<\/a><\/p>\n","protected":false},"author":6,"featured_media":20422,"comment_status":"closed","ping_status":"open","sticky":false,"template":"","format":"standard","meta":{"footnotes":""},"categories":[32,90,24,84],"tags":[887,888],"class_list":["post-3656","post","type-post","status-publish","format-standard","has-post-thumbnail","hentry","category-filosofia-del-comunismo","category-ii-guerra-mondiale","category-storia","category-urss","tag-crimini-alleati","tag-katyn","item-wrap"],"yoast_head":"<!-- This site is optimized with the Yoast SEO plugin v27.5 - https:\/\/yoast.com\/product\/yoast-seo-wordpress\/ -->\n<title>L&#039;eccidio dei militari polacchi a Katyn - Rassegna Stampa Cattolica<\/title>\n<meta name=\"description\" content=\"Rassegna Stampa Cattolica - Per una cultura che nasce dalla Rivelazione cristiana in conformit\u00e0 alla tradizione e al Magistero della Chiesa in opposizione ad ogni relativismo e totalitarismo\" \/>\n<meta name=\"robots\" content=\"index, follow, max-snippet:-1, max-image-preview:large, max-video-preview:-1\" \/>\n<link rel=\"canonical\" href=\"https:\/\/www.rassegnastampa-totustuus.it\/cattolica\/leccidio-dei-militari-polacchi-a-katyn\/\" \/>\n<meta property=\"og:locale\" content=\"it_IT\" \/>\n<meta property=\"og:type\" content=\"article\" \/>\n<meta property=\"og:title\" content=\"L&#039;eccidio dei militari polacchi a Katyn - Rassegna Stampa Cattolica\" \/>\n<meta property=\"og:description\" content=\"Rassegna Stampa Cattolica - Per una cultura che nasce dalla Rivelazione cristiana in conformit\u00e0 alla tradizione e al Magistero della Chiesa in opposizione ad ogni relativismo e totalitarismo\" \/>\n<meta property=\"og:url\" content=\"https:\/\/www.rassegnastampa-totustuus.it\/cattolica\/leccidio-dei-militari-polacchi-a-katyn\/\" \/>\n<meta property=\"og:site_name\" content=\"Rassegna Stampa Cattolica\" \/>\n<meta property=\"article:publisher\" content=\"https:\/\/www.facebook.com\/rassegnastampacattolica\" \/>\n<meta property=\"article:published_time\" content=\"2010-01-13T23:00:00+00:00\" \/>\n<meta property=\"article:modified_time\" content=\"2015-03-03T12:01:58+00:00\" \/>\n<meta property=\"og:image\" content=\"https:\/\/www.rassegnastampa-totustuus.it\/cattolica\/wp-content\/uploads\/2010\/01\/Katyn.jpg\" \/>\n\t<meta property=\"og:image:width\" content=\"278\" \/>\n\t<meta property=\"og:image:height\" content=\"181\" \/>\n\t<meta property=\"og:image:type\" content=\"image\/jpeg\" \/>\n<meta name=\"author\" content=\"Redazione\" \/>\n<meta name=\"twitter:card\" content=\"summary_large_image\" \/>\n<meta name=\"twitter:creator\" content=\"@rassegnastampa9\" \/>\n<meta name=\"twitter:site\" content=\"@rassegnastampa9\" \/>\n<meta name=\"twitter:label1\" content=\"Scritto da\" \/>\n\t<meta name=\"twitter:data1\" content=\"Redazione\" \/>\n\t<meta name=\"twitter:label2\" content=\"Tempo di lettura stimato\" \/>\n\t<meta name=\"twitter:data2\" content=\"10 minuti\" \/>\n<script type=\"application\/ld+json\" class=\"yoast-schema-graph\">{\"@context\":\"https:\\\/\\\/schema.org\",\"@graph\":[{\"@type\":\"Article\",\"@id\":\"https:\\\/\\\/www.rassegnastampa-totustuus.it\\\/cattolica\\\/leccidio-dei-militari-polacchi-a-katyn\\\/#article\",\"isPartOf\":{\"@id\":\"https:\\\/\\\/www.rassegnastampa-totustuus.it\\\/cattolica\\\/leccidio-dei-militari-polacchi-a-katyn\\\/\"},\"author\":{\"name\":\"Redazione\",\"@id\":\"https:\\\/\\\/www.rassegnastampa-totustuus.it\\\/cattolica\\\/#\\\/schema\\\/person\\\/08f319d2bd1a0904ad9e2bfb7b15e5c3\"},\"headline\":\"L&#8217;eccidio dei militari polacchi a Katyn\",\"datePublished\":\"2010-01-13T23:00:00+00:00\",\"dateModified\":\"2015-03-03T12:01:58+00:00\",\"mainEntityOfPage\":{\"@id\":\"https:\\\/\\\/www.rassegnastampa-totustuus.it\\\/cattolica\\\/leccidio-dei-militari-polacchi-a-katyn\\\/\"},\"wordCount\":2055,\"publisher\":{\"@id\":\"https:\\\/\\\/www.rassegnastampa-totustuus.it\\\/cattolica\\\/#organization\"},\"image\":{\"@id\":\"https:\\\/\\\/www.rassegnastampa-totustuus.it\\\/cattolica\\\/leccidio-dei-militari-polacchi-a-katyn\\\/#primaryimage\"},\"thumbnailUrl\":\"https:\\\/\\\/www.rassegnastampa-totustuus.it\\\/cattolica\\\/wp-content\\\/uploads\\\/2010\\\/01\\\/Katyn.jpg\",\"keywords\":[\"crimini alleati\",\"katyn\"],\"articleSection\":[\"Comunismo\",\"II Guerra Mondiale\",\"Storia\",\"URSS\"],\"inLanguage\":\"it-IT\"},{\"@type\":\"WebPage\",\"@id\":\"https:\\\/\\\/www.rassegnastampa-totustuus.it\\\/cattolica\\\/leccidio-dei-militari-polacchi-a-katyn\\\/\",\"url\":\"https:\\\/\\\/www.rassegnastampa-totustuus.it\\\/cattolica\\\/leccidio-dei-militari-polacchi-a-katyn\\\/\",\"name\":\"L'eccidio dei militari polacchi a Katyn - Rassegna Stampa Cattolica\",\"isPartOf\":{\"@id\":\"https:\\\/\\\/www.rassegnastampa-totustuus.it\\\/cattolica\\\/#website\"},\"primaryImageOfPage\":{\"@id\":\"https:\\\/\\\/www.rassegnastampa-totustuus.it\\\/cattolica\\\/leccidio-dei-militari-polacchi-a-katyn\\\/#primaryimage\"},\"image\":{\"@id\":\"https:\\\/\\\/www.rassegnastampa-totustuus.it\\\/cattolica\\\/leccidio-dei-militari-polacchi-a-katyn\\\/#primaryimage\"},\"thumbnailUrl\":\"https:\\\/\\\/www.rassegnastampa-totustuus.it\\\/cattolica\\\/wp-content\\\/uploads\\\/2010\\\/01\\\/Katyn.jpg\",\"datePublished\":\"2010-01-13T23:00:00+00:00\",\"dateModified\":\"2015-03-03T12:01:58+00:00\",\"description\":\"Rassegna Stampa Cattolica - Per una cultura che nasce dalla Rivelazione cristiana in conformit\u00e0 alla tradizione e al Magistero della Chiesa in opposizione ad ogni relativismo e totalitarismo\",\"breadcrumb\":{\"@id\":\"https:\\\/\\\/www.rassegnastampa-totustuus.it\\\/cattolica\\\/leccidio-dei-militari-polacchi-a-katyn\\\/#breadcrumb\"},\"inLanguage\":\"it-IT\",\"potentialAction\":[{\"@type\":\"ReadAction\",\"target\":[\"https:\\\/\\\/www.rassegnastampa-totustuus.it\\\/cattolica\\\/leccidio-dei-militari-polacchi-a-katyn\\\/\"]}]},{\"@type\":\"ImageObject\",\"inLanguage\":\"it-IT\",\"@id\":\"https:\\\/\\\/www.rassegnastampa-totustuus.it\\\/cattolica\\\/leccidio-dei-militari-polacchi-a-katyn\\\/#primaryimage\",\"url\":\"https:\\\/\\\/www.rassegnastampa-totustuus.it\\\/cattolica\\\/wp-content\\\/uploads\\\/2010\\\/01\\\/Katyn.jpg\",\"contentUrl\":\"https:\\\/\\\/www.rassegnastampa-totustuus.it\\\/cattolica\\\/wp-content\\\/uploads\\\/2010\\\/01\\\/Katyn.jpg\",\"width\":278,\"height\":181},{\"@type\":\"BreadcrumbList\",\"@id\":\"https:\\\/\\\/www.rassegnastampa-totustuus.it\\\/cattolica\\\/leccidio-dei-militari-polacchi-a-katyn\\\/#breadcrumb\",\"itemListElement\":[{\"@type\":\"ListItem\",\"position\":1,\"name\":\"Home\",\"item\":\"https:\\\/\\\/www.rassegnastampa-totustuus.it\\\/cattolica\\\/\"},{\"@type\":\"ListItem\",\"position\":2,\"name\":\"L&#8217;eccidio dei militari polacchi a Katyn\"}]},{\"@type\":\"WebSite\",\"@id\":\"https:\\\/\\\/www.rassegnastampa-totustuus.it\\\/cattolica\\\/#website\",\"url\":\"https:\\\/\\\/www.rassegnastampa-totustuus.it\\\/cattolica\\\/\",\"name\":\"Rassegna Stampa Cattolica\",\"description\":\"Per una cultura che nasce dalla Rivelazione cristiana in conformit\u00e0 alla tradizione e al Magistero della Chiesa in opposizione ad ogni relativismo e totalitarismo\",\"publisher\":{\"@id\":\"https:\\\/\\\/www.rassegnastampa-totustuus.it\\\/cattolica\\\/#organization\"},\"alternateName\":\"Rass. Cattolica\",\"potentialAction\":[{\"@type\":\"SearchAction\",\"target\":{\"@type\":\"EntryPoint\",\"urlTemplate\":\"https:\\\/\\\/www.rassegnastampa-totustuus.it\\\/cattolica\\\/?s={search_term_string}\"},\"query-input\":{\"@type\":\"PropertyValueSpecification\",\"valueRequired\":true,\"valueName\":\"search_term_string\"}}],\"inLanguage\":\"it-IT\"},{\"@type\":\"Organization\",\"@id\":\"https:\\\/\\\/www.rassegnastampa-totustuus.it\\\/cattolica\\\/#organization\",\"name\":\"Rassegna Stampa Cattolica\",\"url\":\"https:\\\/\\\/www.rassegnastampa-totustuus.it\\\/cattolica\\\/\",\"logo\":{\"@type\":\"ImageObject\",\"inLanguage\":\"it-IT\",\"@id\":\"https:\\\/\\\/www.rassegnastampa-totustuus.it\\\/cattolica\\\/#\\\/schema\\\/logo\\\/image\\\/\",\"url\":\"https:\\\/\\\/www.rassegnastampa-totustuus.it\\\/cattolica\\\/wp-content\\\/uploads\\\/2014\\\/04\\\/logo-rassegna1.gif\",\"contentUrl\":\"https:\\\/\\\/www.rassegnastampa-totustuus.it\\\/cattolica\\\/wp-content\\\/uploads\\\/2014\\\/04\\\/logo-rassegna1.gif\",\"width\":600,\"height\":163,\"caption\":\"Rassegna Stampa Cattolica\"},\"image\":{\"@id\":\"https:\\\/\\\/www.rassegnastampa-totustuus.it\\\/cattolica\\\/#\\\/schema\\\/logo\\\/image\\\/\"},\"sameAs\":[\"https:\\\/\\\/www.facebook.com\\\/rassegnastampacattolica\",\"https:\\\/\\\/x.com\\\/rassegnastampa9\"]},{\"@type\":\"Person\",\"@id\":\"https:\\\/\\\/www.rassegnastampa-totustuus.it\\\/cattolica\\\/#\\\/schema\\\/person\\\/08f319d2bd1a0904ad9e2bfb7b15e5c3\",\"name\":\"Redazione\",\"image\":{\"@type\":\"ImageObject\",\"inLanguage\":\"it-IT\",\"@id\":\"https:\\\/\\\/secure.gravatar.com\\\/avatar\\\/2fcdf27c78ea025fbdb44e914cc63c72249ffec9dc8aafd5c82b26240ef3f346?s=96&d=mm&r=g\",\"url\":\"https:\\\/\\\/secure.gravatar.com\\\/avatar\\\/2fcdf27c78ea025fbdb44e914cc63c72249ffec9dc8aafd5c82b26240ef3f346?s=96&d=mm&r=g\",\"contentUrl\":\"https:\\\/\\\/secure.gravatar.com\\\/avatar\\\/2fcdf27c78ea025fbdb44e914cc63c72249ffec9dc8aafd5c82b26240ef3f346?s=96&d=mm&r=g\",\"caption\":\"Redazione\"},\"url\":\"https:\\\/\\\/www.rassegnastampa-totustuus.it\\\/cattolica\\\/author\\\/pietroelle\\\/\"}]}<\/script>\n<!-- \/ Yoast SEO plugin. -->","yoast_head_json":{"title":"L'eccidio dei militari polacchi a Katyn - Rassegna Stampa Cattolica","description":"Rassegna Stampa Cattolica - Per una cultura che nasce dalla Rivelazione cristiana in conformit\u00e0 alla tradizione e al Magistero della Chiesa in opposizione ad ogni relativismo e totalitarismo","robots":{"index":"index","follow":"follow","max-snippet":"max-snippet:-1","max-image-preview":"max-image-preview:large","max-video-preview":"max-video-preview:-1"},"canonical":"https:\/\/www.rassegnastampa-totustuus.it\/cattolica\/leccidio-dei-militari-polacchi-a-katyn\/","og_locale":"it_IT","og_type":"article","og_title":"L'eccidio dei militari polacchi a Katyn - Rassegna Stampa Cattolica","og_description":"Rassegna Stampa Cattolica - Per una cultura che nasce dalla Rivelazione cristiana in conformit\u00e0 alla tradizione e al Magistero della Chiesa in opposizione ad ogni relativismo e totalitarismo","og_url":"https:\/\/www.rassegnastampa-totustuus.it\/cattolica\/leccidio-dei-militari-polacchi-a-katyn\/","og_site_name":"Rassegna Stampa Cattolica","article_publisher":"https:\/\/www.facebook.com\/rassegnastampacattolica","article_published_time":"2010-01-13T23:00:00+00:00","article_modified_time":"2015-03-03T12:01:58+00:00","og_image":[{"width":278,"height":181,"url":"https:\/\/www.rassegnastampa-totustuus.it\/cattolica\/wp-content\/uploads\/2010\/01\/Katyn.jpg","type":"image\/jpeg"}],"author":"Redazione","twitter_card":"summary_large_image","twitter_creator":"@rassegnastampa9","twitter_site":"@rassegnastampa9","twitter_misc":{"Scritto da":"Redazione","Tempo di lettura stimato":"10 minuti"},"schema":{"@context":"https:\/\/schema.org","@graph":[{"@type":"Article","@id":"https:\/\/www.rassegnastampa-totustuus.it\/cattolica\/leccidio-dei-militari-polacchi-a-katyn\/#article","isPartOf":{"@id":"https:\/\/www.rassegnastampa-totustuus.it\/cattolica\/leccidio-dei-militari-polacchi-a-katyn\/"},"author":{"name":"Redazione","@id":"https:\/\/www.rassegnastampa-totustuus.it\/cattolica\/#\/schema\/person\/08f319d2bd1a0904ad9e2bfb7b15e5c3"},"headline":"L&#8217;eccidio dei militari polacchi a Katyn","datePublished":"2010-01-13T23:00:00+00:00","dateModified":"2015-03-03T12:01:58+00:00","mainEntityOfPage":{"@id":"https:\/\/www.rassegnastampa-totustuus.it\/cattolica\/leccidio-dei-militari-polacchi-a-katyn\/"},"wordCount":2055,"publisher":{"@id":"https:\/\/www.rassegnastampa-totustuus.it\/cattolica\/#organization"},"image":{"@id":"https:\/\/www.rassegnastampa-totustuus.it\/cattolica\/leccidio-dei-militari-polacchi-a-katyn\/#primaryimage"},"thumbnailUrl":"https:\/\/www.rassegnastampa-totustuus.it\/cattolica\/wp-content\/uploads\/2010\/01\/Katyn.jpg","keywords":["crimini alleati","katyn"],"articleSection":["Comunismo","II Guerra Mondiale","Storia","URSS"],"inLanguage":"it-IT"},{"@type":"WebPage","@id":"https:\/\/www.rassegnastampa-totustuus.it\/cattolica\/leccidio-dei-militari-polacchi-a-katyn\/","url":"https:\/\/www.rassegnastampa-totustuus.it\/cattolica\/leccidio-dei-militari-polacchi-a-katyn\/","name":"L'eccidio dei militari polacchi a Katyn - Rassegna Stampa Cattolica","isPartOf":{"@id":"https:\/\/www.rassegnastampa-totustuus.it\/cattolica\/#website"},"primaryImageOfPage":{"@id":"https:\/\/www.rassegnastampa-totustuus.it\/cattolica\/leccidio-dei-militari-polacchi-a-katyn\/#primaryimage"},"image":{"@id":"https:\/\/www.rassegnastampa-totustuus.it\/cattolica\/leccidio-dei-militari-polacchi-a-katyn\/#primaryimage"},"thumbnailUrl":"https:\/\/www.rassegnastampa-totustuus.it\/cattolica\/wp-content\/uploads\/2010\/01\/Katyn.jpg","datePublished":"2010-01-13T23:00:00+00:00","dateModified":"2015-03-03T12:01:58+00:00","description":"Rassegna Stampa Cattolica - Per una cultura che nasce dalla Rivelazione cristiana in conformit\u00e0 alla tradizione e al Magistero della Chiesa in opposizione ad ogni relativismo e totalitarismo","breadcrumb":{"@id":"https:\/\/www.rassegnastampa-totustuus.it\/cattolica\/leccidio-dei-militari-polacchi-a-katyn\/#breadcrumb"},"inLanguage":"it-IT","potentialAction":[{"@type":"ReadAction","target":["https:\/\/www.rassegnastampa-totustuus.it\/cattolica\/leccidio-dei-militari-polacchi-a-katyn\/"]}]},{"@type":"ImageObject","inLanguage":"it-IT","@id":"https:\/\/www.rassegnastampa-totustuus.it\/cattolica\/leccidio-dei-militari-polacchi-a-katyn\/#primaryimage","url":"https:\/\/www.rassegnastampa-totustuus.it\/cattolica\/wp-content\/uploads\/2010\/01\/Katyn.jpg","contentUrl":"https:\/\/www.rassegnastampa-totustuus.it\/cattolica\/wp-content\/uploads\/2010\/01\/Katyn.jpg","width":278,"height":181},{"@type":"BreadcrumbList","@id":"https:\/\/www.rassegnastampa-totustuus.it\/cattolica\/leccidio-dei-militari-polacchi-a-katyn\/#breadcrumb","itemListElement":[{"@type":"ListItem","position":1,"name":"Home","item":"https:\/\/www.rassegnastampa-totustuus.it\/cattolica\/"},{"@type":"ListItem","position":2,"name":"L&#8217;eccidio dei militari polacchi a Katyn"}]},{"@type":"WebSite","@id":"https:\/\/www.rassegnastampa-totustuus.it\/cattolica\/#website","url":"https:\/\/www.rassegnastampa-totustuus.it\/cattolica\/","name":"Rassegna Stampa Cattolica","description":"Per una cultura che nasce dalla Rivelazione cristiana in conformit\u00e0 alla tradizione e al Magistero della Chiesa in opposizione ad ogni relativismo e totalitarismo","publisher":{"@id":"https:\/\/www.rassegnastampa-totustuus.it\/cattolica\/#organization"},"alternateName":"Rass. Cattolica","potentialAction":[{"@type":"SearchAction","target":{"@type":"EntryPoint","urlTemplate":"https:\/\/www.rassegnastampa-totustuus.it\/cattolica\/?s={search_term_string}"},"query-input":{"@type":"PropertyValueSpecification","valueRequired":true,"valueName":"search_term_string"}}],"inLanguage":"it-IT"},{"@type":"Organization","@id":"https:\/\/www.rassegnastampa-totustuus.it\/cattolica\/#organization","name":"Rassegna Stampa Cattolica","url":"https:\/\/www.rassegnastampa-totustuus.it\/cattolica\/","logo":{"@type":"ImageObject","inLanguage":"it-IT","@id":"https:\/\/www.rassegnastampa-totustuus.it\/cattolica\/#\/schema\/logo\/image\/","url":"https:\/\/www.rassegnastampa-totustuus.it\/cattolica\/wp-content\/uploads\/2014\/04\/logo-rassegna1.gif","contentUrl":"https:\/\/www.rassegnastampa-totustuus.it\/cattolica\/wp-content\/uploads\/2014\/04\/logo-rassegna1.gif","width":600,"height":163,"caption":"Rassegna Stampa Cattolica"},"image":{"@id":"https:\/\/www.rassegnastampa-totustuus.it\/cattolica\/#\/schema\/logo\/image\/"},"sameAs":["https:\/\/www.facebook.com\/rassegnastampacattolica","https:\/\/x.com\/rassegnastampa9"]},{"@type":"Person","@id":"https:\/\/www.rassegnastampa-totustuus.it\/cattolica\/#\/schema\/person\/08f319d2bd1a0904ad9e2bfb7b15e5c3","name":"Redazione","image":{"@type":"ImageObject","inLanguage":"it-IT","@id":"https:\/\/secure.gravatar.com\/avatar\/2fcdf27c78ea025fbdb44e914cc63c72249ffec9dc8aafd5c82b26240ef3f346?s=96&d=mm&r=g","url":"https:\/\/secure.gravatar.com\/avatar\/2fcdf27c78ea025fbdb44e914cc63c72249ffec9dc8aafd5c82b26240ef3f346?s=96&d=mm&r=g","contentUrl":"https:\/\/secure.gravatar.com\/avatar\/2fcdf27c78ea025fbdb44e914cc63c72249ffec9dc8aafd5c82b26240ef3f346?s=96&d=mm&r=g","caption":"Redazione"},"url":"https:\/\/www.rassegnastampa-totustuus.it\/cattolica\/author\/pietroelle\/"}]}},"_links":{"self":[{"href":"https:\/\/www.rassegnastampa-totustuus.it\/cattolica\/wp-json\/wp\/v2\/posts\/3656","targetHints":{"allow":["GET"]}}],"collection":[{"href":"https:\/\/www.rassegnastampa-totustuus.it\/cattolica\/wp-json\/wp\/v2\/posts"}],"about":[{"href":"https:\/\/www.rassegnastampa-totustuus.it\/cattolica\/wp-json\/wp\/v2\/types\/post"}],"author":[{"embeddable":true,"href":"https:\/\/www.rassegnastampa-totustuus.it\/cattolica\/wp-json\/wp\/v2\/users\/6"}],"replies":[{"embeddable":true,"href":"https:\/\/www.rassegnastampa-totustuus.it\/cattolica\/wp-json\/wp\/v2\/comments?post=3656"}],"version-history":[{"count":3,"href":"https:\/\/www.rassegnastampa-totustuus.it\/cattolica\/wp-json\/wp\/v2\/posts\/3656\/revisions"}],"predecessor-version":[{"id":20423,"href":"https:\/\/www.rassegnastampa-totustuus.it\/cattolica\/wp-json\/wp\/v2\/posts\/3656\/revisions\/20423"}],"wp:featuredmedia":[{"embeddable":true,"href":"https:\/\/www.rassegnastampa-totustuus.it\/cattolica\/wp-json\/wp\/v2\/media\/20422"}],"wp:attachment":[{"href":"https:\/\/www.rassegnastampa-totustuus.it\/cattolica\/wp-json\/wp\/v2\/media?parent=3656"}],"wp:term":[{"taxonomy":"category","embeddable":true,"href":"https:\/\/www.rassegnastampa-totustuus.it\/cattolica\/wp-json\/wp\/v2\/categories?post=3656"},{"taxonomy":"post_tag","embeddable":true,"href":"https:\/\/www.rassegnastampa-totustuus.it\/cattolica\/wp-json\/wp\/v2\/tags?post=3656"}],"curies":[{"name":"wp","href":"https:\/\/api.w.org\/{rel}","templated":true}]}}