{"id":36557,"date":"2016-10-20T00:00:36","date_gmt":"2016-10-19T22:00:36","guid":{"rendered":"http:\/\/www.rassegnastampa-totustuus.it\/cattolica\/?p=36557"},"modified":"2016-10-18T08:34:16","modified_gmt":"2016-10-18T06:34:16","slug":"i-baltici-sono-preoccupati-e-hanno-le-loro-ragioni","status":"publish","type":"post","link":"https:\/\/www.rassegnastampa-totustuus.it\/cattolica\/i-baltici-sono-preoccupati-e-hanno-le-loro-ragioni\/","title":{"rendered":"I baltici sono preoccupati e hanno le loro ragioni"},"content":{"rendered":"<p style=\"text-align: center;\"><strong><img loading=\"lazy\" decoding=\"async\" class=\"alignleft wp-image-36558\" src=\"https:\/\/www.rassegnastampa-totustuus.it\/cattolica\/wp-content\/uploads\/2016\/10\/Nato_Polonia.jpg\" alt=\"nato_polonia\" width=\"250\" height=\"132\" srcset=\"https:\/\/www.rassegnastampa-totustuus.it\/cattolica\/wp-content\/uploads\/2016\/10\/Nato_Polonia.jpg 308w, https:\/\/www.rassegnastampa-totustuus.it\/cattolica\/wp-content\/uploads\/2016\/10\/Nato_Polonia-300x159.jpg 300w\" sizes=\"auto, (max-width: 250px) 100vw, 250px\" \/>La Nuova Bussola quotidiana <\/strong><\/p>\n<p style=\"text-align: center;\">16 ottobre 2016<\/p>\n<p style=\"text-align: center;\"><strong>\u00a0<\/strong>di <strong>Stefano Magni<\/strong><\/p>\n<p style=\"text-align: justify;\">Il contingente italiano che verr\u00e0 schierato in Lettonia, sar\u00e0 inviato nel paese baltico per partecipare al rafforzamento del fianco orientale della Nato, un programma stabilito al vertice di Varsavia lo scorso luglio. Mosca reagisce con toni e dichiarazioni molto forti, come se la Nato avesse deciso di punto in bianco di minacciare i suoi confini nordoccidentali. Ma i paesi baltici e la Polonia, che hanno chiesto a gran voce il rafforzamento delle loro difese con contingenti Nato, hanno i loro bravi motivi per essere preoccupati.<\/p>\n<p style=\"text-align: justify;\"><!--more--><\/p>\n<p style=\"text-align: justify;\"><strong>In primo luogo, Estonia, Lettonia e Lituania hanno chiesto e ottenuto<\/strong> l\u2019accesso all\u2019Alleanza, non solo per ragioni storiche. Tutti e tre i paesi vennero invasi da Stalin nel 1940, poi occupati nuovamente nel 1944 dopo la liberazione dal nazismo e sottoposti all\u2019occupazione sovietica per mezzo secolo. Con <a href=\"http:\/\/www.lanuovabq.it\/it\/articoli-lituania-genocidio-di-un-popolo-cattolico-14466.htm\">tutto ci\u00f2 che ne \u00e8 seguito<\/a>: deportazioni di massa, persecuzione dei religiosi e del dissenso politico, cancellazione sistematica della storia e della cultura locali. Ma la paura di Vilnius, Tallinn e Riga, dopo la dissoluzione dell&#8217;Urss, si basava su fatti molto pi\u00f9 attuali: per timore che la Russia potesse fare con loro quel che aveva gi\u00e0 fatto in Georgia e in Moldova.<\/p>\n<p style=\"text-align: justify;\">In quei due paesi, le minoranze russe e russofone di Transnistria, Abkhazia e Ossezia meridionale, protette dall\u2019esercito mandato da Mosca in veste di \u201cforza di pace\u201d, hanno ottenuto una loro indipendenza di fatto, riconosciuta solo dal Cremlino. Questo accadeva nei due anni successivi alla dissoluzione dell\u2019Urss, ma tuttora in Moldova e in Georgia persiste una destabilizzante condizione di guerra \u201ccongelata\u201d e di divisione del loro territorio. Situazioni dove l\u2019unico arbitro \u00e8 e resta la Russia (in base al principio del divide et impera).<\/p>\n<p style=\"text-align: justify;\">In Georgia questa condizione \u00e8 ulteriormente peggiorata a seguito del secondo intervento russo, nell\u2019agosto del 2008, che ha consolidato la separazione delle regioni di Abkhazia e Ossezia meridionale dal resto del paese. In Estonia e in Lettonia, la situazione \u00e8 analoga. Nella prima \u00e8 presente una forte minoranza russa che, nella provincia che fa capo a Narva, \u00e8 maggioranza assoluta, in Lettonia una regione ancora pi\u00f9 ampia, quella della Latgalia, \u00e8 a maggioranza russa. In Lituania non sono presenti forti minoranze russofone, ma il Sud del paese \u00e8 quasi completamente separato dal resto d\u2019Europa dall\u2019exclave russa di Kaliningrad, una delle aree pi\u00f9 militarizzate dell\u2019intera Federazione Russa. Se i paesi baltici non hanno mai conosciuto separatismi violenti e situazioni di conflitto congelato, lo devono soprattutto al loro attivismo diplomatico, al riavvicinamento immediato all\u2019Europa e infine al negoziato che si \u00e8 concluso con l\u2019approvazione della loro adesione alla Nato, completato nel 1999.<\/p>\n<p style=\"text-align: justify;\"><strong>L\u2019adesione alla Nato ha garantito pi\u00f9 sicurezza, ma<\/strong> non ha segnato la fine delle azioni aggressive russe. L\u2019Estonia \u00e8 stata vittima, nel 2007, della prima grande offensiva hacker della storia. Bench\u00e9 i russi neghino tuttora ufficialmente di essere loro gli autori, tutti gli indizi e le prove portano a gruppi di hacker russi legati al governo. Con lo scoppio della crisi ucraina, sono occorsi pi\u00f9 di 100 incidenti militari fra la Nato e la Russia, 66 solo nel primo anno di crisi (dal marzo del 2014 al marzo successivo), la stragrande maggioranza dei quali \u00e8 avvenuta proprio nel Baltico. L\u2019episodio pi\u00f9 grave \u00e8 del settembre 2014, quando unit\u00e0 dell\u2019FSB russo (il discendente diretto del KGB) hanno rapito l\u2019agente di polizia estone Eston Kohver, per poi farlo processare in Russia e condannare a 15 anni di carcere per spionaggio.<\/p>\n<p style=\"text-align: justify;\">Il processo, avvenuto a porte chiuse, non \u00e8 stato equo e il rapimento di Kohver \u00e8 avvenuto in territorio estone. Solo pochi mesi dopo si \u00e8 capito il perch\u00e9 di quell\u2019operazione: l\u2019agente estone \u00e8 stato scambiato con Aleksei Dressen, altro poliziotto estone arrestato per spionaggio (a favore della Russia, in questo caso) su un ponte sul fiume Piusa. Gli incidenti pi\u00f9 numerosi sono comunque quelli aerei. Le violazioni dello spazio aereo dei paesi Nato sono rare (e sono casi puntualmente denunciati da Bruxelles), ma quel che preoccupa \u00e8 la modalit\u00e0 dei voli d\u2019esercitazione dei bombardieri russi: nessuna comunicazione preliminare, transponder spenti (con gran rischio per gli aerei civili, come dimostra la quasi-collisione con un volo di linea svedese il 12 dicembre 2014) e manovre estremamente aggressive, che simulano azioni di bombardamento anche nucleare su obiettivi Nato e neutrali.<\/p>\n<p style=\"text-align: justify;\">L\u2019isola danese di Bornholm, ad esempio, \u00e8 stata oggetto di uno di questi attacchi simulati, proprio mentre era in corso, sul suo territorio, un\u2019edizione del festival della politica. I vertici del paese scandinavo avrebbero potuto essere uccisi tutti in un colpo solo, se fosse stata un\u2019azione di guerra reale.<\/p>\n<p style=\"text-align: justify;\"><strong>Da un punto di vista politico, nel 2015 la Duma russa ha \u201crevocato\u201d<\/strong> il diritto di Estonia, Lettonia e Lituania a secedere dall\u2019Urss. Si tratta di una legge priva di ogni fondamento giuridico, che negherebbe l\u2019indipendenza della stessa Russia, ma \u00e8 stata approvata e regolarmente depositata in attesa di firma presidenziale, come fosse un monito: \u201cpossiamo riprendervi quando vogliamo\u201d, \u00e8 il chiaro messaggio. La mossa pi\u00f9 grave, anche da un punto di vista strategico, \u00e8 per\u00f2 di questo mese, l&#8217;8 ottobre: l\u2019annuncio dello schieramento di missili Iskander russi nella exclave di Kaliningrad.<\/p>\n<p style=\"text-align: justify;\">Anche questa \u00e8 una mossa che la Russia vende al pubblico come \u201creazione\u201d alla prevista installazione di una base anti-missile della Nato in Polonia (che avverr\u00e0 per il 2018, salvo ritardi) e l\u2019avvenuta attivazione di un\u2019analoga base in Romania, alla fine dell\u2019anno scorso. Ma le basi Nato sono, a mala pena, sufficienti a coprire l\u2019Europa da eventuali attacchi missilistici provenienti dal Medio Oriente. Non sono intesi come una difesa dai missili russi, per intercettare i quali occorrerebbe ben altro (solo un sistema basato in orbita, che non esiste neppure sulla carta, sarebbe in grado di intercettare efficacemente un lancio di missili dalla Russia). Al contrario, gli Iskander russi possono, gi\u00e0 da subito, porre sotto tiro l\u2019intero territorio delle repubbliche baltiche, l\u2019intero territorio polacco e parte di Finlandia e Svezia.<\/p>\n<p style=\"text-align: justify;\"><strong>Mosca, cos\u00ec come la stampa a lei favorevole, ha sempre individuato<\/strong> nella cosiddetta \u201cespansione\u201d della Nato ai paesi baltici il peccato originale della crisi. Non solo: l&#8217;adesione (votata democraticamente) dei tre paesi ex sovietici all&#8217;Alleanza viene descritta come fosse una sorta di occupazione militare americana volta a minacciare da vicino i centri nevralgici della Russia (Mosca e soprattutto San Pietroburgo). Ma questa tesi non regge di fronte all\u2019aggressivit\u00e0 della Russia anche nei confronti dei paesi tuttora neutrali della stessa regione: Finlandia e Svezia. La manifestazione di ostilit\u00e0 pi\u00f9 impressionante si \u00e8 avuta nelle manovre Ladoga 2009, nei confronti della Finlandia.<\/p>\n<p style=\"text-align: justify;\">In quell\u2019occasione, i russi hanno simulato un\u2019invasione del Paese neutrale, nell\u2019ambito di operazioni militari contro i Paesi baltici. In quella stessa occasione, nel corso delle manovre in Bielorussia, l\u2019aviazione russa ha anche simulato un attacco nucleare sulla Polonia. Nelle manovre Zapad 2013, la Finlandia \u00e8 stata oggetto di una delle esercitazioni pi\u00f9 grandi mai condotte da Mosca dopo la fine della Guerra Fredda. Nell\u2019ambito della riforma dell\u2019esercito russo, avviata cinque anni fa, al confine finlandese sono stati posizionati depositi in grado di equipaggiare 6 brigate rapidamente mobilitabili, pi\u00f9 2 nuove brigate specializzate nel combattimento artico.<\/p>\n<p style=\"text-align: justify;\">La Finlandia guarda al vicino russo con <a href=\"http:\/\/www.jamestown.org\/uploads\/media\/Zapad_2013_View_From_Helsinki_-_Full.pdf\">crescente preoccupazione<\/a> e la sua lenta marcia di avvicinamento alla NATO e alla Svezia non \u00e8 affatto una novit\u00e0 di quest\u2019anno, anche se la crisi militare in Ucraina <a href=\"http:\/\/www.isn.ethz.ch\/Digital-Library\/Articles\/Detail\/?id=181379\">ha contribuito ad accelerarla<\/a>. Quanto alla Svezia, \u00e8 stata particolarmente inquietante un\u2019esercitazione aerea del marzo 2013, quando bombardieri della marina russa Tu-22M3 Backfire, hanno simulato un attacco notturno su Stoccolma e altri bersagli della Svezia meridionale. I Backfire possono anche portare missili a testata nucleare ed \u00e8 questo dettaglio che ha particolarmente impressionato l\u2019opinione pubblica svedese.<\/p>\n<p style=\"text-align: justify;\"><strong>Non \u00e8 per provocare una reazione russa, dunque<\/strong>, che Svezia e Finlandia, da neutrali che sono, si stanno gradualmente avvicinando alla Nato. La Svezia, da questo autunno, ha iniziato anche a rafforzare la sua isola pi\u00f9 esposta, quella di Gotland, in mezzo al Baltico, a causa di un rapporto segreto di intelligence sulla minaccia russa che ha, a quanto pare, allarmato anche il governo pi\u00f9 pacifista d\u2019Europa.<\/p>\n<p style=\"text-align: justify;\"><strong>Dunque non \u00e8 per paranoia, o per la memoria del tragico passato<\/strong> sovietico, che i paesi baltici, oltre che le neutrali Svezia e Finlandia, si sono mosse in ambito Nato. Che poi l\u2019Italia debba partecipare o meno alla protezione del fianco orientale \u00e8 un altro paio di maniche. Si tratta di una decisione politica e il governo Renzi potrebbe anche pensare che il fianco orientale non sia una crisi che interessa il nostro paese, esposto ad altre minacce di altra natura sul fianco Sud. Tuttavia, finch\u00e9 l\u2019Italia \u00e8 un membro della Nato, deve condividere gli oneri (partecipazione a missioni congiunte) oltre che gli onori. E, almeno finora, nessun governo italiano ha mai pensato seriamente di uscire dall\u2019Alleanza.<\/p>\n","protected":false},"excerpt":{"rendered":"<p>La Nuova Bussola quotidiana 16 ottobre 2016 \u00a0di Stefano Magni Il contingente italiano che verr\u00e0 schierato in Lettonia, sar\u00e0 inviato nel paese baltico per partecipare al rafforzamento del fianco orientale della Nato, un programma stabilito al vertice di Varsavia lo scorso luglio. Mosca reagisce con toni e dichiarazioni molto forti, come se la Nato avesse &hellip; <\/p>\n<p><a class=\"more-link btn\" href=\"https:\/\/www.rassegnastampa-totustuus.it\/cattolica\/i-baltici-sono-preoccupati-e-hanno-le-loro-ragioni\/\">Continua a leggere<\/a><\/p>\n","protected":false},"author":6,"featured_media":36558,"comment_status":"closed","ping_status":"closed","sticky":false,"template":"","format":"standard","meta":{"footnotes":""},"categories":[108,19,116],"tags":[2520,2409],"class_list":["post-36557","post","type-post","status-publish","format-standard","has-post-thumbnail","hentry","category-paesi-e-continenti","category-politica-internazionale","category-russia","tag-nato","tag-russia","item-wrap"],"yoast_head":"<!-- This site is optimized with the Yoast SEO plugin v27.4 - https:\/\/yoast.com\/product\/yoast-seo-wordpress\/ -->\n<title>I baltici sono preoccupati e hanno le loro ragioni - Rassegna Stampa Cattolica<\/title>\n<meta name=\"description\" content=\"Rassegna Stampa Cattolica - Per una cultura che nasce dalla Rivelazione cristiana in conformit\u00e0 alla tradizione e al Magistero della Chiesa in opposizione ad ogni relativismo e totalitarismo\" \/>\n<meta name=\"robots\" content=\"index, follow, max-snippet:-1, max-image-preview:large, max-video-preview:-1\" \/>\n<link rel=\"canonical\" href=\"https:\/\/www.rassegnastampa-totustuus.it\/cattolica\/i-baltici-sono-preoccupati-e-hanno-le-loro-ragioni\/\" \/>\n<meta property=\"og:locale\" content=\"it_IT\" \/>\n<meta property=\"og:type\" content=\"article\" \/>\n<meta property=\"og:title\" content=\"I baltici sono preoccupati e hanno le loro ragioni - Rassegna Stampa Cattolica\" \/>\n<meta property=\"og:description\" content=\"Rassegna Stampa Cattolica - Per una cultura che nasce dalla Rivelazione cristiana in conformit\u00e0 alla tradizione e al Magistero della Chiesa in opposizione ad ogni relativismo e totalitarismo\" \/>\n<meta property=\"og:url\" content=\"https:\/\/www.rassegnastampa-totustuus.it\/cattolica\/i-baltici-sono-preoccupati-e-hanno-le-loro-ragioni\/\" \/>\n<meta property=\"og:site_name\" content=\"Rassegna Stampa Cattolica\" \/>\n<meta property=\"article:publisher\" content=\"https:\/\/www.facebook.com\/rassegnastampacattolica\" \/>\n<meta property=\"article:published_time\" content=\"2016-10-19T22:00:36+00:00\" \/>\n<meta property=\"og:image\" content=\"https:\/\/www.rassegnastampa-totustuus.it\/cattolica\/wp-content\/uploads\/2016\/10\/Nato_Polonia.jpg\" \/>\n\t<meta property=\"og:image:width\" content=\"308\" \/>\n\t<meta property=\"og:image:height\" content=\"163\" \/>\n\t<meta property=\"og:image:type\" content=\"image\/jpeg\" \/>\n<meta name=\"author\" content=\"Redazione\" \/>\n<meta name=\"twitter:card\" content=\"summary_large_image\" \/>\n<meta name=\"twitter:creator\" content=\"@rassegnastampa9\" \/>\n<meta name=\"twitter:site\" content=\"@rassegnastampa9\" \/>\n<meta name=\"twitter:label1\" content=\"Scritto da\" \/>\n\t<meta name=\"twitter:data1\" content=\"Redazione\" \/>\n\t<meta name=\"twitter:label2\" content=\"Tempo di lettura stimato\" \/>\n\t<meta name=\"twitter:data2\" content=\"7 minuti\" \/>\n<script type=\"application\/ld+json\" class=\"yoast-schema-graph\">{\"@context\":\"https:\\\/\\\/schema.org\",\"@graph\":[{\"@type\":\"Article\",\"@id\":\"https:\\\/\\\/www.rassegnastampa-totustuus.it\\\/cattolica\\\/i-baltici-sono-preoccupati-e-hanno-le-loro-ragioni\\\/#article\",\"isPartOf\":{\"@id\":\"https:\\\/\\\/www.rassegnastampa-totustuus.it\\\/cattolica\\\/i-baltici-sono-preoccupati-e-hanno-le-loro-ragioni\\\/\"},\"author\":{\"name\":\"Redazione\",\"@id\":\"https:\\\/\\\/www.rassegnastampa-totustuus.it\\\/cattolica\\\/#\\\/schema\\\/person\\\/08f319d2bd1a0904ad9e2bfb7b15e5c3\"},\"headline\":\"I baltici sono preoccupati e hanno le loro ragioni\",\"datePublished\":\"2016-10-19T22:00:36+00:00\",\"mainEntityOfPage\":{\"@id\":\"https:\\\/\\\/www.rassegnastampa-totustuus.it\\\/cattolica\\\/i-baltici-sono-preoccupati-e-hanno-le-loro-ragioni\\\/\"},\"wordCount\":1460,\"publisher\":{\"@id\":\"https:\\\/\\\/www.rassegnastampa-totustuus.it\\\/cattolica\\\/#organization\"},\"image\":{\"@id\":\"https:\\\/\\\/www.rassegnastampa-totustuus.it\\\/cattolica\\\/i-baltici-sono-preoccupati-e-hanno-le-loro-ragioni\\\/#primaryimage\"},\"thumbnailUrl\":\"https:\\\/\\\/www.rassegnastampa-totustuus.it\\\/cattolica\\\/wp-content\\\/uploads\\\/2016\\\/10\\\/Nato_Polonia.jpg\",\"keywords\":[\"Nato\",\"Russia\"],\"articleSection\":[\"Paesi e continenti\",\"Politica internazionale\",\"Russia\"],\"inLanguage\":\"it-IT\"},{\"@type\":\"WebPage\",\"@id\":\"https:\\\/\\\/www.rassegnastampa-totustuus.it\\\/cattolica\\\/i-baltici-sono-preoccupati-e-hanno-le-loro-ragioni\\\/\",\"url\":\"https:\\\/\\\/www.rassegnastampa-totustuus.it\\\/cattolica\\\/i-baltici-sono-preoccupati-e-hanno-le-loro-ragioni\\\/\",\"name\":\"I baltici sono preoccupati e hanno le loro ragioni - Rassegna Stampa Cattolica\",\"isPartOf\":{\"@id\":\"https:\\\/\\\/www.rassegnastampa-totustuus.it\\\/cattolica\\\/#website\"},\"primaryImageOfPage\":{\"@id\":\"https:\\\/\\\/www.rassegnastampa-totustuus.it\\\/cattolica\\\/i-baltici-sono-preoccupati-e-hanno-le-loro-ragioni\\\/#primaryimage\"},\"image\":{\"@id\":\"https:\\\/\\\/www.rassegnastampa-totustuus.it\\\/cattolica\\\/i-baltici-sono-preoccupati-e-hanno-le-loro-ragioni\\\/#primaryimage\"},\"thumbnailUrl\":\"https:\\\/\\\/www.rassegnastampa-totustuus.it\\\/cattolica\\\/wp-content\\\/uploads\\\/2016\\\/10\\\/Nato_Polonia.jpg\",\"datePublished\":\"2016-10-19T22:00:36+00:00\",\"description\":\"Rassegna Stampa Cattolica - Per una cultura che nasce dalla Rivelazione cristiana in conformit\u00e0 alla tradizione e al Magistero della Chiesa in opposizione ad ogni relativismo e totalitarismo\",\"breadcrumb\":{\"@id\":\"https:\\\/\\\/www.rassegnastampa-totustuus.it\\\/cattolica\\\/i-baltici-sono-preoccupati-e-hanno-le-loro-ragioni\\\/#breadcrumb\"},\"inLanguage\":\"it-IT\",\"potentialAction\":[{\"@type\":\"ReadAction\",\"target\":[\"https:\\\/\\\/www.rassegnastampa-totustuus.it\\\/cattolica\\\/i-baltici-sono-preoccupati-e-hanno-le-loro-ragioni\\\/\"]}]},{\"@type\":\"ImageObject\",\"inLanguage\":\"it-IT\",\"@id\":\"https:\\\/\\\/www.rassegnastampa-totustuus.it\\\/cattolica\\\/i-baltici-sono-preoccupati-e-hanno-le-loro-ragioni\\\/#primaryimage\",\"url\":\"https:\\\/\\\/www.rassegnastampa-totustuus.it\\\/cattolica\\\/wp-content\\\/uploads\\\/2016\\\/10\\\/Nato_Polonia.jpg\",\"contentUrl\":\"https:\\\/\\\/www.rassegnastampa-totustuus.it\\\/cattolica\\\/wp-content\\\/uploads\\\/2016\\\/10\\\/Nato_Polonia.jpg\",\"width\":308,\"height\":163},{\"@type\":\"BreadcrumbList\",\"@id\":\"https:\\\/\\\/www.rassegnastampa-totustuus.it\\\/cattolica\\\/i-baltici-sono-preoccupati-e-hanno-le-loro-ragioni\\\/#breadcrumb\",\"itemListElement\":[{\"@type\":\"ListItem\",\"position\":1,\"name\":\"Home\",\"item\":\"https:\\\/\\\/www.rassegnastampa-totustuus.it\\\/cattolica\\\/\"},{\"@type\":\"ListItem\",\"position\":2,\"name\":\"I baltici sono preoccupati e hanno le loro ragioni\"}]},{\"@type\":\"WebSite\",\"@id\":\"https:\\\/\\\/www.rassegnastampa-totustuus.it\\\/cattolica\\\/#website\",\"url\":\"https:\\\/\\\/www.rassegnastampa-totustuus.it\\\/cattolica\\\/\",\"name\":\"Rassegna Stampa Cattolica\",\"description\":\"Per una cultura che nasce dalla Rivelazione cristiana in conformit\u00e0 alla tradizione e al Magistero della Chiesa in opposizione ad ogni relativismo e totalitarismo\",\"publisher\":{\"@id\":\"https:\\\/\\\/www.rassegnastampa-totustuus.it\\\/cattolica\\\/#organization\"},\"alternateName\":\"Rass. Cattolica\",\"potentialAction\":[{\"@type\":\"SearchAction\",\"target\":{\"@type\":\"EntryPoint\",\"urlTemplate\":\"https:\\\/\\\/www.rassegnastampa-totustuus.it\\\/cattolica\\\/?s={search_term_string}\"},\"query-input\":{\"@type\":\"PropertyValueSpecification\",\"valueRequired\":true,\"valueName\":\"search_term_string\"}}],\"inLanguage\":\"it-IT\"},{\"@type\":\"Organization\",\"@id\":\"https:\\\/\\\/www.rassegnastampa-totustuus.it\\\/cattolica\\\/#organization\",\"name\":\"Rassegna Stampa Cattolica\",\"url\":\"https:\\\/\\\/www.rassegnastampa-totustuus.it\\\/cattolica\\\/\",\"logo\":{\"@type\":\"ImageObject\",\"inLanguage\":\"it-IT\",\"@id\":\"https:\\\/\\\/www.rassegnastampa-totustuus.it\\\/cattolica\\\/#\\\/schema\\\/logo\\\/image\\\/\",\"url\":\"https:\\\/\\\/www.rassegnastampa-totustuus.it\\\/cattolica\\\/wp-content\\\/uploads\\\/2014\\\/04\\\/logo-rassegna1.gif\",\"contentUrl\":\"https:\\\/\\\/www.rassegnastampa-totustuus.it\\\/cattolica\\\/wp-content\\\/uploads\\\/2014\\\/04\\\/logo-rassegna1.gif\",\"width\":600,\"height\":163,\"caption\":\"Rassegna Stampa Cattolica\"},\"image\":{\"@id\":\"https:\\\/\\\/www.rassegnastampa-totustuus.it\\\/cattolica\\\/#\\\/schema\\\/logo\\\/image\\\/\"},\"sameAs\":[\"https:\\\/\\\/www.facebook.com\\\/rassegnastampacattolica\",\"https:\\\/\\\/x.com\\\/rassegnastampa9\"]},{\"@type\":\"Person\",\"@id\":\"https:\\\/\\\/www.rassegnastampa-totustuus.it\\\/cattolica\\\/#\\\/schema\\\/person\\\/08f319d2bd1a0904ad9e2bfb7b15e5c3\",\"name\":\"Redazione\",\"image\":{\"@type\":\"ImageObject\",\"inLanguage\":\"it-IT\",\"@id\":\"https:\\\/\\\/secure.gravatar.com\\\/avatar\\\/2fcdf27c78ea025fbdb44e914cc63c72249ffec9dc8aafd5c82b26240ef3f346?s=96&d=mm&r=g\",\"url\":\"https:\\\/\\\/secure.gravatar.com\\\/avatar\\\/2fcdf27c78ea025fbdb44e914cc63c72249ffec9dc8aafd5c82b26240ef3f346?s=96&d=mm&r=g\",\"contentUrl\":\"https:\\\/\\\/secure.gravatar.com\\\/avatar\\\/2fcdf27c78ea025fbdb44e914cc63c72249ffec9dc8aafd5c82b26240ef3f346?s=96&d=mm&r=g\",\"caption\":\"Redazione\"},\"url\":\"https:\\\/\\\/www.rassegnastampa-totustuus.it\\\/cattolica\\\/author\\\/pietroelle\\\/\"}]}<\/script>\n<!-- \/ Yoast SEO plugin. -->","yoast_head_json":{"title":"I baltici sono preoccupati e hanno le loro ragioni - Rassegna Stampa Cattolica","description":"Rassegna Stampa Cattolica - Per una cultura che nasce dalla Rivelazione cristiana in conformit\u00e0 alla tradizione e al Magistero della Chiesa in opposizione ad ogni relativismo e totalitarismo","robots":{"index":"index","follow":"follow","max-snippet":"max-snippet:-1","max-image-preview":"max-image-preview:large","max-video-preview":"max-video-preview:-1"},"canonical":"https:\/\/www.rassegnastampa-totustuus.it\/cattolica\/i-baltici-sono-preoccupati-e-hanno-le-loro-ragioni\/","og_locale":"it_IT","og_type":"article","og_title":"I baltici sono preoccupati e hanno le loro ragioni - Rassegna Stampa Cattolica","og_description":"Rassegna Stampa Cattolica - Per una cultura che nasce dalla Rivelazione cristiana in conformit\u00e0 alla tradizione e al Magistero della Chiesa in opposizione ad ogni relativismo e totalitarismo","og_url":"https:\/\/www.rassegnastampa-totustuus.it\/cattolica\/i-baltici-sono-preoccupati-e-hanno-le-loro-ragioni\/","og_site_name":"Rassegna Stampa Cattolica","article_publisher":"https:\/\/www.facebook.com\/rassegnastampacattolica","article_published_time":"2016-10-19T22:00:36+00:00","og_image":[{"width":308,"height":163,"url":"https:\/\/www.rassegnastampa-totustuus.it\/cattolica\/wp-content\/uploads\/2016\/10\/Nato_Polonia.jpg","type":"image\/jpeg"}],"author":"Redazione","twitter_card":"summary_large_image","twitter_creator":"@rassegnastampa9","twitter_site":"@rassegnastampa9","twitter_misc":{"Scritto da":"Redazione","Tempo di lettura stimato":"7 minuti"},"schema":{"@context":"https:\/\/schema.org","@graph":[{"@type":"Article","@id":"https:\/\/www.rassegnastampa-totustuus.it\/cattolica\/i-baltici-sono-preoccupati-e-hanno-le-loro-ragioni\/#article","isPartOf":{"@id":"https:\/\/www.rassegnastampa-totustuus.it\/cattolica\/i-baltici-sono-preoccupati-e-hanno-le-loro-ragioni\/"},"author":{"name":"Redazione","@id":"https:\/\/www.rassegnastampa-totustuus.it\/cattolica\/#\/schema\/person\/08f319d2bd1a0904ad9e2bfb7b15e5c3"},"headline":"I baltici sono preoccupati e hanno le loro ragioni","datePublished":"2016-10-19T22:00:36+00:00","mainEntityOfPage":{"@id":"https:\/\/www.rassegnastampa-totustuus.it\/cattolica\/i-baltici-sono-preoccupati-e-hanno-le-loro-ragioni\/"},"wordCount":1460,"publisher":{"@id":"https:\/\/www.rassegnastampa-totustuus.it\/cattolica\/#organization"},"image":{"@id":"https:\/\/www.rassegnastampa-totustuus.it\/cattolica\/i-baltici-sono-preoccupati-e-hanno-le-loro-ragioni\/#primaryimage"},"thumbnailUrl":"https:\/\/www.rassegnastampa-totustuus.it\/cattolica\/wp-content\/uploads\/2016\/10\/Nato_Polonia.jpg","keywords":["Nato","Russia"],"articleSection":["Paesi e continenti","Politica internazionale","Russia"],"inLanguage":"it-IT"},{"@type":"WebPage","@id":"https:\/\/www.rassegnastampa-totustuus.it\/cattolica\/i-baltici-sono-preoccupati-e-hanno-le-loro-ragioni\/","url":"https:\/\/www.rassegnastampa-totustuus.it\/cattolica\/i-baltici-sono-preoccupati-e-hanno-le-loro-ragioni\/","name":"I baltici sono preoccupati e hanno le loro ragioni - Rassegna Stampa Cattolica","isPartOf":{"@id":"https:\/\/www.rassegnastampa-totustuus.it\/cattolica\/#website"},"primaryImageOfPage":{"@id":"https:\/\/www.rassegnastampa-totustuus.it\/cattolica\/i-baltici-sono-preoccupati-e-hanno-le-loro-ragioni\/#primaryimage"},"image":{"@id":"https:\/\/www.rassegnastampa-totustuus.it\/cattolica\/i-baltici-sono-preoccupati-e-hanno-le-loro-ragioni\/#primaryimage"},"thumbnailUrl":"https:\/\/www.rassegnastampa-totustuus.it\/cattolica\/wp-content\/uploads\/2016\/10\/Nato_Polonia.jpg","datePublished":"2016-10-19T22:00:36+00:00","description":"Rassegna Stampa Cattolica - Per una cultura che nasce dalla Rivelazione cristiana in conformit\u00e0 alla tradizione e al Magistero della Chiesa in opposizione ad ogni relativismo e totalitarismo","breadcrumb":{"@id":"https:\/\/www.rassegnastampa-totustuus.it\/cattolica\/i-baltici-sono-preoccupati-e-hanno-le-loro-ragioni\/#breadcrumb"},"inLanguage":"it-IT","potentialAction":[{"@type":"ReadAction","target":["https:\/\/www.rassegnastampa-totustuus.it\/cattolica\/i-baltici-sono-preoccupati-e-hanno-le-loro-ragioni\/"]}]},{"@type":"ImageObject","inLanguage":"it-IT","@id":"https:\/\/www.rassegnastampa-totustuus.it\/cattolica\/i-baltici-sono-preoccupati-e-hanno-le-loro-ragioni\/#primaryimage","url":"https:\/\/www.rassegnastampa-totustuus.it\/cattolica\/wp-content\/uploads\/2016\/10\/Nato_Polonia.jpg","contentUrl":"https:\/\/www.rassegnastampa-totustuus.it\/cattolica\/wp-content\/uploads\/2016\/10\/Nato_Polonia.jpg","width":308,"height":163},{"@type":"BreadcrumbList","@id":"https:\/\/www.rassegnastampa-totustuus.it\/cattolica\/i-baltici-sono-preoccupati-e-hanno-le-loro-ragioni\/#breadcrumb","itemListElement":[{"@type":"ListItem","position":1,"name":"Home","item":"https:\/\/www.rassegnastampa-totustuus.it\/cattolica\/"},{"@type":"ListItem","position":2,"name":"I baltici sono preoccupati e hanno le loro ragioni"}]},{"@type":"WebSite","@id":"https:\/\/www.rassegnastampa-totustuus.it\/cattolica\/#website","url":"https:\/\/www.rassegnastampa-totustuus.it\/cattolica\/","name":"Rassegna Stampa Cattolica","description":"Per una cultura che nasce dalla Rivelazione cristiana in conformit\u00e0 alla tradizione e al Magistero della Chiesa in opposizione ad ogni relativismo e totalitarismo","publisher":{"@id":"https:\/\/www.rassegnastampa-totustuus.it\/cattolica\/#organization"},"alternateName":"Rass. Cattolica","potentialAction":[{"@type":"SearchAction","target":{"@type":"EntryPoint","urlTemplate":"https:\/\/www.rassegnastampa-totustuus.it\/cattolica\/?s={search_term_string}"},"query-input":{"@type":"PropertyValueSpecification","valueRequired":true,"valueName":"search_term_string"}}],"inLanguage":"it-IT"},{"@type":"Organization","@id":"https:\/\/www.rassegnastampa-totustuus.it\/cattolica\/#organization","name":"Rassegna Stampa Cattolica","url":"https:\/\/www.rassegnastampa-totustuus.it\/cattolica\/","logo":{"@type":"ImageObject","inLanguage":"it-IT","@id":"https:\/\/www.rassegnastampa-totustuus.it\/cattolica\/#\/schema\/logo\/image\/","url":"https:\/\/www.rassegnastampa-totustuus.it\/cattolica\/wp-content\/uploads\/2014\/04\/logo-rassegna1.gif","contentUrl":"https:\/\/www.rassegnastampa-totustuus.it\/cattolica\/wp-content\/uploads\/2014\/04\/logo-rassegna1.gif","width":600,"height":163,"caption":"Rassegna Stampa Cattolica"},"image":{"@id":"https:\/\/www.rassegnastampa-totustuus.it\/cattolica\/#\/schema\/logo\/image\/"},"sameAs":["https:\/\/www.facebook.com\/rassegnastampacattolica","https:\/\/x.com\/rassegnastampa9"]},{"@type":"Person","@id":"https:\/\/www.rassegnastampa-totustuus.it\/cattolica\/#\/schema\/person\/08f319d2bd1a0904ad9e2bfb7b15e5c3","name":"Redazione","image":{"@type":"ImageObject","inLanguage":"it-IT","@id":"https:\/\/secure.gravatar.com\/avatar\/2fcdf27c78ea025fbdb44e914cc63c72249ffec9dc8aafd5c82b26240ef3f346?s=96&d=mm&r=g","url":"https:\/\/secure.gravatar.com\/avatar\/2fcdf27c78ea025fbdb44e914cc63c72249ffec9dc8aafd5c82b26240ef3f346?s=96&d=mm&r=g","contentUrl":"https:\/\/secure.gravatar.com\/avatar\/2fcdf27c78ea025fbdb44e914cc63c72249ffec9dc8aafd5c82b26240ef3f346?s=96&d=mm&r=g","caption":"Redazione"},"url":"https:\/\/www.rassegnastampa-totustuus.it\/cattolica\/author\/pietroelle\/"}]}},"_links":{"self":[{"href":"https:\/\/www.rassegnastampa-totustuus.it\/cattolica\/wp-json\/wp\/v2\/posts\/36557","targetHints":{"allow":["GET"]}}],"collection":[{"href":"https:\/\/www.rassegnastampa-totustuus.it\/cattolica\/wp-json\/wp\/v2\/posts"}],"about":[{"href":"https:\/\/www.rassegnastampa-totustuus.it\/cattolica\/wp-json\/wp\/v2\/types\/post"}],"author":[{"embeddable":true,"href":"https:\/\/www.rassegnastampa-totustuus.it\/cattolica\/wp-json\/wp\/v2\/users\/6"}],"replies":[{"embeddable":true,"href":"https:\/\/www.rassegnastampa-totustuus.it\/cattolica\/wp-json\/wp\/v2\/comments?post=36557"}],"version-history":[{"count":1,"href":"https:\/\/www.rassegnastampa-totustuus.it\/cattolica\/wp-json\/wp\/v2\/posts\/36557\/revisions"}],"predecessor-version":[{"id":36559,"href":"https:\/\/www.rassegnastampa-totustuus.it\/cattolica\/wp-json\/wp\/v2\/posts\/36557\/revisions\/36559"}],"wp:featuredmedia":[{"embeddable":true,"href":"https:\/\/www.rassegnastampa-totustuus.it\/cattolica\/wp-json\/wp\/v2\/media\/36558"}],"wp:attachment":[{"href":"https:\/\/www.rassegnastampa-totustuus.it\/cattolica\/wp-json\/wp\/v2\/media?parent=36557"}],"wp:term":[{"taxonomy":"category","embeddable":true,"href":"https:\/\/www.rassegnastampa-totustuus.it\/cattolica\/wp-json\/wp\/v2\/categories?post=36557"},{"taxonomy":"post_tag","embeddable":true,"href":"https:\/\/www.rassegnastampa-totustuus.it\/cattolica\/wp-json\/wp\/v2\/tags?post=36557"}],"curies":[{"name":"wp","href":"https:\/\/api.w.org\/{rel}","templated":true}]}}