{"id":36492,"date":"2016-10-13T00:00:34","date_gmt":"2016-10-12T22:00:34","guid":{"rendered":"http:\/\/www.rassegnastampa-totustuus.it\/cattolica\/?p=36492"},"modified":"2016-10-06T17:35:46","modified_gmt":"2016-10-06T15:35:46","slug":"a-washington-non-a-mosca-si-parla-apertamente-di-guerra","status":"publish","type":"post","link":"https:\/\/www.rassegnastampa-totustuus.it\/cattolica\/a-washington-non-a-mosca-si-parla-apertamente-di-guerra\/","title":{"rendered":"A Washington, non a Mosca, si parla apertamente di guerra"},"content":{"rendered":"<p style=\"text-align: center;\"><img loading=\"lazy\" decoding=\"async\" class=\"alignleft wp-image-36494\" src=\"https:\/\/www.rassegnastampa-totustuus.it\/cattolica\/wp-content\/uploads\/2016\/10\/Obama_Siria.jpg\" alt=\"obama_siria\" width=\"250\" height=\"162\" \/>Dal blog di Maurizio Blondet (giornalista)<\/p>\n<p style=\"text-align: center;\">5 ottobre 2016<\/p>\n<p style=\"text-align: center;\"><strong>Maurizio Blondet<\/strong><\/p>\n<p style=\"text-align: justify;\">I tg vi hanno detto che Putin ha sospeso l\u2019accordo, stipulato con gli Usa nel 2000, per la distruzione bilaterale del plutonio d\u2019uso militare (bruciandolo nei reattori). Cos\u00ec, gli ascoltatori hanno un motivo di pi\u00f9 per aver paura del \u201cneo-imperialismo di Putin\u201d, come dice il nostro ministro Gentiloni: cosa vuol fare il russo, del plutonio? G<em>entiloni \u00e8 il portavoce dell\u2019ambasciata Usa, commenta l\u2019Antidiplomatico.<\/em><\/p>\n<p style=\"text-align: justify;\"><!--more--><\/p>\n<p style=\"text-align: justify;\">Naturalmente non vi hanno detto (noi ve l\u2019abbiamo riferito) che il capo del Pentagono Ashton Carter ha varato un piano per ammodernare l\u2019intero arsenale nucleare americano, stanziando 340 miliardi: ci\u00f2 che \u00e8 una violazione plateale dei trattati di riduzione controllata dagli Usa firmati con Mosca fin dai tempi dell\u2019Urss, ed ha l\u2019intenzione strategica di rendere possibile \u201cil primo colpo\u201d, ossia sferrare un attacco preventivo atomico contro la Russia, tanto da rendere impossibile la ritorsione.<\/p>\n<p style=\"text-align: justify;\">Non vi hanno detto come Putin ha spiegato la sospensione: \u201cGli Usa hanno creato una minaccia alla stabilit\u00e0 strategica\u201d (\u00e8 appunto ci\u00f2 che Ashton Carter ha fatto, col riarmo atomico), aggiungendo, per bocca del portavoce Dmitri Peskov, che \u201cla Russia ha applicato unilateralmente per parecchio tempo\u201d l\u2019accordo, mentre gli Usa \u201channo mancato di assicurare l\u2019applicazione dell\u2019obbligo di consumare il plutonio di grado militare\u201d.<\/p>\n<p style=\"text-align: justify;\"><strong>Esercitazione anti-atomica in Russia<\/strong><\/p>\n<p style=\"text-align: justify;\">Il presidente ha dunque preso \u201cmisure urgenti per difendere la sicurezza della Federazione Russa\u201d. Dal 4 ottobre \u00e8 cominciata in Russia una esercitazione, che durer\u00e0 fino al 7, sulla ipotesi di un attacco nucleare, che occuper\u00e0 200 mila addetti\u00a0 alle emergenze e coinvolger\u00e0 40 milioni di civili in manovre di evacuazione di zone ipoteticamente contaminate. Secondo il britannico E<em>xpress<\/em> (\u00e8 vero che \u00e8 quasi un giornale-spazzatura, sensazionalistico) \u201cLa Russia costruisce grandi bunker sotterranei a Mosca preparandosi alla guerra atomica: bunkers dove possono trovar rifugio \u201c12 milioni di persone\u201d; inoltre \u201csecondo voci, il mese scorso ha ordinato la costruzione di un impianto di 400 miglia quadrate (sic!) da scavare in una zona appartata degli Urali, da cui potr\u00e0 dirigere il conflitto nucleare\u201d.<\/p>\n<p style=\"text-align: justify;\"><a href=\"http:\/\/www.sundayexpress.co.uk\/news\/world\/717295\/russia-vladimir-putin-nuclear-way-america-aleppo-west-john-kerry-obama-syria-isis\">http:\/\/www.sundayexpress.co.uk\/news\/world\/717295\/russia-vladimir-putin-nuclear-way-america-aleppo-west-john-kerry-obama-syria-isis<\/a><\/p>\n<p style=\"text-align: justify;\">Fatta la tara delle esagerazioni sensazionali, sono misure perfettamente razionali da prendere, dopo la che la Superpotenza ha minacciato il Primo Colpo atomico contro il tuo paese.<\/p>\n<p style=\"text-align: justify;\">Inoltre, Putin ha reso noto quanto segue: Mosca torner\u00e0 a negoziare di disarmo nucleare <u>solo quando gli Usa ritireranno le truppe ed armamenti che hanno accumulato nei paesi \u201cnuovi\u201d della NATO<\/u>, ossia dall\u2019europa orientale. Fino a ieri, Mosca aveva solo espresso a mezza bocca il suo malcontento per queste \u2013 perch\u00e9 tali sono \u2013 violazione delle promesse americane, di non inglobare militarmente i paesi dell\u2019ex-Patto di Varsavia. Oggi il tono \u00e8 brusco: segnala che Putin, dopo la plateale (e vergognosa) violazione della tregua in Siria da parte di Washington, non crede pi\u00f9 alla buona fede della controparte, e non far\u00e0 pi\u00f9 gesti concilianti che fino ad oggi ha fatto in modo unilaterale.<\/p>\n<p style=\"text-align: justify;\"><strong>I civili bellicisti umiliano il generale<\/strong><\/p>\n<p style=\"text-align: justify;\">N\u00e9 i giornali vi hanno detto che una settimana fa il Congresso Usa ha fatto violente pressioni sul generale Joseph Dunford, capo degli stati maggiori riuniti, perch\u00e9 esita a stabilire una no-fly zone in Siria. Hillary Clinton ha promesso di realizzarla appena entra alla Casa Bianca. A domanda della Commissione Difesa, il generale ha risposto: \u201cAllo stato attuale, senatore, per noi prendere il controllo dell\u2019intero spazio aereo della Siria richiederebbe che facessimo la guerra contro Siria e Russia. Questa \u00e8 una decisione fondamentale che non sar\u00f2 io a prendere\u201d.<\/p>\n<p style=\"text-align: justify;\">E\u2019 stato immediatamente aggredito dal senatore McCain: non spetta a lui prendere tale decisione \u2013 ed ha preteso che il generale facesse una \u201crevisione della sua risposta\u201d. Il generale Dunford, sudando freddo, ha chiesto di poter correggere la sua risposta \u2013 sostenendo che aveva risposto alla prima parte di una domanda che consisteva in due parti. McCain l\u2019ha assalito: \u201cNo, la domanda era se noi dobbiamo fare una no-fly zone cos\u00ec che possiamo proteggere quella gente (i siriani \u2018democratici\u2019 ) dal venir massacrata (da Assad)! Questo \u00e8 ci\u00f2 di cui parliamo! Questo!\u201d. Il generale si \u00e8 scusato\u2026<\/p>\n<p style=\"text-align: justify;\">Giorni prima, il medesimo Dunford era stato messo sulla graticola dal senatore Lindsey Graham per essersi rifiutato di definire il rovesciamento di Assad come un obbiettivo militare. \u201cMa come! Assad ancora in carica quando il presidente Obama avr\u00e0 terminato la sua funzione?\u201d, \u00e8 sbottato rabbioso Graham mostrando il vero movente di questa frenesia bellicista: le preoccupazioni elettorali. Non \u00e8 tollerabile che, dopo aver ripetuto dal 2011 che \u201cAssad must go\u201d, sia Obama a sparire dalla scena prima.<\/p>\n<p style=\"text-align: justify;\">Dietro questa incredibile pressione di civili guerrafondai contro i militari esitanti, c\u2019\u00e8 ovviamente il potentissimo War Party, che aspetta con ansia di mettere Hillary alla Casa Bianca. Come ha riportato il Washington Post, la Cia e la fazione bellicista del Pentagono stanno premendo su Obama perch\u00e9, nei suoi ultimi giorni, ordini bombardamenti sugli aeroporti del governo siriano. Bombardamenti da fare con missili da crociera da lunga distanza, non per uno scopo strategico di vittoria ormai, per \u201cfar pagare un prezzo ad Assad\u201d (come aveva promesso poche settimane fa l\u2019ex capo della Cia Michael Morell: \u201cammazziamo in Siria militari russi e iraniani, di nascosto\u201d).<\/p>\n<p style=\"text-align: justify;\">Per aggirare l\u2019ostacolo morale che tali attacchi non sarebbero autorizzati dal Consiglio di Sicurezza Onu, \u201cessi potrebbero essere fatti di nascosto e senza dichiararlo pubblicamente, ha detto il funzionario\u201d anonimo che ha spifferato al Washington Post di tali pressioni. Conferma della deriva gangsteristica del pi\u00f9 armato governo della storia.<\/p>\n<p style=\"text-align: justify;\">Siccome marted\u00ec ignoti \u201cislamisti\u201d hanno attaccato l\u2019ambasciata di Mosca a Damasco, ovviamente Putin s\u2019\u00e8 ricordato delle minacce di Morell e della Cia: armare i tagliagole con armamento pesante e con l\u2019istruzione di colpire direttamente il personale russo, di nascosto, per \u201cfargli pagare un prezzo\u201d e \u201cricevere in patria dei russi in sacchi mortuari\u201d.<\/p>\n<p style=\"text-align: justify;\">Non c\u2019\u00e8 da stupire se Mosca ha piazzato in Siria, per proteggere la sua base a Tartous, i sistemi d\u2019arma missilistici S-300, antiaerei; e soprattutto i nuovissimi missili Gladiator SI-23, mai prima dispiegati fuori della Russia, specificamente progettati per abbattere missili da crociera.<\/p>\n<p style=\"text-align: justify;\"><strong>\u2026e gli Usa vanno a provocare i Balcani<\/strong><\/p>\n<p style=\"text-align: justify;\">E attenzione alla nuova area di crisi che gli Usa stanno aprendo nei Balcani: vuol inglobare nella NATO persino lo staterello artificiale detto Bosnia-Erzegovina. Staterello con capitale Sarajevo (ferita sempre aperta), composto di due sotto-staterelli: la \u201cFederazione Bosnia Erzegovina\u201d, con un governicchio in condominio fra le due minoranze islamica e croata (figuratevi come si amano) e a Nord, la \u201cRepublika Sorpska\u201d, quella etnia serba che aveva assediato Sarajevo ed \u00e8 stata sconfitta dall\u2019intervento occidentale. Ora, per far entrare la Bosnia nella NATO, gli Usa chiedono una modifica della costituzione locale \u2013 la quale attualmente riconosce la \u201cautonomia\u201d della Republika Srpska. Tale autonomia andrebbe cancellata, e i serbi della minoranza fatti entrare nella NATO.<\/p>\n<p style=\"text-align: justify;\">La risposta, ovviamente, \u00e8 stata il referendum tenuto dalla Republika Srpska, dove il 99,8 per cento ha dichiarato festa nazionale \u201cLa giornata dell\u2019indipendenza\u201d da Sarajevo, ossia l\u2019autonomia strappata col sangue, preludio alla richiesta di ricongiungersi alla Serbia propriamente detta.<\/p>\n<p style=\"text-align: justify;\">Mosca ha annunciato che addestrer\u00e0 le \u2018forze di sicurezza\u201d della Republika Srpska (il mini-esercito). Gli Usa continuano a insistere che la Bosnia, compresi i \u201cSrpski\u201d, entrino nella Nato. (qui il documento ufficiale della NATO: <a href=\"http:\/\/www.nato.int\/docu\/review\/2004\/historic-changes-balkans\/Bosnia-defence-institutions\/EN\/index.htm\">http:\/\/www.nato.int\/docu\/review\/2004\/historic-changes-balkans\/Bosnia-defence-institutions\/EN\/index.htm<\/a><\/p>\n<p style=\"text-align: justify;\">Nessuno si sorprenda se i Balcani esplodano di nuovo, con nuovi spargimenti di sangue. Come non bastassero le provocazioni in Ucraina, in Romania, in Polonia\u2026. (Su Gentiloni e le sue menzogne servili): <a href=\"http:\/\/www.lantidiplomatico.it\/dettnews-gentiloni_oggi_in_aula_sulla_siria_perche_per_ministro_degli_esteri_dobbiamo_avere_un_portavoce_dellambasciata_usa\/6_17332\/\">http:\/\/www.lantidiplomatico.it\/dettnews-gentiloni_oggi_in_aula_sulla_siria_perche_per_ministro_degli_esteri_dobbiamo_avere_un_portavoce_dellambasciata_usa\/6_17332\/<\/a><\/p>\n<p style=\"text-align: justify;\">\u201cDopo aver gridato <a href=\"http:\/\/www.lantidiplomatico.it\/dettnews-compiti_a_casa_fatti_gentiloni_a_new_york_urla_forza_hillary\/82_17212\/\">\u201c<\/a>Forza Hillary\u201d nella recente scampagnata a New York, il ministro Gentiloni si trasforma nell\u2019ultimo dei funzionari del Dipartimento Usa e getta la maschera per giustificare tutti i castelli di carta costruiti in anni di menzogne. La propaganda del Ministro \u00e8 un fiume in piena: Aleppo rasa a zero, bombardamenti indiscriminati con <em>barrel bombs<\/em>, non contro i 15.000 ribelli ma contro una popolazione di 200.000 persone. E ancora: ci voleva il negoziato con le varie componenti dei ribelli e \u201cinvece la Russia non ha voluto e allora capisco che gli Usa hanno rotto l\u2019accordo con Mosca\u201d. Infine, il Conte Gentiloni ha anche insinuato che il bombardamento del convoglio sia stato fatto da Russia o Siria.<\/p>\n<p style=\"text-align: justify;\">Mentre Mosca, tanto per non dimenticare, ha mostrato le immagini satellitari il giorno successivo all\u2019attacco al Convoglio delle Nazioni Unite che mostra la presenza di un pick up dei terroristi accanto, attendiamo con ansia sempre quelle degli Usa. Parole contro prove satellitari. Perch\u00e9 Gentiloni non chiede all\u2019amico alleato di mostrare le immagini dei droni in suo possesso al mondo?\u201d<\/p>\n","protected":false},"excerpt":{"rendered":"<p>Dal blog di Maurizio Blondet (giornalista) 5 ottobre 2016 Maurizio Blondet I tg vi hanno detto che Putin ha sospeso l\u2019accordo, stipulato con gli Usa nel 2000, per la distruzione bilaterale del plutonio d\u2019uso militare (bruciandolo nei reattori). Cos\u00ec, gli ascoltatori hanno un motivo di pi\u00f9 per aver paura del \u201cneo-imperialismo di Putin\u201d, come dice &hellip; <\/p>\n<p><a class=\"more-link btn\" href=\"https:\/\/www.rassegnastampa-totustuus.it\/cattolica\/a-washington-non-a-mosca-si-parla-apertamente-di-guerra\/\">Continua a leggere<\/a><\/p>\n","protected":false},"author":6,"featured_media":36494,"comment_status":"closed","ping_status":"closed","sticky":false,"template":"","format":"standard","meta":{"footnotes":""},"categories":[19,76],"tags":[440],"class_list":["post-36492","post","type-post","status-publish","format-standard","has-post-thumbnail","hentry","category-politica-internazionale","category-stati-uniti","tag-siria","item-wrap"],"yoast_head":"<!-- This site is optimized with the Yoast SEO plugin v27.5 - https:\/\/yoast.com\/product\/yoast-seo-wordpress\/ -->\n<title>A Washington, non a Mosca, si parla apertamente di guerra - Rassegna Stampa Cattolica<\/title>\n<meta name=\"description\" content=\"Rassegna Stampa Cattolica - Per una cultura che nasce dalla Rivelazione cristiana in conformit\u00e0 alla tradizione e al Magistero della Chiesa in opposizione ad ogni relativismo e totalitarismo\" \/>\n<meta name=\"robots\" content=\"index, follow, max-snippet:-1, max-image-preview:large, max-video-preview:-1\" \/>\n<link rel=\"canonical\" href=\"https:\/\/www.rassegnastampa-totustuus.it\/cattolica\/a-washington-non-a-mosca-si-parla-apertamente-di-guerra\/\" \/>\n<meta property=\"og:locale\" content=\"it_IT\" \/>\n<meta property=\"og:type\" content=\"article\" \/>\n<meta property=\"og:title\" content=\"A Washington, non a Mosca, si parla apertamente di guerra - Rassegna Stampa Cattolica\" \/>\n<meta property=\"og:description\" content=\"Rassegna Stampa Cattolica - Per una cultura che nasce dalla Rivelazione cristiana in conformit\u00e0 alla tradizione e al Magistero della Chiesa in opposizione ad ogni relativismo e totalitarismo\" \/>\n<meta property=\"og:url\" content=\"https:\/\/www.rassegnastampa-totustuus.it\/cattolica\/a-washington-non-a-mosca-si-parla-apertamente-di-guerra\/\" \/>\n<meta property=\"og:site_name\" content=\"Rassegna Stampa Cattolica\" \/>\n<meta property=\"article:publisher\" content=\"https:\/\/www.facebook.com\/rassegnastampacattolica\" \/>\n<meta property=\"article:published_time\" content=\"2016-10-12T22:00:34+00:00\" \/>\n<meta property=\"og:image\" content=\"https:\/\/www.rassegnastampa-totustuus.it\/cattolica\/wp-content\/uploads\/2016\/10\/Obama_Siria.jpg\" \/>\n\t<meta property=\"og:image:width\" content=\"279\" \/>\n\t<meta property=\"og:image:height\" content=\"181\" \/>\n\t<meta property=\"og:image:type\" content=\"image\/jpeg\" \/>\n<meta name=\"author\" content=\"Redazione\" \/>\n<meta name=\"twitter:card\" content=\"summary_large_image\" \/>\n<meta name=\"twitter:creator\" content=\"@rassegnastampa9\" \/>\n<meta name=\"twitter:site\" content=\"@rassegnastampa9\" \/>\n<meta name=\"twitter:label1\" content=\"Scritto da\" \/>\n\t<meta name=\"twitter:data1\" content=\"Redazione\" \/>\n\t<meta name=\"twitter:label2\" content=\"Tempo di lettura stimato\" \/>\n\t<meta name=\"twitter:data2\" content=\"7 minuti\" \/>\n<script type=\"application\/ld+json\" class=\"yoast-schema-graph\">{\"@context\":\"https:\\\/\\\/schema.org\",\"@graph\":[{\"@type\":\"Article\",\"@id\":\"https:\\\/\\\/www.rassegnastampa-totustuus.it\\\/cattolica\\\/a-washington-non-a-mosca-si-parla-apertamente-di-guerra\\\/#article\",\"isPartOf\":{\"@id\":\"https:\\\/\\\/www.rassegnastampa-totustuus.it\\\/cattolica\\\/a-washington-non-a-mosca-si-parla-apertamente-di-guerra\\\/\"},\"author\":{\"name\":\"Redazione\",\"@id\":\"https:\\\/\\\/www.rassegnastampa-totustuus.it\\\/cattolica\\\/#\\\/schema\\\/person\\\/08f319d2bd1a0904ad9e2bfb7b15e5c3\"},\"headline\":\"A Washington, non a Mosca, si parla apertamente di guerra\",\"datePublished\":\"2016-10-12T22:00:34+00:00\",\"mainEntityOfPage\":{\"@id\":\"https:\\\/\\\/www.rassegnastampa-totustuus.it\\\/cattolica\\\/a-washington-non-a-mosca-si-parla-apertamente-di-guerra\\\/\"},\"wordCount\":1436,\"publisher\":{\"@id\":\"https:\\\/\\\/www.rassegnastampa-totustuus.it\\\/cattolica\\\/#organization\"},\"image\":{\"@id\":\"https:\\\/\\\/www.rassegnastampa-totustuus.it\\\/cattolica\\\/a-washington-non-a-mosca-si-parla-apertamente-di-guerra\\\/#primaryimage\"},\"thumbnailUrl\":\"https:\\\/\\\/www.rassegnastampa-totustuus.it\\\/cattolica\\\/wp-content\\\/uploads\\\/2016\\\/10\\\/Obama_Siria.jpg\",\"keywords\":[\"Siria\"],\"articleSection\":[\"Politica internazionale\",\"Stati Uniti\"],\"inLanguage\":\"it-IT\"},{\"@type\":\"WebPage\",\"@id\":\"https:\\\/\\\/www.rassegnastampa-totustuus.it\\\/cattolica\\\/a-washington-non-a-mosca-si-parla-apertamente-di-guerra\\\/\",\"url\":\"https:\\\/\\\/www.rassegnastampa-totustuus.it\\\/cattolica\\\/a-washington-non-a-mosca-si-parla-apertamente-di-guerra\\\/\",\"name\":\"A Washington, non a Mosca, si parla apertamente di guerra - Rassegna Stampa Cattolica\",\"isPartOf\":{\"@id\":\"https:\\\/\\\/www.rassegnastampa-totustuus.it\\\/cattolica\\\/#website\"},\"primaryImageOfPage\":{\"@id\":\"https:\\\/\\\/www.rassegnastampa-totustuus.it\\\/cattolica\\\/a-washington-non-a-mosca-si-parla-apertamente-di-guerra\\\/#primaryimage\"},\"image\":{\"@id\":\"https:\\\/\\\/www.rassegnastampa-totustuus.it\\\/cattolica\\\/a-washington-non-a-mosca-si-parla-apertamente-di-guerra\\\/#primaryimage\"},\"thumbnailUrl\":\"https:\\\/\\\/www.rassegnastampa-totustuus.it\\\/cattolica\\\/wp-content\\\/uploads\\\/2016\\\/10\\\/Obama_Siria.jpg\",\"datePublished\":\"2016-10-12T22:00:34+00:00\",\"description\":\"Rassegna Stampa Cattolica - Per una cultura che nasce dalla Rivelazione cristiana in conformit\u00e0 alla tradizione e al Magistero della Chiesa in opposizione ad ogni relativismo e totalitarismo\",\"breadcrumb\":{\"@id\":\"https:\\\/\\\/www.rassegnastampa-totustuus.it\\\/cattolica\\\/a-washington-non-a-mosca-si-parla-apertamente-di-guerra\\\/#breadcrumb\"},\"inLanguage\":\"it-IT\",\"potentialAction\":[{\"@type\":\"ReadAction\",\"target\":[\"https:\\\/\\\/www.rassegnastampa-totustuus.it\\\/cattolica\\\/a-washington-non-a-mosca-si-parla-apertamente-di-guerra\\\/\"]}]},{\"@type\":\"ImageObject\",\"inLanguage\":\"it-IT\",\"@id\":\"https:\\\/\\\/www.rassegnastampa-totustuus.it\\\/cattolica\\\/a-washington-non-a-mosca-si-parla-apertamente-di-guerra\\\/#primaryimage\",\"url\":\"https:\\\/\\\/www.rassegnastampa-totustuus.it\\\/cattolica\\\/wp-content\\\/uploads\\\/2016\\\/10\\\/Obama_Siria.jpg\",\"contentUrl\":\"https:\\\/\\\/www.rassegnastampa-totustuus.it\\\/cattolica\\\/wp-content\\\/uploads\\\/2016\\\/10\\\/Obama_Siria.jpg\",\"width\":279,\"height\":181},{\"@type\":\"BreadcrumbList\",\"@id\":\"https:\\\/\\\/www.rassegnastampa-totustuus.it\\\/cattolica\\\/a-washington-non-a-mosca-si-parla-apertamente-di-guerra\\\/#breadcrumb\",\"itemListElement\":[{\"@type\":\"ListItem\",\"position\":1,\"name\":\"Home\",\"item\":\"https:\\\/\\\/www.rassegnastampa-totustuus.it\\\/cattolica\\\/\"},{\"@type\":\"ListItem\",\"position\":2,\"name\":\"A Washington, non a Mosca, si parla apertamente di guerra\"}]},{\"@type\":\"WebSite\",\"@id\":\"https:\\\/\\\/www.rassegnastampa-totustuus.it\\\/cattolica\\\/#website\",\"url\":\"https:\\\/\\\/www.rassegnastampa-totustuus.it\\\/cattolica\\\/\",\"name\":\"Rassegna Stampa Cattolica\",\"description\":\"Per una cultura che nasce dalla Rivelazione cristiana in conformit\u00e0 alla tradizione e al Magistero della Chiesa in opposizione ad ogni relativismo e totalitarismo\",\"publisher\":{\"@id\":\"https:\\\/\\\/www.rassegnastampa-totustuus.it\\\/cattolica\\\/#organization\"},\"alternateName\":\"Rass. Cattolica\",\"potentialAction\":[{\"@type\":\"SearchAction\",\"target\":{\"@type\":\"EntryPoint\",\"urlTemplate\":\"https:\\\/\\\/www.rassegnastampa-totustuus.it\\\/cattolica\\\/?s={search_term_string}\"},\"query-input\":{\"@type\":\"PropertyValueSpecification\",\"valueRequired\":true,\"valueName\":\"search_term_string\"}}],\"inLanguage\":\"it-IT\"},{\"@type\":\"Organization\",\"@id\":\"https:\\\/\\\/www.rassegnastampa-totustuus.it\\\/cattolica\\\/#organization\",\"name\":\"Rassegna Stampa Cattolica\",\"url\":\"https:\\\/\\\/www.rassegnastampa-totustuus.it\\\/cattolica\\\/\",\"logo\":{\"@type\":\"ImageObject\",\"inLanguage\":\"it-IT\",\"@id\":\"https:\\\/\\\/www.rassegnastampa-totustuus.it\\\/cattolica\\\/#\\\/schema\\\/logo\\\/image\\\/\",\"url\":\"https:\\\/\\\/www.rassegnastampa-totustuus.it\\\/cattolica\\\/wp-content\\\/uploads\\\/2014\\\/04\\\/logo-rassegna1.gif\",\"contentUrl\":\"https:\\\/\\\/www.rassegnastampa-totustuus.it\\\/cattolica\\\/wp-content\\\/uploads\\\/2014\\\/04\\\/logo-rassegna1.gif\",\"width\":600,\"height\":163,\"caption\":\"Rassegna Stampa Cattolica\"},\"image\":{\"@id\":\"https:\\\/\\\/www.rassegnastampa-totustuus.it\\\/cattolica\\\/#\\\/schema\\\/logo\\\/image\\\/\"},\"sameAs\":[\"https:\\\/\\\/www.facebook.com\\\/rassegnastampacattolica\",\"https:\\\/\\\/x.com\\\/rassegnastampa9\"]},{\"@type\":\"Person\",\"@id\":\"https:\\\/\\\/www.rassegnastampa-totustuus.it\\\/cattolica\\\/#\\\/schema\\\/person\\\/08f319d2bd1a0904ad9e2bfb7b15e5c3\",\"name\":\"Redazione\",\"image\":{\"@type\":\"ImageObject\",\"inLanguage\":\"it-IT\",\"@id\":\"https:\\\/\\\/secure.gravatar.com\\\/avatar\\\/2fcdf27c78ea025fbdb44e914cc63c72249ffec9dc8aafd5c82b26240ef3f346?s=96&d=mm&r=g\",\"url\":\"https:\\\/\\\/secure.gravatar.com\\\/avatar\\\/2fcdf27c78ea025fbdb44e914cc63c72249ffec9dc8aafd5c82b26240ef3f346?s=96&d=mm&r=g\",\"contentUrl\":\"https:\\\/\\\/secure.gravatar.com\\\/avatar\\\/2fcdf27c78ea025fbdb44e914cc63c72249ffec9dc8aafd5c82b26240ef3f346?s=96&d=mm&r=g\",\"caption\":\"Redazione\"},\"url\":\"https:\\\/\\\/www.rassegnastampa-totustuus.it\\\/cattolica\\\/author\\\/pietroelle\\\/\"}]}<\/script>\n<!-- \/ Yoast SEO plugin. -->","yoast_head_json":{"title":"A Washington, non a Mosca, si parla apertamente di guerra - Rassegna Stampa Cattolica","description":"Rassegna Stampa Cattolica - Per una cultura che nasce dalla Rivelazione cristiana in conformit\u00e0 alla tradizione e al Magistero della Chiesa in opposizione ad ogni relativismo e totalitarismo","robots":{"index":"index","follow":"follow","max-snippet":"max-snippet:-1","max-image-preview":"max-image-preview:large","max-video-preview":"max-video-preview:-1"},"canonical":"https:\/\/www.rassegnastampa-totustuus.it\/cattolica\/a-washington-non-a-mosca-si-parla-apertamente-di-guerra\/","og_locale":"it_IT","og_type":"article","og_title":"A Washington, non a Mosca, si parla apertamente di guerra - Rassegna Stampa Cattolica","og_description":"Rassegna Stampa Cattolica - Per una cultura che nasce dalla Rivelazione cristiana in conformit\u00e0 alla tradizione e al Magistero della Chiesa in opposizione ad ogni relativismo e totalitarismo","og_url":"https:\/\/www.rassegnastampa-totustuus.it\/cattolica\/a-washington-non-a-mosca-si-parla-apertamente-di-guerra\/","og_site_name":"Rassegna Stampa Cattolica","article_publisher":"https:\/\/www.facebook.com\/rassegnastampacattolica","article_published_time":"2016-10-12T22:00:34+00:00","og_image":[{"width":279,"height":181,"url":"https:\/\/www.rassegnastampa-totustuus.it\/cattolica\/wp-content\/uploads\/2016\/10\/Obama_Siria.jpg","type":"image\/jpeg"}],"author":"Redazione","twitter_card":"summary_large_image","twitter_creator":"@rassegnastampa9","twitter_site":"@rassegnastampa9","twitter_misc":{"Scritto da":"Redazione","Tempo di lettura stimato":"7 minuti"},"schema":{"@context":"https:\/\/schema.org","@graph":[{"@type":"Article","@id":"https:\/\/www.rassegnastampa-totustuus.it\/cattolica\/a-washington-non-a-mosca-si-parla-apertamente-di-guerra\/#article","isPartOf":{"@id":"https:\/\/www.rassegnastampa-totustuus.it\/cattolica\/a-washington-non-a-mosca-si-parla-apertamente-di-guerra\/"},"author":{"name":"Redazione","@id":"https:\/\/www.rassegnastampa-totustuus.it\/cattolica\/#\/schema\/person\/08f319d2bd1a0904ad9e2bfb7b15e5c3"},"headline":"A Washington, non a Mosca, si parla apertamente di guerra","datePublished":"2016-10-12T22:00:34+00:00","mainEntityOfPage":{"@id":"https:\/\/www.rassegnastampa-totustuus.it\/cattolica\/a-washington-non-a-mosca-si-parla-apertamente-di-guerra\/"},"wordCount":1436,"publisher":{"@id":"https:\/\/www.rassegnastampa-totustuus.it\/cattolica\/#organization"},"image":{"@id":"https:\/\/www.rassegnastampa-totustuus.it\/cattolica\/a-washington-non-a-mosca-si-parla-apertamente-di-guerra\/#primaryimage"},"thumbnailUrl":"https:\/\/www.rassegnastampa-totustuus.it\/cattolica\/wp-content\/uploads\/2016\/10\/Obama_Siria.jpg","keywords":["Siria"],"articleSection":["Politica internazionale","Stati Uniti"],"inLanguage":"it-IT"},{"@type":"WebPage","@id":"https:\/\/www.rassegnastampa-totustuus.it\/cattolica\/a-washington-non-a-mosca-si-parla-apertamente-di-guerra\/","url":"https:\/\/www.rassegnastampa-totustuus.it\/cattolica\/a-washington-non-a-mosca-si-parla-apertamente-di-guerra\/","name":"A Washington, non a Mosca, si parla apertamente di guerra - Rassegna Stampa Cattolica","isPartOf":{"@id":"https:\/\/www.rassegnastampa-totustuus.it\/cattolica\/#website"},"primaryImageOfPage":{"@id":"https:\/\/www.rassegnastampa-totustuus.it\/cattolica\/a-washington-non-a-mosca-si-parla-apertamente-di-guerra\/#primaryimage"},"image":{"@id":"https:\/\/www.rassegnastampa-totustuus.it\/cattolica\/a-washington-non-a-mosca-si-parla-apertamente-di-guerra\/#primaryimage"},"thumbnailUrl":"https:\/\/www.rassegnastampa-totustuus.it\/cattolica\/wp-content\/uploads\/2016\/10\/Obama_Siria.jpg","datePublished":"2016-10-12T22:00:34+00:00","description":"Rassegna Stampa Cattolica - Per una cultura che nasce dalla Rivelazione cristiana in conformit\u00e0 alla tradizione e al Magistero della Chiesa in opposizione ad ogni relativismo e totalitarismo","breadcrumb":{"@id":"https:\/\/www.rassegnastampa-totustuus.it\/cattolica\/a-washington-non-a-mosca-si-parla-apertamente-di-guerra\/#breadcrumb"},"inLanguage":"it-IT","potentialAction":[{"@type":"ReadAction","target":["https:\/\/www.rassegnastampa-totustuus.it\/cattolica\/a-washington-non-a-mosca-si-parla-apertamente-di-guerra\/"]}]},{"@type":"ImageObject","inLanguage":"it-IT","@id":"https:\/\/www.rassegnastampa-totustuus.it\/cattolica\/a-washington-non-a-mosca-si-parla-apertamente-di-guerra\/#primaryimage","url":"https:\/\/www.rassegnastampa-totustuus.it\/cattolica\/wp-content\/uploads\/2016\/10\/Obama_Siria.jpg","contentUrl":"https:\/\/www.rassegnastampa-totustuus.it\/cattolica\/wp-content\/uploads\/2016\/10\/Obama_Siria.jpg","width":279,"height":181},{"@type":"BreadcrumbList","@id":"https:\/\/www.rassegnastampa-totustuus.it\/cattolica\/a-washington-non-a-mosca-si-parla-apertamente-di-guerra\/#breadcrumb","itemListElement":[{"@type":"ListItem","position":1,"name":"Home","item":"https:\/\/www.rassegnastampa-totustuus.it\/cattolica\/"},{"@type":"ListItem","position":2,"name":"A Washington, non a Mosca, si parla apertamente di guerra"}]},{"@type":"WebSite","@id":"https:\/\/www.rassegnastampa-totustuus.it\/cattolica\/#website","url":"https:\/\/www.rassegnastampa-totustuus.it\/cattolica\/","name":"Rassegna Stampa Cattolica","description":"Per una cultura che nasce dalla Rivelazione cristiana in conformit\u00e0 alla tradizione e al Magistero della Chiesa in opposizione ad ogni relativismo e totalitarismo","publisher":{"@id":"https:\/\/www.rassegnastampa-totustuus.it\/cattolica\/#organization"},"alternateName":"Rass. Cattolica","potentialAction":[{"@type":"SearchAction","target":{"@type":"EntryPoint","urlTemplate":"https:\/\/www.rassegnastampa-totustuus.it\/cattolica\/?s={search_term_string}"},"query-input":{"@type":"PropertyValueSpecification","valueRequired":true,"valueName":"search_term_string"}}],"inLanguage":"it-IT"},{"@type":"Organization","@id":"https:\/\/www.rassegnastampa-totustuus.it\/cattolica\/#organization","name":"Rassegna Stampa Cattolica","url":"https:\/\/www.rassegnastampa-totustuus.it\/cattolica\/","logo":{"@type":"ImageObject","inLanguage":"it-IT","@id":"https:\/\/www.rassegnastampa-totustuus.it\/cattolica\/#\/schema\/logo\/image\/","url":"https:\/\/www.rassegnastampa-totustuus.it\/cattolica\/wp-content\/uploads\/2014\/04\/logo-rassegna1.gif","contentUrl":"https:\/\/www.rassegnastampa-totustuus.it\/cattolica\/wp-content\/uploads\/2014\/04\/logo-rassegna1.gif","width":600,"height":163,"caption":"Rassegna Stampa Cattolica"},"image":{"@id":"https:\/\/www.rassegnastampa-totustuus.it\/cattolica\/#\/schema\/logo\/image\/"},"sameAs":["https:\/\/www.facebook.com\/rassegnastampacattolica","https:\/\/x.com\/rassegnastampa9"]},{"@type":"Person","@id":"https:\/\/www.rassegnastampa-totustuus.it\/cattolica\/#\/schema\/person\/08f319d2bd1a0904ad9e2bfb7b15e5c3","name":"Redazione","image":{"@type":"ImageObject","inLanguage":"it-IT","@id":"https:\/\/secure.gravatar.com\/avatar\/2fcdf27c78ea025fbdb44e914cc63c72249ffec9dc8aafd5c82b26240ef3f346?s=96&d=mm&r=g","url":"https:\/\/secure.gravatar.com\/avatar\/2fcdf27c78ea025fbdb44e914cc63c72249ffec9dc8aafd5c82b26240ef3f346?s=96&d=mm&r=g","contentUrl":"https:\/\/secure.gravatar.com\/avatar\/2fcdf27c78ea025fbdb44e914cc63c72249ffec9dc8aafd5c82b26240ef3f346?s=96&d=mm&r=g","caption":"Redazione"},"url":"https:\/\/www.rassegnastampa-totustuus.it\/cattolica\/author\/pietroelle\/"}]}},"_links":{"self":[{"href":"https:\/\/www.rassegnastampa-totustuus.it\/cattolica\/wp-json\/wp\/v2\/posts\/36492","targetHints":{"allow":["GET"]}}],"collection":[{"href":"https:\/\/www.rassegnastampa-totustuus.it\/cattolica\/wp-json\/wp\/v2\/posts"}],"about":[{"href":"https:\/\/www.rassegnastampa-totustuus.it\/cattolica\/wp-json\/wp\/v2\/types\/post"}],"author":[{"embeddable":true,"href":"https:\/\/www.rassegnastampa-totustuus.it\/cattolica\/wp-json\/wp\/v2\/users\/6"}],"replies":[{"embeddable":true,"href":"https:\/\/www.rassegnastampa-totustuus.it\/cattolica\/wp-json\/wp\/v2\/comments?post=36492"}],"version-history":[{"count":1,"href":"https:\/\/www.rassegnastampa-totustuus.it\/cattolica\/wp-json\/wp\/v2\/posts\/36492\/revisions"}],"predecessor-version":[{"id":36495,"href":"https:\/\/www.rassegnastampa-totustuus.it\/cattolica\/wp-json\/wp\/v2\/posts\/36492\/revisions\/36495"}],"wp:featuredmedia":[{"embeddable":true,"href":"https:\/\/www.rassegnastampa-totustuus.it\/cattolica\/wp-json\/wp\/v2\/media\/36494"}],"wp:attachment":[{"href":"https:\/\/www.rassegnastampa-totustuus.it\/cattolica\/wp-json\/wp\/v2\/media?parent=36492"}],"wp:term":[{"taxonomy":"category","embeddable":true,"href":"https:\/\/www.rassegnastampa-totustuus.it\/cattolica\/wp-json\/wp\/v2\/categories?post=36492"},{"taxonomy":"post_tag","embeddable":true,"href":"https:\/\/www.rassegnastampa-totustuus.it\/cattolica\/wp-json\/wp\/v2\/tags?post=36492"}],"curies":[{"name":"wp","href":"https:\/\/api.w.org\/{rel}","templated":true}]}}