{"id":3647,"date":"2009-12-31T00:00:00","date_gmt":"2009-12-30T23:00:00","guid":{"rendered":""},"modified":"2015-03-27T08:56:48","modified_gmt":"2015-03-27T07:56:48","slug":"notizie-dal-libano-12","status":"publish","type":"post","link":"https:\/\/www.rassegnastampa-totustuus.it\/cattolica\/notizie-dal-libano-12\/","title":{"rendered":"Notizie dal Libano"},"content":{"rendered":"<div style=\"text-align: center;\"><strong><a href=\"https:\/\/www.rassegnastampa-totustuus.it\/cattolica\/wp-content\/uploads\/2015\/01\/oui-pour-la-vie.jpg\"><img loading=\"lazy\" decoding=\"async\" class=\"alignleft wp-image-16745 size-full\" src=\"https:\/\/www.rassegnastampa-totustuus.it\/cattolica\/wp-content\/uploads\/2015\/01\/oui-pour-la-vie.jpg\" alt=\"oui pour la vie\" width=\"160\" height=\"120\" \/><\/a>I poveri del libano<\/strong> Dicembre 2009 n 6<\/div>\n<p style=\"text-align: justify;\"><em>Notiziario di un gruppo di volontari libanesi, membri dell\u2019associazione legalmente riconosciuta \u201c<\/em>Oui pour la vie<em>\u201d presente a Damour in Libano, in favore dei pi\u00f9 poveri e ispirata al movimento libanese \u201c<\/em>Lo Tedhal<em>\u201d di Padre Mansour Labaky e all\u2019attivit\u00e0 delle Suore di Madre Teresa di Calcutta in Libano<\/em><\/p>\n<p style=\"text-align: center;\">padre\u00a0<strong>Damiano Puccini<\/strong><\/p>\n<p><!--more--><\/p>\n<div style=\"text-align: justify;\">Prosegue con regolarit\u00e0 la visita e l\u2019attivit\u00e0 dei nostri volontari nei quartieri pi\u00f9 abbandonati di Beirut, dove anche si incontrano cristiani provenienti dall\u2019Iraq che, a causa della guerra,\u00a0 sostano in Libano per tre mesi in attesa di trovare asilo fuori dal Medio Oriente.Sono storie veramente commoventi, di chi ha subito anche maltrattamenti e minacce ed \u00e8 stato costretto ad abbandonare la casa e i propri beni in pochissimi giorni.<\/div>\n<p style=\"text-align: justify;\">Davanti a queste emergenze, non \u00e8 una carit\u00e0 fatta solo di compassione attraverso una distribuzione di oggetti, che pu\u00f2 sanare le ferite presenti nell\u2019animo di queste famiglie, ma i nostri volontari si sentono interpellati innanzitutto ad essere loro stessi, attraverso la testimonianza della loro serenit\u00e0, un messaggio credibile di perdono e di pazienza, per suscitare in tutti coloro che incontrano le medesime motivazioni, per saper ricambiare con il bene il male subito.<\/p>\n<p style=\"text-align: justify;\">Le suore di Madre Teresa ci insegnano che quando non solo un volontario, ma anche un povero, rinuncia volentieri a qualcosa, Dio mette in lui una luce particolare che lo porta a considerare ogni bisognoso a qualunque popolo appartenga, come un fratello e quindi a donare con generosit\u00e0 e costanza il il sorriso insieme agli aiuti materiali, senza provare nessuna ripugnanza per la casa povera o abbandonata.<\/p>\n<p style=\"text-align: justify;\">Al contrario, il limitarsi alla semplice compassione, non impedisce ai volontari che vivono in difficolt\u00e0 economiche, di sentire ugualmente il richiamo verso tante mondanit\u00e0 inutili e dannose, che impoveriscono anche della gioia di donare il tempo e l\u2019attenzione materiale al nostro prossimo pi\u00f9 vicino.<\/p>\n<p style=\"text-align: justify;\">Anche i nostri volontari, ripercorrono quelle medesime strade che li portavano ai luoghi di divertimento (discoteche, night) per fermarsi invece in questi quartieri poveri, oppure per ritornare al McDonald\u2019s di Beirut, dove un tempo passavano le serate, suscitando un positivo stupore da parte dei loro vecchi amici, perch\u00e9 questa volta accompagnano i bambini bisognosi.<\/p>\n<p style=\"text-align: justify;\">In questo spirito dell\u2019associazione di aiuto concreto verso tutti coloro che hanno bisogno, segnaliamo alcune situazioni pi\u00f9 delicate. La famiglia di Silvana, una ragazza-madre ora poverissima: il marito, alcolizzato e con problemi di droga, l\u2019ha abbandonata per non voler riconoscere il figlio. All\u2019aiuto materiale nei riguardi di questa mamma e del bambino, privi veramente di tutto, si aggiunge il sostegno spirituale per favorire uno spirito di perdono.<\/p>\n<p style=\"text-align: justify;\">La nostra attenzione principale per Natale \u00e8 nei riguardi di Nabil che deve subire un trapianto di midollo osseo e per questo con la sua famiglia deve lasciare il Libano per recarsi a Cipro dove sar\u00e0 operato, dovendo far fronte a costi assolutamente insostenibili con le poche risorse di cui dispone. Le famiglie che non sono pi\u00f9 in grado di pagare l\u2019assicurazione sanitaria, e sono in continuo aumento, quando si presenta un\u2019urgenza, sono costrette a svendere le loro abitazioni e nella prospettiva poi di emigrare all\u2019estero.<\/p>\n<p style=\"text-align: justify;\">A queste come ad altre situazioni di disagio noi diciamo sempre: \u201cNon c\u2019\u00e8 nessun povero che non ha un pezzo di pane da dare e non c\u2019\u00e8 nessuno che non abbia mezz\u2019ora di tempo da offrire\u201d. E\u2019 bello proprio vedere testimoniare questa vicinanza.<\/p>\n<p style=\"text-align: justify;\">Abbiamo deciso da quest\u2019anno di dedicare il Natale, a Giustina D\u2019Alessandro, una ragazza di 34 anni di Lucca, morta in un incidente stradale lo scorso ottobre, che voleva partecipare alla nostra missione.<\/p>\n<p style=\"text-align: justify;\">Chi \u00e8 interessato a maggiori informazioni o a conoscere le modalit\u00e0 per un contributo in favore della nostra opera pu\u00f2 inviare sms al 333\/5473721 o inviare un vaglia a Cuter Daniella (mia madre, con 2 elle) via Santi, 11. Navacchio (PI) 56023 tel 3331309125. Email: pdamianolibano@gmail.com o scrivendo in francese, direttamente all\u2019associazione:<\/p>\n<p style=\"text-align: center;\"><a href=\"http:\/\/www.ouipourlavielb.com\/en\/\" target=\"_blank\">http:\/\/www.ouipourlavielb.com\/en\/<\/a><\/p>\n<p style=\"text-align: justify;\">Quando mi trovo in Italia, nell\u2019occasione di celebrazioni o incontri, sono sempre disponibile a venire ovunque.Un Santo Natale a tutti.<\/p>\n","protected":false},"excerpt":{"rendered":"<p>I poveri del libano Dicembre 2009 n 6 Notiziario di un gruppo di volontari libanesi, membri dell\u2019associazione legalmente riconosciuta \u201cOui pour la vie\u201d presente a Damour in Libano, in favore dei pi\u00f9 poveri e ispirata al movimento libanese \u201cLo Tedhal\u201d di Padre Mansour Labaky e all\u2019attivit\u00e0 delle Suore di Madre Teresa di Calcutta in Libano &hellip; <\/p>\n<p><a class=\"more-link btn\" href=\"https:\/\/www.rassegnastampa-totustuus.it\/cattolica\/notizie-dal-libano-12\/\">Continua a leggere<\/a><\/p>\n","protected":false},"author":6,"featured_media":16745,"comment_status":"closed","ping_status":"open","sticky":false,"template":"","format":"standard","meta":{"footnotes":""},"categories":[5,33],"tags":[380],"class_list":["post-3647","post","type-post","status-publish","format-standard","has-post-thumbnail","hentry","category-chiesa","category-cristiani-nell-islam","tag-cristiani-nellislam","item-wrap"],"yoast_head":"<!-- This site is optimized with the Yoast SEO plugin v27.5 - https:\/\/yoast.com\/product\/yoast-seo-wordpress\/ -->\n<title>Notizie dal Libano - Rassegna Stampa Cattolica<\/title>\n<meta name=\"description\" content=\"Rassegna Stampa Cattolica - Per una cultura che nasce dalla Rivelazione cristiana in conformit\u00e0 alla tradizione e al Magistero della Chiesa in opposizione ad ogni relativismo e totalitarismo\" \/>\n<meta name=\"robots\" content=\"index, follow, max-snippet:-1, max-image-preview:large, max-video-preview:-1\" \/>\n<link rel=\"canonical\" href=\"https:\/\/www.rassegnastampa-totustuus.it\/cattolica\/notizie-dal-libano-12\/\" \/>\n<meta property=\"og:locale\" content=\"it_IT\" \/>\n<meta property=\"og:type\" content=\"article\" \/>\n<meta property=\"og:title\" content=\"Notizie dal Libano - Rassegna Stampa Cattolica\" \/>\n<meta property=\"og:description\" content=\"Rassegna Stampa Cattolica - Per una cultura che nasce dalla Rivelazione cristiana in conformit\u00e0 alla tradizione e al Magistero della Chiesa in opposizione ad ogni relativismo e totalitarismo\" \/>\n<meta property=\"og:url\" content=\"https:\/\/www.rassegnastampa-totustuus.it\/cattolica\/notizie-dal-libano-12\/\" \/>\n<meta property=\"og:site_name\" content=\"Rassegna Stampa Cattolica\" \/>\n<meta property=\"article:publisher\" content=\"https:\/\/www.facebook.com\/rassegnastampacattolica\" \/>\n<meta property=\"article:published_time\" content=\"2009-12-30T23:00:00+00:00\" \/>\n<meta property=\"article:modified_time\" content=\"2015-03-27T07:56:48+00:00\" \/>\n<meta property=\"og:image\" content=\"https:\/\/www.rassegnastampa-totustuus.it\/cattolica\/wp-content\/uploads\/2015\/01\/oui-pour-la-vie.jpg\" \/>\n\t<meta property=\"og:image:width\" content=\"160\" \/>\n\t<meta property=\"og:image:height\" content=\"120\" \/>\n\t<meta property=\"og:image:type\" content=\"image\/jpeg\" \/>\n<meta name=\"author\" content=\"Redazione\" \/>\n<meta name=\"twitter:card\" content=\"summary_large_image\" \/>\n<meta name=\"twitter:creator\" content=\"@rassegnastampa9\" \/>\n<meta name=\"twitter:site\" content=\"@rassegnastampa9\" \/>\n<meta name=\"twitter:label1\" content=\"Scritto da\" \/>\n\t<meta name=\"twitter:data1\" content=\"Redazione\" \/>\n\t<meta name=\"twitter:label2\" content=\"Tempo di lettura stimato\" \/>\n\t<meta name=\"twitter:data2\" content=\"3 minuti\" \/>\n<script type=\"application\/ld+json\" class=\"yoast-schema-graph\">{\"@context\":\"https:\\\/\\\/schema.org\",\"@graph\":[{\"@type\":\"Article\",\"@id\":\"https:\\\/\\\/www.rassegnastampa-totustuus.it\\\/cattolica\\\/notizie-dal-libano-12\\\/#article\",\"isPartOf\":{\"@id\":\"https:\\\/\\\/www.rassegnastampa-totustuus.it\\\/cattolica\\\/notizie-dal-libano-12\\\/\"},\"author\":{\"name\":\"Redazione\",\"@id\":\"https:\\\/\\\/www.rassegnastampa-totustuus.it\\\/cattolica\\\/#\\\/schema\\\/person\\\/08f319d2bd1a0904ad9e2bfb7b15e5c3\"},\"headline\":\"Notizie dal Libano\",\"datePublished\":\"2009-12-30T23:00:00+00:00\",\"dateModified\":\"2015-03-27T07:56:48+00:00\",\"mainEntityOfPage\":{\"@id\":\"https:\\\/\\\/www.rassegnastampa-totustuus.it\\\/cattolica\\\/notizie-dal-libano-12\\\/\"},\"wordCount\":682,\"publisher\":{\"@id\":\"https:\\\/\\\/www.rassegnastampa-totustuus.it\\\/cattolica\\\/#organization\"},\"image\":{\"@id\":\"https:\\\/\\\/www.rassegnastampa-totustuus.it\\\/cattolica\\\/notizie-dal-libano-12\\\/#primaryimage\"},\"thumbnailUrl\":\"https:\\\/\\\/www.rassegnastampa-totustuus.it\\\/cattolica\\\/wp-content\\\/uploads\\\/2015\\\/01\\\/oui-pour-la-vie.jpg\",\"keywords\":[\"cristiani nell'Islam\"],\"articleSection\":[\"Chiesa\",\"Cristiani nell'islam\"],\"inLanguage\":\"it-IT\"},{\"@type\":\"WebPage\",\"@id\":\"https:\\\/\\\/www.rassegnastampa-totustuus.it\\\/cattolica\\\/notizie-dal-libano-12\\\/\",\"url\":\"https:\\\/\\\/www.rassegnastampa-totustuus.it\\\/cattolica\\\/notizie-dal-libano-12\\\/\",\"name\":\"Notizie dal Libano - Rassegna Stampa Cattolica\",\"isPartOf\":{\"@id\":\"https:\\\/\\\/www.rassegnastampa-totustuus.it\\\/cattolica\\\/#website\"},\"primaryImageOfPage\":{\"@id\":\"https:\\\/\\\/www.rassegnastampa-totustuus.it\\\/cattolica\\\/notizie-dal-libano-12\\\/#primaryimage\"},\"image\":{\"@id\":\"https:\\\/\\\/www.rassegnastampa-totustuus.it\\\/cattolica\\\/notizie-dal-libano-12\\\/#primaryimage\"},\"thumbnailUrl\":\"https:\\\/\\\/www.rassegnastampa-totustuus.it\\\/cattolica\\\/wp-content\\\/uploads\\\/2015\\\/01\\\/oui-pour-la-vie.jpg\",\"datePublished\":\"2009-12-30T23:00:00+00:00\",\"dateModified\":\"2015-03-27T07:56:48+00:00\",\"description\":\"Rassegna Stampa Cattolica - Per una cultura che nasce dalla Rivelazione cristiana in conformit\u00e0 alla tradizione e al Magistero della Chiesa in opposizione ad ogni relativismo e totalitarismo\",\"breadcrumb\":{\"@id\":\"https:\\\/\\\/www.rassegnastampa-totustuus.it\\\/cattolica\\\/notizie-dal-libano-12\\\/#breadcrumb\"},\"inLanguage\":\"it-IT\",\"potentialAction\":[{\"@type\":\"ReadAction\",\"target\":[\"https:\\\/\\\/www.rassegnastampa-totustuus.it\\\/cattolica\\\/notizie-dal-libano-12\\\/\"]}]},{\"@type\":\"ImageObject\",\"inLanguage\":\"it-IT\",\"@id\":\"https:\\\/\\\/www.rassegnastampa-totustuus.it\\\/cattolica\\\/notizie-dal-libano-12\\\/#primaryimage\",\"url\":\"https:\\\/\\\/www.rassegnastampa-totustuus.it\\\/cattolica\\\/wp-content\\\/uploads\\\/2015\\\/01\\\/oui-pour-la-vie.jpg\",\"contentUrl\":\"https:\\\/\\\/www.rassegnastampa-totustuus.it\\\/cattolica\\\/wp-content\\\/uploads\\\/2015\\\/01\\\/oui-pour-la-vie.jpg\",\"width\":160,\"height\":120},{\"@type\":\"BreadcrumbList\",\"@id\":\"https:\\\/\\\/www.rassegnastampa-totustuus.it\\\/cattolica\\\/notizie-dal-libano-12\\\/#breadcrumb\",\"itemListElement\":[{\"@type\":\"ListItem\",\"position\":1,\"name\":\"Home\",\"item\":\"https:\\\/\\\/www.rassegnastampa-totustuus.it\\\/cattolica\\\/\"},{\"@type\":\"ListItem\",\"position\":2,\"name\":\"Notizie dal Libano\"}]},{\"@type\":\"WebSite\",\"@id\":\"https:\\\/\\\/www.rassegnastampa-totustuus.it\\\/cattolica\\\/#website\",\"url\":\"https:\\\/\\\/www.rassegnastampa-totustuus.it\\\/cattolica\\\/\",\"name\":\"Rassegna Stampa Cattolica\",\"description\":\"Per una cultura che nasce dalla Rivelazione cristiana in conformit\u00e0 alla tradizione e al Magistero della Chiesa in opposizione ad ogni relativismo e totalitarismo\",\"publisher\":{\"@id\":\"https:\\\/\\\/www.rassegnastampa-totustuus.it\\\/cattolica\\\/#organization\"},\"alternateName\":\"Rass. Cattolica\",\"potentialAction\":[{\"@type\":\"SearchAction\",\"target\":{\"@type\":\"EntryPoint\",\"urlTemplate\":\"https:\\\/\\\/www.rassegnastampa-totustuus.it\\\/cattolica\\\/?s={search_term_string}\"},\"query-input\":{\"@type\":\"PropertyValueSpecification\",\"valueRequired\":true,\"valueName\":\"search_term_string\"}}],\"inLanguage\":\"it-IT\"},{\"@type\":\"Organization\",\"@id\":\"https:\\\/\\\/www.rassegnastampa-totustuus.it\\\/cattolica\\\/#organization\",\"name\":\"Rassegna Stampa Cattolica\",\"url\":\"https:\\\/\\\/www.rassegnastampa-totustuus.it\\\/cattolica\\\/\",\"logo\":{\"@type\":\"ImageObject\",\"inLanguage\":\"it-IT\",\"@id\":\"https:\\\/\\\/www.rassegnastampa-totustuus.it\\\/cattolica\\\/#\\\/schema\\\/logo\\\/image\\\/\",\"url\":\"https:\\\/\\\/www.rassegnastampa-totustuus.it\\\/cattolica\\\/wp-content\\\/uploads\\\/2014\\\/04\\\/logo-rassegna1.gif\",\"contentUrl\":\"https:\\\/\\\/www.rassegnastampa-totustuus.it\\\/cattolica\\\/wp-content\\\/uploads\\\/2014\\\/04\\\/logo-rassegna1.gif\",\"width\":600,\"height\":163,\"caption\":\"Rassegna Stampa Cattolica\"},\"image\":{\"@id\":\"https:\\\/\\\/www.rassegnastampa-totustuus.it\\\/cattolica\\\/#\\\/schema\\\/logo\\\/image\\\/\"},\"sameAs\":[\"https:\\\/\\\/www.facebook.com\\\/rassegnastampacattolica\",\"https:\\\/\\\/x.com\\\/rassegnastampa9\"]},{\"@type\":\"Person\",\"@id\":\"https:\\\/\\\/www.rassegnastampa-totustuus.it\\\/cattolica\\\/#\\\/schema\\\/person\\\/08f319d2bd1a0904ad9e2bfb7b15e5c3\",\"name\":\"Redazione\",\"image\":{\"@type\":\"ImageObject\",\"inLanguage\":\"it-IT\",\"@id\":\"https:\\\/\\\/secure.gravatar.com\\\/avatar\\\/2fcdf27c78ea025fbdb44e914cc63c72249ffec9dc8aafd5c82b26240ef3f346?s=96&d=mm&r=g\",\"url\":\"https:\\\/\\\/secure.gravatar.com\\\/avatar\\\/2fcdf27c78ea025fbdb44e914cc63c72249ffec9dc8aafd5c82b26240ef3f346?s=96&d=mm&r=g\",\"contentUrl\":\"https:\\\/\\\/secure.gravatar.com\\\/avatar\\\/2fcdf27c78ea025fbdb44e914cc63c72249ffec9dc8aafd5c82b26240ef3f346?s=96&d=mm&r=g\",\"caption\":\"Redazione\"},\"url\":\"https:\\\/\\\/www.rassegnastampa-totustuus.it\\\/cattolica\\\/author\\\/pietroelle\\\/\"}]}<\/script>\n<!-- \/ Yoast SEO plugin. -->","yoast_head_json":{"title":"Notizie dal Libano - Rassegna Stampa Cattolica","description":"Rassegna Stampa Cattolica - Per una cultura che nasce dalla Rivelazione cristiana in conformit\u00e0 alla tradizione e al Magistero della Chiesa in opposizione ad ogni relativismo e totalitarismo","robots":{"index":"index","follow":"follow","max-snippet":"max-snippet:-1","max-image-preview":"max-image-preview:large","max-video-preview":"max-video-preview:-1"},"canonical":"https:\/\/www.rassegnastampa-totustuus.it\/cattolica\/notizie-dal-libano-12\/","og_locale":"it_IT","og_type":"article","og_title":"Notizie dal Libano - Rassegna Stampa Cattolica","og_description":"Rassegna Stampa Cattolica - Per una cultura che nasce dalla Rivelazione cristiana in conformit\u00e0 alla tradizione e al Magistero della Chiesa in opposizione ad ogni relativismo e totalitarismo","og_url":"https:\/\/www.rassegnastampa-totustuus.it\/cattolica\/notizie-dal-libano-12\/","og_site_name":"Rassegna Stampa Cattolica","article_publisher":"https:\/\/www.facebook.com\/rassegnastampacattolica","article_published_time":"2009-12-30T23:00:00+00:00","article_modified_time":"2015-03-27T07:56:48+00:00","og_image":[{"width":160,"height":120,"url":"https:\/\/www.rassegnastampa-totustuus.it\/cattolica\/wp-content\/uploads\/2015\/01\/oui-pour-la-vie.jpg","type":"image\/jpeg"}],"author":"Redazione","twitter_card":"summary_large_image","twitter_creator":"@rassegnastampa9","twitter_site":"@rassegnastampa9","twitter_misc":{"Scritto da":"Redazione","Tempo di lettura stimato":"3 minuti"},"schema":{"@context":"https:\/\/schema.org","@graph":[{"@type":"Article","@id":"https:\/\/www.rassegnastampa-totustuus.it\/cattolica\/notizie-dal-libano-12\/#article","isPartOf":{"@id":"https:\/\/www.rassegnastampa-totustuus.it\/cattolica\/notizie-dal-libano-12\/"},"author":{"name":"Redazione","@id":"https:\/\/www.rassegnastampa-totustuus.it\/cattolica\/#\/schema\/person\/08f319d2bd1a0904ad9e2bfb7b15e5c3"},"headline":"Notizie dal Libano","datePublished":"2009-12-30T23:00:00+00:00","dateModified":"2015-03-27T07:56:48+00:00","mainEntityOfPage":{"@id":"https:\/\/www.rassegnastampa-totustuus.it\/cattolica\/notizie-dal-libano-12\/"},"wordCount":682,"publisher":{"@id":"https:\/\/www.rassegnastampa-totustuus.it\/cattolica\/#organization"},"image":{"@id":"https:\/\/www.rassegnastampa-totustuus.it\/cattolica\/notizie-dal-libano-12\/#primaryimage"},"thumbnailUrl":"https:\/\/www.rassegnastampa-totustuus.it\/cattolica\/wp-content\/uploads\/2015\/01\/oui-pour-la-vie.jpg","keywords":["cristiani nell'Islam"],"articleSection":["Chiesa","Cristiani nell'islam"],"inLanguage":"it-IT"},{"@type":"WebPage","@id":"https:\/\/www.rassegnastampa-totustuus.it\/cattolica\/notizie-dal-libano-12\/","url":"https:\/\/www.rassegnastampa-totustuus.it\/cattolica\/notizie-dal-libano-12\/","name":"Notizie dal Libano - Rassegna Stampa Cattolica","isPartOf":{"@id":"https:\/\/www.rassegnastampa-totustuus.it\/cattolica\/#website"},"primaryImageOfPage":{"@id":"https:\/\/www.rassegnastampa-totustuus.it\/cattolica\/notizie-dal-libano-12\/#primaryimage"},"image":{"@id":"https:\/\/www.rassegnastampa-totustuus.it\/cattolica\/notizie-dal-libano-12\/#primaryimage"},"thumbnailUrl":"https:\/\/www.rassegnastampa-totustuus.it\/cattolica\/wp-content\/uploads\/2015\/01\/oui-pour-la-vie.jpg","datePublished":"2009-12-30T23:00:00+00:00","dateModified":"2015-03-27T07:56:48+00:00","description":"Rassegna Stampa Cattolica - Per una cultura che nasce dalla Rivelazione cristiana in conformit\u00e0 alla tradizione e al Magistero della Chiesa in opposizione ad ogni relativismo e totalitarismo","breadcrumb":{"@id":"https:\/\/www.rassegnastampa-totustuus.it\/cattolica\/notizie-dal-libano-12\/#breadcrumb"},"inLanguage":"it-IT","potentialAction":[{"@type":"ReadAction","target":["https:\/\/www.rassegnastampa-totustuus.it\/cattolica\/notizie-dal-libano-12\/"]}]},{"@type":"ImageObject","inLanguage":"it-IT","@id":"https:\/\/www.rassegnastampa-totustuus.it\/cattolica\/notizie-dal-libano-12\/#primaryimage","url":"https:\/\/www.rassegnastampa-totustuus.it\/cattolica\/wp-content\/uploads\/2015\/01\/oui-pour-la-vie.jpg","contentUrl":"https:\/\/www.rassegnastampa-totustuus.it\/cattolica\/wp-content\/uploads\/2015\/01\/oui-pour-la-vie.jpg","width":160,"height":120},{"@type":"BreadcrumbList","@id":"https:\/\/www.rassegnastampa-totustuus.it\/cattolica\/notizie-dal-libano-12\/#breadcrumb","itemListElement":[{"@type":"ListItem","position":1,"name":"Home","item":"https:\/\/www.rassegnastampa-totustuus.it\/cattolica\/"},{"@type":"ListItem","position":2,"name":"Notizie dal Libano"}]},{"@type":"WebSite","@id":"https:\/\/www.rassegnastampa-totustuus.it\/cattolica\/#website","url":"https:\/\/www.rassegnastampa-totustuus.it\/cattolica\/","name":"Rassegna Stampa Cattolica","description":"Per una cultura che nasce dalla Rivelazione cristiana in conformit\u00e0 alla tradizione e al Magistero della Chiesa in opposizione ad ogni relativismo e totalitarismo","publisher":{"@id":"https:\/\/www.rassegnastampa-totustuus.it\/cattolica\/#organization"},"alternateName":"Rass. Cattolica","potentialAction":[{"@type":"SearchAction","target":{"@type":"EntryPoint","urlTemplate":"https:\/\/www.rassegnastampa-totustuus.it\/cattolica\/?s={search_term_string}"},"query-input":{"@type":"PropertyValueSpecification","valueRequired":true,"valueName":"search_term_string"}}],"inLanguage":"it-IT"},{"@type":"Organization","@id":"https:\/\/www.rassegnastampa-totustuus.it\/cattolica\/#organization","name":"Rassegna Stampa Cattolica","url":"https:\/\/www.rassegnastampa-totustuus.it\/cattolica\/","logo":{"@type":"ImageObject","inLanguage":"it-IT","@id":"https:\/\/www.rassegnastampa-totustuus.it\/cattolica\/#\/schema\/logo\/image\/","url":"https:\/\/www.rassegnastampa-totustuus.it\/cattolica\/wp-content\/uploads\/2014\/04\/logo-rassegna1.gif","contentUrl":"https:\/\/www.rassegnastampa-totustuus.it\/cattolica\/wp-content\/uploads\/2014\/04\/logo-rassegna1.gif","width":600,"height":163,"caption":"Rassegna Stampa Cattolica"},"image":{"@id":"https:\/\/www.rassegnastampa-totustuus.it\/cattolica\/#\/schema\/logo\/image\/"},"sameAs":["https:\/\/www.facebook.com\/rassegnastampacattolica","https:\/\/x.com\/rassegnastampa9"]},{"@type":"Person","@id":"https:\/\/www.rassegnastampa-totustuus.it\/cattolica\/#\/schema\/person\/08f319d2bd1a0904ad9e2bfb7b15e5c3","name":"Redazione","image":{"@type":"ImageObject","inLanguage":"it-IT","@id":"https:\/\/secure.gravatar.com\/avatar\/2fcdf27c78ea025fbdb44e914cc63c72249ffec9dc8aafd5c82b26240ef3f346?s=96&d=mm&r=g","url":"https:\/\/secure.gravatar.com\/avatar\/2fcdf27c78ea025fbdb44e914cc63c72249ffec9dc8aafd5c82b26240ef3f346?s=96&d=mm&r=g","contentUrl":"https:\/\/secure.gravatar.com\/avatar\/2fcdf27c78ea025fbdb44e914cc63c72249ffec9dc8aafd5c82b26240ef3f346?s=96&d=mm&r=g","caption":"Redazione"},"url":"https:\/\/www.rassegnastampa-totustuus.it\/cattolica\/author\/pietroelle\/"}]}},"_links":{"self":[{"href":"https:\/\/www.rassegnastampa-totustuus.it\/cattolica\/wp-json\/wp\/v2\/posts\/3647","targetHints":{"allow":["GET"]}}],"collection":[{"href":"https:\/\/www.rassegnastampa-totustuus.it\/cattolica\/wp-json\/wp\/v2\/posts"}],"about":[{"href":"https:\/\/www.rassegnastampa-totustuus.it\/cattolica\/wp-json\/wp\/v2\/types\/post"}],"author":[{"embeddable":true,"href":"https:\/\/www.rassegnastampa-totustuus.it\/cattolica\/wp-json\/wp\/v2\/users\/6"}],"replies":[{"embeddable":true,"href":"https:\/\/www.rassegnastampa-totustuus.it\/cattolica\/wp-json\/wp\/v2\/comments?post=3647"}],"version-history":[{"count":4,"href":"https:\/\/www.rassegnastampa-totustuus.it\/cattolica\/wp-json\/wp\/v2\/posts\/3647\/revisions"}],"predecessor-version":[{"id":22146,"href":"https:\/\/www.rassegnastampa-totustuus.it\/cattolica\/wp-json\/wp\/v2\/posts\/3647\/revisions\/22146"}],"wp:featuredmedia":[{"embeddable":true,"href":"https:\/\/www.rassegnastampa-totustuus.it\/cattolica\/wp-json\/wp\/v2\/media\/16745"}],"wp:attachment":[{"href":"https:\/\/www.rassegnastampa-totustuus.it\/cattolica\/wp-json\/wp\/v2\/media?parent=3647"}],"wp:term":[{"taxonomy":"category","embeddable":true,"href":"https:\/\/www.rassegnastampa-totustuus.it\/cattolica\/wp-json\/wp\/v2\/categories?post=3647"},{"taxonomy":"post_tag","embeddable":true,"href":"https:\/\/www.rassegnastampa-totustuus.it\/cattolica\/wp-json\/wp\/v2\/tags?post=3647"}],"curies":[{"name":"wp","href":"https:\/\/api.w.org\/{rel}","templated":true}]}}