{"id":36402,"date":"2016-09-29T00:00:01","date_gmt":"2016-09-28T22:00:01","guid":{"rendered":"http:\/\/www.rassegnastampa-totustuus.it\/cattolica\/?p=36402"},"modified":"2016-09-19T09:03:40","modified_gmt":"2016-09-19T07:03:40","slug":"la-preghiera-preferita-da-papa-francesco","status":"publish","type":"post","link":"https:\/\/www.rassegnastampa-totustuus.it\/cattolica\/la-preghiera-preferita-da-papa-francesco\/","title":{"rendered":"La preghiera preferita da Papa Francesco"},"content":{"rendered":"<p style=\"text-align: center;\"><strong><img loading=\"lazy\" decoding=\"async\" class=\"alignleft wp-image-36403\" src=\"https:\/\/www.rassegnastampa-totustuus.it\/cattolica\/wp-content\/uploads\/2016\/09\/rosario.jpg\" alt=\"rosario\" width=\"250\" height=\"197\" srcset=\"https:\/\/www.rassegnastampa-totustuus.it\/cattolica\/wp-content\/uploads\/2016\/09\/rosario.jpg 390w, https:\/\/www.rassegnastampa-totustuus.it\/cattolica\/wp-content\/uploads\/2016\/09\/rosario-300x236.jpg 300w\" sizes=\"auto, (max-width: 250px) 100vw, 250px\" \/>Ag. Zenit<\/strong> (Zenit.org) 14 settembre 2016<\/p>\n<p style=\"text-align: justify;\"><strong>\u00a0<\/strong><em>Ne \u201cIl rosario preghiera del cuore\u201d (Shalom), Don Yoannis Lahzi Gaid, segretario del Pontefice, racconta la storia, la teologia e la spiritualit\u00e0 dell\u2019orazione pi\u00f9 diffusa al mondo<\/em><\/p>\n<p style=\"text-align: center;\"><strong>Antonio Gasparri<\/strong><\/p>\n<p><!--more--><\/p>\n<p style=\"text-align: justify;\">\u00c8 vero che nella storia ed anche tra qualche cattolico, la devozione a Maria \u00e8 considerata una forma minore di fede, ma nella realt\u00e0 l\u2019Ave Maria e il rosario sono le preghiere pi\u00f9 recitate al mondo. La devozione a Maria nei vari continenti conta centinaia di milioni di fedeli. I santuari mariani sono le chiese pi\u00f9 frequentate dai pellegrini.<\/p>\n<p style=\"text-align: justify;\">Ogni giorno centinaia di milioni di persone pregano, si confessano, si comunicano, recitano il rosario, rivolgendosi a colei che ha dato al mondo Ges\u00f9 Cristo.\u00a0Ero a Fatima la scorsa settimana e niente mi ha toccato il cuore pi\u00f9 delle centinaia di persone che ogni sera, nel luogo dove sono avvenute le apparizioni, pregava il rosario con tanta passione ed anche con tanta letizia.<\/p>\n<p style=\"text-align: justify;\">Era evidente che ognuno delle persone presenti portava nel cuore almeno un\u2019intenzione a Maria. Una sofferenza, una preoccupazione, una richiesta di conforto e di sostegno per trovare la pace e alimentare la speranza.<\/p>\n<p style=\"text-align: justify;\">Alcuni recitavano il rosario in ginocchio per la lunga piazza, altri piangevano mentre sgranavano il rosario, tutti, anche i pi\u00f9 lieti, rivolgevano lo sguardo, le braccia, l\u2019attenzione verso la statua di Maria collocata nel luogo dove avvennero le prime apparizioni nel 1917 e dove \u00e8 stata costruita la prima piccola cappella.<\/p>\n<p style=\"text-align: justify;\">Ebbene, sar\u00e0 stata l\u2019atmosfera, il luogo, le emozioni, ma Fatima \u00e8 veramente un luogo speciale. Il cuore che pure arriva gonfio di dolore, timori, aspirazioni, si rasserena, la letizia e la tenerezza di Maria ti toccano, l\u2019animo si scioglie, le lacrime vengono asciugate, il conforto prende il sopravvento sulle paure, la bellezza di Maria ti rapisce e ti riempie.<\/p>\n<p style=\"text-align: justify;\">La processione che si svolge alla fine della recita del rosario \u00e8 allegra, luminosa, gioiosa, i bambini si muovono tra le persone giocando, ed il popolo orante invoca Maria piena di grazia.<\/p>\n<p style=\"text-align: justify;\">Un particolare mi ha particolarmente colpito. Tutte le persone avevano un rosario in mano.<\/p>\n<p style=\"text-align: justify;\">Ero a Fatima per assistere al Congresso Mariologico Internazionale. Ho scoperto con gioia che non c\u2019era neanche una persona tra quelle che ho incontrato o salutato che non avesse in tasca un Rosario.<\/p>\n<p style=\"text-align: justify;\">A questo punto posso immaginare che forse, nel mondo ci sono pi\u00f9 persone che dispongono di un rosario che di un telefonino.<\/p>\n<p style=\"text-align: justify;\">E se cos\u00ec non \u00e8, dovremmo pensare di regalare almeno un rosario insieme ad un Iphone, soprattutto ai figli e nipoti, ai giovani della nuova generazione.<\/p>\n<p style=\"text-align: justify;\">In questo contesto sono stato particolarmente colpito da un bellissimo piccolo libro, una sorta di gioiello per come \u00e8 stato fatto. Il titolo \u00e8\u00a0<em>Il rosario preghiera del cuore,<\/em> l\u2019autore \u00e8 Yoannis Lahzi Gaid, segretario di Papa Francesco, l\u2019editore \u00e8 Shalom (http:\/\/www.editriceshalom.it\/).<\/p>\n<p style=\"text-align: justify;\">La prima edizione di questo libro che contiene insieme alla storia, la teologia, la spiritualit\u00e0 del rosario, anche le preghiere mariane di san Giovanni Paolo II, di Benedetto XVI e di Papa Francesco, \u00e8 stato pubblicato nella sua prima edizione in arabo.<\/p>\n<p style=\"text-align: justify;\">In Egitto dove vive la comunit\u00e0 cristiana dei Copti, questo libro \u00e8 stato diffuso in quasi 130.000 copie.<\/p>\n<p style=\"text-align: justify;\">Ha scritto di suo pugno papa Francesco nelle prime pagine di questo libro:\u00a0\u201cIl rosario \u00e8 la preghiera che accompagna sempre la mia vita, \u00e8 anche la preghiera dei semplici e dei santi\u2026 \u00e8 la preghiera del mio cuore\u201d.<\/p>\n<p style=\"text-align: justify;\">Prima dell\u2019introduzione viene pubblicata una preghiera del Beato Bartolo Longo, che dice:<\/p>\n<p>\u201c<em>O Rosario benedetto di Maria,<\/em><\/p>\n<p><em>catena dolce che ci rannodi a Dio,<\/em><\/p>\n<p><em>vincolo di amore che ci unisci agli angeli,<\/em><\/p>\n<p><em>torre di salvezza negli assalti dell\u2019Inferno,<\/em><\/p>\n<p><em>porto sicuro nel comune naufragio,<\/em><\/p>\n<p><em>noi non ti lasceremo mai pi\u00f9<\/em>\u201c<em>.<\/em><\/p>\n<p style=\"text-align: justify;\">Ha scritto nell\u2019introduzione, don Yoannis Lahzi Gaid:\u00a0\u201cNella vita cristiana, la devozione alla Madonna riveste un ruolo particolare nella contemplazione dei misteri della salvezza poich\u00e9 attraverso di Lei si giunge a Ges\u00f9.<\/p>\n<p style=\"text-align: justify;\">San Luigi Grignion de Montfort, nel suo Trattato della Vera Devozione alla Gran Madre asserisce, appunto, che uno dei mezzi pi\u00f9 efficaci per l\u2019ottenimento della perseveranza finale \u00e8 quello di affidarsi a Colei che ha avuto il privilegio di essere \u00abla Madre di Dio\u00bb (nn. 40-43). Il Montfort quasi sfidava i suoi lettori stigmatizzando: \u00abMi si tracci una via nuova per andare a Cristo\u2026 Io preferisco la via immacolata di Maria\u00bb (n.158), quella via cio\u00e8 seguita da Ges\u00f9 stesso per imparare il difficile mestiere di uomo. E spiegava: \u00abIn questa amabile creatura (Maria) l\u2019anima trover\u00e0 solo Dio, senza creature\u00bb (Segreto di Maria = SM 20), poich\u00e9 \u00abnon \u00e8 pi\u00f9 Maria che vive: soltanto il Cristo, soltanto Dio vive in lei\u00bb (SM 21).<\/p>\n<p style=\"text-align: justify;\">Nella Lettera Apostolica Rosarium Virginis Mariae, san Giovanni Paolo II affermava: \u00abIl Rosario, infatti, pur caratterizzato dalla sua fisionomia mariana, \u00e8 preghiera dal cuore cristologico. Nella sobriet\u00e0 dei suoi elementi, concentra in s\u00e9 la profondit\u00e0 dell\u2019intero messaggio evangelico, di cui \u00e8 quasi un compendio. In esso riecheggia la preghiera di Maria, il suo perenne Magnificat per l\u2019opera dell\u2019incarnazione redentrice iniziata nel suo grembo verginale. Con esso il popolo cristiano si mette alla scuola di Maria, per lasciarsi introdurre alla contemplazione della bellezza del volto di Cristo e all\u2019esperienza della profondit\u00e0 del suo amore.<\/p>\n<p style=\"text-align: justify;\">Mediante il Rosario il credente attinge abbondanza di grazia, quasi ricevendola dalle mani stesse della Madre del Redentore\u00bb (n.1). \u00abEcco tua madre!\u00bb (Gv 19, 27). Numerosi segni dimostrano quanto la Vergine santa voglia anche oggi esercitare, proprio attraverso questa preghiera, la premura materna alla quale il Redentore moribondo affid\u00f2, nella persona del discepolo prediletto, tutti i figli della Chiesa: \u00abDonna, ecco tuo figlio!\u00bb (Gv 19, 26).<\/p>\n<p style=\"text-align: justify;\">Allo stesso modo papa Francesco nella basilica di Santa Maria Maggiore, sabato 4 maggio 2013, evidenziava: \u00abTutta l\u2019esistenza di Maria \u00e8 un inno alla vita, un inno di amore alla vita: ha generato Ges\u00f9 nella carne ed ha accompagnato la nascita della Chiesa sul Calvario e nel Cenacolo. La Salus Populi Romani \u00e8 la mamma che ci dona la salute nella crescita, ci dona la salute nell\u2019affrontare e superare i problemi, ci dona la salute nel renderci liberi per le scelte definitive; la mamma che ci insegna ad essere fecondi, ad essere aperti alla vita e ad essere sempre fecondi di bene, fecondi di gioia, fecondi di speranza, a non perdere mai la speranza, a donare vita agli altri, vita fisica e spirituale\u00bb.<\/p>\n<p style=\"text-align: justify;\">Il testo pubblicato da Shalom\u00a0 in Italia \u00e8 una traduzione della versione araba, pubblicata dalla Casa Editrice Cattolica San Pietro, che in poco tempo \u00e8 giunta alla settima edizione, in un contesto geografico dove i cristiani sono una minoranza, raggiungendo le 130.000 copie, dato singolare per noi in Italia, ma ancor pi\u00f9 significativo per la terra d\u2019Egitto.<\/p>\n<p style=\"text-align: justify;\">Auspico che queste pagine consentano di comprendere, anche attraverso la testimonianza di vita dei santi, l\u2019importanza della preghiera del Rosario come itinerario di vita, e quale pellegrinaggio verso la patria eterna!<\/p>\n<p style=\"text-align: justify;\">Concludo con questa preghiera a Maria, che fu rinvenuta nelle sabbie del deserto d\u2019Egitto, sopra un papiro che probabilmente risale al III secolo d.C.: \u00abSotto il manto della tua misericordia noi ci rifugiamo, Madre di Dio (Theotokos). Non respingere le nostre richieste, ma nella necessit\u00e0 salvaci da ogni pericolo, o Vergine gloriosa e benedetta\u201d.<\/p>\n<p style=\"text-align: justify;\">Per ogni informazione: http:\/\/www.editriceshalom.it\/<\/p>\n","protected":false},"excerpt":{"rendered":"<p>Ag. Zenit (Zenit.org) 14 settembre 2016 \u00a0Ne \u201cIl rosario preghiera del cuore\u201d (Shalom), Don Yoannis Lahzi Gaid, segretario del Pontefice, racconta la storia, la teologia e la spiritualit\u00e0 dell\u2019orazione pi\u00f9 diffusa al mondo Antonio Gasparri<\/p><p><a class=\"more-link btn\" href=\"https:\/\/www.rassegnastampa-totustuus.it\/cattolica\/la-preghiera-preferita-da-papa-francesco\/\">Continua a leggere<\/a><\/p>\n","protected":false},"author":6,"featured_media":36403,"comment_status":"closed","ping_status":"closed","sticky":false,"template":"","format":"standard","meta":{"footnotes":""},"categories":[5],"tags":[2067,685],"class_list":["post-36402","post","type-post","status-publish","format-standard","has-post-thumbnail","hentry","category-chiesa","tag-preghiera","tag-santo-rosario","item-wrap"],"yoast_head":"<!-- This site is optimized with the Yoast SEO plugin v27.5 - https:\/\/yoast.com\/product\/yoast-seo-wordpress\/ -->\n<title>La preghiera preferita da Papa Francesco - Rassegna Stampa Cattolica<\/title>\n<meta name=\"description\" content=\"Rassegna Stampa Cattolica - Per una cultura che nasce dalla Rivelazione cristiana in conformit\u00e0 alla tradizione e al Magistero della Chiesa in opposizione ad ogni relativismo e totalitarismo\" \/>\n<meta name=\"robots\" content=\"index, follow, max-snippet:-1, max-image-preview:large, max-video-preview:-1\" \/>\n<link rel=\"canonical\" href=\"https:\/\/www.rassegnastampa-totustuus.it\/cattolica\/la-preghiera-preferita-da-papa-francesco\/\" \/>\n<meta property=\"og:locale\" content=\"it_IT\" \/>\n<meta property=\"og:type\" content=\"article\" \/>\n<meta property=\"og:title\" content=\"La preghiera preferita da Papa Francesco - Rassegna Stampa Cattolica\" \/>\n<meta property=\"og:description\" content=\"Rassegna Stampa Cattolica - Per una cultura che nasce dalla Rivelazione cristiana in conformit\u00e0 alla tradizione e al Magistero della Chiesa in opposizione ad ogni relativismo e totalitarismo\" \/>\n<meta property=\"og:url\" content=\"https:\/\/www.rassegnastampa-totustuus.it\/cattolica\/la-preghiera-preferita-da-papa-francesco\/\" \/>\n<meta property=\"og:site_name\" content=\"Rassegna Stampa Cattolica\" \/>\n<meta property=\"article:publisher\" content=\"https:\/\/www.facebook.com\/rassegnastampacattolica\" \/>\n<meta property=\"article:published_time\" content=\"2016-09-28T22:00:01+00:00\" \/>\n<meta property=\"og:image\" content=\"https:\/\/www.rassegnastampa-totustuus.it\/cattolica\/wp-content\/uploads\/2016\/09\/rosario.jpg\" \/>\n\t<meta property=\"og:image:width\" content=\"390\" \/>\n\t<meta property=\"og:image:height\" content=\"307\" \/>\n\t<meta property=\"og:image:type\" content=\"image\/jpeg\" \/>\n<meta name=\"author\" content=\"Redazione\" \/>\n<meta name=\"twitter:card\" content=\"summary_large_image\" \/>\n<meta name=\"twitter:creator\" content=\"@rassegnastampa9\" \/>\n<meta name=\"twitter:site\" content=\"@rassegnastampa9\" \/>\n<meta name=\"twitter:label1\" content=\"Scritto da\" \/>\n\t<meta name=\"twitter:data1\" content=\"Redazione\" \/>\n\t<meta name=\"twitter:label2\" content=\"Tempo di lettura stimato\" \/>\n\t<meta name=\"twitter:data2\" content=\"6 minuti\" \/>\n<script type=\"application\/ld+json\" class=\"yoast-schema-graph\">{\"@context\":\"https:\\\/\\\/schema.org\",\"@graph\":[{\"@type\":\"Article\",\"@id\":\"https:\\\/\\\/www.rassegnastampa-totustuus.it\\\/cattolica\\\/la-preghiera-preferita-da-papa-francesco\\\/#article\",\"isPartOf\":{\"@id\":\"https:\\\/\\\/www.rassegnastampa-totustuus.it\\\/cattolica\\\/la-preghiera-preferita-da-papa-francesco\\\/\"},\"author\":{\"name\":\"Redazione\",\"@id\":\"https:\\\/\\\/www.rassegnastampa-totustuus.it\\\/cattolica\\\/#\\\/schema\\\/person\\\/08f319d2bd1a0904ad9e2bfb7b15e5c3\"},\"headline\":\"La preghiera preferita da Papa Francesco\",\"datePublished\":\"2016-09-28T22:00:01+00:00\",\"mainEntityOfPage\":{\"@id\":\"https:\\\/\\\/www.rassegnastampa-totustuus.it\\\/cattolica\\\/la-preghiera-preferita-da-papa-francesco\\\/\"},\"wordCount\":1200,\"publisher\":{\"@id\":\"https:\\\/\\\/www.rassegnastampa-totustuus.it\\\/cattolica\\\/#organization\"},\"image\":{\"@id\":\"https:\\\/\\\/www.rassegnastampa-totustuus.it\\\/cattolica\\\/la-preghiera-preferita-da-papa-francesco\\\/#primaryimage\"},\"thumbnailUrl\":\"https:\\\/\\\/www.rassegnastampa-totustuus.it\\\/cattolica\\\/wp-content\\\/uploads\\\/2016\\\/09\\\/rosario.jpg\",\"keywords\":[\"preghiera\",\"santo rosario\"],\"articleSection\":[\"Chiesa\"],\"inLanguage\":\"it-IT\"},{\"@type\":\"WebPage\",\"@id\":\"https:\\\/\\\/www.rassegnastampa-totustuus.it\\\/cattolica\\\/la-preghiera-preferita-da-papa-francesco\\\/\",\"url\":\"https:\\\/\\\/www.rassegnastampa-totustuus.it\\\/cattolica\\\/la-preghiera-preferita-da-papa-francesco\\\/\",\"name\":\"La preghiera preferita da Papa Francesco - Rassegna Stampa Cattolica\",\"isPartOf\":{\"@id\":\"https:\\\/\\\/www.rassegnastampa-totustuus.it\\\/cattolica\\\/#website\"},\"primaryImageOfPage\":{\"@id\":\"https:\\\/\\\/www.rassegnastampa-totustuus.it\\\/cattolica\\\/la-preghiera-preferita-da-papa-francesco\\\/#primaryimage\"},\"image\":{\"@id\":\"https:\\\/\\\/www.rassegnastampa-totustuus.it\\\/cattolica\\\/la-preghiera-preferita-da-papa-francesco\\\/#primaryimage\"},\"thumbnailUrl\":\"https:\\\/\\\/www.rassegnastampa-totustuus.it\\\/cattolica\\\/wp-content\\\/uploads\\\/2016\\\/09\\\/rosario.jpg\",\"datePublished\":\"2016-09-28T22:00:01+00:00\",\"description\":\"Rassegna Stampa Cattolica - Per una cultura che nasce dalla Rivelazione cristiana in conformit\u00e0 alla tradizione e al Magistero della Chiesa in opposizione ad ogni relativismo e totalitarismo\",\"breadcrumb\":{\"@id\":\"https:\\\/\\\/www.rassegnastampa-totustuus.it\\\/cattolica\\\/la-preghiera-preferita-da-papa-francesco\\\/#breadcrumb\"},\"inLanguage\":\"it-IT\",\"potentialAction\":[{\"@type\":\"ReadAction\",\"target\":[\"https:\\\/\\\/www.rassegnastampa-totustuus.it\\\/cattolica\\\/la-preghiera-preferita-da-papa-francesco\\\/\"]}]},{\"@type\":\"ImageObject\",\"inLanguage\":\"it-IT\",\"@id\":\"https:\\\/\\\/www.rassegnastampa-totustuus.it\\\/cattolica\\\/la-preghiera-preferita-da-papa-francesco\\\/#primaryimage\",\"url\":\"https:\\\/\\\/www.rassegnastampa-totustuus.it\\\/cattolica\\\/wp-content\\\/uploads\\\/2016\\\/09\\\/rosario.jpg\",\"contentUrl\":\"https:\\\/\\\/www.rassegnastampa-totustuus.it\\\/cattolica\\\/wp-content\\\/uploads\\\/2016\\\/09\\\/rosario.jpg\",\"width\":390,\"height\":307},{\"@type\":\"BreadcrumbList\",\"@id\":\"https:\\\/\\\/www.rassegnastampa-totustuus.it\\\/cattolica\\\/la-preghiera-preferita-da-papa-francesco\\\/#breadcrumb\",\"itemListElement\":[{\"@type\":\"ListItem\",\"position\":1,\"name\":\"Home\",\"item\":\"https:\\\/\\\/www.rassegnastampa-totustuus.it\\\/cattolica\\\/\"},{\"@type\":\"ListItem\",\"position\":2,\"name\":\"La preghiera preferita da Papa Francesco\"}]},{\"@type\":\"WebSite\",\"@id\":\"https:\\\/\\\/www.rassegnastampa-totustuus.it\\\/cattolica\\\/#website\",\"url\":\"https:\\\/\\\/www.rassegnastampa-totustuus.it\\\/cattolica\\\/\",\"name\":\"Rassegna Stampa Cattolica\",\"description\":\"Per una cultura che nasce dalla Rivelazione cristiana in conformit\u00e0 alla tradizione e al Magistero della Chiesa in opposizione ad ogni relativismo e totalitarismo\",\"publisher\":{\"@id\":\"https:\\\/\\\/www.rassegnastampa-totustuus.it\\\/cattolica\\\/#organization\"},\"alternateName\":\"Rass. Cattolica\",\"potentialAction\":[{\"@type\":\"SearchAction\",\"target\":{\"@type\":\"EntryPoint\",\"urlTemplate\":\"https:\\\/\\\/www.rassegnastampa-totustuus.it\\\/cattolica\\\/?s={search_term_string}\"},\"query-input\":{\"@type\":\"PropertyValueSpecification\",\"valueRequired\":true,\"valueName\":\"search_term_string\"}}],\"inLanguage\":\"it-IT\"},{\"@type\":\"Organization\",\"@id\":\"https:\\\/\\\/www.rassegnastampa-totustuus.it\\\/cattolica\\\/#organization\",\"name\":\"Rassegna Stampa Cattolica\",\"url\":\"https:\\\/\\\/www.rassegnastampa-totustuus.it\\\/cattolica\\\/\",\"logo\":{\"@type\":\"ImageObject\",\"inLanguage\":\"it-IT\",\"@id\":\"https:\\\/\\\/www.rassegnastampa-totustuus.it\\\/cattolica\\\/#\\\/schema\\\/logo\\\/image\\\/\",\"url\":\"https:\\\/\\\/www.rassegnastampa-totustuus.it\\\/cattolica\\\/wp-content\\\/uploads\\\/2014\\\/04\\\/logo-rassegna1.gif\",\"contentUrl\":\"https:\\\/\\\/www.rassegnastampa-totustuus.it\\\/cattolica\\\/wp-content\\\/uploads\\\/2014\\\/04\\\/logo-rassegna1.gif\",\"width\":600,\"height\":163,\"caption\":\"Rassegna Stampa Cattolica\"},\"image\":{\"@id\":\"https:\\\/\\\/www.rassegnastampa-totustuus.it\\\/cattolica\\\/#\\\/schema\\\/logo\\\/image\\\/\"},\"sameAs\":[\"https:\\\/\\\/www.facebook.com\\\/rassegnastampacattolica\",\"https:\\\/\\\/x.com\\\/rassegnastampa9\"]},{\"@type\":\"Person\",\"@id\":\"https:\\\/\\\/www.rassegnastampa-totustuus.it\\\/cattolica\\\/#\\\/schema\\\/person\\\/08f319d2bd1a0904ad9e2bfb7b15e5c3\",\"name\":\"Redazione\",\"image\":{\"@type\":\"ImageObject\",\"inLanguage\":\"it-IT\",\"@id\":\"https:\\\/\\\/secure.gravatar.com\\\/avatar\\\/2fcdf27c78ea025fbdb44e914cc63c72249ffec9dc8aafd5c82b26240ef3f346?s=96&d=mm&r=g\",\"url\":\"https:\\\/\\\/secure.gravatar.com\\\/avatar\\\/2fcdf27c78ea025fbdb44e914cc63c72249ffec9dc8aafd5c82b26240ef3f346?s=96&d=mm&r=g\",\"contentUrl\":\"https:\\\/\\\/secure.gravatar.com\\\/avatar\\\/2fcdf27c78ea025fbdb44e914cc63c72249ffec9dc8aafd5c82b26240ef3f346?s=96&d=mm&r=g\",\"caption\":\"Redazione\"},\"url\":\"https:\\\/\\\/www.rassegnastampa-totustuus.it\\\/cattolica\\\/author\\\/pietroelle\\\/\"}]}<\/script>\n<!-- \/ Yoast SEO plugin. -->","yoast_head_json":{"title":"La preghiera preferita da Papa Francesco - Rassegna Stampa Cattolica","description":"Rassegna Stampa Cattolica - Per una cultura che nasce dalla Rivelazione cristiana in conformit\u00e0 alla tradizione e al Magistero della Chiesa in opposizione ad ogni relativismo e totalitarismo","robots":{"index":"index","follow":"follow","max-snippet":"max-snippet:-1","max-image-preview":"max-image-preview:large","max-video-preview":"max-video-preview:-1"},"canonical":"https:\/\/www.rassegnastampa-totustuus.it\/cattolica\/la-preghiera-preferita-da-papa-francesco\/","og_locale":"it_IT","og_type":"article","og_title":"La preghiera preferita da Papa Francesco - Rassegna Stampa Cattolica","og_description":"Rassegna Stampa Cattolica - Per una cultura che nasce dalla Rivelazione cristiana in conformit\u00e0 alla tradizione e al Magistero della Chiesa in opposizione ad ogni relativismo e totalitarismo","og_url":"https:\/\/www.rassegnastampa-totustuus.it\/cattolica\/la-preghiera-preferita-da-papa-francesco\/","og_site_name":"Rassegna Stampa Cattolica","article_publisher":"https:\/\/www.facebook.com\/rassegnastampacattolica","article_published_time":"2016-09-28T22:00:01+00:00","og_image":[{"width":390,"height":307,"url":"https:\/\/www.rassegnastampa-totustuus.it\/cattolica\/wp-content\/uploads\/2016\/09\/rosario.jpg","type":"image\/jpeg"}],"author":"Redazione","twitter_card":"summary_large_image","twitter_creator":"@rassegnastampa9","twitter_site":"@rassegnastampa9","twitter_misc":{"Scritto da":"Redazione","Tempo di lettura stimato":"6 minuti"},"schema":{"@context":"https:\/\/schema.org","@graph":[{"@type":"Article","@id":"https:\/\/www.rassegnastampa-totustuus.it\/cattolica\/la-preghiera-preferita-da-papa-francesco\/#article","isPartOf":{"@id":"https:\/\/www.rassegnastampa-totustuus.it\/cattolica\/la-preghiera-preferita-da-papa-francesco\/"},"author":{"name":"Redazione","@id":"https:\/\/www.rassegnastampa-totustuus.it\/cattolica\/#\/schema\/person\/08f319d2bd1a0904ad9e2bfb7b15e5c3"},"headline":"La preghiera preferita da Papa Francesco","datePublished":"2016-09-28T22:00:01+00:00","mainEntityOfPage":{"@id":"https:\/\/www.rassegnastampa-totustuus.it\/cattolica\/la-preghiera-preferita-da-papa-francesco\/"},"wordCount":1200,"publisher":{"@id":"https:\/\/www.rassegnastampa-totustuus.it\/cattolica\/#organization"},"image":{"@id":"https:\/\/www.rassegnastampa-totustuus.it\/cattolica\/la-preghiera-preferita-da-papa-francesco\/#primaryimage"},"thumbnailUrl":"https:\/\/www.rassegnastampa-totustuus.it\/cattolica\/wp-content\/uploads\/2016\/09\/rosario.jpg","keywords":["preghiera","santo rosario"],"articleSection":["Chiesa"],"inLanguage":"it-IT"},{"@type":"WebPage","@id":"https:\/\/www.rassegnastampa-totustuus.it\/cattolica\/la-preghiera-preferita-da-papa-francesco\/","url":"https:\/\/www.rassegnastampa-totustuus.it\/cattolica\/la-preghiera-preferita-da-papa-francesco\/","name":"La preghiera preferita da Papa Francesco - Rassegna Stampa Cattolica","isPartOf":{"@id":"https:\/\/www.rassegnastampa-totustuus.it\/cattolica\/#website"},"primaryImageOfPage":{"@id":"https:\/\/www.rassegnastampa-totustuus.it\/cattolica\/la-preghiera-preferita-da-papa-francesco\/#primaryimage"},"image":{"@id":"https:\/\/www.rassegnastampa-totustuus.it\/cattolica\/la-preghiera-preferita-da-papa-francesco\/#primaryimage"},"thumbnailUrl":"https:\/\/www.rassegnastampa-totustuus.it\/cattolica\/wp-content\/uploads\/2016\/09\/rosario.jpg","datePublished":"2016-09-28T22:00:01+00:00","description":"Rassegna Stampa Cattolica - Per una cultura che nasce dalla Rivelazione cristiana in conformit\u00e0 alla tradizione e al Magistero della Chiesa in opposizione ad ogni relativismo e totalitarismo","breadcrumb":{"@id":"https:\/\/www.rassegnastampa-totustuus.it\/cattolica\/la-preghiera-preferita-da-papa-francesco\/#breadcrumb"},"inLanguage":"it-IT","potentialAction":[{"@type":"ReadAction","target":["https:\/\/www.rassegnastampa-totustuus.it\/cattolica\/la-preghiera-preferita-da-papa-francesco\/"]}]},{"@type":"ImageObject","inLanguage":"it-IT","@id":"https:\/\/www.rassegnastampa-totustuus.it\/cattolica\/la-preghiera-preferita-da-papa-francesco\/#primaryimage","url":"https:\/\/www.rassegnastampa-totustuus.it\/cattolica\/wp-content\/uploads\/2016\/09\/rosario.jpg","contentUrl":"https:\/\/www.rassegnastampa-totustuus.it\/cattolica\/wp-content\/uploads\/2016\/09\/rosario.jpg","width":390,"height":307},{"@type":"BreadcrumbList","@id":"https:\/\/www.rassegnastampa-totustuus.it\/cattolica\/la-preghiera-preferita-da-papa-francesco\/#breadcrumb","itemListElement":[{"@type":"ListItem","position":1,"name":"Home","item":"https:\/\/www.rassegnastampa-totustuus.it\/cattolica\/"},{"@type":"ListItem","position":2,"name":"La preghiera preferita da Papa Francesco"}]},{"@type":"WebSite","@id":"https:\/\/www.rassegnastampa-totustuus.it\/cattolica\/#website","url":"https:\/\/www.rassegnastampa-totustuus.it\/cattolica\/","name":"Rassegna Stampa Cattolica","description":"Per una cultura che nasce dalla Rivelazione cristiana in conformit\u00e0 alla tradizione e al Magistero della Chiesa in opposizione ad ogni relativismo e totalitarismo","publisher":{"@id":"https:\/\/www.rassegnastampa-totustuus.it\/cattolica\/#organization"},"alternateName":"Rass. Cattolica","potentialAction":[{"@type":"SearchAction","target":{"@type":"EntryPoint","urlTemplate":"https:\/\/www.rassegnastampa-totustuus.it\/cattolica\/?s={search_term_string}"},"query-input":{"@type":"PropertyValueSpecification","valueRequired":true,"valueName":"search_term_string"}}],"inLanguage":"it-IT"},{"@type":"Organization","@id":"https:\/\/www.rassegnastampa-totustuus.it\/cattolica\/#organization","name":"Rassegna Stampa Cattolica","url":"https:\/\/www.rassegnastampa-totustuus.it\/cattolica\/","logo":{"@type":"ImageObject","inLanguage":"it-IT","@id":"https:\/\/www.rassegnastampa-totustuus.it\/cattolica\/#\/schema\/logo\/image\/","url":"https:\/\/www.rassegnastampa-totustuus.it\/cattolica\/wp-content\/uploads\/2014\/04\/logo-rassegna1.gif","contentUrl":"https:\/\/www.rassegnastampa-totustuus.it\/cattolica\/wp-content\/uploads\/2014\/04\/logo-rassegna1.gif","width":600,"height":163,"caption":"Rassegna Stampa Cattolica"},"image":{"@id":"https:\/\/www.rassegnastampa-totustuus.it\/cattolica\/#\/schema\/logo\/image\/"},"sameAs":["https:\/\/www.facebook.com\/rassegnastampacattolica","https:\/\/x.com\/rassegnastampa9"]},{"@type":"Person","@id":"https:\/\/www.rassegnastampa-totustuus.it\/cattolica\/#\/schema\/person\/08f319d2bd1a0904ad9e2bfb7b15e5c3","name":"Redazione","image":{"@type":"ImageObject","inLanguage":"it-IT","@id":"https:\/\/secure.gravatar.com\/avatar\/2fcdf27c78ea025fbdb44e914cc63c72249ffec9dc8aafd5c82b26240ef3f346?s=96&d=mm&r=g","url":"https:\/\/secure.gravatar.com\/avatar\/2fcdf27c78ea025fbdb44e914cc63c72249ffec9dc8aafd5c82b26240ef3f346?s=96&d=mm&r=g","contentUrl":"https:\/\/secure.gravatar.com\/avatar\/2fcdf27c78ea025fbdb44e914cc63c72249ffec9dc8aafd5c82b26240ef3f346?s=96&d=mm&r=g","caption":"Redazione"},"url":"https:\/\/www.rassegnastampa-totustuus.it\/cattolica\/author\/pietroelle\/"}]}},"_links":{"self":[{"href":"https:\/\/www.rassegnastampa-totustuus.it\/cattolica\/wp-json\/wp\/v2\/posts\/36402","targetHints":{"allow":["GET"]}}],"collection":[{"href":"https:\/\/www.rassegnastampa-totustuus.it\/cattolica\/wp-json\/wp\/v2\/posts"}],"about":[{"href":"https:\/\/www.rassegnastampa-totustuus.it\/cattolica\/wp-json\/wp\/v2\/types\/post"}],"author":[{"embeddable":true,"href":"https:\/\/www.rassegnastampa-totustuus.it\/cattolica\/wp-json\/wp\/v2\/users\/6"}],"replies":[{"embeddable":true,"href":"https:\/\/www.rassegnastampa-totustuus.it\/cattolica\/wp-json\/wp\/v2\/comments?post=36402"}],"version-history":[{"count":1,"href":"https:\/\/www.rassegnastampa-totustuus.it\/cattolica\/wp-json\/wp\/v2\/posts\/36402\/revisions"}],"predecessor-version":[{"id":36404,"href":"https:\/\/www.rassegnastampa-totustuus.it\/cattolica\/wp-json\/wp\/v2\/posts\/36402\/revisions\/36404"}],"wp:featuredmedia":[{"embeddable":true,"href":"https:\/\/www.rassegnastampa-totustuus.it\/cattolica\/wp-json\/wp\/v2\/media\/36403"}],"wp:attachment":[{"href":"https:\/\/www.rassegnastampa-totustuus.it\/cattolica\/wp-json\/wp\/v2\/media?parent=36402"}],"wp:term":[{"taxonomy":"category","embeddable":true,"href":"https:\/\/www.rassegnastampa-totustuus.it\/cattolica\/wp-json\/wp\/v2\/categories?post=36402"},{"taxonomy":"post_tag","embeddable":true,"href":"https:\/\/www.rassegnastampa-totustuus.it\/cattolica\/wp-json\/wp\/v2\/tags?post=36402"}],"curies":[{"name":"wp","href":"https:\/\/api.w.org\/{rel}","templated":true}]}}