{"id":36363,"date":"2016-09-29T00:00:37","date_gmt":"2016-09-28T22:00:37","guid":{"rendered":"http:\/\/www.rassegnastampa-totustuus.it\/cattolica\/?p=36363"},"modified":"2016-09-12T12:43:26","modified_gmt":"2016-09-12T10:43:26","slug":"dittatori-a-vita-questa-e-la-regola-che-regna-in-africa","status":"publish","type":"post","link":"https:\/\/www.rassegnastampa-totustuus.it\/cattolica\/dittatori-a-vita-questa-e-la-regola-che-regna-in-africa\/","title":{"rendered":"Dittatori a vita, questa \u00e8 la regola che regna in Africa"},"content":{"rendered":"<div id=\"attachment_36367\" style=\"width: 250px\" class=\"wp-caption alignleft\"><img loading=\"lazy\" decoding=\"async\" aria-describedby=\"caption-attachment-36367\" class=\"wp-image-36367\" src=\"https:\/\/www.rassegnastampa-totustuus.it\/cattolica\/wp-content\/uploads\/2016\/09\/Pierre-Nkurunziza.jpg\" alt=\"pierre-nkurunziza\" width=\"250\" height=\"187\" \/><p id=\"caption-attachment-36367\" class=\"wp-caption-text\">Pierre Nkurunziza<\/p><\/div>\n<p style=\"text-align: center;\"><strong>La Nuova bussola quotidiana<\/strong> 10 settembre 2016<\/p>\n<p style=\"text-align: center;\">di <strong>Anna Bono<\/strong><\/p>\n<p style=\"text-align: justify;\">L\u2019estate scorsa il presidente degli Stati Uniti Barack Obama, in visita all\u2019Unione africana ad Addis Abeba, ha ricordato ai suoi ospiti che \u00abnessuno dovrebbe essere presidente a vita\u00bb. Si \u00e8 sentito rispondere dai capi di Stato e di governo africani che sarebbe gravemente antidemocratico, ed \u00e8 quindi impensabile, impedire alla gente di eleggere chi le pare, tutte le volte che vuole.<\/p>\n<p style=\"text-align: justify;\"><!--more--><\/p>\n<p style=\"text-align: justify;\"><strong>E se non vuole, fa lo stesso, tanto peggio. Pierre Nkurunziza,<\/strong>presidente del Burundi dal 2005, lo scorso anno si \u00e8 candidato per la terza volta alla carica violando la costituzione del suo Paese che limita a due i mandati presidenziali che un cittadino pu\u00f2 svolgere. Ha represso brutalmente le manifestazioni popolari di protesta scoppiate quando nell\u2019aprile del 2015 ha annunciato la propria candidatura e poi tre mesi dopo quando \u00e8 stato proclamato vincitore di elezioni contestatissime per l\u2019evidenza di brogli in suo favore. All\u2019indomani della vittoria si \u00e8 detto certo di avere il diritto di restare il carica fino alla morte perch\u00e9 \u00e8 Dio che lo ha destinato al governo del Burundi. Il suo diritto per volont\u00e0 divina finora \u00e8 costato 400 dissidenti morti, migliaia in carcere e oltre 220.000 sfollati.<\/p>\n<p style=\"text-align: justify;\"><strong>Invece il presidente del Gambia, Yahya Jammet, al potere con un colpo di Stato nel 1994 e dal 1996 in<\/strong>\u00a0poi eletto, si rimette alla volont\u00e0 di Allah. \u00abManterr\u00f2 gli impegni con i miei connazionali e se dovr\u00f2 governare per un miliardo di anni lo far\u00f2, se Allah lo vuole\u00bb, ha detto a margine del vertice della Comunit\u00e0 economica dell\u2019Africa occidentale, Ecowas, svoltosi nel 2015 per decidere tra l\u2019altro come rispondere alla proposta delle Nazioni Unite di vietare ai capi di stato dei Paesi membri di svolgere pi\u00f9 di due mandati. I presidenti dei 15 stati Ecowas avevano espresso parere contrario all\u2019unanimit\u00e0.<\/p>\n<p style=\"text-align: justify;\"><strong>In questi giorni \u00e8 Ali Bongo, presidente del Gabon, a \u00abmantenere gli impegni\u00bb con i suoi connazionali.<\/strong> Il 27 agosto il Paese \u00e8 andato alle urne per scegliere il presidente della Repubblica. Bongo, eletto una prima volta nel 2009, si \u00e8 ricandidato e ha sconfitto con un esiguo margine di 5.594 voti l\u2019avversario Jean Ping. Alla proclamazione del vincitore \u00e8 seguita la denuncia di brogli da parte dell\u2019opposizione, confermata in parte dagli osservatori dell\u2019Unione europea. Da una settimana i sostenitori del leader sconfitto organizzano proteste e manifestazioni. Il ministro della giustizia Seraphim Moundounga ha dato le dimissioni per protesta e la Francia chiede che si ricontino i voti (e meglio farebbe a non immischiarsi, visto il disastro che ha provocato in Costa d\u2019Avorio schierandosi con uno dei candidati che rivendicavano la vittoria nel 2010)<\/p>\n<p style=\"text-align: justify;\"><strong>La Corte costituzionale che doveva pronunciarsi l\u20198 settembre in merito a un ricorso presentato da<\/strong>Ping non ha ancora deliberato. La missione mediatrice dell\u2019Unione africana che avrebbe dovuto recarsi in Gabon il giorno successivo \u00e8 stata rimandata: i capi di Stato che la compongono \u2013 Idriss D\u00e9by del Ciad, Macky Sall del Senegal e Denis Sassou-Nguesso, della Repubblica del Congo \u2013 hanno detto di aver bisogno di tempo per consultarsi. D\u00e9by e Sassou-Nguesso si sono liberati da tempo del fastidioso limite costituzionale dei due mandati presidenziali. Nonostante le proteste popolari e il biasimo internazionale, D\u00e9by, al potere dal 1991, ha iniziato il suo quinto mandato ad aprile e Sassou-Nguesso, in carica dal 1979, si \u00e8 fatto rieleggere a marzo.<\/p>\n<p style=\"text-align: justify;\"><strong>Intanto in Gabon gi\u00e0 sei persone sono state uccise durante gli scontri dei dimostranti con la polizia,<\/strong>105 sono rimaste ferite e circa 1.200 sono state arrestate. Il presidente Bongo ha accusato la missione dell\u2019Unione Europea di parzialit\u00e0 e il leader dell\u2019opposizione Ping di \u00abbrogli massicci\u00bb. Si \u00e8 rivolto alla Nazione con espressioni suadenti: \u00abil mio amore per il Gabon mi ha spinto a formulare un doppio progetto che si sintetizza in due parole: democrazia e progresso. \u00c8 del futuro del Gabon che si tratta, lo scriveremo insieme\u00bb.<\/p>\n<p style=\"text-align: justify;\"><strong>Bench\u00e9 governi da pochi anni, Ali Bongo \u00e8 un uomo potente e ricco grazie all\u2019eredit\u00e0 paterna, inclusa<\/strong>la carica stessa che ricopre essendo succeduto al padre Omar, presidente del Gabon dal 1967 fino alla morte, nel 2009. In oltre 40 anni Omar Bongo ha accumulato una fortuna, grazie ai proventi del petrolio di cui il Gabon \u00e8 produttore. Il patrimonio della famiglia Bongo in Francia, che comprende grandi propriet\u00e0 immobiliari, \u00e8 stimato in decine di milioni di dollari. Omar ha lasciato inoltre al figlio una costituzione che non pone limiti al numero di mandati presidenziali che un gabonese pu\u00f2 ricoprire.<\/p>\n<p style=\"text-align: justify;\"><strong>Come lui altri due leader africani hanno ereditato dal padre carica, potere e patrimonio: il presidente<\/strong>del Togo, Faure Gnassingbe, figlio di Eyadema, che prese il potere nel 1967 e lo conserv\u00f2 fino alla morte avvenuta nel 2005; e Joseph Kabila, presidente della Repubblica Democratica del Congo, succeduto nel 2001 al padre Laurent D\u00e9sir\u00e9, ucciso in un attentato. Sono tutti giovani: Ali Bongo ha 57 anni, Faure Gnassingbe ne ha 50, Joseph Kabila 45. Anche Pierre Nkurunziza ha solo 53 anni e Yahya Jammet ne ha 51. Appartengono alla nuova generazione di leader che qualcuno ha immaginato finalmente diversa, capace di portare l\u2019Africa nel XXI secolo.<\/p>\n<p style=\"text-align: justify;\"><strong>Lo si era pensato anche di quella precedente: quella di Melles Zenawi, rivelatosi implacabile premier <\/strong>in Etiopia, di Isaias Afewerki, responsabile di una delle peggiori dittature del mondo, di Yoweri Museveni e Paul Kagame, rispettivamente al potere in Uganda dal 1986 e in Rwanda dal 1994, determinati a conservare la carica il pi\u00f9 a lungo possibile e con ogni mezzo. Senza neanche rifarsi alla volont\u00e0 divina.<\/p>\n","protected":false},"excerpt":{"rendered":"<p>La Nuova bussola quotidiana 10 settembre 2016 di Anna Bono L\u2019estate scorsa il presidente degli Stati Uniti Barack Obama, in visita all\u2019Unione africana ad Addis Abeba, ha ricordato ai suoi ospiti che \u00abnessuno dovrebbe essere presidente a vita\u00bb. Si \u00e8 sentito rispondere dai capi di Stato e di governo africani che sarebbe gravemente antidemocratico, ed &hellip; <\/p>\n<p><a class=\"more-link btn\" href=\"https:\/\/www.rassegnastampa-totustuus.it\/cattolica\/dittatori-a-vita-questa-e-la-regola-che-regna-in-africa\/\">Continua a leggere<\/a><\/p>\n","protected":false},"author":6,"featured_media":36367,"comment_status":"closed","ping_status":"closed","sticky":false,"template":"","format":"standard","meta":{"footnotes":""},"categories":[39,108],"tags":[2393],"class_list":["post-36363","post","type-post","status-publish","format-standard","has-post-thumbnail","hentry","category-africa","category-paesi-e-continenti","tag-africa","item-wrap"],"yoast_head":"<!-- This site is optimized with the Yoast SEO plugin v27.4 - https:\/\/yoast.com\/product\/yoast-seo-wordpress\/ -->\n<title>Dittatori a vita, questa \u00e8 la regola che regna in Africa - Rassegna Stampa Cattolica<\/title>\n<meta name=\"description\" content=\"Rassegna Stampa Cattolica - Per una cultura che nasce dalla Rivelazione cristiana in conformit\u00e0 alla tradizione e al Magistero della Chiesa in opposizione ad ogni relativismo e totalitarismo\" \/>\n<meta name=\"robots\" content=\"index, follow, max-snippet:-1, max-image-preview:large, max-video-preview:-1\" \/>\n<link rel=\"canonical\" href=\"https:\/\/www.rassegnastampa-totustuus.it\/cattolica\/dittatori-a-vita-questa-e-la-regola-che-regna-in-africa\/\" \/>\n<meta property=\"og:locale\" content=\"it_IT\" \/>\n<meta property=\"og:type\" content=\"article\" \/>\n<meta property=\"og:title\" content=\"Dittatori a vita, questa \u00e8 la regola che regna in Africa - Rassegna Stampa Cattolica\" \/>\n<meta property=\"og:description\" content=\"Rassegna Stampa Cattolica - Per una cultura che nasce dalla Rivelazione cristiana in conformit\u00e0 alla tradizione e al Magistero della Chiesa in opposizione ad ogni relativismo e totalitarismo\" \/>\n<meta property=\"og:url\" content=\"https:\/\/www.rassegnastampa-totustuus.it\/cattolica\/dittatori-a-vita-questa-e-la-regola-che-regna-in-africa\/\" \/>\n<meta property=\"og:site_name\" content=\"Rassegna Stampa Cattolica\" \/>\n<meta property=\"article:publisher\" content=\"https:\/\/www.facebook.com\/rassegnastampacattolica\" \/>\n<meta property=\"article:published_time\" content=\"2016-09-28T22:00:37+00:00\" \/>\n<meta property=\"og:image\" content=\"https:\/\/www.rassegnastampa-totustuus.it\/cattolica\/wp-content\/uploads\/2016\/09\/Pierre-Nkurunziza.jpg\" \/>\n\t<meta property=\"og:image:width\" content=\"259\" \/>\n\t<meta property=\"og:image:height\" content=\"194\" \/>\n\t<meta property=\"og:image:type\" content=\"image\/jpeg\" \/>\n<meta name=\"author\" content=\"Redazione\" \/>\n<meta name=\"twitter:card\" content=\"summary_large_image\" \/>\n<meta name=\"twitter:creator\" content=\"@rassegnastampa9\" \/>\n<meta name=\"twitter:site\" content=\"@rassegnastampa9\" \/>\n<meta name=\"twitter:label1\" content=\"Scritto da\" \/>\n\t<meta name=\"twitter:data1\" content=\"Redazione\" \/>\n\t<meta name=\"twitter:label2\" content=\"Tempo di lettura stimato\" \/>\n\t<meta name=\"twitter:data2\" content=\"4 minuti\" \/>\n<script type=\"application\/ld+json\" class=\"yoast-schema-graph\">{\"@context\":\"https:\\\/\\\/schema.org\",\"@graph\":[{\"@type\":\"Article\",\"@id\":\"https:\\\/\\\/www.rassegnastampa-totustuus.it\\\/cattolica\\\/dittatori-a-vita-questa-e-la-regola-che-regna-in-africa\\\/#article\",\"isPartOf\":{\"@id\":\"https:\\\/\\\/www.rassegnastampa-totustuus.it\\\/cattolica\\\/dittatori-a-vita-questa-e-la-regola-che-regna-in-africa\\\/\"},\"author\":{\"name\":\"Redazione\",\"@id\":\"https:\\\/\\\/www.rassegnastampa-totustuus.it\\\/cattolica\\\/#\\\/schema\\\/person\\\/08f319d2bd1a0904ad9e2bfb7b15e5c3\"},\"headline\":\"Dittatori a vita, questa \u00e8 la regola che regna in Africa\",\"datePublished\":\"2016-09-28T22:00:37+00:00\",\"mainEntityOfPage\":{\"@id\":\"https:\\\/\\\/www.rassegnastampa-totustuus.it\\\/cattolica\\\/dittatori-a-vita-questa-e-la-regola-che-regna-in-africa\\\/\"},\"wordCount\":904,\"publisher\":{\"@id\":\"https:\\\/\\\/www.rassegnastampa-totustuus.it\\\/cattolica\\\/#organization\"},\"image\":{\"@id\":\"https:\\\/\\\/www.rassegnastampa-totustuus.it\\\/cattolica\\\/dittatori-a-vita-questa-e-la-regola-che-regna-in-africa\\\/#primaryimage\"},\"thumbnailUrl\":\"https:\\\/\\\/www.rassegnastampa-totustuus.it\\\/cattolica\\\/wp-content\\\/uploads\\\/2016\\\/09\\\/Pierre-Nkurunziza.jpg\",\"keywords\":[\"Africa\"],\"articleSection\":[\"Africa\",\"Paesi e continenti\"],\"inLanguage\":\"it-IT\"},{\"@type\":\"WebPage\",\"@id\":\"https:\\\/\\\/www.rassegnastampa-totustuus.it\\\/cattolica\\\/dittatori-a-vita-questa-e-la-regola-che-regna-in-africa\\\/\",\"url\":\"https:\\\/\\\/www.rassegnastampa-totustuus.it\\\/cattolica\\\/dittatori-a-vita-questa-e-la-regola-che-regna-in-africa\\\/\",\"name\":\"Dittatori a vita, questa \u00e8 la regola che regna in Africa - Rassegna Stampa Cattolica\",\"isPartOf\":{\"@id\":\"https:\\\/\\\/www.rassegnastampa-totustuus.it\\\/cattolica\\\/#website\"},\"primaryImageOfPage\":{\"@id\":\"https:\\\/\\\/www.rassegnastampa-totustuus.it\\\/cattolica\\\/dittatori-a-vita-questa-e-la-regola-che-regna-in-africa\\\/#primaryimage\"},\"image\":{\"@id\":\"https:\\\/\\\/www.rassegnastampa-totustuus.it\\\/cattolica\\\/dittatori-a-vita-questa-e-la-regola-che-regna-in-africa\\\/#primaryimage\"},\"thumbnailUrl\":\"https:\\\/\\\/www.rassegnastampa-totustuus.it\\\/cattolica\\\/wp-content\\\/uploads\\\/2016\\\/09\\\/Pierre-Nkurunziza.jpg\",\"datePublished\":\"2016-09-28T22:00:37+00:00\",\"description\":\"Rassegna Stampa Cattolica - Per una cultura che nasce dalla Rivelazione cristiana in conformit\u00e0 alla tradizione e al Magistero della Chiesa in opposizione ad ogni relativismo e totalitarismo\",\"breadcrumb\":{\"@id\":\"https:\\\/\\\/www.rassegnastampa-totustuus.it\\\/cattolica\\\/dittatori-a-vita-questa-e-la-regola-che-regna-in-africa\\\/#breadcrumb\"},\"inLanguage\":\"it-IT\",\"potentialAction\":[{\"@type\":\"ReadAction\",\"target\":[\"https:\\\/\\\/www.rassegnastampa-totustuus.it\\\/cattolica\\\/dittatori-a-vita-questa-e-la-regola-che-regna-in-africa\\\/\"]}]},{\"@type\":\"ImageObject\",\"inLanguage\":\"it-IT\",\"@id\":\"https:\\\/\\\/www.rassegnastampa-totustuus.it\\\/cattolica\\\/dittatori-a-vita-questa-e-la-regola-che-regna-in-africa\\\/#primaryimage\",\"url\":\"https:\\\/\\\/www.rassegnastampa-totustuus.it\\\/cattolica\\\/wp-content\\\/uploads\\\/2016\\\/09\\\/Pierre-Nkurunziza.jpg\",\"contentUrl\":\"https:\\\/\\\/www.rassegnastampa-totustuus.it\\\/cattolica\\\/wp-content\\\/uploads\\\/2016\\\/09\\\/Pierre-Nkurunziza.jpg\",\"width\":259,\"height\":194},{\"@type\":\"BreadcrumbList\",\"@id\":\"https:\\\/\\\/www.rassegnastampa-totustuus.it\\\/cattolica\\\/dittatori-a-vita-questa-e-la-regola-che-regna-in-africa\\\/#breadcrumb\",\"itemListElement\":[{\"@type\":\"ListItem\",\"position\":1,\"name\":\"Home\",\"item\":\"https:\\\/\\\/www.rassegnastampa-totustuus.it\\\/cattolica\\\/\"},{\"@type\":\"ListItem\",\"position\":2,\"name\":\"Dittatori a vita, questa \u00e8 la regola che regna in Africa\"}]},{\"@type\":\"WebSite\",\"@id\":\"https:\\\/\\\/www.rassegnastampa-totustuus.it\\\/cattolica\\\/#website\",\"url\":\"https:\\\/\\\/www.rassegnastampa-totustuus.it\\\/cattolica\\\/\",\"name\":\"Rassegna Stampa Cattolica\",\"description\":\"Per una cultura che nasce dalla Rivelazione cristiana in conformit\u00e0 alla tradizione e al Magistero della Chiesa in opposizione ad ogni relativismo e totalitarismo\",\"publisher\":{\"@id\":\"https:\\\/\\\/www.rassegnastampa-totustuus.it\\\/cattolica\\\/#organization\"},\"alternateName\":\"Rass. Cattolica\",\"potentialAction\":[{\"@type\":\"SearchAction\",\"target\":{\"@type\":\"EntryPoint\",\"urlTemplate\":\"https:\\\/\\\/www.rassegnastampa-totustuus.it\\\/cattolica\\\/?s={search_term_string}\"},\"query-input\":{\"@type\":\"PropertyValueSpecification\",\"valueRequired\":true,\"valueName\":\"search_term_string\"}}],\"inLanguage\":\"it-IT\"},{\"@type\":\"Organization\",\"@id\":\"https:\\\/\\\/www.rassegnastampa-totustuus.it\\\/cattolica\\\/#organization\",\"name\":\"Rassegna Stampa Cattolica\",\"url\":\"https:\\\/\\\/www.rassegnastampa-totustuus.it\\\/cattolica\\\/\",\"logo\":{\"@type\":\"ImageObject\",\"inLanguage\":\"it-IT\",\"@id\":\"https:\\\/\\\/www.rassegnastampa-totustuus.it\\\/cattolica\\\/#\\\/schema\\\/logo\\\/image\\\/\",\"url\":\"https:\\\/\\\/www.rassegnastampa-totustuus.it\\\/cattolica\\\/wp-content\\\/uploads\\\/2014\\\/04\\\/logo-rassegna1.gif\",\"contentUrl\":\"https:\\\/\\\/www.rassegnastampa-totustuus.it\\\/cattolica\\\/wp-content\\\/uploads\\\/2014\\\/04\\\/logo-rassegna1.gif\",\"width\":600,\"height\":163,\"caption\":\"Rassegna Stampa Cattolica\"},\"image\":{\"@id\":\"https:\\\/\\\/www.rassegnastampa-totustuus.it\\\/cattolica\\\/#\\\/schema\\\/logo\\\/image\\\/\"},\"sameAs\":[\"https:\\\/\\\/www.facebook.com\\\/rassegnastampacattolica\",\"https:\\\/\\\/x.com\\\/rassegnastampa9\"]},{\"@type\":\"Person\",\"@id\":\"https:\\\/\\\/www.rassegnastampa-totustuus.it\\\/cattolica\\\/#\\\/schema\\\/person\\\/08f319d2bd1a0904ad9e2bfb7b15e5c3\",\"name\":\"Redazione\",\"image\":{\"@type\":\"ImageObject\",\"inLanguage\":\"it-IT\",\"@id\":\"https:\\\/\\\/secure.gravatar.com\\\/avatar\\\/2fcdf27c78ea025fbdb44e914cc63c72249ffec9dc8aafd5c82b26240ef3f346?s=96&d=mm&r=g\",\"url\":\"https:\\\/\\\/secure.gravatar.com\\\/avatar\\\/2fcdf27c78ea025fbdb44e914cc63c72249ffec9dc8aafd5c82b26240ef3f346?s=96&d=mm&r=g\",\"contentUrl\":\"https:\\\/\\\/secure.gravatar.com\\\/avatar\\\/2fcdf27c78ea025fbdb44e914cc63c72249ffec9dc8aafd5c82b26240ef3f346?s=96&d=mm&r=g\",\"caption\":\"Redazione\"},\"url\":\"https:\\\/\\\/www.rassegnastampa-totustuus.it\\\/cattolica\\\/author\\\/pietroelle\\\/\"}]}<\/script>\n<!-- \/ Yoast SEO plugin. -->","yoast_head_json":{"title":"Dittatori a vita, questa \u00e8 la regola che regna in Africa - Rassegna Stampa Cattolica","description":"Rassegna Stampa Cattolica - Per una cultura che nasce dalla Rivelazione cristiana in conformit\u00e0 alla tradizione e al Magistero della Chiesa in opposizione ad ogni relativismo e totalitarismo","robots":{"index":"index","follow":"follow","max-snippet":"max-snippet:-1","max-image-preview":"max-image-preview:large","max-video-preview":"max-video-preview:-1"},"canonical":"https:\/\/www.rassegnastampa-totustuus.it\/cattolica\/dittatori-a-vita-questa-e-la-regola-che-regna-in-africa\/","og_locale":"it_IT","og_type":"article","og_title":"Dittatori a vita, questa \u00e8 la regola che regna in Africa - Rassegna Stampa Cattolica","og_description":"Rassegna Stampa Cattolica - Per una cultura che nasce dalla Rivelazione cristiana in conformit\u00e0 alla tradizione e al Magistero della Chiesa in opposizione ad ogni relativismo e totalitarismo","og_url":"https:\/\/www.rassegnastampa-totustuus.it\/cattolica\/dittatori-a-vita-questa-e-la-regola-che-regna-in-africa\/","og_site_name":"Rassegna Stampa Cattolica","article_publisher":"https:\/\/www.facebook.com\/rassegnastampacattolica","article_published_time":"2016-09-28T22:00:37+00:00","og_image":[{"width":259,"height":194,"url":"https:\/\/www.rassegnastampa-totustuus.it\/cattolica\/wp-content\/uploads\/2016\/09\/Pierre-Nkurunziza.jpg","type":"image\/jpeg"}],"author":"Redazione","twitter_card":"summary_large_image","twitter_creator":"@rassegnastampa9","twitter_site":"@rassegnastampa9","twitter_misc":{"Scritto da":"Redazione","Tempo di lettura stimato":"4 minuti"},"schema":{"@context":"https:\/\/schema.org","@graph":[{"@type":"Article","@id":"https:\/\/www.rassegnastampa-totustuus.it\/cattolica\/dittatori-a-vita-questa-e-la-regola-che-regna-in-africa\/#article","isPartOf":{"@id":"https:\/\/www.rassegnastampa-totustuus.it\/cattolica\/dittatori-a-vita-questa-e-la-regola-che-regna-in-africa\/"},"author":{"name":"Redazione","@id":"https:\/\/www.rassegnastampa-totustuus.it\/cattolica\/#\/schema\/person\/08f319d2bd1a0904ad9e2bfb7b15e5c3"},"headline":"Dittatori a vita, questa \u00e8 la regola che regna in Africa","datePublished":"2016-09-28T22:00:37+00:00","mainEntityOfPage":{"@id":"https:\/\/www.rassegnastampa-totustuus.it\/cattolica\/dittatori-a-vita-questa-e-la-regola-che-regna-in-africa\/"},"wordCount":904,"publisher":{"@id":"https:\/\/www.rassegnastampa-totustuus.it\/cattolica\/#organization"},"image":{"@id":"https:\/\/www.rassegnastampa-totustuus.it\/cattolica\/dittatori-a-vita-questa-e-la-regola-che-regna-in-africa\/#primaryimage"},"thumbnailUrl":"https:\/\/www.rassegnastampa-totustuus.it\/cattolica\/wp-content\/uploads\/2016\/09\/Pierre-Nkurunziza.jpg","keywords":["Africa"],"articleSection":["Africa","Paesi e continenti"],"inLanguage":"it-IT"},{"@type":"WebPage","@id":"https:\/\/www.rassegnastampa-totustuus.it\/cattolica\/dittatori-a-vita-questa-e-la-regola-che-regna-in-africa\/","url":"https:\/\/www.rassegnastampa-totustuus.it\/cattolica\/dittatori-a-vita-questa-e-la-regola-che-regna-in-africa\/","name":"Dittatori a vita, questa \u00e8 la regola che regna in Africa - Rassegna Stampa Cattolica","isPartOf":{"@id":"https:\/\/www.rassegnastampa-totustuus.it\/cattolica\/#website"},"primaryImageOfPage":{"@id":"https:\/\/www.rassegnastampa-totustuus.it\/cattolica\/dittatori-a-vita-questa-e-la-regola-che-regna-in-africa\/#primaryimage"},"image":{"@id":"https:\/\/www.rassegnastampa-totustuus.it\/cattolica\/dittatori-a-vita-questa-e-la-regola-che-regna-in-africa\/#primaryimage"},"thumbnailUrl":"https:\/\/www.rassegnastampa-totustuus.it\/cattolica\/wp-content\/uploads\/2016\/09\/Pierre-Nkurunziza.jpg","datePublished":"2016-09-28T22:00:37+00:00","description":"Rassegna Stampa Cattolica - Per una cultura che nasce dalla Rivelazione cristiana in conformit\u00e0 alla tradizione e al Magistero della Chiesa in opposizione ad ogni relativismo e totalitarismo","breadcrumb":{"@id":"https:\/\/www.rassegnastampa-totustuus.it\/cattolica\/dittatori-a-vita-questa-e-la-regola-che-regna-in-africa\/#breadcrumb"},"inLanguage":"it-IT","potentialAction":[{"@type":"ReadAction","target":["https:\/\/www.rassegnastampa-totustuus.it\/cattolica\/dittatori-a-vita-questa-e-la-regola-che-regna-in-africa\/"]}]},{"@type":"ImageObject","inLanguage":"it-IT","@id":"https:\/\/www.rassegnastampa-totustuus.it\/cattolica\/dittatori-a-vita-questa-e-la-regola-che-regna-in-africa\/#primaryimage","url":"https:\/\/www.rassegnastampa-totustuus.it\/cattolica\/wp-content\/uploads\/2016\/09\/Pierre-Nkurunziza.jpg","contentUrl":"https:\/\/www.rassegnastampa-totustuus.it\/cattolica\/wp-content\/uploads\/2016\/09\/Pierre-Nkurunziza.jpg","width":259,"height":194},{"@type":"BreadcrumbList","@id":"https:\/\/www.rassegnastampa-totustuus.it\/cattolica\/dittatori-a-vita-questa-e-la-regola-che-regna-in-africa\/#breadcrumb","itemListElement":[{"@type":"ListItem","position":1,"name":"Home","item":"https:\/\/www.rassegnastampa-totustuus.it\/cattolica\/"},{"@type":"ListItem","position":2,"name":"Dittatori a vita, questa \u00e8 la regola che regna in Africa"}]},{"@type":"WebSite","@id":"https:\/\/www.rassegnastampa-totustuus.it\/cattolica\/#website","url":"https:\/\/www.rassegnastampa-totustuus.it\/cattolica\/","name":"Rassegna Stampa Cattolica","description":"Per una cultura che nasce dalla Rivelazione cristiana in conformit\u00e0 alla tradizione e al Magistero della Chiesa in opposizione ad ogni relativismo e totalitarismo","publisher":{"@id":"https:\/\/www.rassegnastampa-totustuus.it\/cattolica\/#organization"},"alternateName":"Rass. Cattolica","potentialAction":[{"@type":"SearchAction","target":{"@type":"EntryPoint","urlTemplate":"https:\/\/www.rassegnastampa-totustuus.it\/cattolica\/?s={search_term_string}"},"query-input":{"@type":"PropertyValueSpecification","valueRequired":true,"valueName":"search_term_string"}}],"inLanguage":"it-IT"},{"@type":"Organization","@id":"https:\/\/www.rassegnastampa-totustuus.it\/cattolica\/#organization","name":"Rassegna Stampa Cattolica","url":"https:\/\/www.rassegnastampa-totustuus.it\/cattolica\/","logo":{"@type":"ImageObject","inLanguage":"it-IT","@id":"https:\/\/www.rassegnastampa-totustuus.it\/cattolica\/#\/schema\/logo\/image\/","url":"https:\/\/www.rassegnastampa-totustuus.it\/cattolica\/wp-content\/uploads\/2014\/04\/logo-rassegna1.gif","contentUrl":"https:\/\/www.rassegnastampa-totustuus.it\/cattolica\/wp-content\/uploads\/2014\/04\/logo-rassegna1.gif","width":600,"height":163,"caption":"Rassegna Stampa Cattolica"},"image":{"@id":"https:\/\/www.rassegnastampa-totustuus.it\/cattolica\/#\/schema\/logo\/image\/"},"sameAs":["https:\/\/www.facebook.com\/rassegnastampacattolica","https:\/\/x.com\/rassegnastampa9"]},{"@type":"Person","@id":"https:\/\/www.rassegnastampa-totustuus.it\/cattolica\/#\/schema\/person\/08f319d2bd1a0904ad9e2bfb7b15e5c3","name":"Redazione","image":{"@type":"ImageObject","inLanguage":"it-IT","@id":"https:\/\/secure.gravatar.com\/avatar\/2fcdf27c78ea025fbdb44e914cc63c72249ffec9dc8aafd5c82b26240ef3f346?s=96&d=mm&r=g","url":"https:\/\/secure.gravatar.com\/avatar\/2fcdf27c78ea025fbdb44e914cc63c72249ffec9dc8aafd5c82b26240ef3f346?s=96&d=mm&r=g","contentUrl":"https:\/\/secure.gravatar.com\/avatar\/2fcdf27c78ea025fbdb44e914cc63c72249ffec9dc8aafd5c82b26240ef3f346?s=96&d=mm&r=g","caption":"Redazione"},"url":"https:\/\/www.rassegnastampa-totustuus.it\/cattolica\/author\/pietroelle\/"}]}},"_links":{"self":[{"href":"https:\/\/www.rassegnastampa-totustuus.it\/cattolica\/wp-json\/wp\/v2\/posts\/36363","targetHints":{"allow":["GET"]}}],"collection":[{"href":"https:\/\/www.rassegnastampa-totustuus.it\/cattolica\/wp-json\/wp\/v2\/posts"}],"about":[{"href":"https:\/\/www.rassegnastampa-totustuus.it\/cattolica\/wp-json\/wp\/v2\/types\/post"}],"author":[{"embeddable":true,"href":"https:\/\/www.rassegnastampa-totustuus.it\/cattolica\/wp-json\/wp\/v2\/users\/6"}],"replies":[{"embeddable":true,"href":"https:\/\/www.rassegnastampa-totustuus.it\/cattolica\/wp-json\/wp\/v2\/comments?post=36363"}],"version-history":[{"count":3,"href":"https:\/\/www.rassegnastampa-totustuus.it\/cattolica\/wp-json\/wp\/v2\/posts\/36363\/revisions"}],"predecessor-version":[{"id":36369,"href":"https:\/\/www.rassegnastampa-totustuus.it\/cattolica\/wp-json\/wp\/v2\/posts\/36363\/revisions\/36369"}],"wp:featuredmedia":[{"embeddable":true,"href":"https:\/\/www.rassegnastampa-totustuus.it\/cattolica\/wp-json\/wp\/v2\/media\/36367"}],"wp:attachment":[{"href":"https:\/\/www.rassegnastampa-totustuus.it\/cattolica\/wp-json\/wp\/v2\/media?parent=36363"}],"wp:term":[{"taxonomy":"category","embeddable":true,"href":"https:\/\/www.rassegnastampa-totustuus.it\/cattolica\/wp-json\/wp\/v2\/categories?post=36363"},{"taxonomy":"post_tag","embeddable":true,"href":"https:\/\/www.rassegnastampa-totustuus.it\/cattolica\/wp-json\/wp\/v2\/tags?post=36363"}],"curies":[{"name":"wp","href":"https:\/\/api.w.org\/{rel}","templated":true}]}}