{"id":36267,"date":"2016-09-29T00:00:42","date_gmt":"2016-09-28T22:00:42","guid":{"rendered":"http:\/\/www.rassegnastampa-totustuus.it\/cattolica\/?p=36267"},"modified":"2016-09-29T19:06:53","modified_gmt":"2016-09-29T17:06:53","slug":"il-buon-selvaggio-e-un-mito-quello-cattivo-era-la-realta","status":"publish","type":"post","link":"https:\/\/www.rassegnastampa-totustuus.it\/cattolica\/il-buon-selvaggio-e-un-mito-quello-cattivo-era-la-realta\/","title":{"rendered":"Il buon selvaggio \u00e8 un mito. Quello cattivo era la realt\u00e0"},"content":{"rendered":"<p style=\"text-align: center;\"><strong><img loading=\"lazy\" decoding=\"async\" class=\"wp-image-36269 alignright\" src=\"https:\/\/www.rassegnastampa-totustuus.it\/cattolica\/wp-content\/uploads\/2016\/08\/cannibali.jpg\" alt=\"cannibali\" width=\"244\" height=\"207\" \/>Il Giornale.it<\/strong> 17 agosto 2016<\/p>\n<p style=\"text-align: justify;\"><em>Schiavisti, torturatori e cannibali. Dalle Americhe all&#8217;Africa i &#8220;nativi&#8221; furono peggiori dei colonizzatori<\/em><\/p>\n<p style=\"text-align: center;\"><strong>Camillo Langone<\/strong><\/p>\n<p style=\"text-align: center;\"><!--more--><\/p>\n<p style=\"text-align: justify;\">Come si chiama la piattaforma digitale del Movimento Cinque Stelle? Rousseau. E quale mito il filosofo svizzero-francese \u00e8 riuscito a radicare nella mente porosa degli europei moderni? Il buon selvaggio.<\/p>\n<p style=\"text-align: justify;\">Quindi <em>Incontri coi selvaggi <\/em>di Jean Talon (Quodlibet, pagg. 204, euro 15) non \u00e8 solo una piacevole lettura, \u00e8 anche un libro involontariamente politico. L&#8217;autore (bolognese, a dispetto del nome) fa parte del giro Celati-Cavazzoni e racconta secoli di contatti fra l&#8217;uomo bianco e gli indigeni con lo svagato distacco tipico di quell&#8217;ambiente letterario, senza prendere posizione, senza tesi da dimostrare. Eppure dopo pochi capitoli diventa inevitabile tifare per l&#8217;esploratore, che magari \u00e8 un pazzo, un uomo animato da manie di grandezza, da sogni insensati, ma che immancabilmente si imbatte in un soggetto peggiore di lui: il Cattivo Selvaggio.<\/p>\n<p style=\"text-align: justify;\">Ovvio che le avventure siano quasi sempre disavventure. Nelle prime pagine, dedicate allo spagnolo del sedicesimo secolo Cabeza de Vaca, nome da protagonista di film di Herzog, troviamo aztechi che compiono sacrifici umani, indiani dei Caraibi che dopo aver catturato i bianchi li affogano in mare, indiani del Nordamerica che dopo aver catturato i bianchi li riducono in schiavit\u00f9 trasformandoli in bestie da soma&#8230;<\/p>\n<p style=\"text-align: justify;\">Son forse meglio gli indigeni africani? Ma per carit\u00e0. All&#8217;inizio dell&#8217;Ottocento il francese Ren\u00e9 Cailli\u00e9 si mise in testa l&#8217;assurda idea di raggiungere Timbuct\u00f9, la leggendaria porta del Sahara, e mal gliene incolse. L&#8217;unico modo era spacciarsi per arabo (e il razzismo sarebbe un&#8217;invenzione occidentale?) oltre che (c&#8217;era bisogno di dirlo?) per musulmano. Lo spericolato e purtroppo per lui disarmato esploratore si prest\u00f2 al travestimento ma non fu sufficiente, visto che fra Senegal e Mauritania i bambini dei villaggi lo accoglievano con lanci di pietre gridando: \u00abVenite a vedere il cristiano!\u00bb.<\/p>\n<p style=\"text-align: justify;\">Rispettare un ramadan rigidissimo \u00e8 un problema ovunque, figuriamoci nel deserto: \u00abA un certo punto il caldo e la sete si fanno cos\u00ec insopportabili che viene consentito sciacquarsi la faccia e la bocca con un po&#8217; d&#8217;acqua, a condizione ovviamente di non ingerirne. Durante queste operazioni Cailli\u00e9 \u00e8 osservato con particolare attenzione, sa benissimo che qualora fosse colto a ingerire un solo sorso d&#8217;acqua sarebbe massacrato seduta stante\u00bb.<\/p>\n<p style=\"text-align: justify;\">Fa un certo effetto leggere queste righe nel tempo in cui da tutti i pulpiti, specie ecclesiastici ma non solo, si parla di islam religione di pace, Corano libro di pace, Maometto uomo di pace, musulmani popolo di pace&#8230; La violenza che si respira nel capitolo sul disgraziato Cailli\u00e9 non sembra avere motivazioni che non siano religiose. Oggi ci sono preti sedicenti cattolici secondo i quali il terrorismo islamico \u00e8 motivato dalle passate umiliazioni coloniali ma, a prescindere dalla stomachevole giustificazione della vendetta da parte di coloro che dovrebbero insegnare a porgere l&#8217;altra guancia, e non a tirare l&#8217;altra bomba, l&#8217;esploratore francese arriv\u00f2 nell&#8217;odierno Mali mezzo secolo prima della colonizzazione: in molte localit\u00e0 non avevano mai visto un europeo, pertanto l&#8217;ostilit\u00e0 verso lo straniero non aveva motivazioni storiche, ma era gi\u00e0 scritta nei codici di quelle popolazioni.<\/p>\n<p style=\"text-align: justify;\">Si noti infine che i mauri, i nomadi berberi a cui piaceva seviziare Cailli\u00e9, di mestiere facevano i mercanti di schiavi: africani che schiavizzavano altri africani, tutto un contesto di brutalit\u00e0 e sopraffazione in cui il colonialismo non c&#8217;entrava niente, l&#8217;Europa non c&#8217;entrava niente.<\/p>\n<p style=\"text-align: justify;\">E i sudamericani? L&#8217;esploratore inglese che nel 1741 visit\u00f2 i fuegini, gli antichi abitanti della Terra del Fuoco, vide \u00abun uomo uccidere il figlio, colpevole di aver lasciato cadere una cesta piena di ricci in mare, scaraventandolo contro le rocce di una scogliera\u00bb. Un perfetto esemplare di Cattivo Selvaggio.<\/p>\n<p style=\"text-align: justify;\">Il navigatore Robert FitzRoy quasi un secolo dopo non rilev\u00f2 miglioramenti, anzi scopr\u00ec che quando l&#8217;arcipelago veniva colpito dalla carestia, e probabilmente succedeva spesso, gli indigeni, affamati, prima dei cani uccidevano e mangiavano la donna pi\u00f9 anziana della famiglia. Spiegandolo cos\u00ec all&#8217;europeo perplesso: \u00abPerch\u00e9 i cani catturano le lontre, mentre le vecchie no\u00bb.<\/p>\n<p style=\"text-align: justify;\">Che i tropici siano tristi lo sappiamo almeno dai libri di L\u00e9vi-Strauss, ma questi selvaggi esageravano. Quelle che Talon con sprezzatura definisce \u00abstorie minori in gran parte ricavate dalla letteratura etnografica\u00bb sono invece tragicomiche smentite del mito di Rousseau che, lungi dall&#8217;essere un&#8217;impolverata idea filosofica del diciottesimo secolo, \u00e8 ancora vivissimo e capace di alimentare le ideologie dominanti del ventunesimo secolo, dal grillismo all&#8217;ecologismo fino all&#8217;immigrazionismo.<\/p>\n","protected":false},"excerpt":{"rendered":"<p>Il Giornale.it 17 agosto 2016 Schiavisti, torturatori e cannibali. Dalle Americhe all&#8217;Africa i &#8220;nativi&#8221; furono peggiori dei colonizzatori Camillo Langone<\/p><p><a class=\"more-link btn\" href=\"https:\/\/www.rassegnastampa-totustuus.it\/cattolica\/il-buon-selvaggio-e-un-mito-quello-cattivo-era-la-realta\/\">Continua a leggere<\/a><\/p>\n","protected":false},"author":6,"featured_media":36269,"comment_status":"closed","ping_status":"closed","sticky":false,"template":"","format":"standard","meta":{"footnotes":""},"categories":[8,57,24],"tags":[1116],"class_list":["post-36267","post","type-post","status-publish","format-standard","has-post-thumbnail","hentry","category-cultura-e-tradizioni","category-filosofia","category-storia","tag-buon-selvaggio","item-wrap"],"yoast_head":"<!-- This site is optimized with the Yoast SEO plugin v27.4 - https:\/\/yoast.com\/product\/yoast-seo-wordpress\/ -->\n<title>Il buon selvaggio \u00e8 un mito. Quello cattivo era la realt\u00e0 - Rassegna Stampa Cattolica<\/title>\n<meta name=\"description\" content=\"Rassegna Stampa Cattolica - Per una cultura che nasce dalla Rivelazione cristiana in conformit\u00e0 alla tradizione e al Magistero della Chiesa in opposizione ad ogni relativismo e totalitarismo\" \/>\n<meta name=\"robots\" content=\"index, follow, max-snippet:-1, max-image-preview:large, max-video-preview:-1\" \/>\n<link rel=\"canonical\" href=\"https:\/\/www.rassegnastampa-totustuus.it\/cattolica\/il-buon-selvaggio-e-un-mito-quello-cattivo-era-la-realta\/\" \/>\n<meta property=\"og:locale\" content=\"it_IT\" \/>\n<meta property=\"og:type\" content=\"article\" \/>\n<meta property=\"og:title\" content=\"Il buon selvaggio \u00e8 un mito. Quello cattivo era la realt\u00e0 - Rassegna Stampa Cattolica\" \/>\n<meta property=\"og:description\" content=\"Rassegna Stampa Cattolica - Per una cultura che nasce dalla Rivelazione cristiana in conformit\u00e0 alla tradizione e al Magistero della Chiesa in opposizione ad ogni relativismo e totalitarismo\" \/>\n<meta property=\"og:url\" content=\"https:\/\/www.rassegnastampa-totustuus.it\/cattolica\/il-buon-selvaggio-e-un-mito-quello-cattivo-era-la-realta\/\" \/>\n<meta property=\"og:site_name\" content=\"Rassegna Stampa Cattolica\" \/>\n<meta property=\"article:publisher\" content=\"https:\/\/www.facebook.com\/rassegnastampacattolica\" \/>\n<meta property=\"article:published_time\" content=\"2016-09-28T22:00:42+00:00\" \/>\n<meta property=\"article:modified_time\" content=\"2016-09-29T17:06:53+00:00\" \/>\n<meta property=\"og:image\" content=\"https:\/\/www.rassegnastampa-totustuus.it\/cattolica\/wp-content\/uploads\/2016\/08\/cannibali.jpg\" \/>\n\t<meta property=\"og:image:width\" content=\"244\" \/>\n\t<meta property=\"og:image:height\" content=\"207\" \/>\n\t<meta property=\"og:image:type\" content=\"image\/jpeg\" \/>\n<meta name=\"author\" content=\"Redazione\" \/>\n<meta name=\"twitter:card\" content=\"summary_large_image\" \/>\n<meta name=\"twitter:creator\" content=\"@rassegnastampa9\" \/>\n<meta name=\"twitter:site\" content=\"@rassegnastampa9\" \/>\n<meta name=\"twitter:label1\" content=\"Scritto da\" \/>\n\t<meta name=\"twitter:data1\" content=\"Redazione\" \/>\n\t<meta name=\"twitter:label2\" content=\"Tempo di lettura stimato\" \/>\n\t<meta name=\"twitter:data2\" content=\"4 minuti\" \/>\n<script type=\"application\/ld+json\" class=\"yoast-schema-graph\">{\"@context\":\"https:\\\/\\\/schema.org\",\"@graph\":[{\"@type\":\"Article\",\"@id\":\"https:\\\/\\\/www.rassegnastampa-totustuus.it\\\/cattolica\\\/il-buon-selvaggio-e-un-mito-quello-cattivo-era-la-realta\\\/#article\",\"isPartOf\":{\"@id\":\"https:\\\/\\\/www.rassegnastampa-totustuus.it\\\/cattolica\\\/il-buon-selvaggio-e-un-mito-quello-cattivo-era-la-realta\\\/\"},\"author\":{\"name\":\"Redazione\",\"@id\":\"https:\\\/\\\/www.rassegnastampa-totustuus.it\\\/cattolica\\\/#\\\/schema\\\/person\\\/08f319d2bd1a0904ad9e2bfb7b15e5c3\"},\"headline\":\"Il buon selvaggio \u00e8 un mito. Quello cattivo era la realt\u00e0\",\"datePublished\":\"2016-09-28T22:00:42+00:00\",\"dateModified\":\"2016-09-29T17:06:53+00:00\",\"mainEntityOfPage\":{\"@id\":\"https:\\\/\\\/www.rassegnastampa-totustuus.it\\\/cattolica\\\/il-buon-selvaggio-e-un-mito-quello-cattivo-era-la-realta\\\/\"},\"wordCount\":748,\"publisher\":{\"@id\":\"https:\\\/\\\/www.rassegnastampa-totustuus.it\\\/cattolica\\\/#organization\"},\"image\":{\"@id\":\"https:\\\/\\\/www.rassegnastampa-totustuus.it\\\/cattolica\\\/il-buon-selvaggio-e-un-mito-quello-cattivo-era-la-realta\\\/#primaryimage\"},\"thumbnailUrl\":\"https:\\\/\\\/www.rassegnastampa-totustuus.it\\\/cattolica\\\/wp-content\\\/uploads\\\/2016\\\/08\\\/cannibali.jpg\",\"keywords\":[\"buon selvaggio\"],\"articleSection\":[\"Cultura e tradizioni\",\"Filosofia\",\"Storia\"],\"inLanguage\":\"it-IT\"},{\"@type\":\"WebPage\",\"@id\":\"https:\\\/\\\/www.rassegnastampa-totustuus.it\\\/cattolica\\\/il-buon-selvaggio-e-un-mito-quello-cattivo-era-la-realta\\\/\",\"url\":\"https:\\\/\\\/www.rassegnastampa-totustuus.it\\\/cattolica\\\/il-buon-selvaggio-e-un-mito-quello-cattivo-era-la-realta\\\/\",\"name\":\"Il buon selvaggio \u00e8 un mito. Quello cattivo era la realt\u00e0 - Rassegna Stampa Cattolica\",\"isPartOf\":{\"@id\":\"https:\\\/\\\/www.rassegnastampa-totustuus.it\\\/cattolica\\\/#website\"},\"primaryImageOfPage\":{\"@id\":\"https:\\\/\\\/www.rassegnastampa-totustuus.it\\\/cattolica\\\/il-buon-selvaggio-e-un-mito-quello-cattivo-era-la-realta\\\/#primaryimage\"},\"image\":{\"@id\":\"https:\\\/\\\/www.rassegnastampa-totustuus.it\\\/cattolica\\\/il-buon-selvaggio-e-un-mito-quello-cattivo-era-la-realta\\\/#primaryimage\"},\"thumbnailUrl\":\"https:\\\/\\\/www.rassegnastampa-totustuus.it\\\/cattolica\\\/wp-content\\\/uploads\\\/2016\\\/08\\\/cannibali.jpg\",\"datePublished\":\"2016-09-28T22:00:42+00:00\",\"dateModified\":\"2016-09-29T17:06:53+00:00\",\"description\":\"Rassegna Stampa Cattolica - Per una cultura che nasce dalla Rivelazione cristiana in conformit\u00e0 alla tradizione e al Magistero della Chiesa in opposizione ad ogni relativismo e totalitarismo\",\"breadcrumb\":{\"@id\":\"https:\\\/\\\/www.rassegnastampa-totustuus.it\\\/cattolica\\\/il-buon-selvaggio-e-un-mito-quello-cattivo-era-la-realta\\\/#breadcrumb\"},\"inLanguage\":\"it-IT\",\"potentialAction\":[{\"@type\":\"ReadAction\",\"target\":[\"https:\\\/\\\/www.rassegnastampa-totustuus.it\\\/cattolica\\\/il-buon-selvaggio-e-un-mito-quello-cattivo-era-la-realta\\\/\"]}]},{\"@type\":\"ImageObject\",\"inLanguage\":\"it-IT\",\"@id\":\"https:\\\/\\\/www.rassegnastampa-totustuus.it\\\/cattolica\\\/il-buon-selvaggio-e-un-mito-quello-cattivo-era-la-realta\\\/#primaryimage\",\"url\":\"https:\\\/\\\/www.rassegnastampa-totustuus.it\\\/cattolica\\\/wp-content\\\/uploads\\\/2016\\\/08\\\/cannibali.jpg\",\"contentUrl\":\"https:\\\/\\\/www.rassegnastampa-totustuus.it\\\/cattolica\\\/wp-content\\\/uploads\\\/2016\\\/08\\\/cannibali.jpg\",\"width\":244,\"height\":207},{\"@type\":\"BreadcrumbList\",\"@id\":\"https:\\\/\\\/www.rassegnastampa-totustuus.it\\\/cattolica\\\/il-buon-selvaggio-e-un-mito-quello-cattivo-era-la-realta\\\/#breadcrumb\",\"itemListElement\":[{\"@type\":\"ListItem\",\"position\":1,\"name\":\"Home\",\"item\":\"https:\\\/\\\/www.rassegnastampa-totustuus.it\\\/cattolica\\\/\"},{\"@type\":\"ListItem\",\"position\":2,\"name\":\"Il buon selvaggio \u00e8 un mito. Quello cattivo era la realt\u00e0\"}]},{\"@type\":\"WebSite\",\"@id\":\"https:\\\/\\\/www.rassegnastampa-totustuus.it\\\/cattolica\\\/#website\",\"url\":\"https:\\\/\\\/www.rassegnastampa-totustuus.it\\\/cattolica\\\/\",\"name\":\"Rassegna Stampa Cattolica\",\"description\":\"Per una cultura che nasce dalla Rivelazione cristiana in conformit\u00e0 alla tradizione e al Magistero della Chiesa in opposizione ad ogni relativismo e totalitarismo\",\"publisher\":{\"@id\":\"https:\\\/\\\/www.rassegnastampa-totustuus.it\\\/cattolica\\\/#organization\"},\"alternateName\":\"Rass. Cattolica\",\"potentialAction\":[{\"@type\":\"SearchAction\",\"target\":{\"@type\":\"EntryPoint\",\"urlTemplate\":\"https:\\\/\\\/www.rassegnastampa-totustuus.it\\\/cattolica\\\/?s={search_term_string}\"},\"query-input\":{\"@type\":\"PropertyValueSpecification\",\"valueRequired\":true,\"valueName\":\"search_term_string\"}}],\"inLanguage\":\"it-IT\"},{\"@type\":\"Organization\",\"@id\":\"https:\\\/\\\/www.rassegnastampa-totustuus.it\\\/cattolica\\\/#organization\",\"name\":\"Rassegna Stampa Cattolica\",\"url\":\"https:\\\/\\\/www.rassegnastampa-totustuus.it\\\/cattolica\\\/\",\"logo\":{\"@type\":\"ImageObject\",\"inLanguage\":\"it-IT\",\"@id\":\"https:\\\/\\\/www.rassegnastampa-totustuus.it\\\/cattolica\\\/#\\\/schema\\\/logo\\\/image\\\/\",\"url\":\"https:\\\/\\\/www.rassegnastampa-totustuus.it\\\/cattolica\\\/wp-content\\\/uploads\\\/2014\\\/04\\\/logo-rassegna1.gif\",\"contentUrl\":\"https:\\\/\\\/www.rassegnastampa-totustuus.it\\\/cattolica\\\/wp-content\\\/uploads\\\/2014\\\/04\\\/logo-rassegna1.gif\",\"width\":600,\"height\":163,\"caption\":\"Rassegna Stampa Cattolica\"},\"image\":{\"@id\":\"https:\\\/\\\/www.rassegnastampa-totustuus.it\\\/cattolica\\\/#\\\/schema\\\/logo\\\/image\\\/\"},\"sameAs\":[\"https:\\\/\\\/www.facebook.com\\\/rassegnastampacattolica\",\"https:\\\/\\\/x.com\\\/rassegnastampa9\"]},{\"@type\":\"Person\",\"@id\":\"https:\\\/\\\/www.rassegnastampa-totustuus.it\\\/cattolica\\\/#\\\/schema\\\/person\\\/08f319d2bd1a0904ad9e2bfb7b15e5c3\",\"name\":\"Redazione\",\"image\":{\"@type\":\"ImageObject\",\"inLanguage\":\"it-IT\",\"@id\":\"https:\\\/\\\/secure.gravatar.com\\\/avatar\\\/2fcdf27c78ea025fbdb44e914cc63c72249ffec9dc8aafd5c82b26240ef3f346?s=96&d=mm&r=g\",\"url\":\"https:\\\/\\\/secure.gravatar.com\\\/avatar\\\/2fcdf27c78ea025fbdb44e914cc63c72249ffec9dc8aafd5c82b26240ef3f346?s=96&d=mm&r=g\",\"contentUrl\":\"https:\\\/\\\/secure.gravatar.com\\\/avatar\\\/2fcdf27c78ea025fbdb44e914cc63c72249ffec9dc8aafd5c82b26240ef3f346?s=96&d=mm&r=g\",\"caption\":\"Redazione\"},\"url\":\"https:\\\/\\\/www.rassegnastampa-totustuus.it\\\/cattolica\\\/author\\\/pietroelle\\\/\"}]}<\/script>\n<!-- \/ Yoast SEO plugin. -->","yoast_head_json":{"title":"Il buon selvaggio \u00e8 un mito. Quello cattivo era la realt\u00e0 - Rassegna Stampa Cattolica","description":"Rassegna Stampa Cattolica - Per una cultura che nasce dalla Rivelazione cristiana in conformit\u00e0 alla tradizione e al Magistero della Chiesa in opposizione ad ogni relativismo e totalitarismo","robots":{"index":"index","follow":"follow","max-snippet":"max-snippet:-1","max-image-preview":"max-image-preview:large","max-video-preview":"max-video-preview:-1"},"canonical":"https:\/\/www.rassegnastampa-totustuus.it\/cattolica\/il-buon-selvaggio-e-un-mito-quello-cattivo-era-la-realta\/","og_locale":"it_IT","og_type":"article","og_title":"Il buon selvaggio \u00e8 un mito. Quello cattivo era la realt\u00e0 - Rassegna Stampa Cattolica","og_description":"Rassegna Stampa Cattolica - Per una cultura che nasce dalla Rivelazione cristiana in conformit\u00e0 alla tradizione e al Magistero della Chiesa in opposizione ad ogni relativismo e totalitarismo","og_url":"https:\/\/www.rassegnastampa-totustuus.it\/cattolica\/il-buon-selvaggio-e-un-mito-quello-cattivo-era-la-realta\/","og_site_name":"Rassegna Stampa Cattolica","article_publisher":"https:\/\/www.facebook.com\/rassegnastampacattolica","article_published_time":"2016-09-28T22:00:42+00:00","article_modified_time":"2016-09-29T17:06:53+00:00","og_image":[{"width":244,"height":207,"url":"https:\/\/www.rassegnastampa-totustuus.it\/cattolica\/wp-content\/uploads\/2016\/08\/cannibali.jpg","type":"image\/jpeg"}],"author":"Redazione","twitter_card":"summary_large_image","twitter_creator":"@rassegnastampa9","twitter_site":"@rassegnastampa9","twitter_misc":{"Scritto da":"Redazione","Tempo di lettura stimato":"4 minuti"},"schema":{"@context":"https:\/\/schema.org","@graph":[{"@type":"Article","@id":"https:\/\/www.rassegnastampa-totustuus.it\/cattolica\/il-buon-selvaggio-e-un-mito-quello-cattivo-era-la-realta\/#article","isPartOf":{"@id":"https:\/\/www.rassegnastampa-totustuus.it\/cattolica\/il-buon-selvaggio-e-un-mito-quello-cattivo-era-la-realta\/"},"author":{"name":"Redazione","@id":"https:\/\/www.rassegnastampa-totustuus.it\/cattolica\/#\/schema\/person\/08f319d2bd1a0904ad9e2bfb7b15e5c3"},"headline":"Il buon selvaggio \u00e8 un mito. Quello cattivo era la realt\u00e0","datePublished":"2016-09-28T22:00:42+00:00","dateModified":"2016-09-29T17:06:53+00:00","mainEntityOfPage":{"@id":"https:\/\/www.rassegnastampa-totustuus.it\/cattolica\/il-buon-selvaggio-e-un-mito-quello-cattivo-era-la-realta\/"},"wordCount":748,"publisher":{"@id":"https:\/\/www.rassegnastampa-totustuus.it\/cattolica\/#organization"},"image":{"@id":"https:\/\/www.rassegnastampa-totustuus.it\/cattolica\/il-buon-selvaggio-e-un-mito-quello-cattivo-era-la-realta\/#primaryimage"},"thumbnailUrl":"https:\/\/www.rassegnastampa-totustuus.it\/cattolica\/wp-content\/uploads\/2016\/08\/cannibali.jpg","keywords":["buon selvaggio"],"articleSection":["Cultura e tradizioni","Filosofia","Storia"],"inLanguage":"it-IT"},{"@type":"WebPage","@id":"https:\/\/www.rassegnastampa-totustuus.it\/cattolica\/il-buon-selvaggio-e-un-mito-quello-cattivo-era-la-realta\/","url":"https:\/\/www.rassegnastampa-totustuus.it\/cattolica\/il-buon-selvaggio-e-un-mito-quello-cattivo-era-la-realta\/","name":"Il buon selvaggio \u00e8 un mito. Quello cattivo era la realt\u00e0 - Rassegna Stampa Cattolica","isPartOf":{"@id":"https:\/\/www.rassegnastampa-totustuus.it\/cattolica\/#website"},"primaryImageOfPage":{"@id":"https:\/\/www.rassegnastampa-totustuus.it\/cattolica\/il-buon-selvaggio-e-un-mito-quello-cattivo-era-la-realta\/#primaryimage"},"image":{"@id":"https:\/\/www.rassegnastampa-totustuus.it\/cattolica\/il-buon-selvaggio-e-un-mito-quello-cattivo-era-la-realta\/#primaryimage"},"thumbnailUrl":"https:\/\/www.rassegnastampa-totustuus.it\/cattolica\/wp-content\/uploads\/2016\/08\/cannibali.jpg","datePublished":"2016-09-28T22:00:42+00:00","dateModified":"2016-09-29T17:06:53+00:00","description":"Rassegna Stampa Cattolica - Per una cultura che nasce dalla Rivelazione cristiana in conformit\u00e0 alla tradizione e al Magistero della Chiesa in opposizione ad ogni relativismo e totalitarismo","breadcrumb":{"@id":"https:\/\/www.rassegnastampa-totustuus.it\/cattolica\/il-buon-selvaggio-e-un-mito-quello-cattivo-era-la-realta\/#breadcrumb"},"inLanguage":"it-IT","potentialAction":[{"@type":"ReadAction","target":["https:\/\/www.rassegnastampa-totustuus.it\/cattolica\/il-buon-selvaggio-e-un-mito-quello-cattivo-era-la-realta\/"]}]},{"@type":"ImageObject","inLanguage":"it-IT","@id":"https:\/\/www.rassegnastampa-totustuus.it\/cattolica\/il-buon-selvaggio-e-un-mito-quello-cattivo-era-la-realta\/#primaryimage","url":"https:\/\/www.rassegnastampa-totustuus.it\/cattolica\/wp-content\/uploads\/2016\/08\/cannibali.jpg","contentUrl":"https:\/\/www.rassegnastampa-totustuus.it\/cattolica\/wp-content\/uploads\/2016\/08\/cannibali.jpg","width":244,"height":207},{"@type":"BreadcrumbList","@id":"https:\/\/www.rassegnastampa-totustuus.it\/cattolica\/il-buon-selvaggio-e-un-mito-quello-cattivo-era-la-realta\/#breadcrumb","itemListElement":[{"@type":"ListItem","position":1,"name":"Home","item":"https:\/\/www.rassegnastampa-totustuus.it\/cattolica\/"},{"@type":"ListItem","position":2,"name":"Il buon selvaggio \u00e8 un mito. Quello cattivo era la realt\u00e0"}]},{"@type":"WebSite","@id":"https:\/\/www.rassegnastampa-totustuus.it\/cattolica\/#website","url":"https:\/\/www.rassegnastampa-totustuus.it\/cattolica\/","name":"Rassegna Stampa Cattolica","description":"Per una cultura che nasce dalla Rivelazione cristiana in conformit\u00e0 alla tradizione e al Magistero della Chiesa in opposizione ad ogni relativismo e totalitarismo","publisher":{"@id":"https:\/\/www.rassegnastampa-totustuus.it\/cattolica\/#organization"},"alternateName":"Rass. Cattolica","potentialAction":[{"@type":"SearchAction","target":{"@type":"EntryPoint","urlTemplate":"https:\/\/www.rassegnastampa-totustuus.it\/cattolica\/?s={search_term_string}"},"query-input":{"@type":"PropertyValueSpecification","valueRequired":true,"valueName":"search_term_string"}}],"inLanguage":"it-IT"},{"@type":"Organization","@id":"https:\/\/www.rassegnastampa-totustuus.it\/cattolica\/#organization","name":"Rassegna Stampa Cattolica","url":"https:\/\/www.rassegnastampa-totustuus.it\/cattolica\/","logo":{"@type":"ImageObject","inLanguage":"it-IT","@id":"https:\/\/www.rassegnastampa-totustuus.it\/cattolica\/#\/schema\/logo\/image\/","url":"https:\/\/www.rassegnastampa-totustuus.it\/cattolica\/wp-content\/uploads\/2014\/04\/logo-rassegna1.gif","contentUrl":"https:\/\/www.rassegnastampa-totustuus.it\/cattolica\/wp-content\/uploads\/2014\/04\/logo-rassegna1.gif","width":600,"height":163,"caption":"Rassegna Stampa Cattolica"},"image":{"@id":"https:\/\/www.rassegnastampa-totustuus.it\/cattolica\/#\/schema\/logo\/image\/"},"sameAs":["https:\/\/www.facebook.com\/rassegnastampacattolica","https:\/\/x.com\/rassegnastampa9"]},{"@type":"Person","@id":"https:\/\/www.rassegnastampa-totustuus.it\/cattolica\/#\/schema\/person\/08f319d2bd1a0904ad9e2bfb7b15e5c3","name":"Redazione","image":{"@type":"ImageObject","inLanguage":"it-IT","@id":"https:\/\/secure.gravatar.com\/avatar\/2fcdf27c78ea025fbdb44e914cc63c72249ffec9dc8aafd5c82b26240ef3f346?s=96&d=mm&r=g","url":"https:\/\/secure.gravatar.com\/avatar\/2fcdf27c78ea025fbdb44e914cc63c72249ffec9dc8aafd5c82b26240ef3f346?s=96&d=mm&r=g","contentUrl":"https:\/\/secure.gravatar.com\/avatar\/2fcdf27c78ea025fbdb44e914cc63c72249ffec9dc8aafd5c82b26240ef3f346?s=96&d=mm&r=g","caption":"Redazione"},"url":"https:\/\/www.rassegnastampa-totustuus.it\/cattolica\/author\/pietroelle\/"}]}},"_links":{"self":[{"href":"https:\/\/www.rassegnastampa-totustuus.it\/cattolica\/wp-json\/wp\/v2\/posts\/36267","targetHints":{"allow":["GET"]}}],"collection":[{"href":"https:\/\/www.rassegnastampa-totustuus.it\/cattolica\/wp-json\/wp\/v2\/posts"}],"about":[{"href":"https:\/\/www.rassegnastampa-totustuus.it\/cattolica\/wp-json\/wp\/v2\/types\/post"}],"author":[{"embeddable":true,"href":"https:\/\/www.rassegnastampa-totustuus.it\/cattolica\/wp-json\/wp\/v2\/users\/6"}],"replies":[{"embeddable":true,"href":"https:\/\/www.rassegnastampa-totustuus.it\/cattolica\/wp-json\/wp\/v2\/comments?post=36267"}],"version-history":[{"count":2,"href":"https:\/\/www.rassegnastampa-totustuus.it\/cattolica\/wp-json\/wp\/v2\/posts\/36267\/revisions"}],"predecessor-version":[{"id":36443,"href":"https:\/\/www.rassegnastampa-totustuus.it\/cattolica\/wp-json\/wp\/v2\/posts\/36267\/revisions\/36443"}],"wp:featuredmedia":[{"embeddable":true,"href":"https:\/\/www.rassegnastampa-totustuus.it\/cattolica\/wp-json\/wp\/v2\/media\/36269"}],"wp:attachment":[{"href":"https:\/\/www.rassegnastampa-totustuus.it\/cattolica\/wp-json\/wp\/v2\/media?parent=36267"}],"wp:term":[{"taxonomy":"category","embeddable":true,"href":"https:\/\/www.rassegnastampa-totustuus.it\/cattolica\/wp-json\/wp\/v2\/categories?post=36267"},{"taxonomy":"post_tag","embeddable":true,"href":"https:\/\/www.rassegnastampa-totustuus.it\/cattolica\/wp-json\/wp\/v2\/tags?post=36267"}],"curies":[{"name":"wp","href":"https:\/\/api.w.org\/{rel}","templated":true}]}}