{"id":36221,"date":"2016-09-01T00:00:08","date_gmt":"2016-08-31T22:00:08","guid":{"rendered":"http:\/\/www.rassegnastampa-totustuus.it\/cattolica\/?p=36221"},"modified":"2016-08-05T08:42:06","modified_gmt":"2016-08-05T06:42:06","slug":"carlo-francesco-dagostino","status":"publish","type":"post","link":"https:\/\/www.rassegnastampa-totustuus.it\/cattolica\/carlo-francesco-dagostino\/","title":{"rendered":"Carlo Francesco D\u2019Agostino"},"content":{"rendered":"<p style=\"text-align: center;\"><strong><img loading=\"lazy\" decoding=\"async\" class=\"alignright wp-image-36223\" src=\"https:\/\/www.rassegnastampa-totustuus.it\/cattolica\/wp-content\/uploads\/2016\/08\/alleanza-italiana.jpg\" alt=\"alleanza italiana\" width=\"151\" height=\"200\" \/>La Croce<\/strong> quotidiano 29 luglio 2016<\/p>\n<p style=\"text-align: justify;\"><em>Questo ritratto di Carlo Francesco D\u2019Agostino segue ai quattro che sono stati gi\u00e0 pubblicati sulle nostre pagine, dedicati rispettivamente a Salvatore Rebecchini, Don Luigi Sturzo, Luigi Gedda e Giuseppe Toniolo. Seguir\u00e0 prima della pausa estiva l\u2019ultimo su Giuseppe Togni. Da questa mini-rassegna seguiranno ricostruzioni storiche e politiche per il seminario di formazione del PdF in autunno<\/em><\/p>\n<p style=\"text-align: center;\">di <strong>Giuseppe Brienza<\/strong><\/p>\n<p><!--more--><\/p>\n<p style=\"text-align: justify;\">Pochi sanno che, nel secondo dopoguerra, assieme alla Democrazia cristiana, \u00e8 stato fondato ed ha operato per oltre 25 anni un altro partito dichiaratamente cattolico, il \u00ab<em>Centro politico italiano<\/em>\u00bb (Cpi). Costituito a Roma nel 1944 dagli avvocati Carlo Francesco D\u2019Agostino e Giovanni Silvestrelli, ha presentato agli Italiani il suo programma e le sue battaglie culturali in tanti articoli e Appelli pubblicati, fino al 1969, anno della soppressione sull\u2019organo ufficiale \u201cL\u2019Alleanza Italiana\u201d, auto-definito nell\u2019intestazione \u00ab<em>quindicinale per la realizzazione dei principi cattolici nella politica italiana, e per la consacrazione dello Stato al Sacro Cuore di Cristo Re e al Cuore Immacolato di Maria, Regina delle vittorie<\/em>\u00bb.<\/p>\n<p style=\"text-align: justify;\">Il leader principale del Cpi \u00e8 stato l\u2019avv. D\u2019Agostino, cattolico coerente avversato dal fascismo (si rifiut\u00f2 sempre di &#8220;prendere&#8221; la tessera del P.N.F., nonostante le pressioni familiari e ambientali ricevute) che, nel dopoguerra, \u00e8 stato Autore di una preziosa elaborazione giuridico-politica ispirata e intimamente connessa alla Dottrina sociale della Chiesa sui temi dell&#8217;impresa economica e del lavoro. Per questi si \u00e8 guadagnato persino l\u2019appellativo di \u00abpensatore sociale tomista\u00bb.<\/p>\n<p style=\"text-align: justify;\">Come ha scritto infatti un giovane e dotto sacerdote della diocesi di Trieste, Don Samuele Cecotti, che sta cercando di riproporre oggi il pensiero e gli studi di questo valente studioso, \u00abBench\u00e9 non si dia, nelle opere del Dottore Comune [S. Tommaso d\u2019Aquino], trattazione del diritto societario, si pu\u00f2, senza troppo azzardo, riconoscere alla dottrina sociale del D&#8217;Agostino la qualifica di &#8220;tomista&#8221;, anzitutto per la ratio realista e per il metodo, non meno per\u00f2 per aspetti non secondari di contenuto: la considerazione del lavoro come attivit\u00e0 intrinsecamente ed esclusivamente umana, la subalternit\u00e0 dell&#8217;economia alla scienza etica e, dunque, la giustizia come criterio ultimo per la regolazione della relazione capitale\/lavoro, il riconoscimento della propriet\u00e0 privata come diritto\/responsabilit\u00e0 nel quadro della destinazione universale dei beni materiali, il grande valore riconosciuto alla pace (<em>tranquillitas ordinis<\/em>) sociale, etc.\u00bb [Samuele Cecotti, Associazionismo aziendale, Le regole secondo giustizia del rapporto capitale\/lavoro (nell&#8217;impresa economica) nel progetto sociale di Carlo Francesco d&#8217;Agostino, Edizioni Cantagalli, Siena 2013, p. 70].<\/p>\n<p style=\"text-align: justify;\">\u00c8 nella realt\u00e0 conosciuta dell&#8217;impresa, scrive D\u2019Agostino, quale \u00abcreazione delle forze associate del Capitale, dell&#8217;Intelligenza e del Lavoro\u00bb, che si attua in effetti quella \u00abcon-creazione\u00bb dei tre fattori che fanno sorgere e sussistere ogni imprenditorialit\u00e0 e organizzazione aziendale. Per questo, prosegue nella sua analisi il giurista e politico cattolico, l&#8217;azienda \u00abspetta in compropriet\u00e0 a coloro che apportano in essa questi tre fattori\u00bb, in quanto nessuna realt\u00e0 imprenditoriale-produttiva sorgerebbe \u00abse essi non si fossero tra di loro associati per un fine economico\u00bb. Dal principio della \u201ccompropriet\u00e0 aziendale\u201d, quindi, deriva il diritto alla co-amministrazione e il criterio per il riparto degli utili economici.<\/p>\n<p style=\"text-align: justify;\">Il \u00ab<em>Centro politico italiano<\/em>\u00bb ha avuto durante la sua esistenza un seguito ridotto, anche se si \u00e8 presentato alle elezioni in diverse occasioni, tanto a livello amministrativo locale quanto politico nazionale. I suoi aderenti, per\u00f2, non sono andati oltre gli ambienti dell\u2019aristocrazia italiana e dei circoli militari conservatori, cui si sono via via associati diversi colleghi di D\u2019Agostino come gli avvocati Angelo M. Nasalli Rocca, Giuliano Bracci e Mario Eichberg, quest\u2019ultimo gi\u00e0 esponente delle Conferenze di San Vincenzo e leader del Cpi nell\u2019ultimo periodo della sua esistenza. Nella formazione di D\u2019Agostino e Silvestrelli sono anche confluiti politici democristiani in rotta con la svolta \u201csinistrista\u201d del partito, il pi\u00f9 noto dei quali \u00e8 stato Silvio Milazzo (1903-1982), presidente della giunta regionale siciliana dal 1958 al 1960. Al Cpi hanno dato per\u00f2 la loro adesione anche un nucleo di giovani intellettuali cattolici, tra i quali Carlo F. Carli, Danilo Castellano e Pier Carlo De Fabritiis, che negli anni successivi costituiscono l\u2019eredit\u00e0 migliore della \u201cscuola\u201d di Carlo Francesco D\u2019Agostino.<\/p>\n<p style=\"text-align: justify;\">Per il \u00ab<em>Centro politico italiano<\/em>\u00bb il \u201cnemico numero uno\u201d \u00e8 stato sempre la Democrazia cristiana, sia per il suo carattere aconfessionale sia per il suo modernismo politico, espresso ad avviso di D\u2019Agostino fin dai primordi della \u201cprima Repubblica\u201d con l\u2019agnosticismo istituzionale dimostrato al referendum del 1946. Il fondatore del Cpi, in effetti, si impegn\u00f2 a fondo nel referendum istituzionale a favore della monarchia, a rischio persino della propria incolumit\u00e0 personale (durante un comizio a Genova nel 1946 fu ad esempio preso a calci e pugni). La sua militanza monarchica non fu n\u00e9 allora n\u00e9 successivamente una scelta di preferenza personale per la dinastia dei Savoia ma, come scrisse e disse tante volte, una decisione assunta \u00abper dovere di obbedienza all&#8217;autorit\u00e0 divenuta legittima con il Concordato e dopo il Concordato del 1929\u00bb.<\/p>\n<p style=\"text-align: justify;\">Altro passaggio politico rilevante del dopoguerra che coinvolse il Cpi furono le elezioni comunali a Roma del 1952, quelle nelle quali fu tentata l\u2019Operazione Sturzo per intenderci, per l\u2019inclusione di alcuni degli esponenti del movimento nella lista cattolica di centro-destra, capeggiata dall\u2019avvocato Antonio Angelini Rota e \u201capparentata\u201d con le destre, voluta da Luigi Gedda e Monsignor Roberto Ronca in funzione anti-comunista.<\/p>\n<p style=\"text-align: justify;\">Al momento del suo scioglimento, nel 1969, la maggior parte degli esponenti del \u00ab<em>Centro politico italiano<\/em>\u00bb sono entrati nell\u2019orbita (e, taluni, anche nelle liste elettorali) del Msi-Dn, pur criticando l\u2019agnosticismo o il neo-paganesimo che ne influenzava buona parte della dirigenza politica e intellettuale.<\/p>\n<p style=\"text-align: justify;\">Anche negli anni 1970-80, grazie ad una cerchia di autorevoli amici che facevano capo alla pubblicazione trimestrale \u201c<em>Instaurare Omnia in Christo\u201d<\/em> (Alfonso Marchi, Danilo Castellano, Don Dario Composta, Padre Cornelio Fabro, Pietro Giuseppe Grasso), D\u2019Agostino \u00e8 riuscito ad allargare la cerchia dei suoi simpatizzanti ed estimatori ma, per le sue posizioni monarchico-savoiarde e la concezione di \u201cStato cattolico\u201d, non poteva trovare all\u2019epoca uno sviluppo di rilievo in termini numerico-organizzativi.<\/p>\n<p style=\"text-align: justify;\">L\u2019avv. D\u2019Agostino, ha scritto lo storico Pino Tosca (1946-2001), \u00e8 stato in anni difficili \u00abun cattolico sincero che ha dedicato la propria vita alla possibilit\u00e0 d\u2019incidere cristianamente sulla societ\u00e0. Il suo principale merito \u00e8 quello di aver compreso, sin da tempi politicamente insospettabili, la truffa democristiana ai danni di uno \u201cStato cattolico\u201d\u00bb (P. Tosca, <em>Il cammino della Tradizione, Il Cerchio<\/em>, Rimini 1995, p. 78). Sin dalla fondazione aveva avuto rapporti con Alcide De Gasperi e con gli altri dirigenti della DC, rendendosi per\u00f2 conto, dal suo punto di vista, che la dirigenza di tale partito altro non avrebbe fatto che importare nello Stato italiano i \u201cvalori\u201d della Rivoluzione francese. In un opuscolo dalle molteplici riedizioni, D\u2019Agostino narra per filo e per segno il progetto democristiano di laicizzazione dello Stato italiano. \u00ab<em>De Gasperi<\/em> \u2013 egli scrive \u2013 <em>fin dal 1944, combattendo contro il<\/em> Centro Politico Italiano<em>, si proclamava difensore della concezione dello Stato Moderno assertore di un\u2019assoluta \u201c<\/em>uguaglianza giuridica<em>\u201d e lo faceva espressamente contro l\u2019esigenza da noi posta di una impostazione cristiana dello Stato<\/em>\u00bb.<\/p>\n<p style=\"text-align: center;\"><strong>* * *<\/strong><\/p>\n<p style=\"text-align: center;\">Biopic di Carlo Francesco D\u2019Agostino<\/p>\n<p style=\"text-align: center;\"><strong>Avvocato, giornalista, pretore onorario di Roma<\/strong><\/p>\n<p style=\"text-align: justify;\">Avvocato, giornalista, pretore onorario di Roma, Carlo Francesco D\u2019Agostino nacque a Roma il 12 maggio del 1906 da una nobile famiglia di origine napoletana. Nel 1944 fond\u00f2 il \u201cCentro Politico Italiano\u201d, organizzazione politica che riuniva esponenti cattolici della classe dirigente nazionale (uomini di Corte, alti ufficiali, giudici, diplomatici, etc.) con il fine di fare del Regno d\u2019Italia uno \u00abStato cattolico nella Chiesa universale\u00bb.<\/p>\n<p style=\"text-align: justify;\">Il C.P.I. alle sue origini raccolse l\u2019approvazione del collegio dell\u2019allora molto autorevole rivista dei Gesuiti italiani \u201c<em>La<\/em> <em>Civilt\u00e0 Cattolica<\/em>\u201d, chiamata ad esaminarne il Programma, di autorevoli Cardinali e uomini della Curia romana, nonch\u00e9 la benedizione di papa Pio XII. Nel 1944 D\u2019Agostino ebbe diversi colloqui con il Luogotenente generale del Regno Umberto di Savoia e gli fu persino chiesto di presentare una lista di ministri nell\u2019ipotesi di un governo cattolico \u201cdel Luogotenente\u201d.<\/p>\n<p style=\"text-align: justify;\">Si rifiut\u00f2 di aderire alla DC e per tutta la vita denunci\u00f2 gli errori filosofici e dottrinali del democristianismo conquistandosi l\u2019appellativo di \u00abuomo politico anti-De Gasperi\u00bb. Diresse il quindicinale e l\u2019editrice \u201c<em>L\u2019Alleanza Italiana\u201d<\/em>, che pubblic\u00f2 negli anni 1950-60 una serie di preziosi libri ed opuscoli di formazione socio-politica basata sul Magistero della Chiesa (cfr., fra gli altri: L\u2019Uomo, la Famiglia, lo Stato, la Chiesa, beni economici, lavoro, propriet\u00e0. Sintesi di Dottrina politica dei Romani Pontefici\u201d, Osnago s.i.d. e \u201cDottrina politica della Cattedra di Pietro\u201d, Roma s.i.d.).<\/p>\n<p style=\"text-align: justify;\">A partire dal 1945 elabor\u00f2 il suo progetto sociale di \u201clibera economia associata\u201d definendo la dottrina dell\u2019associazionismo aziendale. \u00c8 morto a Osnago, un piccolo comune in provincia di Lecco, il 7 dicembre del 1999.<\/p>\n","protected":false},"excerpt":{"rendered":"<p>La Croce quotidiano 29 luglio 2016 Questo ritratto di Carlo Francesco D\u2019Agostino segue ai quattro che sono stati gi\u00e0 pubblicati sulle nostre pagine, dedicati rispettivamente a Salvatore Rebecchini, Don Luigi Sturzo, Luigi Gedda e Giuseppe Toniolo. Seguir\u00e0 prima della pausa estiva l\u2019ultimo su Giuseppe Togni. Da questa mini-rassegna seguiranno ricostruzioni storiche e politiche per il &hellip; <\/p>\n<p><a class=\"more-link btn\" href=\"https:\/\/www.rassegnastampa-totustuus.it\/cattolica\/carlo-francesco-dagostino\/\">Continua a leggere<\/a><\/p>\n","protected":false},"author":6,"featured_media":36223,"comment_status":"closed","ping_status":"closed","sticky":false,"template":"","format":"standard","meta":{"footnotes":""},"categories":[11,18],"tags":[2490],"class_list":["post-36221","post","type-post","status-publish","format-standard","has-post-thumbnail","hentry","category-dottrina-sociale","category-personaggi","tag-carlo-francesco-dagostino","item-wrap"],"yoast_head":"<!-- This site is optimized with the Yoast SEO plugin v27.5 - https:\/\/yoast.com\/product\/yoast-seo-wordpress\/ -->\n<title>Carlo Francesco D\u2019Agostino - Rassegna Stampa Cattolica<\/title>\n<meta name=\"description\" content=\"Rassegna Stampa Cattolica - Per una cultura che nasce dalla Rivelazione cristiana in conformit\u00e0 alla tradizione e al Magistero della Chiesa in opposizione ad ogni relativismo e totalitarismo\" \/>\n<meta name=\"robots\" content=\"index, follow, max-snippet:-1, max-image-preview:large, max-video-preview:-1\" \/>\n<link rel=\"canonical\" href=\"https:\/\/www.rassegnastampa-totustuus.it\/cattolica\/carlo-francesco-dagostino\/\" \/>\n<meta property=\"og:locale\" content=\"it_IT\" \/>\n<meta property=\"og:type\" content=\"article\" \/>\n<meta property=\"og:title\" content=\"Carlo Francesco D\u2019Agostino - Rassegna Stampa Cattolica\" \/>\n<meta property=\"og:description\" content=\"Rassegna Stampa Cattolica - Per una cultura che nasce dalla Rivelazione cristiana in conformit\u00e0 alla tradizione e al Magistero della Chiesa in opposizione ad ogni relativismo e totalitarismo\" \/>\n<meta property=\"og:url\" content=\"https:\/\/www.rassegnastampa-totustuus.it\/cattolica\/carlo-francesco-dagostino\/\" \/>\n<meta property=\"og:site_name\" content=\"Rassegna Stampa Cattolica\" \/>\n<meta property=\"article:publisher\" content=\"https:\/\/www.facebook.com\/rassegnastampacattolica\" \/>\n<meta property=\"article:published_time\" content=\"2016-08-31T22:00:08+00:00\" \/>\n<meta property=\"og:image\" content=\"https:\/\/www.rassegnastampa-totustuus.it\/cattolica\/wp-content\/uploads\/2016\/08\/alleanza-italiana.jpg\" \/>\n\t<meta property=\"og:image:width\" content=\"195\" \/>\n\t<meta property=\"og:image:height\" content=\"258\" \/>\n\t<meta property=\"og:image:type\" content=\"image\/jpeg\" \/>\n<meta name=\"author\" content=\"Redazione\" \/>\n<meta name=\"twitter:card\" content=\"summary_large_image\" \/>\n<meta name=\"twitter:creator\" content=\"@rassegnastampa9\" \/>\n<meta name=\"twitter:site\" content=\"@rassegnastampa9\" \/>\n<meta name=\"twitter:label1\" content=\"Scritto da\" \/>\n\t<meta name=\"twitter:data1\" content=\"Redazione\" \/>\n\t<meta name=\"twitter:label2\" content=\"Tempo di lettura stimato\" \/>\n\t<meta name=\"twitter:data2\" content=\"7 minuti\" \/>\n<script type=\"application\/ld+json\" class=\"yoast-schema-graph\">{\"@context\":\"https:\\\/\\\/schema.org\",\"@graph\":[{\"@type\":\"Article\",\"@id\":\"https:\\\/\\\/www.rassegnastampa-totustuus.it\\\/cattolica\\\/carlo-francesco-dagostino\\\/#article\",\"isPartOf\":{\"@id\":\"https:\\\/\\\/www.rassegnastampa-totustuus.it\\\/cattolica\\\/carlo-francesco-dagostino\\\/\"},\"author\":{\"name\":\"Redazione\",\"@id\":\"https:\\\/\\\/www.rassegnastampa-totustuus.it\\\/cattolica\\\/#\\\/schema\\\/person\\\/08f319d2bd1a0904ad9e2bfb7b15e5c3\"},\"headline\":\"Carlo Francesco D\u2019Agostino\",\"datePublished\":\"2016-08-31T22:00:08+00:00\",\"mainEntityOfPage\":{\"@id\":\"https:\\\/\\\/www.rassegnastampa-totustuus.it\\\/cattolica\\\/carlo-francesco-dagostino\\\/\"},\"wordCount\":1438,\"publisher\":{\"@id\":\"https:\\\/\\\/www.rassegnastampa-totustuus.it\\\/cattolica\\\/#organization\"},\"image\":{\"@id\":\"https:\\\/\\\/www.rassegnastampa-totustuus.it\\\/cattolica\\\/carlo-francesco-dagostino\\\/#primaryimage\"},\"thumbnailUrl\":\"https:\\\/\\\/www.rassegnastampa-totustuus.it\\\/cattolica\\\/wp-content\\\/uploads\\\/2016\\\/08\\\/alleanza-italiana.jpg\",\"keywords\":[\"Carlo Francesco D\u2019Agostino\"],\"articleSection\":[\"Dottrina sociale\",\"Personaggi\"],\"inLanguage\":\"it-IT\"},{\"@type\":\"WebPage\",\"@id\":\"https:\\\/\\\/www.rassegnastampa-totustuus.it\\\/cattolica\\\/carlo-francesco-dagostino\\\/\",\"url\":\"https:\\\/\\\/www.rassegnastampa-totustuus.it\\\/cattolica\\\/carlo-francesco-dagostino\\\/\",\"name\":\"Carlo Francesco D\u2019Agostino - Rassegna Stampa Cattolica\",\"isPartOf\":{\"@id\":\"https:\\\/\\\/www.rassegnastampa-totustuus.it\\\/cattolica\\\/#website\"},\"primaryImageOfPage\":{\"@id\":\"https:\\\/\\\/www.rassegnastampa-totustuus.it\\\/cattolica\\\/carlo-francesco-dagostino\\\/#primaryimage\"},\"image\":{\"@id\":\"https:\\\/\\\/www.rassegnastampa-totustuus.it\\\/cattolica\\\/carlo-francesco-dagostino\\\/#primaryimage\"},\"thumbnailUrl\":\"https:\\\/\\\/www.rassegnastampa-totustuus.it\\\/cattolica\\\/wp-content\\\/uploads\\\/2016\\\/08\\\/alleanza-italiana.jpg\",\"datePublished\":\"2016-08-31T22:00:08+00:00\",\"description\":\"Rassegna Stampa Cattolica - Per una cultura che nasce dalla Rivelazione cristiana in conformit\u00e0 alla tradizione e al Magistero della Chiesa in opposizione ad ogni relativismo e totalitarismo\",\"breadcrumb\":{\"@id\":\"https:\\\/\\\/www.rassegnastampa-totustuus.it\\\/cattolica\\\/carlo-francesco-dagostino\\\/#breadcrumb\"},\"inLanguage\":\"it-IT\",\"potentialAction\":[{\"@type\":\"ReadAction\",\"target\":[\"https:\\\/\\\/www.rassegnastampa-totustuus.it\\\/cattolica\\\/carlo-francesco-dagostino\\\/\"]}]},{\"@type\":\"ImageObject\",\"inLanguage\":\"it-IT\",\"@id\":\"https:\\\/\\\/www.rassegnastampa-totustuus.it\\\/cattolica\\\/carlo-francesco-dagostino\\\/#primaryimage\",\"url\":\"https:\\\/\\\/www.rassegnastampa-totustuus.it\\\/cattolica\\\/wp-content\\\/uploads\\\/2016\\\/08\\\/alleanza-italiana.jpg\",\"contentUrl\":\"https:\\\/\\\/www.rassegnastampa-totustuus.it\\\/cattolica\\\/wp-content\\\/uploads\\\/2016\\\/08\\\/alleanza-italiana.jpg\",\"width\":195,\"height\":258},{\"@type\":\"BreadcrumbList\",\"@id\":\"https:\\\/\\\/www.rassegnastampa-totustuus.it\\\/cattolica\\\/carlo-francesco-dagostino\\\/#breadcrumb\",\"itemListElement\":[{\"@type\":\"ListItem\",\"position\":1,\"name\":\"Home\",\"item\":\"https:\\\/\\\/www.rassegnastampa-totustuus.it\\\/cattolica\\\/\"},{\"@type\":\"ListItem\",\"position\":2,\"name\":\"Carlo Francesco D\u2019Agostino\"}]},{\"@type\":\"WebSite\",\"@id\":\"https:\\\/\\\/www.rassegnastampa-totustuus.it\\\/cattolica\\\/#website\",\"url\":\"https:\\\/\\\/www.rassegnastampa-totustuus.it\\\/cattolica\\\/\",\"name\":\"Rassegna Stampa Cattolica\",\"description\":\"Per una cultura che nasce dalla Rivelazione cristiana in conformit\u00e0 alla tradizione e al Magistero della Chiesa in opposizione ad ogni relativismo e totalitarismo\",\"publisher\":{\"@id\":\"https:\\\/\\\/www.rassegnastampa-totustuus.it\\\/cattolica\\\/#organization\"},\"alternateName\":\"Rass. Cattolica\",\"potentialAction\":[{\"@type\":\"SearchAction\",\"target\":{\"@type\":\"EntryPoint\",\"urlTemplate\":\"https:\\\/\\\/www.rassegnastampa-totustuus.it\\\/cattolica\\\/?s={search_term_string}\"},\"query-input\":{\"@type\":\"PropertyValueSpecification\",\"valueRequired\":true,\"valueName\":\"search_term_string\"}}],\"inLanguage\":\"it-IT\"},{\"@type\":\"Organization\",\"@id\":\"https:\\\/\\\/www.rassegnastampa-totustuus.it\\\/cattolica\\\/#organization\",\"name\":\"Rassegna Stampa Cattolica\",\"url\":\"https:\\\/\\\/www.rassegnastampa-totustuus.it\\\/cattolica\\\/\",\"logo\":{\"@type\":\"ImageObject\",\"inLanguage\":\"it-IT\",\"@id\":\"https:\\\/\\\/www.rassegnastampa-totustuus.it\\\/cattolica\\\/#\\\/schema\\\/logo\\\/image\\\/\",\"url\":\"https:\\\/\\\/www.rassegnastampa-totustuus.it\\\/cattolica\\\/wp-content\\\/uploads\\\/2014\\\/04\\\/logo-rassegna1.gif\",\"contentUrl\":\"https:\\\/\\\/www.rassegnastampa-totustuus.it\\\/cattolica\\\/wp-content\\\/uploads\\\/2014\\\/04\\\/logo-rassegna1.gif\",\"width\":600,\"height\":163,\"caption\":\"Rassegna Stampa Cattolica\"},\"image\":{\"@id\":\"https:\\\/\\\/www.rassegnastampa-totustuus.it\\\/cattolica\\\/#\\\/schema\\\/logo\\\/image\\\/\"},\"sameAs\":[\"https:\\\/\\\/www.facebook.com\\\/rassegnastampacattolica\",\"https:\\\/\\\/x.com\\\/rassegnastampa9\"]},{\"@type\":\"Person\",\"@id\":\"https:\\\/\\\/www.rassegnastampa-totustuus.it\\\/cattolica\\\/#\\\/schema\\\/person\\\/08f319d2bd1a0904ad9e2bfb7b15e5c3\",\"name\":\"Redazione\",\"image\":{\"@type\":\"ImageObject\",\"inLanguage\":\"it-IT\",\"@id\":\"https:\\\/\\\/secure.gravatar.com\\\/avatar\\\/2fcdf27c78ea025fbdb44e914cc63c72249ffec9dc8aafd5c82b26240ef3f346?s=96&d=mm&r=g\",\"url\":\"https:\\\/\\\/secure.gravatar.com\\\/avatar\\\/2fcdf27c78ea025fbdb44e914cc63c72249ffec9dc8aafd5c82b26240ef3f346?s=96&d=mm&r=g\",\"contentUrl\":\"https:\\\/\\\/secure.gravatar.com\\\/avatar\\\/2fcdf27c78ea025fbdb44e914cc63c72249ffec9dc8aafd5c82b26240ef3f346?s=96&d=mm&r=g\",\"caption\":\"Redazione\"},\"url\":\"https:\\\/\\\/www.rassegnastampa-totustuus.it\\\/cattolica\\\/author\\\/pietroelle\\\/\"}]}<\/script>\n<!-- \/ Yoast SEO plugin. -->","yoast_head_json":{"title":"Carlo Francesco D\u2019Agostino - Rassegna Stampa Cattolica","description":"Rassegna Stampa Cattolica - Per una cultura che nasce dalla Rivelazione cristiana in conformit\u00e0 alla tradizione e al Magistero della Chiesa in opposizione ad ogni relativismo e totalitarismo","robots":{"index":"index","follow":"follow","max-snippet":"max-snippet:-1","max-image-preview":"max-image-preview:large","max-video-preview":"max-video-preview:-1"},"canonical":"https:\/\/www.rassegnastampa-totustuus.it\/cattolica\/carlo-francesco-dagostino\/","og_locale":"it_IT","og_type":"article","og_title":"Carlo Francesco D\u2019Agostino - Rassegna Stampa Cattolica","og_description":"Rassegna Stampa Cattolica - Per una cultura che nasce dalla Rivelazione cristiana in conformit\u00e0 alla tradizione e al Magistero della Chiesa in opposizione ad ogni relativismo e totalitarismo","og_url":"https:\/\/www.rassegnastampa-totustuus.it\/cattolica\/carlo-francesco-dagostino\/","og_site_name":"Rassegna Stampa Cattolica","article_publisher":"https:\/\/www.facebook.com\/rassegnastampacattolica","article_published_time":"2016-08-31T22:00:08+00:00","og_image":[{"width":195,"height":258,"url":"https:\/\/www.rassegnastampa-totustuus.it\/cattolica\/wp-content\/uploads\/2016\/08\/alleanza-italiana.jpg","type":"image\/jpeg"}],"author":"Redazione","twitter_card":"summary_large_image","twitter_creator":"@rassegnastampa9","twitter_site":"@rassegnastampa9","twitter_misc":{"Scritto da":"Redazione","Tempo di lettura stimato":"7 minuti"},"schema":{"@context":"https:\/\/schema.org","@graph":[{"@type":"Article","@id":"https:\/\/www.rassegnastampa-totustuus.it\/cattolica\/carlo-francesco-dagostino\/#article","isPartOf":{"@id":"https:\/\/www.rassegnastampa-totustuus.it\/cattolica\/carlo-francesco-dagostino\/"},"author":{"name":"Redazione","@id":"https:\/\/www.rassegnastampa-totustuus.it\/cattolica\/#\/schema\/person\/08f319d2bd1a0904ad9e2bfb7b15e5c3"},"headline":"Carlo Francesco D\u2019Agostino","datePublished":"2016-08-31T22:00:08+00:00","mainEntityOfPage":{"@id":"https:\/\/www.rassegnastampa-totustuus.it\/cattolica\/carlo-francesco-dagostino\/"},"wordCount":1438,"publisher":{"@id":"https:\/\/www.rassegnastampa-totustuus.it\/cattolica\/#organization"},"image":{"@id":"https:\/\/www.rassegnastampa-totustuus.it\/cattolica\/carlo-francesco-dagostino\/#primaryimage"},"thumbnailUrl":"https:\/\/www.rassegnastampa-totustuus.it\/cattolica\/wp-content\/uploads\/2016\/08\/alleanza-italiana.jpg","keywords":["Carlo Francesco D\u2019Agostino"],"articleSection":["Dottrina sociale","Personaggi"],"inLanguage":"it-IT"},{"@type":"WebPage","@id":"https:\/\/www.rassegnastampa-totustuus.it\/cattolica\/carlo-francesco-dagostino\/","url":"https:\/\/www.rassegnastampa-totustuus.it\/cattolica\/carlo-francesco-dagostino\/","name":"Carlo Francesco D\u2019Agostino - Rassegna Stampa Cattolica","isPartOf":{"@id":"https:\/\/www.rassegnastampa-totustuus.it\/cattolica\/#website"},"primaryImageOfPage":{"@id":"https:\/\/www.rassegnastampa-totustuus.it\/cattolica\/carlo-francesco-dagostino\/#primaryimage"},"image":{"@id":"https:\/\/www.rassegnastampa-totustuus.it\/cattolica\/carlo-francesco-dagostino\/#primaryimage"},"thumbnailUrl":"https:\/\/www.rassegnastampa-totustuus.it\/cattolica\/wp-content\/uploads\/2016\/08\/alleanza-italiana.jpg","datePublished":"2016-08-31T22:00:08+00:00","description":"Rassegna Stampa Cattolica - Per una cultura che nasce dalla Rivelazione cristiana in conformit\u00e0 alla tradizione e al Magistero della Chiesa in opposizione ad ogni relativismo e totalitarismo","breadcrumb":{"@id":"https:\/\/www.rassegnastampa-totustuus.it\/cattolica\/carlo-francesco-dagostino\/#breadcrumb"},"inLanguage":"it-IT","potentialAction":[{"@type":"ReadAction","target":["https:\/\/www.rassegnastampa-totustuus.it\/cattolica\/carlo-francesco-dagostino\/"]}]},{"@type":"ImageObject","inLanguage":"it-IT","@id":"https:\/\/www.rassegnastampa-totustuus.it\/cattolica\/carlo-francesco-dagostino\/#primaryimage","url":"https:\/\/www.rassegnastampa-totustuus.it\/cattolica\/wp-content\/uploads\/2016\/08\/alleanza-italiana.jpg","contentUrl":"https:\/\/www.rassegnastampa-totustuus.it\/cattolica\/wp-content\/uploads\/2016\/08\/alleanza-italiana.jpg","width":195,"height":258},{"@type":"BreadcrumbList","@id":"https:\/\/www.rassegnastampa-totustuus.it\/cattolica\/carlo-francesco-dagostino\/#breadcrumb","itemListElement":[{"@type":"ListItem","position":1,"name":"Home","item":"https:\/\/www.rassegnastampa-totustuus.it\/cattolica\/"},{"@type":"ListItem","position":2,"name":"Carlo Francesco D\u2019Agostino"}]},{"@type":"WebSite","@id":"https:\/\/www.rassegnastampa-totustuus.it\/cattolica\/#website","url":"https:\/\/www.rassegnastampa-totustuus.it\/cattolica\/","name":"Rassegna Stampa Cattolica","description":"Per una cultura che nasce dalla Rivelazione cristiana in conformit\u00e0 alla tradizione e al Magistero della Chiesa in opposizione ad ogni relativismo e totalitarismo","publisher":{"@id":"https:\/\/www.rassegnastampa-totustuus.it\/cattolica\/#organization"},"alternateName":"Rass. Cattolica","potentialAction":[{"@type":"SearchAction","target":{"@type":"EntryPoint","urlTemplate":"https:\/\/www.rassegnastampa-totustuus.it\/cattolica\/?s={search_term_string}"},"query-input":{"@type":"PropertyValueSpecification","valueRequired":true,"valueName":"search_term_string"}}],"inLanguage":"it-IT"},{"@type":"Organization","@id":"https:\/\/www.rassegnastampa-totustuus.it\/cattolica\/#organization","name":"Rassegna Stampa Cattolica","url":"https:\/\/www.rassegnastampa-totustuus.it\/cattolica\/","logo":{"@type":"ImageObject","inLanguage":"it-IT","@id":"https:\/\/www.rassegnastampa-totustuus.it\/cattolica\/#\/schema\/logo\/image\/","url":"https:\/\/www.rassegnastampa-totustuus.it\/cattolica\/wp-content\/uploads\/2014\/04\/logo-rassegna1.gif","contentUrl":"https:\/\/www.rassegnastampa-totustuus.it\/cattolica\/wp-content\/uploads\/2014\/04\/logo-rassegna1.gif","width":600,"height":163,"caption":"Rassegna Stampa Cattolica"},"image":{"@id":"https:\/\/www.rassegnastampa-totustuus.it\/cattolica\/#\/schema\/logo\/image\/"},"sameAs":["https:\/\/www.facebook.com\/rassegnastampacattolica","https:\/\/x.com\/rassegnastampa9"]},{"@type":"Person","@id":"https:\/\/www.rassegnastampa-totustuus.it\/cattolica\/#\/schema\/person\/08f319d2bd1a0904ad9e2bfb7b15e5c3","name":"Redazione","image":{"@type":"ImageObject","inLanguage":"it-IT","@id":"https:\/\/secure.gravatar.com\/avatar\/2fcdf27c78ea025fbdb44e914cc63c72249ffec9dc8aafd5c82b26240ef3f346?s=96&d=mm&r=g","url":"https:\/\/secure.gravatar.com\/avatar\/2fcdf27c78ea025fbdb44e914cc63c72249ffec9dc8aafd5c82b26240ef3f346?s=96&d=mm&r=g","contentUrl":"https:\/\/secure.gravatar.com\/avatar\/2fcdf27c78ea025fbdb44e914cc63c72249ffec9dc8aafd5c82b26240ef3f346?s=96&d=mm&r=g","caption":"Redazione"},"url":"https:\/\/www.rassegnastampa-totustuus.it\/cattolica\/author\/pietroelle\/"}]}},"_links":{"self":[{"href":"https:\/\/www.rassegnastampa-totustuus.it\/cattolica\/wp-json\/wp\/v2\/posts\/36221","targetHints":{"allow":["GET"]}}],"collection":[{"href":"https:\/\/www.rassegnastampa-totustuus.it\/cattolica\/wp-json\/wp\/v2\/posts"}],"about":[{"href":"https:\/\/www.rassegnastampa-totustuus.it\/cattolica\/wp-json\/wp\/v2\/types\/post"}],"author":[{"embeddable":true,"href":"https:\/\/www.rassegnastampa-totustuus.it\/cattolica\/wp-json\/wp\/v2\/users\/6"}],"replies":[{"embeddable":true,"href":"https:\/\/www.rassegnastampa-totustuus.it\/cattolica\/wp-json\/wp\/v2\/comments?post=36221"}],"version-history":[{"count":3,"href":"https:\/\/www.rassegnastampa-totustuus.it\/cattolica\/wp-json\/wp\/v2\/posts\/36221\/revisions"}],"predecessor-version":[{"id":36226,"href":"https:\/\/www.rassegnastampa-totustuus.it\/cattolica\/wp-json\/wp\/v2\/posts\/36221\/revisions\/36226"}],"wp:featuredmedia":[{"embeddable":true,"href":"https:\/\/www.rassegnastampa-totustuus.it\/cattolica\/wp-json\/wp\/v2\/media\/36223"}],"wp:attachment":[{"href":"https:\/\/www.rassegnastampa-totustuus.it\/cattolica\/wp-json\/wp\/v2\/media?parent=36221"}],"wp:term":[{"taxonomy":"category","embeddable":true,"href":"https:\/\/www.rassegnastampa-totustuus.it\/cattolica\/wp-json\/wp\/v2\/categories?post=36221"},{"taxonomy":"post_tag","embeddable":true,"href":"https:\/\/www.rassegnastampa-totustuus.it\/cattolica\/wp-json\/wp\/v2\/tags?post=36221"}],"curies":[{"name":"wp","href":"https:\/\/api.w.org\/{rel}","templated":true}]}}