{"id":36196,"date":"2016-09-01T00:00:12","date_gmt":"2016-08-31T22:00:12","guid":{"rendered":"http:\/\/www.rassegnastampa-totustuus.it\/cattolica\/?p=36196"},"modified":"2016-08-01T09:08:24","modified_gmt":"2016-08-01T07:08:24","slug":"europa-confusa","status":"publish","type":"post","link":"https:\/\/www.rassegnastampa-totustuus.it\/cattolica\/europa-confusa\/","title":{"rendered":"Europa confusa"},"content":{"rendered":"<p style=\"text-align: center;\"><strong><img loading=\"lazy\" decoding=\"async\" class=\"alignleft wp-image-36197\" src=\"https:\/\/www.rassegnastampa-totustuus.it\/cattolica\/wp-content\/uploads\/2016\/08\/Eurabia.jpg\" alt=\"Eurabia\" width=\"200\" height=\"200\" srcset=\"https:\/\/www.rassegnastampa-totustuus.it\/cattolica\/wp-content\/uploads\/2016\/08\/Eurabia.jpg 240w, https:\/\/www.rassegnastampa-totustuus.it\/cattolica\/wp-content\/uploads\/2016\/08\/Eurabia-150x150.jpg 150w\" sizes=\"auto, (max-width: 200px) 100vw, 200px\" \/>Italiani Rivista che ignora il politicamente <\/strong><\/p>\n<p style=\"text-align: center;\">n. 180- del 30 Luglio 2016<\/p>\n<p style=\"text-align: center;\">di <strong>Luigi Fressoia<\/strong><\/p>\n<p style=\"text-align: center;\">(<a href=\"mailto:archifress@tiscali.it\">archifress@tiscali.it<\/a>)<\/p>\n<p style=\"text-align: justify;\">Ai colpi della cosiddetta crisi (parola che imperversa dagli anni \u201970), i popoli europei reagiscono diversamente. I greci incendiano, i francesi si scontrano con la polizia, gli italiani non scatenano la piazza ma mugugnano gli stessi lamenti e soprattutto per vie traverse riescono sempre a impedire ogni riduzione di spesa pubblica. Diverso suona il comportamento di Germanici, Britanni e in genere nordeuropei; i tedeschi gi\u00e0 intorno al 2010 si imposero una certa riduzione delle pensioni consapevoli che l\u2019aritmetica \u00e8 difficile da contraddire, che se la gente campa sempre di pi\u00f9 i soldi per le pensioni diventano montagne inarrivabili.<\/p>\n<p style=\"text-align: justify;\"><!--more--><\/p>\n<p style=\"text-align: justify;\">Gli inglesi negli stessi anni procedettero a ridurre di centomila il numero dei dipendenti pubblici, che non \u00e8 un gran che per\u00f2 li mostra consapevoli delle stesse leggi dell\u2019aritmetica. Cosa sta alla radice dei due diversi comportamenti? Perch\u00e9 i primi si incazzano strillando all\u2019attacco alle conquiste dei lavoratori, e i secondi invece prendono atto? Di che cosa esattamente prendono atto, che i primi non vedono?<\/p>\n<p style=\"text-align: justify;\">La risposta \u00e8 molto semplice. Germanici e Angli prendono atto che rispetto agli anni \u201970, \u201980 e \u201990, quando l\u2019Europa e l\u2019Occidente erano praticamente soli a contendersi i mercati mondiali, con la crescita economica diffusa molti paesi un tempo fuori gioco ora competono agguerritamente nello scenario globale specie in materia di manifatture: India, Cina, tutto il sud-est asiatico, il Brasile, il Cile buona parte del sud America, l\u2019Europa ex comunista, sono tutti soggetti economici nuovi o recenti che hanno tolto e stanno togliendo agli europei occidentali molti profitti \u201cfacili\u201d.<\/p>\n<p style=\"text-align: justify;\">Capire o non capire (vedere o non vedere) questo fenomeno complesso ma semplice \u00e8 decisivo per decidere il comportamento davanti alle crisi e davanti alla oggettiva riduzione delle condizioni di vita e lavoro del dipendente, cui abbiamo dovuto assistere negli ultimi vent\u2019anni. Non solo dell\u2019operaio, del dipendente in genere, ma pure del vasto ceto medio fino agli imprenditori e industriali: in quanti sono falliti e hanno chiuso?<\/p>\n<p style=\"text-align: justify;\">Non capendo la globalizzazione nascono incomprensioni letali. Se fosse davvero, come dicono Marxisti, Mediterranei e Cattocomunisti, che \u00e8 tutta una rivincita padronale, altro che cortei e scontri con la polizia, bisognerebbe aspettarli sotto casa, i padroni e i loro lacch\u00e8, e sparargli col cannone. Se non vedi il fenomeno complesso ma semplice della globalizzazione \u00e8 facile cadere preda della retorica dell\u2019attacco alle conquiste, come se il padronato fosse un soggetto sadico che da decenni non aspettava altro che le sue rivincite.<\/p>\n<p style=\"text-align: justify;\">Questa visione \u00e8 tipica dell\u2019ignoranza marxista (diffusa anche nei paesi anglosassoni ma circoscritta al mondo sindacale e talune frange universitarie) cui \u00e8 sempre rimasto incomprensibile che le \u201cconquiste\u201d della seconda met\u00e0 del \u2018900 non sono sofferenze inflitte al padronato bens\u00ec sono sviluppi socioeconomici propri della maggiore produttivit\u00e0 del sistema basato sulla libera competizione.<\/p>\n<p style=\"text-align: justify;\">Non capiscono che lo stesso sistema \u201ccapitalistico\u201d comporta e abbisogna di un \u201cproletariato\u201d capace di spendere, sempre meno proletario e sempre pi\u00f9 \u201cborghese\u201d. Non capiscono che la dinamica produttivista (tendenza naturale ed universale ad una maggiore produttivit\u00e0 del lavoro) crea maggiore ricchezza per tutti, per i padroni e per gli operai, maggiore gettito nelle casse dello stato, pi\u00f9 spesa sociale, maggiori investimenti. Che non pu\u00f2 esistere nessun interesse in s\u00e9 del padronato a colpire-diminuire-umiliare le condizioni di vita e lavoro dei dipendenti.<\/p>\n<p style=\"text-align: justify;\">Se non vedi e non capisci, poi sei costretto a vivere la frustrazione suprema nel momento in cui il mare di retorica e ignoranza ti porta addirittura a vincere le elezioni e prendere in mano il governo: come dimostra Tsipras, come fu per Rifondazione e Comunisti Italiani con Prodi e come per tutti gli altri, l\u2019unica cosa che riescono a fare al governo \u00e8 semplicemente prendere atto finalmente che fuori della capacit\u00e0 di essere competitivi non c\u2019\u00e8 alcuna prospettiva di benessere, di welfare, di solidariet\u00e0, di quel che ti pare.<\/p>\n<p style=\"text-align: justify;\">Se invece vedi il fenomeno complesso ma semplice della globalizzazione, allora ti attrezzi. In primis prendi atto, come abbiamo visto, ma subito dopo ti organizzi per rispondere nella maniera pi\u00f9 efficace, farsi pi\u00f9 competitivi e in ci\u00f2 fare sistema. E nel fare sistema accorgersi che ben oltre il Padrone c\u2019\u00e8 un altro soggetto decisivo in ballo, lo Stato. Se quest\u2019ultimo \u00e8 minimo e perci\u00f2 efficace, aiuta l\u2019intera comunit\u00e0 a farsi competitiva; se invece pretende e tutto estorce e comanda, diventa la maggiore causa della impossibilit\u00e0 a farsi competitivi.<\/p>\n<p style=\"text-align: justify;\">Solo con tali consapevolezze si pu\u00f2 tornare agli alti standard di vita popolare degli anni \u201980. Altrimenti l\u2019unica goduria alle viste \u00e8 lamentarsi un sacco e una sporta, sbattersi con la polizia e piangersi addosso, proprio una bella goduria non c\u2019\u00e8 che dire. Hanno avuto maestri migliori, gli Angli e i Germanici, per esempio Churchill un giorno disse: \u201cI popoli che sperano di prosperare tassandosi, sono come quel tizio in piedi dentro un secchio che tenta di sollevarsi tirando il manico\u201d. Una lezione semplice, il denaro non si stampa di notte a piacimento bens\u00ec \u00e8 corrispettivo della capacit\u00e0 di generare scambi mediante offerta di prodotti e servizi ambiti. Ebbero Locke, Hume e Adam Smith.<\/p>\n<p style=\"text-align: justify;\">Invece verso l\u2019azzurro del Mediterraneo sotto l\u2019aura giacobina e palingenetica dell\u201989, i bei pensatori come Vico o Bastiat o Croce o la Scuola di Vienna sono sotterrati da turbe di cattivi maestri e ciarlatani che nei tg non smettono di solleticare e agitare diuturnamente fantasmi impalpabili e inconcludenti ma suggestivi quanto cento aerostati nel cielo: i Poveri, la Solidariet\u00e0, lo Sfruttamento, la Corruzione, l\u2019Egoismo, il Capitalismo, la Finanza e mille altri pretesti per non affrontare la realt\u00e0. Ora c\u2019\u00e8 il Brexit ma il sostrato di cui abbiamo qui detto non tarder\u00e0 a riemergere e contare pi\u00f9 del resto.<\/p>\n<p style=\"text-align: center;\"><strong>* * *<\/strong><\/p>\n<p style=\"text-align: justify;\">Ora a Nizza hanno appena ripetuto le stragi di Novembre e le altre, poi addirittura sgozzato un prete dentro una chiesa, ma il papa parziale, le boldrine e l\u2019immane esercito marxista e catto-comunista incistato ed egemone dentro le universit\u00e0, dentro le redazioni e dentro lo istituzioni repubblicane continuano la funzione di nemico interno, preziosissima per la strategia islamista. Continuano l\u2019opera di indebolimento e sottomissione dell\u2019Europa mediante i soliti argomenti mafiosi: \u00e8 colpa nostra, siamo noi che abbiamo armato l\u2019isis (!), le nostre multinazionali fanno anche di peggio (!), le disuguaglianze aumentano, sfruttiamo le \u00a0loro risorse, abbiamo abbattuto Gheddafi e Saddam perch\u00e9 pretendiamo il petrolio a prezzi buoni; globalizzazione e capitalismo concentrano in poche mani occidentali e affamano il terzo mondo, l\u2019isis esiste perch\u00e9 siamo l\u00ec con servizi segreti, multinazionali ed eserciti, appena ce ne andiamo sparisce l\u2019isis; tutte le religioni hanno fatto sfracelli; \u00e8 ridicolo che vogliano invaderci, reagiscono alle ingiustizie, dobbiamo lasciare libere quelle popolazioni di autogovernarsi, ci stanno restituendo ci\u00f2 che gli abbiamo dato\u2026 e rosari di consimili sciocchezze cieche e storicamente prive di ogni fondamento ovvero false e depistanti.<\/p>\n<p style=\"text-align: justify;\">Punto primo come premessa. Fossero vere tutte queste argomentazioni, ugualmente dovremmo sterminare ogni sentore di odio contro di noi occidentali per il semplice motivo che noi siamo noi (io sono io) e tanto basti.<\/p>\n<p style=\"text-align: justify;\">Punto due. Quando hanno potuto (per circa quattordici secoli!) ci hanno bastonato, massacrato, convertito a forza, decapitato, rapito, schiavizzato a tutta possa. Le coste italiane sono disseminate di duemila torri di avvistamento per allertare la gente quando arrivavano \u201ci turchi\u201d a razziare. Gi\u00e0 tre volte a malapena abbiamo sventato la minaccia incombente (Poitiers, Lepanto, Vienna). Peggio per loro -e assai meglio per noi- se poi hanno perso una cotale \u201cegemonia\u201d.<\/p>\n<p style=\"text-align: justify;\">Punto tre. Nulla impediva nei secoli a quella cultura o culture di sfruttare le loro molte risorse naturali invece di farselo insegnare da noialtri. Il petrolio l\u2019abbiamo elevato noi a risorsa preziosa, a loro gli sporcava i campi. Le multinazionali (che sono imprese come ogni altra, provvida e benefica in quanto tale) pagano in quei paesi stipendi di gran lunga maggiori di quel che sanno guadagnare da soli.<\/p>\n<p style=\"text-align: justify;\">Punto quattro. L\u2019odio contro di noi \u00e8 insegnato a scuola, \u00e8 atavico, \u00e8 imposto fin dall\u2019origine di quella religione chiusa e violenta. Da sempre hanno il sogno di \u201cconquistare Roma\u201d intendendo tutta l\u2019Europa e il mondo. L\u2019isis \u00e8 il culmine di un processo di revanscismo islamista re-iniziato nel 1922 con i Fratelli Mussulmani, che prescinde da quel che fanno o non fanno la Francia, l\u2019America, le multinazionali, etc. Peraltro nelle rivendicazioni di atti terroristici non si richiamano il petrolio, il capitalismo, il colonialismo\u2026 (che sono argomenti inventati dal cattocomunismo nostrano), bens\u00ec semplicemente si teorizza la punizione degli infedeli e il dominio dell\u2019islam.<\/p>\n<p style=\"text-align: justify;\">Punto quinto. Gli autori di stragi e violenze islamiste ci odiano perch\u00e9 siamo superiori in tutto, cultura, tecnica, arte, umanit\u00e0, generosit\u00e0; musica, scultura, architettura, medicina, sport, cinema, filosofia, letteratura, poesia\u2026. Scoprirsi inesorabilmente inferiori li fa impazzire, preferiscono la morte, sobillata dalla storiella penosa delle settanta vergini (anche in questo sono inferiori: a noi ci tirano quelle ben navigate, altro che vergini). Odiano noi e i nostri fratelli maggiori ebrei, che pure dalla sabbia del deserto sanno\/sappiamo tirar fuori ricchezza invece di star accovacciati tutto il giorno a fumare il narghil\u00e8.<\/p>\n<p style=\"text-align: justify;\">In un tale contesto evidente e incontestabile parlare di \u201cguerra in atto ma non di religione bens\u00ec per il dominio delle risorse\u201d \u00e8 esattamente lo smarrimento e paralisi dell\u2019Europa: quanto pi\u00f9 \u00e8 vero e innegabile che il primato occidentale ha il suo motore nelle radici cristiane, tanto pi\u00f9 il suicidio si avvicina non sapendo\/volendo leggere la realt\u00e0. Il nostro nemico interno, le serpi che teniamo in seno, cotale immane esercito marxista, paramarxista, proto-brodomarxista e catto-comunista dentro le universit\u00e0, le redazioni e dentro le istituzioni repubblicane, non vede quelle elementari verit\u00e0 storiche e antropologiche per il semplice motivo che la mentalit\u00e0 marxista non d\u00e0 valore alle cose diverse dall\u2019economia, non d\u00e0 importanza a tutte le cose anteriori alla rivoluzione industriale, non d\u00e0 valore alle cose diverse ed esterne alla lotta di classe; per tali signori la Storia comincia con la Classe Operaia senza di che nulla vale nulla.<\/p>\n<p style=\"text-align: justify;\">Per questo della terribile violenza islamista senza dubbio animata da revanscismo etnico-religioso, storicamente ricorrente, vogliono e sanno vedere solo il \u201cconnotato di classe\u201d, la frustra storiella degli sfruttati e sfruttatori; peraltro non vedendo che proprio i paesi arabi potrebbero essere ben pi\u00f9 ricchi di noi solo che sapessero sfruttare le loro risorse a partire dalla testa, sol che avessero sviluppato universit\u00e0, scienze, creativit\u00e0, dinamismo&#8230; chi gliel\u2019ha impedito se non la loro stessa testa?<\/p>\n<p style=\"text-align: justify;\">Non vedono poich\u00e9 sono marxisti, anche se sovente si vantano di non essere mai stati comunisti. Portano al collo un crocefisso ma \u00e8 sghembo, deformato in guisa di falce e martello; innamoratissimi di tale luccicante catena, godono nel profondo nel non voler vedere bens\u00ec riaffermare come litania i versetti del loro nuovo credo, rovesciare di 180 gradi la realt\u00e0; anzich\u00e9 compiacersi della recente fuoriuscita dalla povert\u00e0 degli occidentali (un tempo &#8211; e da sempre &#8211; tutta l\u2019umanit\u00e0 \u00e8 stata povera e poverissima), gli imputano bizzarramente la naturale povert\u00e0 di chi \u00e8 sempre stato povero.<\/p>\n<p style=\"text-align: justify;\">Per tale strabiliante e infondato senso di colpa, ci vogliono riempire di disperati di tutto il globo, che invece esattamente nella loro propria terra devono trovare il modo di realizzare i loro progressi: dove sta scritto che l\u2019unico o il migliore dei modi per aiutarli sia farli venire qui in massa? Ci vogliono riempire ma dolosamente; ostentano umanitarismo ma nascondono il dolo sicuro di ondate inedite e programmate da qualcuno: forse che guerre sparse pel mondo non c\u2019erano anche prima? I poveri e gli affamati non c\u2019erano anche prima? Perch\u00e9 queste ondate enormi e violente? Chi c\u2019\u00e8 dietro? Quale disegno? Quanto ci guadagnano?<\/p>\n<p style=\"text-align: justify;\">Non bisogna dimenticare che chi \u00e8 nell\u2019errore ideologico si vende facilissimamente, ieri al sovietismo oggi all\u2019islamismo. Ma queste domande non li riguardano, preferiscono santificare il loro tempo a pascersi di cacasenni sulle nostre violenze, sul nostro passato, sul colonialismo\u2026 senza avvedersi che allora anch\u2019io potrei legittimamente piazzare bombe a Vienna per il fratello di mia nonna che mor\u00ec sul Carso; potremmo piazzare bombe a Madrid per la dominazione spagnola, ammazzare gente a Washington per i bombardamenti della seconda guerra mondiale, i meridionali potrebbero assassinare a sangue freddo settentrionali figli ed eredi degli invasori del Risorgimento, perch\u00e9 no? Cinesi, Indiani, altri Asiatici, Brasiliani e Sudamericani, altri Africani, hanno tutti subito colonialismo europeo per\u00f2 da costoro non provengono terroristi antioccidentali e anticristiani, al contrario si sono giovati moltissimo della contaminazione culturale e oggi primeggiano nella scena economica mondiale, \u00e8 cos\u00ec difficile costatarlo?<\/p>\n<p style=\"text-align: center;\"><strong>* * *<\/strong><\/p>\n<p style=\"text-align: justify;\">Grandi dolori &#8211; e a lungo &#8211; provocher\u00e0 la violenza islamista cos\u00ec corroborata da paralisi generata dai nemici interni, dalle serpi che nutriamo in seno &#8211; quanti stipendi da favola per farci danneggiare! A lungo durer\u00e0 quel delirio islamista revanchista pur privo di reali prospettive se non il godimento del sangue e della distruzione. Brutta \u00e8 la situazione non solo per la nostra vulnerabilit\u00e0 quanto per la paralisi indotta da buonismo e serpi in seno (vergognosi i commenti alla rai, loro vera funzione non \u00e8 l\u2019informazione bens\u00ec uno scopo politico: frenare islamofobia, xenofobia e altri sentimenti che &#8211; al contrario &#8211; essi moltiplicano).<\/p>\n<p style=\"text-align: justify;\">Se vogliamo fare qualcosa di utile dobbiamo azzerare la classe politica e dirigente formata ai miti umanitaristici del dopoguerra perci\u00f2 incapace di guardare in faccia una realt\u00e0 diversa, innalzandone una consapevole e determinata sul doppio problema islamismo-immigrazione, due questioni al tempo distinte ed unite.<\/p>\n<p style=\"text-align: justify;\">Volta a volta si affronteranno tutte le questioni, primarie, collaterali, secondarie anche mediante leggi speciali, sospensioni selettive dei diritti occidentali, quel che serve allo scopo, non si fece cos\u00ec durante le guerre mondiali? L\u2019Europa deve essere trascinata alla sua unit\u00e0 su questa consapevolezza, con coscienza umanitaria al posto di pretese umanitaristiche. Ci pare di vedere che in tale Europa ferita e smarrita emerger\u00e0 la Germania, che trover\u00e0 qui \u00a0il momento del suo riscatto morale; forse un inedito asse russo-tedesco. Ungheresi, Cechi e altri vicini sono gi\u00e0 sulla buona strada.<\/p>\n<p style=\"text-align: center;\"><strong>* * *<\/strong><\/p>\n<p style=\"text-align: justify;\">Compito immane e forse impossibile, \u00e8 molto pi\u00f9 facile che siano le serpi in seno a schiacciare noi e qualsiasi seme di rinascita. Ma \u00e8 nostro dovere lasciare alle generazioni dei prossimi aspri decenni una prospettiva politica valida: ci vuole una forza politica con quelle consapevolezza e determinazione, che abbia come scopo primo e indefettibile la bonifica delle nostre istituzioni dalla sifilide morale del buonismo, del giustificazionismo, dei falsi storici marxisti-pauperisti e bigottismi antioccidentali.<\/p>\n<p style=\"text-align: justify;\">Bonificare con appositi esami individuali e curricula le tv pubbliche, i tribunali, scuole e universit\u00e0, gli enti pubblici, le forze armate. Sempre libert\u00e0 per tutti anche per i cattomarxisti di credere quel che gli pare bens\u00ec fuori delle pubbliche istituzioni che per l\u2019appunto sono di tutti e non gi\u00e0 propriet\u00e0 di una o qualche setta. Il segreto per la remota possibilit\u00e0 di riuscire in un tale compito cos\u00ec disperato, \u00e8 sapersi legare al tema interno pi\u00f9 importante -altrettanto impossibile ma vincente nel medio-lungo periodo: la lotta al parassitismo, ai piagnistei marxisteggianti, ai cattivi maestri, la vittoria e l\u2019egemonia dei produttori contro il vasto parassitismo di stato.<\/p>\n<p style=\"text-align: justify;\">Sembra un fuori tema ma non lo \u00e8. Immigrazione, Islamismo, Parassitismo.<\/p>\n","protected":false},"excerpt":{"rendered":"<p>Italiani Rivista che ignora il politicamente n. 180- del 30 Luglio 2016 di Luigi Fressoia (archifress@tiscali.it) Ai colpi della cosiddetta crisi (parola che imperversa dagli anni \u201970), i popoli europei reagiscono diversamente. I greci incendiano, i francesi si scontrano con la polizia, gli italiani non scatenano la piazza ma mugugnano gli stessi lamenti e soprattutto &hellip; <\/p>\n<p><a class=\"more-link btn\" href=\"https:\/\/www.rassegnastampa-totustuus.it\/cattolica\/europa-confusa\/\">Continua a leggere<\/a><\/p>\n","protected":false},"author":6,"featured_media":36197,"comment_status":"closed","ping_status":"closed","sticky":false,"template":"","format":"standard","meta":{"footnotes":""},"categories":[14,111,27],"tags":[342,1280],"class_list":["post-36196","post","type-post","status-publish","format-standard","has-post-thumbnail","hentry","category-europa-e-ue","category-islam-in-europa","category-socialismo-e-comunismo","tag-crisi-economica","tag-declino-europeo","item-wrap"],"yoast_head":"<!-- This site is optimized with the Yoast SEO plugin v27.4 - https:\/\/yoast.com\/product\/yoast-seo-wordpress\/ -->\n<title>Europa confusa - Rassegna Stampa Cattolica<\/title>\n<meta name=\"description\" content=\"Rassegna Stampa Cattolica - Per una cultura che nasce dalla Rivelazione cristiana in conformit\u00e0 alla tradizione e al Magistero della Chiesa in opposizione ad ogni relativismo e totalitarismo\" \/>\n<meta name=\"robots\" content=\"index, follow, max-snippet:-1, max-image-preview:large, max-video-preview:-1\" \/>\n<link rel=\"canonical\" href=\"https:\/\/www.rassegnastampa-totustuus.it\/cattolica\/europa-confusa\/\" \/>\n<meta property=\"og:locale\" content=\"it_IT\" \/>\n<meta property=\"og:type\" content=\"article\" \/>\n<meta property=\"og:title\" content=\"Europa confusa - Rassegna Stampa Cattolica\" \/>\n<meta property=\"og:description\" content=\"Rassegna Stampa Cattolica - Per una cultura che nasce dalla Rivelazione cristiana in conformit\u00e0 alla tradizione e al Magistero della Chiesa in opposizione ad ogni relativismo e totalitarismo\" \/>\n<meta property=\"og:url\" content=\"https:\/\/www.rassegnastampa-totustuus.it\/cattolica\/europa-confusa\/\" \/>\n<meta property=\"og:site_name\" content=\"Rassegna Stampa Cattolica\" \/>\n<meta property=\"article:publisher\" content=\"https:\/\/www.facebook.com\/rassegnastampacattolica\" \/>\n<meta property=\"article:published_time\" content=\"2016-08-31T22:00:12+00:00\" \/>\n<meta property=\"og:image\" content=\"https:\/\/www.rassegnastampa-totustuus.it\/cattolica\/wp-content\/uploads\/2016\/08\/Eurabia.jpg\" \/>\n\t<meta property=\"og:image:width\" content=\"240\" \/>\n\t<meta property=\"og:image:height\" content=\"240\" \/>\n\t<meta property=\"og:image:type\" content=\"image\/jpeg\" \/>\n<meta name=\"author\" content=\"Redazione\" \/>\n<meta name=\"twitter:card\" content=\"summary_large_image\" \/>\n<meta name=\"twitter:creator\" content=\"@rassegnastampa9\" \/>\n<meta name=\"twitter:site\" content=\"@rassegnastampa9\" \/>\n<meta name=\"twitter:label1\" content=\"Scritto da\" \/>\n\t<meta name=\"twitter:data1\" content=\"Redazione\" \/>\n\t<meta name=\"twitter:label2\" content=\"Tempo di lettura stimato\" \/>\n\t<meta name=\"twitter:data2\" content=\"12 minuti\" \/>\n<script type=\"application\/ld+json\" class=\"yoast-schema-graph\">{\"@context\":\"https:\\\/\\\/schema.org\",\"@graph\":[{\"@type\":\"Article\",\"@id\":\"https:\\\/\\\/www.rassegnastampa-totustuus.it\\\/cattolica\\\/europa-confusa\\\/#article\",\"isPartOf\":{\"@id\":\"https:\\\/\\\/www.rassegnastampa-totustuus.it\\\/cattolica\\\/europa-confusa\\\/\"},\"author\":{\"name\":\"Redazione\",\"@id\":\"https:\\\/\\\/www.rassegnastampa-totustuus.it\\\/cattolica\\\/#\\\/schema\\\/person\\\/08f319d2bd1a0904ad9e2bfb7b15e5c3\"},\"headline\":\"Europa confusa\",\"datePublished\":\"2016-08-31T22:00:12+00:00\",\"mainEntityOfPage\":{\"@id\":\"https:\\\/\\\/www.rassegnastampa-totustuus.it\\\/cattolica\\\/europa-confusa\\\/\"},\"wordCount\":2477,\"publisher\":{\"@id\":\"https:\\\/\\\/www.rassegnastampa-totustuus.it\\\/cattolica\\\/#organization\"},\"image\":{\"@id\":\"https:\\\/\\\/www.rassegnastampa-totustuus.it\\\/cattolica\\\/europa-confusa\\\/#primaryimage\"},\"thumbnailUrl\":\"https:\\\/\\\/www.rassegnastampa-totustuus.it\\\/cattolica\\\/wp-content\\\/uploads\\\/2016\\\/08\\\/Eurabia.jpg\",\"keywords\":[\"crisi economica\",\"declino europeo\"],\"articleSection\":[\"Europa e UE\",\"Islam in Europa\",\"Socialcomunismo\"],\"inLanguage\":\"it-IT\"},{\"@type\":\"WebPage\",\"@id\":\"https:\\\/\\\/www.rassegnastampa-totustuus.it\\\/cattolica\\\/europa-confusa\\\/\",\"url\":\"https:\\\/\\\/www.rassegnastampa-totustuus.it\\\/cattolica\\\/europa-confusa\\\/\",\"name\":\"Europa confusa - Rassegna Stampa Cattolica\",\"isPartOf\":{\"@id\":\"https:\\\/\\\/www.rassegnastampa-totustuus.it\\\/cattolica\\\/#website\"},\"primaryImageOfPage\":{\"@id\":\"https:\\\/\\\/www.rassegnastampa-totustuus.it\\\/cattolica\\\/europa-confusa\\\/#primaryimage\"},\"image\":{\"@id\":\"https:\\\/\\\/www.rassegnastampa-totustuus.it\\\/cattolica\\\/europa-confusa\\\/#primaryimage\"},\"thumbnailUrl\":\"https:\\\/\\\/www.rassegnastampa-totustuus.it\\\/cattolica\\\/wp-content\\\/uploads\\\/2016\\\/08\\\/Eurabia.jpg\",\"datePublished\":\"2016-08-31T22:00:12+00:00\",\"description\":\"Rassegna Stampa Cattolica - Per una cultura che nasce dalla Rivelazione cristiana in conformit\u00e0 alla tradizione e al Magistero della Chiesa in opposizione ad ogni relativismo e totalitarismo\",\"breadcrumb\":{\"@id\":\"https:\\\/\\\/www.rassegnastampa-totustuus.it\\\/cattolica\\\/europa-confusa\\\/#breadcrumb\"},\"inLanguage\":\"it-IT\",\"potentialAction\":[{\"@type\":\"ReadAction\",\"target\":[\"https:\\\/\\\/www.rassegnastampa-totustuus.it\\\/cattolica\\\/europa-confusa\\\/\"]}]},{\"@type\":\"ImageObject\",\"inLanguage\":\"it-IT\",\"@id\":\"https:\\\/\\\/www.rassegnastampa-totustuus.it\\\/cattolica\\\/europa-confusa\\\/#primaryimage\",\"url\":\"https:\\\/\\\/www.rassegnastampa-totustuus.it\\\/cattolica\\\/wp-content\\\/uploads\\\/2016\\\/08\\\/Eurabia.jpg\",\"contentUrl\":\"https:\\\/\\\/www.rassegnastampa-totustuus.it\\\/cattolica\\\/wp-content\\\/uploads\\\/2016\\\/08\\\/Eurabia.jpg\",\"width\":240,\"height\":240},{\"@type\":\"BreadcrumbList\",\"@id\":\"https:\\\/\\\/www.rassegnastampa-totustuus.it\\\/cattolica\\\/europa-confusa\\\/#breadcrumb\",\"itemListElement\":[{\"@type\":\"ListItem\",\"position\":1,\"name\":\"Home\",\"item\":\"https:\\\/\\\/www.rassegnastampa-totustuus.it\\\/cattolica\\\/\"},{\"@type\":\"ListItem\",\"position\":2,\"name\":\"Europa confusa\"}]},{\"@type\":\"WebSite\",\"@id\":\"https:\\\/\\\/www.rassegnastampa-totustuus.it\\\/cattolica\\\/#website\",\"url\":\"https:\\\/\\\/www.rassegnastampa-totustuus.it\\\/cattolica\\\/\",\"name\":\"Rassegna Stampa Cattolica\",\"description\":\"Per una cultura che nasce dalla Rivelazione cristiana in conformit\u00e0 alla tradizione e al Magistero della Chiesa in opposizione ad ogni relativismo e totalitarismo\",\"publisher\":{\"@id\":\"https:\\\/\\\/www.rassegnastampa-totustuus.it\\\/cattolica\\\/#organization\"},\"alternateName\":\"Rass. Cattolica\",\"potentialAction\":[{\"@type\":\"SearchAction\",\"target\":{\"@type\":\"EntryPoint\",\"urlTemplate\":\"https:\\\/\\\/www.rassegnastampa-totustuus.it\\\/cattolica\\\/?s={search_term_string}\"},\"query-input\":{\"@type\":\"PropertyValueSpecification\",\"valueRequired\":true,\"valueName\":\"search_term_string\"}}],\"inLanguage\":\"it-IT\"},{\"@type\":\"Organization\",\"@id\":\"https:\\\/\\\/www.rassegnastampa-totustuus.it\\\/cattolica\\\/#organization\",\"name\":\"Rassegna Stampa Cattolica\",\"url\":\"https:\\\/\\\/www.rassegnastampa-totustuus.it\\\/cattolica\\\/\",\"logo\":{\"@type\":\"ImageObject\",\"inLanguage\":\"it-IT\",\"@id\":\"https:\\\/\\\/www.rassegnastampa-totustuus.it\\\/cattolica\\\/#\\\/schema\\\/logo\\\/image\\\/\",\"url\":\"https:\\\/\\\/www.rassegnastampa-totustuus.it\\\/cattolica\\\/wp-content\\\/uploads\\\/2014\\\/04\\\/logo-rassegna1.gif\",\"contentUrl\":\"https:\\\/\\\/www.rassegnastampa-totustuus.it\\\/cattolica\\\/wp-content\\\/uploads\\\/2014\\\/04\\\/logo-rassegna1.gif\",\"width\":600,\"height\":163,\"caption\":\"Rassegna Stampa Cattolica\"},\"image\":{\"@id\":\"https:\\\/\\\/www.rassegnastampa-totustuus.it\\\/cattolica\\\/#\\\/schema\\\/logo\\\/image\\\/\"},\"sameAs\":[\"https:\\\/\\\/www.facebook.com\\\/rassegnastampacattolica\",\"https:\\\/\\\/x.com\\\/rassegnastampa9\"]},{\"@type\":\"Person\",\"@id\":\"https:\\\/\\\/www.rassegnastampa-totustuus.it\\\/cattolica\\\/#\\\/schema\\\/person\\\/08f319d2bd1a0904ad9e2bfb7b15e5c3\",\"name\":\"Redazione\",\"image\":{\"@type\":\"ImageObject\",\"inLanguage\":\"it-IT\",\"@id\":\"https:\\\/\\\/secure.gravatar.com\\\/avatar\\\/2fcdf27c78ea025fbdb44e914cc63c72249ffec9dc8aafd5c82b26240ef3f346?s=96&d=mm&r=g\",\"url\":\"https:\\\/\\\/secure.gravatar.com\\\/avatar\\\/2fcdf27c78ea025fbdb44e914cc63c72249ffec9dc8aafd5c82b26240ef3f346?s=96&d=mm&r=g\",\"contentUrl\":\"https:\\\/\\\/secure.gravatar.com\\\/avatar\\\/2fcdf27c78ea025fbdb44e914cc63c72249ffec9dc8aafd5c82b26240ef3f346?s=96&d=mm&r=g\",\"caption\":\"Redazione\"},\"url\":\"https:\\\/\\\/www.rassegnastampa-totustuus.it\\\/cattolica\\\/author\\\/pietroelle\\\/\"}]}<\/script>\n<!-- \/ Yoast SEO plugin. -->","yoast_head_json":{"title":"Europa confusa - Rassegna Stampa Cattolica","description":"Rassegna Stampa Cattolica - Per una cultura che nasce dalla Rivelazione cristiana in conformit\u00e0 alla tradizione e al Magistero della Chiesa in opposizione ad ogni relativismo e totalitarismo","robots":{"index":"index","follow":"follow","max-snippet":"max-snippet:-1","max-image-preview":"max-image-preview:large","max-video-preview":"max-video-preview:-1"},"canonical":"https:\/\/www.rassegnastampa-totustuus.it\/cattolica\/europa-confusa\/","og_locale":"it_IT","og_type":"article","og_title":"Europa confusa - Rassegna Stampa Cattolica","og_description":"Rassegna Stampa Cattolica - Per una cultura che nasce dalla Rivelazione cristiana in conformit\u00e0 alla tradizione e al Magistero della Chiesa in opposizione ad ogni relativismo e totalitarismo","og_url":"https:\/\/www.rassegnastampa-totustuus.it\/cattolica\/europa-confusa\/","og_site_name":"Rassegna Stampa Cattolica","article_publisher":"https:\/\/www.facebook.com\/rassegnastampacattolica","article_published_time":"2016-08-31T22:00:12+00:00","og_image":[{"width":240,"height":240,"url":"https:\/\/www.rassegnastampa-totustuus.it\/cattolica\/wp-content\/uploads\/2016\/08\/Eurabia.jpg","type":"image\/jpeg"}],"author":"Redazione","twitter_card":"summary_large_image","twitter_creator":"@rassegnastampa9","twitter_site":"@rassegnastampa9","twitter_misc":{"Scritto da":"Redazione","Tempo di lettura stimato":"12 minuti"},"schema":{"@context":"https:\/\/schema.org","@graph":[{"@type":"Article","@id":"https:\/\/www.rassegnastampa-totustuus.it\/cattolica\/europa-confusa\/#article","isPartOf":{"@id":"https:\/\/www.rassegnastampa-totustuus.it\/cattolica\/europa-confusa\/"},"author":{"name":"Redazione","@id":"https:\/\/www.rassegnastampa-totustuus.it\/cattolica\/#\/schema\/person\/08f319d2bd1a0904ad9e2bfb7b15e5c3"},"headline":"Europa confusa","datePublished":"2016-08-31T22:00:12+00:00","mainEntityOfPage":{"@id":"https:\/\/www.rassegnastampa-totustuus.it\/cattolica\/europa-confusa\/"},"wordCount":2477,"publisher":{"@id":"https:\/\/www.rassegnastampa-totustuus.it\/cattolica\/#organization"},"image":{"@id":"https:\/\/www.rassegnastampa-totustuus.it\/cattolica\/europa-confusa\/#primaryimage"},"thumbnailUrl":"https:\/\/www.rassegnastampa-totustuus.it\/cattolica\/wp-content\/uploads\/2016\/08\/Eurabia.jpg","keywords":["crisi economica","declino europeo"],"articleSection":["Europa e UE","Islam in Europa","Socialcomunismo"],"inLanguage":"it-IT"},{"@type":"WebPage","@id":"https:\/\/www.rassegnastampa-totustuus.it\/cattolica\/europa-confusa\/","url":"https:\/\/www.rassegnastampa-totustuus.it\/cattolica\/europa-confusa\/","name":"Europa confusa - Rassegna Stampa Cattolica","isPartOf":{"@id":"https:\/\/www.rassegnastampa-totustuus.it\/cattolica\/#website"},"primaryImageOfPage":{"@id":"https:\/\/www.rassegnastampa-totustuus.it\/cattolica\/europa-confusa\/#primaryimage"},"image":{"@id":"https:\/\/www.rassegnastampa-totustuus.it\/cattolica\/europa-confusa\/#primaryimage"},"thumbnailUrl":"https:\/\/www.rassegnastampa-totustuus.it\/cattolica\/wp-content\/uploads\/2016\/08\/Eurabia.jpg","datePublished":"2016-08-31T22:00:12+00:00","description":"Rassegna Stampa Cattolica - Per una cultura che nasce dalla Rivelazione cristiana in conformit\u00e0 alla tradizione e al Magistero della Chiesa in opposizione ad ogni relativismo e totalitarismo","breadcrumb":{"@id":"https:\/\/www.rassegnastampa-totustuus.it\/cattolica\/europa-confusa\/#breadcrumb"},"inLanguage":"it-IT","potentialAction":[{"@type":"ReadAction","target":["https:\/\/www.rassegnastampa-totustuus.it\/cattolica\/europa-confusa\/"]}]},{"@type":"ImageObject","inLanguage":"it-IT","@id":"https:\/\/www.rassegnastampa-totustuus.it\/cattolica\/europa-confusa\/#primaryimage","url":"https:\/\/www.rassegnastampa-totustuus.it\/cattolica\/wp-content\/uploads\/2016\/08\/Eurabia.jpg","contentUrl":"https:\/\/www.rassegnastampa-totustuus.it\/cattolica\/wp-content\/uploads\/2016\/08\/Eurabia.jpg","width":240,"height":240},{"@type":"BreadcrumbList","@id":"https:\/\/www.rassegnastampa-totustuus.it\/cattolica\/europa-confusa\/#breadcrumb","itemListElement":[{"@type":"ListItem","position":1,"name":"Home","item":"https:\/\/www.rassegnastampa-totustuus.it\/cattolica\/"},{"@type":"ListItem","position":2,"name":"Europa confusa"}]},{"@type":"WebSite","@id":"https:\/\/www.rassegnastampa-totustuus.it\/cattolica\/#website","url":"https:\/\/www.rassegnastampa-totustuus.it\/cattolica\/","name":"Rassegna Stampa Cattolica","description":"Per una cultura che nasce dalla Rivelazione cristiana in conformit\u00e0 alla tradizione e al Magistero della Chiesa in opposizione ad ogni relativismo e totalitarismo","publisher":{"@id":"https:\/\/www.rassegnastampa-totustuus.it\/cattolica\/#organization"},"alternateName":"Rass. Cattolica","potentialAction":[{"@type":"SearchAction","target":{"@type":"EntryPoint","urlTemplate":"https:\/\/www.rassegnastampa-totustuus.it\/cattolica\/?s={search_term_string}"},"query-input":{"@type":"PropertyValueSpecification","valueRequired":true,"valueName":"search_term_string"}}],"inLanguage":"it-IT"},{"@type":"Organization","@id":"https:\/\/www.rassegnastampa-totustuus.it\/cattolica\/#organization","name":"Rassegna Stampa Cattolica","url":"https:\/\/www.rassegnastampa-totustuus.it\/cattolica\/","logo":{"@type":"ImageObject","inLanguage":"it-IT","@id":"https:\/\/www.rassegnastampa-totustuus.it\/cattolica\/#\/schema\/logo\/image\/","url":"https:\/\/www.rassegnastampa-totustuus.it\/cattolica\/wp-content\/uploads\/2014\/04\/logo-rassegna1.gif","contentUrl":"https:\/\/www.rassegnastampa-totustuus.it\/cattolica\/wp-content\/uploads\/2014\/04\/logo-rassegna1.gif","width":600,"height":163,"caption":"Rassegna Stampa Cattolica"},"image":{"@id":"https:\/\/www.rassegnastampa-totustuus.it\/cattolica\/#\/schema\/logo\/image\/"},"sameAs":["https:\/\/www.facebook.com\/rassegnastampacattolica","https:\/\/x.com\/rassegnastampa9"]},{"@type":"Person","@id":"https:\/\/www.rassegnastampa-totustuus.it\/cattolica\/#\/schema\/person\/08f319d2bd1a0904ad9e2bfb7b15e5c3","name":"Redazione","image":{"@type":"ImageObject","inLanguage":"it-IT","@id":"https:\/\/secure.gravatar.com\/avatar\/2fcdf27c78ea025fbdb44e914cc63c72249ffec9dc8aafd5c82b26240ef3f346?s=96&d=mm&r=g","url":"https:\/\/secure.gravatar.com\/avatar\/2fcdf27c78ea025fbdb44e914cc63c72249ffec9dc8aafd5c82b26240ef3f346?s=96&d=mm&r=g","contentUrl":"https:\/\/secure.gravatar.com\/avatar\/2fcdf27c78ea025fbdb44e914cc63c72249ffec9dc8aafd5c82b26240ef3f346?s=96&d=mm&r=g","caption":"Redazione"},"url":"https:\/\/www.rassegnastampa-totustuus.it\/cattolica\/author\/pietroelle\/"}]}},"_links":{"self":[{"href":"https:\/\/www.rassegnastampa-totustuus.it\/cattolica\/wp-json\/wp\/v2\/posts\/36196","targetHints":{"allow":["GET"]}}],"collection":[{"href":"https:\/\/www.rassegnastampa-totustuus.it\/cattolica\/wp-json\/wp\/v2\/posts"}],"about":[{"href":"https:\/\/www.rassegnastampa-totustuus.it\/cattolica\/wp-json\/wp\/v2\/types\/post"}],"author":[{"embeddable":true,"href":"https:\/\/www.rassegnastampa-totustuus.it\/cattolica\/wp-json\/wp\/v2\/users\/6"}],"replies":[{"embeddable":true,"href":"https:\/\/www.rassegnastampa-totustuus.it\/cattolica\/wp-json\/wp\/v2\/comments?post=36196"}],"version-history":[{"count":1,"href":"https:\/\/www.rassegnastampa-totustuus.it\/cattolica\/wp-json\/wp\/v2\/posts\/36196\/revisions"}],"predecessor-version":[{"id":36198,"href":"https:\/\/www.rassegnastampa-totustuus.it\/cattolica\/wp-json\/wp\/v2\/posts\/36196\/revisions\/36198"}],"wp:featuredmedia":[{"embeddable":true,"href":"https:\/\/www.rassegnastampa-totustuus.it\/cattolica\/wp-json\/wp\/v2\/media\/36197"}],"wp:attachment":[{"href":"https:\/\/www.rassegnastampa-totustuus.it\/cattolica\/wp-json\/wp\/v2\/media?parent=36196"}],"wp:term":[{"taxonomy":"category","embeddable":true,"href":"https:\/\/www.rassegnastampa-totustuus.it\/cattolica\/wp-json\/wp\/v2\/categories?post=36196"},{"taxonomy":"post_tag","embeddable":true,"href":"https:\/\/www.rassegnastampa-totustuus.it\/cattolica\/wp-json\/wp\/v2\/tags?post=36196"}],"curies":[{"name":"wp","href":"https:\/\/api.w.org\/{rel}","templated":true}]}}