{"id":36071,"date":"2016-07-21T00:00:25","date_gmt":"2016-07-20T22:00:25","guid":{"rendered":"http:\/\/www.rassegnastampa-totustuus.it\/cattolica\/?p=36071"},"modified":"2016-07-19T09:09:12","modified_gmt":"2016-07-19T07:09:12","slug":"la-solitudine-umana-il-nichilismo-delloccidente-e-il-jihad-che-ci-minaccia-e-che-in-14-secoli-ha-fatto-circa-270-milioni-di-vittime","status":"publish","type":"post","link":"https:\/\/www.rassegnastampa-totustuus.it\/cattolica\/la-solitudine-umana-il-nichilismo-delloccidente-e-il-jihad-che-ci-minaccia-e-che-in-14-secoli-ha-fatto-circa-270-milioni-di-vittime\/","title":{"rendered":"La solitudine umana, il nichilismo dell\u2019Occidente e il jihad che ci minaccia e che, in 14 secoli, ha fatto circa 270 milioni di vittime"},"content":{"rendered":"<div id=\"attachment_36072\" style=\"width: 250px\" class=\"wp-caption alignright\"><img loading=\"lazy\" decoding=\"async\" aria-describedby=\"caption-attachment-36072\" class=\"wp-image-36072\" src=\"https:\/\/www.rassegnastampa-totustuus.it\/cattolica\/wp-content\/uploads\/2016\/07\/Nizza_attentato-1.jpg\" alt=\"Nizza_attentato\" width=\"250\" height=\"150\" \/><p id=\"caption-attachment-36072\" class=\"wp-caption-text\">il camion dell&#8217;attentato islamico a Nizza<\/p><\/div>\n<p style=\"text-align: center;\"><strong>Libero<\/strong> 17 luglio 2016<\/p>\n<p style=\"text-align: center;\"><strong>Antonio Socci<\/strong><\/p>\n<p style=\"text-align: justify;\">L\u2019uomo della strage di Nizza, Mohamed Lahouaiej Bohlel, fino al 13 luglio era una persona comune, un tipo che non dava nell\u2019occhio. Emigrato in Francia una decina di anni fa dalla Tunisia aveva un permesso di soggiorno che sarebbe scaduto nel 2019. \u201cM\u2019era sembrato molto tranquillo\u2026 forse un po\u2019 triste\u201d, dice la vicina di casa: \u201cera sempre da solo\u2026 un\u2019unica volta l\u2019ho visto in compagnia del figli\u201d.<\/p>\n<p style=\"text-align: justify;\"><!--more--><\/p>\n<p style=\"text-align: justify;\">Da un anno era andato a vivere lontano dalla moglie e dai tre suoi bambini. Forse aveva avuto problemi di prestiti e debiti e qualche grana giudiziaria. Aveva partecipato a una rissa, ma nulla che potesse allertare l\u2019antiterrorismo. Pare che fosse \u201cdepresso e instabile\u201d, ma anche questo non pu\u00f2 spiegare l\u2019orrore che ha perpetrato. Del resto il \u201cmale di vivere\u201d \u00e8 un connotato della nostra condizione umana e il nichilismo dell\u2019Occidente lo amplifica e lo grava di nuovi fardelli. Ma \u00e8 una condizione comune. Tutto questo non c\u2019entra ancora niente con il terrorismo e la strage. Al massimo pu\u00f2 prendere la strada della disperazione personale o quella del rancore e dell\u2019odio.<\/p>\n<p style=\"text-align: justify;\">Una pagina dello scrittore svedese Hjalmar Soderberg coglie bene la nostra condizione umana:<em> \u201cVogliamo essere amati. In mancanza di ci\u00f2, ammirati; in mancanza di ci\u00f2, temuti. In mancanza di ci\u00f2, odiati e disprezzati.Vogliamo suscitare negli altri una qualche sorta di emozione. L\u2019anima trema davanti al vuoto e ha bisogno di un contatto a ogni costo\u201d.<\/em><\/p>\n<p style=\"text-align: justify;\">In fondo anche i \u201csocial\u201d che ci siamo inventati \u2013 per viverci dentro con i telefonini, che sono le scatole nere delle nostre vite \u2013 servono ad anestetizzare tutta questa immensa solitudine che non permette di sentirsi vivi. E soprattutto amati.<\/p>\n<p style=\"text-align: justify;\">Ma qual \u00e8 il fattore misterioso che trasforma un essere umano, con la sua consueta fatica di vivere, comune a tutti noi, in un terrorista stragista? E\u2019 l\u2019ideologia. Non \u00e8 necessario essere intellettuali o particolarmente militanti. Basta anche solo l\u2019infatuazione, la suggestione dalla propaganda balorda. Mohamed \u2013 a quanto pare \u2013 ha espresso tutto nel solito grido di battaglia: \u201cAllah Akbar\u201d.<\/p>\n<p><strong>IL VELENO MORTALE<\/strong><\/p>\n<p style=\"text-align: justify;\">E\u2019 l\u2019ideologia il meccanismo perverso che prende la rancorosa frustrazione di un uomo e ne fa una bomba umana lanciata contro il mondo intero, nella prospettiva della sua distruzione purificatrice e nell\u2019illusione di un grossolano \u201cparadiso\u201d edonista con 72 vergini a disposizione. I milioni di immigrati musulmani in Francia (e in Europa) sono sottoposti a questa doppia pressione: da una parte il nichilismo dell\u2019attuale Occidente, senza vita spirituale e senza nobili ideali; dall\u2019altra le sirene del jihadismo, la predicazione di un fanatismo che \u2013 a quanto pare \u2013 dispone di grandi mezzi. Una tenaglia micidiale.<\/p>\n<p style=\"text-align: justify;\">L\u2019ideologia \u2013 come sappiamo per averne viste molte nel Novecento \u2013 \u00e8 il meccanismo che non ti fa pi\u00f9 vedere gli altri esseri umani, ma li trasforma in simboli astratti che si possono schiacciare e massacrare. Anche a milioni.<\/p>\n<p style=\"text-align: justify;\">L\u2019ideologia \u00e8 il meccanismo capace di tirar fuori la parte pi\u00f9 oscura della nostra natura legittimandola come buona. L\u2019ideologia abbatte le civilt\u00e0 e porta fame e miseria ai popoli, a cui impone il dominio dei tiranni.<\/p>\n<p style=\"text-align: justify;\">Oggi si comincia a capire che quella jihadista \u00e8 un\u2019ideologia. Essa \u2013 ha scritto <em>Le Monde<\/em> \u2013 \u201cchiama alla lotta contro gli infedeli, gli ebrei e i crociati, gli Occidentali: un discorso totalitario che predica la guerra con tutti i mezzi contro i miscredenti e altri non credenti\u201d.<\/p>\n<p><strong>IN GUERRA DA 14 SECOLI<\/strong><\/p>\n<p style=\"text-align: justify;\">Ma \u00e8 un\u2019ideologia molto antica. Erroneamente si crede che nasca in odio al moderno Occidente. In realt\u00e0 \u00e8 stata da sempre (ed \u00e8) in guerra con tutte le culture, tutte le civilt\u00e0 e le religioni diverse da s\u00e9. Ed \u00e8 in guerra perfino nel suo stesso seno (per esempio fra sciiti e sunniti). E\u2019 un\u2019ideologia del dominio. E i suoi devastanti effetti non sono stati inferiori a quelli dei totalitarismi del Novecento.<\/p>\n<p style=\"text-align: justify;\">Secondo i calcoli di Bill Warner \u2013 direttore del \u201cCenter for the Study of Political Islam\u201d \u2013 la conquista musulmana del Medio Oriente, dell\u2019Anatolia e del Nordafrica \u2013 che rappresentavano met\u00e0 della cristianit\u00e0 antica \u2013 ha fatto almeno 50 milioni di vittime. La conquista islamica dell\u2019Oriente \u2013 dove ha spazzato via l\u2019antichissima civilt\u00e0 persiana e zoroastriana \u2013 ha poi prodotto la morte di 10 milioni di buddisti la cui religione \u00e8 stata estirpata dalla \u201cvia della seta\u201d e dall\u2019Afghanistan.<\/p>\n<p style=\"text-align: justify;\">L\u2019attacco all\u2019India ha distrutto met\u00e0 di quella civilt\u00e0 facendo circa 80 milioni di vittime. Mentre nell\u2019Africa subsahariana le vittime cristiane e animiste del Jihad sarebbero circa 120 milioni.<\/p>\n<p style=\"text-align: justify;\">Guglielmo Piombini \u2013 al cui saggio pubblicato su \u201cIl grande tradimento\u201d devo la conoscenza di Warner \u2013 calcola: <em>\u201cSommando tutte queste cifre si giunge alla conclusione che dal settimo secolo a oggi approssimativamente 270 milioni di \u2018infedeli\u2019 sono morti per la gloria politica dell\u2019Islam, un numero di vittime che probabilmente supera quelle del comunismo\u201d.<\/em><\/p>\n<p style=\"text-align: justify;\">Piombini conclude: <em>\u201cLa Jihad rappresenta quindi, per durata e per conseguenze, una delle istituzioni pi\u00f9 rilevanti della storia umana, che ha sconvolto la vita di centinaia di milioni di persone per quasi 1400 anni. Eppure, a livello storico, \u00e8 quasi completamente ignorata\u201d.<\/em><\/p>\n<p style=\"text-align: justify;\">In effetti sono rari coloro che hanno alzato i veli sulla storia vera e non hanno avuto vita facile nei salotti dell\u2019intellighentsia occidentale. Per esempio Oriana Fallaci e Bat Ye\u2019or.<\/p>\n<p style=\"text-align: justify;\"><strong>EURABIA<\/strong><\/p>\n<p style=\"text-align: justify;\">Loro da tempo hanno lanciato l\u2019allarme: l\u2019Occidente, imbevuto di mentalit\u00e0 <em>politically correct <\/em>e di odio delle proprie radici (cristiane), \u00e8 ipnotizzato dalle sirene del multiculturalismo e ignora completamente cosa storicamente \u00e8 stato ed \u00e8 l\u2019Islam, cosicch\u00e9 l\u2019Eurabia esiste gi\u00e0 nella \u201csottomissione\u201d della nostra cultura relativista.<\/p>\n<p style=\"text-align: justify;\">Del resto l\u2019intellighentsia occidentale ha vissuto lo stesso abbaglio con il comunismo. Oggi i cantori del multiculturalismo esaltano la \u201cmagnifica\u201d civilt\u00e0 islamica con analoga ignoranza dei fatti. E le \u00e9lite politiche continuano a sostenere che il problema sarebbe solo il terrorismo. Cosicch\u00e9 lasciamo che regimi come Arabia Saudita e Pakistan (o Iran) siano protagonisti riconosciuti e legittimati dei consessi internazionali e del \u201cgrande gioco\u201d.<\/p>\n<p style=\"text-align: justify;\">Le caste occidentali non vedono il problema rappresentato dall\u2019Islam, cos\u00ec come non colgono il pericolo del nostro nichilismo occidentale che \u00e8 diventato anche un disastro demografico e ha prodotto un vuoto spirituale e \u2013 appunto \u2013 demografico che rischia di essere riempito in modo traumatico e devastante per la nostra civilt\u00e0.<\/p>\n<p style=\"text-align: justify;\">Sottovalutando la questione islamica e le conseguenze della \u201cdittatura del relativismo\u201d, poi, tali Caste agitano solo e sempre il fantasma del \u201cpopulismo\u201d come se fosse il pericolo e non piuttosto la reazione dei popoli al pericolo. Come se il problema fosse rappresentato dalla Brexit, dalle nazioni che difendono la loro identit\u00e0 e pretendono di decidere le loro sorti, sentendosi tradite e abbandonate dalle Caste che sono al potere.<\/p>\n<p style=\"text-align: justify;\">Luigi Amicone giustamente osserva: <em>\u201cLa minaccia non \u00e8 il populismo, ma il nichilismo occidentale (che fa guadagnare terreno a quello islamico)\u201d<\/em><em>.<\/em> Ci sono tanti lupi solitari come Mohamed che, in questa confusione, possono perdersi e provocare altre tragedie.<\/p>\n","protected":false},"excerpt":{"rendered":"<p>Libero 17 luglio 2016 Antonio Socci L\u2019uomo della strage di Nizza, Mohamed Lahouaiej Bohlel, fino al 13 luglio era una persona comune, un tipo che non dava nell\u2019occhio. Emigrato in Francia una decina di anni fa dalla Tunisia aveva un permesso di soggiorno che sarebbe scaduto nel 2019. \u201cM\u2019era sembrato molto tranquillo\u2026 forse un po\u2019 &hellip; <\/p>\n<p><a class=\"more-link btn\" href=\"https:\/\/www.rassegnastampa-totustuus.it\/cattolica\/la-solitudine-umana-il-nichilismo-delloccidente-e-il-jihad-che-ci-minaccia-e-che-in-14-secoli-ha-fatto-circa-270-milioni-di-vittime\/\">Continua a leggere<\/a><\/p>\n","protected":false},"author":6,"featured_media":36072,"comment_status":"closed","ping_status":"closed","sticky":false,"template":"","format":"standard","meta":{"footnotes":""},"categories":[16,111],"tags":[1280,280],"class_list":["post-36071","post","type-post","status-publish","format-standard","has-post-thumbnail","hentry","category-islam","category-islam-in-europa","tag-declino-europeo","tag-nichilismo","item-wrap"],"yoast_head":"<!-- This site is optimized with the Yoast SEO plugin v27.5 - https:\/\/yoast.com\/product\/yoast-seo-wordpress\/ -->\n<title>La solitudine umana, il nichilismo dell\u2019Occidente e il jihad che ci minaccia e che, in 14 secoli, ha fatto circa 270 milioni di vittime - Rassegna Stampa Cattolica<\/title>\n<meta name=\"description\" content=\"Rassegna Stampa Cattolica - Per una cultura che nasce dalla Rivelazione cristiana in conformit\u00e0 alla tradizione e al Magistero della Chiesa in opposizione ad ogni relativismo e totalitarismo\" \/>\n<meta name=\"robots\" content=\"index, follow, max-snippet:-1, max-image-preview:large, max-video-preview:-1\" \/>\n<link rel=\"canonical\" href=\"https:\/\/www.rassegnastampa-totustuus.it\/cattolica\/la-solitudine-umana-il-nichilismo-delloccidente-e-il-jihad-che-ci-minaccia-e-che-in-14-secoli-ha-fatto-circa-270-milioni-di-vittime\/\" \/>\n<meta property=\"og:locale\" content=\"it_IT\" \/>\n<meta property=\"og:type\" content=\"article\" \/>\n<meta property=\"og:title\" content=\"La solitudine umana, il nichilismo dell\u2019Occidente e il jihad che ci minaccia e che, in 14 secoli, ha fatto circa 270 milioni di vittime - Rassegna Stampa Cattolica\" \/>\n<meta property=\"og:description\" content=\"Rassegna Stampa Cattolica - Per una cultura che nasce dalla Rivelazione cristiana in conformit\u00e0 alla tradizione e al Magistero della Chiesa in opposizione ad ogni relativismo e totalitarismo\" \/>\n<meta property=\"og:url\" content=\"https:\/\/www.rassegnastampa-totustuus.it\/cattolica\/la-solitudine-umana-il-nichilismo-delloccidente-e-il-jihad-che-ci-minaccia-e-che-in-14-secoli-ha-fatto-circa-270-milioni-di-vittime\/\" \/>\n<meta property=\"og:site_name\" content=\"Rassegna Stampa Cattolica\" \/>\n<meta property=\"article:publisher\" content=\"https:\/\/www.facebook.com\/rassegnastampacattolica\" \/>\n<meta property=\"article:published_time\" content=\"2016-07-20T22:00:25+00:00\" \/>\n<meta property=\"og:image\" content=\"https:\/\/www.rassegnastampa-totustuus.it\/cattolica\/wp-content\/uploads\/2016\/07\/Nizza_attentato-1.jpg\" \/>\n\t<meta property=\"og:image:width\" content=\"290\" \/>\n\t<meta property=\"og:image:height\" content=\"174\" \/>\n\t<meta property=\"og:image:type\" content=\"image\/jpeg\" \/>\n<meta name=\"author\" content=\"Redazione\" \/>\n<meta name=\"twitter:card\" content=\"summary_large_image\" \/>\n<meta name=\"twitter:creator\" content=\"@rassegnastampa9\" \/>\n<meta name=\"twitter:site\" content=\"@rassegnastampa9\" \/>\n<meta name=\"twitter:label1\" content=\"Scritto da\" \/>\n\t<meta name=\"twitter:data1\" content=\"Redazione\" \/>\n\t<meta name=\"twitter:label2\" content=\"Tempo di lettura stimato\" \/>\n\t<meta name=\"twitter:data2\" content=\"6 minuti\" \/>\n<script type=\"application\/ld+json\" class=\"yoast-schema-graph\">{\"@context\":\"https:\\\/\\\/schema.org\",\"@graph\":[{\"@type\":\"Article\",\"@id\":\"https:\\\/\\\/www.rassegnastampa-totustuus.it\\\/cattolica\\\/la-solitudine-umana-il-nichilismo-delloccidente-e-il-jihad-che-ci-minaccia-e-che-in-14-secoli-ha-fatto-circa-270-milioni-di-vittime\\\/#article\",\"isPartOf\":{\"@id\":\"https:\\\/\\\/www.rassegnastampa-totustuus.it\\\/cattolica\\\/la-solitudine-umana-il-nichilismo-delloccidente-e-il-jihad-che-ci-minaccia-e-che-in-14-secoli-ha-fatto-circa-270-milioni-di-vittime\\\/\"},\"author\":{\"name\":\"Redazione\",\"@id\":\"https:\\\/\\\/www.rassegnastampa-totustuus.it\\\/cattolica\\\/#\\\/schema\\\/person\\\/08f319d2bd1a0904ad9e2bfb7b15e5c3\"},\"headline\":\"La solitudine umana, il nichilismo dell\u2019Occidente e il jihad che ci minaccia e che, in 14 secoli, ha fatto circa 270 milioni di vittime\",\"datePublished\":\"2016-07-20T22:00:25+00:00\",\"mainEntityOfPage\":{\"@id\":\"https:\\\/\\\/www.rassegnastampa-totustuus.it\\\/cattolica\\\/la-solitudine-umana-il-nichilismo-delloccidente-e-il-jihad-che-ci-minaccia-e-che-in-14-secoli-ha-fatto-circa-270-milioni-di-vittime\\\/\"},\"wordCount\":1166,\"publisher\":{\"@id\":\"https:\\\/\\\/www.rassegnastampa-totustuus.it\\\/cattolica\\\/#organization\"},\"image\":{\"@id\":\"https:\\\/\\\/www.rassegnastampa-totustuus.it\\\/cattolica\\\/la-solitudine-umana-il-nichilismo-delloccidente-e-il-jihad-che-ci-minaccia-e-che-in-14-secoli-ha-fatto-circa-270-milioni-di-vittime\\\/#primaryimage\"},\"thumbnailUrl\":\"https:\\\/\\\/www.rassegnastampa-totustuus.it\\\/cattolica\\\/wp-content\\\/uploads\\\/2016\\\/07\\\/Nizza_attentato-1.jpg\",\"keywords\":[\"declino europeo\",\"nichilismo\"],\"articleSection\":[\"Islam\",\"Islam in Europa\"],\"inLanguage\":\"it-IT\"},{\"@type\":\"WebPage\",\"@id\":\"https:\\\/\\\/www.rassegnastampa-totustuus.it\\\/cattolica\\\/la-solitudine-umana-il-nichilismo-delloccidente-e-il-jihad-che-ci-minaccia-e-che-in-14-secoli-ha-fatto-circa-270-milioni-di-vittime\\\/\",\"url\":\"https:\\\/\\\/www.rassegnastampa-totustuus.it\\\/cattolica\\\/la-solitudine-umana-il-nichilismo-delloccidente-e-il-jihad-che-ci-minaccia-e-che-in-14-secoli-ha-fatto-circa-270-milioni-di-vittime\\\/\",\"name\":\"La solitudine umana, il nichilismo dell\u2019Occidente e il jihad che ci minaccia e che, in 14 secoli, ha fatto circa 270 milioni di vittime - Rassegna Stampa Cattolica\",\"isPartOf\":{\"@id\":\"https:\\\/\\\/www.rassegnastampa-totustuus.it\\\/cattolica\\\/#website\"},\"primaryImageOfPage\":{\"@id\":\"https:\\\/\\\/www.rassegnastampa-totustuus.it\\\/cattolica\\\/la-solitudine-umana-il-nichilismo-delloccidente-e-il-jihad-che-ci-minaccia-e-che-in-14-secoli-ha-fatto-circa-270-milioni-di-vittime\\\/#primaryimage\"},\"image\":{\"@id\":\"https:\\\/\\\/www.rassegnastampa-totustuus.it\\\/cattolica\\\/la-solitudine-umana-il-nichilismo-delloccidente-e-il-jihad-che-ci-minaccia-e-che-in-14-secoli-ha-fatto-circa-270-milioni-di-vittime\\\/#primaryimage\"},\"thumbnailUrl\":\"https:\\\/\\\/www.rassegnastampa-totustuus.it\\\/cattolica\\\/wp-content\\\/uploads\\\/2016\\\/07\\\/Nizza_attentato-1.jpg\",\"datePublished\":\"2016-07-20T22:00:25+00:00\",\"description\":\"Rassegna Stampa Cattolica - Per una cultura che nasce dalla Rivelazione cristiana in conformit\u00e0 alla tradizione e al Magistero della Chiesa in opposizione ad ogni relativismo e totalitarismo\",\"breadcrumb\":{\"@id\":\"https:\\\/\\\/www.rassegnastampa-totustuus.it\\\/cattolica\\\/la-solitudine-umana-il-nichilismo-delloccidente-e-il-jihad-che-ci-minaccia-e-che-in-14-secoli-ha-fatto-circa-270-milioni-di-vittime\\\/#breadcrumb\"},\"inLanguage\":\"it-IT\",\"potentialAction\":[{\"@type\":\"ReadAction\",\"target\":[\"https:\\\/\\\/www.rassegnastampa-totustuus.it\\\/cattolica\\\/la-solitudine-umana-il-nichilismo-delloccidente-e-il-jihad-che-ci-minaccia-e-che-in-14-secoli-ha-fatto-circa-270-milioni-di-vittime\\\/\"]}]},{\"@type\":\"ImageObject\",\"inLanguage\":\"it-IT\",\"@id\":\"https:\\\/\\\/www.rassegnastampa-totustuus.it\\\/cattolica\\\/la-solitudine-umana-il-nichilismo-delloccidente-e-il-jihad-che-ci-minaccia-e-che-in-14-secoli-ha-fatto-circa-270-milioni-di-vittime\\\/#primaryimage\",\"url\":\"https:\\\/\\\/www.rassegnastampa-totustuus.it\\\/cattolica\\\/wp-content\\\/uploads\\\/2016\\\/07\\\/Nizza_attentato-1.jpg\",\"contentUrl\":\"https:\\\/\\\/www.rassegnastampa-totustuus.it\\\/cattolica\\\/wp-content\\\/uploads\\\/2016\\\/07\\\/Nizza_attentato-1.jpg\",\"width\":290,\"height\":174},{\"@type\":\"BreadcrumbList\",\"@id\":\"https:\\\/\\\/www.rassegnastampa-totustuus.it\\\/cattolica\\\/la-solitudine-umana-il-nichilismo-delloccidente-e-il-jihad-che-ci-minaccia-e-che-in-14-secoli-ha-fatto-circa-270-milioni-di-vittime\\\/#breadcrumb\",\"itemListElement\":[{\"@type\":\"ListItem\",\"position\":1,\"name\":\"Home\",\"item\":\"https:\\\/\\\/www.rassegnastampa-totustuus.it\\\/cattolica\\\/\"},{\"@type\":\"ListItem\",\"position\":2,\"name\":\"La solitudine umana, il nichilismo dell\u2019Occidente e il jihad che ci minaccia e che, in 14 secoli, ha fatto circa 270 milioni di vittime\"}]},{\"@type\":\"WebSite\",\"@id\":\"https:\\\/\\\/www.rassegnastampa-totustuus.it\\\/cattolica\\\/#website\",\"url\":\"https:\\\/\\\/www.rassegnastampa-totustuus.it\\\/cattolica\\\/\",\"name\":\"Rassegna Stampa Cattolica\",\"description\":\"Per una cultura che nasce dalla Rivelazione cristiana in conformit\u00e0 alla tradizione e al Magistero della Chiesa in opposizione ad ogni relativismo e totalitarismo\",\"publisher\":{\"@id\":\"https:\\\/\\\/www.rassegnastampa-totustuus.it\\\/cattolica\\\/#organization\"},\"alternateName\":\"Rass. Cattolica\",\"potentialAction\":[{\"@type\":\"SearchAction\",\"target\":{\"@type\":\"EntryPoint\",\"urlTemplate\":\"https:\\\/\\\/www.rassegnastampa-totustuus.it\\\/cattolica\\\/?s={search_term_string}\"},\"query-input\":{\"@type\":\"PropertyValueSpecification\",\"valueRequired\":true,\"valueName\":\"search_term_string\"}}],\"inLanguage\":\"it-IT\"},{\"@type\":\"Organization\",\"@id\":\"https:\\\/\\\/www.rassegnastampa-totustuus.it\\\/cattolica\\\/#organization\",\"name\":\"Rassegna Stampa Cattolica\",\"url\":\"https:\\\/\\\/www.rassegnastampa-totustuus.it\\\/cattolica\\\/\",\"logo\":{\"@type\":\"ImageObject\",\"inLanguage\":\"it-IT\",\"@id\":\"https:\\\/\\\/www.rassegnastampa-totustuus.it\\\/cattolica\\\/#\\\/schema\\\/logo\\\/image\\\/\",\"url\":\"https:\\\/\\\/www.rassegnastampa-totustuus.it\\\/cattolica\\\/wp-content\\\/uploads\\\/2014\\\/04\\\/logo-rassegna1.gif\",\"contentUrl\":\"https:\\\/\\\/www.rassegnastampa-totustuus.it\\\/cattolica\\\/wp-content\\\/uploads\\\/2014\\\/04\\\/logo-rassegna1.gif\",\"width\":600,\"height\":163,\"caption\":\"Rassegna Stampa Cattolica\"},\"image\":{\"@id\":\"https:\\\/\\\/www.rassegnastampa-totustuus.it\\\/cattolica\\\/#\\\/schema\\\/logo\\\/image\\\/\"},\"sameAs\":[\"https:\\\/\\\/www.facebook.com\\\/rassegnastampacattolica\",\"https:\\\/\\\/x.com\\\/rassegnastampa9\"]},{\"@type\":\"Person\",\"@id\":\"https:\\\/\\\/www.rassegnastampa-totustuus.it\\\/cattolica\\\/#\\\/schema\\\/person\\\/08f319d2bd1a0904ad9e2bfb7b15e5c3\",\"name\":\"Redazione\",\"image\":{\"@type\":\"ImageObject\",\"inLanguage\":\"it-IT\",\"@id\":\"https:\\\/\\\/secure.gravatar.com\\\/avatar\\\/2fcdf27c78ea025fbdb44e914cc63c72249ffec9dc8aafd5c82b26240ef3f346?s=96&d=mm&r=g\",\"url\":\"https:\\\/\\\/secure.gravatar.com\\\/avatar\\\/2fcdf27c78ea025fbdb44e914cc63c72249ffec9dc8aafd5c82b26240ef3f346?s=96&d=mm&r=g\",\"contentUrl\":\"https:\\\/\\\/secure.gravatar.com\\\/avatar\\\/2fcdf27c78ea025fbdb44e914cc63c72249ffec9dc8aafd5c82b26240ef3f346?s=96&d=mm&r=g\",\"caption\":\"Redazione\"},\"url\":\"https:\\\/\\\/www.rassegnastampa-totustuus.it\\\/cattolica\\\/author\\\/pietroelle\\\/\"}]}<\/script>\n<!-- \/ Yoast SEO plugin. -->","yoast_head_json":{"title":"La solitudine umana, il nichilismo dell\u2019Occidente e il jihad che ci minaccia e che, in 14 secoli, ha fatto circa 270 milioni di vittime - Rassegna Stampa Cattolica","description":"Rassegna Stampa Cattolica - Per una cultura che nasce dalla Rivelazione cristiana in conformit\u00e0 alla tradizione e al Magistero della Chiesa in opposizione ad ogni relativismo e totalitarismo","robots":{"index":"index","follow":"follow","max-snippet":"max-snippet:-1","max-image-preview":"max-image-preview:large","max-video-preview":"max-video-preview:-1"},"canonical":"https:\/\/www.rassegnastampa-totustuus.it\/cattolica\/la-solitudine-umana-il-nichilismo-delloccidente-e-il-jihad-che-ci-minaccia-e-che-in-14-secoli-ha-fatto-circa-270-milioni-di-vittime\/","og_locale":"it_IT","og_type":"article","og_title":"La solitudine umana, il nichilismo dell\u2019Occidente e il jihad che ci minaccia e che, in 14 secoli, ha fatto circa 270 milioni di vittime - Rassegna Stampa Cattolica","og_description":"Rassegna Stampa Cattolica - Per una cultura che nasce dalla Rivelazione cristiana in conformit\u00e0 alla tradizione e al Magistero della Chiesa in opposizione ad ogni relativismo e totalitarismo","og_url":"https:\/\/www.rassegnastampa-totustuus.it\/cattolica\/la-solitudine-umana-il-nichilismo-delloccidente-e-il-jihad-che-ci-minaccia-e-che-in-14-secoli-ha-fatto-circa-270-milioni-di-vittime\/","og_site_name":"Rassegna Stampa Cattolica","article_publisher":"https:\/\/www.facebook.com\/rassegnastampacattolica","article_published_time":"2016-07-20T22:00:25+00:00","og_image":[{"width":290,"height":174,"url":"https:\/\/www.rassegnastampa-totustuus.it\/cattolica\/wp-content\/uploads\/2016\/07\/Nizza_attentato-1.jpg","type":"image\/jpeg"}],"author":"Redazione","twitter_card":"summary_large_image","twitter_creator":"@rassegnastampa9","twitter_site":"@rassegnastampa9","twitter_misc":{"Scritto da":"Redazione","Tempo di lettura stimato":"6 minuti"},"schema":{"@context":"https:\/\/schema.org","@graph":[{"@type":"Article","@id":"https:\/\/www.rassegnastampa-totustuus.it\/cattolica\/la-solitudine-umana-il-nichilismo-delloccidente-e-il-jihad-che-ci-minaccia-e-che-in-14-secoli-ha-fatto-circa-270-milioni-di-vittime\/#article","isPartOf":{"@id":"https:\/\/www.rassegnastampa-totustuus.it\/cattolica\/la-solitudine-umana-il-nichilismo-delloccidente-e-il-jihad-che-ci-minaccia-e-che-in-14-secoli-ha-fatto-circa-270-milioni-di-vittime\/"},"author":{"name":"Redazione","@id":"https:\/\/www.rassegnastampa-totustuus.it\/cattolica\/#\/schema\/person\/08f319d2bd1a0904ad9e2bfb7b15e5c3"},"headline":"La solitudine umana, il nichilismo dell\u2019Occidente e il jihad che ci minaccia e che, in 14 secoli, ha fatto circa 270 milioni di vittime","datePublished":"2016-07-20T22:00:25+00:00","mainEntityOfPage":{"@id":"https:\/\/www.rassegnastampa-totustuus.it\/cattolica\/la-solitudine-umana-il-nichilismo-delloccidente-e-il-jihad-che-ci-minaccia-e-che-in-14-secoli-ha-fatto-circa-270-milioni-di-vittime\/"},"wordCount":1166,"publisher":{"@id":"https:\/\/www.rassegnastampa-totustuus.it\/cattolica\/#organization"},"image":{"@id":"https:\/\/www.rassegnastampa-totustuus.it\/cattolica\/la-solitudine-umana-il-nichilismo-delloccidente-e-il-jihad-che-ci-minaccia-e-che-in-14-secoli-ha-fatto-circa-270-milioni-di-vittime\/#primaryimage"},"thumbnailUrl":"https:\/\/www.rassegnastampa-totustuus.it\/cattolica\/wp-content\/uploads\/2016\/07\/Nizza_attentato-1.jpg","keywords":["declino europeo","nichilismo"],"articleSection":["Islam","Islam in Europa"],"inLanguage":"it-IT"},{"@type":"WebPage","@id":"https:\/\/www.rassegnastampa-totustuus.it\/cattolica\/la-solitudine-umana-il-nichilismo-delloccidente-e-il-jihad-che-ci-minaccia-e-che-in-14-secoli-ha-fatto-circa-270-milioni-di-vittime\/","url":"https:\/\/www.rassegnastampa-totustuus.it\/cattolica\/la-solitudine-umana-il-nichilismo-delloccidente-e-il-jihad-che-ci-minaccia-e-che-in-14-secoli-ha-fatto-circa-270-milioni-di-vittime\/","name":"La solitudine umana, il nichilismo dell\u2019Occidente e il jihad che ci minaccia e che, in 14 secoli, ha fatto circa 270 milioni di vittime - Rassegna Stampa Cattolica","isPartOf":{"@id":"https:\/\/www.rassegnastampa-totustuus.it\/cattolica\/#website"},"primaryImageOfPage":{"@id":"https:\/\/www.rassegnastampa-totustuus.it\/cattolica\/la-solitudine-umana-il-nichilismo-delloccidente-e-il-jihad-che-ci-minaccia-e-che-in-14-secoli-ha-fatto-circa-270-milioni-di-vittime\/#primaryimage"},"image":{"@id":"https:\/\/www.rassegnastampa-totustuus.it\/cattolica\/la-solitudine-umana-il-nichilismo-delloccidente-e-il-jihad-che-ci-minaccia-e-che-in-14-secoli-ha-fatto-circa-270-milioni-di-vittime\/#primaryimage"},"thumbnailUrl":"https:\/\/www.rassegnastampa-totustuus.it\/cattolica\/wp-content\/uploads\/2016\/07\/Nizza_attentato-1.jpg","datePublished":"2016-07-20T22:00:25+00:00","description":"Rassegna Stampa Cattolica - Per una cultura che nasce dalla Rivelazione cristiana in conformit\u00e0 alla tradizione e al Magistero della Chiesa in opposizione ad ogni relativismo e totalitarismo","breadcrumb":{"@id":"https:\/\/www.rassegnastampa-totustuus.it\/cattolica\/la-solitudine-umana-il-nichilismo-delloccidente-e-il-jihad-che-ci-minaccia-e-che-in-14-secoli-ha-fatto-circa-270-milioni-di-vittime\/#breadcrumb"},"inLanguage":"it-IT","potentialAction":[{"@type":"ReadAction","target":["https:\/\/www.rassegnastampa-totustuus.it\/cattolica\/la-solitudine-umana-il-nichilismo-delloccidente-e-il-jihad-che-ci-minaccia-e-che-in-14-secoli-ha-fatto-circa-270-milioni-di-vittime\/"]}]},{"@type":"ImageObject","inLanguage":"it-IT","@id":"https:\/\/www.rassegnastampa-totustuus.it\/cattolica\/la-solitudine-umana-il-nichilismo-delloccidente-e-il-jihad-che-ci-minaccia-e-che-in-14-secoli-ha-fatto-circa-270-milioni-di-vittime\/#primaryimage","url":"https:\/\/www.rassegnastampa-totustuus.it\/cattolica\/wp-content\/uploads\/2016\/07\/Nizza_attentato-1.jpg","contentUrl":"https:\/\/www.rassegnastampa-totustuus.it\/cattolica\/wp-content\/uploads\/2016\/07\/Nizza_attentato-1.jpg","width":290,"height":174},{"@type":"BreadcrumbList","@id":"https:\/\/www.rassegnastampa-totustuus.it\/cattolica\/la-solitudine-umana-il-nichilismo-delloccidente-e-il-jihad-che-ci-minaccia-e-che-in-14-secoli-ha-fatto-circa-270-milioni-di-vittime\/#breadcrumb","itemListElement":[{"@type":"ListItem","position":1,"name":"Home","item":"https:\/\/www.rassegnastampa-totustuus.it\/cattolica\/"},{"@type":"ListItem","position":2,"name":"La solitudine umana, il nichilismo dell\u2019Occidente e il jihad che ci minaccia e che, in 14 secoli, ha fatto circa 270 milioni di vittime"}]},{"@type":"WebSite","@id":"https:\/\/www.rassegnastampa-totustuus.it\/cattolica\/#website","url":"https:\/\/www.rassegnastampa-totustuus.it\/cattolica\/","name":"Rassegna Stampa Cattolica","description":"Per una cultura che nasce dalla Rivelazione cristiana in conformit\u00e0 alla tradizione e al Magistero della Chiesa in opposizione ad ogni relativismo e totalitarismo","publisher":{"@id":"https:\/\/www.rassegnastampa-totustuus.it\/cattolica\/#organization"},"alternateName":"Rass. Cattolica","potentialAction":[{"@type":"SearchAction","target":{"@type":"EntryPoint","urlTemplate":"https:\/\/www.rassegnastampa-totustuus.it\/cattolica\/?s={search_term_string}"},"query-input":{"@type":"PropertyValueSpecification","valueRequired":true,"valueName":"search_term_string"}}],"inLanguage":"it-IT"},{"@type":"Organization","@id":"https:\/\/www.rassegnastampa-totustuus.it\/cattolica\/#organization","name":"Rassegna Stampa Cattolica","url":"https:\/\/www.rassegnastampa-totustuus.it\/cattolica\/","logo":{"@type":"ImageObject","inLanguage":"it-IT","@id":"https:\/\/www.rassegnastampa-totustuus.it\/cattolica\/#\/schema\/logo\/image\/","url":"https:\/\/www.rassegnastampa-totustuus.it\/cattolica\/wp-content\/uploads\/2014\/04\/logo-rassegna1.gif","contentUrl":"https:\/\/www.rassegnastampa-totustuus.it\/cattolica\/wp-content\/uploads\/2014\/04\/logo-rassegna1.gif","width":600,"height":163,"caption":"Rassegna Stampa Cattolica"},"image":{"@id":"https:\/\/www.rassegnastampa-totustuus.it\/cattolica\/#\/schema\/logo\/image\/"},"sameAs":["https:\/\/www.facebook.com\/rassegnastampacattolica","https:\/\/x.com\/rassegnastampa9"]},{"@type":"Person","@id":"https:\/\/www.rassegnastampa-totustuus.it\/cattolica\/#\/schema\/person\/08f319d2bd1a0904ad9e2bfb7b15e5c3","name":"Redazione","image":{"@type":"ImageObject","inLanguage":"it-IT","@id":"https:\/\/secure.gravatar.com\/avatar\/2fcdf27c78ea025fbdb44e914cc63c72249ffec9dc8aafd5c82b26240ef3f346?s=96&d=mm&r=g","url":"https:\/\/secure.gravatar.com\/avatar\/2fcdf27c78ea025fbdb44e914cc63c72249ffec9dc8aafd5c82b26240ef3f346?s=96&d=mm&r=g","contentUrl":"https:\/\/secure.gravatar.com\/avatar\/2fcdf27c78ea025fbdb44e914cc63c72249ffec9dc8aafd5c82b26240ef3f346?s=96&d=mm&r=g","caption":"Redazione"},"url":"https:\/\/www.rassegnastampa-totustuus.it\/cattolica\/author\/pietroelle\/"}]}},"_links":{"self":[{"href":"https:\/\/www.rassegnastampa-totustuus.it\/cattolica\/wp-json\/wp\/v2\/posts\/36071","targetHints":{"allow":["GET"]}}],"collection":[{"href":"https:\/\/www.rassegnastampa-totustuus.it\/cattolica\/wp-json\/wp\/v2\/posts"}],"about":[{"href":"https:\/\/www.rassegnastampa-totustuus.it\/cattolica\/wp-json\/wp\/v2\/types\/post"}],"author":[{"embeddable":true,"href":"https:\/\/www.rassegnastampa-totustuus.it\/cattolica\/wp-json\/wp\/v2\/users\/6"}],"replies":[{"embeddable":true,"href":"https:\/\/www.rassegnastampa-totustuus.it\/cattolica\/wp-json\/wp\/v2\/comments?post=36071"}],"version-history":[{"count":1,"href":"https:\/\/www.rassegnastampa-totustuus.it\/cattolica\/wp-json\/wp\/v2\/posts\/36071\/revisions"}],"predecessor-version":[{"id":36073,"href":"https:\/\/www.rassegnastampa-totustuus.it\/cattolica\/wp-json\/wp\/v2\/posts\/36071\/revisions\/36073"}],"wp:featuredmedia":[{"embeddable":true,"href":"https:\/\/www.rassegnastampa-totustuus.it\/cattolica\/wp-json\/wp\/v2\/media\/36072"}],"wp:attachment":[{"href":"https:\/\/www.rassegnastampa-totustuus.it\/cattolica\/wp-json\/wp\/v2\/media?parent=36071"}],"wp:term":[{"taxonomy":"category","embeddable":true,"href":"https:\/\/www.rassegnastampa-totustuus.it\/cattolica\/wp-json\/wp\/v2\/categories?post=36071"},{"taxonomy":"post_tag","embeddable":true,"href":"https:\/\/www.rassegnastampa-totustuus.it\/cattolica\/wp-json\/wp\/v2\/tags?post=36071"}],"curies":[{"name":"wp","href":"https:\/\/api.w.org\/{rel}","templated":true}]}}