{"id":36044,"date":"2016-07-21T00:00:30","date_gmt":"2016-07-20T22:00:30","guid":{"rendered":"http:\/\/www.rassegnastampa-totustuus.it\/cattolica\/?p=36044"},"modified":"2016-07-21T09:12:23","modified_gmt":"2016-07-21T07:12:23","slug":"cristiani-perseguitati-ricordiamocene-sempre","status":"publish","type":"post","link":"https:\/\/www.rassegnastampa-totustuus.it\/cattolica\/cristiani-perseguitati-ricordiamocene-sempre\/","title":{"rendered":"Cristiani  perseguitati: ricordiamocene sempre"},"content":{"rendered":"<div id=\"attachment_36045\" style=\"width: 250px\" class=\"wp-caption alignleft\"><img loading=\"lazy\" decoding=\"async\" aria-describedby=\"caption-attachment-36045\" class=\"wp-image-36045\" src=\"https:\/\/www.rassegnastampa-totustuus.it\/cattolica\/wp-content\/uploads\/2016\/07\/Tom-Uzhunnalil.jpg\" alt=\"Tom Uzhunnalil\" width=\"250\" height=\"187\" \/><p id=\"caption-attachment-36045\" class=\"wp-caption-text\">Tom Uzhunnalil<\/p><\/div>\n<p style=\"text-align: center;\"><strong>La Croce quotidiano<\/strong> 15 luglio 2016<\/p>\n<p style=\"text-align: justify;\"><em>Continuiamo a seguire la vicenda drammatica di padre Tom Uzhunnalil, il salesiano rapito nello Yemen il 4 marzo scorso contestualmente all\u2019uccisione nel loro convento di quattro Suore Missionarie della Carit\u00e0. Sono passati pi\u00f9 di quattro mesi e ancora non si hanno notizie certe di lui, ma questo lungo tempo non dovrebbe far perdere la speranza di ritrovarlo vivo<\/em><\/p>\n<p style=\"text-align: center;\">di <strong>Giuseppe Brienza<\/strong><\/p>\n<p style=\"text-align: center;\"><!--more--><\/p>\n<p style=\"text-align: justify;\">\u00abLa comunit\u00e0 aveva come superiora suor Sally: \u00e8 l\u2019unica ad essersi salvata, nascondendosi nel deposito della casa dopo aver sentito il grido con cui una delle guardie ordinava la fuga. Alcuni soccorritori l\u2019hanno poi trovata, tremante e in lacrime, e l\u2019hanno portata al sicuro. Ci\u00f2 nonostante, la religiosa ha dichiarato che continuer\u00e0 a servire i poveri. Le consorelle uccise, invece, sono suor Annselna, indiana; suor Margarita e suor Reginette, ruandesi; suor Judith, kenyana.<\/p>\n<p style=\"text-align: justify;\">Del sacerdote salesiano che viveva con loro, padre Tom Uzhunnalil, si sono invece perse le tracce\u00bb (Emilia Flocchini, Almeno 4 le \u00a0Martiri della Carit\u00e0 nello Yemen, in \u201cLa Croce quotidiano\u201d, 8 marzo 2016, p. 5). Sono passati ormai pi\u00f9 di 4 mesi da quando abbiamo iniziato a seguire con passione e speranza la vicenda di \u201cpadre Tom\u201d, del quale purtroppo ancora non si hanno del tutto attendibili notizie.<\/p>\n<p style=\"text-align: justify;\">Per la liberazione del salesiano rapito dai terroristi islamici, la notte del Gioved\u00ec Santo 2016 questo giornale ha anche deciso \u00abdi accogliere l\u2019invito del Rettor Maggiore don \u00c1ngel Fern\u00e1ndez [e] stasera pregare per padre Tom\u00bb (Editorialino, Stasera preghiamo per padre Tom, in \u201cLa Croce quotidiano\u201d, 24 marzo 2016, p. 1).<\/p>\n<p style=\"text-align: justify;\">Di 57 anni, indiano, appartenente all\u2019Ispettoria Salesiana di Bangalore, don Thomas Uzhunnalil \u00e8 missionario nello Yemen dal 2012, un Paese arabo nel quale la presenza cristiana \u00e8 ormai ridotta al lumicino (appena lo 0,1% dell\u2019intera popolazione). Da 29 anni, i salesiani sono presenti nel territorio yemenita, nel quale sono tuttora gli unici sacerdoti cattolici, da sempre in collaborazione con le Missionarie della Carit\u00e0.<\/p>\n<p style=\"text-align: justify;\">Le quattro suore uccise in quel maledetto 4 marzo, in effetti, appartenevano a questa Congregazione, fondata da madre Teresa di Calcutta, la cui canonizzazione si terr\u00e0 come noto a Roma il prossimo 4 settembre. Le religiose sono state martirizzate da un commando di islamisti che hanno attaccato il loro convento, nella citt\u00e0 di Aden, un tempo colonia britannica ed oggi rilevante centro portuale. La chiesa della Sacra Famiglia, che \u00e8 nel cuore dello stesso territorio, era stata saccheggiata e data alle fiamme da uomini armati non identificati gi\u00e0 nel settembre dello scorso anno.<\/p>\n<p style=\"text-align: justify;\">Nonostante i crescenti pericoli, per\u00f2, le suore non si sono mai mosse di l\u00ec, anche quando la citt\u00e0 \u00e8 stata riconquistata dalle forze fedeli al presidente Abdel Rabbo Mansour Hadi, legato all\u2019Arabia Saudita ed alla rete di al-Qaida, in lotta da anni contro i ribelli sciiti Houthi. Dal marzo del 2015, i raid militari sauditi non sono serviti a riportare al potere l\u2019ex presidente e alleato Mansour Hadi, contribuendo piuttosto ad aggravare un conflitto che finora ha provocato oltre 10mila morti e pi\u00f9 di un milione e mezzo di sfollati.<\/p>\n<p style=\"text-align: justify;\">Da fonti attendibili, alla fine dell\u2019assalto omicida del 4 marzo padre Tom sarebbe stato portato via dal commando islamista. Secondo quanto riportato da fonti vicine all\u2019unica religiosa sopravvissuta, al momento del massacro il salesiano, \u00abnon appena sentite le grida delle suore, \u00e8 riuscito soltanto a consumare le ostie rimaste, poi i terroristi lo hanno condotto a forza nella loro auto. Prima di andar via, i jihadisti hanno distrutto il tabernacolo, il crocifisso, l\u2019altare ed il messale\u00bb (cit. <em>Yemen: \u201cTeniamo alta l\u2019attenzione su don Tom\u201d<\/em>, in \u201cZenit\u201d, 12 maggio 2016).<\/p>\n<p style=\"text-align: justify;\">Le suore ed i missionari da tempo impegnati nello Yemen, sull\u2019esempio di don Giovanni Bosco e Madre Teresa di Calcutta, \u00abhanno fatto del servizio agli ultimi la missione della propria vita e la strada per la propria santit\u00e0, cos\u00ec il nostro restare in luoghi segnati dalla divisione e dalla povert\u00e0 testimonia la fede nel messaggio cristiano che da ogni croce sgorga la Risurrezione\u00bb, ha dichiarato il vicario del rettor maggiore dei Salesiani, don Francesco Cereda.<\/p>\n<p style=\"text-align: justify;\">In una nota ripresa dall\u2019agenzia \u201cFides\u201d subito dopo la strage, le Missionarie della Carit\u00e0 avevano in effetti ribadito che non avrebbero abbandonato per nessun motivo la loro meritoria opera nello Yemen, continuando \u00aba servire i poveri e i bisognosi\u00bb. Madre Teresa, che \u00ab\u00e8 sempre stata negli angoli pi\u00f9 remoti del mondo, indipendentemente dalla situazione locale\u00bb, avrebbe fatto lo stesso!<\/p>\n<p style=\"text-align: justify;\">Don Cereda ha ricordato la grande vocazione missionaria di padre Tom: \u00abSuo zio \u00e8 stato il fondatore della nostra missione in Yemen nel 1997. Una vocazione condivisa dal nipote, che ha scelto tale destinazione pur sapendo quanto il paese della Penisola Arabica rappresenti una situazione difficile\u00bb.<\/p>\n<p style=\"text-align: justify;\">Fino all\u2019inizio della guerra civile nel 2015, i salesiani in Yemen erano presenti con cinque confratelli in quattro citt\u00e0: Sana\u2019a, la capitale, Hodeida, Taiz ed Aden. Poi lo scorso anno sono rimasti soltanto due religiosi ad Aden, la citt\u00e0 pi\u00f9 tranquilla tra le quattro. Padre Tom e un altro confratello hanno deciso di restare perch\u00e9 anche le Missionarie della Carit\u00e0 non hanno voluto abbandonare il paese.<\/p>\n<p style=\"text-align: justify;\">\u00abPreoccupazione, sdegno e dolore per il vile attacco\u00bb sono stati anche espressi dai vescovi indiani riuniti nell\u2019annuale Assemblea plenaria a Bangalore, pochi giorni dopo il massacro (oltre alle quattro suore, nell\u2019assalto sono in effetti state uccise altre 12 persone che lavoravano e si trovavano nel convento).<\/p>\n<p style=\"text-align: justify;\">I circa 180 presuli presenti all\u2019Assemblea plenaria della Conferenza episcopale indiana (Cbci) si sono anche riuniti in una speciale preghiera per le vittime, esprimendo profonde condoglianze alla congregazione fondata da Madre Teresa di Calcutta: \u00abQuesti attacchi brutali ai missionari cristiani da parte di menti malvagie non scoraggeranno il nostro impegno a servire i poveri e gli ammalati\u00bb hanno affermato (cit. in <em>Yemen: sdegno per il massacro. Le suore: \u201cNon abbandoneremo il paese\u201d<\/em>, in \u201cZenit\u201d, 7 marzo 2016).<\/p>\n<p style=\"text-align: justify;\">Il vescovo Paul Hinder, OfmCap, vicario apostolico per l\u2019Arabia meridionale, ha testimoniato che la popolazione locale \u00abamava le suore di Madre Teresa uccise a Aden, ammirava il loro modo di servire gli altri senza guardare all\u2019appartenenza religiosa, ma solo alla scelta di prediligere chi ha pi\u00f9 bisogno. Questo suscitava simpatia e affetto tra il popolo. E forse proprio questo dava fastidio\u00bb.<\/p>\n<p style=\"text-align: justify;\">Circa un anno e mezzo fa, quando nello Yemen \u00e8 esploso il conflitto tra le forze governative e i ribelli Huthi, mons. Hinder ha anche ricordato di essersi confrontato con le suore sull\u2019opportunit\u00e0 della loro permanenza ma \u00abloro &#8211; ricorda il presule &#8211; mi dissero che non c\u2019era niente da discutere: non sarebbero andate via, qualsiasi cosa fosse capitata, perch\u00e9 desideravano rimanere accanto a quelli che erano stati loro affidati. Era evidente che da parte di quelle suore inermi non si trattava di una esibizione di eroismo, ma solo del loro desiderio di seguire Cristo. Ho rispettato la loro scelta, e sono certo che il loro martirio porter\u00e0 frutto, anche per le vite dei cristiani che vivono nella Penisola arabica\u201d\u00bb.<\/p>\n<p style=\"text-align: justify;\">A fine marzo da alcuni media erano state riferite notizie circa possibili torture subite da padre Tom ad opera dei terroristi dello \u201cStato Islamico\u201d che, addirittura, avrebbero voluto crocifiggerlo nel giorno del Venerd\u00ec Santo. La tragica notizia era stata divulgata dal cardinale arcivescovo di Vienna Christoph Sch\u00f6nborn, durante la veglia di Pasqua e poi, a ruota, da monsignor Bernard Moras, arcivescovo di Bangalore, salvo poi arrivare la smentita da parte dello stesso porporato austriaco.<\/p>\n<p style=\"text-align: justify;\">L\u2019Ispettoria indiana dei Salesiani non ha mai dato credito a tali voci, lanciando piuttosto \u00abun sincero appello a tutti gli interessati a smettere di diffondere tali messaggi, non richiesti, fuorvianti e divulgatori di false indiscrezioni\u00bb (cit. in Luca Marcolivio, <em>Yemen. Salesiani: \u201cMessaggi fuorvianti sul nostro confratello rapito\u201d<\/em>, in \u201cZenit\u201d, 21 marzo 2016).<\/p>\n<p style=\"text-align: justify;\">Secondo quanto indicato da monsignor Hinder, fino a fine marzo era possibile credere a diverse \u00abaffermazioni attendibili in base alle quali don Tom sarebbe ancora vivo e nelle mani dei rapitori\u00bb (cit. in Luca Marcolivio, <em>Yemen. Salesiano rapito: smentita la crocefissione<\/em>, in \u201cZenit\u201d, 29 marzo 2016).<\/p>\n<p style=\"text-align: justify;\">Nella sua catechesi del 10 aprile anche Papa Francesco ha ricordato padre Tom, innalzando per lui una intensa preghiera e rivolgendo un appello internazionale per la sua liberazione. \u00abNella speranza donataci da Cristo risorto \u2013 ha detto il Pontefice, dopo la recita del Regina Coeli a San Pietro \u2013 rinnovo il mio appello per la liberazione di tutte le persone sequestrate in zone di conflitto armato; in particolare desidero ricordare il sacerdote salesiano Tom Uzhunnalil, rapito ad Aden nello Yemen il 4 marzo scorso\u00bb (cit. in <em>\u201cSperiamo che l\u2019appello del Papa per padre Tom arrivi alle coscienze dei sequestratori\u201d<\/em>, in \u201cZenit\u201d, 11 aprile 2016).<\/p>\n<p style=\"text-align: justify;\">Quindi l\u2019episcopato indiano ha pensato di inviare una sua delegazione presso il capo del governo di Nuova Delhi Narendra Modi, guidata dal presidente della conferenza dei vescovi card. Baselios Cleemis, chiedendo \u00abal primo ministro di invitare il Pontefice a visitare l\u2019India, in una data conveniente sia per il governo indiano che per la Santa Sede\u00bb (cit. in <em>India. Vescovi chiedono al premier di invitare il Papa nel Paese<\/em>, in \u201cZenit\u201d, 26 aprile 2016). A entrambe le questioni, il primo ministro ha risposto favorevolmente, anche se per quanto concerne l\u2019invito al Papa, ha precisato che avrebbe dovuto consultarsi con altri membri del governo. Ancora aspettiamo il responso\u2026<\/p>\n<p style=\"text-align: justify;\">A maggio p. Cereda ha confermato ultime notizie che davano speranza per padre Tom, chiedendo di tenere alta l&#8217;attenzione sul suo caso. \u00c8 importante, ha affermato in quell\u2019occasione il sacerdote, \u00abcoltivare la speranza attraverso la preghiera\u00bb perch\u00e9 \u00absappiamo che \u00e8 ancora vivo\u00bb (cit. Vicario salesiano: Il sacerdote rapito in Yemen \u00e8 ancora vivo. Preghiamo per lui, in \u201cAsiaNews\u201d, 5 maggio 2016, http:\/\/www.asianews.it).<\/p>\n<p style=\"text-align: justify;\">Poco dopo fonti cattoliche indiane, che rilanciavano le parole del ministro degli Esteri Sushma Swaraj, hanno riferito che padre Tom \u00ab\u00e8 salvo\u00bb, e che la mediazione in atto per ottenerne la liberazione sarebbe stata nella \u00absua ultima fase\u00bb. Inoltre, il salesiano non si sarebbe trovato nelle mani del sedicente \u201cStato islamico\u201d, bens\u00ec di \u00abforze anti-governative\u00bb presenti in territorio yemenita (cfr. <em>Presto libero padre Tom, il salesiano indiano rapito in Yemen<\/em>, in \u201cZenit\u201d, 18 maggio 2016).<\/p>\n<p style=\"text-align: justify;\">Passato un altro mese, il Consiglio dei Vescovi Cattolici dello Stato indiano del Kerala (KCBC, in inglese) ha manifestato quindi la propria preoccupazione in merito all\u2019evolversi della vicenda di don Uzhunnalil. Don Maria Arokiam Kanaga, consigliere per la regione salesiana Asia Sud, ha manifestato la sua preoccupazione per la situazione di stallo e ha invitato le autorit\u00e0 governative a raddoppiare gli sforzi per la liberazione del salesiano. In un messaggio diffuso lo scorso 8 giugno, il Consiglio episcopale del Kerala ha quindi esortato tanto le amministrazioni centrali quanto quelle del Kerala, ad operare efficacemente per la liberazione, il pi\u00f9 presto possibile, del sacerdote rapito: \u00abIl KCBC \u00e8 molto preoccupato per la prolungata incertezza circa il rilascio di don Tom Uzhunnalil. Chiediamo ai governi centrale e statale di mantenere i loro sinceri sforzi per rendere possibile la sua sicura liberazione dalla prigionia dei militanti in Yemen\u00bb (cit. in I Vescovi del Kerala invocano una rapida liberazione di don Tom Uzhunnalil, in \u201cANS \u2013 Kochi\u201d, 10 giugno 2016).<\/p>\n<p style=\"text-align: justify;\">Da parte sua anche il Consigliere per la regione salesiana Asia Sud, don Maria Arokiam Kanaga, SDB, ha espresso la sua profonda angoscia nell\u2019osservare che non si \u00e8 ancora arrivati ad una rapida soluzione dello stallo in cui versa don Uzhunnalil, che \u00e8 stato suo allievo. Don Kanaga ha visitato Aden pochi anni fa e ha potuto vedere personalmente il buon lavoro fatto da don Uzhunnalil e dalle Missionarie della Carit\u00e0 di Madre Teresa.<\/p>\n<p style=\"text-align: justify;\">Il lungo tempo trascorso fino ad oggi dal rapimento non dovrebbe far perdere la speranza che padre Tom sia ancora in vita e possa essere liberato, quando si pensi solo alla recente vicenda del gesuita indiano rapito dai terroristi in Afghanistan e rilasciato dopo ben 9 mesi.<\/p>\n<p style=\"text-align: justify;\">La Conferenza Episcopale Indiana \u00e8 sempre in contatto costante con il governo di Nuova Delhi per saperne di pi\u00f9 e cercare di liberare don Uzhunnalil ma, in assenza dell\u2019intensificarsi dei canali diplomatici e dell\u2019intelligence, oltre che dell\u2019attenzione dell\u2019opinione pubblica internazionale, gli sforzi per individuare il sacerdote potrebbero forse essere non sufficienti.<\/p>\n<p style=\"text-align: justify;\">Infatti, come hanno riferito i presuli indiani, dal governo dell\u2019attuale presidente Pranab Kumar Murkhejee non vi \u00e8 stata finora alcuna \u00abrisposta precisa\u00bb sulle modalit\u00e0 di rapimento del missionario salesiano, n\u00e9 sull\u2019identit\u00e0 dei suoi sequestratori. Anche per questo continuiamo a seguire, a pregare, ad informare su padre Tom.<\/p>\n<p style=\"text-align: justify;\">Un intento condiviso con l\u2019associazione \u201cAiuto alla Chiesa che Soffre\u201d (ACS) che, il 29 aprile scorso, ha illuminato alla presenza anche di una rappresentanza del \u201cPopolo della Famiglia\u201d Fontana di Trevi di Rosso per simboleggiare il sangue dei martiri cristiani. Nel contesto di tale grande e significativa manifestazione, ACS ha voluto ricordare don Tom proiettando la sua foto sul marmo della fontana.<\/p>\n","protected":false},"excerpt":{"rendered":"<p>La Croce quotidiano 15 luglio 2016 Continuiamo a seguire la vicenda drammatica di padre Tom Uzhunnalil, il salesiano rapito nello Yemen il 4 marzo scorso contestualmente all\u2019uccisione nel loro convento di quattro Suore Missionarie della Carit\u00e0. Sono passati pi\u00f9 di quattro mesi e ancora non si hanno notizie certe di lui, ma questo lungo tempo &hellip; <\/p>\n<p><a class=\"more-link btn\" href=\"https:\/\/www.rassegnastampa-totustuus.it\/cattolica\/cristiani-perseguitati-ricordiamocene-sempre\/\">Continua a leggere<\/a><\/p>\n","protected":false},"author":6,"featured_media":36045,"comment_status":"closed","ping_status":"closed","sticky":false,"template":"","format":"standard","meta":{"footnotes":""},"categories":[5,44],"tags":[470,1217],"class_list":["post-36044","post","type-post","status-publish","format-standard","has-post-thumbnail","hentry","category-chiesa","category-cristiani-perseguitati","tag-cristiani-perseguitati-2","tag-missionari","item-wrap"],"yoast_head":"<!-- This site is optimized with the Yoast SEO plugin v27.5 - https:\/\/yoast.com\/product\/yoast-seo-wordpress\/ -->\n<title>Cristiani perseguitati: ricordiamocene sempre - Rassegna Stampa Cattolica<\/title>\n<meta name=\"description\" content=\"Rassegna Stampa Cattolica - Per una cultura che nasce dalla Rivelazione cristiana in conformit\u00e0 alla tradizione e al Magistero della Chiesa in opposizione ad ogni relativismo e totalitarismo\" \/>\n<meta name=\"robots\" content=\"index, follow, max-snippet:-1, max-image-preview:large, max-video-preview:-1\" \/>\n<link rel=\"canonical\" href=\"https:\/\/www.rassegnastampa-totustuus.it\/cattolica\/cristiani-perseguitati-ricordiamocene-sempre\/\" \/>\n<meta property=\"og:locale\" content=\"it_IT\" \/>\n<meta property=\"og:type\" content=\"article\" \/>\n<meta property=\"og:title\" content=\"Cristiani perseguitati: ricordiamocene sempre - Rassegna Stampa Cattolica\" \/>\n<meta property=\"og:description\" content=\"Rassegna Stampa Cattolica - Per una cultura che nasce dalla Rivelazione cristiana in conformit\u00e0 alla tradizione e al Magistero della Chiesa in opposizione ad ogni relativismo e totalitarismo\" \/>\n<meta property=\"og:url\" content=\"https:\/\/www.rassegnastampa-totustuus.it\/cattolica\/cristiani-perseguitati-ricordiamocene-sempre\/\" \/>\n<meta property=\"og:site_name\" content=\"Rassegna Stampa Cattolica\" \/>\n<meta property=\"article:publisher\" content=\"https:\/\/www.facebook.com\/rassegnastampacattolica\" \/>\n<meta property=\"article:published_time\" content=\"2016-07-20T22:00:30+00:00\" \/>\n<meta property=\"article:modified_time\" content=\"2016-07-21T07:12:23+00:00\" \/>\n<meta property=\"og:image\" content=\"https:\/\/www.rassegnastampa-totustuus.it\/cattolica\/wp-content\/uploads\/2016\/07\/Tom-Uzhunnalil.jpg\" \/>\n\t<meta property=\"og:image:width\" content=\"260\" \/>\n\t<meta property=\"og:image:height\" content=\"194\" \/>\n\t<meta property=\"og:image:type\" content=\"image\/jpeg\" \/>\n<meta name=\"author\" content=\"Redazione\" \/>\n<meta name=\"twitter:card\" content=\"summary_large_image\" \/>\n<meta name=\"twitter:creator\" content=\"@rassegnastampa9\" \/>\n<meta name=\"twitter:site\" content=\"@rassegnastampa9\" \/>\n<meta name=\"twitter:label1\" content=\"Scritto da\" \/>\n\t<meta name=\"twitter:data1\" content=\"Redazione\" \/>\n\t<meta name=\"twitter:label2\" content=\"Tempo di lettura stimato\" \/>\n\t<meta name=\"twitter:data2\" content=\"10 minuti\" \/>\n<script type=\"application\/ld+json\" class=\"yoast-schema-graph\">{\"@context\":\"https:\\\/\\\/schema.org\",\"@graph\":[{\"@type\":\"Article\",\"@id\":\"https:\\\/\\\/www.rassegnastampa-totustuus.it\\\/cattolica\\\/cristiani-perseguitati-ricordiamocene-sempre\\\/#article\",\"isPartOf\":{\"@id\":\"https:\\\/\\\/www.rassegnastampa-totustuus.it\\\/cattolica\\\/cristiani-perseguitati-ricordiamocene-sempre\\\/\"},\"author\":{\"name\":\"Redazione\",\"@id\":\"https:\\\/\\\/www.rassegnastampa-totustuus.it\\\/cattolica\\\/#\\\/schema\\\/person\\\/08f319d2bd1a0904ad9e2bfb7b15e5c3\"},\"headline\":\"Cristiani perseguitati: ricordiamocene sempre\",\"datePublished\":\"2016-07-20T22:00:30+00:00\",\"dateModified\":\"2016-07-21T07:12:23+00:00\",\"mainEntityOfPage\":{\"@id\":\"https:\\\/\\\/www.rassegnastampa-totustuus.it\\\/cattolica\\\/cristiani-perseguitati-ricordiamocene-sempre\\\/\"},\"wordCount\":2099,\"publisher\":{\"@id\":\"https:\\\/\\\/www.rassegnastampa-totustuus.it\\\/cattolica\\\/#organization\"},\"image\":{\"@id\":\"https:\\\/\\\/www.rassegnastampa-totustuus.it\\\/cattolica\\\/cristiani-perseguitati-ricordiamocene-sempre\\\/#primaryimage\"},\"thumbnailUrl\":\"https:\\\/\\\/www.rassegnastampa-totustuus.it\\\/cattolica\\\/wp-content\\\/uploads\\\/2016\\\/07\\\/Tom-Uzhunnalil.jpg\",\"keywords\":[\"cristiani perseguitati\",\"missionari\"],\"articleSection\":[\"Chiesa\",\"Cristiani perseguitati\"],\"inLanguage\":\"it-IT\"},{\"@type\":\"WebPage\",\"@id\":\"https:\\\/\\\/www.rassegnastampa-totustuus.it\\\/cattolica\\\/cristiani-perseguitati-ricordiamocene-sempre\\\/\",\"url\":\"https:\\\/\\\/www.rassegnastampa-totustuus.it\\\/cattolica\\\/cristiani-perseguitati-ricordiamocene-sempre\\\/\",\"name\":\"Cristiani perseguitati: ricordiamocene sempre - Rassegna Stampa Cattolica\",\"isPartOf\":{\"@id\":\"https:\\\/\\\/www.rassegnastampa-totustuus.it\\\/cattolica\\\/#website\"},\"primaryImageOfPage\":{\"@id\":\"https:\\\/\\\/www.rassegnastampa-totustuus.it\\\/cattolica\\\/cristiani-perseguitati-ricordiamocene-sempre\\\/#primaryimage\"},\"image\":{\"@id\":\"https:\\\/\\\/www.rassegnastampa-totustuus.it\\\/cattolica\\\/cristiani-perseguitati-ricordiamocene-sempre\\\/#primaryimage\"},\"thumbnailUrl\":\"https:\\\/\\\/www.rassegnastampa-totustuus.it\\\/cattolica\\\/wp-content\\\/uploads\\\/2016\\\/07\\\/Tom-Uzhunnalil.jpg\",\"datePublished\":\"2016-07-20T22:00:30+00:00\",\"dateModified\":\"2016-07-21T07:12:23+00:00\",\"description\":\"Rassegna Stampa Cattolica - Per una cultura che nasce dalla Rivelazione cristiana in conformit\u00e0 alla tradizione e al Magistero della Chiesa in opposizione ad ogni relativismo e totalitarismo\",\"breadcrumb\":{\"@id\":\"https:\\\/\\\/www.rassegnastampa-totustuus.it\\\/cattolica\\\/cristiani-perseguitati-ricordiamocene-sempre\\\/#breadcrumb\"},\"inLanguage\":\"it-IT\",\"potentialAction\":[{\"@type\":\"ReadAction\",\"target\":[\"https:\\\/\\\/www.rassegnastampa-totustuus.it\\\/cattolica\\\/cristiani-perseguitati-ricordiamocene-sempre\\\/\"]}]},{\"@type\":\"ImageObject\",\"inLanguage\":\"it-IT\",\"@id\":\"https:\\\/\\\/www.rassegnastampa-totustuus.it\\\/cattolica\\\/cristiani-perseguitati-ricordiamocene-sempre\\\/#primaryimage\",\"url\":\"https:\\\/\\\/www.rassegnastampa-totustuus.it\\\/cattolica\\\/wp-content\\\/uploads\\\/2016\\\/07\\\/Tom-Uzhunnalil.jpg\",\"contentUrl\":\"https:\\\/\\\/www.rassegnastampa-totustuus.it\\\/cattolica\\\/wp-content\\\/uploads\\\/2016\\\/07\\\/Tom-Uzhunnalil.jpg\",\"width\":260,\"height\":194},{\"@type\":\"BreadcrumbList\",\"@id\":\"https:\\\/\\\/www.rassegnastampa-totustuus.it\\\/cattolica\\\/cristiani-perseguitati-ricordiamocene-sempre\\\/#breadcrumb\",\"itemListElement\":[{\"@type\":\"ListItem\",\"position\":1,\"name\":\"Home\",\"item\":\"https:\\\/\\\/www.rassegnastampa-totustuus.it\\\/cattolica\\\/\"},{\"@type\":\"ListItem\",\"position\":2,\"name\":\"Cristiani perseguitati: ricordiamocene sempre\"}]},{\"@type\":\"WebSite\",\"@id\":\"https:\\\/\\\/www.rassegnastampa-totustuus.it\\\/cattolica\\\/#website\",\"url\":\"https:\\\/\\\/www.rassegnastampa-totustuus.it\\\/cattolica\\\/\",\"name\":\"Rassegna Stampa Cattolica\",\"description\":\"Per una cultura che nasce dalla Rivelazione cristiana in conformit\u00e0 alla tradizione e al Magistero della Chiesa in opposizione ad ogni relativismo e totalitarismo\",\"publisher\":{\"@id\":\"https:\\\/\\\/www.rassegnastampa-totustuus.it\\\/cattolica\\\/#organization\"},\"alternateName\":\"Rass. Cattolica\",\"potentialAction\":[{\"@type\":\"SearchAction\",\"target\":{\"@type\":\"EntryPoint\",\"urlTemplate\":\"https:\\\/\\\/www.rassegnastampa-totustuus.it\\\/cattolica\\\/?s={search_term_string}\"},\"query-input\":{\"@type\":\"PropertyValueSpecification\",\"valueRequired\":true,\"valueName\":\"search_term_string\"}}],\"inLanguage\":\"it-IT\"},{\"@type\":\"Organization\",\"@id\":\"https:\\\/\\\/www.rassegnastampa-totustuus.it\\\/cattolica\\\/#organization\",\"name\":\"Rassegna Stampa Cattolica\",\"url\":\"https:\\\/\\\/www.rassegnastampa-totustuus.it\\\/cattolica\\\/\",\"logo\":{\"@type\":\"ImageObject\",\"inLanguage\":\"it-IT\",\"@id\":\"https:\\\/\\\/www.rassegnastampa-totustuus.it\\\/cattolica\\\/#\\\/schema\\\/logo\\\/image\\\/\",\"url\":\"https:\\\/\\\/www.rassegnastampa-totustuus.it\\\/cattolica\\\/wp-content\\\/uploads\\\/2014\\\/04\\\/logo-rassegna1.gif\",\"contentUrl\":\"https:\\\/\\\/www.rassegnastampa-totustuus.it\\\/cattolica\\\/wp-content\\\/uploads\\\/2014\\\/04\\\/logo-rassegna1.gif\",\"width\":600,\"height\":163,\"caption\":\"Rassegna Stampa Cattolica\"},\"image\":{\"@id\":\"https:\\\/\\\/www.rassegnastampa-totustuus.it\\\/cattolica\\\/#\\\/schema\\\/logo\\\/image\\\/\"},\"sameAs\":[\"https:\\\/\\\/www.facebook.com\\\/rassegnastampacattolica\",\"https:\\\/\\\/x.com\\\/rassegnastampa9\"]},{\"@type\":\"Person\",\"@id\":\"https:\\\/\\\/www.rassegnastampa-totustuus.it\\\/cattolica\\\/#\\\/schema\\\/person\\\/08f319d2bd1a0904ad9e2bfb7b15e5c3\",\"name\":\"Redazione\",\"image\":{\"@type\":\"ImageObject\",\"inLanguage\":\"it-IT\",\"@id\":\"https:\\\/\\\/secure.gravatar.com\\\/avatar\\\/2fcdf27c78ea025fbdb44e914cc63c72249ffec9dc8aafd5c82b26240ef3f346?s=96&d=mm&r=g\",\"url\":\"https:\\\/\\\/secure.gravatar.com\\\/avatar\\\/2fcdf27c78ea025fbdb44e914cc63c72249ffec9dc8aafd5c82b26240ef3f346?s=96&d=mm&r=g\",\"contentUrl\":\"https:\\\/\\\/secure.gravatar.com\\\/avatar\\\/2fcdf27c78ea025fbdb44e914cc63c72249ffec9dc8aafd5c82b26240ef3f346?s=96&d=mm&r=g\",\"caption\":\"Redazione\"},\"url\":\"https:\\\/\\\/www.rassegnastampa-totustuus.it\\\/cattolica\\\/author\\\/pietroelle\\\/\"}]}<\/script>\n<!-- \/ Yoast SEO plugin. -->","yoast_head_json":{"title":"Cristiani perseguitati: ricordiamocene sempre - Rassegna Stampa Cattolica","description":"Rassegna Stampa Cattolica - Per una cultura che nasce dalla Rivelazione cristiana in conformit\u00e0 alla tradizione e al Magistero della Chiesa in opposizione ad ogni relativismo e totalitarismo","robots":{"index":"index","follow":"follow","max-snippet":"max-snippet:-1","max-image-preview":"max-image-preview:large","max-video-preview":"max-video-preview:-1"},"canonical":"https:\/\/www.rassegnastampa-totustuus.it\/cattolica\/cristiani-perseguitati-ricordiamocene-sempre\/","og_locale":"it_IT","og_type":"article","og_title":"Cristiani perseguitati: ricordiamocene sempre - Rassegna Stampa Cattolica","og_description":"Rassegna Stampa Cattolica - Per una cultura che nasce dalla Rivelazione cristiana in conformit\u00e0 alla tradizione e al Magistero della Chiesa in opposizione ad ogni relativismo e totalitarismo","og_url":"https:\/\/www.rassegnastampa-totustuus.it\/cattolica\/cristiani-perseguitati-ricordiamocene-sempre\/","og_site_name":"Rassegna Stampa Cattolica","article_publisher":"https:\/\/www.facebook.com\/rassegnastampacattolica","article_published_time":"2016-07-20T22:00:30+00:00","article_modified_time":"2016-07-21T07:12:23+00:00","og_image":[{"width":260,"height":194,"url":"https:\/\/www.rassegnastampa-totustuus.it\/cattolica\/wp-content\/uploads\/2016\/07\/Tom-Uzhunnalil.jpg","type":"image\/jpeg"}],"author":"Redazione","twitter_card":"summary_large_image","twitter_creator":"@rassegnastampa9","twitter_site":"@rassegnastampa9","twitter_misc":{"Scritto da":"Redazione","Tempo di lettura stimato":"10 minuti"},"schema":{"@context":"https:\/\/schema.org","@graph":[{"@type":"Article","@id":"https:\/\/www.rassegnastampa-totustuus.it\/cattolica\/cristiani-perseguitati-ricordiamocene-sempre\/#article","isPartOf":{"@id":"https:\/\/www.rassegnastampa-totustuus.it\/cattolica\/cristiani-perseguitati-ricordiamocene-sempre\/"},"author":{"name":"Redazione","@id":"https:\/\/www.rassegnastampa-totustuus.it\/cattolica\/#\/schema\/person\/08f319d2bd1a0904ad9e2bfb7b15e5c3"},"headline":"Cristiani perseguitati: ricordiamocene sempre","datePublished":"2016-07-20T22:00:30+00:00","dateModified":"2016-07-21T07:12:23+00:00","mainEntityOfPage":{"@id":"https:\/\/www.rassegnastampa-totustuus.it\/cattolica\/cristiani-perseguitati-ricordiamocene-sempre\/"},"wordCount":2099,"publisher":{"@id":"https:\/\/www.rassegnastampa-totustuus.it\/cattolica\/#organization"},"image":{"@id":"https:\/\/www.rassegnastampa-totustuus.it\/cattolica\/cristiani-perseguitati-ricordiamocene-sempre\/#primaryimage"},"thumbnailUrl":"https:\/\/www.rassegnastampa-totustuus.it\/cattolica\/wp-content\/uploads\/2016\/07\/Tom-Uzhunnalil.jpg","keywords":["cristiani perseguitati","missionari"],"articleSection":["Chiesa","Cristiani perseguitati"],"inLanguage":"it-IT"},{"@type":"WebPage","@id":"https:\/\/www.rassegnastampa-totustuus.it\/cattolica\/cristiani-perseguitati-ricordiamocene-sempre\/","url":"https:\/\/www.rassegnastampa-totustuus.it\/cattolica\/cristiani-perseguitati-ricordiamocene-sempre\/","name":"Cristiani perseguitati: ricordiamocene sempre - Rassegna Stampa Cattolica","isPartOf":{"@id":"https:\/\/www.rassegnastampa-totustuus.it\/cattolica\/#website"},"primaryImageOfPage":{"@id":"https:\/\/www.rassegnastampa-totustuus.it\/cattolica\/cristiani-perseguitati-ricordiamocene-sempre\/#primaryimage"},"image":{"@id":"https:\/\/www.rassegnastampa-totustuus.it\/cattolica\/cristiani-perseguitati-ricordiamocene-sempre\/#primaryimage"},"thumbnailUrl":"https:\/\/www.rassegnastampa-totustuus.it\/cattolica\/wp-content\/uploads\/2016\/07\/Tom-Uzhunnalil.jpg","datePublished":"2016-07-20T22:00:30+00:00","dateModified":"2016-07-21T07:12:23+00:00","description":"Rassegna Stampa Cattolica - Per una cultura che nasce dalla Rivelazione cristiana in conformit\u00e0 alla tradizione e al Magistero della Chiesa in opposizione ad ogni relativismo e totalitarismo","breadcrumb":{"@id":"https:\/\/www.rassegnastampa-totustuus.it\/cattolica\/cristiani-perseguitati-ricordiamocene-sempre\/#breadcrumb"},"inLanguage":"it-IT","potentialAction":[{"@type":"ReadAction","target":["https:\/\/www.rassegnastampa-totustuus.it\/cattolica\/cristiani-perseguitati-ricordiamocene-sempre\/"]}]},{"@type":"ImageObject","inLanguage":"it-IT","@id":"https:\/\/www.rassegnastampa-totustuus.it\/cattolica\/cristiani-perseguitati-ricordiamocene-sempre\/#primaryimage","url":"https:\/\/www.rassegnastampa-totustuus.it\/cattolica\/wp-content\/uploads\/2016\/07\/Tom-Uzhunnalil.jpg","contentUrl":"https:\/\/www.rassegnastampa-totustuus.it\/cattolica\/wp-content\/uploads\/2016\/07\/Tom-Uzhunnalil.jpg","width":260,"height":194},{"@type":"BreadcrumbList","@id":"https:\/\/www.rassegnastampa-totustuus.it\/cattolica\/cristiani-perseguitati-ricordiamocene-sempre\/#breadcrumb","itemListElement":[{"@type":"ListItem","position":1,"name":"Home","item":"https:\/\/www.rassegnastampa-totustuus.it\/cattolica\/"},{"@type":"ListItem","position":2,"name":"Cristiani perseguitati: ricordiamocene sempre"}]},{"@type":"WebSite","@id":"https:\/\/www.rassegnastampa-totustuus.it\/cattolica\/#website","url":"https:\/\/www.rassegnastampa-totustuus.it\/cattolica\/","name":"Rassegna Stampa Cattolica","description":"Per una cultura che nasce dalla Rivelazione cristiana in conformit\u00e0 alla tradizione e al Magistero della Chiesa in opposizione ad ogni relativismo e totalitarismo","publisher":{"@id":"https:\/\/www.rassegnastampa-totustuus.it\/cattolica\/#organization"},"alternateName":"Rass. Cattolica","potentialAction":[{"@type":"SearchAction","target":{"@type":"EntryPoint","urlTemplate":"https:\/\/www.rassegnastampa-totustuus.it\/cattolica\/?s={search_term_string}"},"query-input":{"@type":"PropertyValueSpecification","valueRequired":true,"valueName":"search_term_string"}}],"inLanguage":"it-IT"},{"@type":"Organization","@id":"https:\/\/www.rassegnastampa-totustuus.it\/cattolica\/#organization","name":"Rassegna Stampa Cattolica","url":"https:\/\/www.rassegnastampa-totustuus.it\/cattolica\/","logo":{"@type":"ImageObject","inLanguage":"it-IT","@id":"https:\/\/www.rassegnastampa-totustuus.it\/cattolica\/#\/schema\/logo\/image\/","url":"https:\/\/www.rassegnastampa-totustuus.it\/cattolica\/wp-content\/uploads\/2014\/04\/logo-rassegna1.gif","contentUrl":"https:\/\/www.rassegnastampa-totustuus.it\/cattolica\/wp-content\/uploads\/2014\/04\/logo-rassegna1.gif","width":600,"height":163,"caption":"Rassegna Stampa Cattolica"},"image":{"@id":"https:\/\/www.rassegnastampa-totustuus.it\/cattolica\/#\/schema\/logo\/image\/"},"sameAs":["https:\/\/www.facebook.com\/rassegnastampacattolica","https:\/\/x.com\/rassegnastampa9"]},{"@type":"Person","@id":"https:\/\/www.rassegnastampa-totustuus.it\/cattolica\/#\/schema\/person\/08f319d2bd1a0904ad9e2bfb7b15e5c3","name":"Redazione","image":{"@type":"ImageObject","inLanguage":"it-IT","@id":"https:\/\/secure.gravatar.com\/avatar\/2fcdf27c78ea025fbdb44e914cc63c72249ffec9dc8aafd5c82b26240ef3f346?s=96&d=mm&r=g","url":"https:\/\/secure.gravatar.com\/avatar\/2fcdf27c78ea025fbdb44e914cc63c72249ffec9dc8aafd5c82b26240ef3f346?s=96&d=mm&r=g","contentUrl":"https:\/\/secure.gravatar.com\/avatar\/2fcdf27c78ea025fbdb44e914cc63c72249ffec9dc8aafd5c82b26240ef3f346?s=96&d=mm&r=g","caption":"Redazione"},"url":"https:\/\/www.rassegnastampa-totustuus.it\/cattolica\/author\/pietroelle\/"}]}},"_links":{"self":[{"href":"https:\/\/www.rassegnastampa-totustuus.it\/cattolica\/wp-json\/wp\/v2\/posts\/36044","targetHints":{"allow":["GET"]}}],"collection":[{"href":"https:\/\/www.rassegnastampa-totustuus.it\/cattolica\/wp-json\/wp\/v2\/posts"}],"about":[{"href":"https:\/\/www.rassegnastampa-totustuus.it\/cattolica\/wp-json\/wp\/v2\/types\/post"}],"author":[{"embeddable":true,"href":"https:\/\/www.rassegnastampa-totustuus.it\/cattolica\/wp-json\/wp\/v2\/users\/6"}],"replies":[{"embeddable":true,"href":"https:\/\/www.rassegnastampa-totustuus.it\/cattolica\/wp-json\/wp\/v2\/comments?post=36044"}],"version-history":[{"count":2,"href":"https:\/\/www.rassegnastampa-totustuus.it\/cattolica\/wp-json\/wp\/v2\/posts\/36044\/revisions"}],"predecessor-version":[{"id":36125,"href":"https:\/\/www.rassegnastampa-totustuus.it\/cattolica\/wp-json\/wp\/v2\/posts\/36044\/revisions\/36125"}],"wp:featuredmedia":[{"embeddable":true,"href":"https:\/\/www.rassegnastampa-totustuus.it\/cattolica\/wp-json\/wp\/v2\/media\/36045"}],"wp:attachment":[{"href":"https:\/\/www.rassegnastampa-totustuus.it\/cattolica\/wp-json\/wp\/v2\/media?parent=36044"}],"wp:term":[{"taxonomy":"category","embeddable":true,"href":"https:\/\/www.rassegnastampa-totustuus.it\/cattolica\/wp-json\/wp\/v2\/categories?post=36044"},{"taxonomy":"post_tag","embeddable":true,"href":"https:\/\/www.rassegnastampa-totustuus.it\/cattolica\/wp-json\/wp\/v2\/tags?post=36044"}],"curies":[{"name":"wp","href":"https:\/\/api.w.org\/{rel}","templated":true}]}}