{"id":35916,"date":"2016-07-21T00:00:32","date_gmt":"2016-07-20T22:00:32","guid":{"rendered":"http:\/\/www.rassegnastampa-totustuus.it\/cattolica\/?p=35916"},"modified":"2016-07-12T12:31:13","modified_gmt":"2016-07-12T10:31:13","slug":"il-canto-del-cigno-del-femminismo-in-italia","status":"publish","type":"post","link":"https:\/\/www.rassegnastampa-totustuus.it\/cattolica\/il-canto-del-cigno-del-femminismo-in-italia\/","title":{"rendered":"Il canto del cigno del femminismo in Italia"},"content":{"rendered":"<p style=\"text-align: center;\"><strong><img loading=\"lazy\" decoding=\"async\" class=\"alignright wp-image-35917\" src=\"https:\/\/www.rassegnastampa-totustuus.it\/cattolica\/wp-content\/uploads\/2016\/07\/utero_affitto.jpg\" alt=\"utero_affitto\" width=\"250\" height=\"185\" \/>Vita e Pensiero<\/strong>\u00a0n.3 maggio-giugno 2016<\/p>\n<p style=\"text-align: justify;\"><em>Sulla questione dell&#8217;utero in affitto si \u00e8 aperta in Europa, specialmente in Francia, una discussione che pare accettare questa opzione come scelta di libert\u00e0, se non addirittura come pratica caritativa. Ma in realt\u00e0 si crea una nuova forma di schiavit\u00f9 del corpo femminile.<\/em><\/p>\n<p style=\"text-align: center;\"><strong>Lucetta Scaraff\u00eca<\/strong><\/p>\n<p style=\"text-align: center;\"><!--more--><\/p>\n<p style=\"text-align: justify;\">L\u2019aveva scritto Jacques Ellul ormai decenni fa: le novit\u00e0 tecno-scientifiche che vengono rifiutate per motivi etici al loro primo comparire vengono poi immancabilmente accettate cinque anni dopo. Cos\u00ec sta succedendo per l&#8217;utero in affitto, o in qualunque altro modo si voglia chiamare l&#8217;affidare la gravidanza a una donna che fornisce questo servizio a una coppia &#8211; etero o omosessuale &#8211; che poi allever\u00e0 il bambino come figlio. I casi inizialmente rari si stanno moltiplicando, il mercato si sta strutturando con agenzie specializzate che forniscono ogni servizio necessario.<\/p>\n<p style=\"text-align: justify;\">Davanti a questo espandersi della questione, e alla conseguente tendenza dei sistemi giuridici di molti Paesi coinvolti anche solo marginalmente in questo commercio ad accettare il fatto compiuto per &#8220;il bene del bambino&#8221;, si \u00e8 aperta in Europa un&#8217;ampia discussione. Ma solo in Europa, perch\u00e9 negli Stati Uniti la pratica \u00e8 da qualche anno largamente prevista e tutelata, in un certo senso, dalla legge di molti Stati, e non sembra avere suscitato un cos\u00ec largo e vivace dibattito.<\/p>\n<p style=\"text-align: justify;\">Questa differenza rispetto, ad esempio, alla Francia &#8211; il Paese europeo in cui il dibattito \u00e8 stato pi\u00f9 seriamente approfondito &#8211; si spiega in primo luogo con l&#8217;enfasi sulla libert\u00e0 individuale caratteristica della tradizione americana. Una libert\u00e0 che si \u00e8 facilmente estesa a consentire alle donne quella che sembra essere semplicemente una ulteriore declinazione della libert\u00e0 di disporre del proprio corpo.<\/p>\n<p style=\"text-align: justify;\">Ma una differenza esiste anche rispetto a Paesi come il Canada o la Gran Bretagna &#8211; che ha cercato di risolvere il problema etico acconsentendo solo alla surrogazione gratuita &#8211; e come l&#8217;Italia, dove si calcola che i nati in questo modo (provenienti da altri Paesi) siano un centinaio all&#8217;anno, e dove in assenza di una legislazione permissiva sono i tribunali a sancirne di fatto la possibilit\u00e0 a forza di sentenze che si basano sul dovere di &#8220;proteggere il bambino&#8221; gi\u00e0 nato.<\/p>\n<p style=\"text-align: justify;\">Si tende spesso, almeno in Italia, a farne solo una questione di diritto &#8211; per il nostro codice la madre \u00e8 colei che partorisce il figlio &#8211; per cui ci sarebbero ostacoli legali al riconoscimento della figura sia di madre surrogata sia di colei che crescer\u00e0 il bambino. E alcuni vedono in questo ostacolo &#8211; e non hanno tutti i torti, naturalmente &#8211; il segno dell&#8217;invecchiamento e della conseguente rigidit\u00e0 del nostro codice. Ormai l&#8217;antico pregiudizio che la madre sia sempre certa, e che sia una sola e inoppugnabile, \u00e8 caduto sotto i colpi della maternit\u00e0 ottenuta tramite ovulo di un&#8217;altra donna, e l&#8217;affitto dell&#8217;utero di una terza sarebbe solo un&#8217;altra modalit\u00e0 da prendere in considerazione.<\/p>\n<p style=\"text-align: justify;\">Oppure si considera questa opzione solamente come una delle tante possibilit\u00e0 che le biotecnologie consentono, negandone ogni altro aspetto etico e psicologico. Se fosse cos\u00ec, chi si oppone sarebbe solamente il solito nemico del nuovo, timoroso di ogni passo avanti verso la libert\u00e0 e la felicit\u00e0 dell&#8217;essere umano. L&#8217;affitto dell&#8217;utero rientrerebbe, cos\u00ec, in un nuovo spazio di libert\u00e0: per la donna, che affitta il suo corpo, libera di ottenere un po&#8217; di soldi con una fatica in un certo senso modesta, e per coloro che, per i pi\u00f9 svariati motivi, non possono o non vogliono procreare nel modo tradizionale.<\/p>\n<p style=\"text-align: justify;\">Per alcune femministe sarebbe solo un ulteriore spazio di libert\u00e0, conseguenza inevitabile del percorso che &#8211; attraverso la legalizzazione dell&#8217;aborto, la diffusione degli anticoncezionali e la possibilit\u00e0 di rinuncia a occuparsi del neonato &#8211; ha portato le donne a recidere il legame considerato naturale con la maternit\u00e0. Si ripete che ci sono donne che in questo modo si comprano una casa, salvano dalla rovina economica una famiglia, si garantiscono una vecchiaia sicura, o pagano gli studi dei figli. Ma non ci si accorge che cos\u00ec il corpo della donna torna a essere oggetto di sfruttamento per il bene degli altri: \u00e8 una storia gi\u00e0 sentita, e che si sperava fosse finita per sempre.<\/p>\n<p style=\"text-align: justify;\">E invece le prostitute (in grandissima parte costrette, magari anche dalle famiglie) continuano a guadagnare umiliando il loro corpo, giovani donne affrontano gravi disagi di salute spesso irreversibili per produrre e vendere ovuli, in un certo senso prendendo il posto delle balie che una volta, prima del latte in polvere, rinunciavano ad allattare il loro figlio &#8211; che sarebbe cresciuto, se sopravviveva, come poteva &#8211; per nutrire quello di un ricco.<\/p>\n<p style=\"text-align: justify;\">E\u2019 in atto il tentativo di far sembrare normale o perfino positiva la gravidanza surrogata: sono state pubblicate sui settimanali di importanti quotidiani inchieste realizzate in Paesi poveri dove le donne affittano l&#8217;utero, come l&#8217;India, nelle quali queste madri surrogate apparivano eleganti, luminose, felici di avere la possibilit\u00e0 di guadagnare qualcosa e di vivere, almeno per il periodo della gravidanza, in ambienti puliti e sostenute da una dieta equilibrata.<\/p>\n<p style=\"text-align: justify;\">Una specie di pubblicit\u00e0 nascosta, ai fini dell&#8217;approvazione di una legge a favore di questa pratica, che non andava a fondo dei disagi ai quali queste donne devono far fronte, come quello di vivere per mesi separate dalla loro famiglia (per evitare malattie al feto), prive della loro libert\u00e0. Gli intervistatori non facevano nulla per capire se la decisione era stata da loro presa liberamente, o se erano state in un certo senso &#8220;vendute&#8221; dalla famiglia, che con opportune pressioni aveva ottenuto il loro consenso.<\/p>\n<p style=\"text-align: justify;\">Ma soprattutto nessuno di loro ha osato chiedere a queste donne gravide che rapporto avevano con il bambino che cresceva loro dentro, con quell&#8217;essere che poi avrebbe riconosciuto la loro voce in mezzo a migliaia di altre con un sussulto del cuore, che viveva al ritmo del battito del loro cuore: voce e ritmo che non avrebbe mai pi\u00f9 ritrovato dopo la nascita. Il problema non \u00e8 solo quello, evidente, dello sfruttamento di donne povere e deboli, della creazione di una nuova forma di schiavit\u00f9 del corpo femminile. Il problema di fondo sussiste anche nei casi (fortemente improbabili, ma non impossibili) di donazione gratuita.<\/p>\n<p style=\"text-align: justify;\">Un problema che si presenter\u00e0 in modo pi\u00f9 crudo quando &#8211; si dice fra non molti anni &#8211; sar\u00e0 messa a punto la possibilit\u00e0 dell&#8217;utero artificiale. E riguarda la questione basilare, cio\u00e8 il significato della maternit\u00e0 per la costruzione dell&#8217;identit\u00e0 femminile. Una questione che ci costringe a mettere il dito sulla vera piaga: l&#8217;emancipazione femminile \u00e8 in forte misura avvenuta al costo della rinuncia, o almeno di un forte ridimensionamento, della maternit\u00e0 nella vita delle donne, tanto da fare di molte di loro &#8220;un uomo come un altro&#8221;.<\/p>\n<p style=\"text-align: justify;\">L&#8217;utero in affitto ne accentua questa dimensione mascolinizzata, dal momento che riduce la gravidanza a un servizio materiale, una prestazione fisica, cancellando il suo aspetto costitutivo, cio\u00e8 quello di profonda relazione umana che si costruisce fra una donna e il figlio con una intensit\u00e0 che non ha rivali. Si chiede a una donna di rimanere estranea a ci\u00f2 che succede nel suo corpo, le si chiede di non ascoltarlo, di interrompere il dialogo con il bambino che porta in grembo, di rescindere il legame misterioso e forte che si crea durante la gravidanza. E, se l&#8217;umanit\u00e0 dell&#8217;essere si trova proprio nell&#8217;ascolto, nel dialogo, se la sensazione profonda di essere amati \u00e8 la prima e pi\u00f9 necessaria esperienza per un essere umano, che ne sar\u00e0 di questi figli ordinati e fabbricati come un oggetto?<\/p>\n<p style=\"text-align: justify;\">Il bambino non \u00e8 pi\u00f9 frutto di un incontro fra esseri umani, non si sviluppa all&#8217;interno di una relazione affettiva con la donna che lo porta in grembo, ma viene ordinato e fabbricato come se fosse un prodotto di mercato. Il desiderio (in questo caso di figlio) non basta, perch\u00e9 al centro di ogni desiderio c&#8217;\u00e8 sempre la relazione con l&#8217;altro, che qui viene ridotta a prestazione su richiesta.<\/p>\n<p style=\"text-align: justify;\">Molti a queste obiezioni rispondono che la realt\u00e0 \u00e8 meno poetica, che ci sono donne che non amano la creatura che cresce in loro, che abortiscono o la rifiutano appena nata: lo sappiamo tutti, come sappiamo che i bambini adottati non riconosceranno mai la voce che hanno sentito quando si formavano nell&#8217;utero, ma questo \u00e8 un male al quale, con l&#8217;adozione, si cerca di porre rimedio. Molto diverso \u00e8 creare volontariamente una situazione negativa, programmare un bambino che non potr\u00e0 essere come gli altri perch\u00e9 la madre che l&#8217;ha portato si \u00e8 sentita a lui estranea, e la madre che l&#8217;ha accolto non sar\u00e0 da lui riconosciuta se non con fatica.<\/p>\n<p style=\"text-align: justify;\">Bisogna confutare l&#8217;opinione sbagliata che affittare l&#8217;utero possa essere considerata una pratica caritativa, cio\u00e8 che significa venire in aiuto a persone che desiderano un figlio e non possono averlo: si sa bene che, se questa pratica viene accettata come normale &#8211; e se quindi si pu\u00f2 fabbricare un figlio a richiesta &#8211; non sar\u00e0 possibile confinarla a pochi casi pietosi, ma vi potranno ricorrere donne che hanno troppi impegni, magari per non compromettere la loro carriera, donne in menopausa, oltre ovviamente alle coppie gay. Non si devono ridurre le donne a strumenti viventi, destinati a esaudire desideri degli altri.<\/p>\n<p style=\"text-align: justify;\">Quel che resta del femminismo italiano si \u00e8 spaccato sulla questione, producendo analisi di modesta portata ma di tenore differente. Perfino il mondo cattolico, nelle sue \u00e9lite decisamente contrario alla gravidanza surrogata, vede qualche spaccatura al suo interno: per esempio, il Coordinamento teologhe, associazione femminista progressista, lascia aperta la porta anche alla possibilit\u00e0 della maternit\u00e0 surrogata. Ma intanto si creano inedite alleanze: una casa editrice cattolica, ad esempio, ha pubblicato il libro recentissimo di una delle femministe italiane pi\u00f9 note, Luisa Muraro, l\u2019anima del corpo. Contro l&#8217;utero in affitto. Le cui argomentazioni, tuttavia, si rivelano molto diverse da quelle avanzate dal mondo cattolico, perch\u00e9 si muovono all&#8217;interno di un&#8217;ottica strettamente femminista.<\/p>\n<p style=\"text-align: justify;\">\u00abQui non si tratta di proibire, si tratta di non sbagliare\u00bb, afferma la filosofa, che vede in questa pratica \u00abun attacco demolitore della relazione materna\u00bb, cio\u00e8 di quella relazione che \u00abha dato un&#8217;impronta di civilt\u00e0 alla convivenza umana\u00bb. Muraro risponde alle femministe scese in campo a difesa della libera scelta ribadendo che qui invece si tratta \u00abdi subordinare la fecondit\u00e0 a un progetto di altri\u00bb. Non accetta pertanto di equiparare l&#8217;affitto dell&#8217;utero alla battaglia di libert\u00e0 capostipite di ogni rivolta femminista, quella per la legalizzazione dell&#8217;aborto.<\/p>\n<p style=\"text-align: justify;\">Ma in complesso non c&#8217;\u00e8 stato, in realt\u00e0, in Italia niente di paragonabile al livello del dibattito francese, guidato con mano ferma da una filosofa di primo piano come Sylviane Agacinski. Si assiste tuttavia a un rinnovamento sostanziale del dibattito politico, a un rimescolamento degli schieramenti &#8211; in Italia anche i grillini sembrano contrari a questa pratica &#8211; che non pu\u00f2 non portare a un esame di coscienza sulle scelte del recente passato: come ha potuto un movimento che combatteva per la liberazione della donna contribuire alla nascita di una nuova forma di schiavit\u00f9 femminile?<\/p>\n<p style=\"text-align: justify;\">Si tratta di una questione ineludibile, che coinvolge nodi fondamentali, come la definizione dei diritti umani e soprattutto i limiti alla libert\u00e0 di mercato.<\/p>\n<p style=\"text-align: justify;\">Ci sono due caratteristiche di questa operazione che rivelano che si tratta, anche se gratuita, della fabbricazione di un prodotto e non di un legame umano profondo: il fatto che quasi sempre \u2013 praticamente non esistono eccezioni &#8211; l&#8217;ovulo utilizzato per il concepimento non \u00e8 quello della madre surrogata e, naturalmente, neppure della madre che allever\u00e0 il bambino, ma di una terza donna che ha venduto i suoi ovuli. In questo modo, ci si assicura che il legame fra la gravida e il neonato sia meno stretto.<\/p>\n<p style=\"text-align: justify;\">E in sostanza che la figura materna, tripartita (la donatrice di ovulo, quella che affitta l&#8217;utero, la donna che ha desiderato il figlio), perda la sua forza reale e simbolica. Inoltre, il contratto proposto alla donna che si offre come madre surrogata prima del concepimento prevede che, in caso di malattia o disabilit\u00e0 del feto, sia disposta ad abortire secondo l&#8217;intenzione del genitore che &#8220;acquista&#8221;.<\/p>\n<p style=\"text-align: justify;\">Queste due clausole rendono evidente innanzitutto la sfiducia verso la donna surrogata, il sospetto per un suo possibile coinvolgimento personale che potrebbe interferire con le intenzioni di chi ha &#8220;ordinato&#8221; il figlio, e cancellano dal rapporto ogni traccia di umanit\u00e0. Quell&#8217;umanit\u00e0, quella generosit\u00e0 che sarebbe invece supposta essere alla base dell&#8217;affitto gratuito, se lo si vuole considerare un atto generoso per aiutare chi non pu\u00f2 avere figli. \u00c8 inutile mascherare questa ope\u00adrazione dietro parole che vorrebbero &#8220;umanizzarla&#8221;. Si tratta di una compravendita, si considera il figlio come un prodotto da scegliere e ordinare come a un supermercato, dimenticando volutamente ogni caratteristica umana di questo legame. Bisogna leggere questo problema anche alla luce del prossimo futuro, che pu\u00f2 riservare la scoperta dell&#8217;utero artificiale: forse si stanno solo facendo le prove generali per una definitiva disumanizzazione.<\/p>\n<p>__________________<\/p>\n<p style=\"text-align: justify;\"><strong>Lucetta Scaraff\u00eca<\/strong> insegna Storia contemporanea presso l&#8217;Universit\u00e0 &#8220;La Sapienza&#8221; di Roma, \u00e8 editorialista de \u00abL&#8217;Osservatore Romano\u00bb, di cui cura l&#8217;inserto mensile &#8220;Donne, Chiesa, mondo&#8221; e collabora con varie testate. Si \u00e8 specializzata in storia delle donne, con particolare attenzione alla religiosit\u00e0 femminile e ai rapporti fra la societ\u00e0 occidentale e l&#8217;islam. Con <em>Vita e Pensiero<\/em> ha pubblicato La santa degli impossibili. Rita da Cascia tra devozione e atte contemporanea (2014) e curato il volume <em>Donne<\/em>, chiesa, teologia (2015).<\/p>\n","protected":false},"excerpt":{"rendered":"<p>Vita e Pensiero\u00a0n.3 maggio-giugno 2016 Sulla questione dell&#8217;utero in affitto si \u00e8 aperta in Europa, specialmente in Francia, una discussione che pare accettare questa opzione come scelta di libert\u00e0, se non addirittura come pratica caritativa. Ma in realt\u00e0 si crea una nuova forma di schiavit\u00f9 del corpo femminile. Lucetta Scaraff\u00eca<\/p><p><a class=\"more-link btn\" href=\"https:\/\/www.rassegnastampa-totustuus.it\/cattolica\/il-canto-del-cigno-del-femminismo-in-italia\/\">Continua a leggere<\/a><\/p>\n","protected":false},"author":6,"featured_media":35917,"comment_status":"closed","ping_status":"closed","sticky":false,"template":"","format":"standard","meta":{"footnotes":""},"categories":[4,25],"tags":[255,144,307],"class_list":["post-35916","post","type-post","status-publish","format-standard","has-post-thumbnail","hentry","category-bioetica","category-sguardo-sul-nostro-tempo","tag-femminismo","tag-maternita","tag-utero-in-affitto","item-wrap"],"yoast_head":"<!-- This site is optimized with the Yoast SEO plugin v27.5 - https:\/\/yoast.com\/product\/yoast-seo-wordpress\/ -->\n<title>Il canto del cigno del femminismo in Italia - Rassegna Stampa Cattolica<\/title>\n<meta name=\"description\" content=\"Rassegna Stampa Cattolica - Per una cultura che nasce dalla Rivelazione cristiana in conformit\u00e0 alla tradizione e al Magistero della Chiesa in opposizione ad ogni relativismo e totalitarismo\" \/>\n<meta name=\"robots\" content=\"index, follow, max-snippet:-1, max-image-preview:large, max-video-preview:-1\" \/>\n<link rel=\"canonical\" href=\"https:\/\/www.rassegnastampa-totustuus.it\/cattolica\/il-canto-del-cigno-del-femminismo-in-italia\/\" \/>\n<meta property=\"og:locale\" content=\"it_IT\" \/>\n<meta property=\"og:type\" content=\"article\" \/>\n<meta property=\"og:title\" content=\"Il canto del cigno del femminismo in Italia - Rassegna Stampa Cattolica\" \/>\n<meta property=\"og:description\" content=\"Rassegna Stampa Cattolica - Per una cultura che nasce dalla Rivelazione cristiana in conformit\u00e0 alla tradizione e al Magistero della Chiesa in opposizione ad ogni relativismo e totalitarismo\" \/>\n<meta property=\"og:url\" content=\"https:\/\/www.rassegnastampa-totustuus.it\/cattolica\/il-canto-del-cigno-del-femminismo-in-italia\/\" \/>\n<meta property=\"og:site_name\" content=\"Rassegna Stampa Cattolica\" \/>\n<meta property=\"article:publisher\" content=\"https:\/\/www.facebook.com\/rassegnastampacattolica\" \/>\n<meta property=\"article:published_time\" content=\"2016-07-20T22:00:32+00:00\" \/>\n<meta property=\"og:image\" content=\"https:\/\/www.rassegnastampa-totustuus.it\/cattolica\/wp-content\/uploads\/2016\/07\/utero_affitto.jpg\" \/>\n\t<meta property=\"og:image:width\" content=\"261\" \/>\n\t<meta property=\"og:image:height\" content=\"193\" \/>\n\t<meta property=\"og:image:type\" content=\"image\/jpeg\" \/>\n<meta name=\"author\" content=\"Redazione\" \/>\n<meta name=\"twitter:card\" content=\"summary_large_image\" \/>\n<meta name=\"twitter:creator\" content=\"@rassegnastampa9\" \/>\n<meta name=\"twitter:site\" content=\"@rassegnastampa9\" \/>\n<meta name=\"twitter:label1\" content=\"Scritto da\" \/>\n\t<meta name=\"twitter:data1\" content=\"Redazione\" \/>\n\t<meta name=\"twitter:label2\" content=\"Tempo di lettura stimato\" \/>\n\t<meta name=\"twitter:data2\" content=\"11 minuti\" \/>\n<script type=\"application\/ld+json\" class=\"yoast-schema-graph\">{\"@context\":\"https:\\\/\\\/schema.org\",\"@graph\":[{\"@type\":\"Article\",\"@id\":\"https:\\\/\\\/www.rassegnastampa-totustuus.it\\\/cattolica\\\/il-canto-del-cigno-del-femminismo-in-italia\\\/#article\",\"isPartOf\":{\"@id\":\"https:\\\/\\\/www.rassegnastampa-totustuus.it\\\/cattolica\\\/il-canto-del-cigno-del-femminismo-in-italia\\\/\"},\"author\":{\"name\":\"Redazione\",\"@id\":\"https:\\\/\\\/www.rassegnastampa-totustuus.it\\\/cattolica\\\/#\\\/schema\\\/person\\\/08f319d2bd1a0904ad9e2bfb7b15e5c3\"},\"headline\":\"Il canto del cigno del femminismo in Italia\",\"datePublished\":\"2016-07-20T22:00:32+00:00\",\"mainEntityOfPage\":{\"@id\":\"https:\\\/\\\/www.rassegnastampa-totustuus.it\\\/cattolica\\\/il-canto-del-cigno-del-femminismo-in-italia\\\/\"},\"wordCount\":2237,\"publisher\":{\"@id\":\"https:\\\/\\\/www.rassegnastampa-totustuus.it\\\/cattolica\\\/#organization\"},\"image\":{\"@id\":\"https:\\\/\\\/www.rassegnastampa-totustuus.it\\\/cattolica\\\/il-canto-del-cigno-del-femminismo-in-italia\\\/#primaryimage\"},\"thumbnailUrl\":\"https:\\\/\\\/www.rassegnastampa-totustuus.it\\\/cattolica\\\/wp-content\\\/uploads\\\/2016\\\/07\\\/utero_affitto.jpg\",\"keywords\":[\"femminismo\",\"maternit\u00e0\",\"utero in affitto\"],\"articleSection\":[\"Bioetica\",\"Sguardo sul nostro tempo\"],\"inLanguage\":\"it-IT\"},{\"@type\":\"WebPage\",\"@id\":\"https:\\\/\\\/www.rassegnastampa-totustuus.it\\\/cattolica\\\/il-canto-del-cigno-del-femminismo-in-italia\\\/\",\"url\":\"https:\\\/\\\/www.rassegnastampa-totustuus.it\\\/cattolica\\\/il-canto-del-cigno-del-femminismo-in-italia\\\/\",\"name\":\"Il canto del cigno del femminismo in Italia - Rassegna Stampa Cattolica\",\"isPartOf\":{\"@id\":\"https:\\\/\\\/www.rassegnastampa-totustuus.it\\\/cattolica\\\/#website\"},\"primaryImageOfPage\":{\"@id\":\"https:\\\/\\\/www.rassegnastampa-totustuus.it\\\/cattolica\\\/il-canto-del-cigno-del-femminismo-in-italia\\\/#primaryimage\"},\"image\":{\"@id\":\"https:\\\/\\\/www.rassegnastampa-totustuus.it\\\/cattolica\\\/il-canto-del-cigno-del-femminismo-in-italia\\\/#primaryimage\"},\"thumbnailUrl\":\"https:\\\/\\\/www.rassegnastampa-totustuus.it\\\/cattolica\\\/wp-content\\\/uploads\\\/2016\\\/07\\\/utero_affitto.jpg\",\"datePublished\":\"2016-07-20T22:00:32+00:00\",\"description\":\"Rassegna Stampa Cattolica - Per una cultura che nasce dalla Rivelazione cristiana in conformit\u00e0 alla tradizione e al Magistero della Chiesa in opposizione ad ogni relativismo e totalitarismo\",\"breadcrumb\":{\"@id\":\"https:\\\/\\\/www.rassegnastampa-totustuus.it\\\/cattolica\\\/il-canto-del-cigno-del-femminismo-in-italia\\\/#breadcrumb\"},\"inLanguage\":\"it-IT\",\"potentialAction\":[{\"@type\":\"ReadAction\",\"target\":[\"https:\\\/\\\/www.rassegnastampa-totustuus.it\\\/cattolica\\\/il-canto-del-cigno-del-femminismo-in-italia\\\/\"]}]},{\"@type\":\"ImageObject\",\"inLanguage\":\"it-IT\",\"@id\":\"https:\\\/\\\/www.rassegnastampa-totustuus.it\\\/cattolica\\\/il-canto-del-cigno-del-femminismo-in-italia\\\/#primaryimage\",\"url\":\"https:\\\/\\\/www.rassegnastampa-totustuus.it\\\/cattolica\\\/wp-content\\\/uploads\\\/2016\\\/07\\\/utero_affitto.jpg\",\"contentUrl\":\"https:\\\/\\\/www.rassegnastampa-totustuus.it\\\/cattolica\\\/wp-content\\\/uploads\\\/2016\\\/07\\\/utero_affitto.jpg\",\"width\":261,\"height\":193},{\"@type\":\"BreadcrumbList\",\"@id\":\"https:\\\/\\\/www.rassegnastampa-totustuus.it\\\/cattolica\\\/il-canto-del-cigno-del-femminismo-in-italia\\\/#breadcrumb\",\"itemListElement\":[{\"@type\":\"ListItem\",\"position\":1,\"name\":\"Home\",\"item\":\"https:\\\/\\\/www.rassegnastampa-totustuus.it\\\/cattolica\\\/\"},{\"@type\":\"ListItem\",\"position\":2,\"name\":\"Il canto del cigno del femminismo in Italia\"}]},{\"@type\":\"WebSite\",\"@id\":\"https:\\\/\\\/www.rassegnastampa-totustuus.it\\\/cattolica\\\/#website\",\"url\":\"https:\\\/\\\/www.rassegnastampa-totustuus.it\\\/cattolica\\\/\",\"name\":\"Rassegna Stampa Cattolica\",\"description\":\"Per una cultura che nasce dalla Rivelazione cristiana in conformit\u00e0 alla tradizione e al Magistero della Chiesa in opposizione ad ogni relativismo e totalitarismo\",\"publisher\":{\"@id\":\"https:\\\/\\\/www.rassegnastampa-totustuus.it\\\/cattolica\\\/#organization\"},\"alternateName\":\"Rass. Cattolica\",\"potentialAction\":[{\"@type\":\"SearchAction\",\"target\":{\"@type\":\"EntryPoint\",\"urlTemplate\":\"https:\\\/\\\/www.rassegnastampa-totustuus.it\\\/cattolica\\\/?s={search_term_string}\"},\"query-input\":{\"@type\":\"PropertyValueSpecification\",\"valueRequired\":true,\"valueName\":\"search_term_string\"}}],\"inLanguage\":\"it-IT\"},{\"@type\":\"Organization\",\"@id\":\"https:\\\/\\\/www.rassegnastampa-totustuus.it\\\/cattolica\\\/#organization\",\"name\":\"Rassegna Stampa Cattolica\",\"url\":\"https:\\\/\\\/www.rassegnastampa-totustuus.it\\\/cattolica\\\/\",\"logo\":{\"@type\":\"ImageObject\",\"inLanguage\":\"it-IT\",\"@id\":\"https:\\\/\\\/www.rassegnastampa-totustuus.it\\\/cattolica\\\/#\\\/schema\\\/logo\\\/image\\\/\",\"url\":\"https:\\\/\\\/www.rassegnastampa-totustuus.it\\\/cattolica\\\/wp-content\\\/uploads\\\/2014\\\/04\\\/logo-rassegna1.gif\",\"contentUrl\":\"https:\\\/\\\/www.rassegnastampa-totustuus.it\\\/cattolica\\\/wp-content\\\/uploads\\\/2014\\\/04\\\/logo-rassegna1.gif\",\"width\":600,\"height\":163,\"caption\":\"Rassegna Stampa Cattolica\"},\"image\":{\"@id\":\"https:\\\/\\\/www.rassegnastampa-totustuus.it\\\/cattolica\\\/#\\\/schema\\\/logo\\\/image\\\/\"},\"sameAs\":[\"https:\\\/\\\/www.facebook.com\\\/rassegnastampacattolica\",\"https:\\\/\\\/x.com\\\/rassegnastampa9\"]},{\"@type\":\"Person\",\"@id\":\"https:\\\/\\\/www.rassegnastampa-totustuus.it\\\/cattolica\\\/#\\\/schema\\\/person\\\/08f319d2bd1a0904ad9e2bfb7b15e5c3\",\"name\":\"Redazione\",\"image\":{\"@type\":\"ImageObject\",\"inLanguage\":\"it-IT\",\"@id\":\"https:\\\/\\\/secure.gravatar.com\\\/avatar\\\/2fcdf27c78ea025fbdb44e914cc63c72249ffec9dc8aafd5c82b26240ef3f346?s=96&d=mm&r=g\",\"url\":\"https:\\\/\\\/secure.gravatar.com\\\/avatar\\\/2fcdf27c78ea025fbdb44e914cc63c72249ffec9dc8aafd5c82b26240ef3f346?s=96&d=mm&r=g\",\"contentUrl\":\"https:\\\/\\\/secure.gravatar.com\\\/avatar\\\/2fcdf27c78ea025fbdb44e914cc63c72249ffec9dc8aafd5c82b26240ef3f346?s=96&d=mm&r=g\",\"caption\":\"Redazione\"},\"url\":\"https:\\\/\\\/www.rassegnastampa-totustuus.it\\\/cattolica\\\/author\\\/pietroelle\\\/\"}]}<\/script>\n<!-- \/ Yoast SEO plugin. -->","yoast_head_json":{"title":"Il canto del cigno del femminismo in Italia - Rassegna Stampa Cattolica","description":"Rassegna Stampa Cattolica - Per una cultura che nasce dalla Rivelazione cristiana in conformit\u00e0 alla tradizione e al Magistero della Chiesa in opposizione ad ogni relativismo e totalitarismo","robots":{"index":"index","follow":"follow","max-snippet":"max-snippet:-1","max-image-preview":"max-image-preview:large","max-video-preview":"max-video-preview:-1"},"canonical":"https:\/\/www.rassegnastampa-totustuus.it\/cattolica\/il-canto-del-cigno-del-femminismo-in-italia\/","og_locale":"it_IT","og_type":"article","og_title":"Il canto del cigno del femminismo in Italia - Rassegna Stampa Cattolica","og_description":"Rassegna Stampa Cattolica - Per una cultura che nasce dalla Rivelazione cristiana in conformit\u00e0 alla tradizione e al Magistero della Chiesa in opposizione ad ogni relativismo e totalitarismo","og_url":"https:\/\/www.rassegnastampa-totustuus.it\/cattolica\/il-canto-del-cigno-del-femminismo-in-italia\/","og_site_name":"Rassegna Stampa Cattolica","article_publisher":"https:\/\/www.facebook.com\/rassegnastampacattolica","article_published_time":"2016-07-20T22:00:32+00:00","og_image":[{"width":261,"height":193,"url":"https:\/\/www.rassegnastampa-totustuus.it\/cattolica\/wp-content\/uploads\/2016\/07\/utero_affitto.jpg","type":"image\/jpeg"}],"author":"Redazione","twitter_card":"summary_large_image","twitter_creator":"@rassegnastampa9","twitter_site":"@rassegnastampa9","twitter_misc":{"Scritto da":"Redazione","Tempo di lettura stimato":"11 minuti"},"schema":{"@context":"https:\/\/schema.org","@graph":[{"@type":"Article","@id":"https:\/\/www.rassegnastampa-totustuus.it\/cattolica\/il-canto-del-cigno-del-femminismo-in-italia\/#article","isPartOf":{"@id":"https:\/\/www.rassegnastampa-totustuus.it\/cattolica\/il-canto-del-cigno-del-femminismo-in-italia\/"},"author":{"name":"Redazione","@id":"https:\/\/www.rassegnastampa-totustuus.it\/cattolica\/#\/schema\/person\/08f319d2bd1a0904ad9e2bfb7b15e5c3"},"headline":"Il canto del cigno del femminismo in Italia","datePublished":"2016-07-20T22:00:32+00:00","mainEntityOfPage":{"@id":"https:\/\/www.rassegnastampa-totustuus.it\/cattolica\/il-canto-del-cigno-del-femminismo-in-italia\/"},"wordCount":2237,"publisher":{"@id":"https:\/\/www.rassegnastampa-totustuus.it\/cattolica\/#organization"},"image":{"@id":"https:\/\/www.rassegnastampa-totustuus.it\/cattolica\/il-canto-del-cigno-del-femminismo-in-italia\/#primaryimage"},"thumbnailUrl":"https:\/\/www.rassegnastampa-totustuus.it\/cattolica\/wp-content\/uploads\/2016\/07\/utero_affitto.jpg","keywords":["femminismo","maternit\u00e0","utero in affitto"],"articleSection":["Bioetica","Sguardo sul nostro tempo"],"inLanguage":"it-IT"},{"@type":"WebPage","@id":"https:\/\/www.rassegnastampa-totustuus.it\/cattolica\/il-canto-del-cigno-del-femminismo-in-italia\/","url":"https:\/\/www.rassegnastampa-totustuus.it\/cattolica\/il-canto-del-cigno-del-femminismo-in-italia\/","name":"Il canto del cigno del femminismo in Italia - Rassegna Stampa Cattolica","isPartOf":{"@id":"https:\/\/www.rassegnastampa-totustuus.it\/cattolica\/#website"},"primaryImageOfPage":{"@id":"https:\/\/www.rassegnastampa-totustuus.it\/cattolica\/il-canto-del-cigno-del-femminismo-in-italia\/#primaryimage"},"image":{"@id":"https:\/\/www.rassegnastampa-totustuus.it\/cattolica\/il-canto-del-cigno-del-femminismo-in-italia\/#primaryimage"},"thumbnailUrl":"https:\/\/www.rassegnastampa-totustuus.it\/cattolica\/wp-content\/uploads\/2016\/07\/utero_affitto.jpg","datePublished":"2016-07-20T22:00:32+00:00","description":"Rassegna Stampa Cattolica - Per una cultura che nasce dalla Rivelazione cristiana in conformit\u00e0 alla tradizione e al Magistero della Chiesa in opposizione ad ogni relativismo e totalitarismo","breadcrumb":{"@id":"https:\/\/www.rassegnastampa-totustuus.it\/cattolica\/il-canto-del-cigno-del-femminismo-in-italia\/#breadcrumb"},"inLanguage":"it-IT","potentialAction":[{"@type":"ReadAction","target":["https:\/\/www.rassegnastampa-totustuus.it\/cattolica\/il-canto-del-cigno-del-femminismo-in-italia\/"]}]},{"@type":"ImageObject","inLanguage":"it-IT","@id":"https:\/\/www.rassegnastampa-totustuus.it\/cattolica\/il-canto-del-cigno-del-femminismo-in-italia\/#primaryimage","url":"https:\/\/www.rassegnastampa-totustuus.it\/cattolica\/wp-content\/uploads\/2016\/07\/utero_affitto.jpg","contentUrl":"https:\/\/www.rassegnastampa-totustuus.it\/cattolica\/wp-content\/uploads\/2016\/07\/utero_affitto.jpg","width":261,"height":193},{"@type":"BreadcrumbList","@id":"https:\/\/www.rassegnastampa-totustuus.it\/cattolica\/il-canto-del-cigno-del-femminismo-in-italia\/#breadcrumb","itemListElement":[{"@type":"ListItem","position":1,"name":"Home","item":"https:\/\/www.rassegnastampa-totustuus.it\/cattolica\/"},{"@type":"ListItem","position":2,"name":"Il canto del cigno del femminismo in Italia"}]},{"@type":"WebSite","@id":"https:\/\/www.rassegnastampa-totustuus.it\/cattolica\/#website","url":"https:\/\/www.rassegnastampa-totustuus.it\/cattolica\/","name":"Rassegna Stampa Cattolica","description":"Per una cultura che nasce dalla Rivelazione cristiana in conformit\u00e0 alla tradizione e al Magistero della Chiesa in opposizione ad ogni relativismo e totalitarismo","publisher":{"@id":"https:\/\/www.rassegnastampa-totustuus.it\/cattolica\/#organization"},"alternateName":"Rass. Cattolica","potentialAction":[{"@type":"SearchAction","target":{"@type":"EntryPoint","urlTemplate":"https:\/\/www.rassegnastampa-totustuus.it\/cattolica\/?s={search_term_string}"},"query-input":{"@type":"PropertyValueSpecification","valueRequired":true,"valueName":"search_term_string"}}],"inLanguage":"it-IT"},{"@type":"Organization","@id":"https:\/\/www.rassegnastampa-totustuus.it\/cattolica\/#organization","name":"Rassegna Stampa Cattolica","url":"https:\/\/www.rassegnastampa-totustuus.it\/cattolica\/","logo":{"@type":"ImageObject","inLanguage":"it-IT","@id":"https:\/\/www.rassegnastampa-totustuus.it\/cattolica\/#\/schema\/logo\/image\/","url":"https:\/\/www.rassegnastampa-totustuus.it\/cattolica\/wp-content\/uploads\/2014\/04\/logo-rassegna1.gif","contentUrl":"https:\/\/www.rassegnastampa-totustuus.it\/cattolica\/wp-content\/uploads\/2014\/04\/logo-rassegna1.gif","width":600,"height":163,"caption":"Rassegna Stampa Cattolica"},"image":{"@id":"https:\/\/www.rassegnastampa-totustuus.it\/cattolica\/#\/schema\/logo\/image\/"},"sameAs":["https:\/\/www.facebook.com\/rassegnastampacattolica","https:\/\/x.com\/rassegnastampa9"]},{"@type":"Person","@id":"https:\/\/www.rassegnastampa-totustuus.it\/cattolica\/#\/schema\/person\/08f319d2bd1a0904ad9e2bfb7b15e5c3","name":"Redazione","image":{"@type":"ImageObject","inLanguage":"it-IT","@id":"https:\/\/secure.gravatar.com\/avatar\/2fcdf27c78ea025fbdb44e914cc63c72249ffec9dc8aafd5c82b26240ef3f346?s=96&d=mm&r=g","url":"https:\/\/secure.gravatar.com\/avatar\/2fcdf27c78ea025fbdb44e914cc63c72249ffec9dc8aafd5c82b26240ef3f346?s=96&d=mm&r=g","contentUrl":"https:\/\/secure.gravatar.com\/avatar\/2fcdf27c78ea025fbdb44e914cc63c72249ffec9dc8aafd5c82b26240ef3f346?s=96&d=mm&r=g","caption":"Redazione"},"url":"https:\/\/www.rassegnastampa-totustuus.it\/cattolica\/author\/pietroelle\/"}]}},"_links":{"self":[{"href":"https:\/\/www.rassegnastampa-totustuus.it\/cattolica\/wp-json\/wp\/v2\/posts\/35916","targetHints":{"allow":["GET"]}}],"collection":[{"href":"https:\/\/www.rassegnastampa-totustuus.it\/cattolica\/wp-json\/wp\/v2\/posts"}],"about":[{"href":"https:\/\/www.rassegnastampa-totustuus.it\/cattolica\/wp-json\/wp\/v2\/types\/post"}],"author":[{"embeddable":true,"href":"https:\/\/www.rassegnastampa-totustuus.it\/cattolica\/wp-json\/wp\/v2\/users\/6"}],"replies":[{"embeddable":true,"href":"https:\/\/www.rassegnastampa-totustuus.it\/cattolica\/wp-json\/wp\/v2\/comments?post=35916"}],"version-history":[{"count":1,"href":"https:\/\/www.rassegnastampa-totustuus.it\/cattolica\/wp-json\/wp\/v2\/posts\/35916\/revisions"}],"predecessor-version":[{"id":35918,"href":"https:\/\/www.rassegnastampa-totustuus.it\/cattolica\/wp-json\/wp\/v2\/posts\/35916\/revisions\/35918"}],"wp:featuredmedia":[{"embeddable":true,"href":"https:\/\/www.rassegnastampa-totustuus.it\/cattolica\/wp-json\/wp\/v2\/media\/35917"}],"wp:attachment":[{"href":"https:\/\/www.rassegnastampa-totustuus.it\/cattolica\/wp-json\/wp\/v2\/media?parent=35916"}],"wp:term":[{"taxonomy":"category","embeddable":true,"href":"https:\/\/www.rassegnastampa-totustuus.it\/cattolica\/wp-json\/wp\/v2\/categories?post=35916"},{"taxonomy":"post_tag","embeddable":true,"href":"https:\/\/www.rassegnastampa-totustuus.it\/cattolica\/wp-json\/wp\/v2\/tags?post=35916"}],"curies":[{"name":"wp","href":"https:\/\/api.w.org\/{rel}","templated":true}]}}