{"id":3591,"date":"2009-12-10T00:00:00","date_gmt":"2009-12-09T23:00:00","guid":{"rendered":""},"modified":"2015-03-03T11:30:35","modified_gmt":"2015-03-03T10:30:35","slug":"la-nascita-delluniverso-fra-filosofia-e-scienza","status":"publish","type":"post","link":"https:\/\/www.rassegnastampa-totustuus.it\/cattolica\/la-nascita-delluniverso-fra-filosofia-e-scienza\/","title":{"rendered":"La nascita dell&#8217;Universo fra Filosofia e Scienza"},"content":{"rendered":"<div style=\"text-align: center;\"><strong><a href=\"https:\/\/www.rassegnastampa-totustuus.it\/cattolica\/wp-content\/uploads\/2009\/12\/universo.jpg\"><img loading=\"lazy\" decoding=\"async\" class=\"alignright wp-image-20395\" src=\"https:\/\/www.rassegnastampa-totustuus.it\/cattolica\/wp-content\/uploads\/2009\/12\/universo.jpg\" alt=\"universo\" width=\"250\" height=\"156\" \/><\/a>Lepanto Focus <\/strong><\/div>\n<div style=\"text-align: center;\">\u00a0a cura del Centro Culturale Lepanto-n.9<\/div>\n<div style=\"text-align: center;\">1 dicembre 2009<\/div>\n<p style=\"text-align: center;\">di <strong>Claudio Bernabei<\/strong><\/p>\n<p style=\"text-align: justify;\">Nell&#8217;anno 2009 \u00e8 ricorso il settantesimo anniversario della pubblicazione delle osservazioni che da qualche tempo stava facendo l&#8217;astronomo Edwin Hubble sull&#8217;allontanamento delle galassie fra di loro, ossia l&#8217;espansione dell&#8217;Universo.<\/p>\n<p style=\"text-align: justify;\"><!--more--><\/p>\n<p style=\"text-align: justify;\">Queste osservazioni ebbero grandi conseguenze non solo nel campo della astronomia ma, pi\u00f9 in generale, sulla visione del mondo proposta dalla cultura del tempo.<\/p>\n<p style=\"text-align: justify;\">Per quanto riguarda la cosmologia, infatti, grande parte della filosofia moderna e contemporanea ha negato e nega che l&#8217;Universo abbia la sua ragion d&#8217;essere nella Creazione divina, afferman-do invece che esso avrebbe la sua ragion d&#8217;essere in se stesso.<\/p>\n<p style=\"text-align: justify;\">Questo pregiudizio, che fu gi\u00e0 proprio nel corso dei secoli dei tanti negatori di un Dio personale, aveva portato alla concezione di un cosmo eterno stazionario, e tale fu la tesi prevalente fra gli scienziati moderni, fino all&#8217;Ottocento.<\/p>\n<p style=\"text-align: justify;\">Tra la fine del XIX secolo ed i primi del XX la scoperta dei principi della termo\u00addinamica, quali furono formulati in chiave cosmologica dal Clausius, e la scoperta dell&#8217;allontana\u00admento reciproco delle galassie, quale fu osservato dell&#8217;Hubble, accertarono che l&#8217;universo non \u00e8 eterno n\u00e9 stazionario.<\/p>\n<p style=\"text-align: justify;\">Secondo il principio termodinamico, infatti, la materia tende inevitabilmente a degradarsi; l&#8217;allontanamento reciproco delle galassie, poi, se avvenisse da un&#8217;eternit\u00e0 avrebbe come conseguenza che le galassie sarebbero fra loro infinitamente lontane e noi oggi avremmo un cielo oscuro e senza stelle, senza nemmeno fare eccezione per quelle della nostra Galassia, la Via Lattea appunto, perch\u00e9 da una eternit\u00e0 ad oggi si sarebbero tutte consumate, per il principio di entropia, in fredde nuvole di gas e polveri cosmiche.<\/p>\n<p style=\"text-align: justify;\">II filosofo A.N. Whitehead, la cui opera principale, <em>II Processo e la Realt\u00e0<\/em>. Saggio di Cosmologia, \u00e8 coeva alle osservazioni di Hubble, cerc\u00f2 di superare l&#8217;impasse affermando che la materia \u00e8 di per s\u00e9, in continuazione, autocreativa: \u00ab\u201dCreativit\u00e0\u201d \u00e8 un altro modo di tradurre la \u201cmateria\u201d aristotelica ed il moderno \u201cmateriale neutro\u201d\u00bb (<em>II Processo e la Realt\u00e0. Saggio di cosmologia<\/em>, Milano, Bompiani, 1965, p.92).<\/p>\n<p style=\"text-align: justify;\">L&#8217;autocreativit\u00e0 sarebbe continua nel tempo, in quanto afferirebbe alla natura stessa della materia e quindi dell&#8217;Universo, \u00abper cui nuovi elettroni e nuovi protoni vengono ad esistere\u00bb (op. cit, p.204) qui e l\u00ec negli spazi fra le stelle, a differenza della Creazione che, come narra la Bibbia, Dio ha deciso una volta per sempre in un punto preciso: l&#8217;inizio del Tempo.<\/p>\n<p style=\"text-align: justify;\">Anche questa ardita speculazione filosofica del Whitehead trov\u00f2 studiosi decisi a rivestirla dell&#8217;autorevolezza della Scienza. Ci\u00f2 per la necessaria dipendenza della ricerca scientifica dalle teorie filosofiche cui lo scienziato si ispira: \u00e8 proprio per questo rapporto necessario fra filosofia e scienza che si giustifica il giudizio che l&#8217;Autorit\u00e0 teologica e filosofica si sente di dare sulle varie ipotesi scientifiche (cfr. SS. Giovanni Paolo II, Lettera enciclica &#8220;Fides et Ratio&#8221;, \u00a7\u00a7 19, 28, 30 e passim.)<\/p>\n<p style=\"text-align: justify;\">Anche l&#8217;odierna filosofia della scienza concorda su questa dipendenza della teoria scientifica da una teoria filosofica, anzi addirittura la esagera perch\u00e9 arriva a negare in radice la capacit\u00e0 della ragione umana di conoscere le verit\u00e0 naturali, capacit\u00e0 che invece \u00e8 difesa dalla dottrina cattolica.<\/p>\n<p style=\"text-align: justify;\">Karl Popper scrive: \u00abCapii perch\u00e9 l&#8217;errata teoria della scienza che aveva prevalso fin dai tempi di Bacone &#8211; la teoria secondo la quale le scienze naturali sono le scienze induttive, e l&#8217;induzione \u00e8 un processo di costituzione o di giustificazione delle teorie mediante reiterate osservazioni o esperimenti &#8211; fosse cos\u00ec profondamente radicata. La ragione era che gli scienziati dovevano demarcare la loro attivit\u00e0 (&#8230;) rispetto alla teologia ed alla metafisica\u00bb (K. Popper, <em>La ricerca non ha fine: autobiografia intellettuale<\/em>, Roma, Armando, 1976, p.82).<\/p>\n<p style=\"text-align: justify;\">Al contrario, osserva l\u2019epistemologo austriaco, \u00abl&#8217;osservazione \u201cpura\u201d &#8211; cio\u00e8 l&#8217;osservazione priva di una componente teorica &#8211; non esiste. Tutte le osservazioni &#8211; e, specialmente, le osservazioni sperimentali &#8211; sono osservazioni di fatti compiute alla luce di questa o quella teoria&#8221; (K. Popper, <em>Problemi, scopi e responsabilit\u00e0 della scienza<\/em>, in Idem, <em>Scienza e filosofia<\/em>, Torino, Einaudi, 1969, p.128).<\/p>\n<p style=\"text-align: justify;\">Pi\u00f9 sbrigativo \u00e8 l&#8217;amico e collaboratore di Karl Marx, Friedrick Engels, che brutalmente afferma: \u00abGli scienziati possono prendere l&#8217;atteggiamento che credono: essi sono sotto il dominio della filosofia. C&#8217;\u00e8 da porre solo il problema se essi vogliono essere dominati da una cattiva filosofia corrente o da una forma di pensiero teorico che riposa sulla conoscenza della storia del pensiero e sui suoi risultati\u00bb (F. Engels, <em>Dialettica della natura<\/em>, in K. Marx, F. Engels, <em>Opere<\/em>, Roma, Editori Riuniti, 1974, vol. XXV, p.495).<\/p>\n<p style=\"text-align: justify;\">Fu cos\u00ec che, per conciliare la teoria filosofica dell&#8217;eternit\u00e0 dell&#8217;Universo (e quindi cancellare il Dio creatore) ed il fatto della espansione delle galassie, tra gli anni Quaranta e Cinquanta del XX secolo gli astronomi Thomas Gold e Hermann Rondi prima e Fred Hoyle poi crearono un modello di interpretazione dell&#8217;espansione galattica chiamato Steady State Universe: \u00abII modello dello steady state universe descrive in effetti un&#8217;espansione esponenziale dell&#8217;universo unita ad una creazione permanente di materia: la sincronizzazione tra espansione e creazione permette di mantenere nell&#8217;universo una densit\u00e0 costante di materia energia. Si tratta, dunque, di un universo eterno, senza et\u00e0, ma in uno stato di creazione continua\u00bb (I. Prigogine, I. Stengers, <em>Tra il tempo e l&#8217;eternit\u00e0<\/em>, Torino, Bollati Boringhieri, 1989, p.149).<\/p>\n<p style=\"text-align: justify;\">Questo modello, che eliminava radicalmente la necessit\u00e0 di un Dio creatore, ottenne un successo stupefacente all&#8217;interno della comunit\u00e0 scientifica mondiale, come si osserva scorrendo le pubblicazioni di quel periodo.<\/p>\n<p style=\"text-align: justify;\">Addirittura vi furono adesioni, incaute quanto entusiaste, anche da parte degli studiosi cattolici, per cos\u00ec dire, \u00abpi\u00f9 aperti al dialogo\u00bb (cfr. P. Pasolini, <em>Come \u00e8 nato l&#8217;Universo<\/em>, Mariapoli, Citt\u00e0 Nuova ed., 1961, pp. 39-40).<\/p>\n<p style=\"text-align: justify;\">Tanto pi\u00f9 sconcerta il successo di questa ipotesi dell'&#8221;universo in stato stazionario&#8221; in quanto non erano mancati altri modelli, pi\u00f9 logicamente impostati, che ponevano all&#8217;inizio dell&#8217;espansione universale un punto preciso: per esempio il &#8220;super atomo&#8221; del sacerdote ed astronomo belga Georges Edouard Lema\u00ectre oppure il plasma ipotizzato da George Gamow e Ralph Asher Alpher (alla prima pubblicazione della sua teoria il Gamow, uomo di spirito, volle far aggiungere alla sua firma ed a quella del suo collaboratore Alpher la firma di un collega astronomo suo conoscente ma del tutto estraneo alla ricerca, Hans Bethe, solo perch\u00e9 in inglese i tre cognomi suonano come le prime tre lettere dell&#8217;alfabeto greco: alfa, beta, gamma).<\/p>\n<p style=\"text-align: justify;\">Gamow ed il suo collaboratore supposero che l&#8217;Evento iniziale sarebbe stato caratterizzato da una tale energia da lasciare nell&#8217;Universo una radiazione tuttora verificabile.<\/p>\n<p style=\"text-align: justify;\">Bench\u00e9 gi\u00e0 dalla fine degli anni Quaranta i radioastronomi avessero avuto a disposizione gli strumenti necessari a verificare questa teoria, nessuna ricerca della radiazione venne ufficialmente avviata fino al 1964, mentre da parte sua Fred Hoyle definiva con disprezzo l&#8217;ipotizzato evento iniziale come un &#8220;Big Bang&#8221; (grande botto).<\/p>\n<p style=\"text-align: justify;\">Si noti che gi\u00e0 nel 1955 i radioastronomi Martin Ryle e P. Scheuer, effettuando dei conteggi delle varie sorgenti radio dell&#8217;Universo, arrivarono alla conclusione che i risultati \u00abfossero incompatibili con la teoria dello stato stazionario di Bondi, Gold e Hoyle e della conseguente creazione continua della materia\u00bb (D.W. Sciama, <em>Cosmologia moderna<\/em>, Milano, Mondadori, 1973, p.102).<\/p>\n<p style=\"text-align: justify;\">Addirittura gi\u00e0 nel 1941 Gerhard Herzberg pubblicava i risultati delle osservazioni di Andrew Me Kellar del Dominion Observatory del Canada sugli spettri stellari, che evidenziavano la presenza di una radiazione interstellare fra i due e i tre gradi Kelvin (D.W. Sciama, op. cit., p. 189). Malgrado tutte queste osservazioni scientifiche contrarie, fino al 1964 la teoria dell&#8217;autocreazione dell&#8217;Universo conserv\u00f2 la supremazia.<\/p>\n<p style=\"text-align: justify;\">Il motivo lo spiega, a posteriori, il Nobel Ilya Prigogine: \u00abQualcuno certo \u00e8 soddisfatto di poter vedere, nella singolarit\u00e0 del big bang, la \u201cmano di Dio\u201d, il trionfo del racconto biblico della creazione, l&#8217;atto unico, fuori della scienza, di cui noi possiamo solo ricostruire l&#8217;esistenza partendo dal mondo che conosciamo. Altri hanno tentato di evitare questa situazione inquietante. Uno dei tentativi pi\u00f9 importanti in tal senso \u00e8 stato il modello cosmologico dello steady state universe di Bondi, Gold ed Hoyle.\u00bb (I. Prigogine, I. Stengers, op. cit, p. 146).<\/p>\n<p style=\"text-align: justify;\">Non \u00e8 comunque solo lo scienziato, e Premio Nobel, Prigogine a trovare \u00abinquietante\u00bb ogni osservazione scientifica che, a suo parere, comporti il \u00abtrionfo del racconto biblico della creazione\u00bb.<\/p>\n<p style=\"text-align: justify;\">Anche il Premio Nobel Stephen Hawking, astrofisico noto per le sue teorie sui cd. \u201cbuchi neri\u201d, ammette che \u00aba diversa gente non piacque l&#8217;idea che il tempo avesse un inizio ed una fine, perch\u00e9 sapeva di intervento divino, e vennero fatti vari tentativi per evitare tale conclusione. Uno di questi era il modello dello \u201cstato stazionario\u201d, proposto nel 1948 da Hermann Bondi, Thomas Gold e Fred Hoyle\u00bb (S. Hawking, <em>II bordo dello spazio-tempo<\/em>, in Idem, <em>Inizio del tempo e fine della fisica<\/em>, Milano, A. Mondadori, 1997, p. 57).<\/p>\n<p style=\"text-align: justify;\">Forse non \u00e8 senza significato il fatto che l&#8217;annuncio dell&#8217;osservazione della radiazione attribuita al Big Bang sia stato compiuto non da astrofisici di professione ma da due esterni all&#8217;ambiente astrofisico (e alle sue censure e pregiudizi): Arno Penzias e Robert Wilson, ingegneri delle telecomunicazioni presso i Bell Telephone Laboratories del New Jersey.<\/p>\n<p style=\"text-align: justify;\">Costoro scoprirono casualmente questa radiazione mentre effettuavano delle misurazioni con un&#8217;antenna progettata in origine per ricevere i segnali riflessi dai satelliti della serie &#8220;Echo&#8221;.<\/p>\n<p style=\"text-align: justify;\">Questo comportamento della comunit\u00e0 scientifica merita di essere commentato: a dispetto del Nobel Prigogine, l&#8217;idea di una esplosione cosmica non corrisponde per nulla alla descrizione che la Sacra Bibbia ci fa della Creazione.<\/p>\n<p style=\"text-align: justify;\">Inoltre, per essere precisi, la radiazione interstellare misurata in circa 2,7 gradi Kelvin, ossia poco pi\u00f9 dello zero assoluto ed equivalente a circa -270 gradi centigradi, non corrisponde ai calcoli fatti dai teorici dell&#8217;esplosione cosmica in base alle analisi spettroscopiche delle stelle pi\u00f9 antiche, analisi che comporterebbero, nel caso fosse vera la teoria dell&#8217;esplosione iniziale, una radiazione misurabile in 5 gradi Kelvin, ossia circa il doppio di quella verificata nello spazio interstellare (J. Gribbin, <em>Enciclopedia di Astronomia e Cosmologia<\/em>, Milano, Garzanti, 1998, p. 412).<\/p>\n<p style=\"text-align: justify;\">Rimane poi a tutt&#8217;oggi senza una spiegazione convincente il motivo per cui l&#8217;originario grumo di materia sarebbe dovuto esplodere (vedi pi\u00f9 oltre la questione della &#8220;massa mancante&#8221;).<\/p>\n<p style=\"text-align: justify;\">Il \u00abtrionfo del racconto biblico della creazione\u00bb temuto dal Nobel Prigogine ha quindi ben altre radici, perlomeno in un fatto e forse in due: anzitutto, come osserva il Nobel Hawking, se si ammette che il tempo ha un inizio occorre ammettere l&#8217;intervento di un Dio creatore; ammesso il Dio creatore si arriva necessariamente al Dio provvidente che ci ammaestra direttamente o tramite la Sacra Scrittura.<\/p>\n<p style=\"text-align: justify;\">In secondo luogo, a proposito della ed. &#8220;radiazione di fondo&#8221;, premetto che luce e calore non sono altro che fotoni, ossia quanti di energia elettromagnetica, che differiscono fra loro solo per la lunghezza d&#8217;onda, che viaggiando nel tempo e nello spazio tende ad alterarsi.<\/p>\n<p style=\"text-align: justify;\">Da quanto abbiamo riferito pi\u00f9 sopra \u00e8 chiaro il &#8220;turbamento&#8221; che coglierebbe la comunit\u00e0 scientifica al solo pensiero che accanto all&#8217;espansione dell&#8217;Universo, che ne prova la non eternit\u00e0, occorra ammettere la scoperta del residuo fossile del Fiat Lux biblico (\u00abIddio disse: \u201cSia la luce\u201d: e la luce fu\u00bb, Genesi, 1, 3).<\/p>\n<p style=\"text-align: justify;\">La \u00absituazione\u00bb, per dirla col Nobel Prigogine, sarebbe veramente allora pi\u00f9 che \u00abinquietante\u00bb, e ci\u00f2 per \u00abdiversa gente\u00bb, per dirla col Nobel Hawking.<\/p>\n<p style=\"text-align: justify;\">Prigogine, da parte sua, pur continuando a scrivere che \u00abil modello dello steady state universe implica il principio cosmologico perfetto\u00bb (I. Prigogine, I. Stengers, op. cit., p.149), ha dovuto constatare la necessit\u00e0 di abbandonare la coerenza della impostazione filosofica whiteheadiana per confinare e limitare l&#8217;autocreazione dello Universo al periodo testimoniato dalla radiazione fossile (op. cit., pp. 151 e ss.).<\/p>\n<p style=\"text-align: justify;\">Il nostro Universo, e si badi che in questa prospettiva di universi ce ne potrebbero essere molti, si sarebbe dunque autocreato da \u00abuna fluttuazione spontanea del vuoto\u00bb (op. cit, p. 52).<\/p>\n<p style=\"text-align: justify;\">Questa ipotesi, che forse meriterebbe di essere definita la &#8220;ruota di scorta&#8221; dell&#8217;ateismo travestito da scienza, prese il nome di &#8220;teoria dell&#8217;inflazione&#8221; dall&#8217;astrofisico Alan Guth del M.I.T., la celebre universit\u00e0 americana, ma fu sviluppata, durante gli anni &#8217;70, dal fisico sovietico Aleksej Starobiskij dell&#8217;Istituto di Fisica Teorica Lev Davidovic Landau di Mosca (J. Gribbin, op. cit., p. 239).<\/p>\n<p style=\"text-align: justify;\">Nell&#8217;ottobre del 1981 si tenne a Mosca un convegno internazionale ove la &#8220;teoria dell&#8217;inflazione&#8221; fu accettata dai pi\u00f9 noti astrofisici del mondo, come ad esempio Stephen Hawking, grazie soprattutto all&#8217;opera del cosmologo Andrej Dimitrievic Linde dell&#8217;Istituto di Fisica Lebedev dell&#8217;Accademia delle Scienza Sovietica (op. cit., p. 240 e p. 267), il quale coni\u00f2 il termine di &#8220;inflazionismo caotico&#8221;, prospettando una teoria cosmologica che immagina una moltitudine di universi che si confondono vorticosamente l&#8217;un l&#8217;altro come una schiuma ribollente.<\/p>\n<p style=\"text-align: justify;\">Chi avesse dei dubbi sulla determinazione e sulla raffinatezza dei fisici dell&#8217;Accademia delle Scienze sovietica nell&#8217;utilizzare ipotesi scientifiche per propagandare il materialismo marxista, sia nella versione classica che in quella &#8220;caotica&#8221; postmoderna, non avr\u00e0 che da sfogliare un testo ben documentato quale <em>L&#8217;interpretazione materialistica della meccanica quantlstica. Fisica e filosofia in URSS<\/em>, a cura di Silvano Tagliagambe, edito da Feltrinelli nel 1972.<\/p>\n<p style=\"text-align: justify;\">Per inquadrare il problema della successione dei due tipi di marxismo \u00e8 fondamentale il capitolo terzo, parte terza, dell&#8217;insostituibile testo di Plinio Corr\u00e9a de Oliveira, <em>Rivoluzione e Contro Rivoluzione.<\/em><\/p>\n<p style=\"text-align: justify;\">Quanto alla concreta natura di surrogato che ha il modello inflazionario rispetto al fallito progenitore a stato stazionario, baster\u00e0 ricordare che, \u00abcome osserv\u00f2 maliziosamente Hoyle in un&#8217;assemblea della Royal Astronomical Society a Londra nel dicembre 1994, le equazioni rivelanti nella teoria dell&#8217;inflazione sono esattamente le stesse della sua versione dell&#8217;idea dello stato stazionario, ma con la lettera C sostituita dalla lettera greca \u03a6 &#8220;fi&#8221;. \u00abQui\u00bb, comment\u00f2 ironicamente Hoyle, \u00absta tutta la differenza\u00bb. (op. cit., p. 240)<\/p>\n<p style=\"text-align: justify;\">Abbiamo perci\u00f2 visto come:<\/p>\n<p style=\"text-align: justify;\">1) <span style=\"text-decoration: underline;\">apprezzati studiosi, nonch\u00e9 Premi Nobel, abbiano affermato per iscritto che il principale movente di molti scienziati, nel formulare teorie, sia quello di trovare argomenti contro l&#8217;esistenza di Dio creatore:<\/span><\/p>\n<p style=\"text-align: justify;\">2) <span style=\"text-decoration: underline;\">una teoria cos\u00ec assurda da sostenere che la materia nasca per conto suo dal nulla, violando i principi della termodinamica, abbia riscosso per molti anni un grande ed indiscusso successo malgrado esistesse la possibilit\u00e0 sperimentale di dimostrarne la falsit\u00e0:<\/span><\/p>\n<p style=\"text-align: justify;\">3) <span style=\"text-decoration: underline;\">per di pi\u00f9, dopo che per un caso fortunato questa falsit\u00e0 \u00e8 stata dimostrata, i grandi centri di ricerca occidentali (finanziati direttamente o indirettamente da cittadini in maggioranza anticomunisti) abbiano festosamente accolto la stessa teoria, riciclata e sommariamente mascherata, dai guardiani del materialismo marxista sovietico, cio\u00e8 i membri della famigerata Accademia delle Scienze dell&#8217;URSS.<\/span><\/p>\n<p style=\"text-align: justify;\">Dobbiamo ancora ricordare, fra i tentativi di costruire un&#8217;immagine del cosmo senza Dio creatore, anzitutto la cd. &#8220;teoria delle stringhe&#8221; o &#8220;super-stringhe&#8221; o &#8220;corde&#8221; o &#8220;supercorde&#8221;: di essa diremo solo che \u00abla difficolt\u00e0 qui consiste nel fatto che non c&#8217;\u00e8 alcuna possibilit\u00e0 di verificare sperimentalmente queste idee\u00bb (op. cit., p. 501).<\/p>\n<p style=\"text-align: justify;\">Infine l&#8217;ultima citazione spetta di diritto a quella che in realt\u00e0 fu la prima della teorie nate per conciliare l&#8217;osservata espansione delle galassie e l&#8217;asserita inesistenza di Dio creatore: essa cominci\u00f2 ad essere dibattuta nel 1930, all&#8217;indomani della pubblicazione delle osservazioni di Hubble.<\/p>\n<p style=\"text-align: justify;\">Questa teoria sostiene che, se l&#8217;Universo avesse una certa massa complessiva, molto alta, la forza di gravita inerente a questa massa tenderebbe a rallentare prima, e poi a fermare ed invertire il moto complessivo dello Universo.<\/p>\n<p style=\"text-align: justify;\">Questo allora collasserebbe su se stesso in un nocciolo che poi, con l&#8217;energia accumulata in questo collasso, riesploderebbe in un nuovo Big Bang che darebbe il via ad un nuovo ciclo di espansione-contrazione: e cos\u00ec per l&#8217;eternit\u00e0.<\/p>\n<p style=\"text-align: justify;\">Ci limiteremo qui a sottolineare che questa ipotesi, oramai quasi ottantenne, si \u00e8 guadagnata il nome, presso gli astrofisici, di &#8220;teoria della massa mancante&#8221; (op. cit., p. 29-5).<\/p>\n<p style=\"text-align: justify;\">Vero \u00e8 che molti astrofisici sono fiduciosi che questa massa ci sia, anche se non \u00e8 osservabile, e che prima o poi la troveremo &#8211; e lo affermano \u00abdal 1930 circa\u00bb (op. cit., p. 296) &#8211; ma, \u00abbench\u00e9 i teorici si dilettino a giocare con modelli matematici comprendenti esotismi come la materia scura fredda e calda, le WIMP e la materia oscura mista, gli osservatori hanno gradualmente scoperto una verit\u00e0 sgradevole: nell&#8217;universo esiste senza dubbio una quantit\u00e0 di materia oscura, ma forse meno di quanto suggeriscono alcuni di questi modelli\u00bb (op. cit., p. 74).<\/p>\n<p style=\"text-align: justify;\">In conclusione, dobbiamo chiederci se sia possibile confrontare serenamente (trovandosi di fronte a studiosi ed a divulgatori di scienza cos\u00ec dichiaratamente faziosi nei confronti della Genesi biblica) i dati scritturali che Dio e la Chiesa propongono alla nostra Fede con i dati di incerta e continuamente mutevole interpretazione che laboratori ed osservatori ricavano dallo studio dell&#8217;Universo<\/p>\n<p style=\"text-align: justify;\">Purtroppo non sembra cosa facile, se quegli studiosi che vogliono cercare nelle \u00abverit\u00e0 conoscibili naturalmente (&#8230;) un presupposto necessario per accogliere la rivelazione di Dio\u00bb (SS. P. Giovanni Paolo II, Lettera enciclica &#8220;Fides et Ratio&#8221;, \u00a7 67), come ben scriveva il precedente Pontefice, possono venire cumulativamente diffamati come \u00abuna generazione di scienziati di estrema destra, alcuni dei quali fondamentalisti cristiani, altri suprematisti bianchi, scienziati che si misero ad usare (sarebbe meglio dire a parodiare) le tecniche scientifiche per produrre argomenti \u201ccreazionisti\u201d\u00bb (Marco D&#8217;Eramo, <em>Quando l&#8217;evoluzione diventa una discutibile teoria<\/em>, in &#8220;il manifesto&#8221;, 20 agosto 1999, p. 23).<\/p>\n<p style=\"text-align: justify;\">Rimane perci\u00f2, purtroppo, molto difficile discutere, ad esempio, sulla possibilit\u00e0 che la ed. &#8220;radiazione di fondo&#8221; sia o non sia la luminosit\u00e0 residua di quella luce fisica che Dio cre\u00f2 nell&#8217;Universo quattro giornate prima, si badi bene, di creare il Sole, la Luna e le stelle (Genesi, 1, 14), ossia tutti quei corpi celesti che l&#8217;esperienza degli antichi Ebrei, come di tutti i popoli primitivi, avrebbe dovuto identificare come fonti prime ed originarie della luce fisica.<\/p>\n<p style=\"text-align: justify;\">Ed \u00e8 perlomeno pi\u00f9 logicamente elegante ipotizzare un Dio creatore come soluzione al ed. &#8220;problema dello orizzonte&#8221;, che a tutt&#8217;oggi gli studiosi di cosmologia definiscono come un \u00abrompicapo rappresentato dal fatto che l&#8217;universo ci appare uguale in direzioni opposte del ciclo (orizzonti opposti), anche se dopo il big bang n\u00e9 la luce n\u00e9 alcun altra cosa hanno avuto il tempo di attraversare l&#8217;universo andata e ritorno. Come fanno quindi gli orizzonti opposti a &#8216;sapere&#8217; com&#8217;\u00e8 l&#8217;altra parte dell&#8217;universo (ossia ad interagire fra loro, N.d.R.) e a mantenersi uguali?\u00bb (J. Gribbin, op. cit., p.359).<\/p>\n<p style=\"text-align: justify;\">Purtroppo gli ambienti culturali predominanti oggi nella ricerca scientifica non solo preferiscono dei riciclaggi marxisti di teorie cosmologiche dimostratesi false all&#8217;idea di un Dio creatore, ma anzi se ne fanno un obbligo ed un vanto.<\/p>\n","protected":false},"excerpt":{"rendered":"<p>Lepanto Focus \u00a0a cura del Centro Culturale Lepanto-n.9 1 dicembre 2009 di Claudio Bernabei Nell&#8217;anno 2009 \u00e8 ricorso il settantesimo anniversario della pubblicazione delle osservazioni che da qualche tempo stava facendo l&#8217;astronomo Edwin Hubble sull&#8217;allontanamento delle galassie fra di loro, ossia l&#8217;espansione dell&#8217;Universo.<\/p><p><a class=\"more-link btn\" href=\"https:\/\/www.rassegnastampa-totustuus.it\/cattolica\/la-nascita-delluniverso-fra-filosofia-e-scienza\/\">Continua a leggere<\/a><\/p>\n","protected":false},"author":6,"featured_media":20395,"comment_status":"closed","ping_status":"open","sticky":false,"template":"","format":"standard","meta":{"footnotes":""},"categories":[22],"tags":[1704],"class_list":["post-3591","post","type-post","status-publish","format-standard","has-post-thumbnail","hentry","category-scienza","tag-universo","item-wrap"],"yoast_head":"<!-- This site is optimized with the Yoast SEO plugin v27.5 - https:\/\/yoast.com\/product\/yoast-seo-wordpress\/ -->\n<title>La nascita dell&#039;Universo fra Filosofia e Scienza - Rassegna Stampa Cattolica<\/title>\n<meta name=\"description\" content=\"Rassegna Stampa Cattolica - Per una cultura che nasce dalla Rivelazione cristiana in conformit\u00e0 alla tradizione e al Magistero della Chiesa in opposizione ad ogni relativismo e totalitarismo\" \/>\n<meta name=\"robots\" content=\"index, follow, max-snippet:-1, max-image-preview:large, max-video-preview:-1\" \/>\n<link rel=\"canonical\" href=\"https:\/\/www.rassegnastampa-totustuus.it\/cattolica\/la-nascita-delluniverso-fra-filosofia-e-scienza\/\" \/>\n<meta property=\"og:locale\" content=\"it_IT\" \/>\n<meta property=\"og:type\" content=\"article\" \/>\n<meta property=\"og:title\" content=\"La nascita dell&#039;Universo fra Filosofia e Scienza - Rassegna Stampa Cattolica\" \/>\n<meta property=\"og:description\" content=\"Rassegna Stampa Cattolica - Per una cultura che nasce dalla Rivelazione cristiana in conformit\u00e0 alla tradizione e al Magistero della Chiesa in opposizione ad ogni relativismo e totalitarismo\" \/>\n<meta property=\"og:url\" content=\"https:\/\/www.rassegnastampa-totustuus.it\/cattolica\/la-nascita-delluniverso-fra-filosofia-e-scienza\/\" \/>\n<meta property=\"og:site_name\" content=\"Rassegna Stampa Cattolica\" \/>\n<meta property=\"article:publisher\" content=\"https:\/\/www.facebook.com\/rassegnastampacattolica\" \/>\n<meta property=\"article:published_time\" content=\"2009-12-09T23:00:00+00:00\" \/>\n<meta property=\"article:modified_time\" content=\"2015-03-03T10:30:35+00:00\" \/>\n<meta property=\"og:image\" content=\"https:\/\/www.rassegnastampa-totustuus.it\/cattolica\/wp-content\/uploads\/2009\/12\/universo.jpg\" \/>\n\t<meta property=\"og:image:width\" content=\"284\" \/>\n\t<meta property=\"og:image:height\" content=\"177\" \/>\n\t<meta property=\"og:image:type\" content=\"image\/jpeg\" \/>\n<meta name=\"author\" content=\"Redazione\" \/>\n<meta name=\"twitter:card\" content=\"summary_large_image\" \/>\n<meta name=\"twitter:creator\" content=\"@rassegnastampa9\" \/>\n<meta name=\"twitter:site\" content=\"@rassegnastampa9\" \/>\n<meta name=\"twitter:label1\" content=\"Scritto da\" \/>\n\t<meta name=\"twitter:data1\" content=\"Redazione\" \/>\n\t<meta name=\"twitter:label2\" content=\"Tempo di lettura stimato\" \/>\n\t<meta name=\"twitter:data2\" content=\"15 minuti\" \/>\n<script type=\"application\/ld+json\" class=\"yoast-schema-graph\">{\"@context\":\"https:\\\/\\\/schema.org\",\"@graph\":[{\"@type\":\"Article\",\"@id\":\"https:\\\/\\\/www.rassegnastampa-totustuus.it\\\/cattolica\\\/la-nascita-delluniverso-fra-filosofia-e-scienza\\\/#article\",\"isPartOf\":{\"@id\":\"https:\\\/\\\/www.rassegnastampa-totustuus.it\\\/cattolica\\\/la-nascita-delluniverso-fra-filosofia-e-scienza\\\/\"},\"author\":{\"name\":\"Redazione\",\"@id\":\"https:\\\/\\\/www.rassegnastampa-totustuus.it\\\/cattolica\\\/#\\\/schema\\\/person\\\/08f319d2bd1a0904ad9e2bfb7b15e5c3\"},\"headline\":\"La nascita dell&#8217;Universo fra Filosofia e Scienza\",\"datePublished\":\"2009-12-09T23:00:00+00:00\",\"dateModified\":\"2015-03-03T10:30:35+00:00\",\"mainEntityOfPage\":{\"@id\":\"https:\\\/\\\/www.rassegnastampa-totustuus.it\\\/cattolica\\\/la-nascita-delluniverso-fra-filosofia-e-scienza\\\/\"},\"wordCount\":3031,\"publisher\":{\"@id\":\"https:\\\/\\\/www.rassegnastampa-totustuus.it\\\/cattolica\\\/#organization\"},\"image\":{\"@id\":\"https:\\\/\\\/www.rassegnastampa-totustuus.it\\\/cattolica\\\/la-nascita-delluniverso-fra-filosofia-e-scienza\\\/#primaryimage\"},\"thumbnailUrl\":\"https:\\\/\\\/www.rassegnastampa-totustuus.it\\\/cattolica\\\/wp-content\\\/uploads\\\/2009\\\/12\\\/universo.jpg\",\"keywords\":[\"universo\"],\"articleSection\":[\"Scienza\"],\"inLanguage\":\"it-IT\"},{\"@type\":\"WebPage\",\"@id\":\"https:\\\/\\\/www.rassegnastampa-totustuus.it\\\/cattolica\\\/la-nascita-delluniverso-fra-filosofia-e-scienza\\\/\",\"url\":\"https:\\\/\\\/www.rassegnastampa-totustuus.it\\\/cattolica\\\/la-nascita-delluniverso-fra-filosofia-e-scienza\\\/\",\"name\":\"La nascita dell'Universo fra Filosofia e Scienza - Rassegna Stampa Cattolica\",\"isPartOf\":{\"@id\":\"https:\\\/\\\/www.rassegnastampa-totustuus.it\\\/cattolica\\\/#website\"},\"primaryImageOfPage\":{\"@id\":\"https:\\\/\\\/www.rassegnastampa-totustuus.it\\\/cattolica\\\/la-nascita-delluniverso-fra-filosofia-e-scienza\\\/#primaryimage\"},\"image\":{\"@id\":\"https:\\\/\\\/www.rassegnastampa-totustuus.it\\\/cattolica\\\/la-nascita-delluniverso-fra-filosofia-e-scienza\\\/#primaryimage\"},\"thumbnailUrl\":\"https:\\\/\\\/www.rassegnastampa-totustuus.it\\\/cattolica\\\/wp-content\\\/uploads\\\/2009\\\/12\\\/universo.jpg\",\"datePublished\":\"2009-12-09T23:00:00+00:00\",\"dateModified\":\"2015-03-03T10:30:35+00:00\",\"description\":\"Rassegna Stampa Cattolica - Per una cultura che nasce dalla Rivelazione cristiana in conformit\u00e0 alla tradizione e al Magistero della Chiesa in opposizione ad ogni relativismo e totalitarismo\",\"breadcrumb\":{\"@id\":\"https:\\\/\\\/www.rassegnastampa-totustuus.it\\\/cattolica\\\/la-nascita-delluniverso-fra-filosofia-e-scienza\\\/#breadcrumb\"},\"inLanguage\":\"it-IT\",\"potentialAction\":[{\"@type\":\"ReadAction\",\"target\":[\"https:\\\/\\\/www.rassegnastampa-totustuus.it\\\/cattolica\\\/la-nascita-delluniverso-fra-filosofia-e-scienza\\\/\"]}]},{\"@type\":\"ImageObject\",\"inLanguage\":\"it-IT\",\"@id\":\"https:\\\/\\\/www.rassegnastampa-totustuus.it\\\/cattolica\\\/la-nascita-delluniverso-fra-filosofia-e-scienza\\\/#primaryimage\",\"url\":\"https:\\\/\\\/www.rassegnastampa-totustuus.it\\\/cattolica\\\/wp-content\\\/uploads\\\/2009\\\/12\\\/universo.jpg\",\"contentUrl\":\"https:\\\/\\\/www.rassegnastampa-totustuus.it\\\/cattolica\\\/wp-content\\\/uploads\\\/2009\\\/12\\\/universo.jpg\",\"width\":284,\"height\":177},{\"@type\":\"BreadcrumbList\",\"@id\":\"https:\\\/\\\/www.rassegnastampa-totustuus.it\\\/cattolica\\\/la-nascita-delluniverso-fra-filosofia-e-scienza\\\/#breadcrumb\",\"itemListElement\":[{\"@type\":\"ListItem\",\"position\":1,\"name\":\"Home\",\"item\":\"https:\\\/\\\/www.rassegnastampa-totustuus.it\\\/cattolica\\\/\"},{\"@type\":\"ListItem\",\"position\":2,\"name\":\"La nascita dell&#8217;Universo fra Filosofia e Scienza\"}]},{\"@type\":\"WebSite\",\"@id\":\"https:\\\/\\\/www.rassegnastampa-totustuus.it\\\/cattolica\\\/#website\",\"url\":\"https:\\\/\\\/www.rassegnastampa-totustuus.it\\\/cattolica\\\/\",\"name\":\"Rassegna Stampa Cattolica\",\"description\":\"Per una cultura che nasce dalla Rivelazione cristiana in conformit\u00e0 alla tradizione e al Magistero della Chiesa in opposizione ad ogni relativismo e totalitarismo\",\"publisher\":{\"@id\":\"https:\\\/\\\/www.rassegnastampa-totustuus.it\\\/cattolica\\\/#organization\"},\"alternateName\":\"Rass. Cattolica\",\"potentialAction\":[{\"@type\":\"SearchAction\",\"target\":{\"@type\":\"EntryPoint\",\"urlTemplate\":\"https:\\\/\\\/www.rassegnastampa-totustuus.it\\\/cattolica\\\/?s={search_term_string}\"},\"query-input\":{\"@type\":\"PropertyValueSpecification\",\"valueRequired\":true,\"valueName\":\"search_term_string\"}}],\"inLanguage\":\"it-IT\"},{\"@type\":\"Organization\",\"@id\":\"https:\\\/\\\/www.rassegnastampa-totustuus.it\\\/cattolica\\\/#organization\",\"name\":\"Rassegna Stampa Cattolica\",\"url\":\"https:\\\/\\\/www.rassegnastampa-totustuus.it\\\/cattolica\\\/\",\"logo\":{\"@type\":\"ImageObject\",\"inLanguage\":\"it-IT\",\"@id\":\"https:\\\/\\\/www.rassegnastampa-totustuus.it\\\/cattolica\\\/#\\\/schema\\\/logo\\\/image\\\/\",\"url\":\"https:\\\/\\\/www.rassegnastampa-totustuus.it\\\/cattolica\\\/wp-content\\\/uploads\\\/2014\\\/04\\\/logo-rassegna1.gif\",\"contentUrl\":\"https:\\\/\\\/www.rassegnastampa-totustuus.it\\\/cattolica\\\/wp-content\\\/uploads\\\/2014\\\/04\\\/logo-rassegna1.gif\",\"width\":600,\"height\":163,\"caption\":\"Rassegna Stampa Cattolica\"},\"image\":{\"@id\":\"https:\\\/\\\/www.rassegnastampa-totustuus.it\\\/cattolica\\\/#\\\/schema\\\/logo\\\/image\\\/\"},\"sameAs\":[\"https:\\\/\\\/www.facebook.com\\\/rassegnastampacattolica\",\"https:\\\/\\\/x.com\\\/rassegnastampa9\"]},{\"@type\":\"Person\",\"@id\":\"https:\\\/\\\/www.rassegnastampa-totustuus.it\\\/cattolica\\\/#\\\/schema\\\/person\\\/08f319d2bd1a0904ad9e2bfb7b15e5c3\",\"name\":\"Redazione\",\"image\":{\"@type\":\"ImageObject\",\"inLanguage\":\"it-IT\",\"@id\":\"https:\\\/\\\/secure.gravatar.com\\\/avatar\\\/2fcdf27c78ea025fbdb44e914cc63c72249ffec9dc8aafd5c82b26240ef3f346?s=96&d=mm&r=g\",\"url\":\"https:\\\/\\\/secure.gravatar.com\\\/avatar\\\/2fcdf27c78ea025fbdb44e914cc63c72249ffec9dc8aafd5c82b26240ef3f346?s=96&d=mm&r=g\",\"contentUrl\":\"https:\\\/\\\/secure.gravatar.com\\\/avatar\\\/2fcdf27c78ea025fbdb44e914cc63c72249ffec9dc8aafd5c82b26240ef3f346?s=96&d=mm&r=g\",\"caption\":\"Redazione\"},\"url\":\"https:\\\/\\\/www.rassegnastampa-totustuus.it\\\/cattolica\\\/author\\\/pietroelle\\\/\"}]}<\/script>\n<!-- \/ Yoast SEO plugin. -->","yoast_head_json":{"title":"La nascita dell'Universo fra Filosofia e Scienza - Rassegna Stampa Cattolica","description":"Rassegna Stampa Cattolica - Per una cultura che nasce dalla Rivelazione cristiana in conformit\u00e0 alla tradizione e al Magistero della Chiesa in opposizione ad ogni relativismo e totalitarismo","robots":{"index":"index","follow":"follow","max-snippet":"max-snippet:-1","max-image-preview":"max-image-preview:large","max-video-preview":"max-video-preview:-1"},"canonical":"https:\/\/www.rassegnastampa-totustuus.it\/cattolica\/la-nascita-delluniverso-fra-filosofia-e-scienza\/","og_locale":"it_IT","og_type":"article","og_title":"La nascita dell'Universo fra Filosofia e Scienza - Rassegna Stampa Cattolica","og_description":"Rassegna Stampa Cattolica - Per una cultura che nasce dalla Rivelazione cristiana in conformit\u00e0 alla tradizione e al Magistero della Chiesa in opposizione ad ogni relativismo e totalitarismo","og_url":"https:\/\/www.rassegnastampa-totustuus.it\/cattolica\/la-nascita-delluniverso-fra-filosofia-e-scienza\/","og_site_name":"Rassegna Stampa Cattolica","article_publisher":"https:\/\/www.facebook.com\/rassegnastampacattolica","article_published_time":"2009-12-09T23:00:00+00:00","article_modified_time":"2015-03-03T10:30:35+00:00","og_image":[{"width":284,"height":177,"url":"https:\/\/www.rassegnastampa-totustuus.it\/cattolica\/wp-content\/uploads\/2009\/12\/universo.jpg","type":"image\/jpeg"}],"author":"Redazione","twitter_card":"summary_large_image","twitter_creator":"@rassegnastampa9","twitter_site":"@rassegnastampa9","twitter_misc":{"Scritto da":"Redazione","Tempo di lettura stimato":"15 minuti"},"schema":{"@context":"https:\/\/schema.org","@graph":[{"@type":"Article","@id":"https:\/\/www.rassegnastampa-totustuus.it\/cattolica\/la-nascita-delluniverso-fra-filosofia-e-scienza\/#article","isPartOf":{"@id":"https:\/\/www.rassegnastampa-totustuus.it\/cattolica\/la-nascita-delluniverso-fra-filosofia-e-scienza\/"},"author":{"name":"Redazione","@id":"https:\/\/www.rassegnastampa-totustuus.it\/cattolica\/#\/schema\/person\/08f319d2bd1a0904ad9e2bfb7b15e5c3"},"headline":"La nascita dell&#8217;Universo fra Filosofia e Scienza","datePublished":"2009-12-09T23:00:00+00:00","dateModified":"2015-03-03T10:30:35+00:00","mainEntityOfPage":{"@id":"https:\/\/www.rassegnastampa-totustuus.it\/cattolica\/la-nascita-delluniverso-fra-filosofia-e-scienza\/"},"wordCount":3031,"publisher":{"@id":"https:\/\/www.rassegnastampa-totustuus.it\/cattolica\/#organization"},"image":{"@id":"https:\/\/www.rassegnastampa-totustuus.it\/cattolica\/la-nascita-delluniverso-fra-filosofia-e-scienza\/#primaryimage"},"thumbnailUrl":"https:\/\/www.rassegnastampa-totustuus.it\/cattolica\/wp-content\/uploads\/2009\/12\/universo.jpg","keywords":["universo"],"articleSection":["Scienza"],"inLanguage":"it-IT"},{"@type":"WebPage","@id":"https:\/\/www.rassegnastampa-totustuus.it\/cattolica\/la-nascita-delluniverso-fra-filosofia-e-scienza\/","url":"https:\/\/www.rassegnastampa-totustuus.it\/cattolica\/la-nascita-delluniverso-fra-filosofia-e-scienza\/","name":"La nascita dell'Universo fra Filosofia e Scienza - Rassegna Stampa Cattolica","isPartOf":{"@id":"https:\/\/www.rassegnastampa-totustuus.it\/cattolica\/#website"},"primaryImageOfPage":{"@id":"https:\/\/www.rassegnastampa-totustuus.it\/cattolica\/la-nascita-delluniverso-fra-filosofia-e-scienza\/#primaryimage"},"image":{"@id":"https:\/\/www.rassegnastampa-totustuus.it\/cattolica\/la-nascita-delluniverso-fra-filosofia-e-scienza\/#primaryimage"},"thumbnailUrl":"https:\/\/www.rassegnastampa-totustuus.it\/cattolica\/wp-content\/uploads\/2009\/12\/universo.jpg","datePublished":"2009-12-09T23:00:00+00:00","dateModified":"2015-03-03T10:30:35+00:00","description":"Rassegna Stampa Cattolica - Per una cultura che nasce dalla Rivelazione cristiana in conformit\u00e0 alla tradizione e al Magistero della Chiesa in opposizione ad ogni relativismo e totalitarismo","breadcrumb":{"@id":"https:\/\/www.rassegnastampa-totustuus.it\/cattolica\/la-nascita-delluniverso-fra-filosofia-e-scienza\/#breadcrumb"},"inLanguage":"it-IT","potentialAction":[{"@type":"ReadAction","target":["https:\/\/www.rassegnastampa-totustuus.it\/cattolica\/la-nascita-delluniverso-fra-filosofia-e-scienza\/"]}]},{"@type":"ImageObject","inLanguage":"it-IT","@id":"https:\/\/www.rassegnastampa-totustuus.it\/cattolica\/la-nascita-delluniverso-fra-filosofia-e-scienza\/#primaryimage","url":"https:\/\/www.rassegnastampa-totustuus.it\/cattolica\/wp-content\/uploads\/2009\/12\/universo.jpg","contentUrl":"https:\/\/www.rassegnastampa-totustuus.it\/cattolica\/wp-content\/uploads\/2009\/12\/universo.jpg","width":284,"height":177},{"@type":"BreadcrumbList","@id":"https:\/\/www.rassegnastampa-totustuus.it\/cattolica\/la-nascita-delluniverso-fra-filosofia-e-scienza\/#breadcrumb","itemListElement":[{"@type":"ListItem","position":1,"name":"Home","item":"https:\/\/www.rassegnastampa-totustuus.it\/cattolica\/"},{"@type":"ListItem","position":2,"name":"La nascita dell&#8217;Universo fra Filosofia e Scienza"}]},{"@type":"WebSite","@id":"https:\/\/www.rassegnastampa-totustuus.it\/cattolica\/#website","url":"https:\/\/www.rassegnastampa-totustuus.it\/cattolica\/","name":"Rassegna Stampa Cattolica","description":"Per una cultura che nasce dalla Rivelazione cristiana in conformit\u00e0 alla tradizione e al Magistero della Chiesa in opposizione ad ogni relativismo e totalitarismo","publisher":{"@id":"https:\/\/www.rassegnastampa-totustuus.it\/cattolica\/#organization"},"alternateName":"Rass. Cattolica","potentialAction":[{"@type":"SearchAction","target":{"@type":"EntryPoint","urlTemplate":"https:\/\/www.rassegnastampa-totustuus.it\/cattolica\/?s={search_term_string}"},"query-input":{"@type":"PropertyValueSpecification","valueRequired":true,"valueName":"search_term_string"}}],"inLanguage":"it-IT"},{"@type":"Organization","@id":"https:\/\/www.rassegnastampa-totustuus.it\/cattolica\/#organization","name":"Rassegna Stampa Cattolica","url":"https:\/\/www.rassegnastampa-totustuus.it\/cattolica\/","logo":{"@type":"ImageObject","inLanguage":"it-IT","@id":"https:\/\/www.rassegnastampa-totustuus.it\/cattolica\/#\/schema\/logo\/image\/","url":"https:\/\/www.rassegnastampa-totustuus.it\/cattolica\/wp-content\/uploads\/2014\/04\/logo-rassegna1.gif","contentUrl":"https:\/\/www.rassegnastampa-totustuus.it\/cattolica\/wp-content\/uploads\/2014\/04\/logo-rassegna1.gif","width":600,"height":163,"caption":"Rassegna Stampa Cattolica"},"image":{"@id":"https:\/\/www.rassegnastampa-totustuus.it\/cattolica\/#\/schema\/logo\/image\/"},"sameAs":["https:\/\/www.facebook.com\/rassegnastampacattolica","https:\/\/x.com\/rassegnastampa9"]},{"@type":"Person","@id":"https:\/\/www.rassegnastampa-totustuus.it\/cattolica\/#\/schema\/person\/08f319d2bd1a0904ad9e2bfb7b15e5c3","name":"Redazione","image":{"@type":"ImageObject","inLanguage":"it-IT","@id":"https:\/\/secure.gravatar.com\/avatar\/2fcdf27c78ea025fbdb44e914cc63c72249ffec9dc8aafd5c82b26240ef3f346?s=96&d=mm&r=g","url":"https:\/\/secure.gravatar.com\/avatar\/2fcdf27c78ea025fbdb44e914cc63c72249ffec9dc8aafd5c82b26240ef3f346?s=96&d=mm&r=g","contentUrl":"https:\/\/secure.gravatar.com\/avatar\/2fcdf27c78ea025fbdb44e914cc63c72249ffec9dc8aafd5c82b26240ef3f346?s=96&d=mm&r=g","caption":"Redazione"},"url":"https:\/\/www.rassegnastampa-totustuus.it\/cattolica\/author\/pietroelle\/"}]}},"_links":{"self":[{"href":"https:\/\/www.rassegnastampa-totustuus.it\/cattolica\/wp-json\/wp\/v2\/posts\/3591","targetHints":{"allow":["GET"]}}],"collection":[{"href":"https:\/\/www.rassegnastampa-totustuus.it\/cattolica\/wp-json\/wp\/v2\/posts"}],"about":[{"href":"https:\/\/www.rassegnastampa-totustuus.it\/cattolica\/wp-json\/wp\/v2\/types\/post"}],"author":[{"embeddable":true,"href":"https:\/\/www.rassegnastampa-totustuus.it\/cattolica\/wp-json\/wp\/v2\/users\/6"}],"replies":[{"embeddable":true,"href":"https:\/\/www.rassegnastampa-totustuus.it\/cattolica\/wp-json\/wp\/v2\/comments?post=3591"}],"version-history":[{"count":3,"href":"https:\/\/www.rassegnastampa-totustuus.it\/cattolica\/wp-json\/wp\/v2\/posts\/3591\/revisions"}],"predecessor-version":[{"id":20396,"href":"https:\/\/www.rassegnastampa-totustuus.it\/cattolica\/wp-json\/wp\/v2\/posts\/3591\/revisions\/20396"}],"wp:featuredmedia":[{"embeddable":true,"href":"https:\/\/www.rassegnastampa-totustuus.it\/cattolica\/wp-json\/wp\/v2\/media\/20395"}],"wp:attachment":[{"href":"https:\/\/www.rassegnastampa-totustuus.it\/cattolica\/wp-json\/wp\/v2\/media?parent=3591"}],"wp:term":[{"taxonomy":"category","embeddable":true,"href":"https:\/\/www.rassegnastampa-totustuus.it\/cattolica\/wp-json\/wp\/v2\/categories?post=3591"},{"taxonomy":"post_tag","embeddable":true,"href":"https:\/\/www.rassegnastampa-totustuus.it\/cattolica\/wp-json\/wp\/v2\/tags?post=3591"}],"curies":[{"name":"wp","href":"https:\/\/api.w.org\/{rel}","templated":true}]}}