{"id":3576,"date":"2009-11-26T00:00:00","date_gmt":"2009-11-25T23:00:00","guid":{"rendered":""},"modified":"2016-06-28T14:44:08","modified_gmt":"2016-06-28T12:44:08","slug":"chiesa-troppe-leggende-nere","status":"publish","type":"post","link":"https:\/\/www.rassegnastampa-totustuus.it\/cattolica\/chiesa-troppe-leggende-nere\/","title":{"rendered":"&quot;Chiesa, troppe leggende nere&quot;"},"content":{"rendered":"<div style=\"text-align: center;\">\n<div id=\"attachment_35439\" style=\"width: 250px\" class=\"wp-caption alignright\"><img loading=\"lazy\" decoding=\"async\" aria-describedby=\"caption-attachment-35439\" class=\"wp-image-35439\" src=\"https:\/\/www.rassegnastampa-totustuus.it\/cattolica\/wp-content\/uploads\/2009\/11\/Michael_Hesemann.jpg\" alt=\"Michael_Hesemann\" width=\"250\" height=\"187\" \/><p id=\"caption-attachment-35439\" class=\"wp-caption-text\">Michael Hesemann<\/p><\/div>\n<p><strong>Avvenire<\/strong> 18 luglio 2009<\/div>\n<p style=\"text-align: center;\">di <strong>Lorenzo Fazzini <\/strong><\/p>\n<p style=\"text-align: justify;\">L\u2019imbarazzo \u00e8 solo nella scelta, ora che l\u2019anti-cattolicesimo \u00e8 diventato <em>\u00e0 la page<\/em> con i successi di Dan Brown e l\u2019anti-clericalismo ha assunto toni colti con i tomi di Corrado Augias. Ma per Michael Hesemann, storico tedesco, \u00e8 ora di rilanciare la palla nel campo delle critiche pervenute dalla Chiesa e smascherare l\u2019anticattolicesimo, &#8220;l\u2019antisemitismo degli intellettuali&#8221;.<\/p>\n<p><!--more--><\/p>\n<div style=\"text-align: justify;\">Hesemann, gi\u00e0 autore di un saggio sull\u2019iscrizione della croce di Cristo, <em>Titulus Crucis,<\/em> che fece discutere gli esperti, torna ora in libreria con <em>Contro la Chiesa. Miti, leggende nere e bugie<\/em> (San Paolo, pp. 374, euro 28). Qui lo studioso di Dusseldorf sviscera le &#8220;leggende nere&#8221; sul conto dei cattolici lungo gli ultimi due millenni di storia.<\/div>\n<p style=\"text-align: justify;\"><strong>Le &#8220;stragi&#8221; delle Crociate, le &#8220;violenze&#8221; dell\u2019Inquisizione, la &#8220;caccia alle streghe&#8221;, Pio XII come il Papa di Hitler. Qual \u00e8, tra queste, l\u2019accusa pi\u00f9 inverosimile rivolta alla Chiesa?<\/strong><\/p>\n<p style=\"text-align: justify;\">\u00abLa leggenda nera che ancora causa un danno considerevole \u00e8 la pretesa che Pio XII fosse &#8220;il Papa rimasto silenzioso durante l\u2019Olocausto&#8221; oppure &#8220;il Papa di Hitler&#8221;. Non si pu\u00f2 immaginare una peggior distorsione della verit\u00e0. Prima di diventare Pio XII, Eugenio Pacelli fu nunzio vaticano a Monaco e Berlino, fu testimone dell\u2019ascesa al potere di Hitler.Come Segretario di Stato della Santa Sede port\u00f2 avanti i negoziati per il Concordato con i nazisti nel 1933. Quest\u2019uomo \u2013 diventato papa nel \u201939 \u2013 conosceva Hitler e i nazisti, ne era disgustato fin dall\u2019inizio. Egli defin\u00ec il nazismo &#8220;la pi\u00f9 grande eresia del nostro tempo&#8221; e boll\u00f2 Hitler come &#8220;una persona fondamentalmente cattiva&#8221;\u00bb.<\/p>\n<p style=\"text-align: justify;\"><strong>Si pu\u00f2 parlare di Pio XII come amico del popolo ebraico?<\/strong><\/p>\n<p style=\"text-align: justify;\">\u00abDa sempre fu a favore degli ebrei. A scuola aveva un amico ebreo e si univa alla sua famiglia per lo Shabbat. Appoggi\u00f2 il leader sionista Nahum Sokolov e mostr\u00f2 simpatia per il sionismo quando la maggior parte degli esponenti vaticani erano scettici su questo. Da nunzio in Germania aveva aiutato gli ebrei gi\u00e0 durante la prima guerra mondiale. Quando, divenuto Pio XII , apprese l\u2019uccisione degli ebrei da parte dei nazisti, &#8220;grid\u00f2 come un bambino e preg\u00f2 come un santo&#8221;, come disse un prete che lo inform\u00f2 dei fatti. Cerc\u00f2 di fare ogni cosa umanamente possibile per salvare quanti pi\u00f9 ebrei.<\/p>\n<p style=\"text-align: justify;\">Secondo il diplomatico e storico israeliano Pinchas Lapide, fu capace di aiutare 850 mila ebrei a sfuggire al genocidio nazista. Quando il Vaticano era a corto di soldi, prese in considerazione l\u2019idea di vendere i migliori capolavori di Raffaello per aiutare i rifugiati ebrei. Dopo la guerra quasi ogni organizzazione ebraica e molti politici israeliani lo ringraziarono per quanto fatto. Ma un commediografo tedesco (Rolf Hochhuth, ndr) costru\u00ec un\u2019opera terribile (Il Vicario, ndr) e cos\u00ec l\u2019immagine pubblica di Pio XII cambi\u00f2 completamente. Il Papa che aveva sfidato Hitler divenne improvvisamente &#8220;il Papa amico di Hitler&#8221;\u00bb.<\/p>\n<p style=\"text-align: justify;\"><strong>In Italia ci sono libri \u2013 come quelli di Augias \u2013 che vogliono distruggere la verit\u00e0 storica del cristianesimo. Come devono rispondere i cristiani a questi attacchi?<\/strong><\/p>\n<p style=\"text-align: justify;\">\u00abAugias \u00e8 un esempio perfetto di autore scandalistico. Certo, \u00e8 facile ignorarlo, ma \u00e8 la strategia sbagliata, dal momento che i lettori di quei testi potrebbero credere che abbiamo qualcosa da nascondere. Invece credo in una prassi dell\u2019apertura. La peggior bugia sulla Chiesa primitiva e la sua tradizione \u00e8 affermare che i Vangeli sono stati manipolati. Niente pu\u00f2 essere pi\u00f9 lontano dalla verit\u00e0. Ogni volta che un nuovo frammento di una copia originaria del II o del III dei quattro Vangeli canonici \u00e8 stata rinvenuta, gli esperti sono rimasti stupiti dal fatto che vi hanno trovato meno variazioni rispetto al testo gi\u00e0 conosciuto. I Vangeli sono i testi dell\u2019antichit\u00e0 meglio conservati: nessun autore antico ha una tradizione migliore. La maggior parte dei lavori dei classici greci e romani, scrittori, storici o filosofi, sono conservati in traduzioni arabe dei primi secoli del Medioevo o in copie conservate nei monasteri medievali, scritti forse un migliaio di anni dopo. Nel caso dei Vangeli, meno di un secolo separa i loro autori dai manoscritti pi\u00f9 antichi\u00bb.<\/p>\n<p style=\"text-align: justify;\"><strong>Lo studioso Philip Jenkins (anglicano) ha definito l\u2019anti \u2013 cattolicesimo &#8220;l\u2019ultimo pregiudizio accettabile&#8221;. Come mai persistono tante critiche contro la Chiesa?<\/strong><\/p>\n<p style=\"text-align: justify;\">\u00abL\u2019anti-cattolicesimo \u00e8 l\u2019antisemitismo degli intellettuali&#8221;, scrisse lo scrittore americano Peter Viereck nel 1950: \u00e8 ancora vero. Questo \u00e8 il solo pregiudizio non solo tollerato ma anche praticato su ampia scala nei media. Attacca la Chiesa e scrivi un best-seller: questa \u00e8 la formula di autori come Dan Brown, David Yallop, Donna Cross o John Cornwell. Molti vogliono vedere la caduta della Chiesa: la sua esistenza \u00e8 una provocazione al mondo moderno. Essa non sembra idonea in una societ\u00e0 edonistica, basata sull\u2019egoismo, sul sesso e sul consumismo. E\u2019 come una roccia, insegna valori eterni in contrasto con il trend libertino del &#8220;tutto \u00e8 lecito&#8221;. Essa tramanda una cultura della vita e della responsabilit\u00e0 in contrasto con quella che propugna la morte e il profitto. Benedetto XVI ha ragione quando indica nel relativismo la sfida pi\u00f9 grande per la Chiesa del III millennio. Esso \u00e8 il credo della societ\u00e0 del divertimento senza scopo\u00bb<\/p>\n<p style=\"text-align: justify;\">________________<\/p>\n<p style=\"text-align: justify;\"><strong>Michael Hesemann<\/strong> <em>Contro la Chiesa. Miti, leggende nere e bugie<\/em> Ed San Paolo<\/p>\n<p style=\"text-align: center;\"><strong><a href=\"http:\/\/www.theseuslibri.it\/product\/1923\/Contro-la-Chiesa.-Miti%2c-leggende-nere-e-bugie-.asp\" target=\"_blank\">ACQUISTA<\/a><\/strong><\/p>\n","protected":false},"excerpt":{"rendered":"<p>Avvenire 18 luglio 2009 di Lorenzo Fazzini L\u2019imbarazzo \u00e8 solo nella scelta, ora che l\u2019anti-cattolicesimo \u00e8 diventato \u00e0 la page con i successi di Dan Brown e l\u2019anti-clericalismo ha assunto toni colti con i tomi di Corrado Augias. Ma per Michael Hesemann, storico tedesco, \u00e8 ora di rilanciare la palla nel campo delle critiche pervenute &hellip; <\/p>\n<p><a class=\"more-link btn\" href=\"https:\/\/www.rassegnastampa-totustuus.it\/cattolica\/chiesa-troppe-leggende-nere\/\">Continua a leggere<\/a><\/p>\n","protected":false},"author":6,"featured_media":35439,"comment_status":"closed","ping_status":"open","sticky":false,"template":"","format":"standard","meta":{"footnotes":""},"categories":[5,103,17],"tags":[1697],"class_list":["post-3576","post","type-post","status-publish","format-standard","has-post-thumbnail","hentry","category-chiesa","category-laicismo","category-libri","tag-anticattolicesimo","item-wrap"],"yoast_head":"<!-- This site is optimized with the Yoast SEO plugin v27.5 - https:\/\/yoast.com\/product\/yoast-seo-wordpress\/ -->\n<title>&quot;Chiesa, troppe leggende nere&quot; - Rassegna Stampa Cattolica<\/title>\n<meta name=\"description\" content=\"Rassegna Stampa Cattolica - Per una cultura che nasce dalla Rivelazione cristiana in conformit\u00e0 alla tradizione e al Magistero della Chiesa in opposizione ad ogni relativismo e totalitarismo\" \/>\n<meta name=\"robots\" content=\"index, follow, max-snippet:-1, max-image-preview:large, max-video-preview:-1\" \/>\n<link rel=\"canonical\" href=\"https:\/\/www.rassegnastampa-totustuus.it\/cattolica\/chiesa-troppe-leggende-nere\/\" \/>\n<meta property=\"og:locale\" content=\"it_IT\" \/>\n<meta property=\"og:type\" content=\"article\" \/>\n<meta property=\"og:title\" content=\"&quot;Chiesa, troppe leggende nere&quot; - Rassegna Stampa Cattolica\" \/>\n<meta property=\"og:description\" content=\"Rassegna Stampa Cattolica - Per una cultura che nasce dalla Rivelazione cristiana in conformit\u00e0 alla tradizione e al Magistero della Chiesa in opposizione ad ogni relativismo e totalitarismo\" \/>\n<meta property=\"og:url\" content=\"https:\/\/www.rassegnastampa-totustuus.it\/cattolica\/chiesa-troppe-leggende-nere\/\" \/>\n<meta property=\"og:site_name\" content=\"Rassegna Stampa Cattolica\" \/>\n<meta property=\"article:publisher\" content=\"https:\/\/www.facebook.com\/rassegnastampacattolica\" \/>\n<meta property=\"article:published_time\" content=\"2009-11-25T23:00:00+00:00\" \/>\n<meta property=\"article:modified_time\" content=\"2016-06-28T12:44:08+00:00\" \/>\n<meta property=\"og:image\" content=\"https:\/\/www.rassegnastampa-totustuus.it\/cattolica\/wp-content\/uploads\/2009\/11\/Michael_Hesemann.jpg\" \/>\n\t<meta property=\"og:image:width\" content=\"260\" \/>\n\t<meta property=\"og:image:height\" content=\"194\" \/>\n\t<meta property=\"og:image:type\" content=\"image\/jpeg\" \/>\n<meta name=\"author\" content=\"Redazione\" \/>\n<meta name=\"twitter:card\" content=\"summary_large_image\" \/>\n<meta name=\"twitter:creator\" content=\"@rassegnastampa9\" \/>\n<meta name=\"twitter:site\" content=\"@rassegnastampa9\" \/>\n<meta name=\"twitter:label1\" content=\"Scritto da\" \/>\n\t<meta name=\"twitter:data1\" content=\"Redazione\" \/>\n\t<meta name=\"twitter:label2\" content=\"Tempo di lettura stimato\" \/>\n\t<meta name=\"twitter:data2\" content=\"4 minuti\" \/>\n<script type=\"application\/ld+json\" class=\"yoast-schema-graph\">{\"@context\":\"https:\\\/\\\/schema.org\",\"@graph\":[{\"@type\":\"Article\",\"@id\":\"https:\\\/\\\/www.rassegnastampa-totustuus.it\\\/cattolica\\\/chiesa-troppe-leggende-nere\\\/#article\",\"isPartOf\":{\"@id\":\"https:\\\/\\\/www.rassegnastampa-totustuus.it\\\/cattolica\\\/chiesa-troppe-leggende-nere\\\/\"},\"author\":{\"name\":\"Redazione\",\"@id\":\"https:\\\/\\\/www.rassegnastampa-totustuus.it\\\/cattolica\\\/#\\\/schema\\\/person\\\/08f319d2bd1a0904ad9e2bfb7b15e5c3\"},\"headline\":\"&quot;Chiesa, troppe leggende nere&quot;\",\"datePublished\":\"2009-11-25T23:00:00+00:00\",\"dateModified\":\"2016-06-28T12:44:08+00:00\",\"mainEntityOfPage\":{\"@id\":\"https:\\\/\\\/www.rassegnastampa-totustuus.it\\\/cattolica\\\/chiesa-troppe-leggende-nere\\\/\"},\"wordCount\":859,\"publisher\":{\"@id\":\"https:\\\/\\\/www.rassegnastampa-totustuus.it\\\/cattolica\\\/#organization\"},\"image\":{\"@id\":\"https:\\\/\\\/www.rassegnastampa-totustuus.it\\\/cattolica\\\/chiesa-troppe-leggende-nere\\\/#primaryimage\"},\"thumbnailUrl\":\"https:\\\/\\\/www.rassegnastampa-totustuus.it\\\/cattolica\\\/wp-content\\\/uploads\\\/2009\\\/11\\\/Michael_Hesemann.jpg\",\"keywords\":[\"anticattolicesimo\"],\"articleSection\":[\"Chiesa\",\"Laicismo\",\"Libri\"],\"inLanguage\":\"it-IT\"},{\"@type\":\"WebPage\",\"@id\":\"https:\\\/\\\/www.rassegnastampa-totustuus.it\\\/cattolica\\\/chiesa-troppe-leggende-nere\\\/\",\"url\":\"https:\\\/\\\/www.rassegnastampa-totustuus.it\\\/cattolica\\\/chiesa-troppe-leggende-nere\\\/\",\"name\":\"&quot;Chiesa, troppe leggende nere&quot; - Rassegna Stampa Cattolica\",\"isPartOf\":{\"@id\":\"https:\\\/\\\/www.rassegnastampa-totustuus.it\\\/cattolica\\\/#website\"},\"primaryImageOfPage\":{\"@id\":\"https:\\\/\\\/www.rassegnastampa-totustuus.it\\\/cattolica\\\/chiesa-troppe-leggende-nere\\\/#primaryimage\"},\"image\":{\"@id\":\"https:\\\/\\\/www.rassegnastampa-totustuus.it\\\/cattolica\\\/chiesa-troppe-leggende-nere\\\/#primaryimage\"},\"thumbnailUrl\":\"https:\\\/\\\/www.rassegnastampa-totustuus.it\\\/cattolica\\\/wp-content\\\/uploads\\\/2009\\\/11\\\/Michael_Hesemann.jpg\",\"datePublished\":\"2009-11-25T23:00:00+00:00\",\"dateModified\":\"2016-06-28T12:44:08+00:00\",\"description\":\"Rassegna Stampa Cattolica - Per una cultura che nasce dalla Rivelazione cristiana in conformit\u00e0 alla tradizione e al Magistero della Chiesa in opposizione ad ogni relativismo e totalitarismo\",\"breadcrumb\":{\"@id\":\"https:\\\/\\\/www.rassegnastampa-totustuus.it\\\/cattolica\\\/chiesa-troppe-leggende-nere\\\/#breadcrumb\"},\"inLanguage\":\"it-IT\",\"potentialAction\":[{\"@type\":\"ReadAction\",\"target\":[\"https:\\\/\\\/www.rassegnastampa-totustuus.it\\\/cattolica\\\/chiesa-troppe-leggende-nere\\\/\"]}]},{\"@type\":\"ImageObject\",\"inLanguage\":\"it-IT\",\"@id\":\"https:\\\/\\\/www.rassegnastampa-totustuus.it\\\/cattolica\\\/chiesa-troppe-leggende-nere\\\/#primaryimage\",\"url\":\"https:\\\/\\\/www.rassegnastampa-totustuus.it\\\/cattolica\\\/wp-content\\\/uploads\\\/2009\\\/11\\\/Michael_Hesemann.jpg\",\"contentUrl\":\"https:\\\/\\\/www.rassegnastampa-totustuus.it\\\/cattolica\\\/wp-content\\\/uploads\\\/2009\\\/11\\\/Michael_Hesemann.jpg\",\"width\":260,\"height\":194},{\"@type\":\"BreadcrumbList\",\"@id\":\"https:\\\/\\\/www.rassegnastampa-totustuus.it\\\/cattolica\\\/chiesa-troppe-leggende-nere\\\/#breadcrumb\",\"itemListElement\":[{\"@type\":\"ListItem\",\"position\":1,\"name\":\"Home\",\"item\":\"https:\\\/\\\/www.rassegnastampa-totustuus.it\\\/cattolica\\\/\"},{\"@type\":\"ListItem\",\"position\":2,\"name\":\"&quot;Chiesa, troppe leggende nere&quot;\"}]},{\"@type\":\"WebSite\",\"@id\":\"https:\\\/\\\/www.rassegnastampa-totustuus.it\\\/cattolica\\\/#website\",\"url\":\"https:\\\/\\\/www.rassegnastampa-totustuus.it\\\/cattolica\\\/\",\"name\":\"Rassegna Stampa Cattolica\",\"description\":\"Per una cultura che nasce dalla Rivelazione cristiana in conformit\u00e0 alla tradizione e al Magistero della Chiesa in opposizione ad ogni relativismo e totalitarismo\",\"publisher\":{\"@id\":\"https:\\\/\\\/www.rassegnastampa-totustuus.it\\\/cattolica\\\/#organization\"},\"alternateName\":\"Rass. Cattolica\",\"potentialAction\":[{\"@type\":\"SearchAction\",\"target\":{\"@type\":\"EntryPoint\",\"urlTemplate\":\"https:\\\/\\\/www.rassegnastampa-totustuus.it\\\/cattolica\\\/?s={search_term_string}\"},\"query-input\":{\"@type\":\"PropertyValueSpecification\",\"valueRequired\":true,\"valueName\":\"search_term_string\"}}],\"inLanguage\":\"it-IT\"},{\"@type\":\"Organization\",\"@id\":\"https:\\\/\\\/www.rassegnastampa-totustuus.it\\\/cattolica\\\/#organization\",\"name\":\"Rassegna Stampa Cattolica\",\"url\":\"https:\\\/\\\/www.rassegnastampa-totustuus.it\\\/cattolica\\\/\",\"logo\":{\"@type\":\"ImageObject\",\"inLanguage\":\"it-IT\",\"@id\":\"https:\\\/\\\/www.rassegnastampa-totustuus.it\\\/cattolica\\\/#\\\/schema\\\/logo\\\/image\\\/\",\"url\":\"https:\\\/\\\/www.rassegnastampa-totustuus.it\\\/cattolica\\\/wp-content\\\/uploads\\\/2014\\\/04\\\/logo-rassegna1.gif\",\"contentUrl\":\"https:\\\/\\\/www.rassegnastampa-totustuus.it\\\/cattolica\\\/wp-content\\\/uploads\\\/2014\\\/04\\\/logo-rassegna1.gif\",\"width\":600,\"height\":163,\"caption\":\"Rassegna Stampa Cattolica\"},\"image\":{\"@id\":\"https:\\\/\\\/www.rassegnastampa-totustuus.it\\\/cattolica\\\/#\\\/schema\\\/logo\\\/image\\\/\"},\"sameAs\":[\"https:\\\/\\\/www.facebook.com\\\/rassegnastampacattolica\",\"https:\\\/\\\/x.com\\\/rassegnastampa9\"]},{\"@type\":\"Person\",\"@id\":\"https:\\\/\\\/www.rassegnastampa-totustuus.it\\\/cattolica\\\/#\\\/schema\\\/person\\\/08f319d2bd1a0904ad9e2bfb7b15e5c3\",\"name\":\"Redazione\",\"image\":{\"@type\":\"ImageObject\",\"inLanguage\":\"it-IT\",\"@id\":\"https:\\\/\\\/secure.gravatar.com\\\/avatar\\\/2fcdf27c78ea025fbdb44e914cc63c72249ffec9dc8aafd5c82b26240ef3f346?s=96&d=mm&r=g\",\"url\":\"https:\\\/\\\/secure.gravatar.com\\\/avatar\\\/2fcdf27c78ea025fbdb44e914cc63c72249ffec9dc8aafd5c82b26240ef3f346?s=96&d=mm&r=g\",\"contentUrl\":\"https:\\\/\\\/secure.gravatar.com\\\/avatar\\\/2fcdf27c78ea025fbdb44e914cc63c72249ffec9dc8aafd5c82b26240ef3f346?s=96&d=mm&r=g\",\"caption\":\"Redazione\"},\"url\":\"https:\\\/\\\/www.rassegnastampa-totustuus.it\\\/cattolica\\\/author\\\/pietroelle\\\/\"}]}<\/script>\n<!-- \/ Yoast SEO plugin. -->","yoast_head_json":{"title":"&quot;Chiesa, troppe leggende nere&quot; - Rassegna Stampa Cattolica","description":"Rassegna Stampa Cattolica - Per una cultura che nasce dalla Rivelazione cristiana in conformit\u00e0 alla tradizione e al Magistero della Chiesa in opposizione ad ogni relativismo e totalitarismo","robots":{"index":"index","follow":"follow","max-snippet":"max-snippet:-1","max-image-preview":"max-image-preview:large","max-video-preview":"max-video-preview:-1"},"canonical":"https:\/\/www.rassegnastampa-totustuus.it\/cattolica\/chiesa-troppe-leggende-nere\/","og_locale":"it_IT","og_type":"article","og_title":"&quot;Chiesa, troppe leggende nere&quot; - Rassegna Stampa Cattolica","og_description":"Rassegna Stampa Cattolica - Per una cultura che nasce dalla Rivelazione cristiana in conformit\u00e0 alla tradizione e al Magistero della Chiesa in opposizione ad ogni relativismo e totalitarismo","og_url":"https:\/\/www.rassegnastampa-totustuus.it\/cattolica\/chiesa-troppe-leggende-nere\/","og_site_name":"Rassegna Stampa Cattolica","article_publisher":"https:\/\/www.facebook.com\/rassegnastampacattolica","article_published_time":"2009-11-25T23:00:00+00:00","article_modified_time":"2016-06-28T12:44:08+00:00","og_image":[{"width":260,"height":194,"url":"https:\/\/www.rassegnastampa-totustuus.it\/cattolica\/wp-content\/uploads\/2009\/11\/Michael_Hesemann.jpg","type":"image\/jpeg"}],"author":"Redazione","twitter_card":"summary_large_image","twitter_creator":"@rassegnastampa9","twitter_site":"@rassegnastampa9","twitter_misc":{"Scritto da":"Redazione","Tempo di lettura stimato":"4 minuti"},"schema":{"@context":"https:\/\/schema.org","@graph":[{"@type":"Article","@id":"https:\/\/www.rassegnastampa-totustuus.it\/cattolica\/chiesa-troppe-leggende-nere\/#article","isPartOf":{"@id":"https:\/\/www.rassegnastampa-totustuus.it\/cattolica\/chiesa-troppe-leggende-nere\/"},"author":{"name":"Redazione","@id":"https:\/\/www.rassegnastampa-totustuus.it\/cattolica\/#\/schema\/person\/08f319d2bd1a0904ad9e2bfb7b15e5c3"},"headline":"&quot;Chiesa, troppe leggende nere&quot;","datePublished":"2009-11-25T23:00:00+00:00","dateModified":"2016-06-28T12:44:08+00:00","mainEntityOfPage":{"@id":"https:\/\/www.rassegnastampa-totustuus.it\/cattolica\/chiesa-troppe-leggende-nere\/"},"wordCount":859,"publisher":{"@id":"https:\/\/www.rassegnastampa-totustuus.it\/cattolica\/#organization"},"image":{"@id":"https:\/\/www.rassegnastampa-totustuus.it\/cattolica\/chiesa-troppe-leggende-nere\/#primaryimage"},"thumbnailUrl":"https:\/\/www.rassegnastampa-totustuus.it\/cattolica\/wp-content\/uploads\/2009\/11\/Michael_Hesemann.jpg","keywords":["anticattolicesimo"],"articleSection":["Chiesa","Laicismo","Libri"],"inLanguage":"it-IT"},{"@type":"WebPage","@id":"https:\/\/www.rassegnastampa-totustuus.it\/cattolica\/chiesa-troppe-leggende-nere\/","url":"https:\/\/www.rassegnastampa-totustuus.it\/cattolica\/chiesa-troppe-leggende-nere\/","name":"&quot;Chiesa, troppe leggende nere&quot; - Rassegna Stampa Cattolica","isPartOf":{"@id":"https:\/\/www.rassegnastampa-totustuus.it\/cattolica\/#website"},"primaryImageOfPage":{"@id":"https:\/\/www.rassegnastampa-totustuus.it\/cattolica\/chiesa-troppe-leggende-nere\/#primaryimage"},"image":{"@id":"https:\/\/www.rassegnastampa-totustuus.it\/cattolica\/chiesa-troppe-leggende-nere\/#primaryimage"},"thumbnailUrl":"https:\/\/www.rassegnastampa-totustuus.it\/cattolica\/wp-content\/uploads\/2009\/11\/Michael_Hesemann.jpg","datePublished":"2009-11-25T23:00:00+00:00","dateModified":"2016-06-28T12:44:08+00:00","description":"Rassegna Stampa Cattolica - Per una cultura che nasce dalla Rivelazione cristiana in conformit\u00e0 alla tradizione e al Magistero della Chiesa in opposizione ad ogni relativismo e totalitarismo","breadcrumb":{"@id":"https:\/\/www.rassegnastampa-totustuus.it\/cattolica\/chiesa-troppe-leggende-nere\/#breadcrumb"},"inLanguage":"it-IT","potentialAction":[{"@type":"ReadAction","target":["https:\/\/www.rassegnastampa-totustuus.it\/cattolica\/chiesa-troppe-leggende-nere\/"]}]},{"@type":"ImageObject","inLanguage":"it-IT","@id":"https:\/\/www.rassegnastampa-totustuus.it\/cattolica\/chiesa-troppe-leggende-nere\/#primaryimage","url":"https:\/\/www.rassegnastampa-totustuus.it\/cattolica\/wp-content\/uploads\/2009\/11\/Michael_Hesemann.jpg","contentUrl":"https:\/\/www.rassegnastampa-totustuus.it\/cattolica\/wp-content\/uploads\/2009\/11\/Michael_Hesemann.jpg","width":260,"height":194},{"@type":"BreadcrumbList","@id":"https:\/\/www.rassegnastampa-totustuus.it\/cattolica\/chiesa-troppe-leggende-nere\/#breadcrumb","itemListElement":[{"@type":"ListItem","position":1,"name":"Home","item":"https:\/\/www.rassegnastampa-totustuus.it\/cattolica\/"},{"@type":"ListItem","position":2,"name":"&quot;Chiesa, troppe leggende nere&quot;"}]},{"@type":"WebSite","@id":"https:\/\/www.rassegnastampa-totustuus.it\/cattolica\/#website","url":"https:\/\/www.rassegnastampa-totustuus.it\/cattolica\/","name":"Rassegna Stampa Cattolica","description":"Per una cultura che nasce dalla Rivelazione cristiana in conformit\u00e0 alla tradizione e al Magistero della Chiesa in opposizione ad ogni relativismo e totalitarismo","publisher":{"@id":"https:\/\/www.rassegnastampa-totustuus.it\/cattolica\/#organization"},"alternateName":"Rass. Cattolica","potentialAction":[{"@type":"SearchAction","target":{"@type":"EntryPoint","urlTemplate":"https:\/\/www.rassegnastampa-totustuus.it\/cattolica\/?s={search_term_string}"},"query-input":{"@type":"PropertyValueSpecification","valueRequired":true,"valueName":"search_term_string"}}],"inLanguage":"it-IT"},{"@type":"Organization","@id":"https:\/\/www.rassegnastampa-totustuus.it\/cattolica\/#organization","name":"Rassegna Stampa Cattolica","url":"https:\/\/www.rassegnastampa-totustuus.it\/cattolica\/","logo":{"@type":"ImageObject","inLanguage":"it-IT","@id":"https:\/\/www.rassegnastampa-totustuus.it\/cattolica\/#\/schema\/logo\/image\/","url":"https:\/\/www.rassegnastampa-totustuus.it\/cattolica\/wp-content\/uploads\/2014\/04\/logo-rassegna1.gif","contentUrl":"https:\/\/www.rassegnastampa-totustuus.it\/cattolica\/wp-content\/uploads\/2014\/04\/logo-rassegna1.gif","width":600,"height":163,"caption":"Rassegna Stampa Cattolica"},"image":{"@id":"https:\/\/www.rassegnastampa-totustuus.it\/cattolica\/#\/schema\/logo\/image\/"},"sameAs":["https:\/\/www.facebook.com\/rassegnastampacattolica","https:\/\/x.com\/rassegnastampa9"]},{"@type":"Person","@id":"https:\/\/www.rassegnastampa-totustuus.it\/cattolica\/#\/schema\/person\/08f319d2bd1a0904ad9e2bfb7b15e5c3","name":"Redazione","image":{"@type":"ImageObject","inLanguage":"it-IT","@id":"https:\/\/secure.gravatar.com\/avatar\/2fcdf27c78ea025fbdb44e914cc63c72249ffec9dc8aafd5c82b26240ef3f346?s=96&d=mm&r=g","url":"https:\/\/secure.gravatar.com\/avatar\/2fcdf27c78ea025fbdb44e914cc63c72249ffec9dc8aafd5c82b26240ef3f346?s=96&d=mm&r=g","contentUrl":"https:\/\/secure.gravatar.com\/avatar\/2fcdf27c78ea025fbdb44e914cc63c72249ffec9dc8aafd5c82b26240ef3f346?s=96&d=mm&r=g","caption":"Redazione"},"url":"https:\/\/www.rassegnastampa-totustuus.it\/cattolica\/author\/pietroelle\/"}]}},"_links":{"self":[{"href":"https:\/\/www.rassegnastampa-totustuus.it\/cattolica\/wp-json\/wp\/v2\/posts\/3576","targetHints":{"allow":["GET"]}}],"collection":[{"href":"https:\/\/www.rassegnastampa-totustuus.it\/cattolica\/wp-json\/wp\/v2\/posts"}],"about":[{"href":"https:\/\/www.rassegnastampa-totustuus.it\/cattolica\/wp-json\/wp\/v2\/types\/post"}],"author":[{"embeddable":true,"href":"https:\/\/www.rassegnastampa-totustuus.it\/cattolica\/wp-json\/wp\/v2\/users\/6"}],"replies":[{"embeddable":true,"href":"https:\/\/www.rassegnastampa-totustuus.it\/cattolica\/wp-json\/wp\/v2\/comments?post=3576"}],"version-history":[{"count":4,"href":"https:\/\/www.rassegnastampa-totustuus.it\/cattolica\/wp-json\/wp\/v2\/posts\/3576\/revisions"}],"predecessor-version":[{"id":35440,"href":"https:\/\/www.rassegnastampa-totustuus.it\/cattolica\/wp-json\/wp\/v2\/posts\/3576\/revisions\/35440"}],"wp:featuredmedia":[{"embeddable":true,"href":"https:\/\/www.rassegnastampa-totustuus.it\/cattolica\/wp-json\/wp\/v2\/media\/35439"}],"wp:attachment":[{"href":"https:\/\/www.rassegnastampa-totustuus.it\/cattolica\/wp-json\/wp\/v2\/media?parent=3576"}],"wp:term":[{"taxonomy":"category","embeddable":true,"href":"https:\/\/www.rassegnastampa-totustuus.it\/cattolica\/wp-json\/wp\/v2\/categories?post=3576"},{"taxonomy":"post_tag","embeddable":true,"href":"https:\/\/www.rassegnastampa-totustuus.it\/cattolica\/wp-json\/wp\/v2\/tags?post=3576"}],"curies":[{"name":"wp","href":"https:\/\/api.w.org\/{rel}","templated":true}]}}