{"id":3575,"date":"2009-11-26T00:00:00","date_gmt":"2009-11-25T23:00:00","guid":{"rendered":""},"modified":"2015-12-16T13:08:01","modified_gmt":"2015-12-16T12:08:01","slug":"il-pdl-gedda-e-lanticomunismo-esistenziale","status":"publish","type":"post","link":"https:\/\/www.rassegnastampa-totustuus.it\/cattolica\/il-pdl-gedda-e-lanticomunismo-esistenziale\/","title":{"rendered":"Il Pdl, Gedda e l&#8217;anticomunismo esistenziale"},"content":{"rendered":"<div style=\"text-align: center;\"><a href=\"https:\/\/www.rassegnastampa-totustuus.it\/cattolica\/wp-content\/uploads\/2009\/11\/elezioni_48.jpg\"><img loading=\"lazy\" decoding=\"async\" class=\"alignright wp-image-28800\" src=\"https:\/\/www.rassegnastampa-totustuus.it\/cattolica\/wp-content\/uploads\/2009\/11\/elezioni_48.jpg\" alt=\"elezioni_48\" width=\"136\" height=\"200\" \/><\/a>Articolo pubblicato su \u201c<strong>Il Picchio<\/strong>\u201d di Caltanissetta<\/div>\n<div style=\"text-align: center;\">novembre \u00a02009<\/div>\n<p style=\"text-align: center;\"><strong>Giovanni Formicola<\/strong><br \/>\n<em>Dirigente di Alleanza Cattolica<br \/>\n<\/em><\/p>\n<p style=\"text-align: justify;\">La celebrazione della nascita del PDL \u2013 parlare di congresso, almeno nel senso in cui s\u2019\u00e8 inteso questo termine nell\u2019era dei partiti-casa-chiesa, \u00e8 eccessivo \u2013, che in quanto tale, come ha acutamente osservato il senatore Quagliariello, \u00e8 stata preceduta dalla comparsa della \u00abcosa\u00bb, che secondo natura prima \u00e8 venuta alla luce e poi \u00e8 stata iscritta all\u2019anagrafe, ha confermato quella che mi pare la vera rivelazione degli ultimi quindici anni di vita politica nazionale.<\/p>\n<p><!--more--><\/p>\n<div style=\"text-align: justify;\">\u00c8 stato questo, ed \u00e8, il tempo in cui, per la prima volta nella storia dell\u2019Italia unita, un <em>leader<\/em> politico ha assunto volentieri la rappresentanza di una parte del popolo italiano, sicuramente maggioritaria, ma altrettanto certamente politicamente orfana, rifiutata anche da coloro cui dava il sangue.<\/div>\n<p style=\"text-align: justify;\">Si tratta \u2013 ovviamente <em>mutatis mutandis<\/em> \u2013 di quel popolo che, per dire un episodio della sua biografia, fu mobilitato e organizzato da Luigi Gedda (1902-2000) nei comitati civici, dando vita ad un\u2019autentica e incruenta insorgenza anticomunista e che trionf\u00f2 nella battaglia elettorale del 18 aprile 1948.<\/p>\n<p style=\"text-align: justify;\">Data che non fu mai celebrata dal principale, se non unico, beneficiario di essa. Quel partito democristiano la cui classe dirigente pens\u00f2 bene di smobilitare presto questo popolo perch\u00e9, come si \u00e8 vantato uno dei suoi massimi esponenti, Ciriaco De Mita, <em>\u00abQuando gli storici si occuperanno di fatti e non solo di propaganda spiegheranno che il grande merito della DC \u00e8 stato quello di avere educato un elettorato che era naturalmente su posizioni conservatrici se non reazionarie a concorrere alla crescita della democrazia. La DC prendeva i voti a destra e li trasferiva sul piano politico a sinistra\u00bb<\/em>.<\/p>\n<p style=\"text-align: justify;\">Qualche anno dopo, un noto intellettuale cattolico-democratico, il professor Pietro Scoppola (1926-2007), in un intervento a margine della trascrizione e pubblicazione del colloquio che aveva avuto nel 1984, insieme con l\u2019esponente democristiano Leopoldo Elia (1925-2008), con Giuseppe Dossetti (1913-1996) e con Giuseppe Lazzati (1909-1986), avrebbe ulteriormente \u2013 ed autorevolmente \u2013 confermato questa tesi (ultimamente dichiarata anche da Franceschini): <em>\u00abIn sostanza, la Dc ha sempre raccolto un elettorato prevalentemente moderato, che \u00e8 stato tuttavia coinvolto in una politica prevalentemente diretta (tranne alcune parentesi) ad un ampliamento verso sinistra delle basi di consenso alla democrazia e alla funzione di governo\u00bb<\/em>.<\/p>\n<p style=\"text-align: justify;\">\u00c8 lo stesso popolo che a Mussolini (1883-1945) piaceva poco, tanto che, pur avendone ricevuto il consenso, lo voleva rieducare per trasformarne la mentalit\u00e0, lo stile di vita e finanche il carattere, e che la classe politica risorgimentale aveva escluso dalla politica concedendo il diritto di voto su base censuitaria solo a un\u2019infima minoranza.<\/p>\n<p style=\"text-align: justify;\">Insomma, tra gli antenati ideali del PDL \u2013 ripeto, pur con tutte le differenze che sessant\u2019anni di storia non possono non aver scavato tra i \u00abdue popoli\u00bb \u2013 c\u2019\u00e8 sicuramente Luigi Gedda e ci sono i comitati civici, il cui anticomunismo esistenziale Berlusconi non solo non si \u00e8 vergognato e non si vergogna di rappresentare \u2013 come invece ha fatto una certa classe dirigente democristiana \u2013, ma ne ha alzato gioiosamente la bandiera, anche adesso che pu\u00f2 sembrare del tutto inattuale.<\/p>\n<p style=\"text-align: justify;\">Questa pretesa inattualit\u00e0 \u2013 che pu\u00f2 essere tale solo se il tema \u00e8 malamente svolto \u2013 pesa piuttosto su chi ne \u00e8 complessato e non parla pi\u00f9 di comunismo. Da quanto tempo, per esempio, Gianfranco Fini non pronuncia questa parola? Eppure, l\u2019anticomunismo non sembra meno attuale dell\u2019antifascismo.<\/p>\n<p style=\"text-align: justify;\">E se \u00e8 giusto ricordare le ragioni storiche di questo \u2013 altra cosa \u00e8 l\u2019antifascismo politico-ideologico, e soprattutto l\u2019antifascismo totalitario, che nel fascismo pretese e pretende di comprendere e combattere la migliore tradizione nazionale, occidentale e cristiana \u2013 non meno giusto sarebbe continuare a ricordare le ragioni dell\u2019anticomunismo.<\/p>\n<p style=\"text-align: justify;\">E non solo perch\u00e9 il fatto comunismo ci \u00e8 certamente e purtroppo anche contemporaneo, ma perch\u00e9 le sue sopravvivenze ancora ci ammorbano e soprattutto perch\u00e8 l\u2019anticomunismo ha un suo specifico contenuto positivo.<\/p>\n<p style=\"text-align: justify;\">Quanto al fatto, non \u00e8 necessario argomentare troppo: basta un atlante storico per valutarlo.<\/p>\n<p style=\"text-align: justify;\">Quanto alle sopravvivenze, esse c\u2019inducono a parlare, con i vescovi dei paesi dell\u2019Europa centro-orientale (che il fatto l\u2019hanno ben provato), piuttosto di una metamorfosi del comunismo. Rinunciato a tutti gli elementi esteriori che lo rendevano troppo riconoscibile e perci\u00f2 socialmente impresentabile, il comunismo, anche in Italia, non ha tuttavia rinunciato all\u2019essenziale relativismo irreligioso se non antireligioso proprio della sua concezione storicista e materialista; non ha rinunciato allo statalismo centralista, che fa della pressione fiscale il principale strumento per contrastare la propriet\u00e0 e la libert\u00e0 economica, e con esse la libert\u00e0 <em>tout court<\/em>; non ha rinunciato al sindacalismo panico; non ha rinunciato al rifiuto della famiglia naturale e alla negazione del diritto alla vita, dal concepimento alla morte naturale.<\/p>\n<p style=\"text-align: justify;\">In nessun modo sarebbe possibile sintetizzare meglio l\u2019opera o i tentativi d\u2019opera del governo Prodi, il secondo \u2013 dopo quelli dell\u2019esperienza detta \u00abciellenistica\u00bb tra il 1944 e il 1947 \u2013 di cui hanno fatto parte comunisti dichiarati. Quindi, sempre secondo l\u2019espressione dei presuli dell\u2019Europa che fu rinchiusa dalla cortina di ferro, il comunismo, soprattutto sul piano culturale, non cessa di avvelenare il terreno dove invece dovrebbe essere depositato e fruttificare il seme della civilt\u00e0.<\/p>\n<p style=\"text-align: justify;\">Quanto poi allo specifico contenuto positivo dell\u2019anticomunismo, esso consiste precisamente nell\u2019opposizione \u2013 spesso istintiva e irriflessa \u2013 a tutto questo. E cio\u00e8 nell\u2019opzione per la naturalit\u00e0 politica e sociale: libert\u00e0 fondata sul primato della persona rispetto allo Stato e alla stessa societ\u00e0, e quindi sui suoi diritti naturali, da quello alla vita a quello alla propriet\u00e0 e alla libert\u00e0 economica; centralit\u00e0 della famiglia naturale e del suo diritto all\u2019educazione della prole secondo le proprie convinzioni; il ruolo dello Stato come strumento sussidiario al servizio della persona e della societ\u00e0 articolata nei corpi intermedi \u2013 di cui riconosce i diritti a s\u00e9 anteriori \u2013, che favorisce la solidariet\u00e0 sociale soprattutto garantendo la sicurezza e l\u2019ordine, l\u2019efficienza e la riduzione dell\u2019invadenza della pubblica amministrazione, e aiutando in via sussidiaria i deboli; il ruolo pubblico della religione, soprattutto, ma non in modo esclusivo, di quella maggioritaria nella nazione, che pur nella rigorosa distinzione di ruoli e funzioni non faccia mancare il suo contributo nel discorso pubblico per illuminare le coscienze, diffondere l\u2019amore per le virt\u00f9 sociali e rendere riconoscibile la verit\u00e0 sull\u2019uomo.<\/p>\n<p style=\"text-align: justify;\">In questa prospettiva l\u2019anticomunismo \u00e8 pi\u00f9 che attuale, \u00e8 indispensabile. Ed \u00e8 innegabile che \u00e8 proprio la cifra dominante del consenso per Berlusconi e il PDL, che a loro volta non solo non se ne vergognano, ma di buon grado lo assecondano e si sforzano di mettere a proprio agio quella che \u00e8 stata una <em>\u00abdestra diffusa, in fondo non rappresentata nel sistema politico italiano, le cui radici si possono trovare<\/em> [\u2026]<em> nella frequente polemica \u201cantimoderna\u201d, nel rifiuto della politicizzazione della societ\u00e0 e <\/em>[\u2026] <em>in un anticomunismo, si direbbe, \u201cesistenziale\u201d. \u00c8 un\u2019area che elettoralmente si sposter\u00e0 sui partiti che via via le sembreranno corrispondere a questo sentire diffuso, ma sempre, in definitiva, \u201cturandosi il naso\u201d\u00bb<\/em> (Roberto Pertici), e che forse ora nel PDL si sentir\u00e0 non ospite sopportata, ma a casa sua, come le accadde nei comitati civici di Luigi Gedda.<\/p>\n","protected":false},"excerpt":{"rendered":"<p>Articolo pubblicato su \u201cIl Picchio\u201d di Caltanissetta novembre \u00a02009 Giovanni Formicola Dirigente di Alleanza Cattolica La celebrazione della nascita del PDL \u2013 parlare di congresso, almeno nel senso in cui s\u2019\u00e8 inteso questo termine nell\u2019era dei partiti-casa-chiesa, \u00e8 eccessivo \u2013, che in quanto tale, come ha acutamente osservato il senatore Quagliariello, \u00e8 stata preceduta dalla &hellip; <\/p>\n<p><a class=\"more-link btn\" href=\"https:\/\/www.rassegnastampa-totustuus.it\/cattolica\/il-pdl-gedda-e-lanticomunismo-esistenziale\/\">Continua a leggere<\/a><\/p>\n","protected":false},"author":6,"featured_media":28800,"comment_status":"closed","ping_status":"open","sticky":false,"template":"","format":"standard","meta":{"footnotes":""},"categories":[106,82,83],"tags":[473,1183,1696],"class_list":["post-3575","post","type-post","status-publish","format-standard","has-post-thumbnail","hentry","category-cattolicesimo-democratico","category-comunismo-in-italia","category-post-comunismo","tag-dc","tag-pd","tag-pdl","item-wrap"],"yoast_head":"<!-- This site is optimized with the Yoast SEO plugin v27.5 - https:\/\/yoast.com\/product\/yoast-seo-wordpress\/ -->\n<title>Il Pdl, Gedda e l&#039;anticomunismo esistenziale - Rassegna Stampa Cattolica<\/title>\n<meta name=\"description\" content=\"Rassegna Stampa Cattolica - Per una cultura che nasce dalla Rivelazione cristiana in conformit\u00e0 alla tradizione e al Magistero della Chiesa in opposizione ad ogni relativismo e totalitarismo\" \/>\n<meta name=\"robots\" content=\"index, follow, max-snippet:-1, max-image-preview:large, max-video-preview:-1\" \/>\n<link rel=\"canonical\" href=\"https:\/\/www.rassegnastampa-totustuus.it\/cattolica\/il-pdl-gedda-e-lanticomunismo-esistenziale\/\" \/>\n<meta property=\"og:locale\" content=\"it_IT\" \/>\n<meta property=\"og:type\" content=\"article\" \/>\n<meta property=\"og:title\" content=\"Il Pdl, Gedda e l&#039;anticomunismo esistenziale - Rassegna Stampa Cattolica\" \/>\n<meta property=\"og:description\" content=\"Rassegna Stampa Cattolica - Per una cultura che nasce dalla Rivelazione cristiana in conformit\u00e0 alla tradizione e al Magistero della Chiesa in opposizione ad ogni relativismo e totalitarismo\" \/>\n<meta property=\"og:url\" content=\"https:\/\/www.rassegnastampa-totustuus.it\/cattolica\/il-pdl-gedda-e-lanticomunismo-esistenziale\/\" \/>\n<meta property=\"og:site_name\" content=\"Rassegna Stampa Cattolica\" \/>\n<meta property=\"article:publisher\" content=\"https:\/\/www.facebook.com\/rassegnastampacattolica\" \/>\n<meta property=\"article:published_time\" content=\"2009-11-25T23:00:00+00:00\" \/>\n<meta property=\"article:modified_time\" content=\"2015-12-16T12:08:01+00:00\" \/>\n<meta property=\"og:image\" content=\"https:\/\/www.rassegnastampa-totustuus.it\/cattolica\/wp-content\/uploads\/2009\/11\/elezioni_48.jpg\" \/>\n\t<meta property=\"og:image:width\" content=\"185\" \/>\n\t<meta property=\"og:image:height\" content=\"272\" \/>\n\t<meta property=\"og:image:type\" content=\"image\/jpeg\" \/>\n<meta name=\"author\" content=\"Redazione\" \/>\n<meta name=\"twitter:card\" content=\"summary_large_image\" \/>\n<meta name=\"twitter:creator\" content=\"@rassegnastampa9\" \/>\n<meta name=\"twitter:site\" content=\"@rassegnastampa9\" \/>\n<meta name=\"twitter:label1\" content=\"Scritto da\" \/>\n\t<meta name=\"twitter:data1\" content=\"Redazione\" \/>\n\t<meta name=\"twitter:label2\" content=\"Tempo di lettura stimato\" \/>\n\t<meta name=\"twitter:data2\" content=\"6 minuti\" \/>\n<script type=\"application\/ld+json\" class=\"yoast-schema-graph\">{\"@context\":\"https:\\\/\\\/schema.org\",\"@graph\":[{\"@type\":\"Article\",\"@id\":\"https:\\\/\\\/www.rassegnastampa-totustuus.it\\\/cattolica\\\/il-pdl-gedda-e-lanticomunismo-esistenziale\\\/#article\",\"isPartOf\":{\"@id\":\"https:\\\/\\\/www.rassegnastampa-totustuus.it\\\/cattolica\\\/il-pdl-gedda-e-lanticomunismo-esistenziale\\\/\"},\"author\":{\"name\":\"Redazione\",\"@id\":\"https:\\\/\\\/www.rassegnastampa-totustuus.it\\\/cattolica\\\/#\\\/schema\\\/person\\\/08f319d2bd1a0904ad9e2bfb7b15e5c3\"},\"headline\":\"Il Pdl, Gedda e l&#8217;anticomunismo esistenziale\",\"datePublished\":\"2009-11-25T23:00:00+00:00\",\"dateModified\":\"2015-12-16T12:08:01+00:00\",\"mainEntityOfPage\":{\"@id\":\"https:\\\/\\\/www.rassegnastampa-totustuus.it\\\/cattolica\\\/il-pdl-gedda-e-lanticomunismo-esistenziale\\\/\"},\"wordCount\":1155,\"publisher\":{\"@id\":\"https:\\\/\\\/www.rassegnastampa-totustuus.it\\\/cattolica\\\/#organization\"},\"image\":{\"@id\":\"https:\\\/\\\/www.rassegnastampa-totustuus.it\\\/cattolica\\\/il-pdl-gedda-e-lanticomunismo-esistenziale\\\/#primaryimage\"},\"thumbnailUrl\":\"https:\\\/\\\/www.rassegnastampa-totustuus.it\\\/cattolica\\\/wp-content\\\/uploads\\\/2009\\\/11\\\/elezioni_48.jpg\",\"keywords\":[\"Dc\",\"PD\",\"Pdl\"],\"articleSection\":[\"Cattolicesimo dem.\",\"Comunismo in Italia\",\"Post-comunismo\"],\"inLanguage\":\"it-IT\"},{\"@type\":\"WebPage\",\"@id\":\"https:\\\/\\\/www.rassegnastampa-totustuus.it\\\/cattolica\\\/il-pdl-gedda-e-lanticomunismo-esistenziale\\\/\",\"url\":\"https:\\\/\\\/www.rassegnastampa-totustuus.it\\\/cattolica\\\/il-pdl-gedda-e-lanticomunismo-esistenziale\\\/\",\"name\":\"Il Pdl, Gedda e l'anticomunismo esistenziale - Rassegna Stampa Cattolica\",\"isPartOf\":{\"@id\":\"https:\\\/\\\/www.rassegnastampa-totustuus.it\\\/cattolica\\\/#website\"},\"primaryImageOfPage\":{\"@id\":\"https:\\\/\\\/www.rassegnastampa-totustuus.it\\\/cattolica\\\/il-pdl-gedda-e-lanticomunismo-esistenziale\\\/#primaryimage\"},\"image\":{\"@id\":\"https:\\\/\\\/www.rassegnastampa-totustuus.it\\\/cattolica\\\/il-pdl-gedda-e-lanticomunismo-esistenziale\\\/#primaryimage\"},\"thumbnailUrl\":\"https:\\\/\\\/www.rassegnastampa-totustuus.it\\\/cattolica\\\/wp-content\\\/uploads\\\/2009\\\/11\\\/elezioni_48.jpg\",\"datePublished\":\"2009-11-25T23:00:00+00:00\",\"dateModified\":\"2015-12-16T12:08:01+00:00\",\"description\":\"Rassegna Stampa Cattolica - Per una cultura che nasce dalla Rivelazione cristiana in conformit\u00e0 alla tradizione e al Magistero della Chiesa in opposizione ad ogni relativismo e totalitarismo\",\"breadcrumb\":{\"@id\":\"https:\\\/\\\/www.rassegnastampa-totustuus.it\\\/cattolica\\\/il-pdl-gedda-e-lanticomunismo-esistenziale\\\/#breadcrumb\"},\"inLanguage\":\"it-IT\",\"potentialAction\":[{\"@type\":\"ReadAction\",\"target\":[\"https:\\\/\\\/www.rassegnastampa-totustuus.it\\\/cattolica\\\/il-pdl-gedda-e-lanticomunismo-esistenziale\\\/\"]}]},{\"@type\":\"ImageObject\",\"inLanguage\":\"it-IT\",\"@id\":\"https:\\\/\\\/www.rassegnastampa-totustuus.it\\\/cattolica\\\/il-pdl-gedda-e-lanticomunismo-esistenziale\\\/#primaryimage\",\"url\":\"https:\\\/\\\/www.rassegnastampa-totustuus.it\\\/cattolica\\\/wp-content\\\/uploads\\\/2009\\\/11\\\/elezioni_48.jpg\",\"contentUrl\":\"https:\\\/\\\/www.rassegnastampa-totustuus.it\\\/cattolica\\\/wp-content\\\/uploads\\\/2009\\\/11\\\/elezioni_48.jpg\",\"width\":185,\"height\":272},{\"@type\":\"BreadcrumbList\",\"@id\":\"https:\\\/\\\/www.rassegnastampa-totustuus.it\\\/cattolica\\\/il-pdl-gedda-e-lanticomunismo-esistenziale\\\/#breadcrumb\",\"itemListElement\":[{\"@type\":\"ListItem\",\"position\":1,\"name\":\"Home\",\"item\":\"https:\\\/\\\/www.rassegnastampa-totustuus.it\\\/cattolica\\\/\"},{\"@type\":\"ListItem\",\"position\":2,\"name\":\"Il Pdl, Gedda e l&#8217;anticomunismo esistenziale\"}]},{\"@type\":\"WebSite\",\"@id\":\"https:\\\/\\\/www.rassegnastampa-totustuus.it\\\/cattolica\\\/#website\",\"url\":\"https:\\\/\\\/www.rassegnastampa-totustuus.it\\\/cattolica\\\/\",\"name\":\"Rassegna Stampa Cattolica\",\"description\":\"Per una cultura che nasce dalla Rivelazione cristiana in conformit\u00e0 alla tradizione e al Magistero della Chiesa in opposizione ad ogni relativismo e totalitarismo\",\"publisher\":{\"@id\":\"https:\\\/\\\/www.rassegnastampa-totustuus.it\\\/cattolica\\\/#organization\"},\"alternateName\":\"Rass. Cattolica\",\"potentialAction\":[{\"@type\":\"SearchAction\",\"target\":{\"@type\":\"EntryPoint\",\"urlTemplate\":\"https:\\\/\\\/www.rassegnastampa-totustuus.it\\\/cattolica\\\/?s={search_term_string}\"},\"query-input\":{\"@type\":\"PropertyValueSpecification\",\"valueRequired\":true,\"valueName\":\"search_term_string\"}}],\"inLanguage\":\"it-IT\"},{\"@type\":\"Organization\",\"@id\":\"https:\\\/\\\/www.rassegnastampa-totustuus.it\\\/cattolica\\\/#organization\",\"name\":\"Rassegna Stampa Cattolica\",\"url\":\"https:\\\/\\\/www.rassegnastampa-totustuus.it\\\/cattolica\\\/\",\"logo\":{\"@type\":\"ImageObject\",\"inLanguage\":\"it-IT\",\"@id\":\"https:\\\/\\\/www.rassegnastampa-totustuus.it\\\/cattolica\\\/#\\\/schema\\\/logo\\\/image\\\/\",\"url\":\"https:\\\/\\\/www.rassegnastampa-totustuus.it\\\/cattolica\\\/wp-content\\\/uploads\\\/2014\\\/04\\\/logo-rassegna1.gif\",\"contentUrl\":\"https:\\\/\\\/www.rassegnastampa-totustuus.it\\\/cattolica\\\/wp-content\\\/uploads\\\/2014\\\/04\\\/logo-rassegna1.gif\",\"width\":600,\"height\":163,\"caption\":\"Rassegna Stampa Cattolica\"},\"image\":{\"@id\":\"https:\\\/\\\/www.rassegnastampa-totustuus.it\\\/cattolica\\\/#\\\/schema\\\/logo\\\/image\\\/\"},\"sameAs\":[\"https:\\\/\\\/www.facebook.com\\\/rassegnastampacattolica\",\"https:\\\/\\\/x.com\\\/rassegnastampa9\"]},{\"@type\":\"Person\",\"@id\":\"https:\\\/\\\/www.rassegnastampa-totustuus.it\\\/cattolica\\\/#\\\/schema\\\/person\\\/08f319d2bd1a0904ad9e2bfb7b15e5c3\",\"name\":\"Redazione\",\"image\":{\"@type\":\"ImageObject\",\"inLanguage\":\"it-IT\",\"@id\":\"https:\\\/\\\/secure.gravatar.com\\\/avatar\\\/2fcdf27c78ea025fbdb44e914cc63c72249ffec9dc8aafd5c82b26240ef3f346?s=96&d=mm&r=g\",\"url\":\"https:\\\/\\\/secure.gravatar.com\\\/avatar\\\/2fcdf27c78ea025fbdb44e914cc63c72249ffec9dc8aafd5c82b26240ef3f346?s=96&d=mm&r=g\",\"contentUrl\":\"https:\\\/\\\/secure.gravatar.com\\\/avatar\\\/2fcdf27c78ea025fbdb44e914cc63c72249ffec9dc8aafd5c82b26240ef3f346?s=96&d=mm&r=g\",\"caption\":\"Redazione\"},\"url\":\"https:\\\/\\\/www.rassegnastampa-totustuus.it\\\/cattolica\\\/author\\\/pietroelle\\\/\"}]}<\/script>\n<!-- \/ Yoast SEO plugin. -->","yoast_head_json":{"title":"Il Pdl, Gedda e l'anticomunismo esistenziale - Rassegna Stampa Cattolica","description":"Rassegna Stampa Cattolica - Per una cultura che nasce dalla Rivelazione cristiana in conformit\u00e0 alla tradizione e al Magistero della Chiesa in opposizione ad ogni relativismo e totalitarismo","robots":{"index":"index","follow":"follow","max-snippet":"max-snippet:-1","max-image-preview":"max-image-preview:large","max-video-preview":"max-video-preview:-1"},"canonical":"https:\/\/www.rassegnastampa-totustuus.it\/cattolica\/il-pdl-gedda-e-lanticomunismo-esistenziale\/","og_locale":"it_IT","og_type":"article","og_title":"Il Pdl, Gedda e l'anticomunismo esistenziale - Rassegna Stampa Cattolica","og_description":"Rassegna Stampa Cattolica - Per una cultura che nasce dalla Rivelazione cristiana in conformit\u00e0 alla tradizione e al Magistero della Chiesa in opposizione ad ogni relativismo e totalitarismo","og_url":"https:\/\/www.rassegnastampa-totustuus.it\/cattolica\/il-pdl-gedda-e-lanticomunismo-esistenziale\/","og_site_name":"Rassegna Stampa Cattolica","article_publisher":"https:\/\/www.facebook.com\/rassegnastampacattolica","article_published_time":"2009-11-25T23:00:00+00:00","article_modified_time":"2015-12-16T12:08:01+00:00","og_image":[{"width":185,"height":272,"url":"https:\/\/www.rassegnastampa-totustuus.it\/cattolica\/wp-content\/uploads\/2009\/11\/elezioni_48.jpg","type":"image\/jpeg"}],"author":"Redazione","twitter_card":"summary_large_image","twitter_creator":"@rassegnastampa9","twitter_site":"@rassegnastampa9","twitter_misc":{"Scritto da":"Redazione","Tempo di lettura stimato":"6 minuti"},"schema":{"@context":"https:\/\/schema.org","@graph":[{"@type":"Article","@id":"https:\/\/www.rassegnastampa-totustuus.it\/cattolica\/il-pdl-gedda-e-lanticomunismo-esistenziale\/#article","isPartOf":{"@id":"https:\/\/www.rassegnastampa-totustuus.it\/cattolica\/il-pdl-gedda-e-lanticomunismo-esistenziale\/"},"author":{"name":"Redazione","@id":"https:\/\/www.rassegnastampa-totustuus.it\/cattolica\/#\/schema\/person\/08f319d2bd1a0904ad9e2bfb7b15e5c3"},"headline":"Il Pdl, Gedda e l&#8217;anticomunismo esistenziale","datePublished":"2009-11-25T23:00:00+00:00","dateModified":"2015-12-16T12:08:01+00:00","mainEntityOfPage":{"@id":"https:\/\/www.rassegnastampa-totustuus.it\/cattolica\/il-pdl-gedda-e-lanticomunismo-esistenziale\/"},"wordCount":1155,"publisher":{"@id":"https:\/\/www.rassegnastampa-totustuus.it\/cattolica\/#organization"},"image":{"@id":"https:\/\/www.rassegnastampa-totustuus.it\/cattolica\/il-pdl-gedda-e-lanticomunismo-esistenziale\/#primaryimage"},"thumbnailUrl":"https:\/\/www.rassegnastampa-totustuus.it\/cattolica\/wp-content\/uploads\/2009\/11\/elezioni_48.jpg","keywords":["Dc","PD","Pdl"],"articleSection":["Cattolicesimo dem.","Comunismo in Italia","Post-comunismo"],"inLanguage":"it-IT"},{"@type":"WebPage","@id":"https:\/\/www.rassegnastampa-totustuus.it\/cattolica\/il-pdl-gedda-e-lanticomunismo-esistenziale\/","url":"https:\/\/www.rassegnastampa-totustuus.it\/cattolica\/il-pdl-gedda-e-lanticomunismo-esistenziale\/","name":"Il Pdl, Gedda e l'anticomunismo esistenziale - Rassegna Stampa Cattolica","isPartOf":{"@id":"https:\/\/www.rassegnastampa-totustuus.it\/cattolica\/#website"},"primaryImageOfPage":{"@id":"https:\/\/www.rassegnastampa-totustuus.it\/cattolica\/il-pdl-gedda-e-lanticomunismo-esistenziale\/#primaryimage"},"image":{"@id":"https:\/\/www.rassegnastampa-totustuus.it\/cattolica\/il-pdl-gedda-e-lanticomunismo-esistenziale\/#primaryimage"},"thumbnailUrl":"https:\/\/www.rassegnastampa-totustuus.it\/cattolica\/wp-content\/uploads\/2009\/11\/elezioni_48.jpg","datePublished":"2009-11-25T23:00:00+00:00","dateModified":"2015-12-16T12:08:01+00:00","description":"Rassegna Stampa Cattolica - Per una cultura che nasce dalla Rivelazione cristiana in conformit\u00e0 alla tradizione e al Magistero della Chiesa in opposizione ad ogni relativismo e totalitarismo","breadcrumb":{"@id":"https:\/\/www.rassegnastampa-totustuus.it\/cattolica\/il-pdl-gedda-e-lanticomunismo-esistenziale\/#breadcrumb"},"inLanguage":"it-IT","potentialAction":[{"@type":"ReadAction","target":["https:\/\/www.rassegnastampa-totustuus.it\/cattolica\/il-pdl-gedda-e-lanticomunismo-esistenziale\/"]}]},{"@type":"ImageObject","inLanguage":"it-IT","@id":"https:\/\/www.rassegnastampa-totustuus.it\/cattolica\/il-pdl-gedda-e-lanticomunismo-esistenziale\/#primaryimage","url":"https:\/\/www.rassegnastampa-totustuus.it\/cattolica\/wp-content\/uploads\/2009\/11\/elezioni_48.jpg","contentUrl":"https:\/\/www.rassegnastampa-totustuus.it\/cattolica\/wp-content\/uploads\/2009\/11\/elezioni_48.jpg","width":185,"height":272},{"@type":"BreadcrumbList","@id":"https:\/\/www.rassegnastampa-totustuus.it\/cattolica\/il-pdl-gedda-e-lanticomunismo-esistenziale\/#breadcrumb","itemListElement":[{"@type":"ListItem","position":1,"name":"Home","item":"https:\/\/www.rassegnastampa-totustuus.it\/cattolica\/"},{"@type":"ListItem","position":2,"name":"Il Pdl, Gedda e l&#8217;anticomunismo esistenziale"}]},{"@type":"WebSite","@id":"https:\/\/www.rassegnastampa-totustuus.it\/cattolica\/#website","url":"https:\/\/www.rassegnastampa-totustuus.it\/cattolica\/","name":"Rassegna Stampa Cattolica","description":"Per una cultura che nasce dalla Rivelazione cristiana in conformit\u00e0 alla tradizione e al Magistero della Chiesa in opposizione ad ogni relativismo e totalitarismo","publisher":{"@id":"https:\/\/www.rassegnastampa-totustuus.it\/cattolica\/#organization"},"alternateName":"Rass. Cattolica","potentialAction":[{"@type":"SearchAction","target":{"@type":"EntryPoint","urlTemplate":"https:\/\/www.rassegnastampa-totustuus.it\/cattolica\/?s={search_term_string}"},"query-input":{"@type":"PropertyValueSpecification","valueRequired":true,"valueName":"search_term_string"}}],"inLanguage":"it-IT"},{"@type":"Organization","@id":"https:\/\/www.rassegnastampa-totustuus.it\/cattolica\/#organization","name":"Rassegna Stampa Cattolica","url":"https:\/\/www.rassegnastampa-totustuus.it\/cattolica\/","logo":{"@type":"ImageObject","inLanguage":"it-IT","@id":"https:\/\/www.rassegnastampa-totustuus.it\/cattolica\/#\/schema\/logo\/image\/","url":"https:\/\/www.rassegnastampa-totustuus.it\/cattolica\/wp-content\/uploads\/2014\/04\/logo-rassegna1.gif","contentUrl":"https:\/\/www.rassegnastampa-totustuus.it\/cattolica\/wp-content\/uploads\/2014\/04\/logo-rassegna1.gif","width":600,"height":163,"caption":"Rassegna Stampa Cattolica"},"image":{"@id":"https:\/\/www.rassegnastampa-totustuus.it\/cattolica\/#\/schema\/logo\/image\/"},"sameAs":["https:\/\/www.facebook.com\/rassegnastampacattolica","https:\/\/x.com\/rassegnastampa9"]},{"@type":"Person","@id":"https:\/\/www.rassegnastampa-totustuus.it\/cattolica\/#\/schema\/person\/08f319d2bd1a0904ad9e2bfb7b15e5c3","name":"Redazione","image":{"@type":"ImageObject","inLanguage":"it-IT","@id":"https:\/\/secure.gravatar.com\/avatar\/2fcdf27c78ea025fbdb44e914cc63c72249ffec9dc8aafd5c82b26240ef3f346?s=96&d=mm&r=g","url":"https:\/\/secure.gravatar.com\/avatar\/2fcdf27c78ea025fbdb44e914cc63c72249ffec9dc8aafd5c82b26240ef3f346?s=96&d=mm&r=g","contentUrl":"https:\/\/secure.gravatar.com\/avatar\/2fcdf27c78ea025fbdb44e914cc63c72249ffec9dc8aafd5c82b26240ef3f346?s=96&d=mm&r=g","caption":"Redazione"},"url":"https:\/\/www.rassegnastampa-totustuus.it\/cattolica\/author\/pietroelle\/"}]}},"_links":{"self":[{"href":"https:\/\/www.rassegnastampa-totustuus.it\/cattolica\/wp-json\/wp\/v2\/posts\/3575","targetHints":{"allow":["GET"]}}],"collection":[{"href":"https:\/\/www.rassegnastampa-totustuus.it\/cattolica\/wp-json\/wp\/v2\/posts"}],"about":[{"href":"https:\/\/www.rassegnastampa-totustuus.it\/cattolica\/wp-json\/wp\/v2\/types\/post"}],"author":[{"embeddable":true,"href":"https:\/\/www.rassegnastampa-totustuus.it\/cattolica\/wp-json\/wp\/v2\/users\/6"}],"replies":[{"embeddable":true,"href":"https:\/\/www.rassegnastampa-totustuus.it\/cattolica\/wp-json\/wp\/v2\/comments?post=3575"}],"version-history":[{"count":4,"href":"https:\/\/www.rassegnastampa-totustuus.it\/cattolica\/wp-json\/wp\/v2\/posts\/3575\/revisions"}],"predecessor-version":[{"id":28801,"href":"https:\/\/www.rassegnastampa-totustuus.it\/cattolica\/wp-json\/wp\/v2\/posts\/3575\/revisions\/28801"}],"wp:featuredmedia":[{"embeddable":true,"href":"https:\/\/www.rassegnastampa-totustuus.it\/cattolica\/wp-json\/wp\/v2\/media\/28800"}],"wp:attachment":[{"href":"https:\/\/www.rassegnastampa-totustuus.it\/cattolica\/wp-json\/wp\/v2\/media?parent=3575"}],"wp:term":[{"taxonomy":"category","embeddable":true,"href":"https:\/\/www.rassegnastampa-totustuus.it\/cattolica\/wp-json\/wp\/v2\/categories?post=3575"},{"taxonomy":"post_tag","embeddable":true,"href":"https:\/\/www.rassegnastampa-totustuus.it\/cattolica\/wp-json\/wp\/v2\/tags?post=3575"}],"curies":[{"name":"wp","href":"https:\/\/api.w.org\/{rel}","templated":true}]}}