{"id":3573,"date":"2009-11-26T00:00:00","date_gmt":"2009-11-25T23:00:00","guid":{"rendered":""},"modified":"2016-02-07T19:51:45","modified_gmt":"2016-02-07T18:51:45","slug":"il-louvre-non-vale-una-messa","status":"publish","type":"post","link":"https:\/\/www.rassegnastampa-totustuus.it\/cattolica\/il-louvre-non-vale-una-messa\/","title":{"rendered":"Il Louvre non vale una messa"},"content":{"rendered":"<div style=\"text-align: center;\"><strong><a href=\"https:\/\/www.rassegnastampa-totustuus.it\/cattolica\/wp-content\/uploads\/2009\/11\/museo.jpg\"><img loading=\"lazy\" decoding=\"async\" class=\"alignleft wp-image-30543\" src=\"https:\/\/www.rassegnastampa-totustuus.it\/cattolica\/wp-content\/uploads\/2009\/11\/museo.jpg\" alt=\"museo\" width=\"250\" height=\"166\" \/><\/a>Tempi,<\/strong> 19 novembre 2009<\/div>\n<p style=\"text-align: justify;\"><em>Perch\u00e9 rinchiudere il sacro in un museo come una tigre allo zoo quando in una chiesa di Urbino lo si pu\u00f2 perfino vivere?<\/em><\/p>\n<p style=\"text-align: center;\">di <strong>Camillo Langone <\/strong><\/p>\n<p><!--more--><\/p>\n<div style=\"text-align: justify;\"><em>\u00abFate questo in memoria di me\u00bb. (Vangelo secondo Luca 22, 19)<\/em><\/div>\n<p style=\"text-align: justify;\">Che cos\u2019hai fatto domenica? Ho visto una bella mostra. Questa \u00e8 la risposta che sento sempre pi\u00f9 spesso, specie se faccio la domanda a una donna.Certamente alle mostre non ci vanno solo gentili donzelle ma sono arciconvinto che la presenza maschile sia dovuta in massima parte a mariti, fidanzati, amici pi\u00f9 o meno trascinati.<\/p>\n<p style=\"text-align: justify;\">\u00c8 difficile rispondere no alla proposta di andare a vedere Picasso o Tiziano: si rischia di fare la figura del buzzurro. Se poi la mostra \u00e8 di un pittore impressionista, rifiutando di andarci si passa per belve insensibili.<\/p>\n<p style=\"text-align: justify;\">A me piace vivere pericolosamente e dichiaro di non andare a vedere mostre da molto tempo, e precisamente da quando ho deciso di andare a messa tutte le domeniche. Che c\u2019entra, direte voi, le due attivit\u00e0 non sono incompatibili. E invece ho scoperto che lo sono, che la mostra uccide la messa e se non la uccide la danneggia.<\/p>\n<p style=\"text-align: justify;\">\u00c8 noto che la moneta cattiva scaccia quella buona, che le imitazioni vendono pi\u00f9 degli originali, che il made in China soffoca il fatto in Italia. Bene: le mostre d\u2019arte sono imitazioni, surrogati, sottoprodotti della vera bellezza, che si produce e si venera altrove.<\/p>\n<p style=\"text-align: justify;\">Se n\u2019\u00e8 accorto perfino Mario Botta, l\u2019architetto noto ai milanesi per avere sfigurato la Scala piazzandovi sul tetto una specie di parcheggio multipiano. Lui che di musei ne ha costruiti un mucchio, nel suo libro <em>Dove abitano le emozioni<\/em> sembra essersi pentito: \u00abUna societ\u00e0 forte non avrebbe bisogno di musei per segnalare i propri valori\u00bb.<\/p>\n<p style=\"text-align: justify;\">Siccome siamo una societ\u00e0 debole, su questo non ci piove, ogni capoluogo di provincia sogna il suo mini Guggenheim la cui funzione \u00e8 inconsapevolmente religiosa. Lo dice sempre lui, il Botta, che i musei \u00absono spazi per la ricerca di spiritualit\u00e0, dove il fruitore va per ricercare valori e significati del suo essere\u00bb.<\/p>\n<p style=\"text-align: justify;\">Gi\u00e0 la parola fruitore dovrebbe mettere sull\u2019avviso. Assomiglia molto a cliente, a consumatore. Come se lo Spirito potesse vendersi nei cosiddetti bookstore, fra i cataloghi, le magliette con le riproduzioni dei quadri e i braccialetti artistici della felicit\u00e0 (esistono davvero, sono fra gli oggetti pi\u00f9 venduti alla Tate Gallery di Londra).<\/p>\n<p style=\"text-align: justify;\"><strong>L\u2019inflazione degli \u201cUntitled\u201d<\/strong><\/p>\n<p style=\"text-align: justify;\">Per quanto fra i preti italiani non manchino i soggetti bizzarri, a nessuno di loro \u00e8 mai venuto in mente di chiamare fruitori i partecipanti alla messa. Perch\u00e9 il cattolico praticante non \u00e8 uno spettatore passivo come il mostrista praticante: in chiesa si pu\u00f2 cantare, si pu\u00f2 leggere la Bibbia dal piccolo pulpito a fianco dell\u2019altare, si possono raccogliere le offerte, si possono accendere ceri e candele, si pu\u00f2 anche suonare l\u2019organo, qualora si sia in grado di farlo.<\/p>\n<p style=\"text-align: justify;\">Alle mostre invece si pu\u00f2 guardare ma non toccare. Alle messe si pu\u00f2 addirittura mangiare (l\u2019ostia consacrata, previa confessione) e insomma vengono coinvolti tutti i sensi, finanche l\u2019odorato con l\u2019incenso e il tatto col segno di pace.<\/p>\n<p style=\"text-align: justify;\">E che dire dei valori e dei significati? Alle mostre i valori sono pi\u00f9 che altro i valori di mercato e la mancanza di significati arriva a essere ostentata, basti pensare all\u2019interminabile sfilza di opere denominate Untitled. Senza titolo, senza senso. Non ho mai capito come possano gli artisti pretendere di avere un ruolo se non sono nemmeno capaci di dare un nome a ci\u00f2 che fanno.<\/p>\n<p style=\"text-align: justify;\">L\u2019arte contemporanea \u00e8 per statuto dissacrante, nichilista, quindi andarla a vedere impoverisce l\u2019anima. Maurizio Cattelan \u00e8 forse il massimo artista italiano vivente e di sicuro \u00e8 un genio, per\u00f2 del male: uno guarda il suo papa colpito dal meteorite, i suoi fantocci di bambini impiccati agli alberi e pensa che non c\u2019\u00e8 futuro, gli viene voglia di suicidarsi. L\u2019arte antica, al contrario, \u00e8 quasi sempre sacra, e quando si trova in un museo significa che \u00e8 stata rubata o comunque estirpata dal suo ambiente naturale.<\/p>\n<p style=\"text-align: justify;\">Le coltivate, delicate fanciulle che vanno per mostre sono in realt\u00e0 complici di infiniti crimini a cominciare da quelli di Napoleone, celebre saccheggiatore di chiese e di conventi. Piero della Francesca la sua Sacra conversazione non la dipinse certo per farla fotografare coi telefonini a Brera, ma per essere oggetto di devozione in una chiesa di Urbino. E passando a Raffaello, che senso ha la sua Madonna Sistina in una pinacoteca di Dresda? A un animo appena sensibile dovrebbe suscitare la stessa pena che fa una tigre siberiana costretta a languire nella gabbia di uno zoo.<\/p>\n<p style=\"text-align: justify;\">Perch\u00e9 limitarsi a guardare il sacro, oltretutto avvilito da un\u2019ambientazione assurda, quando lo si pu\u00f2 vivere nei luoghi originari? Lo ha spiegato bene Joseph Ratzinger in un libro del 2000: \u00abCi\u00f2 che nei musei pu\u00f2 essere solo testimonianza del passato, ammirata con nostalgia, nella liturgia continua a essere presente vivo\u00bb.<\/p>\n<p style=\"text-align: justify;\">La massima esperienza di bellezza della mia vita l\u2019ho fatta a Sant\u2019Antimo, nell\u2019abbazia romanica fra le vigne e gli ulivi di Montalcino, durante l\u2019affollatissima messa domenicale col coro gregoriano dei frati vestiti di bianco, l\u2019incenso che invade la navata, i candelieri vibranti di fiammelle, le devote che si gettano a terra al momento della consacrazione. Non la scambierei con tutto il Louvre.<\/p>\n","protected":false},"excerpt":{"rendered":"<p>Tempi, 19 novembre 2009 Perch\u00e9 rinchiudere il sacro in un museo come una tigre allo zoo quando in una chiesa di Urbino lo si pu\u00f2 perfino vivere? di Camillo Langone<\/p><p><a class=\"more-link btn\" href=\"https:\/\/www.rassegnastampa-totustuus.it\/cattolica\/il-louvre-non-vale-una-messa\/\">Continua a leggere<\/a><\/p>\n","protected":false},"author":6,"featured_media":30543,"comment_status":"closed","ping_status":"open","sticky":false,"template":"","format":"standard","meta":{"footnotes":""},"categories":[119,5],"tags":[538],"class_list":["post-3573","post","type-post","status-publish","format-standard","has-post-thumbnail","hentry","category-arte-sacra","category-chiesa","tag-arte-sacra-2","item-wrap"],"yoast_head":"<!-- This site is optimized with the Yoast SEO plugin v27.5 - https:\/\/yoast.com\/product\/yoast-seo-wordpress\/ -->\n<title>Il Louvre non vale una messa - Rassegna Stampa Cattolica<\/title>\n<meta name=\"description\" content=\"Rassegna Stampa Cattolica - Per una cultura che nasce dalla Rivelazione cristiana in conformit\u00e0 alla tradizione e al Magistero della Chiesa in opposizione ad ogni relativismo e totalitarismo\" \/>\n<meta name=\"robots\" content=\"index, follow, max-snippet:-1, max-image-preview:large, max-video-preview:-1\" \/>\n<link rel=\"canonical\" href=\"https:\/\/www.rassegnastampa-totustuus.it\/cattolica\/il-louvre-non-vale-una-messa\/\" \/>\n<meta property=\"og:locale\" content=\"it_IT\" \/>\n<meta property=\"og:type\" content=\"article\" \/>\n<meta property=\"og:title\" content=\"Il Louvre non vale una messa - Rassegna Stampa Cattolica\" \/>\n<meta property=\"og:description\" content=\"Rassegna Stampa Cattolica - Per una cultura che nasce dalla Rivelazione cristiana in conformit\u00e0 alla tradizione e al Magistero della Chiesa in opposizione ad ogni relativismo e totalitarismo\" \/>\n<meta property=\"og:url\" content=\"https:\/\/www.rassegnastampa-totustuus.it\/cattolica\/il-louvre-non-vale-una-messa\/\" \/>\n<meta property=\"og:site_name\" content=\"Rassegna Stampa Cattolica\" \/>\n<meta property=\"article:publisher\" content=\"https:\/\/www.facebook.com\/rassegnastampacattolica\" \/>\n<meta property=\"article:published_time\" content=\"2009-11-25T23:00:00+00:00\" \/>\n<meta property=\"article:modified_time\" content=\"2016-02-07T18:51:45+00:00\" \/>\n<meta property=\"og:image\" content=\"https:\/\/www.rassegnastampa-totustuus.it\/cattolica\/wp-content\/uploads\/2009\/11\/museo.jpg\" \/>\n\t<meta property=\"og:image:width\" content=\"275\" \/>\n\t<meta property=\"og:image:height\" content=\"183\" \/>\n\t<meta property=\"og:image:type\" content=\"image\/jpeg\" \/>\n<meta name=\"author\" content=\"Redazione\" \/>\n<meta name=\"twitter:card\" content=\"summary_large_image\" \/>\n<meta name=\"twitter:creator\" content=\"@rassegnastampa9\" \/>\n<meta name=\"twitter:site\" content=\"@rassegnastampa9\" \/>\n<meta name=\"twitter:label1\" content=\"Scritto da\" \/>\n\t<meta name=\"twitter:data1\" content=\"Redazione\" \/>\n\t<meta name=\"twitter:label2\" content=\"Tempo di lettura stimato\" \/>\n\t<meta name=\"twitter:data2\" content=\"4 minuti\" \/>\n<script type=\"application\/ld+json\" class=\"yoast-schema-graph\">{\"@context\":\"https:\\\/\\\/schema.org\",\"@graph\":[{\"@type\":\"Article\",\"@id\":\"https:\\\/\\\/www.rassegnastampa-totustuus.it\\\/cattolica\\\/il-louvre-non-vale-una-messa\\\/#article\",\"isPartOf\":{\"@id\":\"https:\\\/\\\/www.rassegnastampa-totustuus.it\\\/cattolica\\\/il-louvre-non-vale-una-messa\\\/\"},\"author\":{\"name\":\"Redazione\",\"@id\":\"https:\\\/\\\/www.rassegnastampa-totustuus.it\\\/cattolica\\\/#\\\/schema\\\/person\\\/08f319d2bd1a0904ad9e2bfb7b15e5c3\"},\"headline\":\"Il Louvre non vale una messa\",\"datePublished\":\"2009-11-25T23:00:00+00:00\",\"dateModified\":\"2016-02-07T18:51:45+00:00\",\"mainEntityOfPage\":{\"@id\":\"https:\\\/\\\/www.rassegnastampa-totustuus.it\\\/cattolica\\\/il-louvre-non-vale-una-messa\\\/\"},\"wordCount\":885,\"publisher\":{\"@id\":\"https:\\\/\\\/www.rassegnastampa-totustuus.it\\\/cattolica\\\/#organization\"},\"image\":{\"@id\":\"https:\\\/\\\/www.rassegnastampa-totustuus.it\\\/cattolica\\\/il-louvre-non-vale-una-messa\\\/#primaryimage\"},\"thumbnailUrl\":\"https:\\\/\\\/www.rassegnastampa-totustuus.it\\\/cattolica\\\/wp-content\\\/uploads\\\/2009\\\/11\\\/museo.jpg\",\"keywords\":[\"arte sacra\"],\"articleSection\":[\"Arte sacra\",\"Chiesa\"],\"inLanguage\":\"it-IT\"},{\"@type\":\"WebPage\",\"@id\":\"https:\\\/\\\/www.rassegnastampa-totustuus.it\\\/cattolica\\\/il-louvre-non-vale-una-messa\\\/\",\"url\":\"https:\\\/\\\/www.rassegnastampa-totustuus.it\\\/cattolica\\\/il-louvre-non-vale-una-messa\\\/\",\"name\":\"Il Louvre non vale una messa - Rassegna Stampa Cattolica\",\"isPartOf\":{\"@id\":\"https:\\\/\\\/www.rassegnastampa-totustuus.it\\\/cattolica\\\/#website\"},\"primaryImageOfPage\":{\"@id\":\"https:\\\/\\\/www.rassegnastampa-totustuus.it\\\/cattolica\\\/il-louvre-non-vale-una-messa\\\/#primaryimage\"},\"image\":{\"@id\":\"https:\\\/\\\/www.rassegnastampa-totustuus.it\\\/cattolica\\\/il-louvre-non-vale-una-messa\\\/#primaryimage\"},\"thumbnailUrl\":\"https:\\\/\\\/www.rassegnastampa-totustuus.it\\\/cattolica\\\/wp-content\\\/uploads\\\/2009\\\/11\\\/museo.jpg\",\"datePublished\":\"2009-11-25T23:00:00+00:00\",\"dateModified\":\"2016-02-07T18:51:45+00:00\",\"description\":\"Rassegna Stampa Cattolica - Per una cultura che nasce dalla Rivelazione cristiana in conformit\u00e0 alla tradizione e al Magistero della Chiesa in opposizione ad ogni relativismo e totalitarismo\",\"breadcrumb\":{\"@id\":\"https:\\\/\\\/www.rassegnastampa-totustuus.it\\\/cattolica\\\/il-louvre-non-vale-una-messa\\\/#breadcrumb\"},\"inLanguage\":\"it-IT\",\"potentialAction\":[{\"@type\":\"ReadAction\",\"target\":[\"https:\\\/\\\/www.rassegnastampa-totustuus.it\\\/cattolica\\\/il-louvre-non-vale-una-messa\\\/\"]}]},{\"@type\":\"ImageObject\",\"inLanguage\":\"it-IT\",\"@id\":\"https:\\\/\\\/www.rassegnastampa-totustuus.it\\\/cattolica\\\/il-louvre-non-vale-una-messa\\\/#primaryimage\",\"url\":\"https:\\\/\\\/www.rassegnastampa-totustuus.it\\\/cattolica\\\/wp-content\\\/uploads\\\/2009\\\/11\\\/museo.jpg\",\"contentUrl\":\"https:\\\/\\\/www.rassegnastampa-totustuus.it\\\/cattolica\\\/wp-content\\\/uploads\\\/2009\\\/11\\\/museo.jpg\",\"width\":275,\"height\":183},{\"@type\":\"BreadcrumbList\",\"@id\":\"https:\\\/\\\/www.rassegnastampa-totustuus.it\\\/cattolica\\\/il-louvre-non-vale-una-messa\\\/#breadcrumb\",\"itemListElement\":[{\"@type\":\"ListItem\",\"position\":1,\"name\":\"Home\",\"item\":\"https:\\\/\\\/www.rassegnastampa-totustuus.it\\\/cattolica\\\/\"},{\"@type\":\"ListItem\",\"position\":2,\"name\":\"Il Louvre non vale una messa\"}]},{\"@type\":\"WebSite\",\"@id\":\"https:\\\/\\\/www.rassegnastampa-totustuus.it\\\/cattolica\\\/#website\",\"url\":\"https:\\\/\\\/www.rassegnastampa-totustuus.it\\\/cattolica\\\/\",\"name\":\"Rassegna Stampa Cattolica\",\"description\":\"Per una cultura che nasce dalla Rivelazione cristiana in conformit\u00e0 alla tradizione e al Magistero della Chiesa in opposizione ad ogni relativismo e totalitarismo\",\"publisher\":{\"@id\":\"https:\\\/\\\/www.rassegnastampa-totustuus.it\\\/cattolica\\\/#organization\"},\"alternateName\":\"Rass. Cattolica\",\"potentialAction\":[{\"@type\":\"SearchAction\",\"target\":{\"@type\":\"EntryPoint\",\"urlTemplate\":\"https:\\\/\\\/www.rassegnastampa-totustuus.it\\\/cattolica\\\/?s={search_term_string}\"},\"query-input\":{\"@type\":\"PropertyValueSpecification\",\"valueRequired\":true,\"valueName\":\"search_term_string\"}}],\"inLanguage\":\"it-IT\"},{\"@type\":\"Organization\",\"@id\":\"https:\\\/\\\/www.rassegnastampa-totustuus.it\\\/cattolica\\\/#organization\",\"name\":\"Rassegna Stampa Cattolica\",\"url\":\"https:\\\/\\\/www.rassegnastampa-totustuus.it\\\/cattolica\\\/\",\"logo\":{\"@type\":\"ImageObject\",\"inLanguage\":\"it-IT\",\"@id\":\"https:\\\/\\\/www.rassegnastampa-totustuus.it\\\/cattolica\\\/#\\\/schema\\\/logo\\\/image\\\/\",\"url\":\"https:\\\/\\\/www.rassegnastampa-totustuus.it\\\/cattolica\\\/wp-content\\\/uploads\\\/2014\\\/04\\\/logo-rassegna1.gif\",\"contentUrl\":\"https:\\\/\\\/www.rassegnastampa-totustuus.it\\\/cattolica\\\/wp-content\\\/uploads\\\/2014\\\/04\\\/logo-rassegna1.gif\",\"width\":600,\"height\":163,\"caption\":\"Rassegna Stampa Cattolica\"},\"image\":{\"@id\":\"https:\\\/\\\/www.rassegnastampa-totustuus.it\\\/cattolica\\\/#\\\/schema\\\/logo\\\/image\\\/\"},\"sameAs\":[\"https:\\\/\\\/www.facebook.com\\\/rassegnastampacattolica\",\"https:\\\/\\\/x.com\\\/rassegnastampa9\"]},{\"@type\":\"Person\",\"@id\":\"https:\\\/\\\/www.rassegnastampa-totustuus.it\\\/cattolica\\\/#\\\/schema\\\/person\\\/08f319d2bd1a0904ad9e2bfb7b15e5c3\",\"name\":\"Redazione\",\"image\":{\"@type\":\"ImageObject\",\"inLanguage\":\"it-IT\",\"@id\":\"https:\\\/\\\/secure.gravatar.com\\\/avatar\\\/2fcdf27c78ea025fbdb44e914cc63c72249ffec9dc8aafd5c82b26240ef3f346?s=96&d=mm&r=g\",\"url\":\"https:\\\/\\\/secure.gravatar.com\\\/avatar\\\/2fcdf27c78ea025fbdb44e914cc63c72249ffec9dc8aafd5c82b26240ef3f346?s=96&d=mm&r=g\",\"contentUrl\":\"https:\\\/\\\/secure.gravatar.com\\\/avatar\\\/2fcdf27c78ea025fbdb44e914cc63c72249ffec9dc8aafd5c82b26240ef3f346?s=96&d=mm&r=g\",\"caption\":\"Redazione\"},\"url\":\"https:\\\/\\\/www.rassegnastampa-totustuus.it\\\/cattolica\\\/author\\\/pietroelle\\\/\"}]}<\/script>\n<!-- \/ Yoast SEO plugin. -->","yoast_head_json":{"title":"Il Louvre non vale una messa - Rassegna Stampa Cattolica","description":"Rassegna Stampa Cattolica - Per una cultura che nasce dalla Rivelazione cristiana in conformit\u00e0 alla tradizione e al Magistero della Chiesa in opposizione ad ogni relativismo e totalitarismo","robots":{"index":"index","follow":"follow","max-snippet":"max-snippet:-1","max-image-preview":"max-image-preview:large","max-video-preview":"max-video-preview:-1"},"canonical":"https:\/\/www.rassegnastampa-totustuus.it\/cattolica\/il-louvre-non-vale-una-messa\/","og_locale":"it_IT","og_type":"article","og_title":"Il Louvre non vale una messa - Rassegna Stampa Cattolica","og_description":"Rassegna Stampa Cattolica - Per una cultura che nasce dalla Rivelazione cristiana in conformit\u00e0 alla tradizione e al Magistero della Chiesa in opposizione ad ogni relativismo e totalitarismo","og_url":"https:\/\/www.rassegnastampa-totustuus.it\/cattolica\/il-louvre-non-vale-una-messa\/","og_site_name":"Rassegna Stampa Cattolica","article_publisher":"https:\/\/www.facebook.com\/rassegnastampacattolica","article_published_time":"2009-11-25T23:00:00+00:00","article_modified_time":"2016-02-07T18:51:45+00:00","og_image":[{"width":275,"height":183,"url":"https:\/\/www.rassegnastampa-totustuus.it\/cattolica\/wp-content\/uploads\/2009\/11\/museo.jpg","type":"image\/jpeg"}],"author":"Redazione","twitter_card":"summary_large_image","twitter_creator":"@rassegnastampa9","twitter_site":"@rassegnastampa9","twitter_misc":{"Scritto da":"Redazione","Tempo di lettura stimato":"4 minuti"},"schema":{"@context":"https:\/\/schema.org","@graph":[{"@type":"Article","@id":"https:\/\/www.rassegnastampa-totustuus.it\/cattolica\/il-louvre-non-vale-una-messa\/#article","isPartOf":{"@id":"https:\/\/www.rassegnastampa-totustuus.it\/cattolica\/il-louvre-non-vale-una-messa\/"},"author":{"name":"Redazione","@id":"https:\/\/www.rassegnastampa-totustuus.it\/cattolica\/#\/schema\/person\/08f319d2bd1a0904ad9e2bfb7b15e5c3"},"headline":"Il Louvre non vale una messa","datePublished":"2009-11-25T23:00:00+00:00","dateModified":"2016-02-07T18:51:45+00:00","mainEntityOfPage":{"@id":"https:\/\/www.rassegnastampa-totustuus.it\/cattolica\/il-louvre-non-vale-una-messa\/"},"wordCount":885,"publisher":{"@id":"https:\/\/www.rassegnastampa-totustuus.it\/cattolica\/#organization"},"image":{"@id":"https:\/\/www.rassegnastampa-totustuus.it\/cattolica\/il-louvre-non-vale-una-messa\/#primaryimage"},"thumbnailUrl":"https:\/\/www.rassegnastampa-totustuus.it\/cattolica\/wp-content\/uploads\/2009\/11\/museo.jpg","keywords":["arte sacra"],"articleSection":["Arte sacra","Chiesa"],"inLanguage":"it-IT"},{"@type":"WebPage","@id":"https:\/\/www.rassegnastampa-totustuus.it\/cattolica\/il-louvre-non-vale-una-messa\/","url":"https:\/\/www.rassegnastampa-totustuus.it\/cattolica\/il-louvre-non-vale-una-messa\/","name":"Il Louvre non vale una messa - Rassegna Stampa Cattolica","isPartOf":{"@id":"https:\/\/www.rassegnastampa-totustuus.it\/cattolica\/#website"},"primaryImageOfPage":{"@id":"https:\/\/www.rassegnastampa-totustuus.it\/cattolica\/il-louvre-non-vale-una-messa\/#primaryimage"},"image":{"@id":"https:\/\/www.rassegnastampa-totustuus.it\/cattolica\/il-louvre-non-vale-una-messa\/#primaryimage"},"thumbnailUrl":"https:\/\/www.rassegnastampa-totustuus.it\/cattolica\/wp-content\/uploads\/2009\/11\/museo.jpg","datePublished":"2009-11-25T23:00:00+00:00","dateModified":"2016-02-07T18:51:45+00:00","description":"Rassegna Stampa Cattolica - Per una cultura che nasce dalla Rivelazione cristiana in conformit\u00e0 alla tradizione e al Magistero della Chiesa in opposizione ad ogni relativismo e totalitarismo","breadcrumb":{"@id":"https:\/\/www.rassegnastampa-totustuus.it\/cattolica\/il-louvre-non-vale-una-messa\/#breadcrumb"},"inLanguage":"it-IT","potentialAction":[{"@type":"ReadAction","target":["https:\/\/www.rassegnastampa-totustuus.it\/cattolica\/il-louvre-non-vale-una-messa\/"]}]},{"@type":"ImageObject","inLanguage":"it-IT","@id":"https:\/\/www.rassegnastampa-totustuus.it\/cattolica\/il-louvre-non-vale-una-messa\/#primaryimage","url":"https:\/\/www.rassegnastampa-totustuus.it\/cattolica\/wp-content\/uploads\/2009\/11\/museo.jpg","contentUrl":"https:\/\/www.rassegnastampa-totustuus.it\/cattolica\/wp-content\/uploads\/2009\/11\/museo.jpg","width":275,"height":183},{"@type":"BreadcrumbList","@id":"https:\/\/www.rassegnastampa-totustuus.it\/cattolica\/il-louvre-non-vale-una-messa\/#breadcrumb","itemListElement":[{"@type":"ListItem","position":1,"name":"Home","item":"https:\/\/www.rassegnastampa-totustuus.it\/cattolica\/"},{"@type":"ListItem","position":2,"name":"Il Louvre non vale una messa"}]},{"@type":"WebSite","@id":"https:\/\/www.rassegnastampa-totustuus.it\/cattolica\/#website","url":"https:\/\/www.rassegnastampa-totustuus.it\/cattolica\/","name":"Rassegna Stampa Cattolica","description":"Per una cultura che nasce dalla Rivelazione cristiana in conformit\u00e0 alla tradizione e al Magistero della Chiesa in opposizione ad ogni relativismo e totalitarismo","publisher":{"@id":"https:\/\/www.rassegnastampa-totustuus.it\/cattolica\/#organization"},"alternateName":"Rass. Cattolica","potentialAction":[{"@type":"SearchAction","target":{"@type":"EntryPoint","urlTemplate":"https:\/\/www.rassegnastampa-totustuus.it\/cattolica\/?s={search_term_string}"},"query-input":{"@type":"PropertyValueSpecification","valueRequired":true,"valueName":"search_term_string"}}],"inLanguage":"it-IT"},{"@type":"Organization","@id":"https:\/\/www.rassegnastampa-totustuus.it\/cattolica\/#organization","name":"Rassegna Stampa Cattolica","url":"https:\/\/www.rassegnastampa-totustuus.it\/cattolica\/","logo":{"@type":"ImageObject","inLanguage":"it-IT","@id":"https:\/\/www.rassegnastampa-totustuus.it\/cattolica\/#\/schema\/logo\/image\/","url":"https:\/\/www.rassegnastampa-totustuus.it\/cattolica\/wp-content\/uploads\/2014\/04\/logo-rassegna1.gif","contentUrl":"https:\/\/www.rassegnastampa-totustuus.it\/cattolica\/wp-content\/uploads\/2014\/04\/logo-rassegna1.gif","width":600,"height":163,"caption":"Rassegna Stampa Cattolica"},"image":{"@id":"https:\/\/www.rassegnastampa-totustuus.it\/cattolica\/#\/schema\/logo\/image\/"},"sameAs":["https:\/\/www.facebook.com\/rassegnastampacattolica","https:\/\/x.com\/rassegnastampa9"]},{"@type":"Person","@id":"https:\/\/www.rassegnastampa-totustuus.it\/cattolica\/#\/schema\/person\/08f319d2bd1a0904ad9e2bfb7b15e5c3","name":"Redazione","image":{"@type":"ImageObject","inLanguage":"it-IT","@id":"https:\/\/secure.gravatar.com\/avatar\/2fcdf27c78ea025fbdb44e914cc63c72249ffec9dc8aafd5c82b26240ef3f346?s=96&d=mm&r=g","url":"https:\/\/secure.gravatar.com\/avatar\/2fcdf27c78ea025fbdb44e914cc63c72249ffec9dc8aafd5c82b26240ef3f346?s=96&d=mm&r=g","contentUrl":"https:\/\/secure.gravatar.com\/avatar\/2fcdf27c78ea025fbdb44e914cc63c72249ffec9dc8aafd5c82b26240ef3f346?s=96&d=mm&r=g","caption":"Redazione"},"url":"https:\/\/www.rassegnastampa-totustuus.it\/cattolica\/author\/pietroelle\/"}]}},"_links":{"self":[{"href":"https:\/\/www.rassegnastampa-totustuus.it\/cattolica\/wp-json\/wp\/v2\/posts\/3573","targetHints":{"allow":["GET"]}}],"collection":[{"href":"https:\/\/www.rassegnastampa-totustuus.it\/cattolica\/wp-json\/wp\/v2\/posts"}],"about":[{"href":"https:\/\/www.rassegnastampa-totustuus.it\/cattolica\/wp-json\/wp\/v2\/types\/post"}],"author":[{"embeddable":true,"href":"https:\/\/www.rassegnastampa-totustuus.it\/cattolica\/wp-json\/wp\/v2\/users\/6"}],"replies":[{"embeddable":true,"href":"https:\/\/www.rassegnastampa-totustuus.it\/cattolica\/wp-json\/wp\/v2\/comments?post=3573"}],"version-history":[{"count":4,"href":"https:\/\/www.rassegnastampa-totustuus.it\/cattolica\/wp-json\/wp\/v2\/posts\/3573\/revisions"}],"predecessor-version":[{"id":30544,"href":"https:\/\/www.rassegnastampa-totustuus.it\/cattolica\/wp-json\/wp\/v2\/posts\/3573\/revisions\/30544"}],"wp:featuredmedia":[{"embeddable":true,"href":"https:\/\/www.rassegnastampa-totustuus.it\/cattolica\/wp-json\/wp\/v2\/media\/30543"}],"wp:attachment":[{"href":"https:\/\/www.rassegnastampa-totustuus.it\/cattolica\/wp-json\/wp\/v2\/media?parent=3573"}],"wp:term":[{"taxonomy":"category","embeddable":true,"href":"https:\/\/www.rassegnastampa-totustuus.it\/cattolica\/wp-json\/wp\/v2\/categories?post=3573"},{"taxonomy":"post_tag","embeddable":true,"href":"https:\/\/www.rassegnastampa-totustuus.it\/cattolica\/wp-json\/wp\/v2\/tags?post=3573"}],"curies":[{"name":"wp","href":"https:\/\/api.w.org\/{rel}","templated":true}]}}