{"id":357,"date":"2005-02-09T14:04:44","date_gmt":"2005-02-09T13:04:44","guid":{"rendered":""},"modified":"2025-07-08T14:31:33","modified_gmt":"2025-07-08T12:31:33","slug":"i-nemici-dello-sviluppo","status":"publish","type":"post","link":"https:\/\/www.rassegnastampa-totustuus.it\/cattolica\/i-nemici-dello-sviluppo\/","title":{"rendered":"I nemici dello sviluppo"},"content":{"rendered":"\n<p class=\"has-text-align-center\"><a href=\"http:\/\/www.svipop.org\/\" target=\"_blank\" rel=\"noreferrer noopener\"><strong>SVIPOP<\/strong> <\/a>17 Gennaio 2005\u00a0 Editoriale<\/p>\n\n\n\n<p><em>Parlare di \u201criscaldamento globale\u201d e di \u201cmano dell\u2019uomo\u201d nel senso dei cambiamenti climatici non \u00e8 solo una fesseria scientifica (lo dimostriamo con l\u2019articolo su <a href=\"https:\/\/www.rassegnastampa-totustuus.it\/cattolica\/?p=337\" target=\"_blank\" rel=\"noopener noreferrer\">WWF e barriere coralline<\/a>), \u00e8 una volgarissima azione di propaganda per promuovere interessi particolari, come quelli degli ecologisti e degli anti-natalisti<\/em><\/p>\n\n\n<div class=\"wp-block-image\">\n<figure class=\"aligncenter size-full is-resized\"><a href=\"https:\/\/www.rassegnastampa-totustuus.it\/cattolica\/wp-content\/uploads\/2005\/02\/assoc_ambiente.jpg\"><img loading=\"lazy\" decoding=\"async\" width=\"251\" height=\"201\" src=\"https:\/\/www.rassegnastampa-totustuus.it\/cattolica\/wp-content\/uploads\/2005\/02\/assoc_ambiente.jpg\" alt=\"\" class=\"wp-image-30514\" style=\"width:283px;height:auto\"\/><\/a><\/figure><\/div>\n\n\n<!--more-->\n\n\n\n<p>Le emergenze sono diventate ormai da anni il pretesto preferito per lanciare allarmi su future, peggiori, catastrofi: allarmi che hanno lo scopo di creare emozioni e perci\u00f2 consenso politico nonch\u00e9 cospicue offerte economiche, su cui gli allarmisti campano beatamente. Ma le emergenze sono anche una palestra di acrobazie scientifiche con invenzione di dati, accostamenti spericolati di statistiche che non hanno alcuna relazione, diffusione di ipotesi o di tesi discusse come se fossero la verit\u00e0 assoluta.<\/p>\n\n\n\n<p>In questi giorni sono due i casi \u2013 di cui parliamo in questo numero &#8211; che si sono prestati a questi esercizi: il primo \u00e8 locale, ovvero l\u2019inquinamento atmosferico e i provvedimenti di restrizione del traffico automobilistico; il secondo ha avuto rilievo internazionale, ed \u00e8 il disastroso maremoto che ha colpito il Sud Est Asiatico e lambito l\u2019Africa orientale. I due fatti, che appaiono cos\u00ec lontani, sono in realt\u00e0 vicinissimi per quel che riguarda il crearsi di una mentalit\u00e0 comune.<\/p>\n\n\n\n<p>Proviamo a spiegare: nel primo caso si \u00e8 cercato di far passare ancora una volta il fenomeno dell\u2019inquinamento atmosferico come in via di grave peggioramento (vedi ad esempio il delirante commento di Giovanni Sartori sul Corriere della Sera del 16 gennaio), quando i dati oggettivi dimostrano che \u00e8 vero esattamente il contrario.<\/p>\n\n\n\n<p>Lo smog nelle grandi citt\u00e0 \u00e8 un fatto che nessuno nega, ma diminuisce con l\u2019aumentare dello sviluppo: negli ultimi 40 anni, dice un rapporto dell\u2019OCSE, l\u2019inquinamento atmosferico nei Paesi industrializzato \u00e8 diminuito in media del 70%. I dati diffusi dall\u2019ARPA (Agenzia Regionale per la Protezione dell\u2019Ambiente) della Lombardia lo scorso ottobre confermano questi dati, e ci\u00f2 malgrado l\u2019aumento dei fattori inquinanti (popolazione, traffico e cos\u00ec via). La lezione evidente \u00e8 che la soluzione sta in un maggiore sviluppo e non nella \u201ccrescita zero\u201d, come vorrebbero gli ecologisti, che infatti puntano a punire gli automobilisti.<\/p>\n\n\n\n<p>Nel caso dello tsunami abbiamo potuto constatare come il pesantissimo bilancio di vite umane sia stato dovuto solo in parte all\u2019evento naturale, ma molto di pi\u00f9 alla mancanza della esistente tecnologia che avrebbe permesso di individuare la direzione dell\u2019onda e avvertire la popolazione in pochissimi minuti.<\/p>\n\n\n\n<p>La precariet\u00e0 delle abitazioni nei Paesi colpiti ha fatto il resto: non c\u2019\u00e8 dubbio che se un evento di pari intensit\u00e0 avesse colpito le coste giapponesi o americane il risultato sarebbe stato molto diverso. Siamo cio\u00e8 di fronte a un altro dramma del sottosviluppo. Parlare di \u201criscaldamento globale\u201d e di \u201cmano dell\u2019uomo\u201d nel senso dei cambiamenti climatici non \u00e8 solo una fesseria scientifica (lo dimostriamo con l\u2019articolo su<a href=\"https:\/\/www.rassegnastampa-totustuus.it\/cattolica\/?p=337\" target=\"_blank\" rel=\"noopener noreferrer\"> WWF e barriere coralline<\/a>), \u00e8 una volgarissima azione di propaganda per promuovere interessi particolari, come quelli degli ecologisti e degli anti-natalisti (vedi l\u2019articolo \u201cGli amici dello Tsunami\u201d).<\/p>\n\n\n\n<p>Non a caso il Fondo dell\u2019ONU per la Popolazione (UNFPA) ne ha subito approfittato per promuovere aborto e contraccezione nei Paesi colpiti. E qui viene fuori il delicato tema degli aiuti, ovvero della loro gestione. Perch\u00e9 c\u2019\u00e8 il rischio evidente che i fondi donati con tanta generosit\u00e0 dai cittadini di tutto il mondo non vadano \u2013 almeno in parte \u2013 per favorire lo sviluppo dei Paesi poveri, quanto per eliminare i poveri tout court. E questo con il consenso dell\u2019opinione pubblica convinta a colpi di menzogne ambientaliste e anti-economiche.<\/p>\n\n\n\n<p>E\u2019 importante perci\u00f2 che nel rispondere generosamente alle necessit\u00e0 delle vittime dello tsunami sappiamo individuare quelle associazioni di volontariato che lavorano nella giusta direzione, cos\u00ec come nel rispondere ai problemi delle nostre citt\u00e0 sappiamo isolare coloro che vogliono bloccare lo sviluppo spianandoci cos\u00ec la strada verso la povert\u00e0 globale.<\/p>\n","protected":false},"excerpt":{"rendered":"<p>SVIPOP 17 Gennaio 2005\u00a0 Editoriale Parlare di \u201criscaldamento globale\u201d e di \u201cmano dell\u2019uomo\u201d nel senso dei cambiamenti climatici non \u00e8 solo una fesseria scientifica (lo dimostriamo con l\u2019articolo su WWF e barriere coralline), \u00e8 una volgarissima azione di propaganda per promuovere interessi particolari, come quelli degli ecologisti e degli anti-natalisti<\/p><p><a class=\"more-link btn\" href=\"https:\/\/www.rassegnastampa-totustuus.it\/cattolica\/i-nemici-dello-sviluppo\/\">Continua a leggere<\/a><\/p>\n","protected":false},"author":6,"featured_media":30514,"comment_status":"closed","ping_status":"open","sticky":false,"template":"","format":"standard","meta":{"footnotes":""},"categories":[3],"tags":[498],"class_list":["post-357","post","type-post","status-publish","format-standard","has-post-thumbnail","hentry","category-ambientalismo","tag-global-warming","item-wrap"],"yoast_head":"<!-- This site is optimized with the Yoast SEO plugin v27.5 - https:\/\/yoast.com\/product\/yoast-seo-wordpress\/ -->\n<title>I nemici dello sviluppo - Rassegna Stampa Cattolica<\/title>\n<meta name=\"description\" content=\"I nemici dello sviluppo. Il \u201criscaldamento globale\u201d causato dall&#039;uomo non \u00e8 solo una fesseria scientifica ma volgare propaganda\" \/>\n<meta name=\"robots\" content=\"index, follow, max-snippet:-1, max-image-preview:large, max-video-preview:-1\" \/>\n<link rel=\"canonical\" href=\"https:\/\/www.rassegnastampa-totustuus.it\/cattolica\/i-nemici-dello-sviluppo\/\" \/>\n<meta property=\"og:locale\" content=\"it_IT\" \/>\n<meta property=\"og:type\" content=\"article\" \/>\n<meta property=\"og:title\" content=\"I nemici dello sviluppo - Rassegna Stampa Cattolica\" \/>\n<meta property=\"og:description\" content=\"I nemici dello sviluppo. Il \u201criscaldamento globale\u201d causato dall&#039;uomo non \u00e8 solo una fesseria scientifica ma volgare propaganda\" \/>\n<meta property=\"og:url\" content=\"https:\/\/www.rassegnastampa-totustuus.it\/cattolica\/i-nemici-dello-sviluppo\/\" \/>\n<meta property=\"og:site_name\" content=\"Rassegna Stampa Cattolica\" \/>\n<meta property=\"article:publisher\" content=\"https:\/\/www.facebook.com\/rassegnastampacattolica\" \/>\n<meta property=\"article:published_time\" content=\"2005-02-09T13:04:44+00:00\" \/>\n<meta property=\"article:modified_time\" content=\"2025-07-08T12:31:33+00:00\" \/>\n<meta property=\"og:image\" content=\"https:\/\/www.rassegnastampa-totustuus.it\/cattolica\/wp-content\/uploads\/2005\/02\/assoc_ambiente.jpg\" \/>\n\t<meta property=\"og:image:width\" content=\"251\" \/>\n\t<meta property=\"og:image:height\" content=\"201\" \/>\n\t<meta property=\"og:image:type\" content=\"image\/jpeg\" \/>\n<meta name=\"author\" content=\"Redazione\" \/>\n<meta name=\"twitter:card\" content=\"summary_large_image\" \/>\n<meta name=\"twitter:creator\" content=\"@rassegnastampa9\" \/>\n<meta name=\"twitter:site\" content=\"@rassegnastampa9\" \/>\n<meta name=\"twitter:label1\" content=\"Scritto da\" \/>\n\t<meta name=\"twitter:data1\" content=\"Redazione\" \/>\n\t<meta name=\"twitter:label2\" content=\"Tempo di lettura stimato\" \/>\n\t<meta name=\"twitter:data2\" content=\"4 minuti\" \/>\n<script type=\"application\/ld+json\" class=\"yoast-schema-graph\">{\"@context\":\"https:\\\/\\\/schema.org\",\"@graph\":[{\"@type\":\"Article\",\"@id\":\"https:\\\/\\\/www.rassegnastampa-totustuus.it\\\/cattolica\\\/i-nemici-dello-sviluppo\\\/#article\",\"isPartOf\":{\"@id\":\"https:\\\/\\\/www.rassegnastampa-totustuus.it\\\/cattolica\\\/i-nemici-dello-sviluppo\\\/\"},\"author\":{\"name\":\"Redazione\",\"@id\":\"https:\\\/\\\/www.rassegnastampa-totustuus.it\\\/cattolica\\\/#\\\/schema\\\/person\\\/08f319d2bd1a0904ad9e2bfb7b15e5c3\"},\"headline\":\"I nemici dello sviluppo\",\"datePublished\":\"2005-02-09T13:04:44+00:00\",\"dateModified\":\"2025-07-08T12:31:33+00:00\",\"mainEntityOfPage\":{\"@id\":\"https:\\\/\\\/www.rassegnastampa-totustuus.it\\\/cattolica\\\/i-nemici-dello-sviluppo\\\/\"},\"wordCount\":633,\"publisher\":{\"@id\":\"https:\\\/\\\/www.rassegnastampa-totustuus.it\\\/cattolica\\\/#organization\"},\"image\":{\"@id\":\"https:\\\/\\\/www.rassegnastampa-totustuus.it\\\/cattolica\\\/i-nemici-dello-sviluppo\\\/#primaryimage\"},\"thumbnailUrl\":\"https:\\\/\\\/www.rassegnastampa-totustuus.it\\\/cattolica\\\/wp-content\\\/uploads\\\/2005\\\/02\\\/assoc_ambiente.jpg\",\"keywords\":[\"global warming\"],\"articleSection\":[\"Ambientalismo\"],\"inLanguage\":\"it-IT\"},{\"@type\":\"WebPage\",\"@id\":\"https:\\\/\\\/www.rassegnastampa-totustuus.it\\\/cattolica\\\/i-nemici-dello-sviluppo\\\/\",\"url\":\"https:\\\/\\\/www.rassegnastampa-totustuus.it\\\/cattolica\\\/i-nemici-dello-sviluppo\\\/\",\"name\":\"I nemici dello sviluppo - Rassegna Stampa Cattolica\",\"isPartOf\":{\"@id\":\"https:\\\/\\\/www.rassegnastampa-totustuus.it\\\/cattolica\\\/#website\"},\"primaryImageOfPage\":{\"@id\":\"https:\\\/\\\/www.rassegnastampa-totustuus.it\\\/cattolica\\\/i-nemici-dello-sviluppo\\\/#primaryimage\"},\"image\":{\"@id\":\"https:\\\/\\\/www.rassegnastampa-totustuus.it\\\/cattolica\\\/i-nemici-dello-sviluppo\\\/#primaryimage\"},\"thumbnailUrl\":\"https:\\\/\\\/www.rassegnastampa-totustuus.it\\\/cattolica\\\/wp-content\\\/uploads\\\/2005\\\/02\\\/assoc_ambiente.jpg\",\"datePublished\":\"2005-02-09T13:04:44+00:00\",\"dateModified\":\"2025-07-08T12:31:33+00:00\",\"description\":\"I nemici dello sviluppo. Il \u201criscaldamento globale\u201d causato dall'uomo non \u00e8 solo una fesseria scientifica ma volgare propaganda\",\"breadcrumb\":{\"@id\":\"https:\\\/\\\/www.rassegnastampa-totustuus.it\\\/cattolica\\\/i-nemici-dello-sviluppo\\\/#breadcrumb\"},\"inLanguage\":\"it-IT\",\"potentialAction\":[{\"@type\":\"ReadAction\",\"target\":[\"https:\\\/\\\/www.rassegnastampa-totustuus.it\\\/cattolica\\\/i-nemici-dello-sviluppo\\\/\"]}]},{\"@type\":\"ImageObject\",\"inLanguage\":\"it-IT\",\"@id\":\"https:\\\/\\\/www.rassegnastampa-totustuus.it\\\/cattolica\\\/i-nemici-dello-sviluppo\\\/#primaryimage\",\"url\":\"https:\\\/\\\/www.rassegnastampa-totustuus.it\\\/cattolica\\\/wp-content\\\/uploads\\\/2005\\\/02\\\/assoc_ambiente.jpg\",\"contentUrl\":\"https:\\\/\\\/www.rassegnastampa-totustuus.it\\\/cattolica\\\/wp-content\\\/uploads\\\/2005\\\/02\\\/assoc_ambiente.jpg\",\"width\":251,\"height\":201},{\"@type\":\"BreadcrumbList\",\"@id\":\"https:\\\/\\\/www.rassegnastampa-totustuus.it\\\/cattolica\\\/i-nemici-dello-sviluppo\\\/#breadcrumb\",\"itemListElement\":[{\"@type\":\"ListItem\",\"position\":1,\"name\":\"Home\",\"item\":\"https:\\\/\\\/www.rassegnastampa-totustuus.it\\\/cattolica\\\/\"},{\"@type\":\"ListItem\",\"position\":2,\"name\":\"I nemici dello sviluppo\"}]},{\"@type\":\"WebSite\",\"@id\":\"https:\\\/\\\/www.rassegnastampa-totustuus.it\\\/cattolica\\\/#website\",\"url\":\"https:\\\/\\\/www.rassegnastampa-totustuus.it\\\/cattolica\\\/\",\"name\":\"Rassegna Stampa Cattolica\",\"description\":\"Per una cultura che nasce dalla Rivelazione cristiana in conformit\u00e0 alla tradizione e al Magistero della Chiesa in opposizione ad ogni relativismo e totalitarismo\",\"publisher\":{\"@id\":\"https:\\\/\\\/www.rassegnastampa-totustuus.it\\\/cattolica\\\/#organization\"},\"alternateName\":\"Rass. Cattolica\",\"potentialAction\":[{\"@type\":\"SearchAction\",\"target\":{\"@type\":\"EntryPoint\",\"urlTemplate\":\"https:\\\/\\\/www.rassegnastampa-totustuus.it\\\/cattolica\\\/?s={search_term_string}\"},\"query-input\":{\"@type\":\"PropertyValueSpecification\",\"valueRequired\":true,\"valueName\":\"search_term_string\"}}],\"inLanguage\":\"it-IT\"},{\"@type\":\"Organization\",\"@id\":\"https:\\\/\\\/www.rassegnastampa-totustuus.it\\\/cattolica\\\/#organization\",\"name\":\"Rassegna Stampa Cattolica\",\"url\":\"https:\\\/\\\/www.rassegnastampa-totustuus.it\\\/cattolica\\\/\",\"logo\":{\"@type\":\"ImageObject\",\"inLanguage\":\"it-IT\",\"@id\":\"https:\\\/\\\/www.rassegnastampa-totustuus.it\\\/cattolica\\\/#\\\/schema\\\/logo\\\/image\\\/\",\"url\":\"https:\\\/\\\/www.rassegnastampa-totustuus.it\\\/cattolica\\\/wp-content\\\/uploads\\\/2014\\\/04\\\/logo-rassegna1.gif\",\"contentUrl\":\"https:\\\/\\\/www.rassegnastampa-totustuus.it\\\/cattolica\\\/wp-content\\\/uploads\\\/2014\\\/04\\\/logo-rassegna1.gif\",\"width\":600,\"height\":163,\"caption\":\"Rassegna Stampa Cattolica\"},\"image\":{\"@id\":\"https:\\\/\\\/www.rassegnastampa-totustuus.it\\\/cattolica\\\/#\\\/schema\\\/logo\\\/image\\\/\"},\"sameAs\":[\"https:\\\/\\\/www.facebook.com\\\/rassegnastampacattolica\",\"https:\\\/\\\/x.com\\\/rassegnastampa9\"]},{\"@type\":\"Person\",\"@id\":\"https:\\\/\\\/www.rassegnastampa-totustuus.it\\\/cattolica\\\/#\\\/schema\\\/person\\\/08f319d2bd1a0904ad9e2bfb7b15e5c3\",\"name\":\"Redazione\",\"image\":{\"@type\":\"ImageObject\",\"inLanguage\":\"it-IT\",\"@id\":\"https:\\\/\\\/secure.gravatar.com\\\/avatar\\\/2fcdf27c78ea025fbdb44e914cc63c72249ffec9dc8aafd5c82b26240ef3f346?s=96&d=mm&r=g\",\"url\":\"https:\\\/\\\/secure.gravatar.com\\\/avatar\\\/2fcdf27c78ea025fbdb44e914cc63c72249ffec9dc8aafd5c82b26240ef3f346?s=96&d=mm&r=g\",\"contentUrl\":\"https:\\\/\\\/secure.gravatar.com\\\/avatar\\\/2fcdf27c78ea025fbdb44e914cc63c72249ffec9dc8aafd5c82b26240ef3f346?s=96&d=mm&r=g\",\"caption\":\"Redazione\"},\"url\":\"https:\\\/\\\/www.rassegnastampa-totustuus.it\\\/cattolica\\\/author\\\/pietroelle\\\/\"}]}<\/script>\n<!-- \/ Yoast SEO plugin. -->","yoast_head_json":{"title":"I nemici dello sviluppo - Rassegna Stampa Cattolica","description":"I nemici dello sviluppo. Il \u201criscaldamento globale\u201d causato dall'uomo non \u00e8 solo una fesseria scientifica ma volgare propaganda","robots":{"index":"index","follow":"follow","max-snippet":"max-snippet:-1","max-image-preview":"max-image-preview:large","max-video-preview":"max-video-preview:-1"},"canonical":"https:\/\/www.rassegnastampa-totustuus.it\/cattolica\/i-nemici-dello-sviluppo\/","og_locale":"it_IT","og_type":"article","og_title":"I nemici dello sviluppo - Rassegna Stampa Cattolica","og_description":"I nemici dello sviluppo. Il \u201criscaldamento globale\u201d causato dall'uomo non \u00e8 solo una fesseria scientifica ma volgare propaganda","og_url":"https:\/\/www.rassegnastampa-totustuus.it\/cattolica\/i-nemici-dello-sviluppo\/","og_site_name":"Rassegna Stampa Cattolica","article_publisher":"https:\/\/www.facebook.com\/rassegnastampacattolica","article_published_time":"2005-02-09T13:04:44+00:00","article_modified_time":"2025-07-08T12:31:33+00:00","og_image":[{"width":251,"height":201,"url":"https:\/\/www.rassegnastampa-totustuus.it\/cattolica\/wp-content\/uploads\/2005\/02\/assoc_ambiente.jpg","type":"image\/jpeg"}],"author":"Redazione","twitter_card":"summary_large_image","twitter_creator":"@rassegnastampa9","twitter_site":"@rassegnastampa9","twitter_misc":{"Scritto da":"Redazione","Tempo di lettura stimato":"4 minuti"},"schema":{"@context":"https:\/\/schema.org","@graph":[{"@type":"Article","@id":"https:\/\/www.rassegnastampa-totustuus.it\/cattolica\/i-nemici-dello-sviluppo\/#article","isPartOf":{"@id":"https:\/\/www.rassegnastampa-totustuus.it\/cattolica\/i-nemici-dello-sviluppo\/"},"author":{"name":"Redazione","@id":"https:\/\/www.rassegnastampa-totustuus.it\/cattolica\/#\/schema\/person\/08f319d2bd1a0904ad9e2bfb7b15e5c3"},"headline":"I nemici dello sviluppo","datePublished":"2005-02-09T13:04:44+00:00","dateModified":"2025-07-08T12:31:33+00:00","mainEntityOfPage":{"@id":"https:\/\/www.rassegnastampa-totustuus.it\/cattolica\/i-nemici-dello-sviluppo\/"},"wordCount":633,"publisher":{"@id":"https:\/\/www.rassegnastampa-totustuus.it\/cattolica\/#organization"},"image":{"@id":"https:\/\/www.rassegnastampa-totustuus.it\/cattolica\/i-nemici-dello-sviluppo\/#primaryimage"},"thumbnailUrl":"https:\/\/www.rassegnastampa-totustuus.it\/cattolica\/wp-content\/uploads\/2005\/02\/assoc_ambiente.jpg","keywords":["global warming"],"articleSection":["Ambientalismo"],"inLanguage":"it-IT"},{"@type":"WebPage","@id":"https:\/\/www.rassegnastampa-totustuus.it\/cattolica\/i-nemici-dello-sviluppo\/","url":"https:\/\/www.rassegnastampa-totustuus.it\/cattolica\/i-nemici-dello-sviluppo\/","name":"I nemici dello sviluppo - Rassegna Stampa Cattolica","isPartOf":{"@id":"https:\/\/www.rassegnastampa-totustuus.it\/cattolica\/#website"},"primaryImageOfPage":{"@id":"https:\/\/www.rassegnastampa-totustuus.it\/cattolica\/i-nemici-dello-sviluppo\/#primaryimage"},"image":{"@id":"https:\/\/www.rassegnastampa-totustuus.it\/cattolica\/i-nemici-dello-sviluppo\/#primaryimage"},"thumbnailUrl":"https:\/\/www.rassegnastampa-totustuus.it\/cattolica\/wp-content\/uploads\/2005\/02\/assoc_ambiente.jpg","datePublished":"2005-02-09T13:04:44+00:00","dateModified":"2025-07-08T12:31:33+00:00","description":"I nemici dello sviluppo. Il \u201criscaldamento globale\u201d causato dall'uomo non \u00e8 solo una fesseria scientifica ma volgare propaganda","breadcrumb":{"@id":"https:\/\/www.rassegnastampa-totustuus.it\/cattolica\/i-nemici-dello-sviluppo\/#breadcrumb"},"inLanguage":"it-IT","potentialAction":[{"@type":"ReadAction","target":["https:\/\/www.rassegnastampa-totustuus.it\/cattolica\/i-nemici-dello-sviluppo\/"]}]},{"@type":"ImageObject","inLanguage":"it-IT","@id":"https:\/\/www.rassegnastampa-totustuus.it\/cattolica\/i-nemici-dello-sviluppo\/#primaryimage","url":"https:\/\/www.rassegnastampa-totustuus.it\/cattolica\/wp-content\/uploads\/2005\/02\/assoc_ambiente.jpg","contentUrl":"https:\/\/www.rassegnastampa-totustuus.it\/cattolica\/wp-content\/uploads\/2005\/02\/assoc_ambiente.jpg","width":251,"height":201},{"@type":"BreadcrumbList","@id":"https:\/\/www.rassegnastampa-totustuus.it\/cattolica\/i-nemici-dello-sviluppo\/#breadcrumb","itemListElement":[{"@type":"ListItem","position":1,"name":"Home","item":"https:\/\/www.rassegnastampa-totustuus.it\/cattolica\/"},{"@type":"ListItem","position":2,"name":"I nemici dello sviluppo"}]},{"@type":"WebSite","@id":"https:\/\/www.rassegnastampa-totustuus.it\/cattolica\/#website","url":"https:\/\/www.rassegnastampa-totustuus.it\/cattolica\/","name":"Rassegna Stampa Cattolica","description":"Per una cultura che nasce dalla Rivelazione cristiana in conformit\u00e0 alla tradizione e al Magistero della Chiesa in opposizione ad ogni relativismo e totalitarismo","publisher":{"@id":"https:\/\/www.rassegnastampa-totustuus.it\/cattolica\/#organization"},"alternateName":"Rass. Cattolica","potentialAction":[{"@type":"SearchAction","target":{"@type":"EntryPoint","urlTemplate":"https:\/\/www.rassegnastampa-totustuus.it\/cattolica\/?s={search_term_string}"},"query-input":{"@type":"PropertyValueSpecification","valueRequired":true,"valueName":"search_term_string"}}],"inLanguage":"it-IT"},{"@type":"Organization","@id":"https:\/\/www.rassegnastampa-totustuus.it\/cattolica\/#organization","name":"Rassegna Stampa Cattolica","url":"https:\/\/www.rassegnastampa-totustuus.it\/cattolica\/","logo":{"@type":"ImageObject","inLanguage":"it-IT","@id":"https:\/\/www.rassegnastampa-totustuus.it\/cattolica\/#\/schema\/logo\/image\/","url":"https:\/\/www.rassegnastampa-totustuus.it\/cattolica\/wp-content\/uploads\/2014\/04\/logo-rassegna1.gif","contentUrl":"https:\/\/www.rassegnastampa-totustuus.it\/cattolica\/wp-content\/uploads\/2014\/04\/logo-rassegna1.gif","width":600,"height":163,"caption":"Rassegna Stampa Cattolica"},"image":{"@id":"https:\/\/www.rassegnastampa-totustuus.it\/cattolica\/#\/schema\/logo\/image\/"},"sameAs":["https:\/\/www.facebook.com\/rassegnastampacattolica","https:\/\/x.com\/rassegnastampa9"]},{"@type":"Person","@id":"https:\/\/www.rassegnastampa-totustuus.it\/cattolica\/#\/schema\/person\/08f319d2bd1a0904ad9e2bfb7b15e5c3","name":"Redazione","image":{"@type":"ImageObject","inLanguage":"it-IT","@id":"https:\/\/secure.gravatar.com\/avatar\/2fcdf27c78ea025fbdb44e914cc63c72249ffec9dc8aafd5c82b26240ef3f346?s=96&d=mm&r=g","url":"https:\/\/secure.gravatar.com\/avatar\/2fcdf27c78ea025fbdb44e914cc63c72249ffec9dc8aafd5c82b26240ef3f346?s=96&d=mm&r=g","contentUrl":"https:\/\/secure.gravatar.com\/avatar\/2fcdf27c78ea025fbdb44e914cc63c72249ffec9dc8aafd5c82b26240ef3f346?s=96&d=mm&r=g","caption":"Redazione"},"url":"https:\/\/www.rassegnastampa-totustuus.it\/cattolica\/author\/pietroelle\/"}]}},"_links":{"self":[{"href":"https:\/\/www.rassegnastampa-totustuus.it\/cattolica\/wp-json\/wp\/v2\/posts\/357","targetHints":{"allow":["GET"]}}],"collection":[{"href":"https:\/\/www.rassegnastampa-totustuus.it\/cattolica\/wp-json\/wp\/v2\/posts"}],"about":[{"href":"https:\/\/www.rassegnastampa-totustuus.it\/cattolica\/wp-json\/wp\/v2\/types\/post"}],"author":[{"embeddable":true,"href":"https:\/\/www.rassegnastampa-totustuus.it\/cattolica\/wp-json\/wp\/v2\/users\/6"}],"replies":[{"embeddable":true,"href":"https:\/\/www.rassegnastampa-totustuus.it\/cattolica\/wp-json\/wp\/v2\/comments?post=357"}],"version-history":[{"count":6,"href":"https:\/\/www.rassegnastampa-totustuus.it\/cattolica\/wp-json\/wp\/v2\/posts\/357\/revisions"}],"predecessor-version":[{"id":63057,"href":"https:\/\/www.rassegnastampa-totustuus.it\/cattolica\/wp-json\/wp\/v2\/posts\/357\/revisions\/63057"}],"wp:featuredmedia":[{"embeddable":true,"href":"https:\/\/www.rassegnastampa-totustuus.it\/cattolica\/wp-json\/wp\/v2\/media\/30514"}],"wp:attachment":[{"href":"https:\/\/www.rassegnastampa-totustuus.it\/cattolica\/wp-json\/wp\/v2\/media?parent=357"}],"wp:term":[{"taxonomy":"category","embeddable":true,"href":"https:\/\/www.rassegnastampa-totustuus.it\/cattolica\/wp-json\/wp\/v2\/categories?post=357"},{"taxonomy":"post_tag","embeddable":true,"href":"https:\/\/www.rassegnastampa-totustuus.it\/cattolica\/wp-json\/wp\/v2\/tags?post=357"}],"curies":[{"name":"wp","href":"https:\/\/api.w.org\/{rel}","templated":true}]}}